{"id":33803,"date":"2016-06-01T01:45:28","date_gmt":"2016-06-01T04:45:28","guid":{"rendered":"https:\/\/www.jornalja.com.br\/?p=33803"},"modified":"2016-06-01T01:45:28","modified_gmt":"2016-06-01T04:45:28","slug":"carta-aberta-de-professores-universitarios-e-pesquisadores-contra-extincao-do-mda","status":"publish","type":"post","link":"https:\/\/www.jornalja.com.br\/arquivo\/carta-aberta-de-professores-universitarios-e-pesquisadores-contra-extincao-do-mda\/","title":{"rendered":"Carta Aberta de Professores Universit\u00e1rios e Pesquisadores contra a Extin\u00e7\u00e3o do MDA"},"content":{"rendered":"<p>N\u00f3s, pesquisadores de diversas institui\u00e7\u00f5es de ensino e pesquisa, que nos dedicamos aos estudos sobre o meio rural brasileiro nas suas dimens\u00f5es econ\u00f4mica, social, pol\u00edtica, cultural e ambiental, manifestamos a nossa preocupa\u00e7\u00e3o com as recentes mudan\u00e7as institucionais observadas no setor agr\u00edcola e agr\u00e1rio do Brasil a partir das primeiras iniciativas do governo interino de Michel Temer. Entre elas est\u00e1 o fim do Minist\u00e9rio do Desenvolvimento Agr\u00e1rio (MDA), com suas fun\u00e7\u00f5es agora divididas entre a Casa Civil da Presid\u00eancia da Rep\u00fablica e o Minist\u00e9rio de Desenvolvimento Social e Agr\u00e1rio. O novo desenho institucional, com a cria\u00e7\u00e3o de secretarias sem status de minist\u00e9rios, fragiliza a estrutura operacional das pol\u00edticas p\u00fablicas, minimiza a import\u00e2ncia da agricultura familiar e coloca em\u00a0risco as pol\u00edticas diferenciadas de desenvolvimento rural, seguran\u00e7a alimentar, acesso \u00e0 terra, est\u00edmulo \u00e0 autonomia de povos e comunidades tradicionais e de\u00a0povos ind\u00edgenas, e de apoio aos assentamentos rurais.<br \/>\nDesde a cria\u00e7\u00e3o do MDA, em 1999, foi aberto um espa\u00e7o importante para elabora\u00e7\u00e3o de pol\u00edticas p\u00fablicas para esses grupos e um canal institucional voltado para a discuss\u00e3o de suas demandas.\u00a0A cria\u00e7\u00e3o do Minist\u00e9rio teve um importante peso pol\u00edtico e simb\u00f3lico, e representou o reconhecimento pelo Estado brasileiro da import\u00e2ncia e da pluralidade dos\u00a04.366.267\u00a0estabelecimentos agropecu\u00e1rios familiares identificados no Censo Agropecu\u00e1rio de 2006\u00a0(84,36% do total).\u00a0Apesar de ser dotado com relativamente poucos recursos or\u00e7ament\u00e1rios, o MDA foi fundamental na implementa\u00e7\u00e3o de pol\u00edticas p\u00fablicas inovadoras de desenvolvimento rural.\u00a0Destacamos a\u00a0amplia\u00e7\u00e3o e diversifica\u00e7\u00e3o das linhas\u00a0do Programa Nacional de Fortalecimento da Agricultura Familiar, criado em 1996, e a viabiliza\u00e7\u00e3o da participa\u00e7\u00e3o social nas negocia\u00e7\u00f5es internacionais relacionadas aos temas da agricultura familiar, da reforma agr\u00e1ria e da pol\u00edtica de desenvolvimento agr\u00e1rio.\u00a0Al\u00e9m disso, tiveram origem no MDA o Programa de Desenvolvimento Sustent\u00e1vel dos Territ\u00f3rios Rurais (2003), o Programa Nacional de Documenta\u00e7\u00e3o da Trabalhadora Rural (2004),\u00a0o Programa Organiza\u00e7\u00e3o Produtiva de Mulheres Rurais (2008), o\u00a0Programa Territ\u00f3rios da Cidadania (2008) e a\u00a0Pol\u00edtica Nacional de Agroecologia e Produ\u00e7\u00e3o Org\u00e2nica (2013), entre outras. A exist\u00eancia desse Minist\u00e9rio foi ainda decisiva na implementa\u00e7\u00e3o do Programa Um Milh\u00e3o de Cisternas (2003), na amplia\u00e7\u00e3o do Programa de Aquisi\u00e7\u00e3o de Alimentos (2003) e no fortalecimento do Programa Nacional de Alimenta\u00e7\u00e3o Escolar (2009),\u00a0entre tantos outros. N\u00e3o podemos deixar de mencionar que o MDA teve contribui\u00e7\u00e3o fundamental, tamb\u00e9m, na institucionaliza\u00e7\u00e3o do Conselho Nacional de Desenvolvimento Rural Sustent\u00e1vel (CONDRAF) e engajamento decisivo na atua\u00e7\u00e3o do Conselho Nacional de Seguran\u00e7a Alimentar e Nutricional (CONSEA) nos \u00faltimos anos.<br \/>\nEntendemos que esses e outros programas s\u00e3o um importante pilar das medidas de redistribui\u00e7\u00e3o de renda, de redu\u00e7\u00e3o da desigualdade social e de combate \u00e0 pobreza implementadas no pa\u00eds nos \u00faltimos anos que, pelos resultados significativos que apresentaram no que tange \u00e0 inclus\u00e3o social, tornaram as pol\u00edticas p\u00fablicas brasileiras refer\u00eancias internacionais. Ademais, promoveram avan\u00e7os no desenvolvimento rural, na garantia da\u00a0soberania e seguran\u00e7a alimentar e nutricional\u00a0e no atendimento das demandas dos grupos do meio rural historicamente exclu\u00eddos da cidadania.<br \/>\nFrente a esses fatos, manifestamo-nos contra a extin\u00e7\u00e3o do MDA, como espa\u00e7o essencial para a manuten\u00e7\u00e3o de pol\u00edticas diferenciadas para a agricultura familiar em toda a sua diversidade, para povos ind\u00edgenas e para povos e comunidades tradicionais.<br \/>\n<a href=\"http:\/\/www.change.org\/p\/gabinetepessoal-presidencia-gov-br-carta-aberta-de-professores-universit%C3%A1rios-e-pesquisadores-contra-a-extin%C3%A7%C3%A3o-do-mda\" target=\"_blank\" rel=\"noopener noreferrer\">Clique aqui para assinar.<\/a><\/p>\n<div class=\"box\" style=\"width: 100%;float: left;background-color: #e6eff5;margin-top: 20px;margin-bottom: 15px;padding:15px\">\n<div><b>Este abaixo-assinado ser\u00e1 entregue para:<\/b><\/div>\n<ul>\n<li><b>Presidente da Rep\u00fablica Interino<\/b><br \/>\nExcelent\u00edssimo Senhor Presidente da Rep\u00fablica Interino Michel Temer<\/li>\n<li><b>Presidente Interino da C\u00e2mara dos Deputados<\/b><br \/>\nExcelent\u00edssimo Senhor Presidente Interino da C\u00e2mara dos Deputados Waldir Maranh\u00e3o<\/li>\n<li><b>Presidente do Senado Federal<\/b><br \/>\nExcelent\u00edssimo Senhor Presidente do Senado Federal Renan Calheiros<\/li>\n<\/ul>\n<\/div>\n","protected":false},"excerpt":{"rendered":"<p>N\u00f3s, pesquisadores de diversas institui\u00e7\u00f5es de ensino e pesquisa, que nos dedicamos aos estudos sobre o meio rural brasileiro nas suas dimens\u00f5es econ\u00f4mica, social, pol\u00edtica, cultural e ambiental, manifestamos a nossa preocupa\u00e7\u00e3o com as recentes mudan\u00e7as institucionais observadas no setor agr\u00edcola e agr\u00e1rio do Brasil a partir das primeiras iniciativas do governo interino de Michel [&hellip;]<\/p>\n","protected":false},"author":4,"featured_media":33805,"comment_status":"open","ping_status":"closed","sticky":false,"template":"","format":"standard","meta":{"_jetpack_newsletter_access":"","_jetpack_dont_email_post_to_subs":false,"_jetpack_newsletter_tier_id":0,"_jetpack_memberships_contains_paywalled_content":false,"_jetpack_feature_clip_id":0,"_jetpack_memberships_contains_paid_content":false,"footnotes":"","jetpack_post_was_ever_published":false},"categories":[2013],"tags":[],"class_list":["post-33803","post","type-post","status-publish","format-standard","has-post-thumbnail","hentry","category-cdd-mural"],"aioseo_notices":[],"aioseo_head":"\n\t\t<!-- All in One SEO 5.0.1.1 - aioseo.com -->\n\t<meta name=\"robots\" content=\"max-image-preview:large\" \/>\n\t<meta name=\"author\" content=\"da Reda\u00e7\u00e3o\"\/>\n\t<link rel=\"canonical\" href=\"https:\/\/www.jornalja.com.br\/arquivo\/carta-aberta-de-professores-universitarios-e-pesquisadores-contra-extincao-do-mda\/\" \/>\n\t<meta name=\"generator\" content=\"All in One SEO (AIOSEO) 5.0.1.1\" \/>\n\t\t<meta property=\"og:locale\" content=\"pt_BR\" \/>\n\t\t<meta property=\"og:site_name\" content=\"Arquivo | Jornal J\u00c1 | Porto Alegre\" \/>\n\t\t<meta property=\"og:type\" content=\"article\" \/>\n\t\t<meta property=\"og:title\" content=\"Carta Aberta de Professores Universit\u00e1rios e Pesquisadores contra a Extin\u00e7\u00e3o do MDA | Arquivo\" \/>\n\t\t<meta property=\"og:url\" content=\"https:\/\/www.jornalja.com.br\/arquivo\/carta-aberta-de-professores-universitarios-e-pesquisadores-contra-extincao-do-mda\/\" \/>\n\t\t<meta property=\"og:image\" content=\"https:\/\/www.jornalja.com.br\/economics\/wp-content\/uploads\/sites\/11\/2026\/08\/ja-folhaderosto-facebook.jpg\" \/>\n\t\t<meta property=\"og:image:secure_url\" content=\"https:\/\/www.jornalja.com.br\/economics\/wp-content\/uploads\/sites\/11\/2026\/08\/ja-folhaderosto-facebook.jpg\" \/>\n\t\t<meta property=\"article:published_time\" content=\"2016-06-01T04:45:28+00:00\" \/>\n\t\t<meta property=\"article:modified_time\" content=\"2016-06-01T04:45:28+00:00\" \/>\n\t\t<meta name=\"twitter:card\" content=\"summary\" \/>\n\t\t<meta name=\"twitter:title\" content=\"Carta Aberta de Professores Universit\u00e1rios e Pesquisadores contra a Extin\u00e7\u00e3o do MDA | Arquivo\" \/>\n\t\t<meta name=\"twitter:image\" content=\"https:\/\/www.jornalja.com.br\/economics\/wp-content\/uploads\/sites\/11\/2026\/08\/ja-folhaderosto-facebook.jpg\" \/>\n\t\t<script type=\"application\/ld+json\" class=\"aioseo-schema\">\n\t\t\t{\"@context\":\"https:\\\/\\\/schema.org\",\"@graph\":[{\"@type\":\"BlogPosting\",\"@id\":\"https:\\\/\\\/www.jornalja.com.br\\\/arquivo\\\/carta-aberta-de-professores-universitarios-e-pesquisadores-contra-extincao-do-mda\\\/#blogposting\",\"name\":\"Carta Aberta de Professores Universit\\u00e1rios e Pesquisadores contra a Extin\\u00e7\\u00e3o do MDA | Arquivo\",\"headline\":\"Carta Aberta de Professores Universit\\u00e1rios e Pesquisadores contra a Extin\\u00e7\\u00e3o do MDA\",\"author\":{\"@id\":\"https:\\\/\\\/www.jornalja.com.br\\\/arquivo\\\/author\\\/daredacao\\\/#author\"},\"publisher\":{\"@id\":\"https:\\\/\\\/www.jornalja.com.br\\\/arquivo\\\/#organization\"},\"image\":{\"@type\":\"ImageObject\",\"url\":33805},\"datePublished\":\"2016-06-01T01:45:28-03:00\",\"dateModified\":\"2016-06-01T01:45:28-03:00\",\"inLanguage\":\"pt-BR\",\"mainEntityOfPage\":{\"@id\":\"https:\\\/\\\/www.jornalja.com.br\\\/arquivo\\\/carta-aberta-de-professores-universitarios-e-pesquisadores-contra-extincao-do-mda\\\/#webpage\"},\"isPartOf\":{\"@id\":\"https:\\\/\\\/www.jornalja.com.br\\\/arquivo\\\/carta-aberta-de-professores-universitarios-e-pesquisadores-contra-extincao-do-mda\\\/#webpage\"},\"articleSection\":\"CDD-MURAL\"},{\"@type\":\"BreadcrumbList\",\"@id\":\"https:\\\/\\\/www.jornalja.com.br\\\/arquivo\\\/carta-aberta-de-professores-universitarios-e-pesquisadores-contra-extincao-do-mda\\\/#breadcrumblist\",\"itemListElement\":[{\"@type\":\"ListItem\",\"@id\":\"https:\\\/\\\/www.jornalja.com.br\\\/arquivo#listItem\",\"position\":1,\"name\":\"Home\",\"item\":\"https:\\\/\\\/www.jornalja.com.br\\\/arquivo\",\"nextItem\":{\"@type\":\"ListItem\",\"@id\":\"https:\\\/\\\/www.jornalja.com.br\\\/arquivo\\\/category\\\/cdd-mural\\\/#listItem\",\"name\":\"CDD-MURAL\"}},{\"@type\":\"ListItem\",\"@id\":\"https:\\\/\\\/www.jornalja.com.br\\\/arquivo\\\/category\\\/cdd-mural\\\/#listItem\",\"position\":2,\"name\":\"CDD-MURAL\",\"item\":\"https:\\\/\\\/www.jornalja.com.br\\\/arquivo\\\/category\\\/cdd-mural\\\/\",\"nextItem\":{\"@type\":\"ListItem\",\"@id\":\"https:\\\/\\\/www.jornalja.com.br\\\/arquivo\\\/carta-aberta-de-professores-universitarios-e-pesquisadores-contra-extincao-do-mda\\\/#listItem\",\"name\":\"Carta Aberta de Professores Universit\\u00e1rios e Pesquisadores contra a Extin\\u00e7\\u00e3o do MDA\"},\"previousItem\":{\"@type\":\"ListItem\",\"@id\":\"https:\\\/\\\/www.jornalja.com.br\\\/arquivo#listItem\",\"name\":\"Home\"}},{\"@type\":\"ListItem\",\"@id\":\"https:\\\/\\\/www.jornalja.com.br\\\/arquivo\\\/carta-aberta-de-professores-universitarios-e-pesquisadores-contra-extincao-do-mda\\\/#listItem\",\"position\":3,\"name\":\"Carta Aberta de Professores Universit\\u00e1rios e Pesquisadores contra a Extin\\u00e7\\u00e3o do MDA\",\"previousItem\":{\"@type\":\"ListItem\",\"@id\":\"https:\\\/\\\/www.jornalja.com.br\\\/arquivo\\\/category\\\/cdd-mural\\\/#listItem\",\"name\":\"CDD-MURAL\"}}]},{\"@type\":\"Organization\",\"@id\":\"https:\\\/\\\/www.jornalja.com.br\\\/arquivo\\\/#organization\",\"name\":\"Jornal J\\u00c1\",\"description\":\"Jornal J\\u00c1 | Porto Alegre\",\"url\":\"https:\\\/\\\/www.jornalja.com.br\\\/arquivo\\\/\",\"telephone\":\"+555133307272\",\"logo\":{\"@type\":\"ImageObject\",\"url\":\"https:\\\/\\\/www.jornalja.com.br\\\/wp-content\\\/uploads\\\/cards\\\/JAslogan.png\",\"@id\":\"https:\\\/\\\/www.jornalja.com.br\\\/arquivo\\\/carta-aberta-de-professores-universitarios-e-pesquisadores-contra-extincao-do-mda\\\/#organizationLogo\"},\"image\":{\"@id\":\"https:\\\/\\\/www.jornalja.com.br\\\/arquivo\\\/carta-aberta-de-professores-universitarios-e-pesquisadores-contra-extincao-do-mda\\\/#organizationLogo\"}},{\"@type\":\"Person\",\"@id\":\"https:\\\/\\\/www.jornalja.com.br\\\/arquivo\\\/author\\\/daredacao\\\/#author\",\"url\":\"https:\\\/\\\/www.jornalja.com.br\\\/arquivo\\\/author\\\/daredacao\\\/\",\"name\":\"da Reda\\u00e7\\u00e3o\",\"image\":{\"@type\":\"ImageObject\",\"@id\":\"https:\\\/\\\/www.jornalja.com.br\\\/arquivo\\\/carta-aberta-de-professores-universitarios-e-pesquisadores-contra-extincao-do-mda\\\/#authorImage\",\"url\":\"https:\\\/\\\/secure.gravatar.com\\\/avatar\\\/469fd857d6605ad19919d27ed29d35a968a25f6e8fd9318356bbb7f57aae9c65?s=96&d=mm&r=g\",\"width\":96,\"height\":96,\"caption\":\"da Reda\\u00e7\\u00e3o\"}},{\"@type\":\"WebPage\",\"@id\":\"https:\\\/\\\/www.jornalja.com.br\\\/arquivo\\\/carta-aberta-de-professores-universitarios-e-pesquisadores-contra-extincao-do-mda\\\/#webpage\",\"url\":\"https:\\\/\\\/www.jornalja.com.br\\\/arquivo\\\/carta-aberta-de-professores-universitarios-e-pesquisadores-contra-extincao-do-mda\\\/\",\"name\":\"Carta Aberta de Professores Universit\\u00e1rios e Pesquisadores contra a Extin\\u00e7\\u00e3o do MDA | Arquivo\",\"inLanguage\":\"pt-BR\",\"isPartOf\":{\"@id\":\"https:\\\/\\\/www.jornalja.com.br\\\/arquivo\\\/#website\"},\"breadcrumb\":{\"@id\":\"https:\\\/\\\/www.jornalja.com.br\\\/arquivo\\\/carta-aberta-de-professores-universitarios-e-pesquisadores-contra-extincao-do-mda\\\/#breadcrumblist\"},\"author\":{\"@id\":\"https:\\\/\\\/www.jornalja.com.br\\\/arquivo\\\/author\\\/daredacao\\\/#author\"},\"creator\":{\"@id\":\"https:\\\/\\\/www.jornalja.com.br\\\/arquivo\\\/author\\\/daredacao\\\/#author\"},\"image\":{\"@type\":\"ImageObject\",\"url\":33805,\"@id\":\"https:\\\/\\\/www.jornalja.com.br\\\/arquivo\\\/carta-aberta-de-professores-universitarios-e-pesquisadores-contra-extincao-do-mda\\\/#mainImage\"},\"primaryImageOfPage\":{\"@id\":\"https:\\\/\\\/www.jornalja.com.br\\\/arquivo\\\/carta-aberta-de-professores-universitarios-e-pesquisadores-contra-extincao-do-mda\\\/#mainImage\"},\"datePublished\":\"2016-06-01T01:45:28-03:00\",\"dateModified\":\"2016-06-01T01:45:28-03:00\"},{\"@type\":\"WebSite\",\"@id\":\"https:\\\/\\\/www.jornalja.com.br\\\/arquivo\\\/#website\",\"url\":\"https:\\\/\\\/www.jornalja.com.br\\\/arquivo\\\/\",\"name\":\"Arquivo\",\"description\":\"Jornal J\\u00c1 | Porto Alegre\",\"inLanguage\":\"pt-BR\",\"publisher\":{\"@id\":\"https:\\\/\\\/www.jornalja.com.br\\\/arquivo\\\/#organization\"}}]}\n\t\t<\/script>\n\t\t<!-- All in One SEO -->\n\n","aioseo_head_json":{"title":"Carta Aberta de Professores Universit\u00e1rios e Pesquisadores contra a Extin\u00e7\u00e3o do MDA | Arquivo","description":"","canonical_url":"https:\/\/www.jornalja.com.br\/arquivo\/carta-aberta-de-professores-universitarios-e-pesquisadores-contra-extincao-do-mda\/","robots":"max-image-preview:large","keywords":"","webmasterTools":{"miscellaneous":""},"schema":{"@context":"https:\/\/schema.org","@graph":[{"@type":"BlogPosting","@id":"https:\/\/www.jornalja.com.br\/arquivo\/carta-aberta-de-professores-universitarios-e-pesquisadores-contra-extincao-do-mda\/#blogposting","name":"Carta Aberta de Professores Universit\u00e1rios e Pesquisadores contra a Extin\u00e7\u00e3o do MDA | Arquivo","headline":"Carta Aberta de Professores Universit\u00e1rios e Pesquisadores contra a Extin\u00e7\u00e3o do MDA","author":{"@id":"https:\/\/www.jornalja.com.br\/arquivo\/author\/daredacao\/#author"},"publisher":{"@id":"https:\/\/www.jornalja.com.br\/arquivo\/#organization"},"image":{"@type":"ImageObject","url":33805},"datePublished":"2016-06-01T01:45:28-03:00","dateModified":"2016-06-01T01:45:28-03:00","inLanguage":"pt-BR","mainEntityOfPage":{"@id":"https:\/\/www.jornalja.com.br\/arquivo\/carta-aberta-de-professores-universitarios-e-pesquisadores-contra-extincao-do-mda\/#webpage"},"isPartOf":{"@id":"https:\/\/www.jornalja.com.br\/arquivo\/carta-aberta-de-professores-universitarios-e-pesquisadores-contra-extincao-do-mda\/#webpage"},"articleSection":"CDD-MURAL"},{"@type":"BreadcrumbList","@id":"https:\/\/www.jornalja.com.br\/arquivo\/carta-aberta-de-professores-universitarios-e-pesquisadores-contra-extincao-do-mda\/#breadcrumblist","itemListElement":[{"@type":"ListItem","@id":"https:\/\/www.jornalja.com.br\/arquivo#listItem","position":1,"name":"Home","item":"https:\/\/www.jornalja.com.br\/arquivo","nextItem":{"@type":"ListItem","@id":"https:\/\/www.jornalja.com.br\/arquivo\/category\/cdd-mural\/#listItem","name":"CDD-MURAL"}},{"@type":"ListItem","@id":"https:\/\/www.jornalja.com.br\/arquivo\/category\/cdd-mural\/#listItem","position":2,"name":"CDD-MURAL","item":"https:\/\/www.jornalja.com.br\/arquivo\/category\/cdd-mural\/","nextItem":{"@type":"ListItem","@id":"https:\/\/www.jornalja.com.br\/arquivo\/carta-aberta-de-professores-universitarios-e-pesquisadores-contra-extincao-do-mda\/#listItem","name":"Carta Aberta de Professores Universit\u00e1rios e Pesquisadores contra a Extin\u00e7\u00e3o do MDA"},"previousItem":{"@type":"ListItem","@id":"https:\/\/www.jornalja.com.br\/arquivo#listItem","name":"Home"}},{"@type":"ListItem","@id":"https:\/\/www.jornalja.com.br\/arquivo\/carta-aberta-de-professores-universitarios-e-pesquisadores-contra-extincao-do-mda\/#listItem","position":3,"name":"Carta Aberta de Professores Universit\u00e1rios e Pesquisadores contra a Extin\u00e7\u00e3o do MDA","previousItem":{"@type":"ListItem","@id":"https:\/\/www.jornalja.com.br\/arquivo\/category\/cdd-mural\/#listItem","name":"CDD-MURAL"}}]},{"@type":"Organization","@id":"https:\/\/www.jornalja.com.br\/arquivo\/#organization","name":"Jornal J\u00c1","description":"Jornal J\u00c1 | Porto Alegre","url":"https:\/\/www.jornalja.com.br\/arquivo\/","telephone":"+555133307272","logo":{"@type":"ImageObject","url":"https:\/\/www.jornalja.com.br\/wp-content\/uploads\/cards\/JAslogan.png","@id":"https:\/\/www.jornalja.com.br\/arquivo\/carta-aberta-de-professores-universitarios-e-pesquisadores-contra-extincao-do-mda\/#organizationLogo"},"image":{"@id":"https:\/\/www.jornalja.com.br\/arquivo\/carta-aberta-de-professores-universitarios-e-pesquisadores-contra-extincao-do-mda\/#organizationLogo"}},{"@type":"Person","@id":"https:\/\/www.jornalja.com.br\/arquivo\/author\/daredacao\/#author","url":"https:\/\/www.jornalja.com.br\/arquivo\/author\/daredacao\/","name":"da Reda\u00e7\u00e3o","image":{"@type":"ImageObject","@id":"https:\/\/www.jornalja.com.br\/arquivo\/carta-aberta-de-professores-universitarios-e-pesquisadores-contra-extincao-do-mda\/#authorImage","url":"https:\/\/secure.gravatar.com\/avatar\/469fd857d6605ad19919d27ed29d35a968a25f6e8fd9318356bbb7f57aae9c65?s=96&d=mm&r=g","width":96,"height":96,"caption":"da Reda\u00e7\u00e3o"}},{"@type":"WebPage","@id":"https:\/\/www.jornalja.com.br\/arquivo\/carta-aberta-de-professores-universitarios-e-pesquisadores-contra-extincao-do-mda\/#webpage","url":"https:\/\/www.jornalja.com.br\/arquivo\/carta-aberta-de-professores-universitarios-e-pesquisadores-contra-extincao-do-mda\/","name":"Carta Aberta de Professores Universit\u00e1rios e Pesquisadores contra a Extin\u00e7\u00e3o do MDA | Arquivo","inLanguage":"pt-BR","isPartOf":{"@id":"https:\/\/www.jornalja.com.br\/arquivo\/#website"},"breadcrumb":{"@id":"https:\/\/www.jornalja.com.br\/arquivo\/carta-aberta-de-professores-universitarios-e-pesquisadores-contra-extincao-do-mda\/#breadcrumblist"},"author":{"@id":"https:\/\/www.jornalja.com.br\/arquivo\/author\/daredacao\/#author"},"creator":{"@id":"https:\/\/www.jornalja.com.br\/arquivo\/author\/daredacao\/#author"},"image":{"@type":"ImageObject","url":33805,"@id":"https:\/\/www.jornalja.com.br\/arquivo\/carta-aberta-de-professores-universitarios-e-pesquisadores-contra-extincao-do-mda\/#mainImage"},"primaryImageOfPage":{"@id":"https:\/\/www.jornalja.com.br\/arquivo\/carta-aberta-de-professores-universitarios-e-pesquisadores-contra-extincao-do-mda\/#mainImage"},"datePublished":"2016-06-01T01:45:28-03:00","dateModified":"2016-06-01T01:45:28-03:00"},{"@type":"WebSite","@id":"https:\/\/www.jornalja.com.br\/arquivo\/#website","url":"https:\/\/www.jornalja.com.br\/arquivo\/","name":"Arquivo","description":"Jornal J\u00c1 | Porto Alegre","inLanguage":"pt-BR","publisher":{"@id":"https:\/\/www.jornalja.com.br\/arquivo\/#organization"}}]},"og:locale":"pt_BR","og:site_name":"Arquivo | Jornal J\u00c1 | Porto Alegre","og:type":"article","og:title":"Carta Aberta de Professores Universit\u00e1rios e Pesquisadores contra a Extin\u00e7\u00e3o do MDA | Arquivo","og:url":"https:\/\/www.jornalja.com.br\/arquivo\/carta-aberta-de-professores-universitarios-e-pesquisadores-contra-extincao-do-mda\/","og:image":"https:\/\/www.jornalja.com.br\/economics\/wp-content\/uploads\/sites\/11\/2026\/08\/ja-folhaderosto-facebook.jpg","og:image:secure_url":"https:\/\/www.jornalja.com.br\/economics\/wp-content\/uploads\/sites\/11\/2026\/08\/ja-folhaderosto-facebook.jpg","article:published_time":"2016-06-01T04:45:28+00:00","article:modified_time":"2016-06-01T04:45:28+00:00","twitter:card":"summary","twitter:title":"Carta Aberta de Professores Universit\u00e1rios e Pesquisadores contra a Extin\u00e7\u00e3o do MDA | Arquivo","twitter:image":"https:\/\/www.jornalja.com.br\/economics\/wp-content\/uploads\/sites\/11\/2026\/08\/ja-folhaderosto-facebook.jpg"},"aioseo_meta_data":{"post_id":"33803","title":null,"description":null,"keywords":null,"keyphrases":null,"primary_term":null,"canonical_url":null,"og_title":null,"og_description":null,"og_object_type":"default","og_image_type":"default","og_image_url":null,"og_image_width":null,"og_image_height":null,"og_image_custom_url":null,"og_image_custom_fields":null,"og_video":null,"og_custom_url":null,"og_article_section":null,"og_article_tags":null,"twitter_use_og":false,"twitter_card":"default","twitter_image_type":"default","twitter_image_url":null,"twitter_image_custom_url":null,"twitter_image_custom_fields":null,"twitter_title":null,"twitter_description":null,"schema":{"blockGraphs":[],"customGraphs":[],"default":{"data":{"Article":[],"Course":[],"Dataset":[],"FAQPage":[],"Movie":[],"Person":[],"Product":[],"ProductReview":[],"Car":[],"Recipe":[],"Service":[],"SoftwareApplication":[],"WebPage":[]},"graphName":"","isEnabled":true},"graphs":[]},"schema_type":null,"schema_type_options":null,"pillar_content":false,"robots_default":true,"robots_noindex":false,"robots_noarchive":false,"robots_nosnippet":false,"robots_nofollow":false,"robots_noimageindex":false,"robots_noodp":false,"robots_notranslate":false,"robots_max_snippet":null,"robots_max_videopreview":null,"robots_max_imagepreview":"large","priority":null,"frequency":null,"location":null,"local_seo":null,"breadcrumb_settings":null,"limit_modified_date":false,"ai":null,"created":"2020-12-20 20:56:37","updated":"2025-07-19 14:04:07","seo_analyzer_scan_date":null,"focus_keyword":null,"additional_keywords":null,"truseo_locale":null},"jetpack_sharing_enabled":true,"jetpack-related-posts":[{"id":13128,"url":"https:\/\/www.jornalja.com.br\/arquivo\/maconha-terra-diz-que-uso-medicinal-e-desculpa\/","url_meta":{"origin":33803,"position":0},"title":"Maconha: Terra diz que uso medicinal \u00e9 desculpa","author":"Patr\u00edcia Marini","date":"4 de junho de 2014","format":false,"excerpt":"A condi\u00e7\u00e3o de pol\u00edtico, em \u00e9poca de campanha de campanha eleitoral, tira for\u00e7a do discurso do m\u00e9dico Osmar Terra contra a legaliza\u00e7\u00e3o da maconha. A tese dele de que a libera\u00e7\u00e3o vai ampliar exponencialmente o consumo \u00e9 discutivel, o consumo \u00e9 corrente. Mas seus alertas quanto aos riscos tem que\u2026","rel":"","context":"Em &quot;X.Categorias velhas&quot;","block_context":{"text":"X.Categorias velhas","link":"https:\/\/www.jornalja.com.br\/arquivo\/category\/x-categorias-velhas\/"},"img":{"alt_text":"","src":"","width":0,"height":0},"classes":[]},{"id":12960,"url":"https:\/\/www.jornalja.com.br\/arquivo\/populacao-culpa-empresas-pela-greve-dos-rodoviarios\/","url_meta":{"origin":33803,"position":1},"title":"Popula\u00e7\u00e3o culpa empresas pela greve","author":"Patr\u00edcia Marini","date":"14 de fevereiro de 2014","format":false,"excerpt":"Pesquisa divulgada na edi\u00e7\u00e3o do jornal Metro desta sexta-feira,14, comprova o velho ditado: \u00e9 poss\u00edvel enganar muitos por algum tempo, mas n\u00e3o \u00e9 poss\u00edvel enganar a todos o tempo inteiro. A principal revela\u00e7\u00e3o foi que 59,8% dos entrevistados apontaram as empresas como as principais respons\u00e1veis pela grave e 46% culparam\u2026","rel":"","context":"Em &quot;X.Categorias velhas&quot;","block_context":{"text":"X.Categorias velhas","link":"https:\/\/www.jornalja.com.br\/arquivo\/category\/x-categorias-velhas\/"},"img":{"alt_text":"","src":"","width":0,"height":0},"classes":[]},{"id":14241,"url":"https:\/\/www.jornalja.com.br\/arquivo\/o-guaiba-nas-imagens-poeticas-de-achutti\/","url_meta":{"origin":33803,"position":2},"title":"O Gua\u00edba nas imagens po\u00e9ticas de Achutti","author":"da Reda\u00e7\u00e3o","date":"18 de junho de 2014","format":false,"excerpt":"Em \u201cO Gua\u00edba por Achutti\u201d \u2013 obra financiada via Minist\u00e9rio da Cultura, produ\u00e7\u00e3o executiva de Pedro Longhi, e Fl\u00e1vio Wild como designer \u2013, o fot\u00f3grafo revela a beleza e as mazelas de um espa\u00e7o aqu\u00e1tico de \u00e1guas sempre renovadas, cheio de hist\u00f3rias e lendas como as das cidades que foram\u2026","rel":"","context":"Em &quot;Cultura-Geral&quot;","block_context":{"text":"Cultura-Geral","link":"https:\/\/www.jornalja.com.br\/arquivo\/category\/materiasecundaria\/"},"img":{"alt_text":"","src":"","width":0,"height":0},"classes":[]},{"id":13109,"url":"https:\/\/www.jornalja.com.br\/arquivo\/judiciario-reconhece-poluicao-eletromagnetica\/","url_meta":{"origin":33803,"position":3},"title":"Judici\u00e1rio reconhece polui\u00e7\u00e3o eletromagn\u00e9tica","author":"Patr\u00edcia Marini","date":"16 de maio de 2014","format":false,"excerpt":"A\u00e7\u00e3o de duas associa\u00e7\u00f5es de moradores foi acolhida pelo Tribunal de Justi\u00e7a de S\u00e3o Paulo que. em decis\u00e3o in\u00e9dita, determinou a redu\u00e7\u00e3o do campo eletromagn\u00e9tico gerado pelas linhas de transmiss\u00e3o de energia que cortam os bairros City Boa\u00e7ava e Alto de Pinheiros. \u00c9 a primeira vez que um tribunal do\u2026","rel":"","context":"Em &quot;X.Categorias velhas&quot;","block_context":{"text":"X.Categorias velhas","link":"https:\/\/www.jornalja.com.br\/arquivo\/category\/x-categorias-velhas\/"},"img":{"alt_text":"","src":"","width":0,"height":0},"classes":[]},{"id":13124,"url":"https:\/\/www.jornalja.com.br\/arquivo\/sangue-latino-no-iecine\/","url_meta":{"origin":33803,"position":4},"title":"Sangue latino no IECINE","author":"da Reda\u00e7\u00e3o","date":"18 de maio de 2014","format":false,"excerpt":"Francisco Ribeiro O Instituto Estadual de Cinema (IECINE) tem a frente, desde abril \u00faltimo, um novo diretor, o cineasta colombiano Juan Zapata, 36, que substitui Luiz Alberto Cassol. Radicado h\u00e1 dez anos em Porto Alegre, Zapata tem diante de si o desafio de conduzir at\u00e9 o final do ano um\u2026","rel":"","context":"Em &quot;Cultura-Geral&quot;","block_context":{"text":"Cultura-Geral","link":"https:\/\/www.jornalja.com.br\/arquivo\/category\/materiasecundaria\/"},"img":{"alt_text":"","src":"","width":0,"height":0},"classes":[]},{"id":5440,"url":"https:\/\/www.jornalja.com.br\/arquivo\/casarao-da-venancio-destino-permanece-incerto\/","url_meta":{"origin":33803,"position":5},"title":"Estado ainda n\u00e3o sabe o que fazer com casar\u00e3o abandonado h\u00e1 20 anos","author":"Elmar Bones","date":"6 de julho de 2009","format":false,"excerpt":"O casar\u00e3o amarelo, numa esquina nobre de Porto Alegre (Ven\u00e2ncio Aires com Jo\u00e3o Pessoa), j\u00e1 abrigou uma escola. H\u00e1 duas d\u00e9cadas, pelo menos, est\u00e1 abandonado, porque seu propriet\u00e1rio, o governo do Estado do Rio Grande do Sul, n\u00e3o consegue achar um destino para ele. Planos n\u00e3o faltaram. O governador Ol\u00edvio\u2026","rel":"","context":"Em &quot;X.Categorias velhas&quot;","block_context":{"text":"X.Categorias velhas","link":"https:\/\/www.jornalja.com.br\/arquivo\/category\/x-categorias-velhas\/"},"img":{"alt_text":"geraldo1","src":"https:\/\/i0.wp.com\/www.jornalja.com.br\/wp-content\/uploads\/2009\/07\/geraldo1.jpg?resize=350%2C200&ssl=1","width":350,"height":200},"classes":[]}],"jetpack_shortlink":"https:\/\/wp.me\/pbQjBd-8Nd","jetpack_featured_media_url":"","_links":{"self":[{"href":"https:\/\/www.jornalja.com.br\/arquivo\/wp-json\/wp\/v2\/posts\/33803","targetHints":{"allow":["GET"]}}],"collection":[{"href":"https:\/\/www.jornalja.com.br\/arquivo\/wp-json\/wp\/v2\/posts"}],"about":[{"href":"https:\/\/www.jornalja.com.br\/arquivo\/wp-json\/wp\/v2\/types\/post"}],"author":[{"embeddable":true,"href":"https:\/\/www.jornalja.com.br\/arquivo\/wp-json\/wp\/v2\/users\/4"}],"replies":[{"embeddable":true,"href":"https:\/\/www.jornalja.com.br\/arquivo\/wp-json\/wp\/v2\/comments?post=33803"}],"version-history":[{"count":0,"href":"https:\/\/www.jornalja.com.br\/arquivo\/wp-json\/wp\/v2\/posts\/33803\/revisions"}],"wp:attachment":[{"href":"https:\/\/www.jornalja.com.br\/arquivo\/wp-json\/wp\/v2\/media?parent=33803"}],"wp:term":[{"taxonomy":"category","embeddable":true,"href":"https:\/\/www.jornalja.com.br\/arquivo\/wp-json\/wp\/v2\/categories?post=33803"},{"taxonomy":"post_tag","embeddable":true,"href":"https:\/\/www.jornalja.com.br\/arquivo\/wp-json\/wp\/v2\/tags?post=33803"}],"curies":[{"name":"wp","href":"https:\/\/api.w.org\/{rel}","templated":true}]}}