{"id":34104,"date":"2016-06-03T11:46:06","date_gmt":"2016-06-03T14:46:06","guid":{"rendered":"https:\/\/www.jornalja.com.br\/?p=34104"},"modified":"2016-06-03T11:46:06","modified_gmt":"2016-06-03T14:46:06","slug":"combinando-com-os-russos","status":"publish","type":"post","link":"https:\/\/www.jornalja.com.br\/arquivo\/combinando-com-os-russos\/","title":{"rendered":"Combinando com os russos"},"content":{"rendered":"<p><strong>PINHEIRO DO VALE<\/strong><br \/>\nA antecipa\u00e7\u00e3o dos prazos, pela comiss\u00e3o do impeachment no Senado, vai acelerar o in\u00edcio da\u00a0segunda fase da campanha de Dilma para recuperar o seu mandato: seus estrategistas v\u00e3o antecipar\u00a0o corpo a corpo com senadores, previstos para o come\u00e7o de julho.<br \/>\nA segunda fase, que se inicia com o com\u00edcio da Esquina Democr\u00e1tica, nesta sexta-feira, em\u00a0Porto Alegre, inclui os protestos contra o golpe se ampliam e tendem a crescer e se espalhar pelo\u00a0pa\u00eds.<br \/>\nPara isto, conta-se com a crescente impopularidade do Governo Provis\u00f3rio do presidente\u00a0interino Michel Temer.<br \/>\nSem solu\u00e7\u00f5es para o desemprego crescente e a infla\u00e7\u00e3o de pre\u00e7os, o\u00a0descontentamento tende a passar dos espa\u00e7os militantes para generalidade das ruas.<br \/>\nSomente a partir dessa fase ser\u00e1 prudente a pr\u00f3pria presidente Dilma assumir a linha de frente das negocia\u00e7\u00f5es com os parlamentares eleitores do Senado Federal.<br \/>\nUma proposta de movimento t\u00e1tico \u00e9 reproduzir, em parte, a experi\u00eancia grega.<br \/>\nO primeiro\u00a0ministro Al\u00e9xis Tsipras, cargo com elei\u00e7\u00e3o direta, venceu a situa\u00e7\u00e3o conservadora em janeiro\u00a0e 2015 com um programa de aumento dos gastos p\u00fablicos, amplia\u00e7\u00e3o de benef\u00edcios sociais e\u00a0morat\u00f3ria da d\u00edvida externa.<br \/>\nO projeto n\u00e3o funcionou devido \u00e0 resist\u00eancia do sistema financeiro europeu de alargar prazos\u00a0de pagamento. Amea\u00e7ado de exclus\u00e3o da Zona do Euro o novo governo entrou em semi-colapso. Era queda iminente, nos moldes do sistema pol\u00edtico local.<br \/>\nTsipras deu um lance de grande coragem pol\u00edtica: foi para as ruas com um mea culpa, assumiu\u00a0que seu programa era inexequ\u00edvel e prop\u00f4s uma nova pol\u00edtica econ\u00f4mica diametralmente\u00a0oposta. Ningu\u00e9m esperava que ele fizesse isto.<br \/>\nCom a mesma vota\u00e7\u00e3o de janeiro, refor\u00e7ando sua legitimidade, venceu novamente em 20 de\u00a0setembro e deu a guinada que, pouco a pouco, vai tirando a Gr\u00e9cia do buraco.<br \/>\nTamb\u00e9m no\u00a0Brasil a presidente afastada pode usar seu respaldo de legitimidade para propor um novo\u00a0pacto com seu eleitorado.<br \/>\nPara isto Dilma precisa mudar, pelo menos, oito votos no plen\u00e1rio do Senado, dando, desde j\u00e1,\u00a0como perdida a batalha na comiss\u00e3o especial, esmagadoramente favor\u00e1vel ao impeachment.<br \/>\nSeu argumento principal seria a possibilidade real de com ela encontrar uma sa\u00edda para a crise\u00a0econ\u00f4mica e abrir espa\u00e7o para negocia\u00e7\u00f5es pol\u00edticas consequentes. Sua for\u00e7a real \u00e9 a\u00a0legitimidade dos 54 milh\u00f5es de votos. Isto \u00e9 ineg\u00e1vel. Tsipras \u00e9 uma prova palp\u00e1vel.<br \/>\nEm segundo, ela viria com uma nova pol\u00edtica econ\u00f4mica que, respeitando a austeridade,\u00a0aproveitando-se, tamb\u00e9m, dos avan\u00e7os no legislativo de propostas que ela apresentou, mas\u00a0foram rejeitadas.<br \/>\nApresentaria alguns fatos novos. Primeiro: Lula assumiria ostensivamente o comando pol\u00edtico.<br \/>\nCom o ex-presidente dando fian\u00e7a, a antiga base aliada poderia voltar, aceitando como\u00a0efetivos os acertos pol\u00edticos. Esta seria uma queixa removida.<br \/>\nNeste sentido, tamb\u00e9m com apoio de Lula poderia manter a equipe de Henrique Meirelles,\u00a0com as b\u00ean\u00e7\u00e3os do ex-presidente. Seria a base de credibilidade para descongelar a atividade\u00a0econ\u00f4mica.<br \/>\nTal demonstra\u00e7\u00e3o de flexibilidade seria o aval para a retomada da confian\u00e7a para\u00a0investidores, interna e externa.<br \/>\nNesse projeto de retomada do crescimento, tendo \u00eanfase as concess\u00f5es de infraestrutura e\u00a0joint ventures nas estatais, seriam um elemento poderoso para robustecer o mercado de\u00a0trabalho nos empreendimentos de engenharia pesada.<br \/>\nTamb\u00e9m seriam tomadas medidas para reativar a economia no varejo e servi\u00e7os, encorajando\u00a0pequenas ind\u00fastrias e lojistas a abrirem suas portas, chamarem de volta empregados\u00a0dispensados e assim dar um sofre no no desemprego.<br \/>\nN\u00e3o \u00e9 descartada a proposta de um lance ousado, como convoca\u00e7\u00e3o de elei\u00e7\u00f5es em curto\u00a0prazo ou de uma constituinte exclusiva para a reforma pol\u00edtica. Tamb\u00e9m nesses casos o estado\u00a0estaria sob Dilma, pois ela confere a legitimidade.<br \/>\nTanto no Pa\u00eds como no Exterior, a volta da presidente afastada seria um sinal poderoso de\u00a0normalidade constitucional, algo importante para recuperar a imagem externa abalada pelas\u00a0tropelias do golpe e a confian\u00e7a interna de seguran\u00e7a jur\u00eddica para a retomada dos neg\u00f3cios.<br \/>\nO projeto de a\u00e7\u00e3o com um desenho nesse quadro est\u00e1 sendo examinado.<br \/>\nO desafio a Dilma ser\u00e1 recompor seu relacionamento com os parlamentares, incluindo, neste\u00a0caso, uma modus vivendi com o presidente interino Michel Temer e seu PMDB. Sem o centr\u00e3o\u00a0seria imposs\u00edvel governar.<br \/>\nEla teria de, com esses movimento, comprovar que pode oferecer governabilidade. Esse \u00e9 o\u00a0ponto central, pois Temer tampouco est\u00e1 conseguindo domar as for\u00e7as centr\u00edfugas que\u00a0arrebentam o pacto da coalis\u00e3o.<br \/>\nAt\u00e9 chegar a uma reforma pol\u00edtica, o Executivo ter\u00e1 de se conformar com o multipartidarismo\u00a0em vigor.<br \/>\nA percep\u00e7\u00e3o \u00e9 que se as ruas n\u00e3o votam no Senado, elas podem ajudar a mover votos\u00a0contr\u00e1rios. Afinal, a \u00faltima pesquisa j\u00e1 apontou Dilma com 33% de apoio, um crescimento\u00a0significativo, pois quando levou o golpe n\u00e3o tinha mais de 11 por cento.<br \/>\nEnquanto isto, Temer est\u00e1 parado nos oito por cento, ou seja, 92 por cento de impopularidade.\u00a0\u00c9 um bom desenho, no entender dos estrategistas. O desafio para a presidente afastada \u00e9\u00a0conseguir combinar com os russos.<\/p>\n","protected":false},"excerpt":{"rendered":"<p>PINHEIRO DO VALE A antecipa\u00e7\u00e3o dos prazos, pela comiss\u00e3o do impeachment no Senado, vai acelerar o in\u00edcio da\u00a0segunda fase da campanha de Dilma para recuperar o seu mandato: seus estrategistas v\u00e3o antecipar\u00a0o corpo a corpo com senadores, previstos para o come\u00e7o de julho. A segunda fase, que se inicia com o com\u00edcio da Esquina Democr\u00e1tica, [&hellip;]<\/p>\n","protected":false},"author":4,"featured_media":0,"comment_status":"open","ping_status":"closed","sticky":false,"template":"","format":"standard","meta":{"_jetpack_newsletter_access":"","_jetpack_dont_email_post_to_subs":false,"_jetpack_newsletter_tier_id":0,"_jetpack_memberships_contains_paywalled_content":false,"_jetpack_feature_clip_id":0,"_jetpack_memberships_contains_paid_content":false,"footnotes":"","jetpack_post_was_ever_published":false},"categories":[10],"tags":[],"class_list":["post-34104","post","type-post","status-publish","format-standard","hentry","category-analiseopiniao"],"aioseo_notices":[],"aioseo_head":"\n\t\t<!-- All in One SEO 5.0.1.1 - aioseo.com -->\n\t<meta name=\"robots\" content=\"max-image-preview:large\" \/>\n\t<meta name=\"author\" content=\"da Reda\u00e7\u00e3o\"\/>\n\t<link rel=\"canonical\" href=\"https:\/\/www.jornalja.com.br\/arquivo\/combinando-com-os-russos\/\" \/>\n\t<meta name=\"generator\" content=\"All in One SEO (AIOSEO) 5.0.1.1\" \/>\n\t\t<meta property=\"og:locale\" content=\"pt_BR\" \/>\n\t\t<meta property=\"og:site_name\" content=\"Arquivo | Jornal J\u00c1 | Porto Alegre\" \/>\n\t\t<meta property=\"og:type\" content=\"article\" \/>\n\t\t<meta property=\"og:title\" content=\"Combinando com os russos | Arquivo\" \/>\n\t\t<meta property=\"og:url\" content=\"https:\/\/www.jornalja.com.br\/arquivo\/combinando-com-os-russos\/\" \/>\n\t\t<meta property=\"og:image\" content=\"https:\/\/www.jornalja.com.br\/economics\/wp-content\/uploads\/sites\/11\/2026\/08\/ja-folhaderosto-facebook.jpg\" \/>\n\t\t<meta property=\"og:image:secure_url\" content=\"https:\/\/www.jornalja.com.br\/economics\/wp-content\/uploads\/sites\/11\/2026\/08\/ja-folhaderosto-facebook.jpg\" \/>\n\t\t<meta property=\"article:published_time\" content=\"2016-06-03T14:46:06+00:00\" \/>\n\t\t<meta property=\"article:modified_time\" content=\"2016-06-03T14:46:06+00:00\" \/>\n\t\t<meta name=\"twitter:card\" content=\"summary\" \/>\n\t\t<meta name=\"twitter:title\" content=\"Combinando com os russos | Arquivo\" \/>\n\t\t<meta name=\"twitter:image\" content=\"https:\/\/www.jornalja.com.br\/economics\/wp-content\/uploads\/sites\/11\/2026\/08\/ja-folhaderosto-facebook.jpg\" \/>\n\t\t<script type=\"application\/ld+json\" class=\"aioseo-schema\">\n\t\t\t{\"@context\":\"https:\\\/\\\/schema.org\",\"@graph\":[{\"@type\":\"BlogPosting\",\"@id\":\"https:\\\/\\\/www.jornalja.com.br\\\/arquivo\\\/combinando-com-os-russos\\\/#blogposting\",\"name\":\"Combinando com os russos | Arquivo\",\"headline\":\"Combinando com os russos\",\"author\":{\"@id\":\"https:\\\/\\\/www.jornalja.com.br\\\/arquivo\\\/author\\\/daredacao\\\/#author\"},\"publisher\":{\"@id\":\"https:\\\/\\\/www.jornalja.com.br\\\/arquivo\\\/#organization\"},\"image\":{\"@type\":\"ImageObject\",\"url\":\"https:\\\/\\\/www.jornalja.com.br\\\/wp-content\\\/uploads\\\/cards\\\/JAslogan.png\",\"@id\":\"https:\\\/\\\/www.jornalja.com.br\\\/arquivo\\\/#articleImage\"},\"datePublished\":\"2016-06-03T11:46:06-03:00\",\"dateModified\":\"2016-06-03T11:46:06-03:00\",\"inLanguage\":\"pt-BR\",\"mainEntityOfPage\":{\"@id\":\"https:\\\/\\\/www.jornalja.com.br\\\/arquivo\\\/combinando-com-os-russos\\\/#webpage\"},\"isPartOf\":{\"@id\":\"https:\\\/\\\/www.jornalja.com.br\\\/arquivo\\\/combinando-com-os-russos\\\/#webpage\"},\"articleSection\":\"AN\\u00c1LISE&amp;OPINI\\u00c3O\"},{\"@type\":\"BreadcrumbList\",\"@id\":\"https:\\\/\\\/www.jornalja.com.br\\\/arquivo\\\/combinando-com-os-russos\\\/#breadcrumblist\",\"itemListElement\":[{\"@type\":\"ListItem\",\"@id\":\"https:\\\/\\\/www.jornalja.com.br\\\/arquivo#listItem\",\"position\":1,\"name\":\"Home\",\"item\":\"https:\\\/\\\/www.jornalja.com.br\\\/arquivo\",\"nextItem\":{\"@type\":\"ListItem\",\"@id\":\"https:\\\/\\\/www.jornalja.com.br\\\/arquivo\\\/category\\\/analiseopiniao\\\/#listItem\",\"name\":\"AN\\u00c1LISE&amp;OPINI\\u00c3O\"}},{\"@type\":\"ListItem\",\"@id\":\"https:\\\/\\\/www.jornalja.com.br\\\/arquivo\\\/category\\\/analiseopiniao\\\/#listItem\",\"position\":2,\"name\":\"AN\\u00c1LISE&amp;OPINI\\u00c3O\",\"item\":\"https:\\\/\\\/www.jornalja.com.br\\\/arquivo\\\/category\\\/analiseopiniao\\\/\",\"nextItem\":{\"@type\":\"ListItem\",\"@id\":\"https:\\\/\\\/www.jornalja.com.br\\\/arquivo\\\/combinando-com-os-russos\\\/#listItem\",\"name\":\"Combinando com os russos\"},\"previousItem\":{\"@type\":\"ListItem\",\"@id\":\"https:\\\/\\\/www.jornalja.com.br\\\/arquivo#listItem\",\"name\":\"Home\"}},{\"@type\":\"ListItem\",\"@id\":\"https:\\\/\\\/www.jornalja.com.br\\\/arquivo\\\/combinando-com-os-russos\\\/#listItem\",\"position\":3,\"name\":\"Combinando com os russos\",\"previousItem\":{\"@type\":\"ListItem\",\"@id\":\"https:\\\/\\\/www.jornalja.com.br\\\/arquivo\\\/category\\\/analiseopiniao\\\/#listItem\",\"name\":\"AN\\u00c1LISE&amp;OPINI\\u00c3O\"}}]},{\"@type\":\"Organization\",\"@id\":\"https:\\\/\\\/www.jornalja.com.br\\\/arquivo\\\/#organization\",\"name\":\"Jornal J\\u00c1\",\"description\":\"Jornal J\\u00c1 | Porto Alegre\",\"url\":\"https:\\\/\\\/www.jornalja.com.br\\\/arquivo\\\/\",\"telephone\":\"+555133307272\",\"logo\":{\"@type\":\"ImageObject\",\"url\":\"https:\\\/\\\/www.jornalja.com.br\\\/wp-content\\\/uploads\\\/cards\\\/JAslogan.png\",\"@id\":\"https:\\\/\\\/www.jornalja.com.br\\\/arquivo\\\/combinando-com-os-russos\\\/#organizationLogo\"},\"image\":{\"@id\":\"https:\\\/\\\/www.jornalja.com.br\\\/arquivo\\\/combinando-com-os-russos\\\/#organizationLogo\"}},{\"@type\":\"Person\",\"@id\":\"https:\\\/\\\/www.jornalja.com.br\\\/arquivo\\\/author\\\/daredacao\\\/#author\",\"url\":\"https:\\\/\\\/www.jornalja.com.br\\\/arquivo\\\/author\\\/daredacao\\\/\",\"name\":\"da Reda\\u00e7\\u00e3o\",\"image\":{\"@type\":\"ImageObject\",\"@id\":\"https:\\\/\\\/www.jornalja.com.br\\\/arquivo\\\/combinando-com-os-russos\\\/#authorImage\",\"url\":\"https:\\\/\\\/secure.gravatar.com\\\/avatar\\\/469fd857d6605ad19919d27ed29d35a968a25f6e8fd9318356bbb7f57aae9c65?s=96&d=mm&r=g\",\"width\":96,\"height\":96,\"caption\":\"da Reda\\u00e7\\u00e3o\"}},{\"@type\":\"WebPage\",\"@id\":\"https:\\\/\\\/www.jornalja.com.br\\\/arquivo\\\/combinando-com-os-russos\\\/#webpage\",\"url\":\"https:\\\/\\\/www.jornalja.com.br\\\/arquivo\\\/combinando-com-os-russos\\\/\",\"name\":\"Combinando com os russos | Arquivo\",\"inLanguage\":\"pt-BR\",\"isPartOf\":{\"@id\":\"https:\\\/\\\/www.jornalja.com.br\\\/arquivo\\\/#website\"},\"breadcrumb\":{\"@id\":\"https:\\\/\\\/www.jornalja.com.br\\\/arquivo\\\/combinando-com-os-russos\\\/#breadcrumblist\"},\"author\":{\"@id\":\"https:\\\/\\\/www.jornalja.com.br\\\/arquivo\\\/author\\\/daredacao\\\/#author\"},\"creator\":{\"@id\":\"https:\\\/\\\/www.jornalja.com.br\\\/arquivo\\\/author\\\/daredacao\\\/#author\"},\"datePublished\":\"2016-06-03T11:46:06-03:00\",\"dateModified\":\"2016-06-03T11:46:06-03:00\"},{\"@type\":\"WebSite\",\"@id\":\"https:\\\/\\\/www.jornalja.com.br\\\/arquivo\\\/#website\",\"url\":\"https:\\\/\\\/www.jornalja.com.br\\\/arquivo\\\/\",\"name\":\"Arquivo\",\"description\":\"Jornal J\\u00c1 | Porto Alegre\",\"inLanguage\":\"pt-BR\",\"publisher\":{\"@id\":\"https:\\\/\\\/www.jornalja.com.br\\\/arquivo\\\/#organization\"}}]}\n\t\t<\/script>\n\t\t<!-- All in One SEO -->\n\n","aioseo_head_json":{"title":"Combinando com os russos | Arquivo","description":"","canonical_url":"https:\/\/www.jornalja.com.br\/arquivo\/combinando-com-os-russos\/","robots":"max-image-preview:large","keywords":"","webmasterTools":{"miscellaneous":""},"schema":{"@context":"https:\/\/schema.org","@graph":[{"@type":"BlogPosting","@id":"https:\/\/www.jornalja.com.br\/arquivo\/combinando-com-os-russos\/#blogposting","name":"Combinando com os russos | Arquivo","headline":"Combinando com os russos","author":{"@id":"https:\/\/www.jornalja.com.br\/arquivo\/author\/daredacao\/#author"},"publisher":{"@id":"https:\/\/www.jornalja.com.br\/arquivo\/#organization"},"image":{"@type":"ImageObject","url":"https:\/\/www.jornalja.com.br\/wp-content\/uploads\/cards\/JAslogan.png","@id":"https:\/\/www.jornalja.com.br\/arquivo\/#articleImage"},"datePublished":"2016-06-03T11:46:06-03:00","dateModified":"2016-06-03T11:46:06-03:00","inLanguage":"pt-BR","mainEntityOfPage":{"@id":"https:\/\/www.jornalja.com.br\/arquivo\/combinando-com-os-russos\/#webpage"},"isPartOf":{"@id":"https:\/\/www.jornalja.com.br\/arquivo\/combinando-com-os-russos\/#webpage"},"articleSection":"AN\u00c1LISE&amp;OPINI\u00c3O"},{"@type":"BreadcrumbList","@id":"https:\/\/www.jornalja.com.br\/arquivo\/combinando-com-os-russos\/#breadcrumblist","itemListElement":[{"@type":"ListItem","@id":"https:\/\/www.jornalja.com.br\/arquivo#listItem","position":1,"name":"Home","item":"https:\/\/www.jornalja.com.br\/arquivo","nextItem":{"@type":"ListItem","@id":"https:\/\/www.jornalja.com.br\/arquivo\/category\/analiseopiniao\/#listItem","name":"AN\u00c1LISE&amp;OPINI\u00c3O"}},{"@type":"ListItem","@id":"https:\/\/www.jornalja.com.br\/arquivo\/category\/analiseopiniao\/#listItem","position":2,"name":"AN\u00c1LISE&amp;OPINI\u00c3O","item":"https:\/\/www.jornalja.com.br\/arquivo\/category\/analiseopiniao\/","nextItem":{"@type":"ListItem","@id":"https:\/\/www.jornalja.com.br\/arquivo\/combinando-com-os-russos\/#listItem","name":"Combinando com os russos"},"previousItem":{"@type":"ListItem","@id":"https:\/\/www.jornalja.com.br\/arquivo#listItem","name":"Home"}},{"@type":"ListItem","@id":"https:\/\/www.jornalja.com.br\/arquivo\/combinando-com-os-russos\/#listItem","position":3,"name":"Combinando com os russos","previousItem":{"@type":"ListItem","@id":"https:\/\/www.jornalja.com.br\/arquivo\/category\/analiseopiniao\/#listItem","name":"AN\u00c1LISE&amp;OPINI\u00c3O"}}]},{"@type":"Organization","@id":"https:\/\/www.jornalja.com.br\/arquivo\/#organization","name":"Jornal J\u00c1","description":"Jornal J\u00c1 | Porto Alegre","url":"https:\/\/www.jornalja.com.br\/arquivo\/","telephone":"+555133307272","logo":{"@type":"ImageObject","url":"https:\/\/www.jornalja.com.br\/wp-content\/uploads\/cards\/JAslogan.png","@id":"https:\/\/www.jornalja.com.br\/arquivo\/combinando-com-os-russos\/#organizationLogo"},"image":{"@id":"https:\/\/www.jornalja.com.br\/arquivo\/combinando-com-os-russos\/#organizationLogo"}},{"@type":"Person","@id":"https:\/\/www.jornalja.com.br\/arquivo\/author\/daredacao\/#author","url":"https:\/\/www.jornalja.com.br\/arquivo\/author\/daredacao\/","name":"da Reda\u00e7\u00e3o","image":{"@type":"ImageObject","@id":"https:\/\/www.jornalja.com.br\/arquivo\/combinando-com-os-russos\/#authorImage","url":"https:\/\/secure.gravatar.com\/avatar\/469fd857d6605ad19919d27ed29d35a968a25f6e8fd9318356bbb7f57aae9c65?s=96&d=mm&r=g","width":96,"height":96,"caption":"da Reda\u00e7\u00e3o"}},{"@type":"WebPage","@id":"https:\/\/www.jornalja.com.br\/arquivo\/combinando-com-os-russos\/#webpage","url":"https:\/\/www.jornalja.com.br\/arquivo\/combinando-com-os-russos\/","name":"Combinando com os russos | Arquivo","inLanguage":"pt-BR","isPartOf":{"@id":"https:\/\/www.jornalja.com.br\/arquivo\/#website"},"breadcrumb":{"@id":"https:\/\/www.jornalja.com.br\/arquivo\/combinando-com-os-russos\/#breadcrumblist"},"author":{"@id":"https:\/\/www.jornalja.com.br\/arquivo\/author\/daredacao\/#author"},"creator":{"@id":"https:\/\/www.jornalja.com.br\/arquivo\/author\/daredacao\/#author"},"datePublished":"2016-06-03T11:46:06-03:00","dateModified":"2016-06-03T11:46:06-03:00"},{"@type":"WebSite","@id":"https:\/\/www.jornalja.com.br\/arquivo\/#website","url":"https:\/\/www.jornalja.com.br\/arquivo\/","name":"Arquivo","description":"Jornal J\u00c1 | Porto Alegre","inLanguage":"pt-BR","publisher":{"@id":"https:\/\/www.jornalja.com.br\/arquivo\/#organization"}}]},"og:locale":"pt_BR","og:site_name":"Arquivo | Jornal J\u00c1 | Porto Alegre","og:type":"article","og:title":"Combinando com os russos | Arquivo","og:url":"https:\/\/www.jornalja.com.br\/arquivo\/combinando-com-os-russos\/","og:image":"https:\/\/www.jornalja.com.br\/economics\/wp-content\/uploads\/sites\/11\/2026\/08\/ja-folhaderosto-facebook.jpg","og:image:secure_url":"https:\/\/www.jornalja.com.br\/economics\/wp-content\/uploads\/sites\/11\/2026\/08\/ja-folhaderosto-facebook.jpg","article:published_time":"2016-06-03T14:46:06+00:00","article:modified_time":"2016-06-03T14:46:06+00:00","twitter:card":"summary","twitter:title":"Combinando com os russos | Arquivo","twitter:image":"https:\/\/www.jornalja.com.br\/economics\/wp-content\/uploads\/sites\/11\/2026\/08\/ja-folhaderosto-facebook.jpg"},"aioseo_meta_data":{"post_id":"34104","title":null,"description":null,"keywords":null,"keyphrases":null,"primary_term":null,"canonical_url":null,"og_title":null,"og_description":null,"og_object_type":"default","og_image_type":"default","og_image_url":null,"og_image_width":null,"og_image_height":null,"og_image_custom_url":null,"og_image_custom_fields":null,"og_video":null,"og_custom_url":null,"og_article_section":null,"og_article_tags":null,"twitter_use_og":false,"twitter_card":"default","twitter_image_type":"default","twitter_image_url":null,"twitter_image_custom_url":null,"twitter_image_custom_fields":null,"twitter_title":null,"twitter_description":null,"schema":{"blockGraphs":[],"customGraphs":[],"default":{"data":{"Article":[],"Course":[],"Dataset":[],"FAQPage":[],"Movie":[],"Person":[],"Product":[],"ProductReview":[],"Car":[],"Recipe":[],"Service":[],"SoftwareApplication":[],"WebPage":[]},"graphName":"","isEnabled":true},"graphs":[]},"schema_type":null,"schema_type_options":null,"pillar_content":false,"robots_default":true,"robots_noindex":false,"robots_noarchive":false,"robots_nosnippet":false,"robots_nofollow":false,"robots_noimageindex":false,"robots_noodp":false,"robots_notranslate":false,"robots_max_snippet":null,"robots_max_videopreview":null,"robots_max_imagepreview":"large","priority":null,"frequency":null,"location":null,"local_seo":null,"breadcrumb_settings":null,"limit_modified_date":false,"ai":null,"created":"2020-12-20 20:56:37","updated":"2025-07-19 14:14:15","seo_analyzer_scan_date":null,"focus_keyword":null,"additional_keywords":null,"truseo_locale":null},"jetpack_sharing_enabled":true,"jetpack-related-posts":[{"id":13124,"url":"https:\/\/www.jornalja.com.br\/arquivo\/sangue-latino-no-iecine\/","url_meta":{"origin":34104,"position":0},"title":"Sangue latino no IECINE","author":"da Reda\u00e7\u00e3o","date":"18 de maio de 2014","format":false,"excerpt":"Francisco Ribeiro O Instituto Estadual de Cinema (IECINE) tem a frente, desde abril \u00faltimo, um novo diretor, o cineasta colombiano Juan Zapata, 36, que substitui Luiz Alberto Cassol. Radicado h\u00e1 dez anos em Porto Alegre, Zapata tem diante de si o desafio de conduzir at\u00e9 o final do ano um\u2026","rel":"","context":"Em &quot;Cultura-Geral&quot;","block_context":{"text":"Cultura-Geral","link":"https:\/\/www.jornalja.com.br\/arquivo\/category\/materiasecundaria\/"},"img":{"alt_text":"","src":"","width":0,"height":0},"classes":[]},{"id":12960,"url":"https:\/\/www.jornalja.com.br\/arquivo\/populacao-culpa-empresas-pela-greve-dos-rodoviarios\/","url_meta":{"origin":34104,"position":1},"title":"Popula\u00e7\u00e3o culpa empresas pela greve","author":"Patr\u00edcia Marini","date":"14 de fevereiro de 2014","format":false,"excerpt":"Pesquisa divulgada na edi\u00e7\u00e3o do jornal Metro desta sexta-feira,14, comprova o velho ditado: \u00e9 poss\u00edvel enganar muitos por algum tempo, mas n\u00e3o \u00e9 poss\u00edvel enganar a todos o tempo inteiro. A principal revela\u00e7\u00e3o foi que 59,8% dos entrevistados apontaram as empresas como as principais respons\u00e1veis pela grave e 46% culparam\u2026","rel":"","context":"Em &quot;X.Categorias velhas&quot;","block_context":{"text":"X.Categorias velhas","link":"https:\/\/www.jornalja.com.br\/arquivo\/category\/x-categorias-velhas\/"},"img":{"alt_text":"","src":"","width":0,"height":0},"classes":[]},{"id":5440,"url":"https:\/\/www.jornalja.com.br\/arquivo\/casarao-da-venancio-destino-permanece-incerto\/","url_meta":{"origin":34104,"position":2},"title":"Estado ainda n\u00e3o sabe o que fazer com casar\u00e3o abandonado h\u00e1 20 anos","author":"Elmar Bones","date":"6 de julho de 2009","format":false,"excerpt":"O casar\u00e3o amarelo, numa esquina nobre de Porto Alegre (Ven\u00e2ncio Aires com Jo\u00e3o Pessoa), j\u00e1 abrigou uma escola. H\u00e1 duas d\u00e9cadas, pelo menos, est\u00e1 abandonado, porque seu propriet\u00e1rio, o governo do Estado do Rio Grande do Sul, n\u00e3o consegue achar um destino para ele. Planos n\u00e3o faltaram. O governador Ol\u00edvio\u2026","rel":"","context":"Em &quot;X.Categorias velhas&quot;","block_context":{"text":"X.Categorias velhas","link":"https:\/\/www.jornalja.com.br\/arquivo\/category\/x-categorias-velhas\/"},"img":{"alt_text":"geraldo1","src":"https:\/\/i0.wp.com\/www.jornalja.com.br\/wp-content\/uploads\/2009\/07\/geraldo1.jpg?resize=350%2C200&ssl=1","width":350,"height":200},"classes":[]},{"id":13240,"url":"https:\/\/www.jornalja.com.br\/arquivo\/plano-diretor-estamos-construindo-o-caos\/","url_meta":{"origin":34104,"position":3},"title":"Plano diretor: &quot;Estamos construindo o caos&quot;","author":"Patr\u00edcia Marini","date":"26 de maio de 2014","format":false,"excerpt":"Desabafo que arquiteta Eliana Castilhos, delegada da Regi\u00e3o de Planejamento 1, postou nas redes sociais \u00e9 um testemunho do ambiente que se criou no Conselho do Plano Diretor de Porto Alegre, onde a aprova\u00e7\u00e3o de grandes empreendimentos \u00e9 empurrada guela abaixo dos conselheiros. Ao CMDUA Como delegada da Regi\u00e3o de\u2026","rel":"","context":"Em &quot;Geral&quot;","block_context":{"text":"Geral","link":"https:\/\/www.jornalja.com.br\/arquivo\/category\/geral\/"},"img":{"alt_text":"","src":"","width":0,"height":0},"classes":[]},{"id":13101,"url":"https:\/\/www.jornalja.com.br\/arquivo\/morre-um-guerreiro-do-texto\/","url_meta":{"origin":34104,"position":4},"title":"Morre um guerreiro do texto","author":"Patr\u00edcia Marini","date":"14 de maio de 2014","format":false,"excerpt":"Por Ricardo Kotscho Reproduzido do blog do autor, 11\/5\/2014; t\u00edtulo original \u201cE l\u00e1 se foi o nosso Myltainho, guerreiro do texto\u201d. Mi\u00fado e franzino, meu amigo Myltainho era um valente e inconformado guerreiro na luta contra as injusti\u00e7as sociais, a hipocrisia, as maracutaias, o autoritarismo, a intoler\u00e2ncia, a viol\u00eancia, o\u2026","rel":"","context":"Em &quot;Geral&quot;","block_context":{"text":"Geral","link":"https:\/\/www.jornalja.com.br\/arquivo\/category\/geral\/"},"img":{"alt_text":"","src":"","width":0,"height":0},"classes":[]}],"jetpack_shortlink":"https:\/\/wp.me\/pbQjBd-8S4","jetpack_featured_media_url":"","_links":{"self":[{"href":"https:\/\/www.jornalja.com.br\/arquivo\/wp-json\/wp\/v2\/posts\/34104","targetHints":{"allow":["GET"]}}],"collection":[{"href":"https:\/\/www.jornalja.com.br\/arquivo\/wp-json\/wp\/v2\/posts"}],"about":[{"href":"https:\/\/www.jornalja.com.br\/arquivo\/wp-json\/wp\/v2\/types\/post"}],"author":[{"embeddable":true,"href":"https:\/\/www.jornalja.com.br\/arquivo\/wp-json\/wp\/v2\/users\/4"}],"replies":[{"embeddable":true,"href":"https:\/\/www.jornalja.com.br\/arquivo\/wp-json\/wp\/v2\/comments?post=34104"}],"version-history":[{"count":0,"href":"https:\/\/www.jornalja.com.br\/arquivo\/wp-json\/wp\/v2\/posts\/34104\/revisions"}],"wp:attachment":[{"href":"https:\/\/www.jornalja.com.br\/arquivo\/wp-json\/wp\/v2\/media?parent=34104"}],"wp:term":[{"taxonomy":"category","embeddable":true,"href":"https:\/\/www.jornalja.com.br\/arquivo\/wp-json\/wp\/v2\/categories?post=34104"},{"taxonomy":"post_tag","embeddable":true,"href":"https:\/\/www.jornalja.com.br\/arquivo\/wp-json\/wp\/v2\/tags?post=34104"}],"curies":[{"name":"wp","href":"https:\/\/api.w.org\/{rel}","templated":true}]}}