{"id":34112,"date":"2016-06-03T13:00:30","date_gmt":"2016-06-03T16:00:30","guid":{"rendered":"https:\/\/www.jornalja.com.br\/?p=34112"},"modified":"2016-06-03T13:00:30","modified_gmt":"2016-06-03T16:00:30","slug":"estupros-desde-64-ate-hoje-na-linha-reta-do-tempo","status":"publish","type":"post","link":"https:\/\/www.jornalja.com.br\/arquivo\/estupros-desde-64-ate-hoje-na-linha-reta-do-tempo\/","title":{"rendered":"Estupros: desde 1964, na linha reta do tempo"},"content":{"rendered":"<p><strong>RAUL ELLWANGER<\/strong><br \/>\nUma jovem brasileira foi estuprada por mais de duas dezenas de homens cidad\u00e3os, em maio de 2016. Foi vitima de tortura, mais especificamente,\u00a0de tortura sexual.<br \/>\nO deputado federal Jair Bolsonaro (PP-RJ) foi condenado por\u00a0ofender\u00a0a\u00a0colega ga\u00facha Maria do Ros\u00e1rio\u00a0(PT) no plen\u00e1rio da C\u00e2mara em 2014:<br \/>\n\u2014 H\u00e1 poucos dias voc\u00ea me chamou de estuprador e eu falei que n\u00e3o ia\u00a0estuprar voc\u00ea porque voc\u00ea n\u00e3o merece \u2014 disse o deputado durante uma\u00a0sess\u00e3o.<br \/>\nEm que consiste a ofensa ? Na amea\u00e7a de estupro ? No livre arbitro do\u00a0deputado em estuprar ou n\u00e3o ?<br \/>\nTortura consiste em submeter outrem a dor violenta, com objeto de\u00a0extrair confiss\u00e3o ou informa\u00e7\u00e3o, ou sem este objeto. A tortura policial ou\u00a0pol\u00edtica tem uma finalidade, \u00e9 funcional, seu objetivo \u00e9 destruir o outro.<br \/>\nA\u00a0tortura sem finalidade aponta apenas para a doen\u00e7a mental do seviciador.\u00a0A que serve este tormento ? Para o gozo do perpetrador ? H\u00e1 prazer em\u00a0fazer sofrer ?<br \/>\nEstupro \u00e9 submeter outrem pela for\u00e7a \u00e0 perda do dom\u00ednio e da\u00a0privacidade de seu corpo, atrav\u00e9s de rela\u00e7\u00f5es de tipo sexual, sejam\u00a0genitais ou n\u00e3o.<br \/>\n\u00c9 de sua natureza org\u00e2nica um brutal constrangimento\u00a0moral, dada a auto-estima que toda pessoa tem, convic\u00e7\u00f5es religiosas,\u00a0associa\u00e7\u00e3o com maternidade, conceitos de hombridade, tradi\u00e7\u00e3o cultural.<br \/>\nQual o objeto do estupro?<br \/>\nA repress\u00e3o policial e politica com frequ\u00eancia combina tortura com\u00a0viol\u00eancia sexual, assim se fala em tortura sexual. Por experi\u00eancia, o\u00a0repressor sabe que a for\u00e7a de \u2018demoli\u00e7\u00e3o\u2019 do tormento material e moral\u00a0sobre o torturado se incrementa quando tem conota\u00e7\u00e3o sexual.<br \/>\nIsto \u00e9\u00a0denotado pelas ofensas verbais, carregadas de sexismo supostamente\u00a0ofensivo, assim como pela minucia com que se devassa e mortifica cada\u00a0parte do corpo vitimado.<br \/>\nO mesmo deputado em reiteradas ocasi\u00f5es tem feito o elogio de\u00a0torturadores do regime militar,\u00a0assim definidos oficialmente pelo Estado Brasileiro no Relat\u00f3rio da\u00a0Comiss\u00e3o Nacional da Verdade de 2014.<br \/>\nNa pr\u00e1tica da vida real, o mais importante na situa\u00e7\u00e3o atual \u00e9 a\u00a0impunidade de cerca de 400 criminosos listados, tendo \u00e0 frente generais e\u00a0ditadores.<br \/>\nQuando dezenas de homens violam uma mo\u00e7a, est\u00e3o praticando tortura e\u00a0tortura sexual. N\u00e3o buscam informa\u00e7\u00f5es ou destrui\u00e7\u00e3o de um \u2018inimigo\u2019 (o\u00a0subversivo, o ladr\u00e3o), pois o mart\u00edrio que realizam n\u00e3o tem objetivo.<br \/>\nTampouco se pode supor a frui\u00e7\u00e3o de prazer e deleite. Estaremos diante\u00a0de enfermos, de psicopatas ? Fizeram o que fizeram por pura divers\u00e3o ?<br \/>\nLigando a fala do parlamentar com a viola\u00e7\u00e3o m\u00faltipla, temos que o elogio\u00a0atual do torturador do passado estimula a viol\u00eancia do estuprador do\u00a0presente. A fala daquele torna natural, comum, banal e aceit\u00e1vel a\u00a0viola\u00e7\u00e3o.<br \/>\nQuando o falador diz que depende dele torturar sexualmente a\u00a0deputada ou n\u00e3o faze-lo, est\u00e1 dizendo que a tortura \u00e9 corriqueira, vulgar,\u00a0que ele opta por ela ou n\u00e3o segundo seu crit\u00e9rio.<br \/>\nAdemais, fala disso aos\u00a0gritos em pleno Congresso Nacional. Os homens que arrasaram a jovem\u00a0seguem a mesma l\u00f3gica, de praticar a viol\u00eancia sem respeitar a outra\u00a0pessoa nem as barreiras morais e legais criadas pela sociedade.<br \/>\nPara tais\u00a0criminosos, vale apenas seu arb\u00edtrio, a imposi\u00e7\u00e3o da for\u00e7a bruta sobre\u00a0uma mulher indefesa, como fizeram os Ustra, Fleury, Malh\u00e3es, Seelig,\u00a0Cerqueira, Curi\u00f3, Correia Lima, Audir, Dulele e demais \u00edcones de Bolsonaro\u00a0sobre cidad\u00e3s e cidad\u00e3os sequestrados nos DOI-CODI.<br \/>\nNo terreno da\u00a0moral, da lei e da pol\u00edtica, o nost\u00e1lgico Bolsonaro estimula e \u00e9 c\u00famplice da\u00a0viola\u00e7\u00e3o atual.<br \/>\nNa falta de \u2018subversivos\u2019, dispara sua baixeza contra a\u00a0colega parlamentar e mulher. Imaginemos o que faria contra uma jovem\u00a0simples do povo, n\u00e3o parlamentar. Imaginemos o que faria contra uma\u00a0raptada oculta de 1971, na penumbra e solid\u00e3o de um quartel remoto.<br \/>\nH\u00e1 algo comum entre os violadores de hoje, o deputado militar e os\u00a0torturadores de 1964: a id\u00e9ia da banalidade. Esses rapazes acreditam que\u00a0se com aqueles grandes criminosos seriais nada acontece, se at\u00e9 mesmo\u00a0um parlamentar diz que torturar \u00e9 banal e vulgar, ent\u00e3o estuprar uma\u00a0mulher \u00e9 fato corrente e comum.<br \/>\nComo nem os agentes de 1964 nem o\u00a0parlamentar s\u00e3o punidos, se divulga a id\u00e9ia de que nada acontecer\u00e1, que\u00a0ficar\u00e3o impunes seus crimes como milhares de outros seguem sem puni\u00e7\u00e3o desde mais de 50 anos.<br \/>\nSe os atormentadores da ditadura tinham um motivo ou pretexto para\u00a0torturar e violar sequestradas e sequestrados, os estupradores de hoje\u00a0n\u00e3o disp\u00f5em (segundo as noticias atuais) de alguma justificativa ou\u00a0explica\u00e7\u00e3o para seu ato. Nem motivo passional, nem vingan\u00e7a, nem roubo,\u00a0nem acerto de contas, nem disputa de territ\u00f3rio. Nem podemos supor\u00a0perguntados pelo motivo de t\u00e3o hediondo crime, dir\u00e3o que o praticaram&#8230;\u00a0qualquer ressaibo de prazer. Entre a impunidade e a banalidade,\u00a0porque sim.<\/p>\n","protected":false},"excerpt":{"rendered":"<p>RAUL ELLWANGER Uma jovem brasileira foi estuprada por mais de duas dezenas de homens cidad\u00e3os, em maio de 2016. Foi vitima de tortura, mais especificamente,\u00a0de tortura sexual. O deputado federal Jair Bolsonaro (PP-RJ) foi condenado por\u00a0ofender\u00a0a\u00a0colega ga\u00facha Maria do Ros\u00e1rio\u00a0(PT) no plen\u00e1rio da C\u00e2mara em 2014: \u2014 H\u00e1 poucos dias voc\u00ea me chamou de estuprador [&hellip;]<\/p>\n","protected":false},"author":4,"featured_media":0,"comment_status":"open","ping_status":"closed","sticky":false,"template":"","format":"standard","meta":{"_jetpack_newsletter_access":"","_jetpack_dont_email_post_to_subs":false,"_jetpack_newsletter_tier_id":0,"_jetpack_memberships_contains_paywalled_content":false,"_jetpack_feature_clip_id":0,"_jetpack_memberships_contains_paid_content":false,"footnotes":"","jetpack_post_was_ever_published":false},"categories":[10],"tags":[],"class_list":["post-34112","post","type-post","status-publish","format-standard","hentry","category-analiseopiniao"],"aioseo_notices":[],"aioseo_head":"\n\t\t<!-- All in One SEO 5.0.1.1 - aioseo.com -->\n\t<meta name=\"robots\" content=\"max-image-preview:large\" \/>\n\t<meta name=\"author\" content=\"da Reda\u00e7\u00e3o\"\/>\n\t<link rel=\"canonical\" href=\"https:\/\/www.jornalja.com.br\/arquivo\/estupros-desde-64-ate-hoje-na-linha-reta-do-tempo\/\" \/>\n\t<meta name=\"generator\" content=\"All in One SEO (AIOSEO) 5.0.1.1\" \/>\n\t\t<meta property=\"og:locale\" content=\"pt_BR\" \/>\n\t\t<meta property=\"og:site_name\" content=\"Arquivo | Jornal J\u00c1 | Porto Alegre\" \/>\n\t\t<meta property=\"og:type\" content=\"article\" \/>\n\t\t<meta property=\"og:title\" content=\"Estupros: desde 1964, na linha reta do tempo | Arquivo\" \/>\n\t\t<meta property=\"og:url\" content=\"https:\/\/www.jornalja.com.br\/arquivo\/estupros-desde-64-ate-hoje-na-linha-reta-do-tempo\/\" \/>\n\t\t<meta property=\"og:image\" content=\"https:\/\/www.jornalja.com.br\/economics\/wp-content\/uploads\/sites\/11\/2026\/08\/ja-folhaderosto-facebook.jpg\" \/>\n\t\t<meta property=\"og:image:secure_url\" content=\"https:\/\/www.jornalja.com.br\/economics\/wp-content\/uploads\/sites\/11\/2026\/08\/ja-folhaderosto-facebook.jpg\" \/>\n\t\t<meta property=\"article:published_time\" content=\"2016-06-03T16:00:30+00:00\" \/>\n\t\t<meta property=\"article:modified_time\" content=\"2016-06-03T16:00:30+00:00\" \/>\n\t\t<meta name=\"twitter:card\" content=\"summary\" \/>\n\t\t<meta name=\"twitter:title\" content=\"Estupros: desde 1964, na linha reta do tempo | Arquivo\" \/>\n\t\t<meta name=\"twitter:image\" content=\"https:\/\/www.jornalja.com.br\/economics\/wp-content\/uploads\/sites\/11\/2026\/08\/ja-folhaderosto-facebook.jpg\" \/>\n\t\t<script type=\"application\/ld+json\" class=\"aioseo-schema\">\n\t\t\t{\"@context\":\"https:\\\/\\\/schema.org\",\"@graph\":[{\"@type\":\"BlogPosting\",\"@id\":\"https:\\\/\\\/www.jornalja.com.br\\\/arquivo\\\/estupros-desde-64-ate-hoje-na-linha-reta-do-tempo\\\/#blogposting\",\"name\":\"Estupros: desde 1964, na linha reta do tempo | Arquivo\",\"headline\":\"Estupros: desde 1964, na linha reta do tempo\",\"author\":{\"@id\":\"https:\\\/\\\/www.jornalja.com.br\\\/arquivo\\\/author\\\/daredacao\\\/#author\"},\"publisher\":{\"@id\":\"https:\\\/\\\/www.jornalja.com.br\\\/arquivo\\\/#organization\"},\"image\":{\"@type\":\"ImageObject\",\"url\":\"https:\\\/\\\/www.jornalja.com.br\\\/wp-content\\\/uploads\\\/cards\\\/JAslogan.png\",\"@id\":\"https:\\\/\\\/www.jornalja.com.br\\\/arquivo\\\/#articleImage\"},\"datePublished\":\"2016-06-03T13:00:30-03:00\",\"dateModified\":\"2016-06-03T13:00:30-03:00\",\"inLanguage\":\"pt-BR\",\"commentCount\":1,\"mainEntityOfPage\":{\"@id\":\"https:\\\/\\\/www.jornalja.com.br\\\/arquivo\\\/estupros-desde-64-ate-hoje-na-linha-reta-do-tempo\\\/#webpage\"},\"isPartOf\":{\"@id\":\"https:\\\/\\\/www.jornalja.com.br\\\/arquivo\\\/estupros-desde-64-ate-hoje-na-linha-reta-do-tempo\\\/#webpage\"},\"articleSection\":\"AN\\u00c1LISE&amp;OPINI\\u00c3O\"},{\"@type\":\"BreadcrumbList\",\"@id\":\"https:\\\/\\\/www.jornalja.com.br\\\/arquivo\\\/estupros-desde-64-ate-hoje-na-linha-reta-do-tempo\\\/#breadcrumblist\",\"itemListElement\":[{\"@type\":\"ListItem\",\"@id\":\"https:\\\/\\\/www.jornalja.com.br\\\/arquivo#listItem\",\"position\":1,\"name\":\"Home\",\"item\":\"https:\\\/\\\/www.jornalja.com.br\\\/arquivo\",\"nextItem\":{\"@type\":\"ListItem\",\"@id\":\"https:\\\/\\\/www.jornalja.com.br\\\/arquivo\\\/category\\\/analiseopiniao\\\/#listItem\",\"name\":\"AN\\u00c1LISE&amp;OPINI\\u00c3O\"}},{\"@type\":\"ListItem\",\"@id\":\"https:\\\/\\\/www.jornalja.com.br\\\/arquivo\\\/category\\\/analiseopiniao\\\/#listItem\",\"position\":2,\"name\":\"AN\\u00c1LISE&amp;OPINI\\u00c3O\",\"item\":\"https:\\\/\\\/www.jornalja.com.br\\\/arquivo\\\/category\\\/analiseopiniao\\\/\",\"nextItem\":{\"@type\":\"ListItem\",\"@id\":\"https:\\\/\\\/www.jornalja.com.br\\\/arquivo\\\/estupros-desde-64-ate-hoje-na-linha-reta-do-tempo\\\/#listItem\",\"name\":\"Estupros: desde 1964, na linha reta do tempo\"},\"previousItem\":{\"@type\":\"ListItem\",\"@id\":\"https:\\\/\\\/www.jornalja.com.br\\\/arquivo#listItem\",\"name\":\"Home\"}},{\"@type\":\"ListItem\",\"@id\":\"https:\\\/\\\/www.jornalja.com.br\\\/arquivo\\\/estupros-desde-64-ate-hoje-na-linha-reta-do-tempo\\\/#listItem\",\"position\":3,\"name\":\"Estupros: desde 1964, na linha reta do tempo\",\"previousItem\":{\"@type\":\"ListItem\",\"@id\":\"https:\\\/\\\/www.jornalja.com.br\\\/arquivo\\\/category\\\/analiseopiniao\\\/#listItem\",\"name\":\"AN\\u00c1LISE&amp;OPINI\\u00c3O\"}}]},{\"@type\":\"Organization\",\"@id\":\"https:\\\/\\\/www.jornalja.com.br\\\/arquivo\\\/#organization\",\"name\":\"Jornal J\\u00c1\",\"description\":\"Jornal J\\u00c1 | Porto Alegre\",\"url\":\"https:\\\/\\\/www.jornalja.com.br\\\/arquivo\\\/\",\"telephone\":\"+555133307272\",\"logo\":{\"@type\":\"ImageObject\",\"url\":\"https:\\\/\\\/www.jornalja.com.br\\\/wp-content\\\/uploads\\\/cards\\\/JAslogan.png\",\"@id\":\"https:\\\/\\\/www.jornalja.com.br\\\/arquivo\\\/estupros-desde-64-ate-hoje-na-linha-reta-do-tempo\\\/#organizationLogo\"},\"image\":{\"@id\":\"https:\\\/\\\/www.jornalja.com.br\\\/arquivo\\\/estupros-desde-64-ate-hoje-na-linha-reta-do-tempo\\\/#organizationLogo\"}},{\"@type\":\"Person\",\"@id\":\"https:\\\/\\\/www.jornalja.com.br\\\/arquivo\\\/author\\\/daredacao\\\/#author\",\"url\":\"https:\\\/\\\/www.jornalja.com.br\\\/arquivo\\\/author\\\/daredacao\\\/\",\"name\":\"da Reda\\u00e7\\u00e3o\",\"image\":{\"@type\":\"ImageObject\",\"@id\":\"https:\\\/\\\/www.jornalja.com.br\\\/arquivo\\\/estupros-desde-64-ate-hoje-na-linha-reta-do-tempo\\\/#authorImage\",\"url\":\"https:\\\/\\\/secure.gravatar.com\\\/avatar\\\/469fd857d6605ad19919d27ed29d35a968a25f6e8fd9318356bbb7f57aae9c65?s=96&d=mm&r=g\",\"width\":96,\"height\":96,\"caption\":\"da Reda\\u00e7\\u00e3o\"}},{\"@type\":\"WebPage\",\"@id\":\"https:\\\/\\\/www.jornalja.com.br\\\/arquivo\\\/estupros-desde-64-ate-hoje-na-linha-reta-do-tempo\\\/#webpage\",\"url\":\"https:\\\/\\\/www.jornalja.com.br\\\/arquivo\\\/estupros-desde-64-ate-hoje-na-linha-reta-do-tempo\\\/\",\"name\":\"Estupros: desde 1964, na linha reta do tempo | Arquivo\",\"inLanguage\":\"pt-BR\",\"isPartOf\":{\"@id\":\"https:\\\/\\\/www.jornalja.com.br\\\/arquivo\\\/#website\"},\"breadcrumb\":{\"@id\":\"https:\\\/\\\/www.jornalja.com.br\\\/arquivo\\\/estupros-desde-64-ate-hoje-na-linha-reta-do-tempo\\\/#breadcrumblist\"},\"author\":{\"@id\":\"https:\\\/\\\/www.jornalja.com.br\\\/arquivo\\\/author\\\/daredacao\\\/#author\"},\"creator\":{\"@id\":\"https:\\\/\\\/www.jornalja.com.br\\\/arquivo\\\/author\\\/daredacao\\\/#author\"},\"datePublished\":\"2016-06-03T13:00:30-03:00\",\"dateModified\":\"2016-06-03T13:00:30-03:00\"},{\"@type\":\"WebSite\",\"@id\":\"https:\\\/\\\/www.jornalja.com.br\\\/arquivo\\\/#website\",\"url\":\"https:\\\/\\\/www.jornalja.com.br\\\/arquivo\\\/\",\"name\":\"Arquivo\",\"description\":\"Jornal J\\u00c1 | Porto Alegre\",\"inLanguage\":\"pt-BR\",\"publisher\":{\"@id\":\"https:\\\/\\\/www.jornalja.com.br\\\/arquivo\\\/#organization\"}}]}\n\t\t<\/script>\n\t\t<!-- All in One SEO -->\n\n","aioseo_head_json":{"title":"Estupros: desde 1964, na linha reta do tempo | Arquivo","description":"","canonical_url":"https:\/\/www.jornalja.com.br\/arquivo\/estupros-desde-64-ate-hoje-na-linha-reta-do-tempo\/","robots":"max-image-preview:large","keywords":"","webmasterTools":{"miscellaneous":""},"schema":{"@context":"https:\/\/schema.org","@graph":[{"@type":"BlogPosting","@id":"https:\/\/www.jornalja.com.br\/arquivo\/estupros-desde-64-ate-hoje-na-linha-reta-do-tempo\/#blogposting","name":"Estupros: desde 1964, na linha reta do tempo | Arquivo","headline":"Estupros: desde 1964, na linha reta do tempo","author":{"@id":"https:\/\/www.jornalja.com.br\/arquivo\/author\/daredacao\/#author"},"publisher":{"@id":"https:\/\/www.jornalja.com.br\/arquivo\/#organization"},"image":{"@type":"ImageObject","url":"https:\/\/www.jornalja.com.br\/wp-content\/uploads\/cards\/JAslogan.png","@id":"https:\/\/www.jornalja.com.br\/arquivo\/#articleImage"},"datePublished":"2016-06-03T13:00:30-03:00","dateModified":"2016-06-03T13:00:30-03:00","inLanguage":"pt-BR","commentCount":1,"mainEntityOfPage":{"@id":"https:\/\/www.jornalja.com.br\/arquivo\/estupros-desde-64-ate-hoje-na-linha-reta-do-tempo\/#webpage"},"isPartOf":{"@id":"https:\/\/www.jornalja.com.br\/arquivo\/estupros-desde-64-ate-hoje-na-linha-reta-do-tempo\/#webpage"},"articleSection":"AN\u00c1LISE&amp;OPINI\u00c3O"},{"@type":"BreadcrumbList","@id":"https:\/\/www.jornalja.com.br\/arquivo\/estupros-desde-64-ate-hoje-na-linha-reta-do-tempo\/#breadcrumblist","itemListElement":[{"@type":"ListItem","@id":"https:\/\/www.jornalja.com.br\/arquivo#listItem","position":1,"name":"Home","item":"https:\/\/www.jornalja.com.br\/arquivo","nextItem":{"@type":"ListItem","@id":"https:\/\/www.jornalja.com.br\/arquivo\/category\/analiseopiniao\/#listItem","name":"AN\u00c1LISE&amp;OPINI\u00c3O"}},{"@type":"ListItem","@id":"https:\/\/www.jornalja.com.br\/arquivo\/category\/analiseopiniao\/#listItem","position":2,"name":"AN\u00c1LISE&amp;OPINI\u00c3O","item":"https:\/\/www.jornalja.com.br\/arquivo\/category\/analiseopiniao\/","nextItem":{"@type":"ListItem","@id":"https:\/\/www.jornalja.com.br\/arquivo\/estupros-desde-64-ate-hoje-na-linha-reta-do-tempo\/#listItem","name":"Estupros: desde 1964, na linha reta do tempo"},"previousItem":{"@type":"ListItem","@id":"https:\/\/www.jornalja.com.br\/arquivo#listItem","name":"Home"}},{"@type":"ListItem","@id":"https:\/\/www.jornalja.com.br\/arquivo\/estupros-desde-64-ate-hoje-na-linha-reta-do-tempo\/#listItem","position":3,"name":"Estupros: desde 1964, na linha reta do tempo","previousItem":{"@type":"ListItem","@id":"https:\/\/www.jornalja.com.br\/arquivo\/category\/analiseopiniao\/#listItem","name":"AN\u00c1LISE&amp;OPINI\u00c3O"}}]},{"@type":"Organization","@id":"https:\/\/www.jornalja.com.br\/arquivo\/#organization","name":"Jornal J\u00c1","description":"Jornal J\u00c1 | Porto Alegre","url":"https:\/\/www.jornalja.com.br\/arquivo\/","telephone":"+555133307272","logo":{"@type":"ImageObject","url":"https:\/\/www.jornalja.com.br\/wp-content\/uploads\/cards\/JAslogan.png","@id":"https:\/\/www.jornalja.com.br\/arquivo\/estupros-desde-64-ate-hoje-na-linha-reta-do-tempo\/#organizationLogo"},"image":{"@id":"https:\/\/www.jornalja.com.br\/arquivo\/estupros-desde-64-ate-hoje-na-linha-reta-do-tempo\/#organizationLogo"}},{"@type":"Person","@id":"https:\/\/www.jornalja.com.br\/arquivo\/author\/daredacao\/#author","url":"https:\/\/www.jornalja.com.br\/arquivo\/author\/daredacao\/","name":"da Reda\u00e7\u00e3o","image":{"@type":"ImageObject","@id":"https:\/\/www.jornalja.com.br\/arquivo\/estupros-desde-64-ate-hoje-na-linha-reta-do-tempo\/#authorImage","url":"https:\/\/secure.gravatar.com\/avatar\/469fd857d6605ad19919d27ed29d35a968a25f6e8fd9318356bbb7f57aae9c65?s=96&d=mm&r=g","width":96,"height":96,"caption":"da Reda\u00e7\u00e3o"}},{"@type":"WebPage","@id":"https:\/\/www.jornalja.com.br\/arquivo\/estupros-desde-64-ate-hoje-na-linha-reta-do-tempo\/#webpage","url":"https:\/\/www.jornalja.com.br\/arquivo\/estupros-desde-64-ate-hoje-na-linha-reta-do-tempo\/","name":"Estupros: desde 1964, na linha reta do tempo | Arquivo","inLanguage":"pt-BR","isPartOf":{"@id":"https:\/\/www.jornalja.com.br\/arquivo\/#website"},"breadcrumb":{"@id":"https:\/\/www.jornalja.com.br\/arquivo\/estupros-desde-64-ate-hoje-na-linha-reta-do-tempo\/#breadcrumblist"},"author":{"@id":"https:\/\/www.jornalja.com.br\/arquivo\/author\/daredacao\/#author"},"creator":{"@id":"https:\/\/www.jornalja.com.br\/arquivo\/author\/daredacao\/#author"},"datePublished":"2016-06-03T13:00:30-03:00","dateModified":"2016-06-03T13:00:30-03:00"},{"@type":"WebSite","@id":"https:\/\/www.jornalja.com.br\/arquivo\/#website","url":"https:\/\/www.jornalja.com.br\/arquivo\/","name":"Arquivo","description":"Jornal J\u00c1 | Porto Alegre","inLanguage":"pt-BR","publisher":{"@id":"https:\/\/www.jornalja.com.br\/arquivo\/#organization"}}]},"og:locale":"pt_BR","og:site_name":"Arquivo | Jornal J\u00c1 | Porto Alegre","og:type":"article","og:title":"Estupros: desde 1964, na linha reta do tempo | Arquivo","og:url":"https:\/\/www.jornalja.com.br\/arquivo\/estupros-desde-64-ate-hoje-na-linha-reta-do-tempo\/","og:image":"https:\/\/www.jornalja.com.br\/economics\/wp-content\/uploads\/sites\/11\/2026\/08\/ja-folhaderosto-facebook.jpg","og:image:secure_url":"https:\/\/www.jornalja.com.br\/economics\/wp-content\/uploads\/sites\/11\/2026\/08\/ja-folhaderosto-facebook.jpg","article:published_time":"2016-06-03T16:00:30+00:00","article:modified_time":"2016-06-03T16:00:30+00:00","twitter:card":"summary","twitter:title":"Estupros: desde 1964, na linha reta do tempo | Arquivo","twitter:image":"https:\/\/www.jornalja.com.br\/economics\/wp-content\/uploads\/sites\/11\/2026\/08\/ja-folhaderosto-facebook.jpg"},"aioseo_meta_data":{"post_id":"34112","title":null,"description":null,"keywords":null,"keyphrases":null,"primary_term":null,"canonical_url":null,"og_title":null,"og_description":null,"og_object_type":"default","og_image_type":"default","og_image_url":null,"og_image_width":null,"og_image_height":null,"og_image_custom_url":null,"og_image_custom_fields":null,"og_video":null,"og_custom_url":null,"og_article_section":null,"og_article_tags":null,"twitter_use_og":false,"twitter_card":"default","twitter_image_type":"default","twitter_image_url":null,"twitter_image_custom_url":null,"twitter_image_custom_fields":null,"twitter_title":null,"twitter_description":null,"schema":{"blockGraphs":[],"customGraphs":[],"default":{"data":{"Article":[],"Course":[],"Dataset":[],"FAQPage":[],"Movie":[],"Person":[],"Product":[],"ProductReview":[],"Car":[],"Recipe":[],"Service":[],"SoftwareApplication":[],"WebPage":[]},"graphName":"","isEnabled":true},"graphs":[],"defaultGraph":"","defaultPostTypeGraph":""},"schema_type":null,"schema_type_options":null,"pillar_content":false,"robots_default":true,"robots_noindex":false,"robots_noarchive":false,"robots_nosnippet":false,"robots_nofollow":false,"robots_noimageindex":false,"robots_noodp":false,"robots_notranslate":false,"robots_max_snippet":null,"robots_max_videopreview":null,"robots_max_imagepreview":"large","priority":null,"frequency":null,"location":null,"local_seo":null,"breadcrumb_settings":null,"limit_modified_date":false,"ai":null,"created":"2020-12-20 20:56:37","updated":"2025-07-19 14:14:15","seo_analyzer_scan_date":null,"focus_keyword":null,"additional_keywords":null,"truseo_locale":null},"jetpack_sharing_enabled":true,"jetpack-related-posts":[{"id":13128,"url":"https:\/\/www.jornalja.com.br\/arquivo\/maconha-terra-diz-que-uso-medicinal-e-desculpa\/","url_meta":{"origin":34112,"position":0},"title":"Maconha: Terra diz que uso medicinal \u00e9 desculpa","author":"Patr\u00edcia Marini","date":"4 de junho de 2014","format":false,"excerpt":"A condi\u00e7\u00e3o de pol\u00edtico, em \u00e9poca de campanha de campanha eleitoral, tira for\u00e7a do discurso do m\u00e9dico Osmar Terra contra a legaliza\u00e7\u00e3o da maconha. A tese dele de que a libera\u00e7\u00e3o vai ampliar exponencialmente o consumo \u00e9 discutivel, o consumo \u00e9 corrente. Mas seus alertas quanto aos riscos tem que\u2026","rel":"","context":"Em &quot;X.Categorias velhas&quot;","block_context":{"text":"X.Categorias velhas","link":"https:\/\/www.jornalja.com.br\/arquivo\/category\/x-categorias-velhas\/"},"img":{"alt_text":"","src":"","width":0,"height":0},"classes":[]},{"id":13101,"url":"https:\/\/www.jornalja.com.br\/arquivo\/morre-um-guerreiro-do-texto\/","url_meta":{"origin":34112,"position":1},"title":"Morre um guerreiro do texto","author":"Patr\u00edcia Marini","date":"14 de maio de 2014","format":false,"excerpt":"Por Ricardo Kotscho Reproduzido do blog do autor, 11\/5\/2014; t\u00edtulo original \u201cE l\u00e1 se foi o nosso Myltainho, guerreiro do texto\u201d. Mi\u00fado e franzino, meu amigo Myltainho era um valente e inconformado guerreiro na luta contra as injusti\u00e7as sociais, a hipocrisia, as maracutaias, o autoritarismo, a intoler\u00e2ncia, a viol\u00eancia, o\u2026","rel":"","context":"Em &quot;Geral&quot;","block_context":{"text":"Geral","link":"https:\/\/www.jornalja.com.br\/arquivo\/category\/geral\/"},"img":{"alt_text":"","src":"","width":0,"height":0},"classes":[]},{"id":13239,"url":"https:\/\/www.jornalja.com.br\/arquivo\/conselho-desdenha-do-plano-diretor\/","url_meta":{"origin":34112,"position":2},"title":"Porto Alegre: Conselho detona Plano Diretor","author":"Patr\u00edcia Marini","date":"25 de maio de 2014","format":false,"excerpt":"Den\u00fancia do arquiteto e \u00a0urbanista Ibir\u00e1 Santos Lucas. Ele diz que os conselheiros est\u00e3o votando com \"enorme irresponsabilidade\". \"Mudam regime com a maior naturalidade,,,regularizam absurdos de constru\u00e7\u00f5es irregulares... \"O CMDUA est\u00e1 flexibilizando a lei do plano diretor, de uma forma impactante na vida da cidade. Mudam regime com a maior\u2026","rel":"","context":"Em &quot;Geral&quot;","block_context":{"text":"Geral","link":"https:\/\/www.jornalja.com.br\/arquivo\/category\/geral\/"},"img":{"alt_text":"","src":"","width":0,"height":0},"classes":[]},{"id":13124,"url":"https:\/\/www.jornalja.com.br\/arquivo\/sangue-latino-no-iecine\/","url_meta":{"origin":34112,"position":3},"title":"Sangue latino no IECINE","author":"da Reda\u00e7\u00e3o","date":"18 de maio de 2014","format":false,"excerpt":"Francisco Ribeiro O Instituto Estadual de Cinema (IECINE) tem a frente, desde abril \u00faltimo, um novo diretor, o cineasta colombiano Juan Zapata, 36, que substitui Luiz Alberto Cassol. Radicado h\u00e1 dez anos em Porto Alegre, Zapata tem diante de si o desafio de conduzir at\u00e9 o final do ano um\u2026","rel":"","context":"Em &quot;Cultura-Geral&quot;","block_context":{"text":"Cultura-Geral","link":"https:\/\/www.jornalja.com.br\/arquivo\/category\/materiasecundaria\/"},"img":{"alt_text":"","src":"","width":0,"height":0},"classes":[]},{"id":13240,"url":"https:\/\/www.jornalja.com.br\/arquivo\/plano-diretor-estamos-construindo-o-caos\/","url_meta":{"origin":34112,"position":4},"title":"Plano diretor: &quot;Estamos construindo o caos&quot;","author":"Patr\u00edcia Marini","date":"26 de maio de 2014","format":false,"excerpt":"Desabafo que arquiteta Eliana Castilhos, delegada da Regi\u00e3o de Planejamento 1, postou nas redes sociais \u00e9 um testemunho do ambiente que se criou no Conselho do Plano Diretor de Porto Alegre, onde a aprova\u00e7\u00e3o de grandes empreendimentos \u00e9 empurrada guela abaixo dos conselheiros. Ao CMDUA Como delegada da Regi\u00e3o de\u2026","rel":"","context":"Em &quot;Geral&quot;","block_context":{"text":"Geral","link":"https:\/\/www.jornalja.com.br\/arquivo\/category\/geral\/"},"img":{"alt_text":"","src":"","width":0,"height":0},"classes":[]},{"id":14241,"url":"https:\/\/www.jornalja.com.br\/arquivo\/o-guaiba-nas-imagens-poeticas-de-achutti\/","url_meta":{"origin":34112,"position":5},"title":"O Gua\u00edba nas imagens po\u00e9ticas de Achutti","author":"da Reda\u00e7\u00e3o","date":"18 de junho de 2014","format":false,"excerpt":"Em \u201cO Gua\u00edba por Achutti\u201d \u2013 obra financiada via Minist\u00e9rio da Cultura, produ\u00e7\u00e3o executiva de Pedro Longhi, e Fl\u00e1vio Wild como designer \u2013, o fot\u00f3grafo revela a beleza e as mazelas de um espa\u00e7o aqu\u00e1tico de \u00e1guas sempre renovadas, cheio de hist\u00f3rias e lendas como as das cidades que foram\u2026","rel":"","context":"Em &quot;Cultura-Geral&quot;","block_context":{"text":"Cultura-Geral","link":"https:\/\/www.jornalja.com.br\/arquivo\/category\/materiasecundaria\/"},"img":{"alt_text":"","src":"","width":0,"height":0},"classes":[]}],"jetpack_shortlink":"https:\/\/wp.me\/pbQjBd-8Sc","jetpack_featured_media_url":"","_links":{"self":[{"href":"https:\/\/www.jornalja.com.br\/arquivo\/wp-json\/wp\/v2\/posts\/34112","targetHints":{"allow":["GET"]}}],"collection":[{"href":"https:\/\/www.jornalja.com.br\/arquivo\/wp-json\/wp\/v2\/posts"}],"about":[{"href":"https:\/\/www.jornalja.com.br\/arquivo\/wp-json\/wp\/v2\/types\/post"}],"author":[{"embeddable":true,"href":"https:\/\/www.jornalja.com.br\/arquivo\/wp-json\/wp\/v2\/users\/4"}],"replies":[{"embeddable":true,"href":"https:\/\/www.jornalja.com.br\/arquivo\/wp-json\/wp\/v2\/comments?post=34112"}],"version-history":[{"count":0,"href":"https:\/\/www.jornalja.com.br\/arquivo\/wp-json\/wp\/v2\/posts\/34112\/revisions"}],"wp:attachment":[{"href":"https:\/\/www.jornalja.com.br\/arquivo\/wp-json\/wp\/v2\/media?parent=34112"}],"wp:term":[{"taxonomy":"category","embeddable":true,"href":"https:\/\/www.jornalja.com.br\/arquivo\/wp-json\/wp\/v2\/categories?post=34112"},{"taxonomy":"post_tag","embeddable":true,"href":"https:\/\/www.jornalja.com.br\/arquivo\/wp-json\/wp\/v2\/tags?post=34112"}],"curies":[{"name":"wp","href":"https:\/\/api.w.org\/{rel}","templated":true}]}}