{"id":34312,"date":"2016-06-07T06:00:39","date_gmt":"2016-06-07T09:00:39","guid":{"rendered":"https:\/\/www.jornalja.com.br\/?p=34312"},"modified":"2016-06-07T06:00:39","modified_gmt":"2016-06-07T09:00:39","slug":"carta-aos-apoiadores-do-golpe","status":"publish","type":"post","link":"https:\/\/www.jornalja.com.br\/arquivo\/carta-aos-apoiadores-do-golpe\/","title":{"rendered":"Carta aos apoiadores do golpe"},"content":{"rendered":"<p><span class=\"assina\">Celi Regina Pinto<\/span><br \/>\nDe mar\u00e7o de 2015 at\u00e9 hoje, nestes mais de dois anos, muitas coisas se passaram na pol\u00edtica brasileira. 2015 refere -se \u00e0s primeiras grandes manifesta\u00e7\u00f5es a favor do impeachment da Presidenta Dilma Rousseff, os dias atuais referem-se \u00e0s manifesta\u00e7\u00f5es em favor da volta da Presidenta ao governo do pa\u00eds. E voc\u00eas estiveram presentes em muitos destes eventos, aos gritos, batendo panelas, usando palavr\u00f5es. Voc\u00eas sempre estiveram l\u00e1. E agora? voc\u00eas ganharam? Est\u00e3o contente com o resultado da cruzada das panelas?<br \/>\nEntre estes dois momentos foram muitos os eventos que resultaram no assalto ao poder por parte da banda podre do PMDB, segundado pelas emin\u00eancias pardas de sempre, como o Senador Antonio Anastasia do PSDB, que h\u00e1 anos faz este papel na vida do neto de Tancredo Neves. E que agora repete seu tr\u00e1gico papel de mo\u00e7o bem comportado para salvaguardar os interesses escusos da ocasi\u00e3o. Era isto que voc\u00eas queriam?<br \/>\nA multiplicidade de eventos que resultou no assalto ao Planalto teve sempre popularidade. As manifesta\u00e7\u00f5es no come\u00e7o aconteciam nos bairros chiques das grandes cidades, mas levaram ao longo de dois anos, milh\u00f5es de pessoas para as ruas. O que todos queriam voc\u00eas? Os grandes promotores dos eventos , que certamente n\u00e3o foram para as ruas, sabiam que o queriam: Rede Globo e FIESP. O que eles queriam era um governo que redesenhasse o capitalismo a se gosto. Simples como isto. A participa\u00e7\u00e3o pol\u00edtica destes dois atores foi sabiamente ideol\u00f3gica e precisou apenas de uma cole\u00e7\u00e3o de patos para se realizar, um grande, amarelo e de borracha no meio da Av Paulista, outros de gravata ou salto alto nos hor\u00e1rios nobres da TV.<br \/>\nAo lado de quem sabia o que queria, participou uma massa de pessoas de classe m\u00e9dia alta, com uma falsa ideologia de classe, pois confunde seus privil\u00e9gios pequenos burgueses oriundos de uma sociedade olig\u00e1rquica e escravocrata com posi\u00e7\u00f5es burguesas. Funciona muito bem como comiss\u00e3o de frente dos interesses da burguesia, mas esquece que os mesmos que os incomodam como companheiros de poltrona no avi\u00e3o, tamb\u00e9m compram servi\u00e7os de toda a sorte vendidos por eles. S\u00e3o sempre os mesmos ao longo da Hist\u00f3ria do Brasil, gritam contra a corrup\u00e7\u00e3o, mas parece que na verdade se revoltam contra o baile para o qual n\u00e3o foram convidados.<br \/>\nHouve tamb\u00e9m setores populares gritando a favor do impeachment. Como me disse outro dia um motorista de t\u00e1xi : \u201celes n\u00e3o descobriram nada contra ela, mas que ela roubou, roubou\u201d. Argumentei que se eles procuraram tanto e n\u00e3o acharam ela n\u00e3o deveria ter roubado. E ele me responde \u201c\u00e9 , eu nunca tinha pensado nisto\u201d E este grupo representa muitas coisas, a frustra\u00e7\u00e3o com a crise econ\u00f4mica, os pr\u00f3prios sonhos n\u00e3o realizados, uma indigna\u00e7\u00e3o real com a corrup\u00e7\u00e3o e at\u00e9 um machismo prim\u00e1rio contra a mulher Dilma Rousseff.<br \/>\nMas mesmo assim, eu lhes pergunto: voc\u00eas venceram? e agora? Era com Temer e seus ministros acusados na Lava Jato que voc\u00eas sonhavam? O que voc\u00eas esperam de um governo que se coloca contra as leis trabalhistas, contra o SUS, contra a educa\u00e7\u00e3o p\u00fablica e gratuita, contra o direito das mulheres, contra o direito ao casamento entre pessoas do mesmo sexo?<br \/>\nVoc\u00eas poder\u00e3o me responder que n\u00e3o sabiam. E eu acredito, a Rede Globo sabia, a FIESP sabia, mas o povo nas ruas n\u00e3o sabia, porque voc\u00eas pensavam que estavam participando da pol\u00edtica, mas voc\u00eas n\u00e3o estavam, porque n\u00e3o existe participa\u00e7\u00e3o sem discuss\u00e3o, sem lideran\u00e7as pol\u00edticas, sem ideias, sem propostas, sem informa\u00e7\u00e3o livre. Gritos, urros panela\u00e7os n\u00e3o s\u00e3o express\u00f5es da participa\u00e7\u00e3o pol\u00edtica democr\u00e1tica. S\u00e3o apenas gritos, urros e palavr\u00f5es, muito adequados para os interesses dos grandes promotores.<br \/>\nMas h\u00e1 li\u00e7\u00f5es a aprender, voc\u00eas t\u00eam de aprender a participar da pol\u00edtica! Lamento!<br \/>\nPermitam-me dar-lhes um conselho, n\u00e3o fa\u00e7am nada, mas observem, observem muito, observem as ocupa\u00e7\u00f5es pelos estudantes das escolas p\u00fablicas no Rio Grande do Sul, observem o movimento dos Lanceiros Negros em Porto Alegre, observem as discuss\u00f5es nas reuni\u00f5es dos muitos grupos organizados para defender a democracia no Brasil, observem os movimentos dos professores grevistas, observem o sindicato dos petroleiros, observem as aulas p\u00fablicas acontecendo por todo o pa\u00eds, os manifestos escritos a favor da democracia, observem a Presidenta Dilma recorrendo o pa\u00eds e falando \u00e0s pessoas, defendendo-se, colocando-se politicamente. Isto, s\u00f3 isto, observem!!!<br \/>\nPorque agora se est\u00e1 fazendo pol\u00edtica. Voc\u00eas possivelmente est\u00e3o com medo do que est\u00e1 acontecendo e desta vez voc\u00eas est\u00e3o certos, voc\u00eas devem temer (com ou sem Temer), porque a democracia \u00e9 um jogo dif\u00edcil de ser jogado. E voc\u00eas v\u00e3o ter de jogar este jogo e a\u00ed meus caros apoiadores do golpe gritos, urros, palavr\u00f5es e panela\u00e7os \u00e9 muito pouco. S\u00f3 serve para botar um usurpador e uma gang de ministros suspeitos no poder, por pouco tempo!<\/p>\n","protected":false},"excerpt":{"rendered":"<p>Celi Regina Pinto De mar\u00e7o de 2015 at\u00e9 hoje, nestes mais de dois anos, muitas coisas se passaram na pol\u00edtica brasileira. 2015 refere -se \u00e0s primeiras grandes manifesta\u00e7\u00f5es a favor do impeachment da Presidenta Dilma Rousseff, os dias atuais referem-se \u00e0s manifesta\u00e7\u00f5es em favor da volta da Presidenta ao governo do pa\u00eds. E voc\u00eas estiveram [&hellip;]<\/p>\n","protected":false},"author":4,"featured_media":34328,"comment_status":"open","ping_status":"closed","sticky":false,"template":"","format":"standard","meta":{"_jetpack_newsletter_access":"","_jetpack_dont_email_post_to_subs":false,"_jetpack_newsletter_tier_id":0,"_jetpack_memberships_contains_paywalled_content":false,"_jetpack_feature_clip_id":0,"_jetpack_memberships_contains_paid_content":false,"footnotes":"","jetpack_post_was_ever_published":false},"categories":[2011,2012],"tags":[],"class_list":["post-34312","post","type-post","status-publish","format-standard","has-post-thumbnail","hentry","category-destaque","category-debates"],"aioseo_notices":[],"aioseo_head":"\n\t\t<!-- All in One SEO 5.0.1.1 - aioseo.com -->\n\t<meta name=\"robots\" content=\"max-image-preview:large\" \/>\n\t<meta name=\"author\" content=\"da Reda\u00e7\u00e3o\"\/>\n\t<link rel=\"canonical\" href=\"https:\/\/www.jornalja.com.br\/arquivo\/carta-aos-apoiadores-do-golpe\/\" \/>\n\t<meta name=\"generator\" content=\"All in One SEO (AIOSEO) 5.0.1.1\" \/>\n\t\t<meta property=\"og:locale\" content=\"pt_BR\" \/>\n\t\t<meta property=\"og:site_name\" content=\"Arquivo | Jornal J\u00c1 | Porto Alegre\" \/>\n\t\t<meta property=\"og:type\" content=\"article\" \/>\n\t\t<meta property=\"og:title\" content=\"Carta aos apoiadores do golpe | Arquivo\" \/>\n\t\t<meta property=\"og:url\" content=\"https:\/\/www.jornalja.com.br\/arquivo\/carta-aos-apoiadores-do-golpe\/\" \/>\n\t\t<meta property=\"og:image\" content=\"https:\/\/www.jornalja.com.br\/economics\/wp-content\/uploads\/sites\/11\/2026\/08\/ja-folhaderosto-facebook.jpg\" \/>\n\t\t<meta property=\"og:image:secure_url\" content=\"https:\/\/www.jornalja.com.br\/economics\/wp-content\/uploads\/sites\/11\/2026\/08\/ja-folhaderosto-facebook.jpg\" \/>\n\t\t<meta property=\"article:published_time\" content=\"2016-06-07T09:00:39+00:00\" \/>\n\t\t<meta property=\"article:modified_time\" content=\"2016-06-07T09:00:39+00:00\" \/>\n\t\t<meta name=\"twitter:card\" content=\"summary\" \/>\n\t\t<meta name=\"twitter:title\" content=\"Carta aos apoiadores do golpe | Arquivo\" \/>\n\t\t<meta name=\"twitter:image\" content=\"https:\/\/www.jornalja.com.br\/economics\/wp-content\/uploads\/sites\/11\/2026\/08\/ja-folhaderosto-facebook.jpg\" \/>\n\t\t<script type=\"application\/ld+json\" class=\"aioseo-schema\">\n\t\t\t{\"@context\":\"https:\\\/\\\/schema.org\",\"@graph\":[{\"@type\":\"BlogPosting\",\"@id\":\"https:\\\/\\\/www.jornalja.com.br\\\/arquivo\\\/carta-aos-apoiadores-do-golpe\\\/#blogposting\",\"name\":\"Carta aos apoiadores do golpe | Arquivo\",\"headline\":\"Carta aos apoiadores do golpe\",\"author\":{\"@id\":\"https:\\\/\\\/www.jornalja.com.br\\\/arquivo\\\/author\\\/daredacao\\\/#author\"},\"publisher\":{\"@id\":\"https:\\\/\\\/www.jornalja.com.br\\\/arquivo\\\/#organization\"},\"image\":{\"@type\":\"ImageObject\",\"url\":34328},\"datePublished\":\"2016-06-07T06:00:39-03:00\",\"dateModified\":\"2016-06-07T06:00:39-03:00\",\"inLanguage\":\"pt-BR\",\"mainEntityOfPage\":{\"@id\":\"https:\\\/\\\/www.jornalja.com.br\\\/arquivo\\\/carta-aos-apoiadores-do-golpe\\\/#webpage\"},\"isPartOf\":{\"@id\":\"https:\\\/\\\/www.jornalja.com.br\\\/arquivo\\\/carta-aos-apoiadores-do-golpe\\\/#webpage\"},\"articleSection\":\"CDD-artigo em destaque, HOTSITE Comit\\u00ea pela Democracia\"},{\"@type\":\"BreadcrumbList\",\"@id\":\"https:\\\/\\\/www.jornalja.com.br\\\/arquivo\\\/carta-aos-apoiadores-do-golpe\\\/#breadcrumblist\",\"itemListElement\":[{\"@type\":\"ListItem\",\"@id\":\"https:\\\/\\\/www.jornalja.com.br\\\/arquivo#listItem\",\"position\":1,\"name\":\"Home\",\"item\":\"https:\\\/\\\/www.jornalja.com.br\\\/arquivo\",\"nextItem\":{\"@type\":\"ListItem\",\"@id\":\"https:\\\/\\\/www.jornalja.com.br\\\/arquivo\\\/category\\\/destaque\\\/#listItem\",\"name\":\"CDD-artigo em destaque\"}},{\"@type\":\"ListItem\",\"@id\":\"https:\\\/\\\/www.jornalja.com.br\\\/arquivo\\\/category\\\/destaque\\\/#listItem\",\"position\":2,\"name\":\"CDD-artigo em destaque\",\"item\":\"https:\\\/\\\/www.jornalja.com.br\\\/arquivo\\\/category\\\/destaque\\\/\",\"nextItem\":{\"@type\":\"ListItem\",\"@id\":\"https:\\\/\\\/www.jornalja.com.br\\\/arquivo\\\/carta-aos-apoiadores-do-golpe\\\/#listItem\",\"name\":\"Carta aos apoiadores do golpe\"},\"previousItem\":{\"@type\":\"ListItem\",\"@id\":\"https:\\\/\\\/www.jornalja.com.br\\\/arquivo#listItem\",\"name\":\"Home\"}},{\"@type\":\"ListItem\",\"@id\":\"https:\\\/\\\/www.jornalja.com.br\\\/arquivo\\\/carta-aos-apoiadores-do-golpe\\\/#listItem\",\"position\":3,\"name\":\"Carta aos apoiadores do golpe\",\"previousItem\":{\"@type\":\"ListItem\",\"@id\":\"https:\\\/\\\/www.jornalja.com.br\\\/arquivo\\\/category\\\/destaque\\\/#listItem\",\"name\":\"CDD-artigo em destaque\"}}]},{\"@type\":\"Organization\",\"@id\":\"https:\\\/\\\/www.jornalja.com.br\\\/arquivo\\\/#organization\",\"name\":\"Jornal J\\u00c1\",\"description\":\"Jornal J\\u00c1 | Porto Alegre\",\"url\":\"https:\\\/\\\/www.jornalja.com.br\\\/arquivo\\\/\",\"telephone\":\"+555133307272\",\"logo\":{\"@type\":\"ImageObject\",\"url\":\"https:\\\/\\\/www.jornalja.com.br\\\/wp-content\\\/uploads\\\/cards\\\/JAslogan.png\",\"@id\":\"https:\\\/\\\/www.jornalja.com.br\\\/arquivo\\\/carta-aos-apoiadores-do-golpe\\\/#organizationLogo\"},\"image\":{\"@id\":\"https:\\\/\\\/www.jornalja.com.br\\\/arquivo\\\/carta-aos-apoiadores-do-golpe\\\/#organizationLogo\"}},{\"@type\":\"Person\",\"@id\":\"https:\\\/\\\/www.jornalja.com.br\\\/arquivo\\\/author\\\/daredacao\\\/#author\",\"url\":\"https:\\\/\\\/www.jornalja.com.br\\\/arquivo\\\/author\\\/daredacao\\\/\",\"name\":\"da Reda\\u00e7\\u00e3o\",\"image\":{\"@type\":\"ImageObject\",\"@id\":\"https:\\\/\\\/www.jornalja.com.br\\\/arquivo\\\/carta-aos-apoiadores-do-golpe\\\/#authorImage\",\"url\":\"https:\\\/\\\/secure.gravatar.com\\\/avatar\\\/469fd857d6605ad19919d27ed29d35a968a25f6e8fd9318356bbb7f57aae9c65?s=96&d=mm&r=g\",\"width\":96,\"height\":96,\"caption\":\"da Reda\\u00e7\\u00e3o\"}},{\"@type\":\"WebPage\",\"@id\":\"https:\\\/\\\/www.jornalja.com.br\\\/arquivo\\\/carta-aos-apoiadores-do-golpe\\\/#webpage\",\"url\":\"https:\\\/\\\/www.jornalja.com.br\\\/arquivo\\\/carta-aos-apoiadores-do-golpe\\\/\",\"name\":\"Carta aos apoiadores do golpe | Arquivo\",\"inLanguage\":\"pt-BR\",\"isPartOf\":{\"@id\":\"https:\\\/\\\/www.jornalja.com.br\\\/arquivo\\\/#website\"},\"breadcrumb\":{\"@id\":\"https:\\\/\\\/www.jornalja.com.br\\\/arquivo\\\/carta-aos-apoiadores-do-golpe\\\/#breadcrumblist\"},\"author\":{\"@id\":\"https:\\\/\\\/www.jornalja.com.br\\\/arquivo\\\/author\\\/daredacao\\\/#author\"},\"creator\":{\"@id\":\"https:\\\/\\\/www.jornalja.com.br\\\/arquivo\\\/author\\\/daredacao\\\/#author\"},\"image\":{\"@type\":\"ImageObject\",\"url\":34328,\"@id\":\"https:\\\/\\\/www.jornalja.com.br\\\/arquivo\\\/carta-aos-apoiadores-do-golpe\\\/#mainImage\"},\"primaryImageOfPage\":{\"@id\":\"https:\\\/\\\/www.jornalja.com.br\\\/arquivo\\\/carta-aos-apoiadores-do-golpe\\\/#mainImage\"},\"datePublished\":\"2016-06-07T06:00:39-03:00\",\"dateModified\":\"2016-06-07T06:00:39-03:00\"},{\"@type\":\"WebSite\",\"@id\":\"https:\\\/\\\/www.jornalja.com.br\\\/arquivo\\\/#website\",\"url\":\"https:\\\/\\\/www.jornalja.com.br\\\/arquivo\\\/\",\"name\":\"Arquivo\",\"description\":\"Jornal J\\u00c1 | Porto Alegre\",\"inLanguage\":\"pt-BR\",\"publisher\":{\"@id\":\"https:\\\/\\\/www.jornalja.com.br\\\/arquivo\\\/#organization\"}}]}\n\t\t<\/script>\n\t\t<!-- All in One SEO -->\n\n","aioseo_head_json":{"title":"Carta aos apoiadores do golpe | Arquivo","description":"","canonical_url":"https:\/\/www.jornalja.com.br\/arquivo\/carta-aos-apoiadores-do-golpe\/","robots":"max-image-preview:large","keywords":"","webmasterTools":{"miscellaneous":""},"schema":{"@context":"https:\/\/schema.org","@graph":[{"@type":"BlogPosting","@id":"https:\/\/www.jornalja.com.br\/arquivo\/carta-aos-apoiadores-do-golpe\/#blogposting","name":"Carta aos apoiadores do golpe | Arquivo","headline":"Carta aos apoiadores do golpe","author":{"@id":"https:\/\/www.jornalja.com.br\/arquivo\/author\/daredacao\/#author"},"publisher":{"@id":"https:\/\/www.jornalja.com.br\/arquivo\/#organization"},"image":{"@type":"ImageObject","url":34328},"datePublished":"2016-06-07T06:00:39-03:00","dateModified":"2016-06-07T06:00:39-03:00","inLanguage":"pt-BR","mainEntityOfPage":{"@id":"https:\/\/www.jornalja.com.br\/arquivo\/carta-aos-apoiadores-do-golpe\/#webpage"},"isPartOf":{"@id":"https:\/\/www.jornalja.com.br\/arquivo\/carta-aos-apoiadores-do-golpe\/#webpage"},"articleSection":"CDD-artigo em destaque, HOTSITE Comit\u00ea pela Democracia"},{"@type":"BreadcrumbList","@id":"https:\/\/www.jornalja.com.br\/arquivo\/carta-aos-apoiadores-do-golpe\/#breadcrumblist","itemListElement":[{"@type":"ListItem","@id":"https:\/\/www.jornalja.com.br\/arquivo#listItem","position":1,"name":"Home","item":"https:\/\/www.jornalja.com.br\/arquivo","nextItem":{"@type":"ListItem","@id":"https:\/\/www.jornalja.com.br\/arquivo\/category\/destaque\/#listItem","name":"CDD-artigo em destaque"}},{"@type":"ListItem","@id":"https:\/\/www.jornalja.com.br\/arquivo\/category\/destaque\/#listItem","position":2,"name":"CDD-artigo em destaque","item":"https:\/\/www.jornalja.com.br\/arquivo\/category\/destaque\/","nextItem":{"@type":"ListItem","@id":"https:\/\/www.jornalja.com.br\/arquivo\/carta-aos-apoiadores-do-golpe\/#listItem","name":"Carta aos apoiadores do golpe"},"previousItem":{"@type":"ListItem","@id":"https:\/\/www.jornalja.com.br\/arquivo#listItem","name":"Home"}},{"@type":"ListItem","@id":"https:\/\/www.jornalja.com.br\/arquivo\/carta-aos-apoiadores-do-golpe\/#listItem","position":3,"name":"Carta aos apoiadores do golpe","previousItem":{"@type":"ListItem","@id":"https:\/\/www.jornalja.com.br\/arquivo\/category\/destaque\/#listItem","name":"CDD-artigo em destaque"}}]},{"@type":"Organization","@id":"https:\/\/www.jornalja.com.br\/arquivo\/#organization","name":"Jornal J\u00c1","description":"Jornal J\u00c1 | Porto Alegre","url":"https:\/\/www.jornalja.com.br\/arquivo\/","telephone":"+555133307272","logo":{"@type":"ImageObject","url":"https:\/\/www.jornalja.com.br\/wp-content\/uploads\/cards\/JAslogan.png","@id":"https:\/\/www.jornalja.com.br\/arquivo\/carta-aos-apoiadores-do-golpe\/#organizationLogo"},"image":{"@id":"https:\/\/www.jornalja.com.br\/arquivo\/carta-aos-apoiadores-do-golpe\/#organizationLogo"}},{"@type":"Person","@id":"https:\/\/www.jornalja.com.br\/arquivo\/author\/daredacao\/#author","url":"https:\/\/www.jornalja.com.br\/arquivo\/author\/daredacao\/","name":"da Reda\u00e7\u00e3o","image":{"@type":"ImageObject","@id":"https:\/\/www.jornalja.com.br\/arquivo\/carta-aos-apoiadores-do-golpe\/#authorImage","url":"https:\/\/secure.gravatar.com\/avatar\/469fd857d6605ad19919d27ed29d35a968a25f6e8fd9318356bbb7f57aae9c65?s=96&d=mm&r=g","width":96,"height":96,"caption":"da Reda\u00e7\u00e3o"}},{"@type":"WebPage","@id":"https:\/\/www.jornalja.com.br\/arquivo\/carta-aos-apoiadores-do-golpe\/#webpage","url":"https:\/\/www.jornalja.com.br\/arquivo\/carta-aos-apoiadores-do-golpe\/","name":"Carta aos apoiadores do golpe | Arquivo","inLanguage":"pt-BR","isPartOf":{"@id":"https:\/\/www.jornalja.com.br\/arquivo\/#website"},"breadcrumb":{"@id":"https:\/\/www.jornalja.com.br\/arquivo\/carta-aos-apoiadores-do-golpe\/#breadcrumblist"},"author":{"@id":"https:\/\/www.jornalja.com.br\/arquivo\/author\/daredacao\/#author"},"creator":{"@id":"https:\/\/www.jornalja.com.br\/arquivo\/author\/daredacao\/#author"},"image":{"@type":"ImageObject","url":34328,"@id":"https:\/\/www.jornalja.com.br\/arquivo\/carta-aos-apoiadores-do-golpe\/#mainImage"},"primaryImageOfPage":{"@id":"https:\/\/www.jornalja.com.br\/arquivo\/carta-aos-apoiadores-do-golpe\/#mainImage"},"datePublished":"2016-06-07T06:00:39-03:00","dateModified":"2016-06-07T06:00:39-03:00"},{"@type":"WebSite","@id":"https:\/\/www.jornalja.com.br\/arquivo\/#website","url":"https:\/\/www.jornalja.com.br\/arquivo\/","name":"Arquivo","description":"Jornal J\u00c1 | Porto Alegre","inLanguage":"pt-BR","publisher":{"@id":"https:\/\/www.jornalja.com.br\/arquivo\/#organization"}}]},"og:locale":"pt_BR","og:site_name":"Arquivo | Jornal J\u00c1 | Porto Alegre","og:type":"article","og:title":"Carta aos apoiadores do golpe | Arquivo","og:url":"https:\/\/www.jornalja.com.br\/arquivo\/carta-aos-apoiadores-do-golpe\/","og:image":"https:\/\/www.jornalja.com.br\/economics\/wp-content\/uploads\/sites\/11\/2026\/08\/ja-folhaderosto-facebook.jpg","og:image:secure_url":"https:\/\/www.jornalja.com.br\/economics\/wp-content\/uploads\/sites\/11\/2026\/08\/ja-folhaderosto-facebook.jpg","article:published_time":"2016-06-07T09:00:39+00:00","article:modified_time":"2016-06-07T09:00:39+00:00","twitter:card":"summary","twitter:title":"Carta aos apoiadores do golpe | Arquivo","twitter:image":"https:\/\/www.jornalja.com.br\/economics\/wp-content\/uploads\/sites\/11\/2026\/08\/ja-folhaderosto-facebook.jpg"},"aioseo_meta_data":{"post_id":"34312","title":null,"description":null,"keywords":null,"keyphrases":null,"primary_term":null,"canonical_url":null,"og_title":null,"og_description":null,"og_object_type":"default","og_image_type":"default","og_image_url":null,"og_image_width":null,"og_image_height":null,"og_image_custom_url":null,"og_image_custom_fields":null,"og_video":null,"og_custom_url":null,"og_article_section":null,"og_article_tags":null,"twitter_use_og":false,"twitter_card":"default","twitter_image_type":"default","twitter_image_url":null,"twitter_image_custom_url":null,"twitter_image_custom_fields":null,"twitter_title":null,"twitter_description":null,"schema":{"blockGraphs":[],"customGraphs":[],"default":{"data":{"Article":[],"Course":[],"Dataset":[],"FAQPage":[],"Movie":[],"Person":[],"Product":[],"ProductReview":[],"Car":[],"Recipe":[],"Service":[],"SoftwareApplication":[],"WebPage":[]},"graphName":"","isEnabled":true},"graphs":[],"defaultGraph":"","defaultPostTypeGraph":""},"schema_type":null,"schema_type_options":null,"pillar_content":false,"robots_default":true,"robots_noindex":false,"robots_noarchive":false,"robots_nosnippet":false,"robots_nofollow":false,"robots_noimageindex":false,"robots_noodp":false,"robots_notranslate":false,"robots_max_snippet":null,"robots_max_videopreview":null,"robots_max_imagepreview":"large","priority":null,"frequency":null,"location":null,"local_seo":null,"breadcrumb_settings":null,"limit_modified_date":false,"ai":null,"created":"2020-12-20 20:56:37","updated":"2025-07-19 14:17:12","seo_analyzer_scan_date":null,"focus_keyword":null,"additional_keywords":null,"truseo_locale":null},"jetpack_sharing_enabled":true,"jetpack-related-posts":[{"id":13101,"url":"https:\/\/www.jornalja.com.br\/arquivo\/morre-um-guerreiro-do-texto\/","url_meta":{"origin":34312,"position":0},"title":"Morre um guerreiro do texto","author":"Patr\u00edcia Marini","date":"14 de maio de 2014","format":false,"excerpt":"Por Ricardo Kotscho Reproduzido do blog do autor, 11\/5\/2014; t\u00edtulo original \u201cE l\u00e1 se foi o nosso Myltainho, guerreiro do texto\u201d. Mi\u00fado e franzino, meu amigo Myltainho era um valente e inconformado guerreiro na luta contra as injusti\u00e7as sociais, a hipocrisia, as maracutaias, o autoritarismo, a intoler\u00e2ncia, a viol\u00eancia, o\u2026","rel":"","context":"Em &quot;Geral&quot;","block_context":{"text":"Geral","link":"https:\/\/www.jornalja.com.br\/arquivo\/category\/geral\/"},"img":{"alt_text":"","src":"","width":0,"height":0},"classes":[]},{"id":13240,"url":"https:\/\/www.jornalja.com.br\/arquivo\/plano-diretor-estamos-construindo-o-caos\/","url_meta":{"origin":34312,"position":1},"title":"Plano diretor: &quot;Estamos construindo o caos&quot;","author":"Patr\u00edcia Marini","date":"26 de maio de 2014","format":false,"excerpt":"Desabafo que arquiteta Eliana Castilhos, delegada da Regi\u00e3o de Planejamento 1, postou nas redes sociais \u00e9 um testemunho do ambiente que se criou no Conselho do Plano Diretor de Porto Alegre, onde a aprova\u00e7\u00e3o de grandes empreendimentos \u00e9 empurrada guela abaixo dos conselheiros. Ao CMDUA Como delegada da Regi\u00e3o de\u2026","rel":"","context":"Em &quot;Geral&quot;","block_context":{"text":"Geral","link":"https:\/\/www.jornalja.com.br\/arquivo\/category\/geral\/"},"img":{"alt_text":"","src":"","width":0,"height":0},"classes":[]},{"id":1280,"url":"https:\/\/www.jornalja.com.br\/arquivo\/o-menino-que-se-tornou-brizola\/","url_meta":{"origin":34312,"position":2},"title":"O Menino que se Tornou Brizola","author":"da Reda\u00e7\u00e3o","date":"28 de julho de 2008","format":false,"excerpt":"Autor: Cleber Dioni A vida de Leonel Brizola, com \u00eanfase para os primeiros anos em Porto Alegre, at\u00e9 o ex\u00edlio no Uruguai e a volta, quinze anos depois. \u00a0\"...\u00c9ramos todos jovens e nos identific\u00e1vamos com aquela massa an\u00f4nima a percorrer as ruas de Porto Alegre, gritando 'Get\u00falio', 'Get\u00falio' e empunhando\u2026","rel":"","context":"Em &quot;Livros&quot;","block_context":{"text":"Livros","link":"https:\/\/www.jornalja.com.br\/arquivo\/category\/livros\/"},"img":{"alt_text":"","src":"https:\/\/i0.wp.com\/www.jornalja.com.br\/wp-content\/uploads\/2008\/07\/brizola.gif?resize=350%2C200&ssl=1","width":350,"height":200},"classes":[]},{"id":13239,"url":"https:\/\/www.jornalja.com.br\/arquivo\/conselho-desdenha-do-plano-diretor\/","url_meta":{"origin":34312,"position":3},"title":"Porto Alegre: Conselho detona Plano Diretor","author":"Patr\u00edcia Marini","date":"25 de maio de 2014","format":false,"excerpt":"Den\u00fancia do arquiteto e \u00a0urbanista Ibir\u00e1 Santos Lucas. Ele diz que os conselheiros est\u00e3o votando com \"enorme irresponsabilidade\". \"Mudam regime com a maior naturalidade,,,regularizam absurdos de constru\u00e7\u00f5es irregulares... \"O CMDUA est\u00e1 flexibilizando a lei do plano diretor, de uma forma impactante na vida da cidade. Mudam regime com a maior\u2026","rel":"","context":"Em &quot;Geral&quot;","block_context":{"text":"Geral","link":"https:\/\/www.jornalja.com.br\/arquivo\/category\/geral\/"},"img":{"alt_text":"","src":"","width":0,"height":0},"classes":[]},{"id":13124,"url":"https:\/\/www.jornalja.com.br\/arquivo\/sangue-latino-no-iecine\/","url_meta":{"origin":34312,"position":4},"title":"Sangue latino no IECINE","author":"da Reda\u00e7\u00e3o","date":"18 de maio de 2014","format":false,"excerpt":"Francisco Ribeiro O Instituto Estadual de Cinema (IECINE) tem a frente, desde abril \u00faltimo, um novo diretor, o cineasta colombiano Juan Zapata, 36, que substitui Luiz Alberto Cassol. Radicado h\u00e1 dez anos em Porto Alegre, Zapata tem diante de si o desafio de conduzir at\u00e9 o final do ano um\u2026","rel":"","context":"Em &quot;Cultura-Geral&quot;","block_context":{"text":"Cultura-Geral","link":"https:\/\/www.jornalja.com.br\/arquivo\/category\/materiasecundaria\/"},"img":{"alt_text":"","src":"","width":0,"height":0},"classes":[]},{"id":12960,"url":"https:\/\/www.jornalja.com.br\/arquivo\/populacao-culpa-empresas-pela-greve-dos-rodoviarios\/","url_meta":{"origin":34312,"position":5},"title":"Popula\u00e7\u00e3o culpa empresas pela greve","author":"Patr\u00edcia Marini","date":"14 de fevereiro de 2014","format":false,"excerpt":"Pesquisa divulgada na edi\u00e7\u00e3o do jornal Metro desta sexta-feira,14, comprova o velho ditado: \u00e9 poss\u00edvel enganar muitos por algum tempo, mas n\u00e3o \u00e9 poss\u00edvel enganar a todos o tempo inteiro. A principal revela\u00e7\u00e3o foi que 59,8% dos entrevistados apontaram as empresas como as principais respons\u00e1veis pela grave e 46% culparam\u2026","rel":"","context":"Em &quot;X.Categorias velhas&quot;","block_context":{"text":"X.Categorias velhas","link":"https:\/\/www.jornalja.com.br\/arquivo\/category\/x-categorias-velhas\/"},"img":{"alt_text":"","src":"","width":0,"height":0},"classes":[]}],"jetpack_shortlink":"https:\/\/wp.me\/pbQjBd-8Vq","jetpack_featured_media_url":"","_links":{"self":[{"href":"https:\/\/www.jornalja.com.br\/arquivo\/wp-json\/wp\/v2\/posts\/34312","targetHints":{"allow":["GET"]}}],"collection":[{"href":"https:\/\/www.jornalja.com.br\/arquivo\/wp-json\/wp\/v2\/posts"}],"about":[{"href":"https:\/\/www.jornalja.com.br\/arquivo\/wp-json\/wp\/v2\/types\/post"}],"author":[{"embeddable":true,"href":"https:\/\/www.jornalja.com.br\/arquivo\/wp-json\/wp\/v2\/users\/4"}],"replies":[{"embeddable":true,"href":"https:\/\/www.jornalja.com.br\/arquivo\/wp-json\/wp\/v2\/comments?post=34312"}],"version-history":[{"count":0,"href":"https:\/\/www.jornalja.com.br\/arquivo\/wp-json\/wp\/v2\/posts\/34312\/revisions"}],"wp:attachment":[{"href":"https:\/\/www.jornalja.com.br\/arquivo\/wp-json\/wp\/v2\/media?parent=34312"}],"wp:term":[{"taxonomy":"category","embeddable":true,"href":"https:\/\/www.jornalja.com.br\/arquivo\/wp-json\/wp\/v2\/categories?post=34312"},{"taxonomy":"post_tag","embeddable":true,"href":"https:\/\/www.jornalja.com.br\/arquivo\/wp-json\/wp\/v2\/tags?post=34312"}],"curies":[{"name":"wp","href":"https:\/\/api.w.org\/{rel}","templated":true}]}}