{"id":34319,"date":"2016-06-07T18:45:28","date_gmt":"2016-06-07T21:45:28","guid":{"rendered":"https:\/\/www.jornalja.com.br\/?p=34319"},"modified":"2016-06-07T18:45:28","modified_gmt":"2016-06-07T21:45:28","slug":"nota-da-associacao-latino-americana-de-juizes-do-trabalho","status":"publish","type":"post","link":"https:\/\/www.jornalja.com.br\/arquivo\/nota-da-associacao-latino-americana-de-juizes-do-trabalho\/","title":{"rendered":"Nota da Associa\u00e7\u00e3o Latino-americana de Ju\u00edzes do Trabalho"},"content":{"rendered":"<p>A Associa\u00e7\u00e3o Latino-americana de Ju\u00edzes do Trabalho &#8211; ALJT, em face da divulga\u00e7\u00e3o de grava\u00e7\u00f5es de conversas do Sr. S\u00e9rgio Machado com altas autoridades da Rep\u00fablica e dos acontecimentos que a ela se seguiram, vem a p\u00fablico manifestar a preocupa\u00e7\u00e3o com a poss\u00edvel utiliza\u00e7\u00e3o do Poder Judici\u00e1rio do Brasil para a perpetra\u00e7\u00e3o do golpe de estado em curso no pa\u00eds.<br \/>\nAs grava\u00e7\u00f5es d\u00e3o conta do prop\u00f3sito de derrubada do poder da Presidente democraticamente eleita, como pressuposto de viabiliza\u00e7\u00e3o de um grande acordo, supostamente envolvendo at\u00e9 mesmo o Supremo Tribunal Federal, destinado a assegurar a impunidade de pol\u00edticos que se op\u00f5em ao governo leg\u00edtimo, alguns dos quais, inexplicavelmente, at\u00e9 aqui n\u00e3o alcan\u00e7ados pelas in\u00fameras fases da denominada Opera\u00e7\u00e3o M\u00e3os Limpas, seja na \u00f3rbita de atua\u00e7\u00e3o do ju\u00edzo da 23.\u00aa Vara Federal de Curitiba, seja no \u00e2mbito do pr\u00f3prio STF.<br \/>\nO conte\u00fado das conversas parece evidenciar que a Chefe de Estado est\u00e1 sendo apeada do poder exatamente por ser elemento de garantia da independ\u00eancia e da autonomia do Minist\u00e9rio P\u00fablico e do Poder Judici\u00e1rio nas investiga\u00e7\u00f5es e, o pior, sob a c\u00ednica justificativa de combate \u00e0 corrup\u00e7\u00e3o.<br \/>\nCausa estranheza \u00e0 ALJT a rea\u00e7\u00e3o do Supremo Tribunal Federal \u00e0s refer\u00eancias de pacto envolvendo a Corte e, ainda mais, de conversas supostamente j\u00e1 havidas com diversos de seus membros, principalmente se cotejada com as provid\u00eancias que se seguiram ao vazamento das grava\u00e7\u00f5es do di\u00e1logo entre o ent\u00e3o senador Delc\u00eddio do Amaral com o Sr. Bernardo Cerver\u00f3, no momento em que parte da imprensa informa que alguns \u2013 ou todos \u2013 os Ministros do STF teriam sido criminosamente grampeados.<br \/>\nConsidera a ALJT ser ofensivo ao dever de imparcialidade imposto \u00e0 magistratura o comportamento do Ministro Gilmar Ferreira Mendes, incans\u00e1vel no prop\u00f3sito de ostentar o seu papel hegem\u00f4nico no Poder Judici\u00e1rio, sem receio de revelar a condu\u00e7\u00e3o pol\u00edtico-partid\u00e1ria que imprime \u00e0 sua atua\u00e7\u00e3o de magistrado, seja com declara\u00e7\u00f5es pr\u00e9vias de condena\u00e7\u00e3o \u00e0s partes cujas demandas lhe s\u00e3o submetidas, caso integrantes de uma corrente pol\u00edtica, ou na complac\u00eancia em rela\u00e7\u00e3o a outras, integrantes da corrente contr\u00e1ria.<br \/>\nSua Excel\u00eancia, desde a posse no STF, denunciada, \u00e0 \u00e9poca, por juristas, pol\u00edticos e entidades da sociedade civil como sendo atentat\u00f3ria \u00e0 independ\u00eancia judicial, revela desenvoltura crescente no trato pol\u00edtico das quest\u00f5es judiciais, seja se exibindo publicamente em reuni\u00f5es com l\u00edderes partid\u00e1rios, seja, como ocorreu no \u00faltimo s\u00e1bado, dia 28 de maio, reunindo-se, sem registro em agenda, com o presidente interino, alvo de acusa\u00e7\u00f5es que s\u00e3o objeto de a\u00e7\u00f5es que o Ministro julgar\u00e1 \u2013 e conduzir\u00e1 -, como integrante e, agora, presidente, da 2.\u00aa Turma do Supremo Tribunal Federal.<br \/>\nPreocupa a ALJT o sil\u00eancio dos demais integrantes do Supremo Tribunal Federal, a despeito de todos os fatos acima indicados. Mais ainda, o apoio que um e outro oferecem ao Ministro Gilmar Mendes, quando lhe atribuem a qualidade da independ\u00eancia e, em reconhecimento, oferecem-lhe postos chave da estrutura de altas Cortes de Justi\u00e7a, justo quando diversos setores da sociedade civil organizada discutem propostas de pedido de impeachment de Sua Excele\u00eancia .<br \/>\nEspera a ALJT que, na dif\u00edcil quadra que atravessa o pa\u00eds, seja preservado o papel do Poder Judici\u00e1rio brasileiro, de salvaguarda dos direitos pol\u00edticos e sociais, de defesa da Constitui\u00e7\u00e3o e das leis, de firme resposta \u00e0s pr\u00e1ticas criminosas, sejam quem fores os autores, sempre marcadas por isen\u00e7\u00e3o, imparcialidade e independ\u00eancia.<br \/>\nEm 30 de maio de 2016,<br \/>\nHUGO CAVALCANTI MELO FILHO<br \/>\nPresidente<\/p>\n","protected":false},"excerpt":{"rendered":"<p>A Associa\u00e7\u00e3o Latino-americana de Ju\u00edzes do Trabalho &#8211; ALJT, em face da divulga\u00e7\u00e3o de grava\u00e7\u00f5es de conversas do Sr. S\u00e9rgio Machado com altas autoridades da Rep\u00fablica e dos acontecimentos que a ela se seguiram, vem a p\u00fablico manifestar a preocupa\u00e7\u00e3o com a poss\u00edvel utiliza\u00e7\u00e3o do Poder Judici\u00e1rio do Brasil para a perpetra\u00e7\u00e3o do golpe de [&hellip;]<\/p>\n","protected":false},"author":4,"featured_media":34321,"comment_status":"open","ping_status":"closed","sticky":false,"template":"","format":"standard","meta":{"_jetpack_newsletter_access":"","_jetpack_dont_email_post_to_subs":false,"_jetpack_newsletter_tier_id":0,"_jetpack_memberships_contains_paywalled_content":false,"_jetpack_feature_clip_id":0,"_jetpack_memberships_contains_paid_content":false,"footnotes":"","jetpack_post_was_ever_published":false},"categories":[2013],"tags":[],"class_list":["post-34319","post","type-post","status-publish","format-standard","has-post-thumbnail","hentry","category-cdd-mural"],"aioseo_notices":[],"aioseo_head":"\n\t\t<!-- All in One SEO 5.0.1.1 - aioseo.com -->\n\t<meta name=\"robots\" content=\"max-image-preview:large\" \/>\n\t<meta name=\"author\" content=\"da Reda\u00e7\u00e3o\"\/>\n\t<link rel=\"canonical\" href=\"https:\/\/www.jornalja.com.br\/arquivo\/nota-da-associacao-latino-americana-de-juizes-do-trabalho\/\" \/>\n\t<meta name=\"generator\" content=\"All in One SEO (AIOSEO) 5.0.1.1\" \/>\n\t\t<meta property=\"og:locale\" content=\"pt_BR\" \/>\n\t\t<meta property=\"og:site_name\" content=\"Arquivo | Jornal J\u00c1 | Porto Alegre\" \/>\n\t\t<meta property=\"og:type\" content=\"article\" \/>\n\t\t<meta property=\"og:title\" content=\"Nota da Associa\u00e7\u00e3o Latino-americana de Ju\u00edzes do Trabalho | Arquivo\" \/>\n\t\t<meta property=\"og:url\" content=\"https:\/\/www.jornalja.com.br\/arquivo\/nota-da-associacao-latino-americana-de-juizes-do-trabalho\/\" \/>\n\t\t<meta property=\"og:image\" content=\"https:\/\/www.jornalja.com.br\/economics\/wp-content\/uploads\/sites\/11\/2026\/08\/ja-folhaderosto-facebook.jpg\" \/>\n\t\t<meta property=\"og:image:secure_url\" content=\"https:\/\/www.jornalja.com.br\/economics\/wp-content\/uploads\/sites\/11\/2026\/08\/ja-folhaderosto-facebook.jpg\" \/>\n\t\t<meta property=\"article:published_time\" content=\"2016-06-07T21:45:28+00:00\" \/>\n\t\t<meta property=\"article:modified_time\" content=\"2016-06-07T21:45:28+00:00\" \/>\n\t\t<meta name=\"twitter:card\" content=\"summary\" \/>\n\t\t<meta name=\"twitter:title\" content=\"Nota da Associa\u00e7\u00e3o Latino-americana de Ju\u00edzes do Trabalho | Arquivo\" \/>\n\t\t<meta name=\"twitter:image\" content=\"https:\/\/www.jornalja.com.br\/economics\/wp-content\/uploads\/sites\/11\/2026\/08\/ja-folhaderosto-facebook.jpg\" \/>\n\t\t<script type=\"application\/ld+json\" class=\"aioseo-schema\">\n\t\t\t{\"@context\":\"https:\\\/\\\/schema.org\",\"@graph\":[{\"@type\":\"BlogPosting\",\"@id\":\"https:\\\/\\\/www.jornalja.com.br\\\/arquivo\\\/nota-da-associacao-latino-americana-de-juizes-do-trabalho\\\/#blogposting\",\"name\":\"Nota da Associa\\u00e7\\u00e3o Latino-americana de Ju\\u00edzes do Trabalho | Arquivo\",\"headline\":\"Nota da Associa\\u00e7\\u00e3o Latino-americana de Ju\\u00edzes do Trabalho\",\"author\":{\"@id\":\"https:\\\/\\\/www.jornalja.com.br\\\/arquivo\\\/author\\\/daredacao\\\/#author\"},\"publisher\":{\"@id\":\"https:\\\/\\\/www.jornalja.com.br\\\/arquivo\\\/#organization\"},\"image\":{\"@type\":\"ImageObject\",\"url\":34321},\"datePublished\":\"2016-06-07T18:45:28-03:00\",\"dateModified\":\"2016-06-07T18:45:28-03:00\",\"inLanguage\":\"pt-BR\",\"mainEntityOfPage\":{\"@id\":\"https:\\\/\\\/www.jornalja.com.br\\\/arquivo\\\/nota-da-associacao-latino-americana-de-juizes-do-trabalho\\\/#webpage\"},\"isPartOf\":{\"@id\":\"https:\\\/\\\/www.jornalja.com.br\\\/arquivo\\\/nota-da-associacao-latino-americana-de-juizes-do-trabalho\\\/#webpage\"},\"articleSection\":\"CDD-MURAL\"},{\"@type\":\"BreadcrumbList\",\"@id\":\"https:\\\/\\\/www.jornalja.com.br\\\/arquivo\\\/nota-da-associacao-latino-americana-de-juizes-do-trabalho\\\/#breadcrumblist\",\"itemListElement\":[{\"@type\":\"ListItem\",\"@id\":\"https:\\\/\\\/www.jornalja.com.br\\\/arquivo#listItem\",\"position\":1,\"name\":\"Home\",\"item\":\"https:\\\/\\\/www.jornalja.com.br\\\/arquivo\",\"nextItem\":{\"@type\":\"ListItem\",\"@id\":\"https:\\\/\\\/www.jornalja.com.br\\\/arquivo\\\/category\\\/cdd-mural\\\/#listItem\",\"name\":\"CDD-MURAL\"}},{\"@type\":\"ListItem\",\"@id\":\"https:\\\/\\\/www.jornalja.com.br\\\/arquivo\\\/category\\\/cdd-mural\\\/#listItem\",\"position\":2,\"name\":\"CDD-MURAL\",\"item\":\"https:\\\/\\\/www.jornalja.com.br\\\/arquivo\\\/category\\\/cdd-mural\\\/\",\"nextItem\":{\"@type\":\"ListItem\",\"@id\":\"https:\\\/\\\/www.jornalja.com.br\\\/arquivo\\\/nota-da-associacao-latino-americana-de-juizes-do-trabalho\\\/#listItem\",\"name\":\"Nota da Associa\\u00e7\\u00e3o Latino-americana de Ju\\u00edzes do Trabalho\"},\"previousItem\":{\"@type\":\"ListItem\",\"@id\":\"https:\\\/\\\/www.jornalja.com.br\\\/arquivo#listItem\",\"name\":\"Home\"}},{\"@type\":\"ListItem\",\"@id\":\"https:\\\/\\\/www.jornalja.com.br\\\/arquivo\\\/nota-da-associacao-latino-americana-de-juizes-do-trabalho\\\/#listItem\",\"position\":3,\"name\":\"Nota da Associa\\u00e7\\u00e3o Latino-americana de Ju\\u00edzes do Trabalho\",\"previousItem\":{\"@type\":\"ListItem\",\"@id\":\"https:\\\/\\\/www.jornalja.com.br\\\/arquivo\\\/category\\\/cdd-mural\\\/#listItem\",\"name\":\"CDD-MURAL\"}}]},{\"@type\":\"Organization\",\"@id\":\"https:\\\/\\\/www.jornalja.com.br\\\/arquivo\\\/#organization\",\"name\":\"Jornal J\\u00c1\",\"description\":\"Jornal J\\u00c1 | Porto Alegre\",\"url\":\"https:\\\/\\\/www.jornalja.com.br\\\/arquivo\\\/\",\"telephone\":\"+555133307272\",\"logo\":{\"@type\":\"ImageObject\",\"url\":\"https:\\\/\\\/www.jornalja.com.br\\\/wp-content\\\/uploads\\\/cards\\\/JAslogan.png\",\"@id\":\"https:\\\/\\\/www.jornalja.com.br\\\/arquivo\\\/nota-da-associacao-latino-americana-de-juizes-do-trabalho\\\/#organizationLogo\"},\"image\":{\"@id\":\"https:\\\/\\\/www.jornalja.com.br\\\/arquivo\\\/nota-da-associacao-latino-americana-de-juizes-do-trabalho\\\/#organizationLogo\"}},{\"@type\":\"Person\",\"@id\":\"https:\\\/\\\/www.jornalja.com.br\\\/arquivo\\\/author\\\/daredacao\\\/#author\",\"url\":\"https:\\\/\\\/www.jornalja.com.br\\\/arquivo\\\/author\\\/daredacao\\\/\",\"name\":\"da Reda\\u00e7\\u00e3o\",\"image\":{\"@type\":\"ImageObject\",\"@id\":\"https:\\\/\\\/www.jornalja.com.br\\\/arquivo\\\/nota-da-associacao-latino-americana-de-juizes-do-trabalho\\\/#authorImage\",\"url\":\"https:\\\/\\\/secure.gravatar.com\\\/avatar\\\/469fd857d6605ad19919d27ed29d35a968a25f6e8fd9318356bbb7f57aae9c65?s=96&d=mm&r=g\",\"width\":96,\"height\":96,\"caption\":\"da Reda\\u00e7\\u00e3o\"}},{\"@type\":\"WebPage\",\"@id\":\"https:\\\/\\\/www.jornalja.com.br\\\/arquivo\\\/nota-da-associacao-latino-americana-de-juizes-do-trabalho\\\/#webpage\",\"url\":\"https:\\\/\\\/www.jornalja.com.br\\\/arquivo\\\/nota-da-associacao-latino-americana-de-juizes-do-trabalho\\\/\",\"name\":\"Nota da Associa\\u00e7\\u00e3o Latino-americana de Ju\\u00edzes do Trabalho | Arquivo\",\"inLanguage\":\"pt-BR\",\"isPartOf\":{\"@id\":\"https:\\\/\\\/www.jornalja.com.br\\\/arquivo\\\/#website\"},\"breadcrumb\":{\"@id\":\"https:\\\/\\\/www.jornalja.com.br\\\/arquivo\\\/nota-da-associacao-latino-americana-de-juizes-do-trabalho\\\/#breadcrumblist\"},\"author\":{\"@id\":\"https:\\\/\\\/www.jornalja.com.br\\\/arquivo\\\/author\\\/daredacao\\\/#author\"},\"creator\":{\"@id\":\"https:\\\/\\\/www.jornalja.com.br\\\/arquivo\\\/author\\\/daredacao\\\/#author\"},\"image\":{\"@type\":\"ImageObject\",\"url\":34321,\"@id\":\"https:\\\/\\\/www.jornalja.com.br\\\/arquivo\\\/nota-da-associacao-latino-americana-de-juizes-do-trabalho\\\/#mainImage\"},\"primaryImageOfPage\":{\"@id\":\"https:\\\/\\\/www.jornalja.com.br\\\/arquivo\\\/nota-da-associacao-latino-americana-de-juizes-do-trabalho\\\/#mainImage\"},\"datePublished\":\"2016-06-07T18:45:28-03:00\",\"dateModified\":\"2016-06-07T18:45:28-03:00\"},{\"@type\":\"WebSite\",\"@id\":\"https:\\\/\\\/www.jornalja.com.br\\\/arquivo\\\/#website\",\"url\":\"https:\\\/\\\/www.jornalja.com.br\\\/arquivo\\\/\",\"name\":\"Arquivo\",\"description\":\"Jornal J\\u00c1 | Porto Alegre\",\"inLanguage\":\"pt-BR\",\"publisher\":{\"@id\":\"https:\\\/\\\/www.jornalja.com.br\\\/arquivo\\\/#organization\"}}]}\n\t\t<\/script>\n\t\t<!-- All in One SEO -->\n\n","aioseo_head_json":{"title":"Nota da Associa\u00e7\u00e3o Latino-americana de Ju\u00edzes do Trabalho | Arquivo","description":"","canonical_url":"https:\/\/www.jornalja.com.br\/arquivo\/nota-da-associacao-latino-americana-de-juizes-do-trabalho\/","robots":"max-image-preview:large","keywords":"","webmasterTools":{"miscellaneous":""},"schema":{"@context":"https:\/\/schema.org","@graph":[{"@type":"BlogPosting","@id":"https:\/\/www.jornalja.com.br\/arquivo\/nota-da-associacao-latino-americana-de-juizes-do-trabalho\/#blogposting","name":"Nota da Associa\u00e7\u00e3o Latino-americana de Ju\u00edzes do Trabalho | Arquivo","headline":"Nota da Associa\u00e7\u00e3o Latino-americana de Ju\u00edzes do Trabalho","author":{"@id":"https:\/\/www.jornalja.com.br\/arquivo\/author\/daredacao\/#author"},"publisher":{"@id":"https:\/\/www.jornalja.com.br\/arquivo\/#organization"},"image":{"@type":"ImageObject","url":34321},"datePublished":"2016-06-07T18:45:28-03:00","dateModified":"2016-06-07T18:45:28-03:00","inLanguage":"pt-BR","mainEntityOfPage":{"@id":"https:\/\/www.jornalja.com.br\/arquivo\/nota-da-associacao-latino-americana-de-juizes-do-trabalho\/#webpage"},"isPartOf":{"@id":"https:\/\/www.jornalja.com.br\/arquivo\/nota-da-associacao-latino-americana-de-juizes-do-trabalho\/#webpage"},"articleSection":"CDD-MURAL"},{"@type":"BreadcrumbList","@id":"https:\/\/www.jornalja.com.br\/arquivo\/nota-da-associacao-latino-americana-de-juizes-do-trabalho\/#breadcrumblist","itemListElement":[{"@type":"ListItem","@id":"https:\/\/www.jornalja.com.br\/arquivo#listItem","position":1,"name":"Home","item":"https:\/\/www.jornalja.com.br\/arquivo","nextItem":{"@type":"ListItem","@id":"https:\/\/www.jornalja.com.br\/arquivo\/category\/cdd-mural\/#listItem","name":"CDD-MURAL"}},{"@type":"ListItem","@id":"https:\/\/www.jornalja.com.br\/arquivo\/category\/cdd-mural\/#listItem","position":2,"name":"CDD-MURAL","item":"https:\/\/www.jornalja.com.br\/arquivo\/category\/cdd-mural\/","nextItem":{"@type":"ListItem","@id":"https:\/\/www.jornalja.com.br\/arquivo\/nota-da-associacao-latino-americana-de-juizes-do-trabalho\/#listItem","name":"Nota da Associa\u00e7\u00e3o Latino-americana de Ju\u00edzes do Trabalho"},"previousItem":{"@type":"ListItem","@id":"https:\/\/www.jornalja.com.br\/arquivo#listItem","name":"Home"}},{"@type":"ListItem","@id":"https:\/\/www.jornalja.com.br\/arquivo\/nota-da-associacao-latino-americana-de-juizes-do-trabalho\/#listItem","position":3,"name":"Nota da Associa\u00e7\u00e3o Latino-americana de Ju\u00edzes do Trabalho","previousItem":{"@type":"ListItem","@id":"https:\/\/www.jornalja.com.br\/arquivo\/category\/cdd-mural\/#listItem","name":"CDD-MURAL"}}]},{"@type":"Organization","@id":"https:\/\/www.jornalja.com.br\/arquivo\/#organization","name":"Jornal J\u00c1","description":"Jornal J\u00c1 | Porto Alegre","url":"https:\/\/www.jornalja.com.br\/arquivo\/","telephone":"+555133307272","logo":{"@type":"ImageObject","url":"https:\/\/www.jornalja.com.br\/wp-content\/uploads\/cards\/JAslogan.png","@id":"https:\/\/www.jornalja.com.br\/arquivo\/nota-da-associacao-latino-americana-de-juizes-do-trabalho\/#organizationLogo"},"image":{"@id":"https:\/\/www.jornalja.com.br\/arquivo\/nota-da-associacao-latino-americana-de-juizes-do-trabalho\/#organizationLogo"}},{"@type":"Person","@id":"https:\/\/www.jornalja.com.br\/arquivo\/author\/daredacao\/#author","url":"https:\/\/www.jornalja.com.br\/arquivo\/author\/daredacao\/","name":"da Reda\u00e7\u00e3o","image":{"@type":"ImageObject","@id":"https:\/\/www.jornalja.com.br\/arquivo\/nota-da-associacao-latino-americana-de-juizes-do-trabalho\/#authorImage","url":"https:\/\/secure.gravatar.com\/avatar\/469fd857d6605ad19919d27ed29d35a968a25f6e8fd9318356bbb7f57aae9c65?s=96&d=mm&r=g","width":96,"height":96,"caption":"da Reda\u00e7\u00e3o"}},{"@type":"WebPage","@id":"https:\/\/www.jornalja.com.br\/arquivo\/nota-da-associacao-latino-americana-de-juizes-do-trabalho\/#webpage","url":"https:\/\/www.jornalja.com.br\/arquivo\/nota-da-associacao-latino-americana-de-juizes-do-trabalho\/","name":"Nota da Associa\u00e7\u00e3o Latino-americana de Ju\u00edzes do Trabalho | Arquivo","inLanguage":"pt-BR","isPartOf":{"@id":"https:\/\/www.jornalja.com.br\/arquivo\/#website"},"breadcrumb":{"@id":"https:\/\/www.jornalja.com.br\/arquivo\/nota-da-associacao-latino-americana-de-juizes-do-trabalho\/#breadcrumblist"},"author":{"@id":"https:\/\/www.jornalja.com.br\/arquivo\/author\/daredacao\/#author"},"creator":{"@id":"https:\/\/www.jornalja.com.br\/arquivo\/author\/daredacao\/#author"},"image":{"@type":"ImageObject","url":34321,"@id":"https:\/\/www.jornalja.com.br\/arquivo\/nota-da-associacao-latino-americana-de-juizes-do-trabalho\/#mainImage"},"primaryImageOfPage":{"@id":"https:\/\/www.jornalja.com.br\/arquivo\/nota-da-associacao-latino-americana-de-juizes-do-trabalho\/#mainImage"},"datePublished":"2016-06-07T18:45:28-03:00","dateModified":"2016-06-07T18:45:28-03:00"},{"@type":"WebSite","@id":"https:\/\/www.jornalja.com.br\/arquivo\/#website","url":"https:\/\/www.jornalja.com.br\/arquivo\/","name":"Arquivo","description":"Jornal J\u00c1 | Porto Alegre","inLanguage":"pt-BR","publisher":{"@id":"https:\/\/www.jornalja.com.br\/arquivo\/#organization"}}]},"og:locale":"pt_BR","og:site_name":"Arquivo | Jornal J\u00c1 | Porto Alegre","og:type":"article","og:title":"Nota da Associa\u00e7\u00e3o Latino-americana de Ju\u00edzes do Trabalho | Arquivo","og:url":"https:\/\/www.jornalja.com.br\/arquivo\/nota-da-associacao-latino-americana-de-juizes-do-trabalho\/","og:image":"https:\/\/www.jornalja.com.br\/economics\/wp-content\/uploads\/sites\/11\/2026\/08\/ja-folhaderosto-facebook.jpg","og:image:secure_url":"https:\/\/www.jornalja.com.br\/economics\/wp-content\/uploads\/sites\/11\/2026\/08\/ja-folhaderosto-facebook.jpg","article:published_time":"2016-06-07T21:45:28+00:00","article:modified_time":"2016-06-07T21:45:28+00:00","twitter:card":"summary","twitter:title":"Nota da Associa\u00e7\u00e3o Latino-americana de Ju\u00edzes do Trabalho | Arquivo","twitter:image":"https:\/\/www.jornalja.com.br\/economics\/wp-content\/uploads\/sites\/11\/2026\/08\/ja-folhaderosto-facebook.jpg"},"aioseo_meta_data":{"post_id":"34319","title":null,"description":null,"keywords":null,"keyphrases":null,"primary_term":null,"canonical_url":null,"og_title":null,"og_description":null,"og_object_type":"default","og_image_type":"default","og_image_url":null,"og_image_width":null,"og_image_height":null,"og_image_custom_url":null,"og_image_custom_fields":null,"og_video":null,"og_custom_url":null,"og_article_section":null,"og_article_tags":null,"twitter_use_og":false,"twitter_card":"default","twitter_image_type":"default","twitter_image_url":null,"twitter_image_custom_url":null,"twitter_image_custom_fields":null,"twitter_title":null,"twitter_description":null,"schema":{"blockGraphs":[],"customGraphs":[],"default":{"data":{"Article":[],"Course":[],"Dataset":[],"FAQPage":[],"Movie":[],"Person":[],"Product":[],"ProductReview":[],"Car":[],"Recipe":[],"Service":[],"SoftwareApplication":[],"WebPage":[]},"graphName":"","isEnabled":true},"graphs":[]},"schema_type":null,"schema_type_options":null,"pillar_content":false,"robots_default":true,"robots_noindex":false,"robots_noarchive":false,"robots_nosnippet":false,"robots_nofollow":false,"robots_noimageindex":false,"robots_noodp":false,"robots_notranslate":false,"robots_max_snippet":null,"robots_max_videopreview":null,"robots_max_imagepreview":"large","priority":null,"frequency":null,"location":null,"local_seo":null,"breadcrumb_settings":null,"limit_modified_date":false,"ai":null,"created":"2020-12-20 20:56:37","updated":"2025-07-19 14:18:29","seo_analyzer_scan_date":null,"focus_keyword":null,"additional_keywords":null,"truseo_locale":null},"jetpack_sharing_enabled":true,"jetpack-related-posts":[{"id":13124,"url":"https:\/\/www.jornalja.com.br\/arquivo\/sangue-latino-no-iecine\/","url_meta":{"origin":34319,"position":0},"title":"Sangue latino no IECINE","author":"da Reda\u00e7\u00e3o","date":"18 de maio de 2014","format":false,"excerpt":"Francisco Ribeiro O Instituto Estadual de Cinema (IECINE) tem a frente, desde abril \u00faltimo, um novo diretor, o cineasta colombiano Juan Zapata, 36, que substitui Luiz Alberto Cassol. Radicado h\u00e1 dez anos em Porto Alegre, Zapata tem diante de si o desafio de conduzir at\u00e9 o final do ano um\u2026","rel":"","context":"Em &quot;Cultura-Geral&quot;","block_context":{"text":"Cultura-Geral","link":"https:\/\/www.jornalja.com.br\/arquivo\/category\/materiasecundaria\/"},"img":{"alt_text":"","src":"","width":0,"height":0},"classes":[]},{"id":13109,"url":"https:\/\/www.jornalja.com.br\/arquivo\/judiciario-reconhece-poluicao-eletromagnetica\/","url_meta":{"origin":34319,"position":1},"title":"Judici\u00e1rio reconhece polui\u00e7\u00e3o eletromagn\u00e9tica","author":"Patr\u00edcia Marini","date":"16 de maio de 2014","format":false,"excerpt":"A\u00e7\u00e3o de duas associa\u00e7\u00f5es de moradores foi acolhida pelo Tribunal de Justi\u00e7a de S\u00e3o Paulo que. em decis\u00e3o in\u00e9dita, determinou a redu\u00e7\u00e3o do campo eletromagn\u00e9tico gerado pelas linhas de transmiss\u00e3o de energia que cortam os bairros City Boa\u00e7ava e Alto de Pinheiros. \u00c9 a primeira vez que um tribunal do\u2026","rel":"","context":"Em &quot;X.Categorias velhas&quot;","block_context":{"text":"X.Categorias velhas","link":"https:\/\/www.jornalja.com.br\/arquivo\/category\/x-categorias-velhas\/"},"img":{"alt_text":"","src":"","width":0,"height":0},"classes":[]},{"id":14241,"url":"https:\/\/www.jornalja.com.br\/arquivo\/o-guaiba-nas-imagens-poeticas-de-achutti\/","url_meta":{"origin":34319,"position":2},"title":"O Gua\u00edba nas imagens po\u00e9ticas de Achutti","author":"da Reda\u00e7\u00e3o","date":"18 de junho de 2014","format":false,"excerpt":"Em \u201cO Gua\u00edba por Achutti\u201d \u2013 obra financiada via Minist\u00e9rio da Cultura, produ\u00e7\u00e3o executiva de Pedro Longhi, e Fl\u00e1vio Wild como designer \u2013, o fot\u00f3grafo revela a beleza e as mazelas de um espa\u00e7o aqu\u00e1tico de \u00e1guas sempre renovadas, cheio de hist\u00f3rias e lendas como as das cidades que foram\u2026","rel":"","context":"Em &quot;Cultura-Geral&quot;","block_context":{"text":"Cultura-Geral","link":"https:\/\/www.jornalja.com.br\/arquivo\/category\/materiasecundaria\/"},"img":{"alt_text":"","src":"","width":0,"height":0},"classes":[]},{"id":13128,"url":"https:\/\/www.jornalja.com.br\/arquivo\/maconha-terra-diz-que-uso-medicinal-e-desculpa\/","url_meta":{"origin":34319,"position":3},"title":"Maconha: Terra diz que uso medicinal \u00e9 desculpa","author":"Patr\u00edcia Marini","date":"4 de junho de 2014","format":false,"excerpt":"A condi\u00e7\u00e3o de pol\u00edtico, em \u00e9poca de campanha de campanha eleitoral, tira for\u00e7a do discurso do m\u00e9dico Osmar Terra contra a legaliza\u00e7\u00e3o da maconha. A tese dele de que a libera\u00e7\u00e3o vai ampliar exponencialmente o consumo \u00e9 discutivel, o consumo \u00e9 corrente. Mas seus alertas quanto aos riscos tem que\u2026","rel":"","context":"Em &quot;X.Categorias velhas&quot;","block_context":{"text":"X.Categorias velhas","link":"https:\/\/www.jornalja.com.br\/arquivo\/category\/x-categorias-velhas\/"},"img":{"alt_text":"","src":"","width":0,"height":0},"classes":[]},{"id":1280,"url":"https:\/\/www.jornalja.com.br\/arquivo\/o-menino-que-se-tornou-brizola\/","url_meta":{"origin":34319,"position":4},"title":"O Menino que se Tornou Brizola","author":"da Reda\u00e7\u00e3o","date":"28 de julho de 2008","format":false,"excerpt":"Autor: Cleber Dioni A vida de Leonel Brizola, com \u00eanfase para os primeiros anos em Porto Alegre, at\u00e9 o ex\u00edlio no Uruguai e a volta, quinze anos depois. \u00a0\"...\u00c9ramos todos jovens e nos identific\u00e1vamos com aquela massa an\u00f4nima a percorrer as ruas de Porto Alegre, gritando 'Get\u00falio', 'Get\u00falio' e empunhando\u2026","rel":"","context":"Em &quot;Livros&quot;","block_context":{"text":"Livros","link":"https:\/\/www.jornalja.com.br\/arquivo\/category\/livros\/"},"img":{"alt_text":"","src":"https:\/\/i0.wp.com\/www.jornalja.com.br\/wp-content\/uploads\/2008\/07\/brizola.gif?resize=350%2C200&ssl=1","width":350,"height":200},"classes":[]},{"id":13101,"url":"https:\/\/www.jornalja.com.br\/arquivo\/morre-um-guerreiro-do-texto\/","url_meta":{"origin":34319,"position":5},"title":"Morre um guerreiro do texto","author":"Patr\u00edcia Marini","date":"14 de maio de 2014","format":false,"excerpt":"Por Ricardo Kotscho Reproduzido do blog do autor, 11\/5\/2014; t\u00edtulo original \u201cE l\u00e1 se foi o nosso Myltainho, guerreiro do texto\u201d. Mi\u00fado e franzino, meu amigo Myltainho era um valente e inconformado guerreiro na luta contra as injusti\u00e7as sociais, a hipocrisia, as maracutaias, o autoritarismo, a intoler\u00e2ncia, a viol\u00eancia, o\u2026","rel":"","context":"Em &quot;Geral&quot;","block_context":{"text":"Geral","link":"https:\/\/www.jornalja.com.br\/arquivo\/category\/geral\/"},"img":{"alt_text":"","src":"","width":0,"height":0},"classes":[]}],"jetpack_shortlink":"https:\/\/wp.me\/pbQjBd-8Vx","jetpack_featured_media_url":"","_links":{"self":[{"href":"https:\/\/www.jornalja.com.br\/arquivo\/wp-json\/wp\/v2\/posts\/34319","targetHints":{"allow":["GET"]}}],"collection":[{"href":"https:\/\/www.jornalja.com.br\/arquivo\/wp-json\/wp\/v2\/posts"}],"about":[{"href":"https:\/\/www.jornalja.com.br\/arquivo\/wp-json\/wp\/v2\/types\/post"}],"author":[{"embeddable":true,"href":"https:\/\/www.jornalja.com.br\/arquivo\/wp-json\/wp\/v2\/users\/4"}],"replies":[{"embeddable":true,"href":"https:\/\/www.jornalja.com.br\/arquivo\/wp-json\/wp\/v2\/comments?post=34319"}],"version-history":[{"count":0,"href":"https:\/\/www.jornalja.com.br\/arquivo\/wp-json\/wp\/v2\/posts\/34319\/revisions"}],"wp:attachment":[{"href":"https:\/\/www.jornalja.com.br\/arquivo\/wp-json\/wp\/v2\/media?parent=34319"}],"wp:term":[{"taxonomy":"category","embeddable":true,"href":"https:\/\/www.jornalja.com.br\/arquivo\/wp-json\/wp\/v2\/categories?post=34319"},{"taxonomy":"post_tag","embeddable":true,"href":"https:\/\/www.jornalja.com.br\/arquivo\/wp-json\/wp\/v2\/tags?post=34319"}],"curies":[{"name":"wp","href":"https:\/\/api.w.org\/{rel}","templated":true}]}}