{"id":34383,"date":"2016-06-08T06:00:13","date_gmt":"2016-06-08T09:00:13","guid":{"rendered":"https:\/\/www.jornalja.com.br\/?p=34383"},"modified":"2016-06-08T06:00:13","modified_gmt":"2016-06-08T09:00:13","slug":"o-brasil-pelo-qual-lutamos-a-proposito-de-crucifixos-em-tribunais","status":"publish","type":"post","link":"https:\/\/www.jornalja.com.br\/arquivo\/o-brasil-pelo-qual-lutamos-a-proposito-de-crucifixos-em-tribunais\/","title":{"rendered":"O Brasil pelo qual lutamos: a prop\u00f3sito de crucifixos em tribunais"},"content":{"rendered":"<p>O tema aqui em pauta \u2013 a presen\u00e7a de crucifixos em tribunais \u2013 pode n\u00e3o ter qualquer rela\u00e7\u00e3o com a situa\u00e7\u00e3o pol\u00edtica atual no Brasil. Gostaria de mostrar o contr\u00e1rio, a partir de um coment\u00e1rio de uma decis\u00e3o recente do Conselho Nacional de Justi\u00e7a (CNJ). Est\u00e3o em jogo duas quest\u00f5es cuja discuss\u00e3o me parece fundamental para compreendermos e reagirmos ao quadro que tem como marco o governo interino presidido por Michel Temer: o Brasil que queremos vislumbrar e as formas de resist\u00eancia a situa\u00e7\u00f5es com as quais discordamos.<br \/>\nEm 2012, foi amplamente divulgada a decis\u00e3o do Conselho da Magistratura do Tribunal de Justi\u00e7a do Rio Grande do Sul que ordenou a retirada de crucifixos e quaisquer outros s\u00edmbolos religiosos das salas dos tribunais no estado ga\u00facho. Foram assim atendidas as demandas levantadas pela Liga Brasileira de L\u00e9sbicas e outras entidades feministas. Foi uma decis\u00e3o in\u00e9dita, uma vez que a tend\u00eancia dominante no Judici\u00e1rio brasileiro ia em dire\u00e7\u00e3o contr\u00e1ria ou simplesmente considerava o assunto como de menor relev\u00e2ncia. Agora em 2016, com repercuss\u00e3o muito menor, o CNJ, acionado por certos grupos, entre eles a Arquidiocese de Passo Fundo, revoga a decis\u00e3o de 2012, com base em argumentos j\u00e1 expostos em momentos anteriores.<br \/>\nO principal dos argumentos para a manuten\u00e7\u00e3o de crucifixos em recintos estatais \u2013 como tribunais ou plen\u00e1rios de parlamentos \u2013 \u00e9 que eles representam o papel do catolicismo na forma\u00e7\u00e3o da na\u00e7\u00e3o brasileira. Esse papel \u00e9 algo ineg\u00e1vel. Com aspectos positivos e outros nem tanto. De toda forma, justificar dessa maneira a presen\u00e7a dos s\u00edmbolos \u00e9 optar por uma vis\u00e3o que consagra uma parte do nosso passado para falar da totalidade de nosso presente. O papel social do catolicismo \u00e9 algo que pode ser reconhecido e contemplado por meio de instrumentos como as pol\u00edticas de patrim\u00f4nio e os conselhos de direitos. Templos e festas cat\u00f3licas t\u00eam sido objeto de tombamento e outras formas de patrimonializa\u00e7\u00e3o. Expoentes cat\u00f3licos, ao lado de outros atores da sociedade civil, t\u00eam participado como membros de conselhos na \u00e1rea social, educacional, de sa\u00fade, etc. Por essas raz\u00f5es, n\u00e3o h\u00e1 necessidade de manter crucifixos em lugares como parlamentos ou tribunais para dar o devido reconhecimento ao papel do catolicismo na sociedade brasileira.<br \/>\nDiante disso, o que significa sua presen\u00e7a nesses recintos estatais? Significa optarmos por uma certa representa\u00e7\u00e3o acerca do que seja o Brasil. Esses s\u00edmbolos afirmam que o Brasil continua a ser crist\u00e3o. O problema n\u00e3o est\u00e1 na afirma\u00e7\u00e3o em si, mas no que ela n\u00e3o nos deixa enxergar. Pois al\u00e9m de ser crist\u00e3o, o Brasil \u00e9 muitas outras coisas, mas os \u00fanicos s\u00edmbolos religiosos que ganham o privil\u00e9gio de serem vistos em parlamentos e tribunais s\u00e3o os crucifixos cat\u00f3licos. Em outras palavras, o Brasil que \u00e9 representado pelos crucifixos n\u00e3o se define pela diversidade, e sim por uma imagem pretensamente homog\u00eanea, que recorre a uma condi\u00e7\u00e3o do passado \u2013 o catolicismo que fez parte da forma\u00e7\u00e3o nacional \u2013 para definir o presente. O Brasil dos crucifixos em recintos estatais corresponde, pois, a uma imagem semelhante \u00e0quela que vimos quando nos foi mostrada a foto do minist\u00e9rio formado por Temer. Em ambos os casos, temos um retrato muito parcial do que seja o Brasil do presente. \u00c9 lament\u00e1vel que um pa\u00eds que queira abra\u00e7ar a diversidade como valor fique preso a imagens t\u00e3o parciais.<br \/>\nOutro argumento levantado pelos que defendem a perman\u00eancia de crucifixos em recintos estatais \u00e9 de que sua presen\u00e7a n\u00e3o implica em coa\u00e7\u00e3o sobre as consci\u00eancias individuais. Os cr\u00edticos da exist\u00eancia de crucifixos apontam que eles podem influenciar as decis\u00f5es de ju\u00edzes, parlamentares ou jurados. Concordo que essa alega\u00e7\u00e3o s\u00f3 \u00e0s vezes corresponde aos fatos. Ela me parece t\u00e3o limitada quanto a suposi\u00e7\u00e3o \u2013 mantida pelos defensores dos crucifixos \u2013 de que estes podem inspirar legisladores e julgadores ou consolar r\u00e9us. Mas a impossibilidade de supormos uma coa\u00e7\u00e3o generalizada n\u00e3o anula a possibilidade de cidad\u00e3os espec\u00edficos expressarem seu inc\u00f4modo e seu desacordo com a presen\u00e7a desses objetos.<br \/>\n\u00c9 importante deixar claro que desacordo e inc\u00f4modo podem se fundamentar em motivos e condi\u00e7\u00f5es diversas. Temos visto coletivos de feministas, defensoras de direitos sexuais, associa\u00e7\u00f5es de valoriza\u00e7\u00e3o do ate\u00edsmo e do agnosticismo se posicionarem, em nome de certa concep\u00e7\u00e3o de laicidade, contra a presen\u00e7a de s\u00edmbolos religiosos em recintos estatais. Mas um posicionamento na mesma dire\u00e7\u00e3o pode ser percebido em grupos e pessoas religiosas. Por exemplo, h\u00e1 protestantes ou evang\u00e9licos que estranham o privil\u00e9gio a um s\u00edmbolo cat\u00f3lico. E mesmo entre cat\u00f3licos, h\u00e1 os que pensam que crucifixos ficam melhor em outros lugares e que em tribunais e parlamentos acabam perdendo o sentido e a sacralidade que deveriam ter. Seria muito importante que esses religiosos descontentes tivessem suas opini\u00f5es mais enunciadas e disseminadas.<br \/>\nEm suma, h\u00e1 v\u00e1rios motivos para fundamentar desacordo ou inc\u00f4modo com a presen\u00e7a de crucifixos em tribunais e parlamentos. Fica ent\u00e3o a sugest\u00e3o: que os dissidentes e incomodados expressem suas opini\u00f5es. Mais especificamente: que isso seja feito nos pr\u00f3prios recintos onde est\u00e3o esses objetos durante as atividades para as quais s\u00e3o previstos. Se voc\u00ea for um jurado ou um advogado, expresse sua discord\u00e2ncia e pe\u00e7a para o crucifixo ser retirado enquanto atuar ali. Se voc\u00ea for convidado a estar em um parlamento, expresse seu inc\u00f4modo e o transmita aos vereadores, deputados e senadores. Talvez a insist\u00eancia propicie o que o CNJ e outras inst\u00e2ncias se recusam a decidir. Pois aqueles que fazem quest\u00e3o de ter s\u00edmbolos religiosos em tribunais ou parlamentos podem traz\u00ea-los em seus corpos \u2013 como muitos cat\u00f3licos fazem com crucifixos. E assim a todos fica assistido um direito sem privil\u00e9gios.<br \/>\nNo quadro atual, a resist\u00eancia aos argumentos que defendem a presen\u00e7a de s\u00edmbolos religiosos em recintos estatais ganha novos sentidos. Ela significa a afirma\u00e7\u00e3o de um Brasil plural, com um futuro que n\u00e3o se limita a repetir o passado. Ela significa a afirma\u00e7\u00e3o de nossa capacidade cr\u00edtica, exercitada diante do que nos incomoda ou contraria, a mesma capacidade que nos faz refutar a legitimidade das medidas de um governo que atua como se n\u00e3o fosse provis\u00f3rio.<\/p>\n","protected":false},"excerpt":{"rendered":"<p>O tema aqui em pauta \u2013 a presen\u00e7a de crucifixos em tribunais \u2013 pode n\u00e3o ter qualquer rela\u00e7\u00e3o com a situa\u00e7\u00e3o pol\u00edtica atual no Brasil. Gostaria de mostrar o contr\u00e1rio, a partir de um coment\u00e1rio de uma decis\u00e3o recente do Conselho Nacional de Justi\u00e7a (CNJ). Est\u00e3o em jogo duas quest\u00f5es cuja discuss\u00e3o me parece fundamental [&hellip;]<\/p>\n","protected":false},"author":4,"featured_media":34387,"comment_status":"open","ping_status":"closed","sticky":false,"template":"","format":"standard","meta":{"_jetpack_newsletter_access":"","_jetpack_dont_email_post_to_subs":false,"_jetpack_newsletter_tier_id":0,"_jetpack_memberships_contains_paywalled_content":false,"_jetpack_feature_clip_id":0,"_jetpack_memberships_contains_paid_content":false,"footnotes":"","jetpack_post_was_ever_published":false},"categories":[2011,2012],"tags":[],"class_list":["post-34383","post","type-post","status-publish","format-standard","has-post-thumbnail","hentry","category-destaque","category-debates"],"aioseo_notices":[],"aioseo_head":"\n\t\t<!-- All in One SEO 5.0.1.1 - aioseo.com -->\n\t<meta name=\"robots\" content=\"max-image-preview:large\" \/>\n\t<meta name=\"author\" content=\"da Reda\u00e7\u00e3o\"\/>\n\t<link rel=\"canonical\" href=\"https:\/\/www.jornalja.com.br\/arquivo\/o-brasil-pelo-qual-lutamos-a-proposito-de-crucifixos-em-tribunais\/\" \/>\n\t<meta name=\"generator\" content=\"All in One SEO (AIOSEO) 5.0.1.1\" \/>\n\t\t<meta property=\"og:locale\" content=\"pt_BR\" \/>\n\t\t<meta property=\"og:site_name\" content=\"Arquivo | Jornal J\u00c1 | Porto Alegre\" \/>\n\t\t<meta property=\"og:type\" content=\"article\" \/>\n\t\t<meta property=\"og:title\" content=\"O Brasil pelo qual lutamos: a prop\u00f3sito de crucifixos em tribunais | Arquivo\" \/>\n\t\t<meta property=\"og:url\" content=\"https:\/\/www.jornalja.com.br\/arquivo\/o-brasil-pelo-qual-lutamos-a-proposito-de-crucifixos-em-tribunais\/\" \/>\n\t\t<meta property=\"og:image\" content=\"https:\/\/www.jornalja.com.br\/economics\/wp-content\/uploads\/sites\/11\/2026\/08\/ja-folhaderosto-facebook.jpg\" \/>\n\t\t<meta property=\"og:image:secure_url\" content=\"https:\/\/www.jornalja.com.br\/economics\/wp-content\/uploads\/sites\/11\/2026\/08\/ja-folhaderosto-facebook.jpg\" \/>\n\t\t<meta property=\"article:published_time\" content=\"2016-06-08T09:00:13+00:00\" \/>\n\t\t<meta property=\"article:modified_time\" content=\"2016-06-08T09:00:13+00:00\" \/>\n\t\t<meta name=\"twitter:card\" content=\"summary\" \/>\n\t\t<meta name=\"twitter:title\" content=\"O Brasil pelo qual lutamos: a prop\u00f3sito de crucifixos em tribunais | Arquivo\" \/>\n\t\t<meta name=\"twitter:image\" content=\"https:\/\/www.jornalja.com.br\/economics\/wp-content\/uploads\/sites\/11\/2026\/08\/ja-folhaderosto-facebook.jpg\" \/>\n\t\t<script type=\"application\/ld+json\" class=\"aioseo-schema\">\n\t\t\t{\"@context\":\"https:\\\/\\\/schema.org\",\"@graph\":[{\"@type\":\"BlogPosting\",\"@id\":\"https:\\\/\\\/www.jornalja.com.br\\\/arquivo\\\/o-brasil-pelo-qual-lutamos-a-proposito-de-crucifixos-em-tribunais\\\/#blogposting\",\"name\":\"O Brasil pelo qual lutamos: a prop\\u00f3sito de crucifixos em tribunais | Arquivo\",\"headline\":\"O Brasil pelo qual lutamos: a prop\\u00f3sito de crucifixos em tribunais\",\"author\":{\"@id\":\"https:\\\/\\\/www.jornalja.com.br\\\/arquivo\\\/author\\\/daredacao\\\/#author\"},\"publisher\":{\"@id\":\"https:\\\/\\\/www.jornalja.com.br\\\/arquivo\\\/#organization\"},\"image\":{\"@type\":\"ImageObject\",\"url\":34387},\"datePublished\":\"2016-06-08T06:00:13-03:00\",\"dateModified\":\"2016-06-08T06:00:13-03:00\",\"inLanguage\":\"pt-BR\",\"mainEntityOfPage\":{\"@id\":\"https:\\\/\\\/www.jornalja.com.br\\\/arquivo\\\/o-brasil-pelo-qual-lutamos-a-proposito-de-crucifixos-em-tribunais\\\/#webpage\"},\"isPartOf\":{\"@id\":\"https:\\\/\\\/www.jornalja.com.br\\\/arquivo\\\/o-brasil-pelo-qual-lutamos-a-proposito-de-crucifixos-em-tribunais\\\/#webpage\"},\"articleSection\":\"CDD-artigo em destaque, HOTSITE Comit\\u00ea pela Democracia\"},{\"@type\":\"BreadcrumbList\",\"@id\":\"https:\\\/\\\/www.jornalja.com.br\\\/arquivo\\\/o-brasil-pelo-qual-lutamos-a-proposito-de-crucifixos-em-tribunais\\\/#breadcrumblist\",\"itemListElement\":[{\"@type\":\"ListItem\",\"@id\":\"https:\\\/\\\/www.jornalja.com.br\\\/arquivo#listItem\",\"position\":1,\"name\":\"Home\",\"item\":\"https:\\\/\\\/www.jornalja.com.br\\\/arquivo\",\"nextItem\":{\"@type\":\"ListItem\",\"@id\":\"https:\\\/\\\/www.jornalja.com.br\\\/arquivo\\\/category\\\/destaque\\\/#listItem\",\"name\":\"CDD-artigo em destaque\"}},{\"@type\":\"ListItem\",\"@id\":\"https:\\\/\\\/www.jornalja.com.br\\\/arquivo\\\/category\\\/destaque\\\/#listItem\",\"position\":2,\"name\":\"CDD-artigo em destaque\",\"item\":\"https:\\\/\\\/www.jornalja.com.br\\\/arquivo\\\/category\\\/destaque\\\/\",\"nextItem\":{\"@type\":\"ListItem\",\"@id\":\"https:\\\/\\\/www.jornalja.com.br\\\/arquivo\\\/o-brasil-pelo-qual-lutamos-a-proposito-de-crucifixos-em-tribunais\\\/#listItem\",\"name\":\"O Brasil pelo qual lutamos: a prop\\u00f3sito de crucifixos em tribunais\"},\"previousItem\":{\"@type\":\"ListItem\",\"@id\":\"https:\\\/\\\/www.jornalja.com.br\\\/arquivo#listItem\",\"name\":\"Home\"}},{\"@type\":\"ListItem\",\"@id\":\"https:\\\/\\\/www.jornalja.com.br\\\/arquivo\\\/o-brasil-pelo-qual-lutamos-a-proposito-de-crucifixos-em-tribunais\\\/#listItem\",\"position\":3,\"name\":\"O Brasil pelo qual lutamos: a prop\\u00f3sito de crucifixos em tribunais\",\"previousItem\":{\"@type\":\"ListItem\",\"@id\":\"https:\\\/\\\/www.jornalja.com.br\\\/arquivo\\\/category\\\/destaque\\\/#listItem\",\"name\":\"CDD-artigo em destaque\"}}]},{\"@type\":\"Organization\",\"@id\":\"https:\\\/\\\/www.jornalja.com.br\\\/arquivo\\\/#organization\",\"name\":\"Jornal J\\u00c1\",\"description\":\"Jornal J\\u00c1 | Porto Alegre\",\"url\":\"https:\\\/\\\/www.jornalja.com.br\\\/arquivo\\\/\",\"telephone\":\"+555133307272\",\"logo\":{\"@type\":\"ImageObject\",\"url\":\"https:\\\/\\\/www.jornalja.com.br\\\/wp-content\\\/uploads\\\/cards\\\/JAslogan.png\",\"@id\":\"https:\\\/\\\/www.jornalja.com.br\\\/arquivo\\\/o-brasil-pelo-qual-lutamos-a-proposito-de-crucifixos-em-tribunais\\\/#organizationLogo\"},\"image\":{\"@id\":\"https:\\\/\\\/www.jornalja.com.br\\\/arquivo\\\/o-brasil-pelo-qual-lutamos-a-proposito-de-crucifixos-em-tribunais\\\/#organizationLogo\"}},{\"@type\":\"Person\",\"@id\":\"https:\\\/\\\/www.jornalja.com.br\\\/arquivo\\\/author\\\/daredacao\\\/#author\",\"url\":\"https:\\\/\\\/www.jornalja.com.br\\\/arquivo\\\/author\\\/daredacao\\\/\",\"name\":\"da Reda\\u00e7\\u00e3o\",\"image\":{\"@type\":\"ImageObject\",\"@id\":\"https:\\\/\\\/www.jornalja.com.br\\\/arquivo\\\/o-brasil-pelo-qual-lutamos-a-proposito-de-crucifixos-em-tribunais\\\/#authorImage\",\"url\":\"https:\\\/\\\/secure.gravatar.com\\\/avatar\\\/469fd857d6605ad19919d27ed29d35a968a25f6e8fd9318356bbb7f57aae9c65?s=96&d=mm&r=g\",\"width\":96,\"height\":96,\"caption\":\"da Reda\\u00e7\\u00e3o\"}},{\"@type\":\"WebPage\",\"@id\":\"https:\\\/\\\/www.jornalja.com.br\\\/arquivo\\\/o-brasil-pelo-qual-lutamos-a-proposito-de-crucifixos-em-tribunais\\\/#webpage\",\"url\":\"https:\\\/\\\/www.jornalja.com.br\\\/arquivo\\\/o-brasil-pelo-qual-lutamos-a-proposito-de-crucifixos-em-tribunais\\\/\",\"name\":\"O Brasil pelo qual lutamos: a prop\\u00f3sito de crucifixos em tribunais | Arquivo\",\"inLanguage\":\"pt-BR\",\"isPartOf\":{\"@id\":\"https:\\\/\\\/www.jornalja.com.br\\\/arquivo\\\/#website\"},\"breadcrumb\":{\"@id\":\"https:\\\/\\\/www.jornalja.com.br\\\/arquivo\\\/o-brasil-pelo-qual-lutamos-a-proposito-de-crucifixos-em-tribunais\\\/#breadcrumblist\"},\"author\":{\"@id\":\"https:\\\/\\\/www.jornalja.com.br\\\/arquivo\\\/author\\\/daredacao\\\/#author\"},\"creator\":{\"@id\":\"https:\\\/\\\/www.jornalja.com.br\\\/arquivo\\\/author\\\/daredacao\\\/#author\"},\"image\":{\"@type\":\"ImageObject\",\"url\":34387,\"@id\":\"https:\\\/\\\/www.jornalja.com.br\\\/arquivo\\\/o-brasil-pelo-qual-lutamos-a-proposito-de-crucifixos-em-tribunais\\\/#mainImage\"},\"primaryImageOfPage\":{\"@id\":\"https:\\\/\\\/www.jornalja.com.br\\\/arquivo\\\/o-brasil-pelo-qual-lutamos-a-proposito-de-crucifixos-em-tribunais\\\/#mainImage\"},\"datePublished\":\"2016-06-08T06:00:13-03:00\",\"dateModified\":\"2016-06-08T06:00:13-03:00\"},{\"@type\":\"WebSite\",\"@id\":\"https:\\\/\\\/www.jornalja.com.br\\\/arquivo\\\/#website\",\"url\":\"https:\\\/\\\/www.jornalja.com.br\\\/arquivo\\\/\",\"name\":\"Arquivo\",\"description\":\"Jornal J\\u00c1 | Porto Alegre\",\"inLanguage\":\"pt-BR\",\"publisher\":{\"@id\":\"https:\\\/\\\/www.jornalja.com.br\\\/arquivo\\\/#organization\"}}]}\n\t\t<\/script>\n\t\t<!-- All in One SEO -->\n\n","aioseo_head_json":{"title":"O Brasil pelo qual lutamos: a prop\u00f3sito de crucifixos em tribunais | Arquivo","description":"","canonical_url":"https:\/\/www.jornalja.com.br\/arquivo\/o-brasil-pelo-qual-lutamos-a-proposito-de-crucifixos-em-tribunais\/","robots":"max-image-preview:large","keywords":"","webmasterTools":{"miscellaneous":""},"schema":{"@context":"https:\/\/schema.org","@graph":[{"@type":"BlogPosting","@id":"https:\/\/www.jornalja.com.br\/arquivo\/o-brasil-pelo-qual-lutamos-a-proposito-de-crucifixos-em-tribunais\/#blogposting","name":"O Brasil pelo qual lutamos: a prop\u00f3sito de crucifixos em tribunais | Arquivo","headline":"O Brasil pelo qual lutamos: a prop\u00f3sito de crucifixos em tribunais","author":{"@id":"https:\/\/www.jornalja.com.br\/arquivo\/author\/daredacao\/#author"},"publisher":{"@id":"https:\/\/www.jornalja.com.br\/arquivo\/#organization"},"image":{"@type":"ImageObject","url":34387},"datePublished":"2016-06-08T06:00:13-03:00","dateModified":"2016-06-08T06:00:13-03:00","inLanguage":"pt-BR","mainEntityOfPage":{"@id":"https:\/\/www.jornalja.com.br\/arquivo\/o-brasil-pelo-qual-lutamos-a-proposito-de-crucifixos-em-tribunais\/#webpage"},"isPartOf":{"@id":"https:\/\/www.jornalja.com.br\/arquivo\/o-brasil-pelo-qual-lutamos-a-proposito-de-crucifixos-em-tribunais\/#webpage"},"articleSection":"CDD-artigo em destaque, HOTSITE Comit\u00ea pela Democracia"},{"@type":"BreadcrumbList","@id":"https:\/\/www.jornalja.com.br\/arquivo\/o-brasil-pelo-qual-lutamos-a-proposito-de-crucifixos-em-tribunais\/#breadcrumblist","itemListElement":[{"@type":"ListItem","@id":"https:\/\/www.jornalja.com.br\/arquivo#listItem","position":1,"name":"Home","item":"https:\/\/www.jornalja.com.br\/arquivo","nextItem":{"@type":"ListItem","@id":"https:\/\/www.jornalja.com.br\/arquivo\/category\/destaque\/#listItem","name":"CDD-artigo em destaque"}},{"@type":"ListItem","@id":"https:\/\/www.jornalja.com.br\/arquivo\/category\/destaque\/#listItem","position":2,"name":"CDD-artigo em destaque","item":"https:\/\/www.jornalja.com.br\/arquivo\/category\/destaque\/","nextItem":{"@type":"ListItem","@id":"https:\/\/www.jornalja.com.br\/arquivo\/o-brasil-pelo-qual-lutamos-a-proposito-de-crucifixos-em-tribunais\/#listItem","name":"O Brasil pelo qual lutamos: a prop\u00f3sito de crucifixos em tribunais"},"previousItem":{"@type":"ListItem","@id":"https:\/\/www.jornalja.com.br\/arquivo#listItem","name":"Home"}},{"@type":"ListItem","@id":"https:\/\/www.jornalja.com.br\/arquivo\/o-brasil-pelo-qual-lutamos-a-proposito-de-crucifixos-em-tribunais\/#listItem","position":3,"name":"O Brasil pelo qual lutamos: a prop\u00f3sito de crucifixos em tribunais","previousItem":{"@type":"ListItem","@id":"https:\/\/www.jornalja.com.br\/arquivo\/category\/destaque\/#listItem","name":"CDD-artigo em destaque"}}]},{"@type":"Organization","@id":"https:\/\/www.jornalja.com.br\/arquivo\/#organization","name":"Jornal J\u00c1","description":"Jornal J\u00c1 | Porto Alegre","url":"https:\/\/www.jornalja.com.br\/arquivo\/","telephone":"+555133307272","logo":{"@type":"ImageObject","url":"https:\/\/www.jornalja.com.br\/wp-content\/uploads\/cards\/JAslogan.png","@id":"https:\/\/www.jornalja.com.br\/arquivo\/o-brasil-pelo-qual-lutamos-a-proposito-de-crucifixos-em-tribunais\/#organizationLogo"},"image":{"@id":"https:\/\/www.jornalja.com.br\/arquivo\/o-brasil-pelo-qual-lutamos-a-proposito-de-crucifixos-em-tribunais\/#organizationLogo"}},{"@type":"Person","@id":"https:\/\/www.jornalja.com.br\/arquivo\/author\/daredacao\/#author","url":"https:\/\/www.jornalja.com.br\/arquivo\/author\/daredacao\/","name":"da Reda\u00e7\u00e3o","image":{"@type":"ImageObject","@id":"https:\/\/www.jornalja.com.br\/arquivo\/o-brasil-pelo-qual-lutamos-a-proposito-de-crucifixos-em-tribunais\/#authorImage","url":"https:\/\/secure.gravatar.com\/avatar\/469fd857d6605ad19919d27ed29d35a968a25f6e8fd9318356bbb7f57aae9c65?s=96&d=mm&r=g","width":96,"height":96,"caption":"da Reda\u00e7\u00e3o"}},{"@type":"WebPage","@id":"https:\/\/www.jornalja.com.br\/arquivo\/o-brasil-pelo-qual-lutamos-a-proposito-de-crucifixos-em-tribunais\/#webpage","url":"https:\/\/www.jornalja.com.br\/arquivo\/o-brasil-pelo-qual-lutamos-a-proposito-de-crucifixos-em-tribunais\/","name":"O Brasil pelo qual lutamos: a prop\u00f3sito de crucifixos em tribunais | Arquivo","inLanguage":"pt-BR","isPartOf":{"@id":"https:\/\/www.jornalja.com.br\/arquivo\/#website"},"breadcrumb":{"@id":"https:\/\/www.jornalja.com.br\/arquivo\/o-brasil-pelo-qual-lutamos-a-proposito-de-crucifixos-em-tribunais\/#breadcrumblist"},"author":{"@id":"https:\/\/www.jornalja.com.br\/arquivo\/author\/daredacao\/#author"},"creator":{"@id":"https:\/\/www.jornalja.com.br\/arquivo\/author\/daredacao\/#author"},"image":{"@type":"ImageObject","url":34387,"@id":"https:\/\/www.jornalja.com.br\/arquivo\/o-brasil-pelo-qual-lutamos-a-proposito-de-crucifixos-em-tribunais\/#mainImage"},"primaryImageOfPage":{"@id":"https:\/\/www.jornalja.com.br\/arquivo\/o-brasil-pelo-qual-lutamos-a-proposito-de-crucifixos-em-tribunais\/#mainImage"},"datePublished":"2016-06-08T06:00:13-03:00","dateModified":"2016-06-08T06:00:13-03:00"},{"@type":"WebSite","@id":"https:\/\/www.jornalja.com.br\/arquivo\/#website","url":"https:\/\/www.jornalja.com.br\/arquivo\/","name":"Arquivo","description":"Jornal J\u00c1 | Porto Alegre","inLanguage":"pt-BR","publisher":{"@id":"https:\/\/www.jornalja.com.br\/arquivo\/#organization"}}]},"og:locale":"pt_BR","og:site_name":"Arquivo | Jornal J\u00c1 | Porto Alegre","og:type":"article","og:title":"O Brasil pelo qual lutamos: a prop\u00f3sito de crucifixos em tribunais | Arquivo","og:url":"https:\/\/www.jornalja.com.br\/arquivo\/o-brasil-pelo-qual-lutamos-a-proposito-de-crucifixos-em-tribunais\/","og:image":"https:\/\/www.jornalja.com.br\/economics\/wp-content\/uploads\/sites\/11\/2026\/08\/ja-folhaderosto-facebook.jpg","og:image:secure_url":"https:\/\/www.jornalja.com.br\/economics\/wp-content\/uploads\/sites\/11\/2026\/08\/ja-folhaderosto-facebook.jpg","article:published_time":"2016-06-08T09:00:13+00:00","article:modified_time":"2016-06-08T09:00:13+00:00","twitter:card":"summary","twitter:title":"O Brasil pelo qual lutamos: a prop\u00f3sito de crucifixos em tribunais | Arquivo","twitter:image":"https:\/\/www.jornalja.com.br\/economics\/wp-content\/uploads\/sites\/11\/2026\/08\/ja-folhaderosto-facebook.jpg"},"aioseo_meta_data":{"post_id":"34383","title":null,"description":null,"keywords":null,"keyphrases":null,"primary_term":null,"canonical_url":null,"og_title":null,"og_description":null,"og_object_type":"default","og_image_type":"default","og_image_url":null,"og_image_width":null,"og_image_height":null,"og_image_custom_url":null,"og_image_custom_fields":null,"og_video":null,"og_custom_url":null,"og_article_section":null,"og_article_tags":null,"twitter_use_og":false,"twitter_card":"default","twitter_image_type":"default","twitter_image_url":null,"twitter_image_custom_url":null,"twitter_image_custom_fields":null,"twitter_title":null,"twitter_description":null,"schema":{"blockGraphs":[],"customGraphs":[],"default":{"data":{"Article":[],"Course":[],"Dataset":[],"FAQPage":[],"Movie":[],"Person":[],"Product":[],"ProductReview":[],"Car":[],"Recipe":[],"Service":[],"SoftwareApplication":[],"WebPage":[]},"graphName":"","isEnabled":true},"graphs":[]},"schema_type":null,"schema_type_options":null,"pillar_content":false,"robots_default":true,"robots_noindex":false,"robots_noarchive":false,"robots_nosnippet":false,"robots_nofollow":false,"robots_noimageindex":false,"robots_noodp":false,"robots_notranslate":false,"robots_max_snippet":null,"robots_max_videopreview":null,"robots_max_imagepreview":"large","priority":null,"frequency":null,"location":null,"local_seo":null,"breadcrumb_settings":null,"limit_modified_date":false,"ai":null,"created":"2020-12-20 20:56:37","updated":"2025-07-19 14:18:29","seo_analyzer_scan_date":null,"focus_keyword":null,"additional_keywords":null,"truseo_locale":null},"jetpack_sharing_enabled":true,"jetpack-related-posts":[{"id":13109,"url":"https:\/\/www.jornalja.com.br\/arquivo\/judiciario-reconhece-poluicao-eletromagnetica\/","url_meta":{"origin":34383,"position":0},"title":"Judici\u00e1rio reconhece polui\u00e7\u00e3o eletromagn\u00e9tica","author":"Patr\u00edcia Marini","date":"16 de maio de 2014","format":false,"excerpt":"A\u00e7\u00e3o de duas associa\u00e7\u00f5es de moradores foi acolhida pelo Tribunal de Justi\u00e7a de S\u00e3o Paulo que. em decis\u00e3o in\u00e9dita, determinou a redu\u00e7\u00e3o do campo eletromagn\u00e9tico gerado pelas linhas de transmiss\u00e3o de energia que cortam os bairros City Boa\u00e7ava e Alto de Pinheiros. \u00c9 a primeira vez que um tribunal do\u2026","rel":"","context":"Em &quot;X.Categorias velhas&quot;","block_context":{"text":"X.Categorias velhas","link":"https:\/\/www.jornalja.com.br\/arquivo\/category\/x-categorias-velhas\/"},"img":{"alt_text":"","src":"","width":0,"height":0},"classes":[]},{"id":13239,"url":"https:\/\/www.jornalja.com.br\/arquivo\/conselho-desdenha-do-plano-diretor\/","url_meta":{"origin":34383,"position":1},"title":"Porto Alegre: Conselho detona Plano Diretor","author":"Patr\u00edcia Marini","date":"25 de maio de 2014","format":false,"excerpt":"Den\u00fancia do arquiteto e \u00a0urbanista Ibir\u00e1 Santos Lucas. Ele diz que os conselheiros est\u00e3o votando com \"enorme irresponsabilidade\". \"Mudam regime com a maior naturalidade,,,regularizam absurdos de constru\u00e7\u00f5es irregulares... \"O CMDUA est\u00e1 flexibilizando a lei do plano diretor, de uma forma impactante na vida da cidade. Mudam regime com a maior\u2026","rel":"","context":"Em &quot;Geral&quot;","block_context":{"text":"Geral","link":"https:\/\/www.jornalja.com.br\/arquivo\/category\/geral\/"},"img":{"alt_text":"","src":"","width":0,"height":0},"classes":[]},{"id":13240,"url":"https:\/\/www.jornalja.com.br\/arquivo\/plano-diretor-estamos-construindo-o-caos\/","url_meta":{"origin":34383,"position":2},"title":"Plano diretor: &quot;Estamos construindo o caos&quot;","author":"Patr\u00edcia Marini","date":"26 de maio de 2014","format":false,"excerpt":"Desabafo que arquiteta Eliana Castilhos, delegada da Regi\u00e3o de Planejamento 1, postou nas redes sociais \u00e9 um testemunho do ambiente que se criou no Conselho do Plano Diretor de Porto Alegre, onde a aprova\u00e7\u00e3o de grandes empreendimentos \u00e9 empurrada guela abaixo dos conselheiros. Ao CMDUA Como delegada da Regi\u00e3o de\u2026","rel":"","context":"Em &quot;Geral&quot;","block_context":{"text":"Geral","link":"https:\/\/www.jornalja.com.br\/arquivo\/category\/geral\/"},"img":{"alt_text":"","src":"","width":0,"height":0},"classes":[]},{"id":13124,"url":"https:\/\/www.jornalja.com.br\/arquivo\/sangue-latino-no-iecine\/","url_meta":{"origin":34383,"position":3},"title":"Sangue latino no IECINE","author":"da Reda\u00e7\u00e3o","date":"18 de maio de 2014","format":false,"excerpt":"Francisco Ribeiro O Instituto Estadual de Cinema (IECINE) tem a frente, desde abril \u00faltimo, um novo diretor, o cineasta colombiano Juan Zapata, 36, que substitui Luiz Alberto Cassol. Radicado h\u00e1 dez anos em Porto Alegre, Zapata tem diante de si o desafio de conduzir at\u00e9 o final do ano um\u2026","rel":"","context":"Em &quot;Cultura-Geral&quot;","block_context":{"text":"Cultura-Geral","link":"https:\/\/www.jornalja.com.br\/arquivo\/category\/materiasecundaria\/"},"img":{"alt_text":"","src":"","width":0,"height":0},"classes":[]},{"id":14241,"url":"https:\/\/www.jornalja.com.br\/arquivo\/o-guaiba-nas-imagens-poeticas-de-achutti\/","url_meta":{"origin":34383,"position":4},"title":"O Gua\u00edba nas imagens po\u00e9ticas de Achutti","author":"da Reda\u00e7\u00e3o","date":"18 de junho de 2014","format":false,"excerpt":"Em \u201cO Gua\u00edba por Achutti\u201d \u2013 obra financiada via Minist\u00e9rio da Cultura, produ\u00e7\u00e3o executiva de Pedro Longhi, e Fl\u00e1vio Wild como designer \u2013, o fot\u00f3grafo revela a beleza e as mazelas de um espa\u00e7o aqu\u00e1tico de \u00e1guas sempre renovadas, cheio de hist\u00f3rias e lendas como as das cidades que foram\u2026","rel":"","context":"Em &quot;Cultura-Geral&quot;","block_context":{"text":"Cultura-Geral","link":"https:\/\/www.jornalja.com.br\/arquivo\/category\/materiasecundaria\/"},"img":{"alt_text":"","src":"","width":0,"height":0},"classes":[]}],"jetpack_shortlink":"https:\/\/wp.me\/pbQjBd-8Wz","jetpack_featured_media_url":"","_links":{"self":[{"href":"https:\/\/www.jornalja.com.br\/arquivo\/wp-json\/wp\/v2\/posts\/34383","targetHints":{"allow":["GET"]}}],"collection":[{"href":"https:\/\/www.jornalja.com.br\/arquivo\/wp-json\/wp\/v2\/posts"}],"about":[{"href":"https:\/\/www.jornalja.com.br\/arquivo\/wp-json\/wp\/v2\/types\/post"}],"author":[{"embeddable":true,"href":"https:\/\/www.jornalja.com.br\/arquivo\/wp-json\/wp\/v2\/users\/4"}],"replies":[{"embeddable":true,"href":"https:\/\/www.jornalja.com.br\/arquivo\/wp-json\/wp\/v2\/comments?post=34383"}],"version-history":[{"count":0,"href":"https:\/\/www.jornalja.com.br\/arquivo\/wp-json\/wp\/v2\/posts\/34383\/revisions"}],"wp:attachment":[{"href":"https:\/\/www.jornalja.com.br\/arquivo\/wp-json\/wp\/v2\/media?parent=34383"}],"wp:term":[{"taxonomy":"category","embeddable":true,"href":"https:\/\/www.jornalja.com.br\/arquivo\/wp-json\/wp\/v2\/categories?post=34383"},{"taxonomy":"post_tag","embeddable":true,"href":"https:\/\/www.jornalja.com.br\/arquivo\/wp-json\/wp\/v2\/tags?post=34383"}],"curies":[{"name":"wp","href":"https:\/\/api.w.org\/{rel}","templated":true}]}}