{"id":34446,"date":"2016-06-09T09:58:10","date_gmt":"2016-06-09T12:58:10","guid":{"rendered":"https:\/\/www.jornalja.com.br\/?p=34446"},"modified":"2016-06-09T09:58:10","modified_gmt":"2016-06-09T12:58:10","slug":"manifesto-conjunto-do-ppgedu-conselho-da-faculdade-de-educacaofaced-e-anped","status":"publish","type":"post","link":"https:\/\/www.jornalja.com.br\/arquivo\/manifesto-conjunto-do-ppgedu-conselho-da-faculdade-de-educacaofaced-e-anped\/","title":{"rendered":"Manifesto conjunto do PPGEDU, Conselho da Faculdade de Educa\u00e7\u00e3o\/FACED e ANPED"},"content":{"rendered":"<p><span class=\"assina\">UNIVERSIDADE FEDERAL DO RIO GRANDE DO SUL FACULDADE DE EDUCA\u00c7\u00c3O<\/span><br \/>\n<span class=\"intertit\">PROGRAMA DE P\u00d3S-GRADUA\u00c7\u00c3O EM EDUCA\u00c7\u00c3O<\/span><br \/>\nEm defesa da Democracia, do Estado de Direito e da Educa\u00e7\u00e3o O Conselho do Programa de P\u00f3s-Gradua\u00e7\u00e3o em Educa\u00e7\u00e3o da Universidade Federal do Rio Grande do Sul\/PPGEDU e o Conselho da Faculdade de Educa\u00e7\u00e3o\/FACED, reiterando os posicionamentos expostos por esta Universidade e pela Associa\u00e7\u00e3o Nacional de Pesquisa e P\u00f3s- Gradua\u00e7\u00e3o em Educa\u00e7\u00e3o (ANPED), manifestam preocupa\u00e7\u00e3o com o agravamento da crise institucional no Brasil, que coloca em risco a ordem constitucional.<br \/>\nA luta contra a corrup\u00e7\u00e3o \u00e9 parte de um processo amplo e tem efeito educativo na medida em que busque garantir a utiliza\u00e7\u00e3o dos recursos p\u00fablicos em prol da coletividade e do bem comum. Diante disso, \u00e9 fundamental aprofundar as investiga\u00e7\u00f5es sobre poss\u00edveis crimes de corrup\u00e7\u00e3o de forma isenta, independente e imparcial, visando punir os respons\u00e1veis, coibir as pr\u00e1ticas que lesam nossa na\u00e7\u00e3o e, sobretudo, representar um car\u00e1ter pedag\u00f3gico na constru\u00e7\u00e3o de uma sociedade mais justa, democr\u00e1tica e fraterna. Ningu\u00e9m, nem mesmo os agentes da Justi\u00e7a, governantes ou parlamentares est\u00e3o acima da Lei e todas as den\u00fancias de corrup\u00e7\u00e3o devem ser investigadas.<br \/>\nNesse sentido, compreendemos que o combate \u00e0 corrup\u00e7\u00e3o n\u00e3o pode ser seletivo, tampouco pode se tornar um espet\u00e1culo midi\u00e1tico com a divulga\u00e7\u00e3o sistem\u00e1tica e seletiva de elementos processuais e de den\u00fancias antes de sua devida investiga\u00e7\u00e3o e conclus\u00e3o. Igualmente, ningu\u00e9m pode ser considerado culpado sem que assim o tenha sido declarado em um julgamento justo. A\u00e7\u00f5es nesse sentido desrespeitam o direito de ampla defesa e o princ\u00edpio da presun\u00e7\u00e3o de inoc\u00eancia, colocando em risco as liberdades individuais e os direitos pol\u00edticos da democracia t\u00e3o duramente conquistada. A democracia sup\u00f5e o respeito \u00e0s normas que regem a competi\u00e7\u00e3o pelo poder pol\u00edtico. Seja qual for a popularidade de uma autoridade eleita, o desrespeito \u00e0s regras do jogo, por qualquer partido ou agrupamento pol\u00edtico, mina e deslegitima a democracia. Assim, consideramos que o impeachment de um Presidente da Rep\u00fablica s\u00f3 \u00e9 cab\u00edvel no caso de crime de responsabilidade, devidamente caracterizado e comprovado. Impeachment por qualquer outro motivo \u00e9 inconstitucional e constitui um atentado contra o Estado de Direito.<br \/>\nA Faculdade, em seus 45 anos de hist\u00f3ria, tem participado ativamente nos debates sobre as pol\u00edticas p\u00fablicas para a educa\u00e7\u00e3o, gerando profissionais comprometidos com o desenvolvimento educacional do pa\u00eds. Da mesma forma, o Programa de P\u00f3s-Gradua\u00e7\u00e3o tem uma trajet\u00f3ria de mais de 40 anos na forma\u00e7\u00e3o de professores e de pesquisadores. Em sua hist\u00f3ria, a FACED e o PPGEDU t\u00eam se pautado pelo respeito \u00e0 pluralidade tanto na organiza\u00e7\u00e3o de suas linhas de pesquisa quanto em seus temas de ensino e investiga\u00e7\u00e3o. Esse posicionamento reflete o compromisso com um projeto de democracia em que se respeitam o livre direito de manifesta\u00e7\u00e3o, as diferen\u00e7as ideol\u00f3gicas, pol\u00edtico-partid\u00e1rias e religiosas, dentre outras que marcam uma sociedade t\u00e3o desigual como a nossa.<br \/>\nAssim, n\u00e3o poder\u00edamos nos calar neste momento em que a conviv\u00eancia pac\u00edfica e as garantias da civilidade correm risco. Instamos a todas as cidad\u00e3s, todos os cidad\u00e3os e todas as entidades representativas da sociedade, em seu compromisso com a democracia, a estarem alertas para impedir qualquer tipo de golpe, seja para derrubar um governo legitimamente eleito, seja no uso indevido do patrim\u00f4nio p\u00fablico para promover e preservar a corrup\u00e7\u00e3o. Compreendemos que a crise pol\u00edtica e econ\u00f4mica n\u00e3o pode ser analisada descolada dos problemas enfrentados pela Educa\u00e7\u00e3o no Brasil. Tampouco a sua supera\u00e7\u00e3o poder\u00e1 exigir a ren\u00fancia aos avan\u00e7os pol\u00edticos e sociais do povo brasileiro expressos na Carta de 1988 e desenvolvidos em outras normativas e pol\u00edticas desde ent\u00e3o. Dessa forma, defendemos que a sa\u00edda construtiva para a atual crise que paralisa o Brasil precisa respeitar integralmente a institucionalidade, os direitos constitucionais e os mandatos estabelecidos, na busca por alternativas que nos conduzam a um pa\u00eds melhor.<br \/>\nPorto Alegre, 28 de mar\u00e7o de 2016.<\/p>\n","protected":false},"excerpt":{"rendered":"<p>UNIVERSIDADE FEDERAL DO RIO GRANDE DO SUL FACULDADE DE EDUCA\u00c7\u00c3O PROGRAMA DE P\u00d3S-GRADUA\u00c7\u00c3O EM EDUCA\u00c7\u00c3O Em defesa da Democracia, do Estado de Direito e da Educa\u00e7\u00e3o O Conselho do Programa de P\u00f3s-Gradua\u00e7\u00e3o em Educa\u00e7\u00e3o da Universidade Federal do Rio Grande do Sul\/PPGEDU e o Conselho da Faculdade de Educa\u00e7\u00e3o\/FACED, reiterando os posicionamentos expostos por esta [&hellip;]<\/p>\n","protected":false},"author":4,"featured_media":0,"comment_status":"open","ping_status":"closed","sticky":false,"template":"","format":"standard","meta":{"_jetpack_newsletter_access":"","_jetpack_dont_email_post_to_subs":false,"_jetpack_newsletter_tier_id":0,"_jetpack_memberships_contains_paywalled_content":false,"_jetpack_feature_clip_id":0,"_jetpack_memberships_contains_paid_content":false,"footnotes":"","jetpack_post_was_ever_published":false},"categories":[2013,2012],"tags":[],"class_list":["post-34446","post","type-post","status-publish","format-standard","hentry","category-cdd-mural","category-debates"],"aioseo_notices":[],"aioseo_head":"\n\t\t<!-- All in One SEO 5.0.1.1 - aioseo.com -->\n\t<meta name=\"robots\" content=\"max-image-preview:large\" \/>\n\t<meta name=\"author\" content=\"da Reda\u00e7\u00e3o\"\/>\n\t<link rel=\"canonical\" href=\"https:\/\/www.jornalja.com.br\/arquivo\/manifesto-conjunto-do-ppgedu-conselho-da-faculdade-de-educacaofaced-e-anped\/\" \/>\n\t<meta name=\"generator\" content=\"All in One SEO (AIOSEO) 5.0.1.1\" \/>\n\t\t<meta property=\"og:locale\" content=\"pt_BR\" \/>\n\t\t<meta property=\"og:site_name\" content=\"Arquivo | Jornal J\u00c1 | Porto Alegre\" \/>\n\t\t<meta property=\"og:type\" content=\"article\" \/>\n\t\t<meta property=\"og:title\" content=\"Manifesto conjunto do PPGEDU, Conselho da Faculdade de Educa\u00e7\u00e3o\/FACED e ANPED | Arquivo\" \/>\n\t\t<meta property=\"og:url\" content=\"https:\/\/www.jornalja.com.br\/arquivo\/manifesto-conjunto-do-ppgedu-conselho-da-faculdade-de-educacaofaced-e-anped\/\" \/>\n\t\t<meta property=\"og:image\" content=\"https:\/\/www.jornalja.com.br\/economics\/wp-content\/uploads\/sites\/11\/2026\/08\/ja-folhaderosto-facebook.jpg\" \/>\n\t\t<meta property=\"og:image:secure_url\" content=\"https:\/\/www.jornalja.com.br\/economics\/wp-content\/uploads\/sites\/11\/2026\/08\/ja-folhaderosto-facebook.jpg\" \/>\n\t\t<meta property=\"article:published_time\" content=\"2016-06-09T12:58:10+00:00\" \/>\n\t\t<meta property=\"article:modified_time\" content=\"2016-06-09T12:58:10+00:00\" \/>\n\t\t<meta name=\"twitter:card\" content=\"summary\" \/>\n\t\t<meta name=\"twitter:title\" content=\"Manifesto conjunto do PPGEDU, Conselho da Faculdade de Educa\u00e7\u00e3o\/FACED e ANPED | Arquivo\" \/>\n\t\t<meta name=\"twitter:image\" content=\"https:\/\/www.jornalja.com.br\/economics\/wp-content\/uploads\/sites\/11\/2026\/08\/ja-folhaderosto-facebook.jpg\" \/>\n\t\t<script type=\"application\/ld+json\" class=\"aioseo-schema\">\n\t\t\t{\"@context\":\"https:\\\/\\\/schema.org\",\"@graph\":[{\"@type\":\"BlogPosting\",\"@id\":\"https:\\\/\\\/www.jornalja.com.br\\\/arquivo\\\/manifesto-conjunto-do-ppgedu-conselho-da-faculdade-de-educacaofaced-e-anped\\\/#blogposting\",\"name\":\"Manifesto conjunto do PPGEDU, Conselho da Faculdade de Educa\\u00e7\\u00e3o\\\/FACED e ANPED | Arquivo\",\"headline\":\"Manifesto conjunto do PPGEDU, Conselho da Faculdade de Educa\\u00e7\\u00e3o\\\/FACED e ANPED\",\"author\":{\"@id\":\"https:\\\/\\\/www.jornalja.com.br\\\/arquivo\\\/author\\\/daredacao\\\/#author\"},\"publisher\":{\"@id\":\"https:\\\/\\\/www.jornalja.com.br\\\/arquivo\\\/#organization\"},\"image\":{\"@type\":\"ImageObject\",\"url\":\"https:\\\/\\\/www.jornalja.com.br\\\/wp-content\\\/uploads\\\/cards\\\/JAslogan.png\",\"@id\":\"https:\\\/\\\/www.jornalja.com.br\\\/arquivo\\\/#articleImage\"},\"datePublished\":\"2016-06-09T09:58:10-03:00\",\"dateModified\":\"2016-06-09T09:58:10-03:00\",\"inLanguage\":\"pt-BR\",\"mainEntityOfPage\":{\"@id\":\"https:\\\/\\\/www.jornalja.com.br\\\/arquivo\\\/manifesto-conjunto-do-ppgedu-conselho-da-faculdade-de-educacaofaced-e-anped\\\/#webpage\"},\"isPartOf\":{\"@id\":\"https:\\\/\\\/www.jornalja.com.br\\\/arquivo\\\/manifesto-conjunto-do-ppgedu-conselho-da-faculdade-de-educacaofaced-e-anped\\\/#webpage\"},\"articleSection\":\"CDD-MURAL, HOTSITE Comit\\u00ea pela Democracia\"},{\"@type\":\"BreadcrumbList\",\"@id\":\"https:\\\/\\\/www.jornalja.com.br\\\/arquivo\\\/manifesto-conjunto-do-ppgedu-conselho-da-faculdade-de-educacaofaced-e-anped\\\/#breadcrumblist\",\"itemListElement\":[{\"@type\":\"ListItem\",\"@id\":\"https:\\\/\\\/www.jornalja.com.br\\\/arquivo#listItem\",\"position\":1,\"name\":\"Home\",\"item\":\"https:\\\/\\\/www.jornalja.com.br\\\/arquivo\",\"nextItem\":{\"@type\":\"ListItem\",\"@id\":\"https:\\\/\\\/www.jornalja.com.br\\\/arquivo\\\/category\\\/debates\\\/#listItem\",\"name\":\"HOTSITE Comit\\u00ea pela Democracia\"}},{\"@type\":\"ListItem\",\"@id\":\"https:\\\/\\\/www.jornalja.com.br\\\/arquivo\\\/category\\\/debates\\\/#listItem\",\"position\":2,\"name\":\"HOTSITE Comit\\u00ea pela Democracia\",\"item\":\"https:\\\/\\\/www.jornalja.com.br\\\/arquivo\\\/category\\\/debates\\\/\",\"nextItem\":{\"@type\":\"ListItem\",\"@id\":\"https:\\\/\\\/www.jornalja.com.br\\\/arquivo\\\/manifesto-conjunto-do-ppgedu-conselho-da-faculdade-de-educacaofaced-e-anped\\\/#listItem\",\"name\":\"Manifesto conjunto do PPGEDU, Conselho da Faculdade de Educa\\u00e7\\u00e3o\\\/FACED e ANPED\"},\"previousItem\":{\"@type\":\"ListItem\",\"@id\":\"https:\\\/\\\/www.jornalja.com.br\\\/arquivo#listItem\",\"name\":\"Home\"}},{\"@type\":\"ListItem\",\"@id\":\"https:\\\/\\\/www.jornalja.com.br\\\/arquivo\\\/manifesto-conjunto-do-ppgedu-conselho-da-faculdade-de-educacaofaced-e-anped\\\/#listItem\",\"position\":3,\"name\":\"Manifesto conjunto do PPGEDU, Conselho da Faculdade de Educa\\u00e7\\u00e3o\\\/FACED e ANPED\",\"previousItem\":{\"@type\":\"ListItem\",\"@id\":\"https:\\\/\\\/www.jornalja.com.br\\\/arquivo\\\/category\\\/debates\\\/#listItem\",\"name\":\"HOTSITE Comit\\u00ea pela Democracia\"}}]},{\"@type\":\"Organization\",\"@id\":\"https:\\\/\\\/www.jornalja.com.br\\\/arquivo\\\/#organization\",\"name\":\"Jornal J\\u00c1\",\"description\":\"Jornal J\\u00c1 | Porto Alegre\",\"url\":\"https:\\\/\\\/www.jornalja.com.br\\\/arquivo\\\/\",\"telephone\":\"+555133307272\",\"logo\":{\"@type\":\"ImageObject\",\"url\":\"https:\\\/\\\/www.jornalja.com.br\\\/wp-content\\\/uploads\\\/cards\\\/JAslogan.png\",\"@id\":\"https:\\\/\\\/www.jornalja.com.br\\\/arquivo\\\/manifesto-conjunto-do-ppgedu-conselho-da-faculdade-de-educacaofaced-e-anped\\\/#organizationLogo\"},\"image\":{\"@id\":\"https:\\\/\\\/www.jornalja.com.br\\\/arquivo\\\/manifesto-conjunto-do-ppgedu-conselho-da-faculdade-de-educacaofaced-e-anped\\\/#organizationLogo\"}},{\"@type\":\"Person\",\"@id\":\"https:\\\/\\\/www.jornalja.com.br\\\/arquivo\\\/author\\\/daredacao\\\/#author\",\"url\":\"https:\\\/\\\/www.jornalja.com.br\\\/arquivo\\\/author\\\/daredacao\\\/\",\"name\":\"da Reda\\u00e7\\u00e3o\",\"image\":{\"@type\":\"ImageObject\",\"@id\":\"https:\\\/\\\/www.jornalja.com.br\\\/arquivo\\\/manifesto-conjunto-do-ppgedu-conselho-da-faculdade-de-educacaofaced-e-anped\\\/#authorImage\",\"url\":\"https:\\\/\\\/secure.gravatar.com\\\/avatar\\\/469fd857d6605ad19919d27ed29d35a968a25f6e8fd9318356bbb7f57aae9c65?s=96&d=mm&r=g\",\"width\":96,\"height\":96,\"caption\":\"da Reda\\u00e7\\u00e3o\"}},{\"@type\":\"WebPage\",\"@id\":\"https:\\\/\\\/www.jornalja.com.br\\\/arquivo\\\/manifesto-conjunto-do-ppgedu-conselho-da-faculdade-de-educacaofaced-e-anped\\\/#webpage\",\"url\":\"https:\\\/\\\/www.jornalja.com.br\\\/arquivo\\\/manifesto-conjunto-do-ppgedu-conselho-da-faculdade-de-educacaofaced-e-anped\\\/\",\"name\":\"Manifesto conjunto do PPGEDU, Conselho da Faculdade de Educa\\u00e7\\u00e3o\\\/FACED e ANPED | Arquivo\",\"inLanguage\":\"pt-BR\",\"isPartOf\":{\"@id\":\"https:\\\/\\\/www.jornalja.com.br\\\/arquivo\\\/#website\"},\"breadcrumb\":{\"@id\":\"https:\\\/\\\/www.jornalja.com.br\\\/arquivo\\\/manifesto-conjunto-do-ppgedu-conselho-da-faculdade-de-educacaofaced-e-anped\\\/#breadcrumblist\"},\"author\":{\"@id\":\"https:\\\/\\\/www.jornalja.com.br\\\/arquivo\\\/author\\\/daredacao\\\/#author\"},\"creator\":{\"@id\":\"https:\\\/\\\/www.jornalja.com.br\\\/arquivo\\\/author\\\/daredacao\\\/#author\"},\"datePublished\":\"2016-06-09T09:58:10-03:00\",\"dateModified\":\"2016-06-09T09:58:10-03:00\"},{\"@type\":\"WebSite\",\"@id\":\"https:\\\/\\\/www.jornalja.com.br\\\/arquivo\\\/#website\",\"url\":\"https:\\\/\\\/www.jornalja.com.br\\\/arquivo\\\/\",\"name\":\"Arquivo\",\"description\":\"Jornal J\\u00c1 | Porto Alegre\",\"inLanguage\":\"pt-BR\",\"publisher\":{\"@id\":\"https:\\\/\\\/www.jornalja.com.br\\\/arquivo\\\/#organization\"}}]}\n\t\t<\/script>\n\t\t<!-- All in One SEO -->\n\n","aioseo_head_json":{"title":"Manifesto conjunto do PPGEDU, Conselho da Faculdade de Educa\u00e7\u00e3o\/FACED e ANPED | Arquivo","description":"","canonical_url":"https:\/\/www.jornalja.com.br\/arquivo\/manifesto-conjunto-do-ppgedu-conselho-da-faculdade-de-educacaofaced-e-anped\/","robots":"max-image-preview:large","keywords":"","webmasterTools":{"miscellaneous":""},"schema":{"@context":"https:\/\/schema.org","@graph":[{"@type":"BlogPosting","@id":"https:\/\/www.jornalja.com.br\/arquivo\/manifesto-conjunto-do-ppgedu-conselho-da-faculdade-de-educacaofaced-e-anped\/#blogposting","name":"Manifesto conjunto do PPGEDU, Conselho da Faculdade de Educa\u00e7\u00e3o\/FACED e ANPED | Arquivo","headline":"Manifesto conjunto do PPGEDU, Conselho da Faculdade de Educa\u00e7\u00e3o\/FACED e ANPED","author":{"@id":"https:\/\/www.jornalja.com.br\/arquivo\/author\/daredacao\/#author"},"publisher":{"@id":"https:\/\/www.jornalja.com.br\/arquivo\/#organization"},"image":{"@type":"ImageObject","url":"https:\/\/www.jornalja.com.br\/wp-content\/uploads\/cards\/JAslogan.png","@id":"https:\/\/www.jornalja.com.br\/arquivo\/#articleImage"},"datePublished":"2016-06-09T09:58:10-03:00","dateModified":"2016-06-09T09:58:10-03:00","inLanguage":"pt-BR","mainEntityOfPage":{"@id":"https:\/\/www.jornalja.com.br\/arquivo\/manifesto-conjunto-do-ppgedu-conselho-da-faculdade-de-educacaofaced-e-anped\/#webpage"},"isPartOf":{"@id":"https:\/\/www.jornalja.com.br\/arquivo\/manifesto-conjunto-do-ppgedu-conselho-da-faculdade-de-educacaofaced-e-anped\/#webpage"},"articleSection":"CDD-MURAL, HOTSITE Comit\u00ea pela Democracia"},{"@type":"BreadcrumbList","@id":"https:\/\/www.jornalja.com.br\/arquivo\/manifesto-conjunto-do-ppgedu-conselho-da-faculdade-de-educacaofaced-e-anped\/#breadcrumblist","itemListElement":[{"@type":"ListItem","@id":"https:\/\/www.jornalja.com.br\/arquivo#listItem","position":1,"name":"Home","item":"https:\/\/www.jornalja.com.br\/arquivo","nextItem":{"@type":"ListItem","@id":"https:\/\/www.jornalja.com.br\/arquivo\/category\/debates\/#listItem","name":"HOTSITE Comit\u00ea pela Democracia"}},{"@type":"ListItem","@id":"https:\/\/www.jornalja.com.br\/arquivo\/category\/debates\/#listItem","position":2,"name":"HOTSITE Comit\u00ea pela Democracia","item":"https:\/\/www.jornalja.com.br\/arquivo\/category\/debates\/","nextItem":{"@type":"ListItem","@id":"https:\/\/www.jornalja.com.br\/arquivo\/manifesto-conjunto-do-ppgedu-conselho-da-faculdade-de-educacaofaced-e-anped\/#listItem","name":"Manifesto conjunto do PPGEDU, Conselho da Faculdade de Educa\u00e7\u00e3o\/FACED e ANPED"},"previousItem":{"@type":"ListItem","@id":"https:\/\/www.jornalja.com.br\/arquivo#listItem","name":"Home"}},{"@type":"ListItem","@id":"https:\/\/www.jornalja.com.br\/arquivo\/manifesto-conjunto-do-ppgedu-conselho-da-faculdade-de-educacaofaced-e-anped\/#listItem","position":3,"name":"Manifesto conjunto do PPGEDU, Conselho da Faculdade de Educa\u00e7\u00e3o\/FACED e ANPED","previousItem":{"@type":"ListItem","@id":"https:\/\/www.jornalja.com.br\/arquivo\/category\/debates\/#listItem","name":"HOTSITE Comit\u00ea pela Democracia"}}]},{"@type":"Organization","@id":"https:\/\/www.jornalja.com.br\/arquivo\/#organization","name":"Jornal J\u00c1","description":"Jornal J\u00c1 | Porto Alegre","url":"https:\/\/www.jornalja.com.br\/arquivo\/","telephone":"+555133307272","logo":{"@type":"ImageObject","url":"https:\/\/www.jornalja.com.br\/wp-content\/uploads\/cards\/JAslogan.png","@id":"https:\/\/www.jornalja.com.br\/arquivo\/manifesto-conjunto-do-ppgedu-conselho-da-faculdade-de-educacaofaced-e-anped\/#organizationLogo"},"image":{"@id":"https:\/\/www.jornalja.com.br\/arquivo\/manifesto-conjunto-do-ppgedu-conselho-da-faculdade-de-educacaofaced-e-anped\/#organizationLogo"}},{"@type":"Person","@id":"https:\/\/www.jornalja.com.br\/arquivo\/author\/daredacao\/#author","url":"https:\/\/www.jornalja.com.br\/arquivo\/author\/daredacao\/","name":"da Reda\u00e7\u00e3o","image":{"@type":"ImageObject","@id":"https:\/\/www.jornalja.com.br\/arquivo\/manifesto-conjunto-do-ppgedu-conselho-da-faculdade-de-educacaofaced-e-anped\/#authorImage","url":"https:\/\/secure.gravatar.com\/avatar\/469fd857d6605ad19919d27ed29d35a968a25f6e8fd9318356bbb7f57aae9c65?s=96&d=mm&r=g","width":96,"height":96,"caption":"da Reda\u00e7\u00e3o"}},{"@type":"WebPage","@id":"https:\/\/www.jornalja.com.br\/arquivo\/manifesto-conjunto-do-ppgedu-conselho-da-faculdade-de-educacaofaced-e-anped\/#webpage","url":"https:\/\/www.jornalja.com.br\/arquivo\/manifesto-conjunto-do-ppgedu-conselho-da-faculdade-de-educacaofaced-e-anped\/","name":"Manifesto conjunto do PPGEDU, Conselho da Faculdade de Educa\u00e7\u00e3o\/FACED e ANPED | Arquivo","inLanguage":"pt-BR","isPartOf":{"@id":"https:\/\/www.jornalja.com.br\/arquivo\/#website"},"breadcrumb":{"@id":"https:\/\/www.jornalja.com.br\/arquivo\/manifesto-conjunto-do-ppgedu-conselho-da-faculdade-de-educacaofaced-e-anped\/#breadcrumblist"},"author":{"@id":"https:\/\/www.jornalja.com.br\/arquivo\/author\/daredacao\/#author"},"creator":{"@id":"https:\/\/www.jornalja.com.br\/arquivo\/author\/daredacao\/#author"},"datePublished":"2016-06-09T09:58:10-03:00","dateModified":"2016-06-09T09:58:10-03:00"},{"@type":"WebSite","@id":"https:\/\/www.jornalja.com.br\/arquivo\/#website","url":"https:\/\/www.jornalja.com.br\/arquivo\/","name":"Arquivo","description":"Jornal J\u00c1 | Porto Alegre","inLanguage":"pt-BR","publisher":{"@id":"https:\/\/www.jornalja.com.br\/arquivo\/#organization"}}]},"og:locale":"pt_BR","og:site_name":"Arquivo | Jornal J\u00c1 | Porto Alegre","og:type":"article","og:title":"Manifesto conjunto do PPGEDU, Conselho da Faculdade de Educa\u00e7\u00e3o\/FACED e ANPED | Arquivo","og:url":"https:\/\/www.jornalja.com.br\/arquivo\/manifesto-conjunto-do-ppgedu-conselho-da-faculdade-de-educacaofaced-e-anped\/","og:image":"https:\/\/www.jornalja.com.br\/economics\/wp-content\/uploads\/sites\/11\/2026\/08\/ja-folhaderosto-facebook.jpg","og:image:secure_url":"https:\/\/www.jornalja.com.br\/economics\/wp-content\/uploads\/sites\/11\/2026\/08\/ja-folhaderosto-facebook.jpg","article:published_time":"2016-06-09T12:58:10+00:00","article:modified_time":"2016-06-09T12:58:10+00:00","twitter:card":"summary","twitter:title":"Manifesto conjunto do PPGEDU, Conselho da Faculdade de Educa\u00e7\u00e3o\/FACED e ANPED | Arquivo","twitter:image":"https:\/\/www.jornalja.com.br\/economics\/wp-content\/uploads\/sites\/11\/2026\/08\/ja-folhaderosto-facebook.jpg"},"aioseo_meta_data":{"post_id":"34446","title":null,"description":null,"keywords":null,"keyphrases":null,"primary_term":null,"canonical_url":null,"og_title":null,"og_description":null,"og_object_type":"default","og_image_type":"default","og_image_url":null,"og_image_width":null,"og_image_height":null,"og_image_custom_url":null,"og_image_custom_fields":null,"og_video":null,"og_custom_url":null,"og_article_section":null,"og_article_tags":null,"twitter_use_og":false,"twitter_card":"default","twitter_image_type":"default","twitter_image_url":null,"twitter_image_custom_url":null,"twitter_image_custom_fields":null,"twitter_title":null,"twitter_description":null,"schema":{"blockGraphs":[],"customGraphs":[],"default":{"data":{"Article":[],"Course":[],"Dataset":[],"FAQPage":[],"Movie":[],"Person":[],"Product":[],"ProductReview":[],"Car":[],"Recipe":[],"Service":[],"SoftwareApplication":[],"WebPage":[]},"graphName":"","isEnabled":true},"graphs":[]},"schema_type":null,"schema_type_options":null,"pillar_content":false,"robots_default":true,"robots_noindex":false,"robots_noarchive":false,"robots_nosnippet":false,"robots_nofollow":false,"robots_noimageindex":false,"robots_noodp":false,"robots_notranslate":false,"robots_max_snippet":null,"robots_max_videopreview":null,"robots_max_imagepreview":"large","priority":null,"frequency":null,"location":null,"local_seo":null,"breadcrumb_settings":null,"limit_modified_date":false,"ai":null,"created":"2020-12-20 20:56:37","updated":"2025-07-19 14:22:12","seo_analyzer_scan_date":null,"focus_keyword":null,"additional_keywords":null,"truseo_locale":null},"jetpack_sharing_enabled":true,"jetpack-related-posts":[{"id":13240,"url":"https:\/\/www.jornalja.com.br\/arquivo\/plano-diretor-estamos-construindo-o-caos\/","url_meta":{"origin":34446,"position":0},"title":"Plano diretor: &quot;Estamos construindo o caos&quot;","author":"Patr\u00edcia Marini","date":"26 de maio de 2014","format":false,"excerpt":"Desabafo que arquiteta Eliana Castilhos, delegada da Regi\u00e3o de Planejamento 1, postou nas redes sociais \u00e9 um testemunho do ambiente que se criou no Conselho do Plano Diretor de Porto Alegre, onde a aprova\u00e7\u00e3o de grandes empreendimentos \u00e9 empurrada guela abaixo dos conselheiros. Ao CMDUA Como delegada da Regi\u00e3o de\u2026","rel":"","context":"Em &quot;Geral&quot;","block_context":{"text":"Geral","link":"https:\/\/www.jornalja.com.br\/arquivo\/category\/geral\/"},"img":{"alt_text":"","src":"","width":0,"height":0},"classes":[]},{"id":13239,"url":"https:\/\/www.jornalja.com.br\/arquivo\/conselho-desdenha-do-plano-diretor\/","url_meta":{"origin":34446,"position":1},"title":"Porto Alegre: Conselho detona Plano Diretor","author":"Patr\u00edcia Marini","date":"25 de maio de 2014","format":false,"excerpt":"Den\u00fancia do arquiteto e \u00a0urbanista Ibir\u00e1 Santos Lucas. Ele diz que os conselheiros est\u00e3o votando com \"enorme irresponsabilidade\". \"Mudam regime com a maior naturalidade,,,regularizam absurdos de constru\u00e7\u00f5es irregulares... \"O CMDUA est\u00e1 flexibilizando a lei do plano diretor, de uma forma impactante na vida da cidade. Mudam regime com a maior\u2026","rel":"","context":"Em &quot;Geral&quot;","block_context":{"text":"Geral","link":"https:\/\/www.jornalja.com.br\/arquivo\/category\/geral\/"},"img":{"alt_text":"","src":"","width":0,"height":0},"classes":[]},{"id":14241,"url":"https:\/\/www.jornalja.com.br\/arquivo\/o-guaiba-nas-imagens-poeticas-de-achutti\/","url_meta":{"origin":34446,"position":2},"title":"O Gua\u00edba nas imagens po\u00e9ticas de Achutti","author":"da Reda\u00e7\u00e3o","date":"18 de junho de 2014","format":false,"excerpt":"Em \u201cO Gua\u00edba por Achutti\u201d \u2013 obra financiada via Minist\u00e9rio da Cultura, produ\u00e7\u00e3o executiva de Pedro Longhi, e Fl\u00e1vio Wild como designer \u2013, o fot\u00f3grafo revela a beleza e as mazelas de um espa\u00e7o aqu\u00e1tico de \u00e1guas sempre renovadas, cheio de hist\u00f3rias e lendas como as das cidades que foram\u2026","rel":"","context":"Em &quot;Cultura-Geral&quot;","block_context":{"text":"Cultura-Geral","link":"https:\/\/www.jornalja.com.br\/arquivo\/category\/materiasecundaria\/"},"img":{"alt_text":"","src":"","width":0,"height":0},"classes":[]},{"id":13109,"url":"https:\/\/www.jornalja.com.br\/arquivo\/judiciario-reconhece-poluicao-eletromagnetica\/","url_meta":{"origin":34446,"position":3},"title":"Judici\u00e1rio reconhece polui\u00e7\u00e3o eletromagn\u00e9tica","author":"Patr\u00edcia Marini","date":"16 de maio de 2014","format":false,"excerpt":"A\u00e7\u00e3o de duas associa\u00e7\u00f5es de moradores foi acolhida pelo Tribunal de Justi\u00e7a de S\u00e3o Paulo que. em decis\u00e3o in\u00e9dita, determinou a redu\u00e7\u00e3o do campo eletromagn\u00e9tico gerado pelas linhas de transmiss\u00e3o de energia que cortam os bairros City Boa\u00e7ava e Alto de Pinheiros. \u00c9 a primeira vez que um tribunal do\u2026","rel":"","context":"Em &quot;X.Categorias velhas&quot;","block_context":{"text":"X.Categorias velhas","link":"https:\/\/www.jornalja.com.br\/arquivo\/category\/x-categorias-velhas\/"},"img":{"alt_text":"","src":"","width":0,"height":0},"classes":[]},{"id":13128,"url":"https:\/\/www.jornalja.com.br\/arquivo\/maconha-terra-diz-que-uso-medicinal-e-desculpa\/","url_meta":{"origin":34446,"position":4},"title":"Maconha: Terra diz que uso medicinal \u00e9 desculpa","author":"Patr\u00edcia Marini","date":"4 de junho de 2014","format":false,"excerpt":"A condi\u00e7\u00e3o de pol\u00edtico, em \u00e9poca de campanha de campanha eleitoral, tira for\u00e7a do discurso do m\u00e9dico Osmar Terra contra a legaliza\u00e7\u00e3o da maconha. A tese dele de que a libera\u00e7\u00e3o vai ampliar exponencialmente o consumo \u00e9 discutivel, o consumo \u00e9 corrente. Mas seus alertas quanto aos riscos tem que\u2026","rel":"","context":"Em &quot;X.Categorias velhas&quot;","block_context":{"text":"X.Categorias velhas","link":"https:\/\/www.jornalja.com.br\/arquivo\/category\/x-categorias-velhas\/"},"img":{"alt_text":"","src":"","width":0,"height":0},"classes":[]},{"id":13124,"url":"https:\/\/www.jornalja.com.br\/arquivo\/sangue-latino-no-iecine\/","url_meta":{"origin":34446,"position":5},"title":"Sangue latino no IECINE","author":"da Reda\u00e7\u00e3o","date":"18 de maio de 2014","format":false,"excerpt":"Francisco Ribeiro O Instituto Estadual de Cinema (IECINE) tem a frente, desde abril \u00faltimo, um novo diretor, o cineasta colombiano Juan Zapata, 36, que substitui Luiz Alberto Cassol. Radicado h\u00e1 dez anos em Porto Alegre, Zapata tem diante de si o desafio de conduzir at\u00e9 o final do ano um\u2026","rel":"","context":"Em &quot;Cultura-Geral&quot;","block_context":{"text":"Cultura-Geral","link":"https:\/\/www.jornalja.com.br\/arquivo\/category\/materiasecundaria\/"},"img":{"alt_text":"","src":"","width":0,"height":0},"classes":[]}],"jetpack_shortlink":"https:\/\/wp.me\/pbQjBd-8XA","jetpack_featured_media_url":"","_links":{"self":[{"href":"https:\/\/www.jornalja.com.br\/arquivo\/wp-json\/wp\/v2\/posts\/34446","targetHints":{"allow":["GET"]}}],"collection":[{"href":"https:\/\/www.jornalja.com.br\/arquivo\/wp-json\/wp\/v2\/posts"}],"about":[{"href":"https:\/\/www.jornalja.com.br\/arquivo\/wp-json\/wp\/v2\/types\/post"}],"author":[{"embeddable":true,"href":"https:\/\/www.jornalja.com.br\/arquivo\/wp-json\/wp\/v2\/users\/4"}],"replies":[{"embeddable":true,"href":"https:\/\/www.jornalja.com.br\/arquivo\/wp-json\/wp\/v2\/comments?post=34446"}],"version-history":[{"count":0,"href":"https:\/\/www.jornalja.com.br\/arquivo\/wp-json\/wp\/v2\/posts\/34446\/revisions"}],"wp:attachment":[{"href":"https:\/\/www.jornalja.com.br\/arquivo\/wp-json\/wp\/v2\/media?parent=34446"}],"wp:term":[{"taxonomy":"category","embeddable":true,"href":"https:\/\/www.jornalja.com.br\/arquivo\/wp-json\/wp\/v2\/categories?post=34446"},{"taxonomy":"post_tag","embeddable":true,"href":"https:\/\/www.jornalja.com.br\/arquivo\/wp-json\/wp\/v2\/tags?post=34446"}],"curies":[{"name":"wp","href":"https:\/\/api.w.org\/{rel}","templated":true}]}}