{"id":34471,"date":"2016-06-09T22:04:54","date_gmt":"2016-06-10T01:04:54","guid":{"rendered":"https:\/\/www.jornalja.com.br\/?p=34471"},"modified":"2016-06-09T22:04:54","modified_gmt":"2016-06-10T01:04:54","slug":"apoio-a-moro-e-lava-jato-reune-cerca-de-30-pessoas-em-frente-a-pf","status":"publish","type":"post","link":"https:\/\/www.jornalja.com.br\/arquivo\/apoio-a-moro-e-lava-jato-reune-cerca-de-30-pessoas-em-frente-a-pf\/","title":{"rendered":"Apoio a Moro e Lava-jato re\u00fane cerca de 30 pessoas em frente \u00e0 PF"},"content":{"rendered":"<p>Cerca de 30 pessoas estiveram, no final de tarde desta quinta-feira, na avenida Ipiranga em frente a sede da Pol\u00edcia Federal em Porto Alegre, manifestando-se a favor do Juiz S\u00e9rgio Moro, e da Opera\u00e7\u00e3o Lava-Jato: a \u201cMorofesta\u00e7\u00e3o\u201d, conforme foi chamado o ato.<br \/>\nA maioria carregava cartazes com a foto do Juiz, mas algumas faixa eram contra Dilma, Lula e a corrup\u00e7\u00e3o.\u00a0Jorge Colares, prefeito do antigo acampamento S\u00e9rgio Moro, era um dos manifestantes. \u201cVamos voltar com tudo\u201d, referindo-se a volta do grupo a favor do impeachment de Dilma que, desde a vota\u00e7\u00e3o da C\u00e2mara que aprovou a continua\u00e7\u00e3o do processo de Impeachment da Presidente Dilma, n\u00e3o ia para as ruas.<br \/>\n<figure id=\"attachment_34485\" aria-describedby=\"caption-attachment-34485\" style=\"width: 725px\" class=\"wp-caption alignnone\"><img decoding=\"async\" class=\"size-full wp-image-34485\" src=\"https:\/\/www.jornalja.com.br\/wp-content\/uploads\/2016\/06\/20160609_0010_Morofestac\u0327a\u0303o_por_Ramiro-Furquim__OAF0203.jpg\" alt=\" | Ramiro Furquim\/Jornal J\u00e1\" width=\"725\" height=\"482\" \/><figcaption id=\"caption-attachment-34485\" class=\"wp-caption-text\">Nos \u00f4nibus, somente olhares curiosos | Ramiro Furquim\/Jornal J\u00e1<\/figcaption><\/figure><br \/>\nNo tr\u00e2nsito, muitos carros manifestavam-se a favor do movimento buzinando. De dentro dos \u00f4nibus o apoio foi praticamente zero. Alguns integrantes da Banda Loka Liberal tamb\u00e9m estavam presentes, mas de forma independente. Foi o caso de Rafael Albani.<br \/>\nDesde o afastamento de Dilma, Albani\u00a0vinha afastado da pol\u00edtica: \u201cEstou trabalhando muito agora, acompanho de fora\u201d, afirmou o rapaz. Para ele, este primeiro m\u00eas de Temer mostrou que toda classe pol\u00edtica \u00e9 um conluio\u00a0de hipocrisia e \u00e9 importante a press\u00e3o do povo nas ruas. &#8220;Devemos permanecer alertas e continuarmos exigindo uma mudan\u00e7a de postura e respeito \u00e0s nossas institui\u00e7\u00f5es&#8221;, concluiu.<br \/>\n<figure id=\"attachment_34484\" aria-describedby=\"caption-attachment-34484\" style=\"width: 725px\" class=\"wp-caption alignnone\"><img decoding=\"async\" class=\"wp-image-34484 size-full\" src=\"https:\/\/www.jornalja.com.br\/wp-content\/uploads\/2016\/06\/20160609_0009_Morofestac\u0327a\u0303o_por_Ramiro-Furquim__OAF0131.jpg\" alt=\" | Ramiro Furquim\/Jornal J\u00e1\" width=\"725\" height=\"482\" \/><figcaption id=\"caption-attachment-34484\" class=\"wp-caption-text\">Jorge Colares, prefeito do acampamento S\u00e9rgio Moro no Parc\u00e3o | Ramiro Furquim\/Jornal J\u00e1<\/figcaption><\/figure><br \/>\nAnt\u00f4nio Gornati, outro organizador do ato, tamb\u00e9m deu sua opini\u00e3o. Para ele, Temer n\u00e3o resolve a situa\u00e7\u00e3o mas tamb\u00e9m n\u00e3o quer que Dilma volte. \u201cO PMDB \u00e9 o pior de todos. Apoiou o PT, que \u00e9 o mentor dessa corrup\u00e7\u00e3o, para n\u00e3o sair do poder \u201c, argumentou. Por\u00e9m, Gornati acha que o principal objetivo \u00e9 tirar o PT, atrav\u00e9s do afastamento definitivo de Dilma.<br \/>\nO Movimento Brasil Livre (MBL) est\u00e1 organizando para o dia 31 de julho um grande ato a favor do impeachment de Dilma. Em uma roda, j\u00e1 no final do ato, o grupo via a possibilidade de outros pequenos atos, at\u00e9 mesmo em frente a\u00a0outros lugares.<br \/>\n<figure id=\"attachment_34483\" aria-describedby=\"caption-attachment-34483\" style=\"width: 725px\" class=\"wp-caption alignnone\"><img decoding=\"async\" class=\"wp-image-34483 size-full\" src=\"https:\/\/www.jornalja.com.br\/wp-content\/uploads\/2016\/06\/20160609_0008_Morofestac\u0327a\u0303o_por_Ramiro-Furquim__OAF0116.jpg\" alt=\" | Ramiro Furquim\/Jornal J\u00e1\" width=\"725\" height=\"482\" \/><figcaption id=\"caption-attachment-34483\" class=\"wp-caption-text\">Gornati organizou o ato | Ramiro Furquim\/Jornal J\u00e1<\/figcaption><\/figure><br \/>\nAt\u00e9 mesmo a Esquina Democr\u00e1tica foi sugerida, ao que rebateram &#8211; Esquina Democr\u00e1tica n\u00e3o!<br \/>\n&#8211; Por que n\u00e3o, s\u00f3 eles podem ir l\u00e1? Rebateu o outro.<br \/>\nOs locais\u00a0de novos atos ainda ser\u00e3o definidos. Um outro manifestante observou, inclusive fez um v\u00eddeo para divulgar nas redes sociais: \u201cEsse \u00e9 o ponto de partida que estamos iniciando para o grande ato do dia 31\u201d, exclamou.<br \/>\n<figure id=\"attachment_34481\" aria-describedby=\"caption-attachment-34481\" style=\"width: 725px\" class=\"wp-caption alignnone\"><img decoding=\"async\" class=\"size-full wp-image-34481\" src=\"https:\/\/www.jornalja.com.br\/wp-content\/uploads\/2016\/06\/20160609_0006_Morofestac\u0327a\u0303o_por_Ramiro-Furquim__OAF0083.jpg\" alt=\" | Ramiro Furquim\/Jornal J\u00e1\" width=\"725\" height=\"482\" \/><figcaption id=\"caption-attachment-34481\" class=\"wp-caption-text\">| Ramiro Furquim\/Jornal J\u00e1<\/figcaption><\/figure><br \/>\n<figure id=\"attachment_34478\" aria-describedby=\"caption-attachment-34478\" style=\"width: 725px\" class=\"wp-caption alignnone\"><img decoding=\"async\" class=\"size-full wp-image-34478\" src=\"https:\/\/www.jornalja.com.br\/wp-content\/uploads\/2016\/06\/20160609_0003_Morofestac\u0327a\u0303o_por_Ramiro-Furquim__OAF0058.jpg\" alt=\" | Ramiro Furquim\/Jornal J\u00e1\" width=\"725\" height=\"482\" \/><figcaption id=\"caption-attachment-34478\" class=\"wp-caption-text\">| Ramiro Furquim\/Jornal J\u00e1<\/figcaption><\/figure><br \/>\n<figure id=\"attachment_34477\" aria-describedby=\"caption-attachment-34477\" style=\"width: 725px\" class=\"wp-caption alignnone\"><img decoding=\"async\" class=\"size-full wp-image-34477\" src=\"https:\/\/www.jornalja.com.br\/wp-content\/uploads\/2016\/06\/20160609_0002_Morofestac\u0327a\u0303o_por_Ramiro-Furquim__OAF0050.jpg\" alt=\" | Ramiro Furquim\/Jornal J\u00e1\" width=\"725\" height=\"482\" \/><figcaption id=\"caption-attachment-34477\" class=\"wp-caption-text\">| Ramiro Furquim\/Jornal J\u00e1<\/figcaption><\/figure><\/p>\n","protected":false},"excerpt":{"rendered":"<p>Cerca de 30 pessoas estiveram, no final de tarde desta quinta-feira, na avenida Ipiranga em frente a sede da Pol\u00edcia Federal em Porto Alegre, manifestando-se a favor do Juiz S\u00e9rgio Moro, e da Opera\u00e7\u00e3o Lava-Jato: a \u201cMorofesta\u00e7\u00e3o\u201d, conforme foi chamado o ato. A maioria carregava cartazes com a foto do Juiz, mas algumas faixa eram [&hellip;]<\/p>\n","protected":false},"author":4,"featured_media":34476,"comment_status":"open","ping_status":"closed","sticky":false,"template":"","format":"standard","meta":{"_jetpack_memberships_contains_paid_content":false,"footnotes":""},"categories":[26],"tags":[],"class_list":["post-34471","post","type-post","status-publish","format-standard","has-post-thumbnail","hentry","category-geral"],"aioseo_notices":[],"jetpack_featured_media_url":"","jetpack_sharing_enabled":true,"jetpack-related-posts":[{"id":1280,"url":"https:\/\/www.jornalja.com.br\/arquivo\/o-menino-que-se-tornou-brizola\/","url_meta":{"origin":34471,"position":0},"title":"O Menino que se Tornou Brizola","author":"da Reda\u00e7\u00e3o","date":"28 de julho de 2008","format":false,"excerpt":"Autor: Cleber Dioni A vida de Leonel Brizola, com \u00eanfase para os primeiros anos em Porto Alegre, at\u00e9 o ex\u00edlio no Uruguai e a volta, quinze anos depois. \u00a0\"...\u00c9ramos todos jovens e nos identific\u00e1vamos com aquela massa an\u00f4nima a percorrer as ruas de Porto Alegre, gritando 'Get\u00falio', 'Get\u00falio' e empunhando\u2026","rel":"","context":"Em &quot;Livros&quot;","block_context":{"text":"Livros","link":"https:\/\/www.jornalja.com.br\/arquivo\/category\/livros\/"},"img":{"alt_text":"","src":"https:\/\/i0.wp.com\/www.jornalja.com.br\/wp-content\/uploads\/2008\/07\/brizola.gif?resize=350%2C200&ssl=1","width":350,"height":200},"classes":[]}],"jetpack_shortlink":"https:\/\/wp.me\/pbQjBd-8XZ","_links":{"self":[{"href":"https:\/\/www.jornalja.com.br\/arquivo\/wp-json\/wp\/v2\/posts\/34471","targetHints":{"allow":["GET"]}}],"collection":[{"href":"https:\/\/www.jornalja.com.br\/arquivo\/wp-json\/wp\/v2\/posts"}],"about":[{"href":"https:\/\/www.jornalja.com.br\/arquivo\/wp-json\/wp\/v2\/types\/post"}],"author":[{"embeddable":true,"href":"https:\/\/www.jornalja.com.br\/arquivo\/wp-json\/wp\/v2\/users\/4"}],"replies":[{"embeddable":true,"href":"https:\/\/www.jornalja.com.br\/arquivo\/wp-json\/wp\/v2\/comments?post=34471"}],"version-history":[{"count":0,"href":"https:\/\/www.jornalja.com.br\/arquivo\/wp-json\/wp\/v2\/posts\/34471\/revisions"}],"wp:featuredmedia":[{"embeddable":true,"href":"https:\/\/www.jornalja.com.br\/arquivo\/wp-json\/"}],"wp:attachment":[{"href":"https:\/\/www.jornalja.com.br\/arquivo\/wp-json\/wp\/v2\/media?parent=34471"}],"wp:term":[{"taxonomy":"category","embeddable":true,"href":"https:\/\/www.jornalja.com.br\/arquivo\/wp-json\/wp\/v2\/categories?post=34471"},{"taxonomy":"post_tag","embeddable":true,"href":"https:\/\/www.jornalja.com.br\/arquivo\/wp-json\/wp\/v2\/tags?post=34471"}],"curies":[{"name":"wp","href":"https:\/\/api.w.org\/{rel}","templated":true}]}}