{"id":34632,"date":"2016-06-12T05:47:14","date_gmt":"2016-06-12T08:47:14","guid":{"rendered":"https:\/\/www.jornalja.com.br\/?p=34632"},"modified":"2016-06-12T05:47:14","modified_gmt":"2016-06-12T08:47:14","slug":"ocupacoes-das-escolas-nota-do-movimento-maes-e-pais-pela-educacao","status":"publish","type":"post","link":"https:\/\/www.jornalja.com.br\/arquivo\/ocupacoes-das-escolas-nota-do-movimento-maes-e-pais-pela-educacao\/","title":{"rendered":"Ocupa\u00e7\u00f5es das escolas: Nota do Movimento M\u00e3es e Pais pela Educa\u00e7\u00e3o"},"content":{"rendered":"<p>O Movimento de M\u00e3es e Pais pela Educa\u00e7\u00e3o respeita a decis\u00e3o aut\u00f4noma dos secundaristas que ocupam as escolas estaduais e, em apoio a essa decis\u00e3o, pede para que as fam\u00edlias ga\u00fachas n\u00e3o enviem seus(suas) filhos(as) para as escolas ocupadas at\u00e9 que o governo volte para a mesa de negocia\u00e7\u00e3o e firme um acordo real, objetivo, e n\u00e3o essa enrola\u00e7\u00e3o que ele chama de proposta \u00e0s reivindica\u00e7\u00f5es dos(as) estudantes.<br \/>\nEm nota, os(as) estudantes declararam que ir\u00e3o permanecer ocupando suas escolas. Portanto, a tentativa for\u00e7ada de rein\u00edcio das aulas poder\u00e1 gerar conflitos que seriam evit\u00e1veis se o governo dispuser-se a dialogar concretamente e firmar um acordo concreto.<br \/>\nEm contraposi\u00e7\u00e3o a essa atitude do governo, nosso movimento de m\u00e3es, pais e apoiadores(as) j\u00e1 agendou reuni\u00e3o com o Minist\u00e9rio P\u00fablico para ele intermediar a reabertura das negocia\u00e7\u00f5es entre governo e estudantes, de modo que tenhamos uma solu\u00e7\u00e3o pac\u00edfica e c\u00e9lere para as desocupa\u00e7\u00f5es.<br \/>\n&nbsp;<br \/>\n<span class=\"assina\">Nota do Movimento M\u00e3es e Pais pela Educa\u00e7\u00e3o<\/span><br \/>\n<em>Resposta ao documento Carta-Compromisso aos Estudantes e \u00e0 Sociedade Ga\u00facha divulgado pelo governo em 09\/06\/2016.<\/em><br \/>\n<span class=\"intertit\">SARTORI, QUEREMOS DI\u00c1LOGO PELA EDUCA\u00c7\u00c3O!<\/span><br \/>\nDesde o in\u00edcio das Ocupa\u00e7\u00f5es das Escolas P\u00fablicas Estaduais, n\u00f3s, m\u00e3es, pais e respons\u00e1veis, estamos acompanhando nossos(as) filhos e filhas. Fruto da mobiliza\u00e7\u00e3o deles e delas, enquanto estudantes, as ocupa\u00e7\u00f5es fizeram vir \u00e0 tona o estado de abandono de grande parte destas escolas e a precariza\u00e7\u00e3o do ensino p\u00fablico em nosso estado, considerado hoje, um dos piores no pa\u00eds.<br \/>\nEnquanto m\u00e3es, pais e respons\u00e1veis, por crian\u00e7as e adolescentes estudantes, preocupa-nos o fato de existirem muitas escolas funcionando sem as m\u00ednimas condi\u00e7\u00f5es e de que a grande maioria dos estabelecimentos n\u00e3o possui Plano de Preven\u00e7\u00e3o e Prote\u00e7\u00e3o contra Inc\u00eandios (PPCI), amea\u00e7ando a integridade f\u00edsica de estudantes e trabalhadores(as) em educa\u00e7\u00e3o.<br \/>\nDiante dessas preocupa\u00e7\u00f5es e constata\u00e7\u00f5es, constru\u00edmos um movimento de apoio \u00e0 luta por uma educa\u00e7\u00e3o p\u00fablica de qualidade no Rio Grande do Sul. Entendemos ser inconceb\u00edvel que as escolas sirvam como dep\u00f3sito de estudantes, sendo prejudicados pela falta de aten\u00e7\u00e3o do governo que, somente esse ano, deixou de repassar, atrav\u00e9s de decreto, cerca de R$ 2,2 bilh\u00f5es, que deveriam ser investidos em educa\u00e7\u00e3o, sa\u00fade e seguran\u00e7a. A\u00e7\u00e3o que, em parte, \u00e9 respons\u00e1vel \u2013 portanto \u2013 por esse estado de coisas.<br \/>\n<span class=\"intertit assinaespecial\">A tortuosa busca de di\u00e1logo<\/span><br \/>\nDesde o in\u00edcio das Ocupa\u00e7\u00f5es de Escolas, n\u00f3s, m\u00e3es, pais e respons\u00e1veis, buscamos canais de negocia\u00e7\u00e3o com o Governo do Estado. E n\u00e3o fomos atendidos(as). Apenas na semana passada conseguimos iniciar debate junto \u00e0 Comiss\u00e3o de Seguran\u00e7a e Servi\u00e7os P\u00fablicos da ALRS, quando \u2013 finalmente \u2013 abriu-se um processo de di\u00e1logo junto ao Minist\u00e9rio P\u00fablico, Governo e Judici\u00e1rio.<br \/>\nEntretanto, essa abertura foi suspensa no final da tarde da \u00faltima quinta-feira, 09 de junho, quando o Governo distribui Nota P\u00fablica em que n\u00e3o apresentou propostas concretas de atendimento \u00e0s reivindica\u00e7\u00f5es dos(as) estudantes e fixou prazo de 48 horas para a desocupa\u00e7\u00e3o das escolas. Naquele dia, o protesto pac\u00edfico de estudantes, em sua maioria menores de idade, foi recebido na Pra\u00e7a da Matriz, de maneira truculenta pela tropa de choque. Uma atitude poucas vezes vista antes na hist\u00f3ria do RS. O confronto s\u00f3 foi evitado pela postura dos(as) estudantes e nossa. Mas o fato demonstrou a indisposi\u00e7\u00e3o do atual governo em buscar a solu\u00e7\u00e3o n\u00e3o violenta do conflito.<br \/>\nExigimos respeito aos direitos de todas as crian\u00e7as e adolescentes<br \/>\nDiante dos fatos at\u00e9 aqui mencionados, seguimos abertos ao di\u00e1logo, repudiando qualquer tipo de viol\u00eancia, e solicitamos:<\/p>\n<ul>\n<li>\u00c0 SEDUC: &#8211; A clara defini\u00e7\u00e3o de prazos para a reforma estrutural de cada uma das escolas; &#8211; A garantia de nenhuma puni\u00e7\u00e3o a estudantes que participam do movimento de ocupa\u00e7\u00f5es; &#8211; A abertura imediata de di\u00e1logo entre estudantes, m\u00e3es, pais e educadores(as) e \u00f3rg\u00e3os governamentais, mediada pelo Conselho Estadual de Educa\u00e7\u00e3o, para a revis\u00e3o do curr\u00edculo e de outros componentes curriculares e extracurriculares, tendo por base as demandas de estudantes, as legisla\u00e7\u00f5es e planos educacionais;<\/li>\n<li>\u00c0 SEDUC e ao Corpo de Bombeiros, a rela\u00e7\u00e3o das escolas que possuem Plano de Preven\u00e7\u00e3o e Prote\u00e7\u00e3o contra Inc\u00eandios, bem como quais as pend\u00eancias \u00e0s adapta\u00e7\u00f5es solicitadas pelo Corpo de Bombeiros;<\/li>\n<li>Ao Tribunal de Contas do Estado (TCE), a realiza\u00e7\u00e3o de Auditoria, tendo como um dos focos a merenda escolar, pelo descumprimento por parte do Governo da aplica\u00e7\u00e3o do percentual m\u00ednimo estabelecido constitucionalmente e, como outro, o repasse de recursos da educa\u00e7\u00e3o para outras \u00e1reas;<\/li>\n<li>Ao Minist\u00e9rio P\u00fablico (MP): &#8211; Sua interven\u00e7\u00e3o para a reabertura das negocia\u00e7\u00f5es entre estudantes, m\u00e3es, pais e respons\u00e1veis, e Governo, bem como determina\u00e7\u00e3o de que nenhuma a\u00e7\u00e3o truculenta ocorra durante o desenvolvimento desta; e apura\u00e7\u00e3o dos casos registrados de viol\u00eancia de qualquer tipo contra crian\u00e7as e adolescentes que ocupam as escolas ou participaram de atos p\u00fablicos relacionados a estas;<\/li>\n<li>Ao Governo do Estado, a retirada do PL 44\/2016 apresentado pelo Poder Executivo, e do PL 190\/2015 (apresentado por deputado da base do governo Sartori), ambos em tramita\u00e7\u00e3o na Assembleia Legislativa;<\/li>\n<li>\u00c0 Defensoria P\u00fablica a cria\u00e7\u00e3o de uma Ouvidoria da Educa\u00e7\u00e3o e a transpar\u00eancia dos dados sobre as den\u00fancias recebidas.<\/li>\n<\/ul>\n<p>Por fim, reivindicamos a formaliza\u00e7\u00e3o de uma Comiss\u00e3o entre m\u00e3es, pais, professores(as), estudantes, \u00f3rg\u00e3os governamentais e Minist\u00e9rio P\u00fablico para acompanhamento dos acordos resultantes das negocia\u00e7\u00f5es.<br \/>\nMovimento M\u00e3es e Pais pela Educa\u00e7\u00e3o | POA, 11\/06\/16.<br \/>\n<a href=\"http:\/\/facebook.com\/maesepaispelaeducacao\">facebook.com\/maesepaispelaeducacao<\/a><br \/>\n<a href=\"http:\/\/www.facebook.com\/maesepaispelaeducacao\/posts\/1600422030288088\">http:\/\/www.facebook.com\/maesepaispelaeducacao\/posts\/1600422030288088<\/a><br \/>\n&nbsp;<\/p>\n","protected":false},"excerpt":{"rendered":"<p>O Movimento de M\u00e3es e Pais pela Educa\u00e7\u00e3o respeita a decis\u00e3o aut\u00f4noma dos secundaristas que ocupam as escolas estaduais e, em apoio a essa decis\u00e3o, pede para que as fam\u00edlias ga\u00fachas n\u00e3o enviem seus(suas) filhos(as) para as escolas ocupadas at\u00e9 que o governo volte para a mesa de negocia\u00e7\u00e3o e firme um acordo real, objetivo, [&hellip;]<\/p>\n","protected":false},"author":4,"featured_media":0,"comment_status":"open","ping_status":"closed","sticky":false,"template":"","format":"standard","meta":{"_jetpack_newsletter_access":"","_jetpack_dont_email_post_to_subs":false,"_jetpack_newsletter_tier_id":0,"_jetpack_memberships_contains_paywalled_content":false,"_jetpack_feature_clip_id":0,"_jetpack_memberships_contains_paid_content":false,"footnotes":"","jetpack_post_was_ever_published":false},"categories":[2013,2012],"tags":[],"class_list":["post-34632","post","type-post","status-publish","format-standard","hentry","category-cdd-mural","category-debates"],"aioseo_notices":[],"aioseo_head":"\n\t\t<!-- All in One SEO 5.0.1.1 - aioseo.com -->\n\t<meta name=\"robots\" content=\"max-image-preview:large\" \/>\n\t<meta name=\"author\" content=\"da Reda\u00e7\u00e3o\"\/>\n\t<link rel=\"canonical\" href=\"https:\/\/www.jornalja.com.br\/arquivo\/ocupacoes-das-escolas-nota-do-movimento-maes-e-pais-pela-educacao\/\" \/>\n\t<meta name=\"generator\" content=\"All in One SEO (AIOSEO) 5.0.1.1\" \/>\n\t\t<meta property=\"og:locale\" content=\"pt_BR\" \/>\n\t\t<meta property=\"og:site_name\" content=\"Arquivo | Jornal J\u00c1 | Porto Alegre\" \/>\n\t\t<meta property=\"og:type\" content=\"article\" \/>\n\t\t<meta property=\"og:title\" content=\"Ocupa\u00e7\u00f5es das escolas: Nota do Movimento M\u00e3es e Pais pela Educa\u00e7\u00e3o | Arquivo\" \/>\n\t\t<meta property=\"og:url\" content=\"https:\/\/www.jornalja.com.br\/arquivo\/ocupacoes-das-escolas-nota-do-movimento-maes-e-pais-pela-educacao\/\" \/>\n\t\t<meta property=\"og:image\" content=\"https:\/\/www.jornalja.com.br\/economics\/wp-content\/uploads\/sites\/11\/2026\/08\/ja-folhaderosto-facebook.jpg\" \/>\n\t\t<meta property=\"og:image:secure_url\" content=\"https:\/\/www.jornalja.com.br\/economics\/wp-content\/uploads\/sites\/11\/2026\/08\/ja-folhaderosto-facebook.jpg\" \/>\n\t\t<meta property=\"article:published_time\" content=\"2016-06-12T08:47:14+00:00\" \/>\n\t\t<meta property=\"article:modified_time\" content=\"2016-06-12T08:47:14+00:00\" \/>\n\t\t<meta name=\"twitter:card\" content=\"summary\" \/>\n\t\t<meta name=\"twitter:title\" content=\"Ocupa\u00e7\u00f5es das escolas: Nota do Movimento M\u00e3es e Pais pela Educa\u00e7\u00e3o | Arquivo\" \/>\n\t\t<meta name=\"twitter:image\" content=\"https:\/\/www.jornalja.com.br\/economics\/wp-content\/uploads\/sites\/11\/2026\/08\/ja-folhaderosto-facebook.jpg\" \/>\n\t\t<script type=\"application\/ld+json\" class=\"aioseo-schema\">\n\t\t\t{\"@context\":\"https:\\\/\\\/schema.org\",\"@graph\":[{\"@type\":\"BlogPosting\",\"@id\":\"https:\\\/\\\/www.jornalja.com.br\\\/arquivo\\\/ocupacoes-das-escolas-nota-do-movimento-maes-e-pais-pela-educacao\\\/#blogposting\",\"name\":\"Ocupa\\u00e7\\u00f5es das escolas: Nota do Movimento M\\u00e3es e Pais pela Educa\\u00e7\\u00e3o | Arquivo\",\"headline\":\"Ocupa\\u00e7\\u00f5es das escolas: Nota do Movimento M\\u00e3es e Pais pela Educa\\u00e7\\u00e3o\",\"author\":{\"@id\":\"https:\\\/\\\/www.jornalja.com.br\\\/arquivo\\\/author\\\/daredacao\\\/#author\"},\"publisher\":{\"@id\":\"https:\\\/\\\/www.jornalja.com.br\\\/arquivo\\\/#organization\"},\"image\":{\"@type\":\"ImageObject\",\"url\":\"https:\\\/\\\/www.jornalja.com.br\\\/wp-content\\\/uploads\\\/cards\\\/JAslogan.png\",\"@id\":\"https:\\\/\\\/www.jornalja.com.br\\\/arquivo\\\/#articleImage\"},\"datePublished\":\"2016-06-12T05:47:14-03:00\",\"dateModified\":\"2016-06-12T05:47:14-03:00\",\"inLanguage\":\"pt-BR\",\"mainEntityOfPage\":{\"@id\":\"https:\\\/\\\/www.jornalja.com.br\\\/arquivo\\\/ocupacoes-das-escolas-nota-do-movimento-maes-e-pais-pela-educacao\\\/#webpage\"},\"isPartOf\":{\"@id\":\"https:\\\/\\\/www.jornalja.com.br\\\/arquivo\\\/ocupacoes-das-escolas-nota-do-movimento-maes-e-pais-pela-educacao\\\/#webpage\"},\"articleSection\":\"CDD-MURAL, HOTSITE Comit\\u00ea pela Democracia\"},{\"@type\":\"BreadcrumbList\",\"@id\":\"https:\\\/\\\/www.jornalja.com.br\\\/arquivo\\\/ocupacoes-das-escolas-nota-do-movimento-maes-e-pais-pela-educacao\\\/#breadcrumblist\",\"itemListElement\":[{\"@type\":\"ListItem\",\"@id\":\"https:\\\/\\\/www.jornalja.com.br\\\/arquivo#listItem\",\"position\":1,\"name\":\"Home\",\"item\":\"https:\\\/\\\/www.jornalja.com.br\\\/arquivo\",\"nextItem\":{\"@type\":\"ListItem\",\"@id\":\"https:\\\/\\\/www.jornalja.com.br\\\/arquivo\\\/category\\\/debates\\\/#listItem\",\"name\":\"HOTSITE Comit\\u00ea pela Democracia\"}},{\"@type\":\"ListItem\",\"@id\":\"https:\\\/\\\/www.jornalja.com.br\\\/arquivo\\\/category\\\/debates\\\/#listItem\",\"position\":2,\"name\":\"HOTSITE Comit\\u00ea pela Democracia\",\"item\":\"https:\\\/\\\/www.jornalja.com.br\\\/arquivo\\\/category\\\/debates\\\/\",\"nextItem\":{\"@type\":\"ListItem\",\"@id\":\"https:\\\/\\\/www.jornalja.com.br\\\/arquivo\\\/ocupacoes-das-escolas-nota-do-movimento-maes-e-pais-pela-educacao\\\/#listItem\",\"name\":\"Ocupa\\u00e7\\u00f5es das escolas: Nota do Movimento M\\u00e3es e Pais pela Educa\\u00e7\\u00e3o\"},\"previousItem\":{\"@type\":\"ListItem\",\"@id\":\"https:\\\/\\\/www.jornalja.com.br\\\/arquivo#listItem\",\"name\":\"Home\"}},{\"@type\":\"ListItem\",\"@id\":\"https:\\\/\\\/www.jornalja.com.br\\\/arquivo\\\/ocupacoes-das-escolas-nota-do-movimento-maes-e-pais-pela-educacao\\\/#listItem\",\"position\":3,\"name\":\"Ocupa\\u00e7\\u00f5es das escolas: Nota do Movimento M\\u00e3es e Pais pela Educa\\u00e7\\u00e3o\",\"previousItem\":{\"@type\":\"ListItem\",\"@id\":\"https:\\\/\\\/www.jornalja.com.br\\\/arquivo\\\/category\\\/debates\\\/#listItem\",\"name\":\"HOTSITE Comit\\u00ea pela Democracia\"}}]},{\"@type\":\"Organization\",\"@id\":\"https:\\\/\\\/www.jornalja.com.br\\\/arquivo\\\/#organization\",\"name\":\"Jornal J\\u00c1\",\"description\":\"Jornal J\\u00c1 | Porto Alegre\",\"url\":\"https:\\\/\\\/www.jornalja.com.br\\\/arquivo\\\/\",\"telephone\":\"+555133307272\",\"logo\":{\"@type\":\"ImageObject\",\"url\":\"https:\\\/\\\/www.jornalja.com.br\\\/wp-content\\\/uploads\\\/cards\\\/JAslogan.png\",\"@id\":\"https:\\\/\\\/www.jornalja.com.br\\\/arquivo\\\/ocupacoes-das-escolas-nota-do-movimento-maes-e-pais-pela-educacao\\\/#organizationLogo\"},\"image\":{\"@id\":\"https:\\\/\\\/www.jornalja.com.br\\\/arquivo\\\/ocupacoes-das-escolas-nota-do-movimento-maes-e-pais-pela-educacao\\\/#organizationLogo\"}},{\"@type\":\"Person\",\"@id\":\"https:\\\/\\\/www.jornalja.com.br\\\/arquivo\\\/author\\\/daredacao\\\/#author\",\"url\":\"https:\\\/\\\/www.jornalja.com.br\\\/arquivo\\\/author\\\/daredacao\\\/\",\"name\":\"da Reda\\u00e7\\u00e3o\",\"image\":{\"@type\":\"ImageObject\",\"@id\":\"https:\\\/\\\/www.jornalja.com.br\\\/arquivo\\\/ocupacoes-das-escolas-nota-do-movimento-maes-e-pais-pela-educacao\\\/#authorImage\",\"url\":\"https:\\\/\\\/secure.gravatar.com\\\/avatar\\\/469fd857d6605ad19919d27ed29d35a968a25f6e8fd9318356bbb7f57aae9c65?s=96&d=mm&r=g\",\"width\":96,\"height\":96,\"caption\":\"da Reda\\u00e7\\u00e3o\"}},{\"@type\":\"WebPage\",\"@id\":\"https:\\\/\\\/www.jornalja.com.br\\\/arquivo\\\/ocupacoes-das-escolas-nota-do-movimento-maes-e-pais-pela-educacao\\\/#webpage\",\"url\":\"https:\\\/\\\/www.jornalja.com.br\\\/arquivo\\\/ocupacoes-das-escolas-nota-do-movimento-maes-e-pais-pela-educacao\\\/\",\"name\":\"Ocupa\\u00e7\\u00f5es das escolas: Nota do Movimento M\\u00e3es e Pais pela Educa\\u00e7\\u00e3o | Arquivo\",\"inLanguage\":\"pt-BR\",\"isPartOf\":{\"@id\":\"https:\\\/\\\/www.jornalja.com.br\\\/arquivo\\\/#website\"},\"breadcrumb\":{\"@id\":\"https:\\\/\\\/www.jornalja.com.br\\\/arquivo\\\/ocupacoes-das-escolas-nota-do-movimento-maes-e-pais-pela-educacao\\\/#breadcrumblist\"},\"author\":{\"@id\":\"https:\\\/\\\/www.jornalja.com.br\\\/arquivo\\\/author\\\/daredacao\\\/#author\"},\"creator\":{\"@id\":\"https:\\\/\\\/www.jornalja.com.br\\\/arquivo\\\/author\\\/daredacao\\\/#author\"},\"datePublished\":\"2016-06-12T05:47:14-03:00\",\"dateModified\":\"2016-06-12T05:47:14-03:00\"},{\"@type\":\"WebSite\",\"@id\":\"https:\\\/\\\/www.jornalja.com.br\\\/arquivo\\\/#website\",\"url\":\"https:\\\/\\\/www.jornalja.com.br\\\/arquivo\\\/\",\"name\":\"Arquivo\",\"description\":\"Jornal J\\u00c1 | Porto Alegre\",\"inLanguage\":\"pt-BR\",\"publisher\":{\"@id\":\"https:\\\/\\\/www.jornalja.com.br\\\/arquivo\\\/#organization\"}}]}\n\t\t<\/script>\n\t\t<!-- All in One SEO -->\n\n","aioseo_head_json":{"title":"Ocupa\u00e7\u00f5es das escolas: Nota do Movimento M\u00e3es e Pais pela Educa\u00e7\u00e3o | Arquivo","description":"","canonical_url":"https:\/\/www.jornalja.com.br\/arquivo\/ocupacoes-das-escolas-nota-do-movimento-maes-e-pais-pela-educacao\/","robots":"max-image-preview:large","keywords":"","webmasterTools":{"miscellaneous":""},"schema":{"@context":"https:\/\/schema.org","@graph":[{"@type":"BlogPosting","@id":"https:\/\/www.jornalja.com.br\/arquivo\/ocupacoes-das-escolas-nota-do-movimento-maes-e-pais-pela-educacao\/#blogposting","name":"Ocupa\u00e7\u00f5es das escolas: Nota do Movimento M\u00e3es e Pais pela Educa\u00e7\u00e3o | Arquivo","headline":"Ocupa\u00e7\u00f5es das escolas: Nota do Movimento M\u00e3es e Pais pela Educa\u00e7\u00e3o","author":{"@id":"https:\/\/www.jornalja.com.br\/arquivo\/author\/daredacao\/#author"},"publisher":{"@id":"https:\/\/www.jornalja.com.br\/arquivo\/#organization"},"image":{"@type":"ImageObject","url":"https:\/\/www.jornalja.com.br\/wp-content\/uploads\/cards\/JAslogan.png","@id":"https:\/\/www.jornalja.com.br\/arquivo\/#articleImage"},"datePublished":"2016-06-12T05:47:14-03:00","dateModified":"2016-06-12T05:47:14-03:00","inLanguage":"pt-BR","mainEntityOfPage":{"@id":"https:\/\/www.jornalja.com.br\/arquivo\/ocupacoes-das-escolas-nota-do-movimento-maes-e-pais-pela-educacao\/#webpage"},"isPartOf":{"@id":"https:\/\/www.jornalja.com.br\/arquivo\/ocupacoes-das-escolas-nota-do-movimento-maes-e-pais-pela-educacao\/#webpage"},"articleSection":"CDD-MURAL, HOTSITE Comit\u00ea pela Democracia"},{"@type":"BreadcrumbList","@id":"https:\/\/www.jornalja.com.br\/arquivo\/ocupacoes-das-escolas-nota-do-movimento-maes-e-pais-pela-educacao\/#breadcrumblist","itemListElement":[{"@type":"ListItem","@id":"https:\/\/www.jornalja.com.br\/arquivo#listItem","position":1,"name":"Home","item":"https:\/\/www.jornalja.com.br\/arquivo","nextItem":{"@type":"ListItem","@id":"https:\/\/www.jornalja.com.br\/arquivo\/category\/debates\/#listItem","name":"HOTSITE Comit\u00ea pela Democracia"}},{"@type":"ListItem","@id":"https:\/\/www.jornalja.com.br\/arquivo\/category\/debates\/#listItem","position":2,"name":"HOTSITE Comit\u00ea pela Democracia","item":"https:\/\/www.jornalja.com.br\/arquivo\/category\/debates\/","nextItem":{"@type":"ListItem","@id":"https:\/\/www.jornalja.com.br\/arquivo\/ocupacoes-das-escolas-nota-do-movimento-maes-e-pais-pela-educacao\/#listItem","name":"Ocupa\u00e7\u00f5es das escolas: Nota do Movimento M\u00e3es e Pais pela Educa\u00e7\u00e3o"},"previousItem":{"@type":"ListItem","@id":"https:\/\/www.jornalja.com.br\/arquivo#listItem","name":"Home"}},{"@type":"ListItem","@id":"https:\/\/www.jornalja.com.br\/arquivo\/ocupacoes-das-escolas-nota-do-movimento-maes-e-pais-pela-educacao\/#listItem","position":3,"name":"Ocupa\u00e7\u00f5es das escolas: Nota do Movimento M\u00e3es e Pais pela Educa\u00e7\u00e3o","previousItem":{"@type":"ListItem","@id":"https:\/\/www.jornalja.com.br\/arquivo\/category\/debates\/#listItem","name":"HOTSITE Comit\u00ea pela Democracia"}}]},{"@type":"Organization","@id":"https:\/\/www.jornalja.com.br\/arquivo\/#organization","name":"Jornal J\u00c1","description":"Jornal J\u00c1 | Porto Alegre","url":"https:\/\/www.jornalja.com.br\/arquivo\/","telephone":"+555133307272","logo":{"@type":"ImageObject","url":"https:\/\/www.jornalja.com.br\/wp-content\/uploads\/cards\/JAslogan.png","@id":"https:\/\/www.jornalja.com.br\/arquivo\/ocupacoes-das-escolas-nota-do-movimento-maes-e-pais-pela-educacao\/#organizationLogo"},"image":{"@id":"https:\/\/www.jornalja.com.br\/arquivo\/ocupacoes-das-escolas-nota-do-movimento-maes-e-pais-pela-educacao\/#organizationLogo"}},{"@type":"Person","@id":"https:\/\/www.jornalja.com.br\/arquivo\/author\/daredacao\/#author","url":"https:\/\/www.jornalja.com.br\/arquivo\/author\/daredacao\/","name":"da Reda\u00e7\u00e3o","image":{"@type":"ImageObject","@id":"https:\/\/www.jornalja.com.br\/arquivo\/ocupacoes-das-escolas-nota-do-movimento-maes-e-pais-pela-educacao\/#authorImage","url":"https:\/\/secure.gravatar.com\/avatar\/469fd857d6605ad19919d27ed29d35a968a25f6e8fd9318356bbb7f57aae9c65?s=96&d=mm&r=g","width":96,"height":96,"caption":"da Reda\u00e7\u00e3o"}},{"@type":"WebPage","@id":"https:\/\/www.jornalja.com.br\/arquivo\/ocupacoes-das-escolas-nota-do-movimento-maes-e-pais-pela-educacao\/#webpage","url":"https:\/\/www.jornalja.com.br\/arquivo\/ocupacoes-das-escolas-nota-do-movimento-maes-e-pais-pela-educacao\/","name":"Ocupa\u00e7\u00f5es das escolas: Nota do Movimento M\u00e3es e Pais pela Educa\u00e7\u00e3o | Arquivo","inLanguage":"pt-BR","isPartOf":{"@id":"https:\/\/www.jornalja.com.br\/arquivo\/#website"},"breadcrumb":{"@id":"https:\/\/www.jornalja.com.br\/arquivo\/ocupacoes-das-escolas-nota-do-movimento-maes-e-pais-pela-educacao\/#breadcrumblist"},"author":{"@id":"https:\/\/www.jornalja.com.br\/arquivo\/author\/daredacao\/#author"},"creator":{"@id":"https:\/\/www.jornalja.com.br\/arquivo\/author\/daredacao\/#author"},"datePublished":"2016-06-12T05:47:14-03:00","dateModified":"2016-06-12T05:47:14-03:00"},{"@type":"WebSite","@id":"https:\/\/www.jornalja.com.br\/arquivo\/#website","url":"https:\/\/www.jornalja.com.br\/arquivo\/","name":"Arquivo","description":"Jornal J\u00c1 | Porto Alegre","inLanguage":"pt-BR","publisher":{"@id":"https:\/\/www.jornalja.com.br\/arquivo\/#organization"}}]},"og:locale":"pt_BR","og:site_name":"Arquivo | Jornal J\u00c1 | Porto Alegre","og:type":"article","og:title":"Ocupa\u00e7\u00f5es das escolas: Nota do Movimento M\u00e3es e Pais pela Educa\u00e7\u00e3o | Arquivo","og:url":"https:\/\/www.jornalja.com.br\/arquivo\/ocupacoes-das-escolas-nota-do-movimento-maes-e-pais-pela-educacao\/","og:image":"https:\/\/www.jornalja.com.br\/economics\/wp-content\/uploads\/sites\/11\/2026\/08\/ja-folhaderosto-facebook.jpg","og:image:secure_url":"https:\/\/www.jornalja.com.br\/economics\/wp-content\/uploads\/sites\/11\/2026\/08\/ja-folhaderosto-facebook.jpg","article:published_time":"2016-06-12T08:47:14+00:00","article:modified_time":"2016-06-12T08:47:14+00:00","twitter:card":"summary","twitter:title":"Ocupa\u00e7\u00f5es das escolas: Nota do Movimento M\u00e3es e Pais pela Educa\u00e7\u00e3o | Arquivo","twitter:image":"https:\/\/www.jornalja.com.br\/economics\/wp-content\/uploads\/sites\/11\/2026\/08\/ja-folhaderosto-facebook.jpg"},"aioseo_meta_data":{"post_id":"34632","title":null,"description":null,"keywords":null,"keyphrases":null,"primary_term":null,"canonical_url":null,"og_title":null,"og_description":null,"og_object_type":"default","og_image_type":"default","og_image_url":null,"og_image_width":null,"og_image_height":null,"og_image_custom_url":null,"og_image_custom_fields":null,"og_video":null,"og_custom_url":null,"og_article_section":null,"og_article_tags":null,"twitter_use_og":false,"twitter_card":"default","twitter_image_type":"default","twitter_image_url":null,"twitter_image_custom_url":null,"twitter_image_custom_fields":null,"twitter_title":null,"twitter_description":null,"schema":{"blockGraphs":[],"customGraphs":[],"default":{"data":{"Article":[],"Course":[],"Dataset":[],"FAQPage":[],"Movie":[],"Person":[],"Product":[],"ProductReview":[],"Car":[],"Recipe":[],"Service":[],"SoftwareApplication":[],"WebPage":[]},"graphName":"","isEnabled":true},"graphs":[],"defaultGraph":"","defaultPostTypeGraph":""},"schema_type":null,"schema_type_options":null,"pillar_content":false,"robots_default":true,"robots_noindex":false,"robots_noarchive":false,"robots_nosnippet":false,"robots_nofollow":false,"robots_noimageindex":false,"robots_noodp":false,"robots_notranslate":false,"robots_max_snippet":null,"robots_max_videopreview":null,"robots_max_imagepreview":"large","priority":null,"frequency":null,"location":null,"local_seo":null,"breadcrumb_settings":null,"limit_modified_date":false,"ai":null,"created":"2020-12-20 20:56:37","updated":"2025-07-19 14:27:00","seo_analyzer_scan_date":null,"focus_keyword":null,"additional_keywords":null,"truseo_locale":null},"jetpack_sharing_enabled":true,"jetpack-related-posts":[{"id":13109,"url":"https:\/\/www.jornalja.com.br\/arquivo\/judiciario-reconhece-poluicao-eletromagnetica\/","url_meta":{"origin":34632,"position":0},"title":"Judici\u00e1rio reconhece polui\u00e7\u00e3o eletromagn\u00e9tica","author":"Patr\u00edcia Marini","date":"16 de maio de 2014","format":false,"excerpt":"A\u00e7\u00e3o de duas associa\u00e7\u00f5es de moradores foi acolhida pelo Tribunal de Justi\u00e7a de S\u00e3o Paulo que. em decis\u00e3o in\u00e9dita, determinou a redu\u00e7\u00e3o do campo eletromagn\u00e9tico gerado pelas linhas de transmiss\u00e3o de energia que cortam os bairros City Boa\u00e7ava e Alto de Pinheiros. \u00c9 a primeira vez que um tribunal do\u2026","rel":"","context":"Em &quot;X.Categorias velhas&quot;","block_context":{"text":"X.Categorias velhas","link":"https:\/\/www.jornalja.com.br\/arquivo\/category\/x-categorias-velhas\/"},"img":{"alt_text":"","src":"","width":0,"height":0},"classes":[]},{"id":5440,"url":"https:\/\/www.jornalja.com.br\/arquivo\/casarao-da-venancio-destino-permanece-incerto\/","url_meta":{"origin":34632,"position":1},"title":"Estado ainda n\u00e3o sabe o que fazer com casar\u00e3o abandonado h\u00e1 20 anos","author":"Elmar Bones","date":"6 de julho de 2009","format":false,"excerpt":"O casar\u00e3o amarelo, numa esquina nobre de Porto Alegre (Ven\u00e2ncio Aires com Jo\u00e3o Pessoa), j\u00e1 abrigou uma escola. H\u00e1 duas d\u00e9cadas, pelo menos, est\u00e1 abandonado, porque seu propriet\u00e1rio, o governo do Estado do Rio Grande do Sul, n\u00e3o consegue achar um destino para ele. Planos n\u00e3o faltaram. O governador Ol\u00edvio\u2026","rel":"","context":"Em &quot;X.Categorias velhas&quot;","block_context":{"text":"X.Categorias velhas","link":"https:\/\/www.jornalja.com.br\/arquivo\/category\/x-categorias-velhas\/"},"img":{"alt_text":"geraldo1","src":"https:\/\/i0.wp.com\/www.jornalja.com.br\/wp-content\/uploads\/2009\/07\/geraldo1.jpg?resize=350%2C200&ssl=1","width":350,"height":200},"classes":[]},{"id":13124,"url":"https:\/\/www.jornalja.com.br\/arquivo\/sangue-latino-no-iecine\/","url_meta":{"origin":34632,"position":2},"title":"Sangue latino no IECINE","author":"da Reda\u00e7\u00e3o","date":"18 de maio de 2014","format":false,"excerpt":"Francisco Ribeiro O Instituto Estadual de Cinema (IECINE) tem a frente, desde abril \u00faltimo, um novo diretor, o cineasta colombiano Juan Zapata, 36, que substitui Luiz Alberto Cassol. Radicado h\u00e1 dez anos em Porto Alegre, Zapata tem diante de si o desafio de conduzir at\u00e9 o final do ano um\u2026","rel":"","context":"Em &quot;Cultura-Geral&quot;","block_context":{"text":"Cultura-Geral","link":"https:\/\/www.jornalja.com.br\/arquivo\/category\/materiasecundaria\/"},"img":{"alt_text":"","src":"","width":0,"height":0},"classes":[]},{"id":13128,"url":"https:\/\/www.jornalja.com.br\/arquivo\/maconha-terra-diz-que-uso-medicinal-e-desculpa\/","url_meta":{"origin":34632,"position":3},"title":"Maconha: Terra diz que uso medicinal \u00e9 desculpa","author":"Patr\u00edcia Marini","date":"4 de junho de 2014","format":false,"excerpt":"A condi\u00e7\u00e3o de pol\u00edtico, em \u00e9poca de campanha de campanha eleitoral, tira for\u00e7a do discurso do m\u00e9dico Osmar Terra contra a legaliza\u00e7\u00e3o da maconha. A tese dele de que a libera\u00e7\u00e3o vai ampliar exponencialmente o consumo \u00e9 discutivel, o consumo \u00e9 corrente. Mas seus alertas quanto aos riscos tem que\u2026","rel":"","context":"Em &quot;X.Categorias velhas&quot;","block_context":{"text":"X.Categorias velhas","link":"https:\/\/www.jornalja.com.br\/arquivo\/category\/x-categorias-velhas\/"},"img":{"alt_text":"","src":"","width":0,"height":0},"classes":[]},{"id":13240,"url":"https:\/\/www.jornalja.com.br\/arquivo\/plano-diretor-estamos-construindo-o-caos\/","url_meta":{"origin":34632,"position":4},"title":"Plano diretor: &quot;Estamos construindo o caos&quot;","author":"Patr\u00edcia Marini","date":"26 de maio de 2014","format":false,"excerpt":"Desabafo que arquiteta Eliana Castilhos, delegada da Regi\u00e3o de Planejamento 1, postou nas redes sociais \u00e9 um testemunho do ambiente que se criou no Conselho do Plano Diretor de Porto Alegre, onde a aprova\u00e7\u00e3o de grandes empreendimentos \u00e9 empurrada guela abaixo dos conselheiros. Ao CMDUA Como delegada da Regi\u00e3o de\u2026","rel":"","context":"Em &quot;Geral&quot;","block_context":{"text":"Geral","link":"https:\/\/www.jornalja.com.br\/arquivo\/category\/geral\/"},"img":{"alt_text":"","src":"","width":0,"height":0},"classes":[]},{"id":12960,"url":"https:\/\/www.jornalja.com.br\/arquivo\/populacao-culpa-empresas-pela-greve-dos-rodoviarios\/","url_meta":{"origin":34632,"position":5},"title":"Popula\u00e7\u00e3o culpa empresas pela greve","author":"Patr\u00edcia Marini","date":"14 de fevereiro de 2014","format":false,"excerpt":"Pesquisa divulgada na edi\u00e7\u00e3o do jornal Metro desta sexta-feira,14, comprova o velho ditado: \u00e9 poss\u00edvel enganar muitos por algum tempo, mas n\u00e3o \u00e9 poss\u00edvel enganar a todos o tempo inteiro. A principal revela\u00e7\u00e3o foi que 59,8% dos entrevistados apontaram as empresas como as principais respons\u00e1veis pela grave e 46% culparam\u2026","rel":"","context":"Em &quot;X.Categorias velhas&quot;","block_context":{"text":"X.Categorias velhas","link":"https:\/\/www.jornalja.com.br\/arquivo\/category\/x-categorias-velhas\/"},"img":{"alt_text":"","src":"","width":0,"height":0},"classes":[]}],"jetpack_shortlink":"https:\/\/wp.me\/pbQjBd-90A","jetpack_featured_media_url":"","_links":{"self":[{"href":"https:\/\/www.jornalja.com.br\/arquivo\/wp-json\/wp\/v2\/posts\/34632","targetHints":{"allow":["GET"]}}],"collection":[{"href":"https:\/\/www.jornalja.com.br\/arquivo\/wp-json\/wp\/v2\/posts"}],"about":[{"href":"https:\/\/www.jornalja.com.br\/arquivo\/wp-json\/wp\/v2\/types\/post"}],"author":[{"embeddable":true,"href":"https:\/\/www.jornalja.com.br\/arquivo\/wp-json\/wp\/v2\/users\/4"}],"replies":[{"embeddable":true,"href":"https:\/\/www.jornalja.com.br\/arquivo\/wp-json\/wp\/v2\/comments?post=34632"}],"version-history":[{"count":0,"href":"https:\/\/www.jornalja.com.br\/arquivo\/wp-json\/wp\/v2\/posts\/34632\/revisions"}],"wp:attachment":[{"href":"https:\/\/www.jornalja.com.br\/arquivo\/wp-json\/wp\/v2\/media?parent=34632"}],"wp:term":[{"taxonomy":"category","embeddable":true,"href":"https:\/\/www.jornalja.com.br\/arquivo\/wp-json\/wp\/v2\/categories?post=34632"},{"taxonomy":"post_tag","embeddable":true,"href":"https:\/\/www.jornalja.com.br\/arquivo\/wp-json\/wp\/v2\/tags?post=34632"}],"curies":[{"name":"wp","href":"https:\/\/api.w.org\/{rel}","templated":true}]}}