{"id":34653,"date":"2016-06-12T23:18:02","date_gmt":"2016-06-13T02:18:02","guid":{"rendered":"https:\/\/www.jornalja.com.br\/?p=34653"},"modified":"2016-06-12T23:18:02","modified_gmt":"2016-06-13T02:18:02","slug":"a-populacao-se-apresenta-na-politica-brasileira","status":"publish","type":"post","link":"https:\/\/www.jornalja.com.br\/arquivo\/a-populacao-se-apresenta-na-politica-brasileira\/","title":{"rendered":"A popula\u00e7\u00e3o se apresenta na pol\u00edtica brasileira"},"content":{"rendered":"<p align=\"justify\"><span style=\"font-size: medium\">No Brasil a sociedade aparece com sua popula\u00e7\u00e3o bastante irreverente. Grandes manifesta\u00e7\u00f5es, in\u00edcio de articula\u00e7\u00e3o entre diversos setores sociais e o come\u00e7o da constru\u00e7\u00e3o de propostas pol\u00edticas mostram aspectos neste sentido. \u00c9 significativo que os alunos secundaristas de S\u00e3o Paulo, com a ocupa\u00e7\u00e3o de escolas, conseguem obrigar o governador a derrubar o Secret\u00e1rio de Educa\u00e7\u00e3o. O Governo Federal \u201cfechou\u201d e depois \u201cabriu\u201d em menos de dez dias o Minist\u00e9rio de Cultura, tamb\u00e9m em decorr\u00eancia de press\u00f5es semelhantes. Hoje a participa\u00e7\u00e3o do cidad\u00e3o \u00e9 decisiva para a constru\u00e7\u00e3o de uma alternativa consistente ao pa\u00eds.<\/span><\/p>\n<p align=\"justify\"><span style=\"font-size: medium\">Mudou muito a estrutura e a din\u00e2mica da sociedade. O simples crescimento cont\u00ednuo do pa\u00eds como um todo e a pol\u00edtica progressista que seu governo apresentava n\u00e3o respondem mais \u00e0s exig\u00eancias do momento. \u00c9 necess\u00e1rio definir novas e profundas solu\u00e7\u00f5es ao seu desenvolvimento. O caminho da pol\u00edtica conservadora \u00e9 o golpe de Estado. Para a popula\u00e7\u00e3o a solu\u00e7\u00e3o s\u00f3 com Democracia. <\/span><\/p>\n<p align=\"justify\"><span style=\"font-size: medium\">Hoje o dom\u00ednio do capital financeiro \u00e9 muito agudo sobre as Rela\u00e7\u00f5es de Produ\u00e7\u00e3o e imp\u00f5e mudan\u00e7as profundas nas Rela\u00e7\u00f5es de Trabalho, Condi\u00e7\u00f5es de Vida, Pol\u00edtica, valores da Ideologia e Cultura. A explora\u00e7\u00e3o atual da m\u00e3o de obra faz a resist\u00eancia dos trabalhadores ficar fragilizada. O tempo de emprego do trabalho \u00e9 curto, dispens\u00e1vel e exige qualifica\u00e7\u00e3o profissional, o que gera concorr\u00eancia atrav\u00e9s da utiliza\u00e7\u00e3o da tecnologia e do aumento do desemprego.<\/span><\/p>\n<p align=\"justify\"><span style=\"font-size: medium\">Mas outros fatores conduziram a este confronto. Com a acelera\u00e7\u00e3o do \u00eaxodo rural nos anos de 70 a 75, um ter\u00e7o da popula\u00e7\u00e3o do pa\u00eds se deslocou do campo para as concentra\u00e7\u00f5es urbanas e gerou graves altera\u00e7\u00f5es. A ditadura s\u00f3 respondeu com repress\u00e3o e at\u00e9 hoje as respostas a estes desequil\u00edbrios nas cidades e aos preju\u00edzos da popula\u00e7\u00e3o s\u00e3o insuficientes. Hoje as Condi\u00e7\u00f5es de Vida s\u00e3o fundamentais na inser\u00e7\u00e3o social dos brasileiros e determinantes para alcan\u00e7ar o Mercado de Trabalho. Este fator imp\u00f5e defini\u00e7\u00f5es e objetividades r\u00e1pidas e precisas na vida dos cidad\u00e3os. Um elemento b\u00e1sico para as rea\u00e7\u00f5es cr\u00edticas das mobiliza\u00e7\u00f5es sociais. <\/span><\/p>\n<p align=\"justify\"><span style=\"font-size: medium\">As manifesta\u00e7\u00f5es \u201cFora Temer\u201d, s\u00e3o imensas e continuadas. \u00c9 o foco atual. Os objetivos maiores s\u00e3o no sentido de construirmos um \u201cSistema da Democracia\u201d, com estrutura e valores participativos que respondam ao tipo de desenvolvimento de toda a sociedade. Os eventos p\u00fablicos anteriores eram bastante grandes e realizavam uma disputa pol\u00edtica entre os que propunham a queda da presidenta Dilma e os que a defendiam. O elemento inicial era s\u00f3 para enfrentar a corrup\u00e7\u00e3o. A ida \u00e0s ruas realizava um debate na sociedade e cada vez mais ficou a necessidade do desenvolvimento com democracia.<\/span><\/p>\n<p align=\"justify\"><span style=\"font-size: medium\">\u00c9 de alguns anos a origem destes movimentos sociais com forte significado pol\u00edtico como agora. Para reiniciar a constru\u00e7\u00e3o da Democracia tivemos as enormes manifesta\u00e7\u00f5es \u201cDiretas J\u00e1\u201d. N\u00e3o alcan\u00e7ou vit\u00f3ria em sua proposta naquele ano, mas modificou a escolha para presidente da Rep\u00fablica logo adiante. Antes, no final da d\u00e9cada de 80, as grandes greves de trabalhadores em todo o Brasil foram decisivas para derrubar a ditadura, fortalecer os sindicatos e importante para a constru\u00e7\u00e3o de um caminho popular em todo o pa\u00eds.<\/span><\/p>\n<p align=\"justify\"><span style=\"font-size: medium\">No ano de 2013 surgiu com espontaneidade um poderoso movimento, ainda pouco analisado, que alcan\u00e7ou dimens\u00f5es enormes. O elemento inicial deste confronto foi o pre\u00e7o das passagens de transporte p\u00fablico das cidades brasileiras. Em sua evolu\u00e7\u00e3o houve uma amplia\u00e7\u00e3o grande com outros temas. Em rela\u00e7\u00e3o ao deslocamento urbano surgiu um significativo desdobramento na proposta para \u201cUm novo Sistema de Transporte\u201d. N\u00e3o ficou reduzido s\u00f3 \u00e0 habita\u00e7\u00e3o\/trabalho, mas ampliado ao direito de deslocamento em toda a \u00e1rea urbana e a todo o tempo.<\/span><\/p>\n<p align=\"justify\"><span style=\"font-size: medium\">Nos movimentos sociais recentes os partidos pol\u00edticos n\u00e3o alcan\u00e7aram uma significativa lideran\u00e7a. O candidato conservador a presidente da Rep\u00fablica e o governador de S\u00e3o Paulo foram vaiados pela popula\u00e7\u00e3o de suas tend\u00eancias. Esta rejei\u00e7\u00e3o n\u00e3o ocorre nas manifesta\u00e7\u00f5es progressistas. \u00c9 necess\u00e1rio, entretanto, observar que foi realizada a unidade de muitas for\u00e7as partid\u00e1rias e as de representatividade social. N\u00e3o \u00e9 no momento a lideran\u00e7a s\u00f3 de um partido.<\/span><\/p>\n<p align=\"justify\"><span style=\"font-size: medium\">Muitas considera\u00e7\u00f5es alternativas t\u00eam aparecido em v\u00e1rios pa\u00edses. A organiza\u00e7\u00e3o pol\u00edtica do PODEMOS na Espanha \u00e9 um exemplo. Tamb\u00e9m s\u00e3o feitas observa\u00e7\u00f5es \u00e0 Fran\u00e7a que apresenta fortes confrontos dos franceses com o governo que apresentou projeto de lei ao Congresso prejudicando a renda dos trabalhadores. <\/span><\/p>\n<p align=\"justify\"><a name=\"_GoBack\"><\/a> <span style=\"font-size: medium\">Existe a pergunta de como realizar maior participa\u00e7\u00e3o dos moradores dos bairros da periferia urbana e tamb\u00e9m a articula\u00e7\u00e3o dos diversos setores atualmente em disputa social e muitos outros a serem incorporados. Bastante foi discutido sobre o sistema de representatividade no sistema pol\u00edtico nacional. No atual momento \u00e9 essencial tamb\u00e9m acrescentar a participa\u00e7\u00e3o com poder de decis\u00e3o direta da popula\u00e7\u00e3o. \u00c9 fundamental propor a democratiza\u00e7\u00e3o de toda a sociedade e n\u00e3o limitar ao Estado.<\/span><\/p>\n<p align=\"justify\">\n","protected":false},"excerpt":{"rendered":"<p>No Brasil a sociedade aparece com sua popula\u00e7\u00e3o bastante irreverente. Grandes manifesta\u00e7\u00f5es, in\u00edcio de articula\u00e7\u00e3o entre diversos setores sociais e o come\u00e7o da constru\u00e7\u00e3o de propostas pol\u00edticas mostram aspectos neste sentido. \u00c9 significativo que os alunos secundaristas de S\u00e3o Paulo, com a ocupa\u00e7\u00e3o de escolas, conseguem obrigar o governador a derrubar o Secret\u00e1rio de Educa\u00e7\u00e3o. [&hellip;]<\/p>\n","protected":false},"author":4,"featured_media":34654,"comment_status":"open","ping_status":"closed","sticky":false,"template":"","format":"standard","meta":{"_jetpack_newsletter_access":"","_jetpack_dont_email_post_to_subs":false,"_jetpack_newsletter_tier_id":0,"_jetpack_memberships_contains_paywalled_content":false,"_jetpack_feature_clip_id":0,"_jetpack_memberships_contains_paid_content":false,"footnotes":"","jetpack_post_was_ever_published":false},"categories":[2011,2012],"tags":[],"class_list":["post-34653","post","type-post","status-publish","format-standard","has-post-thumbnail","hentry","category-destaque","category-debates"],"aioseo_notices":[],"aioseo_head":"\n\t\t<!-- All in One SEO 5.0.1.1 - aioseo.com -->\n\t<meta name=\"robots\" content=\"max-image-preview:large\" \/>\n\t<meta name=\"author\" content=\"da Reda\u00e7\u00e3o\"\/>\n\t<link rel=\"canonical\" href=\"https:\/\/www.jornalja.com.br\/arquivo\/a-populacao-se-apresenta-na-politica-brasileira\/\" \/>\n\t<meta name=\"generator\" content=\"All in One SEO (AIOSEO) 5.0.1.1\" \/>\n\t\t<meta property=\"og:locale\" content=\"pt_BR\" \/>\n\t\t<meta property=\"og:site_name\" content=\"Arquivo | Jornal J\u00c1 | Porto Alegre\" \/>\n\t\t<meta property=\"og:type\" content=\"article\" \/>\n\t\t<meta property=\"og:title\" content=\"A popula\u00e7\u00e3o se apresenta na pol\u00edtica brasileira | Arquivo\" \/>\n\t\t<meta property=\"og:url\" content=\"https:\/\/www.jornalja.com.br\/arquivo\/a-populacao-se-apresenta-na-politica-brasileira\/\" \/>\n\t\t<meta property=\"og:image\" content=\"https:\/\/www.jornalja.com.br\/economics\/wp-content\/uploads\/sites\/11\/2026\/08\/ja-folhaderosto-facebook.jpg\" \/>\n\t\t<meta property=\"og:image:secure_url\" content=\"https:\/\/www.jornalja.com.br\/economics\/wp-content\/uploads\/sites\/11\/2026\/08\/ja-folhaderosto-facebook.jpg\" \/>\n\t\t<meta property=\"article:published_time\" content=\"2016-06-13T02:18:02+00:00\" \/>\n\t\t<meta property=\"article:modified_time\" content=\"2016-06-13T02:18:02+00:00\" \/>\n\t\t<meta name=\"twitter:card\" content=\"summary\" \/>\n\t\t<meta name=\"twitter:title\" content=\"A popula\u00e7\u00e3o se apresenta na pol\u00edtica brasileira | Arquivo\" \/>\n\t\t<meta name=\"twitter:image\" content=\"https:\/\/www.jornalja.com.br\/economics\/wp-content\/uploads\/sites\/11\/2026\/08\/ja-folhaderosto-facebook.jpg\" \/>\n\t\t<script type=\"application\/ld+json\" class=\"aioseo-schema\">\n\t\t\t{\"@context\":\"https:\\\/\\\/schema.org\",\"@graph\":[{\"@type\":\"BlogPosting\",\"@id\":\"https:\\\/\\\/www.jornalja.com.br\\\/arquivo\\\/a-populacao-se-apresenta-na-politica-brasileira\\\/#blogposting\",\"name\":\"A popula\\u00e7\\u00e3o se apresenta na pol\\u00edtica brasileira | Arquivo\",\"headline\":\"A popula\\u00e7\\u00e3o se apresenta na pol\\u00edtica brasileira\",\"author\":{\"@id\":\"https:\\\/\\\/www.jornalja.com.br\\\/arquivo\\\/author\\\/daredacao\\\/#author\"},\"publisher\":{\"@id\":\"https:\\\/\\\/www.jornalja.com.br\\\/arquivo\\\/#organization\"},\"image\":{\"@type\":\"ImageObject\",\"url\":34654},\"datePublished\":\"2016-06-12T23:18:02-03:00\",\"dateModified\":\"2016-06-12T23:18:02-03:00\",\"inLanguage\":\"pt-BR\",\"mainEntityOfPage\":{\"@id\":\"https:\\\/\\\/www.jornalja.com.br\\\/arquivo\\\/a-populacao-se-apresenta-na-politica-brasileira\\\/#webpage\"},\"isPartOf\":{\"@id\":\"https:\\\/\\\/www.jornalja.com.br\\\/arquivo\\\/a-populacao-se-apresenta-na-politica-brasileira\\\/#webpage\"},\"articleSection\":\"CDD-artigo em destaque, HOTSITE Comit\\u00ea pela Democracia\"},{\"@type\":\"BreadcrumbList\",\"@id\":\"https:\\\/\\\/www.jornalja.com.br\\\/arquivo\\\/a-populacao-se-apresenta-na-politica-brasileira\\\/#breadcrumblist\",\"itemListElement\":[{\"@type\":\"ListItem\",\"@id\":\"https:\\\/\\\/www.jornalja.com.br\\\/arquivo#listItem\",\"position\":1,\"name\":\"Home\",\"item\":\"https:\\\/\\\/www.jornalja.com.br\\\/arquivo\",\"nextItem\":{\"@type\":\"ListItem\",\"@id\":\"https:\\\/\\\/www.jornalja.com.br\\\/arquivo\\\/category\\\/destaque\\\/#listItem\",\"name\":\"CDD-artigo em destaque\"}},{\"@type\":\"ListItem\",\"@id\":\"https:\\\/\\\/www.jornalja.com.br\\\/arquivo\\\/category\\\/destaque\\\/#listItem\",\"position\":2,\"name\":\"CDD-artigo em destaque\",\"item\":\"https:\\\/\\\/www.jornalja.com.br\\\/arquivo\\\/category\\\/destaque\\\/\",\"nextItem\":{\"@type\":\"ListItem\",\"@id\":\"https:\\\/\\\/www.jornalja.com.br\\\/arquivo\\\/a-populacao-se-apresenta-na-politica-brasileira\\\/#listItem\",\"name\":\"A popula\\u00e7\\u00e3o se apresenta na pol\\u00edtica brasileira\"},\"previousItem\":{\"@type\":\"ListItem\",\"@id\":\"https:\\\/\\\/www.jornalja.com.br\\\/arquivo#listItem\",\"name\":\"Home\"}},{\"@type\":\"ListItem\",\"@id\":\"https:\\\/\\\/www.jornalja.com.br\\\/arquivo\\\/a-populacao-se-apresenta-na-politica-brasileira\\\/#listItem\",\"position\":3,\"name\":\"A popula\\u00e7\\u00e3o se apresenta na pol\\u00edtica brasileira\",\"previousItem\":{\"@type\":\"ListItem\",\"@id\":\"https:\\\/\\\/www.jornalja.com.br\\\/arquivo\\\/category\\\/destaque\\\/#listItem\",\"name\":\"CDD-artigo em destaque\"}}]},{\"@type\":\"Organization\",\"@id\":\"https:\\\/\\\/www.jornalja.com.br\\\/arquivo\\\/#organization\",\"name\":\"Jornal J\\u00c1\",\"description\":\"Jornal J\\u00c1 | Porto Alegre\",\"url\":\"https:\\\/\\\/www.jornalja.com.br\\\/arquivo\\\/\",\"telephone\":\"+555133307272\",\"logo\":{\"@type\":\"ImageObject\",\"url\":\"https:\\\/\\\/www.jornalja.com.br\\\/wp-content\\\/uploads\\\/cards\\\/JAslogan.png\",\"@id\":\"https:\\\/\\\/www.jornalja.com.br\\\/arquivo\\\/a-populacao-se-apresenta-na-politica-brasileira\\\/#organizationLogo\"},\"image\":{\"@id\":\"https:\\\/\\\/www.jornalja.com.br\\\/arquivo\\\/a-populacao-se-apresenta-na-politica-brasileira\\\/#organizationLogo\"}},{\"@type\":\"Person\",\"@id\":\"https:\\\/\\\/www.jornalja.com.br\\\/arquivo\\\/author\\\/daredacao\\\/#author\",\"url\":\"https:\\\/\\\/www.jornalja.com.br\\\/arquivo\\\/author\\\/daredacao\\\/\",\"name\":\"da Reda\\u00e7\\u00e3o\",\"image\":{\"@type\":\"ImageObject\",\"@id\":\"https:\\\/\\\/www.jornalja.com.br\\\/arquivo\\\/a-populacao-se-apresenta-na-politica-brasileira\\\/#authorImage\",\"url\":\"https:\\\/\\\/secure.gravatar.com\\\/avatar\\\/469fd857d6605ad19919d27ed29d35a968a25f6e8fd9318356bbb7f57aae9c65?s=96&d=mm&r=g\",\"width\":96,\"height\":96,\"caption\":\"da Reda\\u00e7\\u00e3o\"}},{\"@type\":\"WebPage\",\"@id\":\"https:\\\/\\\/www.jornalja.com.br\\\/arquivo\\\/a-populacao-se-apresenta-na-politica-brasileira\\\/#webpage\",\"url\":\"https:\\\/\\\/www.jornalja.com.br\\\/arquivo\\\/a-populacao-se-apresenta-na-politica-brasileira\\\/\",\"name\":\"A popula\\u00e7\\u00e3o se apresenta na pol\\u00edtica brasileira | Arquivo\",\"inLanguage\":\"pt-BR\",\"isPartOf\":{\"@id\":\"https:\\\/\\\/www.jornalja.com.br\\\/arquivo\\\/#website\"},\"breadcrumb\":{\"@id\":\"https:\\\/\\\/www.jornalja.com.br\\\/arquivo\\\/a-populacao-se-apresenta-na-politica-brasileira\\\/#breadcrumblist\"},\"author\":{\"@id\":\"https:\\\/\\\/www.jornalja.com.br\\\/arquivo\\\/author\\\/daredacao\\\/#author\"},\"creator\":{\"@id\":\"https:\\\/\\\/www.jornalja.com.br\\\/arquivo\\\/author\\\/daredacao\\\/#author\"},\"image\":{\"@type\":\"ImageObject\",\"url\":34654,\"@id\":\"https:\\\/\\\/www.jornalja.com.br\\\/arquivo\\\/a-populacao-se-apresenta-na-politica-brasileira\\\/#mainImage\"},\"primaryImageOfPage\":{\"@id\":\"https:\\\/\\\/www.jornalja.com.br\\\/arquivo\\\/a-populacao-se-apresenta-na-politica-brasileira\\\/#mainImage\"},\"datePublished\":\"2016-06-12T23:18:02-03:00\",\"dateModified\":\"2016-06-12T23:18:02-03:00\"},{\"@type\":\"WebSite\",\"@id\":\"https:\\\/\\\/www.jornalja.com.br\\\/arquivo\\\/#website\",\"url\":\"https:\\\/\\\/www.jornalja.com.br\\\/arquivo\\\/\",\"name\":\"Arquivo\",\"description\":\"Jornal J\\u00c1 | Porto Alegre\",\"inLanguage\":\"pt-BR\",\"publisher\":{\"@id\":\"https:\\\/\\\/www.jornalja.com.br\\\/arquivo\\\/#organization\"}}]}\n\t\t<\/script>\n\t\t<!-- All in One SEO -->\n\n","aioseo_head_json":{"title":"A popula\u00e7\u00e3o se apresenta na pol\u00edtica brasileira | Arquivo","description":"","canonical_url":"https:\/\/www.jornalja.com.br\/arquivo\/a-populacao-se-apresenta-na-politica-brasileira\/","robots":"max-image-preview:large","keywords":"","webmasterTools":{"miscellaneous":""},"schema":{"@context":"https:\/\/schema.org","@graph":[{"@type":"BlogPosting","@id":"https:\/\/www.jornalja.com.br\/arquivo\/a-populacao-se-apresenta-na-politica-brasileira\/#blogposting","name":"A popula\u00e7\u00e3o se apresenta na pol\u00edtica brasileira | Arquivo","headline":"A popula\u00e7\u00e3o se apresenta na pol\u00edtica brasileira","author":{"@id":"https:\/\/www.jornalja.com.br\/arquivo\/author\/daredacao\/#author"},"publisher":{"@id":"https:\/\/www.jornalja.com.br\/arquivo\/#organization"},"image":{"@type":"ImageObject","url":34654},"datePublished":"2016-06-12T23:18:02-03:00","dateModified":"2016-06-12T23:18:02-03:00","inLanguage":"pt-BR","mainEntityOfPage":{"@id":"https:\/\/www.jornalja.com.br\/arquivo\/a-populacao-se-apresenta-na-politica-brasileira\/#webpage"},"isPartOf":{"@id":"https:\/\/www.jornalja.com.br\/arquivo\/a-populacao-se-apresenta-na-politica-brasileira\/#webpage"},"articleSection":"CDD-artigo em destaque, HOTSITE Comit\u00ea pela Democracia"},{"@type":"BreadcrumbList","@id":"https:\/\/www.jornalja.com.br\/arquivo\/a-populacao-se-apresenta-na-politica-brasileira\/#breadcrumblist","itemListElement":[{"@type":"ListItem","@id":"https:\/\/www.jornalja.com.br\/arquivo#listItem","position":1,"name":"Home","item":"https:\/\/www.jornalja.com.br\/arquivo","nextItem":{"@type":"ListItem","@id":"https:\/\/www.jornalja.com.br\/arquivo\/category\/destaque\/#listItem","name":"CDD-artigo em destaque"}},{"@type":"ListItem","@id":"https:\/\/www.jornalja.com.br\/arquivo\/category\/destaque\/#listItem","position":2,"name":"CDD-artigo em destaque","item":"https:\/\/www.jornalja.com.br\/arquivo\/category\/destaque\/","nextItem":{"@type":"ListItem","@id":"https:\/\/www.jornalja.com.br\/arquivo\/a-populacao-se-apresenta-na-politica-brasileira\/#listItem","name":"A popula\u00e7\u00e3o se apresenta na pol\u00edtica brasileira"},"previousItem":{"@type":"ListItem","@id":"https:\/\/www.jornalja.com.br\/arquivo#listItem","name":"Home"}},{"@type":"ListItem","@id":"https:\/\/www.jornalja.com.br\/arquivo\/a-populacao-se-apresenta-na-politica-brasileira\/#listItem","position":3,"name":"A popula\u00e7\u00e3o se apresenta na pol\u00edtica brasileira","previousItem":{"@type":"ListItem","@id":"https:\/\/www.jornalja.com.br\/arquivo\/category\/destaque\/#listItem","name":"CDD-artigo em destaque"}}]},{"@type":"Organization","@id":"https:\/\/www.jornalja.com.br\/arquivo\/#organization","name":"Jornal J\u00c1","description":"Jornal J\u00c1 | Porto Alegre","url":"https:\/\/www.jornalja.com.br\/arquivo\/","telephone":"+555133307272","logo":{"@type":"ImageObject","url":"https:\/\/www.jornalja.com.br\/wp-content\/uploads\/cards\/JAslogan.png","@id":"https:\/\/www.jornalja.com.br\/arquivo\/a-populacao-se-apresenta-na-politica-brasileira\/#organizationLogo"},"image":{"@id":"https:\/\/www.jornalja.com.br\/arquivo\/a-populacao-se-apresenta-na-politica-brasileira\/#organizationLogo"}},{"@type":"Person","@id":"https:\/\/www.jornalja.com.br\/arquivo\/author\/daredacao\/#author","url":"https:\/\/www.jornalja.com.br\/arquivo\/author\/daredacao\/","name":"da Reda\u00e7\u00e3o","image":{"@type":"ImageObject","@id":"https:\/\/www.jornalja.com.br\/arquivo\/a-populacao-se-apresenta-na-politica-brasileira\/#authorImage","url":"https:\/\/secure.gravatar.com\/avatar\/469fd857d6605ad19919d27ed29d35a968a25f6e8fd9318356bbb7f57aae9c65?s=96&d=mm&r=g","width":96,"height":96,"caption":"da Reda\u00e7\u00e3o"}},{"@type":"WebPage","@id":"https:\/\/www.jornalja.com.br\/arquivo\/a-populacao-se-apresenta-na-politica-brasileira\/#webpage","url":"https:\/\/www.jornalja.com.br\/arquivo\/a-populacao-se-apresenta-na-politica-brasileira\/","name":"A popula\u00e7\u00e3o se apresenta na pol\u00edtica brasileira | Arquivo","inLanguage":"pt-BR","isPartOf":{"@id":"https:\/\/www.jornalja.com.br\/arquivo\/#website"},"breadcrumb":{"@id":"https:\/\/www.jornalja.com.br\/arquivo\/a-populacao-se-apresenta-na-politica-brasileira\/#breadcrumblist"},"author":{"@id":"https:\/\/www.jornalja.com.br\/arquivo\/author\/daredacao\/#author"},"creator":{"@id":"https:\/\/www.jornalja.com.br\/arquivo\/author\/daredacao\/#author"},"image":{"@type":"ImageObject","url":34654,"@id":"https:\/\/www.jornalja.com.br\/arquivo\/a-populacao-se-apresenta-na-politica-brasileira\/#mainImage"},"primaryImageOfPage":{"@id":"https:\/\/www.jornalja.com.br\/arquivo\/a-populacao-se-apresenta-na-politica-brasileira\/#mainImage"},"datePublished":"2016-06-12T23:18:02-03:00","dateModified":"2016-06-12T23:18:02-03:00"},{"@type":"WebSite","@id":"https:\/\/www.jornalja.com.br\/arquivo\/#website","url":"https:\/\/www.jornalja.com.br\/arquivo\/","name":"Arquivo","description":"Jornal J\u00c1 | Porto Alegre","inLanguage":"pt-BR","publisher":{"@id":"https:\/\/www.jornalja.com.br\/arquivo\/#organization"}}]},"og:locale":"pt_BR","og:site_name":"Arquivo | Jornal J\u00c1 | Porto Alegre","og:type":"article","og:title":"A popula\u00e7\u00e3o se apresenta na pol\u00edtica brasileira | Arquivo","og:url":"https:\/\/www.jornalja.com.br\/arquivo\/a-populacao-se-apresenta-na-politica-brasileira\/","og:image":"https:\/\/www.jornalja.com.br\/economics\/wp-content\/uploads\/sites\/11\/2026\/08\/ja-folhaderosto-facebook.jpg","og:image:secure_url":"https:\/\/www.jornalja.com.br\/economics\/wp-content\/uploads\/sites\/11\/2026\/08\/ja-folhaderosto-facebook.jpg","article:published_time":"2016-06-13T02:18:02+00:00","article:modified_time":"2016-06-13T02:18:02+00:00","twitter:card":"summary","twitter:title":"A popula\u00e7\u00e3o se apresenta na pol\u00edtica brasileira | Arquivo","twitter:image":"https:\/\/www.jornalja.com.br\/economics\/wp-content\/uploads\/sites\/11\/2026\/08\/ja-folhaderosto-facebook.jpg"},"aioseo_meta_data":{"post_id":"34653","title":null,"description":null,"keywords":null,"keyphrases":null,"primary_term":null,"canonical_url":null,"og_title":null,"og_description":null,"og_object_type":"default","og_image_type":"default","og_image_url":null,"og_image_width":null,"og_image_height":null,"og_image_custom_url":null,"og_image_custom_fields":null,"og_video":null,"og_custom_url":null,"og_article_section":null,"og_article_tags":null,"twitter_use_og":false,"twitter_card":"default","twitter_image_type":"default","twitter_image_url":null,"twitter_image_custom_url":null,"twitter_image_custom_fields":null,"twitter_title":null,"twitter_description":null,"schema":{"blockGraphs":[],"customGraphs":[],"default":{"data":{"Article":[],"Course":[],"Dataset":[],"FAQPage":[],"Movie":[],"Person":[],"Product":[],"ProductReview":[],"Car":[],"Recipe":[],"Service":[],"SoftwareApplication":[],"WebPage":[]},"graphName":"","isEnabled":true},"graphs":[],"defaultGraph":"","defaultPostTypeGraph":""},"schema_type":null,"schema_type_options":null,"pillar_content":false,"robots_default":true,"robots_noindex":false,"robots_noarchive":false,"robots_nosnippet":false,"robots_nofollow":false,"robots_noimageindex":false,"robots_noodp":false,"robots_notranslate":false,"robots_max_snippet":null,"robots_max_videopreview":null,"robots_max_imagepreview":"large","priority":null,"frequency":null,"location":null,"local_seo":null,"breadcrumb_settings":null,"limit_modified_date":false,"ai":null,"created":"2020-12-20 20:54:54","updated":"2025-07-19 14:27:00","seo_analyzer_scan_date":null,"focus_keyword":null,"additional_keywords":null,"truseo_locale":null},"jetpack_sharing_enabled":true,"jetpack-related-posts":[{"id":13124,"url":"https:\/\/www.jornalja.com.br\/arquivo\/sangue-latino-no-iecine\/","url_meta":{"origin":34653,"position":0},"title":"Sangue latino no IECINE","author":"da Reda\u00e7\u00e3o","date":"18 de maio de 2014","format":false,"excerpt":"Francisco Ribeiro O Instituto Estadual de Cinema (IECINE) tem a frente, desde abril \u00faltimo, um novo diretor, o cineasta colombiano Juan Zapata, 36, que substitui Luiz Alberto Cassol. Radicado h\u00e1 dez anos em Porto Alegre, Zapata tem diante de si o desafio de conduzir at\u00e9 o final do ano um\u2026","rel":"","context":"Em &quot;Cultura-Geral&quot;","block_context":{"text":"Cultura-Geral","link":"https:\/\/www.jornalja.com.br\/arquivo\/category\/materiasecundaria\/"},"img":{"alt_text":"","src":"","width":0,"height":0},"classes":[]},{"id":13128,"url":"https:\/\/www.jornalja.com.br\/arquivo\/maconha-terra-diz-que-uso-medicinal-e-desculpa\/","url_meta":{"origin":34653,"position":1},"title":"Maconha: Terra diz que uso medicinal \u00e9 desculpa","author":"Patr\u00edcia Marini","date":"4 de junho de 2014","format":false,"excerpt":"A condi\u00e7\u00e3o de pol\u00edtico, em \u00e9poca de campanha de campanha eleitoral, tira for\u00e7a do discurso do m\u00e9dico Osmar Terra contra a legaliza\u00e7\u00e3o da maconha. A tese dele de que a libera\u00e7\u00e3o vai ampliar exponencialmente o consumo \u00e9 discutivel, o consumo \u00e9 corrente. Mas seus alertas quanto aos riscos tem que\u2026","rel":"","context":"Em &quot;X.Categorias velhas&quot;","block_context":{"text":"X.Categorias velhas","link":"https:\/\/www.jornalja.com.br\/arquivo\/category\/x-categorias-velhas\/"},"img":{"alt_text":"","src":"","width":0,"height":0},"classes":[]},{"id":14241,"url":"https:\/\/www.jornalja.com.br\/arquivo\/o-guaiba-nas-imagens-poeticas-de-achutti\/","url_meta":{"origin":34653,"position":2},"title":"O Gua\u00edba nas imagens po\u00e9ticas de Achutti","author":"da Reda\u00e7\u00e3o","date":"18 de junho de 2014","format":false,"excerpt":"Em \u201cO Gua\u00edba por Achutti\u201d \u2013 obra financiada via Minist\u00e9rio da Cultura, produ\u00e7\u00e3o executiva de Pedro Longhi, e Fl\u00e1vio Wild como designer \u2013, o fot\u00f3grafo revela a beleza e as mazelas de um espa\u00e7o aqu\u00e1tico de \u00e1guas sempre renovadas, cheio de hist\u00f3rias e lendas como as das cidades que foram\u2026","rel":"","context":"Em &quot;Cultura-Geral&quot;","block_context":{"text":"Cultura-Geral","link":"https:\/\/www.jornalja.com.br\/arquivo\/category\/materiasecundaria\/"},"img":{"alt_text":"","src":"","width":0,"height":0},"classes":[]},{"id":12960,"url":"https:\/\/www.jornalja.com.br\/arquivo\/populacao-culpa-empresas-pela-greve-dos-rodoviarios\/","url_meta":{"origin":34653,"position":3},"title":"Popula\u00e7\u00e3o culpa empresas pela greve","author":"Patr\u00edcia Marini","date":"14 de fevereiro de 2014","format":false,"excerpt":"Pesquisa divulgada na edi\u00e7\u00e3o do jornal Metro desta sexta-feira,14, comprova o velho ditado: \u00e9 poss\u00edvel enganar muitos por algum tempo, mas n\u00e3o \u00e9 poss\u00edvel enganar a todos o tempo inteiro. A principal revela\u00e7\u00e3o foi que 59,8% dos entrevistados apontaram as empresas como as principais respons\u00e1veis pela grave e 46% culparam\u2026","rel":"","context":"Em &quot;X.Categorias velhas&quot;","block_context":{"text":"X.Categorias velhas","link":"https:\/\/www.jornalja.com.br\/arquivo\/category\/x-categorias-velhas\/"},"img":{"alt_text":"","src":"","width":0,"height":0},"classes":[]},{"id":13109,"url":"https:\/\/www.jornalja.com.br\/arquivo\/judiciario-reconhece-poluicao-eletromagnetica\/","url_meta":{"origin":34653,"position":4},"title":"Judici\u00e1rio reconhece polui\u00e7\u00e3o eletromagn\u00e9tica","author":"Patr\u00edcia Marini","date":"16 de maio de 2014","format":false,"excerpt":"A\u00e7\u00e3o de duas associa\u00e7\u00f5es de moradores foi acolhida pelo Tribunal de Justi\u00e7a de S\u00e3o Paulo que. em decis\u00e3o in\u00e9dita, determinou a redu\u00e7\u00e3o do campo eletromagn\u00e9tico gerado pelas linhas de transmiss\u00e3o de energia que cortam os bairros City Boa\u00e7ava e Alto de Pinheiros. \u00c9 a primeira vez que um tribunal do\u2026","rel":"","context":"Em &quot;X.Categorias velhas&quot;","block_context":{"text":"X.Categorias velhas","link":"https:\/\/www.jornalja.com.br\/arquivo\/category\/x-categorias-velhas\/"},"img":{"alt_text":"","src":"","width":0,"height":0},"classes":[]},{"id":5440,"url":"https:\/\/www.jornalja.com.br\/arquivo\/casarao-da-venancio-destino-permanece-incerto\/","url_meta":{"origin":34653,"position":5},"title":"Estado ainda n\u00e3o sabe o que fazer com casar\u00e3o abandonado h\u00e1 20 anos","author":"Elmar Bones","date":"6 de julho de 2009","format":false,"excerpt":"O casar\u00e3o amarelo, numa esquina nobre de Porto Alegre (Ven\u00e2ncio Aires com Jo\u00e3o Pessoa), j\u00e1 abrigou uma escola. H\u00e1 duas d\u00e9cadas, pelo menos, est\u00e1 abandonado, porque seu propriet\u00e1rio, o governo do Estado do Rio Grande do Sul, n\u00e3o consegue achar um destino para ele. Planos n\u00e3o faltaram. O governador Ol\u00edvio\u2026","rel":"","context":"Em &quot;X.Categorias velhas&quot;","block_context":{"text":"X.Categorias velhas","link":"https:\/\/www.jornalja.com.br\/arquivo\/category\/x-categorias-velhas\/"},"img":{"alt_text":"geraldo1","src":"https:\/\/i0.wp.com\/www.jornalja.com.br\/wp-content\/uploads\/2009\/07\/geraldo1.jpg?resize=350%2C200&ssl=1","width":350,"height":200},"classes":[]}],"jetpack_shortlink":"https:\/\/wp.me\/pbQjBd-90V","jetpack_featured_media_url":"","_links":{"self":[{"href":"https:\/\/www.jornalja.com.br\/arquivo\/wp-json\/wp\/v2\/posts\/34653","targetHints":{"allow":["GET"]}}],"collection":[{"href":"https:\/\/www.jornalja.com.br\/arquivo\/wp-json\/wp\/v2\/posts"}],"about":[{"href":"https:\/\/www.jornalja.com.br\/arquivo\/wp-json\/wp\/v2\/types\/post"}],"author":[{"embeddable":true,"href":"https:\/\/www.jornalja.com.br\/arquivo\/wp-json\/wp\/v2\/users\/4"}],"replies":[{"embeddable":true,"href":"https:\/\/www.jornalja.com.br\/arquivo\/wp-json\/wp\/v2\/comments?post=34653"}],"version-history":[{"count":0,"href":"https:\/\/www.jornalja.com.br\/arquivo\/wp-json\/wp\/v2\/posts\/34653\/revisions"}],"wp:attachment":[{"href":"https:\/\/www.jornalja.com.br\/arquivo\/wp-json\/wp\/v2\/media?parent=34653"}],"wp:term":[{"taxonomy":"category","embeddable":true,"href":"https:\/\/www.jornalja.com.br\/arquivo\/wp-json\/wp\/v2\/categories?post=34653"},{"taxonomy":"post_tag","embeddable":true,"href":"https:\/\/www.jornalja.com.br\/arquivo\/wp-json\/wp\/v2\/tags?post=34653"}],"curies":[{"name":"wp","href":"https:\/\/api.w.org\/{rel}","templated":true}]}}