{"id":34746,"date":"2016-06-13T22:30:48","date_gmt":"2016-06-14T01:30:48","guid":{"rendered":"https:\/\/www.jornalja.com.br\/?p=34746"},"modified":"2016-06-13T22:30:48","modified_gmt":"2016-06-14T01:30:48","slug":"manifesto-da-assembleia-geral-da-adufrgs-sindical-na-defesa-da-democracia-dos-direitos-dos-trabalhadores-da-ciencia-e-da-educacao","status":"publish","type":"post","link":"https:\/\/www.jornalja.com.br\/arquivo\/manifesto-da-assembleia-geral-da-adufrgs-sindical-na-defesa-da-democracia-dos-direitos-dos-trabalhadores-da-ciencia-e-da-educacao\/","title":{"rendered":"Manifesto da Assembleia Geral da ADUFRGS-Sindical na Defesa da Democracia, dos direitos dos trabalhadores, da Ci\u00eancia e da Educa\u00e7\u00e3o"},"content":{"rendered":"<p>Os professores filiados \u00e0 ADUFRGS-Sindical, presentes \u00e0 Assembleia Geral realizada no dia 3 de junho de 2016, frente ao grave momento vivido pela sociedade brasileira, decidiram, por unanimidade, manifestar-se na defesa da Democracia e do Estado Democr\u00e1tico de Direito, dos direitos dos trabalhadores, da Ci\u00eancia e Tecnologia, da Educa\u00e7\u00e3o P\u00fablica e contra a corrup\u00e7\u00e3o.<br \/>\nA ADUFRGS-Sindical tem uma longa trajet\u00f3ria de mais de 30 anos de independ\u00eancia e autonomia em rela\u00e7\u00e3o aos governos e aos partidos pol\u00edticos, princ\u00edpio fundante de sua atua\u00e7\u00e3o sindical, plural, democr\u00e1tica e propositiva. A entidade sempre foi vigilante na defesa dos interesses dos professores federais e na defesa da Universidade P\u00fablica e foi com este esp\u00edrito cr\u00edtico que a Assembleia debateu a conjuntura nacional.<br \/>\nOs professores da UFRGS, da UFCSPA, do IFRS e do IFSul avaliaram que:<br \/>\nO Brasil necessita, urgentemente, retomar o crescimento econ\u00f4mico, para continuar a reduzir as desigualdades sociais, manter sua pol\u00edtica externa soberana e independente, em defesa do multilateralismo e combater permanentemente a corrup\u00e7\u00e3o. Para que se garantam estes processos, fundamentais para a sociedade, \u00e9 imprescind\u00edvel que se mantenha o respeito \u00e0 Constitui\u00e7\u00e3o e \u00e0s institui\u00e7\u00f5es democr\u00e1ticas, que o povo brasileiro t\u00e3o duramente conquistou.<br \/>\nA ADUFRGS-Sindical n\u00e3o aceita nenhum retrocesso em importantes conquistas j\u00e1 alcan\u00e7adas pela sociedade brasileira. Dentre elas destacamos a diminui\u00e7\u00e3o dos recursos para pol\u00edticas sociais, com a redu\u00e7\u00e3o das \u00e1reas sociais do governo e dos investimentos em Educa\u00e7\u00e3o, Ci\u00eancia e Tecnologia.<br \/>\nAs medidas de ajuste fiscal que v\u00eam sendo anunciadas, que incluem a limita\u00e7\u00e3o dos gastos com pessoal \u00e0 infla\u00e7\u00e3o do per\u00edodo anterior, o aumento da desvincula\u00e7\u00e3o das receitas da Uni\u00e3o e as duras iniciativas de redu\u00e7\u00e3o do servi\u00e7o p\u00fablico previstas no PLP257\/2016, colocam em risco avan\u00e7os sociais e trabalhistas j\u00e1 obtidos.<br \/>\nFrente \u00e0 situa\u00e7\u00e3o vivida hoje pelo Pa\u00eds, os professores reunidos em Assembleia Geral v\u00eam a p\u00fablico reafirmar seu compromisso de:<br \/>\nLutar em defesa da Democracia, do Estado Democr\u00e1tico de Direito e contra a corrup\u00e7\u00e3o.<br \/>\nDefender a volta do Minist\u00e9rio de Ci\u00eancia, Tecnologia e Inova\u00e7\u00e3o (MCTI) como institui\u00e7\u00e3o \u00fanica, separado do Minist\u00e9rio das Comunica\u00e7\u00f5es, pelo papel estrat\u00e9gico que possui no desenvolvimento do Pa\u00eds.<br \/>\nDenunciar a retirada da Previd\u00eancia Social do \u00e2mbito do Minist\u00e9rio do Trabalho e Emprego como medida que afronta o direito dos trabalhadores assalariados, defendendo o seu retorno \u00e0 posi\u00e7\u00e3o anterior.<br \/>\nN\u00e3o aceitar as novas medidas de restri\u00e7\u00e3o ao controle das institui\u00e7\u00f5es de previd\u00eancia fechadas por parte dos trabalhadores, previstas no PLP268\/2016.<br \/>\nDefender a Educa\u00e7\u00e3o como um direito p\u00fablico e cobrar das autoridades o cumprimento das metas previstas no Plano Nacional de Educa\u00e7\u00e3o.<br \/>\nDenunciar as medidas que v\u00eam sendo adotadas pelo Minist\u00e9rio da Educa\u00e7\u00e3o de desmonte de programas e projetos que estavam em curso, pelo seu preju\u00edzo \u00e0 popula\u00e7\u00e3o e \u00e0 consolida\u00e7\u00e3o da autonomia das IFEs e de sua democracia.<br \/>\nN\u00e3o aceitar qualquer retrocesso nas conquistas sociais, entre as quais se inserem os acordos firmados entre os professores federais e a Uni\u00e3o.<br \/>\nRepudiar todas as medidas de viol\u00eancia que t\u00eam como prop\u00f3sito a repress\u00e3o ao livre direito de manifesta\u00e7\u00e3o popula\u00e7\u00e3o.<br \/>\nA solu\u00e7\u00e3o da grave crise vivida pelo Pa\u00eds \u00e9 urgente e exige a participa\u00e7\u00e3o da sociedade. Nenhum acordo feito \u00e0 margem da popula\u00e7\u00e3o poder\u00e1 super\u00e1-la.<br \/>\nA Assembleia Geral tamb\u00e9m aprovou a Cria\u00e7\u00e3o, no \u00e2mbito do Estado do Rio Grande do Sul, do Comit\u00ea em Defesa da Educa\u00e7\u00e3o P\u00fablica, a promo\u00e7\u00e3o de debates sobre diferentes temas que afligem os professores e a sociedade brasileira nos diversos campi das IFEs e a convoca\u00e7\u00e3o de reuni\u00e3o ampliada do Conselho de\u00a0Representantes da entidade para iniciar este processo.<\/p>\n","protected":false},"excerpt":{"rendered":"<p>Os professores filiados \u00e0 ADUFRGS-Sindical, presentes \u00e0 Assembleia Geral realizada no dia 3 de junho de 2016, frente ao grave momento vivido pela sociedade brasileira, decidiram, por unanimidade, manifestar-se na defesa da Democracia e do Estado Democr\u00e1tico de Direito, dos direitos dos trabalhadores, da Ci\u00eancia e Tecnologia, da Educa\u00e7\u00e3o P\u00fablica e contra a corrup\u00e7\u00e3o. A [&hellip;]<\/p>\n","protected":false},"author":4,"featured_media":0,"comment_status":"open","ping_status":"closed","sticky":false,"template":"","format":"standard","meta":{"_jetpack_newsletter_access":"","_jetpack_dont_email_post_to_subs":false,"_jetpack_newsletter_tier_id":0,"_jetpack_memberships_contains_paywalled_content":false,"_jetpack_feature_clip_id":0,"_jetpack_memberships_contains_paid_content":false,"footnotes":"","jetpack_post_was_ever_published":false},"categories":[2013,2012],"tags":[],"class_list":["post-34746","post","type-post","status-publish","format-standard","hentry","category-cdd-mural","category-debates"],"aioseo_notices":[],"aioseo_head":"\n\t\t<!-- All in One SEO 5.0.1.1 - aioseo.com -->\n\t<meta name=\"robots\" content=\"max-image-preview:large\" \/>\n\t<meta name=\"author\" content=\"da Reda\u00e7\u00e3o\"\/>\n\t<link rel=\"canonical\" href=\"https:\/\/www.jornalja.com.br\/arquivo\/manifesto-da-assembleia-geral-da-adufrgs-sindical-na-defesa-da-democracia-dos-direitos-dos-trabalhadores-da-ciencia-e-da-educacao\/\" \/>\n\t<meta name=\"generator\" content=\"All in One SEO (AIOSEO) 5.0.1.1\" \/>\n\t\t<meta property=\"og:locale\" content=\"pt_BR\" \/>\n\t\t<meta property=\"og:site_name\" content=\"Arquivo | Jornal J\u00c1 | Porto Alegre\" \/>\n\t\t<meta property=\"og:type\" content=\"article\" \/>\n\t\t<meta property=\"og:title\" content=\"Manifesto da Assembleia Geral da ADUFRGS-Sindical na Defesa da Democracia, dos direitos dos trabalhadores, da Ci\u00eancia e da Educa\u00e7\u00e3o | Arquivo\" \/>\n\t\t<meta property=\"og:url\" content=\"https:\/\/www.jornalja.com.br\/arquivo\/manifesto-da-assembleia-geral-da-adufrgs-sindical-na-defesa-da-democracia-dos-direitos-dos-trabalhadores-da-ciencia-e-da-educacao\/\" \/>\n\t\t<meta property=\"og:image\" content=\"https:\/\/www.jornalja.com.br\/economics\/wp-content\/uploads\/sites\/11\/2026\/08\/ja-folhaderosto-facebook.jpg\" \/>\n\t\t<meta property=\"og:image:secure_url\" content=\"https:\/\/www.jornalja.com.br\/economics\/wp-content\/uploads\/sites\/11\/2026\/08\/ja-folhaderosto-facebook.jpg\" \/>\n\t\t<meta property=\"article:published_time\" content=\"2016-06-14T01:30:48+00:00\" \/>\n\t\t<meta property=\"article:modified_time\" content=\"2016-06-14T01:30:48+00:00\" \/>\n\t\t<meta name=\"twitter:card\" content=\"summary\" \/>\n\t\t<meta name=\"twitter:title\" content=\"Manifesto da Assembleia Geral da ADUFRGS-Sindical na Defesa da Democracia, dos direitos dos trabalhadores, da Ci\u00eancia e da Educa\u00e7\u00e3o | Arquivo\" \/>\n\t\t<meta name=\"twitter:image\" content=\"https:\/\/www.jornalja.com.br\/economics\/wp-content\/uploads\/sites\/11\/2026\/08\/ja-folhaderosto-facebook.jpg\" \/>\n\t\t<script type=\"application\/ld+json\" class=\"aioseo-schema\">\n\t\t\t{\"@context\":\"https:\\\/\\\/schema.org\",\"@graph\":[{\"@type\":\"BlogPosting\",\"@id\":\"https:\\\/\\\/www.jornalja.com.br\\\/arquivo\\\/manifesto-da-assembleia-geral-da-adufrgs-sindical-na-defesa-da-democracia-dos-direitos-dos-trabalhadores-da-ciencia-e-da-educacao\\\/#blogposting\",\"name\":\"Manifesto da Assembleia Geral da ADUFRGS-Sindical na Defesa da Democracia, dos direitos dos trabalhadores, da Ci\\u00eancia e da Educa\\u00e7\\u00e3o | Arquivo\",\"headline\":\"Manifesto da Assembleia Geral da ADUFRGS-Sindical na Defesa da Democracia, dos direitos dos trabalhadores, da Ci\\u00eancia e da Educa\\u00e7\\u00e3o\",\"author\":{\"@id\":\"https:\\\/\\\/www.jornalja.com.br\\\/arquivo\\\/author\\\/daredacao\\\/#author\"},\"publisher\":{\"@id\":\"https:\\\/\\\/www.jornalja.com.br\\\/arquivo\\\/#organization\"},\"image\":{\"@type\":\"ImageObject\",\"url\":\"https:\\\/\\\/www.jornalja.com.br\\\/wp-content\\\/uploads\\\/cards\\\/JAslogan.png\",\"@id\":\"https:\\\/\\\/www.jornalja.com.br\\\/arquivo\\\/#articleImage\"},\"datePublished\":\"2016-06-13T22:30:48-03:00\",\"dateModified\":\"2016-06-13T22:30:48-03:00\",\"inLanguage\":\"pt-BR\",\"mainEntityOfPage\":{\"@id\":\"https:\\\/\\\/www.jornalja.com.br\\\/arquivo\\\/manifesto-da-assembleia-geral-da-adufrgs-sindical-na-defesa-da-democracia-dos-direitos-dos-trabalhadores-da-ciencia-e-da-educacao\\\/#webpage\"},\"isPartOf\":{\"@id\":\"https:\\\/\\\/www.jornalja.com.br\\\/arquivo\\\/manifesto-da-assembleia-geral-da-adufrgs-sindical-na-defesa-da-democracia-dos-direitos-dos-trabalhadores-da-ciencia-e-da-educacao\\\/#webpage\"},\"articleSection\":\"CDD-MURAL, HOTSITE Comit\\u00ea pela Democracia\"},{\"@type\":\"BreadcrumbList\",\"@id\":\"https:\\\/\\\/www.jornalja.com.br\\\/arquivo\\\/manifesto-da-assembleia-geral-da-adufrgs-sindical-na-defesa-da-democracia-dos-direitos-dos-trabalhadores-da-ciencia-e-da-educacao\\\/#breadcrumblist\",\"itemListElement\":[{\"@type\":\"ListItem\",\"@id\":\"https:\\\/\\\/www.jornalja.com.br\\\/arquivo#listItem\",\"position\":1,\"name\":\"Home\",\"item\":\"https:\\\/\\\/www.jornalja.com.br\\\/arquivo\",\"nextItem\":{\"@type\":\"ListItem\",\"@id\":\"https:\\\/\\\/www.jornalja.com.br\\\/arquivo\\\/category\\\/debates\\\/#listItem\",\"name\":\"HOTSITE Comit\\u00ea pela Democracia\"}},{\"@type\":\"ListItem\",\"@id\":\"https:\\\/\\\/www.jornalja.com.br\\\/arquivo\\\/category\\\/debates\\\/#listItem\",\"position\":2,\"name\":\"HOTSITE Comit\\u00ea pela Democracia\",\"item\":\"https:\\\/\\\/www.jornalja.com.br\\\/arquivo\\\/category\\\/debates\\\/\",\"nextItem\":{\"@type\":\"ListItem\",\"@id\":\"https:\\\/\\\/www.jornalja.com.br\\\/arquivo\\\/manifesto-da-assembleia-geral-da-adufrgs-sindical-na-defesa-da-democracia-dos-direitos-dos-trabalhadores-da-ciencia-e-da-educacao\\\/#listItem\",\"name\":\"Manifesto da Assembleia Geral da ADUFRGS-Sindical na Defesa da Democracia, dos direitos dos trabalhadores, da Ci\\u00eancia e da Educa\\u00e7\\u00e3o\"},\"previousItem\":{\"@type\":\"ListItem\",\"@id\":\"https:\\\/\\\/www.jornalja.com.br\\\/arquivo#listItem\",\"name\":\"Home\"}},{\"@type\":\"ListItem\",\"@id\":\"https:\\\/\\\/www.jornalja.com.br\\\/arquivo\\\/manifesto-da-assembleia-geral-da-adufrgs-sindical-na-defesa-da-democracia-dos-direitos-dos-trabalhadores-da-ciencia-e-da-educacao\\\/#listItem\",\"position\":3,\"name\":\"Manifesto da Assembleia Geral da ADUFRGS-Sindical na Defesa da Democracia, dos direitos dos trabalhadores, da Ci\\u00eancia e da Educa\\u00e7\\u00e3o\",\"previousItem\":{\"@type\":\"ListItem\",\"@id\":\"https:\\\/\\\/www.jornalja.com.br\\\/arquivo\\\/category\\\/debates\\\/#listItem\",\"name\":\"HOTSITE Comit\\u00ea pela Democracia\"}}]},{\"@type\":\"Organization\",\"@id\":\"https:\\\/\\\/www.jornalja.com.br\\\/arquivo\\\/#organization\",\"name\":\"Jornal J\\u00c1\",\"description\":\"Jornal J\\u00c1 | Porto Alegre\",\"url\":\"https:\\\/\\\/www.jornalja.com.br\\\/arquivo\\\/\",\"telephone\":\"+555133307272\",\"logo\":{\"@type\":\"ImageObject\",\"url\":\"https:\\\/\\\/www.jornalja.com.br\\\/wp-content\\\/uploads\\\/cards\\\/JAslogan.png\",\"@id\":\"https:\\\/\\\/www.jornalja.com.br\\\/arquivo\\\/manifesto-da-assembleia-geral-da-adufrgs-sindical-na-defesa-da-democracia-dos-direitos-dos-trabalhadores-da-ciencia-e-da-educacao\\\/#organizationLogo\"},\"image\":{\"@id\":\"https:\\\/\\\/www.jornalja.com.br\\\/arquivo\\\/manifesto-da-assembleia-geral-da-adufrgs-sindical-na-defesa-da-democracia-dos-direitos-dos-trabalhadores-da-ciencia-e-da-educacao\\\/#organizationLogo\"}},{\"@type\":\"Person\",\"@id\":\"https:\\\/\\\/www.jornalja.com.br\\\/arquivo\\\/author\\\/daredacao\\\/#author\",\"url\":\"https:\\\/\\\/www.jornalja.com.br\\\/arquivo\\\/author\\\/daredacao\\\/\",\"name\":\"da Reda\\u00e7\\u00e3o\",\"image\":{\"@type\":\"ImageObject\",\"@id\":\"https:\\\/\\\/www.jornalja.com.br\\\/arquivo\\\/manifesto-da-assembleia-geral-da-adufrgs-sindical-na-defesa-da-democracia-dos-direitos-dos-trabalhadores-da-ciencia-e-da-educacao\\\/#authorImage\",\"url\":\"https:\\\/\\\/secure.gravatar.com\\\/avatar\\\/469fd857d6605ad19919d27ed29d35a968a25f6e8fd9318356bbb7f57aae9c65?s=96&d=mm&r=g\",\"width\":96,\"height\":96,\"caption\":\"da Reda\\u00e7\\u00e3o\"}},{\"@type\":\"WebPage\",\"@id\":\"https:\\\/\\\/www.jornalja.com.br\\\/arquivo\\\/manifesto-da-assembleia-geral-da-adufrgs-sindical-na-defesa-da-democracia-dos-direitos-dos-trabalhadores-da-ciencia-e-da-educacao\\\/#webpage\",\"url\":\"https:\\\/\\\/www.jornalja.com.br\\\/arquivo\\\/manifesto-da-assembleia-geral-da-adufrgs-sindical-na-defesa-da-democracia-dos-direitos-dos-trabalhadores-da-ciencia-e-da-educacao\\\/\",\"name\":\"Manifesto da Assembleia Geral da ADUFRGS-Sindical na Defesa da Democracia, dos direitos dos trabalhadores, da Ci\\u00eancia e da Educa\\u00e7\\u00e3o | Arquivo\",\"inLanguage\":\"pt-BR\",\"isPartOf\":{\"@id\":\"https:\\\/\\\/www.jornalja.com.br\\\/arquivo\\\/#website\"},\"breadcrumb\":{\"@id\":\"https:\\\/\\\/www.jornalja.com.br\\\/arquivo\\\/manifesto-da-assembleia-geral-da-adufrgs-sindical-na-defesa-da-democracia-dos-direitos-dos-trabalhadores-da-ciencia-e-da-educacao\\\/#breadcrumblist\"},\"author\":{\"@id\":\"https:\\\/\\\/www.jornalja.com.br\\\/arquivo\\\/author\\\/daredacao\\\/#author\"},\"creator\":{\"@id\":\"https:\\\/\\\/www.jornalja.com.br\\\/arquivo\\\/author\\\/daredacao\\\/#author\"},\"datePublished\":\"2016-06-13T22:30:48-03:00\",\"dateModified\":\"2016-06-13T22:30:48-03:00\"},{\"@type\":\"WebSite\",\"@id\":\"https:\\\/\\\/www.jornalja.com.br\\\/arquivo\\\/#website\",\"url\":\"https:\\\/\\\/www.jornalja.com.br\\\/arquivo\\\/\",\"name\":\"Arquivo\",\"description\":\"Jornal J\\u00c1 | Porto Alegre\",\"inLanguage\":\"pt-BR\",\"publisher\":{\"@id\":\"https:\\\/\\\/www.jornalja.com.br\\\/arquivo\\\/#organization\"}}]}\n\t\t<\/script>\n\t\t<!-- All in One SEO -->\n\n","aioseo_head_json":{"title":"Manifesto da Assembleia Geral da ADUFRGS-Sindical na Defesa da Democracia, dos direitos dos trabalhadores, da Ci\u00eancia e da Educa\u00e7\u00e3o | Arquivo","description":"","canonical_url":"https:\/\/www.jornalja.com.br\/arquivo\/manifesto-da-assembleia-geral-da-adufrgs-sindical-na-defesa-da-democracia-dos-direitos-dos-trabalhadores-da-ciencia-e-da-educacao\/","robots":"max-image-preview:large","keywords":"","webmasterTools":{"miscellaneous":""},"schema":{"@context":"https:\/\/schema.org","@graph":[{"@type":"BlogPosting","@id":"https:\/\/www.jornalja.com.br\/arquivo\/manifesto-da-assembleia-geral-da-adufrgs-sindical-na-defesa-da-democracia-dos-direitos-dos-trabalhadores-da-ciencia-e-da-educacao\/#blogposting","name":"Manifesto da Assembleia Geral da ADUFRGS-Sindical na Defesa da Democracia, dos direitos dos trabalhadores, da Ci\u00eancia e da Educa\u00e7\u00e3o | Arquivo","headline":"Manifesto da Assembleia Geral da ADUFRGS-Sindical na Defesa da Democracia, dos direitos dos trabalhadores, da Ci\u00eancia e da Educa\u00e7\u00e3o","author":{"@id":"https:\/\/www.jornalja.com.br\/arquivo\/author\/daredacao\/#author"},"publisher":{"@id":"https:\/\/www.jornalja.com.br\/arquivo\/#organization"},"image":{"@type":"ImageObject","url":"https:\/\/www.jornalja.com.br\/wp-content\/uploads\/cards\/JAslogan.png","@id":"https:\/\/www.jornalja.com.br\/arquivo\/#articleImage"},"datePublished":"2016-06-13T22:30:48-03:00","dateModified":"2016-06-13T22:30:48-03:00","inLanguage":"pt-BR","mainEntityOfPage":{"@id":"https:\/\/www.jornalja.com.br\/arquivo\/manifesto-da-assembleia-geral-da-adufrgs-sindical-na-defesa-da-democracia-dos-direitos-dos-trabalhadores-da-ciencia-e-da-educacao\/#webpage"},"isPartOf":{"@id":"https:\/\/www.jornalja.com.br\/arquivo\/manifesto-da-assembleia-geral-da-adufrgs-sindical-na-defesa-da-democracia-dos-direitos-dos-trabalhadores-da-ciencia-e-da-educacao\/#webpage"},"articleSection":"CDD-MURAL, HOTSITE Comit\u00ea pela Democracia"},{"@type":"BreadcrumbList","@id":"https:\/\/www.jornalja.com.br\/arquivo\/manifesto-da-assembleia-geral-da-adufrgs-sindical-na-defesa-da-democracia-dos-direitos-dos-trabalhadores-da-ciencia-e-da-educacao\/#breadcrumblist","itemListElement":[{"@type":"ListItem","@id":"https:\/\/www.jornalja.com.br\/arquivo#listItem","position":1,"name":"Home","item":"https:\/\/www.jornalja.com.br\/arquivo","nextItem":{"@type":"ListItem","@id":"https:\/\/www.jornalja.com.br\/arquivo\/category\/debates\/#listItem","name":"HOTSITE Comit\u00ea pela Democracia"}},{"@type":"ListItem","@id":"https:\/\/www.jornalja.com.br\/arquivo\/category\/debates\/#listItem","position":2,"name":"HOTSITE Comit\u00ea pela Democracia","item":"https:\/\/www.jornalja.com.br\/arquivo\/category\/debates\/","nextItem":{"@type":"ListItem","@id":"https:\/\/www.jornalja.com.br\/arquivo\/manifesto-da-assembleia-geral-da-adufrgs-sindical-na-defesa-da-democracia-dos-direitos-dos-trabalhadores-da-ciencia-e-da-educacao\/#listItem","name":"Manifesto da Assembleia Geral da ADUFRGS-Sindical na Defesa da Democracia, dos direitos dos trabalhadores, da Ci\u00eancia e da Educa\u00e7\u00e3o"},"previousItem":{"@type":"ListItem","@id":"https:\/\/www.jornalja.com.br\/arquivo#listItem","name":"Home"}},{"@type":"ListItem","@id":"https:\/\/www.jornalja.com.br\/arquivo\/manifesto-da-assembleia-geral-da-adufrgs-sindical-na-defesa-da-democracia-dos-direitos-dos-trabalhadores-da-ciencia-e-da-educacao\/#listItem","position":3,"name":"Manifesto da Assembleia Geral da ADUFRGS-Sindical na Defesa da Democracia, dos direitos dos trabalhadores, da Ci\u00eancia e da Educa\u00e7\u00e3o","previousItem":{"@type":"ListItem","@id":"https:\/\/www.jornalja.com.br\/arquivo\/category\/debates\/#listItem","name":"HOTSITE Comit\u00ea pela Democracia"}}]},{"@type":"Organization","@id":"https:\/\/www.jornalja.com.br\/arquivo\/#organization","name":"Jornal J\u00c1","description":"Jornal J\u00c1 | Porto Alegre","url":"https:\/\/www.jornalja.com.br\/arquivo\/","telephone":"+555133307272","logo":{"@type":"ImageObject","url":"https:\/\/www.jornalja.com.br\/wp-content\/uploads\/cards\/JAslogan.png","@id":"https:\/\/www.jornalja.com.br\/arquivo\/manifesto-da-assembleia-geral-da-adufrgs-sindical-na-defesa-da-democracia-dos-direitos-dos-trabalhadores-da-ciencia-e-da-educacao\/#organizationLogo"},"image":{"@id":"https:\/\/www.jornalja.com.br\/arquivo\/manifesto-da-assembleia-geral-da-adufrgs-sindical-na-defesa-da-democracia-dos-direitos-dos-trabalhadores-da-ciencia-e-da-educacao\/#organizationLogo"}},{"@type":"Person","@id":"https:\/\/www.jornalja.com.br\/arquivo\/author\/daredacao\/#author","url":"https:\/\/www.jornalja.com.br\/arquivo\/author\/daredacao\/","name":"da Reda\u00e7\u00e3o","image":{"@type":"ImageObject","@id":"https:\/\/www.jornalja.com.br\/arquivo\/manifesto-da-assembleia-geral-da-adufrgs-sindical-na-defesa-da-democracia-dos-direitos-dos-trabalhadores-da-ciencia-e-da-educacao\/#authorImage","url":"https:\/\/secure.gravatar.com\/avatar\/469fd857d6605ad19919d27ed29d35a968a25f6e8fd9318356bbb7f57aae9c65?s=96&d=mm&r=g","width":96,"height":96,"caption":"da Reda\u00e7\u00e3o"}},{"@type":"WebPage","@id":"https:\/\/www.jornalja.com.br\/arquivo\/manifesto-da-assembleia-geral-da-adufrgs-sindical-na-defesa-da-democracia-dos-direitos-dos-trabalhadores-da-ciencia-e-da-educacao\/#webpage","url":"https:\/\/www.jornalja.com.br\/arquivo\/manifesto-da-assembleia-geral-da-adufrgs-sindical-na-defesa-da-democracia-dos-direitos-dos-trabalhadores-da-ciencia-e-da-educacao\/","name":"Manifesto da Assembleia Geral da ADUFRGS-Sindical na Defesa da Democracia, dos direitos dos trabalhadores, da Ci\u00eancia e da Educa\u00e7\u00e3o | Arquivo","inLanguage":"pt-BR","isPartOf":{"@id":"https:\/\/www.jornalja.com.br\/arquivo\/#website"},"breadcrumb":{"@id":"https:\/\/www.jornalja.com.br\/arquivo\/manifesto-da-assembleia-geral-da-adufrgs-sindical-na-defesa-da-democracia-dos-direitos-dos-trabalhadores-da-ciencia-e-da-educacao\/#breadcrumblist"},"author":{"@id":"https:\/\/www.jornalja.com.br\/arquivo\/author\/daredacao\/#author"},"creator":{"@id":"https:\/\/www.jornalja.com.br\/arquivo\/author\/daredacao\/#author"},"datePublished":"2016-06-13T22:30:48-03:00","dateModified":"2016-06-13T22:30:48-03:00"},{"@type":"WebSite","@id":"https:\/\/www.jornalja.com.br\/arquivo\/#website","url":"https:\/\/www.jornalja.com.br\/arquivo\/","name":"Arquivo","description":"Jornal J\u00c1 | Porto Alegre","inLanguage":"pt-BR","publisher":{"@id":"https:\/\/www.jornalja.com.br\/arquivo\/#organization"}}]},"og:locale":"pt_BR","og:site_name":"Arquivo | Jornal J\u00c1 | Porto Alegre","og:type":"article","og:title":"Manifesto da Assembleia Geral da ADUFRGS-Sindical na Defesa da Democracia, dos direitos dos trabalhadores, da Ci\u00eancia e da Educa\u00e7\u00e3o | Arquivo","og:url":"https:\/\/www.jornalja.com.br\/arquivo\/manifesto-da-assembleia-geral-da-adufrgs-sindical-na-defesa-da-democracia-dos-direitos-dos-trabalhadores-da-ciencia-e-da-educacao\/","og:image":"https:\/\/www.jornalja.com.br\/economics\/wp-content\/uploads\/sites\/11\/2026\/08\/ja-folhaderosto-facebook.jpg","og:image:secure_url":"https:\/\/www.jornalja.com.br\/economics\/wp-content\/uploads\/sites\/11\/2026\/08\/ja-folhaderosto-facebook.jpg","article:published_time":"2016-06-14T01:30:48+00:00","article:modified_time":"2016-06-14T01:30:48+00:00","twitter:card":"summary","twitter:title":"Manifesto da Assembleia Geral da ADUFRGS-Sindical na Defesa da Democracia, dos direitos dos trabalhadores, da Ci\u00eancia e da Educa\u00e7\u00e3o | Arquivo","twitter:image":"https:\/\/www.jornalja.com.br\/economics\/wp-content\/uploads\/sites\/11\/2026\/08\/ja-folhaderosto-facebook.jpg"},"aioseo_meta_data":{"post_id":"34746","title":null,"description":null,"keywords":null,"keyphrases":null,"primary_term":null,"canonical_url":null,"og_title":null,"og_description":null,"og_object_type":"default","og_image_type":"default","og_image_url":null,"og_image_width":null,"og_image_height":null,"og_image_custom_url":null,"og_image_custom_fields":null,"og_video":null,"og_custom_url":null,"og_article_section":null,"og_article_tags":null,"twitter_use_og":false,"twitter_card":"default","twitter_image_type":"default","twitter_image_url":null,"twitter_image_custom_url":null,"twitter_image_custom_fields":null,"twitter_title":null,"twitter_description":null,"schema":{"blockGraphs":[],"customGraphs":[],"default":{"data":{"Article":[],"Course":[],"Dataset":[],"FAQPage":[],"Movie":[],"Person":[],"Product":[],"ProductReview":[],"Car":[],"Recipe":[],"Service":[],"SoftwareApplication":[],"WebPage":[]},"graphName":"","isEnabled":true},"graphs":[],"defaultGraph":"","defaultPostTypeGraph":""},"schema_type":null,"schema_type_options":null,"pillar_content":false,"robots_default":true,"robots_noindex":false,"robots_noarchive":false,"robots_nosnippet":false,"robots_nofollow":false,"robots_noimageindex":false,"robots_noodp":false,"robots_notranslate":false,"robots_max_snippet":null,"robots_max_videopreview":null,"robots_max_imagepreview":"large","priority":null,"frequency":null,"location":null,"local_seo":null,"breadcrumb_settings":null,"limit_modified_date":false,"ai":null,"created":"2020-12-20 20:54:54","updated":"2025-07-19 14:31:47","seo_analyzer_scan_date":null,"focus_keyword":null,"additional_keywords":null,"truseo_locale":null},"jetpack_sharing_enabled":true,"jetpack-related-posts":[{"id":13240,"url":"https:\/\/www.jornalja.com.br\/arquivo\/plano-diretor-estamos-construindo-o-caos\/","url_meta":{"origin":34746,"position":0},"title":"Plano diretor: &quot;Estamos construindo o caos&quot;","author":"Patr\u00edcia Marini","date":"26 de maio de 2014","format":false,"excerpt":"Desabafo que arquiteta Eliana Castilhos, delegada da Regi\u00e3o de Planejamento 1, postou nas redes sociais \u00e9 um testemunho do ambiente que se criou no Conselho do Plano Diretor de Porto Alegre, onde a aprova\u00e7\u00e3o de grandes empreendimentos \u00e9 empurrada guela abaixo dos conselheiros. Ao CMDUA Como delegada da Regi\u00e3o de\u2026","rel":"","context":"Em &quot;Geral&quot;","block_context":{"text":"Geral","link":"https:\/\/www.jornalja.com.br\/arquivo\/category\/geral\/"},"img":{"alt_text":"","src":"","width":0,"height":0},"classes":[]},{"id":13109,"url":"https:\/\/www.jornalja.com.br\/arquivo\/judiciario-reconhece-poluicao-eletromagnetica\/","url_meta":{"origin":34746,"position":1},"title":"Judici\u00e1rio reconhece polui\u00e7\u00e3o eletromagn\u00e9tica","author":"Patr\u00edcia Marini","date":"16 de maio de 2014","format":false,"excerpt":"A\u00e7\u00e3o de duas associa\u00e7\u00f5es de moradores foi acolhida pelo Tribunal de Justi\u00e7a de S\u00e3o Paulo que. em decis\u00e3o in\u00e9dita, determinou a redu\u00e7\u00e3o do campo eletromagn\u00e9tico gerado pelas linhas de transmiss\u00e3o de energia que cortam os bairros City Boa\u00e7ava e Alto de Pinheiros. \u00c9 a primeira vez que um tribunal do\u2026","rel":"","context":"Em &quot;X.Categorias velhas&quot;","block_context":{"text":"X.Categorias velhas","link":"https:\/\/www.jornalja.com.br\/arquivo\/category\/x-categorias-velhas\/"},"img":{"alt_text":"","src":"","width":0,"height":0},"classes":[]},{"id":14241,"url":"https:\/\/www.jornalja.com.br\/arquivo\/o-guaiba-nas-imagens-poeticas-de-achutti\/","url_meta":{"origin":34746,"position":2},"title":"O Gua\u00edba nas imagens po\u00e9ticas de Achutti","author":"da Reda\u00e7\u00e3o","date":"18 de junho de 2014","format":false,"excerpt":"Em \u201cO Gua\u00edba por Achutti\u201d \u2013 obra financiada via Minist\u00e9rio da Cultura, produ\u00e7\u00e3o executiva de Pedro Longhi, e Fl\u00e1vio Wild como designer \u2013, o fot\u00f3grafo revela a beleza e as mazelas de um espa\u00e7o aqu\u00e1tico de \u00e1guas sempre renovadas, cheio de hist\u00f3rias e lendas como as das cidades que foram\u2026","rel":"","context":"Em &quot;Cultura-Geral&quot;","block_context":{"text":"Cultura-Geral","link":"https:\/\/www.jornalja.com.br\/arquivo\/category\/materiasecundaria\/"},"img":{"alt_text":"","src":"","width":0,"height":0},"classes":[]},{"id":13239,"url":"https:\/\/www.jornalja.com.br\/arquivo\/conselho-desdenha-do-plano-diretor\/","url_meta":{"origin":34746,"position":3},"title":"Porto Alegre: Conselho detona Plano Diretor","author":"Patr\u00edcia Marini","date":"25 de maio de 2014","format":false,"excerpt":"Den\u00fancia do arquiteto e \u00a0urbanista Ibir\u00e1 Santos Lucas. Ele diz que os conselheiros est\u00e3o votando com \"enorme irresponsabilidade\". \"Mudam regime com a maior naturalidade,,,regularizam absurdos de constru\u00e7\u00f5es irregulares... \"O CMDUA est\u00e1 flexibilizando a lei do plano diretor, de uma forma impactante na vida da cidade. Mudam regime com a maior\u2026","rel":"","context":"Em &quot;Geral&quot;","block_context":{"text":"Geral","link":"https:\/\/www.jornalja.com.br\/arquivo\/category\/geral\/"},"img":{"alt_text":"","src":"","width":0,"height":0},"classes":[]},{"id":13124,"url":"https:\/\/www.jornalja.com.br\/arquivo\/sangue-latino-no-iecine\/","url_meta":{"origin":34746,"position":4},"title":"Sangue latino no IECINE","author":"da Reda\u00e7\u00e3o","date":"18 de maio de 2014","format":false,"excerpt":"Francisco Ribeiro O Instituto Estadual de Cinema (IECINE) tem a frente, desde abril \u00faltimo, um novo diretor, o cineasta colombiano Juan Zapata, 36, que substitui Luiz Alberto Cassol. Radicado h\u00e1 dez anos em Porto Alegre, Zapata tem diante de si o desafio de conduzir at\u00e9 o final do ano um\u2026","rel":"","context":"Em &quot;Cultura-Geral&quot;","block_context":{"text":"Cultura-Geral","link":"https:\/\/www.jornalja.com.br\/arquivo\/category\/materiasecundaria\/"},"img":{"alt_text":"","src":"","width":0,"height":0},"classes":[]},{"id":5440,"url":"https:\/\/www.jornalja.com.br\/arquivo\/casarao-da-venancio-destino-permanece-incerto\/","url_meta":{"origin":34746,"position":5},"title":"Estado ainda n\u00e3o sabe o que fazer com casar\u00e3o abandonado h\u00e1 20 anos","author":"Elmar Bones","date":"6 de julho de 2009","format":false,"excerpt":"O casar\u00e3o amarelo, numa esquina nobre de Porto Alegre (Ven\u00e2ncio Aires com Jo\u00e3o Pessoa), j\u00e1 abrigou uma escola. H\u00e1 duas d\u00e9cadas, pelo menos, est\u00e1 abandonado, porque seu propriet\u00e1rio, o governo do Estado do Rio Grande do Sul, n\u00e3o consegue achar um destino para ele. Planos n\u00e3o faltaram. O governador Ol\u00edvio\u2026","rel":"","context":"Em &quot;X.Categorias velhas&quot;","block_context":{"text":"X.Categorias velhas","link":"https:\/\/www.jornalja.com.br\/arquivo\/category\/x-categorias-velhas\/"},"img":{"alt_text":"geraldo1","src":"https:\/\/i0.wp.com\/www.jornalja.com.br\/wp-content\/uploads\/2009\/07\/geraldo1.jpg?resize=350%2C200&ssl=1","width":350,"height":200},"classes":[]}],"jetpack_shortlink":"https:\/\/wp.me\/pbQjBd-92q","jetpack_featured_media_url":"","_links":{"self":[{"href":"https:\/\/www.jornalja.com.br\/arquivo\/wp-json\/wp\/v2\/posts\/34746","targetHints":{"allow":["GET"]}}],"collection":[{"href":"https:\/\/www.jornalja.com.br\/arquivo\/wp-json\/wp\/v2\/posts"}],"about":[{"href":"https:\/\/www.jornalja.com.br\/arquivo\/wp-json\/wp\/v2\/types\/post"}],"author":[{"embeddable":true,"href":"https:\/\/www.jornalja.com.br\/arquivo\/wp-json\/wp\/v2\/users\/4"}],"replies":[{"embeddable":true,"href":"https:\/\/www.jornalja.com.br\/arquivo\/wp-json\/wp\/v2\/comments?post=34746"}],"version-history":[{"count":0,"href":"https:\/\/www.jornalja.com.br\/arquivo\/wp-json\/wp\/v2\/posts\/34746\/revisions"}],"wp:attachment":[{"href":"https:\/\/www.jornalja.com.br\/arquivo\/wp-json\/wp\/v2\/media?parent=34746"}],"wp:term":[{"taxonomy":"category","embeddable":true,"href":"https:\/\/www.jornalja.com.br\/arquivo\/wp-json\/wp\/v2\/categories?post=34746"},{"taxonomy":"post_tag","embeddable":true,"href":"https:\/\/www.jornalja.com.br\/arquivo\/wp-json\/wp\/v2\/tags?post=34746"}],"curies":[{"name":"wp","href":"https:\/\/api.w.org\/{rel}","templated":true}]}}