{"id":35182,"date":"2016-06-20T00:56:36","date_gmt":"2016-06-20T03:56:36","guid":{"rendered":"https:\/\/www.jornalja.com.br\/?p=35182"},"modified":"2016-06-20T00:56:36","modified_gmt":"2016-06-20T03:56:36","slug":"nota-sobre-o-acordo-negociado-entre-o-governo-do-estado-e-estudantes-que-ocuparam-a-al","status":"publish","type":"post","link":"https:\/\/www.jornalja.com.br\/arquivo\/nota-sobre-o-acordo-negociado-entre-o-governo-do-estado-e-estudantes-que-ocuparam-a-al\/","title":{"rendered":"Nota sobre o acordo negociado entre o governo do Estado e estudantes que ocuparam a AL"},"content":{"rendered":"<p>O movimento M\u00e3es e Pais Pela Educa\u00e7\u00e3o respeita a decis\u00e3o das escolas e das entidades estudantis que se reuniram com o governo estadual, negociaram um acordo e ir\u00e3o desocupar as suas escolas. Igualmente, respeita a decis\u00e3o dos(as) estudantes que n\u00e3o concordam com a decis\u00e3o e por isso tomaram a decis\u00e3o de manter suas escolas ocupadas.<br \/>\nNeste sentido, enquanto m\u00e3es, pais e apoiadores(as) da luta de nossos(as) filhos(as) por uma educa\u00e7\u00e3o de qualidade, salientamos que este acordo n\u00e3o contempla a totalidade dos(as) estudantes.<br \/>\nReconhecemos a import\u00e2ncia das entidades estudantis e a sua legitimidade em representar os interesses daqueles que se sentem por elas representados, mas reconhecemos tamb\u00e9m os que por ela hoje n\u00e3o se sentem representados e se organizam de maneira independente das mesmas. Infelizmente, verificamos que o Comit\u00ea das Escolas Independentes (CEI), formado por estudantes de dezenas de ocupa\u00e7\u00f5es, sequer foi convidado a participar das negocia\u00e7\u00f5es e, por esse motivo, nao pode apresentar suas reivindica\u00e7\u00f5es e muito menos opinar sobre o referido acordo.<br \/>\nPor tudo isso, reiteramos a necessidade de que o mesmo N\u00c3O SEJA HOMOLOGADO sem que essa significativa parte do movimento estudantil ga\u00facho tenha suas reivindica\u00e7\u00f5es atendidas. Caso contr\u00e1rio, corremos o risco de n\u00e3o vermos as escolas desocupadas e nem a volta da normalidade das aulas em dezenas de escolas ga\u00fachas.<br \/>\nIsto posto, passamos \u00e0 an\u00e1lise de alguns termos do acordo.<\/p>\n<ol>\n<li>F\u00d3RUM PERMANENTE: Consideramos a cria\u00e7\u00e3o de um f\u00f3rum permanente \u201cpara acompanhamento das reivindica\u00e7\u00f5es estudantis em geral, especialmente das obras nas escolas, merenda e quadro de professores nas escolas\u201d um avan\u00e7o, pois vai ao encontro da abertura de um canal de di\u00e1logo que n\u00f3s tanto reivindicamos. Contudo, a descri\u00e7\u00e3o de sua composi\u00e7\u00e3o \u00e9 gen\u00e9rica, algo que permite excluir a participa\u00e7\u00e3o de boa parte dos interessados. Quem seriam os representantes da sociedade com assento nesse f\u00f3rum? Para que esse f\u00f3rum tenha um car\u00e1ter plural e, realmente, destine-se \u00e0 melhoria da qualidade do ensino no Rio Grande do Sul postulamos que ele seja constitu\u00eddo por representantes do Conselho Estadual da Educa\u00e7\u00e3o, do Conselho Estadual da Crian\u00e7a e do Adolescente, do Conselho Tutelar e do Movimento M\u00e3es e Pais Pela Educa\u00e7\u00e3o, sem preju\u00edzo de outras organiza\u00e7\u00f5es da sociedade civil. Quanto \u00e0 representa\u00e7\u00e3o dos(as) alunos(as), requeremos que metade dela seja composta por estudantes do Comit\u00ea das Escolas Independentes (CEI), a fim de que esses tamb\u00e9m possam ter suas demandas debatidas e atendidas.<\/li>\n<li>MERENDA NAS ESCOLAS: A promessa de aumento da verba estadual para a merenda escolar \u00e9 uma fal\u00e1cia do governo estadual, pois, para muitas escolas, ele sequer vem destinando verbas para a complementa\u00e7\u00e3o dos R$ 0,30 repassados pelo governo federal, fazendo com que muitas delas tenham que oferecer uma merenda que caiba no or\u00e7amento de R$ 0,30\/aluno. Uma proposta s\u00e9ria passa pelo comprometimento do governo em regularizar os repasses da complementa\u00e7\u00e3o \u00e0 verba federal para todas as escolas.<\/li>\n<li>AUTONOMIA FINANCEIRA: Reconhecemos o avan\u00e7o em rela\u00e7\u00e3o \u00e0s duas primeiras propostas, pois, ao menos para o m\u00eas de junho, foi estipulada uma data para a integraliza\u00e7\u00e3o da verba de autonomia financeira. Todavia, o governo segue tratando a educa\u00e7\u00e3o e, especificamente, as estruturas das escolas com descaso, pois s\u00f3 se compromete a repassar essa verba ap\u00f3s o pagamento do sal\u00e1rio do funcionalismo estadual, que vem sendo parcelado ao longo do m\u00eas.<\/li>\n<li>PL 44\/2016: Na verdade n\u00e3o houve NENHUM avan\u00e7o com rela\u00e7\u00e3o \u00e0 sua tramita\u00e7\u00e3o. O governo est\u00e1 manipulando a sociedade em geral que desconhece os detalhes do processo legislativo. Como o referido PL n\u00e3o foi encaminhado em Regime de Urg\u00eancia, o mesmo seguir\u00e1 a tramita\u00e7\u00e3o normal como j\u00e1 estava ocorrendo. Ou seja, segue para aprecia\u00e7\u00e3o do Parecer da Relatora na Comiss\u00e3o de Constitui\u00e7\u00e3o e Justi\u00e7a (CCJ). Em caso de rejei\u00e7\u00e3o do seu parecer pelos membros da Comiss\u00e3o, \u00e9 designado novo Relator que dar\u00e1 novo Parecer a ser apreciado. Em caso de aprova\u00e7\u00e3o do Parecer, o PL segue para a pr\u00f3xima Comiss\u00e3o. Somente ap\u00f3s aprecia\u00e7\u00e3o do Parecer em tr\u00eas comiss\u00f5es tem\u00e1ticas \u00e9 que o l\u00edder do governo no parlamento pode pedir a sua prioriza\u00e7\u00e3o para que ele entre em pauta para vota\u00e7\u00e3o. Somente nesse processo, pelo menos seis meses s\u00e3o necess\u00e1rios para que ele chegue ao Plen\u00e1rio. Chegando ao Plen\u00e1rio, ap\u00f3s prioriza\u00e7\u00e3o pela lideran\u00e7a de governo, ele s\u00f3 entrar\u00e1 para vota\u00e7\u00e3o ap\u00f3s acordo de l\u00edderes, os quais definem com a Presid\u00eancia da Casa a ordem de vota\u00e7\u00e3o de projetos. Portanto, nada muda para o governo nesse sentido, visto que em nenhum momento foi pedida a urg\u00eancia para a vota\u00e7\u00e3o do tal PL. Ser\u00e1 mesmo isso um acordo vitorioso ou a continuidade da tramita\u00e7\u00e3o prevista pelo governo desde o in\u00edcio? Ao nosso ver, uma vit\u00f3ria dos(as) estudantes seria conquistar que o mesmo fosse retirado do parlamento por parte do governo Sartori.<\/li>\n<li>DI\u00c1LOGO E RESPEITO: Quando o governo declara que atos de repres\u00e1lia que incluem \u201ctransfer\u00eancias compuls\u00f3rias, ser\u00e3o avaliados pelas escolas e revistos pelas Coordenadorias de Educa\u00e7\u00e3o respectivas, conforme normativas em vigor\u201d, ele n\u00e3o pro\u00edbe as dire\u00e7\u00f5es de escolas e as CREs de penalizarem os(as) estudantes, apenas de rever suas decis\u00f5es. Sabemos que esse processo de revis\u00e3o n\u00e3o \u00e9 t\u00e3o simples e n\u00e3o faltar\u00e3o motivos \u201calheios ao ato de ocupar\u201d como justificativas para tais transfer\u00eancias, Na pr\u00e1tica, ent\u00e3o, os(as) estudantes poder\u00e3o sair prejudicados por terem exercido a sua cidadania.<\/li>\n<\/ol>\n<p>Porto Alegre, 15 de junho de 2016.<br \/>\nMOVIMENTO M\u00c3ES E PAIS PELA EDUCA\u00c7\u00c3O<\/p>\n","protected":false},"excerpt":{"rendered":"<p>O movimento M\u00e3es e Pais Pela Educa\u00e7\u00e3o respeita a decis\u00e3o das escolas e das entidades estudantis que se reuniram com o governo estadual, negociaram um acordo e ir\u00e3o desocupar as suas escolas. Igualmente, respeita a decis\u00e3o dos(as) estudantes que n\u00e3o concordam com a decis\u00e3o e por isso tomaram a decis\u00e3o de manter suas escolas ocupadas. [&hellip;]<\/p>\n","protected":false},"author":4,"featured_media":0,"comment_status":"open","ping_status":"closed","sticky":false,"template":"","format":"standard","meta":{"_jetpack_newsletter_access":"","_jetpack_dont_email_post_to_subs":false,"_jetpack_newsletter_tier_id":0,"_jetpack_memberships_contains_paywalled_content":false,"_jetpack_feature_clip_id":0,"_jetpack_memberships_contains_paid_content":false,"footnotes":"","jetpack_post_was_ever_published":false},"categories":[2013,2012],"tags":[],"class_list":["post-35182","post","type-post","status-publish","format-standard","hentry","category-cdd-mural","category-debates"],"aioseo_notices":[],"aioseo_head":"\n\t\t<!-- All in One SEO 5.0.1.1 - aioseo.com -->\n\t<meta name=\"robots\" content=\"max-image-preview:large\" \/>\n\t<meta name=\"author\" content=\"da Reda\u00e7\u00e3o\"\/>\n\t<link rel=\"canonical\" href=\"https:\/\/www.jornalja.com.br\/arquivo\/nota-sobre-o-acordo-negociado-entre-o-governo-do-estado-e-estudantes-que-ocuparam-a-al\/\" \/>\n\t<meta name=\"generator\" content=\"All in One SEO (AIOSEO) 5.0.1.1\" \/>\n\t\t<meta property=\"og:locale\" content=\"pt_BR\" \/>\n\t\t<meta property=\"og:site_name\" content=\"Arquivo | Jornal J\u00c1 | Porto Alegre\" \/>\n\t\t<meta property=\"og:type\" content=\"article\" \/>\n\t\t<meta property=\"og:title\" content=\"Nota sobre o acordo negociado entre o governo do Estado e estudantes que ocuparam a AL | Arquivo\" \/>\n\t\t<meta property=\"og:url\" content=\"https:\/\/www.jornalja.com.br\/arquivo\/nota-sobre-o-acordo-negociado-entre-o-governo-do-estado-e-estudantes-que-ocuparam-a-al\/\" \/>\n\t\t<meta property=\"og:image\" content=\"https:\/\/www.jornalja.com.br\/economics\/wp-content\/uploads\/sites\/11\/2026\/08\/ja-folhaderosto-facebook.jpg\" \/>\n\t\t<meta property=\"og:image:secure_url\" content=\"https:\/\/www.jornalja.com.br\/economics\/wp-content\/uploads\/sites\/11\/2026\/08\/ja-folhaderosto-facebook.jpg\" \/>\n\t\t<meta property=\"article:published_time\" content=\"2016-06-20T03:56:36+00:00\" \/>\n\t\t<meta property=\"article:modified_time\" content=\"2016-06-20T03:56:36+00:00\" \/>\n\t\t<meta name=\"twitter:card\" content=\"summary\" \/>\n\t\t<meta name=\"twitter:title\" content=\"Nota sobre o acordo negociado entre o governo do Estado e estudantes que ocuparam a AL | Arquivo\" \/>\n\t\t<meta name=\"twitter:image\" content=\"https:\/\/www.jornalja.com.br\/economics\/wp-content\/uploads\/sites\/11\/2026\/08\/ja-folhaderosto-facebook.jpg\" \/>\n\t\t<script type=\"application\/ld+json\" class=\"aioseo-schema\">\n\t\t\t{\"@context\":\"https:\\\/\\\/schema.org\",\"@graph\":[{\"@type\":\"BlogPosting\",\"@id\":\"https:\\\/\\\/www.jornalja.com.br\\\/arquivo\\\/nota-sobre-o-acordo-negociado-entre-o-governo-do-estado-e-estudantes-que-ocuparam-a-al\\\/#blogposting\",\"name\":\"Nota sobre o acordo negociado entre o governo do Estado e estudantes que ocuparam a AL | Arquivo\",\"headline\":\"Nota sobre o acordo negociado entre o governo do Estado e estudantes que ocuparam a AL\",\"author\":{\"@id\":\"https:\\\/\\\/www.jornalja.com.br\\\/arquivo\\\/author\\\/daredacao\\\/#author\"},\"publisher\":{\"@id\":\"https:\\\/\\\/www.jornalja.com.br\\\/arquivo\\\/#organization\"},\"image\":{\"@type\":\"ImageObject\",\"url\":\"https:\\\/\\\/www.jornalja.com.br\\\/wp-content\\\/uploads\\\/cards\\\/JAslogan.png\",\"@id\":\"https:\\\/\\\/www.jornalja.com.br\\\/arquivo\\\/#articleImage\"},\"datePublished\":\"2016-06-20T00:56:36-03:00\",\"dateModified\":\"2016-06-20T00:56:36-03:00\",\"inLanguage\":\"pt-BR\",\"mainEntityOfPage\":{\"@id\":\"https:\\\/\\\/www.jornalja.com.br\\\/arquivo\\\/nota-sobre-o-acordo-negociado-entre-o-governo-do-estado-e-estudantes-que-ocuparam-a-al\\\/#webpage\"},\"isPartOf\":{\"@id\":\"https:\\\/\\\/www.jornalja.com.br\\\/arquivo\\\/nota-sobre-o-acordo-negociado-entre-o-governo-do-estado-e-estudantes-que-ocuparam-a-al\\\/#webpage\"},\"articleSection\":\"CDD-MURAL, HOTSITE Comit\\u00ea pela Democracia\"},{\"@type\":\"BreadcrumbList\",\"@id\":\"https:\\\/\\\/www.jornalja.com.br\\\/arquivo\\\/nota-sobre-o-acordo-negociado-entre-o-governo-do-estado-e-estudantes-que-ocuparam-a-al\\\/#breadcrumblist\",\"itemListElement\":[{\"@type\":\"ListItem\",\"@id\":\"https:\\\/\\\/www.jornalja.com.br\\\/arquivo#listItem\",\"position\":1,\"name\":\"Home\",\"item\":\"https:\\\/\\\/www.jornalja.com.br\\\/arquivo\",\"nextItem\":{\"@type\":\"ListItem\",\"@id\":\"https:\\\/\\\/www.jornalja.com.br\\\/arquivo\\\/category\\\/debates\\\/#listItem\",\"name\":\"HOTSITE Comit\\u00ea pela Democracia\"}},{\"@type\":\"ListItem\",\"@id\":\"https:\\\/\\\/www.jornalja.com.br\\\/arquivo\\\/category\\\/debates\\\/#listItem\",\"position\":2,\"name\":\"HOTSITE Comit\\u00ea pela Democracia\",\"item\":\"https:\\\/\\\/www.jornalja.com.br\\\/arquivo\\\/category\\\/debates\\\/\",\"nextItem\":{\"@type\":\"ListItem\",\"@id\":\"https:\\\/\\\/www.jornalja.com.br\\\/arquivo\\\/nota-sobre-o-acordo-negociado-entre-o-governo-do-estado-e-estudantes-que-ocuparam-a-al\\\/#listItem\",\"name\":\"Nota sobre o acordo negociado entre o governo do Estado e estudantes que ocuparam a AL\"},\"previousItem\":{\"@type\":\"ListItem\",\"@id\":\"https:\\\/\\\/www.jornalja.com.br\\\/arquivo#listItem\",\"name\":\"Home\"}},{\"@type\":\"ListItem\",\"@id\":\"https:\\\/\\\/www.jornalja.com.br\\\/arquivo\\\/nota-sobre-o-acordo-negociado-entre-o-governo-do-estado-e-estudantes-que-ocuparam-a-al\\\/#listItem\",\"position\":3,\"name\":\"Nota sobre o acordo negociado entre o governo do Estado e estudantes que ocuparam a AL\",\"previousItem\":{\"@type\":\"ListItem\",\"@id\":\"https:\\\/\\\/www.jornalja.com.br\\\/arquivo\\\/category\\\/debates\\\/#listItem\",\"name\":\"HOTSITE Comit\\u00ea pela Democracia\"}}]},{\"@type\":\"Organization\",\"@id\":\"https:\\\/\\\/www.jornalja.com.br\\\/arquivo\\\/#organization\",\"name\":\"Jornal J\\u00c1\",\"description\":\"Jornal J\\u00c1 | Porto Alegre\",\"url\":\"https:\\\/\\\/www.jornalja.com.br\\\/arquivo\\\/\",\"telephone\":\"+555133307272\",\"logo\":{\"@type\":\"ImageObject\",\"url\":\"https:\\\/\\\/www.jornalja.com.br\\\/wp-content\\\/uploads\\\/cards\\\/JAslogan.png\",\"@id\":\"https:\\\/\\\/www.jornalja.com.br\\\/arquivo\\\/nota-sobre-o-acordo-negociado-entre-o-governo-do-estado-e-estudantes-que-ocuparam-a-al\\\/#organizationLogo\"},\"image\":{\"@id\":\"https:\\\/\\\/www.jornalja.com.br\\\/arquivo\\\/nota-sobre-o-acordo-negociado-entre-o-governo-do-estado-e-estudantes-que-ocuparam-a-al\\\/#organizationLogo\"}},{\"@type\":\"Person\",\"@id\":\"https:\\\/\\\/www.jornalja.com.br\\\/arquivo\\\/author\\\/daredacao\\\/#author\",\"url\":\"https:\\\/\\\/www.jornalja.com.br\\\/arquivo\\\/author\\\/daredacao\\\/\",\"name\":\"da Reda\\u00e7\\u00e3o\",\"image\":{\"@type\":\"ImageObject\",\"@id\":\"https:\\\/\\\/www.jornalja.com.br\\\/arquivo\\\/nota-sobre-o-acordo-negociado-entre-o-governo-do-estado-e-estudantes-que-ocuparam-a-al\\\/#authorImage\",\"url\":\"https:\\\/\\\/secure.gravatar.com\\\/avatar\\\/469fd857d6605ad19919d27ed29d35a968a25f6e8fd9318356bbb7f57aae9c65?s=96&d=mm&r=g\",\"width\":96,\"height\":96,\"caption\":\"da Reda\\u00e7\\u00e3o\"}},{\"@type\":\"WebPage\",\"@id\":\"https:\\\/\\\/www.jornalja.com.br\\\/arquivo\\\/nota-sobre-o-acordo-negociado-entre-o-governo-do-estado-e-estudantes-que-ocuparam-a-al\\\/#webpage\",\"url\":\"https:\\\/\\\/www.jornalja.com.br\\\/arquivo\\\/nota-sobre-o-acordo-negociado-entre-o-governo-do-estado-e-estudantes-que-ocuparam-a-al\\\/\",\"name\":\"Nota sobre o acordo negociado entre o governo do Estado e estudantes que ocuparam a AL | Arquivo\",\"inLanguage\":\"pt-BR\",\"isPartOf\":{\"@id\":\"https:\\\/\\\/www.jornalja.com.br\\\/arquivo\\\/#website\"},\"breadcrumb\":{\"@id\":\"https:\\\/\\\/www.jornalja.com.br\\\/arquivo\\\/nota-sobre-o-acordo-negociado-entre-o-governo-do-estado-e-estudantes-que-ocuparam-a-al\\\/#breadcrumblist\"},\"author\":{\"@id\":\"https:\\\/\\\/www.jornalja.com.br\\\/arquivo\\\/author\\\/daredacao\\\/#author\"},\"creator\":{\"@id\":\"https:\\\/\\\/www.jornalja.com.br\\\/arquivo\\\/author\\\/daredacao\\\/#author\"},\"datePublished\":\"2016-06-20T00:56:36-03:00\",\"dateModified\":\"2016-06-20T00:56:36-03:00\"},{\"@type\":\"WebSite\",\"@id\":\"https:\\\/\\\/www.jornalja.com.br\\\/arquivo\\\/#website\",\"url\":\"https:\\\/\\\/www.jornalja.com.br\\\/arquivo\\\/\",\"name\":\"Arquivo\",\"description\":\"Jornal J\\u00c1 | Porto Alegre\",\"inLanguage\":\"pt-BR\",\"publisher\":{\"@id\":\"https:\\\/\\\/www.jornalja.com.br\\\/arquivo\\\/#organization\"}}]}\n\t\t<\/script>\n\t\t<!-- All in One SEO -->\n\n","aioseo_head_json":{"title":"Nota sobre o acordo negociado entre o governo do Estado e estudantes que ocuparam a AL | Arquivo","description":"","canonical_url":"https:\/\/www.jornalja.com.br\/arquivo\/nota-sobre-o-acordo-negociado-entre-o-governo-do-estado-e-estudantes-que-ocuparam-a-al\/","robots":"max-image-preview:large","keywords":"","webmasterTools":{"miscellaneous":""},"schema":{"@context":"https:\/\/schema.org","@graph":[{"@type":"BlogPosting","@id":"https:\/\/www.jornalja.com.br\/arquivo\/nota-sobre-o-acordo-negociado-entre-o-governo-do-estado-e-estudantes-que-ocuparam-a-al\/#blogposting","name":"Nota sobre o acordo negociado entre o governo do Estado e estudantes que ocuparam a AL | Arquivo","headline":"Nota sobre o acordo negociado entre o governo do Estado e estudantes que ocuparam a AL","author":{"@id":"https:\/\/www.jornalja.com.br\/arquivo\/author\/daredacao\/#author"},"publisher":{"@id":"https:\/\/www.jornalja.com.br\/arquivo\/#organization"},"image":{"@type":"ImageObject","url":"https:\/\/www.jornalja.com.br\/wp-content\/uploads\/cards\/JAslogan.png","@id":"https:\/\/www.jornalja.com.br\/arquivo\/#articleImage"},"datePublished":"2016-06-20T00:56:36-03:00","dateModified":"2016-06-20T00:56:36-03:00","inLanguage":"pt-BR","mainEntityOfPage":{"@id":"https:\/\/www.jornalja.com.br\/arquivo\/nota-sobre-o-acordo-negociado-entre-o-governo-do-estado-e-estudantes-que-ocuparam-a-al\/#webpage"},"isPartOf":{"@id":"https:\/\/www.jornalja.com.br\/arquivo\/nota-sobre-o-acordo-negociado-entre-o-governo-do-estado-e-estudantes-que-ocuparam-a-al\/#webpage"},"articleSection":"CDD-MURAL, HOTSITE Comit\u00ea pela Democracia"},{"@type":"BreadcrumbList","@id":"https:\/\/www.jornalja.com.br\/arquivo\/nota-sobre-o-acordo-negociado-entre-o-governo-do-estado-e-estudantes-que-ocuparam-a-al\/#breadcrumblist","itemListElement":[{"@type":"ListItem","@id":"https:\/\/www.jornalja.com.br\/arquivo#listItem","position":1,"name":"Home","item":"https:\/\/www.jornalja.com.br\/arquivo","nextItem":{"@type":"ListItem","@id":"https:\/\/www.jornalja.com.br\/arquivo\/category\/debates\/#listItem","name":"HOTSITE Comit\u00ea pela Democracia"}},{"@type":"ListItem","@id":"https:\/\/www.jornalja.com.br\/arquivo\/category\/debates\/#listItem","position":2,"name":"HOTSITE Comit\u00ea pela Democracia","item":"https:\/\/www.jornalja.com.br\/arquivo\/category\/debates\/","nextItem":{"@type":"ListItem","@id":"https:\/\/www.jornalja.com.br\/arquivo\/nota-sobre-o-acordo-negociado-entre-o-governo-do-estado-e-estudantes-que-ocuparam-a-al\/#listItem","name":"Nota sobre o acordo negociado entre o governo do Estado e estudantes que ocuparam a AL"},"previousItem":{"@type":"ListItem","@id":"https:\/\/www.jornalja.com.br\/arquivo#listItem","name":"Home"}},{"@type":"ListItem","@id":"https:\/\/www.jornalja.com.br\/arquivo\/nota-sobre-o-acordo-negociado-entre-o-governo-do-estado-e-estudantes-que-ocuparam-a-al\/#listItem","position":3,"name":"Nota sobre o acordo negociado entre o governo do Estado e estudantes que ocuparam a AL","previousItem":{"@type":"ListItem","@id":"https:\/\/www.jornalja.com.br\/arquivo\/category\/debates\/#listItem","name":"HOTSITE Comit\u00ea pela Democracia"}}]},{"@type":"Organization","@id":"https:\/\/www.jornalja.com.br\/arquivo\/#organization","name":"Jornal J\u00c1","description":"Jornal J\u00c1 | Porto Alegre","url":"https:\/\/www.jornalja.com.br\/arquivo\/","telephone":"+555133307272","logo":{"@type":"ImageObject","url":"https:\/\/www.jornalja.com.br\/wp-content\/uploads\/cards\/JAslogan.png","@id":"https:\/\/www.jornalja.com.br\/arquivo\/nota-sobre-o-acordo-negociado-entre-o-governo-do-estado-e-estudantes-que-ocuparam-a-al\/#organizationLogo"},"image":{"@id":"https:\/\/www.jornalja.com.br\/arquivo\/nota-sobre-o-acordo-negociado-entre-o-governo-do-estado-e-estudantes-que-ocuparam-a-al\/#organizationLogo"}},{"@type":"Person","@id":"https:\/\/www.jornalja.com.br\/arquivo\/author\/daredacao\/#author","url":"https:\/\/www.jornalja.com.br\/arquivo\/author\/daredacao\/","name":"da Reda\u00e7\u00e3o","image":{"@type":"ImageObject","@id":"https:\/\/www.jornalja.com.br\/arquivo\/nota-sobre-o-acordo-negociado-entre-o-governo-do-estado-e-estudantes-que-ocuparam-a-al\/#authorImage","url":"https:\/\/secure.gravatar.com\/avatar\/469fd857d6605ad19919d27ed29d35a968a25f6e8fd9318356bbb7f57aae9c65?s=96&d=mm&r=g","width":96,"height":96,"caption":"da Reda\u00e7\u00e3o"}},{"@type":"WebPage","@id":"https:\/\/www.jornalja.com.br\/arquivo\/nota-sobre-o-acordo-negociado-entre-o-governo-do-estado-e-estudantes-que-ocuparam-a-al\/#webpage","url":"https:\/\/www.jornalja.com.br\/arquivo\/nota-sobre-o-acordo-negociado-entre-o-governo-do-estado-e-estudantes-que-ocuparam-a-al\/","name":"Nota sobre o acordo negociado entre o governo do Estado e estudantes que ocuparam a AL | Arquivo","inLanguage":"pt-BR","isPartOf":{"@id":"https:\/\/www.jornalja.com.br\/arquivo\/#website"},"breadcrumb":{"@id":"https:\/\/www.jornalja.com.br\/arquivo\/nota-sobre-o-acordo-negociado-entre-o-governo-do-estado-e-estudantes-que-ocuparam-a-al\/#breadcrumblist"},"author":{"@id":"https:\/\/www.jornalja.com.br\/arquivo\/author\/daredacao\/#author"},"creator":{"@id":"https:\/\/www.jornalja.com.br\/arquivo\/author\/daredacao\/#author"},"datePublished":"2016-06-20T00:56:36-03:00","dateModified":"2016-06-20T00:56:36-03:00"},{"@type":"WebSite","@id":"https:\/\/www.jornalja.com.br\/arquivo\/#website","url":"https:\/\/www.jornalja.com.br\/arquivo\/","name":"Arquivo","description":"Jornal J\u00c1 | Porto Alegre","inLanguage":"pt-BR","publisher":{"@id":"https:\/\/www.jornalja.com.br\/arquivo\/#organization"}}]},"og:locale":"pt_BR","og:site_name":"Arquivo | Jornal J\u00c1 | Porto Alegre","og:type":"article","og:title":"Nota sobre o acordo negociado entre o governo do Estado e estudantes que ocuparam a AL | Arquivo","og:url":"https:\/\/www.jornalja.com.br\/arquivo\/nota-sobre-o-acordo-negociado-entre-o-governo-do-estado-e-estudantes-que-ocuparam-a-al\/","og:image":"https:\/\/www.jornalja.com.br\/economics\/wp-content\/uploads\/sites\/11\/2026\/08\/ja-folhaderosto-facebook.jpg","og:image:secure_url":"https:\/\/www.jornalja.com.br\/economics\/wp-content\/uploads\/sites\/11\/2026\/08\/ja-folhaderosto-facebook.jpg","article:published_time":"2016-06-20T03:56:36+00:00","article:modified_time":"2016-06-20T03:56:36+00:00","twitter:card":"summary","twitter:title":"Nota sobre o acordo negociado entre o governo do Estado e estudantes que ocuparam a AL | Arquivo","twitter:image":"https:\/\/www.jornalja.com.br\/economics\/wp-content\/uploads\/sites\/11\/2026\/08\/ja-folhaderosto-facebook.jpg"},"aioseo_meta_data":{"post_id":"35182","title":null,"description":null,"keywords":null,"keyphrases":null,"primary_term":null,"canonical_url":null,"og_title":null,"og_description":null,"og_object_type":"default","og_image_type":"default","og_image_url":null,"og_image_width":null,"og_image_height":null,"og_image_custom_url":null,"og_image_custom_fields":null,"og_video":null,"og_custom_url":null,"og_article_section":null,"og_article_tags":null,"twitter_use_og":false,"twitter_card":"default","twitter_image_type":"default","twitter_image_url":null,"twitter_image_custom_url":null,"twitter_image_custom_fields":null,"twitter_title":null,"twitter_description":null,"schema":{"blockGraphs":[],"customGraphs":[],"default":{"data":{"Article":[],"Course":[],"Dataset":[],"FAQPage":[],"Movie":[],"Person":[],"Product":[],"ProductReview":[],"Car":[],"Recipe":[],"Service":[],"SoftwareApplication":[],"WebPage":[]},"graphName":"","isEnabled":true},"graphs":[]},"schema_type":null,"schema_type_options":null,"pillar_content":false,"robots_default":true,"robots_noindex":false,"robots_noarchive":false,"robots_nosnippet":false,"robots_nofollow":false,"robots_noimageindex":false,"robots_noodp":false,"robots_notranslate":false,"robots_max_snippet":null,"robots_max_videopreview":null,"robots_max_imagepreview":"large","priority":null,"frequency":null,"location":null,"local_seo":null,"breadcrumb_settings":null,"limit_modified_date":false,"ai":null,"created":"2020-12-20 20:54:54","updated":"2025-07-19 14:58:49","seo_analyzer_scan_date":null,"focus_keyword":null,"additional_keywords":null,"truseo_locale":null},"jetpack_sharing_enabled":true,"jetpack-related-posts":[{"id":13109,"url":"https:\/\/www.jornalja.com.br\/arquivo\/judiciario-reconhece-poluicao-eletromagnetica\/","url_meta":{"origin":35182,"position":0},"title":"Judici\u00e1rio reconhece polui\u00e7\u00e3o eletromagn\u00e9tica","author":"Patr\u00edcia Marini","date":"16 de maio de 2014","format":false,"excerpt":"A\u00e7\u00e3o de duas associa\u00e7\u00f5es de moradores foi acolhida pelo Tribunal de Justi\u00e7a de S\u00e3o Paulo que. em decis\u00e3o in\u00e9dita, determinou a redu\u00e7\u00e3o do campo eletromagn\u00e9tico gerado pelas linhas de transmiss\u00e3o de energia que cortam os bairros City Boa\u00e7ava e Alto de Pinheiros. \u00c9 a primeira vez que um tribunal do\u2026","rel":"","context":"Em &quot;X.Categorias velhas&quot;","block_context":{"text":"X.Categorias velhas","link":"https:\/\/www.jornalja.com.br\/arquivo\/category\/x-categorias-velhas\/"},"img":{"alt_text":"","src":"","width":0,"height":0},"classes":[]},{"id":5440,"url":"https:\/\/www.jornalja.com.br\/arquivo\/casarao-da-venancio-destino-permanece-incerto\/","url_meta":{"origin":35182,"position":1},"title":"Estado ainda n\u00e3o sabe o que fazer com casar\u00e3o abandonado h\u00e1 20 anos","author":"Elmar Bones","date":"6 de julho de 2009","format":false,"excerpt":"O casar\u00e3o amarelo, numa esquina nobre de Porto Alegre (Ven\u00e2ncio Aires com Jo\u00e3o Pessoa), j\u00e1 abrigou uma escola. H\u00e1 duas d\u00e9cadas, pelo menos, est\u00e1 abandonado, porque seu propriet\u00e1rio, o governo do Estado do Rio Grande do Sul, n\u00e3o consegue achar um destino para ele. Planos n\u00e3o faltaram. O governador Ol\u00edvio\u2026","rel":"","context":"Em &quot;X.Categorias velhas&quot;","block_context":{"text":"X.Categorias velhas","link":"https:\/\/www.jornalja.com.br\/arquivo\/category\/x-categorias-velhas\/"},"img":{"alt_text":"geraldo1","src":"https:\/\/i0.wp.com\/www.jornalja.com.br\/wp-content\/uploads\/2009\/07\/geraldo1.jpg?resize=350%2C200&ssl=1","width":350,"height":200},"classes":[]},{"id":13124,"url":"https:\/\/www.jornalja.com.br\/arquivo\/sangue-latino-no-iecine\/","url_meta":{"origin":35182,"position":2},"title":"Sangue latino no IECINE","author":"da Reda\u00e7\u00e3o","date":"18 de maio de 2014","format":false,"excerpt":"Francisco Ribeiro O Instituto Estadual de Cinema (IECINE) tem a frente, desde abril \u00faltimo, um novo diretor, o cineasta colombiano Juan Zapata, 36, que substitui Luiz Alberto Cassol. Radicado h\u00e1 dez anos em Porto Alegre, Zapata tem diante de si o desafio de conduzir at\u00e9 o final do ano um\u2026","rel":"","context":"Em &quot;Cultura-Geral&quot;","block_context":{"text":"Cultura-Geral","link":"https:\/\/www.jornalja.com.br\/arquivo\/category\/materiasecundaria\/"},"img":{"alt_text":"","src":"","width":0,"height":0},"classes":[]},{"id":13101,"url":"https:\/\/www.jornalja.com.br\/arquivo\/morre-um-guerreiro-do-texto\/","url_meta":{"origin":35182,"position":3},"title":"Morre um guerreiro do texto","author":"Patr\u00edcia Marini","date":"14 de maio de 2014","format":false,"excerpt":"Por Ricardo Kotscho Reproduzido do blog do autor, 11\/5\/2014; t\u00edtulo original \u201cE l\u00e1 se foi o nosso Myltainho, guerreiro do texto\u201d. Mi\u00fado e franzino, meu amigo Myltainho era um valente e inconformado guerreiro na luta contra as injusti\u00e7as sociais, a hipocrisia, as maracutaias, o autoritarismo, a intoler\u00e2ncia, a viol\u00eancia, o\u2026","rel":"","context":"Em &quot;Geral&quot;","block_context":{"text":"Geral","link":"https:\/\/www.jornalja.com.br\/arquivo\/category\/geral\/"},"img":{"alt_text":"","src":"","width":0,"height":0},"classes":[]},{"id":12960,"url":"https:\/\/www.jornalja.com.br\/arquivo\/populacao-culpa-empresas-pela-greve-dos-rodoviarios\/","url_meta":{"origin":35182,"position":4},"title":"Popula\u00e7\u00e3o culpa empresas pela greve","author":"Patr\u00edcia Marini","date":"14 de fevereiro de 2014","format":false,"excerpt":"Pesquisa divulgada na edi\u00e7\u00e3o do jornal Metro desta sexta-feira,14, comprova o velho ditado: \u00e9 poss\u00edvel enganar muitos por algum tempo, mas n\u00e3o \u00e9 poss\u00edvel enganar a todos o tempo inteiro. A principal revela\u00e7\u00e3o foi que 59,8% dos entrevistados apontaram as empresas como as principais respons\u00e1veis pela grave e 46% culparam\u2026","rel":"","context":"Em &quot;X.Categorias velhas&quot;","block_context":{"text":"X.Categorias velhas","link":"https:\/\/www.jornalja.com.br\/arquivo\/category\/x-categorias-velhas\/"},"img":{"alt_text":"","src":"","width":0,"height":0},"classes":[]},{"id":13240,"url":"https:\/\/www.jornalja.com.br\/arquivo\/plano-diretor-estamos-construindo-o-caos\/","url_meta":{"origin":35182,"position":5},"title":"Plano diretor: &quot;Estamos construindo o caos&quot;","author":"Patr\u00edcia Marini","date":"26 de maio de 2014","format":false,"excerpt":"Desabafo que arquiteta Eliana Castilhos, delegada da Regi\u00e3o de Planejamento 1, postou nas redes sociais \u00e9 um testemunho do ambiente que se criou no Conselho do Plano Diretor de Porto Alegre, onde a aprova\u00e7\u00e3o de grandes empreendimentos \u00e9 empurrada guela abaixo dos conselheiros. Ao CMDUA Como delegada da Regi\u00e3o de\u2026","rel":"","context":"Em &quot;Geral&quot;","block_context":{"text":"Geral","link":"https:\/\/www.jornalja.com.br\/arquivo\/category\/geral\/"},"img":{"alt_text":"","src":"","width":0,"height":0},"classes":[]}],"jetpack_shortlink":"https:\/\/wp.me\/pbQjBd-99s","jetpack_featured_media_url":"","_links":{"self":[{"href":"https:\/\/www.jornalja.com.br\/arquivo\/wp-json\/wp\/v2\/posts\/35182","targetHints":{"allow":["GET"]}}],"collection":[{"href":"https:\/\/www.jornalja.com.br\/arquivo\/wp-json\/wp\/v2\/posts"}],"about":[{"href":"https:\/\/www.jornalja.com.br\/arquivo\/wp-json\/wp\/v2\/types\/post"}],"author":[{"embeddable":true,"href":"https:\/\/www.jornalja.com.br\/arquivo\/wp-json\/wp\/v2\/users\/4"}],"replies":[{"embeddable":true,"href":"https:\/\/www.jornalja.com.br\/arquivo\/wp-json\/wp\/v2\/comments?post=35182"}],"version-history":[{"count":0,"href":"https:\/\/www.jornalja.com.br\/arquivo\/wp-json\/wp\/v2\/posts\/35182\/revisions"}],"wp:attachment":[{"href":"https:\/\/www.jornalja.com.br\/arquivo\/wp-json\/wp\/v2\/media?parent=35182"}],"wp:term":[{"taxonomy":"category","embeddable":true,"href":"https:\/\/www.jornalja.com.br\/arquivo\/wp-json\/wp\/v2\/categories?post=35182"},{"taxonomy":"post_tag","embeddable":true,"href":"https:\/\/www.jornalja.com.br\/arquivo\/wp-json\/wp\/v2\/tags?post=35182"}],"curies":[{"name":"wp","href":"https:\/\/api.w.org\/{rel}","templated":true}]}}