{"id":35423,"date":"2016-06-24T13:10:51","date_gmt":"2016-06-24T16:10:51","guid":{"rendered":"https:\/\/www.jornalja.com.br\/?p=35423"},"modified":"2016-06-24T13:10:51","modified_gmt":"2016-06-24T16:10:51","slug":"manifesto-pela-democracia-de-professores-do-instituto-de-letras-da-ufrgs","status":"publish","type":"post","link":"https:\/\/www.jornalja.com.br\/arquivo\/manifesto-pela-democracia-de-professores-do-instituto-de-letras-da-ufrgs\/","title":{"rendered":"Manifesto pela Democracia de Professores do Instituto de Letras da UFRGS"},"content":{"rendered":"<p>&#8220;Pon\u00eda el dedo en una llaga que demasiados deseaban disfrazar de cicatriz&#8221;.<br \/>\nAriel Dorfman, La muerte y la doncella<br \/>\nO vigor de uma sociedade democr\u00e1tica est\u00e1 refletido na integridade de<br \/>\nsuas institui\u00e7\u00f5es. A Universidade, institui\u00e7\u00e3o vocacionada para o exerc\u00edcio da<br \/>\nraz\u00e3o, n\u00e3o poderia abandon\u00e1-la neste momento por que passa nossa fr\u00e1gil<br \/>\ndemocracia. O motivo \u00e9 simples: n\u00e3o h\u00e1 conhecimento fora da raz\u00e3o. E como<br \/>\nn\u00e3o h\u00e1 consci\u00eancia fora do conhecimento, nem liberdade sem consci\u00eancia, o<br \/>\nabandono da raz\u00e3o, tal como nos \u00e9 solicitado por um governo que insta seu<br \/>\npovo a trabalhar sem pensar, nada mais \u00e9 que a ren\u00fancia \u00e0 liberdade. A<br \/>\nUniversidade que abrir m\u00e3o da raz\u00e3o, da consci\u00eancia e da liberdade ter\u00e1 se<br \/>\nconvertido em algo distinto de si mesma. Ter\u00e1 perdido a identidade.<br \/>\nUma das marcas caracter\u00edsticas dos regimes autorit\u00e1rios \u00e9 a dissolu\u00e7\u00e3o<br \/>\nde identidades. Essa dissolu\u00e7\u00e3o est\u00e1 a servi\u00e7o de outra igualmente perversa: a<br \/>\ndissolu\u00e7\u00e3o da percep\u00e7\u00e3o das diferen\u00e7as. Os incont\u00e1veis gestos pol\u00edticos do atual<br \/>\ngoverno no sentido de eliminar uma s\u00e9rie de programas destinados a diminuir<br \/>\ndesigualdades sociais s\u00e3o a express\u00e3o manifesta de uma vis\u00e3o autorit\u00e1ria e<br \/>\nexcludente, segundo a qual vivemos todos sob as mesmas condi\u00e7\u00f5es. N\u00e3o<br \/>\nvivemos. As condi\u00e7\u00f5es de vida do oper\u00e1rio que recebe vale-refei\u00e7\u00e3o ou do<br \/>\nprofessor que recebe o piso nacional n\u00e3o s\u00e3o iguais \u00e0s de um banqueiro a quem<br \/>\no Estado paga juros sobre juros, nem \u00e0s do juiz que recebe aux\u00edlio-moradia do<br \/>\nmesmo Estado \u2013 que deveria proteger os vulner\u00e1veis. Um Governo que ignora<br \/>\nessas diferen\u00e7as e as prioridades correspondentes, tratando a todos de igual<br \/>\nforma, n\u00e3o governa para o bem-estar social.<br \/>\nNeste momento da vida brasileira, em que o comando da na\u00e7\u00e3o foi<br \/>\ntomado de assalto por um grupo ativamente empenhado na promo\u00e7\u00e3o de um<br \/>\nretrocesso sem precedentes desde o restabelecimento de nossa democracia, n\u00f3s,<br \/>\nprofessores do Instituto de Letras da Universidade Federal do Rio Grande do<br \/>\nSul abaixo assinados, desejamos tornar p\u00fablico nosso mais absoluto rep\u00fadio ao<br \/>\ngoverno provis\u00f3rio, que se instalou a partir da derrubada de uma Presidenta<br \/>\ndemocraticamente eleita pelo voto popular.<br \/>\nA Universidade, ambiente sens\u00edvel \u00e0 rarefa\u00e7\u00e3o das condi\u00e7\u00f5es materiais e<br \/>\nmorais para a experi\u00eancia da raz\u00e3o, e de tudo que dela decorre como produto<br \/>\nsocial, n\u00e3o pode e n\u00e3o deve se calar diante de um governo que, por tudo a que<br \/>\ntemos assistido, \u00e9 o resultado de uma conspira\u00e7\u00e3o destinada a salvaguardar<br \/>\ninteresses particulares, que nada t\u00eam a ver com aqueles que devem nortear os<br \/>\nrumos da na\u00e7\u00e3o brasileira. O sil\u00eancio da Universidade seria a ren\u00fancia a sua<br \/>\nidentidade humanista, amparada no exerc\u00edcio da consci\u00eancia e da cidadania e<br \/>\ncomprometida com a defesa da pluralidade e da diversidade.<br \/>\nCiente, e temeroso, do papel da Universidade, o governo provis\u00f3rio n\u00e3o<br \/>\ntem poupado esfor\u00e7os no sentido de atacar os avan\u00e7os capitaneados pelo<br \/>\nambiente acad\u00eamico na esfera da a\u00e7\u00e3o social. Naquilo que afeta de modo mais<br \/>\nexpressivo a sensibilidade daqueles que atuam na \u00e1rea de Letras, as extin\u00e7\u00f5es<br \/>\ndos Minist\u00e9rios da Cultura e da Ci\u00eancia, Tecnologia e Inova\u00e7\u00e3o s\u00e3o as facetas<br \/>\nmais evidentes de um projeto comprometido com o aniquilamento da ci\u00eancia e<br \/>\nda cultura em suas acep\u00e7\u00f5es mais amplas. Vale mencionar ainda o<br \/>\ndesmantelamento de importantes iniciativas do governo anterior, como a ampla<br \/>\ndiscuss\u00e3o com professores e pesquisadores em Educa\u00e7\u00e3o sobre a Base Nacional<br \/>\nComum Curricular, articula\u00e7\u00e3o fundamental entre governo e universidades na<br \/>\nbusca da excel\u00eancia de ensino no Pa\u00eds. Outra frente comprometida com o atraso<br \/>\ntem sido a base parlamentar de apoio ao governo provis\u00f3rio, respons\u00e1vel pela<br \/>\nsubmiss\u00e3o de um conjunto de projetos de lei que ferem brutalmente a liberdade<br \/>\nde c\u00e1tedra, numa evidente tentativa de tornar a escola e a academia espa\u00e7os de<br \/>\nreprodu\u00e7\u00e3o mec\u00e2nica de conte\u00fados, incapazes de promover a forma\u00e7\u00e3o de<br \/>\ncidad\u00e3os verdadeiramente inteligentes e cr\u00edticos, t\u00e3o inconvenientes aos<br \/>\nregimes autorit\u00e1rios, como o que ora se instala de modo ileg\u00edtimo na dire\u00e7\u00e3o do<br \/>\nPa\u00eds.<br \/>\nNa vis\u00e3o dos professores que subscrevem este documento, o cen\u00e1rio<br \/>\napenas esbo\u00e7ado neste manifesto \u00e9 preocupante. Estamos vivendo um<br \/>\nmomento crucial para a manuten\u00e7\u00e3o da democracia no Brasil, em que \u00e9<br \/>\nnecess\u00e1rio refletir sobre os rumos que a na\u00e7\u00e3o come\u00e7ou a tomar a partir de uma<br \/>\nruptura injustific\u00e1vel. As consequ\u00eancias do sil\u00eancio e da ina\u00e7\u00e3o, neste momento,<br \/>\npodem custar caro \u00e0 nossa democracia, que, apesar de suas fragilidades<br \/>\nineg\u00e1veis, vinha se consolidando como um espa\u00e7o para o jogo negociado de<br \/>\ninteresses dos atores que comp\u00f5em a sociedade brasileira.<br \/>\nA deposi\u00e7\u00e3o de uma Presidenta eleita, com base em um argumento<br \/>\njur\u00eddico especioso, falacioso, capaz de incriminar a maior parte de nossos<br \/>\ngestores p\u00fablicos, o subsequente desmonte de todas as pol\u00edticas sociais de<br \/>\natendimento \u00e0s camadas menos favorecidas e as decis\u00f5es que visaram \u00e0<br \/>\ndesarticula\u00e7\u00e3o de a\u00e7\u00f5es de governo no campo da educa\u00e7\u00e3o, ci\u00eancia e cultura,<br \/>\nimportantes para toda a sociedade, n\u00e3o deixam d\u00favida: o impeachment da<br \/>\nPresidenta Dilma Rousseff constituiu rompimento inaceit\u00e1vel, que urge<br \/>\ndesfazermos, sob pena de permitirmos a perpetua\u00e7\u00e3o de um governo que, tanto<br \/>\npelo m\u00e9todo de ascens\u00e3o quanto pelo ide\u00e1rio manifesto por suas a\u00e7\u00f5es, j\u00e1<br \/>\ntornou evidente seu descompromisso com o bem-estar social, com a soberania<br \/>\nnacional e com a democracia.<br \/>\nAssinam este documento:<br \/>\nAna Tettamanzy, Anamaria Welp, Ana Zandwais, Antonio Barros de Brito<br \/>\nFilho, Antonio Marcos Vieira Sanseverino, Arcanjo Pedro Briggmann, Beatriz<br \/>\nGil, Carlos Augusto Bonif\u00e1cio Leite, Carmem Luci da Costa Silva, Claudia<br \/>\nLuiza Caimi, Cleci Regina Bevilacqua, Cl\u00e9o V. Altenhofen, Denise Regina de<br \/>\nSales, Erica Foerthmann Schultz, Eunice Polonia, Gabriela Bulla, Gabriel de<br \/>\n\u00c1vila Othero, Gerson Neumann, Ginia Maria de Oliveira Gomes, Homero<br \/>\nVizeu Ara\u00fajo, Ian Alexander, Ingrid Nancy Sturm, Jos\u00e9 Carlos Baracat J\u00fanior,<br \/>\nKarina Lucena, Leonardo Antunes, Liliam Ramos da Silva, L\u00facia Rottava,<br \/>\nLuciene Sim\u00f5es, Luisandro Mendes de Souza, Lu\u00eds Augusto Fischer, Lu\u00edza<br \/>\nMilano, M\u00e1rcia Montenegro Velho, Marcos Goldnadel, Maria Alice Kauer,<br \/>\nMaria Cristina Leandro Ferreira, Marta Ramos Oliveira, Natalia Labella,<br \/>\nPatr\u00edcia Chittoni Ramos Reuillard, Paulo Coimbra, Guedes, Rafael Brunhara,<br \/>\nRita Teresinha Schmidt, Robert Ponge, Rosa Maria de Oliveira Gra\u00e7a, Rita<br \/>\nLenira de Freitas Bittencourt, Sandra Logu\u00e9rcio, Sandro Rodrigues da Fonseca,<br \/>\nSergio de Moura Menuzzi, Tanira Castro, Ubirat\u00e3 Kickh\u00f6fel Alves, Valdir<br \/>\nFlores.<\/p>\n","protected":false},"excerpt":{"rendered":"<p>&#8220;Pon\u00eda el dedo en una llaga que demasiados deseaban disfrazar de cicatriz&#8221;. Ariel Dorfman, La muerte y la doncella O vigor de uma sociedade democr\u00e1tica est\u00e1 refletido na integridade de suas institui\u00e7\u00f5es. A Universidade, institui\u00e7\u00e3o vocacionada para o exerc\u00edcio da raz\u00e3o, n\u00e3o poderia abandon\u00e1-la neste momento por que passa nossa fr\u00e1gil democracia. O motivo \u00e9 [&hellip;]<\/p>\n","protected":false},"author":4,"featured_media":0,"comment_status":"open","ping_status":"closed","sticky":false,"template":"","format":"standard","meta":{"_jetpack_newsletter_access":"","_jetpack_dont_email_post_to_subs":false,"_jetpack_newsletter_tier_id":0,"_jetpack_memberships_contains_paywalled_content":false,"_jetpack_feature_clip_id":0,"_jetpack_memberships_contains_paid_content":false,"footnotes":"","jetpack_post_was_ever_published":false},"categories":[2013,2012],"tags":[],"class_list":["post-35423","post","type-post","status-publish","format-standard","hentry","category-cdd-mural","category-debates"],"aioseo_notices":[],"aioseo_head":"\n\t\t<!-- All in One SEO 5.0.1.1 - aioseo.com -->\n\t<meta name=\"robots\" content=\"max-image-preview:large\" \/>\n\t<meta name=\"author\" content=\"da Reda\u00e7\u00e3o\"\/>\n\t<link rel=\"canonical\" href=\"https:\/\/www.jornalja.com.br\/arquivo\/manifesto-pela-democracia-de-professores-do-instituto-de-letras-da-ufrgs\/\" \/>\n\t<meta name=\"generator\" content=\"All in One SEO (AIOSEO) 5.0.1.1\" \/>\n\t\t<meta property=\"og:locale\" content=\"pt_BR\" \/>\n\t\t<meta property=\"og:site_name\" content=\"Arquivo | Jornal J\u00c1 | Porto Alegre\" \/>\n\t\t<meta property=\"og:type\" content=\"article\" \/>\n\t\t<meta property=\"og:title\" content=\"Manifesto pela Democracia de Professores do Instituto de Letras da UFRGS | Arquivo\" \/>\n\t\t<meta property=\"og:url\" content=\"https:\/\/www.jornalja.com.br\/arquivo\/manifesto-pela-democracia-de-professores-do-instituto-de-letras-da-ufrgs\/\" \/>\n\t\t<meta property=\"og:image\" content=\"https:\/\/www.jornalja.com.br\/economics\/wp-content\/uploads\/sites\/11\/2026\/08\/ja-folhaderosto-facebook.jpg\" \/>\n\t\t<meta property=\"og:image:secure_url\" content=\"https:\/\/www.jornalja.com.br\/economics\/wp-content\/uploads\/sites\/11\/2026\/08\/ja-folhaderosto-facebook.jpg\" \/>\n\t\t<meta property=\"article:published_time\" content=\"2016-06-24T16:10:51+00:00\" \/>\n\t\t<meta property=\"article:modified_time\" content=\"2016-06-24T16:10:51+00:00\" \/>\n\t\t<meta name=\"twitter:card\" content=\"summary\" \/>\n\t\t<meta name=\"twitter:title\" content=\"Manifesto pela Democracia de Professores do Instituto de Letras da UFRGS | Arquivo\" \/>\n\t\t<meta name=\"twitter:image\" content=\"https:\/\/www.jornalja.com.br\/economics\/wp-content\/uploads\/sites\/11\/2026\/08\/ja-folhaderosto-facebook.jpg\" \/>\n\t\t<script type=\"application\/ld+json\" class=\"aioseo-schema\">\n\t\t\t{\"@context\":\"https:\\\/\\\/schema.org\",\"@graph\":[{\"@type\":\"BlogPosting\",\"@id\":\"https:\\\/\\\/www.jornalja.com.br\\\/arquivo\\\/manifesto-pela-democracia-de-professores-do-instituto-de-letras-da-ufrgs\\\/#blogposting\",\"name\":\"Manifesto pela Democracia de Professores do Instituto de Letras da UFRGS | Arquivo\",\"headline\":\"Manifesto pela Democracia de Professores do Instituto de Letras da UFRGS\",\"author\":{\"@id\":\"https:\\\/\\\/www.jornalja.com.br\\\/arquivo\\\/author\\\/daredacao\\\/#author\"},\"publisher\":{\"@id\":\"https:\\\/\\\/www.jornalja.com.br\\\/arquivo\\\/#organization\"},\"image\":{\"@type\":\"ImageObject\",\"url\":\"https:\\\/\\\/www.jornalja.com.br\\\/wp-content\\\/uploads\\\/cards\\\/JAslogan.png\",\"@id\":\"https:\\\/\\\/www.jornalja.com.br\\\/arquivo\\\/#articleImage\"},\"datePublished\":\"2016-06-24T13:10:51-03:00\",\"dateModified\":\"2016-06-24T13:10:51-03:00\",\"inLanguage\":\"pt-BR\",\"mainEntityOfPage\":{\"@id\":\"https:\\\/\\\/www.jornalja.com.br\\\/arquivo\\\/manifesto-pela-democracia-de-professores-do-instituto-de-letras-da-ufrgs\\\/#webpage\"},\"isPartOf\":{\"@id\":\"https:\\\/\\\/www.jornalja.com.br\\\/arquivo\\\/manifesto-pela-democracia-de-professores-do-instituto-de-letras-da-ufrgs\\\/#webpage\"},\"articleSection\":\"CDD-MURAL, HOTSITE Comit\\u00ea pela Democracia\"},{\"@type\":\"BreadcrumbList\",\"@id\":\"https:\\\/\\\/www.jornalja.com.br\\\/arquivo\\\/manifesto-pela-democracia-de-professores-do-instituto-de-letras-da-ufrgs\\\/#breadcrumblist\",\"itemListElement\":[{\"@type\":\"ListItem\",\"@id\":\"https:\\\/\\\/www.jornalja.com.br\\\/arquivo#listItem\",\"position\":1,\"name\":\"Home\",\"item\":\"https:\\\/\\\/www.jornalja.com.br\\\/arquivo\",\"nextItem\":{\"@type\":\"ListItem\",\"@id\":\"https:\\\/\\\/www.jornalja.com.br\\\/arquivo\\\/category\\\/debates\\\/#listItem\",\"name\":\"HOTSITE Comit\\u00ea pela Democracia\"}},{\"@type\":\"ListItem\",\"@id\":\"https:\\\/\\\/www.jornalja.com.br\\\/arquivo\\\/category\\\/debates\\\/#listItem\",\"position\":2,\"name\":\"HOTSITE Comit\\u00ea pela Democracia\",\"item\":\"https:\\\/\\\/www.jornalja.com.br\\\/arquivo\\\/category\\\/debates\\\/\",\"nextItem\":{\"@type\":\"ListItem\",\"@id\":\"https:\\\/\\\/www.jornalja.com.br\\\/arquivo\\\/manifesto-pela-democracia-de-professores-do-instituto-de-letras-da-ufrgs\\\/#listItem\",\"name\":\"Manifesto pela Democracia de Professores do Instituto de Letras da UFRGS\"},\"previousItem\":{\"@type\":\"ListItem\",\"@id\":\"https:\\\/\\\/www.jornalja.com.br\\\/arquivo#listItem\",\"name\":\"Home\"}},{\"@type\":\"ListItem\",\"@id\":\"https:\\\/\\\/www.jornalja.com.br\\\/arquivo\\\/manifesto-pela-democracia-de-professores-do-instituto-de-letras-da-ufrgs\\\/#listItem\",\"position\":3,\"name\":\"Manifesto pela Democracia de Professores do Instituto de Letras da UFRGS\",\"previousItem\":{\"@type\":\"ListItem\",\"@id\":\"https:\\\/\\\/www.jornalja.com.br\\\/arquivo\\\/category\\\/debates\\\/#listItem\",\"name\":\"HOTSITE Comit\\u00ea pela Democracia\"}}]},{\"@type\":\"Organization\",\"@id\":\"https:\\\/\\\/www.jornalja.com.br\\\/arquivo\\\/#organization\",\"name\":\"Jornal J\\u00c1\",\"description\":\"Jornal J\\u00c1 | Porto Alegre\",\"url\":\"https:\\\/\\\/www.jornalja.com.br\\\/arquivo\\\/\",\"telephone\":\"+555133307272\",\"logo\":{\"@type\":\"ImageObject\",\"url\":\"https:\\\/\\\/www.jornalja.com.br\\\/wp-content\\\/uploads\\\/cards\\\/JAslogan.png\",\"@id\":\"https:\\\/\\\/www.jornalja.com.br\\\/arquivo\\\/manifesto-pela-democracia-de-professores-do-instituto-de-letras-da-ufrgs\\\/#organizationLogo\"},\"image\":{\"@id\":\"https:\\\/\\\/www.jornalja.com.br\\\/arquivo\\\/manifesto-pela-democracia-de-professores-do-instituto-de-letras-da-ufrgs\\\/#organizationLogo\"}},{\"@type\":\"Person\",\"@id\":\"https:\\\/\\\/www.jornalja.com.br\\\/arquivo\\\/author\\\/daredacao\\\/#author\",\"url\":\"https:\\\/\\\/www.jornalja.com.br\\\/arquivo\\\/author\\\/daredacao\\\/\",\"name\":\"da Reda\\u00e7\\u00e3o\",\"image\":{\"@type\":\"ImageObject\",\"@id\":\"https:\\\/\\\/www.jornalja.com.br\\\/arquivo\\\/manifesto-pela-democracia-de-professores-do-instituto-de-letras-da-ufrgs\\\/#authorImage\",\"url\":\"https:\\\/\\\/secure.gravatar.com\\\/avatar\\\/469fd857d6605ad19919d27ed29d35a968a25f6e8fd9318356bbb7f57aae9c65?s=96&d=mm&r=g\",\"width\":96,\"height\":96,\"caption\":\"da Reda\\u00e7\\u00e3o\"}},{\"@type\":\"WebPage\",\"@id\":\"https:\\\/\\\/www.jornalja.com.br\\\/arquivo\\\/manifesto-pela-democracia-de-professores-do-instituto-de-letras-da-ufrgs\\\/#webpage\",\"url\":\"https:\\\/\\\/www.jornalja.com.br\\\/arquivo\\\/manifesto-pela-democracia-de-professores-do-instituto-de-letras-da-ufrgs\\\/\",\"name\":\"Manifesto pela Democracia de Professores do Instituto de Letras da UFRGS | Arquivo\",\"inLanguage\":\"pt-BR\",\"isPartOf\":{\"@id\":\"https:\\\/\\\/www.jornalja.com.br\\\/arquivo\\\/#website\"},\"breadcrumb\":{\"@id\":\"https:\\\/\\\/www.jornalja.com.br\\\/arquivo\\\/manifesto-pela-democracia-de-professores-do-instituto-de-letras-da-ufrgs\\\/#breadcrumblist\"},\"author\":{\"@id\":\"https:\\\/\\\/www.jornalja.com.br\\\/arquivo\\\/author\\\/daredacao\\\/#author\"},\"creator\":{\"@id\":\"https:\\\/\\\/www.jornalja.com.br\\\/arquivo\\\/author\\\/daredacao\\\/#author\"},\"datePublished\":\"2016-06-24T13:10:51-03:00\",\"dateModified\":\"2016-06-24T13:10:51-03:00\"},{\"@type\":\"WebSite\",\"@id\":\"https:\\\/\\\/www.jornalja.com.br\\\/arquivo\\\/#website\",\"url\":\"https:\\\/\\\/www.jornalja.com.br\\\/arquivo\\\/\",\"name\":\"Arquivo\",\"description\":\"Jornal J\\u00c1 | Porto Alegre\",\"inLanguage\":\"pt-BR\",\"publisher\":{\"@id\":\"https:\\\/\\\/www.jornalja.com.br\\\/arquivo\\\/#organization\"}}]}\n\t\t<\/script>\n\t\t<!-- All in One SEO -->\n\n","aioseo_head_json":{"title":"Manifesto pela Democracia de Professores do Instituto de Letras da UFRGS | Arquivo","description":"","canonical_url":"https:\/\/www.jornalja.com.br\/arquivo\/manifesto-pela-democracia-de-professores-do-instituto-de-letras-da-ufrgs\/","robots":"max-image-preview:large","keywords":"","webmasterTools":{"miscellaneous":""},"schema":{"@context":"https:\/\/schema.org","@graph":[{"@type":"BlogPosting","@id":"https:\/\/www.jornalja.com.br\/arquivo\/manifesto-pela-democracia-de-professores-do-instituto-de-letras-da-ufrgs\/#blogposting","name":"Manifesto pela Democracia de Professores do Instituto de Letras da UFRGS | Arquivo","headline":"Manifesto pela Democracia de Professores do Instituto de Letras da UFRGS","author":{"@id":"https:\/\/www.jornalja.com.br\/arquivo\/author\/daredacao\/#author"},"publisher":{"@id":"https:\/\/www.jornalja.com.br\/arquivo\/#organization"},"image":{"@type":"ImageObject","url":"https:\/\/www.jornalja.com.br\/wp-content\/uploads\/cards\/JAslogan.png","@id":"https:\/\/www.jornalja.com.br\/arquivo\/#articleImage"},"datePublished":"2016-06-24T13:10:51-03:00","dateModified":"2016-06-24T13:10:51-03:00","inLanguage":"pt-BR","mainEntityOfPage":{"@id":"https:\/\/www.jornalja.com.br\/arquivo\/manifesto-pela-democracia-de-professores-do-instituto-de-letras-da-ufrgs\/#webpage"},"isPartOf":{"@id":"https:\/\/www.jornalja.com.br\/arquivo\/manifesto-pela-democracia-de-professores-do-instituto-de-letras-da-ufrgs\/#webpage"},"articleSection":"CDD-MURAL, HOTSITE Comit\u00ea pela Democracia"},{"@type":"BreadcrumbList","@id":"https:\/\/www.jornalja.com.br\/arquivo\/manifesto-pela-democracia-de-professores-do-instituto-de-letras-da-ufrgs\/#breadcrumblist","itemListElement":[{"@type":"ListItem","@id":"https:\/\/www.jornalja.com.br\/arquivo#listItem","position":1,"name":"Home","item":"https:\/\/www.jornalja.com.br\/arquivo","nextItem":{"@type":"ListItem","@id":"https:\/\/www.jornalja.com.br\/arquivo\/category\/debates\/#listItem","name":"HOTSITE Comit\u00ea pela Democracia"}},{"@type":"ListItem","@id":"https:\/\/www.jornalja.com.br\/arquivo\/category\/debates\/#listItem","position":2,"name":"HOTSITE Comit\u00ea pela Democracia","item":"https:\/\/www.jornalja.com.br\/arquivo\/category\/debates\/","nextItem":{"@type":"ListItem","@id":"https:\/\/www.jornalja.com.br\/arquivo\/manifesto-pela-democracia-de-professores-do-instituto-de-letras-da-ufrgs\/#listItem","name":"Manifesto pela Democracia de Professores do Instituto de Letras da UFRGS"},"previousItem":{"@type":"ListItem","@id":"https:\/\/www.jornalja.com.br\/arquivo#listItem","name":"Home"}},{"@type":"ListItem","@id":"https:\/\/www.jornalja.com.br\/arquivo\/manifesto-pela-democracia-de-professores-do-instituto-de-letras-da-ufrgs\/#listItem","position":3,"name":"Manifesto pela Democracia de Professores do Instituto de Letras da UFRGS","previousItem":{"@type":"ListItem","@id":"https:\/\/www.jornalja.com.br\/arquivo\/category\/debates\/#listItem","name":"HOTSITE Comit\u00ea pela Democracia"}}]},{"@type":"Organization","@id":"https:\/\/www.jornalja.com.br\/arquivo\/#organization","name":"Jornal J\u00c1","description":"Jornal J\u00c1 | Porto Alegre","url":"https:\/\/www.jornalja.com.br\/arquivo\/","telephone":"+555133307272","logo":{"@type":"ImageObject","url":"https:\/\/www.jornalja.com.br\/wp-content\/uploads\/cards\/JAslogan.png","@id":"https:\/\/www.jornalja.com.br\/arquivo\/manifesto-pela-democracia-de-professores-do-instituto-de-letras-da-ufrgs\/#organizationLogo"},"image":{"@id":"https:\/\/www.jornalja.com.br\/arquivo\/manifesto-pela-democracia-de-professores-do-instituto-de-letras-da-ufrgs\/#organizationLogo"}},{"@type":"Person","@id":"https:\/\/www.jornalja.com.br\/arquivo\/author\/daredacao\/#author","url":"https:\/\/www.jornalja.com.br\/arquivo\/author\/daredacao\/","name":"da Reda\u00e7\u00e3o","image":{"@type":"ImageObject","@id":"https:\/\/www.jornalja.com.br\/arquivo\/manifesto-pela-democracia-de-professores-do-instituto-de-letras-da-ufrgs\/#authorImage","url":"https:\/\/secure.gravatar.com\/avatar\/469fd857d6605ad19919d27ed29d35a968a25f6e8fd9318356bbb7f57aae9c65?s=96&d=mm&r=g","width":96,"height":96,"caption":"da Reda\u00e7\u00e3o"}},{"@type":"WebPage","@id":"https:\/\/www.jornalja.com.br\/arquivo\/manifesto-pela-democracia-de-professores-do-instituto-de-letras-da-ufrgs\/#webpage","url":"https:\/\/www.jornalja.com.br\/arquivo\/manifesto-pela-democracia-de-professores-do-instituto-de-letras-da-ufrgs\/","name":"Manifesto pela Democracia de Professores do Instituto de Letras da UFRGS | Arquivo","inLanguage":"pt-BR","isPartOf":{"@id":"https:\/\/www.jornalja.com.br\/arquivo\/#website"},"breadcrumb":{"@id":"https:\/\/www.jornalja.com.br\/arquivo\/manifesto-pela-democracia-de-professores-do-instituto-de-letras-da-ufrgs\/#breadcrumblist"},"author":{"@id":"https:\/\/www.jornalja.com.br\/arquivo\/author\/daredacao\/#author"},"creator":{"@id":"https:\/\/www.jornalja.com.br\/arquivo\/author\/daredacao\/#author"},"datePublished":"2016-06-24T13:10:51-03:00","dateModified":"2016-06-24T13:10:51-03:00"},{"@type":"WebSite","@id":"https:\/\/www.jornalja.com.br\/arquivo\/#website","url":"https:\/\/www.jornalja.com.br\/arquivo\/","name":"Arquivo","description":"Jornal J\u00c1 | Porto Alegre","inLanguage":"pt-BR","publisher":{"@id":"https:\/\/www.jornalja.com.br\/arquivo\/#organization"}}]},"og:locale":"pt_BR","og:site_name":"Arquivo | Jornal J\u00c1 | Porto Alegre","og:type":"article","og:title":"Manifesto pela Democracia de Professores do Instituto de Letras da UFRGS | Arquivo","og:url":"https:\/\/www.jornalja.com.br\/arquivo\/manifesto-pela-democracia-de-professores-do-instituto-de-letras-da-ufrgs\/","og:image":"https:\/\/www.jornalja.com.br\/economics\/wp-content\/uploads\/sites\/11\/2026\/08\/ja-folhaderosto-facebook.jpg","og:image:secure_url":"https:\/\/www.jornalja.com.br\/economics\/wp-content\/uploads\/sites\/11\/2026\/08\/ja-folhaderosto-facebook.jpg","article:published_time":"2016-06-24T16:10:51+00:00","article:modified_time":"2016-06-24T16:10:51+00:00","twitter:card":"summary","twitter:title":"Manifesto pela Democracia de Professores do Instituto de Letras da UFRGS | Arquivo","twitter:image":"https:\/\/www.jornalja.com.br\/economics\/wp-content\/uploads\/sites\/11\/2026\/08\/ja-folhaderosto-facebook.jpg"},"aioseo_meta_data":{"post_id":"35423","title":null,"description":null,"keywords":null,"keyphrases":null,"primary_term":null,"canonical_url":null,"og_title":null,"og_description":null,"og_object_type":"default","og_image_type":"default","og_image_url":null,"og_image_width":null,"og_image_height":null,"og_image_custom_url":null,"og_image_custom_fields":null,"og_video":null,"og_custom_url":null,"og_article_section":null,"og_article_tags":null,"twitter_use_og":false,"twitter_card":"default","twitter_image_type":"default","twitter_image_url":null,"twitter_image_custom_url":null,"twitter_image_custom_fields":null,"twitter_title":null,"twitter_description":null,"schema":{"blockGraphs":[],"customGraphs":[],"default":{"data":{"Article":[],"Course":[],"Dataset":[],"FAQPage":[],"Movie":[],"Person":[],"Product":[],"ProductReview":[],"Car":[],"Recipe":[],"Service":[],"SoftwareApplication":[],"WebPage":[]},"graphName":"","isEnabled":true},"graphs":[],"defaultGraph":"","defaultPostTypeGraph":""},"schema_type":null,"schema_type_options":null,"pillar_content":false,"robots_default":true,"robots_noindex":false,"robots_noarchive":false,"robots_nosnippet":false,"robots_nofollow":false,"robots_noimageindex":false,"robots_noodp":false,"robots_notranslate":false,"robots_max_snippet":null,"robots_max_videopreview":null,"robots_max_imagepreview":"large","priority":null,"frequency":null,"location":null,"local_seo":null,"breadcrumb_settings":null,"limit_modified_date":false,"ai":null,"created":"2020-12-20 20:54:54","updated":"2025-07-19 15:00:23","seo_analyzer_scan_date":null,"focus_keyword":null,"additional_keywords":null,"truseo_locale":null},"jetpack_sharing_enabled":true,"jetpack-related-posts":[{"id":5440,"url":"https:\/\/www.jornalja.com.br\/arquivo\/casarao-da-venancio-destino-permanece-incerto\/","url_meta":{"origin":35423,"position":0},"title":"Estado ainda n\u00e3o sabe o que fazer com casar\u00e3o abandonado h\u00e1 20 anos","author":"Elmar Bones","date":"6 de julho de 2009","format":false,"excerpt":"O casar\u00e3o amarelo, numa esquina nobre de Porto Alegre (Ven\u00e2ncio Aires com Jo\u00e3o Pessoa), j\u00e1 abrigou uma escola. H\u00e1 duas d\u00e9cadas, pelo menos, est\u00e1 abandonado, porque seu propriet\u00e1rio, o governo do Estado do Rio Grande do Sul, n\u00e3o consegue achar um destino para ele. Planos n\u00e3o faltaram. O governador Ol\u00edvio\u2026","rel":"","context":"Em &quot;X.Categorias velhas&quot;","block_context":{"text":"X.Categorias velhas","link":"https:\/\/www.jornalja.com.br\/arquivo\/category\/x-categorias-velhas\/"},"img":{"alt_text":"geraldo1","src":"https:\/\/i0.wp.com\/www.jornalja.com.br\/wp-content\/uploads\/2009\/07\/geraldo1.jpg?resize=350%2C200&ssl=1","width":350,"height":200},"classes":[]},{"id":13240,"url":"https:\/\/www.jornalja.com.br\/arquivo\/plano-diretor-estamos-construindo-o-caos\/","url_meta":{"origin":35423,"position":1},"title":"Plano diretor: &quot;Estamos construindo o caos&quot;","author":"Patr\u00edcia Marini","date":"26 de maio de 2014","format":false,"excerpt":"Desabafo que arquiteta Eliana Castilhos, delegada da Regi\u00e3o de Planejamento 1, postou nas redes sociais \u00e9 um testemunho do ambiente que se criou no Conselho do Plano Diretor de Porto Alegre, onde a aprova\u00e7\u00e3o de grandes empreendimentos \u00e9 empurrada guela abaixo dos conselheiros. Ao CMDUA Como delegada da Regi\u00e3o de\u2026","rel":"","context":"Em &quot;Geral&quot;","block_context":{"text":"Geral","link":"https:\/\/www.jornalja.com.br\/arquivo\/category\/geral\/"},"img":{"alt_text":"","src":"","width":0,"height":0},"classes":[]},{"id":13124,"url":"https:\/\/www.jornalja.com.br\/arquivo\/sangue-latino-no-iecine\/","url_meta":{"origin":35423,"position":2},"title":"Sangue latino no IECINE","author":"da Reda\u00e7\u00e3o","date":"18 de maio de 2014","format":false,"excerpt":"Francisco Ribeiro O Instituto Estadual de Cinema (IECINE) tem a frente, desde abril \u00faltimo, um novo diretor, o cineasta colombiano Juan Zapata, 36, que substitui Luiz Alberto Cassol. Radicado h\u00e1 dez anos em Porto Alegre, Zapata tem diante de si o desafio de conduzir at\u00e9 o final do ano um\u2026","rel":"","context":"Em &quot;Cultura-Geral&quot;","block_context":{"text":"Cultura-Geral","link":"https:\/\/www.jornalja.com.br\/arquivo\/category\/materiasecundaria\/"},"img":{"alt_text":"","src":"","width":0,"height":0},"classes":[]},{"id":13101,"url":"https:\/\/www.jornalja.com.br\/arquivo\/morre-um-guerreiro-do-texto\/","url_meta":{"origin":35423,"position":3},"title":"Morre um guerreiro do texto","author":"Patr\u00edcia Marini","date":"14 de maio de 2014","format":false,"excerpt":"Por Ricardo Kotscho Reproduzido do blog do autor, 11\/5\/2014; t\u00edtulo original \u201cE l\u00e1 se foi o nosso Myltainho, guerreiro do texto\u201d. Mi\u00fado e franzino, meu amigo Myltainho era um valente e inconformado guerreiro na luta contra as injusti\u00e7as sociais, a hipocrisia, as maracutaias, o autoritarismo, a intoler\u00e2ncia, a viol\u00eancia, o\u2026","rel":"","context":"Em &quot;Geral&quot;","block_context":{"text":"Geral","link":"https:\/\/www.jornalja.com.br\/arquivo\/category\/geral\/"},"img":{"alt_text":"","src":"","width":0,"height":0},"classes":[]},{"id":13239,"url":"https:\/\/www.jornalja.com.br\/arquivo\/conselho-desdenha-do-plano-diretor\/","url_meta":{"origin":35423,"position":4},"title":"Porto Alegre: Conselho detona Plano Diretor","author":"Patr\u00edcia Marini","date":"25 de maio de 2014","format":false,"excerpt":"Den\u00fancia do arquiteto e \u00a0urbanista Ibir\u00e1 Santos Lucas. Ele diz que os conselheiros est\u00e3o votando com \"enorme irresponsabilidade\". \"Mudam regime com a maior naturalidade,,,regularizam absurdos de constru\u00e7\u00f5es irregulares... \"O CMDUA est\u00e1 flexibilizando a lei do plano diretor, de uma forma impactante na vida da cidade. Mudam regime com a maior\u2026","rel":"","context":"Em &quot;Geral&quot;","block_context":{"text":"Geral","link":"https:\/\/www.jornalja.com.br\/arquivo\/category\/geral\/"},"img":{"alt_text":"","src":"","width":0,"height":0},"classes":[]},{"id":13109,"url":"https:\/\/www.jornalja.com.br\/arquivo\/judiciario-reconhece-poluicao-eletromagnetica\/","url_meta":{"origin":35423,"position":5},"title":"Judici\u00e1rio reconhece polui\u00e7\u00e3o eletromagn\u00e9tica","author":"Patr\u00edcia Marini","date":"16 de maio de 2014","format":false,"excerpt":"A\u00e7\u00e3o de duas associa\u00e7\u00f5es de moradores foi acolhida pelo Tribunal de Justi\u00e7a de S\u00e3o Paulo que. em decis\u00e3o in\u00e9dita, determinou a redu\u00e7\u00e3o do campo eletromagn\u00e9tico gerado pelas linhas de transmiss\u00e3o de energia que cortam os bairros City Boa\u00e7ava e Alto de Pinheiros. \u00c9 a primeira vez que um tribunal do\u2026","rel":"","context":"Em &quot;X.Categorias velhas&quot;","block_context":{"text":"X.Categorias velhas","link":"https:\/\/www.jornalja.com.br\/arquivo\/category\/x-categorias-velhas\/"},"img":{"alt_text":"","src":"","width":0,"height":0},"classes":[]}],"jetpack_shortlink":"https:\/\/wp.me\/pbQjBd-9dl","jetpack_featured_media_url":"","_links":{"self":[{"href":"https:\/\/www.jornalja.com.br\/arquivo\/wp-json\/wp\/v2\/posts\/35423","targetHints":{"allow":["GET"]}}],"collection":[{"href":"https:\/\/www.jornalja.com.br\/arquivo\/wp-json\/wp\/v2\/posts"}],"about":[{"href":"https:\/\/www.jornalja.com.br\/arquivo\/wp-json\/wp\/v2\/types\/post"}],"author":[{"embeddable":true,"href":"https:\/\/www.jornalja.com.br\/arquivo\/wp-json\/wp\/v2\/users\/4"}],"replies":[{"embeddable":true,"href":"https:\/\/www.jornalja.com.br\/arquivo\/wp-json\/wp\/v2\/comments?post=35423"}],"version-history":[{"count":0,"href":"https:\/\/www.jornalja.com.br\/arquivo\/wp-json\/wp\/v2\/posts\/35423\/revisions"}],"wp:attachment":[{"href":"https:\/\/www.jornalja.com.br\/arquivo\/wp-json\/wp\/v2\/media?parent=35423"}],"wp:term":[{"taxonomy":"category","embeddable":true,"href":"https:\/\/www.jornalja.com.br\/arquivo\/wp-json\/wp\/v2\/categories?post=35423"},{"taxonomy":"post_tag","embeddable":true,"href":"https:\/\/www.jornalja.com.br\/arquivo\/wp-json\/wp\/v2\/tags?post=35423"}],"curies":[{"name":"wp","href":"https:\/\/api.w.org\/{rel}","templated":true}]}}