{"id":35928,"date":"2016-07-05T14:10:10","date_gmt":"2016-07-05T17:10:10","guid":{"rendered":"https:\/\/www.jornalja.com.br\/?p=35928"},"modified":"2016-07-05T14:10:10","modified_gmt":"2016-07-05T17:10:10","slug":"procuradora-denuncia-estrategias-de-criminalizacao-de-movimentos-sociais-no-pais","status":"publish","type":"post","link":"https:\/\/www.jornalja.com.br\/arquivo\/procuradora-denuncia-estrategias-de-criminalizacao-de-movimentos-sociais-no-pais\/","title":{"rendered":"Procuradora denuncia estrat\u00e9gias de criminaliza\u00e7\u00e3o de movimentos sociais no pa\u00eds"},"content":{"rendered":"<p>Marco Weissheimer<br \/>\n(mat\u00e9ria originalmente publicada no site Sul21)<br \/>\nA subprocuradora-geral da Rep\u00fablica, Deborah Duprat, denunciou nesta segunda-feira (4), em Porto Alegre, que o Brasil est\u00e1 vivendo um cen\u00e1rio de crescente viol\u00eancia no campo e de criminaliza\u00e7\u00e3o de comunidades ind\u00edgenas, quilombolas, de militantes do Movimento de Trabalhadores Rurais Sem Terra (MST) e tamb\u00e9m de movimentos sociais urbanos. Segundo ela, uma das express\u00f5es institucionais deste processo de criminaliza\u00e7\u00e3o de movimentos sociais \u00e9 a CPI Funai-Incra, presidida pelo deputado Alceu Moreira (PMDB-RS), que j\u00e1 pediu o indiciamento de v\u00e1rias lideran\u00e7as desses movimentos. O objetivo dessa CPI, disse Duprat, n\u00e3o \u00e9 buscar a verdade ou reconhecer direitos, mas sim para suprimir direitos. \u201c\u00c9 uma CPI fraudada desde o in\u00edcio. O projeto de poder deles \u00e9 ter um estoque de terras para o mercado\u201d.<br \/>\nDeborah Duprat participou de uma audi\u00eancia p\u00fablica promovida pelo Minist\u00e9rio P\u00fablico Federal no Rio Grande do Sul para debater esse processo de criminaliza\u00e7\u00e3o dos movimentos sociais. Designada para ser a nova procuradora federal dos Direitos do Cidad\u00e3o, para um mandato de dois anos, prorrog\u00e1vel por mais dois. Duprat est\u00e1 viajando pelo Brasil para discutir pautas relativas \u00e0 atua\u00e7\u00e3o da Procuradoria dos Direitos do Cidad\u00e3o. O tema n\u00e3o lhe \u00e9 estranho, uma vez que trabalhou na 6\u00aa C\u00e2mara da Procuradoria Federal, que trata de problemas envolvendo direitos de comunidades ind\u00edgenas e povos tradicionais. O audit\u00f3rio da Procuradora Regional da Rep\u00fablica da 4\u00aa Regi\u00e3o ficou praticamente lotado com a presen\u00e7a de representantes de comunidades ind\u00edgenas, de movimentos de luta por moradia, movimentos estudantes e outras entidades da sociedade civil.<br \/>\n<span class=\"intertit\">Cen\u00e1rio de retrocessos<\/span><br \/>\nNa abertura do encontro, o procurador Domingos Dresch da Silveira destacou que ali estavam presentes aliados e lutadores na defesa dos direitos humanos. \u201cO Minist\u00e9rio P\u00fablico \u00e9 plural e dentro dele vivem diferentes vis\u00f5es sobre temas relacionados \u00e0 defesa da Constitui\u00e7\u00e3o e dos direitos humanos\u201d, assinalou. Procurador Regional dos Direitos do Cidad\u00e3o no Rio Grande do Sul, Fabiano de Moraes disse que o pa\u00eds est\u00e1 vivendo um cen\u00e1rio confuso marcado por retrocessos na \u00e1rea dos direitos. Em sua fala inicial, a subprocuradora-geral da Rep\u00fablica pediu um voto de confian\u00e7a aos representantes dos movimentos sociais. \u201cPor maior que seja a desconfian\u00e7a com o Minist\u00e9rio P\u00fablico, e voc\u00eas t\u00eam raz\u00f5es para isso, pe\u00e7o que n\u00e3o desconfiem desse espa\u00e7o que pode ser muito importante\u201d. Duprat anunciou que decidiu, h\u00e1 cerca de tr\u00eas semanas, reinstalar o F\u00f3rum contra a viol\u00eancia no campo, para receber den\u00fancias e debater iniciativas para enfrentar os crimes que est\u00e3o acontecendo.<br \/>\nD\u00e9bora Duprat assinalou ainda que estrat\u00e9gias de criminaliza\u00e7\u00e3o v\u00eam sendo adotadas em diferentes segmentos sociais e citou o caso de comunica\u00e7\u00f5es de militantes do Movimento dos Trabalhadores Sem Teto (MTST), de S\u00e3o Paulo, que v\u00eam sendo interceptadas pelo Gabinete de Seguran\u00e7a Institucional. A subprocuradora lembrou que, em 2009, a Corte Interamericana de Direitos Humanos da Organiza\u00e7\u00e3o de Estados Americanos (OEA) condenou o Brasil pelo uso de intercepta\u00e7\u00f5es telef\u00f4nicas ilegais em 1999 contra associa\u00e7\u00f5es de trabalhadores rurais ligadas ao Movimento dos Trabalhadores Rurais Sem Terra (MST) no Paran\u00e1. O Estado brasileiro foi considerado culpado pela instala\u00e7\u00e3o dos grampos, pela divulga\u00e7\u00e3o ilegal das grava\u00e7\u00f5es e pela impunidade dos respons\u00e1veis.<br \/>\n<span class=\"intertit\">\u201cCPI Funai-Incra ter\u00e1 o destino que merece\u201d<\/span><br \/>\nA subprocuradora apontou ainda a estrat\u00e9gia que vem sendo utilizada pelo Estado em ocupa\u00e7\u00f5es urbanas para criminalizar os pais, retirando as crian\u00e7as de perto deles. Duprat alertou ainda para os riscos do Decreto n\u00ba 8.793, editado dia 29 de junho, que fixa a Pol\u00edtica Nacional de Intelig\u00eancia e estabelece diretrizes para a atua\u00e7\u00e3o dos \u00f3rg\u00e3os que comp\u00f5em o Sistema Nacional de Intelig\u00eancia. \u201cTeremos problemas pela frente com esse decreto\u201d, advertiu. \u201cN\u00f3s estamos envolvidos em uma luta por sujeitos de direitos, que est\u00e1 definindo quem \u00e9 sujeito de direitos\u201d. Neste contexto, acrescentou, a CPI Funai-Incra tem o objetivo de suprimir sujeitos de direitos. Mas Duprat acredita que os articuladores dessa CPI n\u00e3o ter\u00e3o sucesso. \u201cEssa CPI ter\u00e1 o destino que merece. Estamos relatando ao ministro Fachin, do STF, todos os casos de criminaliza\u00e7\u00e3o e indiciamentos que est\u00e3o sendo feitos\u201d.<br \/>\nDuprat \u00e9 autora de uma representa\u00e7\u00e3o contra os deputados federais ga\u00fachos Alceu Moreira (PMDB) e Luiz Carlos Heinze (PP), pelas declara\u00e7\u00f5es feitas pelos mesmos em uma audi\u00eancia p\u00fablica no interior do Rio Grande do Sul, onde, entre outras coisas, recomendaram aos agricultores que adotassem as medidas empregadas no Mato Grosso, envolvendo a contrata\u00e7\u00e3o de mil\u00edcias privadas. A representa\u00e7\u00e3o foi arquivada sob o argumento que os dois deputados gozam de imunidade parlamentar o que garantiria o direito de dizerem o que disseram. A subprocuradora afirmou que esses casos mostram o quanto a quest\u00e3o ind\u00edgena e do movimento negro no Brasil ainda est\u00e1 carregada de racismo. \u201cEst\u00e1 faltando no Brasil uma justi\u00e7a de transi\u00e7\u00e3o para a popula\u00e7\u00e3o negra e ind\u00edgena que n\u00e3o fique restrita ao per\u00edodo da ditadura\u201d.<br \/>\n<span class=\"intertit\">\u201cLideran\u00e7as ind\u00edgenas est\u00e3o morrendo todos os dias\u201d<\/span><br \/>\nOs procuradores ouviram v\u00e1rios depoimentos de representantes de movimentos sociais relatando casos de agress\u00f5es, viola\u00e7\u00e3o de direitos e criminaliza\u00e7\u00e3o a que vem sendo submetidos no Rio Grande do Sul. Eli Fidelis, da comunidade ind\u00edgena caingangue do Lami, lembrou a recente audi\u00eancia p\u00fablica da CPI Funai-Incra na Assembleia Legislativa, promovida pelo deputado Alceu Moreira, que n\u00e3o convidou as lideran\u00e7as ind\u00edgenas para participar. \u201cO deputado n\u00e3o quis nos receber e muito menos nos ouvir. A democracia ainda n\u00e3o chegou para n\u00f3s no Brasil. N\u00e3o temos sequer o direito de sermos ouvidos\u201d. Maur\u00edcio Gon\u00e7alves, do povo guarani, mostrou-se bastante preocupado com o atual momento pol\u00edtico. \u201cLideran\u00e7as ind\u00edgenas est\u00e3o morrendo todos os dias, mas isso n\u00e3o \u00e9 noticiado. Vemos deputados falando o que bem entendem de n\u00f3s, mas se n\u00f3s falamos algo corremos o risco de ser presos. O bem viver do povo ind\u00edgena \u00e9 a demarca\u00e7\u00e3o de suas terras. O objetivo dessa CPI \u00e9 revisar demarca\u00e7\u00f5es de terras j\u00e1 feitas e impedir novas demarca\u00e7\u00f5es\u201d, assinalou.<br \/>\nO advogado Onir Ara\u00fajo denunciou a presen\u00e7a do racismo no Rio Grande do Sul. \u201cEnquanto a sociedade n\u00e3o reconhecer a chaga do racismo seguiremos tentando curar um c\u00e2ncer com aspirinas\u201d, afirmou. Ara\u00fajo relatou a subprocuradora que quilombolas e ind\u00edgenas seguem sendo tratados como vagabundos e lembrou que as den\u00fancias encaminhadas contra os deputados Alceu Moreira e Luiz Carlos Heinze por conta das declara\u00e7\u00f5es destes contra essas comunidades at\u00e9 agora n\u00e3o tiveram consequ\u00eancia. \u201cN\u00f3s seguimos n\u00e3o sendo encarados como brasileiros. Seguimos vivendo em uma Rep\u00fablica partida e a sociedade brasileira \u00e9 conivente com isso\u201d.<br \/>\nRoberto Ant\u00f4nio Liebgott, do Conselho Indigenista Mission\u00e1rio (Cimi), ampliou historicamente o conceito de criminaliza\u00e7\u00e3o, destacando que ele \u00e9 uma realidade para as comunidades ind\u00edgenas h\u00e1 muito tempo. \u201cTemos comunidades ind\u00edgenas que s\u00e3o criminalizadas historicamente e seguem vivendo nas margens de rodovias. Temos lideran\u00e7as ind\u00edgenas que nasceram na beira de estradas e hoje est\u00e3o cuidando de seus netos ainda na beira de estradas.\u201d Liebgott citou um caso recente ocorrido no acampamento de Capivari, onde um fazendeiro lavou um trator que aplicava agrot\u00f3xicos no local do rio onde crian\u00e7as ind\u00edgenas tomavam banho. \u201cIsso tamb\u00e9m \u00e9 criminaliza\u00e7\u00e3o\u201d, defendeu.<br \/>\n<span class=\"intertit\">\u201cNo passado a Justi\u00e7a foi favor\u00e1vel \u00e0 escravid\u00e3o\u201d<\/span><br \/>\nQueops Damascendo, da Ocupa\u00e7\u00e3o Lanceiros Negros, denunciou a coniv\u00eancia do Poder Judici\u00e1rio com o processo de criminaliza\u00e7\u00e3o da pobreza. \u201cNo passado, a Justi\u00e7a foi favor\u00e1vel \u00e0 escravid\u00e3o e \u00e0 tortura de escravos que tentavam fugir da escravid\u00e3o para a liberdade. Muitos anos se passaram e a Justi\u00e7a segue sendo a favor da propriedade. No recente epis\u00f3dio da Secretaria da Fazenda, n\u00f3s vimos policiais jogando spray de pimenta diretamente no rosto de estudantes e esses policiais seguem soltos, assim como seguem soltos os deputados Heinze e Alceu Moreira, mesmo ap\u00f3s as declara\u00e7\u00f5es racistas que fizeram\u201d.<br \/>\nB\u00e1rbara, estudante presa na a\u00e7\u00e3o da Brigada Militar para desocupar a Secretaria Estadual da Fazenda, no dia 15 de junho, relatou \u00e0 subprocuradora que os estudantes sofreram viol\u00eancia f\u00edsica e psicol\u00f3gica. \u201cFomos atingidos com spray pimenta a um cent\u00edmetro de nossos olhos. N\u00e3o tivemos em momento algum a possibilidade de negociar a nossa sa\u00edda do pr\u00e9dio e tampouco foi permitida a entrada de nossos advogados. Aquela ocupa\u00e7\u00e3o tinha um motivo que era tentar convencer o governador e o Secret\u00e1rio da Educa\u00e7\u00e3o a abrir uma negocia\u00e7\u00e3o\u201d, disse a estudante.<br \/>\nA promotora Ivana Battaglin, da Promotoria de Direitos Humanos do MP estadual, anunciou que h\u00e1 mais de um inqu\u00e9rito civil em curso investigando a a\u00e7\u00e3o da Brigada Militar contra movimentos sociais e manifestantes no Rio Grande do Sul. Segundo a promotora, as audi\u00eancias de cust\u00f3dia est\u00e3o recebendo muitas den\u00fancias de viola\u00e7\u00f5es de direitos por parte dos policiais, que ser\u00e3o investigadas.<br \/>\nMat\u00e9ria originalmente publicada no Sul21\u00a0<a href=\"http:\/\/www.sul21.com.br\/jornal\/procuradora-denuncia-estrategias-de-criminalizacao-de-movimentos-sociais-no-pais\/\">http:\/\/www.sul21.com.br\/jornal\/procuradora-denuncia-estrategias-de-criminalizacao-de-movimentos-sociais-no-pais\/<\/a><br \/>\n&nbsp;<\/p>\n","protected":false},"excerpt":{"rendered":"<p>Marco Weissheimer (mat\u00e9ria originalmente publicada no site Sul21) A subprocuradora-geral da Rep\u00fablica, Deborah Duprat, denunciou nesta segunda-feira (4), em Porto Alegre, que o Brasil est\u00e1 vivendo um cen\u00e1rio de crescente viol\u00eancia no campo e de criminaliza\u00e7\u00e3o de comunidades ind\u00edgenas, quilombolas, de militantes do Movimento de Trabalhadores Rurais Sem Terra (MST) e tamb\u00e9m de movimentos sociais [&hellip;]<\/p>\n","protected":false},"author":4,"featured_media":35929,"comment_status":"open","ping_status":"closed","sticky":false,"template":"","format":"standard","meta":{"_jetpack_newsletter_access":"","_jetpack_dont_email_post_to_subs":false,"_jetpack_newsletter_tier_id":0,"_jetpack_memberships_contains_paywalled_content":false,"_jetpack_feature_clip_id":0,"_jetpack_memberships_contains_paid_content":false,"footnotes":"","jetpack_post_was_ever_published":false},"categories":[2014,2012],"tags":[],"class_list":["post-35928","post","type-post","status-publish","format-standard","has-post-thumbnail","hentry","category-em-pauta","category-debates"],"aioseo_notices":[],"aioseo_head":"\n\t\t<!-- All in One SEO 5.0.1.1 - aioseo.com -->\n\t<meta name=\"robots\" content=\"max-image-preview:large\" \/>\n\t<meta name=\"author\" content=\"da Reda\u00e7\u00e3o\"\/>\n\t<link rel=\"canonical\" href=\"https:\/\/www.jornalja.com.br\/arquivo\/procuradora-denuncia-estrategias-de-criminalizacao-de-movimentos-sociais-no-pais\/\" \/>\n\t<meta name=\"generator\" content=\"All in One SEO (AIOSEO) 5.0.1.1\" \/>\n\t\t<meta property=\"og:locale\" content=\"pt_BR\" \/>\n\t\t<meta property=\"og:site_name\" content=\"Arquivo | Jornal J\u00c1 | Porto Alegre\" \/>\n\t\t<meta property=\"og:type\" content=\"article\" \/>\n\t\t<meta property=\"og:title\" content=\"Procuradora denuncia estrat\u00e9gias de criminaliza\u00e7\u00e3o de movimentos sociais no pa\u00eds | Arquivo\" \/>\n\t\t<meta property=\"og:url\" content=\"https:\/\/www.jornalja.com.br\/arquivo\/procuradora-denuncia-estrategias-de-criminalizacao-de-movimentos-sociais-no-pais\/\" \/>\n\t\t<meta property=\"og:image\" content=\"https:\/\/www.jornalja.com.br\/economics\/wp-content\/uploads\/sites\/11\/2026\/08\/ja-folhaderosto-facebook.jpg\" \/>\n\t\t<meta property=\"og:image:secure_url\" content=\"https:\/\/www.jornalja.com.br\/economics\/wp-content\/uploads\/sites\/11\/2026\/08\/ja-folhaderosto-facebook.jpg\" \/>\n\t\t<meta property=\"article:published_time\" content=\"2016-07-05T17:10:10+00:00\" \/>\n\t\t<meta property=\"article:modified_time\" content=\"2016-07-05T17:10:10+00:00\" \/>\n\t\t<meta name=\"twitter:card\" content=\"summary\" \/>\n\t\t<meta name=\"twitter:title\" content=\"Procuradora denuncia estrat\u00e9gias de criminaliza\u00e7\u00e3o de movimentos sociais no pa\u00eds | Arquivo\" \/>\n\t\t<meta name=\"twitter:image\" content=\"https:\/\/www.jornalja.com.br\/economics\/wp-content\/uploads\/sites\/11\/2026\/08\/ja-folhaderosto-facebook.jpg\" \/>\n\t\t<script type=\"application\/ld+json\" class=\"aioseo-schema\">\n\t\t\t{\"@context\":\"https:\\\/\\\/schema.org\",\"@graph\":[{\"@type\":\"BlogPosting\",\"@id\":\"https:\\\/\\\/www.jornalja.com.br\\\/arquivo\\\/procuradora-denuncia-estrategias-de-criminalizacao-de-movimentos-sociais-no-pais\\\/#blogposting\",\"name\":\"Procuradora denuncia estrat\\u00e9gias de criminaliza\\u00e7\\u00e3o de movimentos sociais no pa\\u00eds | Arquivo\",\"headline\":\"Procuradora denuncia estrat\\u00e9gias de criminaliza\\u00e7\\u00e3o de movimentos sociais no pa\\u00eds\",\"author\":{\"@id\":\"https:\\\/\\\/www.jornalja.com.br\\\/arquivo\\\/author\\\/daredacao\\\/#author\"},\"publisher\":{\"@id\":\"https:\\\/\\\/www.jornalja.com.br\\\/arquivo\\\/#organization\"},\"image\":{\"@type\":\"ImageObject\",\"url\":35929},\"datePublished\":\"2016-07-05T14:10:10-03:00\",\"dateModified\":\"2016-07-05T14:10:10-03:00\",\"inLanguage\":\"pt-BR\",\"mainEntityOfPage\":{\"@id\":\"https:\\\/\\\/www.jornalja.com.br\\\/arquivo\\\/procuradora-denuncia-estrategias-de-criminalizacao-de-movimentos-sociais-no-pais\\\/#webpage\"},\"isPartOf\":{\"@id\":\"https:\\\/\\\/www.jornalja.com.br\\\/arquivo\\\/procuradora-denuncia-estrategias-de-criminalizacao-de-movimentos-sociais-no-pais\\\/#webpage\"},\"articleSection\":\"CDD-Em Pauta, HOTSITE Comit\\u00ea pela Democracia\"},{\"@type\":\"BreadcrumbList\",\"@id\":\"https:\\\/\\\/www.jornalja.com.br\\\/arquivo\\\/procuradora-denuncia-estrategias-de-criminalizacao-de-movimentos-sociais-no-pais\\\/#breadcrumblist\",\"itemListElement\":[{\"@type\":\"ListItem\",\"@id\":\"https:\\\/\\\/www.jornalja.com.br\\\/arquivo#listItem\",\"position\":1,\"name\":\"Home\",\"item\":\"https:\\\/\\\/www.jornalja.com.br\\\/arquivo\",\"nextItem\":{\"@type\":\"ListItem\",\"@id\":\"https:\\\/\\\/www.jornalja.com.br\\\/arquivo\\\/category\\\/debates\\\/#listItem\",\"name\":\"HOTSITE Comit\\u00ea pela Democracia\"}},{\"@type\":\"ListItem\",\"@id\":\"https:\\\/\\\/www.jornalja.com.br\\\/arquivo\\\/category\\\/debates\\\/#listItem\",\"position\":2,\"name\":\"HOTSITE Comit\\u00ea pela Democracia\",\"item\":\"https:\\\/\\\/www.jornalja.com.br\\\/arquivo\\\/category\\\/debates\\\/\",\"nextItem\":{\"@type\":\"ListItem\",\"@id\":\"https:\\\/\\\/www.jornalja.com.br\\\/arquivo\\\/procuradora-denuncia-estrategias-de-criminalizacao-de-movimentos-sociais-no-pais\\\/#listItem\",\"name\":\"Procuradora denuncia estrat\\u00e9gias de criminaliza\\u00e7\\u00e3o de movimentos sociais no pa\\u00eds\"},\"previousItem\":{\"@type\":\"ListItem\",\"@id\":\"https:\\\/\\\/www.jornalja.com.br\\\/arquivo#listItem\",\"name\":\"Home\"}},{\"@type\":\"ListItem\",\"@id\":\"https:\\\/\\\/www.jornalja.com.br\\\/arquivo\\\/procuradora-denuncia-estrategias-de-criminalizacao-de-movimentos-sociais-no-pais\\\/#listItem\",\"position\":3,\"name\":\"Procuradora denuncia estrat\\u00e9gias de criminaliza\\u00e7\\u00e3o de movimentos sociais no pa\\u00eds\",\"previousItem\":{\"@type\":\"ListItem\",\"@id\":\"https:\\\/\\\/www.jornalja.com.br\\\/arquivo\\\/category\\\/debates\\\/#listItem\",\"name\":\"HOTSITE Comit\\u00ea pela Democracia\"}}]},{\"@type\":\"Organization\",\"@id\":\"https:\\\/\\\/www.jornalja.com.br\\\/arquivo\\\/#organization\",\"name\":\"Jornal J\\u00c1\",\"description\":\"Jornal J\\u00c1 | Porto Alegre\",\"url\":\"https:\\\/\\\/www.jornalja.com.br\\\/arquivo\\\/\",\"telephone\":\"+555133307272\",\"logo\":{\"@type\":\"ImageObject\",\"url\":\"https:\\\/\\\/www.jornalja.com.br\\\/wp-content\\\/uploads\\\/cards\\\/JAslogan.png\",\"@id\":\"https:\\\/\\\/www.jornalja.com.br\\\/arquivo\\\/procuradora-denuncia-estrategias-de-criminalizacao-de-movimentos-sociais-no-pais\\\/#organizationLogo\"},\"image\":{\"@id\":\"https:\\\/\\\/www.jornalja.com.br\\\/arquivo\\\/procuradora-denuncia-estrategias-de-criminalizacao-de-movimentos-sociais-no-pais\\\/#organizationLogo\"}},{\"@type\":\"Person\",\"@id\":\"https:\\\/\\\/www.jornalja.com.br\\\/arquivo\\\/author\\\/daredacao\\\/#author\",\"url\":\"https:\\\/\\\/www.jornalja.com.br\\\/arquivo\\\/author\\\/daredacao\\\/\",\"name\":\"da Reda\\u00e7\\u00e3o\",\"image\":{\"@type\":\"ImageObject\",\"@id\":\"https:\\\/\\\/www.jornalja.com.br\\\/arquivo\\\/procuradora-denuncia-estrategias-de-criminalizacao-de-movimentos-sociais-no-pais\\\/#authorImage\",\"url\":\"https:\\\/\\\/secure.gravatar.com\\\/avatar\\\/469fd857d6605ad19919d27ed29d35a968a25f6e8fd9318356bbb7f57aae9c65?s=96&d=mm&r=g\",\"width\":96,\"height\":96,\"caption\":\"da Reda\\u00e7\\u00e3o\"}},{\"@type\":\"WebPage\",\"@id\":\"https:\\\/\\\/www.jornalja.com.br\\\/arquivo\\\/procuradora-denuncia-estrategias-de-criminalizacao-de-movimentos-sociais-no-pais\\\/#webpage\",\"url\":\"https:\\\/\\\/www.jornalja.com.br\\\/arquivo\\\/procuradora-denuncia-estrategias-de-criminalizacao-de-movimentos-sociais-no-pais\\\/\",\"name\":\"Procuradora denuncia estrat\\u00e9gias de criminaliza\\u00e7\\u00e3o de movimentos sociais no pa\\u00eds | Arquivo\",\"inLanguage\":\"pt-BR\",\"isPartOf\":{\"@id\":\"https:\\\/\\\/www.jornalja.com.br\\\/arquivo\\\/#website\"},\"breadcrumb\":{\"@id\":\"https:\\\/\\\/www.jornalja.com.br\\\/arquivo\\\/procuradora-denuncia-estrategias-de-criminalizacao-de-movimentos-sociais-no-pais\\\/#breadcrumblist\"},\"author\":{\"@id\":\"https:\\\/\\\/www.jornalja.com.br\\\/arquivo\\\/author\\\/daredacao\\\/#author\"},\"creator\":{\"@id\":\"https:\\\/\\\/www.jornalja.com.br\\\/arquivo\\\/author\\\/daredacao\\\/#author\"},\"image\":{\"@type\":\"ImageObject\",\"url\":35929,\"@id\":\"https:\\\/\\\/www.jornalja.com.br\\\/arquivo\\\/procuradora-denuncia-estrategias-de-criminalizacao-de-movimentos-sociais-no-pais\\\/#mainImage\"},\"primaryImageOfPage\":{\"@id\":\"https:\\\/\\\/www.jornalja.com.br\\\/arquivo\\\/procuradora-denuncia-estrategias-de-criminalizacao-de-movimentos-sociais-no-pais\\\/#mainImage\"},\"datePublished\":\"2016-07-05T14:10:10-03:00\",\"dateModified\":\"2016-07-05T14:10:10-03:00\"},{\"@type\":\"WebSite\",\"@id\":\"https:\\\/\\\/www.jornalja.com.br\\\/arquivo\\\/#website\",\"url\":\"https:\\\/\\\/www.jornalja.com.br\\\/arquivo\\\/\",\"name\":\"Arquivo\",\"description\":\"Jornal J\\u00c1 | Porto Alegre\",\"inLanguage\":\"pt-BR\",\"publisher\":{\"@id\":\"https:\\\/\\\/www.jornalja.com.br\\\/arquivo\\\/#organization\"}}]}\n\t\t<\/script>\n\t\t<!-- All in One SEO -->\n\n","aioseo_head_json":{"title":"Procuradora denuncia estrat\u00e9gias de criminaliza\u00e7\u00e3o de movimentos sociais no pa\u00eds | Arquivo","description":"","canonical_url":"https:\/\/www.jornalja.com.br\/arquivo\/procuradora-denuncia-estrategias-de-criminalizacao-de-movimentos-sociais-no-pais\/","robots":"max-image-preview:large","keywords":"","webmasterTools":{"miscellaneous":""},"schema":{"@context":"https:\/\/schema.org","@graph":[{"@type":"BlogPosting","@id":"https:\/\/www.jornalja.com.br\/arquivo\/procuradora-denuncia-estrategias-de-criminalizacao-de-movimentos-sociais-no-pais\/#blogposting","name":"Procuradora denuncia estrat\u00e9gias de criminaliza\u00e7\u00e3o de movimentos sociais no pa\u00eds | Arquivo","headline":"Procuradora denuncia estrat\u00e9gias de criminaliza\u00e7\u00e3o de movimentos sociais no pa\u00eds","author":{"@id":"https:\/\/www.jornalja.com.br\/arquivo\/author\/daredacao\/#author"},"publisher":{"@id":"https:\/\/www.jornalja.com.br\/arquivo\/#organization"},"image":{"@type":"ImageObject","url":35929},"datePublished":"2016-07-05T14:10:10-03:00","dateModified":"2016-07-05T14:10:10-03:00","inLanguage":"pt-BR","mainEntityOfPage":{"@id":"https:\/\/www.jornalja.com.br\/arquivo\/procuradora-denuncia-estrategias-de-criminalizacao-de-movimentos-sociais-no-pais\/#webpage"},"isPartOf":{"@id":"https:\/\/www.jornalja.com.br\/arquivo\/procuradora-denuncia-estrategias-de-criminalizacao-de-movimentos-sociais-no-pais\/#webpage"},"articleSection":"CDD-Em Pauta, HOTSITE Comit\u00ea pela Democracia"},{"@type":"BreadcrumbList","@id":"https:\/\/www.jornalja.com.br\/arquivo\/procuradora-denuncia-estrategias-de-criminalizacao-de-movimentos-sociais-no-pais\/#breadcrumblist","itemListElement":[{"@type":"ListItem","@id":"https:\/\/www.jornalja.com.br\/arquivo#listItem","position":1,"name":"Home","item":"https:\/\/www.jornalja.com.br\/arquivo","nextItem":{"@type":"ListItem","@id":"https:\/\/www.jornalja.com.br\/arquivo\/category\/debates\/#listItem","name":"HOTSITE Comit\u00ea pela Democracia"}},{"@type":"ListItem","@id":"https:\/\/www.jornalja.com.br\/arquivo\/category\/debates\/#listItem","position":2,"name":"HOTSITE Comit\u00ea pela Democracia","item":"https:\/\/www.jornalja.com.br\/arquivo\/category\/debates\/","nextItem":{"@type":"ListItem","@id":"https:\/\/www.jornalja.com.br\/arquivo\/procuradora-denuncia-estrategias-de-criminalizacao-de-movimentos-sociais-no-pais\/#listItem","name":"Procuradora denuncia estrat\u00e9gias de criminaliza\u00e7\u00e3o de movimentos sociais no pa\u00eds"},"previousItem":{"@type":"ListItem","@id":"https:\/\/www.jornalja.com.br\/arquivo#listItem","name":"Home"}},{"@type":"ListItem","@id":"https:\/\/www.jornalja.com.br\/arquivo\/procuradora-denuncia-estrategias-de-criminalizacao-de-movimentos-sociais-no-pais\/#listItem","position":3,"name":"Procuradora denuncia estrat\u00e9gias de criminaliza\u00e7\u00e3o de movimentos sociais no pa\u00eds","previousItem":{"@type":"ListItem","@id":"https:\/\/www.jornalja.com.br\/arquivo\/category\/debates\/#listItem","name":"HOTSITE Comit\u00ea pela Democracia"}}]},{"@type":"Organization","@id":"https:\/\/www.jornalja.com.br\/arquivo\/#organization","name":"Jornal J\u00c1","description":"Jornal J\u00c1 | Porto Alegre","url":"https:\/\/www.jornalja.com.br\/arquivo\/","telephone":"+555133307272","logo":{"@type":"ImageObject","url":"https:\/\/www.jornalja.com.br\/wp-content\/uploads\/cards\/JAslogan.png","@id":"https:\/\/www.jornalja.com.br\/arquivo\/procuradora-denuncia-estrategias-de-criminalizacao-de-movimentos-sociais-no-pais\/#organizationLogo"},"image":{"@id":"https:\/\/www.jornalja.com.br\/arquivo\/procuradora-denuncia-estrategias-de-criminalizacao-de-movimentos-sociais-no-pais\/#organizationLogo"}},{"@type":"Person","@id":"https:\/\/www.jornalja.com.br\/arquivo\/author\/daredacao\/#author","url":"https:\/\/www.jornalja.com.br\/arquivo\/author\/daredacao\/","name":"da Reda\u00e7\u00e3o","image":{"@type":"ImageObject","@id":"https:\/\/www.jornalja.com.br\/arquivo\/procuradora-denuncia-estrategias-de-criminalizacao-de-movimentos-sociais-no-pais\/#authorImage","url":"https:\/\/secure.gravatar.com\/avatar\/469fd857d6605ad19919d27ed29d35a968a25f6e8fd9318356bbb7f57aae9c65?s=96&d=mm&r=g","width":96,"height":96,"caption":"da Reda\u00e7\u00e3o"}},{"@type":"WebPage","@id":"https:\/\/www.jornalja.com.br\/arquivo\/procuradora-denuncia-estrategias-de-criminalizacao-de-movimentos-sociais-no-pais\/#webpage","url":"https:\/\/www.jornalja.com.br\/arquivo\/procuradora-denuncia-estrategias-de-criminalizacao-de-movimentos-sociais-no-pais\/","name":"Procuradora denuncia estrat\u00e9gias de criminaliza\u00e7\u00e3o de movimentos sociais no pa\u00eds | Arquivo","inLanguage":"pt-BR","isPartOf":{"@id":"https:\/\/www.jornalja.com.br\/arquivo\/#website"},"breadcrumb":{"@id":"https:\/\/www.jornalja.com.br\/arquivo\/procuradora-denuncia-estrategias-de-criminalizacao-de-movimentos-sociais-no-pais\/#breadcrumblist"},"author":{"@id":"https:\/\/www.jornalja.com.br\/arquivo\/author\/daredacao\/#author"},"creator":{"@id":"https:\/\/www.jornalja.com.br\/arquivo\/author\/daredacao\/#author"},"image":{"@type":"ImageObject","url":35929,"@id":"https:\/\/www.jornalja.com.br\/arquivo\/procuradora-denuncia-estrategias-de-criminalizacao-de-movimentos-sociais-no-pais\/#mainImage"},"primaryImageOfPage":{"@id":"https:\/\/www.jornalja.com.br\/arquivo\/procuradora-denuncia-estrategias-de-criminalizacao-de-movimentos-sociais-no-pais\/#mainImage"},"datePublished":"2016-07-05T14:10:10-03:00","dateModified":"2016-07-05T14:10:10-03:00"},{"@type":"WebSite","@id":"https:\/\/www.jornalja.com.br\/arquivo\/#website","url":"https:\/\/www.jornalja.com.br\/arquivo\/","name":"Arquivo","description":"Jornal J\u00c1 | Porto Alegre","inLanguage":"pt-BR","publisher":{"@id":"https:\/\/www.jornalja.com.br\/arquivo\/#organization"}}]},"og:locale":"pt_BR","og:site_name":"Arquivo | Jornal J\u00c1 | Porto Alegre","og:type":"article","og:title":"Procuradora denuncia estrat\u00e9gias de criminaliza\u00e7\u00e3o de movimentos sociais no pa\u00eds | Arquivo","og:url":"https:\/\/www.jornalja.com.br\/arquivo\/procuradora-denuncia-estrategias-de-criminalizacao-de-movimentos-sociais-no-pais\/","og:image":"https:\/\/www.jornalja.com.br\/economics\/wp-content\/uploads\/sites\/11\/2026\/08\/ja-folhaderosto-facebook.jpg","og:image:secure_url":"https:\/\/www.jornalja.com.br\/economics\/wp-content\/uploads\/sites\/11\/2026\/08\/ja-folhaderosto-facebook.jpg","article:published_time":"2016-07-05T17:10:10+00:00","article:modified_time":"2016-07-05T17:10:10+00:00","twitter:card":"summary","twitter:title":"Procuradora denuncia estrat\u00e9gias de criminaliza\u00e7\u00e3o de movimentos sociais no pa\u00eds | Arquivo","twitter:image":"https:\/\/www.jornalja.com.br\/economics\/wp-content\/uploads\/sites\/11\/2026\/08\/ja-folhaderosto-facebook.jpg"},"aioseo_meta_data":{"post_id":"35928","title":null,"description":null,"keywords":null,"keyphrases":null,"primary_term":null,"canonical_url":null,"og_title":null,"og_description":null,"og_object_type":"default","og_image_type":"default","og_image_url":null,"og_image_width":null,"og_image_height":null,"og_image_custom_url":null,"og_image_custom_fields":null,"og_video":null,"og_custom_url":null,"og_article_section":null,"og_article_tags":null,"twitter_use_og":false,"twitter_card":"default","twitter_image_type":"default","twitter_image_url":null,"twitter_image_custom_url":null,"twitter_image_custom_fields":null,"twitter_title":null,"twitter_description":null,"schema":{"blockGraphs":[],"customGraphs":[],"default":{"data":{"Article":[],"Course":[],"Dataset":[],"FAQPage":[],"Movie":[],"Person":[],"Product":[],"ProductReview":[],"Car":[],"Recipe":[],"Service":[],"SoftwareApplication":[],"WebPage":[]},"graphName":"","isEnabled":true},"graphs":[],"defaultGraph":"","defaultPostTypeGraph":""},"schema_type":null,"schema_type_options":null,"pillar_content":false,"robots_default":true,"robots_noindex":false,"robots_noarchive":false,"robots_nosnippet":false,"robots_nofollow":false,"robots_noimageindex":false,"robots_noodp":false,"robots_notranslate":false,"robots_max_snippet":null,"robots_max_videopreview":null,"robots_max_imagepreview":"large","priority":null,"frequency":null,"location":null,"local_seo":null,"breadcrumb_settings":null,"limit_modified_date":false,"ai":null,"created":"2020-12-20 20:54:29","updated":"2025-07-19 15:05:39","seo_analyzer_scan_date":null,"focus_keyword":null,"additional_keywords":null,"truseo_locale":null},"jetpack_sharing_enabled":true,"jetpack-related-posts":[{"id":13240,"url":"https:\/\/www.jornalja.com.br\/arquivo\/plano-diretor-estamos-construindo-o-caos\/","url_meta":{"origin":35928,"position":0},"title":"Plano diretor: &quot;Estamos construindo o caos&quot;","author":"Patr\u00edcia Marini","date":"26 de maio de 2014","format":false,"excerpt":"Desabafo que arquiteta Eliana Castilhos, delegada da Regi\u00e3o de Planejamento 1, postou nas redes sociais \u00e9 um testemunho do ambiente que se criou no Conselho do Plano Diretor de Porto Alegre, onde a aprova\u00e7\u00e3o de grandes empreendimentos \u00e9 empurrada guela abaixo dos conselheiros. Ao CMDUA Como delegada da Regi\u00e3o de\u2026","rel":"","context":"Em &quot;Geral&quot;","block_context":{"text":"Geral","link":"https:\/\/www.jornalja.com.br\/arquivo\/category\/geral\/"},"img":{"alt_text":"","src":"","width":0,"height":0},"classes":[]},{"id":12960,"url":"https:\/\/www.jornalja.com.br\/arquivo\/populacao-culpa-empresas-pela-greve-dos-rodoviarios\/","url_meta":{"origin":35928,"position":1},"title":"Popula\u00e7\u00e3o culpa empresas pela greve","author":"Patr\u00edcia Marini","date":"14 de fevereiro de 2014","format":false,"excerpt":"Pesquisa divulgada na edi\u00e7\u00e3o do jornal Metro desta sexta-feira,14, comprova o velho ditado: \u00e9 poss\u00edvel enganar muitos por algum tempo, mas n\u00e3o \u00e9 poss\u00edvel enganar a todos o tempo inteiro. A principal revela\u00e7\u00e3o foi que 59,8% dos entrevistados apontaram as empresas como as principais respons\u00e1veis pela grave e 46% culparam\u2026","rel":"","context":"Em &quot;X.Categorias velhas&quot;","block_context":{"text":"X.Categorias velhas","link":"https:\/\/www.jornalja.com.br\/arquivo\/category\/x-categorias-velhas\/"},"img":{"alt_text":"","src":"","width":0,"height":0},"classes":[]},{"id":5440,"url":"https:\/\/www.jornalja.com.br\/arquivo\/casarao-da-venancio-destino-permanece-incerto\/","url_meta":{"origin":35928,"position":2},"title":"Estado ainda n\u00e3o sabe o que fazer com casar\u00e3o abandonado h\u00e1 20 anos","author":"Elmar Bones","date":"6 de julho de 2009","format":false,"excerpt":"O casar\u00e3o amarelo, numa esquina nobre de Porto Alegre (Ven\u00e2ncio Aires com Jo\u00e3o Pessoa), j\u00e1 abrigou uma escola. H\u00e1 duas d\u00e9cadas, pelo menos, est\u00e1 abandonado, porque seu propriet\u00e1rio, o governo do Estado do Rio Grande do Sul, n\u00e3o consegue achar um destino para ele. Planos n\u00e3o faltaram. O governador Ol\u00edvio\u2026","rel":"","context":"Em &quot;X.Categorias velhas&quot;","block_context":{"text":"X.Categorias velhas","link":"https:\/\/www.jornalja.com.br\/arquivo\/category\/x-categorias-velhas\/"},"img":{"alt_text":"geraldo1","src":"https:\/\/i0.wp.com\/www.jornalja.com.br\/wp-content\/uploads\/2009\/07\/geraldo1.jpg?resize=350%2C200&ssl=1","width":350,"height":200},"classes":[]},{"id":13101,"url":"https:\/\/www.jornalja.com.br\/arquivo\/morre-um-guerreiro-do-texto\/","url_meta":{"origin":35928,"position":3},"title":"Morre um guerreiro do texto","author":"Patr\u00edcia Marini","date":"14 de maio de 2014","format":false,"excerpt":"Por Ricardo Kotscho Reproduzido do blog do autor, 11\/5\/2014; t\u00edtulo original \u201cE l\u00e1 se foi o nosso Myltainho, guerreiro do texto\u201d. Mi\u00fado e franzino, meu amigo Myltainho era um valente e inconformado guerreiro na luta contra as injusti\u00e7as sociais, a hipocrisia, as maracutaias, o autoritarismo, a intoler\u00e2ncia, a viol\u00eancia, o\u2026","rel":"","context":"Em &quot;Geral&quot;","block_context":{"text":"Geral","link":"https:\/\/www.jornalja.com.br\/arquivo\/category\/geral\/"},"img":{"alt_text":"","src":"","width":0,"height":0},"classes":[]},{"id":13109,"url":"https:\/\/www.jornalja.com.br\/arquivo\/judiciario-reconhece-poluicao-eletromagnetica\/","url_meta":{"origin":35928,"position":4},"title":"Judici\u00e1rio reconhece polui\u00e7\u00e3o eletromagn\u00e9tica","author":"Patr\u00edcia Marini","date":"16 de maio de 2014","format":false,"excerpt":"A\u00e7\u00e3o de duas associa\u00e7\u00f5es de moradores foi acolhida pelo Tribunal de Justi\u00e7a de S\u00e3o Paulo que. em decis\u00e3o in\u00e9dita, determinou a redu\u00e7\u00e3o do campo eletromagn\u00e9tico gerado pelas linhas de transmiss\u00e3o de energia que cortam os bairros City Boa\u00e7ava e Alto de Pinheiros. \u00c9 a primeira vez que um tribunal do\u2026","rel":"","context":"Em &quot;X.Categorias velhas&quot;","block_context":{"text":"X.Categorias velhas","link":"https:\/\/www.jornalja.com.br\/arquivo\/category\/x-categorias-velhas\/"},"img":{"alt_text":"","src":"","width":0,"height":0},"classes":[]},{"id":13124,"url":"https:\/\/www.jornalja.com.br\/arquivo\/sangue-latino-no-iecine\/","url_meta":{"origin":35928,"position":5},"title":"Sangue latino no IECINE","author":"da Reda\u00e7\u00e3o","date":"18 de maio de 2014","format":false,"excerpt":"Francisco Ribeiro O Instituto Estadual de Cinema (IECINE) tem a frente, desde abril \u00faltimo, um novo diretor, o cineasta colombiano Juan Zapata, 36, que substitui Luiz Alberto Cassol. Radicado h\u00e1 dez anos em Porto Alegre, Zapata tem diante de si o desafio de conduzir at\u00e9 o final do ano um\u2026","rel":"","context":"Em &quot;Cultura-Geral&quot;","block_context":{"text":"Cultura-Geral","link":"https:\/\/www.jornalja.com.br\/arquivo\/category\/materiasecundaria\/"},"img":{"alt_text":"","src":"","width":0,"height":0},"classes":[]}],"jetpack_shortlink":"https:\/\/wp.me\/pbQjBd-9lu","jetpack_featured_media_url":"","_links":{"self":[{"href":"https:\/\/www.jornalja.com.br\/arquivo\/wp-json\/wp\/v2\/posts\/35928","targetHints":{"allow":["GET"]}}],"collection":[{"href":"https:\/\/www.jornalja.com.br\/arquivo\/wp-json\/wp\/v2\/posts"}],"about":[{"href":"https:\/\/www.jornalja.com.br\/arquivo\/wp-json\/wp\/v2\/types\/post"}],"author":[{"embeddable":true,"href":"https:\/\/www.jornalja.com.br\/arquivo\/wp-json\/wp\/v2\/users\/4"}],"replies":[{"embeddable":true,"href":"https:\/\/www.jornalja.com.br\/arquivo\/wp-json\/wp\/v2\/comments?post=35928"}],"version-history":[{"count":0,"href":"https:\/\/www.jornalja.com.br\/arquivo\/wp-json\/wp\/v2\/posts\/35928\/revisions"}],"wp:attachment":[{"href":"https:\/\/www.jornalja.com.br\/arquivo\/wp-json\/wp\/v2\/media?parent=35928"}],"wp:term":[{"taxonomy":"category","embeddable":true,"href":"https:\/\/www.jornalja.com.br\/arquivo\/wp-json\/wp\/v2\/categories?post=35928"},{"taxonomy":"post_tag","embeddable":true,"href":"https:\/\/www.jornalja.com.br\/arquivo\/wp-json\/wp\/v2\/tags?post=35928"}],"curies":[{"name":"wp","href":"https:\/\/api.w.org\/{rel}","templated":true}]}}