{"id":36044,"date":"2016-07-07T01:53:22","date_gmt":"2016-07-07T04:53:22","guid":{"rendered":"https:\/\/www.jornalja.com.br\/?p=36044"},"modified":"2016-07-07T01:53:22","modified_gmt":"2016-07-07T04:53:22","slug":"congelar-os-gastos-publicos-temeridade-e-desastre","status":"publish","type":"post","link":"https:\/\/www.jornalja.com.br\/arquivo\/congelar-os-gastos-publicos-temeridade-e-desastre\/","title":{"rendered":"Congelar os gastos p\u00fablicos: temeridade e desastre"},"content":{"rendered":"<p><span class=\"assina\">Volnei Picolotto<\/span><br \/>\nO governo interino do vice-presidente Michel Temer pretende estabelecer por 20 anos um teto para os gastos prim\u00e1rios de todos os poderes e \u00f3rg\u00e3os da Uni\u00e3o. Nesse per\u00edodo, seria permitido apenas o reajuste com base na infla\u00e7\u00e3o oficial do ano anterior. Essa mudan\u00e7a consta na Proposta de Emenda \u00e0 Constitui\u00e7\u00e3o (PEC) n\u00ba. 421\/2016, encaminhada ao Congresso Nacional (CN) no dia 16 de junho.<br \/>\nSe aprovada pelo CN at\u00e9 dezembro, a proposta vigorar\u00e1 a partir de janeiro e restringir\u00e1 os gastos totais de 2017 aos de 2016 mais a infla\u00e7\u00e3o desse ano. O Minist\u00e9rio da Fazenda justifica que \u201c[a] PEC limitar\u00e1, pela primeira vez, o crescimento do gasto p\u00fablico e contribuir\u00e1 para o necess\u00e1rio ajuste estrutural das contas p\u00fablicas\u201d e admite que \u201ca despesa prim\u00e1ria total n\u00e3o poder\u00e1 ter crescimento real a partir de 2017\u201d.<br \/>\nA medida n\u00e3o poupa nem os gastos em sa\u00fade e educa\u00e7\u00e3o, que \u201cpassar\u00e3o a ser corrigidos pela varia\u00e7\u00e3o da infla\u00e7\u00e3o do ano anterior e n\u00e3o mais pela receita\u201d. N\u00e3o ficariam submetidos ao teto apenas as transfer\u00eancias constitucionais a Estados, munic\u00edpios e Distrito Federal, os cr\u00e9ditos extraordin\u00e1rios, as complementa\u00e7\u00f5es ao Fundeb, os repasses \u00e0 Justi\u00e7a Eleitoral para a realiza\u00e7\u00e3o das elei\u00e7\u00f5es e as despesas de capitaliza\u00e7\u00e3o de estatais n\u00e3o-dependentes.<br \/>\nOs poderes e \u00f3rg\u00e3os que descumprirem o limite de gasto ficariam proibidos de conceder vantagem, aumento, reajuste ou adequa\u00e7\u00e3o de remunera\u00e7\u00e3o de servidores p\u00fablicos, criar cargo, emprego ou fun\u00e7\u00e3o que implique aumento de despesa, alterar estrutura de carreira que implique aumento de despesa, admitir ou contratar pessoal e realizar concurso p\u00fablico. Al\u00e9m disso, no caso de estouro do teto, estaria vedado ao Poder Executivo, no exerc\u00edcio seguinte, superar a despesa nominal com subs\u00eddios e subven\u00e7\u00f5es econ\u00f4micas realizada no exerc\u00edcio anterior e conceder ou ampliar incentivo ou benef\u00edcio de natureza tribut\u00e1ria da qual decorra ren\u00fancia de receita.<br \/>\nA proposta gerou cr\u00edticas, n\u00e3o apenas pela sua temeridade. O professor de Economia da UFRJ, Jo\u00e3o Sics\u00f9, fez uma simula\u00e7\u00e3o com as despesas em educa\u00e7\u00e3o e sa\u00fade se a PEC 241\/2016 j\u00e1 estivesse em vig\u00eancia desde 2006 e concluiu que ela geraria um desastre.<br \/>\nOs gastos em sa\u00fade e educa\u00e7\u00e3o aumentaram respectivamente de R$ 40,6 bilh\u00f5es e R$ 19,7 bilh\u00f5es em 2006, no governo Lula, para R$ 102,1 bilh\u00f5es e R$ 103,8 bilh\u00f5es em 2015, no governo Dilma. Pela PEC do governo interino, os or\u00e7amentos de educa\u00e7\u00e3o e sa\u00fade teriam despencado para R$ 31,5 bilh\u00f5es e R$ 65,2 bilh\u00f5es em 2015, ou seja, quedas respectivas de 70% e 36% em rela\u00e7\u00e3o ao que realmente foi executado no ano passado. Apenas nestas duas \u00e1reas, seriam R$ 72,3 bilh\u00f5es a menos.<br \/>\nDe 2006 a 2015, o crescimento m\u00e9dio nominal dos disp\u00eandios em sa\u00fade foi de 10,8% ao ano e de educa\u00e7\u00e3o, 20,5% ao ano. A simula\u00e7\u00e3o do professor Sics\u00fa indica que esses gastos sociais subiriam em m\u00e9dia apenas 5,4% ao ano de 2006 a 2015 pela proposta do governo interino, ou seja, a infla\u00e7\u00e3o m\u00e9dia do per\u00edodo.<br \/>\nSe for aprovada essa PEC, al\u00e9m de congelar os gastos reais totais, haver\u00e1 uma queda no gasto per capita, uma vez que a popula\u00e7\u00e3o brasileira deve aumentar nos pr\u00f3ximos anos. Desta forma, o Brasil ficar\u00e1 ainda mais distante de atingir os Objetivos de Desenvolvimento do Mil\u00eanio das Na\u00e7\u00f5es Unidas.<br \/>\n<img loading=\"lazy\" decoding=\"async\" class=\"alignnone wp-image-36048 size-full\" src=\"https:\/\/www.jornalja.com.br\/wp-content\/uploads\/2016\/07\/tabela1.jpg\" alt=\"tab1\" width=\"588\" height=\"357\" \/><br \/>\nO governo provis\u00f3rio alega que precisa cortar gastos sociais para diminuir o d\u00e9ficit p\u00fablico. O pr\u00f3prio ministro interino da Fazenda, Henrique Meirelles, disse, em entrevista ao Broadcast Pol\u00edtico e \u00e0 R\u00e1dio Estad\u00e3o, no dia 1\u00ba de julho, que \u201c[as] despesas com educa\u00e7\u00e3o e sa\u00fade s\u00e3o itens que, na pr\u00e1tica, junto com Previd\u00eancia, inviabilizaram um controle maior de despesas nas \u00faltimas d\u00e9cadas&#8221;.<br \/>\nPor\u00e9m, entre as despesas que mais cresceram e contribu\u00edram para o d\u00e9ficit p\u00fablico federal nos \u00faltimos anos, algumas parecem permanecer intoc\u00e1veis, os juros da d\u00edvida p\u00fablica federal e os subs\u00eddios. De 2008 a 2015, os subs\u00eddios federais saltaram de 0,26% para 1,13% do PIB, boa parte deles atrav\u00e9s dos juros menores para empr\u00e9stimos empresariais atrav\u00e9s do BNDES. Esses foram concedidos a alguns setores empresariais durante a crise financeira internacional de 2008\/2009. Por\u00e9m, superada a crise da \u00e9poca, os subs\u00eddios n\u00e3o apenas continuaram como aumentaram.<br \/>\nNo mesmo per\u00edodo, os investimentos p\u00fablicos, j\u00e1 baixos para padr\u00f5es internacionais, depois de subirem de 0,84% do PIB em 2008 para 1,15% em 2010, ca\u00edram para 0,66% em 2015. A partir de 2011, o governo Federal fez uma op\u00e7\u00e3o para incentivar os investimentos privados, que acabaram n\u00e3o se efetivando como era esperado. Esses dados foram apresentados pelo economista do IPEA, S\u00e9rgio Gobetti, no VI Semin\u00e1rio do Centro Internacional sobre Governo da UFRGS, realizado no dia 23 de maio.<br \/>\nTamb\u00e9m relacionado \u00e0 crise de 2008\/2009, o governo federal aumentou as desonera\u00e7\u00f5es fiscais. Isso contribuiu para as receitas federais ca\u00edrem de 23,01% do PIB em 2008 para 21,71% em 2010. E, a partir de 2015, com uma nova crise econ\u00f4mica agravada por uma crise pol\u00edtica, as receitas federais tiveram nova queda, chegando a 20,62% do PIB.<br \/>\nO economista do IPEA fez um exerc\u00edcio comparativo. De acordo com ele, as despesas federais com juros nominais passaram de R$ 115 bilh\u00f5es em 2002 para R$ 162 bilh\u00f5es em 2008 e R$ 397 bilh\u00f5es em 2015. No mesmo per\u00edodo, os benef\u00edcios sociais (previd\u00eancia, seguro-desemprego, LOAS e Bolsa-fam\u00edlia) aumentaram de R$ 278 bilh\u00f5es em 2002 para R$ 336 bilh\u00f5es em 2008 e para R$ 436 bilh\u00f5es em 2015. Ele somou os subs\u00eddios aos juros para chegar \u00e0 chamada \u201cbolsa-empres\u00e1rio\u201d. Assim, de 2002 a 2008, enquanto os benef\u00edcios sociais tiveram um aumento real de R$ 138 bilh\u00f5es a \u201cbolsa-empres\u00e1rio\u201d, R$ 47 bilh\u00f5es. J\u00e1 de 2008 a 2015, houve uma invers\u00e3o, com a \u201cbolsa-empres\u00e1rio tendo um incremento real substantivo de R$ 295 bilh\u00f5es e os benef\u00edcios sociais novamente de R$ 138 bilh\u00f5es.<br \/>\n<img loading=\"lazy\" decoding=\"async\" class=\"alignnone size-full wp-image-36049\" src=\"https:\/\/www.jornalja.com.br\/wp-content\/uploads\/2016\/07\/grafico1.jpg\" alt=\"grafico1\" width=\"522\" height=\"349\" \/><br \/>\nAo vincular o crescimento dos gastos p\u00fablicos totais \u00e0 infla\u00e7\u00e3o, o que representa a queda real per capita, o interino Temer vai al\u00e9m dessa medida. Ele pretende mudar o modelo de Estado, implementando o ide\u00e1rio neoliberal, n\u00e3o radicalizado nem nas fases mais caracter\u00edsticas dos governos Collor e FHC. Medidas como essa PEC temer\u00e1ria jamais seriam aprovadas pelas urnas e s\u00f3 s\u00e3o levadas adiante em per\u00edodos de exce\u00e7\u00e3o democr\u00e1tica. A sua aprova\u00e7\u00e3o aumentar\u00e1 o d\u00e9ficit acumulado nas \u00e1reas da sa\u00fade, educa\u00e7\u00e3o e assist\u00eancia social do Pa\u00eds. Apenas a press\u00e3o da sociedade e dos setores populares poder\u00e1 impedir esse retrocesso, que pode levar o Brasil \u00e0 fase anterior \u00e0 Constitui\u00e7\u00e3o Federal de 1988.<br \/>\n&nbsp;<\/p>\n","protected":false},"excerpt":{"rendered":"<p>Volnei Picolotto O governo interino do vice-presidente Michel Temer pretende estabelecer por 20 anos um teto para os gastos prim\u00e1rios de todos os poderes e \u00f3rg\u00e3os da Uni\u00e3o. Nesse per\u00edodo, seria permitido apenas o reajuste com base na infla\u00e7\u00e3o oficial do ano anterior. Essa mudan\u00e7a consta na Proposta de Emenda \u00e0 Constitui\u00e7\u00e3o (PEC) n\u00ba. 421\/2016, [&hellip;]<\/p>\n","protected":false},"author":4,"featured_media":36052,"comment_status":"open","ping_status":"closed","sticky":false,"template":"","format":"standard","meta":{"_jetpack_newsletter_access":"","_jetpack_dont_email_post_to_subs":false,"_jetpack_newsletter_tier_id":0,"_jetpack_memberships_contains_paywalled_content":false,"_jetpack_feature_clip_id":0,"_jetpack_memberships_contains_paid_content":false,"footnotes":"","jetpack_post_was_ever_published":false},"categories":[2011,2012],"tags":[],"class_list":["post-36044","post","type-post","status-publish","format-standard","has-post-thumbnail","hentry","category-destaque","category-debates"],"aioseo_notices":[],"aioseo_head":"\n\t\t<!-- All in One SEO 5.0.1.1 - aioseo.com -->\n\t<meta name=\"robots\" content=\"max-image-preview:large\" \/>\n\t<meta name=\"author\" content=\"da Reda\u00e7\u00e3o\"\/>\n\t<link rel=\"canonical\" href=\"https:\/\/www.jornalja.com.br\/arquivo\/congelar-os-gastos-publicos-temeridade-e-desastre\/\" \/>\n\t<meta name=\"generator\" content=\"All in One SEO (AIOSEO) 5.0.1.1\" \/>\n\t\t<meta property=\"og:locale\" content=\"pt_BR\" \/>\n\t\t<meta property=\"og:site_name\" content=\"Arquivo | Jornal J\u00c1 | Porto Alegre\" \/>\n\t\t<meta property=\"og:type\" content=\"article\" \/>\n\t\t<meta property=\"og:title\" content=\"Congelar os gastos p\u00fablicos: temeridade e desastre | Arquivo\" \/>\n\t\t<meta property=\"og:url\" content=\"https:\/\/www.jornalja.com.br\/arquivo\/congelar-os-gastos-publicos-temeridade-e-desastre\/\" \/>\n\t\t<meta property=\"og:image\" content=\"https:\/\/www.jornalja.com.br\/wp-content\/uploads\/2016\/07\/tabela1.jpg\" \/>\n\t\t<meta property=\"og:image:secure_url\" content=\"https:\/\/www.jornalja.com.br\/wp-content\/uploads\/2016\/07\/tabela1.jpg\" \/>\n\t\t<meta property=\"article:published_time\" content=\"2016-07-07T04:53:22+00:00\" \/>\n\t\t<meta property=\"article:modified_time\" content=\"2016-07-07T04:53:22+00:00\" \/>\n\t\t<meta name=\"twitter:card\" content=\"summary\" \/>\n\t\t<meta name=\"twitter:title\" content=\"Congelar os gastos p\u00fablicos: temeridade e desastre | Arquivo\" \/>\n\t\t<meta name=\"twitter:image\" content=\"https:\/\/www.jornalja.com.br\/economics\/wp-content\/uploads\/sites\/11\/2026\/08\/ja-folhaderosto-facebook.jpg\" \/>\n\t\t<script type=\"application\/ld+json\" class=\"aioseo-schema\">\n\t\t\t{\"@context\":\"https:\\\/\\\/schema.org\",\"@graph\":[{\"@type\":\"BlogPosting\",\"@id\":\"https:\\\/\\\/www.jornalja.com.br\\\/arquivo\\\/congelar-os-gastos-publicos-temeridade-e-desastre\\\/#blogposting\",\"name\":\"Congelar os gastos p\\u00fablicos: temeridade e desastre | Arquivo\",\"headline\":\"Congelar os gastos p\\u00fablicos: temeridade e desastre\",\"author\":{\"@id\":\"https:\\\/\\\/www.jornalja.com.br\\\/arquivo\\\/author\\\/daredacao\\\/#author\"},\"publisher\":{\"@id\":\"https:\\\/\\\/www.jornalja.com.br\\\/arquivo\\\/#organization\"},\"image\":{\"@type\":\"ImageObject\",\"url\":36052},\"datePublished\":\"2016-07-07T01:53:22-03:00\",\"dateModified\":\"2016-07-07T01:53:22-03:00\",\"inLanguage\":\"pt-BR\",\"mainEntityOfPage\":{\"@id\":\"https:\\\/\\\/www.jornalja.com.br\\\/arquivo\\\/congelar-os-gastos-publicos-temeridade-e-desastre\\\/#webpage\"},\"isPartOf\":{\"@id\":\"https:\\\/\\\/www.jornalja.com.br\\\/arquivo\\\/congelar-os-gastos-publicos-temeridade-e-desastre\\\/#webpage\"},\"articleSection\":\"CDD-artigo em destaque, HOTSITE Comit\\u00ea pela Democracia\"},{\"@type\":\"BreadcrumbList\",\"@id\":\"https:\\\/\\\/www.jornalja.com.br\\\/arquivo\\\/congelar-os-gastos-publicos-temeridade-e-desastre\\\/#breadcrumblist\",\"itemListElement\":[{\"@type\":\"ListItem\",\"@id\":\"https:\\\/\\\/www.jornalja.com.br\\\/arquivo#listItem\",\"position\":1,\"name\":\"Home\",\"item\":\"https:\\\/\\\/www.jornalja.com.br\\\/arquivo\",\"nextItem\":{\"@type\":\"ListItem\",\"@id\":\"https:\\\/\\\/www.jornalja.com.br\\\/arquivo\\\/category\\\/destaque\\\/#listItem\",\"name\":\"CDD-artigo em destaque\"}},{\"@type\":\"ListItem\",\"@id\":\"https:\\\/\\\/www.jornalja.com.br\\\/arquivo\\\/category\\\/destaque\\\/#listItem\",\"position\":2,\"name\":\"CDD-artigo em destaque\",\"item\":\"https:\\\/\\\/www.jornalja.com.br\\\/arquivo\\\/category\\\/destaque\\\/\",\"nextItem\":{\"@type\":\"ListItem\",\"@id\":\"https:\\\/\\\/www.jornalja.com.br\\\/arquivo\\\/congelar-os-gastos-publicos-temeridade-e-desastre\\\/#listItem\",\"name\":\"Congelar os gastos p\\u00fablicos: temeridade e desastre\"},\"previousItem\":{\"@type\":\"ListItem\",\"@id\":\"https:\\\/\\\/www.jornalja.com.br\\\/arquivo#listItem\",\"name\":\"Home\"}},{\"@type\":\"ListItem\",\"@id\":\"https:\\\/\\\/www.jornalja.com.br\\\/arquivo\\\/congelar-os-gastos-publicos-temeridade-e-desastre\\\/#listItem\",\"position\":3,\"name\":\"Congelar os gastos p\\u00fablicos: temeridade e desastre\",\"previousItem\":{\"@type\":\"ListItem\",\"@id\":\"https:\\\/\\\/www.jornalja.com.br\\\/arquivo\\\/category\\\/destaque\\\/#listItem\",\"name\":\"CDD-artigo em destaque\"}}]},{\"@type\":\"Organization\",\"@id\":\"https:\\\/\\\/www.jornalja.com.br\\\/arquivo\\\/#organization\",\"name\":\"Jornal J\\u00c1\",\"description\":\"Jornal J\\u00c1 | Porto Alegre\",\"url\":\"https:\\\/\\\/www.jornalja.com.br\\\/arquivo\\\/\",\"telephone\":\"+555133307272\",\"logo\":{\"@type\":\"ImageObject\",\"url\":\"https:\\\/\\\/www.jornalja.com.br\\\/wp-content\\\/uploads\\\/cards\\\/JAslogan.png\",\"@id\":\"https:\\\/\\\/www.jornalja.com.br\\\/arquivo\\\/congelar-os-gastos-publicos-temeridade-e-desastre\\\/#organizationLogo\"},\"image\":{\"@id\":\"https:\\\/\\\/www.jornalja.com.br\\\/arquivo\\\/congelar-os-gastos-publicos-temeridade-e-desastre\\\/#organizationLogo\"}},{\"@type\":\"Person\",\"@id\":\"https:\\\/\\\/www.jornalja.com.br\\\/arquivo\\\/author\\\/daredacao\\\/#author\",\"url\":\"https:\\\/\\\/www.jornalja.com.br\\\/arquivo\\\/author\\\/daredacao\\\/\",\"name\":\"da Reda\\u00e7\\u00e3o\",\"image\":{\"@type\":\"ImageObject\",\"@id\":\"https:\\\/\\\/www.jornalja.com.br\\\/arquivo\\\/congelar-os-gastos-publicos-temeridade-e-desastre\\\/#authorImage\",\"url\":\"https:\\\/\\\/secure.gravatar.com\\\/avatar\\\/469fd857d6605ad19919d27ed29d35a968a25f6e8fd9318356bbb7f57aae9c65?s=96&d=mm&r=g\",\"width\":96,\"height\":96,\"caption\":\"da Reda\\u00e7\\u00e3o\"}},{\"@type\":\"WebPage\",\"@id\":\"https:\\\/\\\/www.jornalja.com.br\\\/arquivo\\\/congelar-os-gastos-publicos-temeridade-e-desastre\\\/#webpage\",\"url\":\"https:\\\/\\\/www.jornalja.com.br\\\/arquivo\\\/congelar-os-gastos-publicos-temeridade-e-desastre\\\/\",\"name\":\"Congelar os gastos p\\u00fablicos: temeridade e desastre | Arquivo\",\"inLanguage\":\"pt-BR\",\"isPartOf\":{\"@id\":\"https:\\\/\\\/www.jornalja.com.br\\\/arquivo\\\/#website\"},\"breadcrumb\":{\"@id\":\"https:\\\/\\\/www.jornalja.com.br\\\/arquivo\\\/congelar-os-gastos-publicos-temeridade-e-desastre\\\/#breadcrumblist\"},\"author\":{\"@id\":\"https:\\\/\\\/www.jornalja.com.br\\\/arquivo\\\/author\\\/daredacao\\\/#author\"},\"creator\":{\"@id\":\"https:\\\/\\\/www.jornalja.com.br\\\/arquivo\\\/author\\\/daredacao\\\/#author\"},\"image\":{\"@type\":\"ImageObject\",\"url\":36052,\"@id\":\"https:\\\/\\\/www.jornalja.com.br\\\/arquivo\\\/congelar-os-gastos-publicos-temeridade-e-desastre\\\/#mainImage\"},\"primaryImageOfPage\":{\"@id\":\"https:\\\/\\\/www.jornalja.com.br\\\/arquivo\\\/congelar-os-gastos-publicos-temeridade-e-desastre\\\/#mainImage\"},\"datePublished\":\"2016-07-07T01:53:22-03:00\",\"dateModified\":\"2016-07-07T01:53:22-03:00\"},{\"@type\":\"WebSite\",\"@id\":\"https:\\\/\\\/www.jornalja.com.br\\\/arquivo\\\/#website\",\"url\":\"https:\\\/\\\/www.jornalja.com.br\\\/arquivo\\\/\",\"name\":\"Arquivo\",\"description\":\"Jornal J\\u00c1 | Porto Alegre\",\"inLanguage\":\"pt-BR\",\"publisher\":{\"@id\":\"https:\\\/\\\/www.jornalja.com.br\\\/arquivo\\\/#organization\"}}]}\n\t\t<\/script>\n\t\t<!-- All in One SEO -->\n\n","aioseo_head_json":{"title":"Congelar os gastos p\u00fablicos: temeridade e desastre | Arquivo","description":"","canonical_url":"https:\/\/www.jornalja.com.br\/arquivo\/congelar-os-gastos-publicos-temeridade-e-desastre\/","robots":"max-image-preview:large","keywords":"","webmasterTools":{"miscellaneous":""},"schema":{"@context":"https:\/\/schema.org","@graph":[{"@type":"BlogPosting","@id":"https:\/\/www.jornalja.com.br\/arquivo\/congelar-os-gastos-publicos-temeridade-e-desastre\/#blogposting","name":"Congelar os gastos p\u00fablicos: temeridade e desastre | Arquivo","headline":"Congelar os gastos p\u00fablicos: temeridade e desastre","author":{"@id":"https:\/\/www.jornalja.com.br\/arquivo\/author\/daredacao\/#author"},"publisher":{"@id":"https:\/\/www.jornalja.com.br\/arquivo\/#organization"},"image":{"@type":"ImageObject","url":36052},"datePublished":"2016-07-07T01:53:22-03:00","dateModified":"2016-07-07T01:53:22-03:00","inLanguage":"pt-BR","mainEntityOfPage":{"@id":"https:\/\/www.jornalja.com.br\/arquivo\/congelar-os-gastos-publicos-temeridade-e-desastre\/#webpage"},"isPartOf":{"@id":"https:\/\/www.jornalja.com.br\/arquivo\/congelar-os-gastos-publicos-temeridade-e-desastre\/#webpage"},"articleSection":"CDD-artigo em destaque, HOTSITE Comit\u00ea pela Democracia"},{"@type":"BreadcrumbList","@id":"https:\/\/www.jornalja.com.br\/arquivo\/congelar-os-gastos-publicos-temeridade-e-desastre\/#breadcrumblist","itemListElement":[{"@type":"ListItem","@id":"https:\/\/www.jornalja.com.br\/arquivo#listItem","position":1,"name":"Home","item":"https:\/\/www.jornalja.com.br\/arquivo","nextItem":{"@type":"ListItem","@id":"https:\/\/www.jornalja.com.br\/arquivo\/category\/destaque\/#listItem","name":"CDD-artigo em destaque"}},{"@type":"ListItem","@id":"https:\/\/www.jornalja.com.br\/arquivo\/category\/destaque\/#listItem","position":2,"name":"CDD-artigo em destaque","item":"https:\/\/www.jornalja.com.br\/arquivo\/category\/destaque\/","nextItem":{"@type":"ListItem","@id":"https:\/\/www.jornalja.com.br\/arquivo\/congelar-os-gastos-publicos-temeridade-e-desastre\/#listItem","name":"Congelar os gastos p\u00fablicos: temeridade e desastre"},"previousItem":{"@type":"ListItem","@id":"https:\/\/www.jornalja.com.br\/arquivo#listItem","name":"Home"}},{"@type":"ListItem","@id":"https:\/\/www.jornalja.com.br\/arquivo\/congelar-os-gastos-publicos-temeridade-e-desastre\/#listItem","position":3,"name":"Congelar os gastos p\u00fablicos: temeridade e desastre","previousItem":{"@type":"ListItem","@id":"https:\/\/www.jornalja.com.br\/arquivo\/category\/destaque\/#listItem","name":"CDD-artigo em destaque"}}]},{"@type":"Organization","@id":"https:\/\/www.jornalja.com.br\/arquivo\/#organization","name":"Jornal J\u00c1","description":"Jornal J\u00c1 | Porto Alegre","url":"https:\/\/www.jornalja.com.br\/arquivo\/","telephone":"+555133307272","logo":{"@type":"ImageObject","url":"https:\/\/www.jornalja.com.br\/wp-content\/uploads\/cards\/JAslogan.png","@id":"https:\/\/www.jornalja.com.br\/arquivo\/congelar-os-gastos-publicos-temeridade-e-desastre\/#organizationLogo"},"image":{"@id":"https:\/\/www.jornalja.com.br\/arquivo\/congelar-os-gastos-publicos-temeridade-e-desastre\/#organizationLogo"}},{"@type":"Person","@id":"https:\/\/www.jornalja.com.br\/arquivo\/author\/daredacao\/#author","url":"https:\/\/www.jornalja.com.br\/arquivo\/author\/daredacao\/","name":"da Reda\u00e7\u00e3o","image":{"@type":"ImageObject","@id":"https:\/\/www.jornalja.com.br\/arquivo\/congelar-os-gastos-publicos-temeridade-e-desastre\/#authorImage","url":"https:\/\/secure.gravatar.com\/avatar\/469fd857d6605ad19919d27ed29d35a968a25f6e8fd9318356bbb7f57aae9c65?s=96&d=mm&r=g","width":96,"height":96,"caption":"da Reda\u00e7\u00e3o"}},{"@type":"WebPage","@id":"https:\/\/www.jornalja.com.br\/arquivo\/congelar-os-gastos-publicos-temeridade-e-desastre\/#webpage","url":"https:\/\/www.jornalja.com.br\/arquivo\/congelar-os-gastos-publicos-temeridade-e-desastre\/","name":"Congelar os gastos p\u00fablicos: temeridade e desastre | Arquivo","inLanguage":"pt-BR","isPartOf":{"@id":"https:\/\/www.jornalja.com.br\/arquivo\/#website"},"breadcrumb":{"@id":"https:\/\/www.jornalja.com.br\/arquivo\/congelar-os-gastos-publicos-temeridade-e-desastre\/#breadcrumblist"},"author":{"@id":"https:\/\/www.jornalja.com.br\/arquivo\/author\/daredacao\/#author"},"creator":{"@id":"https:\/\/www.jornalja.com.br\/arquivo\/author\/daredacao\/#author"},"image":{"@type":"ImageObject","url":36052,"@id":"https:\/\/www.jornalja.com.br\/arquivo\/congelar-os-gastos-publicos-temeridade-e-desastre\/#mainImage"},"primaryImageOfPage":{"@id":"https:\/\/www.jornalja.com.br\/arquivo\/congelar-os-gastos-publicos-temeridade-e-desastre\/#mainImage"},"datePublished":"2016-07-07T01:53:22-03:00","dateModified":"2016-07-07T01:53:22-03:00"},{"@type":"WebSite","@id":"https:\/\/www.jornalja.com.br\/arquivo\/#website","url":"https:\/\/www.jornalja.com.br\/arquivo\/","name":"Arquivo","description":"Jornal J\u00c1 | Porto Alegre","inLanguage":"pt-BR","publisher":{"@id":"https:\/\/www.jornalja.com.br\/arquivo\/#organization"}}]},"og:locale":"pt_BR","og:site_name":"Arquivo | Jornal J\u00c1 | Porto Alegre","og:type":"article","og:title":"Congelar os gastos p\u00fablicos: temeridade e desastre | Arquivo","og:url":"https:\/\/www.jornalja.com.br\/arquivo\/congelar-os-gastos-publicos-temeridade-e-desastre\/","og:image":"https:\/\/www.jornalja.com.br\/wp-content\/uploads\/2016\/07\/tabela1.jpg","og:image:secure_url":"https:\/\/www.jornalja.com.br\/wp-content\/uploads\/2016\/07\/tabela1.jpg","article:published_time":"2016-07-07T04:53:22+00:00","article:modified_time":"2016-07-07T04:53:22+00:00","twitter:card":"summary","twitter:title":"Congelar os gastos p\u00fablicos: temeridade e desastre | Arquivo","twitter:image":"https:\/\/www.jornalja.com.br\/economics\/wp-content\/uploads\/sites\/11\/2026\/08\/ja-folhaderosto-facebook.jpg"},"aioseo_meta_data":{"post_id":"36044","title":null,"description":null,"keywords":null,"keyphrases":null,"primary_term":null,"canonical_url":null,"og_title":null,"og_description":null,"og_object_type":"default","og_image_type":"default","og_image_url":null,"og_image_width":null,"og_image_height":null,"og_image_custom_url":null,"og_image_custom_fields":null,"og_video":null,"og_custom_url":null,"og_article_section":null,"og_article_tags":null,"twitter_use_og":false,"twitter_card":"default","twitter_image_type":"default","twitter_image_url":null,"twitter_image_custom_url":null,"twitter_image_custom_fields":null,"twitter_title":null,"twitter_description":null,"schema":{"blockGraphs":[],"customGraphs":[],"default":{"data":{"Article":[],"Course":[],"Dataset":[],"FAQPage":[],"Movie":[],"Person":[],"Product":[],"ProductReview":[],"Car":[],"Recipe":[],"Service":[],"SoftwareApplication":[],"WebPage":[]},"graphName":"","isEnabled":true},"graphs":[],"defaultGraph":"","defaultPostTypeGraph":""},"schema_type":null,"schema_type_options":null,"pillar_content":false,"robots_default":true,"robots_noindex":false,"robots_noarchive":false,"robots_nosnippet":false,"robots_nofollow":false,"robots_noimageindex":false,"robots_noodp":false,"robots_notranslate":false,"robots_max_snippet":null,"robots_max_videopreview":null,"robots_max_imagepreview":"large","priority":null,"frequency":null,"location":null,"local_seo":null,"breadcrumb_settings":null,"limit_modified_date":false,"ai":null,"created":"2020-12-20 20:54:29","updated":"2025-07-19 15:06:23","seo_analyzer_scan_date":null,"focus_keyword":null,"additional_keywords":null,"truseo_locale":null},"jetpack_sharing_enabled":true,"jetpack-related-posts":[{"id":13240,"url":"https:\/\/www.jornalja.com.br\/arquivo\/plano-diretor-estamos-construindo-o-caos\/","url_meta":{"origin":36044,"position":0},"title":"Plano diretor: &quot;Estamos construindo o caos&quot;","author":"Patr\u00edcia Marini","date":"26 de maio de 2014","format":false,"excerpt":"Desabafo que arquiteta Eliana Castilhos, delegada da Regi\u00e3o de Planejamento 1, postou nas redes sociais \u00e9 um testemunho do ambiente que se criou no Conselho do Plano Diretor de Porto Alegre, onde a aprova\u00e7\u00e3o de grandes empreendimentos \u00e9 empurrada guela abaixo dos conselheiros. Ao CMDUA Como delegada da Regi\u00e3o de\u2026","rel":"","context":"Em &quot;Geral&quot;","block_context":{"text":"Geral","link":"https:\/\/www.jornalja.com.br\/arquivo\/category\/geral\/"},"img":{"alt_text":"","src":"","width":0,"height":0},"classes":[]},{"id":5440,"url":"https:\/\/www.jornalja.com.br\/arquivo\/casarao-da-venancio-destino-permanece-incerto\/","url_meta":{"origin":36044,"position":1},"title":"Estado ainda n\u00e3o sabe o que fazer com casar\u00e3o abandonado h\u00e1 20 anos","author":"Elmar Bones","date":"6 de julho de 2009","format":false,"excerpt":"O casar\u00e3o amarelo, numa esquina nobre de Porto Alegre (Ven\u00e2ncio Aires com Jo\u00e3o Pessoa), j\u00e1 abrigou uma escola. H\u00e1 duas d\u00e9cadas, pelo menos, est\u00e1 abandonado, porque seu propriet\u00e1rio, o governo do Estado do Rio Grande do Sul, n\u00e3o consegue achar um destino para ele. Planos n\u00e3o faltaram. O governador Ol\u00edvio\u2026","rel":"","context":"Em &quot;X.Categorias velhas&quot;","block_context":{"text":"X.Categorias velhas","link":"https:\/\/www.jornalja.com.br\/arquivo\/category\/x-categorias-velhas\/"},"img":{"alt_text":"geraldo1","src":"https:\/\/i0.wp.com\/www.jornalja.com.br\/wp-content\/uploads\/2009\/07\/geraldo1.jpg?resize=350%2C200&ssl=1","width":350,"height":200},"classes":[]},{"id":13109,"url":"https:\/\/www.jornalja.com.br\/arquivo\/judiciario-reconhece-poluicao-eletromagnetica\/","url_meta":{"origin":36044,"position":2},"title":"Judici\u00e1rio reconhece polui\u00e7\u00e3o eletromagn\u00e9tica","author":"Patr\u00edcia Marini","date":"16 de maio de 2014","format":false,"excerpt":"A\u00e7\u00e3o de duas associa\u00e7\u00f5es de moradores foi acolhida pelo Tribunal de Justi\u00e7a de S\u00e3o Paulo que. em decis\u00e3o in\u00e9dita, determinou a redu\u00e7\u00e3o do campo eletromagn\u00e9tico gerado pelas linhas de transmiss\u00e3o de energia que cortam os bairros City Boa\u00e7ava e Alto de Pinheiros. \u00c9 a primeira vez que um tribunal do\u2026","rel":"","context":"Em &quot;X.Categorias velhas&quot;","block_context":{"text":"X.Categorias velhas","link":"https:\/\/www.jornalja.com.br\/arquivo\/category\/x-categorias-velhas\/"},"img":{"alt_text":"","src":"","width":0,"height":0},"classes":[]},{"id":14241,"url":"https:\/\/www.jornalja.com.br\/arquivo\/o-guaiba-nas-imagens-poeticas-de-achutti\/","url_meta":{"origin":36044,"position":3},"title":"O Gua\u00edba nas imagens po\u00e9ticas de Achutti","author":"da Reda\u00e7\u00e3o","date":"18 de junho de 2014","format":false,"excerpt":"Em \u201cO Gua\u00edba por Achutti\u201d \u2013 obra financiada via Minist\u00e9rio da Cultura, produ\u00e7\u00e3o executiva de Pedro Longhi, e Fl\u00e1vio Wild como designer \u2013, o fot\u00f3grafo revela a beleza e as mazelas de um espa\u00e7o aqu\u00e1tico de \u00e1guas sempre renovadas, cheio de hist\u00f3rias e lendas como as das cidades que foram\u2026","rel":"","context":"Em &quot;Cultura-Geral&quot;","block_context":{"text":"Cultura-Geral","link":"https:\/\/www.jornalja.com.br\/arquivo\/category\/materiasecundaria\/"},"img":{"alt_text":"","src":"","width":0,"height":0},"classes":[]},{"id":13128,"url":"https:\/\/www.jornalja.com.br\/arquivo\/maconha-terra-diz-que-uso-medicinal-e-desculpa\/","url_meta":{"origin":36044,"position":4},"title":"Maconha: Terra diz que uso medicinal \u00e9 desculpa","author":"Patr\u00edcia Marini","date":"4 de junho de 2014","format":false,"excerpt":"A condi\u00e7\u00e3o de pol\u00edtico, em \u00e9poca de campanha de campanha eleitoral, tira for\u00e7a do discurso do m\u00e9dico Osmar Terra contra a legaliza\u00e7\u00e3o da maconha. A tese dele de que a libera\u00e7\u00e3o vai ampliar exponencialmente o consumo \u00e9 discutivel, o consumo \u00e9 corrente. Mas seus alertas quanto aos riscos tem que\u2026","rel":"","context":"Em &quot;X.Categorias velhas&quot;","block_context":{"text":"X.Categorias velhas","link":"https:\/\/www.jornalja.com.br\/arquivo\/category\/x-categorias-velhas\/"},"img":{"alt_text":"","src":"","width":0,"height":0},"classes":[]},{"id":13124,"url":"https:\/\/www.jornalja.com.br\/arquivo\/sangue-latino-no-iecine\/","url_meta":{"origin":36044,"position":5},"title":"Sangue latino no IECINE","author":"da Reda\u00e7\u00e3o","date":"18 de maio de 2014","format":false,"excerpt":"Francisco Ribeiro O Instituto Estadual de Cinema (IECINE) tem a frente, desde abril \u00faltimo, um novo diretor, o cineasta colombiano Juan Zapata, 36, que substitui Luiz Alberto Cassol. Radicado h\u00e1 dez anos em Porto Alegre, Zapata tem diante de si o desafio de conduzir at\u00e9 o final do ano um\u2026","rel":"","context":"Em &quot;Cultura-Geral&quot;","block_context":{"text":"Cultura-Geral","link":"https:\/\/www.jornalja.com.br\/arquivo\/category\/materiasecundaria\/"},"img":{"alt_text":"","src":"","width":0,"height":0},"classes":[]}],"jetpack_shortlink":"https:\/\/wp.me\/pbQjBd-9nm","jetpack_featured_media_url":"","_links":{"self":[{"href":"https:\/\/www.jornalja.com.br\/arquivo\/wp-json\/wp\/v2\/posts\/36044","targetHints":{"allow":["GET"]}}],"collection":[{"href":"https:\/\/www.jornalja.com.br\/arquivo\/wp-json\/wp\/v2\/posts"}],"about":[{"href":"https:\/\/www.jornalja.com.br\/arquivo\/wp-json\/wp\/v2\/types\/post"}],"author":[{"embeddable":true,"href":"https:\/\/www.jornalja.com.br\/arquivo\/wp-json\/wp\/v2\/users\/4"}],"replies":[{"embeddable":true,"href":"https:\/\/www.jornalja.com.br\/arquivo\/wp-json\/wp\/v2\/comments?post=36044"}],"version-history":[{"count":0,"href":"https:\/\/www.jornalja.com.br\/arquivo\/wp-json\/wp\/v2\/posts\/36044\/revisions"}],"wp:attachment":[{"href":"https:\/\/www.jornalja.com.br\/arquivo\/wp-json\/wp\/v2\/media?parent=36044"}],"wp:term":[{"taxonomy":"category","embeddable":true,"href":"https:\/\/www.jornalja.com.br\/arquivo\/wp-json\/wp\/v2\/categories?post=36044"},{"taxonomy":"post_tag","embeddable":true,"href":"https:\/\/www.jornalja.com.br\/arquivo\/wp-json\/wp\/v2\/tags?post=36044"}],"curies":[{"name":"wp","href":"https:\/\/api.w.org\/{rel}","templated":true}]}}