{"id":36141,"date":"2016-07-10T11:21:39","date_gmt":"2016-07-10T14:21:39","guid":{"rendered":"https:\/\/www.jornalja.com.br\/?p=36141"},"modified":"2016-07-10T11:21:39","modified_gmt":"2016-07-10T14:21:39","slug":"o-x-da-questao-do-teto-dos-gastos-publicos","status":"publish","type":"post","link":"https:\/\/www.jornalja.com.br\/arquivo\/o-x-da-questao-do-teto-dos-gastos-publicos\/","title":{"rendered":"O X da quest\u00e3o do teto dos gastos p\u00fablicos"},"content":{"rendered":"<p>Apito Brasil &#8211; Sindicato do Banco Central<br \/>\nO quarto item da justificativa de fundamenta\u00e7\u00e3o da proposta de emenda constitucional que cria teto para os gastos p\u00fablicos traz uma afirma\u00e7\u00e3o poderosa que cativou de imediato a simpatia da grande imprensa e o apoio de formadores de opini\u00e3o p\u00fablica: a de que a raiz do problema fiscal do Governo federal est\u00e1 no crescimento acelerado da despesa p\u00fablica prim\u00e1ria, que variou 51% acima da infla\u00e7\u00e3o, s\u00f3 no per\u00edodo de 2008 a 2015, enquanto a\u00a0performance\u00a0da receita no mesmo per\u00edodo teria sido de apenas 14,5%. \u201cTorna-se, portanto, necess\u00e1rio estabilizar o crescimento da despesa prim\u00e1ria, como instrumento para conter a expans\u00e3o da d\u00edvida p\u00fablica.\u201d<br \/>\nAo apresentar esses dados de maneira bin\u00e1ria, sem contexto, o governo interino de Michel Temer tenta jogar nas costas do funcionalismo p\u00fablico federal e das rubricas de sa\u00fade e educa\u00e7\u00e3o a responsabilidade pelo desajuste financeiro da Uni\u00e3o. O art\u00edfice de toda essa ret\u00f3rica \u2013 o ministro da Fazenda Henrique Meirelles \u2013 quer fazer a sociedade crer que a medida \u201cessencial para recolocar a economia em trajet\u00f3ria de crescimento, com gera\u00e7\u00e3o de renda e empregos\u201d \u00e9 congelar o sal\u00e1rio do servidor p\u00fablico, sobretudo do Executivo, e desvincular da receita as despesas com sa\u00fade e educa\u00e7\u00e3o.<br \/>\nO que o ministro da Fazenda n\u00e3o conta \u00e9 que nenhuma coisa nem outra \u00e9 a vil\u00e3 da diferen\u00e7a de 42 pontos percentuais verificada entre a evolu\u00e7\u00e3o da despesa e da receita \u2013 pegando o pr\u00f3prio exemplo dado na justificativa da PEC 241\/2016. N\u00e3o \u00e9 preciso o uso de matem\u00e1tica financeira para perceber que existe uma contradi\u00e7\u00e3o nesse argumento. \u00c9 s\u00f3 usar a l\u00f3gica, em seu sentido mais puro. Se considerarmos que a despesa \u00e9 fator X, a receita \u00e9 fator Y e que o percentual dos gastos com educa\u00e7\u00e3o e sa\u00fade, fator Z, est\u00e1 fixado em rela\u00e7\u00e3o ao fator Y, logo se deduz que o aumento da diferen\u00e7a entre X e Y n\u00e3o decorre do fator Z, justamente porque ele est\u00e1 rigorosamente atrelado percentualmente \u00e0 evolu\u00e7\u00e3o de Y.<br \/>\nEnt\u00e3o, se n\u00e3o podemos responsabilizar a educa\u00e7\u00e3o e a sa\u00fade pelo desajuste nas contas p\u00fablicas, talvez seja a despesa com o funcionalismo a grande culpada pelo estado das coisas. S\u00f3 que mais uma vez, a premissa est\u00e1 eivada de v\u00edcios. Mas desta vez, ser\u00e1 preciso usar equa\u00e7\u00f5es matem\u00e1ticas para demonstrar as ambiguidades das afirma\u00e7\u00f5es usadas pelo governo para legitimar a PEC do teto dos gastos p\u00fablicos.<br \/>\nNo ciclo do governo de Fernando Henrique Cardoso, que foi de 1995 a 2002, os gastos com o funcionalismo correspondiam a 55% da receita da Uni\u00e3o. Hoje, essa correla\u00e7\u00e3o \u00e9 de apenas 40%, 15 pontos percentuais a menos. Ora, se os custos com o funcionalismo ca\u00edram em rela\u00e7\u00e3o \u00e0 receita, tamb\u00e9m n\u00e3o se pode atribuir ao servidor p\u00fablico a culpa pela crise fiscal do pa\u00eds.<br \/>\nSe esses dois aspectos \u2013 funcionalismo e desvincula\u00e7\u00e3o de receita \u2013, que s\u00e3o a raz\u00e3o de existir da PEC 241\/2016, n\u00e3o causaram o desequil\u00edbrio das contas p\u00fablicas, quais foram os fatores de aumento desordenado das despesas? Onde foi aplicado esse dinheiro? Quem o consumiu? Por qual ralo escoaram recursos t\u00e3o valiosos para a sociedade?<br \/>\nSe forem sinceras as motiva\u00e7\u00f5es do novo governo de neutralizar a verdadeira fonte de tamanho desajuste or\u00e7ament\u00e1rio, Temer e Meirelles ser\u00e3o obrigados a olhar para o lado e, para desespero do mercado, deparar-se com o \u00f3bvio: as despesas foram infladas ao longo desses anos por uma forte e continuada pol\u00edtica de endividamento do Estado, a um custo elevado para o pa\u00eds. Um simples aumento de um ponto percentual na taxa Selic, por exemplo, provoca um custo fiscal entre R$ 15 bilh\u00f5es e R$ 20 bilh\u00f5es. As despesas com juros acumuladas de junho de 2014 a junho de 2015, foram da ordem de R$ 420 bilh\u00f5es. Nada menos de 45% do or\u00e7amento da Uni\u00e3o \u00e9 para a rolagem da d\u00edvida e o pagamento dos juros.<br \/>\nEm junho de 2015, com o pa\u00eds j\u00e1 em recess\u00e3o, a rela\u00e7\u00e3o d\u00edvida\/PIB ficou em 63%, o pior resultado da Hist\u00f3ria. No mesmo m\u00eas de 2014, estava em 55% do PIB. Para analistas do mercado, o grande temor \u00e9 o de que a d\u00edvida bruta ultrapasse os 70% do PIB, e indicador levaria o pa\u00eds a novo rebaixamento pelas ag\u00eancias de risco.<br \/>\nOs servidores p\u00fablicos n\u00e3o est\u00e3o em disson\u00e2ncia com os anseios da sociedade brasileira nem descolados da realidade. Defendem tamb\u00e9m um ajuste de contas, desde que feito com qualidade, de maneira a favorecer a recupera\u00e7\u00e3o da economia. O funcionalismo j\u00e1 aceitou dar sua cota ao acordar um reajuste salarial muito abaixo da infla\u00e7\u00e3o. Mas o que se v\u00ea nas inten\u00e7\u00f5es anunciadas pelo governo interino s\u00e3o a\u00e7\u00f5es mais contundentes, aproveitando o desequil\u00edbrio fiscal para tomar medidas que debilitam o Estado, em especial os programas que promovem o bem-estar.<br \/>\n\u00c9 preciso inverter essa l\u00f3gica, porque a discuss\u00e3o que se fez at\u00e9 aqui, com caminhos que contemplam maior ou menor\u00a0super\u00e1vit\u00a0prim\u00e1rio, n\u00e3o vai \u00e0 raiz do problema. Os cortes no or\u00e7amento e a pol\u00edtica de juros altos n\u00e3o s\u00e3o utilizados para reduzir os gastos do Estado e torn\u00e1-lo mais eficiente. S\u00e3o, no fundo, mecanismos para facilitar a descomunal transfer\u00eancia de renda para uma classe que sempre expropriou o Estado.<br \/>\nChegamos, ent\u00e3o, \u00e0 conclus\u00e3o de que estamos diante de,no m\u00ednimo, uma desonestidade intelectual propalada por quem defende a tese da PEC do teto dos gastos. Vimos que a justificativa do governo, quando colocada em perspectiva, ganha sentido real, desmistifica certos dogmas reiteradamente vendidos como verdadeiros e criminaliza a d\u00edvida interna, hoje acima de R$ 3 trilh\u00f5es. Se se quer colocar no cadafalso princ\u00edpios p\u00e9treos e direitos constitucionais, que ao menos sejam mais transparentes e menos dissimulados, a fim de que haja um debate franco de ideias, mas que tamb\u00e9m se tenha a coragem de discutir o DNA da d\u00edvida interna. Afinal, quem e por que temem uma auditoria na d\u00edvida p\u00fablica?<br \/>\nEdi\u00e7\u00e3o 98 \u2013 8\/7\/2016 SINDICATO DO BANCO CENTRAL &#8211; SINAL<br \/>\nAPITO BRASIL &#8211; EDI\u00c7\u00c3O 98\/16<\/p>\n","protected":false},"excerpt":{"rendered":"<p>Apito Brasil &#8211; Sindicato do Banco Central O quarto item da justificativa de fundamenta\u00e7\u00e3o da proposta de emenda constitucional que cria teto para os gastos p\u00fablicos traz uma afirma\u00e7\u00e3o poderosa que cativou de imediato a simpatia da grande imprensa e o apoio de formadores de opini\u00e3o p\u00fablica: a de que a raiz do problema fiscal [&hellip;]<\/p>\n","protected":false},"author":4,"featured_media":0,"comment_status":"open","ping_status":"closed","sticky":false,"template":"","format":"standard","meta":{"_jetpack_newsletter_access":"","_jetpack_dont_email_post_to_subs":false,"_jetpack_newsletter_tier_id":0,"_jetpack_memberships_contains_paywalled_content":false,"_jetpack_feature_clip_id":0,"_jetpack_memberships_contains_paid_content":false,"footnotes":"","jetpack_post_was_ever_published":false},"categories":[2013,2012],"tags":[],"class_list":["post-36141","post","type-post","status-publish","format-standard","hentry","category-cdd-mural","category-debates"],"aioseo_notices":[],"aioseo_head":"\n\t\t<!-- All in One SEO 5.0.1.1 - aioseo.com -->\n\t<meta name=\"robots\" content=\"max-image-preview:large\" \/>\n\t<meta name=\"author\" content=\"da Reda\u00e7\u00e3o\"\/>\n\t<link rel=\"canonical\" href=\"https:\/\/www.jornalja.com.br\/arquivo\/o-x-da-questao-do-teto-dos-gastos-publicos\/\" \/>\n\t<meta name=\"generator\" content=\"All in One SEO (AIOSEO) 5.0.1.1\" \/>\n\t\t<meta property=\"og:locale\" content=\"pt_BR\" \/>\n\t\t<meta property=\"og:site_name\" content=\"Arquivo | Jornal J\u00c1 | Porto Alegre\" \/>\n\t\t<meta property=\"og:type\" content=\"article\" \/>\n\t\t<meta property=\"og:title\" content=\"O X da quest\u00e3o do teto dos gastos p\u00fablicos | Arquivo\" \/>\n\t\t<meta property=\"og:url\" content=\"https:\/\/www.jornalja.com.br\/arquivo\/o-x-da-questao-do-teto-dos-gastos-publicos\/\" \/>\n\t\t<meta property=\"og:image\" content=\"https:\/\/www.jornalja.com.br\/economics\/wp-content\/uploads\/sites\/11\/2026\/08\/ja-folhaderosto-facebook.jpg\" \/>\n\t\t<meta property=\"og:image:secure_url\" content=\"https:\/\/www.jornalja.com.br\/economics\/wp-content\/uploads\/sites\/11\/2026\/08\/ja-folhaderosto-facebook.jpg\" \/>\n\t\t<meta property=\"article:published_time\" content=\"2016-07-10T14:21:39+00:00\" \/>\n\t\t<meta property=\"article:modified_time\" content=\"2016-07-10T14:21:39+00:00\" \/>\n\t\t<meta name=\"twitter:card\" content=\"summary\" \/>\n\t\t<meta name=\"twitter:title\" content=\"O X da quest\u00e3o do teto dos gastos p\u00fablicos | Arquivo\" \/>\n\t\t<meta name=\"twitter:image\" content=\"https:\/\/www.jornalja.com.br\/economics\/wp-content\/uploads\/sites\/11\/2026\/08\/ja-folhaderosto-facebook.jpg\" \/>\n\t\t<script type=\"application\/ld+json\" class=\"aioseo-schema\">\n\t\t\t{\"@context\":\"https:\\\/\\\/schema.org\",\"@graph\":[{\"@type\":\"BlogPosting\",\"@id\":\"https:\\\/\\\/www.jornalja.com.br\\\/arquivo\\\/o-x-da-questao-do-teto-dos-gastos-publicos\\\/#blogposting\",\"name\":\"O X da quest\\u00e3o do teto dos gastos p\\u00fablicos | Arquivo\",\"headline\":\"O X da quest\\u00e3o do teto dos gastos p\\u00fablicos\",\"author\":{\"@id\":\"https:\\\/\\\/www.jornalja.com.br\\\/arquivo\\\/author\\\/daredacao\\\/#author\"},\"publisher\":{\"@id\":\"https:\\\/\\\/www.jornalja.com.br\\\/arquivo\\\/#organization\"},\"image\":{\"@type\":\"ImageObject\",\"url\":\"https:\\\/\\\/www.jornalja.com.br\\\/wp-content\\\/uploads\\\/cards\\\/JAslogan.png\",\"@id\":\"https:\\\/\\\/www.jornalja.com.br\\\/arquivo\\\/#articleImage\"},\"datePublished\":\"2016-07-10T11:21:39-03:00\",\"dateModified\":\"2016-07-10T11:21:39-03:00\",\"inLanguage\":\"pt-BR\",\"mainEntityOfPage\":{\"@id\":\"https:\\\/\\\/www.jornalja.com.br\\\/arquivo\\\/o-x-da-questao-do-teto-dos-gastos-publicos\\\/#webpage\"},\"isPartOf\":{\"@id\":\"https:\\\/\\\/www.jornalja.com.br\\\/arquivo\\\/o-x-da-questao-do-teto-dos-gastos-publicos\\\/#webpage\"},\"articleSection\":\"CDD-MURAL, HOTSITE Comit\\u00ea pela Democracia\"},{\"@type\":\"BreadcrumbList\",\"@id\":\"https:\\\/\\\/www.jornalja.com.br\\\/arquivo\\\/o-x-da-questao-do-teto-dos-gastos-publicos\\\/#breadcrumblist\",\"itemListElement\":[{\"@type\":\"ListItem\",\"@id\":\"https:\\\/\\\/www.jornalja.com.br\\\/arquivo#listItem\",\"position\":1,\"name\":\"Home\",\"item\":\"https:\\\/\\\/www.jornalja.com.br\\\/arquivo\",\"nextItem\":{\"@type\":\"ListItem\",\"@id\":\"https:\\\/\\\/www.jornalja.com.br\\\/arquivo\\\/category\\\/debates\\\/#listItem\",\"name\":\"HOTSITE Comit\\u00ea pela Democracia\"}},{\"@type\":\"ListItem\",\"@id\":\"https:\\\/\\\/www.jornalja.com.br\\\/arquivo\\\/category\\\/debates\\\/#listItem\",\"position\":2,\"name\":\"HOTSITE Comit\\u00ea pela Democracia\",\"item\":\"https:\\\/\\\/www.jornalja.com.br\\\/arquivo\\\/category\\\/debates\\\/\",\"nextItem\":{\"@type\":\"ListItem\",\"@id\":\"https:\\\/\\\/www.jornalja.com.br\\\/arquivo\\\/o-x-da-questao-do-teto-dos-gastos-publicos\\\/#listItem\",\"name\":\"O X da quest\\u00e3o do teto dos gastos p\\u00fablicos\"},\"previousItem\":{\"@type\":\"ListItem\",\"@id\":\"https:\\\/\\\/www.jornalja.com.br\\\/arquivo#listItem\",\"name\":\"Home\"}},{\"@type\":\"ListItem\",\"@id\":\"https:\\\/\\\/www.jornalja.com.br\\\/arquivo\\\/o-x-da-questao-do-teto-dos-gastos-publicos\\\/#listItem\",\"position\":3,\"name\":\"O X da quest\\u00e3o do teto dos gastos p\\u00fablicos\",\"previousItem\":{\"@type\":\"ListItem\",\"@id\":\"https:\\\/\\\/www.jornalja.com.br\\\/arquivo\\\/category\\\/debates\\\/#listItem\",\"name\":\"HOTSITE Comit\\u00ea pela Democracia\"}}]},{\"@type\":\"Organization\",\"@id\":\"https:\\\/\\\/www.jornalja.com.br\\\/arquivo\\\/#organization\",\"name\":\"Jornal J\\u00c1\",\"description\":\"Jornal J\\u00c1 | Porto Alegre\",\"url\":\"https:\\\/\\\/www.jornalja.com.br\\\/arquivo\\\/\",\"telephone\":\"+555133307272\",\"logo\":{\"@type\":\"ImageObject\",\"url\":\"https:\\\/\\\/www.jornalja.com.br\\\/wp-content\\\/uploads\\\/cards\\\/JAslogan.png\",\"@id\":\"https:\\\/\\\/www.jornalja.com.br\\\/arquivo\\\/o-x-da-questao-do-teto-dos-gastos-publicos\\\/#organizationLogo\"},\"image\":{\"@id\":\"https:\\\/\\\/www.jornalja.com.br\\\/arquivo\\\/o-x-da-questao-do-teto-dos-gastos-publicos\\\/#organizationLogo\"}},{\"@type\":\"Person\",\"@id\":\"https:\\\/\\\/www.jornalja.com.br\\\/arquivo\\\/author\\\/daredacao\\\/#author\",\"url\":\"https:\\\/\\\/www.jornalja.com.br\\\/arquivo\\\/author\\\/daredacao\\\/\",\"name\":\"da Reda\\u00e7\\u00e3o\",\"image\":{\"@type\":\"ImageObject\",\"@id\":\"https:\\\/\\\/www.jornalja.com.br\\\/arquivo\\\/o-x-da-questao-do-teto-dos-gastos-publicos\\\/#authorImage\",\"url\":\"https:\\\/\\\/secure.gravatar.com\\\/avatar\\\/469fd857d6605ad19919d27ed29d35a968a25f6e8fd9318356bbb7f57aae9c65?s=96&d=mm&r=g\",\"width\":96,\"height\":96,\"caption\":\"da Reda\\u00e7\\u00e3o\"}},{\"@type\":\"WebPage\",\"@id\":\"https:\\\/\\\/www.jornalja.com.br\\\/arquivo\\\/o-x-da-questao-do-teto-dos-gastos-publicos\\\/#webpage\",\"url\":\"https:\\\/\\\/www.jornalja.com.br\\\/arquivo\\\/o-x-da-questao-do-teto-dos-gastos-publicos\\\/\",\"name\":\"O X da quest\\u00e3o do teto dos gastos p\\u00fablicos | Arquivo\",\"inLanguage\":\"pt-BR\",\"isPartOf\":{\"@id\":\"https:\\\/\\\/www.jornalja.com.br\\\/arquivo\\\/#website\"},\"breadcrumb\":{\"@id\":\"https:\\\/\\\/www.jornalja.com.br\\\/arquivo\\\/o-x-da-questao-do-teto-dos-gastos-publicos\\\/#breadcrumblist\"},\"author\":{\"@id\":\"https:\\\/\\\/www.jornalja.com.br\\\/arquivo\\\/author\\\/daredacao\\\/#author\"},\"creator\":{\"@id\":\"https:\\\/\\\/www.jornalja.com.br\\\/arquivo\\\/author\\\/daredacao\\\/#author\"},\"datePublished\":\"2016-07-10T11:21:39-03:00\",\"dateModified\":\"2016-07-10T11:21:39-03:00\"},{\"@type\":\"WebSite\",\"@id\":\"https:\\\/\\\/www.jornalja.com.br\\\/arquivo\\\/#website\",\"url\":\"https:\\\/\\\/www.jornalja.com.br\\\/arquivo\\\/\",\"name\":\"Arquivo\",\"description\":\"Jornal J\\u00c1 | Porto Alegre\",\"inLanguage\":\"pt-BR\",\"publisher\":{\"@id\":\"https:\\\/\\\/www.jornalja.com.br\\\/arquivo\\\/#organization\"}}]}\n\t\t<\/script>\n\t\t<!-- All in One SEO -->\n\n","aioseo_head_json":{"title":"O X da quest\u00e3o do teto dos gastos p\u00fablicos | Arquivo","description":"","canonical_url":"https:\/\/www.jornalja.com.br\/arquivo\/o-x-da-questao-do-teto-dos-gastos-publicos\/","robots":"max-image-preview:large","keywords":"","webmasterTools":{"miscellaneous":""},"schema":{"@context":"https:\/\/schema.org","@graph":[{"@type":"BlogPosting","@id":"https:\/\/www.jornalja.com.br\/arquivo\/o-x-da-questao-do-teto-dos-gastos-publicos\/#blogposting","name":"O X da quest\u00e3o do teto dos gastos p\u00fablicos | Arquivo","headline":"O X da quest\u00e3o do teto dos gastos p\u00fablicos","author":{"@id":"https:\/\/www.jornalja.com.br\/arquivo\/author\/daredacao\/#author"},"publisher":{"@id":"https:\/\/www.jornalja.com.br\/arquivo\/#organization"},"image":{"@type":"ImageObject","url":"https:\/\/www.jornalja.com.br\/wp-content\/uploads\/cards\/JAslogan.png","@id":"https:\/\/www.jornalja.com.br\/arquivo\/#articleImage"},"datePublished":"2016-07-10T11:21:39-03:00","dateModified":"2016-07-10T11:21:39-03:00","inLanguage":"pt-BR","mainEntityOfPage":{"@id":"https:\/\/www.jornalja.com.br\/arquivo\/o-x-da-questao-do-teto-dos-gastos-publicos\/#webpage"},"isPartOf":{"@id":"https:\/\/www.jornalja.com.br\/arquivo\/o-x-da-questao-do-teto-dos-gastos-publicos\/#webpage"},"articleSection":"CDD-MURAL, HOTSITE Comit\u00ea pela Democracia"},{"@type":"BreadcrumbList","@id":"https:\/\/www.jornalja.com.br\/arquivo\/o-x-da-questao-do-teto-dos-gastos-publicos\/#breadcrumblist","itemListElement":[{"@type":"ListItem","@id":"https:\/\/www.jornalja.com.br\/arquivo#listItem","position":1,"name":"Home","item":"https:\/\/www.jornalja.com.br\/arquivo","nextItem":{"@type":"ListItem","@id":"https:\/\/www.jornalja.com.br\/arquivo\/category\/debates\/#listItem","name":"HOTSITE Comit\u00ea pela Democracia"}},{"@type":"ListItem","@id":"https:\/\/www.jornalja.com.br\/arquivo\/category\/debates\/#listItem","position":2,"name":"HOTSITE Comit\u00ea pela Democracia","item":"https:\/\/www.jornalja.com.br\/arquivo\/category\/debates\/","nextItem":{"@type":"ListItem","@id":"https:\/\/www.jornalja.com.br\/arquivo\/o-x-da-questao-do-teto-dos-gastos-publicos\/#listItem","name":"O X da quest\u00e3o do teto dos gastos p\u00fablicos"},"previousItem":{"@type":"ListItem","@id":"https:\/\/www.jornalja.com.br\/arquivo#listItem","name":"Home"}},{"@type":"ListItem","@id":"https:\/\/www.jornalja.com.br\/arquivo\/o-x-da-questao-do-teto-dos-gastos-publicos\/#listItem","position":3,"name":"O X da quest\u00e3o do teto dos gastos p\u00fablicos","previousItem":{"@type":"ListItem","@id":"https:\/\/www.jornalja.com.br\/arquivo\/category\/debates\/#listItem","name":"HOTSITE Comit\u00ea pela Democracia"}}]},{"@type":"Organization","@id":"https:\/\/www.jornalja.com.br\/arquivo\/#organization","name":"Jornal J\u00c1","description":"Jornal J\u00c1 | Porto Alegre","url":"https:\/\/www.jornalja.com.br\/arquivo\/","telephone":"+555133307272","logo":{"@type":"ImageObject","url":"https:\/\/www.jornalja.com.br\/wp-content\/uploads\/cards\/JAslogan.png","@id":"https:\/\/www.jornalja.com.br\/arquivo\/o-x-da-questao-do-teto-dos-gastos-publicos\/#organizationLogo"},"image":{"@id":"https:\/\/www.jornalja.com.br\/arquivo\/o-x-da-questao-do-teto-dos-gastos-publicos\/#organizationLogo"}},{"@type":"Person","@id":"https:\/\/www.jornalja.com.br\/arquivo\/author\/daredacao\/#author","url":"https:\/\/www.jornalja.com.br\/arquivo\/author\/daredacao\/","name":"da Reda\u00e7\u00e3o","image":{"@type":"ImageObject","@id":"https:\/\/www.jornalja.com.br\/arquivo\/o-x-da-questao-do-teto-dos-gastos-publicos\/#authorImage","url":"https:\/\/secure.gravatar.com\/avatar\/469fd857d6605ad19919d27ed29d35a968a25f6e8fd9318356bbb7f57aae9c65?s=96&d=mm&r=g","width":96,"height":96,"caption":"da Reda\u00e7\u00e3o"}},{"@type":"WebPage","@id":"https:\/\/www.jornalja.com.br\/arquivo\/o-x-da-questao-do-teto-dos-gastos-publicos\/#webpage","url":"https:\/\/www.jornalja.com.br\/arquivo\/o-x-da-questao-do-teto-dos-gastos-publicos\/","name":"O X da quest\u00e3o do teto dos gastos p\u00fablicos | Arquivo","inLanguage":"pt-BR","isPartOf":{"@id":"https:\/\/www.jornalja.com.br\/arquivo\/#website"},"breadcrumb":{"@id":"https:\/\/www.jornalja.com.br\/arquivo\/o-x-da-questao-do-teto-dos-gastos-publicos\/#breadcrumblist"},"author":{"@id":"https:\/\/www.jornalja.com.br\/arquivo\/author\/daredacao\/#author"},"creator":{"@id":"https:\/\/www.jornalja.com.br\/arquivo\/author\/daredacao\/#author"},"datePublished":"2016-07-10T11:21:39-03:00","dateModified":"2016-07-10T11:21:39-03:00"},{"@type":"WebSite","@id":"https:\/\/www.jornalja.com.br\/arquivo\/#website","url":"https:\/\/www.jornalja.com.br\/arquivo\/","name":"Arquivo","description":"Jornal J\u00c1 | Porto Alegre","inLanguage":"pt-BR","publisher":{"@id":"https:\/\/www.jornalja.com.br\/arquivo\/#organization"}}]},"og:locale":"pt_BR","og:site_name":"Arquivo | Jornal J\u00c1 | Porto Alegre","og:type":"article","og:title":"O X da quest\u00e3o do teto dos gastos p\u00fablicos | Arquivo","og:url":"https:\/\/www.jornalja.com.br\/arquivo\/o-x-da-questao-do-teto-dos-gastos-publicos\/","og:image":"https:\/\/www.jornalja.com.br\/economics\/wp-content\/uploads\/sites\/11\/2026\/08\/ja-folhaderosto-facebook.jpg","og:image:secure_url":"https:\/\/www.jornalja.com.br\/economics\/wp-content\/uploads\/sites\/11\/2026\/08\/ja-folhaderosto-facebook.jpg","article:published_time":"2016-07-10T14:21:39+00:00","article:modified_time":"2016-07-10T14:21:39+00:00","twitter:card":"summary","twitter:title":"O X da quest\u00e3o do teto dos gastos p\u00fablicos | Arquivo","twitter:image":"https:\/\/www.jornalja.com.br\/economics\/wp-content\/uploads\/sites\/11\/2026\/08\/ja-folhaderosto-facebook.jpg"},"aioseo_meta_data":{"post_id":"36141","title":null,"description":null,"keywords":null,"keyphrases":null,"primary_term":null,"canonical_url":null,"og_title":null,"og_description":null,"og_object_type":"default","og_image_type":"default","og_image_url":null,"og_image_width":null,"og_image_height":null,"og_image_custom_url":null,"og_image_custom_fields":null,"og_video":null,"og_custom_url":null,"og_article_section":null,"og_article_tags":null,"twitter_use_og":false,"twitter_card":"default","twitter_image_type":"default","twitter_image_url":null,"twitter_image_custom_url":null,"twitter_image_custom_fields":null,"twitter_title":null,"twitter_description":null,"schema":{"blockGraphs":[],"customGraphs":[],"default":{"data":{"Article":[],"Course":[],"Dataset":[],"FAQPage":[],"Movie":[],"Person":[],"Product":[],"ProductReview":[],"Car":[],"Recipe":[],"Service":[],"SoftwareApplication":[],"WebPage":[]},"graphName":"","isEnabled":true},"graphs":[],"defaultGraph":"","defaultPostTypeGraph":""},"schema_type":null,"schema_type_options":null,"pillar_content":false,"robots_default":true,"robots_noindex":false,"robots_noarchive":false,"robots_nosnippet":false,"robots_nofollow":false,"robots_noimageindex":false,"robots_noodp":false,"robots_notranslate":false,"robots_max_snippet":null,"robots_max_videopreview":null,"robots_max_imagepreview":"large","priority":null,"frequency":null,"location":null,"local_seo":null,"breadcrumb_settings":null,"limit_modified_date":false,"ai":null,"created":"2020-12-20 20:54:29","updated":"2025-07-19 15:07:52","seo_analyzer_scan_date":null,"focus_keyword":null,"additional_keywords":null,"truseo_locale":null},"jetpack_sharing_enabled":true,"jetpack-related-posts":[{"id":5440,"url":"https:\/\/www.jornalja.com.br\/arquivo\/casarao-da-venancio-destino-permanece-incerto\/","url_meta":{"origin":36141,"position":0},"title":"Estado ainda n\u00e3o sabe o que fazer com casar\u00e3o abandonado h\u00e1 20 anos","author":"Elmar Bones","date":"6 de julho de 2009","format":false,"excerpt":"O casar\u00e3o amarelo, numa esquina nobre de Porto Alegre (Ven\u00e2ncio Aires com Jo\u00e3o Pessoa), j\u00e1 abrigou uma escola. H\u00e1 duas d\u00e9cadas, pelo menos, est\u00e1 abandonado, porque seu propriet\u00e1rio, o governo do Estado do Rio Grande do Sul, n\u00e3o consegue achar um destino para ele. Planos n\u00e3o faltaram. O governador Ol\u00edvio\u2026","rel":"","context":"Em &quot;X.Categorias velhas&quot;","block_context":{"text":"X.Categorias velhas","link":"https:\/\/www.jornalja.com.br\/arquivo\/category\/x-categorias-velhas\/"},"img":{"alt_text":"geraldo1","src":"https:\/\/i0.wp.com\/www.jornalja.com.br\/wp-content\/uploads\/2009\/07\/geraldo1.jpg?resize=350%2C200&ssl=1","width":350,"height":200},"classes":[]},{"id":12960,"url":"https:\/\/www.jornalja.com.br\/arquivo\/populacao-culpa-empresas-pela-greve-dos-rodoviarios\/","url_meta":{"origin":36141,"position":1},"title":"Popula\u00e7\u00e3o culpa empresas pela greve","author":"Patr\u00edcia Marini","date":"14 de fevereiro de 2014","format":false,"excerpt":"Pesquisa divulgada na edi\u00e7\u00e3o do jornal Metro desta sexta-feira,14, comprova o velho ditado: \u00e9 poss\u00edvel enganar muitos por algum tempo, mas n\u00e3o \u00e9 poss\u00edvel enganar a todos o tempo inteiro. A principal revela\u00e7\u00e3o foi que 59,8% dos entrevistados apontaram as empresas como as principais respons\u00e1veis pela grave e 46% culparam\u2026","rel":"","context":"Em &quot;X.Categorias velhas&quot;","block_context":{"text":"X.Categorias velhas","link":"https:\/\/www.jornalja.com.br\/arquivo\/category\/x-categorias-velhas\/"},"img":{"alt_text":"","src":"","width":0,"height":0},"classes":[]},{"id":13101,"url":"https:\/\/www.jornalja.com.br\/arquivo\/morre-um-guerreiro-do-texto\/","url_meta":{"origin":36141,"position":2},"title":"Morre um guerreiro do texto","author":"Patr\u00edcia Marini","date":"14 de maio de 2014","format":false,"excerpt":"Por Ricardo Kotscho Reproduzido do blog do autor, 11\/5\/2014; t\u00edtulo original \u201cE l\u00e1 se foi o nosso Myltainho, guerreiro do texto\u201d. Mi\u00fado e franzino, meu amigo Myltainho era um valente e inconformado guerreiro na luta contra as injusti\u00e7as sociais, a hipocrisia, as maracutaias, o autoritarismo, a intoler\u00e2ncia, a viol\u00eancia, o\u2026","rel":"","context":"Em &quot;Geral&quot;","block_context":{"text":"Geral","link":"https:\/\/www.jornalja.com.br\/arquivo\/category\/geral\/"},"img":{"alt_text":"","src":"","width":0,"height":0},"classes":[]},{"id":13240,"url":"https:\/\/www.jornalja.com.br\/arquivo\/plano-diretor-estamos-construindo-o-caos\/","url_meta":{"origin":36141,"position":3},"title":"Plano diretor: &quot;Estamos construindo o caos&quot;","author":"Patr\u00edcia Marini","date":"26 de maio de 2014","format":false,"excerpt":"Desabafo que arquiteta Eliana Castilhos, delegada da Regi\u00e3o de Planejamento 1, postou nas redes sociais \u00e9 um testemunho do ambiente que se criou no Conselho do Plano Diretor de Porto Alegre, onde a aprova\u00e7\u00e3o de grandes empreendimentos \u00e9 empurrada guela abaixo dos conselheiros. Ao CMDUA Como delegada da Regi\u00e3o de\u2026","rel":"","context":"Em &quot;Geral&quot;","block_context":{"text":"Geral","link":"https:\/\/www.jornalja.com.br\/arquivo\/category\/geral\/"},"img":{"alt_text":"","src":"","width":0,"height":0},"classes":[]},{"id":13128,"url":"https:\/\/www.jornalja.com.br\/arquivo\/maconha-terra-diz-que-uso-medicinal-e-desculpa\/","url_meta":{"origin":36141,"position":4},"title":"Maconha: Terra diz que uso medicinal \u00e9 desculpa","author":"Patr\u00edcia Marini","date":"4 de junho de 2014","format":false,"excerpt":"A condi\u00e7\u00e3o de pol\u00edtico, em \u00e9poca de campanha de campanha eleitoral, tira for\u00e7a do discurso do m\u00e9dico Osmar Terra contra a legaliza\u00e7\u00e3o da maconha. A tese dele de que a libera\u00e7\u00e3o vai ampliar exponencialmente o consumo \u00e9 discutivel, o consumo \u00e9 corrente. Mas seus alertas quanto aos riscos tem que\u2026","rel":"","context":"Em &quot;X.Categorias velhas&quot;","block_context":{"text":"X.Categorias velhas","link":"https:\/\/www.jornalja.com.br\/arquivo\/category\/x-categorias-velhas\/"},"img":{"alt_text":"","src":"","width":0,"height":0},"classes":[]},{"id":13109,"url":"https:\/\/www.jornalja.com.br\/arquivo\/judiciario-reconhece-poluicao-eletromagnetica\/","url_meta":{"origin":36141,"position":5},"title":"Judici\u00e1rio reconhece polui\u00e7\u00e3o eletromagn\u00e9tica","author":"Patr\u00edcia Marini","date":"16 de maio de 2014","format":false,"excerpt":"A\u00e7\u00e3o de duas associa\u00e7\u00f5es de moradores foi acolhida pelo Tribunal de Justi\u00e7a de S\u00e3o Paulo que. em decis\u00e3o in\u00e9dita, determinou a redu\u00e7\u00e3o do campo eletromagn\u00e9tico gerado pelas linhas de transmiss\u00e3o de energia que cortam os bairros City Boa\u00e7ava e Alto de Pinheiros. \u00c9 a primeira vez que um tribunal do\u2026","rel":"","context":"Em &quot;X.Categorias velhas&quot;","block_context":{"text":"X.Categorias velhas","link":"https:\/\/www.jornalja.com.br\/arquivo\/category\/x-categorias-velhas\/"},"img":{"alt_text":"","src":"","width":0,"height":0},"classes":[]}],"jetpack_shortlink":"https:\/\/wp.me\/pbQjBd-9oV","jetpack_featured_media_url":"","_links":{"self":[{"href":"https:\/\/www.jornalja.com.br\/arquivo\/wp-json\/wp\/v2\/posts\/36141","targetHints":{"allow":["GET"]}}],"collection":[{"href":"https:\/\/www.jornalja.com.br\/arquivo\/wp-json\/wp\/v2\/posts"}],"about":[{"href":"https:\/\/www.jornalja.com.br\/arquivo\/wp-json\/wp\/v2\/types\/post"}],"author":[{"embeddable":true,"href":"https:\/\/www.jornalja.com.br\/arquivo\/wp-json\/wp\/v2\/users\/4"}],"replies":[{"embeddable":true,"href":"https:\/\/www.jornalja.com.br\/arquivo\/wp-json\/wp\/v2\/comments?post=36141"}],"version-history":[{"count":0,"href":"https:\/\/www.jornalja.com.br\/arquivo\/wp-json\/wp\/v2\/posts\/36141\/revisions"}],"wp:attachment":[{"href":"https:\/\/www.jornalja.com.br\/arquivo\/wp-json\/wp\/v2\/media?parent=36141"}],"wp:term":[{"taxonomy":"category","embeddable":true,"href":"https:\/\/www.jornalja.com.br\/arquivo\/wp-json\/wp\/v2\/categories?post=36141"},{"taxonomy":"post_tag","embeddable":true,"href":"https:\/\/www.jornalja.com.br\/arquivo\/wp-json\/wp\/v2\/tags?post=36141"}],"curies":[{"name":"wp","href":"https:\/\/api.w.org\/{rel}","templated":true}]}}