{"id":36417,"date":"2016-07-15T15:33:14","date_gmt":"2016-07-15T18:33:14","guid":{"rendered":"https:\/\/www.jornalja.com.br\/?p=36417"},"modified":"2016-07-15T15:33:14","modified_gmt":"2016-07-15T18:33:14","slug":"colecao-particular-de-obras-de-arte-em-breve-exposicao","status":"publish","type":"post","link":"https:\/\/www.jornalja.com.br\/arquivo\/colecao-particular-de-obras-de-arte-em-breve-exposicao\/","title":{"rendered":"Cole\u00e7\u00e3o particular de obras de arte em breve exposi\u00e7\u00e3o"},"content":{"rendered":"<p>Oportunidade \u00fanica para os amantes da arte, a partir deste s\u00e1bado, na zona Sul de Porto Alegre &#8211; tanto para os que conhecem e podem comprar, quanto aos que querem s\u00f3 apreciar as pe\u00e7as antes que algu\u00e9m as compre.<br \/>\nO casal de atores Nora Prado e Gabriel Guimard aproveita as f\u00e9rias em Porto Alegre com a fam\u00edlia para expor cinquenta pe\u00e7as da sua cole\u00e7\u00e3o particular, formada ao longo de d\u00e9cadas. Trouxeram miniaturas, desenhos, gravuras e esculturas.<br \/>\nS\u00e3o obras de artistas como Vasco Prado, Luiz Solari, Carlos Scliar,\u00a0Marcelo Grassmann, Trindade Leal, Gl\u00eanio Bianchetti, Jo\u00e3o Bez Batti, Floriano Teixeira, Jo\u00e3o\u00a0Luiz Roth e Ana Luiza Alegria, entre outros. S\u00e3o desenhos, gravuras, esculturas e miniaturas.<br \/>\n<img loading=\"lazy\" decoding=\"async\" class=\"size-medium wp-image-36459 alignleft\" src=\"https:\/\/www.jornalja.com.br\/wp-content\/uploads\/2016\/07\/MARIANA-4-fundo-transparente-foto-da-Nora-1-62x300.png\" alt=\"MARIANA 4 - fundo transparente - foto da Nora (1)\" width=\"62\" height=\"300\" \/>Nora \u00e9 filha da artista visual Zoravia Bettiol e do escultor Vasco Prado, falecido em 1998. Gabriel Guimard \u00e9 paulista, estudou na Escola Nacional de Circo da Fran\u00e7a, tem importante trajet\u00f3ria na arte m\u00edmica. Juntos, formam a Companhia Megamimi desde 1995, quando ele voltou da Europa.<br \/>\nA obras estar\u00e3o expostas no est\u00fadio de Zoravia Bettiol, na Vila Assun\u00e7\u00e3o. Estar\u00e3o todas \u00e0 venda, e\u00a0poder\u00e3o ser adquiridas \u00e0 vista ou em pagamento parcelado (cheque). Abaixo, imagens de algumas das cinquenta pe\u00e7as da mostra:<br \/>\n<figure id=\"attachment_36423\" aria-describedby=\"caption-attachment-36423\" style=\"width: 508px\" class=\"wp-caption alignnone\"><img loading=\"lazy\" decoding=\"async\" class=\"wp-image-36423 size-full\" src=\"https:\/\/www.jornalja.com.br\/wp-content\/uploads\/2016\/07\/02-Jogo-de-Inf\u00e2ncia-ou-a-Solid\u00e3o-de-Tope-Brasileiro-Jo\u00e3o-Luiz-Roth-Bico-de-pena-Pe\u00e7a-\u00fanica-H-275-X-L-19-cm-R.jpg\" alt=\"Jogo de Inf\u00e2ncia ou a Solid\u00e3o de Tope, bico-de-pena do brasileiro Jo\u00e3o Luiz Roth. Pe\u00e7a \u00fanica. \" width=\"508\" height=\"724\" \/><figcaption id=\"caption-attachment-36423\" class=\"wp-caption-text\">Jogo de Inf\u00e2ncia ou a Solid\u00e3o de Tope, bico-de-pena de Jo\u00e3o Luiz Roth. Pe\u00e7a \u00fanica.<\/figcaption><\/figure><br \/>\n<figure id=\"attachment_36425\" aria-describedby=\"caption-attachment-36425\" style=\"width: 495px\" class=\"wp-caption alignnone\"><img loading=\"lazy\" decoding=\"async\" class=\"wp-image-36425 size-full\" src=\"https:\/\/www.jornalja.com.br\/wp-content\/uploads\/2016\/07\/03-Luiz-Solari-Uruguaio-Marioneta-Azul-D\u00e9cada-de-80-Gravura-em-Metal-H-42-X-L-35-cm-R-4.00000.jpg\" alt=\"03 Luiz Solari - Uruguaio - Marioneta Azul - D\u00e9cada de 80 - Gravura em Metal - H 42 X L 35 cm - R$ 4.000,00\" width=\"495\" height=\"620\" \/><figcaption id=\"caption-attachment-36425\" class=\"wp-caption-text\">Marioneta Azul, gravura em metal da d\u00e9cada de 1980 do uruguaio Luiz Solari. Mede 42 cm por 35 cm, cotada a 4 mil reais<\/figcaption><\/figure><br \/>\n<figure id=\"attachment_36430\" aria-describedby=\"caption-attachment-36430\" style=\"width: 725px\" class=\"wp-caption alignnone\"><img loading=\"lazy\" decoding=\"async\" class=\"wp-image-36430 size-full\" src=\"https:\/\/www.jornalja.com.br\/wp-content\/uploads\/2016\/07\/41-Vasco-pRado-Brasileiro-Penumbra-1977-L\u00e1pis-sobre-papel-H-66-X-L-96-cm-R-4.50000.jpg\" alt=\"Vasco Prado precisou apenas de l\u00e1pis e papel para fazer Penumbra, de 1977. Mede 66 cm por 96 cm. \u00c0 venda por 4.500 reais\" width=\"725\" height=\"497\" \/><figcaption id=\"caption-attachment-36430\" class=\"wp-caption-text\">Vasco Prado precisou apenas de grafite e papel para fazer Penumbra, de 1977. Mede 66 cm por 96 cm. \u00e0 venda por 4.500 reais<\/figcaption><\/figure><br \/>\n&nbsp;<br \/>\n<span class=\"intertit\">Servi\u00e7o:<\/span><br \/>\nMOSTRA: Obras da Cole\u00e7\u00e3o Nora Prado e Gabriel Guimard<br \/>\nLOCAL: Est\u00fadio Zoravia Bettiol \u2013 Rua Dr. Possid\u00f4nio da Cunha, 272 | Vila Assun\u00e7\u00e3o | Fone: (51)\u00a03354-2456 e (51) 9351-8143.<br \/>\nINAUGURA\u00c7\u00c3O: S\u00e1bado, dia 16 de julho de 2016, das 15 \u00e0s 19h.<br \/>\nVISITA\u00c7\u00c3O: dias 18, 19 e 20 de julho, das 10 \u00e0s 12h e das 14 \u00e0s 18h.<br \/>\n&nbsp;<\/p>\n","protected":false},"excerpt":{"rendered":"<p>Oportunidade \u00fanica para os amantes da arte, a partir deste s\u00e1bado, na zona Sul de Porto Alegre &#8211; tanto para os que conhecem e podem comprar, quanto aos que querem s\u00f3 apreciar as pe\u00e7as antes que algu\u00e9m as compre. O casal de atores Nora Prado e Gabriel Guimard aproveita as f\u00e9rias em Porto Alegre com [&hellip;]<\/p>\n","protected":false},"author":4,"featured_media":36422,"comment_status":"open","ping_status":"closed","sticky":false,"template":"","format":"standard","meta":{"_jetpack_newsletter_access":"","_jetpack_dont_email_post_to_subs":false,"_jetpack_newsletter_tier_id":0,"_jetpack_memberships_contains_paywalled_content":false,"_jetpack_feature_clip_id":0,"_jetpack_memberships_contains_paid_content":false,"footnotes":"","jetpack_post_was_ever_published":false},"categories":[11],"tags":[],"class_list":["post-36417","post","type-post","status-publish","format-standard","has-post-thumbnail","hentry","category-materiasecundaria"],"aioseo_notices":[],"aioseo_head":"\n\t\t<!-- All in One SEO 5.0.1.1 - aioseo.com -->\n\t<meta name=\"robots\" content=\"max-image-preview:large\" \/>\n\t<meta name=\"author\" content=\"da Reda\u00e7\u00e3o\"\/>\n\t<link rel=\"canonical\" href=\"https:\/\/www.jornalja.com.br\/arquivo\/colecao-particular-de-obras-de-arte-em-breve-exposicao\/\" \/>\n\t<meta name=\"generator\" content=\"All in One SEO (AIOSEO) 5.0.1.1\" \/>\n\t\t<meta property=\"og:locale\" content=\"pt_BR\" \/>\n\t\t<meta property=\"og:site_name\" content=\"Arquivo | Jornal J\u00c1 | Porto Alegre\" \/>\n\t\t<meta property=\"og:type\" content=\"article\" \/>\n\t\t<meta property=\"og:title\" content=\"Cole\u00e7\u00e3o particular de obras de arte em breve exposi\u00e7\u00e3o | Arquivo\" \/>\n\t\t<meta property=\"og:url\" content=\"https:\/\/www.jornalja.com.br\/arquivo\/colecao-particular-de-obras-de-arte-em-breve-exposicao\/\" \/>\n\t\t<meta property=\"og:image\" content=\"https:\/\/www.jornalja.com.br\/wp-content\/uploads\/2016\/07\/MARIANA-4-fundo-transparente-foto-da-Nora-1-62x300.png\" \/>\n\t\t<meta property=\"og:image:secure_url\" content=\"https:\/\/www.jornalja.com.br\/wp-content\/uploads\/2016\/07\/MARIANA-4-fundo-transparente-foto-da-Nora-1-62x300.png\" \/>\n\t\t<meta property=\"article:published_time\" content=\"2016-07-15T18:33:14+00:00\" \/>\n\t\t<meta property=\"article:modified_time\" content=\"2016-07-15T18:33:14+00:00\" \/>\n\t\t<meta name=\"twitter:card\" content=\"summary\" \/>\n\t\t<meta name=\"twitter:title\" content=\"Cole\u00e7\u00e3o particular de obras de arte em breve exposi\u00e7\u00e3o | Arquivo\" \/>\n\t\t<meta name=\"twitter:image\" content=\"https:\/\/www.jornalja.com.br\/economics\/wp-content\/uploads\/sites\/11\/2026\/08\/ja-folhaderosto-facebook.jpg\" \/>\n\t\t<script type=\"application\/ld+json\" class=\"aioseo-schema\">\n\t\t\t{\"@context\":\"https:\\\/\\\/schema.org\",\"@graph\":[{\"@type\":\"BlogPosting\",\"@id\":\"https:\\\/\\\/www.jornalja.com.br\\\/arquivo\\\/colecao-particular-de-obras-de-arte-em-breve-exposicao\\\/#blogposting\",\"name\":\"Cole\\u00e7\\u00e3o particular de obras de arte em breve exposi\\u00e7\\u00e3o | Arquivo\",\"headline\":\"Cole\\u00e7\\u00e3o particular de obras de arte em breve exposi\\u00e7\\u00e3o\",\"author\":{\"@id\":\"https:\\\/\\\/www.jornalja.com.br\\\/arquivo\\\/author\\\/daredacao\\\/#author\"},\"publisher\":{\"@id\":\"https:\\\/\\\/www.jornalja.com.br\\\/arquivo\\\/#organization\"},\"image\":{\"@type\":\"ImageObject\",\"url\":36422},\"datePublished\":\"2016-07-15T15:33:14-03:00\",\"dateModified\":\"2016-07-15T15:33:14-03:00\",\"inLanguage\":\"pt-BR\",\"mainEntityOfPage\":{\"@id\":\"https:\\\/\\\/www.jornalja.com.br\\\/arquivo\\\/colecao-particular-de-obras-de-arte-em-breve-exposicao\\\/#webpage\"},\"isPartOf\":{\"@id\":\"https:\\\/\\\/www.jornalja.com.br\\\/arquivo\\\/colecao-particular-de-obras-de-arte-em-breve-exposicao\\\/#webpage\"},\"articleSection\":\"Cultura-Geral\"},{\"@type\":\"BreadcrumbList\",\"@id\":\"https:\\\/\\\/www.jornalja.com.br\\\/arquivo\\\/colecao-particular-de-obras-de-arte-em-breve-exposicao\\\/#breadcrumblist\",\"itemListElement\":[{\"@type\":\"ListItem\",\"@id\":\"https:\\\/\\\/www.jornalja.com.br\\\/arquivo#listItem\",\"position\":1,\"name\":\"Home\",\"item\":\"https:\\\/\\\/www.jornalja.com.br\\\/arquivo\",\"nextItem\":{\"@type\":\"ListItem\",\"@id\":\"https:\\\/\\\/www.jornalja.com.br\\\/arquivo\\\/category\\\/materiasecundaria\\\/#listItem\",\"name\":\"Cultura-Geral\"}},{\"@type\":\"ListItem\",\"@id\":\"https:\\\/\\\/www.jornalja.com.br\\\/arquivo\\\/category\\\/materiasecundaria\\\/#listItem\",\"position\":2,\"name\":\"Cultura-Geral\",\"item\":\"https:\\\/\\\/www.jornalja.com.br\\\/arquivo\\\/category\\\/materiasecundaria\\\/\",\"nextItem\":{\"@type\":\"ListItem\",\"@id\":\"https:\\\/\\\/www.jornalja.com.br\\\/arquivo\\\/colecao-particular-de-obras-de-arte-em-breve-exposicao\\\/#listItem\",\"name\":\"Cole\\u00e7\\u00e3o particular de obras de arte em breve exposi\\u00e7\\u00e3o\"},\"previousItem\":{\"@type\":\"ListItem\",\"@id\":\"https:\\\/\\\/www.jornalja.com.br\\\/arquivo#listItem\",\"name\":\"Home\"}},{\"@type\":\"ListItem\",\"@id\":\"https:\\\/\\\/www.jornalja.com.br\\\/arquivo\\\/colecao-particular-de-obras-de-arte-em-breve-exposicao\\\/#listItem\",\"position\":3,\"name\":\"Cole\\u00e7\\u00e3o particular de obras de arte em breve exposi\\u00e7\\u00e3o\",\"previousItem\":{\"@type\":\"ListItem\",\"@id\":\"https:\\\/\\\/www.jornalja.com.br\\\/arquivo\\\/category\\\/materiasecundaria\\\/#listItem\",\"name\":\"Cultura-Geral\"}}]},{\"@type\":\"Organization\",\"@id\":\"https:\\\/\\\/www.jornalja.com.br\\\/arquivo\\\/#organization\",\"name\":\"Jornal J\\u00c1\",\"description\":\"Jornal J\\u00c1 | Porto Alegre\",\"url\":\"https:\\\/\\\/www.jornalja.com.br\\\/arquivo\\\/\",\"telephone\":\"+555133307272\",\"logo\":{\"@type\":\"ImageObject\",\"url\":\"https:\\\/\\\/www.jornalja.com.br\\\/wp-content\\\/uploads\\\/cards\\\/JAslogan.png\",\"@id\":\"https:\\\/\\\/www.jornalja.com.br\\\/arquivo\\\/colecao-particular-de-obras-de-arte-em-breve-exposicao\\\/#organizationLogo\"},\"image\":{\"@id\":\"https:\\\/\\\/www.jornalja.com.br\\\/arquivo\\\/colecao-particular-de-obras-de-arte-em-breve-exposicao\\\/#organizationLogo\"}},{\"@type\":\"Person\",\"@id\":\"https:\\\/\\\/www.jornalja.com.br\\\/arquivo\\\/author\\\/daredacao\\\/#author\",\"url\":\"https:\\\/\\\/www.jornalja.com.br\\\/arquivo\\\/author\\\/daredacao\\\/\",\"name\":\"da Reda\\u00e7\\u00e3o\",\"image\":{\"@type\":\"ImageObject\",\"@id\":\"https:\\\/\\\/www.jornalja.com.br\\\/arquivo\\\/colecao-particular-de-obras-de-arte-em-breve-exposicao\\\/#authorImage\",\"url\":\"https:\\\/\\\/secure.gravatar.com\\\/avatar\\\/469fd857d6605ad19919d27ed29d35a968a25f6e8fd9318356bbb7f57aae9c65?s=96&d=mm&r=g\",\"width\":96,\"height\":96,\"caption\":\"da Reda\\u00e7\\u00e3o\"}},{\"@type\":\"WebPage\",\"@id\":\"https:\\\/\\\/www.jornalja.com.br\\\/arquivo\\\/colecao-particular-de-obras-de-arte-em-breve-exposicao\\\/#webpage\",\"url\":\"https:\\\/\\\/www.jornalja.com.br\\\/arquivo\\\/colecao-particular-de-obras-de-arte-em-breve-exposicao\\\/\",\"name\":\"Cole\\u00e7\\u00e3o particular de obras de arte em breve exposi\\u00e7\\u00e3o | Arquivo\",\"inLanguage\":\"pt-BR\",\"isPartOf\":{\"@id\":\"https:\\\/\\\/www.jornalja.com.br\\\/arquivo\\\/#website\"},\"breadcrumb\":{\"@id\":\"https:\\\/\\\/www.jornalja.com.br\\\/arquivo\\\/colecao-particular-de-obras-de-arte-em-breve-exposicao\\\/#breadcrumblist\"},\"author\":{\"@id\":\"https:\\\/\\\/www.jornalja.com.br\\\/arquivo\\\/author\\\/daredacao\\\/#author\"},\"creator\":{\"@id\":\"https:\\\/\\\/www.jornalja.com.br\\\/arquivo\\\/author\\\/daredacao\\\/#author\"},\"image\":{\"@type\":\"ImageObject\",\"url\":36422,\"@id\":\"https:\\\/\\\/www.jornalja.com.br\\\/arquivo\\\/colecao-particular-de-obras-de-arte-em-breve-exposicao\\\/#mainImage\"},\"primaryImageOfPage\":{\"@id\":\"https:\\\/\\\/www.jornalja.com.br\\\/arquivo\\\/colecao-particular-de-obras-de-arte-em-breve-exposicao\\\/#mainImage\"},\"datePublished\":\"2016-07-15T15:33:14-03:00\",\"dateModified\":\"2016-07-15T15:33:14-03:00\"},{\"@type\":\"WebSite\",\"@id\":\"https:\\\/\\\/www.jornalja.com.br\\\/arquivo\\\/#website\",\"url\":\"https:\\\/\\\/www.jornalja.com.br\\\/arquivo\\\/\",\"name\":\"Arquivo\",\"description\":\"Jornal J\\u00c1 | Porto Alegre\",\"inLanguage\":\"pt-BR\",\"publisher\":{\"@id\":\"https:\\\/\\\/www.jornalja.com.br\\\/arquivo\\\/#organization\"}}]}\n\t\t<\/script>\n\t\t<!-- All in One SEO -->\n\n","aioseo_head_json":{"title":"Cole\u00e7\u00e3o particular de obras de arte em breve exposi\u00e7\u00e3o | Arquivo","description":"","canonical_url":"https:\/\/www.jornalja.com.br\/arquivo\/colecao-particular-de-obras-de-arte-em-breve-exposicao\/","robots":"max-image-preview:large","keywords":"","webmasterTools":{"miscellaneous":""},"schema":{"@context":"https:\/\/schema.org","@graph":[{"@type":"BlogPosting","@id":"https:\/\/www.jornalja.com.br\/arquivo\/colecao-particular-de-obras-de-arte-em-breve-exposicao\/#blogposting","name":"Cole\u00e7\u00e3o particular de obras de arte em breve exposi\u00e7\u00e3o | Arquivo","headline":"Cole\u00e7\u00e3o particular de obras de arte em breve exposi\u00e7\u00e3o","author":{"@id":"https:\/\/www.jornalja.com.br\/arquivo\/author\/daredacao\/#author"},"publisher":{"@id":"https:\/\/www.jornalja.com.br\/arquivo\/#organization"},"image":{"@type":"ImageObject","url":36422},"datePublished":"2016-07-15T15:33:14-03:00","dateModified":"2016-07-15T15:33:14-03:00","inLanguage":"pt-BR","mainEntityOfPage":{"@id":"https:\/\/www.jornalja.com.br\/arquivo\/colecao-particular-de-obras-de-arte-em-breve-exposicao\/#webpage"},"isPartOf":{"@id":"https:\/\/www.jornalja.com.br\/arquivo\/colecao-particular-de-obras-de-arte-em-breve-exposicao\/#webpage"},"articleSection":"Cultura-Geral"},{"@type":"BreadcrumbList","@id":"https:\/\/www.jornalja.com.br\/arquivo\/colecao-particular-de-obras-de-arte-em-breve-exposicao\/#breadcrumblist","itemListElement":[{"@type":"ListItem","@id":"https:\/\/www.jornalja.com.br\/arquivo#listItem","position":1,"name":"Home","item":"https:\/\/www.jornalja.com.br\/arquivo","nextItem":{"@type":"ListItem","@id":"https:\/\/www.jornalja.com.br\/arquivo\/category\/materiasecundaria\/#listItem","name":"Cultura-Geral"}},{"@type":"ListItem","@id":"https:\/\/www.jornalja.com.br\/arquivo\/category\/materiasecundaria\/#listItem","position":2,"name":"Cultura-Geral","item":"https:\/\/www.jornalja.com.br\/arquivo\/category\/materiasecundaria\/","nextItem":{"@type":"ListItem","@id":"https:\/\/www.jornalja.com.br\/arquivo\/colecao-particular-de-obras-de-arte-em-breve-exposicao\/#listItem","name":"Cole\u00e7\u00e3o particular de obras de arte em breve exposi\u00e7\u00e3o"},"previousItem":{"@type":"ListItem","@id":"https:\/\/www.jornalja.com.br\/arquivo#listItem","name":"Home"}},{"@type":"ListItem","@id":"https:\/\/www.jornalja.com.br\/arquivo\/colecao-particular-de-obras-de-arte-em-breve-exposicao\/#listItem","position":3,"name":"Cole\u00e7\u00e3o particular de obras de arte em breve exposi\u00e7\u00e3o","previousItem":{"@type":"ListItem","@id":"https:\/\/www.jornalja.com.br\/arquivo\/category\/materiasecundaria\/#listItem","name":"Cultura-Geral"}}]},{"@type":"Organization","@id":"https:\/\/www.jornalja.com.br\/arquivo\/#organization","name":"Jornal J\u00c1","description":"Jornal J\u00c1 | Porto Alegre","url":"https:\/\/www.jornalja.com.br\/arquivo\/","telephone":"+555133307272","logo":{"@type":"ImageObject","url":"https:\/\/www.jornalja.com.br\/wp-content\/uploads\/cards\/JAslogan.png","@id":"https:\/\/www.jornalja.com.br\/arquivo\/colecao-particular-de-obras-de-arte-em-breve-exposicao\/#organizationLogo"},"image":{"@id":"https:\/\/www.jornalja.com.br\/arquivo\/colecao-particular-de-obras-de-arte-em-breve-exposicao\/#organizationLogo"}},{"@type":"Person","@id":"https:\/\/www.jornalja.com.br\/arquivo\/author\/daredacao\/#author","url":"https:\/\/www.jornalja.com.br\/arquivo\/author\/daredacao\/","name":"da Reda\u00e7\u00e3o","image":{"@type":"ImageObject","@id":"https:\/\/www.jornalja.com.br\/arquivo\/colecao-particular-de-obras-de-arte-em-breve-exposicao\/#authorImage","url":"https:\/\/secure.gravatar.com\/avatar\/469fd857d6605ad19919d27ed29d35a968a25f6e8fd9318356bbb7f57aae9c65?s=96&d=mm&r=g","width":96,"height":96,"caption":"da Reda\u00e7\u00e3o"}},{"@type":"WebPage","@id":"https:\/\/www.jornalja.com.br\/arquivo\/colecao-particular-de-obras-de-arte-em-breve-exposicao\/#webpage","url":"https:\/\/www.jornalja.com.br\/arquivo\/colecao-particular-de-obras-de-arte-em-breve-exposicao\/","name":"Cole\u00e7\u00e3o particular de obras de arte em breve exposi\u00e7\u00e3o | Arquivo","inLanguage":"pt-BR","isPartOf":{"@id":"https:\/\/www.jornalja.com.br\/arquivo\/#website"},"breadcrumb":{"@id":"https:\/\/www.jornalja.com.br\/arquivo\/colecao-particular-de-obras-de-arte-em-breve-exposicao\/#breadcrumblist"},"author":{"@id":"https:\/\/www.jornalja.com.br\/arquivo\/author\/daredacao\/#author"},"creator":{"@id":"https:\/\/www.jornalja.com.br\/arquivo\/author\/daredacao\/#author"},"image":{"@type":"ImageObject","url":36422,"@id":"https:\/\/www.jornalja.com.br\/arquivo\/colecao-particular-de-obras-de-arte-em-breve-exposicao\/#mainImage"},"primaryImageOfPage":{"@id":"https:\/\/www.jornalja.com.br\/arquivo\/colecao-particular-de-obras-de-arte-em-breve-exposicao\/#mainImage"},"datePublished":"2016-07-15T15:33:14-03:00","dateModified":"2016-07-15T15:33:14-03:00"},{"@type":"WebSite","@id":"https:\/\/www.jornalja.com.br\/arquivo\/#website","url":"https:\/\/www.jornalja.com.br\/arquivo\/","name":"Arquivo","description":"Jornal J\u00c1 | Porto Alegre","inLanguage":"pt-BR","publisher":{"@id":"https:\/\/www.jornalja.com.br\/arquivo\/#organization"}}]},"og:locale":"pt_BR","og:site_name":"Arquivo | Jornal J\u00c1 | Porto Alegre","og:type":"article","og:title":"Cole\u00e7\u00e3o particular de obras de arte em breve exposi\u00e7\u00e3o | Arquivo","og:url":"https:\/\/www.jornalja.com.br\/arquivo\/colecao-particular-de-obras-de-arte-em-breve-exposicao\/","og:image":"https:\/\/www.jornalja.com.br\/wp-content\/uploads\/2016\/07\/MARIANA-4-fundo-transparente-foto-da-Nora-1-62x300.png","og:image:secure_url":"https:\/\/www.jornalja.com.br\/wp-content\/uploads\/2016\/07\/MARIANA-4-fundo-transparente-foto-da-Nora-1-62x300.png","article:published_time":"2016-07-15T18:33:14+00:00","article:modified_time":"2016-07-15T18:33:14+00:00","twitter:card":"summary","twitter:title":"Cole\u00e7\u00e3o particular de obras de arte em breve exposi\u00e7\u00e3o | Arquivo","twitter:image":"https:\/\/www.jornalja.com.br\/economics\/wp-content\/uploads\/sites\/11\/2026\/08\/ja-folhaderosto-facebook.jpg"},"aioseo_meta_data":{"post_id":"36417","title":null,"description":null,"keywords":null,"keyphrases":null,"primary_term":null,"canonical_url":null,"og_title":null,"og_description":null,"og_object_type":"default","og_image_type":"default","og_image_url":null,"og_image_width":null,"og_image_height":null,"og_image_custom_url":null,"og_image_custom_fields":null,"og_video":null,"og_custom_url":null,"og_article_section":null,"og_article_tags":null,"twitter_use_og":false,"twitter_card":"default","twitter_image_type":"default","twitter_image_url":null,"twitter_image_custom_url":null,"twitter_image_custom_fields":null,"twitter_title":null,"twitter_description":null,"schema":{"blockGraphs":[],"customGraphs":[],"default":{"data":{"Article":[],"Course":[],"Dataset":[],"FAQPage":[],"Movie":[],"Person":[],"Product":[],"ProductReview":[],"Car":[],"Recipe":[],"Service":[],"SoftwareApplication":[],"WebPage":[]},"graphName":"","isEnabled":true},"graphs":[],"defaultGraph":"","defaultPostTypeGraph":""},"schema_type":null,"schema_type_options":null,"pillar_content":false,"robots_default":true,"robots_noindex":false,"robots_noarchive":false,"robots_nosnippet":false,"robots_nofollow":false,"robots_noimageindex":false,"robots_noodp":false,"robots_notranslate":false,"robots_max_snippet":null,"robots_max_videopreview":null,"robots_max_imagepreview":"large","priority":null,"frequency":null,"location":null,"local_seo":null,"breadcrumb_settings":null,"limit_modified_date":false,"ai":null,"created":"2020-12-20 20:54:29","updated":"2025-07-19 15:11:40","seo_analyzer_scan_date":null,"focus_keyword":null,"additional_keywords":null,"truseo_locale":null},"jetpack_sharing_enabled":true,"jetpack-related-posts":[{"id":13240,"url":"https:\/\/www.jornalja.com.br\/arquivo\/plano-diretor-estamos-construindo-o-caos\/","url_meta":{"origin":36417,"position":0},"title":"Plano diretor: &quot;Estamos construindo o caos&quot;","author":"Patr\u00edcia Marini","date":"26 de maio de 2014","format":false,"excerpt":"Desabafo que arquiteta Eliana Castilhos, delegada da Regi\u00e3o de Planejamento 1, postou nas redes sociais \u00e9 um testemunho do ambiente que se criou no Conselho do Plano Diretor de Porto Alegre, onde a aprova\u00e7\u00e3o de grandes empreendimentos \u00e9 empurrada guela abaixo dos conselheiros. Ao CMDUA Como delegada da Regi\u00e3o de\u2026","rel":"","context":"Em &quot;Geral&quot;","block_context":{"text":"Geral","link":"https:\/\/www.jornalja.com.br\/arquivo\/category\/geral\/"},"img":{"alt_text":"","src":"","width":0,"height":0},"classes":[]},{"id":13124,"url":"https:\/\/www.jornalja.com.br\/arquivo\/sangue-latino-no-iecine\/","url_meta":{"origin":36417,"position":1},"title":"Sangue latino no IECINE","author":"da Reda\u00e7\u00e3o","date":"18 de maio de 2014","format":false,"excerpt":"Francisco Ribeiro O Instituto Estadual de Cinema (IECINE) tem a frente, desde abril \u00faltimo, um novo diretor, o cineasta colombiano Juan Zapata, 36, que substitui Luiz Alberto Cassol. Radicado h\u00e1 dez anos em Porto Alegre, Zapata tem diante de si o desafio de conduzir at\u00e9 o final do ano um\u2026","rel":"","context":"Em &quot;Cultura-Geral&quot;","block_context":{"text":"Cultura-Geral","link":"https:\/\/www.jornalja.com.br\/arquivo\/category\/materiasecundaria\/"},"img":{"alt_text":"","src":"","width":0,"height":0},"classes":[]},{"id":14241,"url":"https:\/\/www.jornalja.com.br\/arquivo\/o-guaiba-nas-imagens-poeticas-de-achutti\/","url_meta":{"origin":36417,"position":2},"title":"O Gua\u00edba nas imagens po\u00e9ticas de Achutti","author":"da Reda\u00e7\u00e3o","date":"18 de junho de 2014","format":false,"excerpt":"Em \u201cO Gua\u00edba por Achutti\u201d \u2013 obra financiada via Minist\u00e9rio da Cultura, produ\u00e7\u00e3o executiva de Pedro Longhi, e Fl\u00e1vio Wild como designer \u2013, o fot\u00f3grafo revela a beleza e as mazelas de um espa\u00e7o aqu\u00e1tico de \u00e1guas sempre renovadas, cheio de hist\u00f3rias e lendas como as das cidades que foram\u2026","rel":"","context":"Em &quot;Cultura-Geral&quot;","block_context":{"text":"Cultura-Geral","link":"https:\/\/www.jornalja.com.br\/arquivo\/category\/materiasecundaria\/"},"img":{"alt_text":"","src":"","width":0,"height":0},"classes":[]},{"id":5440,"url":"https:\/\/www.jornalja.com.br\/arquivo\/casarao-da-venancio-destino-permanece-incerto\/","url_meta":{"origin":36417,"position":3},"title":"Estado ainda n\u00e3o sabe o que fazer com casar\u00e3o abandonado h\u00e1 20 anos","author":"Elmar Bones","date":"6 de julho de 2009","format":false,"excerpt":"O casar\u00e3o amarelo, numa esquina nobre de Porto Alegre (Ven\u00e2ncio Aires com Jo\u00e3o Pessoa), j\u00e1 abrigou uma escola. H\u00e1 duas d\u00e9cadas, pelo menos, est\u00e1 abandonado, porque seu propriet\u00e1rio, o governo do Estado do Rio Grande do Sul, n\u00e3o consegue achar um destino para ele. Planos n\u00e3o faltaram. O governador Ol\u00edvio\u2026","rel":"","context":"Em &quot;X.Categorias velhas&quot;","block_context":{"text":"X.Categorias velhas","link":"https:\/\/www.jornalja.com.br\/arquivo\/category\/x-categorias-velhas\/"},"img":{"alt_text":"geraldo1","src":"https:\/\/i0.wp.com\/www.jornalja.com.br\/wp-content\/uploads\/2009\/07\/geraldo1.jpg?resize=350%2C200&ssl=1","width":350,"height":200},"classes":[]},{"id":12960,"url":"https:\/\/www.jornalja.com.br\/arquivo\/populacao-culpa-empresas-pela-greve-dos-rodoviarios\/","url_meta":{"origin":36417,"position":4},"title":"Popula\u00e7\u00e3o culpa empresas pela greve","author":"Patr\u00edcia Marini","date":"14 de fevereiro de 2014","format":false,"excerpt":"Pesquisa divulgada na edi\u00e7\u00e3o do jornal Metro desta sexta-feira,14, comprova o velho ditado: \u00e9 poss\u00edvel enganar muitos por algum tempo, mas n\u00e3o \u00e9 poss\u00edvel enganar a todos o tempo inteiro. A principal revela\u00e7\u00e3o foi que 59,8% dos entrevistados apontaram as empresas como as principais respons\u00e1veis pela grave e 46% culparam\u2026","rel":"","context":"Em &quot;X.Categorias velhas&quot;","block_context":{"text":"X.Categorias velhas","link":"https:\/\/www.jornalja.com.br\/arquivo\/category\/x-categorias-velhas\/"},"img":{"alt_text":"","src":"","width":0,"height":0},"classes":[]}],"jetpack_shortlink":"https:\/\/wp.me\/pbQjBd-9tn","jetpack_featured_media_url":"","_links":{"self":[{"href":"https:\/\/www.jornalja.com.br\/arquivo\/wp-json\/wp\/v2\/posts\/36417","targetHints":{"allow":["GET"]}}],"collection":[{"href":"https:\/\/www.jornalja.com.br\/arquivo\/wp-json\/wp\/v2\/posts"}],"about":[{"href":"https:\/\/www.jornalja.com.br\/arquivo\/wp-json\/wp\/v2\/types\/post"}],"author":[{"embeddable":true,"href":"https:\/\/www.jornalja.com.br\/arquivo\/wp-json\/wp\/v2\/users\/4"}],"replies":[{"embeddable":true,"href":"https:\/\/www.jornalja.com.br\/arquivo\/wp-json\/wp\/v2\/comments?post=36417"}],"version-history":[{"count":0,"href":"https:\/\/www.jornalja.com.br\/arquivo\/wp-json\/wp\/v2\/posts\/36417\/revisions"}],"wp:attachment":[{"href":"https:\/\/www.jornalja.com.br\/arquivo\/wp-json\/wp\/v2\/media?parent=36417"}],"wp:term":[{"taxonomy":"category","embeddable":true,"href":"https:\/\/www.jornalja.com.br\/arquivo\/wp-json\/wp\/v2\/categories?post=36417"},{"taxonomy":"post_tag","embeddable":true,"href":"https:\/\/www.jornalja.com.br\/arquivo\/wp-json\/wp\/v2\/tags?post=36417"}],"curies":[{"name":"wp","href":"https:\/\/api.w.org\/{rel}","templated":true}]}}