{"id":36471,"date":"2016-07-17T19:00:45","date_gmt":"2016-07-17T22:00:45","guid":{"rendered":"https:\/\/www.jornalja.com.br\/?p=36471"},"modified":"2016-07-17T19:00:45","modified_gmt":"2016-07-17T22:00:45","slug":"viralatismo-e-entreguismo-midiatico-e-as-tvs-internacionais","status":"publish","type":"post","link":"https:\/\/www.jornalja.com.br\/arquivo\/viralatismo-e-entreguismo-midiatico-e-as-tvs-internacionais\/","title":{"rendered":"Viralatismo e entreguismo midi\u00e1tico e as TVs internacionais"},"content":{"rendered":"<p>Bruno Lima Rocha &#8211; Professor de Ci\u00eancia Pol\u00edtica e de Rela\u00e7\u00f5es Internacionais<br \/>\nO Brasil vive um momento de governo interino ou golpista \u2013 entendo que \u00e9 um golpe branco, midi\u00e1tico e semi-parlamentarista \u2013 onde o papel da m\u00eddia foi preponderante junto aos estamentos do aparelho judici\u00e1rio, do Minist\u00e9rio P\u00fablico e policial (delegados federais). Como \u00e9 sabido hoje, o Projeto Pontes, iniciativa da representa\u00e7\u00e3o diplom\u00e1tica dos Estados Unidos (EUA), tentando \u2013 e conseguindo \u2013 se aproximar de elementos-chave da Justi\u00e7a Federal, do Minist\u00e9rio P\u00fablico Federal e policiais federais (com \u00eanfase em delegados) e centrando o trabalho em Curitiba conforme revelado pelo Wikileaks (ver link: http:\/\/wikileaks.org\/plusd\/cables\/09BRASILIA1282_a.html), o que caracteriza uma n\u00edtida tentativa de inger\u00eancia dos EUA em nossa pol\u00edtica dom\u00e9stica, resultou no processo de afastamento da presidenta eleita.<br \/>\nAssociado a isso, a produ\u00e7\u00e3o de comunica\u00e7\u00e3o mediada, for\u00e7ando os conglomerados de comunica\u00e7\u00e3o a entrarem em sintonia com as opera\u00e7\u00f5es, incluindo a narrativa de folhetim e o clima de incerteza permanente sobre os tomadores de decis\u00e3o do pa\u00eds, fez o peso pol\u00edtico da hegemonia interna transitar de uma fr\u00e1gil governabilidade de centro-esquerda com aliados olig\u00e1rquicos, conservadores e mercen\u00e1rios, para um discurso difuso, udenista e que tomava S\u00e9rgio Moro como her\u00f3i vivo, redentor do pa\u00eds. Ponto para a a\u00e7\u00e3o diplom\u00e1tica e os enlaces sociais da intelig\u00eancia dos EUA, mesmo que atuando de forma indireta e dentro dos limites da lei existente.<br \/>\nA exposi\u00e7\u00e3o seletiva e a puni\u00e7\u00e3o discricion\u00e1ria t\u00eam como pilar um alinhamento do imagin\u00e1rio coletivo do brasileiro m\u00e9dio \u2013 de classe m\u00e9dia alta e alta \u2013 com o ide\u00e1rio dos Estados Unidos. Esta proje\u00e7\u00e3o de representa\u00e7\u00f5es coletivas, como se estiv\u00e9ssemos fazendo pol\u00edtica no Brasil a partir das posi\u00e7\u00f5es estadunidenses, vem refor\u00e7ada com a enorme exposi\u00e7\u00e3o aos canais por assinatura via sat\u00e9lite e a pr\u00f3pria internet. A for\u00e7a dos conglomerados de m\u00eddia, e especificamente a pauta dos debates marcada pela Globonews, refor\u00e7am tanto o viralatismo (complexo de inferioridade da elite brasileira) como o entreguismo (entrega de nosso patrim\u00f4nio estrat\u00e9gico ao capital transnacional).<br \/>\nOs embates midi\u00e1ticos e a guerra de vers\u00f5es em temas da pol\u00edtica nacional se tornaram uma constante. Ao contr\u00e1rio do que possa interpretar uma leitura rasteira ou vulgar das rela\u00e7\u00f5es de for\u00e7a, a m\u00eddia opera sobre o senso comum sendo item fundamental para a chamada guerra de 4\u00aa gera\u00e7\u00e3o. Nosso pa\u00eds \u00e9, visivelmente, alvo de uma opera\u00e7\u00e3o muito bem orquestrada, onde incide a a\u00e7\u00e3o de m\u00eddia e marketing digital, coadunadas com a &#8220;cobertura&#8221; dos grandes ve\u00edculos de comunica\u00e7\u00e3o aberta, em especial os tr\u00eas maiores conglomerados: O Globo, Estad\u00e3o e Folha.<br \/>\nA cultura do luxo, o universo individual marcado por bens de consumo embalados em suporte simb\u00f3lico estadunidense e a mundializa\u00e7\u00e3o roubaram cora\u00e7\u00f5es e mentes, refor\u00e7ando estere\u00f3tipos e terminando por brincar com a apropria\u00e7\u00e3o cultural. Imitamos quem nos domina sem mimetizar a oposi\u00e7\u00e3o interna dos pr\u00f3prios sistemas simb\u00f3licos e culturais desafiando o dominador em seu pr\u00f3prio territ\u00f3rio. Este constructo pode arranhar a hip\u00f3tese do porque a presen\u00e7a de Barack Hussein Obama n\u00e3o ter convertido em um amplo movimento de autoestima africana no Brasil.<br \/>\n<span class=\"intertit\">O novo arranjo geopol\u00edtico do planeta n\u00e3o tem estrutura midi\u00e1tica de suporte<\/span><br \/>\nEm termos de proje\u00e7\u00e3o de poder dos BRICS \u2013 o bloco informal composto por Brasil, R\u00fassia, \u00cdndia, China e \u00c1frica do Sul \u2013 a guerra midi\u00e1tica \u00e9 sofr\u00edvel, sendo devastadora a a\u00e7\u00e3o dos grupos de m\u00eddia pr\u00f3-EUA. A intelig\u00eancia \u00e9 uma arma de uso permanente das embaixadas com interesses em pa\u00edses com possibilidade de ac\u00famulo de for\u00e7a no Sistema Internacional (SI). De forma indireta e atrav\u00e9s da amplia\u00e7\u00e3o das redes cibern\u00e9ticas, as TVs internacionais via sat\u00e9lite se tornam uma ferramenta comum &#8211; como o ato de presen\u00e7a cl\u00e1ssico dos grupos operacionais -, agindo sobre amplos setores da sociedade e, em \u00faltima an\u00e1lise, agindo de acordo com o governo do pa\u00eds que a apoia, ou ao menos refor\u00e7ando a pol\u00edtica de um relevante setor pol\u00edtico deste pa\u00eds.<br \/>\nLogo, a inten\u00e7\u00e3o das TVs internacionais \u00e9 tentar abrir cunhas e v\u00ednculos diretos com importantes setores de audi\u00eancia de nossos pa\u00edses &#8211; no caso, latino-americanos &#8211; atuando diretamente na forma\u00e7\u00e3o de escolhas e influ\u00eancias. Na \u00e1rea de intelig\u00eancia, tais opera\u00e7\u00f5es est\u00e3o na rubrica de opera\u00e7\u00f5es psicol\u00f3gicas, psicossociais na tradi\u00e7\u00e3o brasileira, tamb\u00e9m conhecidas como de tipo &#8220;cora\u00e7\u00f5es e mentes&#8221;. No caso brasileiro, a situa\u00e7\u00e3o \u00e9 paradoxal. Influencia mais uma rede em ingl\u00eas, como a CNN, do que redes que transmitem em castelhano, como a RT em espanhol.<br \/>\n<img loading=\"lazy\" decoding=\"async\" class=\"alignnone size-medium wp-image-36474\" src=\"https:\/\/www.jornalja.com.br\/wp-content\/uploads\/2016\/07\/golpe-2016-cnn-brasil-247-18-04-20161462150065-300x169.jpg\" alt=\"golpe-2016-cnn-brasil-247-18-04-20161462150065\" width=\"300\" height=\"169\" \/><br \/>\nO desafio \u00e9 abissal, pois a mentalidade mediana do pa\u00eds \u2013 a que hegemoniza o consenso forjado em termos pol\u00edticos e culturais \u2013 nos coloca de costas para os pa\u00edses vizinhos latino-americanos, assim como de costas ao Oceano Atl\u00e2ntico, logo, distante da \u00c1frica, mesmo dos pa\u00edses de l\u00edngua portuguesa, como Angola, Cabo Verde, Mo\u00e7ambique, Guin\u00e9-Bissau, Guin\u00e9-Equatorial e S\u00e3o Tom\u00e9 e Pr\u00edncipe. Enfim, quanto mais distantes da Am\u00e9rica Latina e dos pa\u00edses africanos, mais distantes ficaremos de n\u00f3s mesmos, refor\u00e7ando o dominante (EUA), dentro do universo simb\u00f3lico daqui, gerando assim uma dupla ou tripla lealdade, associando a defesa da maioria como usurpa\u00e7\u00e3o de um limitado poder concedido pela democracia representativa.<br \/>\nAs TVs dos pa\u00edses dos BRICS, assim como suas m\u00eddias complementares, n\u00e3o obtiveram \u00eaxito em fortalecer tanto a resist\u00eancia contra o golpe e menos ainda uma agenda do contra-golpe. Infelizmente, ao n\u00e3o penetrarem na sociedade brasileira, tais canais n\u00e3o chegam a fazer nenhum dano severo ao imperialismo cultural e jornal\u00edstico.<\/p>\n","protected":false},"excerpt":{"rendered":"<p>Bruno Lima Rocha &#8211; Professor de Ci\u00eancia Pol\u00edtica e de Rela\u00e7\u00f5es Internacionais O Brasil vive um momento de governo interino ou golpista \u2013 entendo que \u00e9 um golpe branco, midi\u00e1tico e semi-parlamentarista \u2013 onde o papel da m\u00eddia foi preponderante junto aos estamentos do aparelho judici\u00e1rio, do Minist\u00e9rio P\u00fablico e policial (delegados federais). Como \u00e9 [&hellip;]<\/p>\n","protected":false},"author":4,"featured_media":0,"comment_status":"open","ping_status":"closed","sticky":false,"template":"","format":"standard","meta":{"_jetpack_newsletter_access":"","_jetpack_dont_email_post_to_subs":false,"_jetpack_newsletter_tier_id":0,"_jetpack_memberships_contains_paywalled_content":false,"_jetpack_feature_clip_id":0,"_jetpack_memberships_contains_paid_content":false,"footnotes":"","jetpack_post_was_ever_published":false},"categories":[2011,2012],"tags":[],"class_list":["post-36471","post","type-post","status-publish","format-standard","hentry","category-destaque","category-debates"],"aioseo_notices":[],"aioseo_head":"\n\t\t<!-- All in One SEO 5.0.1.1 - aioseo.com -->\n\t<meta name=\"robots\" content=\"max-image-preview:large\" \/>\n\t<meta name=\"author\" content=\"da Reda\u00e7\u00e3o\"\/>\n\t<link rel=\"canonical\" href=\"https:\/\/www.jornalja.com.br\/arquivo\/viralatismo-e-entreguismo-midiatico-e-as-tvs-internacionais\/\" \/>\n\t<meta name=\"generator\" content=\"All in One SEO (AIOSEO) 5.0.1.1\" \/>\n\t\t<meta property=\"og:locale\" content=\"pt_BR\" \/>\n\t\t<meta property=\"og:site_name\" content=\"Arquivo | Jornal J\u00c1 | Porto Alegre\" \/>\n\t\t<meta property=\"og:type\" content=\"article\" \/>\n\t\t<meta property=\"og:title\" content=\"Viralatismo e entreguismo midi\u00e1tico e as TVs internacionais | Arquivo\" \/>\n\t\t<meta property=\"og:url\" content=\"https:\/\/www.jornalja.com.br\/arquivo\/viralatismo-e-entreguismo-midiatico-e-as-tvs-internacionais\/\" \/>\n\t\t<meta property=\"og:image\" content=\"https:\/\/www.jornalja.com.br\/wp-content\/uploads\/2016\/07\/golpe-2016-cnn-brasil-247-18-04-20161462150065-300x169.jpg\" \/>\n\t\t<meta property=\"og:image:secure_url\" content=\"https:\/\/www.jornalja.com.br\/wp-content\/uploads\/2016\/07\/golpe-2016-cnn-brasil-247-18-04-20161462150065-300x169.jpg\" \/>\n\t\t<meta property=\"article:published_time\" content=\"2016-07-17T22:00:45+00:00\" \/>\n\t\t<meta property=\"article:modified_time\" content=\"2016-07-17T22:00:45+00:00\" \/>\n\t\t<meta name=\"twitter:card\" content=\"summary\" \/>\n\t\t<meta name=\"twitter:title\" content=\"Viralatismo e entreguismo midi\u00e1tico e as TVs internacionais | Arquivo\" \/>\n\t\t<meta name=\"twitter:image\" content=\"https:\/\/www.jornalja.com.br\/economics\/wp-content\/uploads\/sites\/11\/2026\/08\/ja-folhaderosto-facebook.jpg\" \/>\n\t\t<script type=\"application\/ld+json\" class=\"aioseo-schema\">\n\t\t\t{\"@context\":\"https:\\\/\\\/schema.org\",\"@graph\":[{\"@type\":\"BlogPosting\",\"@id\":\"https:\\\/\\\/www.jornalja.com.br\\\/arquivo\\\/viralatismo-e-entreguismo-midiatico-e-as-tvs-internacionais\\\/#blogposting\",\"name\":\"Viralatismo e entreguismo midi\\u00e1tico e as TVs internacionais | Arquivo\",\"headline\":\"Viralatismo e entreguismo midi\\u00e1tico e as TVs internacionais\",\"author\":{\"@id\":\"https:\\\/\\\/www.jornalja.com.br\\\/arquivo\\\/author\\\/daredacao\\\/#author\"},\"publisher\":{\"@id\":\"https:\\\/\\\/www.jornalja.com.br\\\/arquivo\\\/#organization\"},\"image\":{\"@type\":\"ImageObject\",\"url\":\"https:\\\/\\\/www.jornalja.com.br\\\/wp-content\\\/uploads\\\/2016\\\/07\\\/golpe-2016-cnn-brasil-247-18-04-20161462150065-300x169.jpg\",\"@id\":\"https:\\\/\\\/www.jornalja.com.br\\\/arquivo\\\/viralatismo-e-entreguismo-midiatico-e-as-tvs-internacionais\\\/#articleImage\"},\"datePublished\":\"2016-07-17T19:00:45-03:00\",\"dateModified\":\"2016-07-17T19:00:45-03:00\",\"inLanguage\":\"pt-BR\",\"mainEntityOfPage\":{\"@id\":\"https:\\\/\\\/www.jornalja.com.br\\\/arquivo\\\/viralatismo-e-entreguismo-midiatico-e-as-tvs-internacionais\\\/#webpage\"},\"isPartOf\":{\"@id\":\"https:\\\/\\\/www.jornalja.com.br\\\/arquivo\\\/viralatismo-e-entreguismo-midiatico-e-as-tvs-internacionais\\\/#webpage\"},\"articleSection\":\"CDD-artigo em destaque, HOTSITE Comit\\u00ea pela Democracia\"},{\"@type\":\"BreadcrumbList\",\"@id\":\"https:\\\/\\\/www.jornalja.com.br\\\/arquivo\\\/viralatismo-e-entreguismo-midiatico-e-as-tvs-internacionais\\\/#breadcrumblist\",\"itemListElement\":[{\"@type\":\"ListItem\",\"@id\":\"https:\\\/\\\/www.jornalja.com.br\\\/arquivo#listItem\",\"position\":1,\"name\":\"Home\",\"item\":\"https:\\\/\\\/www.jornalja.com.br\\\/arquivo\",\"nextItem\":{\"@type\":\"ListItem\",\"@id\":\"https:\\\/\\\/www.jornalja.com.br\\\/arquivo\\\/category\\\/destaque\\\/#listItem\",\"name\":\"CDD-artigo em destaque\"}},{\"@type\":\"ListItem\",\"@id\":\"https:\\\/\\\/www.jornalja.com.br\\\/arquivo\\\/category\\\/destaque\\\/#listItem\",\"position\":2,\"name\":\"CDD-artigo em destaque\",\"item\":\"https:\\\/\\\/www.jornalja.com.br\\\/arquivo\\\/category\\\/destaque\\\/\",\"nextItem\":{\"@type\":\"ListItem\",\"@id\":\"https:\\\/\\\/www.jornalja.com.br\\\/arquivo\\\/viralatismo-e-entreguismo-midiatico-e-as-tvs-internacionais\\\/#listItem\",\"name\":\"Viralatismo e entreguismo midi\\u00e1tico e as TVs internacionais\"},\"previousItem\":{\"@type\":\"ListItem\",\"@id\":\"https:\\\/\\\/www.jornalja.com.br\\\/arquivo#listItem\",\"name\":\"Home\"}},{\"@type\":\"ListItem\",\"@id\":\"https:\\\/\\\/www.jornalja.com.br\\\/arquivo\\\/viralatismo-e-entreguismo-midiatico-e-as-tvs-internacionais\\\/#listItem\",\"position\":3,\"name\":\"Viralatismo e entreguismo midi\\u00e1tico e as TVs internacionais\",\"previousItem\":{\"@type\":\"ListItem\",\"@id\":\"https:\\\/\\\/www.jornalja.com.br\\\/arquivo\\\/category\\\/destaque\\\/#listItem\",\"name\":\"CDD-artigo em destaque\"}}]},{\"@type\":\"Organization\",\"@id\":\"https:\\\/\\\/www.jornalja.com.br\\\/arquivo\\\/#organization\",\"name\":\"Jornal J\\u00c1\",\"description\":\"Jornal J\\u00c1 | Porto Alegre\",\"url\":\"https:\\\/\\\/www.jornalja.com.br\\\/arquivo\\\/\",\"telephone\":\"+555133307272\",\"logo\":{\"@type\":\"ImageObject\",\"url\":\"https:\\\/\\\/www.jornalja.com.br\\\/wp-content\\\/uploads\\\/cards\\\/JAslogan.png\",\"@id\":\"https:\\\/\\\/www.jornalja.com.br\\\/arquivo\\\/viralatismo-e-entreguismo-midiatico-e-as-tvs-internacionais\\\/#organizationLogo\"},\"image\":{\"@id\":\"https:\\\/\\\/www.jornalja.com.br\\\/arquivo\\\/viralatismo-e-entreguismo-midiatico-e-as-tvs-internacionais\\\/#organizationLogo\"}},{\"@type\":\"Person\",\"@id\":\"https:\\\/\\\/www.jornalja.com.br\\\/arquivo\\\/author\\\/daredacao\\\/#author\",\"url\":\"https:\\\/\\\/www.jornalja.com.br\\\/arquivo\\\/author\\\/daredacao\\\/\",\"name\":\"da Reda\\u00e7\\u00e3o\",\"image\":{\"@type\":\"ImageObject\",\"@id\":\"https:\\\/\\\/www.jornalja.com.br\\\/arquivo\\\/viralatismo-e-entreguismo-midiatico-e-as-tvs-internacionais\\\/#authorImage\",\"url\":\"https:\\\/\\\/secure.gravatar.com\\\/avatar\\\/469fd857d6605ad19919d27ed29d35a968a25f6e8fd9318356bbb7f57aae9c65?s=96&d=mm&r=g\",\"width\":96,\"height\":96,\"caption\":\"da Reda\\u00e7\\u00e3o\"}},{\"@type\":\"WebPage\",\"@id\":\"https:\\\/\\\/www.jornalja.com.br\\\/arquivo\\\/viralatismo-e-entreguismo-midiatico-e-as-tvs-internacionais\\\/#webpage\",\"url\":\"https:\\\/\\\/www.jornalja.com.br\\\/arquivo\\\/viralatismo-e-entreguismo-midiatico-e-as-tvs-internacionais\\\/\",\"name\":\"Viralatismo e entreguismo midi\\u00e1tico e as TVs internacionais | Arquivo\",\"inLanguage\":\"pt-BR\",\"isPartOf\":{\"@id\":\"https:\\\/\\\/www.jornalja.com.br\\\/arquivo\\\/#website\"},\"breadcrumb\":{\"@id\":\"https:\\\/\\\/www.jornalja.com.br\\\/arquivo\\\/viralatismo-e-entreguismo-midiatico-e-as-tvs-internacionais\\\/#breadcrumblist\"},\"author\":{\"@id\":\"https:\\\/\\\/www.jornalja.com.br\\\/arquivo\\\/author\\\/daredacao\\\/#author\"},\"creator\":{\"@id\":\"https:\\\/\\\/www.jornalja.com.br\\\/arquivo\\\/author\\\/daredacao\\\/#author\"},\"datePublished\":\"2016-07-17T19:00:45-03:00\",\"dateModified\":\"2016-07-17T19:00:45-03:00\"},{\"@type\":\"WebSite\",\"@id\":\"https:\\\/\\\/www.jornalja.com.br\\\/arquivo\\\/#website\",\"url\":\"https:\\\/\\\/www.jornalja.com.br\\\/arquivo\\\/\",\"name\":\"Arquivo\",\"description\":\"Jornal J\\u00c1 | Porto Alegre\",\"inLanguage\":\"pt-BR\",\"publisher\":{\"@id\":\"https:\\\/\\\/www.jornalja.com.br\\\/arquivo\\\/#organization\"}}]}\n\t\t<\/script>\n\t\t<!-- All in One SEO -->\n\n","aioseo_head_json":{"title":"Viralatismo e entreguismo midi\u00e1tico e as TVs internacionais | Arquivo","description":"","canonical_url":"https:\/\/www.jornalja.com.br\/arquivo\/viralatismo-e-entreguismo-midiatico-e-as-tvs-internacionais\/","robots":"max-image-preview:large","keywords":"","webmasterTools":{"miscellaneous":""},"schema":{"@context":"https:\/\/schema.org","@graph":[{"@type":"BlogPosting","@id":"https:\/\/www.jornalja.com.br\/arquivo\/viralatismo-e-entreguismo-midiatico-e-as-tvs-internacionais\/#blogposting","name":"Viralatismo e entreguismo midi\u00e1tico e as TVs internacionais | Arquivo","headline":"Viralatismo e entreguismo midi\u00e1tico e as TVs internacionais","author":{"@id":"https:\/\/www.jornalja.com.br\/arquivo\/author\/daredacao\/#author"},"publisher":{"@id":"https:\/\/www.jornalja.com.br\/arquivo\/#organization"},"image":{"@type":"ImageObject","url":"https:\/\/www.jornalja.com.br\/wp-content\/uploads\/2016\/07\/golpe-2016-cnn-brasil-247-18-04-20161462150065-300x169.jpg","@id":"https:\/\/www.jornalja.com.br\/arquivo\/viralatismo-e-entreguismo-midiatico-e-as-tvs-internacionais\/#articleImage"},"datePublished":"2016-07-17T19:00:45-03:00","dateModified":"2016-07-17T19:00:45-03:00","inLanguage":"pt-BR","mainEntityOfPage":{"@id":"https:\/\/www.jornalja.com.br\/arquivo\/viralatismo-e-entreguismo-midiatico-e-as-tvs-internacionais\/#webpage"},"isPartOf":{"@id":"https:\/\/www.jornalja.com.br\/arquivo\/viralatismo-e-entreguismo-midiatico-e-as-tvs-internacionais\/#webpage"},"articleSection":"CDD-artigo em destaque, HOTSITE Comit\u00ea pela Democracia"},{"@type":"BreadcrumbList","@id":"https:\/\/www.jornalja.com.br\/arquivo\/viralatismo-e-entreguismo-midiatico-e-as-tvs-internacionais\/#breadcrumblist","itemListElement":[{"@type":"ListItem","@id":"https:\/\/www.jornalja.com.br\/arquivo#listItem","position":1,"name":"Home","item":"https:\/\/www.jornalja.com.br\/arquivo","nextItem":{"@type":"ListItem","@id":"https:\/\/www.jornalja.com.br\/arquivo\/category\/destaque\/#listItem","name":"CDD-artigo em destaque"}},{"@type":"ListItem","@id":"https:\/\/www.jornalja.com.br\/arquivo\/category\/destaque\/#listItem","position":2,"name":"CDD-artigo em destaque","item":"https:\/\/www.jornalja.com.br\/arquivo\/category\/destaque\/","nextItem":{"@type":"ListItem","@id":"https:\/\/www.jornalja.com.br\/arquivo\/viralatismo-e-entreguismo-midiatico-e-as-tvs-internacionais\/#listItem","name":"Viralatismo e entreguismo midi\u00e1tico e as TVs internacionais"},"previousItem":{"@type":"ListItem","@id":"https:\/\/www.jornalja.com.br\/arquivo#listItem","name":"Home"}},{"@type":"ListItem","@id":"https:\/\/www.jornalja.com.br\/arquivo\/viralatismo-e-entreguismo-midiatico-e-as-tvs-internacionais\/#listItem","position":3,"name":"Viralatismo e entreguismo midi\u00e1tico e as TVs internacionais","previousItem":{"@type":"ListItem","@id":"https:\/\/www.jornalja.com.br\/arquivo\/category\/destaque\/#listItem","name":"CDD-artigo em destaque"}}]},{"@type":"Organization","@id":"https:\/\/www.jornalja.com.br\/arquivo\/#organization","name":"Jornal J\u00c1","description":"Jornal J\u00c1 | Porto Alegre","url":"https:\/\/www.jornalja.com.br\/arquivo\/","telephone":"+555133307272","logo":{"@type":"ImageObject","url":"https:\/\/www.jornalja.com.br\/wp-content\/uploads\/cards\/JAslogan.png","@id":"https:\/\/www.jornalja.com.br\/arquivo\/viralatismo-e-entreguismo-midiatico-e-as-tvs-internacionais\/#organizationLogo"},"image":{"@id":"https:\/\/www.jornalja.com.br\/arquivo\/viralatismo-e-entreguismo-midiatico-e-as-tvs-internacionais\/#organizationLogo"}},{"@type":"Person","@id":"https:\/\/www.jornalja.com.br\/arquivo\/author\/daredacao\/#author","url":"https:\/\/www.jornalja.com.br\/arquivo\/author\/daredacao\/","name":"da Reda\u00e7\u00e3o","image":{"@type":"ImageObject","@id":"https:\/\/www.jornalja.com.br\/arquivo\/viralatismo-e-entreguismo-midiatico-e-as-tvs-internacionais\/#authorImage","url":"https:\/\/secure.gravatar.com\/avatar\/469fd857d6605ad19919d27ed29d35a968a25f6e8fd9318356bbb7f57aae9c65?s=96&d=mm&r=g","width":96,"height":96,"caption":"da Reda\u00e7\u00e3o"}},{"@type":"WebPage","@id":"https:\/\/www.jornalja.com.br\/arquivo\/viralatismo-e-entreguismo-midiatico-e-as-tvs-internacionais\/#webpage","url":"https:\/\/www.jornalja.com.br\/arquivo\/viralatismo-e-entreguismo-midiatico-e-as-tvs-internacionais\/","name":"Viralatismo e entreguismo midi\u00e1tico e as TVs internacionais | Arquivo","inLanguage":"pt-BR","isPartOf":{"@id":"https:\/\/www.jornalja.com.br\/arquivo\/#website"},"breadcrumb":{"@id":"https:\/\/www.jornalja.com.br\/arquivo\/viralatismo-e-entreguismo-midiatico-e-as-tvs-internacionais\/#breadcrumblist"},"author":{"@id":"https:\/\/www.jornalja.com.br\/arquivo\/author\/daredacao\/#author"},"creator":{"@id":"https:\/\/www.jornalja.com.br\/arquivo\/author\/daredacao\/#author"},"datePublished":"2016-07-17T19:00:45-03:00","dateModified":"2016-07-17T19:00:45-03:00"},{"@type":"WebSite","@id":"https:\/\/www.jornalja.com.br\/arquivo\/#website","url":"https:\/\/www.jornalja.com.br\/arquivo\/","name":"Arquivo","description":"Jornal J\u00c1 | Porto Alegre","inLanguage":"pt-BR","publisher":{"@id":"https:\/\/www.jornalja.com.br\/arquivo\/#organization"}}]},"og:locale":"pt_BR","og:site_name":"Arquivo | Jornal J\u00c1 | Porto Alegre","og:type":"article","og:title":"Viralatismo e entreguismo midi\u00e1tico e as TVs internacionais | Arquivo","og:url":"https:\/\/www.jornalja.com.br\/arquivo\/viralatismo-e-entreguismo-midiatico-e-as-tvs-internacionais\/","og:image":"https:\/\/www.jornalja.com.br\/wp-content\/uploads\/2016\/07\/golpe-2016-cnn-brasil-247-18-04-20161462150065-300x169.jpg","og:image:secure_url":"https:\/\/www.jornalja.com.br\/wp-content\/uploads\/2016\/07\/golpe-2016-cnn-brasil-247-18-04-20161462150065-300x169.jpg","article:published_time":"2016-07-17T22:00:45+00:00","article:modified_time":"2016-07-17T22:00:45+00:00","twitter:card":"summary","twitter:title":"Viralatismo e entreguismo midi\u00e1tico e as TVs internacionais | Arquivo","twitter:image":"https:\/\/www.jornalja.com.br\/economics\/wp-content\/uploads\/sites\/11\/2026\/08\/ja-folhaderosto-facebook.jpg"},"aioseo_meta_data":{"post_id":"36471","title":null,"description":null,"keywords":null,"keyphrases":null,"primary_term":null,"canonical_url":null,"og_title":null,"og_description":null,"og_object_type":"default","og_image_type":"default","og_image_url":null,"og_image_width":null,"og_image_height":null,"og_image_custom_url":null,"og_image_custom_fields":null,"og_video":null,"og_custom_url":null,"og_article_section":null,"og_article_tags":null,"twitter_use_og":false,"twitter_card":"default","twitter_image_type":"default","twitter_image_url":null,"twitter_image_custom_url":null,"twitter_image_custom_fields":null,"twitter_title":null,"twitter_description":null,"schema":{"blockGraphs":[],"customGraphs":[],"default":{"data":{"Article":[],"Course":[],"Dataset":[],"FAQPage":[],"Movie":[],"Person":[],"Product":[],"ProductReview":[],"Car":[],"Recipe":[],"Service":[],"SoftwareApplication":[],"WebPage":[]},"graphName":"","isEnabled":true},"graphs":[],"defaultGraph":"","defaultPostTypeGraph":""},"schema_type":null,"schema_type_options":null,"pillar_content":false,"robots_default":true,"robots_noindex":false,"robots_noarchive":false,"robots_nosnippet":false,"robots_nofollow":false,"robots_noimageindex":false,"robots_noodp":false,"robots_notranslate":false,"robots_max_snippet":null,"robots_max_videopreview":null,"robots_max_imagepreview":"large","priority":null,"frequency":null,"location":null,"local_seo":null,"breadcrumb_settings":null,"limit_modified_date":false,"ai":null,"created":"2020-12-20 20:54:29","updated":"2025-07-19 15:12:28","seo_analyzer_scan_date":null,"focus_keyword":null,"additional_keywords":null,"truseo_locale":null},"jetpack_sharing_enabled":true,"jetpack-related-posts":[{"id":13109,"url":"https:\/\/www.jornalja.com.br\/arquivo\/judiciario-reconhece-poluicao-eletromagnetica\/","url_meta":{"origin":36471,"position":0},"title":"Judici\u00e1rio reconhece polui\u00e7\u00e3o eletromagn\u00e9tica","author":"Patr\u00edcia Marini","date":"16 de maio de 2014","format":false,"excerpt":"A\u00e7\u00e3o de duas associa\u00e7\u00f5es de moradores foi acolhida pelo Tribunal de Justi\u00e7a de S\u00e3o Paulo que. em decis\u00e3o in\u00e9dita, determinou a redu\u00e7\u00e3o do campo eletromagn\u00e9tico gerado pelas linhas de transmiss\u00e3o de energia que cortam os bairros City Boa\u00e7ava e Alto de Pinheiros. \u00c9 a primeira vez que um tribunal do\u2026","rel":"","context":"Em &quot;X.Categorias velhas&quot;","block_context":{"text":"X.Categorias velhas","link":"https:\/\/www.jornalja.com.br\/arquivo\/category\/x-categorias-velhas\/"},"img":{"alt_text":"","src":"","width":0,"height":0},"classes":[]},{"id":13240,"url":"https:\/\/www.jornalja.com.br\/arquivo\/plano-diretor-estamos-construindo-o-caos\/","url_meta":{"origin":36471,"position":1},"title":"Plano diretor: &quot;Estamos construindo o caos&quot;","author":"Patr\u00edcia Marini","date":"26 de maio de 2014","format":false,"excerpt":"Desabafo que arquiteta Eliana Castilhos, delegada da Regi\u00e3o de Planejamento 1, postou nas redes sociais \u00e9 um testemunho do ambiente que se criou no Conselho do Plano Diretor de Porto Alegre, onde a aprova\u00e7\u00e3o de grandes empreendimentos \u00e9 empurrada guela abaixo dos conselheiros. Ao CMDUA Como delegada da Regi\u00e3o de\u2026","rel":"","context":"Em &quot;Geral&quot;","block_context":{"text":"Geral","link":"https:\/\/www.jornalja.com.br\/arquivo\/category\/geral\/"},"img":{"alt_text":"","src":"","width":0,"height":0},"classes":[]},{"id":14241,"url":"https:\/\/www.jornalja.com.br\/arquivo\/o-guaiba-nas-imagens-poeticas-de-achutti\/","url_meta":{"origin":36471,"position":2},"title":"O Gua\u00edba nas imagens po\u00e9ticas de Achutti","author":"da Reda\u00e7\u00e3o","date":"18 de junho de 2014","format":false,"excerpt":"Em \u201cO Gua\u00edba por Achutti\u201d \u2013 obra financiada via Minist\u00e9rio da Cultura, produ\u00e7\u00e3o executiva de Pedro Longhi, e Fl\u00e1vio Wild como designer \u2013, o fot\u00f3grafo revela a beleza e as mazelas de um espa\u00e7o aqu\u00e1tico de \u00e1guas sempre renovadas, cheio de hist\u00f3rias e lendas como as das cidades que foram\u2026","rel":"","context":"Em &quot;Cultura-Geral&quot;","block_context":{"text":"Cultura-Geral","link":"https:\/\/www.jornalja.com.br\/arquivo\/category\/materiasecundaria\/"},"img":{"alt_text":"","src":"","width":0,"height":0},"classes":[]},{"id":13128,"url":"https:\/\/www.jornalja.com.br\/arquivo\/maconha-terra-diz-que-uso-medicinal-e-desculpa\/","url_meta":{"origin":36471,"position":3},"title":"Maconha: Terra diz que uso medicinal \u00e9 desculpa","author":"Patr\u00edcia Marini","date":"4 de junho de 2014","format":false,"excerpt":"A condi\u00e7\u00e3o de pol\u00edtico, em \u00e9poca de campanha de campanha eleitoral, tira for\u00e7a do discurso do m\u00e9dico Osmar Terra contra a legaliza\u00e7\u00e3o da maconha. A tese dele de que a libera\u00e7\u00e3o vai ampliar exponencialmente o consumo \u00e9 discutivel, o consumo \u00e9 corrente. Mas seus alertas quanto aos riscos tem que\u2026","rel":"","context":"Em &quot;X.Categorias velhas&quot;","block_context":{"text":"X.Categorias velhas","link":"https:\/\/www.jornalja.com.br\/arquivo\/category\/x-categorias-velhas\/"},"img":{"alt_text":"","src":"","width":0,"height":0},"classes":[]},{"id":12960,"url":"https:\/\/www.jornalja.com.br\/arquivo\/populacao-culpa-empresas-pela-greve-dos-rodoviarios\/","url_meta":{"origin":36471,"position":4},"title":"Popula\u00e7\u00e3o culpa empresas pela greve","author":"Patr\u00edcia Marini","date":"14 de fevereiro de 2014","format":false,"excerpt":"Pesquisa divulgada na edi\u00e7\u00e3o do jornal Metro desta sexta-feira,14, comprova o velho ditado: \u00e9 poss\u00edvel enganar muitos por algum tempo, mas n\u00e3o \u00e9 poss\u00edvel enganar a todos o tempo inteiro. A principal revela\u00e7\u00e3o foi que 59,8% dos entrevistados apontaram as empresas como as principais respons\u00e1veis pela grave e 46% culparam\u2026","rel":"","context":"Em &quot;X.Categorias velhas&quot;","block_context":{"text":"X.Categorias velhas","link":"https:\/\/www.jornalja.com.br\/arquivo\/category\/x-categorias-velhas\/"},"img":{"alt_text":"","src":"","width":0,"height":0},"classes":[]},{"id":13101,"url":"https:\/\/www.jornalja.com.br\/arquivo\/morre-um-guerreiro-do-texto\/","url_meta":{"origin":36471,"position":5},"title":"Morre um guerreiro do texto","author":"Patr\u00edcia Marini","date":"14 de maio de 2014","format":false,"excerpt":"Por Ricardo Kotscho Reproduzido do blog do autor, 11\/5\/2014; t\u00edtulo original \u201cE l\u00e1 se foi o nosso Myltainho, guerreiro do texto\u201d. Mi\u00fado e franzino, meu amigo Myltainho era um valente e inconformado guerreiro na luta contra as injusti\u00e7as sociais, a hipocrisia, as maracutaias, o autoritarismo, a intoler\u00e2ncia, a viol\u00eancia, o\u2026","rel":"","context":"Em &quot;Geral&quot;","block_context":{"text":"Geral","link":"https:\/\/www.jornalja.com.br\/arquivo\/category\/geral\/"},"img":{"alt_text":"","src":"","width":0,"height":0},"classes":[]}],"jetpack_shortlink":"https:\/\/wp.me\/pbQjBd-9uf","jetpack_featured_media_url":"","_links":{"self":[{"href":"https:\/\/www.jornalja.com.br\/arquivo\/wp-json\/wp\/v2\/posts\/36471","targetHints":{"allow":["GET"]}}],"collection":[{"href":"https:\/\/www.jornalja.com.br\/arquivo\/wp-json\/wp\/v2\/posts"}],"about":[{"href":"https:\/\/www.jornalja.com.br\/arquivo\/wp-json\/wp\/v2\/types\/post"}],"author":[{"embeddable":true,"href":"https:\/\/www.jornalja.com.br\/arquivo\/wp-json\/wp\/v2\/users\/4"}],"replies":[{"embeddable":true,"href":"https:\/\/www.jornalja.com.br\/arquivo\/wp-json\/wp\/v2\/comments?post=36471"}],"version-history":[{"count":0,"href":"https:\/\/www.jornalja.com.br\/arquivo\/wp-json\/wp\/v2\/posts\/36471\/revisions"}],"wp:attachment":[{"href":"https:\/\/www.jornalja.com.br\/arquivo\/wp-json\/wp\/v2\/media?parent=36471"}],"wp:term":[{"taxonomy":"category","embeddable":true,"href":"https:\/\/www.jornalja.com.br\/arquivo\/wp-json\/wp\/v2\/categories?post=36471"},{"taxonomy":"post_tag","embeddable":true,"href":"https:\/\/www.jornalja.com.br\/arquivo\/wp-json\/wp\/v2\/tags?post=36471"}],"curies":[{"name":"wp","href":"https:\/\/api.w.org\/{rel}","templated":true}]}}