{"id":36623,"date":"2016-07-18T12:01:39","date_gmt":"2016-07-18T15:01:39","guid":{"rendered":"https:\/\/www.jornalja.com.br\/?p=36623"},"modified":"2016-07-18T12:01:39","modified_gmt":"2016-07-18T15:01:39","slug":"carta-aberta-a-gilmar-mendes-o-senhor-deveria-aprender-com-a-juiza-americana-que-pediu-desculpas-por-se-meter-em-politica","status":"publish","type":"post","link":"https:\/\/www.jornalja.com.br\/arquivo\/carta-aberta-a-gilmar-mendes-o-senhor-deveria-aprender-com-a-juiza-americana-que-pediu-desculpas-por-se-meter-em-politica\/","title":{"rendered":"Carta aberta a Gilmar Mendes: o senhor deveria aprender com a ju\u00edza americana que pediu desculpas por se meter em pol\u00edtica."},"content":{"rendered":"<p>por: Paulo Nogueira, jornalista. Editor do site <a href=\"http:\/\/www.diariodocentrodomundo.com.br\/\">Di\u00e1rio do Centro do Mundo<\/a>.<br \/>\nEla falou sobre pol\u00edtica e teve que pedir desculpas para a sociedade.<br \/>\nEsta \u00e9 mais uma da s\u00e9rie de cartas abertas aos golpistas. No futuro, \u00e9 poss\u00edvel que elas sejam reunidas num livro.<br \/>\nCaro ministro Gilmar:<br \/>\nO senhor desonra a Justi\u00e7a. \u00c9 a pior esp\u00e9cie de juiz que pode existir: aquele que se move por raz\u00f5es pol\u00edticas. Sabemos antecipadamente qual ser\u00e1 seu voto quando se trata de um tema pol\u00edtico. Isto, em si, \u00e9 uma afronta \u00e0 dignidade da Justi\u00e7a.<br \/>\nO senhor sabe, ou deveria saber, que no mundo civilizado sua conduta \u00e9 intoler\u00e1vel.<br \/>\nH\u00e1 um caso exemplar em curso nos Estados Unidos. Uma ju\u00edza da Suprema Corte, Ruth Bader Ginsburg, fez alguns coment\u00e1rios sobre o candidato \u00e0 presid\u00eancia Donald Trump.<br \/>\nChamou-o de \u201cenganador\u201d, e acusou-o de ter um ego enorme.<br \/>\nCaro Gilmar: s\u00e3o elogios perto das coisas que o senhor fala de Lula e do PT sem nenhuma cerim\u00f4nia e nenhum pudor.<br \/>\nPois as palavras da ministra geraram uma tempestade pol\u00edtica entre os americanos. Trump disse que ela deveria renunciar. Especialistas em \u00e9tica se ergueram contra a ministra. Editoriais de jornais condenaram-na energicamente.<br \/>\nRepare, aqui, a diferen\u00e7a, caro Gilmar: nenhum jornal jamais publicou um editorial que reprovasse as barbaridades que o senhor pronuncia sistematicamente contra o PT.<br \/>\nIsso mostra a alian\u00e7a que existe entre as grandes companhias de m\u00eddia e alguns ju\u00edzes do STF. Eu diria: as duas partes se merecem.<br \/>\nA ju\u00edza americana, diante da repercuss\u00e3o de suas afirma\u00e7\u00f5es, recuou humildemente. Lamentou ter-se pronunciado em algo que n\u00e3o lhe cabe \u2014 pol\u00edtica. \u201cJu\u00edzes devem evitar falar sobre pol\u00edtica. No futuro, terei mais cuidado.\u201d<br \/>\n<img loading=\"lazy\" decoding=\"async\" class=\"alignnone size-full wp-image-36624\" src=\"https:\/\/www.jornalja.com.br\/wp-content\/uploads\/2016\/07\/Ruth-Bader-Ginsburg.jpeg\" alt=\"Ruth Bader Ginsburg\" width=\"282\" height=\"158\" \/><br \/>\nJu\u00edzes que atuam como pol\u00edticos rebaixam, ao mesmo tempo, a pol\u00edtica e a Justi\u00e7a. \u00c9 o seu caso, ministro Gilmar.<br \/>\nA p\u00e9ssima imagem do Poder Judici\u00e1rio perante a sociedade deriva, em boa parte, do senhor. Mais recentemente, \u00e9 verdade, outro juiz deu uma contribui\u00e7\u00e3o milion\u00e1ria para a desmoraliza\u00e7\u00e3o da Justi\u00e7a, S\u00e9rgio Moro, com sua fixa\u00e7\u00e3o em punir petistas e apenas petistas.<br \/>\nE antes de voc\u00eas dois, n\u00e3o podemos esquecer, tivemos Joaquim Barbosa, a quem a m\u00eddia proporcionou holofotes em doses extraordin\u00e1rias em troca do massacre do PT no julgamento do Mensal\u00e3o.<br \/>\nCaro Gilmar: insisto no ponto de que as declara\u00e7\u00f5es da ministra Rute foram nada perto do que o senhor fala todos os dias.<br \/>\nNos Estados Unidos, um juiz como o senhor n\u00e3o existiria. A opini\u00e3o p\u00fablica n\u00e3o tolera a intromiss\u00e3o de ju\u00edzes nos debates pol\u00edticos.<br \/>\nCaro Gilmar: o senhor n\u00e3o \u00e9 apenas um mau juiz. \u00c9 tamb\u00e9m um golpista.<br \/>\nConfio que, no futuro, coment\u00e1rios pol\u00edticos de ju\u00edzes provoquem no Brasil o mesmo tipo de indigna\u00e7\u00e3o que existe nos Estados Unidos e em outros pa\u00edses socialmente avan\u00e7ados. Quem quer fazer pol\u00edtica deve se submeter \u00e0s urnas.<br \/>\nO senhor \u00e9 o retrato togado de um pa\u00eds explorado abjetamente por um plutocracia sem limites em sua gan\u00e2ncia portentosa.<br \/>\nSinceramente.<br \/>\nPaulo<br \/>\nArtigo publicado originalmente no site <a href=\"http:\/\/www.diariodocentrodomundo.com.br\/\">http:\/\/www.diariodocentrodomundo.com.br\/<\/a><\/p>\n","protected":false},"excerpt":{"rendered":"<p>por: Paulo Nogueira, jornalista. Editor do site Di\u00e1rio do Centro do Mundo. Ela falou sobre pol\u00edtica e teve que pedir desculpas para a sociedade. Esta \u00e9 mais uma da s\u00e9rie de cartas abertas aos golpistas. No futuro, \u00e9 poss\u00edvel que elas sejam reunidas num livro. Caro ministro Gilmar: O senhor desonra a Justi\u00e7a. \u00c9 a [&hellip;]<\/p>\n","protected":false},"author":4,"featured_media":36625,"comment_status":"open","ping_status":"closed","sticky":false,"template":"","format":"standard","meta":{"_jetpack_newsletter_access":"","_jetpack_dont_email_post_to_subs":false,"_jetpack_newsletter_tier_id":0,"_jetpack_memberships_contains_paywalled_content":false,"_jetpack_feature_clip_id":0,"_jetpack_memberships_contains_paid_content":false,"footnotes":"","jetpack_post_was_ever_published":false},"categories":[2014,2012],"tags":[],"class_list":["post-36623","post","type-post","status-publish","format-standard","has-post-thumbnail","hentry","category-em-pauta","category-debates"],"aioseo_notices":[],"aioseo_head":"\n\t\t<!-- All in One SEO 5.0.1.1 - aioseo.com -->\n\t<meta name=\"robots\" content=\"max-image-preview:large\" \/>\n\t<meta name=\"author\" content=\"da Reda\u00e7\u00e3o\"\/>\n\t<link rel=\"canonical\" href=\"https:\/\/www.jornalja.com.br\/arquivo\/carta-aberta-a-gilmar-mendes-o-senhor-deveria-aprender-com-a-juiza-americana-que-pediu-desculpas-por-se-meter-em-politica\/\" \/>\n\t<meta name=\"generator\" content=\"All in One SEO (AIOSEO) 5.0.1.1\" \/>\n\t\t<meta property=\"og:locale\" content=\"pt_BR\" \/>\n\t\t<meta property=\"og:site_name\" content=\"Arquivo | Jornal J\u00c1 | Porto Alegre\" \/>\n\t\t<meta property=\"og:type\" content=\"article\" \/>\n\t\t<meta property=\"og:title\" content=\"Carta aberta a Gilmar Mendes: o senhor deveria aprender com a ju\u00edza americana que pediu desculpas por se meter em pol\u00edtica. | Arquivo\" \/>\n\t\t<meta property=\"og:url\" content=\"https:\/\/www.jornalja.com.br\/arquivo\/carta-aberta-a-gilmar-mendes-o-senhor-deveria-aprender-com-a-juiza-americana-que-pediu-desculpas-por-se-meter-em-politica\/\" \/>\n\t\t<meta property=\"og:image\" content=\"https:\/\/www.jornalja.com.br\/wp-content\/uploads\/2016\/07\/Ruth-Bader-Ginsburg.jpeg\" \/>\n\t\t<meta property=\"og:image:secure_url\" content=\"https:\/\/www.jornalja.com.br\/wp-content\/uploads\/2016\/07\/Ruth-Bader-Ginsburg.jpeg\" \/>\n\t\t<meta property=\"article:published_time\" content=\"2016-07-18T15:01:39+00:00\" \/>\n\t\t<meta property=\"article:modified_time\" content=\"2016-07-18T15:01:39+00:00\" \/>\n\t\t<meta name=\"twitter:card\" content=\"summary\" \/>\n\t\t<meta name=\"twitter:title\" content=\"Carta aberta a Gilmar Mendes: o senhor deveria aprender com a ju\u00edza americana que pediu desculpas por se meter em pol\u00edtica. | Arquivo\" \/>\n\t\t<meta name=\"twitter:image\" content=\"https:\/\/www.jornalja.com.br\/economics\/wp-content\/uploads\/sites\/11\/2026\/08\/ja-folhaderosto-facebook.jpg\" \/>\n\t\t<script type=\"application\/ld+json\" class=\"aioseo-schema\">\n\t\t\t{\"@context\":\"https:\\\/\\\/schema.org\",\"@graph\":[{\"@type\":\"BlogPosting\",\"@id\":\"https:\\\/\\\/www.jornalja.com.br\\\/arquivo\\\/carta-aberta-a-gilmar-mendes-o-senhor-deveria-aprender-com-a-juiza-americana-que-pediu-desculpas-por-se-meter-em-politica\\\/#blogposting\",\"name\":\"Carta aberta a Gilmar Mendes: o senhor deveria aprender com a ju\\u00edza americana que pediu desculpas por se meter em pol\\u00edtica. | Arquivo\",\"headline\":\"Carta aberta a Gilmar Mendes: o senhor deveria aprender com a ju\\u00edza americana que pediu desculpas por se meter em pol\\u00edtica.\",\"author\":{\"@id\":\"https:\\\/\\\/www.jornalja.com.br\\\/arquivo\\\/author\\\/daredacao\\\/#author\"},\"publisher\":{\"@id\":\"https:\\\/\\\/www.jornalja.com.br\\\/arquivo\\\/#organization\"},\"image\":{\"@type\":\"ImageObject\",\"url\":36625},\"datePublished\":\"2016-07-18T12:01:39-03:00\",\"dateModified\":\"2016-07-18T12:01:39-03:00\",\"inLanguage\":\"pt-BR\",\"mainEntityOfPage\":{\"@id\":\"https:\\\/\\\/www.jornalja.com.br\\\/arquivo\\\/carta-aberta-a-gilmar-mendes-o-senhor-deveria-aprender-com-a-juiza-americana-que-pediu-desculpas-por-se-meter-em-politica\\\/#webpage\"},\"isPartOf\":{\"@id\":\"https:\\\/\\\/www.jornalja.com.br\\\/arquivo\\\/carta-aberta-a-gilmar-mendes-o-senhor-deveria-aprender-com-a-juiza-americana-que-pediu-desculpas-por-se-meter-em-politica\\\/#webpage\"},\"articleSection\":\"CDD-Em Pauta, HOTSITE Comit\\u00ea pela Democracia\"},{\"@type\":\"BreadcrumbList\",\"@id\":\"https:\\\/\\\/www.jornalja.com.br\\\/arquivo\\\/carta-aberta-a-gilmar-mendes-o-senhor-deveria-aprender-com-a-juiza-americana-que-pediu-desculpas-por-se-meter-em-politica\\\/#breadcrumblist\",\"itemListElement\":[{\"@type\":\"ListItem\",\"@id\":\"https:\\\/\\\/www.jornalja.com.br\\\/arquivo#listItem\",\"position\":1,\"name\":\"Home\",\"item\":\"https:\\\/\\\/www.jornalja.com.br\\\/arquivo\",\"nextItem\":{\"@type\":\"ListItem\",\"@id\":\"https:\\\/\\\/www.jornalja.com.br\\\/arquivo\\\/category\\\/debates\\\/#listItem\",\"name\":\"HOTSITE Comit\\u00ea pela Democracia\"}},{\"@type\":\"ListItem\",\"@id\":\"https:\\\/\\\/www.jornalja.com.br\\\/arquivo\\\/category\\\/debates\\\/#listItem\",\"position\":2,\"name\":\"HOTSITE Comit\\u00ea pela Democracia\",\"item\":\"https:\\\/\\\/www.jornalja.com.br\\\/arquivo\\\/category\\\/debates\\\/\",\"nextItem\":{\"@type\":\"ListItem\",\"@id\":\"https:\\\/\\\/www.jornalja.com.br\\\/arquivo\\\/carta-aberta-a-gilmar-mendes-o-senhor-deveria-aprender-com-a-juiza-americana-que-pediu-desculpas-por-se-meter-em-politica\\\/#listItem\",\"name\":\"Carta aberta a Gilmar Mendes: o senhor deveria aprender com a ju\\u00edza americana que pediu desculpas por se meter em pol\\u00edtica.\"},\"previousItem\":{\"@type\":\"ListItem\",\"@id\":\"https:\\\/\\\/www.jornalja.com.br\\\/arquivo#listItem\",\"name\":\"Home\"}},{\"@type\":\"ListItem\",\"@id\":\"https:\\\/\\\/www.jornalja.com.br\\\/arquivo\\\/carta-aberta-a-gilmar-mendes-o-senhor-deveria-aprender-com-a-juiza-americana-que-pediu-desculpas-por-se-meter-em-politica\\\/#listItem\",\"position\":3,\"name\":\"Carta aberta a Gilmar Mendes: o senhor deveria aprender com a ju\\u00edza americana que pediu desculpas por se meter em pol\\u00edtica.\",\"previousItem\":{\"@type\":\"ListItem\",\"@id\":\"https:\\\/\\\/www.jornalja.com.br\\\/arquivo\\\/category\\\/debates\\\/#listItem\",\"name\":\"HOTSITE Comit\\u00ea pela Democracia\"}}]},{\"@type\":\"Organization\",\"@id\":\"https:\\\/\\\/www.jornalja.com.br\\\/arquivo\\\/#organization\",\"name\":\"Jornal J\\u00c1\",\"description\":\"Jornal J\\u00c1 | Porto Alegre\",\"url\":\"https:\\\/\\\/www.jornalja.com.br\\\/arquivo\\\/\",\"telephone\":\"+555133307272\",\"logo\":{\"@type\":\"ImageObject\",\"url\":\"https:\\\/\\\/www.jornalja.com.br\\\/wp-content\\\/uploads\\\/cards\\\/JAslogan.png\",\"@id\":\"https:\\\/\\\/www.jornalja.com.br\\\/arquivo\\\/carta-aberta-a-gilmar-mendes-o-senhor-deveria-aprender-com-a-juiza-americana-que-pediu-desculpas-por-se-meter-em-politica\\\/#organizationLogo\"},\"image\":{\"@id\":\"https:\\\/\\\/www.jornalja.com.br\\\/arquivo\\\/carta-aberta-a-gilmar-mendes-o-senhor-deveria-aprender-com-a-juiza-americana-que-pediu-desculpas-por-se-meter-em-politica\\\/#organizationLogo\"}},{\"@type\":\"Person\",\"@id\":\"https:\\\/\\\/www.jornalja.com.br\\\/arquivo\\\/author\\\/daredacao\\\/#author\",\"url\":\"https:\\\/\\\/www.jornalja.com.br\\\/arquivo\\\/author\\\/daredacao\\\/\",\"name\":\"da Reda\\u00e7\\u00e3o\",\"image\":{\"@type\":\"ImageObject\",\"@id\":\"https:\\\/\\\/www.jornalja.com.br\\\/arquivo\\\/carta-aberta-a-gilmar-mendes-o-senhor-deveria-aprender-com-a-juiza-americana-que-pediu-desculpas-por-se-meter-em-politica\\\/#authorImage\",\"url\":\"https:\\\/\\\/secure.gravatar.com\\\/avatar\\\/469fd857d6605ad19919d27ed29d35a968a25f6e8fd9318356bbb7f57aae9c65?s=96&d=mm&r=g\",\"width\":96,\"height\":96,\"caption\":\"da Reda\\u00e7\\u00e3o\"}},{\"@type\":\"WebPage\",\"@id\":\"https:\\\/\\\/www.jornalja.com.br\\\/arquivo\\\/carta-aberta-a-gilmar-mendes-o-senhor-deveria-aprender-com-a-juiza-americana-que-pediu-desculpas-por-se-meter-em-politica\\\/#webpage\",\"url\":\"https:\\\/\\\/www.jornalja.com.br\\\/arquivo\\\/carta-aberta-a-gilmar-mendes-o-senhor-deveria-aprender-com-a-juiza-americana-que-pediu-desculpas-por-se-meter-em-politica\\\/\",\"name\":\"Carta aberta a Gilmar Mendes: o senhor deveria aprender com a ju\\u00edza americana que pediu desculpas por se meter em pol\\u00edtica. | Arquivo\",\"inLanguage\":\"pt-BR\",\"isPartOf\":{\"@id\":\"https:\\\/\\\/www.jornalja.com.br\\\/arquivo\\\/#website\"},\"breadcrumb\":{\"@id\":\"https:\\\/\\\/www.jornalja.com.br\\\/arquivo\\\/carta-aberta-a-gilmar-mendes-o-senhor-deveria-aprender-com-a-juiza-americana-que-pediu-desculpas-por-se-meter-em-politica\\\/#breadcrumblist\"},\"author\":{\"@id\":\"https:\\\/\\\/www.jornalja.com.br\\\/arquivo\\\/author\\\/daredacao\\\/#author\"},\"creator\":{\"@id\":\"https:\\\/\\\/www.jornalja.com.br\\\/arquivo\\\/author\\\/daredacao\\\/#author\"},\"image\":{\"@type\":\"ImageObject\",\"url\":36625,\"@id\":\"https:\\\/\\\/www.jornalja.com.br\\\/arquivo\\\/carta-aberta-a-gilmar-mendes-o-senhor-deveria-aprender-com-a-juiza-americana-que-pediu-desculpas-por-se-meter-em-politica\\\/#mainImage\"},\"primaryImageOfPage\":{\"@id\":\"https:\\\/\\\/www.jornalja.com.br\\\/arquivo\\\/carta-aberta-a-gilmar-mendes-o-senhor-deveria-aprender-com-a-juiza-americana-que-pediu-desculpas-por-se-meter-em-politica\\\/#mainImage\"},\"datePublished\":\"2016-07-18T12:01:39-03:00\",\"dateModified\":\"2016-07-18T12:01:39-03:00\"},{\"@type\":\"WebSite\",\"@id\":\"https:\\\/\\\/www.jornalja.com.br\\\/arquivo\\\/#website\",\"url\":\"https:\\\/\\\/www.jornalja.com.br\\\/arquivo\\\/\",\"name\":\"Arquivo\",\"description\":\"Jornal J\\u00c1 | Porto Alegre\",\"inLanguage\":\"pt-BR\",\"publisher\":{\"@id\":\"https:\\\/\\\/www.jornalja.com.br\\\/arquivo\\\/#organization\"}}]}\n\t\t<\/script>\n\t\t<!-- All in One SEO -->\n\n","aioseo_head_json":{"title":"Carta aberta a Gilmar Mendes: o senhor deveria aprender com a ju\u00edza americana que pediu desculpas por se meter em pol\u00edtica. | Arquivo","description":"","canonical_url":"https:\/\/www.jornalja.com.br\/arquivo\/carta-aberta-a-gilmar-mendes-o-senhor-deveria-aprender-com-a-juiza-americana-que-pediu-desculpas-por-se-meter-em-politica\/","robots":"max-image-preview:large","keywords":"","webmasterTools":{"miscellaneous":""},"schema":{"@context":"https:\/\/schema.org","@graph":[{"@type":"BlogPosting","@id":"https:\/\/www.jornalja.com.br\/arquivo\/carta-aberta-a-gilmar-mendes-o-senhor-deveria-aprender-com-a-juiza-americana-que-pediu-desculpas-por-se-meter-em-politica\/#blogposting","name":"Carta aberta a Gilmar Mendes: o senhor deveria aprender com a ju\u00edza americana que pediu desculpas por se meter em pol\u00edtica. | Arquivo","headline":"Carta aberta a Gilmar Mendes: o senhor deveria aprender com a ju\u00edza americana que pediu desculpas por se meter em pol\u00edtica.","author":{"@id":"https:\/\/www.jornalja.com.br\/arquivo\/author\/daredacao\/#author"},"publisher":{"@id":"https:\/\/www.jornalja.com.br\/arquivo\/#organization"},"image":{"@type":"ImageObject","url":36625},"datePublished":"2016-07-18T12:01:39-03:00","dateModified":"2016-07-18T12:01:39-03:00","inLanguage":"pt-BR","mainEntityOfPage":{"@id":"https:\/\/www.jornalja.com.br\/arquivo\/carta-aberta-a-gilmar-mendes-o-senhor-deveria-aprender-com-a-juiza-americana-que-pediu-desculpas-por-se-meter-em-politica\/#webpage"},"isPartOf":{"@id":"https:\/\/www.jornalja.com.br\/arquivo\/carta-aberta-a-gilmar-mendes-o-senhor-deveria-aprender-com-a-juiza-americana-que-pediu-desculpas-por-se-meter-em-politica\/#webpage"},"articleSection":"CDD-Em Pauta, HOTSITE Comit\u00ea pela Democracia"},{"@type":"BreadcrumbList","@id":"https:\/\/www.jornalja.com.br\/arquivo\/carta-aberta-a-gilmar-mendes-o-senhor-deveria-aprender-com-a-juiza-americana-que-pediu-desculpas-por-se-meter-em-politica\/#breadcrumblist","itemListElement":[{"@type":"ListItem","@id":"https:\/\/www.jornalja.com.br\/arquivo#listItem","position":1,"name":"Home","item":"https:\/\/www.jornalja.com.br\/arquivo","nextItem":{"@type":"ListItem","@id":"https:\/\/www.jornalja.com.br\/arquivo\/category\/debates\/#listItem","name":"HOTSITE Comit\u00ea pela Democracia"}},{"@type":"ListItem","@id":"https:\/\/www.jornalja.com.br\/arquivo\/category\/debates\/#listItem","position":2,"name":"HOTSITE Comit\u00ea pela Democracia","item":"https:\/\/www.jornalja.com.br\/arquivo\/category\/debates\/","nextItem":{"@type":"ListItem","@id":"https:\/\/www.jornalja.com.br\/arquivo\/carta-aberta-a-gilmar-mendes-o-senhor-deveria-aprender-com-a-juiza-americana-que-pediu-desculpas-por-se-meter-em-politica\/#listItem","name":"Carta aberta a Gilmar Mendes: o senhor deveria aprender com a ju\u00edza americana que pediu desculpas por se meter em pol\u00edtica."},"previousItem":{"@type":"ListItem","@id":"https:\/\/www.jornalja.com.br\/arquivo#listItem","name":"Home"}},{"@type":"ListItem","@id":"https:\/\/www.jornalja.com.br\/arquivo\/carta-aberta-a-gilmar-mendes-o-senhor-deveria-aprender-com-a-juiza-americana-que-pediu-desculpas-por-se-meter-em-politica\/#listItem","position":3,"name":"Carta aberta a Gilmar Mendes: o senhor deveria aprender com a ju\u00edza americana que pediu desculpas por se meter em pol\u00edtica.","previousItem":{"@type":"ListItem","@id":"https:\/\/www.jornalja.com.br\/arquivo\/category\/debates\/#listItem","name":"HOTSITE Comit\u00ea pela Democracia"}}]},{"@type":"Organization","@id":"https:\/\/www.jornalja.com.br\/arquivo\/#organization","name":"Jornal J\u00c1","description":"Jornal J\u00c1 | Porto Alegre","url":"https:\/\/www.jornalja.com.br\/arquivo\/","telephone":"+555133307272","logo":{"@type":"ImageObject","url":"https:\/\/www.jornalja.com.br\/wp-content\/uploads\/cards\/JAslogan.png","@id":"https:\/\/www.jornalja.com.br\/arquivo\/carta-aberta-a-gilmar-mendes-o-senhor-deveria-aprender-com-a-juiza-americana-que-pediu-desculpas-por-se-meter-em-politica\/#organizationLogo"},"image":{"@id":"https:\/\/www.jornalja.com.br\/arquivo\/carta-aberta-a-gilmar-mendes-o-senhor-deveria-aprender-com-a-juiza-americana-que-pediu-desculpas-por-se-meter-em-politica\/#organizationLogo"}},{"@type":"Person","@id":"https:\/\/www.jornalja.com.br\/arquivo\/author\/daredacao\/#author","url":"https:\/\/www.jornalja.com.br\/arquivo\/author\/daredacao\/","name":"da Reda\u00e7\u00e3o","image":{"@type":"ImageObject","@id":"https:\/\/www.jornalja.com.br\/arquivo\/carta-aberta-a-gilmar-mendes-o-senhor-deveria-aprender-com-a-juiza-americana-que-pediu-desculpas-por-se-meter-em-politica\/#authorImage","url":"https:\/\/secure.gravatar.com\/avatar\/469fd857d6605ad19919d27ed29d35a968a25f6e8fd9318356bbb7f57aae9c65?s=96&d=mm&r=g","width":96,"height":96,"caption":"da Reda\u00e7\u00e3o"}},{"@type":"WebPage","@id":"https:\/\/www.jornalja.com.br\/arquivo\/carta-aberta-a-gilmar-mendes-o-senhor-deveria-aprender-com-a-juiza-americana-que-pediu-desculpas-por-se-meter-em-politica\/#webpage","url":"https:\/\/www.jornalja.com.br\/arquivo\/carta-aberta-a-gilmar-mendes-o-senhor-deveria-aprender-com-a-juiza-americana-que-pediu-desculpas-por-se-meter-em-politica\/","name":"Carta aberta a Gilmar Mendes: o senhor deveria aprender com a ju\u00edza americana que pediu desculpas por se meter em pol\u00edtica. | Arquivo","inLanguage":"pt-BR","isPartOf":{"@id":"https:\/\/www.jornalja.com.br\/arquivo\/#website"},"breadcrumb":{"@id":"https:\/\/www.jornalja.com.br\/arquivo\/carta-aberta-a-gilmar-mendes-o-senhor-deveria-aprender-com-a-juiza-americana-que-pediu-desculpas-por-se-meter-em-politica\/#breadcrumblist"},"author":{"@id":"https:\/\/www.jornalja.com.br\/arquivo\/author\/daredacao\/#author"},"creator":{"@id":"https:\/\/www.jornalja.com.br\/arquivo\/author\/daredacao\/#author"},"image":{"@type":"ImageObject","url":36625,"@id":"https:\/\/www.jornalja.com.br\/arquivo\/carta-aberta-a-gilmar-mendes-o-senhor-deveria-aprender-com-a-juiza-americana-que-pediu-desculpas-por-se-meter-em-politica\/#mainImage"},"primaryImageOfPage":{"@id":"https:\/\/www.jornalja.com.br\/arquivo\/carta-aberta-a-gilmar-mendes-o-senhor-deveria-aprender-com-a-juiza-americana-que-pediu-desculpas-por-se-meter-em-politica\/#mainImage"},"datePublished":"2016-07-18T12:01:39-03:00","dateModified":"2016-07-18T12:01:39-03:00"},{"@type":"WebSite","@id":"https:\/\/www.jornalja.com.br\/arquivo\/#website","url":"https:\/\/www.jornalja.com.br\/arquivo\/","name":"Arquivo","description":"Jornal J\u00c1 | Porto Alegre","inLanguage":"pt-BR","publisher":{"@id":"https:\/\/www.jornalja.com.br\/arquivo\/#organization"}}]},"og:locale":"pt_BR","og:site_name":"Arquivo | Jornal J\u00c1 | Porto Alegre","og:type":"article","og:title":"Carta aberta a Gilmar Mendes: o senhor deveria aprender com a ju\u00edza americana que pediu desculpas por se meter em pol\u00edtica. | Arquivo","og:url":"https:\/\/www.jornalja.com.br\/arquivo\/carta-aberta-a-gilmar-mendes-o-senhor-deveria-aprender-com-a-juiza-americana-que-pediu-desculpas-por-se-meter-em-politica\/","og:image":"https:\/\/www.jornalja.com.br\/wp-content\/uploads\/2016\/07\/Ruth-Bader-Ginsburg.jpeg","og:image:secure_url":"https:\/\/www.jornalja.com.br\/wp-content\/uploads\/2016\/07\/Ruth-Bader-Ginsburg.jpeg","article:published_time":"2016-07-18T15:01:39+00:00","article:modified_time":"2016-07-18T15:01:39+00:00","twitter:card":"summary","twitter:title":"Carta aberta a Gilmar Mendes: o senhor deveria aprender com a ju\u00edza americana que pediu desculpas por se meter em pol\u00edtica. | Arquivo","twitter:image":"https:\/\/www.jornalja.com.br\/economics\/wp-content\/uploads\/sites\/11\/2026\/08\/ja-folhaderosto-facebook.jpg"},"aioseo_meta_data":{"post_id":"36623","title":null,"description":null,"keywords":null,"keyphrases":null,"primary_term":null,"canonical_url":null,"og_title":null,"og_description":null,"og_object_type":"default","og_image_type":"default","og_image_url":null,"og_image_width":null,"og_image_height":null,"og_image_custom_url":null,"og_image_custom_fields":null,"og_video":null,"og_custom_url":null,"og_article_section":null,"og_article_tags":null,"twitter_use_og":false,"twitter_card":"default","twitter_image_type":"default","twitter_image_url":null,"twitter_image_custom_url":null,"twitter_image_custom_fields":null,"twitter_title":null,"twitter_description":null,"schema":{"blockGraphs":[],"customGraphs":[],"default":{"data":{"Article":[],"Course":[],"Dataset":[],"FAQPage":[],"Movie":[],"Person":[],"Product":[],"ProductReview":[],"Car":[],"Recipe":[],"Service":[],"SoftwareApplication":[],"WebPage":[]},"graphName":"","isEnabled":true},"graphs":[]},"schema_type":null,"schema_type_options":null,"pillar_content":false,"robots_default":true,"robots_noindex":false,"robots_noarchive":false,"robots_nosnippet":false,"robots_nofollow":false,"robots_noimageindex":false,"robots_noodp":false,"robots_notranslate":false,"robots_max_snippet":null,"robots_max_videopreview":null,"robots_max_imagepreview":"large","priority":null,"frequency":null,"location":null,"local_seo":null,"breadcrumb_settings":null,"limit_modified_date":false,"ai":null,"created":"2020-12-20 20:54:29","updated":"2025-07-19 15:17:30","seo_analyzer_scan_date":null,"focus_keyword":null,"additional_keywords":null,"truseo_locale":null},"jetpack_sharing_enabled":true,"jetpack-related-posts":[{"id":13128,"url":"https:\/\/www.jornalja.com.br\/arquivo\/maconha-terra-diz-que-uso-medicinal-e-desculpa\/","url_meta":{"origin":36623,"position":0},"title":"Maconha: Terra diz que uso medicinal \u00e9 desculpa","author":"Patr\u00edcia Marini","date":"4 de junho de 2014","format":false,"excerpt":"A condi\u00e7\u00e3o de pol\u00edtico, em \u00e9poca de campanha de campanha eleitoral, tira for\u00e7a do discurso do m\u00e9dico Osmar Terra contra a legaliza\u00e7\u00e3o da maconha. A tese dele de que a libera\u00e7\u00e3o vai ampliar exponencialmente o consumo \u00e9 discutivel, o consumo \u00e9 corrente. Mas seus alertas quanto aos riscos tem que\u2026","rel":"","context":"Em &quot;X.Categorias velhas&quot;","block_context":{"text":"X.Categorias velhas","link":"https:\/\/www.jornalja.com.br\/arquivo\/category\/x-categorias-velhas\/"},"img":{"alt_text":"","src":"","width":0,"height":0},"classes":[]},{"id":13124,"url":"https:\/\/www.jornalja.com.br\/arquivo\/sangue-latino-no-iecine\/","url_meta":{"origin":36623,"position":1},"title":"Sangue latino no IECINE","author":"da Reda\u00e7\u00e3o","date":"18 de maio de 2014","format":false,"excerpt":"Francisco Ribeiro O Instituto Estadual de Cinema (IECINE) tem a frente, desde abril \u00faltimo, um novo diretor, o cineasta colombiano Juan Zapata, 36, que substitui Luiz Alberto Cassol. Radicado h\u00e1 dez anos em Porto Alegre, Zapata tem diante de si o desafio de conduzir at\u00e9 o final do ano um\u2026","rel":"","context":"Em &quot;Cultura-Geral&quot;","block_context":{"text":"Cultura-Geral","link":"https:\/\/www.jornalja.com.br\/arquivo\/category\/materiasecundaria\/"},"img":{"alt_text":"","src":"","width":0,"height":0},"classes":[]},{"id":13101,"url":"https:\/\/www.jornalja.com.br\/arquivo\/morre-um-guerreiro-do-texto\/","url_meta":{"origin":36623,"position":2},"title":"Morre um guerreiro do texto","author":"Patr\u00edcia Marini","date":"14 de maio de 2014","format":false,"excerpt":"Por Ricardo Kotscho Reproduzido do blog do autor, 11\/5\/2014; t\u00edtulo original \u201cE l\u00e1 se foi o nosso Myltainho, guerreiro do texto\u201d. Mi\u00fado e franzino, meu amigo Myltainho era um valente e inconformado guerreiro na luta contra as injusti\u00e7as sociais, a hipocrisia, as maracutaias, o autoritarismo, a intoler\u00e2ncia, a viol\u00eancia, o\u2026","rel":"","context":"Em &quot;Geral&quot;","block_context":{"text":"Geral","link":"https:\/\/www.jornalja.com.br\/arquivo\/category\/geral\/"},"img":{"alt_text":"","src":"","width":0,"height":0},"classes":[]},{"id":13240,"url":"https:\/\/www.jornalja.com.br\/arquivo\/plano-diretor-estamos-construindo-o-caos\/","url_meta":{"origin":36623,"position":3},"title":"Plano diretor: &quot;Estamos construindo o caos&quot;","author":"Patr\u00edcia Marini","date":"26 de maio de 2014","format":false,"excerpt":"Desabafo que arquiteta Eliana Castilhos, delegada da Regi\u00e3o de Planejamento 1, postou nas redes sociais \u00e9 um testemunho do ambiente que se criou no Conselho do Plano Diretor de Porto Alegre, onde a aprova\u00e7\u00e3o de grandes empreendimentos \u00e9 empurrada guela abaixo dos conselheiros. Ao CMDUA Como delegada da Regi\u00e3o de\u2026","rel":"","context":"Em &quot;Geral&quot;","block_context":{"text":"Geral","link":"https:\/\/www.jornalja.com.br\/arquivo\/category\/geral\/"},"img":{"alt_text":"","src":"","width":0,"height":0},"classes":[]},{"id":5440,"url":"https:\/\/www.jornalja.com.br\/arquivo\/casarao-da-venancio-destino-permanece-incerto\/","url_meta":{"origin":36623,"position":4},"title":"Estado ainda n\u00e3o sabe o que fazer com casar\u00e3o abandonado h\u00e1 20 anos","author":"Elmar Bones","date":"6 de julho de 2009","format":false,"excerpt":"O casar\u00e3o amarelo, numa esquina nobre de Porto Alegre (Ven\u00e2ncio Aires com Jo\u00e3o Pessoa), j\u00e1 abrigou uma escola. H\u00e1 duas d\u00e9cadas, pelo menos, est\u00e1 abandonado, porque seu propriet\u00e1rio, o governo do Estado do Rio Grande do Sul, n\u00e3o consegue achar um destino para ele. Planos n\u00e3o faltaram. O governador Ol\u00edvio\u2026","rel":"","context":"Em &quot;X.Categorias velhas&quot;","block_context":{"text":"X.Categorias velhas","link":"https:\/\/www.jornalja.com.br\/arquivo\/category\/x-categorias-velhas\/"},"img":{"alt_text":"geraldo1","src":"https:\/\/i0.wp.com\/www.jornalja.com.br\/wp-content\/uploads\/2009\/07\/geraldo1.jpg?resize=350%2C200&ssl=1","width":350,"height":200},"classes":[]},{"id":14241,"url":"https:\/\/www.jornalja.com.br\/arquivo\/o-guaiba-nas-imagens-poeticas-de-achutti\/","url_meta":{"origin":36623,"position":5},"title":"O Gua\u00edba nas imagens po\u00e9ticas de Achutti","author":"da Reda\u00e7\u00e3o","date":"18 de junho de 2014","format":false,"excerpt":"Em \u201cO Gua\u00edba por Achutti\u201d \u2013 obra financiada via Minist\u00e9rio da Cultura, produ\u00e7\u00e3o executiva de Pedro Longhi, e Fl\u00e1vio Wild como designer \u2013, o fot\u00f3grafo revela a beleza e as mazelas de um espa\u00e7o aqu\u00e1tico de \u00e1guas sempre renovadas, cheio de hist\u00f3rias e lendas como as das cidades que foram\u2026","rel":"","context":"Em &quot;Cultura-Geral&quot;","block_context":{"text":"Cultura-Geral","link":"https:\/\/www.jornalja.com.br\/arquivo\/category\/materiasecundaria\/"},"img":{"alt_text":"","src":"","width":0,"height":0},"classes":[]}],"jetpack_shortlink":"https:\/\/wp.me\/pbQjBd-9wH","jetpack_featured_media_url":"","_links":{"self":[{"href":"https:\/\/www.jornalja.com.br\/arquivo\/wp-json\/wp\/v2\/posts\/36623","targetHints":{"allow":["GET"]}}],"collection":[{"href":"https:\/\/www.jornalja.com.br\/arquivo\/wp-json\/wp\/v2\/posts"}],"about":[{"href":"https:\/\/www.jornalja.com.br\/arquivo\/wp-json\/wp\/v2\/types\/post"}],"author":[{"embeddable":true,"href":"https:\/\/www.jornalja.com.br\/arquivo\/wp-json\/wp\/v2\/users\/4"}],"replies":[{"embeddable":true,"href":"https:\/\/www.jornalja.com.br\/arquivo\/wp-json\/wp\/v2\/comments?post=36623"}],"version-history":[{"count":0,"href":"https:\/\/www.jornalja.com.br\/arquivo\/wp-json\/wp\/v2\/posts\/36623\/revisions"}],"wp:attachment":[{"href":"https:\/\/www.jornalja.com.br\/arquivo\/wp-json\/wp\/v2\/media?parent=36623"}],"wp:term":[{"taxonomy":"category","embeddable":true,"href":"https:\/\/www.jornalja.com.br\/arquivo\/wp-json\/wp\/v2\/categories?post=36623"},{"taxonomy":"post_tag","embeddable":true,"href":"https:\/\/www.jornalja.com.br\/arquivo\/wp-json\/wp\/v2\/tags?post=36623"}],"curies":[{"name":"wp","href":"https:\/\/api.w.org\/{rel}","templated":true}]}}