{"id":36634,"date":"2016-07-18T15:00:00","date_gmt":"2016-07-18T18:00:00","guid":{"rendered":"https:\/\/www.jornalja.com.br\/?p=36634"},"modified":"2016-07-18T15:00:00","modified_gmt":"2016-07-18T18:00:00","slug":"escola-sem-partido","status":"publish","type":"post","link":"https:\/\/www.jornalja.com.br\/arquivo\/escola-sem-partido\/","title":{"rendered":"Escola sem partido"},"content":{"rendered":"<p><span class=\"assina\">Gilmar Zampieri<\/span><\/p>\n<p style=\"margin: 0 50% 20px 0;padding: 0\"><span style=\"font-size: 12px;line-height: 14px;margin: 0 60% 20px 0;padding: 0;font-style: italic\">Professor de filosofia<\/span><\/p>\n<p>J\u00e1 foi dito e escrito tanto sobre a escola sem partido que, talvez, nada mais pode ser dito de novo. Mas a forma de dizer nunca se repete e por isso, por que n\u00e3o, cada um tentar livremente dizer da sua forma?<br \/>\nMinha percep\u00e7\u00e3o \u00e9 de que esse tema pode ser dito em 5 pontos:<br \/>\n1-Dos propositores: Quem prop\u00f5e o debate e at\u00e9 poss\u00edveis leis inibindo, coibindo e punindo professores que, supostamente doutrinam seus alunos, s\u00e3o pessoas bem conhecidas na cena p\u00fablica brasileira, alguns s\u00e3o vereadores e\/ou deputados, que t\u00eam em sua biografia posi\u00e7\u00f5es marcadamente conservadoras e de direita. O que eles entendem por doutrina\u00e7\u00e3o \u00e9 o que os outros fazem, no caso, os professores com perfil mais progressista e de esquerda. N\u00e3o h\u00e1 nenhum intelectual ou professor de esquerda e progressista que veio \u00e0 p\u00fablico para endossar o discurso dos propositores da Escola sem partido. Isso significa que a proposi\u00e7\u00e3o \u00e9 um ca\u00e7a \u00e0s bruxas (professores\/as de esquerda, no caso) como tantas vezes aconteceu na hist\u00f3ria.<br \/>\n2-Doutrina\u00e7\u00e3o: O que seria propriamente a doutrina\u00e7\u00e3o a ser evitada? Claro, a doutrina\u00e7\u00e3o seria ensinar Marx; ensinar que a ditadura foi nefasta para o Brasil; ensinar que os colonizadores que vieram para o Brasil cometeram genoc\u00eddio e que a escravid\u00e3o foi uma barb\u00e1rie cometida pelos europeus, brancos, ricos contra os negros; ensinar que a mulher \u00e9 v\u00edtima de uma hist\u00f3ria de machismo patriarcal; ensinar que Fernando Henrique Cardoso comprou a reelei\u00e7\u00e3o e que a Dilma est\u00e1 sendo v\u00edtima de um golpe e que esse golpe n\u00e3o \u00e9 nenhuma novidade, pois as elites brasileiras sempre a ele recorrem quando seus privil\u00e9gios est\u00e3o amea\u00e7ados etc, etc&#8230;<br \/>\n3-Ideologia: \u00c9 fato que a doutrina\u00e7\u00e3o deve ser evitada, mas seriam os casos acima elencados, doutrina\u00e7\u00e3o? N\u00e3o seriam t\u00e3o somente pontos de vista leg\u00edtimos de serem ensinados e debatidos, se for o caso? Em quest\u00f5es pol\u00eamicas ser\u00e1 poss\u00edvel n\u00e3o tomar partido e defender uma perspectiva ideol\u00f3gica, mantendo saudavelmente uma posi\u00e7\u00e3o firme, mas dialogal com quem pensa diferentemente? Se um professor de perfil conservador ensinar e debater esses temas, n\u00e3o tomar\u00e1 uma posi\u00e7\u00e3o ideol\u00f3gica favor\u00e1vel a um ponto e cr\u00edtico ao ponto contr\u00e1rio? E isso n\u00e3o \u00e9 saud\u00e1vel e intr\u00ednseco ao ato mesmo do conhecimento que sempre ser\u00e1 limitado pelo lugar social, pol\u00edtico e ideol\u00f3gico do int\u00e9rprete? A quest\u00e3o, me parece, n\u00e3o \u00e9 de ideologia, que todos t\u00eam e n\u00e3o h\u00e1 como pretender neutralidade, mas de postura dialogal, aberta e cr\u00edtica exigida por qualquer mestre no ensinar.<br \/>\n<img loading=\"lazy\" decoding=\"async\" class=\"size-medium wp-image-36640 alignleft\" src=\"https:\/\/www.jornalja.com.br\/wp-content\/uploads\/2016\/07\/mordaca-750x410-300x164.jpg\" alt=\"mordaca-750x410\" width=\"300\" height=\"164\" \/><br \/>\n4-Liberdade de pensamento e express\u00e3o: O maior perigo para uma sociedade democr\u00e1tica n\u00e3o s\u00e3o os professores que se posicionam ideologicamente frente aos fatos e acontecimentos, mas s\u00e3o os que pretendem regular e legislar, proibindo antecipadamente a express\u00e3o do livre pensamento. A contradi\u00e7\u00e3o \u00e9 flagrante. Logo os defensores do livre mercado s\u00e3o os que pretendem regular, coibir e punir o livre pensamento? O regulador, n\u00e3o deve ser a lei, mas s\u00f3 pode ser o interlocutor, o estudante, que sabe distinguir posi\u00e7\u00f5es embasadas em raz\u00f5es, de posi\u00e7\u00f5es dogm\u00e1ticas que exigem ades\u00e3o acr\u00edtica. Mas isso vale tanto para um lado quanto para o outro do espectro ideol\u00f3gico. E os estudantes n\u00e3o s\u00e3o bobos, n\u00e3o s\u00e3o passivos e coitadinhos que se deixam levar pela ideologia do professor. S\u00f3 quem nunca entrou numa sala de aula pode pensar que \u00e9 poss\u00edvel doutrinar os jovens de hoje&#8230;<br \/>\n5-Bom senso: A sala de aula n\u00e3o \u00e9 um lugar para cerceamento do pensamento e tabus previamente definidos. Os professores n\u00e3o s\u00e3o imbecis, idiotas e irrespons\u00e1veis que n\u00e3o sabem o lugar que ocupam no processo da forma\u00e7\u00e3o das subjetividades e do conhecimento. Os professores s\u00e3o preparados para serem professores, diferentemente de alguns pol\u00edticos que sequer s\u00e3o preparados para serem pol\u00edticos e pretendem regulamentar e cercear a liberdade de pensamento de professores. Deixem os professores em paz! Eles n\u00e3o s\u00e3o crian\u00e7as que precisam de uma lei externa que os punem em caso de desvio ou transgress\u00e3o do bom senso no ato de ensinar. Somos adultos e respons\u00e1veis. E suficientemente sabedores do papel de orientadores-facilitadores-problematizadores na constru\u00e7\u00e3o do conhecimento, e n\u00e3o doutrinadores. O resto \u00e9 devaneio de aprendizes do fascismo&#8230;<\/p>\n","protected":false},"excerpt":{"rendered":"<p>Gilmar Zampieri Professor de filosofia J\u00e1 foi dito e escrito tanto sobre a escola sem partido que, talvez, nada mais pode ser dito de novo. Mas a forma de dizer nunca se repete e por isso, por que n\u00e3o, cada um tentar livremente dizer da sua forma? Minha percep\u00e7\u00e3o \u00e9 de que esse tema pode [&hellip;]<\/p>\n","protected":false},"author":4,"featured_media":36635,"comment_status":"open","ping_status":"closed","sticky":false,"template":"","format":"standard","meta":{"_jetpack_newsletter_access":"","_jetpack_dont_email_post_to_subs":false,"_jetpack_newsletter_tier_id":0,"_jetpack_memberships_contains_paywalled_content":false,"_jetpack_feature_clip_id":0,"_jetpack_memberships_contains_paid_content":false,"footnotes":"","jetpack_post_was_ever_published":false},"categories":[2018,2012],"tags":[],"class_list":["post-36634","post","type-post","status-publish","format-standard","has-post-thumbnail","hentry","category-cdd-outros","category-debates"],"aioseo_notices":[],"aioseo_head":"\n\t\t<!-- All in One SEO 5.0.1.1 - aioseo.com -->\n\t<meta name=\"robots\" content=\"max-image-preview:large\" \/>\n\t<meta name=\"author\" content=\"da Reda\u00e7\u00e3o\"\/>\n\t<link rel=\"canonical\" href=\"https:\/\/www.jornalja.com.br\/arquivo\/escola-sem-partido\/\" \/>\n\t<meta name=\"generator\" content=\"All in One SEO (AIOSEO) 5.0.1.1\" \/>\n\t\t<meta property=\"og:locale\" content=\"pt_BR\" \/>\n\t\t<meta property=\"og:site_name\" content=\"Arquivo | Jornal J\u00c1 | Porto Alegre\" \/>\n\t\t<meta property=\"og:type\" content=\"article\" \/>\n\t\t<meta property=\"og:title\" content=\"Escola sem partido | Arquivo\" \/>\n\t\t<meta property=\"og:url\" content=\"https:\/\/www.jornalja.com.br\/arquivo\/escola-sem-partido\/\" \/>\n\t\t<meta property=\"og:image\" content=\"https:\/\/www.jornalja.com.br\/wp-content\/uploads\/2016\/07\/mordaca-750x410-300x164.jpg\" \/>\n\t\t<meta property=\"og:image:secure_url\" content=\"https:\/\/www.jornalja.com.br\/wp-content\/uploads\/2016\/07\/mordaca-750x410-300x164.jpg\" \/>\n\t\t<meta property=\"article:published_time\" content=\"2016-07-18T18:00:00+00:00\" \/>\n\t\t<meta property=\"article:modified_time\" content=\"2016-07-18T18:00:00+00:00\" \/>\n\t\t<meta name=\"twitter:card\" content=\"summary\" \/>\n\t\t<meta name=\"twitter:title\" content=\"Escola sem partido | Arquivo\" \/>\n\t\t<meta name=\"twitter:image\" content=\"https:\/\/www.jornalja.com.br\/economics\/wp-content\/uploads\/sites\/11\/2026\/08\/ja-folhaderosto-facebook.jpg\" \/>\n\t\t<script type=\"application\/ld+json\" class=\"aioseo-schema\">\n\t\t\t{\"@context\":\"https:\\\/\\\/schema.org\",\"@graph\":[{\"@type\":\"BlogPosting\",\"@id\":\"https:\\\/\\\/www.jornalja.com.br\\\/arquivo\\\/escola-sem-partido\\\/#blogposting\",\"name\":\"Escola sem partido | Arquivo\",\"headline\":\"Escola sem partido\",\"author\":{\"@id\":\"https:\\\/\\\/www.jornalja.com.br\\\/arquivo\\\/author\\\/daredacao\\\/#author\"},\"publisher\":{\"@id\":\"https:\\\/\\\/www.jornalja.com.br\\\/arquivo\\\/#organization\"},\"image\":{\"@type\":\"ImageObject\",\"url\":36635},\"datePublished\":\"2016-07-18T15:00:00-03:00\",\"dateModified\":\"2016-07-18T15:00:00-03:00\",\"inLanguage\":\"pt-BR\",\"mainEntityOfPage\":{\"@id\":\"https:\\\/\\\/www.jornalja.com.br\\\/arquivo\\\/escola-sem-partido\\\/#webpage\"},\"isPartOf\":{\"@id\":\"https:\\\/\\\/www.jornalja.com.br\\\/arquivo\\\/escola-sem-partido\\\/#webpage\"},\"articleSection\":\"CDD-Outros, HOTSITE Comit\\u00ea pela Democracia\"},{\"@type\":\"BreadcrumbList\",\"@id\":\"https:\\\/\\\/www.jornalja.com.br\\\/arquivo\\\/escola-sem-partido\\\/#breadcrumblist\",\"itemListElement\":[{\"@type\":\"ListItem\",\"@id\":\"https:\\\/\\\/www.jornalja.com.br\\\/arquivo#listItem\",\"position\":1,\"name\":\"Home\",\"item\":\"https:\\\/\\\/www.jornalja.com.br\\\/arquivo\",\"nextItem\":{\"@type\":\"ListItem\",\"@id\":\"https:\\\/\\\/www.jornalja.com.br\\\/arquivo\\\/category\\\/debates\\\/#listItem\",\"name\":\"HOTSITE Comit\\u00ea pela Democracia\"}},{\"@type\":\"ListItem\",\"@id\":\"https:\\\/\\\/www.jornalja.com.br\\\/arquivo\\\/category\\\/debates\\\/#listItem\",\"position\":2,\"name\":\"HOTSITE Comit\\u00ea pela Democracia\",\"item\":\"https:\\\/\\\/www.jornalja.com.br\\\/arquivo\\\/category\\\/debates\\\/\",\"nextItem\":{\"@type\":\"ListItem\",\"@id\":\"https:\\\/\\\/www.jornalja.com.br\\\/arquivo\\\/escola-sem-partido\\\/#listItem\",\"name\":\"Escola sem partido\"},\"previousItem\":{\"@type\":\"ListItem\",\"@id\":\"https:\\\/\\\/www.jornalja.com.br\\\/arquivo#listItem\",\"name\":\"Home\"}},{\"@type\":\"ListItem\",\"@id\":\"https:\\\/\\\/www.jornalja.com.br\\\/arquivo\\\/escola-sem-partido\\\/#listItem\",\"position\":3,\"name\":\"Escola sem partido\",\"previousItem\":{\"@type\":\"ListItem\",\"@id\":\"https:\\\/\\\/www.jornalja.com.br\\\/arquivo\\\/category\\\/debates\\\/#listItem\",\"name\":\"HOTSITE Comit\\u00ea pela Democracia\"}}]},{\"@type\":\"Organization\",\"@id\":\"https:\\\/\\\/www.jornalja.com.br\\\/arquivo\\\/#organization\",\"name\":\"Jornal J\\u00c1\",\"description\":\"Jornal J\\u00c1 | Porto Alegre\",\"url\":\"https:\\\/\\\/www.jornalja.com.br\\\/arquivo\\\/\",\"telephone\":\"+555133307272\",\"logo\":{\"@type\":\"ImageObject\",\"url\":\"https:\\\/\\\/www.jornalja.com.br\\\/wp-content\\\/uploads\\\/cards\\\/JAslogan.png\",\"@id\":\"https:\\\/\\\/www.jornalja.com.br\\\/arquivo\\\/escola-sem-partido\\\/#organizationLogo\"},\"image\":{\"@id\":\"https:\\\/\\\/www.jornalja.com.br\\\/arquivo\\\/escola-sem-partido\\\/#organizationLogo\"}},{\"@type\":\"Person\",\"@id\":\"https:\\\/\\\/www.jornalja.com.br\\\/arquivo\\\/author\\\/daredacao\\\/#author\",\"url\":\"https:\\\/\\\/www.jornalja.com.br\\\/arquivo\\\/author\\\/daredacao\\\/\",\"name\":\"da Reda\\u00e7\\u00e3o\",\"image\":{\"@type\":\"ImageObject\",\"@id\":\"https:\\\/\\\/www.jornalja.com.br\\\/arquivo\\\/escola-sem-partido\\\/#authorImage\",\"url\":\"https:\\\/\\\/secure.gravatar.com\\\/avatar\\\/469fd857d6605ad19919d27ed29d35a968a25f6e8fd9318356bbb7f57aae9c65?s=96&d=mm&r=g\",\"width\":96,\"height\":96,\"caption\":\"da Reda\\u00e7\\u00e3o\"}},{\"@type\":\"WebPage\",\"@id\":\"https:\\\/\\\/www.jornalja.com.br\\\/arquivo\\\/escola-sem-partido\\\/#webpage\",\"url\":\"https:\\\/\\\/www.jornalja.com.br\\\/arquivo\\\/escola-sem-partido\\\/\",\"name\":\"Escola sem partido | Arquivo\",\"inLanguage\":\"pt-BR\",\"isPartOf\":{\"@id\":\"https:\\\/\\\/www.jornalja.com.br\\\/arquivo\\\/#website\"},\"breadcrumb\":{\"@id\":\"https:\\\/\\\/www.jornalja.com.br\\\/arquivo\\\/escola-sem-partido\\\/#breadcrumblist\"},\"author\":{\"@id\":\"https:\\\/\\\/www.jornalja.com.br\\\/arquivo\\\/author\\\/daredacao\\\/#author\"},\"creator\":{\"@id\":\"https:\\\/\\\/www.jornalja.com.br\\\/arquivo\\\/author\\\/daredacao\\\/#author\"},\"image\":{\"@type\":\"ImageObject\",\"url\":36635,\"@id\":\"https:\\\/\\\/www.jornalja.com.br\\\/arquivo\\\/escola-sem-partido\\\/#mainImage\"},\"primaryImageOfPage\":{\"@id\":\"https:\\\/\\\/www.jornalja.com.br\\\/arquivo\\\/escola-sem-partido\\\/#mainImage\"},\"datePublished\":\"2016-07-18T15:00:00-03:00\",\"dateModified\":\"2016-07-18T15:00:00-03:00\"},{\"@type\":\"WebSite\",\"@id\":\"https:\\\/\\\/www.jornalja.com.br\\\/arquivo\\\/#website\",\"url\":\"https:\\\/\\\/www.jornalja.com.br\\\/arquivo\\\/\",\"name\":\"Arquivo\",\"description\":\"Jornal J\\u00c1 | Porto Alegre\",\"inLanguage\":\"pt-BR\",\"publisher\":{\"@id\":\"https:\\\/\\\/www.jornalja.com.br\\\/arquivo\\\/#organization\"}}]}\n\t\t<\/script>\n\t\t<!-- All in One SEO -->\n\n","aioseo_head_json":{"title":"Escola sem partido | Arquivo","description":"","canonical_url":"https:\/\/www.jornalja.com.br\/arquivo\/escola-sem-partido\/","robots":"max-image-preview:large","keywords":"","webmasterTools":{"miscellaneous":""},"schema":{"@context":"https:\/\/schema.org","@graph":[{"@type":"BlogPosting","@id":"https:\/\/www.jornalja.com.br\/arquivo\/escola-sem-partido\/#blogposting","name":"Escola sem partido | Arquivo","headline":"Escola sem partido","author":{"@id":"https:\/\/www.jornalja.com.br\/arquivo\/author\/daredacao\/#author"},"publisher":{"@id":"https:\/\/www.jornalja.com.br\/arquivo\/#organization"},"image":{"@type":"ImageObject","url":36635},"datePublished":"2016-07-18T15:00:00-03:00","dateModified":"2016-07-18T15:00:00-03:00","inLanguage":"pt-BR","mainEntityOfPage":{"@id":"https:\/\/www.jornalja.com.br\/arquivo\/escola-sem-partido\/#webpage"},"isPartOf":{"@id":"https:\/\/www.jornalja.com.br\/arquivo\/escola-sem-partido\/#webpage"},"articleSection":"CDD-Outros, HOTSITE Comit\u00ea pela Democracia"},{"@type":"BreadcrumbList","@id":"https:\/\/www.jornalja.com.br\/arquivo\/escola-sem-partido\/#breadcrumblist","itemListElement":[{"@type":"ListItem","@id":"https:\/\/www.jornalja.com.br\/arquivo#listItem","position":1,"name":"Home","item":"https:\/\/www.jornalja.com.br\/arquivo","nextItem":{"@type":"ListItem","@id":"https:\/\/www.jornalja.com.br\/arquivo\/category\/debates\/#listItem","name":"HOTSITE Comit\u00ea pela Democracia"}},{"@type":"ListItem","@id":"https:\/\/www.jornalja.com.br\/arquivo\/category\/debates\/#listItem","position":2,"name":"HOTSITE Comit\u00ea pela Democracia","item":"https:\/\/www.jornalja.com.br\/arquivo\/category\/debates\/","nextItem":{"@type":"ListItem","@id":"https:\/\/www.jornalja.com.br\/arquivo\/escola-sem-partido\/#listItem","name":"Escola sem partido"},"previousItem":{"@type":"ListItem","@id":"https:\/\/www.jornalja.com.br\/arquivo#listItem","name":"Home"}},{"@type":"ListItem","@id":"https:\/\/www.jornalja.com.br\/arquivo\/escola-sem-partido\/#listItem","position":3,"name":"Escola sem partido","previousItem":{"@type":"ListItem","@id":"https:\/\/www.jornalja.com.br\/arquivo\/category\/debates\/#listItem","name":"HOTSITE Comit\u00ea pela Democracia"}}]},{"@type":"Organization","@id":"https:\/\/www.jornalja.com.br\/arquivo\/#organization","name":"Jornal J\u00c1","description":"Jornal J\u00c1 | Porto Alegre","url":"https:\/\/www.jornalja.com.br\/arquivo\/","telephone":"+555133307272","logo":{"@type":"ImageObject","url":"https:\/\/www.jornalja.com.br\/wp-content\/uploads\/cards\/JAslogan.png","@id":"https:\/\/www.jornalja.com.br\/arquivo\/escola-sem-partido\/#organizationLogo"},"image":{"@id":"https:\/\/www.jornalja.com.br\/arquivo\/escola-sem-partido\/#organizationLogo"}},{"@type":"Person","@id":"https:\/\/www.jornalja.com.br\/arquivo\/author\/daredacao\/#author","url":"https:\/\/www.jornalja.com.br\/arquivo\/author\/daredacao\/","name":"da Reda\u00e7\u00e3o","image":{"@type":"ImageObject","@id":"https:\/\/www.jornalja.com.br\/arquivo\/escola-sem-partido\/#authorImage","url":"https:\/\/secure.gravatar.com\/avatar\/469fd857d6605ad19919d27ed29d35a968a25f6e8fd9318356bbb7f57aae9c65?s=96&d=mm&r=g","width":96,"height":96,"caption":"da Reda\u00e7\u00e3o"}},{"@type":"WebPage","@id":"https:\/\/www.jornalja.com.br\/arquivo\/escola-sem-partido\/#webpage","url":"https:\/\/www.jornalja.com.br\/arquivo\/escola-sem-partido\/","name":"Escola sem partido | Arquivo","inLanguage":"pt-BR","isPartOf":{"@id":"https:\/\/www.jornalja.com.br\/arquivo\/#website"},"breadcrumb":{"@id":"https:\/\/www.jornalja.com.br\/arquivo\/escola-sem-partido\/#breadcrumblist"},"author":{"@id":"https:\/\/www.jornalja.com.br\/arquivo\/author\/daredacao\/#author"},"creator":{"@id":"https:\/\/www.jornalja.com.br\/arquivo\/author\/daredacao\/#author"},"image":{"@type":"ImageObject","url":36635,"@id":"https:\/\/www.jornalja.com.br\/arquivo\/escola-sem-partido\/#mainImage"},"primaryImageOfPage":{"@id":"https:\/\/www.jornalja.com.br\/arquivo\/escola-sem-partido\/#mainImage"},"datePublished":"2016-07-18T15:00:00-03:00","dateModified":"2016-07-18T15:00:00-03:00"},{"@type":"WebSite","@id":"https:\/\/www.jornalja.com.br\/arquivo\/#website","url":"https:\/\/www.jornalja.com.br\/arquivo\/","name":"Arquivo","description":"Jornal J\u00c1 | Porto Alegre","inLanguage":"pt-BR","publisher":{"@id":"https:\/\/www.jornalja.com.br\/arquivo\/#organization"}}]},"og:locale":"pt_BR","og:site_name":"Arquivo | Jornal J\u00c1 | Porto Alegre","og:type":"article","og:title":"Escola sem partido | Arquivo","og:url":"https:\/\/www.jornalja.com.br\/arquivo\/escola-sem-partido\/","og:image":"https:\/\/www.jornalja.com.br\/wp-content\/uploads\/2016\/07\/mordaca-750x410-300x164.jpg","og:image:secure_url":"https:\/\/www.jornalja.com.br\/wp-content\/uploads\/2016\/07\/mordaca-750x410-300x164.jpg","article:published_time":"2016-07-18T18:00:00+00:00","article:modified_time":"2016-07-18T18:00:00+00:00","twitter:card":"summary","twitter:title":"Escola sem partido | Arquivo","twitter:image":"https:\/\/www.jornalja.com.br\/economics\/wp-content\/uploads\/sites\/11\/2026\/08\/ja-folhaderosto-facebook.jpg"},"aioseo_meta_data":{"post_id":"36634","title":null,"description":null,"keywords":null,"keyphrases":null,"primary_term":null,"canonical_url":null,"og_title":null,"og_description":null,"og_object_type":"default","og_image_type":"default","og_image_url":null,"og_image_width":null,"og_image_height":null,"og_image_custom_url":null,"og_image_custom_fields":null,"og_video":null,"og_custom_url":null,"og_article_section":null,"og_article_tags":null,"twitter_use_og":false,"twitter_card":"default","twitter_image_type":"default","twitter_image_url":null,"twitter_image_custom_url":null,"twitter_image_custom_fields":null,"twitter_title":null,"twitter_description":null,"schema":{"blockGraphs":[],"customGraphs":[],"default":{"data":{"Article":[],"Course":[],"Dataset":[],"FAQPage":[],"Movie":[],"Person":[],"Product":[],"ProductReview":[],"Car":[],"Recipe":[],"Service":[],"SoftwareApplication":[],"WebPage":[]},"graphName":"","isEnabled":true},"graphs":[],"defaultGraph":"","defaultPostTypeGraph":""},"schema_type":null,"schema_type_options":null,"pillar_content":false,"robots_default":true,"robots_noindex":false,"robots_noarchive":false,"robots_nosnippet":false,"robots_nofollow":false,"robots_noimageindex":false,"robots_noodp":false,"robots_notranslate":false,"robots_max_snippet":null,"robots_max_videopreview":null,"robots_max_imagepreview":"large","priority":null,"frequency":null,"location":null,"local_seo":null,"breadcrumb_settings":null,"limit_modified_date":false,"ai":null,"created":"2020-12-20 20:54:29","updated":"2025-07-19 15:17:30","seo_analyzer_scan_date":null,"focus_keyword":null,"additional_keywords":null,"truseo_locale":null},"jetpack_sharing_enabled":true,"jetpack-related-posts":[{"id":12960,"url":"https:\/\/www.jornalja.com.br\/arquivo\/populacao-culpa-empresas-pela-greve-dos-rodoviarios\/","url_meta":{"origin":36634,"position":0},"title":"Popula\u00e7\u00e3o culpa empresas pela greve","author":"Patr\u00edcia Marini","date":"14 de fevereiro de 2014","format":false,"excerpt":"Pesquisa divulgada na edi\u00e7\u00e3o do jornal Metro desta sexta-feira,14, comprova o velho ditado: \u00e9 poss\u00edvel enganar muitos por algum tempo, mas n\u00e3o \u00e9 poss\u00edvel enganar a todos o tempo inteiro. A principal revela\u00e7\u00e3o foi que 59,8% dos entrevistados apontaram as empresas como as principais respons\u00e1veis pela grave e 46% culparam\u2026","rel":"","context":"Em &quot;X.Categorias velhas&quot;","block_context":{"text":"X.Categorias velhas","link":"https:\/\/www.jornalja.com.br\/arquivo\/category\/x-categorias-velhas\/"},"img":{"alt_text":"","src":"","width":0,"height":0},"classes":[]},{"id":13109,"url":"https:\/\/www.jornalja.com.br\/arquivo\/judiciario-reconhece-poluicao-eletromagnetica\/","url_meta":{"origin":36634,"position":1},"title":"Judici\u00e1rio reconhece polui\u00e7\u00e3o eletromagn\u00e9tica","author":"Patr\u00edcia Marini","date":"16 de maio de 2014","format":false,"excerpt":"A\u00e7\u00e3o de duas associa\u00e7\u00f5es de moradores foi acolhida pelo Tribunal de Justi\u00e7a de S\u00e3o Paulo que. em decis\u00e3o in\u00e9dita, determinou a redu\u00e7\u00e3o do campo eletromagn\u00e9tico gerado pelas linhas de transmiss\u00e3o de energia que cortam os bairros City Boa\u00e7ava e Alto de Pinheiros. \u00c9 a primeira vez que um tribunal do\u2026","rel":"","context":"Em &quot;X.Categorias velhas&quot;","block_context":{"text":"X.Categorias velhas","link":"https:\/\/www.jornalja.com.br\/arquivo\/category\/x-categorias-velhas\/"},"img":{"alt_text":"","src":"","width":0,"height":0},"classes":[]},{"id":13128,"url":"https:\/\/www.jornalja.com.br\/arquivo\/maconha-terra-diz-que-uso-medicinal-e-desculpa\/","url_meta":{"origin":36634,"position":2},"title":"Maconha: Terra diz que uso medicinal \u00e9 desculpa","author":"Patr\u00edcia Marini","date":"4 de junho de 2014","format":false,"excerpt":"A condi\u00e7\u00e3o de pol\u00edtico, em \u00e9poca de campanha de campanha eleitoral, tira for\u00e7a do discurso do m\u00e9dico Osmar Terra contra a legaliza\u00e7\u00e3o da maconha. A tese dele de que a libera\u00e7\u00e3o vai ampliar exponencialmente o consumo \u00e9 discutivel, o consumo \u00e9 corrente. Mas seus alertas quanto aos riscos tem que\u2026","rel":"","context":"Em &quot;X.Categorias velhas&quot;","block_context":{"text":"X.Categorias velhas","link":"https:\/\/www.jornalja.com.br\/arquivo\/category\/x-categorias-velhas\/"},"img":{"alt_text":"","src":"","width":0,"height":0},"classes":[]},{"id":13124,"url":"https:\/\/www.jornalja.com.br\/arquivo\/sangue-latino-no-iecine\/","url_meta":{"origin":36634,"position":3},"title":"Sangue latino no IECINE","author":"da Reda\u00e7\u00e3o","date":"18 de maio de 2014","format":false,"excerpt":"Francisco Ribeiro O Instituto Estadual de Cinema (IECINE) tem a frente, desde abril \u00faltimo, um novo diretor, o cineasta colombiano Juan Zapata, 36, que substitui Luiz Alberto Cassol. Radicado h\u00e1 dez anos em Porto Alegre, Zapata tem diante de si o desafio de conduzir at\u00e9 o final do ano um\u2026","rel":"","context":"Em &quot;Cultura-Geral&quot;","block_context":{"text":"Cultura-Geral","link":"https:\/\/www.jornalja.com.br\/arquivo\/category\/materiasecundaria\/"},"img":{"alt_text":"","src":"","width":0,"height":0},"classes":[]},{"id":14241,"url":"https:\/\/www.jornalja.com.br\/arquivo\/o-guaiba-nas-imagens-poeticas-de-achutti\/","url_meta":{"origin":36634,"position":4},"title":"O Gua\u00edba nas imagens po\u00e9ticas de Achutti","author":"da Reda\u00e7\u00e3o","date":"18 de junho de 2014","format":false,"excerpt":"Em \u201cO Gua\u00edba por Achutti\u201d \u2013 obra financiada via Minist\u00e9rio da Cultura, produ\u00e7\u00e3o executiva de Pedro Longhi, e Fl\u00e1vio Wild como designer \u2013, o fot\u00f3grafo revela a beleza e as mazelas de um espa\u00e7o aqu\u00e1tico de \u00e1guas sempre renovadas, cheio de hist\u00f3rias e lendas como as das cidades que foram\u2026","rel":"","context":"Em &quot;Cultura-Geral&quot;","block_context":{"text":"Cultura-Geral","link":"https:\/\/www.jornalja.com.br\/arquivo\/category\/materiasecundaria\/"},"img":{"alt_text":"","src":"","width":0,"height":0},"classes":[]},{"id":5440,"url":"https:\/\/www.jornalja.com.br\/arquivo\/casarao-da-venancio-destino-permanece-incerto\/","url_meta":{"origin":36634,"position":5},"title":"Estado ainda n\u00e3o sabe o que fazer com casar\u00e3o abandonado h\u00e1 20 anos","author":"Elmar Bones","date":"6 de julho de 2009","format":false,"excerpt":"O casar\u00e3o amarelo, numa esquina nobre de Porto Alegre (Ven\u00e2ncio Aires com Jo\u00e3o Pessoa), j\u00e1 abrigou uma escola. H\u00e1 duas d\u00e9cadas, pelo menos, est\u00e1 abandonado, porque seu propriet\u00e1rio, o governo do Estado do Rio Grande do Sul, n\u00e3o consegue achar um destino para ele. Planos n\u00e3o faltaram. O governador Ol\u00edvio\u2026","rel":"","context":"Em &quot;X.Categorias velhas&quot;","block_context":{"text":"X.Categorias velhas","link":"https:\/\/www.jornalja.com.br\/arquivo\/category\/x-categorias-velhas\/"},"img":{"alt_text":"geraldo1","src":"https:\/\/i0.wp.com\/www.jornalja.com.br\/wp-content\/uploads\/2009\/07\/geraldo1.jpg?resize=350%2C200&ssl=1","width":350,"height":200},"classes":[]}],"jetpack_shortlink":"https:\/\/wp.me\/pbQjBd-9wS","jetpack_featured_media_url":"","_links":{"self":[{"href":"https:\/\/www.jornalja.com.br\/arquivo\/wp-json\/wp\/v2\/posts\/36634","targetHints":{"allow":["GET"]}}],"collection":[{"href":"https:\/\/www.jornalja.com.br\/arquivo\/wp-json\/wp\/v2\/posts"}],"about":[{"href":"https:\/\/www.jornalja.com.br\/arquivo\/wp-json\/wp\/v2\/types\/post"}],"author":[{"embeddable":true,"href":"https:\/\/www.jornalja.com.br\/arquivo\/wp-json\/wp\/v2\/users\/4"}],"replies":[{"embeddable":true,"href":"https:\/\/www.jornalja.com.br\/arquivo\/wp-json\/wp\/v2\/comments?post=36634"}],"version-history":[{"count":0,"href":"https:\/\/www.jornalja.com.br\/arquivo\/wp-json\/wp\/v2\/posts\/36634\/revisions"}],"wp:attachment":[{"href":"https:\/\/www.jornalja.com.br\/arquivo\/wp-json\/wp\/v2\/media?parent=36634"}],"wp:term":[{"taxonomy":"category","embeddable":true,"href":"https:\/\/www.jornalja.com.br\/arquivo\/wp-json\/wp\/v2\/categories?post=36634"},{"taxonomy":"post_tag","embeddable":true,"href":"https:\/\/www.jornalja.com.br\/arquivo\/wp-json\/wp\/v2\/tags?post=36634"}],"curies":[{"name":"wp","href":"https:\/\/api.w.org\/{rel}","templated":true}]}}