{"id":36728,"date":"2016-07-20T12:03:57","date_gmt":"2016-07-20T15:03:57","guid":{"rendered":"https:\/\/www.jornalja.com.br\/?p=36728"},"modified":"2016-07-20T12:03:57","modified_gmt":"2016-07-20T15:03:57","slug":"desmonte-do-estado-ameaca-as-proximas-geracoes","status":"publish","type":"post","link":"https:\/\/www.jornalja.com.br\/arquivo\/desmonte-do-estado-ameaca-as-proximas-geracoes\/","title":{"rendered":"Desmonte do Estado amea\u00e7a as pr\u00f3ximas gera\u00e7\u00f5es"},"content":{"rendered":"<p>Eduardo Maretti<br \/>\nDa <a href=\"http:\/\/www.redebrasilatual.com.br\/\">RBA<\/a><br \/>\nA Plataforma Pol\u00edtica Social e o Le Monde Diplomatique Brasil promoveram na noite de segunda\u00a0(18), em S\u00e3o Paulo, o semin\u00e1rio \u201cAusteridade Contra a Cidadania: O Desmonte do Estado Social\u201d, em que se discutiu a conjuntura pol\u00edtica do pa\u00eds com o governo interino de Michel Temer e as implica\u00e7\u00f5es de sua pol\u00edtica na sociedade. Participaram do debate o ex-ministro da Sa\u00fade (2007 a 2010) Jos\u00e9 Gomes Tempor\u00e3o e os economistas S\u00e9rgio Gobetti, do Instituto de Pesquisa Econ\u00f4mica Aplicada (Ipea), e S\u00e9rgio Haddad. A media\u00e7\u00e3o foi do tamb\u00e9m economista Eduardo Fagnani, da Universidade Estadual de Campinas (Unicamp).<br \/>\nSegundo os analistas, o pa\u00eds passa por grave momento pol\u00edtico-institucional e a supress\u00e3o de direitos e conquistas amea\u00e7a seriamente as pr\u00f3ximas gera\u00e7\u00f5es. Tempor\u00e3o falou da gravidade do cen\u00e1rio a partir da vis\u00e3o do governo interino, segundo a qual \u00e9 preciso diminuir os gastos com sa\u00fade, de acordo com o princ\u00edpio de que \u201cn\u00e3o cabe no or\u00e7amento\u201d. No Brasil, 52% dos gastos com sa\u00fade s\u00e3o de origem privada, enquanto 48% v\u00eam do setor p\u00fablico. Na Inglaterra, 85% dos gastos s\u00e3o p\u00fablicos.<br \/>\n\u201cDever\u00edamos estar como a Inglaterra. Para isso, dever\u00edamos ampliar os gastos p\u00fablicos, mas vai-se diminuir. O setor conservador v\u00ea a sa\u00fade como um gasto. A distor\u00e7\u00e3o que j\u00e1 existe vai ser ampliada se as propostas do governo forem implementadas\u201d, disse Tempor\u00e3o.<br \/>\nEle lembrou que o ministro interino, Ricardo Barros, prop\u00f5e \u201cplanos de sa\u00fade baratinhos para desafogar o SUS\u201d. \u201cN\u00e3o satisfeito, disse que a maioria dos pacientes imaginam que est\u00e3o doentes. Enquanto isso, para usufruir de um plano de sa\u00fade do Senado, basta exercer o mandato por 180 dias. O pa\u00eds vive um sistema de castas.\u201d<br \/>\nNa sexta-feira (15), Barros disse que o brasileiro tem uma cultura de fazer exames desnecessariamente e que a maioria dos pacientes \u201cimagina\u201d doen\u00e7as, aumentando os gastos p\u00fablicos.<br \/>\nTempor\u00e3o destacou ainda a agenda liderada por parlamentares da bancada BBB (bala, boi e b\u00edblia) no Congresso. Hoje, h\u00e1 cerca de cinco dezenas de projetos de lei que buscam destruir os direitos alcan\u00e7ados e impedir a conquista de novos. Ele citou propostas \u201cpelo porte de armas, restri\u00e7\u00f5es ainda maiores sobre a legisla\u00e7\u00e3o medieval que temos sobre o aborto, aniquila\u00e7\u00e3o do SUS, revis\u00e3o da Lei Maria da Penha, aprova\u00e7\u00e3o de \u2018Escola sem Partido\u2019\u201d, entre outras. \u201c\u00c9 uma agenda muito preocupante da direita ou extrema-direita\u201d, afirmou.<br \/>\nNa educa\u00e7\u00e3o, as perspectivas n\u00e3o s\u00e3o menos sombrias, segundo a palestra de S\u00e9rgio Haddad. Segundo ele, o pa\u00eds volta a uma alian\u00e7a j\u00e1 conhecida no Minist\u00e9rio da Educa\u00e7\u00e3o, formada pelo PSDB e DEM.<br \/>\nA privatiza\u00e7\u00e3o volta a ser uma diretriz de Estado, o que pode ser observado em textos publicados pela imprensa. Ele mencionou artigo de Alexandre Schneider, ex-secret\u00e1rio municipal de Educa\u00e7\u00e3o de S\u00e3o Paulo, na gest\u00e3o de Gilberto Kassab, que, na semana passada afirmou no jornal\u00a0Folha de S. Paulo: \u201cChegou o momento de discutir com a sociedade brasileira a cobran\u00e7a de mensalidade nas universidades p\u00fablicas\u201d.<br \/>\nPor tr\u00e1s dessa sugest\u00e3o, a ideia \u00e9 desmontar um sistema educacional sist\u00eamico e universal, \u201cfocando\u201d em uma \u00e1rea em detrimento do todo. No caso, a justificativa de cobrar mensalidades na universidade p\u00fablica seria a de que o Estado precisa ter dinheiro para o ensino b\u00e1sico. \u201cEssa l\u00f3gica que predominou no governo Fernando Henrique Cardoso deve se impor em \u00e9poca de restri\u00e7\u00e3o or\u00e7ament\u00e1ria. Vamos viver um tempo de \u2018focaliza\u00e7\u00e3o\u2019 e se pode ver isso nos debates colocados na m\u00eddia\u201d disse Haddad. \u201cEstamos vendo uma crescente presen\u00e7a do setor privado nas estruturas que definem as pol\u00edticas de educa\u00e7\u00e3o.\u201d<br \/>\nAo lado das quest\u00f5es econ\u00f4micas, h\u00e1 hoje no pa\u00eds a preocupante escalada cens\u00f3ria e ideol\u00f3gica, simbolizada pela proposta Escola sem Partido, que se alastra por legislativos municipais, estaduais e federal. Fora todas as consequ\u00eancias na educa\u00e7\u00e3o, \u201co minist\u00e9rio e as secretarias contar\u00e3o com organismos de dela\u00e7\u00e3o\u201d, disse Haddad, em refer\u00eancia ao artigo 8\u00b0 do PLS 193\/2016, que tramita no Senado, e prev\u00ea: \u201cO minist\u00e9rio e as secretarias de Educa\u00e7\u00e3o contar\u00e3o com um canal de comunica\u00e7\u00e3o destinado ao recebimento de reclama\u00e7\u00f5es relacionadas ao descumprimento desta lei, assegurado o anonimato\u201d.<br \/>\nEconomia<br \/>\nJ\u00e1 S\u00e9rgio Gobetti, do Ipea, teceu uma s\u00e9rie de cr\u00edticas \u00e0 condu\u00e7\u00e3o da pol\u00edtica econ\u00f4mica n\u00e3o apenas pelo governo Dilma Rousseff, mas tamb\u00e9m pelo ex-presidente Luiz In\u00e1cio Lula da Silva. Segundo ele, o Brasil \u00e9 um dos poucos pa\u00edses do mundo que n\u00e3o tributam dividendos para acionistas que recebem transfer\u00eancias de lucros, e os governos petistas n\u00e3o enfrentaram a situa\u00e7\u00e3o. \u201cPassamos 12 anos de governo sem enfrentar isso e nem mesmo colocar no debate.\u201d<br \/>\nDe acordo com Gobetti, o grupo dos muito ricos do pa\u00eds \u00e9 formado por 70 mil pessoas que receberam, em m\u00e9dia, R$ 4 milh\u00f5es, cada um, por ano, e pagaram 6% sobre esse valor. O grupo de pessoas da alta classe m\u00e9dia, formado por quem ganha de R$ 200 mil a R$ 300 mil por ano, desembolsa 12% em m\u00e9dia. \u201cA alta classe m\u00e9dia vive de sal\u00e1rios, que \u00e9 tributado pelo Imposto de Renda, enquanto os muito ricos vivem de aplica\u00e7\u00f5es financeiras ou de dividendos. Isso \u00e9 algo escandaloso.\u201d<br \/>\nSegundo os dados dispon\u00edveis, esses 70 mil contribuintes concentram pouco menos de 25% da riqueza no pa\u00eds. \u201cN\u00e3o existe paralelo no mundo de pa\u00edses que disponibilizam estat\u00edsticas como essas\u201d, disse Gobetti.<br \/>\nEle criticou tamb\u00e9m algumas pol\u00edticas econ\u00f4micas e op\u00e7\u00f5es dos governos petistas, como \u201ca obsess\u00e3o em n\u00e3o fazer nada que contrariasse o mercado\u201d. Um dos equ\u00edvocos, segundo ele, foi a desonera\u00e7\u00e3o da folha, pela qual o governo pretendeu incentivar o crescimento. \u201cA desonera\u00e7\u00e3o come\u00e7ou na ind\u00fastria, se estendeu para o turismo, aos hot\u00e9is, bares e restaurantes, com\u00e9rcio varejista e constru\u00e7\u00e3o civil. A cereja do bolo foram os meios de comunica\u00e7\u00e3o. A Abert (Associa\u00e7\u00e3o Brasileira de Emissoras de R\u00e1dio e TV), comandada pela Rede Globo, foi l\u00e1, pediu e levou.\u201d<br \/>\nSegundo Gobetti, a desonera\u00e7\u00e3o da folha, que o governo decidiu fazer em 2011, quando a ind\u00fastria estava muito fragilizada, principalmente pela concorr\u00eancia chinesa, custou R$ 25 bilh\u00f5es por ano para o governo.<\/p>\n","protected":false},"excerpt":{"rendered":"<p>Eduardo Maretti Da RBA A Plataforma Pol\u00edtica Social e o Le Monde Diplomatique Brasil promoveram na noite de segunda\u00a0(18), em S\u00e3o Paulo, o semin\u00e1rio \u201cAusteridade Contra a Cidadania: O Desmonte do Estado Social\u201d, em que se discutiu a conjuntura pol\u00edtica do pa\u00eds com o governo interino de Michel Temer e as implica\u00e7\u00f5es de sua pol\u00edtica [&hellip;]<\/p>\n","protected":false},"author":4,"featured_media":36729,"comment_status":"open","ping_status":"closed","sticky":false,"template":"","format":"standard","meta":{"_jetpack_newsletter_access":"","_jetpack_dont_email_post_to_subs":false,"_jetpack_newsletter_tier_id":0,"_jetpack_memberships_contains_paywalled_content":false,"_jetpack_feature_clip_id":0,"_jetpack_memberships_contains_paid_content":false,"footnotes":"","jetpack_post_was_ever_published":false},"categories":[2014,2012],"tags":[],"class_list":["post-36728","post","type-post","status-publish","format-standard","has-post-thumbnail","hentry","category-em-pauta","category-debates"],"aioseo_notices":[],"aioseo_head":"\n\t\t<!-- All in One SEO 5.0.1.1 - aioseo.com -->\n\t<meta name=\"robots\" content=\"max-image-preview:large\" \/>\n\t<meta name=\"author\" content=\"da Reda\u00e7\u00e3o\"\/>\n\t<link rel=\"canonical\" href=\"https:\/\/www.jornalja.com.br\/arquivo\/desmonte-do-estado-ameaca-as-proximas-geracoes\/\" \/>\n\t<meta name=\"generator\" content=\"All in One SEO (AIOSEO) 5.0.1.1\" \/>\n\t\t<meta property=\"og:locale\" content=\"pt_BR\" \/>\n\t\t<meta property=\"og:site_name\" content=\"Arquivo | Jornal J\u00c1 | Porto Alegre\" \/>\n\t\t<meta property=\"og:type\" content=\"article\" \/>\n\t\t<meta property=\"og:title\" content=\"Desmonte do Estado amea\u00e7a as pr\u00f3ximas gera\u00e7\u00f5es | Arquivo\" \/>\n\t\t<meta property=\"og:url\" content=\"https:\/\/www.jornalja.com.br\/arquivo\/desmonte-do-estado-ameaca-as-proximas-geracoes\/\" \/>\n\t\t<meta property=\"og:image\" content=\"https:\/\/www.jornalja.com.br\/economics\/wp-content\/uploads\/sites\/11\/2026\/08\/ja-folhaderosto-facebook.jpg\" \/>\n\t\t<meta property=\"og:image:secure_url\" content=\"https:\/\/www.jornalja.com.br\/economics\/wp-content\/uploads\/sites\/11\/2026\/08\/ja-folhaderosto-facebook.jpg\" \/>\n\t\t<meta property=\"article:published_time\" content=\"2016-07-20T15:03:57+00:00\" \/>\n\t\t<meta property=\"article:modified_time\" content=\"2016-07-20T15:03:57+00:00\" \/>\n\t\t<meta name=\"twitter:card\" content=\"summary\" \/>\n\t\t<meta name=\"twitter:title\" content=\"Desmonte do Estado amea\u00e7a as pr\u00f3ximas gera\u00e7\u00f5es | Arquivo\" \/>\n\t\t<meta name=\"twitter:image\" content=\"https:\/\/www.jornalja.com.br\/economics\/wp-content\/uploads\/sites\/11\/2026\/08\/ja-folhaderosto-facebook.jpg\" \/>\n\t\t<script type=\"application\/ld+json\" class=\"aioseo-schema\">\n\t\t\t{\"@context\":\"https:\\\/\\\/schema.org\",\"@graph\":[{\"@type\":\"BlogPosting\",\"@id\":\"https:\\\/\\\/www.jornalja.com.br\\\/arquivo\\\/desmonte-do-estado-ameaca-as-proximas-geracoes\\\/#blogposting\",\"name\":\"Desmonte do Estado amea\\u00e7a as pr\\u00f3ximas gera\\u00e7\\u00f5es | Arquivo\",\"headline\":\"Desmonte do Estado amea\\u00e7a as pr\\u00f3ximas gera\\u00e7\\u00f5es\",\"author\":{\"@id\":\"https:\\\/\\\/www.jornalja.com.br\\\/arquivo\\\/author\\\/daredacao\\\/#author\"},\"publisher\":{\"@id\":\"https:\\\/\\\/www.jornalja.com.br\\\/arquivo\\\/#organization\"},\"image\":{\"@type\":\"ImageObject\",\"url\":36729},\"datePublished\":\"2016-07-20T12:03:57-03:00\",\"dateModified\":\"2016-07-20T12:03:57-03:00\",\"inLanguage\":\"pt-BR\",\"mainEntityOfPage\":{\"@id\":\"https:\\\/\\\/www.jornalja.com.br\\\/arquivo\\\/desmonte-do-estado-ameaca-as-proximas-geracoes\\\/#webpage\"},\"isPartOf\":{\"@id\":\"https:\\\/\\\/www.jornalja.com.br\\\/arquivo\\\/desmonte-do-estado-ameaca-as-proximas-geracoes\\\/#webpage\"},\"articleSection\":\"CDD-Em Pauta, HOTSITE Comit\\u00ea pela Democracia\"},{\"@type\":\"BreadcrumbList\",\"@id\":\"https:\\\/\\\/www.jornalja.com.br\\\/arquivo\\\/desmonte-do-estado-ameaca-as-proximas-geracoes\\\/#breadcrumblist\",\"itemListElement\":[{\"@type\":\"ListItem\",\"@id\":\"https:\\\/\\\/www.jornalja.com.br\\\/arquivo#listItem\",\"position\":1,\"name\":\"Home\",\"item\":\"https:\\\/\\\/www.jornalja.com.br\\\/arquivo\",\"nextItem\":{\"@type\":\"ListItem\",\"@id\":\"https:\\\/\\\/www.jornalja.com.br\\\/arquivo\\\/category\\\/debates\\\/#listItem\",\"name\":\"HOTSITE Comit\\u00ea pela Democracia\"}},{\"@type\":\"ListItem\",\"@id\":\"https:\\\/\\\/www.jornalja.com.br\\\/arquivo\\\/category\\\/debates\\\/#listItem\",\"position\":2,\"name\":\"HOTSITE Comit\\u00ea pela Democracia\",\"item\":\"https:\\\/\\\/www.jornalja.com.br\\\/arquivo\\\/category\\\/debates\\\/\",\"nextItem\":{\"@type\":\"ListItem\",\"@id\":\"https:\\\/\\\/www.jornalja.com.br\\\/arquivo\\\/desmonte-do-estado-ameaca-as-proximas-geracoes\\\/#listItem\",\"name\":\"Desmonte do Estado amea\\u00e7a as pr\\u00f3ximas gera\\u00e7\\u00f5es\"},\"previousItem\":{\"@type\":\"ListItem\",\"@id\":\"https:\\\/\\\/www.jornalja.com.br\\\/arquivo#listItem\",\"name\":\"Home\"}},{\"@type\":\"ListItem\",\"@id\":\"https:\\\/\\\/www.jornalja.com.br\\\/arquivo\\\/desmonte-do-estado-ameaca-as-proximas-geracoes\\\/#listItem\",\"position\":3,\"name\":\"Desmonte do Estado amea\\u00e7a as pr\\u00f3ximas gera\\u00e7\\u00f5es\",\"previousItem\":{\"@type\":\"ListItem\",\"@id\":\"https:\\\/\\\/www.jornalja.com.br\\\/arquivo\\\/category\\\/debates\\\/#listItem\",\"name\":\"HOTSITE Comit\\u00ea pela Democracia\"}}]},{\"@type\":\"Organization\",\"@id\":\"https:\\\/\\\/www.jornalja.com.br\\\/arquivo\\\/#organization\",\"name\":\"Jornal J\\u00c1\",\"description\":\"Jornal J\\u00c1 | Porto Alegre\",\"url\":\"https:\\\/\\\/www.jornalja.com.br\\\/arquivo\\\/\",\"telephone\":\"+555133307272\",\"logo\":{\"@type\":\"ImageObject\",\"url\":\"https:\\\/\\\/www.jornalja.com.br\\\/wp-content\\\/uploads\\\/cards\\\/JAslogan.png\",\"@id\":\"https:\\\/\\\/www.jornalja.com.br\\\/arquivo\\\/desmonte-do-estado-ameaca-as-proximas-geracoes\\\/#organizationLogo\"},\"image\":{\"@id\":\"https:\\\/\\\/www.jornalja.com.br\\\/arquivo\\\/desmonte-do-estado-ameaca-as-proximas-geracoes\\\/#organizationLogo\"}},{\"@type\":\"Person\",\"@id\":\"https:\\\/\\\/www.jornalja.com.br\\\/arquivo\\\/author\\\/daredacao\\\/#author\",\"url\":\"https:\\\/\\\/www.jornalja.com.br\\\/arquivo\\\/author\\\/daredacao\\\/\",\"name\":\"da Reda\\u00e7\\u00e3o\",\"image\":{\"@type\":\"ImageObject\",\"@id\":\"https:\\\/\\\/www.jornalja.com.br\\\/arquivo\\\/desmonte-do-estado-ameaca-as-proximas-geracoes\\\/#authorImage\",\"url\":\"https:\\\/\\\/secure.gravatar.com\\\/avatar\\\/469fd857d6605ad19919d27ed29d35a968a25f6e8fd9318356bbb7f57aae9c65?s=96&d=mm&r=g\",\"width\":96,\"height\":96,\"caption\":\"da Reda\\u00e7\\u00e3o\"}},{\"@type\":\"WebPage\",\"@id\":\"https:\\\/\\\/www.jornalja.com.br\\\/arquivo\\\/desmonte-do-estado-ameaca-as-proximas-geracoes\\\/#webpage\",\"url\":\"https:\\\/\\\/www.jornalja.com.br\\\/arquivo\\\/desmonte-do-estado-ameaca-as-proximas-geracoes\\\/\",\"name\":\"Desmonte do Estado amea\\u00e7a as pr\\u00f3ximas gera\\u00e7\\u00f5es | Arquivo\",\"inLanguage\":\"pt-BR\",\"isPartOf\":{\"@id\":\"https:\\\/\\\/www.jornalja.com.br\\\/arquivo\\\/#website\"},\"breadcrumb\":{\"@id\":\"https:\\\/\\\/www.jornalja.com.br\\\/arquivo\\\/desmonte-do-estado-ameaca-as-proximas-geracoes\\\/#breadcrumblist\"},\"author\":{\"@id\":\"https:\\\/\\\/www.jornalja.com.br\\\/arquivo\\\/author\\\/daredacao\\\/#author\"},\"creator\":{\"@id\":\"https:\\\/\\\/www.jornalja.com.br\\\/arquivo\\\/author\\\/daredacao\\\/#author\"},\"image\":{\"@type\":\"ImageObject\",\"url\":36729,\"@id\":\"https:\\\/\\\/www.jornalja.com.br\\\/arquivo\\\/desmonte-do-estado-ameaca-as-proximas-geracoes\\\/#mainImage\"},\"primaryImageOfPage\":{\"@id\":\"https:\\\/\\\/www.jornalja.com.br\\\/arquivo\\\/desmonte-do-estado-ameaca-as-proximas-geracoes\\\/#mainImage\"},\"datePublished\":\"2016-07-20T12:03:57-03:00\",\"dateModified\":\"2016-07-20T12:03:57-03:00\"},{\"@type\":\"WebSite\",\"@id\":\"https:\\\/\\\/www.jornalja.com.br\\\/arquivo\\\/#website\",\"url\":\"https:\\\/\\\/www.jornalja.com.br\\\/arquivo\\\/\",\"name\":\"Arquivo\",\"description\":\"Jornal J\\u00c1 | Porto Alegre\",\"inLanguage\":\"pt-BR\",\"publisher\":{\"@id\":\"https:\\\/\\\/www.jornalja.com.br\\\/arquivo\\\/#organization\"}}]}\n\t\t<\/script>\n\t\t<!-- All in One SEO -->\n\n","aioseo_head_json":{"title":"Desmonte do Estado amea\u00e7a as pr\u00f3ximas gera\u00e7\u00f5es | Arquivo","description":"","canonical_url":"https:\/\/www.jornalja.com.br\/arquivo\/desmonte-do-estado-ameaca-as-proximas-geracoes\/","robots":"max-image-preview:large","keywords":"","webmasterTools":{"miscellaneous":""},"schema":{"@context":"https:\/\/schema.org","@graph":[{"@type":"BlogPosting","@id":"https:\/\/www.jornalja.com.br\/arquivo\/desmonte-do-estado-ameaca-as-proximas-geracoes\/#blogposting","name":"Desmonte do Estado amea\u00e7a as pr\u00f3ximas gera\u00e7\u00f5es | Arquivo","headline":"Desmonte do Estado amea\u00e7a as pr\u00f3ximas gera\u00e7\u00f5es","author":{"@id":"https:\/\/www.jornalja.com.br\/arquivo\/author\/daredacao\/#author"},"publisher":{"@id":"https:\/\/www.jornalja.com.br\/arquivo\/#organization"},"image":{"@type":"ImageObject","url":36729},"datePublished":"2016-07-20T12:03:57-03:00","dateModified":"2016-07-20T12:03:57-03:00","inLanguage":"pt-BR","mainEntityOfPage":{"@id":"https:\/\/www.jornalja.com.br\/arquivo\/desmonte-do-estado-ameaca-as-proximas-geracoes\/#webpage"},"isPartOf":{"@id":"https:\/\/www.jornalja.com.br\/arquivo\/desmonte-do-estado-ameaca-as-proximas-geracoes\/#webpage"},"articleSection":"CDD-Em Pauta, HOTSITE Comit\u00ea pela Democracia"},{"@type":"BreadcrumbList","@id":"https:\/\/www.jornalja.com.br\/arquivo\/desmonte-do-estado-ameaca-as-proximas-geracoes\/#breadcrumblist","itemListElement":[{"@type":"ListItem","@id":"https:\/\/www.jornalja.com.br\/arquivo#listItem","position":1,"name":"Home","item":"https:\/\/www.jornalja.com.br\/arquivo","nextItem":{"@type":"ListItem","@id":"https:\/\/www.jornalja.com.br\/arquivo\/category\/debates\/#listItem","name":"HOTSITE Comit\u00ea pela Democracia"}},{"@type":"ListItem","@id":"https:\/\/www.jornalja.com.br\/arquivo\/category\/debates\/#listItem","position":2,"name":"HOTSITE Comit\u00ea pela Democracia","item":"https:\/\/www.jornalja.com.br\/arquivo\/category\/debates\/","nextItem":{"@type":"ListItem","@id":"https:\/\/www.jornalja.com.br\/arquivo\/desmonte-do-estado-ameaca-as-proximas-geracoes\/#listItem","name":"Desmonte do Estado amea\u00e7a as pr\u00f3ximas gera\u00e7\u00f5es"},"previousItem":{"@type":"ListItem","@id":"https:\/\/www.jornalja.com.br\/arquivo#listItem","name":"Home"}},{"@type":"ListItem","@id":"https:\/\/www.jornalja.com.br\/arquivo\/desmonte-do-estado-ameaca-as-proximas-geracoes\/#listItem","position":3,"name":"Desmonte do Estado amea\u00e7a as pr\u00f3ximas gera\u00e7\u00f5es","previousItem":{"@type":"ListItem","@id":"https:\/\/www.jornalja.com.br\/arquivo\/category\/debates\/#listItem","name":"HOTSITE Comit\u00ea pela Democracia"}}]},{"@type":"Organization","@id":"https:\/\/www.jornalja.com.br\/arquivo\/#organization","name":"Jornal J\u00c1","description":"Jornal J\u00c1 | Porto Alegre","url":"https:\/\/www.jornalja.com.br\/arquivo\/","telephone":"+555133307272","logo":{"@type":"ImageObject","url":"https:\/\/www.jornalja.com.br\/wp-content\/uploads\/cards\/JAslogan.png","@id":"https:\/\/www.jornalja.com.br\/arquivo\/desmonte-do-estado-ameaca-as-proximas-geracoes\/#organizationLogo"},"image":{"@id":"https:\/\/www.jornalja.com.br\/arquivo\/desmonte-do-estado-ameaca-as-proximas-geracoes\/#organizationLogo"}},{"@type":"Person","@id":"https:\/\/www.jornalja.com.br\/arquivo\/author\/daredacao\/#author","url":"https:\/\/www.jornalja.com.br\/arquivo\/author\/daredacao\/","name":"da Reda\u00e7\u00e3o","image":{"@type":"ImageObject","@id":"https:\/\/www.jornalja.com.br\/arquivo\/desmonte-do-estado-ameaca-as-proximas-geracoes\/#authorImage","url":"https:\/\/secure.gravatar.com\/avatar\/469fd857d6605ad19919d27ed29d35a968a25f6e8fd9318356bbb7f57aae9c65?s=96&d=mm&r=g","width":96,"height":96,"caption":"da Reda\u00e7\u00e3o"}},{"@type":"WebPage","@id":"https:\/\/www.jornalja.com.br\/arquivo\/desmonte-do-estado-ameaca-as-proximas-geracoes\/#webpage","url":"https:\/\/www.jornalja.com.br\/arquivo\/desmonte-do-estado-ameaca-as-proximas-geracoes\/","name":"Desmonte do Estado amea\u00e7a as pr\u00f3ximas gera\u00e7\u00f5es | Arquivo","inLanguage":"pt-BR","isPartOf":{"@id":"https:\/\/www.jornalja.com.br\/arquivo\/#website"},"breadcrumb":{"@id":"https:\/\/www.jornalja.com.br\/arquivo\/desmonte-do-estado-ameaca-as-proximas-geracoes\/#breadcrumblist"},"author":{"@id":"https:\/\/www.jornalja.com.br\/arquivo\/author\/daredacao\/#author"},"creator":{"@id":"https:\/\/www.jornalja.com.br\/arquivo\/author\/daredacao\/#author"},"image":{"@type":"ImageObject","url":36729,"@id":"https:\/\/www.jornalja.com.br\/arquivo\/desmonte-do-estado-ameaca-as-proximas-geracoes\/#mainImage"},"primaryImageOfPage":{"@id":"https:\/\/www.jornalja.com.br\/arquivo\/desmonte-do-estado-ameaca-as-proximas-geracoes\/#mainImage"},"datePublished":"2016-07-20T12:03:57-03:00","dateModified":"2016-07-20T12:03:57-03:00"},{"@type":"WebSite","@id":"https:\/\/www.jornalja.com.br\/arquivo\/#website","url":"https:\/\/www.jornalja.com.br\/arquivo\/","name":"Arquivo","description":"Jornal J\u00c1 | Porto Alegre","inLanguage":"pt-BR","publisher":{"@id":"https:\/\/www.jornalja.com.br\/arquivo\/#organization"}}]},"og:locale":"pt_BR","og:site_name":"Arquivo | Jornal J\u00c1 | Porto Alegre","og:type":"article","og:title":"Desmonte do Estado amea\u00e7a as pr\u00f3ximas gera\u00e7\u00f5es | Arquivo","og:url":"https:\/\/www.jornalja.com.br\/arquivo\/desmonte-do-estado-ameaca-as-proximas-geracoes\/","og:image":"https:\/\/www.jornalja.com.br\/economics\/wp-content\/uploads\/sites\/11\/2026\/08\/ja-folhaderosto-facebook.jpg","og:image:secure_url":"https:\/\/www.jornalja.com.br\/economics\/wp-content\/uploads\/sites\/11\/2026\/08\/ja-folhaderosto-facebook.jpg","article:published_time":"2016-07-20T15:03:57+00:00","article:modified_time":"2016-07-20T15:03:57+00:00","twitter:card":"summary","twitter:title":"Desmonte do Estado amea\u00e7a as pr\u00f3ximas gera\u00e7\u00f5es | Arquivo","twitter:image":"https:\/\/www.jornalja.com.br\/economics\/wp-content\/uploads\/sites\/11\/2026\/08\/ja-folhaderosto-facebook.jpg"},"aioseo_meta_data":{"post_id":"36728","title":null,"description":null,"keywords":null,"keyphrases":null,"primary_term":null,"canonical_url":null,"og_title":null,"og_description":null,"og_object_type":"default","og_image_type":"default","og_image_url":null,"og_image_width":null,"og_image_height":null,"og_image_custom_url":null,"og_image_custom_fields":null,"og_video":null,"og_custom_url":null,"og_article_section":null,"og_article_tags":null,"twitter_use_og":false,"twitter_card":"default","twitter_image_type":"default","twitter_image_url":null,"twitter_image_custom_url":null,"twitter_image_custom_fields":null,"twitter_title":null,"twitter_description":null,"schema":{"blockGraphs":[],"customGraphs":[],"default":{"data":{"Article":[],"Course":[],"Dataset":[],"FAQPage":[],"Movie":[],"Person":[],"Product":[],"ProductReview":[],"Car":[],"Recipe":[],"Service":[],"SoftwareApplication":[],"WebPage":[]},"graphName":"","isEnabled":true},"graphs":[]},"schema_type":null,"schema_type_options":null,"pillar_content":false,"robots_default":true,"robots_noindex":false,"robots_noarchive":false,"robots_nosnippet":false,"robots_nofollow":false,"robots_noimageindex":false,"robots_noodp":false,"robots_notranslate":false,"robots_max_snippet":null,"robots_max_videopreview":null,"robots_max_imagepreview":"large","priority":null,"frequency":null,"location":null,"local_seo":null,"breadcrumb_settings":null,"limit_modified_date":false,"ai":null,"created":"2020-12-20 20:53:41","updated":"2025-07-19 15:20:25","seo_analyzer_scan_date":null,"focus_keyword":null,"additional_keywords":null,"truseo_locale":null},"jetpack_sharing_enabled":true,"jetpack-related-posts":[{"id":13124,"url":"https:\/\/www.jornalja.com.br\/arquivo\/sangue-latino-no-iecine\/","url_meta":{"origin":36728,"position":0},"title":"Sangue latino no IECINE","author":"da Reda\u00e7\u00e3o","date":"18 de maio de 2014","format":false,"excerpt":"Francisco Ribeiro O Instituto Estadual de Cinema (IECINE) tem a frente, desde abril \u00faltimo, um novo diretor, o cineasta colombiano Juan Zapata, 36, que substitui Luiz Alberto Cassol. Radicado h\u00e1 dez anos em Porto Alegre, Zapata tem diante de si o desafio de conduzir at\u00e9 o final do ano um\u2026","rel":"","context":"Em &quot;Cultura-Geral&quot;","block_context":{"text":"Cultura-Geral","link":"https:\/\/www.jornalja.com.br\/arquivo\/category\/materiasecundaria\/"},"img":{"alt_text":"","src":"","width":0,"height":0},"classes":[]},{"id":13128,"url":"https:\/\/www.jornalja.com.br\/arquivo\/maconha-terra-diz-que-uso-medicinal-e-desculpa\/","url_meta":{"origin":36728,"position":1},"title":"Maconha: Terra diz que uso medicinal \u00e9 desculpa","author":"Patr\u00edcia Marini","date":"4 de junho de 2014","format":false,"excerpt":"A condi\u00e7\u00e3o de pol\u00edtico, em \u00e9poca de campanha de campanha eleitoral, tira for\u00e7a do discurso do m\u00e9dico Osmar Terra contra a legaliza\u00e7\u00e3o da maconha. A tese dele de que a libera\u00e7\u00e3o vai ampliar exponencialmente o consumo \u00e9 discutivel, o consumo \u00e9 corrente. Mas seus alertas quanto aos riscos tem que\u2026","rel":"","context":"Em &quot;X.Categorias velhas&quot;","block_context":{"text":"X.Categorias velhas","link":"https:\/\/www.jornalja.com.br\/arquivo\/category\/x-categorias-velhas\/"},"img":{"alt_text":"","src":"","width":0,"height":0},"classes":[]},{"id":12960,"url":"https:\/\/www.jornalja.com.br\/arquivo\/populacao-culpa-empresas-pela-greve-dos-rodoviarios\/","url_meta":{"origin":36728,"position":2},"title":"Popula\u00e7\u00e3o culpa empresas pela greve","author":"Patr\u00edcia Marini","date":"14 de fevereiro de 2014","format":false,"excerpt":"Pesquisa divulgada na edi\u00e7\u00e3o do jornal Metro desta sexta-feira,14, comprova o velho ditado: \u00e9 poss\u00edvel enganar muitos por algum tempo, mas n\u00e3o \u00e9 poss\u00edvel enganar a todos o tempo inteiro. A principal revela\u00e7\u00e3o foi que 59,8% dos entrevistados apontaram as empresas como as principais respons\u00e1veis pela grave e 46% culparam\u2026","rel":"","context":"Em &quot;X.Categorias velhas&quot;","block_context":{"text":"X.Categorias velhas","link":"https:\/\/www.jornalja.com.br\/arquivo\/category\/x-categorias-velhas\/"},"img":{"alt_text":"","src":"","width":0,"height":0},"classes":[]},{"id":5440,"url":"https:\/\/www.jornalja.com.br\/arquivo\/casarao-da-venancio-destino-permanece-incerto\/","url_meta":{"origin":36728,"position":3},"title":"Estado ainda n\u00e3o sabe o que fazer com casar\u00e3o abandonado h\u00e1 20 anos","author":"Elmar Bones","date":"6 de julho de 2009","format":false,"excerpt":"O casar\u00e3o amarelo, numa esquina nobre de Porto Alegre (Ven\u00e2ncio Aires com Jo\u00e3o Pessoa), j\u00e1 abrigou uma escola. H\u00e1 duas d\u00e9cadas, pelo menos, est\u00e1 abandonado, porque seu propriet\u00e1rio, o governo do Estado do Rio Grande do Sul, n\u00e3o consegue achar um destino para ele. Planos n\u00e3o faltaram. O governador Ol\u00edvio\u2026","rel":"","context":"Em &quot;X.Categorias velhas&quot;","block_context":{"text":"X.Categorias velhas","link":"https:\/\/www.jornalja.com.br\/arquivo\/category\/x-categorias-velhas\/"},"img":{"alt_text":"geraldo1","src":"https:\/\/i0.wp.com\/www.jornalja.com.br\/wp-content\/uploads\/2009\/07\/geraldo1.jpg?resize=350%2C200&ssl=1","width":350,"height":200},"classes":[]}],"jetpack_shortlink":"https:\/\/wp.me\/pbQjBd-9yo","jetpack_featured_media_url":"","_links":{"self":[{"href":"https:\/\/www.jornalja.com.br\/arquivo\/wp-json\/wp\/v2\/posts\/36728","targetHints":{"allow":["GET"]}}],"collection":[{"href":"https:\/\/www.jornalja.com.br\/arquivo\/wp-json\/wp\/v2\/posts"}],"about":[{"href":"https:\/\/www.jornalja.com.br\/arquivo\/wp-json\/wp\/v2\/types\/post"}],"author":[{"embeddable":true,"href":"https:\/\/www.jornalja.com.br\/arquivo\/wp-json\/wp\/v2\/users\/4"}],"replies":[{"embeddable":true,"href":"https:\/\/www.jornalja.com.br\/arquivo\/wp-json\/wp\/v2\/comments?post=36728"}],"version-history":[{"count":0,"href":"https:\/\/www.jornalja.com.br\/arquivo\/wp-json\/wp\/v2\/posts\/36728\/revisions"}],"wp:attachment":[{"href":"https:\/\/www.jornalja.com.br\/arquivo\/wp-json\/wp\/v2\/media?parent=36728"}],"wp:term":[{"taxonomy":"category","embeddable":true,"href":"https:\/\/www.jornalja.com.br\/arquivo\/wp-json\/wp\/v2\/categories?post=36728"},{"taxonomy":"post_tag","embeddable":true,"href":"https:\/\/www.jornalja.com.br\/arquivo\/wp-json\/wp\/v2\/tags?post=36728"}],"curies":[{"name":"wp","href":"https:\/\/api.w.org\/{rel}","templated":true}]}}