{"id":36794,"date":"2016-07-21T13:39:52","date_gmt":"2016-07-21T16:39:52","guid":{"rendered":"https:\/\/www.jornalja.com.br\/?p=36794"},"modified":"2016-07-21T13:39:52","modified_gmt":"2016-07-21T16:39:52","slug":"folha-escondeu-que-62-querem-novas-eleicoes-por-nao-ver-relevancia","status":"publish","type":"post","link":"https:\/\/www.jornalja.com.br\/arquivo\/folha-escondeu-que-62-querem-novas-eleicoes-por-nao-ver-relevancia\/","title":{"rendered":"Folha escondeu que 62% querem novas elei\u00e7\u00f5es por n\u00e3o ver &quot;relev\u00e2ncia&quot;"},"content":{"rendered":"<p><a href=\"http:\/\/jornalggn.com.br\/noticia\/folha-escondeu-que-62-querem-novas-eleicoes-por-nao-ver-relevancia\">Jornal GGN<\/a> &#8211; Ontem o GGN publicou uma informa\u00e7\u00e3o que consta no relat\u00f3rio da \u00faltima pesquisa Datafolha, indicando que o instituto nunca usou as pedaladas fiscais para saber do povo se Dilma Rousseff merecia sofrer o impeachment. O que o Datafolha usava como justa causa era a Lava Jato: perguntava se a corrup\u00e7\u00e3o entre empres\u00e1rios, agentes p\u00fablicos e pol\u00edticos era motivo para afastar a atual presidente. Esse dado nunca foi explicitado por Folha e talvez justifique o desinteresse do jornal quanto \u00e0 fragilidade da tese de que Dilma cometeu crime fiscal [leia maisaqui].<br \/>\nAgora, descobre-se que a Folha escondeu mais uma pergunta importante de seus eleitores, cujo resultado renderia a seguinte manchete: 62% dos brasileiros apoiam novas elei\u00e7\u00f5es. Ao inv\u00e9s disso, Folha reportou, no domingo (17), que 50% preferem Michel Temer no poder.<br \/>\nComo se j\u00e1 n\u00e3o bastasse a manipula\u00e7\u00e3o da pergunta que foi escolhida por Folha para legitimar Temer (o entrevistado do Datafolha s\u00f3 teve duas alternativas \u00e0 pergunta &#8220;O que \u00e9 melhor para o Pa\u00eds: Dilma voltar ou Temer ficar&#8221;), o relat\u00f3rio divulgado ontem tamb\u00e9m havia passado por censura. N\u00e3o constavam as perguntas que retratavam com menos parcialidade a atual crise pol\u00edtica. O conte\u00fado s\u00f3 veio \u00e0 tona ap\u00f3s o Tijola\u00e7o encontrar os dados no servidor do Datafolha e o jornal ser pressionado pela imprensa a explicar a fraude.<br \/>\nO que a Folha escondeu dos leitores?<br \/>\n<img loading=\"lazy\" decoding=\"async\" class=\"alignnone size-medium wp-image-36795\" src=\"https:\/\/www.jornalja.com.br\/wp-content\/uploads\/2016\/07\/novas_eleicoes-300x110.jpg\" alt=\"novas_eleicoes\" width=\"300\" height=\"110\" \/><br \/>\nO Datafolha perguntou, a pedido da Folha (foi o jornal que selecionou as perguntas): &#8220;Uma situa\u00e7\u00e3o em que poderia haver novas elei\u00e7\u00f5es presidenciais no Brasil seria em caso de ren\u00fancia de Dilma e Temer a seus cargos. Voc\u00ea \u00e9 a favor ou contra Temer e Dilma renunciaem para a convoca\u00e7\u00e3o de novas elei\u00e7\u00f5es para a Presid\u00eancia ainda neste ano?&#8221;<br \/>\nAqui, 62% disseram ser a favor, 30% contra, 4% indiferente e 4%, que n\u00e3o sabem.<br \/>\nSegundo o El Pa\u00eds, S\u00e9rgio D&#8217;\u00e1vila, editor-executivo da Folha, disse que deixou de publicar essa informa\u00e7\u00e3o porque n\u00e3o exergou relev\u00e2ncia nela. &#8220;(&#8230;) \u00e9 prerrogativa da Reda\u00e7\u00e3o escolher o que acha jornalisticamente mais relevante no momento em que decide publicar a pesquisa. O resultado da quest\u00e3o sobre a dupla ren\u00fancia de Dilma e Temer n\u00e3o nos pareceu especialmente noticioso, por praticamente repetir a tend\u00eancia de pesquisa anterior e pela mudan\u00e7a no atual cen\u00e1rio pol\u00edtico, em que essa possibilidade n\u00e3o \u00e9 mais levada em conta.\u201d<br \/>\nSe a ren\u00fancia de Temer e Dilma n\u00e3o \u00e9 mais levada em conta, por que a Folha inseriu essa pergunta no question\u00e1rio levado \u00e0s ruas entre 14 e 15 de julho?<br \/>\nOutra d\u00favida foi levantada por Fernando Brito, do Tijola\u00e7o: &#8220;S\u00e9rgio D\u2019\u00c1vila n\u00e3o diz, por\u00e9m, que este arquivo [o relat\u00f3rio do Datafolha] est\u00e1 sendo linkado somente agora, depois que veio a p\u00fablico, no in\u00edcio da noite [de quarta, 20], por este blog e por outros, o arquivo escondido nos servidores do Datafolha. Mais de duas horas depois de revelado o esc\u00e2ndalo \u00e9 que isso foi feito&#8221;.<br \/>\nSegundo o novo relat\u00f3rio, a realiza\u00e7\u00e3o de uma nova elei\u00e7\u00e3o tem mais apelo entre os jovens de 16 a 24 anos (68% favor\u00e1veis) e na faixa de 25 a 34 anos (tamb\u00e9m 68%). Entre aqueles que consideram o governo Temer \u00f3timo ou bom, 50% s\u00e3o a favor de nova elei\u00e7\u00e3o, e 44%, contra.<br \/>\nSobre o impeachment<br \/>\nO Datafolha tamb\u00e9m aferiu, sem o interesse noticioso do jornal, se o processo de impeachment de Dilma corria, na vis\u00e3o dos entrevistados, respeitando as regras democr\u00e1ticas e a Constitui\u00e7\u00e3o. Aqui, 49% disseram que sim, outra parcela de 37% disse que n\u00e3o, e 14% n\u00e3o souberam avaliar.<br \/>\n<img loading=\"lazy\" decoding=\"async\" class=\"alignnone size-medium wp-image-36796\" src=\"https:\/\/www.jornalja.com.br\/wp-content\/uploads\/2016\/07\/regras_do_impeachment-300x98.jpg\" alt=\"regras_do_impeachment\" width=\"300\" height=\"98\" \/><br \/>\nO l\u00edder do PT no Senado, Humberto Costa, disse que \u00e9 &#8220;evidente que esses dados divulgados em pesquisas de opini\u00e3o est\u00e3o distorcidos, manipulados, com a finalidade de favorecer Temer e os setores que o apoiam. (&#8230;) \u00c9 uma forma de tentar convencer os senadores de que a opini\u00e3o p\u00fablica est\u00e1 com o golpista e que, em raz\u00e3o disso, seus votos devem ser contra Dilma. Mas, a partir dessas den\u00fancias, estamos vendo que nada \u00e9 mais irreal do que essa tese.&#8221;<br \/>\nDilma precisa do apoio de 28 senadores para vencer o impeachment na vota\u00e7\u00e3o final, que deve ocorrer na segunda quinzena de agosto. O Planalto e a equipe da presidente afastada trabalham para conquistar o apoio dos senadores. Pela primeira vota\u00e7\u00e3o (admissibilidade do impeachment) no Senado, Dilma precisa conquistar seis votos al\u00e9m dos 22 que j\u00e1 tinha. O senador Randolfe Rodigues (Rede) disse, na semana passada, que Dilma tem um universo de 9 senadores indecisos para trabalhar, e que 6 deles j\u00e1 estariam &#8220;inclinados&#8221; a ajud\u00e1-la. Mas a vit\u00f3ria da presidente est\u00e1 associada justamente \u00e0 ideia de voltar ao poder e prop\u00f4r, com consentimento do Congresso e do povo, novas elei\u00e7\u00f5es.<\/p>\n","protected":false},"excerpt":{"rendered":"<p>Jornal GGN &#8211; Ontem o GGN publicou uma informa\u00e7\u00e3o que consta no relat\u00f3rio da \u00faltima pesquisa Datafolha, indicando que o instituto nunca usou as pedaladas fiscais para saber do povo se Dilma Rousseff merecia sofrer o impeachment. O que o Datafolha usava como justa causa era a Lava Jato: perguntava se a corrup\u00e7\u00e3o entre empres\u00e1rios, [&hellip;]<\/p>\n","protected":false},"author":4,"featured_media":36797,"comment_status":"open","ping_status":"closed","sticky":false,"template":"","format":"standard","meta":{"_jetpack_newsletter_access":"","_jetpack_dont_email_post_to_subs":false,"_jetpack_newsletter_tier_id":0,"_jetpack_memberships_contains_paywalled_content":false,"_jetpack_feature_clip_id":0,"_jetpack_memberships_contains_paid_content":false,"footnotes":"","jetpack_post_was_ever_published":false},"categories":[2014,2012],"tags":[],"class_list":["post-36794","post","type-post","status-publish","format-standard","has-post-thumbnail","hentry","category-em-pauta","category-debates"],"aioseo_notices":[],"aioseo_head":"\n\t\t<!-- All in One SEO 5.0.1.1 - aioseo.com -->\n\t<meta name=\"robots\" content=\"max-image-preview:large\" \/>\n\t<meta name=\"author\" content=\"da Reda\u00e7\u00e3o\"\/>\n\t<link rel=\"canonical\" href=\"https:\/\/www.jornalja.com.br\/arquivo\/folha-escondeu-que-62-querem-novas-eleicoes-por-nao-ver-relevancia\/\" \/>\n\t<meta name=\"generator\" content=\"All in One SEO (AIOSEO) 5.0.1.1\" \/>\n\t\t<meta property=\"og:locale\" content=\"pt_BR\" \/>\n\t\t<meta property=\"og:site_name\" content=\"Arquivo | Jornal J\u00c1 | Porto Alegre\" \/>\n\t\t<meta property=\"og:type\" content=\"article\" \/>\n\t\t<meta property=\"og:title\" content=\"Folha escondeu que 62% querem novas elei\u00e7\u00f5es por n\u00e3o ver &quot;relev\u00e2ncia&quot; | Arquivo\" \/>\n\t\t<meta property=\"og:url\" content=\"https:\/\/www.jornalja.com.br\/arquivo\/folha-escondeu-que-62-querem-novas-eleicoes-por-nao-ver-relevancia\/\" \/>\n\t\t<meta property=\"og:image\" content=\"https:\/\/www.jornalja.com.br\/wp-content\/uploads\/2016\/07\/novas_eleicoes-300x110.jpg\" \/>\n\t\t<meta property=\"og:image:secure_url\" content=\"https:\/\/www.jornalja.com.br\/wp-content\/uploads\/2016\/07\/novas_eleicoes-300x110.jpg\" \/>\n\t\t<meta property=\"article:published_time\" content=\"2016-07-21T16:39:52+00:00\" \/>\n\t\t<meta property=\"article:modified_time\" content=\"2016-07-21T16:39:52+00:00\" \/>\n\t\t<meta name=\"twitter:card\" content=\"summary\" \/>\n\t\t<meta name=\"twitter:title\" content=\"Folha escondeu que 62% querem novas elei\u00e7\u00f5es por n\u00e3o ver &quot;relev\u00e2ncia&quot; | Arquivo\" \/>\n\t\t<meta name=\"twitter:image\" content=\"https:\/\/www.jornalja.com.br\/economics\/wp-content\/uploads\/sites\/11\/2026\/08\/ja-folhaderosto-facebook.jpg\" \/>\n\t\t<script type=\"application\/ld+json\" class=\"aioseo-schema\">\n\t\t\t{\"@context\":\"https:\\\/\\\/schema.org\",\"@graph\":[{\"@type\":\"BlogPosting\",\"@id\":\"https:\\\/\\\/www.jornalja.com.br\\\/arquivo\\\/folha-escondeu-que-62-querem-novas-eleicoes-por-nao-ver-relevancia\\\/#blogposting\",\"name\":\"Folha escondeu que 62% querem novas elei\\u00e7\\u00f5es por n\\u00e3o ver \\\"relev\\u00e2ncia\\\" | Arquivo\",\"headline\":\"Folha escondeu que 62% querem novas elei\\u00e7\\u00f5es por n\\u00e3o ver &quot;relev\\u00e2ncia&quot;\",\"author\":{\"@id\":\"https:\\\/\\\/www.jornalja.com.br\\\/arquivo\\\/author\\\/daredacao\\\/#author\"},\"publisher\":{\"@id\":\"https:\\\/\\\/www.jornalja.com.br\\\/arquivo\\\/#organization\"},\"image\":{\"@type\":\"ImageObject\",\"url\":36797},\"datePublished\":\"2016-07-21T13:39:52-03:00\",\"dateModified\":\"2016-07-21T13:39:52-03:00\",\"inLanguage\":\"pt-BR\",\"mainEntityOfPage\":{\"@id\":\"https:\\\/\\\/www.jornalja.com.br\\\/arquivo\\\/folha-escondeu-que-62-querem-novas-eleicoes-por-nao-ver-relevancia\\\/#webpage\"},\"isPartOf\":{\"@id\":\"https:\\\/\\\/www.jornalja.com.br\\\/arquivo\\\/folha-escondeu-que-62-querem-novas-eleicoes-por-nao-ver-relevancia\\\/#webpage\"},\"articleSection\":\"CDD-Em Pauta, HOTSITE Comit\\u00ea pela Democracia\"},{\"@type\":\"BreadcrumbList\",\"@id\":\"https:\\\/\\\/www.jornalja.com.br\\\/arquivo\\\/folha-escondeu-que-62-querem-novas-eleicoes-por-nao-ver-relevancia\\\/#breadcrumblist\",\"itemListElement\":[{\"@type\":\"ListItem\",\"@id\":\"https:\\\/\\\/www.jornalja.com.br\\\/arquivo#listItem\",\"position\":1,\"name\":\"Home\",\"item\":\"https:\\\/\\\/www.jornalja.com.br\\\/arquivo\",\"nextItem\":{\"@type\":\"ListItem\",\"@id\":\"https:\\\/\\\/www.jornalja.com.br\\\/arquivo\\\/category\\\/debates\\\/#listItem\",\"name\":\"HOTSITE Comit\\u00ea pela Democracia\"}},{\"@type\":\"ListItem\",\"@id\":\"https:\\\/\\\/www.jornalja.com.br\\\/arquivo\\\/category\\\/debates\\\/#listItem\",\"position\":2,\"name\":\"HOTSITE Comit\\u00ea pela Democracia\",\"item\":\"https:\\\/\\\/www.jornalja.com.br\\\/arquivo\\\/category\\\/debates\\\/\",\"nextItem\":{\"@type\":\"ListItem\",\"@id\":\"https:\\\/\\\/www.jornalja.com.br\\\/arquivo\\\/folha-escondeu-que-62-querem-novas-eleicoes-por-nao-ver-relevancia\\\/#listItem\",\"name\":\"Folha escondeu que 62% querem novas elei\\u00e7\\u00f5es por n\\u00e3o ver &quot;relev\\u00e2ncia&quot;\"},\"previousItem\":{\"@type\":\"ListItem\",\"@id\":\"https:\\\/\\\/www.jornalja.com.br\\\/arquivo#listItem\",\"name\":\"Home\"}},{\"@type\":\"ListItem\",\"@id\":\"https:\\\/\\\/www.jornalja.com.br\\\/arquivo\\\/folha-escondeu-que-62-querem-novas-eleicoes-por-nao-ver-relevancia\\\/#listItem\",\"position\":3,\"name\":\"Folha escondeu que 62% querem novas elei\\u00e7\\u00f5es por n\\u00e3o ver &quot;relev\\u00e2ncia&quot;\",\"previousItem\":{\"@type\":\"ListItem\",\"@id\":\"https:\\\/\\\/www.jornalja.com.br\\\/arquivo\\\/category\\\/debates\\\/#listItem\",\"name\":\"HOTSITE Comit\\u00ea pela Democracia\"}}]},{\"@type\":\"Organization\",\"@id\":\"https:\\\/\\\/www.jornalja.com.br\\\/arquivo\\\/#organization\",\"name\":\"Jornal J\\u00c1\",\"description\":\"Jornal J\\u00c1 | Porto Alegre\",\"url\":\"https:\\\/\\\/www.jornalja.com.br\\\/arquivo\\\/\",\"telephone\":\"+555133307272\",\"logo\":{\"@type\":\"ImageObject\",\"url\":\"https:\\\/\\\/www.jornalja.com.br\\\/wp-content\\\/uploads\\\/cards\\\/JAslogan.png\",\"@id\":\"https:\\\/\\\/www.jornalja.com.br\\\/arquivo\\\/folha-escondeu-que-62-querem-novas-eleicoes-por-nao-ver-relevancia\\\/#organizationLogo\"},\"image\":{\"@id\":\"https:\\\/\\\/www.jornalja.com.br\\\/arquivo\\\/folha-escondeu-que-62-querem-novas-eleicoes-por-nao-ver-relevancia\\\/#organizationLogo\"}},{\"@type\":\"Person\",\"@id\":\"https:\\\/\\\/www.jornalja.com.br\\\/arquivo\\\/author\\\/daredacao\\\/#author\",\"url\":\"https:\\\/\\\/www.jornalja.com.br\\\/arquivo\\\/author\\\/daredacao\\\/\",\"name\":\"da Reda\\u00e7\\u00e3o\",\"image\":{\"@type\":\"ImageObject\",\"@id\":\"https:\\\/\\\/www.jornalja.com.br\\\/arquivo\\\/folha-escondeu-que-62-querem-novas-eleicoes-por-nao-ver-relevancia\\\/#authorImage\",\"url\":\"https:\\\/\\\/secure.gravatar.com\\\/avatar\\\/469fd857d6605ad19919d27ed29d35a968a25f6e8fd9318356bbb7f57aae9c65?s=96&d=mm&r=g\",\"width\":96,\"height\":96,\"caption\":\"da Reda\\u00e7\\u00e3o\"}},{\"@type\":\"WebPage\",\"@id\":\"https:\\\/\\\/www.jornalja.com.br\\\/arquivo\\\/folha-escondeu-que-62-querem-novas-eleicoes-por-nao-ver-relevancia\\\/#webpage\",\"url\":\"https:\\\/\\\/www.jornalja.com.br\\\/arquivo\\\/folha-escondeu-que-62-querem-novas-eleicoes-por-nao-ver-relevancia\\\/\",\"name\":\"Folha escondeu que 62% querem novas elei\\u00e7\\u00f5es por n\\u00e3o ver \\\"relev\\u00e2ncia\\\" | Arquivo\",\"inLanguage\":\"pt-BR\",\"isPartOf\":{\"@id\":\"https:\\\/\\\/www.jornalja.com.br\\\/arquivo\\\/#website\"},\"breadcrumb\":{\"@id\":\"https:\\\/\\\/www.jornalja.com.br\\\/arquivo\\\/folha-escondeu-que-62-querem-novas-eleicoes-por-nao-ver-relevancia\\\/#breadcrumblist\"},\"author\":{\"@id\":\"https:\\\/\\\/www.jornalja.com.br\\\/arquivo\\\/author\\\/daredacao\\\/#author\"},\"creator\":{\"@id\":\"https:\\\/\\\/www.jornalja.com.br\\\/arquivo\\\/author\\\/daredacao\\\/#author\"},\"image\":{\"@type\":\"ImageObject\",\"url\":36797,\"@id\":\"https:\\\/\\\/www.jornalja.com.br\\\/arquivo\\\/folha-escondeu-que-62-querem-novas-eleicoes-por-nao-ver-relevancia\\\/#mainImage\"},\"primaryImageOfPage\":{\"@id\":\"https:\\\/\\\/www.jornalja.com.br\\\/arquivo\\\/folha-escondeu-que-62-querem-novas-eleicoes-por-nao-ver-relevancia\\\/#mainImage\"},\"datePublished\":\"2016-07-21T13:39:52-03:00\",\"dateModified\":\"2016-07-21T13:39:52-03:00\"},{\"@type\":\"WebSite\",\"@id\":\"https:\\\/\\\/www.jornalja.com.br\\\/arquivo\\\/#website\",\"url\":\"https:\\\/\\\/www.jornalja.com.br\\\/arquivo\\\/\",\"name\":\"Arquivo\",\"description\":\"Jornal J\\u00c1 | Porto Alegre\",\"inLanguage\":\"pt-BR\",\"publisher\":{\"@id\":\"https:\\\/\\\/www.jornalja.com.br\\\/arquivo\\\/#organization\"}}]}\n\t\t<\/script>\n\t\t<!-- All in One SEO -->\n\n","aioseo_head_json":{"title":"Folha escondeu que 62% querem novas elei\u00e7\u00f5es por n\u00e3o ver \"relev\u00e2ncia\" | Arquivo","description":"","canonical_url":"https:\/\/www.jornalja.com.br\/arquivo\/folha-escondeu-que-62-querem-novas-eleicoes-por-nao-ver-relevancia\/","robots":"max-image-preview:large","keywords":"","webmasterTools":{"miscellaneous":""},"schema":{"@context":"https:\/\/schema.org","@graph":[{"@type":"BlogPosting","@id":"https:\/\/www.jornalja.com.br\/arquivo\/folha-escondeu-que-62-querem-novas-eleicoes-por-nao-ver-relevancia\/#blogposting","name":"Folha escondeu que 62% querem novas elei\u00e7\u00f5es por n\u00e3o ver \"relev\u00e2ncia\" | Arquivo","headline":"Folha escondeu que 62% querem novas elei\u00e7\u00f5es por n\u00e3o ver &quot;relev\u00e2ncia&quot;","author":{"@id":"https:\/\/www.jornalja.com.br\/arquivo\/author\/daredacao\/#author"},"publisher":{"@id":"https:\/\/www.jornalja.com.br\/arquivo\/#organization"},"image":{"@type":"ImageObject","url":36797},"datePublished":"2016-07-21T13:39:52-03:00","dateModified":"2016-07-21T13:39:52-03:00","inLanguage":"pt-BR","mainEntityOfPage":{"@id":"https:\/\/www.jornalja.com.br\/arquivo\/folha-escondeu-que-62-querem-novas-eleicoes-por-nao-ver-relevancia\/#webpage"},"isPartOf":{"@id":"https:\/\/www.jornalja.com.br\/arquivo\/folha-escondeu-que-62-querem-novas-eleicoes-por-nao-ver-relevancia\/#webpage"},"articleSection":"CDD-Em Pauta, HOTSITE Comit\u00ea pela Democracia"},{"@type":"BreadcrumbList","@id":"https:\/\/www.jornalja.com.br\/arquivo\/folha-escondeu-que-62-querem-novas-eleicoes-por-nao-ver-relevancia\/#breadcrumblist","itemListElement":[{"@type":"ListItem","@id":"https:\/\/www.jornalja.com.br\/arquivo#listItem","position":1,"name":"Home","item":"https:\/\/www.jornalja.com.br\/arquivo","nextItem":{"@type":"ListItem","@id":"https:\/\/www.jornalja.com.br\/arquivo\/category\/debates\/#listItem","name":"HOTSITE Comit\u00ea pela Democracia"}},{"@type":"ListItem","@id":"https:\/\/www.jornalja.com.br\/arquivo\/category\/debates\/#listItem","position":2,"name":"HOTSITE Comit\u00ea pela Democracia","item":"https:\/\/www.jornalja.com.br\/arquivo\/category\/debates\/","nextItem":{"@type":"ListItem","@id":"https:\/\/www.jornalja.com.br\/arquivo\/folha-escondeu-que-62-querem-novas-eleicoes-por-nao-ver-relevancia\/#listItem","name":"Folha escondeu que 62% querem novas elei\u00e7\u00f5es por n\u00e3o ver &quot;relev\u00e2ncia&quot;"},"previousItem":{"@type":"ListItem","@id":"https:\/\/www.jornalja.com.br\/arquivo#listItem","name":"Home"}},{"@type":"ListItem","@id":"https:\/\/www.jornalja.com.br\/arquivo\/folha-escondeu-que-62-querem-novas-eleicoes-por-nao-ver-relevancia\/#listItem","position":3,"name":"Folha escondeu que 62% querem novas elei\u00e7\u00f5es por n\u00e3o ver &quot;relev\u00e2ncia&quot;","previousItem":{"@type":"ListItem","@id":"https:\/\/www.jornalja.com.br\/arquivo\/category\/debates\/#listItem","name":"HOTSITE Comit\u00ea pela Democracia"}}]},{"@type":"Organization","@id":"https:\/\/www.jornalja.com.br\/arquivo\/#organization","name":"Jornal J\u00c1","description":"Jornal J\u00c1 | Porto Alegre","url":"https:\/\/www.jornalja.com.br\/arquivo\/","telephone":"+555133307272","logo":{"@type":"ImageObject","url":"https:\/\/www.jornalja.com.br\/wp-content\/uploads\/cards\/JAslogan.png","@id":"https:\/\/www.jornalja.com.br\/arquivo\/folha-escondeu-que-62-querem-novas-eleicoes-por-nao-ver-relevancia\/#organizationLogo"},"image":{"@id":"https:\/\/www.jornalja.com.br\/arquivo\/folha-escondeu-que-62-querem-novas-eleicoes-por-nao-ver-relevancia\/#organizationLogo"}},{"@type":"Person","@id":"https:\/\/www.jornalja.com.br\/arquivo\/author\/daredacao\/#author","url":"https:\/\/www.jornalja.com.br\/arquivo\/author\/daredacao\/","name":"da Reda\u00e7\u00e3o","image":{"@type":"ImageObject","@id":"https:\/\/www.jornalja.com.br\/arquivo\/folha-escondeu-que-62-querem-novas-eleicoes-por-nao-ver-relevancia\/#authorImage","url":"https:\/\/secure.gravatar.com\/avatar\/469fd857d6605ad19919d27ed29d35a968a25f6e8fd9318356bbb7f57aae9c65?s=96&d=mm&r=g","width":96,"height":96,"caption":"da Reda\u00e7\u00e3o"}},{"@type":"WebPage","@id":"https:\/\/www.jornalja.com.br\/arquivo\/folha-escondeu-que-62-querem-novas-eleicoes-por-nao-ver-relevancia\/#webpage","url":"https:\/\/www.jornalja.com.br\/arquivo\/folha-escondeu-que-62-querem-novas-eleicoes-por-nao-ver-relevancia\/","name":"Folha escondeu que 62% querem novas elei\u00e7\u00f5es por n\u00e3o ver \"relev\u00e2ncia\" | Arquivo","inLanguage":"pt-BR","isPartOf":{"@id":"https:\/\/www.jornalja.com.br\/arquivo\/#website"},"breadcrumb":{"@id":"https:\/\/www.jornalja.com.br\/arquivo\/folha-escondeu-que-62-querem-novas-eleicoes-por-nao-ver-relevancia\/#breadcrumblist"},"author":{"@id":"https:\/\/www.jornalja.com.br\/arquivo\/author\/daredacao\/#author"},"creator":{"@id":"https:\/\/www.jornalja.com.br\/arquivo\/author\/daredacao\/#author"},"image":{"@type":"ImageObject","url":36797,"@id":"https:\/\/www.jornalja.com.br\/arquivo\/folha-escondeu-que-62-querem-novas-eleicoes-por-nao-ver-relevancia\/#mainImage"},"primaryImageOfPage":{"@id":"https:\/\/www.jornalja.com.br\/arquivo\/folha-escondeu-que-62-querem-novas-eleicoes-por-nao-ver-relevancia\/#mainImage"},"datePublished":"2016-07-21T13:39:52-03:00","dateModified":"2016-07-21T13:39:52-03:00"},{"@type":"WebSite","@id":"https:\/\/www.jornalja.com.br\/arquivo\/#website","url":"https:\/\/www.jornalja.com.br\/arquivo\/","name":"Arquivo","description":"Jornal J\u00c1 | Porto Alegre","inLanguage":"pt-BR","publisher":{"@id":"https:\/\/www.jornalja.com.br\/arquivo\/#organization"}}]},"og:locale":"pt_BR","og:site_name":"Arquivo | Jornal J\u00c1 | Porto Alegre","og:type":"article","og:title":"Folha escondeu que 62% querem novas elei\u00e7\u00f5es por n\u00e3o ver &quot;relev\u00e2ncia&quot; | Arquivo","og:url":"https:\/\/www.jornalja.com.br\/arquivo\/folha-escondeu-que-62-querem-novas-eleicoes-por-nao-ver-relevancia\/","og:image":"https:\/\/www.jornalja.com.br\/wp-content\/uploads\/2016\/07\/novas_eleicoes-300x110.jpg","og:image:secure_url":"https:\/\/www.jornalja.com.br\/wp-content\/uploads\/2016\/07\/novas_eleicoes-300x110.jpg","article:published_time":"2016-07-21T16:39:52+00:00","article:modified_time":"2016-07-21T16:39:52+00:00","twitter:card":"summary","twitter:title":"Folha escondeu que 62% querem novas elei\u00e7\u00f5es por n\u00e3o ver &quot;relev\u00e2ncia&quot; | Arquivo","twitter:image":"https:\/\/www.jornalja.com.br\/economics\/wp-content\/uploads\/sites\/11\/2026\/08\/ja-folhaderosto-facebook.jpg"},"aioseo_meta_data":{"post_id":"36794","title":null,"description":null,"keywords":null,"keyphrases":null,"primary_term":null,"canonical_url":null,"og_title":null,"og_description":null,"og_object_type":"default","og_image_type":"default","og_image_url":null,"og_image_width":null,"og_image_height":null,"og_image_custom_url":null,"og_image_custom_fields":null,"og_video":null,"og_custom_url":null,"og_article_section":null,"og_article_tags":null,"twitter_use_og":false,"twitter_card":"default","twitter_image_type":"default","twitter_image_url":null,"twitter_image_custom_url":null,"twitter_image_custom_fields":null,"twitter_title":null,"twitter_description":null,"schema":{"blockGraphs":[],"customGraphs":[],"default":{"data":{"Article":[],"Course":[],"Dataset":[],"FAQPage":[],"Movie":[],"Person":[],"Product":[],"ProductReview":[],"Car":[],"Recipe":[],"Service":[],"SoftwareApplication":[],"WebPage":[]},"graphName":"","isEnabled":true},"graphs":[],"defaultGraph":"","defaultPostTypeGraph":""},"schema_type":null,"schema_type_options":null,"pillar_content":false,"robots_default":true,"robots_noindex":false,"robots_noarchive":false,"robots_nosnippet":false,"robots_nofollow":false,"robots_noimageindex":false,"robots_noodp":false,"robots_notranslate":false,"robots_max_snippet":null,"robots_max_videopreview":null,"robots_max_imagepreview":"large","priority":null,"frequency":null,"location":null,"local_seo":null,"breadcrumb_settings":null,"limit_modified_date":false,"ai":null,"created":"2020-12-20 20:53:41","updated":"2025-07-19 15:28:19","seo_analyzer_scan_date":null,"focus_keyword":null,"additional_keywords":null,"truseo_locale":null},"jetpack_sharing_enabled":true,"jetpack-related-posts":[{"id":13101,"url":"https:\/\/www.jornalja.com.br\/arquivo\/morre-um-guerreiro-do-texto\/","url_meta":{"origin":36794,"position":0},"title":"Morre um guerreiro do texto","author":"Patr\u00edcia Marini","date":"14 de maio de 2014","format":false,"excerpt":"Por Ricardo Kotscho Reproduzido do blog do autor, 11\/5\/2014; t\u00edtulo original \u201cE l\u00e1 se foi o nosso Myltainho, guerreiro do texto\u201d. Mi\u00fado e franzino, meu amigo Myltainho era um valente e inconformado guerreiro na luta contra as injusti\u00e7as sociais, a hipocrisia, as maracutaias, o autoritarismo, a intoler\u00e2ncia, a viol\u00eancia, o\u2026","rel":"","context":"Em &quot;Geral&quot;","block_context":{"text":"Geral","link":"https:\/\/www.jornalja.com.br\/arquivo\/category\/geral\/"},"img":{"alt_text":"","src":"","width":0,"height":0},"classes":[]},{"id":12960,"url":"https:\/\/www.jornalja.com.br\/arquivo\/populacao-culpa-empresas-pela-greve-dos-rodoviarios\/","url_meta":{"origin":36794,"position":1},"title":"Popula\u00e7\u00e3o culpa empresas pela greve","author":"Patr\u00edcia Marini","date":"14 de fevereiro de 2014","format":false,"excerpt":"Pesquisa divulgada na edi\u00e7\u00e3o do jornal Metro desta sexta-feira,14, comprova o velho ditado: \u00e9 poss\u00edvel enganar muitos por algum tempo, mas n\u00e3o \u00e9 poss\u00edvel enganar a todos o tempo inteiro. A principal revela\u00e7\u00e3o foi que 59,8% dos entrevistados apontaram as empresas como as principais respons\u00e1veis pela grave e 46% culparam\u2026","rel":"","context":"Em &quot;X.Categorias velhas&quot;","block_context":{"text":"X.Categorias velhas","link":"https:\/\/www.jornalja.com.br\/arquivo\/category\/x-categorias-velhas\/"},"img":{"alt_text":"","src":"","width":0,"height":0},"classes":[]},{"id":13124,"url":"https:\/\/www.jornalja.com.br\/arquivo\/sangue-latino-no-iecine\/","url_meta":{"origin":36794,"position":2},"title":"Sangue latino no IECINE","author":"da Reda\u00e7\u00e3o","date":"18 de maio de 2014","format":false,"excerpt":"Francisco Ribeiro O Instituto Estadual de Cinema (IECINE) tem a frente, desde abril \u00faltimo, um novo diretor, o cineasta colombiano Juan Zapata, 36, que substitui Luiz Alberto Cassol. Radicado h\u00e1 dez anos em Porto Alegre, Zapata tem diante de si o desafio de conduzir at\u00e9 o final do ano um\u2026","rel":"","context":"Em &quot;Cultura-Geral&quot;","block_context":{"text":"Cultura-Geral","link":"https:\/\/www.jornalja.com.br\/arquivo\/category\/materiasecundaria\/"},"img":{"alt_text":"","src":"","width":0,"height":0},"classes":[]},{"id":14241,"url":"https:\/\/www.jornalja.com.br\/arquivo\/o-guaiba-nas-imagens-poeticas-de-achutti\/","url_meta":{"origin":36794,"position":3},"title":"O Gua\u00edba nas imagens po\u00e9ticas de Achutti","author":"da Reda\u00e7\u00e3o","date":"18 de junho de 2014","format":false,"excerpt":"Em \u201cO Gua\u00edba por Achutti\u201d \u2013 obra financiada via Minist\u00e9rio da Cultura, produ\u00e7\u00e3o executiva de Pedro Longhi, e Fl\u00e1vio Wild como designer \u2013, o fot\u00f3grafo revela a beleza e as mazelas de um espa\u00e7o aqu\u00e1tico de \u00e1guas sempre renovadas, cheio de hist\u00f3rias e lendas como as das cidades que foram\u2026","rel":"","context":"Em &quot;Cultura-Geral&quot;","block_context":{"text":"Cultura-Geral","link":"https:\/\/www.jornalja.com.br\/arquivo\/category\/materiasecundaria\/"},"img":{"alt_text":"","src":"","width":0,"height":0},"classes":[]},{"id":13240,"url":"https:\/\/www.jornalja.com.br\/arquivo\/plano-diretor-estamos-construindo-o-caos\/","url_meta":{"origin":36794,"position":4},"title":"Plano diretor: &quot;Estamos construindo o caos&quot;","author":"Patr\u00edcia Marini","date":"26 de maio de 2014","format":false,"excerpt":"Desabafo que arquiteta Eliana Castilhos, delegada da Regi\u00e3o de Planejamento 1, postou nas redes sociais \u00e9 um testemunho do ambiente que se criou no Conselho do Plano Diretor de Porto Alegre, onde a aprova\u00e7\u00e3o de grandes empreendimentos \u00e9 empurrada guela abaixo dos conselheiros. Ao CMDUA Como delegada da Regi\u00e3o de\u2026","rel":"","context":"Em &quot;Geral&quot;","block_context":{"text":"Geral","link":"https:\/\/www.jornalja.com.br\/arquivo\/category\/geral\/"},"img":{"alt_text":"","src":"","width":0,"height":0},"classes":[]},{"id":5440,"url":"https:\/\/www.jornalja.com.br\/arquivo\/casarao-da-venancio-destino-permanece-incerto\/","url_meta":{"origin":36794,"position":5},"title":"Estado ainda n\u00e3o sabe o que fazer com casar\u00e3o abandonado h\u00e1 20 anos","author":"Elmar Bones","date":"6 de julho de 2009","format":false,"excerpt":"O casar\u00e3o amarelo, numa esquina nobre de Porto Alegre (Ven\u00e2ncio Aires com Jo\u00e3o Pessoa), j\u00e1 abrigou uma escola. H\u00e1 duas d\u00e9cadas, pelo menos, est\u00e1 abandonado, porque seu propriet\u00e1rio, o governo do Estado do Rio Grande do Sul, n\u00e3o consegue achar um destino para ele. Planos n\u00e3o faltaram. O governador Ol\u00edvio\u2026","rel":"","context":"Em &quot;X.Categorias velhas&quot;","block_context":{"text":"X.Categorias velhas","link":"https:\/\/www.jornalja.com.br\/arquivo\/category\/x-categorias-velhas\/"},"img":{"alt_text":"geraldo1","src":"https:\/\/i0.wp.com\/www.jornalja.com.br\/wp-content\/uploads\/2009\/07\/geraldo1.jpg?resize=350%2C200&ssl=1","width":350,"height":200},"classes":[]}],"jetpack_shortlink":"https:\/\/wp.me\/pbQjBd-9zs","jetpack_featured_media_url":"","_links":{"self":[{"href":"https:\/\/www.jornalja.com.br\/arquivo\/wp-json\/wp\/v2\/posts\/36794","targetHints":{"allow":["GET"]}}],"collection":[{"href":"https:\/\/www.jornalja.com.br\/arquivo\/wp-json\/wp\/v2\/posts"}],"about":[{"href":"https:\/\/www.jornalja.com.br\/arquivo\/wp-json\/wp\/v2\/types\/post"}],"author":[{"embeddable":true,"href":"https:\/\/www.jornalja.com.br\/arquivo\/wp-json\/wp\/v2\/users\/4"}],"replies":[{"embeddable":true,"href":"https:\/\/www.jornalja.com.br\/arquivo\/wp-json\/wp\/v2\/comments?post=36794"}],"version-history":[{"count":0,"href":"https:\/\/www.jornalja.com.br\/arquivo\/wp-json\/wp\/v2\/posts\/36794\/revisions"}],"wp:attachment":[{"href":"https:\/\/www.jornalja.com.br\/arquivo\/wp-json\/wp\/v2\/media?parent=36794"}],"wp:term":[{"taxonomy":"category","embeddable":true,"href":"https:\/\/www.jornalja.com.br\/arquivo\/wp-json\/wp\/v2\/categories?post=36794"},{"taxonomy":"post_tag","embeddable":true,"href":"https:\/\/www.jornalja.com.br\/arquivo\/wp-json\/wp\/v2\/tags?post=36794"}],"curies":[{"name":"wp","href":"https:\/\/api.w.org\/{rel}","templated":true}]}}