{"id":36817,"date":"2016-07-22T00:40:30","date_gmt":"2016-07-22T03:40:30","guid":{"rendered":"https:\/\/www.jornalja.com.br\/?p=36817"},"modified":"2016-07-22T00:40:30","modified_gmt":"2016-07-22T03:40:30","slug":"mp-da-parecer-favoravel-a-desocupacao-no-demhab","status":"publish","type":"post","link":"https:\/\/www.jornalja.com.br\/arquivo\/mp-da-parecer-favoravel-a-desocupacao-no-demhab\/","title":{"rendered":"MP d\u00e1 parecer favor\u00e1vel \u00e0 desocupa\u00e7\u00e3o no Demhab"},"content":{"rendered":"<p>O Minist\u00e9rio P\u00fabico deu parecer favor\u00e1vel\u00a0ao pedido de reintegra\u00e7\u00e3o, feito pela Prefeitura, do pr\u00e9dio do Demhab, ocupado por tr\u00eas movimentos sociais por habita\u00e7\u00e3o popular desde a tarde de quinta-feira,14\/7.<br \/>\nO promotor de Habita\u00e7\u00e3o do MP Heriberto Roos Maciel esteve, na manh\u00e3 desta quarta-feita, junto com a ju\u00edza Karla Aveline na inspe\u00e7\u00e3o judicial \u00e0 ocupa\u00e7\u00e3o e encaminhou no mesmo dia um of\u00edcio sobre o caso.<br \/>\nMaciel considera que a ocupa\u00e7\u00e3o \u00e9 pac\u00edfica e organizada, mas que dificulta alguns servi\u00e7os realizados pela autarquia.<br \/>\nObservou que\u00a0alguns funcion\u00e1rios n\u00e3o est\u00e3o \u00e0 vontade com a presen\u00e7a dos ocupantes, o que poderia causar algum conflito, conforme diz no documento: &#8220;&#8230;precariedade da situa\u00e7\u00e3o de seguran\u00e7a, pois nestas situa\u00e7\u00f5es limite qualquer altera\u00e7\u00e3o de \u00e2nimos poder\u00e1 colocar em riscos a incolumidade f\u00edsica&#8230;&#8221;<br \/>\nSeu parecer sugere que a ju\u00edza d\u00ea um prazo razo\u00e1vel para a desocupa\u00e7\u00e3o, acompanhada por agentes do Conselho Titular e da Defensoria P\u00fablica.<br \/>\nO entendimento do promotor \u00e9 que as reivindica\u00e7\u00f5es apontadas pelo movimento que promovem a ocupa\u00e7\u00e3o devem ser mediadas pelo CEJUSC, como no caso da\u00a0Ocupa\u00e7\u00e3o Lanceiros Negros, no Centro Hist\u00f3rico.<br \/>\nNa 5a Vara da Fazenda P\u00fablca, a ju\u00edza Karla Aveline, que encaminhou o caso ao MP, decidir\u00e1 nesta sexta-feira o encaminhamento ao pedido de reintegra\u00e7\u00e3o de posse do Demhab pela Prefeitura.<br \/>\nPara sair, o que os manifestantes pedem desde o in\u00edcio \u00e9 um plano de a\u00e7\u00e3o da Prefeitura para a habita\u00e7\u00e3o popular. O sintoma do problema s\u00e3o as mais de 40 ocupa\u00e7\u00f5es urbanas em Porto Alegre e a cena que se tornou corriqueira em toda a regi\u00e3o central, de pessoas dormindo nas cal\u00e7adas. Muitas delas, oriundas de favelas removidas por obras vi\u00e1rias.<\/p>\n","protected":false},"excerpt":{"rendered":"<p>O Minist\u00e9rio P\u00fabico deu parecer favor\u00e1vel\u00a0ao pedido de reintegra\u00e7\u00e3o, feito pela Prefeitura, do pr\u00e9dio do Demhab, ocupado por tr\u00eas movimentos sociais por habita\u00e7\u00e3o popular desde a tarde de quinta-feira,14\/7. O promotor de Habita\u00e7\u00e3o do MP Heriberto Roos Maciel esteve, na manh\u00e3 desta quarta-feita, junto com a ju\u00edza Karla Aveline na inspe\u00e7\u00e3o judicial \u00e0 ocupa\u00e7\u00e3o e [&hellip;]<\/p>\n","protected":false},"author":4,"featured_media":36827,"comment_status":"open","ping_status":"closed","sticky":false,"template":"","format":"standard","meta":{"_jetpack_newsletter_access":"","_jetpack_dont_email_post_to_subs":false,"_jetpack_newsletter_tier_id":0,"_jetpack_memberships_contains_paywalled_content":false,"_jetpack_feature_clip_id":0,"_jetpack_memberships_contains_paid_content":false,"footnotes":"","jetpack_post_was_ever_published":false},"categories":[2016],"tags":[],"class_list":["post-36817","post","type-post","status-publish","format-standard","has-post-thumbnail","hentry","category-materia-vencida"],"aioseo_notices":[],"aioseo_head":"\n\t\t<!-- All in One SEO 5.0.1.1 - aioseo.com -->\n\t<meta name=\"robots\" content=\"max-image-preview:large\" \/>\n\t<meta name=\"author\" content=\"da Reda\u00e7\u00e3o\"\/>\n\t<link rel=\"canonical\" href=\"https:\/\/www.jornalja.com.br\/arquivo\/mp-da-parecer-favoravel-a-desocupacao-no-demhab\/\" \/>\n\t<meta name=\"generator\" content=\"All in One SEO (AIOSEO) 5.0.1.1\" \/>\n\t\t<meta property=\"og:locale\" content=\"pt_BR\" \/>\n\t\t<meta property=\"og:site_name\" content=\"Arquivo | Jornal J\u00c1 | Porto Alegre\" \/>\n\t\t<meta property=\"og:type\" content=\"article\" \/>\n\t\t<meta property=\"og:title\" content=\"MP d\u00e1 parecer favor\u00e1vel \u00e0 desocupa\u00e7\u00e3o no Demhab | Arquivo\" \/>\n\t\t<meta property=\"og:url\" content=\"https:\/\/www.jornalja.com.br\/arquivo\/mp-da-parecer-favoravel-a-desocupacao-no-demhab\/\" \/>\n\t\t<meta property=\"og:image\" content=\"https:\/\/www.jornalja.com.br\/economics\/wp-content\/uploads\/sites\/11\/2026\/08\/ja-folhaderosto-facebook.jpg\" \/>\n\t\t<meta property=\"og:image:secure_url\" content=\"https:\/\/www.jornalja.com.br\/economics\/wp-content\/uploads\/sites\/11\/2026\/08\/ja-folhaderosto-facebook.jpg\" \/>\n\t\t<meta property=\"article:published_time\" content=\"2016-07-22T03:40:30+00:00\" \/>\n\t\t<meta property=\"article:modified_time\" content=\"2016-07-22T03:40:30+00:00\" \/>\n\t\t<meta name=\"twitter:card\" content=\"summary\" \/>\n\t\t<meta name=\"twitter:title\" content=\"MP d\u00e1 parecer favor\u00e1vel \u00e0 desocupa\u00e7\u00e3o no Demhab | Arquivo\" \/>\n\t\t<meta name=\"twitter:image\" content=\"https:\/\/www.jornalja.com.br\/economics\/wp-content\/uploads\/sites\/11\/2026\/08\/ja-folhaderosto-facebook.jpg\" \/>\n\t\t<script type=\"application\/ld+json\" class=\"aioseo-schema\">\n\t\t\t{\"@context\":\"https:\\\/\\\/schema.org\",\"@graph\":[{\"@type\":\"BlogPosting\",\"@id\":\"https:\\\/\\\/www.jornalja.com.br\\\/arquivo\\\/mp-da-parecer-favoravel-a-desocupacao-no-demhab\\\/#blogposting\",\"name\":\"MP d\\u00e1 parecer favor\\u00e1vel \\u00e0 desocupa\\u00e7\\u00e3o no Demhab | Arquivo\",\"headline\":\"MP d\\u00e1 parecer favor\\u00e1vel \\u00e0 desocupa\\u00e7\\u00e3o no Demhab\",\"author\":{\"@id\":\"https:\\\/\\\/www.jornalja.com.br\\\/arquivo\\\/author\\\/daredacao\\\/#author\"},\"publisher\":{\"@id\":\"https:\\\/\\\/www.jornalja.com.br\\\/arquivo\\\/#organization\"},\"image\":{\"@type\":\"ImageObject\",\"url\":36827},\"datePublished\":\"2016-07-22T00:40:30-03:00\",\"dateModified\":\"2016-07-22T00:40:30-03:00\",\"inLanguage\":\"pt-BR\",\"mainEntityOfPage\":{\"@id\":\"https:\\\/\\\/www.jornalja.com.br\\\/arquivo\\\/mp-da-parecer-favoravel-a-desocupacao-no-demhab\\\/#webpage\"},\"isPartOf\":{\"@id\":\"https:\\\/\\\/www.jornalja.com.br\\\/arquivo\\\/mp-da-parecer-favoravel-a-desocupacao-no-demhab\\\/#webpage\"},\"articleSection\":\"Mat\\u00e9ria vencida\"},{\"@type\":\"BreadcrumbList\",\"@id\":\"https:\\\/\\\/www.jornalja.com.br\\\/arquivo\\\/mp-da-parecer-favoravel-a-desocupacao-no-demhab\\\/#breadcrumblist\",\"itemListElement\":[{\"@type\":\"ListItem\",\"@id\":\"https:\\\/\\\/www.jornalja.com.br\\\/arquivo#listItem\",\"position\":1,\"name\":\"Home\",\"item\":\"https:\\\/\\\/www.jornalja.com.br\\\/arquivo\",\"nextItem\":{\"@type\":\"ListItem\",\"@id\":\"https:\\\/\\\/www.jornalja.com.br\\\/arquivo\\\/category\\\/materia-vencida\\\/#listItem\",\"name\":\"Mat\\u00e9ria vencida\"}},{\"@type\":\"ListItem\",\"@id\":\"https:\\\/\\\/www.jornalja.com.br\\\/arquivo\\\/category\\\/materia-vencida\\\/#listItem\",\"position\":2,\"name\":\"Mat\\u00e9ria vencida\",\"item\":\"https:\\\/\\\/www.jornalja.com.br\\\/arquivo\\\/category\\\/materia-vencida\\\/\",\"nextItem\":{\"@type\":\"ListItem\",\"@id\":\"https:\\\/\\\/www.jornalja.com.br\\\/arquivo\\\/mp-da-parecer-favoravel-a-desocupacao-no-demhab\\\/#listItem\",\"name\":\"MP d\\u00e1 parecer favor\\u00e1vel \\u00e0 desocupa\\u00e7\\u00e3o no Demhab\"},\"previousItem\":{\"@type\":\"ListItem\",\"@id\":\"https:\\\/\\\/www.jornalja.com.br\\\/arquivo#listItem\",\"name\":\"Home\"}},{\"@type\":\"ListItem\",\"@id\":\"https:\\\/\\\/www.jornalja.com.br\\\/arquivo\\\/mp-da-parecer-favoravel-a-desocupacao-no-demhab\\\/#listItem\",\"position\":3,\"name\":\"MP d\\u00e1 parecer favor\\u00e1vel \\u00e0 desocupa\\u00e7\\u00e3o no Demhab\",\"previousItem\":{\"@type\":\"ListItem\",\"@id\":\"https:\\\/\\\/www.jornalja.com.br\\\/arquivo\\\/category\\\/materia-vencida\\\/#listItem\",\"name\":\"Mat\\u00e9ria vencida\"}}]},{\"@type\":\"Organization\",\"@id\":\"https:\\\/\\\/www.jornalja.com.br\\\/arquivo\\\/#organization\",\"name\":\"Jornal J\\u00c1\",\"description\":\"Jornal J\\u00c1 | Porto Alegre\",\"url\":\"https:\\\/\\\/www.jornalja.com.br\\\/arquivo\\\/\",\"telephone\":\"+555133307272\",\"logo\":{\"@type\":\"ImageObject\",\"url\":\"https:\\\/\\\/www.jornalja.com.br\\\/wp-content\\\/uploads\\\/cards\\\/JAslogan.png\",\"@id\":\"https:\\\/\\\/www.jornalja.com.br\\\/arquivo\\\/mp-da-parecer-favoravel-a-desocupacao-no-demhab\\\/#organizationLogo\"},\"image\":{\"@id\":\"https:\\\/\\\/www.jornalja.com.br\\\/arquivo\\\/mp-da-parecer-favoravel-a-desocupacao-no-demhab\\\/#organizationLogo\"}},{\"@type\":\"Person\",\"@id\":\"https:\\\/\\\/www.jornalja.com.br\\\/arquivo\\\/author\\\/daredacao\\\/#author\",\"url\":\"https:\\\/\\\/www.jornalja.com.br\\\/arquivo\\\/author\\\/daredacao\\\/\",\"name\":\"da Reda\\u00e7\\u00e3o\",\"image\":{\"@type\":\"ImageObject\",\"@id\":\"https:\\\/\\\/www.jornalja.com.br\\\/arquivo\\\/mp-da-parecer-favoravel-a-desocupacao-no-demhab\\\/#authorImage\",\"url\":\"https:\\\/\\\/secure.gravatar.com\\\/avatar\\\/469fd857d6605ad19919d27ed29d35a968a25f6e8fd9318356bbb7f57aae9c65?s=96&d=mm&r=g\",\"width\":96,\"height\":96,\"caption\":\"da Reda\\u00e7\\u00e3o\"}},{\"@type\":\"WebPage\",\"@id\":\"https:\\\/\\\/www.jornalja.com.br\\\/arquivo\\\/mp-da-parecer-favoravel-a-desocupacao-no-demhab\\\/#webpage\",\"url\":\"https:\\\/\\\/www.jornalja.com.br\\\/arquivo\\\/mp-da-parecer-favoravel-a-desocupacao-no-demhab\\\/\",\"name\":\"MP d\\u00e1 parecer favor\\u00e1vel \\u00e0 desocupa\\u00e7\\u00e3o no Demhab | Arquivo\",\"inLanguage\":\"pt-BR\",\"isPartOf\":{\"@id\":\"https:\\\/\\\/www.jornalja.com.br\\\/arquivo\\\/#website\"},\"breadcrumb\":{\"@id\":\"https:\\\/\\\/www.jornalja.com.br\\\/arquivo\\\/mp-da-parecer-favoravel-a-desocupacao-no-demhab\\\/#breadcrumblist\"},\"author\":{\"@id\":\"https:\\\/\\\/www.jornalja.com.br\\\/arquivo\\\/author\\\/daredacao\\\/#author\"},\"creator\":{\"@id\":\"https:\\\/\\\/www.jornalja.com.br\\\/arquivo\\\/author\\\/daredacao\\\/#author\"},\"image\":{\"@type\":\"ImageObject\",\"url\":36827,\"@id\":\"https:\\\/\\\/www.jornalja.com.br\\\/arquivo\\\/mp-da-parecer-favoravel-a-desocupacao-no-demhab\\\/#mainImage\"},\"primaryImageOfPage\":{\"@id\":\"https:\\\/\\\/www.jornalja.com.br\\\/arquivo\\\/mp-da-parecer-favoravel-a-desocupacao-no-demhab\\\/#mainImage\"},\"datePublished\":\"2016-07-22T00:40:30-03:00\",\"dateModified\":\"2016-07-22T00:40:30-03:00\"},{\"@type\":\"WebSite\",\"@id\":\"https:\\\/\\\/www.jornalja.com.br\\\/arquivo\\\/#website\",\"url\":\"https:\\\/\\\/www.jornalja.com.br\\\/arquivo\\\/\",\"name\":\"Arquivo\",\"description\":\"Jornal J\\u00c1 | Porto Alegre\",\"inLanguage\":\"pt-BR\",\"publisher\":{\"@id\":\"https:\\\/\\\/www.jornalja.com.br\\\/arquivo\\\/#organization\"}}]}\n\t\t<\/script>\n\t\t<!-- All in One SEO -->\n\n","aioseo_head_json":{"title":"MP d\u00e1 parecer favor\u00e1vel \u00e0 desocupa\u00e7\u00e3o no Demhab | Arquivo","description":"","canonical_url":"https:\/\/www.jornalja.com.br\/arquivo\/mp-da-parecer-favoravel-a-desocupacao-no-demhab\/","robots":"max-image-preview:large","keywords":"","webmasterTools":{"miscellaneous":""},"schema":{"@context":"https:\/\/schema.org","@graph":[{"@type":"BlogPosting","@id":"https:\/\/www.jornalja.com.br\/arquivo\/mp-da-parecer-favoravel-a-desocupacao-no-demhab\/#blogposting","name":"MP d\u00e1 parecer favor\u00e1vel \u00e0 desocupa\u00e7\u00e3o no Demhab | Arquivo","headline":"MP d\u00e1 parecer favor\u00e1vel \u00e0 desocupa\u00e7\u00e3o no Demhab","author":{"@id":"https:\/\/www.jornalja.com.br\/arquivo\/author\/daredacao\/#author"},"publisher":{"@id":"https:\/\/www.jornalja.com.br\/arquivo\/#organization"},"image":{"@type":"ImageObject","url":36827},"datePublished":"2016-07-22T00:40:30-03:00","dateModified":"2016-07-22T00:40:30-03:00","inLanguage":"pt-BR","mainEntityOfPage":{"@id":"https:\/\/www.jornalja.com.br\/arquivo\/mp-da-parecer-favoravel-a-desocupacao-no-demhab\/#webpage"},"isPartOf":{"@id":"https:\/\/www.jornalja.com.br\/arquivo\/mp-da-parecer-favoravel-a-desocupacao-no-demhab\/#webpage"},"articleSection":"Mat\u00e9ria vencida"},{"@type":"BreadcrumbList","@id":"https:\/\/www.jornalja.com.br\/arquivo\/mp-da-parecer-favoravel-a-desocupacao-no-demhab\/#breadcrumblist","itemListElement":[{"@type":"ListItem","@id":"https:\/\/www.jornalja.com.br\/arquivo#listItem","position":1,"name":"Home","item":"https:\/\/www.jornalja.com.br\/arquivo","nextItem":{"@type":"ListItem","@id":"https:\/\/www.jornalja.com.br\/arquivo\/category\/materia-vencida\/#listItem","name":"Mat\u00e9ria vencida"}},{"@type":"ListItem","@id":"https:\/\/www.jornalja.com.br\/arquivo\/category\/materia-vencida\/#listItem","position":2,"name":"Mat\u00e9ria vencida","item":"https:\/\/www.jornalja.com.br\/arquivo\/category\/materia-vencida\/","nextItem":{"@type":"ListItem","@id":"https:\/\/www.jornalja.com.br\/arquivo\/mp-da-parecer-favoravel-a-desocupacao-no-demhab\/#listItem","name":"MP d\u00e1 parecer favor\u00e1vel \u00e0 desocupa\u00e7\u00e3o no Demhab"},"previousItem":{"@type":"ListItem","@id":"https:\/\/www.jornalja.com.br\/arquivo#listItem","name":"Home"}},{"@type":"ListItem","@id":"https:\/\/www.jornalja.com.br\/arquivo\/mp-da-parecer-favoravel-a-desocupacao-no-demhab\/#listItem","position":3,"name":"MP d\u00e1 parecer favor\u00e1vel \u00e0 desocupa\u00e7\u00e3o no Demhab","previousItem":{"@type":"ListItem","@id":"https:\/\/www.jornalja.com.br\/arquivo\/category\/materia-vencida\/#listItem","name":"Mat\u00e9ria vencida"}}]},{"@type":"Organization","@id":"https:\/\/www.jornalja.com.br\/arquivo\/#organization","name":"Jornal J\u00c1","description":"Jornal J\u00c1 | Porto Alegre","url":"https:\/\/www.jornalja.com.br\/arquivo\/","telephone":"+555133307272","logo":{"@type":"ImageObject","url":"https:\/\/www.jornalja.com.br\/wp-content\/uploads\/cards\/JAslogan.png","@id":"https:\/\/www.jornalja.com.br\/arquivo\/mp-da-parecer-favoravel-a-desocupacao-no-demhab\/#organizationLogo"},"image":{"@id":"https:\/\/www.jornalja.com.br\/arquivo\/mp-da-parecer-favoravel-a-desocupacao-no-demhab\/#organizationLogo"}},{"@type":"Person","@id":"https:\/\/www.jornalja.com.br\/arquivo\/author\/daredacao\/#author","url":"https:\/\/www.jornalja.com.br\/arquivo\/author\/daredacao\/","name":"da Reda\u00e7\u00e3o","image":{"@type":"ImageObject","@id":"https:\/\/www.jornalja.com.br\/arquivo\/mp-da-parecer-favoravel-a-desocupacao-no-demhab\/#authorImage","url":"https:\/\/secure.gravatar.com\/avatar\/469fd857d6605ad19919d27ed29d35a968a25f6e8fd9318356bbb7f57aae9c65?s=96&d=mm&r=g","width":96,"height":96,"caption":"da Reda\u00e7\u00e3o"}},{"@type":"WebPage","@id":"https:\/\/www.jornalja.com.br\/arquivo\/mp-da-parecer-favoravel-a-desocupacao-no-demhab\/#webpage","url":"https:\/\/www.jornalja.com.br\/arquivo\/mp-da-parecer-favoravel-a-desocupacao-no-demhab\/","name":"MP d\u00e1 parecer favor\u00e1vel \u00e0 desocupa\u00e7\u00e3o no Demhab | Arquivo","inLanguage":"pt-BR","isPartOf":{"@id":"https:\/\/www.jornalja.com.br\/arquivo\/#website"},"breadcrumb":{"@id":"https:\/\/www.jornalja.com.br\/arquivo\/mp-da-parecer-favoravel-a-desocupacao-no-demhab\/#breadcrumblist"},"author":{"@id":"https:\/\/www.jornalja.com.br\/arquivo\/author\/daredacao\/#author"},"creator":{"@id":"https:\/\/www.jornalja.com.br\/arquivo\/author\/daredacao\/#author"},"image":{"@type":"ImageObject","url":36827,"@id":"https:\/\/www.jornalja.com.br\/arquivo\/mp-da-parecer-favoravel-a-desocupacao-no-demhab\/#mainImage"},"primaryImageOfPage":{"@id":"https:\/\/www.jornalja.com.br\/arquivo\/mp-da-parecer-favoravel-a-desocupacao-no-demhab\/#mainImage"},"datePublished":"2016-07-22T00:40:30-03:00","dateModified":"2016-07-22T00:40:30-03:00"},{"@type":"WebSite","@id":"https:\/\/www.jornalja.com.br\/arquivo\/#website","url":"https:\/\/www.jornalja.com.br\/arquivo\/","name":"Arquivo","description":"Jornal J\u00c1 | Porto Alegre","inLanguage":"pt-BR","publisher":{"@id":"https:\/\/www.jornalja.com.br\/arquivo\/#organization"}}]},"og:locale":"pt_BR","og:site_name":"Arquivo | Jornal J\u00c1 | Porto Alegre","og:type":"article","og:title":"MP d\u00e1 parecer favor\u00e1vel \u00e0 desocupa\u00e7\u00e3o no Demhab | Arquivo","og:url":"https:\/\/www.jornalja.com.br\/arquivo\/mp-da-parecer-favoravel-a-desocupacao-no-demhab\/","og:image":"https:\/\/www.jornalja.com.br\/economics\/wp-content\/uploads\/sites\/11\/2026\/08\/ja-folhaderosto-facebook.jpg","og:image:secure_url":"https:\/\/www.jornalja.com.br\/economics\/wp-content\/uploads\/sites\/11\/2026\/08\/ja-folhaderosto-facebook.jpg","article:published_time":"2016-07-22T03:40:30+00:00","article:modified_time":"2016-07-22T03:40:30+00:00","twitter:card":"summary","twitter:title":"MP d\u00e1 parecer favor\u00e1vel \u00e0 desocupa\u00e7\u00e3o no Demhab | Arquivo","twitter:image":"https:\/\/www.jornalja.com.br\/economics\/wp-content\/uploads\/sites\/11\/2026\/08\/ja-folhaderosto-facebook.jpg"},"aioseo_meta_data":{"post_id":"36817","title":null,"description":null,"keywords":null,"keyphrases":null,"primary_term":null,"canonical_url":null,"og_title":null,"og_description":null,"og_object_type":"default","og_image_type":"default","og_image_url":null,"og_image_width":null,"og_image_height":null,"og_image_custom_url":null,"og_image_custom_fields":null,"og_video":null,"og_custom_url":null,"og_article_section":null,"og_article_tags":null,"twitter_use_og":false,"twitter_card":"default","twitter_image_type":"default","twitter_image_url":null,"twitter_image_custom_url":null,"twitter_image_custom_fields":null,"twitter_title":null,"twitter_description":null,"schema":{"blockGraphs":[],"customGraphs":[],"default":{"data":{"Article":[],"Course":[],"Dataset":[],"FAQPage":[],"Movie":[],"Person":[],"Product":[],"ProductReview":[],"Car":[],"Recipe":[],"Service":[],"SoftwareApplication":[],"WebPage":[]},"graphName":"","isEnabled":true},"graphs":[],"defaultGraph":"","defaultPostTypeGraph":""},"schema_type":null,"schema_type_options":null,"pillar_content":false,"robots_default":true,"robots_noindex":false,"robots_noarchive":false,"robots_nosnippet":false,"robots_nofollow":false,"robots_noimageindex":false,"robots_noodp":false,"robots_notranslate":false,"robots_max_snippet":null,"robots_max_videopreview":null,"robots_max_imagepreview":"large","priority":null,"frequency":null,"location":null,"local_seo":null,"breadcrumb_settings":null,"limit_modified_date":false,"ai":null,"created":"2020-12-20 20:53:41","updated":"2025-07-19 15:28:19","seo_analyzer_scan_date":null,"focus_keyword":null,"additional_keywords":null,"truseo_locale":null},"jetpack_sharing_enabled":true,"jetpack-related-posts":[{"id":13240,"url":"https:\/\/www.jornalja.com.br\/arquivo\/plano-diretor-estamos-construindo-o-caos\/","url_meta":{"origin":36817,"position":0},"title":"Plano diretor: &quot;Estamos construindo o caos&quot;","author":"Patr\u00edcia Marini","date":"26 de maio de 2014","format":false,"excerpt":"Desabafo que arquiteta Eliana Castilhos, delegada da Regi\u00e3o de Planejamento 1, postou nas redes sociais \u00e9 um testemunho do ambiente que se criou no Conselho do Plano Diretor de Porto Alegre, onde a aprova\u00e7\u00e3o de grandes empreendimentos \u00e9 empurrada guela abaixo dos conselheiros. Ao CMDUA Como delegada da Regi\u00e3o de\u2026","rel":"","context":"Em &quot;Geral&quot;","block_context":{"text":"Geral","link":"https:\/\/www.jornalja.com.br\/arquivo\/category\/geral\/"},"img":{"alt_text":"","src":"","width":0,"height":0},"classes":[]},{"id":13128,"url":"https:\/\/www.jornalja.com.br\/arquivo\/maconha-terra-diz-que-uso-medicinal-e-desculpa\/","url_meta":{"origin":36817,"position":1},"title":"Maconha: Terra diz que uso medicinal \u00e9 desculpa","author":"Patr\u00edcia Marini","date":"4 de junho de 2014","format":false,"excerpt":"A condi\u00e7\u00e3o de pol\u00edtico, em \u00e9poca de campanha de campanha eleitoral, tira for\u00e7a do discurso do m\u00e9dico Osmar Terra contra a legaliza\u00e7\u00e3o da maconha. A tese dele de que a libera\u00e7\u00e3o vai ampliar exponencialmente o consumo \u00e9 discutivel, o consumo \u00e9 corrente. Mas seus alertas quanto aos riscos tem que\u2026","rel":"","context":"Em &quot;X.Categorias velhas&quot;","block_context":{"text":"X.Categorias velhas","link":"https:\/\/www.jornalja.com.br\/arquivo\/category\/x-categorias-velhas\/"},"img":{"alt_text":"","src":"","width":0,"height":0},"classes":[]},{"id":13124,"url":"https:\/\/www.jornalja.com.br\/arquivo\/sangue-latino-no-iecine\/","url_meta":{"origin":36817,"position":2},"title":"Sangue latino no IECINE","author":"da Reda\u00e7\u00e3o","date":"18 de maio de 2014","format":false,"excerpt":"Francisco Ribeiro O Instituto Estadual de Cinema (IECINE) tem a frente, desde abril \u00faltimo, um novo diretor, o cineasta colombiano Juan Zapata, 36, que substitui Luiz Alberto Cassol. Radicado h\u00e1 dez anos em Porto Alegre, Zapata tem diante de si o desafio de conduzir at\u00e9 o final do ano um\u2026","rel":"","context":"Em &quot;Cultura-Geral&quot;","block_context":{"text":"Cultura-Geral","link":"https:\/\/www.jornalja.com.br\/arquivo\/category\/materiasecundaria\/"},"img":{"alt_text":"","src":"","width":0,"height":0},"classes":[]},{"id":1280,"url":"https:\/\/www.jornalja.com.br\/arquivo\/o-menino-que-se-tornou-brizola\/","url_meta":{"origin":36817,"position":3},"title":"O Menino que se Tornou Brizola","author":"da Reda\u00e7\u00e3o","date":"28 de julho de 2008","format":false,"excerpt":"Autor: Cleber Dioni A vida de Leonel Brizola, com \u00eanfase para os primeiros anos em Porto Alegre, at\u00e9 o ex\u00edlio no Uruguai e a volta, quinze anos depois. \u00a0\"...\u00c9ramos todos jovens e nos identific\u00e1vamos com aquela massa an\u00f4nima a percorrer as ruas de Porto Alegre, gritando 'Get\u00falio', 'Get\u00falio' e empunhando\u2026","rel":"","context":"Em &quot;Livros&quot;","block_context":{"text":"Livros","link":"https:\/\/www.jornalja.com.br\/arquivo\/category\/livros\/"},"img":{"alt_text":"","src":"https:\/\/i0.wp.com\/www.jornalja.com.br\/wp-content\/uploads\/2008\/07\/brizola.gif?resize=350%2C200&ssl=1","width":350,"height":200},"classes":[]},{"id":14241,"url":"https:\/\/www.jornalja.com.br\/arquivo\/o-guaiba-nas-imagens-poeticas-de-achutti\/","url_meta":{"origin":36817,"position":4},"title":"O Gua\u00edba nas imagens po\u00e9ticas de Achutti","author":"da Reda\u00e7\u00e3o","date":"18 de junho de 2014","format":false,"excerpt":"Em \u201cO Gua\u00edba por Achutti\u201d \u2013 obra financiada via Minist\u00e9rio da Cultura, produ\u00e7\u00e3o executiva de Pedro Longhi, e Fl\u00e1vio Wild como designer \u2013, o fot\u00f3grafo revela a beleza e as mazelas de um espa\u00e7o aqu\u00e1tico de \u00e1guas sempre renovadas, cheio de hist\u00f3rias e lendas como as das cidades que foram\u2026","rel":"","context":"Em &quot;Cultura-Geral&quot;","block_context":{"text":"Cultura-Geral","link":"https:\/\/www.jornalja.com.br\/arquivo\/category\/materiasecundaria\/"},"img":{"alt_text":"","src":"","width":0,"height":0},"classes":[]},{"id":12960,"url":"https:\/\/www.jornalja.com.br\/arquivo\/populacao-culpa-empresas-pela-greve-dos-rodoviarios\/","url_meta":{"origin":36817,"position":5},"title":"Popula\u00e7\u00e3o culpa empresas pela greve","author":"Patr\u00edcia Marini","date":"14 de fevereiro de 2014","format":false,"excerpt":"Pesquisa divulgada na edi\u00e7\u00e3o do jornal Metro desta sexta-feira,14, comprova o velho ditado: \u00e9 poss\u00edvel enganar muitos por algum tempo, mas n\u00e3o \u00e9 poss\u00edvel enganar a todos o tempo inteiro. A principal revela\u00e7\u00e3o foi que 59,8% dos entrevistados apontaram as empresas como as principais respons\u00e1veis pela grave e 46% culparam\u2026","rel":"","context":"Em &quot;X.Categorias velhas&quot;","block_context":{"text":"X.Categorias velhas","link":"https:\/\/www.jornalja.com.br\/arquivo\/category\/x-categorias-velhas\/"},"img":{"alt_text":"","src":"","width":0,"height":0},"classes":[]}],"jetpack_shortlink":"https:\/\/wp.me\/pbQjBd-9zP","jetpack_featured_media_url":"","_links":{"self":[{"href":"https:\/\/www.jornalja.com.br\/arquivo\/wp-json\/wp\/v2\/posts\/36817","targetHints":{"allow":["GET"]}}],"collection":[{"href":"https:\/\/www.jornalja.com.br\/arquivo\/wp-json\/wp\/v2\/posts"}],"about":[{"href":"https:\/\/www.jornalja.com.br\/arquivo\/wp-json\/wp\/v2\/types\/post"}],"author":[{"embeddable":true,"href":"https:\/\/www.jornalja.com.br\/arquivo\/wp-json\/wp\/v2\/users\/4"}],"replies":[{"embeddable":true,"href":"https:\/\/www.jornalja.com.br\/arquivo\/wp-json\/wp\/v2\/comments?post=36817"}],"version-history":[{"count":0,"href":"https:\/\/www.jornalja.com.br\/arquivo\/wp-json\/wp\/v2\/posts\/36817\/revisions"}],"wp:attachment":[{"href":"https:\/\/www.jornalja.com.br\/arquivo\/wp-json\/wp\/v2\/media?parent=36817"}],"wp:term":[{"taxonomy":"category","embeddable":true,"href":"https:\/\/www.jornalja.com.br\/arquivo\/wp-json\/wp\/v2\/categories?post=36817"},{"taxonomy":"post_tag","embeddable":true,"href":"https:\/\/www.jornalja.com.br\/arquivo\/wp-json\/wp\/v2\/tags?post=36817"}],"curies":[{"name":"wp","href":"https:\/\/api.w.org\/{rel}","templated":true}]}}