{"id":36980,"date":"2016-07-25T13:12:13","date_gmt":"2016-07-25T16:12:13","guid":{"rendered":"https:\/\/www.jornalja.com.br\/?p=36980"},"modified":"2016-07-25T13:12:13","modified_gmt":"2016-07-25T16:12:13","slug":"36980-2","status":"publish","type":"post","link":"https:\/\/www.jornalja.com.br\/arquivo\/36980-2\/","title":{"rendered":"Debates e show no Dia da Mulher Negra, em Porto Alegre e Bras\u00edlia"},"content":{"rendered":"<div>\n<div>Dois eventos no Centro Municipal de Cultura (av. Erico Ver\u00edssimo, 307) marcam o Dia Internacional da Mulher Negra Latino-Americana, nesta segunda-feira, 25.<\/div>\n<div><\/div>\n<div>O primeiro \u00e9 um bate-papo, \u00e0s 19h, na Biblioteca P\u00fablica Josu\u00e9 Guimar\u00e3es, sobre a escrita e o mercado editorial para autores negros e para mulheres.<\/div>\n<div><\/div>\n<div>O segundo \u00e9 o musical <em>As Vozes de Dandara<\/em>, \u00e0s 20h, no Teatro Renascen\u00e7a. Ambos t\u00eam entrada franca.<\/div>\n<div><\/div>\n<div>Os participantes do encontro na biblioteca s\u00e3o Luiz Maur\u00edcio Azevedo, mestre em Comunica\u00e7\u00e3o Social e doutorando em Teoria e Hist\u00f3ria Liter\u00e1ria; Priscila Pasko, jornalista \u00a0idealizadora, editora e rep\u00f3rter do Blog Veredas, espa\u00e7o que discute e divulga a literatura produzida por mulheres; e Vitor Diel, jornalista que cursa Especializa\u00e7\u00e3o em Literatura Brasileira.<\/div>\n<div><\/div>\n<div>\n<figure id=\"attachment_36982\" aria-describedby=\"caption-attachment-36982\" style=\"width: 200px\" class=\"wp-caption alignleft\"><img loading=\"lazy\" decoding=\"async\" class=\"size-medium wp-image-36982\" src=\"https:\/\/www.jornalja.com.br\/wp-content\/uploads\/2016\/07\/P\u00e2mela-Amaro-Foto-Ana-Marchiori-e-Ana-Vianna-200x300.jpg\" alt=\"P\u00e2mela Amaro, na foto em Carta de Ober\u00e1, tamb\u00e9m canta esta noite no Renascen\u00e7a \/ Foto: Ana Marchiori e Ana Vianna\" width=\"200\" height=\"300\" \/><figcaption id=\"caption-attachment-36982\" class=\"wp-caption-text\">P\u00e2mela Amaro, na foto em Carta de Ober\u00e1, tamb\u00e9m canta esta noite no Renascen\u00e7a \/ Foto: Ana Marchiori e Ana Vianna<\/figcaption><\/figure><br \/>\nO musical <em>As Vozes de Dandara<\/em> homenageia a esposa do l\u00edder negro quilombola Zumbi, com quem teve tr\u00eas filhos. Estar\u00e3o no palco Claudio Quadros, Denizeli Cardoso, \u00a0Maria do Carmo, Silvia Duarte, P\u00e2mela Amaro (foto ao lado), Glau Barros e Marieti Fialho.\n<\/div>\n<div><\/div>\n<div>N\u00e3o h\u00e1 registros do local de nascimento da l\u00edder Dandara, tampouco da sua ascend\u00eancia africana. Autores falam em suas habilidades na capoeira e no uso de armas e na condu\u00e7\u00e3o de mulheres que lutavam contra a escravid\u00e3o. Ela foi contra a paz assinada por Ganga Zumba com o governo portugu\u00eas e terminou morta ap\u00f3s a destrui\u00e7\u00e3o da Cerca Real dos Macacos, que fazia parte do Quilombo de Palmares, onde cresceu.<\/div>\n<\/div>\n<div><\/div>\n<div><strong>Semana negra em Bras\u00edlia<\/strong><\/div>\n<p>Em Bras\u00edlia, come\u00e7a hoje o Festival Latinidades, com a celebra\u00e7\u00e3o do Dia da Mulher Afro-Latino-Americana e Caribenha. Segundo a organiza\u00e7\u00e3o do evento, a partir das 18h, haver\u00e1 a ocupa\u00e7\u00e3o da Rodovi\u00e1ria do Plano Piloto, no centro da capital, com interven\u00e7\u00f5es art\u00edsticas, performances e sororidade (uni\u00e3o e alian\u00e7a entre mulheres, baseado na empatia e companheirismo)<br \/>\nEsta \u00e9 a nona edi\u00e7\u00e3o do evento criado em 2008 e que se consolidou como o maior festival de mulheres negras da Am\u00e9rica Latina. Este ano, o tema do festival \u00e9\u00a0a comunica\u00e7\u00e3o, com foco no <em>marketing<\/em>, jornalismo e nas redes sociais.<br \/>\nO festival segue\u00a0at\u00e9 domingo, 31, com atividades no Museu Nacional, na Esplanada dos Minist\u00e9rios: debates, confer\u00eancias, lan\u00e7amentos de livros, oficinas, cinema, feiras e <em>shows<\/em>, al\u00e9m de outras atividades.<br \/>\nA programa\u00e7\u00e3o completa est\u00e1 dispon\u00edvel no <em>site<\/em><a href=\"http:\/\/www.afrolatinas.com.br\/\" target=\"_blank\" rel=\"noopener noreferrer\"> www.afrolatinas.com.br<\/a>.<br \/>\nOrganizado pelo Instituto Afrolatinas, o evento deste ano tem a parceria das Na\u00e7\u00f5es Unidas no Brasil e patroc\u00ednio do governo do Distrito Federal.<br \/>\n<em>(Com informa\u00e7\u00f5es da ABR ePMPA)<\/em><\/p>\n","protected":false},"excerpt":{"rendered":"<p>Dois eventos no Centro Municipal de Cultura (av. Erico Ver\u00edssimo, 307) marcam o Dia Internacional da Mulher Negra Latino-Americana, nesta segunda-feira, 25. O primeiro \u00e9 um bate-papo, \u00e0s 19h, na Biblioteca P\u00fablica Josu\u00e9 Guimar\u00e3es, sobre a escrita e o mercado editorial para autores negros e para mulheres. O segundo \u00e9 o musical As Vozes de [&hellip;]<\/p>\n","protected":false},"author":4,"featured_media":36981,"comment_status":"open","ping_status":"closed","sticky":false,"template":"","format":"standard","meta":{"_jetpack_newsletter_access":"","_jetpack_dont_email_post_to_subs":false,"_jetpack_newsletter_tier_id":0,"_jetpack_memberships_contains_paywalled_content":false,"_jetpack_feature_clip_id":0,"_jetpack_memberships_contains_paid_content":false,"footnotes":"","jetpack_post_was_ever_published":false},"categories":[2016],"tags":[],"class_list":["post-36980","post","type-post","status-publish","format-standard","has-post-thumbnail","hentry","category-materia-vencida"],"aioseo_notices":[],"aioseo_head":"\n\t\t<!-- All in One SEO 5.0.1.1 - aioseo.com -->\n\t<meta name=\"robots\" content=\"max-image-preview:large\" \/>\n\t<meta name=\"author\" content=\"da Reda\u00e7\u00e3o\"\/>\n\t<link rel=\"canonical\" href=\"https:\/\/www.jornalja.com.br\/arquivo\/36980-2\/\" \/>\n\t<meta name=\"generator\" content=\"All in One SEO (AIOSEO) 5.0.1.1\" \/>\n\t\t<meta property=\"og:locale\" content=\"pt_BR\" \/>\n\t\t<meta property=\"og:site_name\" content=\"Arquivo | Jornal J\u00c1 | Porto Alegre\" \/>\n\t\t<meta property=\"og:type\" content=\"article\" \/>\n\t\t<meta property=\"og:title\" content=\"Debates e show no Dia da Mulher Negra, em Porto Alegre e Bras\u00edlia | Arquivo\" \/>\n\t\t<meta property=\"og:url\" content=\"https:\/\/www.jornalja.com.br\/arquivo\/36980-2\/\" \/>\n\t\t<meta property=\"og:image\" content=\"https:\/\/www.jornalja.com.br\/wp-content\/uploads\/2016\/07\/P\u00e2mela-Amaro-Foto-Ana-Marchiori-e-Ana-Vianna-200x300.jpg\" \/>\n\t\t<meta property=\"og:image:secure_url\" content=\"https:\/\/www.jornalja.com.br\/wp-content\/uploads\/2016\/07\/P\u00e2mela-Amaro-Foto-Ana-Marchiori-e-Ana-Vianna-200x300.jpg\" \/>\n\t\t<meta property=\"article:published_time\" content=\"2016-07-25T16:12:13+00:00\" \/>\n\t\t<meta property=\"article:modified_time\" content=\"2016-07-25T16:12:13+00:00\" \/>\n\t\t<meta name=\"twitter:card\" content=\"summary\" \/>\n\t\t<meta name=\"twitter:title\" content=\"Debates e show no Dia da Mulher Negra, em Porto Alegre e Bras\u00edlia | Arquivo\" \/>\n\t\t<meta name=\"twitter:image\" content=\"https:\/\/www.jornalja.com.br\/economics\/wp-content\/uploads\/sites\/11\/2026\/08\/ja-folhaderosto-facebook.jpg\" \/>\n\t\t<script type=\"application\/ld+json\" class=\"aioseo-schema\">\n\t\t\t{\"@context\":\"https:\\\/\\\/schema.org\",\"@graph\":[{\"@type\":\"BlogPosting\",\"@id\":\"https:\\\/\\\/www.jornalja.com.br\\\/arquivo\\\/36980-2\\\/#blogposting\",\"name\":\"Debates e show no Dia da Mulher Negra, em Porto Alegre e Bras\\u00edlia | Arquivo\",\"headline\":\"Debates e show no Dia da Mulher Negra, em Porto Alegre e Bras\\u00edlia\",\"author\":{\"@id\":\"https:\\\/\\\/www.jornalja.com.br\\\/arquivo\\\/author\\\/daredacao\\\/#author\"},\"publisher\":{\"@id\":\"https:\\\/\\\/www.jornalja.com.br\\\/arquivo\\\/#organization\"},\"image\":{\"@type\":\"ImageObject\",\"url\":36981},\"datePublished\":\"2016-07-25T13:12:13-03:00\",\"dateModified\":\"2016-07-25T13:12:13-03:00\",\"inLanguage\":\"pt-BR\",\"mainEntityOfPage\":{\"@id\":\"https:\\\/\\\/www.jornalja.com.br\\\/arquivo\\\/36980-2\\\/#webpage\"},\"isPartOf\":{\"@id\":\"https:\\\/\\\/www.jornalja.com.br\\\/arquivo\\\/36980-2\\\/#webpage\"},\"articleSection\":\"Mat\\u00e9ria vencida\"},{\"@type\":\"BreadcrumbList\",\"@id\":\"https:\\\/\\\/www.jornalja.com.br\\\/arquivo\\\/36980-2\\\/#breadcrumblist\",\"itemListElement\":[{\"@type\":\"ListItem\",\"@id\":\"https:\\\/\\\/www.jornalja.com.br\\\/arquivo#listItem\",\"position\":1,\"name\":\"Home\",\"item\":\"https:\\\/\\\/www.jornalja.com.br\\\/arquivo\",\"nextItem\":{\"@type\":\"ListItem\",\"@id\":\"https:\\\/\\\/www.jornalja.com.br\\\/arquivo\\\/category\\\/materia-vencida\\\/#listItem\",\"name\":\"Mat\\u00e9ria vencida\"}},{\"@type\":\"ListItem\",\"@id\":\"https:\\\/\\\/www.jornalja.com.br\\\/arquivo\\\/category\\\/materia-vencida\\\/#listItem\",\"position\":2,\"name\":\"Mat\\u00e9ria vencida\",\"item\":\"https:\\\/\\\/www.jornalja.com.br\\\/arquivo\\\/category\\\/materia-vencida\\\/\",\"nextItem\":{\"@type\":\"ListItem\",\"@id\":\"https:\\\/\\\/www.jornalja.com.br\\\/arquivo\\\/36980-2\\\/#listItem\",\"name\":\"Debates e show no Dia da Mulher Negra, em Porto Alegre e Bras\\u00edlia\"},\"previousItem\":{\"@type\":\"ListItem\",\"@id\":\"https:\\\/\\\/www.jornalja.com.br\\\/arquivo#listItem\",\"name\":\"Home\"}},{\"@type\":\"ListItem\",\"@id\":\"https:\\\/\\\/www.jornalja.com.br\\\/arquivo\\\/36980-2\\\/#listItem\",\"position\":3,\"name\":\"Debates e show no Dia da Mulher Negra, em Porto Alegre e Bras\\u00edlia\",\"previousItem\":{\"@type\":\"ListItem\",\"@id\":\"https:\\\/\\\/www.jornalja.com.br\\\/arquivo\\\/category\\\/materia-vencida\\\/#listItem\",\"name\":\"Mat\\u00e9ria vencida\"}}]},{\"@type\":\"Organization\",\"@id\":\"https:\\\/\\\/www.jornalja.com.br\\\/arquivo\\\/#organization\",\"name\":\"Jornal J\\u00c1\",\"description\":\"Jornal J\\u00c1 | Porto Alegre\",\"url\":\"https:\\\/\\\/www.jornalja.com.br\\\/arquivo\\\/\",\"telephone\":\"+555133307272\",\"logo\":{\"@type\":\"ImageObject\",\"url\":\"https:\\\/\\\/www.jornalja.com.br\\\/wp-content\\\/uploads\\\/cards\\\/JAslogan.png\",\"@id\":\"https:\\\/\\\/www.jornalja.com.br\\\/arquivo\\\/36980-2\\\/#organizationLogo\"},\"image\":{\"@id\":\"https:\\\/\\\/www.jornalja.com.br\\\/arquivo\\\/36980-2\\\/#organizationLogo\"}},{\"@type\":\"Person\",\"@id\":\"https:\\\/\\\/www.jornalja.com.br\\\/arquivo\\\/author\\\/daredacao\\\/#author\",\"url\":\"https:\\\/\\\/www.jornalja.com.br\\\/arquivo\\\/author\\\/daredacao\\\/\",\"name\":\"da Reda\\u00e7\\u00e3o\",\"image\":{\"@type\":\"ImageObject\",\"@id\":\"https:\\\/\\\/www.jornalja.com.br\\\/arquivo\\\/36980-2\\\/#authorImage\",\"url\":\"https:\\\/\\\/secure.gravatar.com\\\/avatar\\\/469fd857d6605ad19919d27ed29d35a968a25f6e8fd9318356bbb7f57aae9c65?s=96&d=mm&r=g\",\"width\":96,\"height\":96,\"caption\":\"da Reda\\u00e7\\u00e3o\"}},{\"@type\":\"WebPage\",\"@id\":\"https:\\\/\\\/www.jornalja.com.br\\\/arquivo\\\/36980-2\\\/#webpage\",\"url\":\"https:\\\/\\\/www.jornalja.com.br\\\/arquivo\\\/36980-2\\\/\",\"name\":\"Debates e show no Dia da Mulher Negra, em Porto Alegre e Bras\\u00edlia | Arquivo\",\"inLanguage\":\"pt-BR\",\"isPartOf\":{\"@id\":\"https:\\\/\\\/www.jornalja.com.br\\\/arquivo\\\/#website\"},\"breadcrumb\":{\"@id\":\"https:\\\/\\\/www.jornalja.com.br\\\/arquivo\\\/36980-2\\\/#breadcrumblist\"},\"author\":{\"@id\":\"https:\\\/\\\/www.jornalja.com.br\\\/arquivo\\\/author\\\/daredacao\\\/#author\"},\"creator\":{\"@id\":\"https:\\\/\\\/www.jornalja.com.br\\\/arquivo\\\/author\\\/daredacao\\\/#author\"},\"image\":{\"@type\":\"ImageObject\",\"url\":36981,\"@id\":\"https:\\\/\\\/www.jornalja.com.br\\\/arquivo\\\/36980-2\\\/#mainImage\"},\"primaryImageOfPage\":{\"@id\":\"https:\\\/\\\/www.jornalja.com.br\\\/arquivo\\\/36980-2\\\/#mainImage\"},\"datePublished\":\"2016-07-25T13:12:13-03:00\",\"dateModified\":\"2016-07-25T13:12:13-03:00\"},{\"@type\":\"WebSite\",\"@id\":\"https:\\\/\\\/www.jornalja.com.br\\\/arquivo\\\/#website\",\"url\":\"https:\\\/\\\/www.jornalja.com.br\\\/arquivo\\\/\",\"name\":\"Arquivo\",\"description\":\"Jornal J\\u00c1 | Porto Alegre\",\"inLanguage\":\"pt-BR\",\"publisher\":{\"@id\":\"https:\\\/\\\/www.jornalja.com.br\\\/arquivo\\\/#organization\"}}]}\n\t\t<\/script>\n\t\t<!-- All in One SEO -->\n\n","aioseo_head_json":{"title":"Debates e show no Dia da Mulher Negra, em Porto Alegre e Bras\u00edlia | Arquivo","description":"","canonical_url":"https:\/\/www.jornalja.com.br\/arquivo\/36980-2\/","robots":"max-image-preview:large","keywords":"","webmasterTools":{"miscellaneous":""},"schema":{"@context":"https:\/\/schema.org","@graph":[{"@type":"BlogPosting","@id":"https:\/\/www.jornalja.com.br\/arquivo\/36980-2\/#blogposting","name":"Debates e show no Dia da Mulher Negra, em Porto Alegre e Bras\u00edlia | Arquivo","headline":"Debates e show no Dia da Mulher Negra, em Porto Alegre e Bras\u00edlia","author":{"@id":"https:\/\/www.jornalja.com.br\/arquivo\/author\/daredacao\/#author"},"publisher":{"@id":"https:\/\/www.jornalja.com.br\/arquivo\/#organization"},"image":{"@type":"ImageObject","url":36981},"datePublished":"2016-07-25T13:12:13-03:00","dateModified":"2016-07-25T13:12:13-03:00","inLanguage":"pt-BR","mainEntityOfPage":{"@id":"https:\/\/www.jornalja.com.br\/arquivo\/36980-2\/#webpage"},"isPartOf":{"@id":"https:\/\/www.jornalja.com.br\/arquivo\/36980-2\/#webpage"},"articleSection":"Mat\u00e9ria vencida"},{"@type":"BreadcrumbList","@id":"https:\/\/www.jornalja.com.br\/arquivo\/36980-2\/#breadcrumblist","itemListElement":[{"@type":"ListItem","@id":"https:\/\/www.jornalja.com.br\/arquivo#listItem","position":1,"name":"Home","item":"https:\/\/www.jornalja.com.br\/arquivo","nextItem":{"@type":"ListItem","@id":"https:\/\/www.jornalja.com.br\/arquivo\/category\/materia-vencida\/#listItem","name":"Mat\u00e9ria vencida"}},{"@type":"ListItem","@id":"https:\/\/www.jornalja.com.br\/arquivo\/category\/materia-vencida\/#listItem","position":2,"name":"Mat\u00e9ria vencida","item":"https:\/\/www.jornalja.com.br\/arquivo\/category\/materia-vencida\/","nextItem":{"@type":"ListItem","@id":"https:\/\/www.jornalja.com.br\/arquivo\/36980-2\/#listItem","name":"Debates e show no Dia da Mulher Negra, em Porto Alegre e Bras\u00edlia"},"previousItem":{"@type":"ListItem","@id":"https:\/\/www.jornalja.com.br\/arquivo#listItem","name":"Home"}},{"@type":"ListItem","@id":"https:\/\/www.jornalja.com.br\/arquivo\/36980-2\/#listItem","position":3,"name":"Debates e show no Dia da Mulher Negra, em Porto Alegre e Bras\u00edlia","previousItem":{"@type":"ListItem","@id":"https:\/\/www.jornalja.com.br\/arquivo\/category\/materia-vencida\/#listItem","name":"Mat\u00e9ria vencida"}}]},{"@type":"Organization","@id":"https:\/\/www.jornalja.com.br\/arquivo\/#organization","name":"Jornal J\u00c1","description":"Jornal J\u00c1 | Porto Alegre","url":"https:\/\/www.jornalja.com.br\/arquivo\/","telephone":"+555133307272","logo":{"@type":"ImageObject","url":"https:\/\/www.jornalja.com.br\/wp-content\/uploads\/cards\/JAslogan.png","@id":"https:\/\/www.jornalja.com.br\/arquivo\/36980-2\/#organizationLogo"},"image":{"@id":"https:\/\/www.jornalja.com.br\/arquivo\/36980-2\/#organizationLogo"}},{"@type":"Person","@id":"https:\/\/www.jornalja.com.br\/arquivo\/author\/daredacao\/#author","url":"https:\/\/www.jornalja.com.br\/arquivo\/author\/daredacao\/","name":"da Reda\u00e7\u00e3o","image":{"@type":"ImageObject","@id":"https:\/\/www.jornalja.com.br\/arquivo\/36980-2\/#authorImage","url":"https:\/\/secure.gravatar.com\/avatar\/469fd857d6605ad19919d27ed29d35a968a25f6e8fd9318356bbb7f57aae9c65?s=96&d=mm&r=g","width":96,"height":96,"caption":"da Reda\u00e7\u00e3o"}},{"@type":"WebPage","@id":"https:\/\/www.jornalja.com.br\/arquivo\/36980-2\/#webpage","url":"https:\/\/www.jornalja.com.br\/arquivo\/36980-2\/","name":"Debates e show no Dia da Mulher Negra, em Porto Alegre e Bras\u00edlia | Arquivo","inLanguage":"pt-BR","isPartOf":{"@id":"https:\/\/www.jornalja.com.br\/arquivo\/#website"},"breadcrumb":{"@id":"https:\/\/www.jornalja.com.br\/arquivo\/36980-2\/#breadcrumblist"},"author":{"@id":"https:\/\/www.jornalja.com.br\/arquivo\/author\/daredacao\/#author"},"creator":{"@id":"https:\/\/www.jornalja.com.br\/arquivo\/author\/daredacao\/#author"},"image":{"@type":"ImageObject","url":36981,"@id":"https:\/\/www.jornalja.com.br\/arquivo\/36980-2\/#mainImage"},"primaryImageOfPage":{"@id":"https:\/\/www.jornalja.com.br\/arquivo\/36980-2\/#mainImage"},"datePublished":"2016-07-25T13:12:13-03:00","dateModified":"2016-07-25T13:12:13-03:00"},{"@type":"WebSite","@id":"https:\/\/www.jornalja.com.br\/arquivo\/#website","url":"https:\/\/www.jornalja.com.br\/arquivo\/","name":"Arquivo","description":"Jornal J\u00c1 | Porto Alegre","inLanguage":"pt-BR","publisher":{"@id":"https:\/\/www.jornalja.com.br\/arquivo\/#organization"}}]},"og:locale":"pt_BR","og:site_name":"Arquivo | Jornal J\u00c1 | Porto Alegre","og:type":"article","og:title":"Debates e show no Dia da Mulher Negra, em Porto Alegre e Bras\u00edlia | Arquivo","og:url":"https:\/\/www.jornalja.com.br\/arquivo\/36980-2\/","og:image":"https:\/\/www.jornalja.com.br\/wp-content\/uploads\/2016\/07\/P\u00e2mela-Amaro-Foto-Ana-Marchiori-e-Ana-Vianna-200x300.jpg","og:image:secure_url":"https:\/\/www.jornalja.com.br\/wp-content\/uploads\/2016\/07\/P\u00e2mela-Amaro-Foto-Ana-Marchiori-e-Ana-Vianna-200x300.jpg","article:published_time":"2016-07-25T16:12:13+00:00","article:modified_time":"2016-07-25T16:12:13+00:00","twitter:card":"summary","twitter:title":"Debates e show no Dia da Mulher Negra, em Porto Alegre e Bras\u00edlia | Arquivo","twitter:image":"https:\/\/www.jornalja.com.br\/economics\/wp-content\/uploads\/sites\/11\/2026\/08\/ja-folhaderosto-facebook.jpg"},"aioseo_meta_data":{"post_id":"36980","title":null,"description":null,"keywords":null,"keyphrases":null,"primary_term":null,"canonical_url":null,"og_title":null,"og_description":null,"og_object_type":"default","og_image_type":"default","og_image_url":null,"og_image_width":null,"og_image_height":null,"og_image_custom_url":null,"og_image_custom_fields":null,"og_video":null,"og_custom_url":null,"og_article_section":null,"og_article_tags":null,"twitter_use_og":false,"twitter_card":"default","twitter_image_type":"default","twitter_image_url":null,"twitter_image_custom_url":null,"twitter_image_custom_fields":null,"twitter_title":null,"twitter_description":null,"schema":{"blockGraphs":[],"customGraphs":[],"default":{"data":{"Article":[],"Course":[],"Dataset":[],"FAQPage":[],"Movie":[],"Person":[],"Product":[],"ProductReview":[],"Car":[],"Recipe":[],"Service":[],"SoftwareApplication":[],"WebPage":[]},"graphName":"","isEnabled":true},"graphs":[],"defaultGraph":"","defaultPostTypeGraph":""},"schema_type":null,"schema_type_options":null,"pillar_content":false,"robots_default":true,"robots_noindex":false,"robots_noarchive":false,"robots_nosnippet":false,"robots_nofollow":false,"robots_noimageindex":false,"robots_noodp":false,"robots_notranslate":false,"robots_max_snippet":null,"robots_max_videopreview":null,"robots_max_imagepreview":"large","priority":null,"frequency":null,"location":null,"local_seo":null,"breadcrumb_settings":null,"limit_modified_date":false,"ai":null,"created":"2020-12-20 20:53:41","updated":"2025-07-19 15:37:40","seo_analyzer_scan_date":null,"focus_keyword":null,"additional_keywords":null,"truseo_locale":null},"jetpack_sharing_enabled":true,"jetpack-related-posts":[{"id":13101,"url":"https:\/\/www.jornalja.com.br\/arquivo\/morre-um-guerreiro-do-texto\/","url_meta":{"origin":36980,"position":0},"title":"Morre um guerreiro do texto","author":"Patr\u00edcia Marini","date":"14 de maio de 2014","format":false,"excerpt":"Por Ricardo Kotscho Reproduzido do blog do autor, 11\/5\/2014; t\u00edtulo original \u201cE l\u00e1 se foi o nosso Myltainho, guerreiro do texto\u201d. Mi\u00fado e franzino, meu amigo Myltainho era um valente e inconformado guerreiro na luta contra as injusti\u00e7as sociais, a hipocrisia, as maracutaias, o autoritarismo, a intoler\u00e2ncia, a viol\u00eancia, o\u2026","rel":"","context":"Em &quot;Geral&quot;","block_context":{"text":"Geral","link":"https:\/\/www.jornalja.com.br\/arquivo\/category\/geral\/"},"img":{"alt_text":"","src":"","width":0,"height":0},"classes":[]},{"id":12960,"url":"https:\/\/www.jornalja.com.br\/arquivo\/populacao-culpa-empresas-pela-greve-dos-rodoviarios\/","url_meta":{"origin":36980,"position":1},"title":"Popula\u00e7\u00e3o culpa empresas pela greve","author":"Patr\u00edcia Marini","date":"14 de fevereiro de 2014","format":false,"excerpt":"Pesquisa divulgada na edi\u00e7\u00e3o do jornal Metro desta sexta-feira,14, comprova o velho ditado: \u00e9 poss\u00edvel enganar muitos por algum tempo, mas n\u00e3o \u00e9 poss\u00edvel enganar a todos o tempo inteiro. A principal revela\u00e7\u00e3o foi que 59,8% dos entrevistados apontaram as empresas como as principais respons\u00e1veis pela grave e 46% culparam\u2026","rel":"","context":"Em &quot;X.Categorias velhas&quot;","block_context":{"text":"X.Categorias velhas","link":"https:\/\/www.jornalja.com.br\/arquivo\/category\/x-categorias-velhas\/"},"img":{"alt_text":"","src":"","width":0,"height":0},"classes":[]},{"id":5440,"url":"https:\/\/www.jornalja.com.br\/arquivo\/casarao-da-venancio-destino-permanece-incerto\/","url_meta":{"origin":36980,"position":2},"title":"Estado ainda n\u00e3o sabe o que fazer com casar\u00e3o abandonado h\u00e1 20 anos","author":"Elmar Bones","date":"6 de julho de 2009","format":false,"excerpt":"O casar\u00e3o amarelo, numa esquina nobre de Porto Alegre (Ven\u00e2ncio Aires com Jo\u00e3o Pessoa), j\u00e1 abrigou uma escola. H\u00e1 duas d\u00e9cadas, pelo menos, est\u00e1 abandonado, porque seu propriet\u00e1rio, o governo do Estado do Rio Grande do Sul, n\u00e3o consegue achar um destino para ele. Planos n\u00e3o faltaram. O governador Ol\u00edvio\u2026","rel":"","context":"Em &quot;X.Categorias velhas&quot;","block_context":{"text":"X.Categorias velhas","link":"https:\/\/www.jornalja.com.br\/arquivo\/category\/x-categorias-velhas\/"},"img":{"alt_text":"geraldo1","src":"https:\/\/i0.wp.com\/www.jornalja.com.br\/wp-content\/uploads\/2009\/07\/geraldo1.jpg?resize=350%2C200&ssl=1","width":350,"height":200},"classes":[]},{"id":14241,"url":"https:\/\/www.jornalja.com.br\/arquivo\/o-guaiba-nas-imagens-poeticas-de-achutti\/","url_meta":{"origin":36980,"position":3},"title":"O Gua\u00edba nas imagens po\u00e9ticas de Achutti","author":"da Reda\u00e7\u00e3o","date":"18 de junho de 2014","format":false,"excerpt":"Em \u201cO Gua\u00edba por Achutti\u201d \u2013 obra financiada via Minist\u00e9rio da Cultura, produ\u00e7\u00e3o executiva de Pedro Longhi, e Fl\u00e1vio Wild como designer \u2013, o fot\u00f3grafo revela a beleza e as mazelas de um espa\u00e7o aqu\u00e1tico de \u00e1guas sempre renovadas, cheio de hist\u00f3rias e lendas como as das cidades que foram\u2026","rel":"","context":"Em &quot;Cultura-Geral&quot;","block_context":{"text":"Cultura-Geral","link":"https:\/\/www.jornalja.com.br\/arquivo\/category\/materiasecundaria\/"},"img":{"alt_text":"","src":"","width":0,"height":0},"classes":[]},{"id":13124,"url":"https:\/\/www.jornalja.com.br\/arquivo\/sangue-latino-no-iecine\/","url_meta":{"origin":36980,"position":4},"title":"Sangue latino no IECINE","author":"da Reda\u00e7\u00e3o","date":"18 de maio de 2014","format":false,"excerpt":"Francisco Ribeiro O Instituto Estadual de Cinema (IECINE) tem a frente, desde abril \u00faltimo, um novo diretor, o cineasta colombiano Juan Zapata, 36, que substitui Luiz Alberto Cassol. Radicado h\u00e1 dez anos em Porto Alegre, Zapata tem diante de si o desafio de conduzir at\u00e9 o final do ano um\u2026","rel":"","context":"Em &quot;Cultura-Geral&quot;","block_context":{"text":"Cultura-Geral","link":"https:\/\/www.jornalja.com.br\/arquivo\/category\/materiasecundaria\/"},"img":{"alt_text":"","src":"","width":0,"height":0},"classes":[]},{"id":13240,"url":"https:\/\/www.jornalja.com.br\/arquivo\/plano-diretor-estamos-construindo-o-caos\/","url_meta":{"origin":36980,"position":5},"title":"Plano diretor: &quot;Estamos construindo o caos&quot;","author":"Patr\u00edcia Marini","date":"26 de maio de 2014","format":false,"excerpt":"Desabafo que arquiteta Eliana Castilhos, delegada da Regi\u00e3o de Planejamento 1, postou nas redes sociais \u00e9 um testemunho do ambiente que se criou no Conselho do Plano Diretor de Porto Alegre, onde a aprova\u00e7\u00e3o de grandes empreendimentos \u00e9 empurrada guela abaixo dos conselheiros. Ao CMDUA Como delegada da Regi\u00e3o de\u2026","rel":"","context":"Em &quot;Geral&quot;","block_context":{"text":"Geral","link":"https:\/\/www.jornalja.com.br\/arquivo\/category\/geral\/"},"img":{"alt_text":"","src":"","width":0,"height":0},"classes":[]}],"jetpack_shortlink":"https:\/\/wp.me\/pbQjBd-9Cs","jetpack_featured_media_url":"","_links":{"self":[{"href":"https:\/\/www.jornalja.com.br\/arquivo\/wp-json\/wp\/v2\/posts\/36980","targetHints":{"allow":["GET"]}}],"collection":[{"href":"https:\/\/www.jornalja.com.br\/arquivo\/wp-json\/wp\/v2\/posts"}],"about":[{"href":"https:\/\/www.jornalja.com.br\/arquivo\/wp-json\/wp\/v2\/types\/post"}],"author":[{"embeddable":true,"href":"https:\/\/www.jornalja.com.br\/arquivo\/wp-json\/wp\/v2\/users\/4"}],"replies":[{"embeddable":true,"href":"https:\/\/www.jornalja.com.br\/arquivo\/wp-json\/wp\/v2\/comments?post=36980"}],"version-history":[{"count":0,"href":"https:\/\/www.jornalja.com.br\/arquivo\/wp-json\/wp\/v2\/posts\/36980\/revisions"}],"wp:attachment":[{"href":"https:\/\/www.jornalja.com.br\/arquivo\/wp-json\/wp\/v2\/media?parent=36980"}],"wp:term":[{"taxonomy":"category","embeddable":true,"href":"https:\/\/www.jornalja.com.br\/arquivo\/wp-json\/wp\/v2\/categories?post=36980"},{"taxonomy":"post_tag","embeddable":true,"href":"https:\/\/www.jornalja.com.br\/arquivo\/wp-json\/wp\/v2\/tags?post=36980"}],"curies":[{"name":"wp","href":"https:\/\/api.w.org\/{rel}","templated":true}]}}