{"id":37014,"date":"2016-07-26T14:41:14","date_gmt":"2016-07-26T17:41:14","guid":{"rendered":"https:\/\/www.jornalja.com.br\/?p=37014"},"modified":"2016-07-26T14:41:14","modified_gmt":"2016-07-26T17:41:14","slug":"festa-para-quem-toca-jazz","status":"publish","type":"post","link":"https:\/\/www.jornalja.com.br\/arquivo\/festa-para-quem-toca-jazz\/","title":{"rendered":"Festa para quem toca nos 17 anos do Sess\u00e3o Jazz"},"content":{"rendered":"<p><span class=\"assina\">higino barros<\/span><br \/>\nNessa quarta-feira, dia 27, estar\u00e3o sendo celebrados os 17 anos de exist\u00eancia de um programa\u00a0de r\u00e1dio que j\u00e1 virou tradi\u00e7\u00e3o na cidade e uma medida de como, \u00e0s vezes, Porto Alegre pode\u00a0ser sofisticada, cosmopolita e bem sucedida em alguns aspectos culturais, como a m\u00fasica.<br \/>\nO\u00a0programa \u201cSess\u00e3o Jazz\u201d, da R\u00e1dio Cultura FM, comandado pelo jornalista Paulo Moreira, \u00e9 o\u00a0autor da fa\u00e7anha, comemorado com a pompa e circunst\u00e2ncia que merece.<br \/>\nNa quarta-feira, a partir das 20 horas, no London Pub (Jos\u00e9 do Patroc\u00ednio, 964, Cidade Baixa), o\u00a0programa ser\u00e1 transmitido ao vivo do local, tendo Paulo Moreira como mestre de cerim\u00f4nias.<br \/>\nMais uma vez, como tem acontecido nos anivers\u00e1rios anteriores, a casa dever\u00e1 estar cheia.<br \/>\nAfinal, quem gosta de jazz sabe que o Sess\u00e3o sempre foi sin\u00f4nimo de bom gosto, rigor na\u00a0escolha do repert\u00f3rio do programa e conhecimento de causa de quem fala.<br \/>\n<figure id=\"attachment_37016\" aria-describedby=\"caption-attachment-37016\" style=\"width: 200px\" class=\"wp-caption alignleft\"><img loading=\"lazy\" decoding=\"async\" class=\"wp-image-37016 size-thumbnail\" src=\"https:\/\/www.jornalja.com.br\/wp-content\/uploads\/2016\/07\/Marmota-Jazz-200x133.jpg\" alt=\"Marmora Jazz vai estar na festa\" width=\"200\" height=\"133\" \/><figcaption id=\"caption-attachment-37016\" class=\"wp-caption-text\">Marmota Jazz vai estar na festa<\/figcaption><\/figure><br \/>\nAssim, v\u00e3o desfilar no palco da casa dois grupos que representam a nova gera\u00e7\u00e3o de m\u00fasicos\u00a0portoalegrenses \u2013 o Jazz \u00e0 Pampa e o Marmota Jazz \u2013 que t\u00eam em Paulo Moreira uma\u00a0refer\u00eancia e um guardi\u00e3o do que se faz de melhor do g\u00eanero, na aldeia. Outros m\u00fasicos que\u00a0costumam frequentar a cena jazz\u00edstica da capital ga\u00facha est\u00e3o sendo esperados e devem se\u00a0juntar para animadas <em>jam sessions<\/em>.<br \/>\n<span class=\"intertit\">Encanto instrumental<\/span><br \/>\nPelos microfones do Sess\u00e3o Jazz j\u00e1 passaram, praticamente, todos os m\u00fasicos de jazz do\u00a0Estado, do Pa\u00eds e muitas atra\u00e7\u00f5es internacionais, que se apresentam em Porto Alegre. Um\u00a0coment\u00e1rio \u00e9 recorrente em todos, principalmente os de fora daqui. Eles ficam absolutamente\u00a0encantados com a exist\u00eancia de um programa de m\u00fasica instrumental com duas horas de\u00a0dura\u00e7\u00e3o, no qual podem mostrar com calma seus trabalhos.<br \/>\n<figure id=\"attachment_37017\" aria-describedby=\"caption-attachment-37017\" style=\"width: 294px\" class=\"wp-caption alignright\"><img loading=\"lazy\" decoding=\"async\" class=\"wp-image-37017 size-medium\" src=\"https:\/\/www.jornalja.com.br\/wp-content\/uploads\/2016\/07\/Paulo-e-convidados.-294x300.jpg\" alt=\"Paulo e convidados.\" width=\"294\" height=\"300\" \/><figcaption id=\"caption-attachment-37017\" class=\"wp-caption-text\">Moreira (esq) com os m\u00fasicos J\u00falio Falavigna e Bianca Gismonti, no est\u00fadio da r\u00e1dio<\/figcaption><\/figure><br \/>\nO exemplo est\u00e1 no coment\u00e1rio da pianista Bianca Gismonti, filha de Egberto Gismonti, ao\u00a0participar do programa no \u00faltimo 16 de julho. Ela deixou registrado na sua p\u00e1gina do Facebook:\u00a0\u201co programa Sess\u00e3o Jazz, coordenado pelo Paulo Moreira (na FM Cultura de Porto Alegre, de\u00a0segunda a sexta, das 20h \u00e0s 22h), \u00e9 simplesmente incr\u00edvel! 2 horas de pura m\u00fasica, amizade e\u00a0fluidez. Amamos participar, obrigada, Paulo!\u201d.<br \/>\nDa parte dos ouvintes, o entusiasmo \u00e9 parecido, j\u00e1 que o \u201cjeito Paulo Moreira de ser\u201d \u00e9\u00a0garantia de entrevistas bem conduzidas, mem\u00f3ria musical e rigor nas pesquisas.<br \/>\nMas nem sempre foi assim. O programa j\u00e1 esteve amea\u00e7ado de extin\u00e7\u00e3o e foi gra\u00e7as \u00e0 iniciativa\u00a0de seus ouvintes que permaneceu na grade de programa\u00e7\u00e3o da R\u00e1dio Cultura FM, emissora do\u00a0governo estadual. O Sess\u00e3o Jazz come\u00e7ou em 1999, inicialmente com uma hora de dura\u00e7\u00e3o,\u00a0substituindo um espa\u00e7o de jazz que j\u00e1 havia na r\u00e1dio, mas sem entrevistas, e gravado.<br \/>\nPaulo Moreira come\u00e7ou a trabalhar na emissora em janeiro de 1999, como detentor de cargo\u00a0de confian\u00e7a, no governo Ol\u00edvio Dutra, e uma semana depois prop\u00f4s \u00e0 dire\u00e7\u00e3o da r\u00e1dio na\u00a0\u00e9poca um programa nos moldes do que existe hoje. O programa estreou em julho e foi\u00a0ganhando respeito, admira\u00e7\u00e3o e ouvintes at\u00e9 que veio a troca de governo em 2003, novo\u00a0comando na Funda\u00e7\u00e3o Piratini, da qual a r\u00e1dio faz parte, e a decis\u00e3o da dispensa do\u00a0respons\u00e1vel pelo Sess\u00e3o Jazz e a extin\u00e7\u00e3o do programa.<br \/>\n<span class=\"intertit\">Tr\u00eas ouvintes<\/span><br \/>\nTr\u00eas ouvintes fi\u00e9is do programa, no entanto, n\u00e3o deixaram isso ocorrer: Cl\u00e1udia Moreira (nenhum parentesco com Paulo), Ernesto Seidel e Alexandre Ludwig protestaram\u00a0publicamente contra a decis\u00e3o e organizaram um abaixo-assinado para que ela fosse revertida.<br \/>\nEm pouco tempo, o endere\u00e7o eletr\u00f4nico da Funda\u00e7\u00e3o Piratini estava abarrotado de mensagens\u00a0de apoio ao programa. Com apelos de produtores culturais, m\u00fasicos e ouvintes de todo o pa\u00eds.<br \/>\nO Sess\u00e3o Jazz retornou com a apresenta\u00e7\u00e3o do seu criador e a partir de 2004 ganhou duas horas\u00a0de dura\u00e7\u00e3o.<br \/>\nProtagonista, na linha de frente da cena jazz\u00edstica da capital ga\u00facha, Paulo Moreira considera\u00a0que a partir de 2005 houve um crescimento desse g\u00eanero musical no Rio Grande do Sul, que\u00a0se reflete no maior n\u00famero de m\u00fasicos identificados com jazz, maior n\u00famero de casas\u00a0noturnas que abrigam programa\u00e7\u00e3o voltada ao g\u00eanero e n\u00famero crescente de festivais.<br \/>\nEle se\u00a0lembra de iniciativas pioneiras como o clube Take Five, da pianista Ivone Pacheco, que desde\u00a0os anos 1970 marca presen\u00e7a na cidade, a abertura de bares como o Caf\u00e9 Fon Fon, dos\u00a0m\u00fasicos Luizinho Santos e Bety Krieger, e o Caf\u00e9 Odeon, al\u00e9m de outras locais que sempre foram\u00a0abrigos de ouvintes e executores de jazz:\u00a0\u201cO jazz feito no Sul sempre teve qualidade. Agora chegou o momento de ter mais visibilidade.\u00a0H\u00e1 toda uma nova gera\u00e7\u00e3o de m\u00fasicos, oxigenando a cena atual, que h\u00e1 dez anos estaria\u00a0tocando rock, mas que optou pelo g\u00eanero, por uma conjun\u00e7\u00e3o de fatores &#8211; como maior\u00a0facilidade de interc\u00e2mbio entre os m\u00fasicos, mais acesso a partituras, mais possibilidade de\u00a0estudo em grandes centros musicais e o interesse do p\u00fablico, disposto a consumir m\u00fasica instrumental, um nicho sempre dif\u00edcil de ser bem sucedido na ind\u00fastria cultural. Fico feliz de\u00a0fazer parte dessa hist\u00f3ria, mas ela \u00e9 muito fruto do trabalho de um monte de gente que\u00a0transitou com paix\u00e3o por essa trilha sonora\u201d, conclui Paulo Moreira.<\/p>\n","protected":false},"excerpt":{"rendered":"<p>higino barros Nessa quarta-feira, dia 27, estar\u00e3o sendo celebrados os 17 anos de exist\u00eancia de um programa\u00a0de r\u00e1dio que j\u00e1 virou tradi\u00e7\u00e3o na cidade e uma medida de como, \u00e0s vezes, Porto Alegre pode\u00a0ser sofisticada, cosmopolita e bem sucedida em alguns aspectos culturais, como a m\u00fasica. O\u00a0programa \u201cSess\u00e3o Jazz\u201d, da R\u00e1dio Cultura FM, comandado pelo [&hellip;]<\/p>\n","protected":false},"author":4,"featured_media":37015,"comment_status":"open","ping_status":"closed","sticky":false,"template":"","format":"standard","meta":{"_jetpack_newsletter_access":"","_jetpack_dont_email_post_to_subs":false,"_jetpack_newsletter_tier_id":0,"_jetpack_memberships_contains_paywalled_content":false,"_jetpack_feature_clip_id":0,"_jetpack_memberships_contains_paid_content":false,"footnotes":"","jetpack_post_was_ever_published":false},"categories":[11],"tags":[],"class_list":["post-37014","post","type-post","status-publish","format-standard","has-post-thumbnail","hentry","category-materiasecundaria"],"aioseo_notices":[],"aioseo_head":"\n\t\t<!-- All in One SEO 5.0.1.1 - aioseo.com -->\n\t<meta name=\"robots\" content=\"max-image-preview:large\" \/>\n\t<meta name=\"author\" content=\"da Reda\u00e7\u00e3o\"\/>\n\t<link rel=\"canonical\" href=\"https:\/\/www.jornalja.com.br\/arquivo\/festa-para-quem-toca-jazz\/\" \/>\n\t<meta name=\"generator\" content=\"All in One SEO (AIOSEO) 5.0.1.1\" \/>\n\t\t<meta property=\"og:locale\" content=\"pt_BR\" \/>\n\t\t<meta property=\"og:site_name\" content=\"Arquivo | Jornal J\u00c1 | Porto Alegre\" \/>\n\t\t<meta property=\"og:type\" content=\"article\" \/>\n\t\t<meta property=\"og:title\" content=\"Festa para quem toca nos 17 anos do Sess\u00e3o Jazz | Arquivo\" \/>\n\t\t<meta property=\"og:url\" content=\"https:\/\/www.jornalja.com.br\/arquivo\/festa-para-quem-toca-jazz\/\" \/>\n\t\t<meta property=\"og:image\" content=\"https:\/\/www.jornalja.com.br\/wp-content\/uploads\/2016\/07\/Marmota-Jazz-200x133.jpg\" \/>\n\t\t<meta property=\"og:image:secure_url\" content=\"https:\/\/www.jornalja.com.br\/wp-content\/uploads\/2016\/07\/Marmota-Jazz-200x133.jpg\" \/>\n\t\t<meta property=\"article:published_time\" content=\"2016-07-26T17:41:14+00:00\" \/>\n\t\t<meta property=\"article:modified_time\" content=\"2016-07-26T17:41:14+00:00\" \/>\n\t\t<meta name=\"twitter:card\" content=\"summary\" \/>\n\t\t<meta name=\"twitter:title\" content=\"Festa para quem toca nos 17 anos do Sess\u00e3o Jazz | Arquivo\" \/>\n\t\t<meta name=\"twitter:image\" content=\"https:\/\/www.jornalja.com.br\/economics\/wp-content\/uploads\/sites\/11\/2026\/08\/ja-folhaderosto-facebook.jpg\" \/>\n\t\t<script type=\"application\/ld+json\" class=\"aioseo-schema\">\n\t\t\t{\"@context\":\"https:\\\/\\\/schema.org\",\"@graph\":[{\"@type\":\"BlogPosting\",\"@id\":\"https:\\\/\\\/www.jornalja.com.br\\\/arquivo\\\/festa-para-quem-toca-jazz\\\/#blogposting\",\"name\":\"Festa para quem toca nos 17 anos do Sess\\u00e3o Jazz | Arquivo\",\"headline\":\"Festa para quem toca nos 17 anos do Sess\\u00e3o Jazz\",\"author\":{\"@id\":\"https:\\\/\\\/www.jornalja.com.br\\\/arquivo\\\/author\\\/daredacao\\\/#author\"},\"publisher\":{\"@id\":\"https:\\\/\\\/www.jornalja.com.br\\\/arquivo\\\/#organization\"},\"image\":{\"@type\":\"ImageObject\",\"url\":37015},\"datePublished\":\"2016-07-26T14:41:14-03:00\",\"dateModified\":\"2016-07-26T14:41:14-03:00\",\"inLanguage\":\"pt-BR\",\"mainEntityOfPage\":{\"@id\":\"https:\\\/\\\/www.jornalja.com.br\\\/arquivo\\\/festa-para-quem-toca-jazz\\\/#webpage\"},\"isPartOf\":{\"@id\":\"https:\\\/\\\/www.jornalja.com.br\\\/arquivo\\\/festa-para-quem-toca-jazz\\\/#webpage\"},\"articleSection\":\"Cultura-Geral\"},{\"@type\":\"BreadcrumbList\",\"@id\":\"https:\\\/\\\/www.jornalja.com.br\\\/arquivo\\\/festa-para-quem-toca-jazz\\\/#breadcrumblist\",\"itemListElement\":[{\"@type\":\"ListItem\",\"@id\":\"https:\\\/\\\/www.jornalja.com.br\\\/arquivo#listItem\",\"position\":1,\"name\":\"Home\",\"item\":\"https:\\\/\\\/www.jornalja.com.br\\\/arquivo\",\"nextItem\":{\"@type\":\"ListItem\",\"@id\":\"https:\\\/\\\/www.jornalja.com.br\\\/arquivo\\\/category\\\/materiasecundaria\\\/#listItem\",\"name\":\"Cultura-Geral\"}},{\"@type\":\"ListItem\",\"@id\":\"https:\\\/\\\/www.jornalja.com.br\\\/arquivo\\\/category\\\/materiasecundaria\\\/#listItem\",\"position\":2,\"name\":\"Cultura-Geral\",\"item\":\"https:\\\/\\\/www.jornalja.com.br\\\/arquivo\\\/category\\\/materiasecundaria\\\/\",\"nextItem\":{\"@type\":\"ListItem\",\"@id\":\"https:\\\/\\\/www.jornalja.com.br\\\/arquivo\\\/festa-para-quem-toca-jazz\\\/#listItem\",\"name\":\"Festa para quem toca nos 17 anos do Sess\\u00e3o Jazz\"},\"previousItem\":{\"@type\":\"ListItem\",\"@id\":\"https:\\\/\\\/www.jornalja.com.br\\\/arquivo#listItem\",\"name\":\"Home\"}},{\"@type\":\"ListItem\",\"@id\":\"https:\\\/\\\/www.jornalja.com.br\\\/arquivo\\\/festa-para-quem-toca-jazz\\\/#listItem\",\"position\":3,\"name\":\"Festa para quem toca nos 17 anos do Sess\\u00e3o Jazz\",\"previousItem\":{\"@type\":\"ListItem\",\"@id\":\"https:\\\/\\\/www.jornalja.com.br\\\/arquivo\\\/category\\\/materiasecundaria\\\/#listItem\",\"name\":\"Cultura-Geral\"}}]},{\"@type\":\"Organization\",\"@id\":\"https:\\\/\\\/www.jornalja.com.br\\\/arquivo\\\/#organization\",\"name\":\"Jornal J\\u00c1\",\"description\":\"Jornal J\\u00c1 | Porto Alegre\",\"url\":\"https:\\\/\\\/www.jornalja.com.br\\\/arquivo\\\/\",\"telephone\":\"+555133307272\",\"logo\":{\"@type\":\"ImageObject\",\"url\":\"https:\\\/\\\/www.jornalja.com.br\\\/wp-content\\\/uploads\\\/cards\\\/JAslogan.png\",\"@id\":\"https:\\\/\\\/www.jornalja.com.br\\\/arquivo\\\/festa-para-quem-toca-jazz\\\/#organizationLogo\"},\"image\":{\"@id\":\"https:\\\/\\\/www.jornalja.com.br\\\/arquivo\\\/festa-para-quem-toca-jazz\\\/#organizationLogo\"}},{\"@type\":\"Person\",\"@id\":\"https:\\\/\\\/www.jornalja.com.br\\\/arquivo\\\/author\\\/daredacao\\\/#author\",\"url\":\"https:\\\/\\\/www.jornalja.com.br\\\/arquivo\\\/author\\\/daredacao\\\/\",\"name\":\"da Reda\\u00e7\\u00e3o\",\"image\":{\"@type\":\"ImageObject\",\"@id\":\"https:\\\/\\\/www.jornalja.com.br\\\/arquivo\\\/festa-para-quem-toca-jazz\\\/#authorImage\",\"url\":\"https:\\\/\\\/secure.gravatar.com\\\/avatar\\\/469fd857d6605ad19919d27ed29d35a968a25f6e8fd9318356bbb7f57aae9c65?s=96&d=mm&r=g\",\"width\":96,\"height\":96,\"caption\":\"da Reda\\u00e7\\u00e3o\"}},{\"@type\":\"WebPage\",\"@id\":\"https:\\\/\\\/www.jornalja.com.br\\\/arquivo\\\/festa-para-quem-toca-jazz\\\/#webpage\",\"url\":\"https:\\\/\\\/www.jornalja.com.br\\\/arquivo\\\/festa-para-quem-toca-jazz\\\/\",\"name\":\"Festa para quem toca nos 17 anos do Sess\\u00e3o Jazz | Arquivo\",\"inLanguage\":\"pt-BR\",\"isPartOf\":{\"@id\":\"https:\\\/\\\/www.jornalja.com.br\\\/arquivo\\\/#website\"},\"breadcrumb\":{\"@id\":\"https:\\\/\\\/www.jornalja.com.br\\\/arquivo\\\/festa-para-quem-toca-jazz\\\/#breadcrumblist\"},\"author\":{\"@id\":\"https:\\\/\\\/www.jornalja.com.br\\\/arquivo\\\/author\\\/daredacao\\\/#author\"},\"creator\":{\"@id\":\"https:\\\/\\\/www.jornalja.com.br\\\/arquivo\\\/author\\\/daredacao\\\/#author\"},\"image\":{\"@type\":\"ImageObject\",\"url\":37015,\"@id\":\"https:\\\/\\\/www.jornalja.com.br\\\/arquivo\\\/festa-para-quem-toca-jazz\\\/#mainImage\"},\"primaryImageOfPage\":{\"@id\":\"https:\\\/\\\/www.jornalja.com.br\\\/arquivo\\\/festa-para-quem-toca-jazz\\\/#mainImage\"},\"datePublished\":\"2016-07-26T14:41:14-03:00\",\"dateModified\":\"2016-07-26T14:41:14-03:00\"},{\"@type\":\"WebSite\",\"@id\":\"https:\\\/\\\/www.jornalja.com.br\\\/arquivo\\\/#website\",\"url\":\"https:\\\/\\\/www.jornalja.com.br\\\/arquivo\\\/\",\"name\":\"Arquivo\",\"description\":\"Jornal J\\u00c1 | Porto Alegre\",\"inLanguage\":\"pt-BR\",\"publisher\":{\"@id\":\"https:\\\/\\\/www.jornalja.com.br\\\/arquivo\\\/#organization\"}}]}\n\t\t<\/script>\n\t\t<!-- All in One SEO -->\n\n","aioseo_head_json":{"title":"Festa para quem toca nos 17 anos do Sess\u00e3o Jazz | Arquivo","description":"","canonical_url":"https:\/\/www.jornalja.com.br\/arquivo\/festa-para-quem-toca-jazz\/","robots":"max-image-preview:large","keywords":"","webmasterTools":{"miscellaneous":""},"schema":{"@context":"https:\/\/schema.org","@graph":[{"@type":"BlogPosting","@id":"https:\/\/www.jornalja.com.br\/arquivo\/festa-para-quem-toca-jazz\/#blogposting","name":"Festa para quem toca nos 17 anos do Sess\u00e3o Jazz | Arquivo","headline":"Festa para quem toca nos 17 anos do Sess\u00e3o Jazz","author":{"@id":"https:\/\/www.jornalja.com.br\/arquivo\/author\/daredacao\/#author"},"publisher":{"@id":"https:\/\/www.jornalja.com.br\/arquivo\/#organization"},"image":{"@type":"ImageObject","url":37015},"datePublished":"2016-07-26T14:41:14-03:00","dateModified":"2016-07-26T14:41:14-03:00","inLanguage":"pt-BR","mainEntityOfPage":{"@id":"https:\/\/www.jornalja.com.br\/arquivo\/festa-para-quem-toca-jazz\/#webpage"},"isPartOf":{"@id":"https:\/\/www.jornalja.com.br\/arquivo\/festa-para-quem-toca-jazz\/#webpage"},"articleSection":"Cultura-Geral"},{"@type":"BreadcrumbList","@id":"https:\/\/www.jornalja.com.br\/arquivo\/festa-para-quem-toca-jazz\/#breadcrumblist","itemListElement":[{"@type":"ListItem","@id":"https:\/\/www.jornalja.com.br\/arquivo#listItem","position":1,"name":"Home","item":"https:\/\/www.jornalja.com.br\/arquivo","nextItem":{"@type":"ListItem","@id":"https:\/\/www.jornalja.com.br\/arquivo\/category\/materiasecundaria\/#listItem","name":"Cultura-Geral"}},{"@type":"ListItem","@id":"https:\/\/www.jornalja.com.br\/arquivo\/category\/materiasecundaria\/#listItem","position":2,"name":"Cultura-Geral","item":"https:\/\/www.jornalja.com.br\/arquivo\/category\/materiasecundaria\/","nextItem":{"@type":"ListItem","@id":"https:\/\/www.jornalja.com.br\/arquivo\/festa-para-quem-toca-jazz\/#listItem","name":"Festa para quem toca nos 17 anos do Sess\u00e3o Jazz"},"previousItem":{"@type":"ListItem","@id":"https:\/\/www.jornalja.com.br\/arquivo#listItem","name":"Home"}},{"@type":"ListItem","@id":"https:\/\/www.jornalja.com.br\/arquivo\/festa-para-quem-toca-jazz\/#listItem","position":3,"name":"Festa para quem toca nos 17 anos do Sess\u00e3o Jazz","previousItem":{"@type":"ListItem","@id":"https:\/\/www.jornalja.com.br\/arquivo\/category\/materiasecundaria\/#listItem","name":"Cultura-Geral"}}]},{"@type":"Organization","@id":"https:\/\/www.jornalja.com.br\/arquivo\/#organization","name":"Jornal J\u00c1","description":"Jornal J\u00c1 | Porto Alegre","url":"https:\/\/www.jornalja.com.br\/arquivo\/","telephone":"+555133307272","logo":{"@type":"ImageObject","url":"https:\/\/www.jornalja.com.br\/wp-content\/uploads\/cards\/JAslogan.png","@id":"https:\/\/www.jornalja.com.br\/arquivo\/festa-para-quem-toca-jazz\/#organizationLogo"},"image":{"@id":"https:\/\/www.jornalja.com.br\/arquivo\/festa-para-quem-toca-jazz\/#organizationLogo"}},{"@type":"Person","@id":"https:\/\/www.jornalja.com.br\/arquivo\/author\/daredacao\/#author","url":"https:\/\/www.jornalja.com.br\/arquivo\/author\/daredacao\/","name":"da Reda\u00e7\u00e3o","image":{"@type":"ImageObject","@id":"https:\/\/www.jornalja.com.br\/arquivo\/festa-para-quem-toca-jazz\/#authorImage","url":"https:\/\/secure.gravatar.com\/avatar\/469fd857d6605ad19919d27ed29d35a968a25f6e8fd9318356bbb7f57aae9c65?s=96&d=mm&r=g","width":96,"height":96,"caption":"da Reda\u00e7\u00e3o"}},{"@type":"WebPage","@id":"https:\/\/www.jornalja.com.br\/arquivo\/festa-para-quem-toca-jazz\/#webpage","url":"https:\/\/www.jornalja.com.br\/arquivo\/festa-para-quem-toca-jazz\/","name":"Festa para quem toca nos 17 anos do Sess\u00e3o Jazz | Arquivo","inLanguage":"pt-BR","isPartOf":{"@id":"https:\/\/www.jornalja.com.br\/arquivo\/#website"},"breadcrumb":{"@id":"https:\/\/www.jornalja.com.br\/arquivo\/festa-para-quem-toca-jazz\/#breadcrumblist"},"author":{"@id":"https:\/\/www.jornalja.com.br\/arquivo\/author\/daredacao\/#author"},"creator":{"@id":"https:\/\/www.jornalja.com.br\/arquivo\/author\/daredacao\/#author"},"image":{"@type":"ImageObject","url":37015,"@id":"https:\/\/www.jornalja.com.br\/arquivo\/festa-para-quem-toca-jazz\/#mainImage"},"primaryImageOfPage":{"@id":"https:\/\/www.jornalja.com.br\/arquivo\/festa-para-quem-toca-jazz\/#mainImage"},"datePublished":"2016-07-26T14:41:14-03:00","dateModified":"2016-07-26T14:41:14-03:00"},{"@type":"WebSite","@id":"https:\/\/www.jornalja.com.br\/arquivo\/#website","url":"https:\/\/www.jornalja.com.br\/arquivo\/","name":"Arquivo","description":"Jornal J\u00c1 | Porto Alegre","inLanguage":"pt-BR","publisher":{"@id":"https:\/\/www.jornalja.com.br\/arquivo\/#organization"}}]},"og:locale":"pt_BR","og:site_name":"Arquivo | Jornal J\u00c1 | Porto Alegre","og:type":"article","og:title":"Festa para quem toca nos 17 anos do Sess\u00e3o Jazz | Arquivo","og:url":"https:\/\/www.jornalja.com.br\/arquivo\/festa-para-quem-toca-jazz\/","og:image":"https:\/\/www.jornalja.com.br\/wp-content\/uploads\/2016\/07\/Marmota-Jazz-200x133.jpg","og:image:secure_url":"https:\/\/www.jornalja.com.br\/wp-content\/uploads\/2016\/07\/Marmota-Jazz-200x133.jpg","article:published_time":"2016-07-26T17:41:14+00:00","article:modified_time":"2016-07-26T17:41:14+00:00","twitter:card":"summary","twitter:title":"Festa para quem toca nos 17 anos do Sess\u00e3o Jazz | Arquivo","twitter:image":"https:\/\/www.jornalja.com.br\/economics\/wp-content\/uploads\/sites\/11\/2026\/08\/ja-folhaderosto-facebook.jpg"},"aioseo_meta_data":{"post_id":"37014","title":null,"description":null,"keywords":null,"keyphrases":null,"primary_term":null,"canonical_url":null,"og_title":null,"og_description":null,"og_object_type":"default","og_image_type":"default","og_image_url":null,"og_image_width":null,"og_image_height":null,"og_image_custom_url":null,"og_image_custom_fields":null,"og_video":null,"og_custom_url":null,"og_article_section":null,"og_article_tags":null,"twitter_use_og":false,"twitter_card":"default","twitter_image_type":"default","twitter_image_url":null,"twitter_image_custom_url":null,"twitter_image_custom_fields":null,"twitter_title":null,"twitter_description":null,"schema":{"blockGraphs":[],"customGraphs":[],"default":{"data":{"Article":[],"Course":[],"Dataset":[],"FAQPage":[],"Movie":[],"Person":[],"Product":[],"ProductReview":[],"Car":[],"Recipe":[],"Service":[],"SoftwareApplication":[],"WebPage":[]},"graphName":"","isEnabled":true},"graphs":[]},"schema_type":null,"schema_type_options":null,"pillar_content":false,"robots_default":true,"robots_noindex":false,"robots_noarchive":false,"robots_nosnippet":false,"robots_nofollow":false,"robots_noimageindex":false,"robots_noodp":false,"robots_notranslate":false,"robots_max_snippet":null,"robots_max_videopreview":null,"robots_max_imagepreview":"large","priority":null,"frequency":null,"location":null,"local_seo":null,"breadcrumb_settings":null,"limit_modified_date":false,"ai":null,"created":"2020-12-20 20:53:41","updated":"2025-07-19 15:37:40","seo_analyzer_scan_date":null,"focus_keyword":null,"additional_keywords":null,"truseo_locale":null},"jetpack_sharing_enabled":true,"jetpack-related-posts":[{"id":13124,"url":"https:\/\/www.jornalja.com.br\/arquivo\/sangue-latino-no-iecine\/","url_meta":{"origin":37014,"position":0},"title":"Sangue latino no IECINE","author":"da Reda\u00e7\u00e3o","date":"18 de maio de 2014","format":false,"excerpt":"Francisco Ribeiro O Instituto Estadual de Cinema (IECINE) tem a frente, desde abril \u00faltimo, um novo diretor, o cineasta colombiano Juan Zapata, 36, que substitui Luiz Alberto Cassol. Radicado h\u00e1 dez anos em Porto Alegre, Zapata tem diante de si o desafio de conduzir at\u00e9 o final do ano um\u2026","rel":"","context":"Em &quot;Cultura-Geral&quot;","block_context":{"text":"Cultura-Geral","link":"https:\/\/www.jornalja.com.br\/arquivo\/category\/materiasecundaria\/"},"img":{"alt_text":"","src":"","width":0,"height":0},"classes":[]},{"id":14241,"url":"https:\/\/www.jornalja.com.br\/arquivo\/o-guaiba-nas-imagens-poeticas-de-achutti\/","url_meta":{"origin":37014,"position":1},"title":"O Gua\u00edba nas imagens po\u00e9ticas de Achutti","author":"da Reda\u00e7\u00e3o","date":"18 de junho de 2014","format":false,"excerpt":"Em \u201cO Gua\u00edba por Achutti\u201d \u2013 obra financiada via Minist\u00e9rio da Cultura, produ\u00e7\u00e3o executiva de Pedro Longhi, e Fl\u00e1vio Wild como designer \u2013, o fot\u00f3grafo revela a beleza e as mazelas de um espa\u00e7o aqu\u00e1tico de \u00e1guas sempre renovadas, cheio de hist\u00f3rias e lendas como as das cidades que foram\u2026","rel":"","context":"Em &quot;Cultura-Geral&quot;","block_context":{"text":"Cultura-Geral","link":"https:\/\/www.jornalja.com.br\/arquivo\/category\/materiasecundaria\/"},"img":{"alt_text":"","src":"","width":0,"height":0},"classes":[]},{"id":13109,"url":"https:\/\/www.jornalja.com.br\/arquivo\/judiciario-reconhece-poluicao-eletromagnetica\/","url_meta":{"origin":37014,"position":2},"title":"Judici\u00e1rio reconhece polui\u00e7\u00e3o eletromagn\u00e9tica","author":"Patr\u00edcia Marini","date":"16 de maio de 2014","format":false,"excerpt":"A\u00e7\u00e3o de duas associa\u00e7\u00f5es de moradores foi acolhida pelo Tribunal de Justi\u00e7a de S\u00e3o Paulo que. em decis\u00e3o in\u00e9dita, determinou a redu\u00e7\u00e3o do campo eletromagn\u00e9tico gerado pelas linhas de transmiss\u00e3o de energia que cortam os bairros City Boa\u00e7ava e Alto de Pinheiros. \u00c9 a primeira vez que um tribunal do\u2026","rel":"","context":"Em &quot;X.Categorias velhas&quot;","block_context":{"text":"X.Categorias velhas","link":"https:\/\/www.jornalja.com.br\/arquivo\/category\/x-categorias-velhas\/"},"img":{"alt_text":"","src":"","width":0,"height":0},"classes":[]},{"id":5440,"url":"https:\/\/www.jornalja.com.br\/arquivo\/casarao-da-venancio-destino-permanece-incerto\/","url_meta":{"origin":37014,"position":3},"title":"Estado ainda n\u00e3o sabe o que fazer com casar\u00e3o abandonado h\u00e1 20 anos","author":"Elmar Bones","date":"6 de julho de 2009","format":false,"excerpt":"O casar\u00e3o amarelo, numa esquina nobre de Porto Alegre (Ven\u00e2ncio Aires com Jo\u00e3o Pessoa), j\u00e1 abrigou uma escola. H\u00e1 duas d\u00e9cadas, pelo menos, est\u00e1 abandonado, porque seu propriet\u00e1rio, o governo do Estado do Rio Grande do Sul, n\u00e3o consegue achar um destino para ele. Planos n\u00e3o faltaram. O governador Ol\u00edvio\u2026","rel":"","context":"Em &quot;X.Categorias velhas&quot;","block_context":{"text":"X.Categorias velhas","link":"https:\/\/www.jornalja.com.br\/arquivo\/category\/x-categorias-velhas\/"},"img":{"alt_text":"geraldo1","src":"https:\/\/i0.wp.com\/www.jornalja.com.br\/wp-content\/uploads\/2009\/07\/geraldo1.jpg?resize=350%2C200&ssl=1","width":350,"height":200},"classes":[]},{"id":13101,"url":"https:\/\/www.jornalja.com.br\/arquivo\/morre-um-guerreiro-do-texto\/","url_meta":{"origin":37014,"position":4},"title":"Morre um guerreiro do texto","author":"Patr\u00edcia Marini","date":"14 de maio de 2014","format":false,"excerpt":"Por Ricardo Kotscho Reproduzido do blog do autor, 11\/5\/2014; t\u00edtulo original \u201cE l\u00e1 se foi o nosso Myltainho, guerreiro do texto\u201d. Mi\u00fado e franzino, meu amigo Myltainho era um valente e inconformado guerreiro na luta contra as injusti\u00e7as sociais, a hipocrisia, as maracutaias, o autoritarismo, a intoler\u00e2ncia, a viol\u00eancia, o\u2026","rel":"","context":"Em &quot;Geral&quot;","block_context":{"text":"Geral","link":"https:\/\/www.jornalja.com.br\/arquivo\/category\/geral\/"},"img":{"alt_text":"","src":"","width":0,"height":0},"classes":[]},{"id":13240,"url":"https:\/\/www.jornalja.com.br\/arquivo\/plano-diretor-estamos-construindo-o-caos\/","url_meta":{"origin":37014,"position":5},"title":"Plano diretor: &quot;Estamos construindo o caos&quot;","author":"Patr\u00edcia Marini","date":"26 de maio de 2014","format":false,"excerpt":"Desabafo que arquiteta Eliana Castilhos, delegada da Regi\u00e3o de Planejamento 1, postou nas redes sociais \u00e9 um testemunho do ambiente que se criou no Conselho do Plano Diretor de Porto Alegre, onde a aprova\u00e7\u00e3o de grandes empreendimentos \u00e9 empurrada guela abaixo dos conselheiros. Ao CMDUA Como delegada da Regi\u00e3o de\u2026","rel":"","context":"Em &quot;Geral&quot;","block_context":{"text":"Geral","link":"https:\/\/www.jornalja.com.br\/arquivo\/category\/geral\/"},"img":{"alt_text":"","src":"","width":0,"height":0},"classes":[]}],"jetpack_shortlink":"https:\/\/wp.me\/pbQjBd-9D0","jetpack_featured_media_url":"","_links":{"self":[{"href":"https:\/\/www.jornalja.com.br\/arquivo\/wp-json\/wp\/v2\/posts\/37014","targetHints":{"allow":["GET"]}}],"collection":[{"href":"https:\/\/www.jornalja.com.br\/arquivo\/wp-json\/wp\/v2\/posts"}],"about":[{"href":"https:\/\/www.jornalja.com.br\/arquivo\/wp-json\/wp\/v2\/types\/post"}],"author":[{"embeddable":true,"href":"https:\/\/www.jornalja.com.br\/arquivo\/wp-json\/wp\/v2\/users\/4"}],"replies":[{"embeddable":true,"href":"https:\/\/www.jornalja.com.br\/arquivo\/wp-json\/wp\/v2\/comments?post=37014"}],"version-history":[{"count":0,"href":"https:\/\/www.jornalja.com.br\/arquivo\/wp-json\/wp\/v2\/posts\/37014\/revisions"}],"wp:attachment":[{"href":"https:\/\/www.jornalja.com.br\/arquivo\/wp-json\/wp\/v2\/media?parent=37014"}],"wp:term":[{"taxonomy":"category","embeddable":true,"href":"https:\/\/www.jornalja.com.br\/arquivo\/wp-json\/wp\/v2\/categories?post=37014"},{"taxonomy":"post_tag","embeddable":true,"href":"https:\/\/www.jornalja.com.br\/arquivo\/wp-json\/wp\/v2\/tags?post=37014"}],"curies":[{"name":"wp","href":"https:\/\/api.w.org\/{rel}","templated":true}]}}