{"id":37052,"date":"2016-07-26T21:29:41","date_gmt":"2016-07-27T00:29:41","guid":{"rendered":"https:\/\/www.jornalja.com.br\/?p=37052"},"modified":"2016-07-26T21:29:41","modified_gmt":"2016-07-27T00:29:41","slug":"protestos","status":"publish","type":"post","link":"https:\/\/www.jornalja.com.br\/arquivo\/protestos\/","title":{"rendered":"Protestos"},"content":{"rendered":"<p>Jorge Barcellos \u2013 Historiador, Mestre e Doutor em Educa\u00e7\u00e3o. Mant\u00e9m a coluna Democracia e Pol\u00edtica, do Jornal O Estado de Direito. \u00c9 chefe da A\u00e7\u00e3o Educativa do Memorial da C\u00e2mara Municipal de Porto Alegre e autor de \u201cEduca\u00e7\u00e3o e Poder Legislativo\u201d (Aedos Editora, 2014). \u00c9 colaborador dos jornais Estado de Direito, Sul21, Zero Hora, Le Monde Diplomatique Brasil, Lamula (Peru) e Sapo (Portugal) e Medium (EUA).<br \/>\nVivemos uma era de protestos. Neste m\u00eas, professores, servidores p\u00fablicos e operadores do aplicativo Uber fizeram protestos no Gin\u00e1sio Gigantinho, na capital. Mas como funcionam? Como se organizam? Como escolhem suas pautas?<br \/>\nO tema \u00e9 objeto de \u201cProtesto, uma introdu\u00e7\u00e3o aos movimentos sociais\u201d, (Zahar,2016), de autoria de James M. Jasper. \u201cGovernos s\u00e3o sempre atraentes como alvos de protestos\u201d, afirma o autor e a ideia n\u00e3o poderia ser mais adequada ao momento brasileiro. A obra se apresenta como um manual sobre a din\u00e2mica dos movimentos sociais, mas \u00e9 mais do que isso. Jaspers \u00e9 professor de sociologia no Centro de P\u00f3s-gradua\u00e7\u00e3o da City Univesity of New York, uma das mais prestigiadas dos EUA, e o ex-estudante de economia de Harvard descobriu em seus estudos que os movimentos sociais queriam saber como poderiam serem melhores estrategistas. Ent\u00e3o, a partir dos anos 2000, come\u00e7ou a cruzar leituras de diplomacia, rela\u00e7\u00f5es internacionais, teoria dos jogos e dos conflitos e se prop\u00f4s o desafio de criar uma alternativa cultural e institucional a teoria dos jogos. Autor de obras como A arte do protesto moral, Leitura dos movimentos sociais, Contexto de leitura, Politica Apaixonada , O Dilema da Identidade (tradu\u00e7\u00e3o livre), Protesto \u00e9 sua primeira obra publicada no Brasil.<br \/>\nA atualidade do tema \u00e9 evidente. Com a instala\u00e7\u00e3o do governo provis\u00f3rio de Michel Temer, estamos vivenciando uma nova onda de protestos como os de 2012 e junho de 2013 de norte a sul do pa\u00eds. Jaspers cita-os logo de partida em seu estudo: \u201dEm (tais) conflitos pol\u00edticos, cada ator reage a outros atores, numa cadeia sem fim de intera\u00e7\u00f5es e inova\u00e7\u00f5es estrat\u00e9gicas\u201d. Sua preocupa\u00e7\u00e3o \u00e9 identificar os elementos dos protestos contra decis\u00f5es dos governos e aponta que, no Brasil, foi caracter\u00edstico o fato de que diversos movimentos de protesto conflu\u00edram entre si contra a f\u00f3rmula neoliberal que distribui pouco para os pobres \u201cEste \u00e9 o cerne da democracia: o Estado trabalha para si mesmo ou para o povo?\u201d questiona Jarspes que v\u00ea nas obras da Copa das Confedera\u00e7\u00f5es (2013), Copa do Mundo (2014) e Olimp\u00edadas (2016) o s\u00edmbolo de um governo mais preocupado \u201ccom suas conex\u00f5es internacionais do que com o povo\u201d.<br \/>\nSurpreende o grau de detalhamento das caracter\u00edsticas dos movimentos sociais por todo o mundo que o autor det\u00e9m. Do movimento Occupy \u00e0 Primavera \u00c0rabe, dos protestos na Bulg\u00e1ria ao caso brasileiro, Jaspers recupera com vivacidade o movimento de organiza\u00e7\u00e3o social em cada pais. Seus dados chegam at\u00e9 mar\u00e7o de 2016 com os novos protestos que sacudiram o o pais contra a corrup\u00e7\u00e3o e a descri\u00e7\u00e3o das posi\u00e7\u00f5es contra e a favor do impeachment da presidente Dilma \u201cO protesto nunca vai terminar, a menos que, por milagre, o mundo se transforme num lugar perfeito. At\u00e9 l\u00e1, os manifestantes ser\u00e3o aqueles que v\u00e3o apontar os problemas e exigir sua solu\u00e7\u00e3o\u201d.<br \/>\nA renova\u00e7\u00e3o de seu estudo deve-se ao fato de concentrar-se menos em estruturas de base e mais nas pessoas, nos indiv\u00edduos, suas intera\u00e7\u00f5es, sentimentos e entendimentos. Ao tornar v\u00edvidos os choques morais, a vergonha e os dilemas dos movimentos sociais, sua principal conclus\u00e3o \u00e9, contrariando as teorias cl\u00e1ssicas da pol\u00edtica, de que os movimentos sociais em sua natureza, expectativas, decis\u00f5es e pr\u00e1ticas s\u00e3o integrantes da cultura e suas a\u00e7\u00f5es \u201cbaseiam-se no modo como entendemos o mundo, em nossos esfor\u00e7os para persuadir outras pessoas, nos sentimentos gerados pelas intera\u00e7\u00f5es\u201d. A cr\u00edtica do autor \u00e9 contra a teoria dos jogos, modelo de origem matem\u00e1tica tornado c\u00e9lebre pelo filme Uma mente brilhante, na qual procura-se determinar as raz\u00f5es das decis\u00f5es de atores em intera\u00e7\u00e3o.<br \/>\nA obra \u00e9 composta de oito cap\u00edtulos que tratam dos movimentos sociais, seus significados, infraestrutura, formas de recrutamento e sustenta\u00e7\u00e3o e sua capacidade de decis\u00e3o e de envolvimento de outros atores. Jaspers observa que os manifestantes mudam seus repert\u00f3rios por meio de intera\u00e7\u00f5es com outros atores pois o objetivo \u00e9 sempre surpreender e inovar. Estruturas sociais n\u00e3o tem motivos para mudar, o choque \u00e9 inevit\u00e1vel e as arenas politicas est\u00e3o sempre em mudan\u00e7a. A descoberta de Jaspers \u00e9 que toda t\u00e1tica tem implica\u00e7\u00f5es morais: \u201cGrupos n\u00e3o violentos n\u00e3o adotariam a viol\u00eancia mesmo se isso garantisse a vit\u00f3ria; grupos da classe trabalhadora sentem-se mais confort\u00e1veis marchando juntos num piquete do que fazendo lobby\u201d. Para o autor, a quest\u00e3o \u00e9 que diferentes pessoas tem diferentes inclina\u00e7\u00f5es t\u00e1ticas e por esta raz\u00e3o, \u00e9 rara a inova\u00e7\u00e3o nas estrat\u00e9gias de a\u00e7\u00e3o.<br \/>\nUm dos pontos curiosos da obra \u00e9 o destaque para o car\u00e1ter de divertimento que assumem as reuni\u00f5es dos movimentos sociais \u201cMuita coisa acontece tamb\u00e9m nos encontros fora do palco. Pode-se paquerar, flertar, seduzir ou sair de l\u00e1 com uma namorada. Se as reuni\u00f5es fossem tediosas, n\u00e3o haveria movimentos sociais\u201d. O ponto \u00e9 sempre a cultura de grupo mobilizada pelos protestos, e nesse sentido, a an\u00e1lise do autor assemelha-se mais a uma vers\u00e3o pol\u00edtica das propostas sociol\u00f3gicas de Michel Mafessoli, especialmente de \u201cO Tempo das Tribos\u201d.<br \/>\nBoa parte da import\u00e2ncia do livro adv\u00e9m da redu\u00e7\u00e3o do papel dado \u00e0s teorias da escolha racional. Neste campo, o processo de tomada de decis\u00e3o \u00e9 baseado no c\u00e1lculo racional \u201cem que todos se sentam numa sala e debatem as melhores op\u00e7\u00f5es\u201d. Para o autor esta explica\u00e7\u00e3o n\u00e3o \u00e9 suficiente, o ponto de Jasper \u00e9 que sempre os atores levam consigo suas emo\u00e7\u00f5es, concordam mais com pessoas de que gostam e confiam e discordam daquelas que as desagradam. Cultivam rancor, possuem momentos de boa disposi\u00e7\u00e3o, convivem com sentimentos de admira\u00e7\u00e3o, amor e inveja. Seu aprendizado nunca \u00e9 apenas racional, mas acontece de forma intuitiva, o que significa, a capacidade de pensar com rapidez e de forma inconsciente \u201dOs rep\u00f3rteres est\u00e3o perdendo o interesse? Fa\u00e7a alguma coisa que nunca tenham visto\u201d, afirma.<br \/>\nTodo protesto \u00e9 um misto de c\u00e1lculos e emo\u00e7\u00f5es e por isto \u00e9 sempre complicado quando os atores tem muitas expectativas no campo social. A pol\u00edtica \u00e9 justamente isso, a capacidade de criar um campo de negocia\u00e7\u00e3o entre atores em disputa, n\u00e3o vencem e nem perdem tudo, isto \u00e9, n\u00e3o conseguem realizar tudo o que desejam mas conseguem alguma coisa, podem afetar a opini\u00e3o p\u00fablica e auxiliar na mudan\u00e7a das vis\u00f5es de mundo. Para Jaspers, o protesto est\u00e1 em toda parte, entranhando a democracia, dos direitos humanos \u00e0s formas de cultura, movimentos sociais fazem cultura, fazem futuro, d\u00e3o express\u00e3o a inspira\u00e7\u00f5es. A grandeza dos movimentos sociais est\u00e1 na capacidade de fazer emergir uma s\u00f3 voz, mas \u00e9 sempre fr\u00e1gil e nem todos os movimentos s\u00e3o bons, como provou o fascismo. Sua grandeza est\u00e1 em responder afirmativamente a quest\u00e3o de \u201ccomo as pessoas podem confiar uma nas outras e colocar projetos coletivos acima de seus interesses pessoais e familiares\u201d?<br \/>\nA li\u00e7\u00e3o de Jaspers \u00e9 que protestos dependem de redes sociais e m\u00eddias para exercerem press\u00e3o sobre pol\u00edticos e autoridades e obt\u00e9m vit\u00f3rias e derrotas em arenas diferentes. Ag\u00eancias governamentais podem manter diferentes rela\u00e7\u00f5es com atores de protestos mas a principal espa\u00e7o de manobra para os protestos \u00e9 que o pr\u00f3prio Estado, raramente \u00e9 um ator unificado e sim um conjunto de atores secund\u00e1rios muitas vezes em confronto. E com isto com que contam os movimentos sociais para fazerem vitoriosos seus protestos.<\/p>\n","protected":false},"excerpt":{"rendered":"<p>Jorge Barcellos \u2013 Historiador, Mestre e Doutor em Educa\u00e7\u00e3o. Mant\u00e9m a coluna Democracia e Pol\u00edtica, do Jornal O Estado de Direito. \u00c9 chefe da A\u00e7\u00e3o Educativa do Memorial da C\u00e2mara Municipal de Porto Alegre e autor de \u201cEduca\u00e7\u00e3o e Poder Legislativo\u201d (Aedos Editora, 2014). \u00c9 colaborador dos jornais Estado de Direito, Sul21, Zero Hora, Le [&hellip;]<\/p>\n","protected":false},"author":4,"featured_media":37053,"comment_status":"open","ping_status":"closed","sticky":false,"template":"","format":"standard","meta":{"_jetpack_newsletter_access":"","_jetpack_dont_email_post_to_subs":false,"_jetpack_newsletter_tier_id":0,"_jetpack_memberships_contains_paywalled_content":false,"_jetpack_feature_clip_id":0,"_jetpack_memberships_contains_paid_content":false,"footnotes":"","jetpack_post_was_ever_published":false},"categories":[2011,2012],"tags":[],"class_list":["post-37052","post","type-post","status-publish","format-standard","has-post-thumbnail","hentry","category-destaque","category-debates"],"aioseo_notices":[],"aioseo_head":"\n\t\t<!-- All in One SEO 5.0.1.1 - aioseo.com -->\n\t<meta name=\"robots\" content=\"max-image-preview:large\" \/>\n\t<meta name=\"author\" content=\"da Reda\u00e7\u00e3o\"\/>\n\t<link rel=\"canonical\" href=\"https:\/\/www.jornalja.com.br\/arquivo\/protestos\/\" \/>\n\t<meta name=\"generator\" content=\"All in One SEO (AIOSEO) 5.0.1.1\" \/>\n\t\t<meta property=\"og:locale\" content=\"pt_BR\" \/>\n\t\t<meta property=\"og:site_name\" content=\"Arquivo | Jornal J\u00c1 | Porto Alegre\" \/>\n\t\t<meta property=\"og:type\" content=\"article\" \/>\n\t\t<meta property=\"og:title\" content=\"Protestos | Arquivo\" \/>\n\t\t<meta property=\"og:url\" content=\"https:\/\/www.jornalja.com.br\/arquivo\/protestos\/\" \/>\n\t\t<meta property=\"og:image\" content=\"https:\/\/www.jornalja.com.br\/economics\/wp-content\/uploads\/sites\/11\/2026\/08\/ja-folhaderosto-facebook.jpg\" \/>\n\t\t<meta property=\"og:image:secure_url\" content=\"https:\/\/www.jornalja.com.br\/economics\/wp-content\/uploads\/sites\/11\/2026\/08\/ja-folhaderosto-facebook.jpg\" \/>\n\t\t<meta property=\"article:published_time\" content=\"2016-07-27T00:29:41+00:00\" \/>\n\t\t<meta property=\"article:modified_time\" content=\"2016-07-27T00:29:41+00:00\" \/>\n\t\t<meta name=\"twitter:card\" content=\"summary\" \/>\n\t\t<meta name=\"twitter:title\" content=\"Protestos | Arquivo\" \/>\n\t\t<meta name=\"twitter:image\" content=\"https:\/\/www.jornalja.com.br\/economics\/wp-content\/uploads\/sites\/11\/2026\/08\/ja-folhaderosto-facebook.jpg\" \/>\n\t\t<script type=\"application\/ld+json\" class=\"aioseo-schema\">\n\t\t\t{\"@context\":\"https:\\\/\\\/schema.org\",\"@graph\":[{\"@type\":\"BlogPosting\",\"@id\":\"https:\\\/\\\/www.jornalja.com.br\\\/arquivo\\\/protestos\\\/#blogposting\",\"name\":\"Protestos | Arquivo\",\"headline\":\"Protestos\",\"author\":{\"@id\":\"https:\\\/\\\/www.jornalja.com.br\\\/arquivo\\\/author\\\/daredacao\\\/#author\"},\"publisher\":{\"@id\":\"https:\\\/\\\/www.jornalja.com.br\\\/arquivo\\\/#organization\"},\"image\":{\"@type\":\"ImageObject\",\"url\":37053},\"datePublished\":\"2016-07-26T21:29:41-03:00\",\"dateModified\":\"2016-07-26T21:29:41-03:00\",\"inLanguage\":\"pt-BR\",\"mainEntityOfPage\":{\"@id\":\"https:\\\/\\\/www.jornalja.com.br\\\/arquivo\\\/protestos\\\/#webpage\"},\"isPartOf\":{\"@id\":\"https:\\\/\\\/www.jornalja.com.br\\\/arquivo\\\/protestos\\\/#webpage\"},\"articleSection\":\"CDD-artigo em destaque, HOTSITE Comit\\u00ea pela Democracia\"},{\"@type\":\"BreadcrumbList\",\"@id\":\"https:\\\/\\\/www.jornalja.com.br\\\/arquivo\\\/protestos\\\/#breadcrumblist\",\"itemListElement\":[{\"@type\":\"ListItem\",\"@id\":\"https:\\\/\\\/www.jornalja.com.br\\\/arquivo#listItem\",\"position\":1,\"name\":\"Home\",\"item\":\"https:\\\/\\\/www.jornalja.com.br\\\/arquivo\",\"nextItem\":{\"@type\":\"ListItem\",\"@id\":\"https:\\\/\\\/www.jornalja.com.br\\\/arquivo\\\/category\\\/destaque\\\/#listItem\",\"name\":\"CDD-artigo em destaque\"}},{\"@type\":\"ListItem\",\"@id\":\"https:\\\/\\\/www.jornalja.com.br\\\/arquivo\\\/category\\\/destaque\\\/#listItem\",\"position\":2,\"name\":\"CDD-artigo em destaque\",\"item\":\"https:\\\/\\\/www.jornalja.com.br\\\/arquivo\\\/category\\\/destaque\\\/\",\"nextItem\":{\"@type\":\"ListItem\",\"@id\":\"https:\\\/\\\/www.jornalja.com.br\\\/arquivo\\\/protestos\\\/#listItem\",\"name\":\"Protestos\"},\"previousItem\":{\"@type\":\"ListItem\",\"@id\":\"https:\\\/\\\/www.jornalja.com.br\\\/arquivo#listItem\",\"name\":\"Home\"}},{\"@type\":\"ListItem\",\"@id\":\"https:\\\/\\\/www.jornalja.com.br\\\/arquivo\\\/protestos\\\/#listItem\",\"position\":3,\"name\":\"Protestos\",\"previousItem\":{\"@type\":\"ListItem\",\"@id\":\"https:\\\/\\\/www.jornalja.com.br\\\/arquivo\\\/category\\\/destaque\\\/#listItem\",\"name\":\"CDD-artigo em destaque\"}}]},{\"@type\":\"Organization\",\"@id\":\"https:\\\/\\\/www.jornalja.com.br\\\/arquivo\\\/#organization\",\"name\":\"Jornal J\\u00c1\",\"description\":\"Jornal J\\u00c1 | Porto Alegre\",\"url\":\"https:\\\/\\\/www.jornalja.com.br\\\/arquivo\\\/\",\"telephone\":\"+555133307272\",\"logo\":{\"@type\":\"ImageObject\",\"url\":\"https:\\\/\\\/www.jornalja.com.br\\\/wp-content\\\/uploads\\\/cards\\\/JAslogan.png\",\"@id\":\"https:\\\/\\\/www.jornalja.com.br\\\/arquivo\\\/protestos\\\/#organizationLogo\"},\"image\":{\"@id\":\"https:\\\/\\\/www.jornalja.com.br\\\/arquivo\\\/protestos\\\/#organizationLogo\"}},{\"@type\":\"Person\",\"@id\":\"https:\\\/\\\/www.jornalja.com.br\\\/arquivo\\\/author\\\/daredacao\\\/#author\",\"url\":\"https:\\\/\\\/www.jornalja.com.br\\\/arquivo\\\/author\\\/daredacao\\\/\",\"name\":\"da Reda\\u00e7\\u00e3o\",\"image\":{\"@type\":\"ImageObject\",\"@id\":\"https:\\\/\\\/www.jornalja.com.br\\\/arquivo\\\/protestos\\\/#authorImage\",\"url\":\"https:\\\/\\\/secure.gravatar.com\\\/avatar\\\/469fd857d6605ad19919d27ed29d35a968a25f6e8fd9318356bbb7f57aae9c65?s=96&d=mm&r=g\",\"width\":96,\"height\":96,\"caption\":\"da Reda\\u00e7\\u00e3o\"}},{\"@type\":\"WebPage\",\"@id\":\"https:\\\/\\\/www.jornalja.com.br\\\/arquivo\\\/protestos\\\/#webpage\",\"url\":\"https:\\\/\\\/www.jornalja.com.br\\\/arquivo\\\/protestos\\\/\",\"name\":\"Protestos | Arquivo\",\"inLanguage\":\"pt-BR\",\"isPartOf\":{\"@id\":\"https:\\\/\\\/www.jornalja.com.br\\\/arquivo\\\/#website\"},\"breadcrumb\":{\"@id\":\"https:\\\/\\\/www.jornalja.com.br\\\/arquivo\\\/protestos\\\/#breadcrumblist\"},\"author\":{\"@id\":\"https:\\\/\\\/www.jornalja.com.br\\\/arquivo\\\/author\\\/daredacao\\\/#author\"},\"creator\":{\"@id\":\"https:\\\/\\\/www.jornalja.com.br\\\/arquivo\\\/author\\\/daredacao\\\/#author\"},\"image\":{\"@type\":\"ImageObject\",\"url\":37053,\"@id\":\"https:\\\/\\\/www.jornalja.com.br\\\/arquivo\\\/protestos\\\/#mainImage\"},\"primaryImageOfPage\":{\"@id\":\"https:\\\/\\\/www.jornalja.com.br\\\/arquivo\\\/protestos\\\/#mainImage\"},\"datePublished\":\"2016-07-26T21:29:41-03:00\",\"dateModified\":\"2016-07-26T21:29:41-03:00\"},{\"@type\":\"WebSite\",\"@id\":\"https:\\\/\\\/www.jornalja.com.br\\\/arquivo\\\/#website\",\"url\":\"https:\\\/\\\/www.jornalja.com.br\\\/arquivo\\\/\",\"name\":\"Arquivo\",\"description\":\"Jornal J\\u00c1 | Porto Alegre\",\"inLanguage\":\"pt-BR\",\"publisher\":{\"@id\":\"https:\\\/\\\/www.jornalja.com.br\\\/arquivo\\\/#organization\"}}]}\n\t\t<\/script>\n\t\t<!-- All in One SEO -->\n\n","aioseo_head_json":{"title":"Protestos | Arquivo","description":"","canonical_url":"https:\/\/www.jornalja.com.br\/arquivo\/protestos\/","robots":"max-image-preview:large","keywords":"","webmasterTools":{"miscellaneous":""},"schema":{"@context":"https:\/\/schema.org","@graph":[{"@type":"BlogPosting","@id":"https:\/\/www.jornalja.com.br\/arquivo\/protestos\/#blogposting","name":"Protestos | Arquivo","headline":"Protestos","author":{"@id":"https:\/\/www.jornalja.com.br\/arquivo\/author\/daredacao\/#author"},"publisher":{"@id":"https:\/\/www.jornalja.com.br\/arquivo\/#organization"},"image":{"@type":"ImageObject","url":37053},"datePublished":"2016-07-26T21:29:41-03:00","dateModified":"2016-07-26T21:29:41-03:00","inLanguage":"pt-BR","mainEntityOfPage":{"@id":"https:\/\/www.jornalja.com.br\/arquivo\/protestos\/#webpage"},"isPartOf":{"@id":"https:\/\/www.jornalja.com.br\/arquivo\/protestos\/#webpage"},"articleSection":"CDD-artigo em destaque, HOTSITE Comit\u00ea pela Democracia"},{"@type":"BreadcrumbList","@id":"https:\/\/www.jornalja.com.br\/arquivo\/protestos\/#breadcrumblist","itemListElement":[{"@type":"ListItem","@id":"https:\/\/www.jornalja.com.br\/arquivo#listItem","position":1,"name":"Home","item":"https:\/\/www.jornalja.com.br\/arquivo","nextItem":{"@type":"ListItem","@id":"https:\/\/www.jornalja.com.br\/arquivo\/category\/destaque\/#listItem","name":"CDD-artigo em destaque"}},{"@type":"ListItem","@id":"https:\/\/www.jornalja.com.br\/arquivo\/category\/destaque\/#listItem","position":2,"name":"CDD-artigo em destaque","item":"https:\/\/www.jornalja.com.br\/arquivo\/category\/destaque\/","nextItem":{"@type":"ListItem","@id":"https:\/\/www.jornalja.com.br\/arquivo\/protestos\/#listItem","name":"Protestos"},"previousItem":{"@type":"ListItem","@id":"https:\/\/www.jornalja.com.br\/arquivo#listItem","name":"Home"}},{"@type":"ListItem","@id":"https:\/\/www.jornalja.com.br\/arquivo\/protestos\/#listItem","position":3,"name":"Protestos","previousItem":{"@type":"ListItem","@id":"https:\/\/www.jornalja.com.br\/arquivo\/category\/destaque\/#listItem","name":"CDD-artigo em destaque"}}]},{"@type":"Organization","@id":"https:\/\/www.jornalja.com.br\/arquivo\/#organization","name":"Jornal J\u00c1","description":"Jornal J\u00c1 | Porto Alegre","url":"https:\/\/www.jornalja.com.br\/arquivo\/","telephone":"+555133307272","logo":{"@type":"ImageObject","url":"https:\/\/www.jornalja.com.br\/wp-content\/uploads\/cards\/JAslogan.png","@id":"https:\/\/www.jornalja.com.br\/arquivo\/protestos\/#organizationLogo"},"image":{"@id":"https:\/\/www.jornalja.com.br\/arquivo\/protestos\/#organizationLogo"}},{"@type":"Person","@id":"https:\/\/www.jornalja.com.br\/arquivo\/author\/daredacao\/#author","url":"https:\/\/www.jornalja.com.br\/arquivo\/author\/daredacao\/","name":"da Reda\u00e7\u00e3o","image":{"@type":"ImageObject","@id":"https:\/\/www.jornalja.com.br\/arquivo\/protestos\/#authorImage","url":"https:\/\/secure.gravatar.com\/avatar\/469fd857d6605ad19919d27ed29d35a968a25f6e8fd9318356bbb7f57aae9c65?s=96&d=mm&r=g","width":96,"height":96,"caption":"da Reda\u00e7\u00e3o"}},{"@type":"WebPage","@id":"https:\/\/www.jornalja.com.br\/arquivo\/protestos\/#webpage","url":"https:\/\/www.jornalja.com.br\/arquivo\/protestos\/","name":"Protestos | Arquivo","inLanguage":"pt-BR","isPartOf":{"@id":"https:\/\/www.jornalja.com.br\/arquivo\/#website"},"breadcrumb":{"@id":"https:\/\/www.jornalja.com.br\/arquivo\/protestos\/#breadcrumblist"},"author":{"@id":"https:\/\/www.jornalja.com.br\/arquivo\/author\/daredacao\/#author"},"creator":{"@id":"https:\/\/www.jornalja.com.br\/arquivo\/author\/daredacao\/#author"},"image":{"@type":"ImageObject","url":37053,"@id":"https:\/\/www.jornalja.com.br\/arquivo\/protestos\/#mainImage"},"primaryImageOfPage":{"@id":"https:\/\/www.jornalja.com.br\/arquivo\/protestos\/#mainImage"},"datePublished":"2016-07-26T21:29:41-03:00","dateModified":"2016-07-26T21:29:41-03:00"},{"@type":"WebSite","@id":"https:\/\/www.jornalja.com.br\/arquivo\/#website","url":"https:\/\/www.jornalja.com.br\/arquivo\/","name":"Arquivo","description":"Jornal J\u00c1 | Porto Alegre","inLanguage":"pt-BR","publisher":{"@id":"https:\/\/www.jornalja.com.br\/arquivo\/#organization"}}]},"og:locale":"pt_BR","og:site_name":"Arquivo | Jornal J\u00c1 | Porto Alegre","og:type":"article","og:title":"Protestos | Arquivo","og:url":"https:\/\/www.jornalja.com.br\/arquivo\/protestos\/","og:image":"https:\/\/www.jornalja.com.br\/economics\/wp-content\/uploads\/sites\/11\/2026\/08\/ja-folhaderosto-facebook.jpg","og:image:secure_url":"https:\/\/www.jornalja.com.br\/economics\/wp-content\/uploads\/sites\/11\/2026\/08\/ja-folhaderosto-facebook.jpg","article:published_time":"2016-07-27T00:29:41+00:00","article:modified_time":"2016-07-27T00:29:41+00:00","twitter:card":"summary","twitter:title":"Protestos | Arquivo","twitter:image":"https:\/\/www.jornalja.com.br\/economics\/wp-content\/uploads\/sites\/11\/2026\/08\/ja-folhaderosto-facebook.jpg"},"aioseo_meta_data":{"post_id":"37052","title":null,"description":null,"keywords":null,"keyphrases":null,"primary_term":null,"canonical_url":null,"og_title":null,"og_description":null,"og_object_type":"default","og_image_type":"default","og_image_url":null,"og_image_width":null,"og_image_height":null,"og_image_custom_url":null,"og_image_custom_fields":null,"og_video":null,"og_custom_url":null,"og_article_section":null,"og_article_tags":null,"twitter_use_og":false,"twitter_card":"default","twitter_image_type":"default","twitter_image_url":null,"twitter_image_custom_url":null,"twitter_image_custom_fields":null,"twitter_title":null,"twitter_description":null,"schema":{"blockGraphs":[],"customGraphs":[],"default":{"data":{"Article":[],"Course":[],"Dataset":[],"FAQPage":[],"Movie":[],"Person":[],"Product":[],"ProductReview":[],"Car":[],"Recipe":[],"Service":[],"SoftwareApplication":[],"WebPage":[]},"graphName":"","isEnabled":true},"graphs":[],"defaultGraph":"","defaultPostTypeGraph":""},"schema_type":null,"schema_type_options":null,"pillar_content":false,"robots_default":true,"robots_noindex":false,"robots_noarchive":false,"robots_nosnippet":false,"robots_nofollow":false,"robots_noimageindex":false,"robots_noodp":false,"robots_notranslate":false,"robots_max_snippet":null,"robots_max_videopreview":null,"robots_max_imagepreview":"large","priority":null,"frequency":null,"location":null,"local_seo":null,"breadcrumb_settings":null,"limit_modified_date":false,"ai":null,"created":"2020-12-20 20:53:41","updated":"2025-07-19 15:38:23","seo_analyzer_scan_date":null,"focus_keyword":null,"additional_keywords":null,"truseo_locale":null},"jetpack_sharing_enabled":true,"jetpack-related-posts":[{"id":13240,"url":"https:\/\/www.jornalja.com.br\/arquivo\/plano-diretor-estamos-construindo-o-caos\/","url_meta":{"origin":37052,"position":0},"title":"Plano diretor: &quot;Estamos construindo o caos&quot;","author":"Patr\u00edcia Marini","date":"26 de maio de 2014","format":false,"excerpt":"Desabafo que arquiteta Eliana Castilhos, delegada da Regi\u00e3o de Planejamento 1, postou nas redes sociais \u00e9 um testemunho do ambiente que se criou no Conselho do Plano Diretor de Porto Alegre, onde a aprova\u00e7\u00e3o de grandes empreendimentos \u00e9 empurrada guela abaixo dos conselheiros. Ao CMDUA Como delegada da Regi\u00e3o de\u2026","rel":"","context":"Em &quot;Geral&quot;","block_context":{"text":"Geral","link":"https:\/\/www.jornalja.com.br\/arquivo\/category\/geral\/"},"img":{"alt_text":"","src":"","width":0,"height":0},"classes":[]},{"id":12960,"url":"https:\/\/www.jornalja.com.br\/arquivo\/populacao-culpa-empresas-pela-greve-dos-rodoviarios\/","url_meta":{"origin":37052,"position":1},"title":"Popula\u00e7\u00e3o culpa empresas pela greve","author":"Patr\u00edcia Marini","date":"14 de fevereiro de 2014","format":false,"excerpt":"Pesquisa divulgada na edi\u00e7\u00e3o do jornal Metro desta sexta-feira,14, comprova o velho ditado: \u00e9 poss\u00edvel enganar muitos por algum tempo, mas n\u00e3o \u00e9 poss\u00edvel enganar a todos o tempo inteiro. A principal revela\u00e7\u00e3o foi que 59,8% dos entrevistados apontaram as empresas como as principais respons\u00e1veis pela grave e 46% culparam\u2026","rel":"","context":"Em &quot;X.Categorias velhas&quot;","block_context":{"text":"X.Categorias velhas","link":"https:\/\/www.jornalja.com.br\/arquivo\/category\/x-categorias-velhas\/"},"img":{"alt_text":"","src":"","width":0,"height":0},"classes":[]},{"id":1280,"url":"https:\/\/www.jornalja.com.br\/arquivo\/o-menino-que-se-tornou-brizola\/","url_meta":{"origin":37052,"position":2},"title":"O Menino que se Tornou Brizola","author":"da Reda\u00e7\u00e3o","date":"28 de julho de 2008","format":false,"excerpt":"Autor: Cleber Dioni A vida de Leonel Brizola, com \u00eanfase para os primeiros anos em Porto Alegre, at\u00e9 o ex\u00edlio no Uruguai e a volta, quinze anos depois. \u00a0\"...\u00c9ramos todos jovens e nos identific\u00e1vamos com aquela massa an\u00f4nima a percorrer as ruas de Porto Alegre, gritando 'Get\u00falio', 'Get\u00falio' e empunhando\u2026","rel":"","context":"Em &quot;Livros&quot;","block_context":{"text":"Livros","link":"https:\/\/www.jornalja.com.br\/arquivo\/category\/livros\/"},"img":{"alt_text":"","src":"https:\/\/i0.wp.com\/www.jornalja.com.br\/wp-content\/uploads\/2008\/07\/brizola.gif?resize=350%2C200&ssl=1","width":350,"height":200},"classes":[]},{"id":5440,"url":"https:\/\/www.jornalja.com.br\/arquivo\/casarao-da-venancio-destino-permanece-incerto\/","url_meta":{"origin":37052,"position":3},"title":"Estado ainda n\u00e3o sabe o que fazer com casar\u00e3o abandonado h\u00e1 20 anos","author":"Elmar Bones","date":"6 de julho de 2009","format":false,"excerpt":"O casar\u00e3o amarelo, numa esquina nobre de Porto Alegre (Ven\u00e2ncio Aires com Jo\u00e3o Pessoa), j\u00e1 abrigou uma escola. H\u00e1 duas d\u00e9cadas, pelo menos, est\u00e1 abandonado, porque seu propriet\u00e1rio, o governo do Estado do Rio Grande do Sul, n\u00e3o consegue achar um destino para ele. Planos n\u00e3o faltaram. O governador Ol\u00edvio\u2026","rel":"","context":"Em &quot;X.Categorias velhas&quot;","block_context":{"text":"X.Categorias velhas","link":"https:\/\/www.jornalja.com.br\/arquivo\/category\/x-categorias-velhas\/"},"img":{"alt_text":"geraldo1","src":"https:\/\/i0.wp.com\/www.jornalja.com.br\/wp-content\/uploads\/2009\/07\/geraldo1.jpg?resize=350%2C200&ssl=1","width":350,"height":200},"classes":[]},{"id":13101,"url":"https:\/\/www.jornalja.com.br\/arquivo\/morre-um-guerreiro-do-texto\/","url_meta":{"origin":37052,"position":4},"title":"Morre um guerreiro do texto","author":"Patr\u00edcia Marini","date":"14 de maio de 2014","format":false,"excerpt":"Por Ricardo Kotscho Reproduzido do blog do autor, 11\/5\/2014; t\u00edtulo original \u201cE l\u00e1 se foi o nosso Myltainho, guerreiro do texto\u201d. Mi\u00fado e franzino, meu amigo Myltainho era um valente e inconformado guerreiro na luta contra as injusti\u00e7as sociais, a hipocrisia, as maracutaias, o autoritarismo, a intoler\u00e2ncia, a viol\u00eancia, o\u2026","rel":"","context":"Em &quot;Geral&quot;","block_context":{"text":"Geral","link":"https:\/\/www.jornalja.com.br\/arquivo\/category\/geral\/"},"img":{"alt_text":"","src":"","width":0,"height":0},"classes":[]},{"id":13109,"url":"https:\/\/www.jornalja.com.br\/arquivo\/judiciario-reconhece-poluicao-eletromagnetica\/","url_meta":{"origin":37052,"position":5},"title":"Judici\u00e1rio reconhece polui\u00e7\u00e3o eletromagn\u00e9tica","author":"Patr\u00edcia Marini","date":"16 de maio de 2014","format":false,"excerpt":"A\u00e7\u00e3o de duas associa\u00e7\u00f5es de moradores foi acolhida pelo Tribunal de Justi\u00e7a de S\u00e3o Paulo que. em decis\u00e3o in\u00e9dita, determinou a redu\u00e7\u00e3o do campo eletromagn\u00e9tico gerado pelas linhas de transmiss\u00e3o de energia que cortam os bairros City Boa\u00e7ava e Alto de Pinheiros. \u00c9 a primeira vez que um tribunal do\u2026","rel":"","context":"Em &quot;X.Categorias velhas&quot;","block_context":{"text":"X.Categorias velhas","link":"https:\/\/www.jornalja.com.br\/arquivo\/category\/x-categorias-velhas\/"},"img":{"alt_text":"","src":"","width":0,"height":0},"classes":[]}],"jetpack_shortlink":"https:\/\/wp.me\/pbQjBd-9DC","jetpack_featured_media_url":"","_links":{"self":[{"href":"https:\/\/www.jornalja.com.br\/arquivo\/wp-json\/wp\/v2\/posts\/37052","targetHints":{"allow":["GET"]}}],"collection":[{"href":"https:\/\/www.jornalja.com.br\/arquivo\/wp-json\/wp\/v2\/posts"}],"about":[{"href":"https:\/\/www.jornalja.com.br\/arquivo\/wp-json\/wp\/v2\/types\/post"}],"author":[{"embeddable":true,"href":"https:\/\/www.jornalja.com.br\/arquivo\/wp-json\/wp\/v2\/users\/4"}],"replies":[{"embeddable":true,"href":"https:\/\/www.jornalja.com.br\/arquivo\/wp-json\/wp\/v2\/comments?post=37052"}],"version-history":[{"count":0,"href":"https:\/\/www.jornalja.com.br\/arquivo\/wp-json\/wp\/v2\/posts\/37052\/revisions"}],"wp:attachment":[{"href":"https:\/\/www.jornalja.com.br\/arquivo\/wp-json\/wp\/v2\/media?parent=37052"}],"wp:term":[{"taxonomy":"category","embeddable":true,"href":"https:\/\/www.jornalja.com.br\/arquivo\/wp-json\/wp\/v2\/categories?post=37052"},{"taxonomy":"post_tag","embeddable":true,"href":"https:\/\/www.jornalja.com.br\/arquivo\/wp-json\/wp\/v2\/tags?post=37052"}],"curies":[{"name":"wp","href":"https:\/\/api.w.org\/{rel}","templated":true}]}}