{"id":37301,"date":"2016-07-30T21:57:52","date_gmt":"2016-07-31T00:57:52","guid":{"rendered":"https:\/\/www.jornalja.com.br\/?p=37301"},"modified":"2016-07-30T21:57:52","modified_gmt":"2016-07-31T00:57:52","slug":"pt-gaucho-mostra-unidade-ao-confirmar-chapa-raul-silvana","status":"publish","type":"post","link":"https:\/\/www.jornalja.com.br\/arquivo\/pt-gaucho-mostra-unidade-ao-confirmar-chapa-raul-silvana\/","title":{"rendered":"PT ga\u00facho mostra unidade ao confirmar chapa Raul-Silvana"},"content":{"rendered":"<p>Em conven\u00e7\u00e3o, neste s\u00e1bado, o Partido dos Trabalhadores confirmou o ex-prefeito e ex-deputado \u00a0Raul Pont como seu candidato na elei\u00e7\u00e3o de outubro em Porto Alegre. Foi confirmado tamb\u00e9m o nome de Silvana Conti, do PC do B, para vice.<br \/>\nForam aprovados tamb\u00e9m 43 candidatos a vereador. A conven\u00e7\u00e3o lotou o audit\u00f3rio da Fetrafi (Federa\u00e7\u00e3o dos Trabalhadores e Trabalhadoras em Institui\u00e7\u00f5es Financeiras) no centro de Porto Alegre.<br \/>\nO ato iniciou sem a presen\u00e7a de Raul Pont, que, junto com uma comitiva do partido, passou primeiro na conven\u00e7\u00e3o do PC do B, realizada simultaneamente.<br \/>\nLideran\u00e7as do partido se revezavam nas falas, com cr\u00edticas ao processo de impeachment da presidente Dilma Rousseff e ao governo interino de Michel Temer.<br \/>\nO bord\u00e3o \u201cprimeiramente fora Temer\u201d abria quase todas as manifesta\u00e7\u00f5es ao microfone, que em maioria eram encerradas com \u201ctoca, Raul\u201d.<br \/>\nRaul Pont chegou pouco depois das 16h. Entrou no audit\u00f3rio acompanhado de Silvana Conti e de grandes nomes do PT como Miguel Rossetto, Henrique Fontana, Maria do Ros\u00e1rio, Tarso Genro e Ad\u00e3o Villaverde.<br \/>\nO ex-presidente Lula enviou um v\u00eddeo de apoio, a presidente afastada Dilma Rousseff se manifestou atrav\u00e9s de carta, assim como o ex-governador Ol\u00edvio Dutra.<br \/>\nVillaverde afirmou que a campanha vem sendo constru\u00edda atrav\u00e9s de uma longa caminhada e lembrou que a deputada estadual Manuela D\u00e1vila, que preferiu n\u00e3o concorrer, era a candidata priorit\u00e1ria dos dois partidos. \u201c\u00c9 uma obriga\u00e7\u00e3o pol\u00edtica fazer este registro\u201d, afirmou.<br \/>\nVillaverde fez cr\u00edticas ao PMDB, a quem acusou de tramar um golpe atrav\u00e9s do processo de impeachment da presidente afastada DIlma Rousseff. \u201cMelo \u00e9 Sartori, que n\u00e3o \u00e9 capaz de pagar o servidores em dia, e Sartori \u00e9 Temer, que n\u00e3o tem capacidade de governar e rasgou a constitui\u00e7\u00e3o brasileira.\u201d<br \/>\nPara Manuela, o momento pol\u00edtico do pa\u00eds exige uni\u00e3o. \u201cPrecisamos estar juntos para construir uma alternativa em defesa da democracia em Porto Alegre.\u201d<br \/>\nA candidata a vice, Silvana Conti, afirmou que na \u00faltima d\u00e9cada, a cidade deixou de ser uma refer\u00eancia internacional de democracia para se tornar \u201cuma cidade cinza, sem brilho, onde as pol\u00edticas p\u00fablicas n\u00e3o s\u00e3o voltadas para as pessoas\u201d. Segundo Silvana, Porto Alegre tem priorizado a constru\u00e7\u00e3o de shoppings e condom\u00ednios fechados e deixando os problemas das popula\u00e7\u00f5es perif\u00e9ricas e a cultura em segundo plano.<br \/>\nRaul Pont encerrou o evento recordando o que lhe dizia \u201cum velho companheiro\u201d, que fazer pol\u00edtica requer \u201cpaci\u00eancia e um pouco de ironia\u201d. E, ironizando, pediu que as dezenas de pessoas que fotografavam o ato enviassem as fotos a \u201calguns colunistas que est\u00e3o h\u00e1 dois ou tr\u00eas meses dizendo que estamos enterrados\u201d. E completou: \u201cOu isso aqui \u00e9 uma abstra\u00e7\u00e3o, ou estes jornalistas est\u00e3o mais uma vez informando mal a \u00a0popula\u00e7\u00e3o de Porto Alegre.\u201d<br \/>\nO ex-prefeito, que governou a cidade de 1997 a 2000, recordou o per\u00edodo das administra\u00e7\u00f5es petistas na cidade, quando Porto Alegre sediou as primeiras edi\u00e7\u00f5es do F\u00f3rum Social Mundial.<br \/>\nPara Pont, o momento pol\u00edtico atual \u00e9 uma oportunidade de termos uma cidade \u201cque olha pro seu povo\u201d. Ele afirma que administra\u00e7\u00e3o atual colocou a cidade em \u201cbaixo astral\u201d e que \u00e9 preciso construir uma alternativa com soberania popular. \u201cN\u00e3o \u00e9 sonho, utopia ou promessa. J\u00e1 fizemos isso e faremos de novo\u201d, concluiu.<\/p>\n","protected":false},"excerpt":{"rendered":"<p>Em conven\u00e7\u00e3o, neste s\u00e1bado, o Partido dos Trabalhadores confirmou o ex-prefeito e ex-deputado \u00a0Raul Pont como seu candidato na elei\u00e7\u00e3o de outubro em Porto Alegre. Foi confirmado tamb\u00e9m o nome de Silvana Conti, do PC do B, para vice. Foram aprovados tamb\u00e9m 43 candidatos a vereador. A conven\u00e7\u00e3o lotou o audit\u00f3rio da Fetrafi (Federa\u00e7\u00e3o dos [&hellip;]<\/p>\n","protected":false},"author":4,"featured_media":37295,"comment_status":"open","ping_status":"closed","sticky":false,"template":"","format":"standard","meta":{"_jetpack_newsletter_access":"","_jetpack_dont_email_post_to_subs":false,"_jetpack_newsletter_tier_id":0,"_jetpack_memberships_contains_paywalled_content":false,"_jetpack_feature_clip_id":0,"_jetpack_memberships_contains_paid_content":false,"footnotes":"","jetpack_post_was_ever_published":false},"categories":[2016],"tags":[],"class_list":["post-37301","post","type-post","status-publish","format-standard","has-post-thumbnail","hentry","category-materia-vencida"],"aioseo_notices":[],"aioseo_head":"\n\t\t<!-- All in One SEO 5.0.1.1 - aioseo.com -->\n\t<meta name=\"robots\" content=\"max-image-preview:large\" \/>\n\t<meta name=\"author\" content=\"da Reda\u00e7\u00e3o\"\/>\n\t<link rel=\"canonical\" href=\"https:\/\/www.jornalja.com.br\/arquivo\/pt-gaucho-mostra-unidade-ao-confirmar-chapa-raul-silvana\/\" \/>\n\t<meta name=\"generator\" content=\"All in One SEO (AIOSEO) 5.0.1.1\" \/>\n\t\t<meta property=\"og:locale\" content=\"pt_BR\" \/>\n\t\t<meta property=\"og:site_name\" content=\"Arquivo | Jornal J\u00c1 | Porto Alegre\" \/>\n\t\t<meta property=\"og:type\" content=\"article\" \/>\n\t\t<meta property=\"og:title\" content=\"PT ga\u00facho mostra unidade ao confirmar chapa Raul-Silvana | Arquivo\" \/>\n\t\t<meta property=\"og:url\" content=\"https:\/\/www.jornalja.com.br\/arquivo\/pt-gaucho-mostra-unidade-ao-confirmar-chapa-raul-silvana\/\" \/>\n\t\t<meta property=\"og:image\" content=\"https:\/\/www.jornalja.com.br\/economics\/wp-content\/uploads\/sites\/11\/2026\/08\/ja-folhaderosto-facebook.jpg\" \/>\n\t\t<meta property=\"og:image:secure_url\" content=\"https:\/\/www.jornalja.com.br\/economics\/wp-content\/uploads\/sites\/11\/2026\/08\/ja-folhaderosto-facebook.jpg\" \/>\n\t\t<meta property=\"article:published_time\" content=\"2016-07-31T00:57:52+00:00\" \/>\n\t\t<meta property=\"article:modified_time\" content=\"2016-07-31T00:57:52+00:00\" \/>\n\t\t<meta name=\"twitter:card\" content=\"summary\" \/>\n\t\t<meta name=\"twitter:title\" content=\"PT ga\u00facho mostra unidade ao confirmar chapa Raul-Silvana | Arquivo\" \/>\n\t\t<meta name=\"twitter:image\" content=\"https:\/\/www.jornalja.com.br\/economics\/wp-content\/uploads\/sites\/11\/2026\/08\/ja-folhaderosto-facebook.jpg\" \/>\n\t\t<script type=\"application\/ld+json\" class=\"aioseo-schema\">\n\t\t\t{\"@context\":\"https:\\\/\\\/schema.org\",\"@graph\":[{\"@type\":\"BlogPosting\",\"@id\":\"https:\\\/\\\/www.jornalja.com.br\\\/arquivo\\\/pt-gaucho-mostra-unidade-ao-confirmar-chapa-raul-silvana\\\/#blogposting\",\"name\":\"PT ga\\u00facho mostra unidade ao confirmar chapa Raul-Silvana | Arquivo\",\"headline\":\"PT ga\\u00facho mostra unidade ao confirmar chapa Raul-Silvana\",\"author\":{\"@id\":\"https:\\\/\\\/www.jornalja.com.br\\\/arquivo\\\/author\\\/daredacao\\\/#author\"},\"publisher\":{\"@id\":\"https:\\\/\\\/www.jornalja.com.br\\\/arquivo\\\/#organization\"},\"image\":{\"@type\":\"ImageObject\",\"url\":37295},\"datePublished\":\"2016-07-30T21:57:52-03:00\",\"dateModified\":\"2016-07-30T21:57:52-03:00\",\"inLanguage\":\"pt-BR\",\"mainEntityOfPage\":{\"@id\":\"https:\\\/\\\/www.jornalja.com.br\\\/arquivo\\\/pt-gaucho-mostra-unidade-ao-confirmar-chapa-raul-silvana\\\/#webpage\"},\"isPartOf\":{\"@id\":\"https:\\\/\\\/www.jornalja.com.br\\\/arquivo\\\/pt-gaucho-mostra-unidade-ao-confirmar-chapa-raul-silvana\\\/#webpage\"},\"articleSection\":\"Mat\\u00e9ria vencida\"},{\"@type\":\"BreadcrumbList\",\"@id\":\"https:\\\/\\\/www.jornalja.com.br\\\/arquivo\\\/pt-gaucho-mostra-unidade-ao-confirmar-chapa-raul-silvana\\\/#breadcrumblist\",\"itemListElement\":[{\"@type\":\"ListItem\",\"@id\":\"https:\\\/\\\/www.jornalja.com.br\\\/arquivo#listItem\",\"position\":1,\"name\":\"Home\",\"item\":\"https:\\\/\\\/www.jornalja.com.br\\\/arquivo\",\"nextItem\":{\"@type\":\"ListItem\",\"@id\":\"https:\\\/\\\/www.jornalja.com.br\\\/arquivo\\\/category\\\/materia-vencida\\\/#listItem\",\"name\":\"Mat\\u00e9ria vencida\"}},{\"@type\":\"ListItem\",\"@id\":\"https:\\\/\\\/www.jornalja.com.br\\\/arquivo\\\/category\\\/materia-vencida\\\/#listItem\",\"position\":2,\"name\":\"Mat\\u00e9ria vencida\",\"item\":\"https:\\\/\\\/www.jornalja.com.br\\\/arquivo\\\/category\\\/materia-vencida\\\/\",\"nextItem\":{\"@type\":\"ListItem\",\"@id\":\"https:\\\/\\\/www.jornalja.com.br\\\/arquivo\\\/pt-gaucho-mostra-unidade-ao-confirmar-chapa-raul-silvana\\\/#listItem\",\"name\":\"PT ga\\u00facho mostra unidade ao confirmar chapa Raul-Silvana\"},\"previousItem\":{\"@type\":\"ListItem\",\"@id\":\"https:\\\/\\\/www.jornalja.com.br\\\/arquivo#listItem\",\"name\":\"Home\"}},{\"@type\":\"ListItem\",\"@id\":\"https:\\\/\\\/www.jornalja.com.br\\\/arquivo\\\/pt-gaucho-mostra-unidade-ao-confirmar-chapa-raul-silvana\\\/#listItem\",\"position\":3,\"name\":\"PT ga\\u00facho mostra unidade ao confirmar chapa Raul-Silvana\",\"previousItem\":{\"@type\":\"ListItem\",\"@id\":\"https:\\\/\\\/www.jornalja.com.br\\\/arquivo\\\/category\\\/materia-vencida\\\/#listItem\",\"name\":\"Mat\\u00e9ria vencida\"}}]},{\"@type\":\"Organization\",\"@id\":\"https:\\\/\\\/www.jornalja.com.br\\\/arquivo\\\/#organization\",\"name\":\"Jornal J\\u00c1\",\"description\":\"Jornal J\\u00c1 | Porto Alegre\",\"url\":\"https:\\\/\\\/www.jornalja.com.br\\\/arquivo\\\/\",\"telephone\":\"+555133307272\",\"logo\":{\"@type\":\"ImageObject\",\"url\":\"https:\\\/\\\/www.jornalja.com.br\\\/wp-content\\\/uploads\\\/cards\\\/JAslogan.png\",\"@id\":\"https:\\\/\\\/www.jornalja.com.br\\\/arquivo\\\/pt-gaucho-mostra-unidade-ao-confirmar-chapa-raul-silvana\\\/#organizationLogo\"},\"image\":{\"@id\":\"https:\\\/\\\/www.jornalja.com.br\\\/arquivo\\\/pt-gaucho-mostra-unidade-ao-confirmar-chapa-raul-silvana\\\/#organizationLogo\"}},{\"@type\":\"Person\",\"@id\":\"https:\\\/\\\/www.jornalja.com.br\\\/arquivo\\\/author\\\/daredacao\\\/#author\",\"url\":\"https:\\\/\\\/www.jornalja.com.br\\\/arquivo\\\/author\\\/daredacao\\\/\",\"name\":\"da Reda\\u00e7\\u00e3o\",\"image\":{\"@type\":\"ImageObject\",\"@id\":\"https:\\\/\\\/www.jornalja.com.br\\\/arquivo\\\/pt-gaucho-mostra-unidade-ao-confirmar-chapa-raul-silvana\\\/#authorImage\",\"url\":\"https:\\\/\\\/secure.gravatar.com\\\/avatar\\\/469fd857d6605ad19919d27ed29d35a968a25f6e8fd9318356bbb7f57aae9c65?s=96&d=mm&r=g\",\"width\":96,\"height\":96,\"caption\":\"da Reda\\u00e7\\u00e3o\"}},{\"@type\":\"WebPage\",\"@id\":\"https:\\\/\\\/www.jornalja.com.br\\\/arquivo\\\/pt-gaucho-mostra-unidade-ao-confirmar-chapa-raul-silvana\\\/#webpage\",\"url\":\"https:\\\/\\\/www.jornalja.com.br\\\/arquivo\\\/pt-gaucho-mostra-unidade-ao-confirmar-chapa-raul-silvana\\\/\",\"name\":\"PT ga\\u00facho mostra unidade ao confirmar chapa Raul-Silvana | Arquivo\",\"inLanguage\":\"pt-BR\",\"isPartOf\":{\"@id\":\"https:\\\/\\\/www.jornalja.com.br\\\/arquivo\\\/#website\"},\"breadcrumb\":{\"@id\":\"https:\\\/\\\/www.jornalja.com.br\\\/arquivo\\\/pt-gaucho-mostra-unidade-ao-confirmar-chapa-raul-silvana\\\/#breadcrumblist\"},\"author\":{\"@id\":\"https:\\\/\\\/www.jornalja.com.br\\\/arquivo\\\/author\\\/daredacao\\\/#author\"},\"creator\":{\"@id\":\"https:\\\/\\\/www.jornalja.com.br\\\/arquivo\\\/author\\\/daredacao\\\/#author\"},\"image\":{\"@type\":\"ImageObject\",\"url\":37295,\"@id\":\"https:\\\/\\\/www.jornalja.com.br\\\/arquivo\\\/pt-gaucho-mostra-unidade-ao-confirmar-chapa-raul-silvana\\\/#mainImage\"},\"primaryImageOfPage\":{\"@id\":\"https:\\\/\\\/www.jornalja.com.br\\\/arquivo\\\/pt-gaucho-mostra-unidade-ao-confirmar-chapa-raul-silvana\\\/#mainImage\"},\"datePublished\":\"2016-07-30T21:57:52-03:00\",\"dateModified\":\"2016-07-30T21:57:52-03:00\"},{\"@type\":\"WebSite\",\"@id\":\"https:\\\/\\\/www.jornalja.com.br\\\/arquivo\\\/#website\",\"url\":\"https:\\\/\\\/www.jornalja.com.br\\\/arquivo\\\/\",\"name\":\"Arquivo\",\"description\":\"Jornal J\\u00c1 | Porto Alegre\",\"inLanguage\":\"pt-BR\",\"publisher\":{\"@id\":\"https:\\\/\\\/www.jornalja.com.br\\\/arquivo\\\/#organization\"}}]}\n\t\t<\/script>\n\t\t<!-- All in One SEO -->\n\n","aioseo_head_json":{"title":"PT ga\u00facho mostra unidade ao confirmar chapa Raul-Silvana | Arquivo","description":"","canonical_url":"https:\/\/www.jornalja.com.br\/arquivo\/pt-gaucho-mostra-unidade-ao-confirmar-chapa-raul-silvana\/","robots":"max-image-preview:large","keywords":"","webmasterTools":{"miscellaneous":""},"schema":{"@context":"https:\/\/schema.org","@graph":[{"@type":"BlogPosting","@id":"https:\/\/www.jornalja.com.br\/arquivo\/pt-gaucho-mostra-unidade-ao-confirmar-chapa-raul-silvana\/#blogposting","name":"PT ga\u00facho mostra unidade ao confirmar chapa Raul-Silvana | Arquivo","headline":"PT ga\u00facho mostra unidade ao confirmar chapa Raul-Silvana","author":{"@id":"https:\/\/www.jornalja.com.br\/arquivo\/author\/daredacao\/#author"},"publisher":{"@id":"https:\/\/www.jornalja.com.br\/arquivo\/#organization"},"image":{"@type":"ImageObject","url":37295},"datePublished":"2016-07-30T21:57:52-03:00","dateModified":"2016-07-30T21:57:52-03:00","inLanguage":"pt-BR","mainEntityOfPage":{"@id":"https:\/\/www.jornalja.com.br\/arquivo\/pt-gaucho-mostra-unidade-ao-confirmar-chapa-raul-silvana\/#webpage"},"isPartOf":{"@id":"https:\/\/www.jornalja.com.br\/arquivo\/pt-gaucho-mostra-unidade-ao-confirmar-chapa-raul-silvana\/#webpage"},"articleSection":"Mat\u00e9ria vencida"},{"@type":"BreadcrumbList","@id":"https:\/\/www.jornalja.com.br\/arquivo\/pt-gaucho-mostra-unidade-ao-confirmar-chapa-raul-silvana\/#breadcrumblist","itemListElement":[{"@type":"ListItem","@id":"https:\/\/www.jornalja.com.br\/arquivo#listItem","position":1,"name":"Home","item":"https:\/\/www.jornalja.com.br\/arquivo","nextItem":{"@type":"ListItem","@id":"https:\/\/www.jornalja.com.br\/arquivo\/category\/materia-vencida\/#listItem","name":"Mat\u00e9ria vencida"}},{"@type":"ListItem","@id":"https:\/\/www.jornalja.com.br\/arquivo\/category\/materia-vencida\/#listItem","position":2,"name":"Mat\u00e9ria vencida","item":"https:\/\/www.jornalja.com.br\/arquivo\/category\/materia-vencida\/","nextItem":{"@type":"ListItem","@id":"https:\/\/www.jornalja.com.br\/arquivo\/pt-gaucho-mostra-unidade-ao-confirmar-chapa-raul-silvana\/#listItem","name":"PT ga\u00facho mostra unidade ao confirmar chapa Raul-Silvana"},"previousItem":{"@type":"ListItem","@id":"https:\/\/www.jornalja.com.br\/arquivo#listItem","name":"Home"}},{"@type":"ListItem","@id":"https:\/\/www.jornalja.com.br\/arquivo\/pt-gaucho-mostra-unidade-ao-confirmar-chapa-raul-silvana\/#listItem","position":3,"name":"PT ga\u00facho mostra unidade ao confirmar chapa Raul-Silvana","previousItem":{"@type":"ListItem","@id":"https:\/\/www.jornalja.com.br\/arquivo\/category\/materia-vencida\/#listItem","name":"Mat\u00e9ria vencida"}}]},{"@type":"Organization","@id":"https:\/\/www.jornalja.com.br\/arquivo\/#organization","name":"Jornal J\u00c1","description":"Jornal J\u00c1 | Porto Alegre","url":"https:\/\/www.jornalja.com.br\/arquivo\/","telephone":"+555133307272","logo":{"@type":"ImageObject","url":"https:\/\/www.jornalja.com.br\/wp-content\/uploads\/cards\/JAslogan.png","@id":"https:\/\/www.jornalja.com.br\/arquivo\/pt-gaucho-mostra-unidade-ao-confirmar-chapa-raul-silvana\/#organizationLogo"},"image":{"@id":"https:\/\/www.jornalja.com.br\/arquivo\/pt-gaucho-mostra-unidade-ao-confirmar-chapa-raul-silvana\/#organizationLogo"}},{"@type":"Person","@id":"https:\/\/www.jornalja.com.br\/arquivo\/author\/daredacao\/#author","url":"https:\/\/www.jornalja.com.br\/arquivo\/author\/daredacao\/","name":"da Reda\u00e7\u00e3o","image":{"@type":"ImageObject","@id":"https:\/\/www.jornalja.com.br\/arquivo\/pt-gaucho-mostra-unidade-ao-confirmar-chapa-raul-silvana\/#authorImage","url":"https:\/\/secure.gravatar.com\/avatar\/469fd857d6605ad19919d27ed29d35a968a25f6e8fd9318356bbb7f57aae9c65?s=96&d=mm&r=g","width":96,"height":96,"caption":"da Reda\u00e7\u00e3o"}},{"@type":"WebPage","@id":"https:\/\/www.jornalja.com.br\/arquivo\/pt-gaucho-mostra-unidade-ao-confirmar-chapa-raul-silvana\/#webpage","url":"https:\/\/www.jornalja.com.br\/arquivo\/pt-gaucho-mostra-unidade-ao-confirmar-chapa-raul-silvana\/","name":"PT ga\u00facho mostra unidade ao confirmar chapa Raul-Silvana | Arquivo","inLanguage":"pt-BR","isPartOf":{"@id":"https:\/\/www.jornalja.com.br\/arquivo\/#website"},"breadcrumb":{"@id":"https:\/\/www.jornalja.com.br\/arquivo\/pt-gaucho-mostra-unidade-ao-confirmar-chapa-raul-silvana\/#breadcrumblist"},"author":{"@id":"https:\/\/www.jornalja.com.br\/arquivo\/author\/daredacao\/#author"},"creator":{"@id":"https:\/\/www.jornalja.com.br\/arquivo\/author\/daredacao\/#author"},"image":{"@type":"ImageObject","url":37295,"@id":"https:\/\/www.jornalja.com.br\/arquivo\/pt-gaucho-mostra-unidade-ao-confirmar-chapa-raul-silvana\/#mainImage"},"primaryImageOfPage":{"@id":"https:\/\/www.jornalja.com.br\/arquivo\/pt-gaucho-mostra-unidade-ao-confirmar-chapa-raul-silvana\/#mainImage"},"datePublished":"2016-07-30T21:57:52-03:00","dateModified":"2016-07-30T21:57:52-03:00"},{"@type":"WebSite","@id":"https:\/\/www.jornalja.com.br\/arquivo\/#website","url":"https:\/\/www.jornalja.com.br\/arquivo\/","name":"Arquivo","description":"Jornal J\u00c1 | Porto Alegre","inLanguage":"pt-BR","publisher":{"@id":"https:\/\/www.jornalja.com.br\/arquivo\/#organization"}}]},"og:locale":"pt_BR","og:site_name":"Arquivo | Jornal J\u00c1 | Porto Alegre","og:type":"article","og:title":"PT ga\u00facho mostra unidade ao confirmar chapa Raul-Silvana | Arquivo","og:url":"https:\/\/www.jornalja.com.br\/arquivo\/pt-gaucho-mostra-unidade-ao-confirmar-chapa-raul-silvana\/","og:image":"https:\/\/www.jornalja.com.br\/economics\/wp-content\/uploads\/sites\/11\/2026\/08\/ja-folhaderosto-facebook.jpg","og:image:secure_url":"https:\/\/www.jornalja.com.br\/economics\/wp-content\/uploads\/sites\/11\/2026\/08\/ja-folhaderosto-facebook.jpg","article:published_time":"2016-07-31T00:57:52+00:00","article:modified_time":"2016-07-31T00:57:52+00:00","twitter:card":"summary","twitter:title":"PT ga\u00facho mostra unidade ao confirmar chapa Raul-Silvana | Arquivo","twitter:image":"https:\/\/www.jornalja.com.br\/economics\/wp-content\/uploads\/sites\/11\/2026\/08\/ja-folhaderosto-facebook.jpg"},"aioseo_meta_data":{"post_id":"37301","title":null,"description":null,"keywords":null,"keyphrases":null,"primary_term":null,"canonical_url":null,"og_title":null,"og_description":null,"og_object_type":"default","og_image_type":"default","og_image_url":null,"og_image_width":null,"og_image_height":null,"og_image_custom_url":null,"og_image_custom_fields":null,"og_video":null,"og_custom_url":null,"og_article_section":null,"og_article_tags":null,"twitter_use_og":false,"twitter_card":"default","twitter_image_type":"default","twitter_image_url":null,"twitter_image_custom_url":null,"twitter_image_custom_fields":null,"twitter_title":null,"twitter_description":null,"schema":{"blockGraphs":[],"customGraphs":[],"default":{"data":{"Article":[],"Course":[],"Dataset":[],"FAQPage":[],"Movie":[],"Person":[],"Product":[],"ProductReview":[],"Car":[],"Recipe":[],"Service":[],"SoftwareApplication":[],"WebPage":[]},"graphName":"","isEnabled":true},"graphs":[]},"schema_type":null,"schema_type_options":null,"pillar_content":false,"robots_default":true,"robots_noindex":false,"robots_noarchive":false,"robots_nosnippet":false,"robots_nofollow":false,"robots_noimageindex":false,"robots_noodp":false,"robots_notranslate":false,"robots_max_snippet":null,"robots_max_videopreview":null,"robots_max_imagepreview":"large","priority":null,"frequency":null,"location":null,"local_seo":null,"breadcrumb_settings":null,"limit_modified_date":false,"ai":null,"created":"2020-12-20 20:53:41","updated":"2025-07-19 15:44:05","seo_analyzer_scan_date":null,"focus_keyword":null,"additional_keywords":null,"truseo_locale":null},"jetpack_sharing_enabled":true,"jetpack-related-posts":[{"id":14241,"url":"https:\/\/www.jornalja.com.br\/arquivo\/o-guaiba-nas-imagens-poeticas-de-achutti\/","url_meta":{"origin":37301,"position":0},"title":"O Gua\u00edba nas imagens po\u00e9ticas de Achutti","author":"da Reda\u00e7\u00e3o","date":"18 de junho de 2014","format":false,"excerpt":"Em \u201cO Gua\u00edba por Achutti\u201d \u2013 obra financiada via Minist\u00e9rio da Cultura, produ\u00e7\u00e3o executiva de Pedro Longhi, e Fl\u00e1vio Wild como designer \u2013, o fot\u00f3grafo revela a beleza e as mazelas de um espa\u00e7o aqu\u00e1tico de \u00e1guas sempre renovadas, cheio de hist\u00f3rias e lendas como as das cidades que foram\u2026","rel":"","context":"Em &quot;Cultura-Geral&quot;","block_context":{"text":"Cultura-Geral","link":"https:\/\/www.jornalja.com.br\/arquivo\/category\/materiasecundaria\/"},"img":{"alt_text":"","src":"","width":0,"height":0},"classes":[]},{"id":1280,"url":"https:\/\/www.jornalja.com.br\/arquivo\/o-menino-que-se-tornou-brizola\/","url_meta":{"origin":37301,"position":1},"title":"O Menino que se Tornou Brizola","author":"da Reda\u00e7\u00e3o","date":"28 de julho de 2008","format":false,"excerpt":"Autor: Cleber Dioni A vida de Leonel Brizola, com \u00eanfase para os primeiros anos em Porto Alegre, at\u00e9 o ex\u00edlio no Uruguai e a volta, quinze anos depois. \u00a0\"...\u00c9ramos todos jovens e nos identific\u00e1vamos com aquela massa an\u00f4nima a percorrer as ruas de Porto Alegre, gritando 'Get\u00falio', 'Get\u00falio' e empunhando\u2026","rel":"","context":"Em &quot;Livros&quot;","block_context":{"text":"Livros","link":"https:\/\/www.jornalja.com.br\/arquivo\/category\/livros\/"},"img":{"alt_text":"","src":"https:\/\/i0.wp.com\/www.jornalja.com.br\/wp-content\/uploads\/2008\/07\/brizola.gif?resize=350%2C200&ssl=1","width":350,"height":200},"classes":[]},{"id":13124,"url":"https:\/\/www.jornalja.com.br\/arquivo\/sangue-latino-no-iecine\/","url_meta":{"origin":37301,"position":2},"title":"Sangue latino no IECINE","author":"da Reda\u00e7\u00e3o","date":"18 de maio de 2014","format":false,"excerpt":"Francisco Ribeiro O Instituto Estadual de Cinema (IECINE) tem a frente, desde abril \u00faltimo, um novo diretor, o cineasta colombiano Juan Zapata, 36, que substitui Luiz Alberto Cassol. Radicado h\u00e1 dez anos em Porto Alegre, Zapata tem diante de si o desafio de conduzir at\u00e9 o final do ano um\u2026","rel":"","context":"Em &quot;Cultura-Geral&quot;","block_context":{"text":"Cultura-Geral","link":"https:\/\/www.jornalja.com.br\/arquivo\/category\/materiasecundaria\/"},"img":{"alt_text":"","src":"","width":0,"height":0},"classes":[]},{"id":5440,"url":"https:\/\/www.jornalja.com.br\/arquivo\/casarao-da-venancio-destino-permanece-incerto\/","url_meta":{"origin":37301,"position":3},"title":"Estado ainda n\u00e3o sabe o que fazer com casar\u00e3o abandonado h\u00e1 20 anos","author":"Elmar Bones","date":"6 de julho de 2009","format":false,"excerpt":"O casar\u00e3o amarelo, numa esquina nobre de Porto Alegre (Ven\u00e2ncio Aires com Jo\u00e3o Pessoa), j\u00e1 abrigou uma escola. H\u00e1 duas d\u00e9cadas, pelo menos, est\u00e1 abandonado, porque seu propriet\u00e1rio, o governo do Estado do Rio Grande do Sul, n\u00e3o consegue achar um destino para ele. Planos n\u00e3o faltaram. O governador Ol\u00edvio\u2026","rel":"","context":"Em &quot;X.Categorias velhas&quot;","block_context":{"text":"X.Categorias velhas","link":"https:\/\/www.jornalja.com.br\/arquivo\/category\/x-categorias-velhas\/"},"img":{"alt_text":"geraldo1","src":"https:\/\/i0.wp.com\/www.jornalja.com.br\/wp-content\/uploads\/2009\/07\/geraldo1.jpg?resize=350%2C200&ssl=1","width":350,"height":200},"classes":[]},{"id":13240,"url":"https:\/\/www.jornalja.com.br\/arquivo\/plano-diretor-estamos-construindo-o-caos\/","url_meta":{"origin":37301,"position":4},"title":"Plano diretor: &quot;Estamos construindo o caos&quot;","author":"Patr\u00edcia Marini","date":"26 de maio de 2014","format":false,"excerpt":"Desabafo que arquiteta Eliana Castilhos, delegada da Regi\u00e3o de Planejamento 1, postou nas redes sociais \u00e9 um testemunho do ambiente que se criou no Conselho do Plano Diretor de Porto Alegre, onde a aprova\u00e7\u00e3o de grandes empreendimentos \u00e9 empurrada guela abaixo dos conselheiros. Ao CMDUA Como delegada da Regi\u00e3o de\u2026","rel":"","context":"Em &quot;Geral&quot;","block_context":{"text":"Geral","link":"https:\/\/www.jornalja.com.br\/arquivo\/category\/geral\/"},"img":{"alt_text":"","src":"","width":0,"height":0},"classes":[]},{"id":13109,"url":"https:\/\/www.jornalja.com.br\/arquivo\/judiciario-reconhece-poluicao-eletromagnetica\/","url_meta":{"origin":37301,"position":5},"title":"Judici\u00e1rio reconhece polui\u00e7\u00e3o eletromagn\u00e9tica","author":"Patr\u00edcia Marini","date":"16 de maio de 2014","format":false,"excerpt":"A\u00e7\u00e3o de duas associa\u00e7\u00f5es de moradores foi acolhida pelo Tribunal de Justi\u00e7a de S\u00e3o Paulo que. em decis\u00e3o in\u00e9dita, determinou a redu\u00e7\u00e3o do campo eletromagn\u00e9tico gerado pelas linhas de transmiss\u00e3o de energia que cortam os bairros City Boa\u00e7ava e Alto de Pinheiros. \u00c9 a primeira vez que um tribunal do\u2026","rel":"","context":"Em &quot;X.Categorias velhas&quot;","block_context":{"text":"X.Categorias velhas","link":"https:\/\/www.jornalja.com.br\/arquivo\/category\/x-categorias-velhas\/"},"img":{"alt_text":"","src":"","width":0,"height":0},"classes":[]}],"jetpack_shortlink":"https:\/\/wp.me\/pbQjBd-9HD","jetpack_featured_media_url":"","_links":{"self":[{"href":"https:\/\/www.jornalja.com.br\/arquivo\/wp-json\/wp\/v2\/posts\/37301","targetHints":{"allow":["GET"]}}],"collection":[{"href":"https:\/\/www.jornalja.com.br\/arquivo\/wp-json\/wp\/v2\/posts"}],"about":[{"href":"https:\/\/www.jornalja.com.br\/arquivo\/wp-json\/wp\/v2\/types\/post"}],"author":[{"embeddable":true,"href":"https:\/\/www.jornalja.com.br\/arquivo\/wp-json\/wp\/v2\/users\/4"}],"replies":[{"embeddable":true,"href":"https:\/\/www.jornalja.com.br\/arquivo\/wp-json\/wp\/v2\/comments?post=37301"}],"version-history":[{"count":0,"href":"https:\/\/www.jornalja.com.br\/arquivo\/wp-json\/wp\/v2\/posts\/37301\/revisions"}],"wp:attachment":[{"href":"https:\/\/www.jornalja.com.br\/arquivo\/wp-json\/wp\/v2\/media?parent=37301"}],"wp:term":[{"taxonomy":"category","embeddable":true,"href":"https:\/\/www.jornalja.com.br\/arquivo\/wp-json\/wp\/v2\/categories?post=37301"},{"taxonomy":"post_tag","embeddable":true,"href":"https:\/\/www.jornalja.com.br\/arquivo\/wp-json\/wp\/v2\/tags?post=37301"}],"curies":[{"name":"wp","href":"https:\/\/api.w.org\/{rel}","templated":true}]}}