{"id":37343,"date":"2016-08-04T13:17:42","date_gmt":"2016-08-04T16:17:42","guid":{"rendered":"https:\/\/www.jornalja.com.br\/?p=37343"},"modified":"2016-08-04T13:17:42","modified_gmt":"2016-08-04T16:17:42","slug":"senhores-da-morte-expandem-seus-negocios-pelo-mundo","status":"publish","type":"post","link":"https:\/\/www.jornalja.com.br\/arquivo\/senhores-da-morte-expandem-seus-negocios-pelo-mundo\/","title":{"rendered":"Senhores da morte expandem seus neg\u00f3cios pelo mundo"},"content":{"rendered":"<p><strong>MARIANO SENNA, de Berlim<\/strong><br \/>\n&#8220;<em><strong>No meio do caos h\u00e1 tamb\u00e9m oportunidade&#8221;, Sun Tzu, A Arte da Guerra<\/strong><\/em><br \/>\nNos tempos de crise \u00e9 que ocorrem as grandes oportunidades. A ideia \u00e9 velha, tem mais de dois mil anos. Vem da era em que Buda, Pit\u00e1goras e Conf\u00facio iluminavam os caminhos humanos na terra.<br \/>\nPelas m\u00e3os de um estrategista militar chin\u00eas (Sun Tzu) virou um cl\u00e1ssico da literatura universal, &#8220;A Arte da Guerra&#8221;, que apropriado pelos gurus do marketing moderno foi transformado em b\u00edblia do deus mercado. E a ind\u00fastria de armas confirma a validade dessa cren\u00e7a.<br \/>\nSegundo o Instituto Internacional de Pesquisa para a Paz de Estocolmo (SIPRI &#8211; http:\/\/www.sipri.org\/) o gasto com armamentos aumentou 1% no mundo todo entre 2014 e 2015.<br \/>\nParece pouco, especialmente considerando que \u00e9 o primeiro aumento global desde 2011. Mas olhando os n\u00fameros em detalhe, pode-se chegar a uma conclus\u00e3o bem diferente. O volume total em 2015 calculado pelo SIPRI \u00e9 de 1,7 trilh\u00e3o de d\u00f3lares. Valor dos gastos de governos com suas for\u00e7as armadas.<br \/>\nN\u00e3o est\u00e3o nesse c\u00e1lculo as exporta\u00e7\u00f5es e muito menos o contrabando, ou a venda ilegal de armamentos e muni\u00e7\u00f5es.<br \/>\n<img loading=\"lazy\" decoding=\"async\" class=\"size-medium wp-image-37516 alignright\" src=\"https:\/\/www.jornalja.com.br\/wp-content\/uploads\/2016\/08\/Mariano-Ilustra_1-167x300.jpg\" alt=\"Mariano Ilustra_1\" width=\"167\" height=\"300\" \/>A Alemanha, por exemplo, um dos principais fornecedores internacionais, dobrou suas exporta\u00e7\u00f5es de armas no mesmo per\u00edodo. O total recorde chegou a 8 bilh\u00f5es de d\u00f3lares, correspondente a um quinto do gasto militar do pa\u00eds.<br \/>\nCuriosamente, um dos principais contratos (U$ 1,3 bilh\u00e3o) foi assinado com a Gr\u00e3-Bretanha ainda dentro dos acordos de coopera\u00e7\u00e3o comercial da Uni\u00e3o Europ\u00e9ia.<br \/>\nMais controverso ainda \u00e9 o neg\u00f3cio com o principal cliente, o Catar. Num contrato de 1,8 bilh\u00e3o foram vendidos tanques, carros blindados, armamento pesado e muni\u00e7\u00e3o. O pa\u00eds \u00e9 conhecido na Alemanha como um dos principais financiadores do chamado &#8220;Estado Isl\u00e2mico&#8221;.<br \/>\nA bronca \u00e9 velha. H\u00e1 anos o parlamento alem\u00e3o se debate a cada novo pedido para exporta\u00e7\u00e3o feito pelas fabricantes do pa\u00eds. A legisla\u00e7\u00e3o alem\u00e3 \u00e9 considerada a mais r\u00edgida do mundo na quest\u00e3o. Para cada encomenda \u00e9 necess\u00e1ria a aprova\u00e7\u00e3o do Bundestag, que raramente nega um pedido. Tudo em nome da prosperidade econ\u00f4mica interna.<br \/>\nQuem se mete na quest\u00e3o acaba defenestrado, e por meios oficiais mesmo. O tal lobby da ind\u00fastria de armas tem tent\u00e1culos para muito al\u00e9m do legislativo.<br \/>\nFora a doa\u00e7\u00e3o para campanhas eleitorais, empresas como a <a href=\"http:\/\/www.heckler-koch.com\/en.html\">Heckler &amp; Koch (HK)<\/a> \u00a0mant\u00e9m uma equipe de advogados e contatos no judici\u00e1rio que inibem qualquer um que ouse meter-se em seus neg\u00f3cios.<br \/>\nFoi o que aconteceu com o jornalista investigativo J\u00fcrgen Gr\u00e4sslin e seus colaboradores Daniel Harrich e Danuta Zandberg-Harrich. Em Setembro 2015 eles publicaram o livro <a href=\"http:\/\/www.randomhouse.de\/Paperback\/Netzwerk-des-Todes-Das-Enthuellungsbuch-zum-TV-Ereignis-Toedliche-Exporte\/Juergen-Graesslin\/e492163.rhd#\\|biblios\">&#8220;Rede da Morte&#8221;<\/a>\u00a0pela editora Heyne.<br \/>\nA obra revela como a HK conseguiu a licen\u00e7a para vender milhares de rifles de assalto G36 para compradores suspeitos em regi\u00f5es de conflito no M\u00e9xico.<br \/>\nA documenta\u00e7\u00e3o envolve funcion\u00e1rios de pelo menos tr\u00eas minist\u00e9rios (Economia, Rela\u00e7\u00f5es Exteriores e Defesa), fora executivos da empresa e servidores de autarquias aduaneiras na Alemanha. <a href=\"http:\/\/de.wikipedia.org\/wiki\/Meister_des_Todes\">Laureados com o &#8220;Grimme-Preis&#8221; pelos filmes<\/a> que produziram com base no livro para a televis\u00e3o alem\u00e3 este ano, os autores acabaram processados pela promotoria p\u00fablica de Stuttgart, capital do Estado de Baden-W\u00fcrttenberg, sede da empresa.<br \/>\nA acusa\u00e7\u00e3o \u00e9 a de ter revelado segredos de negocia\u00e7\u00f5es comerciais protegidas pela lei. &#8220;\u00c9 uma prova de que a ind\u00fastria de armas hoje est\u00e1 mais poderosa do que nunca&#8221;, avalia Gr\u00e4sslin.<br \/>\nSegundo ele, o poder econ\u00f4mico dessas empresas torna completamente in\u00fatil o aparato de controle do Estado. O jornalista lembra do caso de exporta\u00e7\u00f5es ilegais para a Col\u00f4mbia, protagonizadas pela Sig Sauer e a Carl Walther em 2010.<br \/>\nAt\u00e9 hoje ningu\u00e9m foi responsabilizado, refor\u00e7ando a tradi\u00e7\u00e3o germ\u00e2nica de encontrar brechas na interpreta\u00e7\u00e3o das leis para justificar delitos. &#8220;N\u00e3o \u00e9 surpresa que armas de \u00fatlima gera\u00e7\u00e3o acabem nas m\u00e3os de paramilitares, milicianos e terroristas&#8221;, conclui J\u00fcrgen Gr\u00e4sslin.<br \/>\n&nbsp;<\/p>\n","protected":false},"excerpt":{"rendered":"<p>MARIANO SENNA, de Berlim &#8220;No meio do caos h\u00e1 tamb\u00e9m oportunidade&#8221;, Sun Tzu, A Arte da Guerra Nos tempos de crise \u00e9 que ocorrem as grandes oportunidades. A ideia \u00e9 velha, tem mais de dois mil anos. Vem da era em que Buda, Pit\u00e1goras e Conf\u00facio iluminavam os caminhos humanos na terra. Pelas m\u00e3os de [&hellip;]<\/p>\n","protected":false},"author":4,"featured_media":37518,"comment_status":"open","ping_status":"closed","sticky":false,"template":"","format":"standard","meta":{"_jetpack_newsletter_access":"","_jetpack_dont_email_post_to_subs":false,"_jetpack_newsletter_tier_id":0,"_jetpack_memberships_contains_paywalled_content":false,"_jetpack_feature_clip_id":0,"_jetpack_memberships_contains_paid_content":false,"footnotes":"","jetpack_post_was_ever_published":false},"categories":[10],"tags":[],"class_list":["post-37343","post","type-post","status-publish","format-standard","has-post-thumbnail","hentry","category-analiseopiniao"],"aioseo_notices":[],"aioseo_head":"\n\t\t<!-- All in One SEO 5.0.1.1 - aioseo.com -->\n\t<meta name=\"robots\" content=\"max-image-preview:large\" \/>\n\t<meta name=\"author\" content=\"da Reda\u00e7\u00e3o\"\/>\n\t<link rel=\"canonical\" href=\"https:\/\/www.jornalja.com.br\/arquivo\/senhores-da-morte-expandem-seus-negocios-pelo-mundo\/\" \/>\n\t<meta name=\"generator\" content=\"All in One SEO (AIOSEO) 5.0.1.1\" \/>\n\t\t<meta property=\"og:locale\" content=\"pt_BR\" \/>\n\t\t<meta property=\"og:site_name\" content=\"Arquivo | Jornal J\u00c1 | Porto Alegre\" \/>\n\t\t<meta property=\"og:type\" content=\"article\" \/>\n\t\t<meta property=\"og:title\" content=\"Senhores da morte expandem seus neg\u00f3cios pelo mundo | Arquivo\" \/>\n\t\t<meta property=\"og:url\" content=\"https:\/\/www.jornalja.com.br\/arquivo\/senhores-da-morte-expandem-seus-negocios-pelo-mundo\/\" \/>\n\t\t<meta property=\"og:image\" content=\"https:\/\/www.jornalja.com.br\/wp-content\/uploads\/2016\/08\/Mariano-Ilustra_1-167x300.jpg\" \/>\n\t\t<meta property=\"og:image:secure_url\" content=\"https:\/\/www.jornalja.com.br\/wp-content\/uploads\/2016\/08\/Mariano-Ilustra_1-167x300.jpg\" \/>\n\t\t<meta property=\"article:published_time\" content=\"2016-08-04T16:17:42+00:00\" \/>\n\t\t<meta property=\"article:modified_time\" content=\"2016-08-04T16:17:42+00:00\" \/>\n\t\t<meta name=\"twitter:card\" content=\"summary\" \/>\n\t\t<meta name=\"twitter:title\" content=\"Senhores da morte expandem seus neg\u00f3cios pelo mundo | Arquivo\" \/>\n\t\t<meta name=\"twitter:image\" content=\"https:\/\/www.jornalja.com.br\/economics\/wp-content\/uploads\/sites\/11\/2026\/08\/ja-folhaderosto-facebook.jpg\" \/>\n\t\t<script type=\"application\/ld+json\" class=\"aioseo-schema\">\n\t\t\t{\"@context\":\"https:\\\/\\\/schema.org\",\"@graph\":[{\"@type\":\"BlogPosting\",\"@id\":\"https:\\\/\\\/www.jornalja.com.br\\\/arquivo\\\/senhores-da-morte-expandem-seus-negocios-pelo-mundo\\\/#blogposting\",\"name\":\"Senhores da morte expandem seus neg\\u00f3cios pelo mundo | Arquivo\",\"headline\":\"Senhores da morte expandem seus neg\\u00f3cios pelo mundo\",\"author\":{\"@id\":\"https:\\\/\\\/www.jornalja.com.br\\\/arquivo\\\/author\\\/daredacao\\\/#author\"},\"publisher\":{\"@id\":\"https:\\\/\\\/www.jornalja.com.br\\\/arquivo\\\/#organization\"},\"image\":{\"@type\":\"ImageObject\",\"url\":37518},\"datePublished\":\"2016-08-04T13:17:42-03:00\",\"dateModified\":\"2016-08-04T13:17:42-03:00\",\"inLanguage\":\"pt-BR\",\"mainEntityOfPage\":{\"@id\":\"https:\\\/\\\/www.jornalja.com.br\\\/arquivo\\\/senhores-da-morte-expandem-seus-negocios-pelo-mundo\\\/#webpage\"},\"isPartOf\":{\"@id\":\"https:\\\/\\\/www.jornalja.com.br\\\/arquivo\\\/senhores-da-morte-expandem-seus-negocios-pelo-mundo\\\/#webpage\"},\"articleSection\":\"AN\\u00c1LISE&amp;OPINI\\u00c3O\"},{\"@type\":\"BreadcrumbList\",\"@id\":\"https:\\\/\\\/www.jornalja.com.br\\\/arquivo\\\/senhores-da-morte-expandem-seus-negocios-pelo-mundo\\\/#breadcrumblist\",\"itemListElement\":[{\"@type\":\"ListItem\",\"@id\":\"https:\\\/\\\/www.jornalja.com.br\\\/arquivo#listItem\",\"position\":1,\"name\":\"Home\",\"item\":\"https:\\\/\\\/www.jornalja.com.br\\\/arquivo\",\"nextItem\":{\"@type\":\"ListItem\",\"@id\":\"https:\\\/\\\/www.jornalja.com.br\\\/arquivo\\\/category\\\/analiseopiniao\\\/#listItem\",\"name\":\"AN\\u00c1LISE&amp;OPINI\\u00c3O\"}},{\"@type\":\"ListItem\",\"@id\":\"https:\\\/\\\/www.jornalja.com.br\\\/arquivo\\\/category\\\/analiseopiniao\\\/#listItem\",\"position\":2,\"name\":\"AN\\u00c1LISE&amp;OPINI\\u00c3O\",\"item\":\"https:\\\/\\\/www.jornalja.com.br\\\/arquivo\\\/category\\\/analiseopiniao\\\/\",\"nextItem\":{\"@type\":\"ListItem\",\"@id\":\"https:\\\/\\\/www.jornalja.com.br\\\/arquivo\\\/senhores-da-morte-expandem-seus-negocios-pelo-mundo\\\/#listItem\",\"name\":\"Senhores da morte expandem seus neg\\u00f3cios pelo mundo\"},\"previousItem\":{\"@type\":\"ListItem\",\"@id\":\"https:\\\/\\\/www.jornalja.com.br\\\/arquivo#listItem\",\"name\":\"Home\"}},{\"@type\":\"ListItem\",\"@id\":\"https:\\\/\\\/www.jornalja.com.br\\\/arquivo\\\/senhores-da-morte-expandem-seus-negocios-pelo-mundo\\\/#listItem\",\"position\":3,\"name\":\"Senhores da morte expandem seus neg\\u00f3cios pelo mundo\",\"previousItem\":{\"@type\":\"ListItem\",\"@id\":\"https:\\\/\\\/www.jornalja.com.br\\\/arquivo\\\/category\\\/analiseopiniao\\\/#listItem\",\"name\":\"AN\\u00c1LISE&amp;OPINI\\u00c3O\"}}]},{\"@type\":\"Organization\",\"@id\":\"https:\\\/\\\/www.jornalja.com.br\\\/arquivo\\\/#organization\",\"name\":\"Jornal J\\u00c1\",\"description\":\"Jornal J\\u00c1 | Porto Alegre\",\"url\":\"https:\\\/\\\/www.jornalja.com.br\\\/arquivo\\\/\",\"telephone\":\"+555133307272\",\"logo\":{\"@type\":\"ImageObject\",\"url\":\"https:\\\/\\\/www.jornalja.com.br\\\/wp-content\\\/uploads\\\/cards\\\/JAslogan.png\",\"@id\":\"https:\\\/\\\/www.jornalja.com.br\\\/arquivo\\\/senhores-da-morte-expandem-seus-negocios-pelo-mundo\\\/#organizationLogo\"},\"image\":{\"@id\":\"https:\\\/\\\/www.jornalja.com.br\\\/arquivo\\\/senhores-da-morte-expandem-seus-negocios-pelo-mundo\\\/#organizationLogo\"}},{\"@type\":\"Person\",\"@id\":\"https:\\\/\\\/www.jornalja.com.br\\\/arquivo\\\/author\\\/daredacao\\\/#author\",\"url\":\"https:\\\/\\\/www.jornalja.com.br\\\/arquivo\\\/author\\\/daredacao\\\/\",\"name\":\"da Reda\\u00e7\\u00e3o\",\"image\":{\"@type\":\"ImageObject\",\"@id\":\"https:\\\/\\\/www.jornalja.com.br\\\/arquivo\\\/senhores-da-morte-expandem-seus-negocios-pelo-mundo\\\/#authorImage\",\"url\":\"https:\\\/\\\/secure.gravatar.com\\\/avatar\\\/469fd857d6605ad19919d27ed29d35a968a25f6e8fd9318356bbb7f57aae9c65?s=96&d=mm&r=g\",\"width\":96,\"height\":96,\"caption\":\"da Reda\\u00e7\\u00e3o\"}},{\"@type\":\"WebPage\",\"@id\":\"https:\\\/\\\/www.jornalja.com.br\\\/arquivo\\\/senhores-da-morte-expandem-seus-negocios-pelo-mundo\\\/#webpage\",\"url\":\"https:\\\/\\\/www.jornalja.com.br\\\/arquivo\\\/senhores-da-morte-expandem-seus-negocios-pelo-mundo\\\/\",\"name\":\"Senhores da morte expandem seus neg\\u00f3cios pelo mundo | Arquivo\",\"inLanguage\":\"pt-BR\",\"isPartOf\":{\"@id\":\"https:\\\/\\\/www.jornalja.com.br\\\/arquivo\\\/#website\"},\"breadcrumb\":{\"@id\":\"https:\\\/\\\/www.jornalja.com.br\\\/arquivo\\\/senhores-da-morte-expandem-seus-negocios-pelo-mundo\\\/#breadcrumblist\"},\"author\":{\"@id\":\"https:\\\/\\\/www.jornalja.com.br\\\/arquivo\\\/author\\\/daredacao\\\/#author\"},\"creator\":{\"@id\":\"https:\\\/\\\/www.jornalja.com.br\\\/arquivo\\\/author\\\/daredacao\\\/#author\"},\"image\":{\"@type\":\"ImageObject\",\"url\":37518,\"@id\":\"https:\\\/\\\/www.jornalja.com.br\\\/arquivo\\\/senhores-da-morte-expandem-seus-negocios-pelo-mundo\\\/#mainImage\"},\"primaryImageOfPage\":{\"@id\":\"https:\\\/\\\/www.jornalja.com.br\\\/arquivo\\\/senhores-da-morte-expandem-seus-negocios-pelo-mundo\\\/#mainImage\"},\"datePublished\":\"2016-08-04T13:17:42-03:00\",\"dateModified\":\"2016-08-04T13:17:42-03:00\"},{\"@type\":\"WebSite\",\"@id\":\"https:\\\/\\\/www.jornalja.com.br\\\/arquivo\\\/#website\",\"url\":\"https:\\\/\\\/www.jornalja.com.br\\\/arquivo\\\/\",\"name\":\"Arquivo\",\"description\":\"Jornal J\\u00c1 | Porto Alegre\",\"inLanguage\":\"pt-BR\",\"publisher\":{\"@id\":\"https:\\\/\\\/www.jornalja.com.br\\\/arquivo\\\/#organization\"}}]}\n\t\t<\/script>\n\t\t<!-- All in One SEO -->\n\n","aioseo_head_json":{"title":"Senhores da morte expandem seus neg\u00f3cios pelo mundo | Arquivo","description":"","canonical_url":"https:\/\/www.jornalja.com.br\/arquivo\/senhores-da-morte-expandem-seus-negocios-pelo-mundo\/","robots":"max-image-preview:large","keywords":"","webmasterTools":{"miscellaneous":""},"schema":{"@context":"https:\/\/schema.org","@graph":[{"@type":"BlogPosting","@id":"https:\/\/www.jornalja.com.br\/arquivo\/senhores-da-morte-expandem-seus-negocios-pelo-mundo\/#blogposting","name":"Senhores da morte expandem seus neg\u00f3cios pelo mundo | Arquivo","headline":"Senhores da morte expandem seus neg\u00f3cios pelo mundo","author":{"@id":"https:\/\/www.jornalja.com.br\/arquivo\/author\/daredacao\/#author"},"publisher":{"@id":"https:\/\/www.jornalja.com.br\/arquivo\/#organization"},"image":{"@type":"ImageObject","url":37518},"datePublished":"2016-08-04T13:17:42-03:00","dateModified":"2016-08-04T13:17:42-03:00","inLanguage":"pt-BR","mainEntityOfPage":{"@id":"https:\/\/www.jornalja.com.br\/arquivo\/senhores-da-morte-expandem-seus-negocios-pelo-mundo\/#webpage"},"isPartOf":{"@id":"https:\/\/www.jornalja.com.br\/arquivo\/senhores-da-morte-expandem-seus-negocios-pelo-mundo\/#webpage"},"articleSection":"AN\u00c1LISE&amp;OPINI\u00c3O"},{"@type":"BreadcrumbList","@id":"https:\/\/www.jornalja.com.br\/arquivo\/senhores-da-morte-expandem-seus-negocios-pelo-mundo\/#breadcrumblist","itemListElement":[{"@type":"ListItem","@id":"https:\/\/www.jornalja.com.br\/arquivo#listItem","position":1,"name":"Home","item":"https:\/\/www.jornalja.com.br\/arquivo","nextItem":{"@type":"ListItem","@id":"https:\/\/www.jornalja.com.br\/arquivo\/category\/analiseopiniao\/#listItem","name":"AN\u00c1LISE&amp;OPINI\u00c3O"}},{"@type":"ListItem","@id":"https:\/\/www.jornalja.com.br\/arquivo\/category\/analiseopiniao\/#listItem","position":2,"name":"AN\u00c1LISE&amp;OPINI\u00c3O","item":"https:\/\/www.jornalja.com.br\/arquivo\/category\/analiseopiniao\/","nextItem":{"@type":"ListItem","@id":"https:\/\/www.jornalja.com.br\/arquivo\/senhores-da-morte-expandem-seus-negocios-pelo-mundo\/#listItem","name":"Senhores da morte expandem seus neg\u00f3cios pelo mundo"},"previousItem":{"@type":"ListItem","@id":"https:\/\/www.jornalja.com.br\/arquivo#listItem","name":"Home"}},{"@type":"ListItem","@id":"https:\/\/www.jornalja.com.br\/arquivo\/senhores-da-morte-expandem-seus-negocios-pelo-mundo\/#listItem","position":3,"name":"Senhores da morte expandem seus neg\u00f3cios pelo mundo","previousItem":{"@type":"ListItem","@id":"https:\/\/www.jornalja.com.br\/arquivo\/category\/analiseopiniao\/#listItem","name":"AN\u00c1LISE&amp;OPINI\u00c3O"}}]},{"@type":"Organization","@id":"https:\/\/www.jornalja.com.br\/arquivo\/#organization","name":"Jornal J\u00c1","description":"Jornal J\u00c1 | Porto Alegre","url":"https:\/\/www.jornalja.com.br\/arquivo\/","telephone":"+555133307272","logo":{"@type":"ImageObject","url":"https:\/\/www.jornalja.com.br\/wp-content\/uploads\/cards\/JAslogan.png","@id":"https:\/\/www.jornalja.com.br\/arquivo\/senhores-da-morte-expandem-seus-negocios-pelo-mundo\/#organizationLogo"},"image":{"@id":"https:\/\/www.jornalja.com.br\/arquivo\/senhores-da-morte-expandem-seus-negocios-pelo-mundo\/#organizationLogo"}},{"@type":"Person","@id":"https:\/\/www.jornalja.com.br\/arquivo\/author\/daredacao\/#author","url":"https:\/\/www.jornalja.com.br\/arquivo\/author\/daredacao\/","name":"da Reda\u00e7\u00e3o","image":{"@type":"ImageObject","@id":"https:\/\/www.jornalja.com.br\/arquivo\/senhores-da-morte-expandem-seus-negocios-pelo-mundo\/#authorImage","url":"https:\/\/secure.gravatar.com\/avatar\/469fd857d6605ad19919d27ed29d35a968a25f6e8fd9318356bbb7f57aae9c65?s=96&d=mm&r=g","width":96,"height":96,"caption":"da Reda\u00e7\u00e3o"}},{"@type":"WebPage","@id":"https:\/\/www.jornalja.com.br\/arquivo\/senhores-da-morte-expandem-seus-negocios-pelo-mundo\/#webpage","url":"https:\/\/www.jornalja.com.br\/arquivo\/senhores-da-morte-expandem-seus-negocios-pelo-mundo\/","name":"Senhores da morte expandem seus neg\u00f3cios pelo mundo | Arquivo","inLanguage":"pt-BR","isPartOf":{"@id":"https:\/\/www.jornalja.com.br\/arquivo\/#website"},"breadcrumb":{"@id":"https:\/\/www.jornalja.com.br\/arquivo\/senhores-da-morte-expandem-seus-negocios-pelo-mundo\/#breadcrumblist"},"author":{"@id":"https:\/\/www.jornalja.com.br\/arquivo\/author\/daredacao\/#author"},"creator":{"@id":"https:\/\/www.jornalja.com.br\/arquivo\/author\/daredacao\/#author"},"image":{"@type":"ImageObject","url":37518,"@id":"https:\/\/www.jornalja.com.br\/arquivo\/senhores-da-morte-expandem-seus-negocios-pelo-mundo\/#mainImage"},"primaryImageOfPage":{"@id":"https:\/\/www.jornalja.com.br\/arquivo\/senhores-da-morte-expandem-seus-negocios-pelo-mundo\/#mainImage"},"datePublished":"2016-08-04T13:17:42-03:00","dateModified":"2016-08-04T13:17:42-03:00"},{"@type":"WebSite","@id":"https:\/\/www.jornalja.com.br\/arquivo\/#website","url":"https:\/\/www.jornalja.com.br\/arquivo\/","name":"Arquivo","description":"Jornal J\u00c1 | Porto Alegre","inLanguage":"pt-BR","publisher":{"@id":"https:\/\/www.jornalja.com.br\/arquivo\/#organization"}}]},"og:locale":"pt_BR","og:site_name":"Arquivo | Jornal J\u00c1 | Porto Alegre","og:type":"article","og:title":"Senhores da morte expandem seus neg\u00f3cios pelo mundo | Arquivo","og:url":"https:\/\/www.jornalja.com.br\/arquivo\/senhores-da-morte-expandem-seus-negocios-pelo-mundo\/","og:image":"https:\/\/www.jornalja.com.br\/wp-content\/uploads\/2016\/08\/Mariano-Ilustra_1-167x300.jpg","og:image:secure_url":"https:\/\/www.jornalja.com.br\/wp-content\/uploads\/2016\/08\/Mariano-Ilustra_1-167x300.jpg","article:published_time":"2016-08-04T16:17:42+00:00","article:modified_time":"2016-08-04T16:17:42+00:00","twitter:card":"summary","twitter:title":"Senhores da morte expandem seus neg\u00f3cios pelo mundo | Arquivo","twitter:image":"https:\/\/www.jornalja.com.br\/economics\/wp-content\/uploads\/sites\/11\/2026\/08\/ja-folhaderosto-facebook.jpg"},"aioseo_meta_data":{"post_id":"37343","title":null,"description":null,"keywords":null,"keyphrases":null,"primary_term":null,"canonical_url":null,"og_title":null,"og_description":null,"og_object_type":"default","og_image_type":"default","og_image_url":null,"og_image_width":null,"og_image_height":null,"og_image_custom_url":null,"og_image_custom_fields":null,"og_video":null,"og_custom_url":null,"og_article_section":null,"og_article_tags":null,"twitter_use_og":false,"twitter_card":"default","twitter_image_type":"default","twitter_image_url":null,"twitter_image_custom_url":null,"twitter_image_custom_fields":null,"twitter_title":null,"twitter_description":null,"schema":{"blockGraphs":[],"customGraphs":[],"default":{"data":{"Article":[],"Course":[],"Dataset":[],"FAQPage":[],"Movie":[],"Person":[],"Product":[],"ProductReview":[],"Car":[],"Recipe":[],"Service":[],"SoftwareApplication":[],"WebPage":[]},"graphName":"","isEnabled":true},"graphs":[],"defaultGraph":"","defaultPostTypeGraph":""},"schema_type":null,"schema_type_options":null,"pillar_content":false,"robots_default":true,"robots_noindex":false,"robots_noarchive":false,"robots_nosnippet":false,"robots_nofollow":false,"robots_noimageindex":false,"robots_noodp":false,"robots_notranslate":false,"robots_max_snippet":null,"robots_max_videopreview":null,"robots_max_imagepreview":"large","priority":null,"frequency":null,"location":null,"local_seo":null,"breadcrumb_settings":null,"limit_modified_date":false,"ai":null,"created":"2020-12-20 20:53:40","updated":"2025-07-19 15:52:24","seo_analyzer_scan_date":null,"focus_keyword":null,"additional_keywords":null,"truseo_locale":null},"jetpack_sharing_enabled":true,"jetpack-related-posts":[{"id":13240,"url":"https:\/\/www.jornalja.com.br\/arquivo\/plano-diretor-estamos-construindo-o-caos\/","url_meta":{"origin":37343,"position":0},"title":"Plano diretor: &quot;Estamos construindo o caos&quot;","author":"Patr\u00edcia Marini","date":"26 de maio de 2014","format":false,"excerpt":"Desabafo que arquiteta Eliana Castilhos, delegada da Regi\u00e3o de Planejamento 1, postou nas redes sociais \u00e9 um testemunho do ambiente que se criou no Conselho do Plano Diretor de Porto Alegre, onde a aprova\u00e7\u00e3o de grandes empreendimentos \u00e9 empurrada guela abaixo dos conselheiros. Ao CMDUA Como delegada da Regi\u00e3o de\u2026","rel":"","context":"Em &quot;Geral&quot;","block_context":{"text":"Geral","link":"https:\/\/www.jornalja.com.br\/arquivo\/category\/geral\/"},"img":{"alt_text":"","src":"","width":0,"height":0},"classes":[]},{"id":14241,"url":"https:\/\/www.jornalja.com.br\/arquivo\/o-guaiba-nas-imagens-poeticas-de-achutti\/","url_meta":{"origin":37343,"position":1},"title":"O Gua\u00edba nas imagens po\u00e9ticas de Achutti","author":"da Reda\u00e7\u00e3o","date":"18 de junho de 2014","format":false,"excerpt":"Em \u201cO Gua\u00edba por Achutti\u201d \u2013 obra financiada via Minist\u00e9rio da Cultura, produ\u00e7\u00e3o executiva de Pedro Longhi, e Fl\u00e1vio Wild como designer \u2013, o fot\u00f3grafo revela a beleza e as mazelas de um espa\u00e7o aqu\u00e1tico de \u00e1guas sempre renovadas, cheio de hist\u00f3rias e lendas como as das cidades que foram\u2026","rel":"","context":"Em &quot;Cultura-Geral&quot;","block_context":{"text":"Cultura-Geral","link":"https:\/\/www.jornalja.com.br\/arquivo\/category\/materiasecundaria\/"},"img":{"alt_text":"","src":"","width":0,"height":0},"classes":[]},{"id":13124,"url":"https:\/\/www.jornalja.com.br\/arquivo\/sangue-latino-no-iecine\/","url_meta":{"origin":37343,"position":2},"title":"Sangue latino no IECINE","author":"da Reda\u00e7\u00e3o","date":"18 de maio de 2014","format":false,"excerpt":"Francisco Ribeiro O Instituto Estadual de Cinema (IECINE) tem a frente, desde abril \u00faltimo, um novo diretor, o cineasta colombiano Juan Zapata, 36, que substitui Luiz Alberto Cassol. Radicado h\u00e1 dez anos em Porto Alegre, Zapata tem diante de si o desafio de conduzir at\u00e9 o final do ano um\u2026","rel":"","context":"Em &quot;Cultura-Geral&quot;","block_context":{"text":"Cultura-Geral","link":"https:\/\/www.jornalja.com.br\/arquivo\/category\/materiasecundaria\/"},"img":{"alt_text":"","src":"","width":0,"height":0},"classes":[]}],"jetpack_shortlink":"https:\/\/wp.me\/pbQjBd-9Ij","jetpack_featured_media_url":"","_links":{"self":[{"href":"https:\/\/www.jornalja.com.br\/arquivo\/wp-json\/wp\/v2\/posts\/37343","targetHints":{"allow":["GET"]}}],"collection":[{"href":"https:\/\/www.jornalja.com.br\/arquivo\/wp-json\/wp\/v2\/posts"}],"about":[{"href":"https:\/\/www.jornalja.com.br\/arquivo\/wp-json\/wp\/v2\/types\/post"}],"author":[{"embeddable":true,"href":"https:\/\/www.jornalja.com.br\/arquivo\/wp-json\/wp\/v2\/users\/4"}],"replies":[{"embeddable":true,"href":"https:\/\/www.jornalja.com.br\/arquivo\/wp-json\/wp\/v2\/comments?post=37343"}],"version-history":[{"count":0,"href":"https:\/\/www.jornalja.com.br\/arquivo\/wp-json\/wp\/v2\/posts\/37343\/revisions"}],"wp:attachment":[{"href":"https:\/\/www.jornalja.com.br\/arquivo\/wp-json\/wp\/v2\/media?parent=37343"}],"wp:term":[{"taxonomy":"category","embeddable":true,"href":"https:\/\/www.jornalja.com.br\/arquivo\/wp-json\/wp\/v2\/categories?post=37343"},{"taxonomy":"post_tag","embeddable":true,"href":"https:\/\/www.jornalja.com.br\/arquivo\/wp-json\/wp\/v2\/tags?post=37343"}],"curies":[{"name":"wp","href":"https:\/\/api.w.org\/{rel}","templated":true}]}}