{"id":37486,"date":"2016-08-04T12:09:10","date_gmt":"2016-08-04T15:09:10","guid":{"rendered":"https:\/\/www.jornalja.com.br\/?p=37486"},"modified":"2016-08-04T12:09:10","modified_gmt":"2016-08-04T15:09:10","slug":"artistas-de-rua-rebelam-se-conta-minuta-de-melo-sobre-uso-do-espaco-publico","status":"publish","type":"post","link":"https:\/\/www.jornalja.com.br\/arquivo\/artistas-de-rua-rebelam-se-conta-minuta-de-melo-sobre-uso-do-espaco-publico\/","title":{"rendered":"Artistas de rua rebelam-se contra minuta de Melo sobre uso do espa\u00e7o p\u00fablico"},"content":{"rendered":"<p>Matheus Chaparini<br \/>\nArtistas, produtores culturais e movimentos de defesa da cidade participaram na noite desta quarta-feira de uma Audi\u00eancia P\u00fablica na C\u00e2mara Municipal, para discutir o uso do espa\u00e7o p\u00fablico.<br \/>\nA audi\u00eancia foi proposta pela vereadora Fernanda Melchionna (PSOL). O que motivou o pedido foi <a href=\"https:\/\/www.jornalja.com.br\/minuta-reabre-debate-sobre-restricao-arte-na-rua\/\" target=\"_blank\" rel=\"noopener noreferrer\">uma minuta de decreto, originada\u00a0no gabinete do vice-prefeito Sebasti\u00e3o Melo<\/a>,\u00a0que criava regras para a realiza\u00e7\u00e3o de eventos de rua em Porto Alegre. A proposta veio a p\u00fablico e gerou grande debate, principalmente entre a classe art\u00edstica.<br \/>\n<figure id=\"attachment_37497\" aria-describedby=\"caption-attachment-37497\" style=\"width: 300px\" class=\"wp-caption alignleft\"><img loading=\"lazy\" decoding=\"async\" class=\"size-medium wp-image-37497\" src=\"https:\/\/www.jornalja.com.br\/wp-content\/uploads\/2016\/08\/DSC_0315-1_edited-300x202.jpg\" alt=\"Marzulo, Passos, Melchiona, Bordin e Cunha formaram a mesa inicial Foto Tha\u00eds Ratier\" width=\"300\" height=\"202\" \/><figcaption id=\"caption-attachment-37497\" class=\"wp-caption-text\">Marzulo, Passos, Melchiona, Bordin e Cunha formaram a mesa inicial Foto Tha\u00eds Ratier<\/figcaption><\/figure><br \/>\nA mesa foi composta por Ricardo Bordin, representando o grupo Arteiros de Rua, F\u00e1bio Cunha, presidente do Sated-RS (Sindicato dos Artistas e T\u00e9cnicos de Espet\u00e1culos de Divers\u00f5es), Rafael Passos, vice-presidente do IAB-RS (Instituto dos Arquitetos do Brasil) e o professor da UFRGS, Eber Marzulo. Da Prefeitura, foram Ada Raquel Shwartz, arquiteta da Smurb, e Rosimeri Chaves, do gabinete do vice-prefeito.<br \/>\nO tema espec\u00edfico da audi\u00eancia gerou um impasse inicial. A vereadora proponente afirmou ter convidado a Prefeitura, avisando que seria uma audi\u00eancia para discutir a minuta de decreto. Por outro lado, as representantes da Prefeitura afirmavam terem sido chamadas para discutir o uso dos espa\u00e7os p\u00fablicos. E assim come\u00e7aram. Com a arquiteta Ada Raquel Schwartz,<br \/>\n<figure id=\"attachment_37498\" aria-describedby=\"caption-attachment-37498\" style=\"width: 300px\" class=\"wp-caption alignright\"><img loading=\"lazy\" decoding=\"async\" class=\"size-medium wp-image-37498\" src=\"https:\/\/www.jornalja.com.br\/wp-content\/uploads\/2016\/08\/DSC_0058_edited-300x201.jpg\" alt=\"Explana\u00e7\u00e3o conceitual sobre espa\u00e7os p\u00fablicos irritou a plateia \/ Foto Tha\u00eds Ratier\" width=\"300\" height=\"201\" \/><figcaption id=\"caption-attachment-37498\" class=\"wp-caption-text\">Explana\u00e7\u00e3o conceitual sobre espa\u00e7os p\u00fablicos irritou a plateia \/ Foto Tha\u00eds Ratier<\/figcaption><\/figure><br \/>\nacompanhada de uma apresenta\u00e7\u00e3o em power point, fazendo uma explana\u00e7\u00e3o conceitual sobre o uso dos espa\u00e7os p\u00fablicos. Ao que algu\u00e9m interrompeu da plateia: \u201cViemos aqui para ouvir a posi\u00e7\u00e3o do governo sobre a minuta criada pelo pr\u00f3prio governo. Se n\u00e3o tiver uma posi\u00e7\u00e3o, que fique claro e registrado nos anais da casa.\u201d<br \/>\nEm seguida quem falou foi a outra representante do poder p\u00fablico municipal, Rosimeri Chaves. \u201cEsta minuta \u00e9 uma minuta, n\u00e3o pode ser tema de debate porque n\u00e3o est\u00e1 conclu\u00edda\u201d, explicou. Sua fala gerou um burburinho na plateia e ela chegou a interromper o discurso. Ap\u00f3s retomar, Rosimeri reiterou o argumento de\u00a0Melo, de que a minuta n\u00e3o visa os artistas de rua, mas organizar e desburocratizar o sistema de requerimento de eventos na cidade.\u00a0 \u201cHoje \u00e9 ca\u00f3tico. Tem que fazer solicita\u00e7\u00e3o em v\u00e1rias secretarias. Queremos fazer um sistema onde o cidad\u00e3o fa\u00e7a o requerimento pela internet e a autoriza\u00e7\u00e3o saia on line.\u201d<br \/>\n<span class=\"intertit\">Aus\u00eancia de Melo foi criticada<\/span><br \/>\nA aus\u00eancia do vice-prefeito Sebasti\u00e3o Melo, de cujo gabinete partiu a minuta, do prefeito Jos\u00e9 Fortunati e do secret\u00e1rio da Cultura, foi criticada por diversos presentes. O m\u00fasico Ricardo Bordin agradeceu a explana\u00e7\u00e3o dos aspectos<br \/>\n<figure id=\"attachment_37499\" aria-describedby=\"caption-attachment-37499\" style=\"width: 300px\" class=\"wp-caption alignleft\"><img loading=\"lazy\" decoding=\"async\" class=\"size-medium wp-image-37499\" src=\"https:\/\/www.jornalja.com.br\/wp-content\/uploads\/2016\/08\/DSC_0134_edited-300x201.jpg\" alt=\"Bordin, Cunha e Rosimeri, na mesa \/ Foto Tha\u00eds Ratier\" width=\"300\" height=\"201\" \/><figcaption id=\"caption-attachment-37499\" class=\"wp-caption-text\">Bordin, Cunha e Rosimeri, na mesa \/ Foto Tha\u00eds Ratier<\/figcaption><\/figure><br \/>\nt\u00e9cnicos e te\u00f3ricos, mas afirmou que o que o grupo queria era a presen\u00e7a do vice-prefeito. \u201cVim debater desdobramento pol\u00edticos, n\u00e3o termos t\u00e9cnicos. \u00c9 praxe a Prefeitura mandar seus bois de piranha.\u201d A vereadora Fernanda Melchionna lamentou: \u00a0\u201cRespeitamos o trabalho dos servidores, mas infelizmente n\u00e3o est\u00e1 aqui quem deveria, o secret\u00e1rio, o prefeito, o vice.\u201d<br \/>\nPara Bordin, a proposta constitui um ato pol\u00edtico e assemelha-se a iniciativas j\u00e1 adotadas em outras cidades. \u201cMesmo que se procure travestir este decreto de uma imparcialidade que n\u00e3o existe, a gente viaja e sabe como \u00e9 em outras cidades: tem que pagar pra se apresentar na rua.\u201d<br \/>\nO professor Eber Marzulo classificou a minuta de decreto como desnecess\u00e1ria e afirmou n\u00e3o fazer sentido criar um grupo para discutir a proposta. \u201cO esp\u00edrito do decreto tem uma contradi\u00e7\u00e3o em rela\u00e7\u00e3o ao esp\u00edrito do Estado. Cabe ao Estado garantir o uso do espa\u00e7o publico\u201d, afirmou.<br \/>\nMarzulo citou ainda um ponto pouco abordado da quest\u00e3o. Os recursos arrecadados com a cobran\u00e7a pelo uso do espa\u00e7o p\u00fablico iriam, segundo a proposta, para um fundo destinado ao projeto de retirada das carro\u00e7as das ruas de Porto Alegre, tamb\u00e9m de autoria do ent\u00e3o vereador Sebasti\u00e3o Melo. O urbanista classificou a Lei das Carro\u00e7as como outro movimento de elitiza\u00e7\u00e3o do espa\u00e7o p\u00fablico. \u201cVai na contram\u00e3o da hist\u00f3ria da cidade\u201d, concluiu Marzulo.<br \/>\nO presidente do Sated-RS, F\u00e1bio Cunha, chamou aten\u00e7\u00e3o para o aspecto transgressor da arte. \u201cCad\u00ea os artistas neste projeto? Cad\u00ea a arte? A arte quer parar no tr\u00e2nsito, na contram\u00e3o. Est\u00e1 na constitui\u00e7\u00e3o, eu n\u00e3o preciso de autoriza\u00e7\u00e3o para me apresentar na rua.\u201d<br \/>\nO vice-presidente do IAB, Rafael Passos, avaliou que, em um contexto de surgimento de novas formas de ocupa\u00e7\u00e3o do espa\u00e7o p\u00fablico no mundo inteiro, \u00e9 \u201cimpratic\u00e1vel qualquer regulamenta\u00e7\u00e3o.\u201d Rafael recordou <a href=\"https:\/\/www.jornalja.com.br\/artistas-de-rua-pressionam-prefeitura-por-liberdade-de-atuacao\/\" target=\"_blank\" rel=\"noopener noreferrer\">a audi\u00eancia p\u00fablica realizada h\u00e1 cerca de um ano<\/a> no Teatro Renascen\u00e7a, quando a Prefeitura prop\u00f4s a cria\u00e7\u00e3o de um grupo de trabalho para discutir uma minuta de decreto que regulamentava a Lei dos Artistas de Rua. Segundo ele, o IAB se colocou \u00e0 disposi\u00e7\u00e3o, mas nunca foi procurado pelo poder p\u00fablico municipal.<br \/>\nPassos mostrou preocupa\u00e7\u00e3o em rela\u00e7\u00e3o ao teor do projeto. \u201cAbre espa\u00e7o pro autorit\u00e1rio, pro arbitr\u00e1rio, isso \u00e9 o mais perigoso!&#8221;, afirmou, citando a restri\u00e7\u00e3o ao uso de tambores no Largo Zumbi dos Palmares, proposta na minuta, como exemplo.<br \/>\n<span class=\"intertit\">Carnaval de rua levou multa de tr\u00e2nsito<\/span><br \/>\nAp\u00f3s as exposi\u00e7\u00f5es da mesa, foram abertas inscri\u00e7\u00f5es para o p\u00fablico. O ator Thiago Lazzeri, do Bloco da Laje, relatou um caso emblem\u00e1tico \u201cpara mostrar a bagun\u00e7a que \u00e9 a Prefeitura\u201d. No carnaval de 2016, o Bloco da Laje pediu autoriza\u00e7\u00e3o da EPTC para desfilar. Segundo ele, todos os anos o bloco pede e, at\u00e9 ent\u00e3o, nunca haviam tido problemas. \u201cMas desta vez eles disseram que n\u00e3o dariam autoriza\u00e7\u00e3o e n\u00e3o fariam escolta.\u201d<br \/>\nMesmo sem o carimbo, o bloco foi para a rua, mas depois veio a conta: uma multa de R$ 2 mil. \u201cUm bloco de carnaval foi multado por obstruir vias! N\u00e3o parece absurdo?\u201d, questionou.<\/p>\n","protected":false},"excerpt":{"rendered":"<p>Matheus Chaparini Artistas, produtores culturais e movimentos de defesa da cidade participaram na noite desta quarta-feira de uma Audi\u00eancia P\u00fablica na C\u00e2mara Municipal, para discutir o uso do espa\u00e7o p\u00fablico. A audi\u00eancia foi proposta pela vereadora Fernanda Melchionna (PSOL). O que motivou o pedido foi uma minuta de decreto, originada\u00a0no gabinete do vice-prefeito Sebasti\u00e3o Melo,\u00a0que [&hellip;]<\/p>\n","protected":false},"author":4,"featured_media":37496,"comment_status":"open","ping_status":"closed","sticky":false,"template":"","format":"standard","meta":{"_jetpack_newsletter_access":"","_jetpack_dont_email_post_to_subs":false,"_jetpack_newsletter_tier_id":0,"_jetpack_memberships_contains_paywalled_content":false,"_jetpack_feature_clip_id":0,"_jetpack_memberships_contains_paid_content":false,"footnotes":"","jetpack_post_was_ever_published":false},"categories":[11],"tags":[],"class_list":["post-37486","post","type-post","status-publish","format-standard","has-post-thumbnail","hentry","category-materiasecundaria"],"aioseo_notices":[],"aioseo_head":"\n\t\t<!-- All in One SEO 5.0.1.1 - aioseo.com -->\n\t<meta name=\"robots\" content=\"max-image-preview:large\" \/>\n\t<meta name=\"author\" content=\"da Reda\u00e7\u00e3o\"\/>\n\t<link rel=\"canonical\" href=\"https:\/\/www.jornalja.com.br\/arquivo\/artistas-de-rua-rebelam-se-conta-minuta-de-melo-sobre-uso-do-espaco-publico\/\" \/>\n\t<meta name=\"generator\" content=\"All in One SEO (AIOSEO) 5.0.1.1\" \/>\n\t\t<meta property=\"og:locale\" content=\"pt_BR\" \/>\n\t\t<meta property=\"og:site_name\" content=\"Arquivo | Jornal J\u00c1 | Porto Alegre\" \/>\n\t\t<meta property=\"og:type\" content=\"article\" \/>\n\t\t<meta property=\"og:title\" content=\"Artistas de rua rebelam-se contra minuta de Melo sobre uso do espa\u00e7o p\u00fablico | Arquivo\" \/>\n\t\t<meta property=\"og:url\" content=\"https:\/\/www.jornalja.com.br\/arquivo\/artistas-de-rua-rebelam-se-conta-minuta-de-melo-sobre-uso-do-espaco-publico\/\" \/>\n\t\t<meta property=\"og:image\" content=\"https:\/\/www.jornalja.com.br\/wp-content\/uploads\/2016\/08\/DSC_0315-1_edited-300x202.jpg\" \/>\n\t\t<meta property=\"og:image:secure_url\" content=\"https:\/\/www.jornalja.com.br\/wp-content\/uploads\/2016\/08\/DSC_0315-1_edited-300x202.jpg\" \/>\n\t\t<meta property=\"article:published_time\" content=\"2016-08-04T15:09:10+00:00\" \/>\n\t\t<meta property=\"article:modified_time\" content=\"2016-08-04T15:09:10+00:00\" \/>\n\t\t<meta name=\"twitter:card\" content=\"summary\" \/>\n\t\t<meta name=\"twitter:title\" content=\"Artistas de rua rebelam-se contra minuta de Melo sobre uso do espa\u00e7o p\u00fablico | Arquivo\" \/>\n\t\t<meta name=\"twitter:image\" content=\"https:\/\/www.jornalja.com.br\/economics\/wp-content\/uploads\/sites\/11\/2026\/08\/ja-folhaderosto-facebook.jpg\" \/>\n\t\t<script type=\"application\/ld+json\" class=\"aioseo-schema\">\n\t\t\t{\"@context\":\"https:\\\/\\\/schema.org\",\"@graph\":[{\"@type\":\"BlogPosting\",\"@id\":\"https:\\\/\\\/www.jornalja.com.br\\\/arquivo\\\/artistas-de-rua-rebelam-se-conta-minuta-de-melo-sobre-uso-do-espaco-publico\\\/#blogposting\",\"name\":\"Artistas de rua rebelam-se contra minuta de Melo sobre uso do espa\\u00e7o p\\u00fablico | Arquivo\",\"headline\":\"Artistas de rua rebelam-se contra minuta de Melo sobre uso do espa\\u00e7o p\\u00fablico\",\"author\":{\"@id\":\"https:\\\/\\\/www.jornalja.com.br\\\/arquivo\\\/author\\\/daredacao\\\/#author\"},\"publisher\":{\"@id\":\"https:\\\/\\\/www.jornalja.com.br\\\/arquivo\\\/#organization\"},\"image\":{\"@type\":\"ImageObject\",\"url\":37496},\"datePublished\":\"2016-08-04T12:09:10-03:00\",\"dateModified\":\"2016-08-04T12:09:10-03:00\",\"inLanguage\":\"pt-BR\",\"mainEntityOfPage\":{\"@id\":\"https:\\\/\\\/www.jornalja.com.br\\\/arquivo\\\/artistas-de-rua-rebelam-se-conta-minuta-de-melo-sobre-uso-do-espaco-publico\\\/#webpage\"},\"isPartOf\":{\"@id\":\"https:\\\/\\\/www.jornalja.com.br\\\/arquivo\\\/artistas-de-rua-rebelam-se-conta-minuta-de-melo-sobre-uso-do-espaco-publico\\\/#webpage\"},\"articleSection\":\"Cultura-Geral\"},{\"@type\":\"BreadcrumbList\",\"@id\":\"https:\\\/\\\/www.jornalja.com.br\\\/arquivo\\\/artistas-de-rua-rebelam-se-conta-minuta-de-melo-sobre-uso-do-espaco-publico\\\/#breadcrumblist\",\"itemListElement\":[{\"@type\":\"ListItem\",\"@id\":\"https:\\\/\\\/www.jornalja.com.br\\\/arquivo#listItem\",\"position\":1,\"name\":\"Home\",\"item\":\"https:\\\/\\\/www.jornalja.com.br\\\/arquivo\",\"nextItem\":{\"@type\":\"ListItem\",\"@id\":\"https:\\\/\\\/www.jornalja.com.br\\\/arquivo\\\/category\\\/materiasecundaria\\\/#listItem\",\"name\":\"Cultura-Geral\"}},{\"@type\":\"ListItem\",\"@id\":\"https:\\\/\\\/www.jornalja.com.br\\\/arquivo\\\/category\\\/materiasecundaria\\\/#listItem\",\"position\":2,\"name\":\"Cultura-Geral\",\"item\":\"https:\\\/\\\/www.jornalja.com.br\\\/arquivo\\\/category\\\/materiasecundaria\\\/\",\"nextItem\":{\"@type\":\"ListItem\",\"@id\":\"https:\\\/\\\/www.jornalja.com.br\\\/arquivo\\\/artistas-de-rua-rebelam-se-conta-minuta-de-melo-sobre-uso-do-espaco-publico\\\/#listItem\",\"name\":\"Artistas de rua rebelam-se contra minuta de Melo sobre uso do espa\\u00e7o p\\u00fablico\"},\"previousItem\":{\"@type\":\"ListItem\",\"@id\":\"https:\\\/\\\/www.jornalja.com.br\\\/arquivo#listItem\",\"name\":\"Home\"}},{\"@type\":\"ListItem\",\"@id\":\"https:\\\/\\\/www.jornalja.com.br\\\/arquivo\\\/artistas-de-rua-rebelam-se-conta-minuta-de-melo-sobre-uso-do-espaco-publico\\\/#listItem\",\"position\":3,\"name\":\"Artistas de rua rebelam-se contra minuta de Melo sobre uso do espa\\u00e7o p\\u00fablico\",\"previousItem\":{\"@type\":\"ListItem\",\"@id\":\"https:\\\/\\\/www.jornalja.com.br\\\/arquivo\\\/category\\\/materiasecundaria\\\/#listItem\",\"name\":\"Cultura-Geral\"}}]},{\"@type\":\"Organization\",\"@id\":\"https:\\\/\\\/www.jornalja.com.br\\\/arquivo\\\/#organization\",\"name\":\"Jornal J\\u00c1\",\"description\":\"Jornal J\\u00c1 | Porto Alegre\",\"url\":\"https:\\\/\\\/www.jornalja.com.br\\\/arquivo\\\/\",\"telephone\":\"+555133307272\",\"logo\":{\"@type\":\"ImageObject\",\"url\":\"https:\\\/\\\/www.jornalja.com.br\\\/wp-content\\\/uploads\\\/cards\\\/JAslogan.png\",\"@id\":\"https:\\\/\\\/www.jornalja.com.br\\\/arquivo\\\/artistas-de-rua-rebelam-se-conta-minuta-de-melo-sobre-uso-do-espaco-publico\\\/#organizationLogo\"},\"image\":{\"@id\":\"https:\\\/\\\/www.jornalja.com.br\\\/arquivo\\\/artistas-de-rua-rebelam-se-conta-minuta-de-melo-sobre-uso-do-espaco-publico\\\/#organizationLogo\"}},{\"@type\":\"Person\",\"@id\":\"https:\\\/\\\/www.jornalja.com.br\\\/arquivo\\\/author\\\/daredacao\\\/#author\",\"url\":\"https:\\\/\\\/www.jornalja.com.br\\\/arquivo\\\/author\\\/daredacao\\\/\",\"name\":\"da Reda\\u00e7\\u00e3o\",\"image\":{\"@type\":\"ImageObject\",\"@id\":\"https:\\\/\\\/www.jornalja.com.br\\\/arquivo\\\/artistas-de-rua-rebelam-se-conta-minuta-de-melo-sobre-uso-do-espaco-publico\\\/#authorImage\",\"url\":\"https:\\\/\\\/secure.gravatar.com\\\/avatar\\\/469fd857d6605ad19919d27ed29d35a968a25f6e8fd9318356bbb7f57aae9c65?s=96&d=mm&r=g\",\"width\":96,\"height\":96,\"caption\":\"da Reda\\u00e7\\u00e3o\"}},{\"@type\":\"WebPage\",\"@id\":\"https:\\\/\\\/www.jornalja.com.br\\\/arquivo\\\/artistas-de-rua-rebelam-se-conta-minuta-de-melo-sobre-uso-do-espaco-publico\\\/#webpage\",\"url\":\"https:\\\/\\\/www.jornalja.com.br\\\/arquivo\\\/artistas-de-rua-rebelam-se-conta-minuta-de-melo-sobre-uso-do-espaco-publico\\\/\",\"name\":\"Artistas de rua rebelam-se contra minuta de Melo sobre uso do espa\\u00e7o p\\u00fablico | Arquivo\",\"inLanguage\":\"pt-BR\",\"isPartOf\":{\"@id\":\"https:\\\/\\\/www.jornalja.com.br\\\/arquivo\\\/#website\"},\"breadcrumb\":{\"@id\":\"https:\\\/\\\/www.jornalja.com.br\\\/arquivo\\\/artistas-de-rua-rebelam-se-conta-minuta-de-melo-sobre-uso-do-espaco-publico\\\/#breadcrumblist\"},\"author\":{\"@id\":\"https:\\\/\\\/www.jornalja.com.br\\\/arquivo\\\/author\\\/daredacao\\\/#author\"},\"creator\":{\"@id\":\"https:\\\/\\\/www.jornalja.com.br\\\/arquivo\\\/author\\\/daredacao\\\/#author\"},\"image\":{\"@type\":\"ImageObject\",\"url\":37496,\"@id\":\"https:\\\/\\\/www.jornalja.com.br\\\/arquivo\\\/artistas-de-rua-rebelam-se-conta-minuta-de-melo-sobre-uso-do-espaco-publico\\\/#mainImage\"},\"primaryImageOfPage\":{\"@id\":\"https:\\\/\\\/www.jornalja.com.br\\\/arquivo\\\/artistas-de-rua-rebelam-se-conta-minuta-de-melo-sobre-uso-do-espaco-publico\\\/#mainImage\"},\"datePublished\":\"2016-08-04T12:09:10-03:00\",\"dateModified\":\"2016-08-04T12:09:10-03:00\"},{\"@type\":\"WebSite\",\"@id\":\"https:\\\/\\\/www.jornalja.com.br\\\/arquivo\\\/#website\",\"url\":\"https:\\\/\\\/www.jornalja.com.br\\\/arquivo\\\/\",\"name\":\"Arquivo\",\"description\":\"Jornal J\\u00c1 | Porto Alegre\",\"inLanguage\":\"pt-BR\",\"publisher\":{\"@id\":\"https:\\\/\\\/www.jornalja.com.br\\\/arquivo\\\/#organization\"}}]}\n\t\t<\/script>\n\t\t<!-- All in One SEO -->\n\n","aioseo_head_json":{"title":"Artistas de rua rebelam-se contra minuta de Melo sobre uso do espa\u00e7o p\u00fablico | Arquivo","description":"","canonical_url":"https:\/\/www.jornalja.com.br\/arquivo\/artistas-de-rua-rebelam-se-conta-minuta-de-melo-sobre-uso-do-espaco-publico\/","robots":"max-image-preview:large","keywords":"","webmasterTools":{"miscellaneous":""},"schema":{"@context":"https:\/\/schema.org","@graph":[{"@type":"BlogPosting","@id":"https:\/\/www.jornalja.com.br\/arquivo\/artistas-de-rua-rebelam-se-conta-minuta-de-melo-sobre-uso-do-espaco-publico\/#blogposting","name":"Artistas de rua rebelam-se contra minuta de Melo sobre uso do espa\u00e7o p\u00fablico | Arquivo","headline":"Artistas de rua rebelam-se contra minuta de Melo sobre uso do espa\u00e7o p\u00fablico","author":{"@id":"https:\/\/www.jornalja.com.br\/arquivo\/author\/daredacao\/#author"},"publisher":{"@id":"https:\/\/www.jornalja.com.br\/arquivo\/#organization"},"image":{"@type":"ImageObject","url":37496},"datePublished":"2016-08-04T12:09:10-03:00","dateModified":"2016-08-04T12:09:10-03:00","inLanguage":"pt-BR","mainEntityOfPage":{"@id":"https:\/\/www.jornalja.com.br\/arquivo\/artistas-de-rua-rebelam-se-conta-minuta-de-melo-sobre-uso-do-espaco-publico\/#webpage"},"isPartOf":{"@id":"https:\/\/www.jornalja.com.br\/arquivo\/artistas-de-rua-rebelam-se-conta-minuta-de-melo-sobre-uso-do-espaco-publico\/#webpage"},"articleSection":"Cultura-Geral"},{"@type":"BreadcrumbList","@id":"https:\/\/www.jornalja.com.br\/arquivo\/artistas-de-rua-rebelam-se-conta-minuta-de-melo-sobre-uso-do-espaco-publico\/#breadcrumblist","itemListElement":[{"@type":"ListItem","@id":"https:\/\/www.jornalja.com.br\/arquivo#listItem","position":1,"name":"Home","item":"https:\/\/www.jornalja.com.br\/arquivo","nextItem":{"@type":"ListItem","@id":"https:\/\/www.jornalja.com.br\/arquivo\/category\/materiasecundaria\/#listItem","name":"Cultura-Geral"}},{"@type":"ListItem","@id":"https:\/\/www.jornalja.com.br\/arquivo\/category\/materiasecundaria\/#listItem","position":2,"name":"Cultura-Geral","item":"https:\/\/www.jornalja.com.br\/arquivo\/category\/materiasecundaria\/","nextItem":{"@type":"ListItem","@id":"https:\/\/www.jornalja.com.br\/arquivo\/artistas-de-rua-rebelam-se-conta-minuta-de-melo-sobre-uso-do-espaco-publico\/#listItem","name":"Artistas de rua rebelam-se contra minuta de Melo sobre uso do espa\u00e7o p\u00fablico"},"previousItem":{"@type":"ListItem","@id":"https:\/\/www.jornalja.com.br\/arquivo#listItem","name":"Home"}},{"@type":"ListItem","@id":"https:\/\/www.jornalja.com.br\/arquivo\/artistas-de-rua-rebelam-se-conta-minuta-de-melo-sobre-uso-do-espaco-publico\/#listItem","position":3,"name":"Artistas de rua rebelam-se contra minuta de Melo sobre uso do espa\u00e7o p\u00fablico","previousItem":{"@type":"ListItem","@id":"https:\/\/www.jornalja.com.br\/arquivo\/category\/materiasecundaria\/#listItem","name":"Cultura-Geral"}}]},{"@type":"Organization","@id":"https:\/\/www.jornalja.com.br\/arquivo\/#organization","name":"Jornal J\u00c1","description":"Jornal J\u00c1 | Porto Alegre","url":"https:\/\/www.jornalja.com.br\/arquivo\/","telephone":"+555133307272","logo":{"@type":"ImageObject","url":"https:\/\/www.jornalja.com.br\/wp-content\/uploads\/cards\/JAslogan.png","@id":"https:\/\/www.jornalja.com.br\/arquivo\/artistas-de-rua-rebelam-se-conta-minuta-de-melo-sobre-uso-do-espaco-publico\/#organizationLogo"},"image":{"@id":"https:\/\/www.jornalja.com.br\/arquivo\/artistas-de-rua-rebelam-se-conta-minuta-de-melo-sobre-uso-do-espaco-publico\/#organizationLogo"}},{"@type":"Person","@id":"https:\/\/www.jornalja.com.br\/arquivo\/author\/daredacao\/#author","url":"https:\/\/www.jornalja.com.br\/arquivo\/author\/daredacao\/","name":"da Reda\u00e7\u00e3o","image":{"@type":"ImageObject","@id":"https:\/\/www.jornalja.com.br\/arquivo\/artistas-de-rua-rebelam-se-conta-minuta-de-melo-sobre-uso-do-espaco-publico\/#authorImage","url":"https:\/\/secure.gravatar.com\/avatar\/469fd857d6605ad19919d27ed29d35a968a25f6e8fd9318356bbb7f57aae9c65?s=96&d=mm&r=g","width":96,"height":96,"caption":"da Reda\u00e7\u00e3o"}},{"@type":"WebPage","@id":"https:\/\/www.jornalja.com.br\/arquivo\/artistas-de-rua-rebelam-se-conta-minuta-de-melo-sobre-uso-do-espaco-publico\/#webpage","url":"https:\/\/www.jornalja.com.br\/arquivo\/artistas-de-rua-rebelam-se-conta-minuta-de-melo-sobre-uso-do-espaco-publico\/","name":"Artistas de rua rebelam-se contra minuta de Melo sobre uso do espa\u00e7o p\u00fablico | Arquivo","inLanguage":"pt-BR","isPartOf":{"@id":"https:\/\/www.jornalja.com.br\/arquivo\/#website"},"breadcrumb":{"@id":"https:\/\/www.jornalja.com.br\/arquivo\/artistas-de-rua-rebelam-se-conta-minuta-de-melo-sobre-uso-do-espaco-publico\/#breadcrumblist"},"author":{"@id":"https:\/\/www.jornalja.com.br\/arquivo\/author\/daredacao\/#author"},"creator":{"@id":"https:\/\/www.jornalja.com.br\/arquivo\/author\/daredacao\/#author"},"image":{"@type":"ImageObject","url":37496,"@id":"https:\/\/www.jornalja.com.br\/arquivo\/artistas-de-rua-rebelam-se-conta-minuta-de-melo-sobre-uso-do-espaco-publico\/#mainImage"},"primaryImageOfPage":{"@id":"https:\/\/www.jornalja.com.br\/arquivo\/artistas-de-rua-rebelam-se-conta-minuta-de-melo-sobre-uso-do-espaco-publico\/#mainImage"},"datePublished":"2016-08-04T12:09:10-03:00","dateModified":"2016-08-04T12:09:10-03:00"},{"@type":"WebSite","@id":"https:\/\/www.jornalja.com.br\/arquivo\/#website","url":"https:\/\/www.jornalja.com.br\/arquivo\/","name":"Arquivo","description":"Jornal J\u00c1 | Porto Alegre","inLanguage":"pt-BR","publisher":{"@id":"https:\/\/www.jornalja.com.br\/arquivo\/#organization"}}]},"og:locale":"pt_BR","og:site_name":"Arquivo | Jornal J\u00c1 | Porto Alegre","og:type":"article","og:title":"Artistas de rua rebelam-se contra minuta de Melo sobre uso do espa\u00e7o p\u00fablico | Arquivo","og:url":"https:\/\/www.jornalja.com.br\/arquivo\/artistas-de-rua-rebelam-se-conta-minuta-de-melo-sobre-uso-do-espaco-publico\/","og:image":"https:\/\/www.jornalja.com.br\/wp-content\/uploads\/2016\/08\/DSC_0315-1_edited-300x202.jpg","og:image:secure_url":"https:\/\/www.jornalja.com.br\/wp-content\/uploads\/2016\/08\/DSC_0315-1_edited-300x202.jpg","article:published_time":"2016-08-04T15:09:10+00:00","article:modified_time":"2016-08-04T15:09:10+00:00","twitter:card":"summary","twitter:title":"Artistas de rua rebelam-se contra minuta de Melo sobre uso do espa\u00e7o p\u00fablico | Arquivo","twitter:image":"https:\/\/www.jornalja.com.br\/economics\/wp-content\/uploads\/sites\/11\/2026\/08\/ja-folhaderosto-facebook.jpg"},"aioseo_meta_data":{"post_id":"37486","title":null,"description":null,"keywords":null,"keyphrases":null,"primary_term":null,"canonical_url":null,"og_title":null,"og_description":null,"og_object_type":"default","og_image_type":"default","og_image_url":null,"og_image_width":null,"og_image_height":null,"og_image_custom_url":null,"og_image_custom_fields":null,"og_video":null,"og_custom_url":null,"og_article_section":null,"og_article_tags":null,"twitter_use_og":false,"twitter_card":"default","twitter_image_type":"default","twitter_image_url":null,"twitter_image_custom_url":null,"twitter_image_custom_fields":null,"twitter_title":null,"twitter_description":null,"schema":{"blockGraphs":[],"customGraphs":[],"default":{"data":{"Article":[],"Course":[],"Dataset":[],"FAQPage":[],"Movie":[],"Person":[],"Product":[],"ProductReview":[],"Car":[],"Recipe":[],"Service":[],"SoftwareApplication":[],"WebPage":[]},"graphName":"","isEnabled":true},"graphs":[],"defaultGraph":"","defaultPostTypeGraph":""},"schema_type":null,"schema_type_options":null,"pillar_content":false,"robots_default":true,"robots_noindex":false,"robots_noarchive":false,"robots_nosnippet":false,"robots_nofollow":false,"robots_noimageindex":false,"robots_noodp":false,"robots_notranslate":false,"robots_max_snippet":null,"robots_max_videopreview":null,"robots_max_imagepreview":"large","priority":null,"frequency":null,"location":null,"local_seo":null,"breadcrumb_settings":null,"limit_modified_date":false,"ai":null,"created":"2020-12-20 20:53:40","updated":"2025-07-19 15:48:06","seo_analyzer_scan_date":null,"focus_keyword":null,"additional_keywords":null,"truseo_locale":null},"jetpack_sharing_enabled":true,"jetpack-related-posts":[{"id":13109,"url":"https:\/\/www.jornalja.com.br\/arquivo\/judiciario-reconhece-poluicao-eletromagnetica\/","url_meta":{"origin":37486,"position":0},"title":"Judici\u00e1rio reconhece polui\u00e7\u00e3o eletromagn\u00e9tica","author":"Patr\u00edcia Marini","date":"16 de maio de 2014","format":false,"excerpt":"A\u00e7\u00e3o de duas associa\u00e7\u00f5es de moradores foi acolhida pelo Tribunal de Justi\u00e7a de S\u00e3o Paulo que. em decis\u00e3o in\u00e9dita, determinou a redu\u00e7\u00e3o do campo eletromagn\u00e9tico gerado pelas linhas de transmiss\u00e3o de energia que cortam os bairros City Boa\u00e7ava e Alto de Pinheiros. \u00c9 a primeira vez que um tribunal do\u2026","rel":"","context":"Em &quot;X.Categorias velhas&quot;","block_context":{"text":"X.Categorias velhas","link":"https:\/\/www.jornalja.com.br\/arquivo\/category\/x-categorias-velhas\/"},"img":{"alt_text":"","src":"","width":0,"height":0},"classes":[]},{"id":14241,"url":"https:\/\/www.jornalja.com.br\/arquivo\/o-guaiba-nas-imagens-poeticas-de-achutti\/","url_meta":{"origin":37486,"position":1},"title":"O Gua\u00edba nas imagens po\u00e9ticas de Achutti","author":"da Reda\u00e7\u00e3o","date":"18 de junho de 2014","format":false,"excerpt":"Em \u201cO Gua\u00edba por Achutti\u201d \u2013 obra financiada via Minist\u00e9rio da Cultura, produ\u00e7\u00e3o executiva de Pedro Longhi, e Fl\u00e1vio Wild como designer \u2013, o fot\u00f3grafo revela a beleza e as mazelas de um espa\u00e7o aqu\u00e1tico de \u00e1guas sempre renovadas, cheio de hist\u00f3rias e lendas como as das cidades que foram\u2026","rel":"","context":"Em &quot;Cultura-Geral&quot;","block_context":{"text":"Cultura-Geral","link":"https:\/\/www.jornalja.com.br\/arquivo\/category\/materiasecundaria\/"},"img":{"alt_text":"","src":"","width":0,"height":0},"classes":[]},{"id":13124,"url":"https:\/\/www.jornalja.com.br\/arquivo\/sangue-latino-no-iecine\/","url_meta":{"origin":37486,"position":2},"title":"Sangue latino no IECINE","author":"da Reda\u00e7\u00e3o","date":"18 de maio de 2014","format":false,"excerpt":"Francisco Ribeiro O Instituto Estadual de Cinema (IECINE) tem a frente, desde abril \u00faltimo, um novo diretor, o cineasta colombiano Juan Zapata, 36, que substitui Luiz Alberto Cassol. Radicado h\u00e1 dez anos em Porto Alegre, Zapata tem diante de si o desafio de conduzir at\u00e9 o final do ano um\u2026","rel":"","context":"Em &quot;Cultura-Geral&quot;","block_context":{"text":"Cultura-Geral","link":"https:\/\/www.jornalja.com.br\/arquivo\/category\/materiasecundaria\/"},"img":{"alt_text":"","src":"","width":0,"height":0},"classes":[]},{"id":13128,"url":"https:\/\/www.jornalja.com.br\/arquivo\/maconha-terra-diz-que-uso-medicinal-e-desculpa\/","url_meta":{"origin":37486,"position":3},"title":"Maconha: Terra diz que uso medicinal \u00e9 desculpa","author":"Patr\u00edcia Marini","date":"4 de junho de 2014","format":false,"excerpt":"A condi\u00e7\u00e3o de pol\u00edtico, em \u00e9poca de campanha de campanha eleitoral, tira for\u00e7a do discurso do m\u00e9dico Osmar Terra contra a legaliza\u00e7\u00e3o da maconha. A tese dele de que a libera\u00e7\u00e3o vai ampliar exponencialmente o consumo \u00e9 discutivel, o consumo \u00e9 corrente. Mas seus alertas quanto aos riscos tem que\u2026","rel":"","context":"Em &quot;X.Categorias velhas&quot;","block_context":{"text":"X.Categorias velhas","link":"https:\/\/www.jornalja.com.br\/arquivo\/category\/x-categorias-velhas\/"},"img":{"alt_text":"","src":"","width":0,"height":0},"classes":[]},{"id":13240,"url":"https:\/\/www.jornalja.com.br\/arquivo\/plano-diretor-estamos-construindo-o-caos\/","url_meta":{"origin":37486,"position":4},"title":"Plano diretor: &quot;Estamos construindo o caos&quot;","author":"Patr\u00edcia Marini","date":"26 de maio de 2014","format":false,"excerpt":"Desabafo que arquiteta Eliana Castilhos, delegada da Regi\u00e3o de Planejamento 1, postou nas redes sociais \u00e9 um testemunho do ambiente que se criou no Conselho do Plano Diretor de Porto Alegre, onde a aprova\u00e7\u00e3o de grandes empreendimentos \u00e9 empurrada guela abaixo dos conselheiros. Ao CMDUA Como delegada da Regi\u00e3o de\u2026","rel":"","context":"Em &quot;Geral&quot;","block_context":{"text":"Geral","link":"https:\/\/www.jornalja.com.br\/arquivo\/category\/geral\/"},"img":{"alt_text":"","src":"","width":0,"height":0},"classes":[]},{"id":13101,"url":"https:\/\/www.jornalja.com.br\/arquivo\/morre-um-guerreiro-do-texto\/","url_meta":{"origin":37486,"position":5},"title":"Morre um guerreiro do texto","author":"Patr\u00edcia Marini","date":"14 de maio de 2014","format":false,"excerpt":"Por Ricardo Kotscho Reproduzido do blog do autor, 11\/5\/2014; t\u00edtulo original \u201cE l\u00e1 se foi o nosso Myltainho, guerreiro do texto\u201d. Mi\u00fado e franzino, meu amigo Myltainho era um valente e inconformado guerreiro na luta contra as injusti\u00e7as sociais, a hipocrisia, as maracutaias, o autoritarismo, a intoler\u00e2ncia, a viol\u00eancia, o\u2026","rel":"","context":"Em &quot;Geral&quot;","block_context":{"text":"Geral","link":"https:\/\/www.jornalja.com.br\/arquivo\/category\/geral\/"},"img":{"alt_text":"","src":"","width":0,"height":0},"classes":[]}],"jetpack_shortlink":"https:\/\/wp.me\/pbQjBd-9KC","jetpack_featured_media_url":"","_links":{"self":[{"href":"https:\/\/www.jornalja.com.br\/arquivo\/wp-json\/wp\/v2\/posts\/37486","targetHints":{"allow":["GET"]}}],"collection":[{"href":"https:\/\/www.jornalja.com.br\/arquivo\/wp-json\/wp\/v2\/posts"}],"about":[{"href":"https:\/\/www.jornalja.com.br\/arquivo\/wp-json\/wp\/v2\/types\/post"}],"author":[{"embeddable":true,"href":"https:\/\/www.jornalja.com.br\/arquivo\/wp-json\/wp\/v2\/users\/4"}],"replies":[{"embeddable":true,"href":"https:\/\/www.jornalja.com.br\/arquivo\/wp-json\/wp\/v2\/comments?post=37486"}],"version-history":[{"count":0,"href":"https:\/\/www.jornalja.com.br\/arquivo\/wp-json\/wp\/v2\/posts\/37486\/revisions"}],"wp:attachment":[{"href":"https:\/\/www.jornalja.com.br\/arquivo\/wp-json\/wp\/v2\/media?parent=37486"}],"wp:term":[{"taxonomy":"category","embeddable":true,"href":"https:\/\/www.jornalja.com.br\/arquivo\/wp-json\/wp\/v2\/categories?post=37486"},{"taxonomy":"post_tag","embeddable":true,"href":"https:\/\/www.jornalja.com.br\/arquivo\/wp-json\/wp\/v2\/tags?post=37486"}],"curies":[{"name":"wp","href":"https:\/\/api.w.org\/{rel}","templated":true}]}}