{"id":37541,"date":"2016-08-05T12:42:18","date_gmt":"2016-08-05T15:42:18","guid":{"rendered":"https:\/\/www.jornalja.com.br\/?p=37541"},"modified":"2016-08-05T12:42:18","modified_gmt":"2016-08-05T15:42:18","slug":"amantes-dos-discos-de-vinil-ganham-uma-rede-so-para-eles-a-luvnyl","status":"publish","type":"post","link":"https:\/\/www.jornalja.com.br\/arquivo\/amantes-dos-discos-de-vinil-ganham-uma-rede-so-para-eles-a-luvnyl\/","title":{"rendered":"Amantes dos discos de vinil ganham uma rede s\u00f3 para eles, a Luvnyl"},"content":{"rendered":"<p>&nbsp;<br \/>\n&nbsp;<br \/>\nNovidade do final da d\u00e9cada de 1950, o vinil retomou seu espa\u00e7o no mercado da m\u00fasica. Concebida para os amantes do disco de vinil, uma rede social busca aproximar pessoas e gerar neg\u00f3cios: a Luvnyl \u2013 <a href=\"http:\/\/www.luvnyl.com\/\" data-saferedirecturl=\"http:\/\/www.google.com\/url?hl=pt-BR&amp;q=http:\/\/www.luvnyl.com&amp;source=gmail&amp;ust=1470421369524000&amp;usg=AFQjCNEc0zcu1j38CASfEvloa4tc9KF58w\">www.luvnyl.com<\/a> \u2013 startup criada pelos curitibanos R\u00f4mulo Troian e Lucas Stavitzki. Lan\u00e7ada oficialmente em julho, j\u00e1 tem mais de 1500 cadastrados.<br \/>\nPara os aficionados, a experi\u00eancia do vinil vai muito al\u00e9m da m\u00fasica. \u201cO vinil resgata uma rela\u00e7\u00e3o antiga com a m\u00fasica, que \u00e9 mais do que apertar um bot\u00e3o, como \u00e9 feito hoje em dia. Al\u00e9m da diferen\u00e7a sonora, existe toda a experi\u00eancia musical, que inclui o ritual de escolher um vinil na prateleira, contar sua hist\u00f3ria, colecionar e buscar pelos discos mais raros\u201d, explica R\u00f4mulo Troian, idealizador da Luvnyl e colecionador de discos h\u00e1 mais de dez anos.<br \/>\nTroian ressalta que esse movimento de valoriza\u00e7\u00e3o do disco de vinil foi o pontap\u00e9 inicial de sua ideia. \u201cO vinil \u00e9 considerado um objeto de desejo pelos colecionadores. Como encontrar os discos \u00e9 a maior dificuldade, surgiu a ideia da Luvnyl, que al\u00e9m de aproximar as pessoas com mesmo interesse, tem o objetivo de gerar neg\u00f3cios. \u00c9 um mercado em expans\u00e3o, tanto que algumas empresas est\u00e3o reativando prensas antigas e voltando a produzir os discos\u201d, conta.<br \/>\n<span class=\"intertit\">Como funciona<\/span><br \/>\nA Luvnyl \u00e9 uma plataforma digital que permite o cadastro de pessoas f\u00edsicas e com\u00e9rcios, como lojas e sebos. Os usu\u00e1rios se registram com seus dados pessoais, suas prefer\u00eancias musicais e sua<em> \u201clista de desejo\u201d, <\/em>marcando os discos que t\u00eam interesse em trocar ou comprar e adicionando os amigos.\u00a0 \u201cA rede destaca-se por ser mais que uma plataforma que une vendedores e compradores. Traz uma caracter\u00edstica mais de rede social, promovendo troca de informa\u00e7\u00f5es e aproximando pessoas com o mesmo interesse\u201d, explica R\u00f4mulo Troian.<br \/>\nA rede j\u00e1 conta com 1500 usu\u00e1rios cadastrados e mais de 10 mil discos. Cada participante atualiza sua p\u00e1gina conforme o interesse: compartilhar \u00e1lbuns favoritos, encontrar grupos de discuss\u00e3o, vender e comprar discos de outros amigos. &#8220;Queremos fazer com que os usu\u00e1rios se conhe\u00e7am e troquem ideias, contribuindo para a populariza\u00e7\u00e3o do vinil&#8221;, diz o empres\u00e1rio.<br \/>\nTroian ressalta que o p\u00fablico-alvo s\u00e3o jovens com idades entre 18 e 35 anos \u2013 que \u00e9 o p\u00fablico que movimenta o com\u00e9rcio atual de vinil.\u00a0 \u201cTemos um p\u00fablico bastante jovem, interessado em resgatar essa tradi\u00e7\u00e3o, e com possibilidade de movimentar dinheiro com esse produto. A nossa inten\u00e7\u00e3o \u00e9 fomentar esse mercado e fazer com que ele cres\u00e7a ainda mais.\u201d.<br \/>\nA rede social oferece ainda funcionalidades espec\u00edficas para sebos e lojas que vendem vinis.\u00a0 \u201cAs empresas podem criar sua pr\u00f3pria loja virtual dentro da rede. \u00c9 um diferencial bastante atrativo, pois, geralmente, os sebos s\u00e3o com\u00e9rcios pequenos, locais e sem muitos recursos. Dessa forma, passam a ter acesso a um p\u00fablico muito maior\u201d, aponta Troian.<br \/>\n&nbsp;<br \/>\n<strong>INFORMA\u00c7\u00d5ES PARA A IMPRENSA:<\/strong><br \/>\nLiterato Comunica\u00e7\u00e3o e Conte\u00fado<br \/>\n(41) 3023 6600<br \/>\n<a href=\"http:\/\/www.literatocomunicacao.com.br\/\" data-saferedirecturl=\"http:\/\/www.google.com\/url?hl=pt-BR&amp;q=http:\/\/www.literatocomunicacao.com.br&amp;source=gmail&amp;ust=1470421369524000&amp;usg=AFQjCNGsylpyQtTWQ9jI0dr-JjEr98uMgw\">www.literatocomunicacao.com.br<\/a><br \/>\nRafael Leal (41) 9812-7594<\/p>\n","protected":false},"excerpt":{"rendered":"<p>&nbsp; &nbsp; Novidade do final da d\u00e9cada de 1950, o vinil retomou seu espa\u00e7o no mercado da m\u00fasica. Concebida para os amantes do disco de vinil, uma rede social busca aproximar pessoas e gerar neg\u00f3cios: a Luvnyl \u2013 www.luvnyl.com \u2013 startup criada pelos curitibanos R\u00f4mulo Troian e Lucas Stavitzki. Lan\u00e7ada oficialmente em julho, j\u00e1 tem [&hellip;]<\/p>\n","protected":false},"author":4,"featured_media":37558,"comment_status":"open","ping_status":"closed","sticky":false,"template":"","format":"standard","meta":{"_jetpack_newsletter_access":"","_jetpack_dont_email_post_to_subs":false,"_jetpack_newsletter_tier_id":0,"_jetpack_memberships_contains_paywalled_content":false,"_jetpack_feature_clip_id":0,"_jetpack_memberships_contains_paid_content":false,"footnotes":"","jetpack_post_was_ever_published":false},"categories":[11],"tags":[],"class_list":["post-37541","post","type-post","status-publish","format-standard","has-post-thumbnail","hentry","category-materiasecundaria"],"aioseo_notices":[],"aioseo_head":"\n\t\t<!-- All in One SEO 5.0.1.1 - aioseo.com -->\n\t<meta name=\"robots\" content=\"max-image-preview:large\" \/>\n\t<meta name=\"author\" content=\"da Reda\u00e7\u00e3o\"\/>\n\t<link rel=\"canonical\" href=\"https:\/\/www.jornalja.com.br\/arquivo\/amantes-dos-discos-de-vinil-ganham-uma-rede-so-para-eles-a-luvnyl\/\" \/>\n\t<meta name=\"generator\" content=\"All in One SEO (AIOSEO) 5.0.1.1\" \/>\n\t\t<meta property=\"og:locale\" content=\"pt_BR\" \/>\n\t\t<meta property=\"og:site_name\" content=\"Arquivo | Jornal J\u00c1 | Porto Alegre\" \/>\n\t\t<meta property=\"og:type\" content=\"article\" \/>\n\t\t<meta property=\"og:title\" content=\"Amantes dos discos de vinil ganham uma rede s\u00f3 para eles, a Luvnyl | Arquivo\" \/>\n\t\t<meta property=\"og:url\" content=\"https:\/\/www.jornalja.com.br\/arquivo\/amantes-dos-discos-de-vinil-ganham-uma-rede-so-para-eles-a-luvnyl\/\" \/>\n\t\t<meta property=\"og:image\" content=\"https:\/\/www.jornalja.com.br\/economics\/wp-content\/uploads\/sites\/11\/2026\/08\/ja-folhaderosto-facebook.jpg\" \/>\n\t\t<meta property=\"og:image:secure_url\" content=\"https:\/\/www.jornalja.com.br\/economics\/wp-content\/uploads\/sites\/11\/2026\/08\/ja-folhaderosto-facebook.jpg\" \/>\n\t\t<meta property=\"article:published_time\" content=\"2016-08-05T15:42:18+00:00\" \/>\n\t\t<meta property=\"article:modified_time\" content=\"2016-08-05T15:42:18+00:00\" \/>\n\t\t<meta name=\"twitter:card\" content=\"summary\" \/>\n\t\t<meta name=\"twitter:title\" content=\"Amantes dos discos de vinil ganham uma rede s\u00f3 para eles, a Luvnyl | Arquivo\" \/>\n\t\t<meta name=\"twitter:image\" content=\"https:\/\/www.jornalja.com.br\/economics\/wp-content\/uploads\/sites\/11\/2026\/08\/ja-folhaderosto-facebook.jpg\" \/>\n\t\t<script type=\"application\/ld+json\" class=\"aioseo-schema\">\n\t\t\t{\"@context\":\"https:\\\/\\\/schema.org\",\"@graph\":[{\"@type\":\"BlogPosting\",\"@id\":\"https:\\\/\\\/www.jornalja.com.br\\\/arquivo\\\/amantes-dos-discos-de-vinil-ganham-uma-rede-so-para-eles-a-luvnyl\\\/#blogposting\",\"name\":\"Amantes dos discos de vinil ganham uma rede s\\u00f3 para eles, a Luvnyl | Arquivo\",\"headline\":\"Amantes dos discos de vinil ganham uma rede s\\u00f3 para eles, a Luvnyl\",\"author\":{\"@id\":\"https:\\\/\\\/www.jornalja.com.br\\\/arquivo\\\/author\\\/daredacao\\\/#author\"},\"publisher\":{\"@id\":\"https:\\\/\\\/www.jornalja.com.br\\\/arquivo\\\/#organization\"},\"image\":{\"@type\":\"ImageObject\",\"url\":37558},\"datePublished\":\"2016-08-05T12:42:18-03:00\",\"dateModified\":\"2016-08-05T12:42:18-03:00\",\"inLanguage\":\"pt-BR\",\"mainEntityOfPage\":{\"@id\":\"https:\\\/\\\/www.jornalja.com.br\\\/arquivo\\\/amantes-dos-discos-de-vinil-ganham-uma-rede-so-para-eles-a-luvnyl\\\/#webpage\"},\"isPartOf\":{\"@id\":\"https:\\\/\\\/www.jornalja.com.br\\\/arquivo\\\/amantes-dos-discos-de-vinil-ganham-uma-rede-so-para-eles-a-luvnyl\\\/#webpage\"},\"articleSection\":\"Cultura-Geral\"},{\"@type\":\"BreadcrumbList\",\"@id\":\"https:\\\/\\\/www.jornalja.com.br\\\/arquivo\\\/amantes-dos-discos-de-vinil-ganham-uma-rede-so-para-eles-a-luvnyl\\\/#breadcrumblist\",\"itemListElement\":[{\"@type\":\"ListItem\",\"@id\":\"https:\\\/\\\/www.jornalja.com.br\\\/arquivo#listItem\",\"position\":1,\"name\":\"Home\",\"item\":\"https:\\\/\\\/www.jornalja.com.br\\\/arquivo\",\"nextItem\":{\"@type\":\"ListItem\",\"@id\":\"https:\\\/\\\/www.jornalja.com.br\\\/arquivo\\\/category\\\/materiasecundaria\\\/#listItem\",\"name\":\"Cultura-Geral\"}},{\"@type\":\"ListItem\",\"@id\":\"https:\\\/\\\/www.jornalja.com.br\\\/arquivo\\\/category\\\/materiasecundaria\\\/#listItem\",\"position\":2,\"name\":\"Cultura-Geral\",\"item\":\"https:\\\/\\\/www.jornalja.com.br\\\/arquivo\\\/category\\\/materiasecundaria\\\/\",\"nextItem\":{\"@type\":\"ListItem\",\"@id\":\"https:\\\/\\\/www.jornalja.com.br\\\/arquivo\\\/amantes-dos-discos-de-vinil-ganham-uma-rede-so-para-eles-a-luvnyl\\\/#listItem\",\"name\":\"Amantes dos discos de vinil ganham uma rede s\\u00f3 para eles, a Luvnyl\"},\"previousItem\":{\"@type\":\"ListItem\",\"@id\":\"https:\\\/\\\/www.jornalja.com.br\\\/arquivo#listItem\",\"name\":\"Home\"}},{\"@type\":\"ListItem\",\"@id\":\"https:\\\/\\\/www.jornalja.com.br\\\/arquivo\\\/amantes-dos-discos-de-vinil-ganham-uma-rede-so-para-eles-a-luvnyl\\\/#listItem\",\"position\":3,\"name\":\"Amantes dos discos de vinil ganham uma rede s\\u00f3 para eles, a Luvnyl\",\"previousItem\":{\"@type\":\"ListItem\",\"@id\":\"https:\\\/\\\/www.jornalja.com.br\\\/arquivo\\\/category\\\/materiasecundaria\\\/#listItem\",\"name\":\"Cultura-Geral\"}}]},{\"@type\":\"Organization\",\"@id\":\"https:\\\/\\\/www.jornalja.com.br\\\/arquivo\\\/#organization\",\"name\":\"Jornal J\\u00c1\",\"description\":\"Jornal J\\u00c1 | Porto Alegre\",\"url\":\"https:\\\/\\\/www.jornalja.com.br\\\/arquivo\\\/\",\"telephone\":\"+555133307272\",\"logo\":{\"@type\":\"ImageObject\",\"url\":\"https:\\\/\\\/www.jornalja.com.br\\\/wp-content\\\/uploads\\\/cards\\\/JAslogan.png\",\"@id\":\"https:\\\/\\\/www.jornalja.com.br\\\/arquivo\\\/amantes-dos-discos-de-vinil-ganham-uma-rede-so-para-eles-a-luvnyl\\\/#organizationLogo\"},\"image\":{\"@id\":\"https:\\\/\\\/www.jornalja.com.br\\\/arquivo\\\/amantes-dos-discos-de-vinil-ganham-uma-rede-so-para-eles-a-luvnyl\\\/#organizationLogo\"}},{\"@type\":\"Person\",\"@id\":\"https:\\\/\\\/www.jornalja.com.br\\\/arquivo\\\/author\\\/daredacao\\\/#author\",\"url\":\"https:\\\/\\\/www.jornalja.com.br\\\/arquivo\\\/author\\\/daredacao\\\/\",\"name\":\"da Reda\\u00e7\\u00e3o\",\"image\":{\"@type\":\"ImageObject\",\"@id\":\"https:\\\/\\\/www.jornalja.com.br\\\/arquivo\\\/amantes-dos-discos-de-vinil-ganham-uma-rede-so-para-eles-a-luvnyl\\\/#authorImage\",\"url\":\"https:\\\/\\\/secure.gravatar.com\\\/avatar\\\/469fd857d6605ad19919d27ed29d35a968a25f6e8fd9318356bbb7f57aae9c65?s=96&d=mm&r=g\",\"width\":96,\"height\":96,\"caption\":\"da Reda\\u00e7\\u00e3o\"}},{\"@type\":\"WebPage\",\"@id\":\"https:\\\/\\\/www.jornalja.com.br\\\/arquivo\\\/amantes-dos-discos-de-vinil-ganham-uma-rede-so-para-eles-a-luvnyl\\\/#webpage\",\"url\":\"https:\\\/\\\/www.jornalja.com.br\\\/arquivo\\\/amantes-dos-discos-de-vinil-ganham-uma-rede-so-para-eles-a-luvnyl\\\/\",\"name\":\"Amantes dos discos de vinil ganham uma rede s\\u00f3 para eles, a Luvnyl | Arquivo\",\"inLanguage\":\"pt-BR\",\"isPartOf\":{\"@id\":\"https:\\\/\\\/www.jornalja.com.br\\\/arquivo\\\/#website\"},\"breadcrumb\":{\"@id\":\"https:\\\/\\\/www.jornalja.com.br\\\/arquivo\\\/amantes-dos-discos-de-vinil-ganham-uma-rede-so-para-eles-a-luvnyl\\\/#breadcrumblist\"},\"author\":{\"@id\":\"https:\\\/\\\/www.jornalja.com.br\\\/arquivo\\\/author\\\/daredacao\\\/#author\"},\"creator\":{\"@id\":\"https:\\\/\\\/www.jornalja.com.br\\\/arquivo\\\/author\\\/daredacao\\\/#author\"},\"image\":{\"@type\":\"ImageObject\",\"url\":37558,\"@id\":\"https:\\\/\\\/www.jornalja.com.br\\\/arquivo\\\/amantes-dos-discos-de-vinil-ganham-uma-rede-so-para-eles-a-luvnyl\\\/#mainImage\"},\"primaryImageOfPage\":{\"@id\":\"https:\\\/\\\/www.jornalja.com.br\\\/arquivo\\\/amantes-dos-discos-de-vinil-ganham-uma-rede-so-para-eles-a-luvnyl\\\/#mainImage\"},\"datePublished\":\"2016-08-05T12:42:18-03:00\",\"dateModified\":\"2016-08-05T12:42:18-03:00\"},{\"@type\":\"WebSite\",\"@id\":\"https:\\\/\\\/www.jornalja.com.br\\\/arquivo\\\/#website\",\"url\":\"https:\\\/\\\/www.jornalja.com.br\\\/arquivo\\\/\",\"name\":\"Arquivo\",\"description\":\"Jornal J\\u00c1 | Porto Alegre\",\"inLanguage\":\"pt-BR\",\"publisher\":{\"@id\":\"https:\\\/\\\/www.jornalja.com.br\\\/arquivo\\\/#organization\"}}]}\n\t\t<\/script>\n\t\t<!-- All in One SEO -->\n\n","aioseo_head_json":{"title":"Amantes dos discos de vinil ganham uma rede s\u00f3 para eles, a Luvnyl | Arquivo","description":"","canonical_url":"https:\/\/www.jornalja.com.br\/arquivo\/amantes-dos-discos-de-vinil-ganham-uma-rede-so-para-eles-a-luvnyl\/","robots":"max-image-preview:large","keywords":"","webmasterTools":{"miscellaneous":""},"schema":{"@context":"https:\/\/schema.org","@graph":[{"@type":"BlogPosting","@id":"https:\/\/www.jornalja.com.br\/arquivo\/amantes-dos-discos-de-vinil-ganham-uma-rede-so-para-eles-a-luvnyl\/#blogposting","name":"Amantes dos discos de vinil ganham uma rede s\u00f3 para eles, a Luvnyl | Arquivo","headline":"Amantes dos discos de vinil ganham uma rede s\u00f3 para eles, a Luvnyl","author":{"@id":"https:\/\/www.jornalja.com.br\/arquivo\/author\/daredacao\/#author"},"publisher":{"@id":"https:\/\/www.jornalja.com.br\/arquivo\/#organization"},"image":{"@type":"ImageObject","url":37558},"datePublished":"2016-08-05T12:42:18-03:00","dateModified":"2016-08-05T12:42:18-03:00","inLanguage":"pt-BR","mainEntityOfPage":{"@id":"https:\/\/www.jornalja.com.br\/arquivo\/amantes-dos-discos-de-vinil-ganham-uma-rede-so-para-eles-a-luvnyl\/#webpage"},"isPartOf":{"@id":"https:\/\/www.jornalja.com.br\/arquivo\/amantes-dos-discos-de-vinil-ganham-uma-rede-so-para-eles-a-luvnyl\/#webpage"},"articleSection":"Cultura-Geral"},{"@type":"BreadcrumbList","@id":"https:\/\/www.jornalja.com.br\/arquivo\/amantes-dos-discos-de-vinil-ganham-uma-rede-so-para-eles-a-luvnyl\/#breadcrumblist","itemListElement":[{"@type":"ListItem","@id":"https:\/\/www.jornalja.com.br\/arquivo#listItem","position":1,"name":"Home","item":"https:\/\/www.jornalja.com.br\/arquivo","nextItem":{"@type":"ListItem","@id":"https:\/\/www.jornalja.com.br\/arquivo\/category\/materiasecundaria\/#listItem","name":"Cultura-Geral"}},{"@type":"ListItem","@id":"https:\/\/www.jornalja.com.br\/arquivo\/category\/materiasecundaria\/#listItem","position":2,"name":"Cultura-Geral","item":"https:\/\/www.jornalja.com.br\/arquivo\/category\/materiasecundaria\/","nextItem":{"@type":"ListItem","@id":"https:\/\/www.jornalja.com.br\/arquivo\/amantes-dos-discos-de-vinil-ganham-uma-rede-so-para-eles-a-luvnyl\/#listItem","name":"Amantes dos discos de vinil ganham uma rede s\u00f3 para eles, a Luvnyl"},"previousItem":{"@type":"ListItem","@id":"https:\/\/www.jornalja.com.br\/arquivo#listItem","name":"Home"}},{"@type":"ListItem","@id":"https:\/\/www.jornalja.com.br\/arquivo\/amantes-dos-discos-de-vinil-ganham-uma-rede-so-para-eles-a-luvnyl\/#listItem","position":3,"name":"Amantes dos discos de vinil ganham uma rede s\u00f3 para eles, a Luvnyl","previousItem":{"@type":"ListItem","@id":"https:\/\/www.jornalja.com.br\/arquivo\/category\/materiasecundaria\/#listItem","name":"Cultura-Geral"}}]},{"@type":"Organization","@id":"https:\/\/www.jornalja.com.br\/arquivo\/#organization","name":"Jornal J\u00c1","description":"Jornal J\u00c1 | Porto Alegre","url":"https:\/\/www.jornalja.com.br\/arquivo\/","telephone":"+555133307272","logo":{"@type":"ImageObject","url":"https:\/\/www.jornalja.com.br\/wp-content\/uploads\/cards\/JAslogan.png","@id":"https:\/\/www.jornalja.com.br\/arquivo\/amantes-dos-discos-de-vinil-ganham-uma-rede-so-para-eles-a-luvnyl\/#organizationLogo"},"image":{"@id":"https:\/\/www.jornalja.com.br\/arquivo\/amantes-dos-discos-de-vinil-ganham-uma-rede-so-para-eles-a-luvnyl\/#organizationLogo"}},{"@type":"Person","@id":"https:\/\/www.jornalja.com.br\/arquivo\/author\/daredacao\/#author","url":"https:\/\/www.jornalja.com.br\/arquivo\/author\/daredacao\/","name":"da Reda\u00e7\u00e3o","image":{"@type":"ImageObject","@id":"https:\/\/www.jornalja.com.br\/arquivo\/amantes-dos-discos-de-vinil-ganham-uma-rede-so-para-eles-a-luvnyl\/#authorImage","url":"https:\/\/secure.gravatar.com\/avatar\/469fd857d6605ad19919d27ed29d35a968a25f6e8fd9318356bbb7f57aae9c65?s=96&d=mm&r=g","width":96,"height":96,"caption":"da Reda\u00e7\u00e3o"}},{"@type":"WebPage","@id":"https:\/\/www.jornalja.com.br\/arquivo\/amantes-dos-discos-de-vinil-ganham-uma-rede-so-para-eles-a-luvnyl\/#webpage","url":"https:\/\/www.jornalja.com.br\/arquivo\/amantes-dos-discos-de-vinil-ganham-uma-rede-so-para-eles-a-luvnyl\/","name":"Amantes dos discos de vinil ganham uma rede s\u00f3 para eles, a Luvnyl | Arquivo","inLanguage":"pt-BR","isPartOf":{"@id":"https:\/\/www.jornalja.com.br\/arquivo\/#website"},"breadcrumb":{"@id":"https:\/\/www.jornalja.com.br\/arquivo\/amantes-dos-discos-de-vinil-ganham-uma-rede-so-para-eles-a-luvnyl\/#breadcrumblist"},"author":{"@id":"https:\/\/www.jornalja.com.br\/arquivo\/author\/daredacao\/#author"},"creator":{"@id":"https:\/\/www.jornalja.com.br\/arquivo\/author\/daredacao\/#author"},"image":{"@type":"ImageObject","url":37558,"@id":"https:\/\/www.jornalja.com.br\/arquivo\/amantes-dos-discos-de-vinil-ganham-uma-rede-so-para-eles-a-luvnyl\/#mainImage"},"primaryImageOfPage":{"@id":"https:\/\/www.jornalja.com.br\/arquivo\/amantes-dos-discos-de-vinil-ganham-uma-rede-so-para-eles-a-luvnyl\/#mainImage"},"datePublished":"2016-08-05T12:42:18-03:00","dateModified":"2016-08-05T12:42:18-03:00"},{"@type":"WebSite","@id":"https:\/\/www.jornalja.com.br\/arquivo\/#website","url":"https:\/\/www.jornalja.com.br\/arquivo\/","name":"Arquivo","description":"Jornal J\u00c1 | Porto Alegre","inLanguage":"pt-BR","publisher":{"@id":"https:\/\/www.jornalja.com.br\/arquivo\/#organization"}}]},"og:locale":"pt_BR","og:site_name":"Arquivo | Jornal J\u00c1 | Porto Alegre","og:type":"article","og:title":"Amantes dos discos de vinil ganham uma rede s\u00f3 para eles, a Luvnyl | Arquivo","og:url":"https:\/\/www.jornalja.com.br\/arquivo\/amantes-dos-discos-de-vinil-ganham-uma-rede-so-para-eles-a-luvnyl\/","og:image":"https:\/\/www.jornalja.com.br\/economics\/wp-content\/uploads\/sites\/11\/2026\/08\/ja-folhaderosto-facebook.jpg","og:image:secure_url":"https:\/\/www.jornalja.com.br\/economics\/wp-content\/uploads\/sites\/11\/2026\/08\/ja-folhaderosto-facebook.jpg","article:published_time":"2016-08-05T15:42:18+00:00","article:modified_time":"2016-08-05T15:42:18+00:00","twitter:card":"summary","twitter:title":"Amantes dos discos de vinil ganham uma rede s\u00f3 para eles, a Luvnyl | Arquivo","twitter:image":"https:\/\/www.jornalja.com.br\/economics\/wp-content\/uploads\/sites\/11\/2026\/08\/ja-folhaderosto-facebook.jpg"},"aioseo_meta_data":{"post_id":"37541","title":null,"description":null,"keywords":null,"keyphrases":null,"primary_term":null,"canonical_url":null,"og_title":null,"og_description":null,"og_object_type":"default","og_image_type":"default","og_image_url":null,"og_image_width":null,"og_image_height":null,"og_image_custom_url":null,"og_image_custom_fields":null,"og_video":null,"og_custom_url":null,"og_article_section":null,"og_article_tags":null,"twitter_use_og":false,"twitter_card":"default","twitter_image_type":"default","twitter_image_url":null,"twitter_image_custom_url":null,"twitter_image_custom_fields":null,"twitter_title":null,"twitter_description":null,"schema":{"blockGraphs":[],"customGraphs":[],"default":{"data":{"Article":[],"Course":[],"Dataset":[],"FAQPage":[],"Movie":[],"Person":[],"Product":[],"ProductReview":[],"Car":[],"Recipe":[],"Service":[],"SoftwareApplication":[],"WebPage":[]},"graphName":"","isEnabled":true},"graphs":[]},"schema_type":null,"schema_type_options":null,"pillar_content":false,"robots_default":true,"robots_noindex":false,"robots_noarchive":false,"robots_nosnippet":false,"robots_nofollow":false,"robots_noimageindex":false,"robots_noodp":false,"robots_notranslate":false,"robots_max_snippet":null,"robots_max_videopreview":null,"robots_max_imagepreview":"large","priority":null,"frequency":null,"location":null,"local_seo":null,"breadcrumb_settings":null,"limit_modified_date":false,"ai":null,"created":"2020-12-20 20:53:40","updated":"2025-07-19 15:52:24","seo_analyzer_scan_date":null,"focus_keyword":null,"additional_keywords":null,"truseo_locale":null},"jetpack_sharing_enabled":true,"jetpack-related-posts":[{"id":13124,"url":"https:\/\/www.jornalja.com.br\/arquivo\/sangue-latino-no-iecine\/","url_meta":{"origin":37541,"position":0},"title":"Sangue latino no IECINE","author":"da Reda\u00e7\u00e3o","date":"18 de maio de 2014","format":false,"excerpt":"Francisco Ribeiro O Instituto Estadual de Cinema (IECINE) tem a frente, desde abril \u00faltimo, um novo diretor, o cineasta colombiano Juan Zapata, 36, que substitui Luiz Alberto Cassol. Radicado h\u00e1 dez anos em Porto Alegre, Zapata tem diante de si o desafio de conduzir at\u00e9 o final do ano um\u2026","rel":"","context":"Em &quot;Cultura-Geral&quot;","block_context":{"text":"Cultura-Geral","link":"https:\/\/www.jornalja.com.br\/arquivo\/category\/materiasecundaria\/"},"img":{"alt_text":"","src":"","width":0,"height":0},"classes":[]},{"id":12960,"url":"https:\/\/www.jornalja.com.br\/arquivo\/populacao-culpa-empresas-pela-greve-dos-rodoviarios\/","url_meta":{"origin":37541,"position":1},"title":"Popula\u00e7\u00e3o culpa empresas pela greve","author":"Patr\u00edcia Marini","date":"14 de fevereiro de 2014","format":false,"excerpt":"Pesquisa divulgada na edi\u00e7\u00e3o do jornal Metro desta sexta-feira,14, comprova o velho ditado: \u00e9 poss\u00edvel enganar muitos por algum tempo, mas n\u00e3o \u00e9 poss\u00edvel enganar a todos o tempo inteiro. A principal revela\u00e7\u00e3o foi que 59,8% dos entrevistados apontaram as empresas como as principais respons\u00e1veis pela grave e 46% culparam\u2026","rel":"","context":"Em &quot;X.Categorias velhas&quot;","block_context":{"text":"X.Categorias velhas","link":"https:\/\/www.jornalja.com.br\/arquivo\/category\/x-categorias-velhas\/"},"img":{"alt_text":"","src":"","width":0,"height":0},"classes":[]},{"id":13240,"url":"https:\/\/www.jornalja.com.br\/arquivo\/plano-diretor-estamos-construindo-o-caos\/","url_meta":{"origin":37541,"position":2},"title":"Plano diretor: &quot;Estamos construindo o caos&quot;","author":"Patr\u00edcia Marini","date":"26 de maio de 2014","format":false,"excerpt":"Desabafo que arquiteta Eliana Castilhos, delegada da Regi\u00e3o de Planejamento 1, postou nas redes sociais \u00e9 um testemunho do ambiente que se criou no Conselho do Plano Diretor de Porto Alegre, onde a aprova\u00e7\u00e3o de grandes empreendimentos \u00e9 empurrada guela abaixo dos conselheiros. Ao CMDUA Como delegada da Regi\u00e3o de\u2026","rel":"","context":"Em &quot;Geral&quot;","block_context":{"text":"Geral","link":"https:\/\/www.jornalja.com.br\/arquivo\/category\/geral\/"},"img":{"alt_text":"","src":"","width":0,"height":0},"classes":[]}],"jetpack_shortlink":"https:\/\/wp.me\/pbQjBd-9Lv","jetpack_featured_media_url":"","_links":{"self":[{"href":"https:\/\/www.jornalja.com.br\/arquivo\/wp-json\/wp\/v2\/posts\/37541","targetHints":{"allow":["GET"]}}],"collection":[{"href":"https:\/\/www.jornalja.com.br\/arquivo\/wp-json\/wp\/v2\/posts"}],"about":[{"href":"https:\/\/www.jornalja.com.br\/arquivo\/wp-json\/wp\/v2\/types\/post"}],"author":[{"embeddable":true,"href":"https:\/\/www.jornalja.com.br\/arquivo\/wp-json\/wp\/v2\/users\/4"}],"replies":[{"embeddable":true,"href":"https:\/\/www.jornalja.com.br\/arquivo\/wp-json\/wp\/v2\/comments?post=37541"}],"version-history":[{"count":0,"href":"https:\/\/www.jornalja.com.br\/arquivo\/wp-json\/wp\/v2\/posts\/37541\/revisions"}],"wp:attachment":[{"href":"https:\/\/www.jornalja.com.br\/arquivo\/wp-json\/wp\/v2\/media?parent=37541"}],"wp:term":[{"taxonomy":"category","embeddable":true,"href":"https:\/\/www.jornalja.com.br\/arquivo\/wp-json\/wp\/v2\/categories?post=37541"},{"taxonomy":"post_tag","embeddable":true,"href":"https:\/\/www.jornalja.com.br\/arquivo\/wp-json\/wp\/v2\/tags?post=37541"}],"curies":[{"name":"wp","href":"https:\/\/api.w.org\/{rel}","templated":true}]}}