{"id":37546,"date":"2016-08-04T20:59:22","date_gmt":"2016-08-04T23:59:22","guid":{"rendered":"https:\/\/www.jornalja.com.br\/?p=37546"},"modified":"2016-08-04T20:59:22","modified_gmt":"2016-08-04T23:59:22","slug":"operacao-lava-jato-comunicacao-mediada-e-apelacao-midiatica","status":"publish","type":"post","link":"https:\/\/www.jornalja.com.br\/arquivo\/operacao-lava-jato-comunicacao-mediada-e-apelacao-midiatica\/","title":{"rendered":"Opera\u00e7\u00e3o Lava Jato: comunica\u00e7\u00e3o mediada e apela\u00e7\u00e3o midi\u00e1tica"},"content":{"rendered":"<p>Bruno Lima Rocha &#8211; Professor de Ci\u00eancia Pol\u00edtica e de Rela\u00e7\u00f5es Internacionais<br \/>\nA Opera\u00e7\u00e3o Lava Jato \u00e9 um marco na hist\u00f3ria brasileira em todos os sentidos. Ao afirmar que \u00e9 marcante e criva um paradigma, n\u00e3o me refiro a esta opera\u00e7\u00e3o jur\u00eddico-policial como necessariamente positiva. No final das contas, o volume de d\u00favidas \u00e9 equivalente ao de certezas. Ficamos na d\u00favida se a opera\u00e7\u00e3o criminaliza toda atividade de Estado e nos certificamos que as empreiteiras de sempre s\u00e3o culpadas de novo.<br \/>\nEste marco da Lava Jato tamb\u00e9m implica na ascens\u00e3o de uma nova elite do Estado. Definitivamente, vivemos um per\u00edodo de restaura\u00e7\u00e3o de tipo republicana, com discurso jacobino, pr\u00e1ticas liberal-olig\u00e1rquicas e a representa\u00e7\u00e3o da \u201cpureza\u201d por parte de magistrados federais, promotores e procuradores, al\u00e9m de delegados da Pol\u00edcia Federal. Assim, a exibi\u00e7\u00e3o midi\u00e1tica das puni\u00e7\u00f5es ao andar de cima, traz consigo a significa\u00e7\u00e3o dupla: por um lado, e corretamente, d\u00e1 vaz\u00e3o ao anseio popular do Estado vingador, punindo aos crimes de elites como sente na pele (literalmente) a a\u00e7\u00e3o do sistema criminal. Por outro lado, n\u00e3o entra em debate de modelos, e assim, garante a perman\u00eancia das institui\u00e7\u00f5es de Estado tais como s\u00e3o ou est\u00e3o, sem criticar as formas de funcionamento reais, apenas louvando o empenho dos \u201cjovens procuradores\u201d e setores afins.<br \/>\n<span class=\"assinaespecial\">A hiperexposi\u00e7\u00e3o midi\u00e1tica<\/span><br \/>\nDesde que foi lan\u00e7ada, a Opera\u00e7\u00e3o \u00e9 uma campe\u00e3 de audi\u00eancia e recordista nacional em exposi\u00e7\u00e3o seletiva. Al\u00e9m da hiperexposi\u00e7\u00e3o por parte dos maiores conglomerados de m\u00eddia brasileira (Globo, Abril, Folha e Estad\u00e3o), vem havendo um esfor\u00e7o por parte do Minist\u00e9rio P\u00fablico Federal (MPF) a difundir as investiga\u00e7\u00f5es de forma mediada, com dados j\u00e1 mastigados e compreens\u00e3o do grande p\u00fablico. No dom\u00ednio lavajato.mpf.mp.br, qualquer pessoa pode acompanhar o caso e seus desdobramentos. Esta medida \u2013 a de mediatizar a a\u00e7\u00e3o do Minist\u00e9rio P\u00fablico Federal, do Judici\u00e1rio Federal e da pr\u00f3pria PF \u2013 \u00e9 uma pr\u00e1tica corrente em outros pa\u00edses que combateram a corrup\u00e7\u00e3o end\u00eamica entre Estados e conglomerados locais e, junto da dela\u00e7\u00e3o premiada, est\u00e1 sendo aplicada com maestria pelos l\u00edderes deste processo.<br \/>\nAo tornar p\u00fablicos dados j\u00e1 \u201cmastigados\u201d, o p\u00fablico leitor e as audi\u00eancias consolidadas dos grandes conglomerados, podem dedicar-se a absorver de forma seletiva o que j\u00e1 est\u00e1 pronto, resultando em a\u00e7\u00e3o viral de tipo segunda tela, postando coment\u00e1rios e observa\u00e7\u00f5es em escala de milh\u00f5es de compartilhamentos em redes sociais. A diferen\u00e7a de resultado e significativa. Caso o Wikileaks tivesse a mesma capacidade de produ\u00e7\u00e3o de dados mediados, \u201cmastigados\u201d, comunica\u00e7\u00e3o j\u00e1 mediada, a penetra\u00e7\u00e3o dos informes e suas consequ\u00eancias societ\u00e1rias seriam infinitamente superiores.<br \/>\nO modus operandi da Lava Jato chama a aten\u00e7\u00e3o e indica o n\u00edvel de protagonismo que pode ter uma camada de profissionais de carreira, tecnocratas e operadores jur\u00eddicos, com um aval da \u201copini\u00e3o p\u00fablica\u201d para fazerem justi\u00e7a. Basicamente, ao polarizar o notici\u00e1rio, v\u00e3o ao encontro da sede \u2013 correta e leg\u00edtima \u2013 de justi\u00e7a incluindo algum grau de vingan\u00e7a popular contra o andar de cima. O que assusta n\u00e3o \u00e9 a puni\u00e7\u00e3o para as empreiteiras, mas seletividade midi\u00e1tica e o esfor\u00e7o inaugural da Lava Jato, ao contr\u00e1rio de outras opera\u00e7\u00f5es, no meu entender, ainda mais relevantes, como a Farol da Colina, Macuco, Chacal, Satiagraha, Castelo de Areia e Monte Carlo.<br \/>\nObviamente que isso n\u00e3o aconteceria dadas \u00e0s correla\u00e7\u00f5es em cada momento que as opera\u00e7\u00f5es foram lan\u00e7adas e a conflu\u00eancia da oposi\u00e7\u00e3o dom\u00e9stica &#8211; a ascens\u00e3o da nova direita, a dimens\u00e3o substantiva do golpe e a exposi\u00e7\u00e3o midi\u00e1tica com requintes de manipula\u00e7\u00e3o e aus\u00eancia de contraponto. Para quem julga que exagero, sugiro que revejam a edi\u00e7\u00e3o do Jornal Nacional de 16 de mar\u00e7o de 2016, j\u00e1 na edi\u00e7\u00e3o deste link (http:\/\/www.youtube.com\/watch?v=2hYo7eEnwKU).<br \/>\nNo fim do t\u00fanel, no ambiente dom\u00e9stico, est\u00e1 a meta estrat\u00e9gica do inimigo de classe em promover uma legisla\u00e7\u00e3o regressiva &#8211; com ampla retirada de direitos, trabalhistas e sociais. No plano regional (Am\u00e9rica do Sul e Latina) e no internacional, \u00e9 not\u00e1vel a associa\u00e7\u00e3o indireta e subordinada entre os interesses da classe dominante brasileira e o imperialismo contempor\u00e2neo. Ao contr\u00e1rio do per\u00edodo da Bipolaridade, hoje o Comando Sul e as ag\u00eancias estadunidenses atuam de forma sutil e muitas vezes oficiosas, tal e como no caso brasileiro recente.<br \/>\n<span class=\"intertit\">Uma conclus\u00e3o \u00f3bvia<\/span><br \/>\nNada disso teria sido poss\u00edvel caso a rela\u00e7\u00e3o entre empreiteiras e lulismo n\u00e3o fosse t\u00e3o promiscua como a que havia nos governos anteriores. Igualmente, caso a Lava Jato n\u00e3o tivesse no oligop\u00f3lio da comunica\u00e7\u00e3o seu apoio permanente, n\u00e3o ocorreria golpe parlamentar com apelido de \u201cimpeachment\u201d.<br \/>\nBruno Lima Rocha \u00e9 professor de ci\u00eancia pol\u00edtica e de rela\u00e7\u00f5es internacionais<br \/>\n(<a href=\"http:\/\/estrategiaeanaliseblog.com\">estrategiaeanaliseblog.com<\/a> \u2013 blimarocha@gmail.com para E-mail e Facebook)<br \/>\n&nbsp;<\/p>\n","protected":false},"excerpt":{"rendered":"<p>Bruno Lima Rocha &#8211; Professor de Ci\u00eancia Pol\u00edtica e de Rela\u00e7\u00f5es Internacionais A Opera\u00e7\u00e3o Lava Jato \u00e9 um marco na hist\u00f3ria brasileira em todos os sentidos. Ao afirmar que \u00e9 marcante e criva um paradigma, n\u00e3o me refiro a esta opera\u00e7\u00e3o jur\u00eddico-policial como necessariamente positiva. No final das contas, o volume de d\u00favidas \u00e9 equivalente [&hellip;]<\/p>\n","protected":false},"author":4,"featured_media":37547,"comment_status":"open","ping_status":"closed","sticky":false,"template":"","format":"standard","meta":{"_jetpack_newsletter_access":"","_jetpack_dont_email_post_to_subs":false,"_jetpack_newsletter_tier_id":0,"_jetpack_memberships_contains_paywalled_content":false,"_jetpack_feature_clip_id":0,"_jetpack_memberships_contains_paid_content":false,"footnotes":"","jetpack_post_was_ever_published":false},"categories":[2011,2012],"tags":[],"class_list":["post-37546","post","type-post","status-publish","format-standard","has-post-thumbnail","hentry","category-destaque","category-debates"],"aioseo_notices":[],"aioseo_head":"\n\t\t<!-- All in One SEO 5.0.1.1 - aioseo.com -->\n\t<meta name=\"robots\" content=\"max-image-preview:large\" \/>\n\t<meta name=\"author\" content=\"da Reda\u00e7\u00e3o\"\/>\n\t<link rel=\"canonical\" href=\"https:\/\/www.jornalja.com.br\/arquivo\/operacao-lava-jato-comunicacao-mediada-e-apelacao-midiatica\/\" \/>\n\t<meta name=\"generator\" content=\"All in One SEO (AIOSEO) 5.0.1.1\" \/>\n\t\t<meta property=\"og:locale\" content=\"pt_BR\" \/>\n\t\t<meta property=\"og:site_name\" content=\"Arquivo | Jornal J\u00c1 | Porto Alegre\" \/>\n\t\t<meta property=\"og:type\" content=\"article\" \/>\n\t\t<meta property=\"og:title\" content=\"Opera\u00e7\u00e3o Lava Jato: comunica\u00e7\u00e3o mediada e apela\u00e7\u00e3o midi\u00e1tica | Arquivo\" \/>\n\t\t<meta property=\"og:url\" content=\"https:\/\/www.jornalja.com.br\/arquivo\/operacao-lava-jato-comunicacao-mediada-e-apelacao-midiatica\/\" \/>\n\t\t<meta property=\"og:image\" content=\"https:\/\/www.jornalja.com.br\/economics\/wp-content\/uploads\/sites\/11\/2026\/08\/ja-folhaderosto-facebook.jpg\" \/>\n\t\t<meta property=\"og:image:secure_url\" content=\"https:\/\/www.jornalja.com.br\/economics\/wp-content\/uploads\/sites\/11\/2026\/08\/ja-folhaderosto-facebook.jpg\" \/>\n\t\t<meta property=\"article:published_time\" content=\"2016-08-04T23:59:22+00:00\" \/>\n\t\t<meta property=\"article:modified_time\" content=\"2016-08-04T23:59:22+00:00\" \/>\n\t\t<meta name=\"twitter:card\" content=\"summary\" \/>\n\t\t<meta name=\"twitter:title\" content=\"Opera\u00e7\u00e3o Lava Jato: comunica\u00e7\u00e3o mediada e apela\u00e7\u00e3o midi\u00e1tica | Arquivo\" \/>\n\t\t<meta name=\"twitter:image\" content=\"https:\/\/www.jornalja.com.br\/economics\/wp-content\/uploads\/sites\/11\/2026\/08\/ja-folhaderosto-facebook.jpg\" \/>\n\t\t<script type=\"application\/ld+json\" class=\"aioseo-schema\">\n\t\t\t{\"@context\":\"https:\\\/\\\/schema.org\",\"@graph\":[{\"@type\":\"BlogPosting\",\"@id\":\"https:\\\/\\\/www.jornalja.com.br\\\/arquivo\\\/operacao-lava-jato-comunicacao-mediada-e-apelacao-midiatica\\\/#blogposting\",\"name\":\"Opera\\u00e7\\u00e3o Lava Jato: comunica\\u00e7\\u00e3o mediada e apela\\u00e7\\u00e3o midi\\u00e1tica | Arquivo\",\"headline\":\"Opera\\u00e7\\u00e3o Lava Jato: comunica\\u00e7\\u00e3o mediada e apela\\u00e7\\u00e3o midi\\u00e1tica\",\"author\":{\"@id\":\"https:\\\/\\\/www.jornalja.com.br\\\/arquivo\\\/author\\\/daredacao\\\/#author\"},\"publisher\":{\"@id\":\"https:\\\/\\\/www.jornalja.com.br\\\/arquivo\\\/#organization\"},\"image\":{\"@type\":\"ImageObject\",\"url\":37547},\"datePublished\":\"2016-08-04T20:59:22-03:00\",\"dateModified\":\"2016-08-04T20:59:22-03:00\",\"inLanguage\":\"pt-BR\",\"mainEntityOfPage\":{\"@id\":\"https:\\\/\\\/www.jornalja.com.br\\\/arquivo\\\/operacao-lava-jato-comunicacao-mediada-e-apelacao-midiatica\\\/#webpage\"},\"isPartOf\":{\"@id\":\"https:\\\/\\\/www.jornalja.com.br\\\/arquivo\\\/operacao-lava-jato-comunicacao-mediada-e-apelacao-midiatica\\\/#webpage\"},\"articleSection\":\"CDD-artigo em destaque, HOTSITE Comit\\u00ea pela Democracia\"},{\"@type\":\"BreadcrumbList\",\"@id\":\"https:\\\/\\\/www.jornalja.com.br\\\/arquivo\\\/operacao-lava-jato-comunicacao-mediada-e-apelacao-midiatica\\\/#breadcrumblist\",\"itemListElement\":[{\"@type\":\"ListItem\",\"@id\":\"https:\\\/\\\/www.jornalja.com.br\\\/arquivo#listItem\",\"position\":1,\"name\":\"Home\",\"item\":\"https:\\\/\\\/www.jornalja.com.br\\\/arquivo\",\"nextItem\":{\"@type\":\"ListItem\",\"@id\":\"https:\\\/\\\/www.jornalja.com.br\\\/arquivo\\\/category\\\/destaque\\\/#listItem\",\"name\":\"CDD-artigo em destaque\"}},{\"@type\":\"ListItem\",\"@id\":\"https:\\\/\\\/www.jornalja.com.br\\\/arquivo\\\/category\\\/destaque\\\/#listItem\",\"position\":2,\"name\":\"CDD-artigo em destaque\",\"item\":\"https:\\\/\\\/www.jornalja.com.br\\\/arquivo\\\/category\\\/destaque\\\/\",\"nextItem\":{\"@type\":\"ListItem\",\"@id\":\"https:\\\/\\\/www.jornalja.com.br\\\/arquivo\\\/operacao-lava-jato-comunicacao-mediada-e-apelacao-midiatica\\\/#listItem\",\"name\":\"Opera\\u00e7\\u00e3o Lava Jato: comunica\\u00e7\\u00e3o mediada e apela\\u00e7\\u00e3o midi\\u00e1tica\"},\"previousItem\":{\"@type\":\"ListItem\",\"@id\":\"https:\\\/\\\/www.jornalja.com.br\\\/arquivo#listItem\",\"name\":\"Home\"}},{\"@type\":\"ListItem\",\"@id\":\"https:\\\/\\\/www.jornalja.com.br\\\/arquivo\\\/operacao-lava-jato-comunicacao-mediada-e-apelacao-midiatica\\\/#listItem\",\"position\":3,\"name\":\"Opera\\u00e7\\u00e3o Lava Jato: comunica\\u00e7\\u00e3o mediada e apela\\u00e7\\u00e3o midi\\u00e1tica\",\"previousItem\":{\"@type\":\"ListItem\",\"@id\":\"https:\\\/\\\/www.jornalja.com.br\\\/arquivo\\\/category\\\/destaque\\\/#listItem\",\"name\":\"CDD-artigo em destaque\"}}]},{\"@type\":\"Organization\",\"@id\":\"https:\\\/\\\/www.jornalja.com.br\\\/arquivo\\\/#organization\",\"name\":\"Jornal J\\u00c1\",\"description\":\"Jornal J\\u00c1 | Porto Alegre\",\"url\":\"https:\\\/\\\/www.jornalja.com.br\\\/arquivo\\\/\",\"telephone\":\"+555133307272\",\"logo\":{\"@type\":\"ImageObject\",\"url\":\"https:\\\/\\\/www.jornalja.com.br\\\/wp-content\\\/uploads\\\/cards\\\/JAslogan.png\",\"@id\":\"https:\\\/\\\/www.jornalja.com.br\\\/arquivo\\\/operacao-lava-jato-comunicacao-mediada-e-apelacao-midiatica\\\/#organizationLogo\"},\"image\":{\"@id\":\"https:\\\/\\\/www.jornalja.com.br\\\/arquivo\\\/operacao-lava-jato-comunicacao-mediada-e-apelacao-midiatica\\\/#organizationLogo\"}},{\"@type\":\"Person\",\"@id\":\"https:\\\/\\\/www.jornalja.com.br\\\/arquivo\\\/author\\\/daredacao\\\/#author\",\"url\":\"https:\\\/\\\/www.jornalja.com.br\\\/arquivo\\\/author\\\/daredacao\\\/\",\"name\":\"da Reda\\u00e7\\u00e3o\",\"image\":{\"@type\":\"ImageObject\",\"@id\":\"https:\\\/\\\/www.jornalja.com.br\\\/arquivo\\\/operacao-lava-jato-comunicacao-mediada-e-apelacao-midiatica\\\/#authorImage\",\"url\":\"https:\\\/\\\/secure.gravatar.com\\\/avatar\\\/469fd857d6605ad19919d27ed29d35a968a25f6e8fd9318356bbb7f57aae9c65?s=96&d=mm&r=g\",\"width\":96,\"height\":96,\"caption\":\"da Reda\\u00e7\\u00e3o\"}},{\"@type\":\"WebPage\",\"@id\":\"https:\\\/\\\/www.jornalja.com.br\\\/arquivo\\\/operacao-lava-jato-comunicacao-mediada-e-apelacao-midiatica\\\/#webpage\",\"url\":\"https:\\\/\\\/www.jornalja.com.br\\\/arquivo\\\/operacao-lava-jato-comunicacao-mediada-e-apelacao-midiatica\\\/\",\"name\":\"Opera\\u00e7\\u00e3o Lava Jato: comunica\\u00e7\\u00e3o mediada e apela\\u00e7\\u00e3o midi\\u00e1tica | Arquivo\",\"inLanguage\":\"pt-BR\",\"isPartOf\":{\"@id\":\"https:\\\/\\\/www.jornalja.com.br\\\/arquivo\\\/#website\"},\"breadcrumb\":{\"@id\":\"https:\\\/\\\/www.jornalja.com.br\\\/arquivo\\\/operacao-lava-jato-comunicacao-mediada-e-apelacao-midiatica\\\/#breadcrumblist\"},\"author\":{\"@id\":\"https:\\\/\\\/www.jornalja.com.br\\\/arquivo\\\/author\\\/daredacao\\\/#author\"},\"creator\":{\"@id\":\"https:\\\/\\\/www.jornalja.com.br\\\/arquivo\\\/author\\\/daredacao\\\/#author\"},\"image\":{\"@type\":\"ImageObject\",\"url\":37547,\"@id\":\"https:\\\/\\\/www.jornalja.com.br\\\/arquivo\\\/operacao-lava-jato-comunicacao-mediada-e-apelacao-midiatica\\\/#mainImage\"},\"primaryImageOfPage\":{\"@id\":\"https:\\\/\\\/www.jornalja.com.br\\\/arquivo\\\/operacao-lava-jato-comunicacao-mediada-e-apelacao-midiatica\\\/#mainImage\"},\"datePublished\":\"2016-08-04T20:59:22-03:00\",\"dateModified\":\"2016-08-04T20:59:22-03:00\"},{\"@type\":\"WebSite\",\"@id\":\"https:\\\/\\\/www.jornalja.com.br\\\/arquivo\\\/#website\",\"url\":\"https:\\\/\\\/www.jornalja.com.br\\\/arquivo\\\/\",\"name\":\"Arquivo\",\"description\":\"Jornal J\\u00c1 | Porto Alegre\",\"inLanguage\":\"pt-BR\",\"publisher\":{\"@id\":\"https:\\\/\\\/www.jornalja.com.br\\\/arquivo\\\/#organization\"}}]}\n\t\t<\/script>\n\t\t<!-- All in One SEO -->\n\n","aioseo_head_json":{"title":"Opera\u00e7\u00e3o Lava Jato: comunica\u00e7\u00e3o mediada e apela\u00e7\u00e3o midi\u00e1tica | Arquivo","description":"","canonical_url":"https:\/\/www.jornalja.com.br\/arquivo\/operacao-lava-jato-comunicacao-mediada-e-apelacao-midiatica\/","robots":"max-image-preview:large","keywords":"","webmasterTools":{"miscellaneous":""},"schema":{"@context":"https:\/\/schema.org","@graph":[{"@type":"BlogPosting","@id":"https:\/\/www.jornalja.com.br\/arquivo\/operacao-lava-jato-comunicacao-mediada-e-apelacao-midiatica\/#blogposting","name":"Opera\u00e7\u00e3o Lava Jato: comunica\u00e7\u00e3o mediada e apela\u00e7\u00e3o midi\u00e1tica | Arquivo","headline":"Opera\u00e7\u00e3o Lava Jato: comunica\u00e7\u00e3o mediada e apela\u00e7\u00e3o midi\u00e1tica","author":{"@id":"https:\/\/www.jornalja.com.br\/arquivo\/author\/daredacao\/#author"},"publisher":{"@id":"https:\/\/www.jornalja.com.br\/arquivo\/#organization"},"image":{"@type":"ImageObject","url":37547},"datePublished":"2016-08-04T20:59:22-03:00","dateModified":"2016-08-04T20:59:22-03:00","inLanguage":"pt-BR","mainEntityOfPage":{"@id":"https:\/\/www.jornalja.com.br\/arquivo\/operacao-lava-jato-comunicacao-mediada-e-apelacao-midiatica\/#webpage"},"isPartOf":{"@id":"https:\/\/www.jornalja.com.br\/arquivo\/operacao-lava-jato-comunicacao-mediada-e-apelacao-midiatica\/#webpage"},"articleSection":"CDD-artigo em destaque, HOTSITE Comit\u00ea pela Democracia"},{"@type":"BreadcrumbList","@id":"https:\/\/www.jornalja.com.br\/arquivo\/operacao-lava-jato-comunicacao-mediada-e-apelacao-midiatica\/#breadcrumblist","itemListElement":[{"@type":"ListItem","@id":"https:\/\/www.jornalja.com.br\/arquivo#listItem","position":1,"name":"Home","item":"https:\/\/www.jornalja.com.br\/arquivo","nextItem":{"@type":"ListItem","@id":"https:\/\/www.jornalja.com.br\/arquivo\/category\/destaque\/#listItem","name":"CDD-artigo em destaque"}},{"@type":"ListItem","@id":"https:\/\/www.jornalja.com.br\/arquivo\/category\/destaque\/#listItem","position":2,"name":"CDD-artigo em destaque","item":"https:\/\/www.jornalja.com.br\/arquivo\/category\/destaque\/","nextItem":{"@type":"ListItem","@id":"https:\/\/www.jornalja.com.br\/arquivo\/operacao-lava-jato-comunicacao-mediada-e-apelacao-midiatica\/#listItem","name":"Opera\u00e7\u00e3o Lava Jato: comunica\u00e7\u00e3o mediada e apela\u00e7\u00e3o midi\u00e1tica"},"previousItem":{"@type":"ListItem","@id":"https:\/\/www.jornalja.com.br\/arquivo#listItem","name":"Home"}},{"@type":"ListItem","@id":"https:\/\/www.jornalja.com.br\/arquivo\/operacao-lava-jato-comunicacao-mediada-e-apelacao-midiatica\/#listItem","position":3,"name":"Opera\u00e7\u00e3o Lava Jato: comunica\u00e7\u00e3o mediada e apela\u00e7\u00e3o midi\u00e1tica","previousItem":{"@type":"ListItem","@id":"https:\/\/www.jornalja.com.br\/arquivo\/category\/destaque\/#listItem","name":"CDD-artigo em destaque"}}]},{"@type":"Organization","@id":"https:\/\/www.jornalja.com.br\/arquivo\/#organization","name":"Jornal J\u00c1","description":"Jornal J\u00c1 | Porto Alegre","url":"https:\/\/www.jornalja.com.br\/arquivo\/","telephone":"+555133307272","logo":{"@type":"ImageObject","url":"https:\/\/www.jornalja.com.br\/wp-content\/uploads\/cards\/JAslogan.png","@id":"https:\/\/www.jornalja.com.br\/arquivo\/operacao-lava-jato-comunicacao-mediada-e-apelacao-midiatica\/#organizationLogo"},"image":{"@id":"https:\/\/www.jornalja.com.br\/arquivo\/operacao-lava-jato-comunicacao-mediada-e-apelacao-midiatica\/#organizationLogo"}},{"@type":"Person","@id":"https:\/\/www.jornalja.com.br\/arquivo\/author\/daredacao\/#author","url":"https:\/\/www.jornalja.com.br\/arquivo\/author\/daredacao\/","name":"da Reda\u00e7\u00e3o","image":{"@type":"ImageObject","@id":"https:\/\/www.jornalja.com.br\/arquivo\/operacao-lava-jato-comunicacao-mediada-e-apelacao-midiatica\/#authorImage","url":"https:\/\/secure.gravatar.com\/avatar\/469fd857d6605ad19919d27ed29d35a968a25f6e8fd9318356bbb7f57aae9c65?s=96&d=mm&r=g","width":96,"height":96,"caption":"da Reda\u00e7\u00e3o"}},{"@type":"WebPage","@id":"https:\/\/www.jornalja.com.br\/arquivo\/operacao-lava-jato-comunicacao-mediada-e-apelacao-midiatica\/#webpage","url":"https:\/\/www.jornalja.com.br\/arquivo\/operacao-lava-jato-comunicacao-mediada-e-apelacao-midiatica\/","name":"Opera\u00e7\u00e3o Lava Jato: comunica\u00e7\u00e3o mediada e apela\u00e7\u00e3o midi\u00e1tica | Arquivo","inLanguage":"pt-BR","isPartOf":{"@id":"https:\/\/www.jornalja.com.br\/arquivo\/#website"},"breadcrumb":{"@id":"https:\/\/www.jornalja.com.br\/arquivo\/operacao-lava-jato-comunicacao-mediada-e-apelacao-midiatica\/#breadcrumblist"},"author":{"@id":"https:\/\/www.jornalja.com.br\/arquivo\/author\/daredacao\/#author"},"creator":{"@id":"https:\/\/www.jornalja.com.br\/arquivo\/author\/daredacao\/#author"},"image":{"@type":"ImageObject","url":37547,"@id":"https:\/\/www.jornalja.com.br\/arquivo\/operacao-lava-jato-comunicacao-mediada-e-apelacao-midiatica\/#mainImage"},"primaryImageOfPage":{"@id":"https:\/\/www.jornalja.com.br\/arquivo\/operacao-lava-jato-comunicacao-mediada-e-apelacao-midiatica\/#mainImage"},"datePublished":"2016-08-04T20:59:22-03:00","dateModified":"2016-08-04T20:59:22-03:00"},{"@type":"WebSite","@id":"https:\/\/www.jornalja.com.br\/arquivo\/#website","url":"https:\/\/www.jornalja.com.br\/arquivo\/","name":"Arquivo","description":"Jornal J\u00c1 | Porto Alegre","inLanguage":"pt-BR","publisher":{"@id":"https:\/\/www.jornalja.com.br\/arquivo\/#organization"}}]},"og:locale":"pt_BR","og:site_name":"Arquivo | Jornal J\u00c1 | Porto Alegre","og:type":"article","og:title":"Opera\u00e7\u00e3o Lava Jato: comunica\u00e7\u00e3o mediada e apela\u00e7\u00e3o midi\u00e1tica | Arquivo","og:url":"https:\/\/www.jornalja.com.br\/arquivo\/operacao-lava-jato-comunicacao-mediada-e-apelacao-midiatica\/","og:image":"https:\/\/www.jornalja.com.br\/economics\/wp-content\/uploads\/sites\/11\/2026\/08\/ja-folhaderosto-facebook.jpg","og:image:secure_url":"https:\/\/www.jornalja.com.br\/economics\/wp-content\/uploads\/sites\/11\/2026\/08\/ja-folhaderosto-facebook.jpg","article:published_time":"2016-08-04T23:59:22+00:00","article:modified_time":"2016-08-04T23:59:22+00:00","twitter:card":"summary","twitter:title":"Opera\u00e7\u00e3o Lava Jato: comunica\u00e7\u00e3o mediada e apela\u00e7\u00e3o midi\u00e1tica | Arquivo","twitter:image":"https:\/\/www.jornalja.com.br\/economics\/wp-content\/uploads\/sites\/11\/2026\/08\/ja-folhaderosto-facebook.jpg"},"aioseo_meta_data":{"post_id":"37546","title":null,"description":null,"keywords":null,"keyphrases":null,"primary_term":null,"canonical_url":null,"og_title":null,"og_description":null,"og_object_type":"default","og_image_type":"default","og_image_url":null,"og_image_width":null,"og_image_height":null,"og_image_custom_url":null,"og_image_custom_fields":null,"og_video":null,"og_custom_url":null,"og_article_section":null,"og_article_tags":null,"twitter_use_og":false,"twitter_card":"default","twitter_image_type":"default","twitter_image_url":null,"twitter_image_custom_url":null,"twitter_image_custom_fields":null,"twitter_title":null,"twitter_description":null,"schema":{"blockGraphs":[],"customGraphs":[],"default":{"data":{"Article":[],"Course":[],"Dataset":[],"FAQPage":[],"Movie":[],"Person":[],"Product":[],"ProductReview":[],"Car":[],"Recipe":[],"Service":[],"SoftwareApplication":[],"WebPage":[]},"graphName":"","isEnabled":true},"graphs":[]},"schema_type":null,"schema_type_options":null,"pillar_content":false,"robots_default":true,"robots_noindex":false,"robots_noarchive":false,"robots_nosnippet":false,"robots_nofollow":false,"robots_noimageindex":false,"robots_noodp":false,"robots_notranslate":false,"robots_max_snippet":null,"robots_max_videopreview":null,"robots_max_imagepreview":"large","priority":null,"frequency":null,"location":null,"local_seo":null,"breadcrumb_settings":null,"limit_modified_date":false,"ai":null,"created":"2020-12-20 20:52:03","updated":"2025-07-19 15:52:24","seo_analyzer_scan_date":null,"focus_keyword":null,"additional_keywords":null,"truseo_locale":null},"jetpack_sharing_enabled":true,"jetpack-related-posts":[{"id":12960,"url":"https:\/\/www.jornalja.com.br\/arquivo\/populacao-culpa-empresas-pela-greve-dos-rodoviarios\/","url_meta":{"origin":37546,"position":0},"title":"Popula\u00e7\u00e3o culpa empresas pela greve","author":"Patr\u00edcia Marini","date":"14 de fevereiro de 2014","format":false,"excerpt":"Pesquisa divulgada na edi\u00e7\u00e3o do jornal Metro desta sexta-feira,14, comprova o velho ditado: \u00e9 poss\u00edvel enganar muitos por algum tempo, mas n\u00e3o \u00e9 poss\u00edvel enganar a todos o tempo inteiro. A principal revela\u00e7\u00e3o foi que 59,8% dos entrevistados apontaram as empresas como as principais respons\u00e1veis pela grave e 46% culparam\u2026","rel":"","context":"Em &quot;X.Categorias velhas&quot;","block_context":{"text":"X.Categorias velhas","link":"https:\/\/www.jornalja.com.br\/arquivo\/category\/x-categorias-velhas\/"},"img":{"alt_text":"","src":"","width":0,"height":0},"classes":[]},{"id":13101,"url":"https:\/\/www.jornalja.com.br\/arquivo\/morre-um-guerreiro-do-texto\/","url_meta":{"origin":37546,"position":1},"title":"Morre um guerreiro do texto","author":"Patr\u00edcia Marini","date":"14 de maio de 2014","format":false,"excerpt":"Por Ricardo Kotscho Reproduzido do blog do autor, 11\/5\/2014; t\u00edtulo original \u201cE l\u00e1 se foi o nosso Myltainho, guerreiro do texto\u201d. Mi\u00fado e franzino, meu amigo Myltainho era um valente e inconformado guerreiro na luta contra as injusti\u00e7as sociais, a hipocrisia, as maracutaias, o autoritarismo, a intoler\u00e2ncia, a viol\u00eancia, o\u2026","rel":"","context":"Em &quot;Geral&quot;","block_context":{"text":"Geral","link":"https:\/\/www.jornalja.com.br\/arquivo\/category\/geral\/"},"img":{"alt_text":"","src":"","width":0,"height":0},"classes":[]},{"id":13124,"url":"https:\/\/www.jornalja.com.br\/arquivo\/sangue-latino-no-iecine\/","url_meta":{"origin":37546,"position":2},"title":"Sangue latino no IECINE","author":"da Reda\u00e7\u00e3o","date":"18 de maio de 2014","format":false,"excerpt":"Francisco Ribeiro O Instituto Estadual de Cinema (IECINE) tem a frente, desde abril \u00faltimo, um novo diretor, o cineasta colombiano Juan Zapata, 36, que substitui Luiz Alberto Cassol. Radicado h\u00e1 dez anos em Porto Alegre, Zapata tem diante de si o desafio de conduzir at\u00e9 o final do ano um\u2026","rel":"","context":"Em &quot;Cultura-Geral&quot;","block_context":{"text":"Cultura-Geral","link":"https:\/\/www.jornalja.com.br\/arquivo\/category\/materiasecundaria\/"},"img":{"alt_text":"","src":"","width":0,"height":0},"classes":[]},{"id":5440,"url":"https:\/\/www.jornalja.com.br\/arquivo\/casarao-da-venancio-destino-permanece-incerto\/","url_meta":{"origin":37546,"position":3},"title":"Estado ainda n\u00e3o sabe o que fazer com casar\u00e3o abandonado h\u00e1 20 anos","author":"Elmar Bones","date":"6 de julho de 2009","format":false,"excerpt":"O casar\u00e3o amarelo, numa esquina nobre de Porto Alegre (Ven\u00e2ncio Aires com Jo\u00e3o Pessoa), j\u00e1 abrigou uma escola. H\u00e1 duas d\u00e9cadas, pelo menos, est\u00e1 abandonado, porque seu propriet\u00e1rio, o governo do Estado do Rio Grande do Sul, n\u00e3o consegue achar um destino para ele. Planos n\u00e3o faltaram. O governador Ol\u00edvio\u2026","rel":"","context":"Em &quot;X.Categorias velhas&quot;","block_context":{"text":"X.Categorias velhas","link":"https:\/\/www.jornalja.com.br\/arquivo\/category\/x-categorias-velhas\/"},"img":{"alt_text":"geraldo1","src":"https:\/\/i0.wp.com\/www.jornalja.com.br\/wp-content\/uploads\/2009\/07\/geraldo1.jpg?resize=350%2C200&ssl=1","width":350,"height":200},"classes":[]},{"id":13240,"url":"https:\/\/www.jornalja.com.br\/arquivo\/plano-diretor-estamos-construindo-o-caos\/","url_meta":{"origin":37546,"position":4},"title":"Plano diretor: &quot;Estamos construindo o caos&quot;","author":"Patr\u00edcia Marini","date":"26 de maio de 2014","format":false,"excerpt":"Desabafo que arquiteta Eliana Castilhos, delegada da Regi\u00e3o de Planejamento 1, postou nas redes sociais \u00e9 um testemunho do ambiente que se criou no Conselho do Plano Diretor de Porto Alegre, onde a aprova\u00e7\u00e3o de grandes empreendimentos \u00e9 empurrada guela abaixo dos conselheiros. Ao CMDUA Como delegada da Regi\u00e3o de\u2026","rel":"","context":"Em &quot;Geral&quot;","block_context":{"text":"Geral","link":"https:\/\/www.jornalja.com.br\/arquivo\/category\/geral\/"},"img":{"alt_text":"","src":"","width":0,"height":0},"classes":[]},{"id":13239,"url":"https:\/\/www.jornalja.com.br\/arquivo\/conselho-desdenha-do-plano-diretor\/","url_meta":{"origin":37546,"position":5},"title":"Porto Alegre: Conselho detona Plano Diretor","author":"Patr\u00edcia Marini","date":"25 de maio de 2014","format":false,"excerpt":"Den\u00fancia do arquiteto e \u00a0urbanista Ibir\u00e1 Santos Lucas. Ele diz que os conselheiros est\u00e3o votando com \"enorme irresponsabilidade\". \"Mudam regime com a maior naturalidade,,,regularizam absurdos de constru\u00e7\u00f5es irregulares... \"O CMDUA est\u00e1 flexibilizando a lei do plano diretor, de uma forma impactante na vida da cidade. Mudam regime com a maior\u2026","rel":"","context":"Em &quot;Geral&quot;","block_context":{"text":"Geral","link":"https:\/\/www.jornalja.com.br\/arquivo\/category\/geral\/"},"img":{"alt_text":"","src":"","width":0,"height":0},"classes":[]}],"jetpack_shortlink":"https:\/\/wp.me\/pbQjBd-9LA","jetpack_featured_media_url":"","_links":{"self":[{"href":"https:\/\/www.jornalja.com.br\/arquivo\/wp-json\/wp\/v2\/posts\/37546","targetHints":{"allow":["GET"]}}],"collection":[{"href":"https:\/\/www.jornalja.com.br\/arquivo\/wp-json\/wp\/v2\/posts"}],"about":[{"href":"https:\/\/www.jornalja.com.br\/arquivo\/wp-json\/wp\/v2\/types\/post"}],"author":[{"embeddable":true,"href":"https:\/\/www.jornalja.com.br\/arquivo\/wp-json\/wp\/v2\/users\/4"}],"replies":[{"embeddable":true,"href":"https:\/\/www.jornalja.com.br\/arquivo\/wp-json\/wp\/v2\/comments?post=37546"}],"version-history":[{"count":0,"href":"https:\/\/www.jornalja.com.br\/arquivo\/wp-json\/wp\/v2\/posts\/37546\/revisions"}],"wp:attachment":[{"href":"https:\/\/www.jornalja.com.br\/arquivo\/wp-json\/wp\/v2\/media?parent=37546"}],"wp:term":[{"taxonomy":"category","embeddable":true,"href":"https:\/\/www.jornalja.com.br\/arquivo\/wp-json\/wp\/v2\/categories?post=37546"},{"taxonomy":"post_tag","embeddable":true,"href":"https:\/\/www.jornalja.com.br\/arquivo\/wp-json\/wp\/v2\/tags?post=37546"}],"curies":[{"name":"wp","href":"https:\/\/api.w.org\/{rel}","templated":true}]}}