{"id":37583,"date":"2016-08-06T13:11:29","date_gmt":"2016-08-06T16:11:29","guid":{"rendered":"https:\/\/www.jornalja.com.br\/?p=37583"},"modified":"2016-08-06T13:11:29","modified_gmt":"2016-08-06T16:11:29","slug":"brado-feminista-inspira-grupo-musical-e-faz-hoje-sua-primeira-apresentacao","status":"publish","type":"post","link":"https:\/\/www.jornalja.com.br\/arquivo\/brado-feminista-inspira-grupo-musical-e-faz-hoje-sua-primeira-apresentacao\/","title":{"rendered":"Brado feminista inspira grupo musical e faz hoje sua primeira apresenta\u00e7\u00e3o"},"content":{"rendered":"<p><strong>Julia Bueno <\/strong><br \/>\nSegunda-feira, 22 de fevereiro, noite quente em Porto Alegre. Apesar de ser in\u00edcio de semana, a Cidade Baixa\u00a0mantinha sua ess\u00eancia: roda de viol\u00e3o no Largo Zumbi dos Palmares, jantares e\u00a0petiscos no Bar do Beto, as cervejas geladas do Pinguim.<br \/>\nA noite come\u00e7ava a cair quando\u00a0cerca de 30 mulheres se reuniram no Largo. Queriam amadurecer o projeto de um\u00a0coletivo de percuss\u00e3o &#8211; envolvendo canto e dan\u00e7a &#8211; que tamb\u00e9m fosse um bloco de carnaval,\u00a0engajado politicamente nas quest\u00f5es relacionadas ao feminismo. Pouco mais de seis meses\u00a0depois, o coletivo &#8220;N\u00e3o mexe comigo que eu n\u00e3o ando s\u00f3&#8221; ir\u00e1 se apresentar pela primeira vez no\u00a0Instituto Sociocultural Afro-Sul Odomod\u00ea. O evento faz parte do lan\u00e7amento do projeto\u00a0Odomulher, a partir das 20h, hoje.<br \/>\nA origem de tudo foi um grupo aberto no Facebook, organizado por Tati Gutierres, Kaya\u00a0Rodrigues e K\u00e1tia Azambuja. Naquele dia de fevereiro, a ideia come\u00e7ava a sair do imagin\u00e1rio\u00a0para fazer parte do mundo real.<br \/>\nEnquanto as mulheres debatiam sobre o projeto, alguns homens\u00a0come\u00e7aram a circular ao redor. Foram de in\u00edcio ignorados por elas, embora se sentissem\u00a0incomodadas com aquela presen\u00e7a.<br \/>\nO encontro chegou ao fim, e cada uma seguiu o seu\u00a0caminho. Algumas partiram juntas, compartilhando um mesmo trajeto e, tamb\u00e9m, em busca de\u00a0mais seguran\u00e7a. No caminho, os que antes apenas as olhavam agora as perseguiam.<br \/>\nElas apertaram o passo, o cora\u00e7\u00e3o acelerado. &#8220;N\u00e3o mexe comigo que eu n\u00e3o\u00a0ando s\u00f3&#8221;, cantou alto uma delas. &#8220;Eu n\u00e3o ando s\u00f3, que eu n\u00e3o ando s\u00f3.\u00a0N\u00e3o mexe, n\u00e3o!&#8221;, bradou\u00a0outra. O medo se foi, eles tamb\u00e9m. A hist\u00f3ria iria come\u00e7ar.<br \/>\nUnido pela vontade de combater o machismo atrav\u00e9s da arte, o grupo conta, hoje, com cerca de\u00a050 mulheres.\u00a0Negras, brancas, \u00edndias, coloridas. Crian\u00e7as, meninas, mulheres, idosas. M\u00e3es e\u00a0filhas.\u00a0Diferentes em classes sociais, religi\u00e3o e cren\u00e7as.\u00a0Soci\u00f3loga, jornalista, bi\u00f3loga, advogada,\u00a0veterin\u00e1ria.\u00a0S\u00e3o o que quiserem ser. Acreditam que a m\u00fasica transforma as pessoas e a maneira\u00a0delas enxergarem o mundo. &#8220;Por mais que eu n\u00e3o trabalhe profissionalmente com isso, consigo\u00a0notar como a atividade repercute no outro. \u00c9 uma mistura de todas as emo\u00e7\u00f5es&#8221;, observa Tati,\u00a0emocionada.<br \/>\nTambores, sopros, cordas, chocalhos, agog\u00f4s, tamborins, flautas e cavaquinhos d\u00e3o alma,\u00a0movimento e cor para uma luta contra um preconceito opaco e sem vida. \u201cSer mulher significa\u00a0lutar por mim e pelas outras, pois a desigualdade, a opress\u00e3o e a viol\u00eancia sofrida por quem nem\u00a0conhe\u00e7o tamb\u00e9m me afeta, me abala e me instiga a lutar, a combater e a transformar a\u00a0realidade\u201d, reflete K\u00e1tia. Quanto ao repert\u00f3rio, Beb\u00ea, integrante da \u00e1rea de comunica\u00e7\u00e3o do\u00a0coletivo, explica que a sele\u00e7\u00e3o \u00e9 feita de maneira conjunta. Em geral, a busca \u00e9 por can\u00e7\u00f5es que tragam uma mensagem impl\u00edcita. &#8220;Preferimos cantos feitos por mulheres que tenham algo a\u00a0nos acrescentar e que demonstrem empoderamento&#8221;, define Beb\u00ea.<br \/>\nFundadora do Bloco da Laje e veterana nas zonas carnavalescas, Kaya chama a aten\u00e7\u00e3o para o\u00a0fato de que o n\u00famero de mulheres nas baterias das escolas de samba \u00e9 pouco ou nada\u00a0expressivo, enquanto nos blocos de carnaval a predomin\u00e2ncia \u00e9 maior, apesar da aus\u00eancia de\u00a0voz. Outra quest\u00e3o que envolve o estere\u00f3tipo conservador sobre a figura feminina nos desfiles \u00e9\u00a0o da objetifica\u00e7\u00e3o. \u00c9 Beb\u00ea quem destaca que as mulheres s\u00e3o sempre vistas como enfeites, e n\u00e3o\u00a0como tendo potencial para \u2018levar\u201d a escola para a avenida: &#8220;Tocar instrumento e ser protagonista\u00a0\u00e9 um recado.&#8221; J\u00e1 na vis\u00e3o de Tati, o que o bloco deseja \u00e9 mostrar capacidade e n\u00e3o\u00a0superioridade, despertando o feminismo que existe dentro de cada mulher. O fato \u00e9 que, ao\u00a0proporcionar crescimento musical e pessoal, o projeto transformou a vida das integrantes do\u00a0coletivo.<br \/>\nCom ensaios semanais que iniciaram no Largo da Epatur e depois foram deslocados para o\u00a0Monumento dos A\u00e7orianos, agora o espa\u00e7o oficial do grupo \u00e9 o Instituto Sociocultural Afro-Sul Odomod\u00ea. Depois de cinco meses repassando as m\u00fasicas e aprimorando t\u00e9cnicas, chegou a hora\u00a0do coletivo &#8220;N\u00e3o mexe comigo que eu n\u00e3o ando s\u00f3&#8221; mostrar publicamente o resultado do\u00a0esfor\u00e7o. O local de lan\u00e7amento do projeto Odomulher foi escolhido por historicamente\u00a0representar o\u00a0combate ao preconceito e pelo fato do Odomod\u00ea ser s\u00edmbolo de resist\u00eancia.<br \/>\nSERVI\u00c7O<br \/>\nO que: Primeiro show do coletivo &#8220;N\u00e3o mexe comigo que eu n\u00e3o ando s\u00f3&#8221;<br \/>\nOnde: Instituto Sociocultural Afro-Sul Odomod\u00ea \u2013 Av. Ipiranga, 3.850, em Porto Alegre.<br \/>\nTelefone: 51.2103-2915<br \/>\nQuando: s\u00e1bado, 6 de agosto, \u00e0s 20h<br \/>\nQuanto: ingressos antecipados a R$ 10. Na hora, R$ 15<\/p>\n","protected":false},"excerpt":{"rendered":"<p>Julia Bueno Segunda-feira, 22 de fevereiro, noite quente em Porto Alegre. Apesar de ser in\u00edcio de semana, a Cidade Baixa\u00a0mantinha sua ess\u00eancia: roda de viol\u00e3o no Largo Zumbi dos Palmares, jantares e\u00a0petiscos no Bar do Beto, as cervejas geladas do Pinguim. A noite come\u00e7ava a cair quando\u00a0cerca de 30 mulheres se reuniram no Largo. Queriam [&hellip;]<\/p>\n","protected":false},"author":4,"featured_media":37608,"comment_status":"open","ping_status":"closed","sticky":false,"template":"","format":"standard","meta":{"_jetpack_newsletter_access":"","_jetpack_dont_email_post_to_subs":false,"_jetpack_newsletter_tier_id":0,"_jetpack_memberships_contains_paywalled_content":false,"_jetpack_feature_clip_id":0,"_jetpack_memberships_contains_paid_content":false,"footnotes":"","jetpack_post_was_ever_published":false},"categories":[11],"tags":[],"class_list":["post-37583","post","type-post","status-publish","format-standard","has-post-thumbnail","hentry","category-materiasecundaria"],"aioseo_notices":[],"aioseo_head":"\n\t\t<!-- All in One SEO 5.0.1.1 - aioseo.com -->\n\t<meta name=\"robots\" content=\"max-image-preview:large\" \/>\n\t<meta name=\"author\" content=\"da Reda\u00e7\u00e3o\"\/>\n\t<link rel=\"canonical\" href=\"https:\/\/www.jornalja.com.br\/arquivo\/brado-feminista-inspira-grupo-musical-e-faz-hoje-sua-primeira-apresentacao\/\" \/>\n\t<meta name=\"generator\" content=\"All in One SEO (AIOSEO) 5.0.1.1\" \/>\n\t\t<meta property=\"og:locale\" content=\"pt_BR\" \/>\n\t\t<meta property=\"og:site_name\" content=\"Arquivo | Jornal J\u00c1 | Porto Alegre\" \/>\n\t\t<meta property=\"og:type\" content=\"article\" \/>\n\t\t<meta property=\"og:title\" content=\"Brado feminista inspira grupo musical e faz hoje sua primeira apresenta\u00e7\u00e3o | Arquivo\" \/>\n\t\t<meta property=\"og:url\" content=\"https:\/\/www.jornalja.com.br\/arquivo\/brado-feminista-inspira-grupo-musical-e-faz-hoje-sua-primeira-apresentacao\/\" \/>\n\t\t<meta property=\"og:image\" content=\"https:\/\/www.jornalja.com.br\/economics\/wp-content\/uploads\/sites\/11\/2026\/08\/ja-folhaderosto-facebook.jpg\" \/>\n\t\t<meta property=\"og:image:secure_url\" content=\"https:\/\/www.jornalja.com.br\/economics\/wp-content\/uploads\/sites\/11\/2026\/08\/ja-folhaderosto-facebook.jpg\" \/>\n\t\t<meta property=\"article:published_time\" content=\"2016-08-06T16:11:29+00:00\" \/>\n\t\t<meta property=\"article:modified_time\" content=\"2016-08-06T16:11:29+00:00\" \/>\n\t\t<meta name=\"twitter:card\" content=\"summary\" \/>\n\t\t<meta name=\"twitter:title\" content=\"Brado feminista inspira grupo musical e faz hoje sua primeira apresenta\u00e7\u00e3o | Arquivo\" \/>\n\t\t<meta name=\"twitter:image\" content=\"https:\/\/www.jornalja.com.br\/economics\/wp-content\/uploads\/sites\/11\/2026\/08\/ja-folhaderosto-facebook.jpg\" \/>\n\t\t<script type=\"application\/ld+json\" class=\"aioseo-schema\">\n\t\t\t{\"@context\":\"https:\\\/\\\/schema.org\",\"@graph\":[{\"@type\":\"BlogPosting\",\"@id\":\"https:\\\/\\\/www.jornalja.com.br\\\/arquivo\\\/brado-feminista-inspira-grupo-musical-e-faz-hoje-sua-primeira-apresentacao\\\/#blogposting\",\"name\":\"Brado feminista inspira grupo musical e faz hoje sua primeira apresenta\\u00e7\\u00e3o | Arquivo\",\"headline\":\"Brado feminista inspira grupo musical e faz hoje sua primeira apresenta\\u00e7\\u00e3o\",\"author\":{\"@id\":\"https:\\\/\\\/www.jornalja.com.br\\\/arquivo\\\/author\\\/daredacao\\\/#author\"},\"publisher\":{\"@id\":\"https:\\\/\\\/www.jornalja.com.br\\\/arquivo\\\/#organization\"},\"image\":{\"@type\":\"ImageObject\",\"url\":37608},\"datePublished\":\"2016-08-06T13:11:29-03:00\",\"dateModified\":\"2016-08-06T13:11:29-03:00\",\"inLanguage\":\"pt-BR\",\"mainEntityOfPage\":{\"@id\":\"https:\\\/\\\/www.jornalja.com.br\\\/arquivo\\\/brado-feminista-inspira-grupo-musical-e-faz-hoje-sua-primeira-apresentacao\\\/#webpage\"},\"isPartOf\":{\"@id\":\"https:\\\/\\\/www.jornalja.com.br\\\/arquivo\\\/brado-feminista-inspira-grupo-musical-e-faz-hoje-sua-primeira-apresentacao\\\/#webpage\"},\"articleSection\":\"Cultura-Geral\"},{\"@type\":\"BreadcrumbList\",\"@id\":\"https:\\\/\\\/www.jornalja.com.br\\\/arquivo\\\/brado-feminista-inspira-grupo-musical-e-faz-hoje-sua-primeira-apresentacao\\\/#breadcrumblist\",\"itemListElement\":[{\"@type\":\"ListItem\",\"@id\":\"https:\\\/\\\/www.jornalja.com.br\\\/arquivo#listItem\",\"position\":1,\"name\":\"Home\",\"item\":\"https:\\\/\\\/www.jornalja.com.br\\\/arquivo\",\"nextItem\":{\"@type\":\"ListItem\",\"@id\":\"https:\\\/\\\/www.jornalja.com.br\\\/arquivo\\\/category\\\/materiasecundaria\\\/#listItem\",\"name\":\"Cultura-Geral\"}},{\"@type\":\"ListItem\",\"@id\":\"https:\\\/\\\/www.jornalja.com.br\\\/arquivo\\\/category\\\/materiasecundaria\\\/#listItem\",\"position\":2,\"name\":\"Cultura-Geral\",\"item\":\"https:\\\/\\\/www.jornalja.com.br\\\/arquivo\\\/category\\\/materiasecundaria\\\/\",\"nextItem\":{\"@type\":\"ListItem\",\"@id\":\"https:\\\/\\\/www.jornalja.com.br\\\/arquivo\\\/brado-feminista-inspira-grupo-musical-e-faz-hoje-sua-primeira-apresentacao\\\/#listItem\",\"name\":\"Brado feminista inspira grupo musical e faz hoje sua primeira apresenta\\u00e7\\u00e3o\"},\"previousItem\":{\"@type\":\"ListItem\",\"@id\":\"https:\\\/\\\/www.jornalja.com.br\\\/arquivo#listItem\",\"name\":\"Home\"}},{\"@type\":\"ListItem\",\"@id\":\"https:\\\/\\\/www.jornalja.com.br\\\/arquivo\\\/brado-feminista-inspira-grupo-musical-e-faz-hoje-sua-primeira-apresentacao\\\/#listItem\",\"position\":3,\"name\":\"Brado feminista inspira grupo musical e faz hoje sua primeira apresenta\\u00e7\\u00e3o\",\"previousItem\":{\"@type\":\"ListItem\",\"@id\":\"https:\\\/\\\/www.jornalja.com.br\\\/arquivo\\\/category\\\/materiasecundaria\\\/#listItem\",\"name\":\"Cultura-Geral\"}}]},{\"@type\":\"Organization\",\"@id\":\"https:\\\/\\\/www.jornalja.com.br\\\/arquivo\\\/#organization\",\"name\":\"Jornal J\\u00c1\",\"description\":\"Jornal J\\u00c1 | Porto Alegre\",\"url\":\"https:\\\/\\\/www.jornalja.com.br\\\/arquivo\\\/\",\"telephone\":\"+555133307272\",\"logo\":{\"@type\":\"ImageObject\",\"url\":\"https:\\\/\\\/www.jornalja.com.br\\\/wp-content\\\/uploads\\\/cards\\\/JAslogan.png\",\"@id\":\"https:\\\/\\\/www.jornalja.com.br\\\/arquivo\\\/brado-feminista-inspira-grupo-musical-e-faz-hoje-sua-primeira-apresentacao\\\/#organizationLogo\"},\"image\":{\"@id\":\"https:\\\/\\\/www.jornalja.com.br\\\/arquivo\\\/brado-feminista-inspira-grupo-musical-e-faz-hoje-sua-primeira-apresentacao\\\/#organizationLogo\"}},{\"@type\":\"Person\",\"@id\":\"https:\\\/\\\/www.jornalja.com.br\\\/arquivo\\\/author\\\/daredacao\\\/#author\",\"url\":\"https:\\\/\\\/www.jornalja.com.br\\\/arquivo\\\/author\\\/daredacao\\\/\",\"name\":\"da Reda\\u00e7\\u00e3o\",\"image\":{\"@type\":\"ImageObject\",\"@id\":\"https:\\\/\\\/www.jornalja.com.br\\\/arquivo\\\/brado-feminista-inspira-grupo-musical-e-faz-hoje-sua-primeira-apresentacao\\\/#authorImage\",\"url\":\"https:\\\/\\\/secure.gravatar.com\\\/avatar\\\/469fd857d6605ad19919d27ed29d35a968a25f6e8fd9318356bbb7f57aae9c65?s=96&d=mm&r=g\",\"width\":96,\"height\":96,\"caption\":\"da Reda\\u00e7\\u00e3o\"}},{\"@type\":\"WebPage\",\"@id\":\"https:\\\/\\\/www.jornalja.com.br\\\/arquivo\\\/brado-feminista-inspira-grupo-musical-e-faz-hoje-sua-primeira-apresentacao\\\/#webpage\",\"url\":\"https:\\\/\\\/www.jornalja.com.br\\\/arquivo\\\/brado-feminista-inspira-grupo-musical-e-faz-hoje-sua-primeira-apresentacao\\\/\",\"name\":\"Brado feminista inspira grupo musical e faz hoje sua primeira apresenta\\u00e7\\u00e3o | Arquivo\",\"inLanguage\":\"pt-BR\",\"isPartOf\":{\"@id\":\"https:\\\/\\\/www.jornalja.com.br\\\/arquivo\\\/#website\"},\"breadcrumb\":{\"@id\":\"https:\\\/\\\/www.jornalja.com.br\\\/arquivo\\\/brado-feminista-inspira-grupo-musical-e-faz-hoje-sua-primeira-apresentacao\\\/#breadcrumblist\"},\"author\":{\"@id\":\"https:\\\/\\\/www.jornalja.com.br\\\/arquivo\\\/author\\\/daredacao\\\/#author\"},\"creator\":{\"@id\":\"https:\\\/\\\/www.jornalja.com.br\\\/arquivo\\\/author\\\/daredacao\\\/#author\"},\"image\":{\"@type\":\"ImageObject\",\"url\":37608,\"@id\":\"https:\\\/\\\/www.jornalja.com.br\\\/arquivo\\\/brado-feminista-inspira-grupo-musical-e-faz-hoje-sua-primeira-apresentacao\\\/#mainImage\"},\"primaryImageOfPage\":{\"@id\":\"https:\\\/\\\/www.jornalja.com.br\\\/arquivo\\\/brado-feminista-inspira-grupo-musical-e-faz-hoje-sua-primeira-apresentacao\\\/#mainImage\"},\"datePublished\":\"2016-08-06T13:11:29-03:00\",\"dateModified\":\"2016-08-06T13:11:29-03:00\"},{\"@type\":\"WebSite\",\"@id\":\"https:\\\/\\\/www.jornalja.com.br\\\/arquivo\\\/#website\",\"url\":\"https:\\\/\\\/www.jornalja.com.br\\\/arquivo\\\/\",\"name\":\"Arquivo\",\"description\":\"Jornal J\\u00c1 | Porto Alegre\",\"inLanguage\":\"pt-BR\",\"publisher\":{\"@id\":\"https:\\\/\\\/www.jornalja.com.br\\\/arquivo\\\/#organization\"}}]}\n\t\t<\/script>\n\t\t<!-- All in One SEO -->\n\n","aioseo_head_json":{"title":"Brado feminista inspira grupo musical e faz hoje sua primeira apresenta\u00e7\u00e3o | Arquivo","description":"","canonical_url":"https:\/\/www.jornalja.com.br\/arquivo\/brado-feminista-inspira-grupo-musical-e-faz-hoje-sua-primeira-apresentacao\/","robots":"max-image-preview:large","keywords":"","webmasterTools":{"miscellaneous":""},"schema":{"@context":"https:\/\/schema.org","@graph":[{"@type":"BlogPosting","@id":"https:\/\/www.jornalja.com.br\/arquivo\/brado-feminista-inspira-grupo-musical-e-faz-hoje-sua-primeira-apresentacao\/#blogposting","name":"Brado feminista inspira grupo musical e faz hoje sua primeira apresenta\u00e7\u00e3o | Arquivo","headline":"Brado feminista inspira grupo musical e faz hoje sua primeira apresenta\u00e7\u00e3o","author":{"@id":"https:\/\/www.jornalja.com.br\/arquivo\/author\/daredacao\/#author"},"publisher":{"@id":"https:\/\/www.jornalja.com.br\/arquivo\/#organization"},"image":{"@type":"ImageObject","url":37608},"datePublished":"2016-08-06T13:11:29-03:00","dateModified":"2016-08-06T13:11:29-03:00","inLanguage":"pt-BR","mainEntityOfPage":{"@id":"https:\/\/www.jornalja.com.br\/arquivo\/brado-feminista-inspira-grupo-musical-e-faz-hoje-sua-primeira-apresentacao\/#webpage"},"isPartOf":{"@id":"https:\/\/www.jornalja.com.br\/arquivo\/brado-feminista-inspira-grupo-musical-e-faz-hoje-sua-primeira-apresentacao\/#webpage"},"articleSection":"Cultura-Geral"},{"@type":"BreadcrumbList","@id":"https:\/\/www.jornalja.com.br\/arquivo\/brado-feminista-inspira-grupo-musical-e-faz-hoje-sua-primeira-apresentacao\/#breadcrumblist","itemListElement":[{"@type":"ListItem","@id":"https:\/\/www.jornalja.com.br\/arquivo#listItem","position":1,"name":"Home","item":"https:\/\/www.jornalja.com.br\/arquivo","nextItem":{"@type":"ListItem","@id":"https:\/\/www.jornalja.com.br\/arquivo\/category\/materiasecundaria\/#listItem","name":"Cultura-Geral"}},{"@type":"ListItem","@id":"https:\/\/www.jornalja.com.br\/arquivo\/category\/materiasecundaria\/#listItem","position":2,"name":"Cultura-Geral","item":"https:\/\/www.jornalja.com.br\/arquivo\/category\/materiasecundaria\/","nextItem":{"@type":"ListItem","@id":"https:\/\/www.jornalja.com.br\/arquivo\/brado-feminista-inspira-grupo-musical-e-faz-hoje-sua-primeira-apresentacao\/#listItem","name":"Brado feminista inspira grupo musical e faz hoje sua primeira apresenta\u00e7\u00e3o"},"previousItem":{"@type":"ListItem","@id":"https:\/\/www.jornalja.com.br\/arquivo#listItem","name":"Home"}},{"@type":"ListItem","@id":"https:\/\/www.jornalja.com.br\/arquivo\/brado-feminista-inspira-grupo-musical-e-faz-hoje-sua-primeira-apresentacao\/#listItem","position":3,"name":"Brado feminista inspira grupo musical e faz hoje sua primeira apresenta\u00e7\u00e3o","previousItem":{"@type":"ListItem","@id":"https:\/\/www.jornalja.com.br\/arquivo\/category\/materiasecundaria\/#listItem","name":"Cultura-Geral"}}]},{"@type":"Organization","@id":"https:\/\/www.jornalja.com.br\/arquivo\/#organization","name":"Jornal J\u00c1","description":"Jornal J\u00c1 | Porto Alegre","url":"https:\/\/www.jornalja.com.br\/arquivo\/","telephone":"+555133307272","logo":{"@type":"ImageObject","url":"https:\/\/www.jornalja.com.br\/wp-content\/uploads\/cards\/JAslogan.png","@id":"https:\/\/www.jornalja.com.br\/arquivo\/brado-feminista-inspira-grupo-musical-e-faz-hoje-sua-primeira-apresentacao\/#organizationLogo"},"image":{"@id":"https:\/\/www.jornalja.com.br\/arquivo\/brado-feminista-inspira-grupo-musical-e-faz-hoje-sua-primeira-apresentacao\/#organizationLogo"}},{"@type":"Person","@id":"https:\/\/www.jornalja.com.br\/arquivo\/author\/daredacao\/#author","url":"https:\/\/www.jornalja.com.br\/arquivo\/author\/daredacao\/","name":"da Reda\u00e7\u00e3o","image":{"@type":"ImageObject","@id":"https:\/\/www.jornalja.com.br\/arquivo\/brado-feminista-inspira-grupo-musical-e-faz-hoje-sua-primeira-apresentacao\/#authorImage","url":"https:\/\/secure.gravatar.com\/avatar\/469fd857d6605ad19919d27ed29d35a968a25f6e8fd9318356bbb7f57aae9c65?s=96&d=mm&r=g","width":96,"height":96,"caption":"da Reda\u00e7\u00e3o"}},{"@type":"WebPage","@id":"https:\/\/www.jornalja.com.br\/arquivo\/brado-feminista-inspira-grupo-musical-e-faz-hoje-sua-primeira-apresentacao\/#webpage","url":"https:\/\/www.jornalja.com.br\/arquivo\/brado-feminista-inspira-grupo-musical-e-faz-hoje-sua-primeira-apresentacao\/","name":"Brado feminista inspira grupo musical e faz hoje sua primeira apresenta\u00e7\u00e3o | Arquivo","inLanguage":"pt-BR","isPartOf":{"@id":"https:\/\/www.jornalja.com.br\/arquivo\/#website"},"breadcrumb":{"@id":"https:\/\/www.jornalja.com.br\/arquivo\/brado-feminista-inspira-grupo-musical-e-faz-hoje-sua-primeira-apresentacao\/#breadcrumblist"},"author":{"@id":"https:\/\/www.jornalja.com.br\/arquivo\/author\/daredacao\/#author"},"creator":{"@id":"https:\/\/www.jornalja.com.br\/arquivo\/author\/daredacao\/#author"},"image":{"@type":"ImageObject","url":37608,"@id":"https:\/\/www.jornalja.com.br\/arquivo\/brado-feminista-inspira-grupo-musical-e-faz-hoje-sua-primeira-apresentacao\/#mainImage"},"primaryImageOfPage":{"@id":"https:\/\/www.jornalja.com.br\/arquivo\/brado-feminista-inspira-grupo-musical-e-faz-hoje-sua-primeira-apresentacao\/#mainImage"},"datePublished":"2016-08-06T13:11:29-03:00","dateModified":"2016-08-06T13:11:29-03:00"},{"@type":"WebSite","@id":"https:\/\/www.jornalja.com.br\/arquivo\/#website","url":"https:\/\/www.jornalja.com.br\/arquivo\/","name":"Arquivo","description":"Jornal J\u00c1 | Porto Alegre","inLanguage":"pt-BR","publisher":{"@id":"https:\/\/www.jornalja.com.br\/arquivo\/#organization"}}]},"og:locale":"pt_BR","og:site_name":"Arquivo | Jornal J\u00c1 | Porto Alegre","og:type":"article","og:title":"Brado feminista inspira grupo musical e faz hoje sua primeira apresenta\u00e7\u00e3o | Arquivo","og:url":"https:\/\/www.jornalja.com.br\/arquivo\/brado-feminista-inspira-grupo-musical-e-faz-hoje-sua-primeira-apresentacao\/","og:image":"https:\/\/www.jornalja.com.br\/economics\/wp-content\/uploads\/sites\/11\/2026\/08\/ja-folhaderosto-facebook.jpg","og:image:secure_url":"https:\/\/www.jornalja.com.br\/economics\/wp-content\/uploads\/sites\/11\/2026\/08\/ja-folhaderosto-facebook.jpg","article:published_time":"2016-08-06T16:11:29+00:00","article:modified_time":"2016-08-06T16:11:29+00:00","twitter:card":"summary","twitter:title":"Brado feminista inspira grupo musical e faz hoje sua primeira apresenta\u00e7\u00e3o | Arquivo","twitter:image":"https:\/\/www.jornalja.com.br\/economics\/wp-content\/uploads\/sites\/11\/2026\/08\/ja-folhaderosto-facebook.jpg"},"aioseo_meta_data":{"post_id":"37583","title":null,"description":null,"keywords":null,"keyphrases":null,"primary_term":null,"canonical_url":null,"og_title":null,"og_description":null,"og_object_type":"default","og_image_type":"default","og_image_url":null,"og_image_width":null,"og_image_height":null,"og_image_custom_url":null,"og_image_custom_fields":null,"og_video":null,"og_custom_url":null,"og_article_section":null,"og_article_tags":null,"twitter_use_og":false,"twitter_card":"default","twitter_image_type":"default","twitter_image_url":null,"twitter_image_custom_url":null,"twitter_image_custom_fields":null,"twitter_title":null,"twitter_description":null,"schema":{"blockGraphs":[],"customGraphs":[],"default":{"data":{"Article":[],"Course":[],"Dataset":[],"FAQPage":[],"Movie":[],"Person":[],"Product":[],"ProductReview":[],"Car":[],"Recipe":[],"Service":[],"SoftwareApplication":[],"WebPage":[]},"graphName":"","isEnabled":true},"graphs":[],"defaultGraph":"","defaultPostTypeGraph":""},"schema_type":null,"schema_type_options":null,"pillar_content":false,"robots_default":true,"robots_noindex":false,"robots_noarchive":false,"robots_nosnippet":false,"robots_nofollow":false,"robots_noimageindex":false,"robots_noodp":false,"robots_notranslate":false,"robots_max_snippet":null,"robots_max_videopreview":null,"robots_max_imagepreview":"large","priority":null,"frequency":null,"location":null,"local_seo":null,"breadcrumb_settings":null,"limit_modified_date":false,"ai":null,"created":"2020-12-20 20:52:03","updated":"2025-07-19 15:54:35","seo_analyzer_scan_date":null,"focus_keyword":null,"additional_keywords":null,"truseo_locale":null},"jetpack_sharing_enabled":true,"jetpack-related-posts":[{"id":13240,"url":"https:\/\/www.jornalja.com.br\/arquivo\/plano-diretor-estamos-construindo-o-caos\/","url_meta":{"origin":37583,"position":0},"title":"Plano diretor: &quot;Estamos construindo o caos&quot;","author":"Patr\u00edcia Marini","date":"26 de maio de 2014","format":false,"excerpt":"Desabafo que arquiteta Eliana Castilhos, delegada da Regi\u00e3o de Planejamento 1, postou nas redes sociais \u00e9 um testemunho do ambiente que se criou no Conselho do Plano Diretor de Porto Alegre, onde a aprova\u00e7\u00e3o de grandes empreendimentos \u00e9 empurrada guela abaixo dos conselheiros. Ao CMDUA Como delegada da Regi\u00e3o de\u2026","rel":"","context":"Em &quot;Geral&quot;","block_context":{"text":"Geral","link":"https:\/\/www.jornalja.com.br\/arquivo\/category\/geral\/"},"img":{"alt_text":"","src":"","width":0,"height":0},"classes":[]},{"id":13124,"url":"https:\/\/www.jornalja.com.br\/arquivo\/sangue-latino-no-iecine\/","url_meta":{"origin":37583,"position":1},"title":"Sangue latino no IECINE","author":"da Reda\u00e7\u00e3o","date":"18 de maio de 2014","format":false,"excerpt":"Francisco Ribeiro O Instituto Estadual de Cinema (IECINE) tem a frente, desde abril \u00faltimo, um novo diretor, o cineasta colombiano Juan Zapata, 36, que substitui Luiz Alberto Cassol. Radicado h\u00e1 dez anos em Porto Alegre, Zapata tem diante de si o desafio de conduzir at\u00e9 o final do ano um\u2026","rel":"","context":"Em &quot;Cultura-Geral&quot;","block_context":{"text":"Cultura-Geral","link":"https:\/\/www.jornalja.com.br\/arquivo\/category\/materiasecundaria\/"},"img":{"alt_text":"","src":"","width":0,"height":0},"classes":[]},{"id":14241,"url":"https:\/\/www.jornalja.com.br\/arquivo\/o-guaiba-nas-imagens-poeticas-de-achutti\/","url_meta":{"origin":37583,"position":2},"title":"O Gua\u00edba nas imagens po\u00e9ticas de Achutti","author":"da Reda\u00e7\u00e3o","date":"18 de junho de 2014","format":false,"excerpt":"Em \u201cO Gua\u00edba por Achutti\u201d \u2013 obra financiada via Minist\u00e9rio da Cultura, produ\u00e7\u00e3o executiva de Pedro Longhi, e Fl\u00e1vio Wild como designer \u2013, o fot\u00f3grafo revela a beleza e as mazelas de um espa\u00e7o aqu\u00e1tico de \u00e1guas sempre renovadas, cheio de hist\u00f3rias e lendas como as das cidades que foram\u2026","rel":"","context":"Em &quot;Cultura-Geral&quot;","block_context":{"text":"Cultura-Geral","link":"https:\/\/www.jornalja.com.br\/arquivo\/category\/materiasecundaria\/"},"img":{"alt_text":"","src":"","width":0,"height":0},"classes":[]},{"id":13101,"url":"https:\/\/www.jornalja.com.br\/arquivo\/morre-um-guerreiro-do-texto\/","url_meta":{"origin":37583,"position":3},"title":"Morre um guerreiro do texto","author":"Patr\u00edcia Marini","date":"14 de maio de 2014","format":false,"excerpt":"Por Ricardo Kotscho Reproduzido do blog do autor, 11\/5\/2014; t\u00edtulo original \u201cE l\u00e1 se foi o nosso Myltainho, guerreiro do texto\u201d. Mi\u00fado e franzino, meu amigo Myltainho era um valente e inconformado guerreiro na luta contra as injusti\u00e7as sociais, a hipocrisia, as maracutaias, o autoritarismo, a intoler\u00e2ncia, a viol\u00eancia, o\u2026","rel":"","context":"Em &quot;Geral&quot;","block_context":{"text":"Geral","link":"https:\/\/www.jornalja.com.br\/arquivo\/category\/geral\/"},"img":{"alt_text":"","src":"","width":0,"height":0},"classes":[]},{"id":5440,"url":"https:\/\/www.jornalja.com.br\/arquivo\/casarao-da-venancio-destino-permanece-incerto\/","url_meta":{"origin":37583,"position":4},"title":"Estado ainda n\u00e3o sabe o que fazer com casar\u00e3o abandonado h\u00e1 20 anos","author":"Elmar Bones","date":"6 de julho de 2009","format":false,"excerpt":"O casar\u00e3o amarelo, numa esquina nobre de Porto Alegre (Ven\u00e2ncio Aires com Jo\u00e3o Pessoa), j\u00e1 abrigou uma escola. H\u00e1 duas d\u00e9cadas, pelo menos, est\u00e1 abandonado, porque seu propriet\u00e1rio, o governo do Estado do Rio Grande do Sul, n\u00e3o consegue achar um destino para ele. Planos n\u00e3o faltaram. O governador Ol\u00edvio\u2026","rel":"","context":"Em &quot;X.Categorias velhas&quot;","block_context":{"text":"X.Categorias velhas","link":"https:\/\/www.jornalja.com.br\/arquivo\/category\/x-categorias-velhas\/"},"img":{"alt_text":"geraldo1","src":"https:\/\/i0.wp.com\/www.jornalja.com.br\/wp-content\/uploads\/2009\/07\/geraldo1.jpg?resize=350%2C200&ssl=1","width":350,"height":200},"classes":[]},{"id":13239,"url":"https:\/\/www.jornalja.com.br\/arquivo\/conselho-desdenha-do-plano-diretor\/","url_meta":{"origin":37583,"position":5},"title":"Porto Alegre: Conselho detona Plano Diretor","author":"Patr\u00edcia Marini","date":"25 de maio de 2014","format":false,"excerpt":"Den\u00fancia do arquiteto e \u00a0urbanista Ibir\u00e1 Santos Lucas. Ele diz que os conselheiros est\u00e3o votando com \"enorme irresponsabilidade\". \"Mudam regime com a maior naturalidade,,,regularizam absurdos de constru\u00e7\u00f5es irregulares... \"O CMDUA est\u00e1 flexibilizando a lei do plano diretor, de uma forma impactante na vida da cidade. Mudam regime com a maior\u2026","rel":"","context":"Em &quot;Geral&quot;","block_context":{"text":"Geral","link":"https:\/\/www.jornalja.com.br\/arquivo\/category\/geral\/"},"img":{"alt_text":"","src":"","width":0,"height":0},"classes":[]}],"jetpack_shortlink":"https:\/\/wp.me\/pbQjBd-9Mb","jetpack_featured_media_url":"","_links":{"self":[{"href":"https:\/\/www.jornalja.com.br\/arquivo\/wp-json\/wp\/v2\/posts\/37583","targetHints":{"allow":["GET"]}}],"collection":[{"href":"https:\/\/www.jornalja.com.br\/arquivo\/wp-json\/wp\/v2\/posts"}],"about":[{"href":"https:\/\/www.jornalja.com.br\/arquivo\/wp-json\/wp\/v2\/types\/post"}],"author":[{"embeddable":true,"href":"https:\/\/www.jornalja.com.br\/arquivo\/wp-json\/wp\/v2\/users\/4"}],"replies":[{"embeddable":true,"href":"https:\/\/www.jornalja.com.br\/arquivo\/wp-json\/wp\/v2\/comments?post=37583"}],"version-history":[{"count":0,"href":"https:\/\/www.jornalja.com.br\/arquivo\/wp-json\/wp\/v2\/posts\/37583\/revisions"}],"wp:attachment":[{"href":"https:\/\/www.jornalja.com.br\/arquivo\/wp-json\/wp\/v2\/media?parent=37583"}],"wp:term":[{"taxonomy":"category","embeddable":true,"href":"https:\/\/www.jornalja.com.br\/arquivo\/wp-json\/wp\/v2\/categories?post=37583"},{"taxonomy":"post_tag","embeddable":true,"href":"https:\/\/www.jornalja.com.br\/arquivo\/wp-json\/wp\/v2\/tags?post=37583"}],"curies":[{"name":"wp","href":"https:\/\/api.w.org\/{rel}","templated":true}]}}