{"id":37630,"date":"2016-08-07T16:11:10","date_gmt":"2016-08-07T19:11:10","guid":{"rendered":"https:\/\/www.jornalja.com.br\/?p=37630"},"modified":"2016-08-07T16:11:10","modified_gmt":"2016-08-07T19:11:10","slug":"tarso-de-castro-icone-de-uma-geracao-ganha-documentario","status":"publish","type":"post","link":"https:\/\/www.jornalja.com.br\/arquivo\/tarso-de-castro-icone-de-uma-geracao-ganha-documentario\/","title":{"rendered":"Tarso de Castro, \u00edcone de uma gera\u00e7\u00e3o, ganha document\u00e1rio"},"content":{"rendered":"<p>O document\u00e1rio longa-metragem \u201cA vida extraordin\u00e1ria de Tarso de Castro\u201d, dirigido por Leo Garcia e Zeca Brito, come\u00e7ou a ser rodado nesta quinta-feira, 4 de agosto, no Rio de Janeiro.<br \/>\nPor meio da fascinante trajet\u00f3ria de Tarso de Castro, o filme vai reviver a hist\u00f3ria do Brasil dos anos 60, 70 e 80 e da gera\u00e7\u00e3o de intelectuais que resistiram \u00e0 ditadura militar e promoveram uma verdadeira revolu\u00e7\u00e3o nos costumes e na cultura brasileira.<br \/>\nEmbora sua trajet\u00f3ria jornal\u00edstica tenha sido no Rio de Janeiro, Tarso era ga\u00facho de Passo Fundo, onde a fam\u00edlia mantinha o jornal <em>O Nacional<\/em>, em circula\u00e7\u00e3o at\u00e9 hoje.<br \/>\n<figure id=\"attachment_37635\" aria-describedby=\"caption-attachment-37635\" style=\"width: 300px\" class=\"wp-caption alignleft\"><img loading=\"lazy\" decoding=\"async\" class=\"size-medium wp-image-37635\" src=\"https:\/\/www.jornalja.com.br\/wp-content\/uploads\/2016\/08\/chico-cae-e-tarso-de-castro-festa-de-cae-na-boate-caligula-em-agosto-de-87-300x247.jpg\" alt=\"Na boate carioca Cal\u00edgula, com Chico e Cetano, em agosto de 1987\" width=\"300\" height=\"247\" \/><figcaption id=\"caption-attachment-37635\" class=\"wp-caption-text\">Na boate carioca Cal\u00edgula, com Chico e Cetano, em agosto de 1987<\/figcaption><\/figure><br \/>\nNesta primeira fase de filmagens, os diretores v\u00e3o entrevistar o cartunista Jaguar, o jornalista S\u00e9rgio Cabral (pai) e o ator Ant\u00f4nio Pedro. Outros companheiros de Tarso, como Paulo C\u00e9sar Pereio, Caetano Veloso, Chico Buarque, Mario Prata, Ziraldo, Paulo Caruso, Zuenir Ventura, Luis Fernando Verissimo, Xico S\u00e1 e Daniel Filho, ser\u00e3o entrevistados na segunda etapa.<br \/>\nBo\u00eamio, provocador, sedutor, revolucion\u00e1rio e idealizador do jornal Pasquim, Tarso de Castro foi um dos mais importantes e pol\u00eamicos jornalistas do Brasil.<br \/>\n<figure id=\"attachment_37636\" aria-describedby=\"caption-attachment-37636\" style=\"width: 218px\" class=\"wp-caption alignright\"><img loading=\"lazy\" decoding=\"async\" class=\"size-medium wp-image-37636\" src=\"https:\/\/www.jornalja.com.br\/wp-content\/uploads\/2016\/08\/tarso-de-castro-recorte-morte-218x300.jpg\" alt=\"Tarso morreu aos 49 anos\" width=\"218\" height=\"300\" \/><figcaption id=\"caption-attachment-37636\" class=\"wp-caption-text\">Tarso morreu aos 49 anos<\/figcaption><\/figure><br \/>\nComo bem definiu Otto Lara Resende, Tarso tra\u00e7ou um verdadeiro pacto de felicidade com a vida e pagou o pre\u00e7o dos prazeres excessivos \u2013 era alco\u00f3latra, n\u00e3o admitia se tratar e morreu de cirrose hep\u00e1tica aos 49 anos de idade em 1991.<br \/>\nAl\u00e9m dos amigos j\u00e1 citados, Tarso conviveu e influenciou personalidades como Glauber Rocha, Tom Jobim, Caetano Veloso, Leila Diniz, Paulo Francis, Samuel Wainer, Luiz Carlos Maciel, S\u00e9rgio Porto, Paulo Jos\u00e9, Hugo Carvana, Fernanda Montenegro, Leonel Brizola, Jo\u00e3o Ubaldo Ribeiro e S\u00e9rgio Buarque de Holanda.<br \/>\n\u201cEnquanto escritores e roteiristas quebram a cabe\u00e7a para criar personagens conflituosos e que cativem o p\u00fablico, o jornalismo brasileiro teve em suas reda\u00e7\u00f5es um personagem pronto,\u201d afirma o diretor Leo Garcia.<br \/>\n<strong>Breve perfil dos diretores<\/strong><br \/>\n<strong>Leo Garcia<\/strong> \u00e9 s\u00f3cio da produtora de roteiros Coelho Voador. Mestre em Roteiro de Fic\u00e7\u00e3o para TV e Cinema (UPSA \u2013 Salamanca, Espanha), escreveu roteiros para longas, curtas e s\u00e9ries, tendo vencido editais e premia\u00e7\u00f5es. Destaque para o curta \u201cEd\u201d, no qual \u00e9 roteirista e produtor, selecionado para mais de 100 festivais em 33 pa\u00edses \u2013 vencedor do Grande Pr\u00eamio Canal Brasil 2014. Roteirizou as s\u00e9ries \u201cElvis e o Cometa\u201d (2010 &#8211; TV Brasil), Sapore D\u2019It\u00e1lia (2011 &#8211; RBS e Globo Internacional), \u201cBocheiros\u201d (2014 \u2013 TVE e Prime Box Brazil) e \u201cWerner e os Mortos\u201d (2016 \u2013 Canal Brasil).<br \/>\nLeo venceu o Pr\u00eamio Santander Cultural para projetos de longas por duas vezes (2009 e 2011) e foi selecionado para o Berlinale Talents 2014, prestigiado programa do Festival de Berlim.\u00a0Seu longa \u201cEm 97 Era Assim\u201d est\u00e1 em finaliza\u00e7\u00e3o, com previs\u00e3o de lan\u00e7amento para o segundo semestre de 2016. Leo teve dois projetos de longas contemplados no edital RS P\u00f3lo Audiovisual: a fic\u00e7\u00e3o \u201cDepois de Ser Cinza\u201d e o document\u00e1rio \u201cA Vida Extra-Ordin\u00e1ria de Tarso de Castro\u201d \u2013 ambos ser\u00e3o rodados em 2016 e 2017. J\u00e1 ministrou cursos de roteiro em Porto Alegre, Goi\u00e2nia, Rio de Janeiro, Aracaju e diversas cidades do interior do Rio Grande do Sul.<br \/>\n\u00c9 tamb\u00e9m o idealizador da Alfaiataria da Coelho Voador (contemplada no edital FAC\/RS por duas vezes), laborat\u00f3rio de cria\u00e7\u00e3o de novos roteiros, que est\u00e1 dando oportunidade a novos talentos a entrar no mercado. Leo \u00e9 o diretor-geral do FRAPA \u2013 Festival de Roteiro Audiovisual de Porto Alegre, o primeiro festival de roteiro da Am\u00e9rica Latina, que j\u00e1 conta com quatro edi\u00e7\u00f5es.<br \/>\n<strong>Zeca Brito <\/strong>\u00e9 graduado em Realizac\u0327a\u0303o Audiovisual pela Unisinos e Bacharel em Visuais pela UFRGS, atua como diretor e roteirista. Em 2006 dirigiu \u201cUm Filme Chamado Sfincter\u201d, ficc\u0327a\u0303o exibida no canal Multishow. Em 2009, lan\u00e7ou o curta-metragem de ficc\u0327a\u0303o \u201cUm Breve Assalto\u201d, exibido na RBS TV e Canal Brasil. Seu curta-metragem \u201cAos Pe\u0301s\u201d em 2010 foi exibido em Nova Iorque, Buenos Aires e Ilha da Horta (Ac\u0327ores), conquistou o premio de Melhor Filme no Festival de Cinema de Maringa\u0301, Melhor Filme 35mm no Festival Ibero Americano Curta Canoa e Melhor Filme Ju\u0301ri Popular no FESTin Lisboa. Seu curta-metragem de ficc\u0327a\u0303o \u201cO Sabia\u0301\u201d, foi exibido em 2010 na RBS TV e Canal Brasil, e ganhou 3\u00b0 Lugar pelo Ju\u0301ri Popular no FESTin Lisboa. Seu longa-metragem \u201cO Guri\u201d, de 2011, segundo o cri\u0301tico Jean-Claude Bernardet, \u201cassinala o nascimento de um novo talento cinematogr\u00e1fico no Brasil\u201d. Em 2014 dirigiu o document\u00e1rio de longa-metragem \u201cGlauco do Brasil\u201d, lan\u00e7ado nos cinema em mar\u00e7o de 2016. Atualmente, finaliza o longa-metragem &#8220;Em 97 Era Assim&#8221; e est\u00e1 fase de pr\u00e9-produ\u00e7\u00e3o do longa de fic\u00e7\u00e3o \u201cLegalidade\u201d.<br \/>\n&nbsp;<br \/>\n<strong>Ficha T\u00e9cnica<\/strong><br \/>\nDIRE\u00c7\u00c3O: Leo Garcia e Zeca Brito<br \/>\nROTEIRO: Leo Garcia e Zeca Brito<br \/>\nPRODU\u00c7\u00c3O: Let\u00edcia Friedrich e Mariana Muller<br \/>\nDIRE\u00c7\u00c3O DE FOTOGRAFIA: Bruno Polidoro<br \/>\nPESQUISA: Alice Spitz e Sylvio Siffert<br \/>\nASSISTENTE DE DIRE\u00c7\u00c3O: Alice Spitz<br \/>\nEMPRESAS PRODUTORAS: Coelho Voador, Anti Filmes, Boulevard Filmes e Epifania Filmes<br \/>\nDISTRIBUIDORA: Boulevard Filmes<br \/>\n&nbsp;<\/p>\n","protected":false},"excerpt":{"rendered":"<p>O document\u00e1rio longa-metragem \u201cA vida extraordin\u00e1ria de Tarso de Castro\u201d, dirigido por Leo Garcia e Zeca Brito, come\u00e7ou a ser rodado nesta quinta-feira, 4 de agosto, no Rio de Janeiro. Por meio da fascinante trajet\u00f3ria de Tarso de Castro, o filme vai reviver a hist\u00f3ria do Brasil dos anos 60, 70 e 80 e da [&hellip;]<\/p>\n","protected":false},"author":4,"featured_media":37631,"comment_status":"open","ping_status":"closed","sticky":false,"template":"","format":"standard","meta":{"_jetpack_newsletter_access":"","_jetpack_dont_email_post_to_subs":false,"_jetpack_newsletter_tier_id":0,"_jetpack_memberships_contains_paywalled_content":false,"_jetpack_feature_clip_id":0,"_jetpack_memberships_contains_paid_content":false,"footnotes":"","jetpack_post_was_ever_published":false},"categories":[11],"tags":[],"class_list":["post-37630","post","type-post","status-publish","format-standard","has-post-thumbnail","hentry","category-materiasecundaria"],"aioseo_notices":[],"aioseo_head":"\n\t\t<!-- All in One SEO 5.0.1.1 - aioseo.com -->\n\t<meta name=\"robots\" content=\"max-image-preview:large\" \/>\n\t<meta name=\"author\" content=\"da Reda\u00e7\u00e3o\"\/>\n\t<link rel=\"canonical\" href=\"https:\/\/www.jornalja.com.br\/arquivo\/tarso-de-castro-icone-de-uma-geracao-ganha-documentario\/\" \/>\n\t<meta name=\"generator\" content=\"All in One SEO (AIOSEO) 5.0.1.1\" \/>\n\t\t<meta property=\"og:locale\" content=\"pt_BR\" \/>\n\t\t<meta property=\"og:site_name\" content=\"Arquivo | Jornal J\u00c1 | Porto Alegre\" \/>\n\t\t<meta property=\"og:type\" content=\"article\" \/>\n\t\t<meta property=\"og:title\" content=\"Tarso de Castro, \u00edcone de uma gera\u00e7\u00e3o, ganha document\u00e1rio | Arquivo\" \/>\n\t\t<meta property=\"og:url\" content=\"https:\/\/www.jornalja.com.br\/arquivo\/tarso-de-castro-icone-de-uma-geracao-ganha-documentario\/\" \/>\n\t\t<meta property=\"og:image\" content=\"https:\/\/www.jornalja.com.br\/wp-content\/uploads\/2016\/08\/chico-cae-e-tarso-de-castro-festa-de-cae-na-boate-caligula-em-agosto-de-87-300x247.jpg\" \/>\n\t\t<meta property=\"og:image:secure_url\" content=\"https:\/\/www.jornalja.com.br\/wp-content\/uploads\/2016\/08\/chico-cae-e-tarso-de-castro-festa-de-cae-na-boate-caligula-em-agosto-de-87-300x247.jpg\" \/>\n\t\t<meta property=\"article:published_time\" content=\"2016-08-07T19:11:10+00:00\" \/>\n\t\t<meta property=\"article:modified_time\" content=\"2016-08-07T19:11:10+00:00\" \/>\n\t\t<meta name=\"twitter:card\" content=\"summary\" \/>\n\t\t<meta name=\"twitter:title\" content=\"Tarso de Castro, \u00edcone de uma gera\u00e7\u00e3o, ganha document\u00e1rio | Arquivo\" \/>\n\t\t<meta name=\"twitter:image\" content=\"https:\/\/www.jornalja.com.br\/economics\/wp-content\/uploads\/sites\/11\/2026\/08\/ja-folhaderosto-facebook.jpg\" \/>\n\t\t<script type=\"application\/ld+json\" class=\"aioseo-schema\">\n\t\t\t{\"@context\":\"https:\\\/\\\/schema.org\",\"@graph\":[{\"@type\":\"BlogPosting\",\"@id\":\"https:\\\/\\\/www.jornalja.com.br\\\/arquivo\\\/tarso-de-castro-icone-de-uma-geracao-ganha-documentario\\\/#blogposting\",\"name\":\"Tarso de Castro, \\u00edcone de uma gera\\u00e7\\u00e3o, ganha document\\u00e1rio | Arquivo\",\"headline\":\"Tarso de Castro, \\u00edcone de uma gera\\u00e7\\u00e3o, ganha document\\u00e1rio\",\"author\":{\"@id\":\"https:\\\/\\\/www.jornalja.com.br\\\/arquivo\\\/author\\\/daredacao\\\/#author\"},\"publisher\":{\"@id\":\"https:\\\/\\\/www.jornalja.com.br\\\/arquivo\\\/#organization\"},\"image\":{\"@type\":\"ImageObject\",\"url\":37631},\"datePublished\":\"2016-08-07T16:11:10-03:00\",\"dateModified\":\"2016-08-07T16:11:10-03:00\",\"inLanguage\":\"pt-BR\",\"mainEntityOfPage\":{\"@id\":\"https:\\\/\\\/www.jornalja.com.br\\\/arquivo\\\/tarso-de-castro-icone-de-uma-geracao-ganha-documentario\\\/#webpage\"},\"isPartOf\":{\"@id\":\"https:\\\/\\\/www.jornalja.com.br\\\/arquivo\\\/tarso-de-castro-icone-de-uma-geracao-ganha-documentario\\\/#webpage\"},\"articleSection\":\"Cultura-Geral\"},{\"@type\":\"BreadcrumbList\",\"@id\":\"https:\\\/\\\/www.jornalja.com.br\\\/arquivo\\\/tarso-de-castro-icone-de-uma-geracao-ganha-documentario\\\/#breadcrumblist\",\"itemListElement\":[{\"@type\":\"ListItem\",\"@id\":\"https:\\\/\\\/www.jornalja.com.br\\\/arquivo#listItem\",\"position\":1,\"name\":\"Home\",\"item\":\"https:\\\/\\\/www.jornalja.com.br\\\/arquivo\",\"nextItem\":{\"@type\":\"ListItem\",\"@id\":\"https:\\\/\\\/www.jornalja.com.br\\\/arquivo\\\/category\\\/materiasecundaria\\\/#listItem\",\"name\":\"Cultura-Geral\"}},{\"@type\":\"ListItem\",\"@id\":\"https:\\\/\\\/www.jornalja.com.br\\\/arquivo\\\/category\\\/materiasecundaria\\\/#listItem\",\"position\":2,\"name\":\"Cultura-Geral\",\"item\":\"https:\\\/\\\/www.jornalja.com.br\\\/arquivo\\\/category\\\/materiasecundaria\\\/\",\"nextItem\":{\"@type\":\"ListItem\",\"@id\":\"https:\\\/\\\/www.jornalja.com.br\\\/arquivo\\\/tarso-de-castro-icone-de-uma-geracao-ganha-documentario\\\/#listItem\",\"name\":\"Tarso de Castro, \\u00edcone de uma gera\\u00e7\\u00e3o, ganha document\\u00e1rio\"},\"previousItem\":{\"@type\":\"ListItem\",\"@id\":\"https:\\\/\\\/www.jornalja.com.br\\\/arquivo#listItem\",\"name\":\"Home\"}},{\"@type\":\"ListItem\",\"@id\":\"https:\\\/\\\/www.jornalja.com.br\\\/arquivo\\\/tarso-de-castro-icone-de-uma-geracao-ganha-documentario\\\/#listItem\",\"position\":3,\"name\":\"Tarso de Castro, \\u00edcone de uma gera\\u00e7\\u00e3o, ganha document\\u00e1rio\",\"previousItem\":{\"@type\":\"ListItem\",\"@id\":\"https:\\\/\\\/www.jornalja.com.br\\\/arquivo\\\/category\\\/materiasecundaria\\\/#listItem\",\"name\":\"Cultura-Geral\"}}]},{\"@type\":\"Organization\",\"@id\":\"https:\\\/\\\/www.jornalja.com.br\\\/arquivo\\\/#organization\",\"name\":\"Jornal J\\u00c1\",\"description\":\"Jornal J\\u00c1 | Porto Alegre\",\"url\":\"https:\\\/\\\/www.jornalja.com.br\\\/arquivo\\\/\",\"telephone\":\"+555133307272\",\"logo\":{\"@type\":\"ImageObject\",\"url\":\"https:\\\/\\\/www.jornalja.com.br\\\/wp-content\\\/uploads\\\/cards\\\/JAslogan.png\",\"@id\":\"https:\\\/\\\/www.jornalja.com.br\\\/arquivo\\\/tarso-de-castro-icone-de-uma-geracao-ganha-documentario\\\/#organizationLogo\"},\"image\":{\"@id\":\"https:\\\/\\\/www.jornalja.com.br\\\/arquivo\\\/tarso-de-castro-icone-de-uma-geracao-ganha-documentario\\\/#organizationLogo\"}},{\"@type\":\"Person\",\"@id\":\"https:\\\/\\\/www.jornalja.com.br\\\/arquivo\\\/author\\\/daredacao\\\/#author\",\"url\":\"https:\\\/\\\/www.jornalja.com.br\\\/arquivo\\\/author\\\/daredacao\\\/\",\"name\":\"da Reda\\u00e7\\u00e3o\",\"image\":{\"@type\":\"ImageObject\",\"@id\":\"https:\\\/\\\/www.jornalja.com.br\\\/arquivo\\\/tarso-de-castro-icone-de-uma-geracao-ganha-documentario\\\/#authorImage\",\"url\":\"https:\\\/\\\/secure.gravatar.com\\\/avatar\\\/469fd857d6605ad19919d27ed29d35a968a25f6e8fd9318356bbb7f57aae9c65?s=96&d=mm&r=g\",\"width\":96,\"height\":96,\"caption\":\"da Reda\\u00e7\\u00e3o\"}},{\"@type\":\"WebPage\",\"@id\":\"https:\\\/\\\/www.jornalja.com.br\\\/arquivo\\\/tarso-de-castro-icone-de-uma-geracao-ganha-documentario\\\/#webpage\",\"url\":\"https:\\\/\\\/www.jornalja.com.br\\\/arquivo\\\/tarso-de-castro-icone-de-uma-geracao-ganha-documentario\\\/\",\"name\":\"Tarso de Castro, \\u00edcone de uma gera\\u00e7\\u00e3o, ganha document\\u00e1rio | Arquivo\",\"inLanguage\":\"pt-BR\",\"isPartOf\":{\"@id\":\"https:\\\/\\\/www.jornalja.com.br\\\/arquivo\\\/#website\"},\"breadcrumb\":{\"@id\":\"https:\\\/\\\/www.jornalja.com.br\\\/arquivo\\\/tarso-de-castro-icone-de-uma-geracao-ganha-documentario\\\/#breadcrumblist\"},\"author\":{\"@id\":\"https:\\\/\\\/www.jornalja.com.br\\\/arquivo\\\/author\\\/daredacao\\\/#author\"},\"creator\":{\"@id\":\"https:\\\/\\\/www.jornalja.com.br\\\/arquivo\\\/author\\\/daredacao\\\/#author\"},\"image\":{\"@type\":\"ImageObject\",\"url\":37631,\"@id\":\"https:\\\/\\\/www.jornalja.com.br\\\/arquivo\\\/tarso-de-castro-icone-de-uma-geracao-ganha-documentario\\\/#mainImage\"},\"primaryImageOfPage\":{\"@id\":\"https:\\\/\\\/www.jornalja.com.br\\\/arquivo\\\/tarso-de-castro-icone-de-uma-geracao-ganha-documentario\\\/#mainImage\"},\"datePublished\":\"2016-08-07T16:11:10-03:00\",\"dateModified\":\"2016-08-07T16:11:10-03:00\"},{\"@type\":\"WebSite\",\"@id\":\"https:\\\/\\\/www.jornalja.com.br\\\/arquivo\\\/#website\",\"url\":\"https:\\\/\\\/www.jornalja.com.br\\\/arquivo\\\/\",\"name\":\"Arquivo\",\"description\":\"Jornal J\\u00c1 | Porto Alegre\",\"inLanguage\":\"pt-BR\",\"publisher\":{\"@id\":\"https:\\\/\\\/www.jornalja.com.br\\\/arquivo\\\/#organization\"}}]}\n\t\t<\/script>\n\t\t<!-- All in One SEO -->\n\n","aioseo_head_json":{"title":"Tarso de Castro, \u00edcone de uma gera\u00e7\u00e3o, ganha document\u00e1rio | Arquivo","description":"","canonical_url":"https:\/\/www.jornalja.com.br\/arquivo\/tarso-de-castro-icone-de-uma-geracao-ganha-documentario\/","robots":"max-image-preview:large","keywords":"","webmasterTools":{"miscellaneous":""},"schema":{"@context":"https:\/\/schema.org","@graph":[{"@type":"BlogPosting","@id":"https:\/\/www.jornalja.com.br\/arquivo\/tarso-de-castro-icone-de-uma-geracao-ganha-documentario\/#blogposting","name":"Tarso de Castro, \u00edcone de uma gera\u00e7\u00e3o, ganha document\u00e1rio | Arquivo","headline":"Tarso de Castro, \u00edcone de uma gera\u00e7\u00e3o, ganha document\u00e1rio","author":{"@id":"https:\/\/www.jornalja.com.br\/arquivo\/author\/daredacao\/#author"},"publisher":{"@id":"https:\/\/www.jornalja.com.br\/arquivo\/#organization"},"image":{"@type":"ImageObject","url":37631},"datePublished":"2016-08-07T16:11:10-03:00","dateModified":"2016-08-07T16:11:10-03:00","inLanguage":"pt-BR","mainEntityOfPage":{"@id":"https:\/\/www.jornalja.com.br\/arquivo\/tarso-de-castro-icone-de-uma-geracao-ganha-documentario\/#webpage"},"isPartOf":{"@id":"https:\/\/www.jornalja.com.br\/arquivo\/tarso-de-castro-icone-de-uma-geracao-ganha-documentario\/#webpage"},"articleSection":"Cultura-Geral"},{"@type":"BreadcrumbList","@id":"https:\/\/www.jornalja.com.br\/arquivo\/tarso-de-castro-icone-de-uma-geracao-ganha-documentario\/#breadcrumblist","itemListElement":[{"@type":"ListItem","@id":"https:\/\/www.jornalja.com.br\/arquivo#listItem","position":1,"name":"Home","item":"https:\/\/www.jornalja.com.br\/arquivo","nextItem":{"@type":"ListItem","@id":"https:\/\/www.jornalja.com.br\/arquivo\/category\/materiasecundaria\/#listItem","name":"Cultura-Geral"}},{"@type":"ListItem","@id":"https:\/\/www.jornalja.com.br\/arquivo\/category\/materiasecundaria\/#listItem","position":2,"name":"Cultura-Geral","item":"https:\/\/www.jornalja.com.br\/arquivo\/category\/materiasecundaria\/","nextItem":{"@type":"ListItem","@id":"https:\/\/www.jornalja.com.br\/arquivo\/tarso-de-castro-icone-de-uma-geracao-ganha-documentario\/#listItem","name":"Tarso de Castro, \u00edcone de uma gera\u00e7\u00e3o, ganha document\u00e1rio"},"previousItem":{"@type":"ListItem","@id":"https:\/\/www.jornalja.com.br\/arquivo#listItem","name":"Home"}},{"@type":"ListItem","@id":"https:\/\/www.jornalja.com.br\/arquivo\/tarso-de-castro-icone-de-uma-geracao-ganha-documentario\/#listItem","position":3,"name":"Tarso de Castro, \u00edcone de uma gera\u00e7\u00e3o, ganha document\u00e1rio","previousItem":{"@type":"ListItem","@id":"https:\/\/www.jornalja.com.br\/arquivo\/category\/materiasecundaria\/#listItem","name":"Cultura-Geral"}}]},{"@type":"Organization","@id":"https:\/\/www.jornalja.com.br\/arquivo\/#organization","name":"Jornal J\u00c1","description":"Jornal J\u00c1 | Porto Alegre","url":"https:\/\/www.jornalja.com.br\/arquivo\/","telephone":"+555133307272","logo":{"@type":"ImageObject","url":"https:\/\/www.jornalja.com.br\/wp-content\/uploads\/cards\/JAslogan.png","@id":"https:\/\/www.jornalja.com.br\/arquivo\/tarso-de-castro-icone-de-uma-geracao-ganha-documentario\/#organizationLogo"},"image":{"@id":"https:\/\/www.jornalja.com.br\/arquivo\/tarso-de-castro-icone-de-uma-geracao-ganha-documentario\/#organizationLogo"}},{"@type":"Person","@id":"https:\/\/www.jornalja.com.br\/arquivo\/author\/daredacao\/#author","url":"https:\/\/www.jornalja.com.br\/arquivo\/author\/daredacao\/","name":"da Reda\u00e7\u00e3o","image":{"@type":"ImageObject","@id":"https:\/\/www.jornalja.com.br\/arquivo\/tarso-de-castro-icone-de-uma-geracao-ganha-documentario\/#authorImage","url":"https:\/\/secure.gravatar.com\/avatar\/469fd857d6605ad19919d27ed29d35a968a25f6e8fd9318356bbb7f57aae9c65?s=96&d=mm&r=g","width":96,"height":96,"caption":"da Reda\u00e7\u00e3o"}},{"@type":"WebPage","@id":"https:\/\/www.jornalja.com.br\/arquivo\/tarso-de-castro-icone-de-uma-geracao-ganha-documentario\/#webpage","url":"https:\/\/www.jornalja.com.br\/arquivo\/tarso-de-castro-icone-de-uma-geracao-ganha-documentario\/","name":"Tarso de Castro, \u00edcone de uma gera\u00e7\u00e3o, ganha document\u00e1rio | Arquivo","inLanguage":"pt-BR","isPartOf":{"@id":"https:\/\/www.jornalja.com.br\/arquivo\/#website"},"breadcrumb":{"@id":"https:\/\/www.jornalja.com.br\/arquivo\/tarso-de-castro-icone-de-uma-geracao-ganha-documentario\/#breadcrumblist"},"author":{"@id":"https:\/\/www.jornalja.com.br\/arquivo\/author\/daredacao\/#author"},"creator":{"@id":"https:\/\/www.jornalja.com.br\/arquivo\/author\/daredacao\/#author"},"image":{"@type":"ImageObject","url":37631,"@id":"https:\/\/www.jornalja.com.br\/arquivo\/tarso-de-castro-icone-de-uma-geracao-ganha-documentario\/#mainImage"},"primaryImageOfPage":{"@id":"https:\/\/www.jornalja.com.br\/arquivo\/tarso-de-castro-icone-de-uma-geracao-ganha-documentario\/#mainImage"},"datePublished":"2016-08-07T16:11:10-03:00","dateModified":"2016-08-07T16:11:10-03:00"},{"@type":"WebSite","@id":"https:\/\/www.jornalja.com.br\/arquivo\/#website","url":"https:\/\/www.jornalja.com.br\/arquivo\/","name":"Arquivo","description":"Jornal J\u00c1 | Porto Alegre","inLanguage":"pt-BR","publisher":{"@id":"https:\/\/www.jornalja.com.br\/arquivo\/#organization"}}]},"og:locale":"pt_BR","og:site_name":"Arquivo | Jornal J\u00c1 | Porto Alegre","og:type":"article","og:title":"Tarso de Castro, \u00edcone de uma gera\u00e7\u00e3o, ganha document\u00e1rio | Arquivo","og:url":"https:\/\/www.jornalja.com.br\/arquivo\/tarso-de-castro-icone-de-uma-geracao-ganha-documentario\/","og:image":"https:\/\/www.jornalja.com.br\/wp-content\/uploads\/2016\/08\/chico-cae-e-tarso-de-castro-festa-de-cae-na-boate-caligula-em-agosto-de-87-300x247.jpg","og:image:secure_url":"https:\/\/www.jornalja.com.br\/wp-content\/uploads\/2016\/08\/chico-cae-e-tarso-de-castro-festa-de-cae-na-boate-caligula-em-agosto-de-87-300x247.jpg","article:published_time":"2016-08-07T19:11:10+00:00","article:modified_time":"2016-08-07T19:11:10+00:00","twitter:card":"summary","twitter:title":"Tarso de Castro, \u00edcone de uma gera\u00e7\u00e3o, ganha document\u00e1rio | Arquivo","twitter:image":"https:\/\/www.jornalja.com.br\/economics\/wp-content\/uploads\/sites\/11\/2026\/08\/ja-folhaderosto-facebook.jpg"},"aioseo_meta_data":{"post_id":"37630","title":null,"description":null,"keywords":null,"keyphrases":null,"primary_term":null,"canonical_url":null,"og_title":null,"og_description":null,"og_object_type":"default","og_image_type":"default","og_image_url":null,"og_image_width":null,"og_image_height":null,"og_image_custom_url":null,"og_image_custom_fields":null,"og_video":null,"og_custom_url":null,"og_article_section":null,"og_article_tags":null,"twitter_use_og":false,"twitter_card":"default","twitter_image_type":"default","twitter_image_url":null,"twitter_image_custom_url":null,"twitter_image_custom_fields":null,"twitter_title":null,"twitter_description":null,"schema":{"blockGraphs":[],"customGraphs":[],"default":{"data":{"Article":[],"Course":[],"Dataset":[],"FAQPage":[],"Movie":[],"Person":[],"Product":[],"ProductReview":[],"Car":[],"Recipe":[],"Service":[],"SoftwareApplication":[],"WebPage":[]},"graphName":"","isEnabled":true},"graphs":[],"defaultGraph":"","defaultPostTypeGraph":""},"schema_type":null,"schema_type_options":null,"pillar_content":false,"robots_default":true,"robots_noindex":false,"robots_noarchive":false,"robots_nosnippet":false,"robots_nofollow":false,"robots_noimageindex":false,"robots_noodp":false,"robots_notranslate":false,"robots_max_snippet":null,"robots_max_videopreview":null,"robots_max_imagepreview":"large","priority":null,"frequency":null,"location":null,"local_seo":null,"breadcrumb_settings":null,"limit_modified_date":false,"ai":null,"created":"2020-12-20 20:52:03","updated":"2025-07-19 15:54:35","seo_analyzer_scan_date":null,"focus_keyword":null,"additional_keywords":null,"truseo_locale":null},"jetpack_sharing_enabled":true,"jetpack-related-posts":[{"id":14241,"url":"https:\/\/www.jornalja.com.br\/arquivo\/o-guaiba-nas-imagens-poeticas-de-achutti\/","url_meta":{"origin":37630,"position":0},"title":"O Gua\u00edba nas imagens po\u00e9ticas de Achutti","author":"da Reda\u00e7\u00e3o","date":"18 de junho de 2014","format":false,"excerpt":"Em \u201cO Gua\u00edba por Achutti\u201d \u2013 obra financiada via Minist\u00e9rio da Cultura, produ\u00e7\u00e3o executiva de Pedro Longhi, e Fl\u00e1vio Wild como designer \u2013, o fot\u00f3grafo revela a beleza e as mazelas de um espa\u00e7o aqu\u00e1tico de \u00e1guas sempre renovadas, cheio de hist\u00f3rias e lendas como as das cidades que foram\u2026","rel":"","context":"Em &quot;Cultura-Geral&quot;","block_context":{"text":"Cultura-Geral","link":"https:\/\/www.jornalja.com.br\/arquivo\/category\/materiasecundaria\/"},"img":{"alt_text":"","src":"","width":0,"height":0},"classes":[]},{"id":13101,"url":"https:\/\/www.jornalja.com.br\/arquivo\/morre-um-guerreiro-do-texto\/","url_meta":{"origin":37630,"position":1},"title":"Morre um guerreiro do texto","author":"Patr\u00edcia Marini","date":"14 de maio de 2014","format":false,"excerpt":"Por Ricardo Kotscho Reproduzido do blog do autor, 11\/5\/2014; t\u00edtulo original \u201cE l\u00e1 se foi o nosso Myltainho, guerreiro do texto\u201d. Mi\u00fado e franzino, meu amigo Myltainho era um valente e inconformado guerreiro na luta contra as injusti\u00e7as sociais, a hipocrisia, as maracutaias, o autoritarismo, a intoler\u00e2ncia, a viol\u00eancia, o\u2026","rel":"","context":"Em &quot;Geral&quot;","block_context":{"text":"Geral","link":"https:\/\/www.jornalja.com.br\/arquivo\/category\/geral\/"},"img":{"alt_text":"","src":"","width":0,"height":0},"classes":[]},{"id":13124,"url":"https:\/\/www.jornalja.com.br\/arquivo\/sangue-latino-no-iecine\/","url_meta":{"origin":37630,"position":2},"title":"Sangue latino no IECINE","author":"da Reda\u00e7\u00e3o","date":"18 de maio de 2014","format":false,"excerpt":"Francisco Ribeiro O Instituto Estadual de Cinema (IECINE) tem a frente, desde abril \u00faltimo, um novo diretor, o cineasta colombiano Juan Zapata, 36, que substitui Luiz Alberto Cassol. Radicado h\u00e1 dez anos em Porto Alegre, Zapata tem diante de si o desafio de conduzir at\u00e9 o final do ano um\u2026","rel":"","context":"Em &quot;Cultura-Geral&quot;","block_context":{"text":"Cultura-Geral","link":"https:\/\/www.jornalja.com.br\/arquivo\/category\/materiasecundaria\/"},"img":{"alt_text":"","src":"","width":0,"height":0},"classes":[]},{"id":5440,"url":"https:\/\/www.jornalja.com.br\/arquivo\/casarao-da-venancio-destino-permanece-incerto\/","url_meta":{"origin":37630,"position":3},"title":"Estado ainda n\u00e3o sabe o que fazer com casar\u00e3o abandonado h\u00e1 20 anos","author":"Elmar Bones","date":"6 de julho de 2009","format":false,"excerpt":"O casar\u00e3o amarelo, numa esquina nobre de Porto Alegre (Ven\u00e2ncio Aires com Jo\u00e3o Pessoa), j\u00e1 abrigou uma escola. H\u00e1 duas d\u00e9cadas, pelo menos, est\u00e1 abandonado, porque seu propriet\u00e1rio, o governo do Estado do Rio Grande do Sul, n\u00e3o consegue achar um destino para ele. Planos n\u00e3o faltaram. O governador Ol\u00edvio\u2026","rel":"","context":"Em &quot;X.Categorias velhas&quot;","block_context":{"text":"X.Categorias velhas","link":"https:\/\/www.jornalja.com.br\/arquivo\/category\/x-categorias-velhas\/"},"img":{"alt_text":"geraldo1","src":"https:\/\/i0.wp.com\/www.jornalja.com.br\/wp-content\/uploads\/2009\/07\/geraldo1.jpg?resize=350%2C200&ssl=1","width":350,"height":200},"classes":[]},{"id":1280,"url":"https:\/\/www.jornalja.com.br\/arquivo\/o-menino-que-se-tornou-brizola\/","url_meta":{"origin":37630,"position":4},"title":"O Menino que se Tornou Brizola","author":"da Reda\u00e7\u00e3o","date":"28 de julho de 2008","format":false,"excerpt":"Autor: Cleber Dioni A vida de Leonel Brizola, com \u00eanfase para os primeiros anos em Porto Alegre, at\u00e9 o ex\u00edlio no Uruguai e a volta, quinze anos depois. \u00a0\"...\u00c9ramos todos jovens e nos identific\u00e1vamos com aquela massa an\u00f4nima a percorrer as ruas de Porto Alegre, gritando 'Get\u00falio', 'Get\u00falio' e empunhando\u2026","rel":"","context":"Em &quot;Livros&quot;","block_context":{"text":"Livros","link":"https:\/\/www.jornalja.com.br\/arquivo\/category\/livros\/"},"img":{"alt_text":"","src":"https:\/\/i0.wp.com\/www.jornalja.com.br\/wp-content\/uploads\/2008\/07\/brizola.gif?resize=350%2C200&ssl=1","width":350,"height":200},"classes":[]},{"id":13128,"url":"https:\/\/www.jornalja.com.br\/arquivo\/maconha-terra-diz-que-uso-medicinal-e-desculpa\/","url_meta":{"origin":37630,"position":5},"title":"Maconha: Terra diz que uso medicinal \u00e9 desculpa","author":"Patr\u00edcia Marini","date":"4 de junho de 2014","format":false,"excerpt":"A condi\u00e7\u00e3o de pol\u00edtico, em \u00e9poca de campanha de campanha eleitoral, tira for\u00e7a do discurso do m\u00e9dico Osmar Terra contra a legaliza\u00e7\u00e3o da maconha. A tese dele de que a libera\u00e7\u00e3o vai ampliar exponencialmente o consumo \u00e9 discutivel, o consumo \u00e9 corrente. Mas seus alertas quanto aos riscos tem que\u2026","rel":"","context":"Em &quot;X.Categorias velhas&quot;","block_context":{"text":"X.Categorias velhas","link":"https:\/\/www.jornalja.com.br\/arquivo\/category\/x-categorias-velhas\/"},"img":{"alt_text":"","src":"","width":0,"height":0},"classes":[]}],"jetpack_shortlink":"https:\/\/wp.me\/pbQjBd-9MW","jetpack_featured_media_url":"","_links":{"self":[{"href":"https:\/\/www.jornalja.com.br\/arquivo\/wp-json\/wp\/v2\/posts\/37630","targetHints":{"allow":["GET"]}}],"collection":[{"href":"https:\/\/www.jornalja.com.br\/arquivo\/wp-json\/wp\/v2\/posts"}],"about":[{"href":"https:\/\/www.jornalja.com.br\/arquivo\/wp-json\/wp\/v2\/types\/post"}],"author":[{"embeddable":true,"href":"https:\/\/www.jornalja.com.br\/arquivo\/wp-json\/wp\/v2\/users\/4"}],"replies":[{"embeddable":true,"href":"https:\/\/www.jornalja.com.br\/arquivo\/wp-json\/wp\/v2\/comments?post=37630"}],"version-history":[{"count":0,"href":"https:\/\/www.jornalja.com.br\/arquivo\/wp-json\/wp\/v2\/posts\/37630\/revisions"}],"wp:attachment":[{"href":"https:\/\/www.jornalja.com.br\/arquivo\/wp-json\/wp\/v2\/media?parent=37630"}],"wp:term":[{"taxonomy":"category","embeddable":true,"href":"https:\/\/www.jornalja.com.br\/arquivo\/wp-json\/wp\/v2\/categories?post=37630"},{"taxonomy":"post_tag","embeddable":true,"href":"https:\/\/www.jornalja.com.br\/arquivo\/wp-json\/wp\/v2\/tags?post=37630"}],"curies":[{"name":"wp","href":"https:\/\/api.w.org\/{rel}","templated":true}]}}