{"id":37678,"date":"2016-08-08T17:34:12","date_gmt":"2016-08-08T20:34:12","guid":{"rendered":"https:\/\/www.jornalja.com.br\/?p=37678"},"modified":"2016-08-08T17:34:12","modified_gmt":"2016-08-08T20:34:12","slug":"nota-em-defesa-da-liberdade-de-expressao-de-manifestacao-e-de-imprensa","status":"publish","type":"post","link":"https:\/\/www.jornalja.com.br\/arquivo\/nota-em-defesa-da-liberdade-de-expressao-de-manifestacao-e-de-imprensa\/","title":{"rendered":"Nota em defesa da liberdade de express\u00e3o, de manifesta\u00e7\u00e3o e de imprensa"},"content":{"rendered":"<p>No dia 15 de junho de 2016, estudantes da rede p\u00fablica estadual do Rio Grande do Sul ocuparam as depend\u00eancias da Secretaria Estadual da Fazenda, como forma de chamar a aten\u00e7\u00e3o da sociedade ga\u00facha e de seus governantes para os graves problemas enfrentados pela educa\u00e7\u00e3o p\u00fablica estadual, cuja solu\u00e7\u00e3o vem sendo adiada h\u00e1 muitos anos. Ao faz\u00ea-lo, os estudantes buscavam o atendimento \u00e0s suas reivindica\u00e7\u00f5es e \u00e0s de seus professores, dentre as quais, a melhoria das instala\u00e7\u00f5es escolares e a melhor remunera\u00e7\u00e3o dos docentes e demais trabalhadores em educa\u00e7\u00e3o, que, ademais, v\u00eam recebendo seus sal\u00e1rios de forma parcelada.<br \/>\nNo processo de desocupa\u00e7\u00e3o da Secretaria Estadual da Fazenda, a Brigada Militar utilizou viol\u00eancia desmedida contra o grupo de jovens estudantes, como comprovaram v\u00eddeos, fotos e depoimentos divulgados nas redes sociais, empregando at\u00e9 mesmo, no espa\u00e7o interno da Secretaria, jatos de spray de pimenta contra adolescentes que se encontravam sentados e n\u00e3o expressavam qualquer inten\u00e7\u00e3o de rea\u00e7\u00e3o.<br \/>\nJunto aos estudantes, exercendo suas fun\u00e7\u00f5es profissionais, encontravam-se o jornalista Mateus Chaparini, rep\u00f3rter do jornal J\u00e1 Porto Alegre, e Kevin D\u2019Arc Rocha, cinegrafista independente, que foram detidos e encaminhados ao Pres\u00eddio Central, juntamente com os manifestantes, embora tenham se identificado e certificado aos policiais que ali se encontravam no exerc\u00edcio de sua atividade profissional. Os v\u00eddeos gravados por Chaparini com seu celular e divulgados amplamente pela imprensa local e nacional comprovam-no.<br \/>\nIndiferente \u00e0 posi\u00e7\u00e3o de organiza\u00e7\u00f5es da sociedade civil, que se solidarizaram com os estudantes e repudiaram a a\u00e7\u00e3o da Brigada Militar, o delegado Omar Sena Abud indiciou, no inqu\u00e9rito que se seguiu, todos os ocupantes, inclusive o jornalista e o cinegrafista, classificando-os como transgressores e enquadrando-os nos crimes de atentado contra a liberdade do trabalho, associa\u00e7\u00e3o criminosa, resist\u00eancia e dano qualificado.<br \/>\nReconhecendo o equ\u00edvoco do indiciamento e do enquadramento dos manifestantes, o Promotor de Justi\u00e7a Alexandre da Silva Loreiro determinou o arquivamento das acusa\u00e7\u00f5es contra todos os estudantes menores de idade participantes da ocupa\u00e7\u00e3o.<br \/>\nO Promotor de Justi\u00e7a Lu\u00eds Felipe de Aguiar Tesheiner, no entanto, adotou entendimento diverso em rela\u00e7\u00e3o aos estudantes maiores de idade, o jornalista e o cinegrafista, que cobriam os fatos, no exerc\u00edcio de sua profiss\u00e3o, e denunciou-os pelos crimes de dano qualificado e resist\u00eancia, demonstrando clara contradi\u00e7\u00e3o, posto que aceitou a defini\u00e7\u00e3o de inoc\u00eancia de uns e incriminou outros praticantes do mesmo ato.<br \/>\nDiante dessa contradi\u00e7\u00e3o e da evidente tentativa de intimida\u00e7\u00e3o e censura ao exerc\u00edcio da atividade profissional jornal\u00edstica, manifestada na a\u00e7\u00e3o da Brigada Militar, refor\u00e7ada pela conclus\u00e3o do inqu\u00e9rito policial e expressa na a\u00e7\u00e3o do promotor p\u00fablico, manifestamos nosso veemente rep\u00fadio \u00e0 discricionariedade judicial e \u00e0 intimida\u00e7\u00e3o ao exerc\u00edcio da imprensa livre e independente.<br \/>\nLembrando que a Liberdade de imprensa e o respeito aos direitos humanos s\u00e3o, reconhecidamente, condi\u00e7\u00f5es fundamentais para a manuten\u00e7\u00e3o da democracia, e esperando que a Justi\u00e7a prevale\u00e7a em sua imparcialidade e na defesa das liberdades de express\u00e3o, manifesta\u00e7\u00e3o e divulga\u00e7\u00e3o, asseguradas pela Constitui\u00e7\u00e3o Federal de 1988, apelamos \u00e0 senhora ju\u00edza Claudia Junqueira Sulzbach, respons\u00e1vel pela 9\u00aa Vara Criminal da Comarca de Porto Alegre, para que a den\u00fancia n\u00e3o seja recebida e que sejam suspensas todas as acusa\u00e7\u00f5es imputadas aos jovens estudantes, ao jornalista e ao cinegrafista arrolados.<br \/>\nO presente apelo para que a justi\u00e7a prevale\u00e7a sobre o arb\u00edtrio \u00e9 encaminhado \u00e0 Vossa Excel\u00eancia pelo Comit\u00ea em Defesa da Democracia e do Estado Democr\u00e1tico de Direito.<br \/>\nEsse comit\u00ea \u00e9 composto por mais de 250 pessoas de diferentes \u00e1reas, tais como professores universit\u00e1rios, pesquisadores, artistas, advogados, profissionais da \u00e1rea da comunica\u00e7\u00e3o, da cultura e de a\u00e7\u00f5es comunit\u00e1rias do Rio Grande do Sul. O Comit\u00ea foi respons\u00e1vel pelo Manifesto em Defesa da Democracia e do Estado Democr\u00e1tico de Direito, lan\u00e7ado no dia 4 de abril de 2016, na Universidade Federal do Rio Grande do Sul, e assinado por mais de 3.000 profissionais. O Comit\u00ea \u00e9 uma organiza\u00e7\u00e3o suprapartid\u00e1ria, que tem como objetivo debater a crise do pa\u00eds e suas poss\u00edveis solu\u00e7\u00f5es democr\u00e1ticas.<br \/>\nAssinam em nome do comit\u00ea<br \/>\n___________________________________________<br \/>\nM\u00e1rcia Cristina Bernardes Barbosa \u2013 Professora Titular de F\u00edsica da UFRGS e Membro da Academia Brasileira de Ci\u00eancias<br \/>\n___________________________________________<br \/>\nSoraya Maria Vargas Cortes \u2013 PhD em Pol\u00edticas Sociais e Professora Titular de Sociologia da UFRGS<br \/>\n&nbsp;<br \/>\n___________________________________________<br \/>\nZoravia Bettiol \u2013 Artista visual, designer e arte educadora<br \/>\n&nbsp;<br \/>\nApoiam o presente pleito as seguintes entidades signat\u00e1rias:<br \/>\n____________________________________________<br \/>\nSindicato dos Jornalistas Profissionais do RS \u2013 Milton Simas \u2013 presidente<br \/>\n_____________________________________________<br \/>\nSindicato dos Banc\u00e1rios de Porto Alegre e Regi\u00e3o \u2013 Everton de Morais Gimenes \u2013 presidente<br \/>\n____________________________________________<br \/>\nN\u00facleo Ga\u00facho da Auditoria Cidad\u00e3 da D\u00edvida \u2013 Josu\u00e9 Martins \u2013 coordena\u00e7\u00e3o<br \/>\n____________________________________________<br \/>\nAdvogados e Advogadas pela Legalidade Democr\u00e1tica \u2013 M\u00e1rio Madureira &#8211; coordena\u00e7\u00e3o<br \/>\n__________________________________________________<br \/>\nCPERS\/Sindicato \u2013 Helenir Aguiar Sch\u00fcrer &#8211; presidenta<br \/>\n______________________________________________<br \/>\nCUTRS \u2013 CUT do Rio Grande do Sul \u2013 Claudir Nespolo &#8211; presidente<\/p>\n","protected":false},"excerpt":{"rendered":"<p>No dia 15 de junho de 2016, estudantes da rede p\u00fablica estadual do Rio Grande do Sul ocuparam as depend\u00eancias da Secretaria Estadual da Fazenda, como forma de chamar a aten\u00e7\u00e3o da sociedade ga\u00facha e de seus governantes para os graves problemas enfrentados pela educa\u00e7\u00e3o p\u00fablica estadual, cuja solu\u00e7\u00e3o vem sendo adiada h\u00e1 muitos anos. [&hellip;]<\/p>\n","protected":false},"author":4,"featured_media":0,"comment_status":"open","ping_status":"closed","sticky":false,"template":"","format":"standard","meta":{"_jetpack_newsletter_access":"","_jetpack_dont_email_post_to_subs":false,"_jetpack_newsletter_tier_id":0,"_jetpack_memberships_contains_paywalled_content":false,"_jetpack_feature_clip_id":0,"_jetpack_memberships_contains_paid_content":false,"footnotes":"","jetpack_post_was_ever_published":false},"categories":[2013,2012],"tags":[],"class_list":["post-37678","post","type-post","status-publish","format-standard","hentry","category-cdd-mural","category-debates"],"aioseo_notices":[],"aioseo_head":"\n\t\t<!-- All in One SEO 5.0.1.1 - aioseo.com -->\n\t<meta name=\"robots\" content=\"max-image-preview:large\" \/>\n\t<meta name=\"author\" content=\"da Reda\u00e7\u00e3o\"\/>\n\t<link rel=\"canonical\" href=\"https:\/\/www.jornalja.com.br\/arquivo\/nota-em-defesa-da-liberdade-de-expressao-de-manifestacao-e-de-imprensa\/\" \/>\n\t<meta name=\"generator\" content=\"All in One SEO (AIOSEO) 5.0.1.1\" \/>\n\t\t<meta property=\"og:locale\" content=\"pt_BR\" \/>\n\t\t<meta property=\"og:site_name\" content=\"Arquivo | Jornal J\u00c1 | Porto Alegre\" \/>\n\t\t<meta property=\"og:type\" content=\"article\" \/>\n\t\t<meta property=\"og:title\" content=\"Nota em defesa da liberdade de express\u00e3o, de manifesta\u00e7\u00e3o e de imprensa | Arquivo\" \/>\n\t\t<meta property=\"og:url\" content=\"https:\/\/www.jornalja.com.br\/arquivo\/nota-em-defesa-da-liberdade-de-expressao-de-manifestacao-e-de-imprensa\/\" \/>\n\t\t<meta property=\"og:image\" content=\"https:\/\/www.jornalja.com.br\/economics\/wp-content\/uploads\/sites\/11\/2026\/08\/ja-folhaderosto-facebook.jpg\" \/>\n\t\t<meta property=\"og:image:secure_url\" content=\"https:\/\/www.jornalja.com.br\/economics\/wp-content\/uploads\/sites\/11\/2026\/08\/ja-folhaderosto-facebook.jpg\" \/>\n\t\t<meta property=\"article:published_time\" content=\"2016-08-08T20:34:12+00:00\" \/>\n\t\t<meta property=\"article:modified_time\" content=\"2016-08-08T20:34:12+00:00\" \/>\n\t\t<meta name=\"twitter:card\" content=\"summary\" \/>\n\t\t<meta name=\"twitter:title\" content=\"Nota em defesa da liberdade de express\u00e3o, de manifesta\u00e7\u00e3o e de imprensa | Arquivo\" \/>\n\t\t<meta name=\"twitter:image\" content=\"https:\/\/www.jornalja.com.br\/economics\/wp-content\/uploads\/sites\/11\/2026\/08\/ja-folhaderosto-facebook.jpg\" \/>\n\t\t<script type=\"application\/ld+json\" class=\"aioseo-schema\">\n\t\t\t{\"@context\":\"https:\\\/\\\/schema.org\",\"@graph\":[{\"@type\":\"BlogPosting\",\"@id\":\"https:\\\/\\\/www.jornalja.com.br\\\/arquivo\\\/nota-em-defesa-da-liberdade-de-expressao-de-manifestacao-e-de-imprensa\\\/#blogposting\",\"name\":\"Nota em defesa da liberdade de express\\u00e3o, de manifesta\\u00e7\\u00e3o e de imprensa | Arquivo\",\"headline\":\"Nota em defesa da liberdade de express\\u00e3o, de manifesta\\u00e7\\u00e3o e de imprensa\",\"author\":{\"@id\":\"https:\\\/\\\/www.jornalja.com.br\\\/arquivo\\\/author\\\/daredacao\\\/#author\"},\"publisher\":{\"@id\":\"https:\\\/\\\/www.jornalja.com.br\\\/arquivo\\\/#organization\"},\"image\":{\"@type\":\"ImageObject\",\"url\":\"https:\\\/\\\/www.jornalja.com.br\\\/wp-content\\\/uploads\\\/cards\\\/JAslogan.png\",\"@id\":\"https:\\\/\\\/www.jornalja.com.br\\\/arquivo\\\/#articleImage\"},\"datePublished\":\"2016-08-08T17:34:12-03:00\",\"dateModified\":\"2016-08-08T17:34:12-03:00\",\"inLanguage\":\"pt-BR\",\"mainEntityOfPage\":{\"@id\":\"https:\\\/\\\/www.jornalja.com.br\\\/arquivo\\\/nota-em-defesa-da-liberdade-de-expressao-de-manifestacao-e-de-imprensa\\\/#webpage\"},\"isPartOf\":{\"@id\":\"https:\\\/\\\/www.jornalja.com.br\\\/arquivo\\\/nota-em-defesa-da-liberdade-de-expressao-de-manifestacao-e-de-imprensa\\\/#webpage\"},\"articleSection\":\"CDD-MURAL, HOTSITE Comit\\u00ea pela Democracia\"},{\"@type\":\"BreadcrumbList\",\"@id\":\"https:\\\/\\\/www.jornalja.com.br\\\/arquivo\\\/nota-em-defesa-da-liberdade-de-expressao-de-manifestacao-e-de-imprensa\\\/#breadcrumblist\",\"itemListElement\":[{\"@type\":\"ListItem\",\"@id\":\"https:\\\/\\\/www.jornalja.com.br\\\/arquivo#listItem\",\"position\":1,\"name\":\"Home\",\"item\":\"https:\\\/\\\/www.jornalja.com.br\\\/arquivo\",\"nextItem\":{\"@type\":\"ListItem\",\"@id\":\"https:\\\/\\\/www.jornalja.com.br\\\/arquivo\\\/category\\\/debates\\\/#listItem\",\"name\":\"HOTSITE Comit\\u00ea pela Democracia\"}},{\"@type\":\"ListItem\",\"@id\":\"https:\\\/\\\/www.jornalja.com.br\\\/arquivo\\\/category\\\/debates\\\/#listItem\",\"position\":2,\"name\":\"HOTSITE Comit\\u00ea pela Democracia\",\"item\":\"https:\\\/\\\/www.jornalja.com.br\\\/arquivo\\\/category\\\/debates\\\/\",\"nextItem\":{\"@type\":\"ListItem\",\"@id\":\"https:\\\/\\\/www.jornalja.com.br\\\/arquivo\\\/nota-em-defesa-da-liberdade-de-expressao-de-manifestacao-e-de-imprensa\\\/#listItem\",\"name\":\"Nota em defesa da liberdade de express\\u00e3o, de manifesta\\u00e7\\u00e3o e de imprensa\"},\"previousItem\":{\"@type\":\"ListItem\",\"@id\":\"https:\\\/\\\/www.jornalja.com.br\\\/arquivo#listItem\",\"name\":\"Home\"}},{\"@type\":\"ListItem\",\"@id\":\"https:\\\/\\\/www.jornalja.com.br\\\/arquivo\\\/nota-em-defesa-da-liberdade-de-expressao-de-manifestacao-e-de-imprensa\\\/#listItem\",\"position\":3,\"name\":\"Nota em defesa da liberdade de express\\u00e3o, de manifesta\\u00e7\\u00e3o e de imprensa\",\"previousItem\":{\"@type\":\"ListItem\",\"@id\":\"https:\\\/\\\/www.jornalja.com.br\\\/arquivo\\\/category\\\/debates\\\/#listItem\",\"name\":\"HOTSITE Comit\\u00ea pela Democracia\"}}]},{\"@type\":\"Organization\",\"@id\":\"https:\\\/\\\/www.jornalja.com.br\\\/arquivo\\\/#organization\",\"name\":\"Jornal J\\u00c1\",\"description\":\"Jornal J\\u00c1 | Porto Alegre\",\"url\":\"https:\\\/\\\/www.jornalja.com.br\\\/arquivo\\\/\",\"telephone\":\"+555133307272\",\"logo\":{\"@type\":\"ImageObject\",\"url\":\"https:\\\/\\\/www.jornalja.com.br\\\/wp-content\\\/uploads\\\/cards\\\/JAslogan.png\",\"@id\":\"https:\\\/\\\/www.jornalja.com.br\\\/arquivo\\\/nota-em-defesa-da-liberdade-de-expressao-de-manifestacao-e-de-imprensa\\\/#organizationLogo\"},\"image\":{\"@id\":\"https:\\\/\\\/www.jornalja.com.br\\\/arquivo\\\/nota-em-defesa-da-liberdade-de-expressao-de-manifestacao-e-de-imprensa\\\/#organizationLogo\"}},{\"@type\":\"Person\",\"@id\":\"https:\\\/\\\/www.jornalja.com.br\\\/arquivo\\\/author\\\/daredacao\\\/#author\",\"url\":\"https:\\\/\\\/www.jornalja.com.br\\\/arquivo\\\/author\\\/daredacao\\\/\",\"name\":\"da Reda\\u00e7\\u00e3o\",\"image\":{\"@type\":\"ImageObject\",\"@id\":\"https:\\\/\\\/www.jornalja.com.br\\\/arquivo\\\/nota-em-defesa-da-liberdade-de-expressao-de-manifestacao-e-de-imprensa\\\/#authorImage\",\"url\":\"https:\\\/\\\/secure.gravatar.com\\\/avatar\\\/469fd857d6605ad19919d27ed29d35a968a25f6e8fd9318356bbb7f57aae9c65?s=96&d=mm&r=g\",\"width\":96,\"height\":96,\"caption\":\"da Reda\\u00e7\\u00e3o\"}},{\"@type\":\"WebPage\",\"@id\":\"https:\\\/\\\/www.jornalja.com.br\\\/arquivo\\\/nota-em-defesa-da-liberdade-de-expressao-de-manifestacao-e-de-imprensa\\\/#webpage\",\"url\":\"https:\\\/\\\/www.jornalja.com.br\\\/arquivo\\\/nota-em-defesa-da-liberdade-de-expressao-de-manifestacao-e-de-imprensa\\\/\",\"name\":\"Nota em defesa da liberdade de express\\u00e3o, de manifesta\\u00e7\\u00e3o e de imprensa | Arquivo\",\"inLanguage\":\"pt-BR\",\"isPartOf\":{\"@id\":\"https:\\\/\\\/www.jornalja.com.br\\\/arquivo\\\/#website\"},\"breadcrumb\":{\"@id\":\"https:\\\/\\\/www.jornalja.com.br\\\/arquivo\\\/nota-em-defesa-da-liberdade-de-expressao-de-manifestacao-e-de-imprensa\\\/#breadcrumblist\"},\"author\":{\"@id\":\"https:\\\/\\\/www.jornalja.com.br\\\/arquivo\\\/author\\\/daredacao\\\/#author\"},\"creator\":{\"@id\":\"https:\\\/\\\/www.jornalja.com.br\\\/arquivo\\\/author\\\/daredacao\\\/#author\"},\"datePublished\":\"2016-08-08T17:34:12-03:00\",\"dateModified\":\"2016-08-08T17:34:12-03:00\"},{\"@type\":\"WebSite\",\"@id\":\"https:\\\/\\\/www.jornalja.com.br\\\/arquivo\\\/#website\",\"url\":\"https:\\\/\\\/www.jornalja.com.br\\\/arquivo\\\/\",\"name\":\"Arquivo\",\"description\":\"Jornal J\\u00c1 | Porto Alegre\",\"inLanguage\":\"pt-BR\",\"publisher\":{\"@id\":\"https:\\\/\\\/www.jornalja.com.br\\\/arquivo\\\/#organization\"}}]}\n\t\t<\/script>\n\t\t<!-- All in One SEO -->\n\n","aioseo_head_json":{"title":"Nota em defesa da liberdade de express\u00e3o, de manifesta\u00e7\u00e3o e de imprensa | Arquivo","description":"","canonical_url":"https:\/\/www.jornalja.com.br\/arquivo\/nota-em-defesa-da-liberdade-de-expressao-de-manifestacao-e-de-imprensa\/","robots":"max-image-preview:large","keywords":"","webmasterTools":{"miscellaneous":""},"schema":{"@context":"https:\/\/schema.org","@graph":[{"@type":"BlogPosting","@id":"https:\/\/www.jornalja.com.br\/arquivo\/nota-em-defesa-da-liberdade-de-expressao-de-manifestacao-e-de-imprensa\/#blogposting","name":"Nota em defesa da liberdade de express\u00e3o, de manifesta\u00e7\u00e3o e de imprensa | Arquivo","headline":"Nota em defesa da liberdade de express\u00e3o, de manifesta\u00e7\u00e3o e de imprensa","author":{"@id":"https:\/\/www.jornalja.com.br\/arquivo\/author\/daredacao\/#author"},"publisher":{"@id":"https:\/\/www.jornalja.com.br\/arquivo\/#organization"},"image":{"@type":"ImageObject","url":"https:\/\/www.jornalja.com.br\/wp-content\/uploads\/cards\/JAslogan.png","@id":"https:\/\/www.jornalja.com.br\/arquivo\/#articleImage"},"datePublished":"2016-08-08T17:34:12-03:00","dateModified":"2016-08-08T17:34:12-03:00","inLanguage":"pt-BR","mainEntityOfPage":{"@id":"https:\/\/www.jornalja.com.br\/arquivo\/nota-em-defesa-da-liberdade-de-expressao-de-manifestacao-e-de-imprensa\/#webpage"},"isPartOf":{"@id":"https:\/\/www.jornalja.com.br\/arquivo\/nota-em-defesa-da-liberdade-de-expressao-de-manifestacao-e-de-imprensa\/#webpage"},"articleSection":"CDD-MURAL, HOTSITE Comit\u00ea pela Democracia"},{"@type":"BreadcrumbList","@id":"https:\/\/www.jornalja.com.br\/arquivo\/nota-em-defesa-da-liberdade-de-expressao-de-manifestacao-e-de-imprensa\/#breadcrumblist","itemListElement":[{"@type":"ListItem","@id":"https:\/\/www.jornalja.com.br\/arquivo#listItem","position":1,"name":"Home","item":"https:\/\/www.jornalja.com.br\/arquivo","nextItem":{"@type":"ListItem","@id":"https:\/\/www.jornalja.com.br\/arquivo\/category\/debates\/#listItem","name":"HOTSITE Comit\u00ea pela Democracia"}},{"@type":"ListItem","@id":"https:\/\/www.jornalja.com.br\/arquivo\/category\/debates\/#listItem","position":2,"name":"HOTSITE Comit\u00ea pela Democracia","item":"https:\/\/www.jornalja.com.br\/arquivo\/category\/debates\/","nextItem":{"@type":"ListItem","@id":"https:\/\/www.jornalja.com.br\/arquivo\/nota-em-defesa-da-liberdade-de-expressao-de-manifestacao-e-de-imprensa\/#listItem","name":"Nota em defesa da liberdade de express\u00e3o, de manifesta\u00e7\u00e3o e de imprensa"},"previousItem":{"@type":"ListItem","@id":"https:\/\/www.jornalja.com.br\/arquivo#listItem","name":"Home"}},{"@type":"ListItem","@id":"https:\/\/www.jornalja.com.br\/arquivo\/nota-em-defesa-da-liberdade-de-expressao-de-manifestacao-e-de-imprensa\/#listItem","position":3,"name":"Nota em defesa da liberdade de express\u00e3o, de manifesta\u00e7\u00e3o e de imprensa","previousItem":{"@type":"ListItem","@id":"https:\/\/www.jornalja.com.br\/arquivo\/category\/debates\/#listItem","name":"HOTSITE Comit\u00ea pela Democracia"}}]},{"@type":"Organization","@id":"https:\/\/www.jornalja.com.br\/arquivo\/#organization","name":"Jornal J\u00c1","description":"Jornal J\u00c1 | Porto Alegre","url":"https:\/\/www.jornalja.com.br\/arquivo\/","telephone":"+555133307272","logo":{"@type":"ImageObject","url":"https:\/\/www.jornalja.com.br\/wp-content\/uploads\/cards\/JAslogan.png","@id":"https:\/\/www.jornalja.com.br\/arquivo\/nota-em-defesa-da-liberdade-de-expressao-de-manifestacao-e-de-imprensa\/#organizationLogo"},"image":{"@id":"https:\/\/www.jornalja.com.br\/arquivo\/nota-em-defesa-da-liberdade-de-expressao-de-manifestacao-e-de-imprensa\/#organizationLogo"}},{"@type":"Person","@id":"https:\/\/www.jornalja.com.br\/arquivo\/author\/daredacao\/#author","url":"https:\/\/www.jornalja.com.br\/arquivo\/author\/daredacao\/","name":"da Reda\u00e7\u00e3o","image":{"@type":"ImageObject","@id":"https:\/\/www.jornalja.com.br\/arquivo\/nota-em-defesa-da-liberdade-de-expressao-de-manifestacao-e-de-imprensa\/#authorImage","url":"https:\/\/secure.gravatar.com\/avatar\/469fd857d6605ad19919d27ed29d35a968a25f6e8fd9318356bbb7f57aae9c65?s=96&d=mm&r=g","width":96,"height":96,"caption":"da Reda\u00e7\u00e3o"}},{"@type":"WebPage","@id":"https:\/\/www.jornalja.com.br\/arquivo\/nota-em-defesa-da-liberdade-de-expressao-de-manifestacao-e-de-imprensa\/#webpage","url":"https:\/\/www.jornalja.com.br\/arquivo\/nota-em-defesa-da-liberdade-de-expressao-de-manifestacao-e-de-imprensa\/","name":"Nota em defesa da liberdade de express\u00e3o, de manifesta\u00e7\u00e3o e de imprensa | Arquivo","inLanguage":"pt-BR","isPartOf":{"@id":"https:\/\/www.jornalja.com.br\/arquivo\/#website"},"breadcrumb":{"@id":"https:\/\/www.jornalja.com.br\/arquivo\/nota-em-defesa-da-liberdade-de-expressao-de-manifestacao-e-de-imprensa\/#breadcrumblist"},"author":{"@id":"https:\/\/www.jornalja.com.br\/arquivo\/author\/daredacao\/#author"},"creator":{"@id":"https:\/\/www.jornalja.com.br\/arquivo\/author\/daredacao\/#author"},"datePublished":"2016-08-08T17:34:12-03:00","dateModified":"2016-08-08T17:34:12-03:00"},{"@type":"WebSite","@id":"https:\/\/www.jornalja.com.br\/arquivo\/#website","url":"https:\/\/www.jornalja.com.br\/arquivo\/","name":"Arquivo","description":"Jornal J\u00c1 | Porto Alegre","inLanguage":"pt-BR","publisher":{"@id":"https:\/\/www.jornalja.com.br\/arquivo\/#organization"}}]},"og:locale":"pt_BR","og:site_name":"Arquivo | Jornal J\u00c1 | Porto Alegre","og:type":"article","og:title":"Nota em defesa da liberdade de express\u00e3o, de manifesta\u00e7\u00e3o e de imprensa | Arquivo","og:url":"https:\/\/www.jornalja.com.br\/arquivo\/nota-em-defesa-da-liberdade-de-expressao-de-manifestacao-e-de-imprensa\/","og:image":"https:\/\/www.jornalja.com.br\/economics\/wp-content\/uploads\/sites\/11\/2026\/08\/ja-folhaderosto-facebook.jpg","og:image:secure_url":"https:\/\/www.jornalja.com.br\/economics\/wp-content\/uploads\/sites\/11\/2026\/08\/ja-folhaderosto-facebook.jpg","article:published_time":"2016-08-08T20:34:12+00:00","article:modified_time":"2016-08-08T20:34:12+00:00","twitter:card":"summary","twitter:title":"Nota em defesa da liberdade de express\u00e3o, de manifesta\u00e7\u00e3o e de imprensa | Arquivo","twitter:image":"https:\/\/www.jornalja.com.br\/economics\/wp-content\/uploads\/sites\/11\/2026\/08\/ja-folhaderosto-facebook.jpg"},"aioseo_meta_data":{"post_id":"37678","title":null,"description":null,"keywords":null,"keyphrases":null,"primary_term":null,"canonical_url":null,"og_title":null,"og_description":null,"og_object_type":"default","og_image_type":"default","og_image_url":null,"og_image_width":null,"og_image_height":null,"og_image_custom_url":null,"og_image_custom_fields":null,"og_video":null,"og_custom_url":null,"og_article_section":null,"og_article_tags":null,"twitter_use_og":false,"twitter_card":"default","twitter_image_type":"default","twitter_image_url":null,"twitter_image_custom_url":null,"twitter_image_custom_fields":null,"twitter_title":null,"twitter_description":null,"schema":{"blockGraphs":[],"customGraphs":[],"default":{"data":{"Article":[],"Course":[],"Dataset":[],"FAQPage":[],"Movie":[],"Person":[],"Product":[],"ProductReview":[],"Car":[],"Recipe":[],"Service":[],"SoftwareApplication":[],"WebPage":[]},"graphName":"","isEnabled":true},"graphs":[],"defaultGraph":"","defaultPostTypeGraph":""},"schema_type":null,"schema_type_options":null,"pillar_content":false,"robots_default":true,"robots_noindex":false,"robots_noarchive":false,"robots_nosnippet":false,"robots_nofollow":false,"robots_noimageindex":false,"robots_noodp":false,"robots_notranslate":false,"robots_max_snippet":null,"robots_max_videopreview":null,"robots_max_imagepreview":"large","priority":null,"frequency":null,"location":null,"local_seo":null,"breadcrumb_settings":null,"limit_modified_date":false,"ai":null,"created":"2020-12-20 20:52:03","updated":"2025-07-19 15:54:35","seo_analyzer_scan_date":null,"focus_keyword":null,"additional_keywords":null,"truseo_locale":null},"jetpack_sharing_enabled":true,"jetpack-related-posts":[{"id":13101,"url":"https:\/\/www.jornalja.com.br\/arquivo\/morre-um-guerreiro-do-texto\/","url_meta":{"origin":37678,"position":0},"title":"Morre um guerreiro do texto","author":"Patr\u00edcia Marini","date":"14 de maio de 2014","format":false,"excerpt":"Por Ricardo Kotscho Reproduzido do blog do autor, 11\/5\/2014; t\u00edtulo original \u201cE l\u00e1 se foi o nosso Myltainho, guerreiro do texto\u201d. Mi\u00fado e franzino, meu amigo Myltainho era um valente e inconformado guerreiro na luta contra as injusti\u00e7as sociais, a hipocrisia, as maracutaias, o autoritarismo, a intoler\u00e2ncia, a viol\u00eancia, o\u2026","rel":"","context":"Em &quot;Geral&quot;","block_context":{"text":"Geral","link":"https:\/\/www.jornalja.com.br\/arquivo\/category\/geral\/"},"img":{"alt_text":"","src":"","width":0,"height":0},"classes":[]},{"id":13240,"url":"https:\/\/www.jornalja.com.br\/arquivo\/plano-diretor-estamos-construindo-o-caos\/","url_meta":{"origin":37678,"position":1},"title":"Plano diretor: &quot;Estamos construindo o caos&quot;","author":"Patr\u00edcia Marini","date":"26 de maio de 2014","format":false,"excerpt":"Desabafo que arquiteta Eliana Castilhos, delegada da Regi\u00e3o de Planejamento 1, postou nas redes sociais \u00e9 um testemunho do ambiente que se criou no Conselho do Plano Diretor de Porto Alegre, onde a aprova\u00e7\u00e3o de grandes empreendimentos \u00e9 empurrada guela abaixo dos conselheiros. Ao CMDUA Como delegada da Regi\u00e3o de\u2026","rel":"","context":"Em &quot;Geral&quot;","block_context":{"text":"Geral","link":"https:\/\/www.jornalja.com.br\/arquivo\/category\/geral\/"},"img":{"alt_text":"","src":"","width":0,"height":0},"classes":[]},{"id":5440,"url":"https:\/\/www.jornalja.com.br\/arquivo\/casarao-da-venancio-destino-permanece-incerto\/","url_meta":{"origin":37678,"position":2},"title":"Estado ainda n\u00e3o sabe o que fazer com casar\u00e3o abandonado h\u00e1 20 anos","author":"Elmar Bones","date":"6 de julho de 2009","format":false,"excerpt":"O casar\u00e3o amarelo, numa esquina nobre de Porto Alegre (Ven\u00e2ncio Aires com Jo\u00e3o Pessoa), j\u00e1 abrigou uma escola. H\u00e1 duas d\u00e9cadas, pelo menos, est\u00e1 abandonado, porque seu propriet\u00e1rio, o governo do Estado do Rio Grande do Sul, n\u00e3o consegue achar um destino para ele. Planos n\u00e3o faltaram. O governador Ol\u00edvio\u2026","rel":"","context":"Em &quot;X.Categorias velhas&quot;","block_context":{"text":"X.Categorias velhas","link":"https:\/\/www.jornalja.com.br\/arquivo\/category\/x-categorias-velhas\/"},"img":{"alt_text":"geraldo1","src":"https:\/\/i0.wp.com\/www.jornalja.com.br\/wp-content\/uploads\/2009\/07\/geraldo1.jpg?resize=350%2C200&ssl=1","width":350,"height":200},"classes":[]},{"id":13124,"url":"https:\/\/www.jornalja.com.br\/arquivo\/sangue-latino-no-iecine\/","url_meta":{"origin":37678,"position":3},"title":"Sangue latino no IECINE","author":"da Reda\u00e7\u00e3o","date":"18 de maio de 2014","format":false,"excerpt":"Francisco Ribeiro O Instituto Estadual de Cinema (IECINE) tem a frente, desde abril \u00faltimo, um novo diretor, o cineasta colombiano Juan Zapata, 36, que substitui Luiz Alberto Cassol. Radicado h\u00e1 dez anos em Porto Alegre, Zapata tem diante de si o desafio de conduzir at\u00e9 o final do ano um\u2026","rel":"","context":"Em &quot;Cultura-Geral&quot;","block_context":{"text":"Cultura-Geral","link":"https:\/\/www.jornalja.com.br\/arquivo\/category\/materiasecundaria\/"},"img":{"alt_text":"","src":"","width":0,"height":0},"classes":[]},{"id":14241,"url":"https:\/\/www.jornalja.com.br\/arquivo\/o-guaiba-nas-imagens-poeticas-de-achutti\/","url_meta":{"origin":37678,"position":4},"title":"O Gua\u00edba nas imagens po\u00e9ticas de Achutti","author":"da Reda\u00e7\u00e3o","date":"18 de junho de 2014","format":false,"excerpt":"Em \u201cO Gua\u00edba por Achutti\u201d \u2013 obra financiada via Minist\u00e9rio da Cultura, produ\u00e7\u00e3o executiva de Pedro Longhi, e Fl\u00e1vio Wild como designer \u2013, o fot\u00f3grafo revela a beleza e as mazelas de um espa\u00e7o aqu\u00e1tico de \u00e1guas sempre renovadas, cheio de hist\u00f3rias e lendas como as das cidades que foram\u2026","rel":"","context":"Em &quot;Cultura-Geral&quot;","block_context":{"text":"Cultura-Geral","link":"https:\/\/www.jornalja.com.br\/arquivo\/category\/materiasecundaria\/"},"img":{"alt_text":"","src":"","width":0,"height":0},"classes":[]},{"id":13239,"url":"https:\/\/www.jornalja.com.br\/arquivo\/conselho-desdenha-do-plano-diretor\/","url_meta":{"origin":37678,"position":5},"title":"Porto Alegre: Conselho detona Plano Diretor","author":"Patr\u00edcia Marini","date":"25 de maio de 2014","format":false,"excerpt":"Den\u00fancia do arquiteto e \u00a0urbanista Ibir\u00e1 Santos Lucas. Ele diz que os conselheiros est\u00e3o votando com \"enorme irresponsabilidade\". \"Mudam regime com a maior naturalidade,,,regularizam absurdos de constru\u00e7\u00f5es irregulares... \"O CMDUA est\u00e1 flexibilizando a lei do plano diretor, de uma forma impactante na vida da cidade. Mudam regime com a maior\u2026","rel":"","context":"Em &quot;Geral&quot;","block_context":{"text":"Geral","link":"https:\/\/www.jornalja.com.br\/arquivo\/category\/geral\/"},"img":{"alt_text":"","src":"","width":0,"height":0},"classes":[]}],"jetpack_shortlink":"https:\/\/wp.me\/pbQjBd-9NI","jetpack_featured_media_url":"","_links":{"self":[{"href":"https:\/\/www.jornalja.com.br\/arquivo\/wp-json\/wp\/v2\/posts\/37678","targetHints":{"allow":["GET"]}}],"collection":[{"href":"https:\/\/www.jornalja.com.br\/arquivo\/wp-json\/wp\/v2\/posts"}],"about":[{"href":"https:\/\/www.jornalja.com.br\/arquivo\/wp-json\/wp\/v2\/types\/post"}],"author":[{"embeddable":true,"href":"https:\/\/www.jornalja.com.br\/arquivo\/wp-json\/wp\/v2\/users\/4"}],"replies":[{"embeddable":true,"href":"https:\/\/www.jornalja.com.br\/arquivo\/wp-json\/wp\/v2\/comments?post=37678"}],"version-history":[{"count":0,"href":"https:\/\/www.jornalja.com.br\/arquivo\/wp-json\/wp\/v2\/posts\/37678\/revisions"}],"wp:attachment":[{"href":"https:\/\/www.jornalja.com.br\/arquivo\/wp-json\/wp\/v2\/media?parent=37678"}],"wp:term":[{"taxonomy":"category","embeddable":true,"href":"https:\/\/www.jornalja.com.br\/arquivo\/wp-json\/wp\/v2\/categories?post=37678"},{"taxonomy":"post_tag","embeddable":true,"href":"https:\/\/www.jornalja.com.br\/arquivo\/wp-json\/wp\/v2\/tags?post=37678"}],"curies":[{"name":"wp","href":"https:\/\/api.w.org\/{rel}","templated":true}]}}