{"id":37742,"date":"2016-08-09T22:14:03","date_gmt":"2016-08-10T01:14:03","guid":{"rendered":"https:\/\/www.jornalja.com.br\/?p=37742"},"modified":"2016-08-09T22:14:03","modified_gmt":"2016-08-10T01:14:03","slug":"caminhos-para-o-equilibrio-fiscal","status":"publish","type":"post","link":"https:\/\/www.jornalja.com.br\/arquivo\/caminhos-para-o-equilibrio-fiscal\/","title":{"rendered":"Caminhos para o equil\u00edbrio fiscal?"},"content":{"rendered":"<p>Rosa Angela Chieza &#8211; Professora da economia do Setor p\u00fablico da FCE\/UFRGS e s\u00f3cia do Instituto Justi\u00e7a Fiscal (IJF).<br \/>\nO equil\u00edbrio das contas p\u00fablicas pode ser alcan\u00e7ado atrav\u00e9s de medidas sob a \u00f3tica do gasto p\u00fablico e\/ou sob a \u00f3tica da receita.\u00a0 A op\u00e7\u00e3o do Governo Temer pela via do corte de gastos p\u00fablicos, propostos na PEC n\u00ba 241, desconsidera aspectos hist\u00f3ricos importantes sobre o comportamento do gasto p\u00fablico\/PIB.<br \/>\nHistoricamente, a raz\u00e3o gasto p\u00fablico\/PIB cresce por diversos fatores. No final do s\u00e9culo XIX, a m\u00e9dia de gastos p\u00fablicos no mundo era de 10,5% do PIB. No per\u00edodo pr\u00e9vio \u00e0 primeira guerra mundial, em 1913, esse gasto alcan\u00e7ou a m\u00e9dia de 12% do PIB. J\u00e1 em 1920, ap\u00f3s o primeiro conflito mundial, como era de se esperar, o gasto p\u00fablico saltou para 18% do PIB. No per\u00edodo pr\u00e9vio \u00e0 segunda guerra mundial, em 1937, foi de 22,4% do PIB, alcan\u00e7ando 27,9% do PIB em 1960. E seguiu crescendo nos anos 1980 e 1990, d\u00e9cadas caracterizadas pela retomada do Estado neoliberal. Nessas duas d\u00e9cadas, a m\u00e9dia de gasto p\u00fablico no mundo alcan\u00e7ou 43,1 e 44,2% do PIB, respectivamente. Apenas para ilustrar, nem nos dois \u201cmodelos\u201d paradigm\u00e1ticos de estado m\u00ednimo, os Estados Unidos de Reagan e o Reino Unido de Thatcher, houve queda na raz\u00e3o gasto p\u00fablico\/PIB (FMI).<br \/>\nDentre os fatores de crescimento da raz\u00e3o gasto p\u00fablico\/PIB, destacam-se o processo de urbaniza\u00e7\u00e3o, o qual exigiu maior oferta de bens p\u00fablicos nas cidades, o crescimento populacional e o pr\u00f3prio aumento da renda per capita no mundo, fazendo com que houvesse uma press\u00e3o por servi\u00e7os p\u00fablicos de mais qualidade. Mais recentemente, a mudan\u00e7a no padr\u00e3o populacional, com o crescimento da popula\u00e7\u00e3o idosa, pressionou em especial os gastos com sa\u00fade e previd\u00eancia. Finalmente, o gasto p\u00fablico \u00e9 afetado pelo pre\u00e7o nominal dos servi\u00e7os, que tende a ser superior ao n\u00edvel m\u00e9dio de pre\u00e7os da economia.<br \/>\nAl\u00e9m disso, no Brasil, em cada R$100,00 gastos pela Uni\u00e3o, aproximadamente 50% s\u00e3o destinados \u00e0 financeiriza\u00e7\u00e3o (pagamento de juros, amortiza\u00e7\u00e3o e refinanciamento da d\u00edvida p\u00fablica), restando apenas 3,5% para a educa\u00e7\u00e3o e 4,2% para a sa\u00fade.\u00a0 Assim, ao optar pelo corte nas \u00e1reas de educa\u00e7\u00e3o e sa\u00fade, inclusive acenando com elimina\u00e7\u00e3o dos limites de gastos constitucionais nessas \u00e1reas, os quais foram conquistas da Constitui\u00e7\u00e3o democr\u00e1tica e cidad\u00e3 de 1988, o Governo Temer explicita a sua op\u00e7\u00e3o por um Estado mais m\u00ednimo. No horizonte, caso o\u00a0 teto de gastos seja aprovado,\u00a0 avista-se um retrocesso nessas \u00e1reas, como a\u00a0 redu\u00e7\u00e3o do acesso ao SUS para milh\u00f5es de brasileiros e a piora dos \u00edndices educacionais, mensurados atrav\u00e9s dos n\u00edveis de alfabetiza\u00e7\u00e3o e na limita\u00e7\u00e3o do acesso de jovens \u00e0 universidade, dentre outros, com consequ\u00eancias irrevers\u00edveis no m\u00e9dio prazo.<br \/>\nSob a \u00f3tica do gasto, aponta-se a alternativa de redu\u00e7\u00e3o da taxa de juros \u2013 a mais alta do mundo &#8211;\u00a0 cuja despesa de juros atinge em torno de 8% do PIB.\u00a0 Al\u00e9m dessa alternativa, \u00e9 poss\u00edvel adotar pol\u00edticas que contribuam para o equil\u00edbrio das contas p\u00fablicas sob a \u00f3tica da receita. Longe de ampliar a carga tribut\u00e1ria brasileira &#8211; que N\u00c3O \u00e9 a mais alta do mundo &#8211;\u00a0 uma reestrutura\u00e7\u00e3o tribut\u00e1ria que contemple a redu\u00e7\u00e3o de impostos indiretos (que incidem sobre consumo) e amplie os tributos diretos (que incidem sobre renda e propriedade) \u00e9 uma alternativa.<br \/>\nA redu\u00e7\u00e3o dos impostos indiretos afeta positivamente a competitividade das empresas, com impactos positivos na gera\u00e7\u00e3o de emprego e renda. No entanto, a redu\u00e7\u00e3o da receita tribut\u00e1ria dos impostos indiretos precisa ser compensada pelos impostos diretos, n\u00e3o apenas para equilibrar o caixa, mas fundamentalmente para que a pol\u00edtica tribut\u00e1ria, a exemplo dos pa\u00edses desenvolvidos, exer\u00e7a a fun\u00e7\u00e3o de distribui\u00e7\u00e3o de renda. Apenas para exemplificar as iniquidades do Sistema Tribut\u00e1rio Brasileiro (STB), em 2008, enquanto fam\u00edlias com renda de at\u00e9tr\u00eas sal\u00e1rios m\u00ednimos tinham uma carga tribut\u00e1ria de 49%, fam\u00edlias com renda superior a 30 sal\u00e1rios m\u00ednimos tinham uma carga tribut\u00e1ria de 27%. Ou seja, a tributa\u00e7\u00e3o no Brasil, ao sobrecarregar impostos sobre o consumo, penaliza os mais pobres em detrimento dos mais ricos, indo na dire\u00e7\u00e3o oposta \u00e0 adotada pelos pa\u00edses desenvolvidos.<br \/>\nAt\u00e9 mesmo no Imposto de Renda da Pessoa F\u00edsica (IRPF), cujas al\u00edquotas s\u00e3o progressivas, observa-se injusti\u00e7a tribut\u00e1ria, uma vez que, segundo dados da Receita Federal do Brasil (RFB), divulgados em maio de 2016, contribuintes com renda total declarada entre 240 e 320 sal\u00e1rios m\u00ednimos, t\u00eam aproximadamente 70% da sua renda isenta e n\u00e3o tribut\u00e1vel, o que \u00e9 garantido pela Lei n\u00b0 9.249\/1995, que isenta lucros e dividendos. Se observarmos ainda o maior n\u00edvel de al\u00edquota do IRPF da Argentina e do Chile, respectivamente, 35 e 40%, vemos que elas est\u00e3o muito acima da maior al\u00edquota brasileira (27,5%).<br \/>\nDiante disso, a altera\u00e7\u00e3o da tabela do IRPF, com a retomada urgente da tributa\u00e7\u00e3o sobre lucros e dividendos distribu\u00eddos, \u00e9 outra fonte relevante de receita adicional nos cofres da Uni\u00e3o, podendo alcan\u00e7ar em torno 80 bilh\u00f5es de Reais ao ano, segundo o Projeto Isonomia, do Instituto Justi\u00e7a Fiscal.<br \/>\nAs altera\u00e7\u00f5es propostas pelo Governo Temer, que modificam a natureza do Estado brasileiro, trar\u00e3o um resultado que n\u00e3o foi esclarecido suficientemente \u00e0 sociedade brasileira. Antes de definir os caminhos para solucionar os problemas fiscais, \u00e9 preciso que a sociedade discuta o modelo de Estado, se quer ratificar o Estado social criado com a Carta Magna de 1988, ou se quer modific\u00e1-lo no caminho do estado m\u00ednimo, com a piora dos servi\u00e7os de sa\u00fade e educa\u00e7\u00e3o.<br \/>\n&nbsp;<\/p>\n","protected":false},"excerpt":{"rendered":"<p>Rosa Angela Chieza &#8211; Professora da economia do Setor p\u00fablico da FCE\/UFRGS e s\u00f3cia do Instituto Justi\u00e7a Fiscal (IJF). O equil\u00edbrio das contas p\u00fablicas pode ser alcan\u00e7ado atrav\u00e9s de medidas sob a \u00f3tica do gasto p\u00fablico e\/ou sob a \u00f3tica da receita.\u00a0 A op\u00e7\u00e3o do Governo Temer pela via do corte de gastos p\u00fablicos, propostos [&hellip;]<\/p>\n","protected":false},"author":4,"featured_media":37743,"comment_status":"open","ping_status":"closed","sticky":false,"template":"","format":"standard","meta":{"_jetpack_newsletter_access":"","_jetpack_dont_email_post_to_subs":false,"_jetpack_newsletter_tier_id":0,"_jetpack_memberships_contains_paywalled_content":false,"_jetpack_feature_clip_id":0,"_jetpack_memberships_contains_paid_content":false,"footnotes":"","jetpack_post_was_ever_published":false},"categories":[2011,2012],"tags":[],"class_list":["post-37742","post","type-post","status-publish","format-standard","has-post-thumbnail","hentry","category-destaque","category-debates"],"aioseo_notices":[],"aioseo_head":"\n\t\t<!-- All in One SEO 5.0.1.1 - aioseo.com -->\n\t<meta name=\"robots\" content=\"max-image-preview:large\" \/>\n\t<meta name=\"author\" content=\"da Reda\u00e7\u00e3o\"\/>\n\t<link rel=\"canonical\" href=\"https:\/\/www.jornalja.com.br\/arquivo\/caminhos-para-o-equilibrio-fiscal\/\" \/>\n\t<meta name=\"generator\" content=\"All in One SEO (AIOSEO) 5.0.1.1\" \/>\n\t\t<meta property=\"og:locale\" content=\"pt_BR\" \/>\n\t\t<meta property=\"og:site_name\" content=\"Arquivo | Jornal J\u00c1 | Porto Alegre\" \/>\n\t\t<meta property=\"og:type\" content=\"article\" \/>\n\t\t<meta property=\"og:title\" content=\"Caminhos para o equil\u00edbrio fiscal? | Arquivo\" \/>\n\t\t<meta property=\"og:url\" content=\"https:\/\/www.jornalja.com.br\/arquivo\/caminhos-para-o-equilibrio-fiscal\/\" \/>\n\t\t<meta property=\"og:image\" content=\"https:\/\/www.jornalja.com.br\/economics\/wp-content\/uploads\/sites\/11\/2026\/08\/ja-folhaderosto-facebook.jpg\" \/>\n\t\t<meta property=\"og:image:secure_url\" content=\"https:\/\/www.jornalja.com.br\/economics\/wp-content\/uploads\/sites\/11\/2026\/08\/ja-folhaderosto-facebook.jpg\" \/>\n\t\t<meta property=\"article:published_time\" content=\"2016-08-10T01:14:03+00:00\" \/>\n\t\t<meta property=\"article:modified_time\" content=\"2016-08-10T01:14:03+00:00\" \/>\n\t\t<meta name=\"twitter:card\" content=\"summary\" \/>\n\t\t<meta name=\"twitter:title\" content=\"Caminhos para o equil\u00edbrio fiscal? | Arquivo\" \/>\n\t\t<meta name=\"twitter:image\" content=\"https:\/\/www.jornalja.com.br\/economics\/wp-content\/uploads\/sites\/11\/2026\/08\/ja-folhaderosto-facebook.jpg\" \/>\n\t\t<script type=\"application\/ld+json\" class=\"aioseo-schema\">\n\t\t\t{\"@context\":\"https:\\\/\\\/schema.org\",\"@graph\":[{\"@type\":\"BlogPosting\",\"@id\":\"https:\\\/\\\/www.jornalja.com.br\\\/arquivo\\\/caminhos-para-o-equilibrio-fiscal\\\/#blogposting\",\"name\":\"Caminhos para o equil\\u00edbrio fiscal? | Arquivo\",\"headline\":\"Caminhos para o equil\\u00edbrio fiscal?\",\"author\":{\"@id\":\"https:\\\/\\\/www.jornalja.com.br\\\/arquivo\\\/author\\\/daredacao\\\/#author\"},\"publisher\":{\"@id\":\"https:\\\/\\\/www.jornalja.com.br\\\/arquivo\\\/#organization\"},\"image\":{\"@type\":\"ImageObject\",\"url\":37743},\"datePublished\":\"2016-08-09T22:14:03-03:00\",\"dateModified\":\"2016-08-09T22:14:03-03:00\",\"inLanguage\":\"pt-BR\",\"mainEntityOfPage\":{\"@id\":\"https:\\\/\\\/www.jornalja.com.br\\\/arquivo\\\/caminhos-para-o-equilibrio-fiscal\\\/#webpage\"},\"isPartOf\":{\"@id\":\"https:\\\/\\\/www.jornalja.com.br\\\/arquivo\\\/caminhos-para-o-equilibrio-fiscal\\\/#webpage\"},\"articleSection\":\"CDD-artigo em destaque, HOTSITE Comit\\u00ea pela Democracia\"},{\"@type\":\"BreadcrumbList\",\"@id\":\"https:\\\/\\\/www.jornalja.com.br\\\/arquivo\\\/caminhos-para-o-equilibrio-fiscal\\\/#breadcrumblist\",\"itemListElement\":[{\"@type\":\"ListItem\",\"@id\":\"https:\\\/\\\/www.jornalja.com.br\\\/arquivo#listItem\",\"position\":1,\"name\":\"Home\",\"item\":\"https:\\\/\\\/www.jornalja.com.br\\\/arquivo\",\"nextItem\":{\"@type\":\"ListItem\",\"@id\":\"https:\\\/\\\/www.jornalja.com.br\\\/arquivo\\\/category\\\/destaque\\\/#listItem\",\"name\":\"CDD-artigo em destaque\"}},{\"@type\":\"ListItem\",\"@id\":\"https:\\\/\\\/www.jornalja.com.br\\\/arquivo\\\/category\\\/destaque\\\/#listItem\",\"position\":2,\"name\":\"CDD-artigo em destaque\",\"item\":\"https:\\\/\\\/www.jornalja.com.br\\\/arquivo\\\/category\\\/destaque\\\/\",\"nextItem\":{\"@type\":\"ListItem\",\"@id\":\"https:\\\/\\\/www.jornalja.com.br\\\/arquivo\\\/caminhos-para-o-equilibrio-fiscal\\\/#listItem\",\"name\":\"Caminhos para o equil\\u00edbrio fiscal?\"},\"previousItem\":{\"@type\":\"ListItem\",\"@id\":\"https:\\\/\\\/www.jornalja.com.br\\\/arquivo#listItem\",\"name\":\"Home\"}},{\"@type\":\"ListItem\",\"@id\":\"https:\\\/\\\/www.jornalja.com.br\\\/arquivo\\\/caminhos-para-o-equilibrio-fiscal\\\/#listItem\",\"position\":3,\"name\":\"Caminhos para o equil\\u00edbrio fiscal?\",\"previousItem\":{\"@type\":\"ListItem\",\"@id\":\"https:\\\/\\\/www.jornalja.com.br\\\/arquivo\\\/category\\\/destaque\\\/#listItem\",\"name\":\"CDD-artigo em destaque\"}}]},{\"@type\":\"Organization\",\"@id\":\"https:\\\/\\\/www.jornalja.com.br\\\/arquivo\\\/#organization\",\"name\":\"Jornal J\\u00c1\",\"description\":\"Jornal J\\u00c1 | Porto Alegre\",\"url\":\"https:\\\/\\\/www.jornalja.com.br\\\/arquivo\\\/\",\"telephone\":\"+555133307272\",\"logo\":{\"@type\":\"ImageObject\",\"url\":\"https:\\\/\\\/www.jornalja.com.br\\\/wp-content\\\/uploads\\\/cards\\\/JAslogan.png\",\"@id\":\"https:\\\/\\\/www.jornalja.com.br\\\/arquivo\\\/caminhos-para-o-equilibrio-fiscal\\\/#organizationLogo\"},\"image\":{\"@id\":\"https:\\\/\\\/www.jornalja.com.br\\\/arquivo\\\/caminhos-para-o-equilibrio-fiscal\\\/#organizationLogo\"}},{\"@type\":\"Person\",\"@id\":\"https:\\\/\\\/www.jornalja.com.br\\\/arquivo\\\/author\\\/daredacao\\\/#author\",\"url\":\"https:\\\/\\\/www.jornalja.com.br\\\/arquivo\\\/author\\\/daredacao\\\/\",\"name\":\"da Reda\\u00e7\\u00e3o\",\"image\":{\"@type\":\"ImageObject\",\"@id\":\"https:\\\/\\\/www.jornalja.com.br\\\/arquivo\\\/caminhos-para-o-equilibrio-fiscal\\\/#authorImage\",\"url\":\"https:\\\/\\\/secure.gravatar.com\\\/avatar\\\/469fd857d6605ad19919d27ed29d35a968a25f6e8fd9318356bbb7f57aae9c65?s=96&d=mm&r=g\",\"width\":96,\"height\":96,\"caption\":\"da Reda\\u00e7\\u00e3o\"}},{\"@type\":\"WebPage\",\"@id\":\"https:\\\/\\\/www.jornalja.com.br\\\/arquivo\\\/caminhos-para-o-equilibrio-fiscal\\\/#webpage\",\"url\":\"https:\\\/\\\/www.jornalja.com.br\\\/arquivo\\\/caminhos-para-o-equilibrio-fiscal\\\/\",\"name\":\"Caminhos para o equil\\u00edbrio fiscal? | Arquivo\",\"inLanguage\":\"pt-BR\",\"isPartOf\":{\"@id\":\"https:\\\/\\\/www.jornalja.com.br\\\/arquivo\\\/#website\"},\"breadcrumb\":{\"@id\":\"https:\\\/\\\/www.jornalja.com.br\\\/arquivo\\\/caminhos-para-o-equilibrio-fiscal\\\/#breadcrumblist\"},\"author\":{\"@id\":\"https:\\\/\\\/www.jornalja.com.br\\\/arquivo\\\/author\\\/daredacao\\\/#author\"},\"creator\":{\"@id\":\"https:\\\/\\\/www.jornalja.com.br\\\/arquivo\\\/author\\\/daredacao\\\/#author\"},\"image\":{\"@type\":\"ImageObject\",\"url\":37743,\"@id\":\"https:\\\/\\\/www.jornalja.com.br\\\/arquivo\\\/caminhos-para-o-equilibrio-fiscal\\\/#mainImage\"},\"primaryImageOfPage\":{\"@id\":\"https:\\\/\\\/www.jornalja.com.br\\\/arquivo\\\/caminhos-para-o-equilibrio-fiscal\\\/#mainImage\"},\"datePublished\":\"2016-08-09T22:14:03-03:00\",\"dateModified\":\"2016-08-09T22:14:03-03:00\"},{\"@type\":\"WebSite\",\"@id\":\"https:\\\/\\\/www.jornalja.com.br\\\/arquivo\\\/#website\",\"url\":\"https:\\\/\\\/www.jornalja.com.br\\\/arquivo\\\/\",\"name\":\"Arquivo\",\"description\":\"Jornal J\\u00c1 | Porto Alegre\",\"inLanguage\":\"pt-BR\",\"publisher\":{\"@id\":\"https:\\\/\\\/www.jornalja.com.br\\\/arquivo\\\/#organization\"}}]}\n\t\t<\/script>\n\t\t<!-- All in One SEO -->\n\n","aioseo_head_json":{"title":"Caminhos para o equil\u00edbrio fiscal? | Arquivo","description":"","canonical_url":"https:\/\/www.jornalja.com.br\/arquivo\/caminhos-para-o-equilibrio-fiscal\/","robots":"max-image-preview:large","keywords":"","webmasterTools":{"miscellaneous":""},"schema":{"@context":"https:\/\/schema.org","@graph":[{"@type":"BlogPosting","@id":"https:\/\/www.jornalja.com.br\/arquivo\/caminhos-para-o-equilibrio-fiscal\/#blogposting","name":"Caminhos para o equil\u00edbrio fiscal? | Arquivo","headline":"Caminhos para o equil\u00edbrio fiscal?","author":{"@id":"https:\/\/www.jornalja.com.br\/arquivo\/author\/daredacao\/#author"},"publisher":{"@id":"https:\/\/www.jornalja.com.br\/arquivo\/#organization"},"image":{"@type":"ImageObject","url":37743},"datePublished":"2016-08-09T22:14:03-03:00","dateModified":"2016-08-09T22:14:03-03:00","inLanguage":"pt-BR","mainEntityOfPage":{"@id":"https:\/\/www.jornalja.com.br\/arquivo\/caminhos-para-o-equilibrio-fiscal\/#webpage"},"isPartOf":{"@id":"https:\/\/www.jornalja.com.br\/arquivo\/caminhos-para-o-equilibrio-fiscal\/#webpage"},"articleSection":"CDD-artigo em destaque, HOTSITE Comit\u00ea pela Democracia"},{"@type":"BreadcrumbList","@id":"https:\/\/www.jornalja.com.br\/arquivo\/caminhos-para-o-equilibrio-fiscal\/#breadcrumblist","itemListElement":[{"@type":"ListItem","@id":"https:\/\/www.jornalja.com.br\/arquivo#listItem","position":1,"name":"Home","item":"https:\/\/www.jornalja.com.br\/arquivo","nextItem":{"@type":"ListItem","@id":"https:\/\/www.jornalja.com.br\/arquivo\/category\/destaque\/#listItem","name":"CDD-artigo em destaque"}},{"@type":"ListItem","@id":"https:\/\/www.jornalja.com.br\/arquivo\/category\/destaque\/#listItem","position":2,"name":"CDD-artigo em destaque","item":"https:\/\/www.jornalja.com.br\/arquivo\/category\/destaque\/","nextItem":{"@type":"ListItem","@id":"https:\/\/www.jornalja.com.br\/arquivo\/caminhos-para-o-equilibrio-fiscal\/#listItem","name":"Caminhos para o equil\u00edbrio fiscal?"},"previousItem":{"@type":"ListItem","@id":"https:\/\/www.jornalja.com.br\/arquivo#listItem","name":"Home"}},{"@type":"ListItem","@id":"https:\/\/www.jornalja.com.br\/arquivo\/caminhos-para-o-equilibrio-fiscal\/#listItem","position":3,"name":"Caminhos para o equil\u00edbrio fiscal?","previousItem":{"@type":"ListItem","@id":"https:\/\/www.jornalja.com.br\/arquivo\/category\/destaque\/#listItem","name":"CDD-artigo em destaque"}}]},{"@type":"Organization","@id":"https:\/\/www.jornalja.com.br\/arquivo\/#organization","name":"Jornal J\u00c1","description":"Jornal J\u00c1 | Porto Alegre","url":"https:\/\/www.jornalja.com.br\/arquivo\/","telephone":"+555133307272","logo":{"@type":"ImageObject","url":"https:\/\/www.jornalja.com.br\/wp-content\/uploads\/cards\/JAslogan.png","@id":"https:\/\/www.jornalja.com.br\/arquivo\/caminhos-para-o-equilibrio-fiscal\/#organizationLogo"},"image":{"@id":"https:\/\/www.jornalja.com.br\/arquivo\/caminhos-para-o-equilibrio-fiscal\/#organizationLogo"}},{"@type":"Person","@id":"https:\/\/www.jornalja.com.br\/arquivo\/author\/daredacao\/#author","url":"https:\/\/www.jornalja.com.br\/arquivo\/author\/daredacao\/","name":"da Reda\u00e7\u00e3o","image":{"@type":"ImageObject","@id":"https:\/\/www.jornalja.com.br\/arquivo\/caminhos-para-o-equilibrio-fiscal\/#authorImage","url":"https:\/\/secure.gravatar.com\/avatar\/469fd857d6605ad19919d27ed29d35a968a25f6e8fd9318356bbb7f57aae9c65?s=96&d=mm&r=g","width":96,"height":96,"caption":"da Reda\u00e7\u00e3o"}},{"@type":"WebPage","@id":"https:\/\/www.jornalja.com.br\/arquivo\/caminhos-para-o-equilibrio-fiscal\/#webpage","url":"https:\/\/www.jornalja.com.br\/arquivo\/caminhos-para-o-equilibrio-fiscal\/","name":"Caminhos para o equil\u00edbrio fiscal? | Arquivo","inLanguage":"pt-BR","isPartOf":{"@id":"https:\/\/www.jornalja.com.br\/arquivo\/#website"},"breadcrumb":{"@id":"https:\/\/www.jornalja.com.br\/arquivo\/caminhos-para-o-equilibrio-fiscal\/#breadcrumblist"},"author":{"@id":"https:\/\/www.jornalja.com.br\/arquivo\/author\/daredacao\/#author"},"creator":{"@id":"https:\/\/www.jornalja.com.br\/arquivo\/author\/daredacao\/#author"},"image":{"@type":"ImageObject","url":37743,"@id":"https:\/\/www.jornalja.com.br\/arquivo\/caminhos-para-o-equilibrio-fiscal\/#mainImage"},"primaryImageOfPage":{"@id":"https:\/\/www.jornalja.com.br\/arquivo\/caminhos-para-o-equilibrio-fiscal\/#mainImage"},"datePublished":"2016-08-09T22:14:03-03:00","dateModified":"2016-08-09T22:14:03-03:00"},{"@type":"WebSite","@id":"https:\/\/www.jornalja.com.br\/arquivo\/#website","url":"https:\/\/www.jornalja.com.br\/arquivo\/","name":"Arquivo","description":"Jornal J\u00c1 | Porto Alegre","inLanguage":"pt-BR","publisher":{"@id":"https:\/\/www.jornalja.com.br\/arquivo\/#organization"}}]},"og:locale":"pt_BR","og:site_name":"Arquivo | Jornal J\u00c1 | Porto Alegre","og:type":"article","og:title":"Caminhos para o equil\u00edbrio fiscal? | Arquivo","og:url":"https:\/\/www.jornalja.com.br\/arquivo\/caminhos-para-o-equilibrio-fiscal\/","og:image":"https:\/\/www.jornalja.com.br\/economics\/wp-content\/uploads\/sites\/11\/2026\/08\/ja-folhaderosto-facebook.jpg","og:image:secure_url":"https:\/\/www.jornalja.com.br\/economics\/wp-content\/uploads\/sites\/11\/2026\/08\/ja-folhaderosto-facebook.jpg","article:published_time":"2016-08-10T01:14:03+00:00","article:modified_time":"2016-08-10T01:14:03+00:00","twitter:card":"summary","twitter:title":"Caminhos para o equil\u00edbrio fiscal? | Arquivo","twitter:image":"https:\/\/www.jornalja.com.br\/economics\/wp-content\/uploads\/sites\/11\/2026\/08\/ja-folhaderosto-facebook.jpg"},"aioseo_meta_data":{"post_id":"37742","title":null,"description":null,"keywords":null,"keyphrases":null,"primary_term":null,"canonical_url":null,"og_title":null,"og_description":null,"og_object_type":"default","og_image_type":"default","og_image_url":null,"og_image_width":null,"og_image_height":null,"og_image_custom_url":null,"og_image_custom_fields":null,"og_video":null,"og_custom_url":null,"og_article_section":null,"og_article_tags":null,"twitter_use_og":false,"twitter_card":"default","twitter_image_type":"default","twitter_image_url":null,"twitter_image_custom_url":null,"twitter_image_custom_fields":null,"twitter_title":null,"twitter_description":null,"schema":{"blockGraphs":[],"customGraphs":[],"default":{"data":{"Article":[],"Course":[],"Dataset":[],"FAQPage":[],"Movie":[],"Person":[],"Product":[],"ProductReview":[],"Car":[],"Recipe":[],"Service":[],"SoftwareApplication":[],"WebPage":[]},"graphName":"","isEnabled":true},"graphs":[],"defaultGraph":"","defaultPostTypeGraph":""},"schema_type":null,"schema_type_options":null,"pillar_content":false,"robots_default":true,"robots_noindex":false,"robots_noarchive":false,"robots_nosnippet":false,"robots_nofollow":false,"robots_noimageindex":false,"robots_noodp":false,"robots_notranslate":false,"robots_max_snippet":null,"robots_max_videopreview":null,"robots_max_imagepreview":"large","priority":null,"frequency":null,"location":null,"local_seo":null,"breadcrumb_settings":null,"limit_modified_date":false,"ai":null,"created":"2020-12-20 20:52:03","updated":"2025-07-19 16:02:11","seo_analyzer_scan_date":null,"focus_keyword":null,"additional_keywords":null,"truseo_locale":null},"jetpack_sharing_enabled":true,"jetpack-related-posts":[{"id":13240,"url":"https:\/\/www.jornalja.com.br\/arquivo\/plano-diretor-estamos-construindo-o-caos\/","url_meta":{"origin":37742,"position":0},"title":"Plano diretor: &quot;Estamos construindo o caos&quot;","author":"Patr\u00edcia Marini","date":"26 de maio de 2014","format":false,"excerpt":"Desabafo que arquiteta Eliana Castilhos, delegada da Regi\u00e3o de Planejamento 1, postou nas redes sociais \u00e9 um testemunho do ambiente que se criou no Conselho do Plano Diretor de Porto Alegre, onde a aprova\u00e7\u00e3o de grandes empreendimentos \u00e9 empurrada guela abaixo dos conselheiros. Ao CMDUA Como delegada da Regi\u00e3o de\u2026","rel":"","context":"Em &quot;Geral&quot;","block_context":{"text":"Geral","link":"https:\/\/www.jornalja.com.br\/arquivo\/category\/geral\/"},"img":{"alt_text":"","src":"","width":0,"height":0},"classes":[]},{"id":5440,"url":"https:\/\/www.jornalja.com.br\/arquivo\/casarao-da-venancio-destino-permanece-incerto\/","url_meta":{"origin":37742,"position":1},"title":"Estado ainda n\u00e3o sabe o que fazer com casar\u00e3o abandonado h\u00e1 20 anos","author":"Elmar Bones","date":"6 de julho de 2009","format":false,"excerpt":"O casar\u00e3o amarelo, numa esquina nobre de Porto Alegre (Ven\u00e2ncio Aires com Jo\u00e3o Pessoa), j\u00e1 abrigou uma escola. H\u00e1 duas d\u00e9cadas, pelo menos, est\u00e1 abandonado, porque seu propriet\u00e1rio, o governo do Estado do Rio Grande do Sul, n\u00e3o consegue achar um destino para ele. Planos n\u00e3o faltaram. O governador Ol\u00edvio\u2026","rel":"","context":"Em &quot;X.Categorias velhas&quot;","block_context":{"text":"X.Categorias velhas","link":"https:\/\/www.jornalja.com.br\/arquivo\/category\/x-categorias-velhas\/"},"img":{"alt_text":"geraldo1","src":"https:\/\/i0.wp.com\/www.jornalja.com.br\/wp-content\/uploads\/2009\/07\/geraldo1.jpg?resize=350%2C200&ssl=1","width":350,"height":200},"classes":[]},{"id":14241,"url":"https:\/\/www.jornalja.com.br\/arquivo\/o-guaiba-nas-imagens-poeticas-de-achutti\/","url_meta":{"origin":37742,"position":2},"title":"O Gua\u00edba nas imagens po\u00e9ticas de Achutti","author":"da Reda\u00e7\u00e3o","date":"18 de junho de 2014","format":false,"excerpt":"Em \u201cO Gua\u00edba por Achutti\u201d \u2013 obra financiada via Minist\u00e9rio da Cultura, produ\u00e7\u00e3o executiva de Pedro Longhi, e Fl\u00e1vio Wild como designer \u2013, o fot\u00f3grafo revela a beleza e as mazelas de um espa\u00e7o aqu\u00e1tico de \u00e1guas sempre renovadas, cheio de hist\u00f3rias e lendas como as das cidades que foram\u2026","rel":"","context":"Em &quot;Cultura-Geral&quot;","block_context":{"text":"Cultura-Geral","link":"https:\/\/www.jornalja.com.br\/arquivo\/category\/materiasecundaria\/"},"img":{"alt_text":"","src":"","width":0,"height":0},"classes":[]},{"id":12960,"url":"https:\/\/www.jornalja.com.br\/arquivo\/populacao-culpa-empresas-pela-greve-dos-rodoviarios\/","url_meta":{"origin":37742,"position":3},"title":"Popula\u00e7\u00e3o culpa empresas pela greve","author":"Patr\u00edcia Marini","date":"14 de fevereiro de 2014","format":false,"excerpt":"Pesquisa divulgada na edi\u00e7\u00e3o do jornal Metro desta sexta-feira,14, comprova o velho ditado: \u00e9 poss\u00edvel enganar muitos por algum tempo, mas n\u00e3o \u00e9 poss\u00edvel enganar a todos o tempo inteiro. A principal revela\u00e7\u00e3o foi que 59,8% dos entrevistados apontaram as empresas como as principais respons\u00e1veis pela grave e 46% culparam\u2026","rel":"","context":"Em &quot;X.Categorias velhas&quot;","block_context":{"text":"X.Categorias velhas","link":"https:\/\/www.jornalja.com.br\/arquivo\/category\/x-categorias-velhas\/"},"img":{"alt_text":"","src":"","width":0,"height":0},"classes":[]},{"id":13101,"url":"https:\/\/www.jornalja.com.br\/arquivo\/morre-um-guerreiro-do-texto\/","url_meta":{"origin":37742,"position":4},"title":"Morre um guerreiro do texto","author":"Patr\u00edcia Marini","date":"14 de maio de 2014","format":false,"excerpt":"Por Ricardo Kotscho Reproduzido do blog do autor, 11\/5\/2014; t\u00edtulo original \u201cE l\u00e1 se foi o nosso Myltainho, guerreiro do texto\u201d. Mi\u00fado e franzino, meu amigo Myltainho era um valente e inconformado guerreiro na luta contra as injusti\u00e7as sociais, a hipocrisia, as maracutaias, o autoritarismo, a intoler\u00e2ncia, a viol\u00eancia, o\u2026","rel":"","context":"Em &quot;Geral&quot;","block_context":{"text":"Geral","link":"https:\/\/www.jornalja.com.br\/arquivo\/category\/geral\/"},"img":{"alt_text":"","src":"","width":0,"height":0},"classes":[]},{"id":13109,"url":"https:\/\/www.jornalja.com.br\/arquivo\/judiciario-reconhece-poluicao-eletromagnetica\/","url_meta":{"origin":37742,"position":5},"title":"Judici\u00e1rio reconhece polui\u00e7\u00e3o eletromagn\u00e9tica","author":"Patr\u00edcia Marini","date":"16 de maio de 2014","format":false,"excerpt":"A\u00e7\u00e3o de duas associa\u00e7\u00f5es de moradores foi acolhida pelo Tribunal de Justi\u00e7a de S\u00e3o Paulo que. em decis\u00e3o in\u00e9dita, determinou a redu\u00e7\u00e3o do campo eletromagn\u00e9tico gerado pelas linhas de transmiss\u00e3o de energia que cortam os bairros City Boa\u00e7ava e Alto de Pinheiros. \u00c9 a primeira vez que um tribunal do\u2026","rel":"","context":"Em &quot;X.Categorias velhas&quot;","block_context":{"text":"X.Categorias velhas","link":"https:\/\/www.jornalja.com.br\/arquivo\/category\/x-categorias-velhas\/"},"img":{"alt_text":"","src":"","width":0,"height":0},"classes":[]}],"jetpack_shortlink":"https:\/\/wp.me\/pbQjBd-9OK","jetpack_featured_media_url":"","_links":{"self":[{"href":"https:\/\/www.jornalja.com.br\/arquivo\/wp-json\/wp\/v2\/posts\/37742","targetHints":{"allow":["GET"]}}],"collection":[{"href":"https:\/\/www.jornalja.com.br\/arquivo\/wp-json\/wp\/v2\/posts"}],"about":[{"href":"https:\/\/www.jornalja.com.br\/arquivo\/wp-json\/wp\/v2\/types\/post"}],"author":[{"embeddable":true,"href":"https:\/\/www.jornalja.com.br\/arquivo\/wp-json\/wp\/v2\/users\/4"}],"replies":[{"embeddable":true,"href":"https:\/\/www.jornalja.com.br\/arquivo\/wp-json\/wp\/v2\/comments?post=37742"}],"version-history":[{"count":0,"href":"https:\/\/www.jornalja.com.br\/arquivo\/wp-json\/wp\/v2\/posts\/37742\/revisions"}],"wp:attachment":[{"href":"https:\/\/www.jornalja.com.br\/arquivo\/wp-json\/wp\/v2\/media?parent=37742"}],"wp:term":[{"taxonomy":"category","embeddable":true,"href":"https:\/\/www.jornalja.com.br\/arquivo\/wp-json\/wp\/v2\/categories?post=37742"},{"taxonomy":"post_tag","embeddable":true,"href":"https:\/\/www.jornalja.com.br\/arquivo\/wp-json\/wp\/v2\/tags?post=37742"}],"curies":[{"name":"wp","href":"https:\/\/api.w.org\/{rel}","templated":true}]}}