{"id":37791,"date":"2016-08-12T16:06:45","date_gmt":"2016-08-12T19:06:45","guid":{"rendered":"https:\/\/www.jornalja.com.br\/?p=37791"},"modified":"2016-08-12T16:06:45","modified_gmt":"2016-08-12T19:06:45","slug":"razoes-de-dilma-para-recorrer-a-oea","status":"publish","type":"post","link":"https:\/\/www.jornalja.com.br\/arquivo\/razoes-de-dilma-para-recorrer-a-oea\/","title":{"rendered":"Raz\u00f5es de Dilma para recorrer \u00e0 OEA"},"content":{"rendered":"<p><strong>PINHEIRO DO VALE<\/strong><br \/>\nOs dois principais l\u00edderes petistas, Luiz In\u00e1cio Lula da Silva e Alo\u00edsio Mercadante, est\u00e3o\u00a0tentando convencer a presidente afastada Dilma Rousseff a n\u00e3o chutar o balde ao chamar seus\u00a0correligion\u00e1rios e ex-aliados \u00e0s falas antes da vota\u00e7\u00e3o final do impeachment no plen\u00e1rio do\u00a0Senado.<br \/>\nLula e Mercadante temem que, em vez de ajudar, o estrilo da presidente abra um racha no\u00a0Partido dos Trabalhadores num momento muito delicado, que \u00e9 a v\u00e9spera das elei\u00e7\u00f5es. Em\u00a0centenas de munic\u00edpios o PT est\u00e1 aliado ao PMDB.<br \/>\nEssa alian\u00e7a n\u00e3o pode ser rompida neste momento. Segundo estas avalia\u00e7\u00f5es, as bases dos\u00a0dois partidos j\u00e1 est\u00e3o em atitude suficientemente hostil entre elas para se agravar a situa\u00e7\u00e3o.<br \/>\nSe o \u201cFora Temer\u201d se converteu num bord\u00e3o de sucesso nas redes sociais e espa\u00e7os p\u00fablicos,\u00a0para as lideran\u00e7as petistas est\u00e1 provocando rachadura na alian\u00e7a numa hora em que o PT se apresenta como a parte mais fr\u00e1gil da alian\u00e7a, ao contr\u00e1rio das elei\u00e7\u00f5es anteriores quando a\u00a0imagem de Lula predominava e mantinha o PMDB mansinho \u00e0 sombra.<br \/>\nA manobra aconselhada pela lideran\u00e7a petista \u00e9 que Dilma apresente uma den\u00fancia \u00e0\u00a0Organiza\u00e7\u00e3o dos Estados Americanos, com base no Tratado de San Jos\u00e9 da Costa Rica,\u00a0denunciando o golpe.<br \/>\nSe ela efetivamente mandar seus advogados abrirem este processo estar\u00e1 afrontando o\u00a0Supremo Tribunal Federal, que comanda o processo de impeachment no Senado, mas que\u00a0poderiam ser uma \u00faltima inst\u00e2ncia para determinar a ilegalidade do golpe. Se for \u00e0 OEA Dilma\u00a0estar\u00e1 dando uma figa para os ministros do STF.<br \/>\nIsto pode ser perigoso, pois ainda h\u00e1 uma \u00faltima esperan\u00e7a de que, na hora \u201cH\u201d, Ricardo\u00a0Lewandowski, seu antigo aliado, possa bater o martelo de juiz e dar todo o processo golpista\u00a0por acabado. Esta possibilidade n\u00e3o deve ser afastada, dizem muitos especialistas em\u00a0Supremo: ao legitimar o processo de impeachment e assumir o comando do\u00a0Senado o presidente do Supremo adquiriu a legitimidade para implodir a farsa parlamentar.<br \/>\nPor outro lado, se Dilma optar pela den\u00fancia a um tribunal internacional, mesmo perdendo a\u00a0boa vontade do Supremo ela estar\u00e1 se vacinando contra o que v\u00eam por a\u00ed assim que ela\u00a0perder o foro hiper-privilegiado de presidente da Rep\u00fablica.<br \/>\nEntrando na jurisdi\u00e7\u00e3o da Justi\u00e7a sem o foro presidencial, ela poder\u00e1 ser chamada a responder\u00a0por campanhas do passado, sem a prote\u00e7\u00e3o da marca de largada em 1 de janeiro de 2015, dia\u00a0de sua \u00faltima posse.<br \/>\nEla sempre poder\u00e1, num segundo passo junto \u00e0 OEA, qualificar-se como\u00a0perseguida pol\u00edtica. Isto j\u00e1 lhe teria sido garantido pelo secret\u00e1rio geral da Organiza\u00e7\u00e3o dos\u00a0Estados Americanos, o uruguaio Luiz Almagro, ex-chanceler do governo do presidente Pepe\u00a0Mujica. Em vez de processada criminalmente, seria exilada, fora do alcance da Interpol.<br \/>\nA\u00ed est\u00e1 o problema, pois seria um ato a ser rejeitado pelo PT para manter a alian\u00e7a eleitoral\u00a0com o PMDB valendo para as elei\u00e7\u00f5es de outubro.<br \/>\nSe fosse daqui a tr\u00eas meses, n\u00e3o haveria problema. Agora \u00e9 um desastre, pois a dire\u00e7\u00e3o\u00a0nacional do PMDB poderia retalhar cassando todas essas coliga\u00e7\u00f5es, deixando o PT na chuva.<br \/>\nDevido a toda a manipula\u00e7\u00e3o da m\u00eddia e de certos pseudo-formadores de opini\u00e3o\u00a0p\u00fablica, o PT est\u00e1 no pior momento eleitoral de sua hist\u00f3ria.<br \/>\nN\u00e3o \u00e9 aconselh\u00e1vel, pensam Lula e Mercadante, chutar o balde neste momento. \u00c9 por isto que\u00a0est\u00e3o tentando acalmar Dilma, pedindo-lhe paci\u00eancia, pois se o PT pouco lhe ajudou de janeiro\u00a0de 2015 at\u00e9 hoje, \u00e9 sua \u00faltima taboa de salva\u00e7\u00e3o. Sem seu partido Dilma pode ser tragada pelo\u00a0turbilh\u00e3o pol\u00edtico que se avizinha.<br \/>\nEla tamb\u00e9m n\u00e3o se conforma com o resultado pr\u00e1tico de sua bancada de defensores na\u00a0comiss\u00e3o do Impeachment. Falando a linguagem da milit\u00e2ncia, bradando o voc\u00e1bulo \u201cgolpe\u201d\u00a0(uma palavra que ofende aos demais senadores) chegaram ao fim do processo pior do que\u00a0entraram:<br \/>\nNa admissibilidade Dilma teve 22 votos; na pron\u00fancia caiu para 21.\u00a0Gol contra. E a tend\u00eancia \u00e9 chegar na final com 18 votos.<br \/>\nDizem as velhas raposas do\u00a0Congresso: um governante que n\u00e3o consegue virar cinco votos n\u00e3o tem condi\u00e7\u00f5es objetivas de\u00a0\u00a0se manter no poder. Mais ainda com uma bancada parlamentar como a dela.<br \/>\nTampouco a defesa jur\u00eddica conseguiu resultados. Perdeu no STF uma causa ganha, pois \u00e9\u00a0l\u00edquido e certo que o processo de impeachment s\u00f3 encontra respaldo na legisla\u00e7\u00e3o pol\u00edtica,\u00a0mas poderia ser pelo menos contrabalan\u00e7ado nos tribunais, criando um espa\u00e7o para d\u00favidas.<br \/>\nPor fim, dizem, emerge da fuma\u00e7a a figura da senadora Katia Abreu, ex-presidente da Confedera\u00e7\u00e3o Nacional de Agricultura e ex-ministra da presidente Dilma. Pelo que ela falou na\u00a0Comiss\u00e3o de Impeachment pode-se deduzir que as pedaladas do Banco do Brasil foram dadas\u00a0para atender \u00e0s suas press\u00f5es. Ela foi e continua sendo uma grande aliada da presidente\u00a0afastada. Com tais amigos&#8230;<br \/>\n&nbsp;<\/p>\n","protected":false},"excerpt":{"rendered":"<p>PINHEIRO DO VALE Os dois principais l\u00edderes petistas, Luiz In\u00e1cio Lula da Silva e Alo\u00edsio Mercadante, est\u00e3o\u00a0tentando convencer a presidente afastada Dilma Rousseff a n\u00e3o chutar o balde ao chamar seus\u00a0correligion\u00e1rios e ex-aliados \u00e0s falas antes da vota\u00e7\u00e3o final do impeachment no plen\u00e1rio do\u00a0Senado. Lula e Mercadante temem que, em vez de ajudar, o estrilo [&hellip;]<\/p>\n","protected":false},"author":4,"featured_media":0,"comment_status":"open","ping_status":"closed","sticky":false,"template":"","format":"standard","meta":{"_jetpack_newsletter_access":"","_jetpack_dont_email_post_to_subs":false,"_jetpack_newsletter_tier_id":0,"_jetpack_memberships_contains_paywalled_content":false,"_jetpack_feature_clip_id":0,"_jetpack_memberships_contains_paid_content":false,"footnotes":"","jetpack_post_was_ever_published":false},"categories":[10],"tags":[],"class_list":["post-37791","post","type-post","status-publish","format-standard","hentry","category-analiseopiniao"],"aioseo_notices":[],"aioseo_head":"\n\t\t<!-- All in One SEO 5.0.1.1 - aioseo.com -->\n\t<meta name=\"robots\" content=\"max-image-preview:large\" \/>\n\t<meta name=\"author\" content=\"da Reda\u00e7\u00e3o\"\/>\n\t<link rel=\"canonical\" href=\"https:\/\/www.jornalja.com.br\/arquivo\/razoes-de-dilma-para-recorrer-a-oea\/\" \/>\n\t<meta name=\"generator\" content=\"All in One SEO (AIOSEO) 5.0.1.1\" \/>\n\t\t<meta property=\"og:locale\" content=\"pt_BR\" \/>\n\t\t<meta property=\"og:site_name\" content=\"Arquivo | Jornal J\u00c1 | Porto Alegre\" \/>\n\t\t<meta property=\"og:type\" content=\"article\" \/>\n\t\t<meta property=\"og:title\" content=\"Raz\u00f5es de Dilma para recorrer \u00e0 OEA | Arquivo\" \/>\n\t\t<meta property=\"og:url\" content=\"https:\/\/www.jornalja.com.br\/arquivo\/razoes-de-dilma-para-recorrer-a-oea\/\" \/>\n\t\t<meta property=\"og:image\" content=\"https:\/\/www.jornalja.com.br\/economics\/wp-content\/uploads\/sites\/11\/2026\/08\/ja-folhaderosto-facebook.jpg\" \/>\n\t\t<meta property=\"og:image:secure_url\" content=\"https:\/\/www.jornalja.com.br\/economics\/wp-content\/uploads\/sites\/11\/2026\/08\/ja-folhaderosto-facebook.jpg\" \/>\n\t\t<meta property=\"article:published_time\" content=\"2016-08-12T19:06:45+00:00\" \/>\n\t\t<meta property=\"article:modified_time\" content=\"2016-08-12T19:06:45+00:00\" \/>\n\t\t<meta name=\"twitter:card\" content=\"summary\" \/>\n\t\t<meta name=\"twitter:title\" content=\"Raz\u00f5es de Dilma para recorrer \u00e0 OEA | Arquivo\" \/>\n\t\t<meta name=\"twitter:image\" content=\"https:\/\/www.jornalja.com.br\/economics\/wp-content\/uploads\/sites\/11\/2026\/08\/ja-folhaderosto-facebook.jpg\" \/>\n\t\t<script type=\"application\/ld+json\" class=\"aioseo-schema\">\n\t\t\t{\"@context\":\"https:\\\/\\\/schema.org\",\"@graph\":[{\"@type\":\"BlogPosting\",\"@id\":\"https:\\\/\\\/www.jornalja.com.br\\\/arquivo\\\/razoes-de-dilma-para-recorrer-a-oea\\\/#blogposting\",\"name\":\"Raz\\u00f5es de Dilma para recorrer \\u00e0 OEA | Arquivo\",\"headline\":\"Raz\\u00f5es de Dilma para recorrer \\u00e0 OEA\",\"author\":{\"@id\":\"https:\\\/\\\/www.jornalja.com.br\\\/arquivo\\\/author\\\/daredacao\\\/#author\"},\"publisher\":{\"@id\":\"https:\\\/\\\/www.jornalja.com.br\\\/arquivo\\\/#organization\"},\"image\":{\"@type\":\"ImageObject\",\"url\":\"https:\\\/\\\/www.jornalja.com.br\\\/wp-content\\\/uploads\\\/cards\\\/JAslogan.png\",\"@id\":\"https:\\\/\\\/www.jornalja.com.br\\\/arquivo\\\/#articleImage\"},\"datePublished\":\"2016-08-12T16:06:45-03:00\",\"dateModified\":\"2016-08-12T16:06:45-03:00\",\"inLanguage\":\"pt-BR\",\"mainEntityOfPage\":{\"@id\":\"https:\\\/\\\/www.jornalja.com.br\\\/arquivo\\\/razoes-de-dilma-para-recorrer-a-oea\\\/#webpage\"},\"isPartOf\":{\"@id\":\"https:\\\/\\\/www.jornalja.com.br\\\/arquivo\\\/razoes-de-dilma-para-recorrer-a-oea\\\/#webpage\"},\"articleSection\":\"AN\\u00c1LISE&amp;OPINI\\u00c3O\"},{\"@type\":\"BreadcrumbList\",\"@id\":\"https:\\\/\\\/www.jornalja.com.br\\\/arquivo\\\/razoes-de-dilma-para-recorrer-a-oea\\\/#breadcrumblist\",\"itemListElement\":[{\"@type\":\"ListItem\",\"@id\":\"https:\\\/\\\/www.jornalja.com.br\\\/arquivo#listItem\",\"position\":1,\"name\":\"Home\",\"item\":\"https:\\\/\\\/www.jornalja.com.br\\\/arquivo\",\"nextItem\":{\"@type\":\"ListItem\",\"@id\":\"https:\\\/\\\/www.jornalja.com.br\\\/arquivo\\\/category\\\/analiseopiniao\\\/#listItem\",\"name\":\"AN\\u00c1LISE&amp;OPINI\\u00c3O\"}},{\"@type\":\"ListItem\",\"@id\":\"https:\\\/\\\/www.jornalja.com.br\\\/arquivo\\\/category\\\/analiseopiniao\\\/#listItem\",\"position\":2,\"name\":\"AN\\u00c1LISE&amp;OPINI\\u00c3O\",\"item\":\"https:\\\/\\\/www.jornalja.com.br\\\/arquivo\\\/category\\\/analiseopiniao\\\/\",\"nextItem\":{\"@type\":\"ListItem\",\"@id\":\"https:\\\/\\\/www.jornalja.com.br\\\/arquivo\\\/razoes-de-dilma-para-recorrer-a-oea\\\/#listItem\",\"name\":\"Raz\\u00f5es de Dilma para recorrer \\u00e0 OEA\"},\"previousItem\":{\"@type\":\"ListItem\",\"@id\":\"https:\\\/\\\/www.jornalja.com.br\\\/arquivo#listItem\",\"name\":\"Home\"}},{\"@type\":\"ListItem\",\"@id\":\"https:\\\/\\\/www.jornalja.com.br\\\/arquivo\\\/razoes-de-dilma-para-recorrer-a-oea\\\/#listItem\",\"position\":3,\"name\":\"Raz\\u00f5es de Dilma para recorrer \\u00e0 OEA\",\"previousItem\":{\"@type\":\"ListItem\",\"@id\":\"https:\\\/\\\/www.jornalja.com.br\\\/arquivo\\\/category\\\/analiseopiniao\\\/#listItem\",\"name\":\"AN\\u00c1LISE&amp;OPINI\\u00c3O\"}}]},{\"@type\":\"Organization\",\"@id\":\"https:\\\/\\\/www.jornalja.com.br\\\/arquivo\\\/#organization\",\"name\":\"Jornal J\\u00c1\",\"description\":\"Jornal J\\u00c1 | Porto Alegre\",\"url\":\"https:\\\/\\\/www.jornalja.com.br\\\/arquivo\\\/\",\"telephone\":\"+555133307272\",\"logo\":{\"@type\":\"ImageObject\",\"url\":\"https:\\\/\\\/www.jornalja.com.br\\\/wp-content\\\/uploads\\\/cards\\\/JAslogan.png\",\"@id\":\"https:\\\/\\\/www.jornalja.com.br\\\/arquivo\\\/razoes-de-dilma-para-recorrer-a-oea\\\/#organizationLogo\"},\"image\":{\"@id\":\"https:\\\/\\\/www.jornalja.com.br\\\/arquivo\\\/razoes-de-dilma-para-recorrer-a-oea\\\/#organizationLogo\"}},{\"@type\":\"Person\",\"@id\":\"https:\\\/\\\/www.jornalja.com.br\\\/arquivo\\\/author\\\/daredacao\\\/#author\",\"url\":\"https:\\\/\\\/www.jornalja.com.br\\\/arquivo\\\/author\\\/daredacao\\\/\",\"name\":\"da Reda\\u00e7\\u00e3o\",\"image\":{\"@type\":\"ImageObject\",\"@id\":\"https:\\\/\\\/www.jornalja.com.br\\\/arquivo\\\/razoes-de-dilma-para-recorrer-a-oea\\\/#authorImage\",\"url\":\"https:\\\/\\\/secure.gravatar.com\\\/avatar\\\/469fd857d6605ad19919d27ed29d35a968a25f6e8fd9318356bbb7f57aae9c65?s=96&d=mm&r=g\",\"width\":96,\"height\":96,\"caption\":\"da Reda\\u00e7\\u00e3o\"}},{\"@type\":\"WebPage\",\"@id\":\"https:\\\/\\\/www.jornalja.com.br\\\/arquivo\\\/razoes-de-dilma-para-recorrer-a-oea\\\/#webpage\",\"url\":\"https:\\\/\\\/www.jornalja.com.br\\\/arquivo\\\/razoes-de-dilma-para-recorrer-a-oea\\\/\",\"name\":\"Raz\\u00f5es de Dilma para recorrer \\u00e0 OEA | Arquivo\",\"inLanguage\":\"pt-BR\",\"isPartOf\":{\"@id\":\"https:\\\/\\\/www.jornalja.com.br\\\/arquivo\\\/#website\"},\"breadcrumb\":{\"@id\":\"https:\\\/\\\/www.jornalja.com.br\\\/arquivo\\\/razoes-de-dilma-para-recorrer-a-oea\\\/#breadcrumblist\"},\"author\":{\"@id\":\"https:\\\/\\\/www.jornalja.com.br\\\/arquivo\\\/author\\\/daredacao\\\/#author\"},\"creator\":{\"@id\":\"https:\\\/\\\/www.jornalja.com.br\\\/arquivo\\\/author\\\/daredacao\\\/#author\"},\"datePublished\":\"2016-08-12T16:06:45-03:00\",\"dateModified\":\"2016-08-12T16:06:45-03:00\"},{\"@type\":\"WebSite\",\"@id\":\"https:\\\/\\\/www.jornalja.com.br\\\/arquivo\\\/#website\",\"url\":\"https:\\\/\\\/www.jornalja.com.br\\\/arquivo\\\/\",\"name\":\"Arquivo\",\"description\":\"Jornal J\\u00c1 | Porto Alegre\",\"inLanguage\":\"pt-BR\",\"publisher\":{\"@id\":\"https:\\\/\\\/www.jornalja.com.br\\\/arquivo\\\/#organization\"}}]}\n\t\t<\/script>\n\t\t<!-- All in One SEO -->\n\n","aioseo_head_json":{"title":"Raz\u00f5es de Dilma para recorrer \u00e0 OEA | Arquivo","description":"","canonical_url":"https:\/\/www.jornalja.com.br\/arquivo\/razoes-de-dilma-para-recorrer-a-oea\/","robots":"max-image-preview:large","keywords":"","webmasterTools":{"miscellaneous":""},"schema":{"@context":"https:\/\/schema.org","@graph":[{"@type":"BlogPosting","@id":"https:\/\/www.jornalja.com.br\/arquivo\/razoes-de-dilma-para-recorrer-a-oea\/#blogposting","name":"Raz\u00f5es de Dilma para recorrer \u00e0 OEA | Arquivo","headline":"Raz\u00f5es de Dilma para recorrer \u00e0 OEA","author":{"@id":"https:\/\/www.jornalja.com.br\/arquivo\/author\/daredacao\/#author"},"publisher":{"@id":"https:\/\/www.jornalja.com.br\/arquivo\/#organization"},"image":{"@type":"ImageObject","url":"https:\/\/www.jornalja.com.br\/wp-content\/uploads\/cards\/JAslogan.png","@id":"https:\/\/www.jornalja.com.br\/arquivo\/#articleImage"},"datePublished":"2016-08-12T16:06:45-03:00","dateModified":"2016-08-12T16:06:45-03:00","inLanguage":"pt-BR","mainEntityOfPage":{"@id":"https:\/\/www.jornalja.com.br\/arquivo\/razoes-de-dilma-para-recorrer-a-oea\/#webpage"},"isPartOf":{"@id":"https:\/\/www.jornalja.com.br\/arquivo\/razoes-de-dilma-para-recorrer-a-oea\/#webpage"},"articleSection":"AN\u00c1LISE&amp;OPINI\u00c3O"},{"@type":"BreadcrumbList","@id":"https:\/\/www.jornalja.com.br\/arquivo\/razoes-de-dilma-para-recorrer-a-oea\/#breadcrumblist","itemListElement":[{"@type":"ListItem","@id":"https:\/\/www.jornalja.com.br\/arquivo#listItem","position":1,"name":"Home","item":"https:\/\/www.jornalja.com.br\/arquivo","nextItem":{"@type":"ListItem","@id":"https:\/\/www.jornalja.com.br\/arquivo\/category\/analiseopiniao\/#listItem","name":"AN\u00c1LISE&amp;OPINI\u00c3O"}},{"@type":"ListItem","@id":"https:\/\/www.jornalja.com.br\/arquivo\/category\/analiseopiniao\/#listItem","position":2,"name":"AN\u00c1LISE&amp;OPINI\u00c3O","item":"https:\/\/www.jornalja.com.br\/arquivo\/category\/analiseopiniao\/","nextItem":{"@type":"ListItem","@id":"https:\/\/www.jornalja.com.br\/arquivo\/razoes-de-dilma-para-recorrer-a-oea\/#listItem","name":"Raz\u00f5es de Dilma para recorrer \u00e0 OEA"},"previousItem":{"@type":"ListItem","@id":"https:\/\/www.jornalja.com.br\/arquivo#listItem","name":"Home"}},{"@type":"ListItem","@id":"https:\/\/www.jornalja.com.br\/arquivo\/razoes-de-dilma-para-recorrer-a-oea\/#listItem","position":3,"name":"Raz\u00f5es de Dilma para recorrer \u00e0 OEA","previousItem":{"@type":"ListItem","@id":"https:\/\/www.jornalja.com.br\/arquivo\/category\/analiseopiniao\/#listItem","name":"AN\u00c1LISE&amp;OPINI\u00c3O"}}]},{"@type":"Organization","@id":"https:\/\/www.jornalja.com.br\/arquivo\/#organization","name":"Jornal J\u00c1","description":"Jornal J\u00c1 | Porto Alegre","url":"https:\/\/www.jornalja.com.br\/arquivo\/","telephone":"+555133307272","logo":{"@type":"ImageObject","url":"https:\/\/www.jornalja.com.br\/wp-content\/uploads\/cards\/JAslogan.png","@id":"https:\/\/www.jornalja.com.br\/arquivo\/razoes-de-dilma-para-recorrer-a-oea\/#organizationLogo"},"image":{"@id":"https:\/\/www.jornalja.com.br\/arquivo\/razoes-de-dilma-para-recorrer-a-oea\/#organizationLogo"}},{"@type":"Person","@id":"https:\/\/www.jornalja.com.br\/arquivo\/author\/daredacao\/#author","url":"https:\/\/www.jornalja.com.br\/arquivo\/author\/daredacao\/","name":"da Reda\u00e7\u00e3o","image":{"@type":"ImageObject","@id":"https:\/\/www.jornalja.com.br\/arquivo\/razoes-de-dilma-para-recorrer-a-oea\/#authorImage","url":"https:\/\/secure.gravatar.com\/avatar\/469fd857d6605ad19919d27ed29d35a968a25f6e8fd9318356bbb7f57aae9c65?s=96&d=mm&r=g","width":96,"height":96,"caption":"da Reda\u00e7\u00e3o"}},{"@type":"WebPage","@id":"https:\/\/www.jornalja.com.br\/arquivo\/razoes-de-dilma-para-recorrer-a-oea\/#webpage","url":"https:\/\/www.jornalja.com.br\/arquivo\/razoes-de-dilma-para-recorrer-a-oea\/","name":"Raz\u00f5es de Dilma para recorrer \u00e0 OEA | Arquivo","inLanguage":"pt-BR","isPartOf":{"@id":"https:\/\/www.jornalja.com.br\/arquivo\/#website"},"breadcrumb":{"@id":"https:\/\/www.jornalja.com.br\/arquivo\/razoes-de-dilma-para-recorrer-a-oea\/#breadcrumblist"},"author":{"@id":"https:\/\/www.jornalja.com.br\/arquivo\/author\/daredacao\/#author"},"creator":{"@id":"https:\/\/www.jornalja.com.br\/arquivo\/author\/daredacao\/#author"},"datePublished":"2016-08-12T16:06:45-03:00","dateModified":"2016-08-12T16:06:45-03:00"},{"@type":"WebSite","@id":"https:\/\/www.jornalja.com.br\/arquivo\/#website","url":"https:\/\/www.jornalja.com.br\/arquivo\/","name":"Arquivo","description":"Jornal J\u00c1 | Porto Alegre","inLanguage":"pt-BR","publisher":{"@id":"https:\/\/www.jornalja.com.br\/arquivo\/#organization"}}]},"og:locale":"pt_BR","og:site_name":"Arquivo | Jornal J\u00c1 | Porto Alegre","og:type":"article","og:title":"Raz\u00f5es de Dilma para recorrer \u00e0 OEA | Arquivo","og:url":"https:\/\/www.jornalja.com.br\/arquivo\/razoes-de-dilma-para-recorrer-a-oea\/","og:image":"https:\/\/www.jornalja.com.br\/economics\/wp-content\/uploads\/sites\/11\/2026\/08\/ja-folhaderosto-facebook.jpg","og:image:secure_url":"https:\/\/www.jornalja.com.br\/economics\/wp-content\/uploads\/sites\/11\/2026\/08\/ja-folhaderosto-facebook.jpg","article:published_time":"2016-08-12T19:06:45+00:00","article:modified_time":"2016-08-12T19:06:45+00:00","twitter:card":"summary","twitter:title":"Raz\u00f5es de Dilma para recorrer \u00e0 OEA | Arquivo","twitter:image":"https:\/\/www.jornalja.com.br\/economics\/wp-content\/uploads\/sites\/11\/2026\/08\/ja-folhaderosto-facebook.jpg"},"aioseo_meta_data":{"post_id":"37791","title":null,"description":null,"keywords":null,"keyphrases":null,"primary_term":null,"canonical_url":null,"og_title":null,"og_description":null,"og_object_type":"default","og_image_type":"default","og_image_url":null,"og_image_width":null,"og_image_height":null,"og_image_custom_url":null,"og_image_custom_fields":null,"og_video":null,"og_custom_url":null,"og_article_section":null,"og_article_tags":null,"twitter_use_og":false,"twitter_card":"default","twitter_image_type":"default","twitter_image_url":null,"twitter_image_custom_url":null,"twitter_image_custom_fields":null,"twitter_title":null,"twitter_description":null,"schema":{"blockGraphs":[],"customGraphs":[],"default":{"data":{"Article":[],"Course":[],"Dataset":[],"FAQPage":[],"Movie":[],"Person":[],"Product":[],"ProductReview":[],"Car":[],"Recipe":[],"Service":[],"SoftwareApplication":[],"WebPage":[]},"graphName":"","isEnabled":true},"graphs":[]},"schema_type":null,"schema_type_options":null,"pillar_content":false,"robots_default":true,"robots_noindex":false,"robots_noarchive":false,"robots_nosnippet":false,"robots_nofollow":false,"robots_noimageindex":false,"robots_noodp":false,"robots_notranslate":false,"robots_max_snippet":null,"robots_max_videopreview":null,"robots_max_imagepreview":"large","priority":null,"frequency":null,"location":null,"local_seo":null,"breadcrumb_settings":null,"limit_modified_date":false,"ai":null,"created":"2020-12-20 20:52:03","updated":"2025-07-19 16:05:10","seo_analyzer_scan_date":null,"focus_keyword":null,"additional_keywords":null,"truseo_locale":null},"jetpack_sharing_enabled":true,"jetpack-related-posts":[{"id":13109,"url":"https:\/\/www.jornalja.com.br\/arquivo\/judiciario-reconhece-poluicao-eletromagnetica\/","url_meta":{"origin":37791,"position":0},"title":"Judici\u00e1rio reconhece polui\u00e7\u00e3o eletromagn\u00e9tica","author":"Patr\u00edcia Marini","date":"16 de maio de 2014","format":false,"excerpt":"A\u00e7\u00e3o de duas associa\u00e7\u00f5es de moradores foi acolhida pelo Tribunal de Justi\u00e7a de S\u00e3o Paulo que. em decis\u00e3o in\u00e9dita, determinou a redu\u00e7\u00e3o do campo eletromagn\u00e9tico gerado pelas linhas de transmiss\u00e3o de energia que cortam os bairros City Boa\u00e7ava e Alto de Pinheiros. \u00c9 a primeira vez que um tribunal do\u2026","rel":"","context":"Em &quot;X.Categorias velhas&quot;","block_context":{"text":"X.Categorias velhas","link":"https:\/\/www.jornalja.com.br\/arquivo\/category\/x-categorias-velhas\/"},"img":{"alt_text":"","src":"","width":0,"height":0},"classes":[]},{"id":13240,"url":"https:\/\/www.jornalja.com.br\/arquivo\/plano-diretor-estamos-construindo-o-caos\/","url_meta":{"origin":37791,"position":1},"title":"Plano diretor: &quot;Estamos construindo o caos&quot;","author":"Patr\u00edcia Marini","date":"26 de maio de 2014","format":false,"excerpt":"Desabafo que arquiteta Eliana Castilhos, delegada da Regi\u00e3o de Planejamento 1, postou nas redes sociais \u00e9 um testemunho do ambiente que se criou no Conselho do Plano Diretor de Porto Alegre, onde a aprova\u00e7\u00e3o de grandes empreendimentos \u00e9 empurrada guela abaixo dos conselheiros. Ao CMDUA Como delegada da Regi\u00e3o de\u2026","rel":"","context":"Em &quot;Geral&quot;","block_context":{"text":"Geral","link":"https:\/\/www.jornalja.com.br\/arquivo\/category\/geral\/"},"img":{"alt_text":"","src":"","width":0,"height":0},"classes":[]},{"id":14241,"url":"https:\/\/www.jornalja.com.br\/arquivo\/o-guaiba-nas-imagens-poeticas-de-achutti\/","url_meta":{"origin":37791,"position":2},"title":"O Gua\u00edba nas imagens po\u00e9ticas de Achutti","author":"da Reda\u00e7\u00e3o","date":"18 de junho de 2014","format":false,"excerpt":"Em \u201cO Gua\u00edba por Achutti\u201d \u2013 obra financiada via Minist\u00e9rio da Cultura, produ\u00e7\u00e3o executiva de Pedro Longhi, e Fl\u00e1vio Wild como designer \u2013, o fot\u00f3grafo revela a beleza e as mazelas de um espa\u00e7o aqu\u00e1tico de \u00e1guas sempre renovadas, cheio de hist\u00f3rias e lendas como as das cidades que foram\u2026","rel":"","context":"Em &quot;Cultura-Geral&quot;","block_context":{"text":"Cultura-Geral","link":"https:\/\/www.jornalja.com.br\/arquivo\/category\/materiasecundaria\/"},"img":{"alt_text":"","src":"","width":0,"height":0},"classes":[]},{"id":13101,"url":"https:\/\/www.jornalja.com.br\/arquivo\/morre-um-guerreiro-do-texto\/","url_meta":{"origin":37791,"position":3},"title":"Morre um guerreiro do texto","author":"Patr\u00edcia Marini","date":"14 de maio de 2014","format":false,"excerpt":"Por Ricardo Kotscho Reproduzido do blog do autor, 11\/5\/2014; t\u00edtulo original \u201cE l\u00e1 se foi o nosso Myltainho, guerreiro do texto\u201d. Mi\u00fado e franzino, meu amigo Myltainho era um valente e inconformado guerreiro na luta contra as injusti\u00e7as sociais, a hipocrisia, as maracutaias, o autoritarismo, a intoler\u00e2ncia, a viol\u00eancia, o\u2026","rel":"","context":"Em &quot;Geral&quot;","block_context":{"text":"Geral","link":"https:\/\/www.jornalja.com.br\/arquivo\/category\/geral\/"},"img":{"alt_text":"","src":"","width":0,"height":0},"classes":[]},{"id":5440,"url":"https:\/\/www.jornalja.com.br\/arquivo\/casarao-da-venancio-destino-permanece-incerto\/","url_meta":{"origin":37791,"position":4},"title":"Estado ainda n\u00e3o sabe o que fazer com casar\u00e3o abandonado h\u00e1 20 anos","author":"Elmar Bones","date":"6 de julho de 2009","format":false,"excerpt":"O casar\u00e3o amarelo, numa esquina nobre de Porto Alegre (Ven\u00e2ncio Aires com Jo\u00e3o Pessoa), j\u00e1 abrigou uma escola. H\u00e1 duas d\u00e9cadas, pelo menos, est\u00e1 abandonado, porque seu propriet\u00e1rio, o governo do Estado do Rio Grande do Sul, n\u00e3o consegue achar um destino para ele. Planos n\u00e3o faltaram. O governador Ol\u00edvio\u2026","rel":"","context":"Em &quot;X.Categorias velhas&quot;","block_context":{"text":"X.Categorias velhas","link":"https:\/\/www.jornalja.com.br\/arquivo\/category\/x-categorias-velhas\/"},"img":{"alt_text":"geraldo1","src":"https:\/\/i0.wp.com\/www.jornalja.com.br\/wp-content\/uploads\/2009\/07\/geraldo1.jpg?resize=350%2C200&ssl=1","width":350,"height":200},"classes":[]},{"id":13239,"url":"https:\/\/www.jornalja.com.br\/arquivo\/conselho-desdenha-do-plano-diretor\/","url_meta":{"origin":37791,"position":5},"title":"Porto Alegre: Conselho detona Plano Diretor","author":"Patr\u00edcia Marini","date":"25 de maio de 2014","format":false,"excerpt":"Den\u00fancia do arquiteto e \u00a0urbanista Ibir\u00e1 Santos Lucas. Ele diz que os conselheiros est\u00e3o votando com \"enorme irresponsabilidade\". \"Mudam regime com a maior naturalidade,,,regularizam absurdos de constru\u00e7\u00f5es irregulares... \"O CMDUA est\u00e1 flexibilizando a lei do plano diretor, de uma forma impactante na vida da cidade. Mudam regime com a maior\u2026","rel":"","context":"Em &quot;Geral&quot;","block_context":{"text":"Geral","link":"https:\/\/www.jornalja.com.br\/arquivo\/category\/geral\/"},"img":{"alt_text":"","src":"","width":0,"height":0},"classes":[]}],"jetpack_shortlink":"https:\/\/wp.me\/pbQjBd-9Px","jetpack_featured_media_url":"","_links":{"self":[{"href":"https:\/\/www.jornalja.com.br\/arquivo\/wp-json\/wp\/v2\/posts\/37791","targetHints":{"allow":["GET"]}}],"collection":[{"href":"https:\/\/www.jornalja.com.br\/arquivo\/wp-json\/wp\/v2\/posts"}],"about":[{"href":"https:\/\/www.jornalja.com.br\/arquivo\/wp-json\/wp\/v2\/types\/post"}],"author":[{"embeddable":true,"href":"https:\/\/www.jornalja.com.br\/arquivo\/wp-json\/wp\/v2\/users\/4"}],"replies":[{"embeddable":true,"href":"https:\/\/www.jornalja.com.br\/arquivo\/wp-json\/wp\/v2\/comments?post=37791"}],"version-history":[{"count":0,"href":"https:\/\/www.jornalja.com.br\/arquivo\/wp-json\/wp\/v2\/posts\/37791\/revisions"}],"wp:attachment":[{"href":"https:\/\/www.jornalja.com.br\/arquivo\/wp-json\/wp\/v2\/media?parent=37791"}],"wp:term":[{"taxonomy":"category","embeddable":true,"href":"https:\/\/www.jornalja.com.br\/arquivo\/wp-json\/wp\/v2\/categories?post=37791"},{"taxonomy":"post_tag","embeddable":true,"href":"https:\/\/www.jornalja.com.br\/arquivo\/wp-json\/wp\/v2\/tags?post=37791"}],"curies":[{"name":"wp","href":"https:\/\/api.w.org\/{rel}","templated":true}]}}