{"id":38012,"date":"2016-08-20T17:16:29","date_gmt":"2016-08-20T20:16:29","guid":{"rendered":"https:\/\/www.jornalja.com.br\/?p=38012"},"modified":"2016-08-20T17:16:29","modified_gmt":"2016-08-20T20:16:29","slug":"uma-brecha-no-mundo","status":"publish","type":"post","link":"https:\/\/www.jornalja.com.br\/arquivo\/uma-brecha-no-mundo\/","title":{"rendered":"Uma brecha no mundo"},"content":{"rendered":"<p>Marino Boeira<br \/>\nO mundo est\u00e1 muito chato.<br \/>\nN\u00f3s o criticamos e ele n\u00e3o d\u00e1 a m\u00ednima import\u00e2ncia.<br \/>\nMas, quem \u00e9 o mundo?<br \/>\n\u00c9 o mundo em que vivem aquelas pessoas que, por alguma raz\u00e3o obscura, gostar\u00edamos de influenciar.<br \/>\nNossos amigos, os brasileiros, os pobres, os oprimidos.<br \/>\nE quem somos n\u00f3s?<br \/>\nSomos aqueles sujeitos nascidos a partir da segunda metade do s\u00e9culo passado.<br \/>\nSomos aquelas pessoas que se dizem intelectuais, porque leram alguns livros.<br \/>\nSomos os que pensam ser de esquerda, s\u00f3 porque costumavam votar no Partid\u00e3o, quando ele ainda existia e que agora votam no PT.<br \/>\nSomos aqueles que, em algum momento, pensaram que poderiam ajudar a melhorar o mundo para os nossos amigos, para os brasileiros, para os pobres, para os oprimidos.<br \/>\nQuanto fizemos em rela\u00e7\u00e3o a isso?<br \/>\nPouco, muito pouco.<br \/>\nPossivelmente, nada.<br \/>\nTalvez, como agora, apenas escrever uma cr\u00edtica que poucos v\u00e3o ler.<br \/>\nQuer\u00edamos mudar esse mundo, mas sempre o tratamos com um certo desprezo, como se f\u00f4ssemos os \u00fanicos que conhecem a porta de sa\u00edda.<br \/>\nNo mais das vezes, olhamos com indiferen\u00e7a esse mundo em que n\u00e3o quer\u00edamos entrar, pois como no inferno de Dante, a condi\u00e7\u00e3o para entrar \u00e9 deixar toda a esperan\u00e7a do lado de fora.<br \/>\nMas desde quando o mundo ficou assim t\u00e3o chato para o nosso gosto?<br \/>\nNum artigo que escreveu esta semana, Tarso Genro, ao comentar o livro de Schiller, \u201c A educa\u00e7\u00e3o est\u00e9tica do homem\u201d, deu uma pista.<br \/>\nO mundo ficou assim porque n\u00e3o soubemos seguir a proposta do fil\u00f3sofo alem\u00e3o, segundo a qual, a sabedoria e o sentimento \u2013 corretamente ajustados para saber contemplar de maneira adequada uma obra de arte \u2013 possibilitariam aos seres humanos chegarem a um estado moral que permitiria exercer todas suas virtudes cidad\u00e3s.<br \/>\nVamos pensar um pouco na hist\u00f3ria do Brasil dentro dessa \u00f3tica que Tarso pin\u00e7ou no livro de Schiller.<br \/>\nAt\u00e9 1964, viv\u00edamos uma \u00e9poca de intensa agita\u00e7\u00e3o cultural que, partindo dos segmentos mais intelectualizados da sociedade brasileira, de alguma forma contaminava toda a popula\u00e7\u00e3o.<br \/>\nBasta fazer um paralelo com os dias de hoje para percebermos a diferen\u00e7a.<br \/>\nOs meios de comunica\u00e7\u00e3o e principalmente o teatro e o cinema punham na ordem do dia a discuss\u00e3o sobre o melhor sistema social e pol\u00edtico em que dever\u00edamos viver.<br \/>\nA favor do socialismo ou contra, todos (pelo menos pensavam que era assim) tinham espa\u00e7o para expor suas opini\u00f5es.<br \/>\nHoje as redes sociais, como o facebook, s\u00e3o espa\u00e7os cativos para toda sorte de banalidades. O que chama a aten\u00e7\u00e3o \u00e9 aquele v\u00eddeo da cadela que alimenta sete gatinhos, do \u201cnude\u201d daquele cantor de rock ou aquela frase profundamente idiota, mas na qual muitos enxergam um pensamento profundo, tipo \u201csempre existir\u00e1 um amanh\u00e3\u201d.<br \/>\nQuem falava de \u00e9tica e compromisso social era, no passado, Jean Paul Sartre. Hoje \u00e9 o juiz S\u00e9rgio Moro. Um abismo intelectual imenso separa as duas figuras, mas s\u00e3o elas que, ontem e hoje, servem como refer\u00eancias.<br \/>\nPara toda uma gera\u00e7\u00e3o de brasileiros, a \u00faltima oportunidade foi dada em 1964. Um divisor, que deixou na esquerda os que n\u00e3o aceitaram o golpe; na direita, os que o aplaudiram, e num imenso espa\u00e7o no meio, os que, n\u00e3o concordando, preferiram a omiss\u00e3o.<br \/>\nDilma Rousseff, com todos os erros de sua a\u00e7\u00e3o como Presidente, tem uma gl\u00f3ria que nunca \u00e9 demais lembrar: ela tomou em armas contra os estupradores da nossa fr\u00e1gil democracia de ent\u00e3o.<br \/>\nEla fez aquilo que Karl Marx disse uma vez que era a miss\u00e3o dos novos fil\u00f3sofos: n\u00e3o mais explicar o mundo, mas tentar mud\u00e1-lo.<br \/>\nN\u00f3s, os que agora acham o mundo muito chato, preferimos mudar nossas vidas pessoais, alguns ganhando muito dinheiro, outros apenas sobrevivendo, concentrando nossos esfor\u00e7os e alegrias nas vit\u00f3rias dos nossos times de futebol.<br \/>\nOs que conseguiram ganhar dinheiro, honestamente ou nem tanto assim, puderam justificar suas omiss\u00f5es com a desculpa que, enquanto foi poss\u00edvel, tentaram fazer sua parte.<br \/>\nUm deles, disse uma vez com certa ironia, quando sua conta banc\u00e1ria come\u00e7ou a crescer: \u201ceu lutei muito pela chegada do comunismo, mas agora que come\u00e7o a ficar rico, ele pode, j\u00e1 que demorou tanto a chegar, esperar mais um pouco\u201d.<br \/>\nVoltando as conclus\u00f5es de Tarso sobre sua leitura de Schiller: n\u00e3o \u00e9 poss\u00edvel construir uma sociedade democr\u00e1tica, tendente \u00e0 igualdade social, sem conhecimento, sem educa\u00e7\u00e3o, sem uma cultura que democratize o conhecimento para todas as classes sociais.<br \/>\nExiste outra quest\u00e3o que o texto otimista de Tarso n\u00e3o aborda: como romper a imensa conspira\u00e7\u00e3o de sil\u00eancio de todos os meios de comunica\u00e7\u00e3o sobre qualquer proposta de ruptura da atual \u201cpax americana&#8221;?<br \/>\nAo lado de uma imensa massa de conformados, o que se v\u00ea em oposi\u00e7\u00e3o a uma ordem, injusta socialmente, \u00e9 o desespero das absurdas a\u00e7\u00f5es terroristas sob o ponto de vista coletivo ou a a\u00e7\u00e3o delet\u00e9ria de delinquentes, sob a \u00f3tica individual.<br \/>\nNenhuma das duas gera algum tipo de avan\u00e7o social. Pelo contr\u00e1rio, aumentam a for\u00e7a dos poderosos de hoje.<br \/>\nResta o campo da a\u00e7\u00e3o pol\u00edtica.<br \/>\nMas um olhar sobre essa \u00e1rea (e estamos voltando ao ponto de partida desse texto), nos mostra que s\u00e3o poucas as possibilidades de mudar este mundo chato em que vivemos.<br \/>\nNo caso brasileiro, as op\u00e7\u00f5es pol\u00edticas parecem se restringir hoje ao \u201cVolta Dilma\u201d, para provavelmente repetir todos os seus erros do passado, ou \u201cFica Temer\u201d, para completar sua obra de entrega das riquezas do Brasil ao capital internacional.<br \/>\nTarso diz no seu texto que o mais importante \u00e9 a defesa de uma forma democr\u00e1tica (poder-se-ia dizer uma est\u00e9tica democr\u00e1tica), que inaugure uma nova hegemonia no \u00e2mbito das solu\u00e7\u00f5es para as crises da democracia representativa: elas\u00a0devem ser resolvidas, sempre, com mais democracia, n\u00e3o com menos democracia.<br \/>\nMas, quem quer mais democracia? N\u00e3o ser\u00e3o Temer e o que Tarso chama com ironia de Confedera\u00e7\u00e3o de Investigados e Denunciados. N\u00e3o ser\u00e3o os grandes ve\u00edculos de comunica\u00e7\u00e3o que comungam de uma vis\u00e3o muito peculiar do que chamam de democracia. N\u00e3o ser\u00e3o os banqueiros, nem os empres\u00e1rios, nem os pol\u00edticos conservadores.<br \/>\nComo p\u00f3s 64, ser\u00e1 novamente uma pequena minoria.<br \/>\nAcreditar que ela possa mudar a realidade brasileira pode ser uma utopia, mas parece ser a \u00fanica op\u00e7\u00e3o que nos restar para tentar abrir uma brecha nesse mundo chato.<\/p>\n","protected":false},"excerpt":{"rendered":"<p>Marino Boeira O mundo est\u00e1 muito chato. N\u00f3s o criticamos e ele n\u00e3o d\u00e1 a m\u00ednima import\u00e2ncia. Mas, quem \u00e9 o mundo? \u00c9 o mundo em que vivem aquelas pessoas que, por alguma raz\u00e3o obscura, gostar\u00edamos de influenciar. Nossos amigos, os brasileiros, os pobres, os oprimidos. E quem somos n\u00f3s? Somos aqueles sujeitos nascidos a [&hellip;]<\/p>\n","protected":false},"author":4,"featured_media":38013,"comment_status":"open","ping_status":"closed","sticky":false,"template":"","format":"standard","meta":{"_jetpack_newsletter_access":"","_jetpack_dont_email_post_to_subs":false,"_jetpack_newsletter_tier_id":0,"_jetpack_memberships_contains_paywalled_content":false,"_jetpack_feature_clip_id":0,"_jetpack_memberships_contains_paid_content":false,"footnotes":"","jetpack_post_was_ever_published":false},"categories":[2011,2012],"tags":[],"class_list":["post-38012","post","type-post","status-publish","format-standard","has-post-thumbnail","hentry","category-destaque","category-debates"],"aioseo_notices":[],"aioseo_head":"\n\t\t<!-- All in One SEO 5.0.1.1 - aioseo.com -->\n\t<meta name=\"robots\" content=\"max-image-preview:large\" \/>\n\t<meta name=\"author\" content=\"da Reda\u00e7\u00e3o\"\/>\n\t<link rel=\"canonical\" href=\"https:\/\/www.jornalja.com.br\/arquivo\/uma-brecha-no-mundo\/\" \/>\n\t<meta name=\"generator\" content=\"All in One SEO (AIOSEO) 5.0.1.1\" \/>\n\t\t<meta property=\"og:locale\" content=\"pt_BR\" \/>\n\t\t<meta property=\"og:site_name\" content=\"Arquivo | Jornal J\u00c1 | Porto Alegre\" \/>\n\t\t<meta property=\"og:type\" content=\"article\" \/>\n\t\t<meta property=\"og:title\" content=\"Uma brecha no mundo | Arquivo\" \/>\n\t\t<meta property=\"og:url\" content=\"https:\/\/www.jornalja.com.br\/arquivo\/uma-brecha-no-mundo\/\" \/>\n\t\t<meta property=\"og:image\" content=\"https:\/\/www.jornalja.com.br\/economics\/wp-content\/uploads\/sites\/11\/2026\/08\/ja-folhaderosto-facebook.jpg\" \/>\n\t\t<meta property=\"og:image:secure_url\" content=\"https:\/\/www.jornalja.com.br\/economics\/wp-content\/uploads\/sites\/11\/2026\/08\/ja-folhaderosto-facebook.jpg\" \/>\n\t\t<meta property=\"article:published_time\" content=\"2016-08-20T20:16:29+00:00\" \/>\n\t\t<meta property=\"article:modified_time\" content=\"2016-08-20T20:16:29+00:00\" \/>\n\t\t<meta name=\"twitter:card\" content=\"summary\" \/>\n\t\t<meta name=\"twitter:title\" content=\"Uma brecha no mundo | Arquivo\" \/>\n\t\t<meta name=\"twitter:image\" content=\"https:\/\/www.jornalja.com.br\/economics\/wp-content\/uploads\/sites\/11\/2026\/08\/ja-folhaderosto-facebook.jpg\" \/>\n\t\t<script type=\"application\/ld+json\" class=\"aioseo-schema\">\n\t\t\t{\"@context\":\"https:\\\/\\\/schema.org\",\"@graph\":[{\"@type\":\"BlogPosting\",\"@id\":\"https:\\\/\\\/www.jornalja.com.br\\\/arquivo\\\/uma-brecha-no-mundo\\\/#blogposting\",\"name\":\"Uma brecha no mundo | Arquivo\",\"headline\":\"Uma brecha no mundo\",\"author\":{\"@id\":\"https:\\\/\\\/www.jornalja.com.br\\\/arquivo\\\/author\\\/daredacao\\\/#author\"},\"publisher\":{\"@id\":\"https:\\\/\\\/www.jornalja.com.br\\\/arquivo\\\/#organization\"},\"image\":{\"@type\":\"ImageObject\",\"url\":38013},\"datePublished\":\"2016-08-20T17:16:29-03:00\",\"dateModified\":\"2016-08-20T17:16:29-03:00\",\"inLanguage\":\"pt-BR\",\"mainEntityOfPage\":{\"@id\":\"https:\\\/\\\/www.jornalja.com.br\\\/arquivo\\\/uma-brecha-no-mundo\\\/#webpage\"},\"isPartOf\":{\"@id\":\"https:\\\/\\\/www.jornalja.com.br\\\/arquivo\\\/uma-brecha-no-mundo\\\/#webpage\"},\"articleSection\":\"CDD-artigo em destaque, HOTSITE Comit\\u00ea pela Democracia\"},{\"@type\":\"BreadcrumbList\",\"@id\":\"https:\\\/\\\/www.jornalja.com.br\\\/arquivo\\\/uma-brecha-no-mundo\\\/#breadcrumblist\",\"itemListElement\":[{\"@type\":\"ListItem\",\"@id\":\"https:\\\/\\\/www.jornalja.com.br\\\/arquivo#listItem\",\"position\":1,\"name\":\"Home\",\"item\":\"https:\\\/\\\/www.jornalja.com.br\\\/arquivo\",\"nextItem\":{\"@type\":\"ListItem\",\"@id\":\"https:\\\/\\\/www.jornalja.com.br\\\/arquivo\\\/category\\\/destaque\\\/#listItem\",\"name\":\"CDD-artigo em destaque\"}},{\"@type\":\"ListItem\",\"@id\":\"https:\\\/\\\/www.jornalja.com.br\\\/arquivo\\\/category\\\/destaque\\\/#listItem\",\"position\":2,\"name\":\"CDD-artigo em destaque\",\"item\":\"https:\\\/\\\/www.jornalja.com.br\\\/arquivo\\\/category\\\/destaque\\\/\",\"nextItem\":{\"@type\":\"ListItem\",\"@id\":\"https:\\\/\\\/www.jornalja.com.br\\\/arquivo\\\/uma-brecha-no-mundo\\\/#listItem\",\"name\":\"Uma brecha no mundo\"},\"previousItem\":{\"@type\":\"ListItem\",\"@id\":\"https:\\\/\\\/www.jornalja.com.br\\\/arquivo#listItem\",\"name\":\"Home\"}},{\"@type\":\"ListItem\",\"@id\":\"https:\\\/\\\/www.jornalja.com.br\\\/arquivo\\\/uma-brecha-no-mundo\\\/#listItem\",\"position\":3,\"name\":\"Uma brecha no mundo\",\"previousItem\":{\"@type\":\"ListItem\",\"@id\":\"https:\\\/\\\/www.jornalja.com.br\\\/arquivo\\\/category\\\/destaque\\\/#listItem\",\"name\":\"CDD-artigo em destaque\"}}]},{\"@type\":\"Organization\",\"@id\":\"https:\\\/\\\/www.jornalja.com.br\\\/arquivo\\\/#organization\",\"name\":\"Jornal J\\u00c1\",\"description\":\"Jornal J\\u00c1 | Porto Alegre\",\"url\":\"https:\\\/\\\/www.jornalja.com.br\\\/arquivo\\\/\",\"telephone\":\"+555133307272\",\"logo\":{\"@type\":\"ImageObject\",\"url\":\"https:\\\/\\\/www.jornalja.com.br\\\/wp-content\\\/uploads\\\/cards\\\/JAslogan.png\",\"@id\":\"https:\\\/\\\/www.jornalja.com.br\\\/arquivo\\\/uma-brecha-no-mundo\\\/#organizationLogo\"},\"image\":{\"@id\":\"https:\\\/\\\/www.jornalja.com.br\\\/arquivo\\\/uma-brecha-no-mundo\\\/#organizationLogo\"}},{\"@type\":\"Person\",\"@id\":\"https:\\\/\\\/www.jornalja.com.br\\\/arquivo\\\/author\\\/daredacao\\\/#author\",\"url\":\"https:\\\/\\\/www.jornalja.com.br\\\/arquivo\\\/author\\\/daredacao\\\/\",\"name\":\"da Reda\\u00e7\\u00e3o\",\"image\":{\"@type\":\"ImageObject\",\"@id\":\"https:\\\/\\\/www.jornalja.com.br\\\/arquivo\\\/uma-brecha-no-mundo\\\/#authorImage\",\"url\":\"https:\\\/\\\/secure.gravatar.com\\\/avatar\\\/469fd857d6605ad19919d27ed29d35a968a25f6e8fd9318356bbb7f57aae9c65?s=96&d=mm&r=g\",\"width\":96,\"height\":96,\"caption\":\"da Reda\\u00e7\\u00e3o\"}},{\"@type\":\"WebPage\",\"@id\":\"https:\\\/\\\/www.jornalja.com.br\\\/arquivo\\\/uma-brecha-no-mundo\\\/#webpage\",\"url\":\"https:\\\/\\\/www.jornalja.com.br\\\/arquivo\\\/uma-brecha-no-mundo\\\/\",\"name\":\"Uma brecha no mundo | Arquivo\",\"inLanguage\":\"pt-BR\",\"isPartOf\":{\"@id\":\"https:\\\/\\\/www.jornalja.com.br\\\/arquivo\\\/#website\"},\"breadcrumb\":{\"@id\":\"https:\\\/\\\/www.jornalja.com.br\\\/arquivo\\\/uma-brecha-no-mundo\\\/#breadcrumblist\"},\"author\":{\"@id\":\"https:\\\/\\\/www.jornalja.com.br\\\/arquivo\\\/author\\\/daredacao\\\/#author\"},\"creator\":{\"@id\":\"https:\\\/\\\/www.jornalja.com.br\\\/arquivo\\\/author\\\/daredacao\\\/#author\"},\"image\":{\"@type\":\"ImageObject\",\"url\":38013,\"@id\":\"https:\\\/\\\/www.jornalja.com.br\\\/arquivo\\\/uma-brecha-no-mundo\\\/#mainImage\"},\"primaryImageOfPage\":{\"@id\":\"https:\\\/\\\/www.jornalja.com.br\\\/arquivo\\\/uma-brecha-no-mundo\\\/#mainImage\"},\"datePublished\":\"2016-08-20T17:16:29-03:00\",\"dateModified\":\"2016-08-20T17:16:29-03:00\"},{\"@type\":\"WebSite\",\"@id\":\"https:\\\/\\\/www.jornalja.com.br\\\/arquivo\\\/#website\",\"url\":\"https:\\\/\\\/www.jornalja.com.br\\\/arquivo\\\/\",\"name\":\"Arquivo\",\"description\":\"Jornal J\\u00c1 | Porto Alegre\",\"inLanguage\":\"pt-BR\",\"publisher\":{\"@id\":\"https:\\\/\\\/www.jornalja.com.br\\\/arquivo\\\/#organization\"}}]}\n\t\t<\/script>\n\t\t<!-- All in One SEO -->\n\n","aioseo_head_json":{"title":"Uma brecha no mundo | Arquivo","description":"","canonical_url":"https:\/\/www.jornalja.com.br\/arquivo\/uma-brecha-no-mundo\/","robots":"max-image-preview:large","keywords":"","webmasterTools":{"miscellaneous":""},"schema":{"@context":"https:\/\/schema.org","@graph":[{"@type":"BlogPosting","@id":"https:\/\/www.jornalja.com.br\/arquivo\/uma-brecha-no-mundo\/#blogposting","name":"Uma brecha no mundo | Arquivo","headline":"Uma brecha no mundo","author":{"@id":"https:\/\/www.jornalja.com.br\/arquivo\/author\/daredacao\/#author"},"publisher":{"@id":"https:\/\/www.jornalja.com.br\/arquivo\/#organization"},"image":{"@type":"ImageObject","url":38013},"datePublished":"2016-08-20T17:16:29-03:00","dateModified":"2016-08-20T17:16:29-03:00","inLanguage":"pt-BR","mainEntityOfPage":{"@id":"https:\/\/www.jornalja.com.br\/arquivo\/uma-brecha-no-mundo\/#webpage"},"isPartOf":{"@id":"https:\/\/www.jornalja.com.br\/arquivo\/uma-brecha-no-mundo\/#webpage"},"articleSection":"CDD-artigo em destaque, HOTSITE Comit\u00ea pela Democracia"},{"@type":"BreadcrumbList","@id":"https:\/\/www.jornalja.com.br\/arquivo\/uma-brecha-no-mundo\/#breadcrumblist","itemListElement":[{"@type":"ListItem","@id":"https:\/\/www.jornalja.com.br\/arquivo#listItem","position":1,"name":"Home","item":"https:\/\/www.jornalja.com.br\/arquivo","nextItem":{"@type":"ListItem","@id":"https:\/\/www.jornalja.com.br\/arquivo\/category\/destaque\/#listItem","name":"CDD-artigo em destaque"}},{"@type":"ListItem","@id":"https:\/\/www.jornalja.com.br\/arquivo\/category\/destaque\/#listItem","position":2,"name":"CDD-artigo em destaque","item":"https:\/\/www.jornalja.com.br\/arquivo\/category\/destaque\/","nextItem":{"@type":"ListItem","@id":"https:\/\/www.jornalja.com.br\/arquivo\/uma-brecha-no-mundo\/#listItem","name":"Uma brecha no mundo"},"previousItem":{"@type":"ListItem","@id":"https:\/\/www.jornalja.com.br\/arquivo#listItem","name":"Home"}},{"@type":"ListItem","@id":"https:\/\/www.jornalja.com.br\/arquivo\/uma-brecha-no-mundo\/#listItem","position":3,"name":"Uma brecha no mundo","previousItem":{"@type":"ListItem","@id":"https:\/\/www.jornalja.com.br\/arquivo\/category\/destaque\/#listItem","name":"CDD-artigo em destaque"}}]},{"@type":"Organization","@id":"https:\/\/www.jornalja.com.br\/arquivo\/#organization","name":"Jornal J\u00c1","description":"Jornal J\u00c1 | Porto Alegre","url":"https:\/\/www.jornalja.com.br\/arquivo\/","telephone":"+555133307272","logo":{"@type":"ImageObject","url":"https:\/\/www.jornalja.com.br\/wp-content\/uploads\/cards\/JAslogan.png","@id":"https:\/\/www.jornalja.com.br\/arquivo\/uma-brecha-no-mundo\/#organizationLogo"},"image":{"@id":"https:\/\/www.jornalja.com.br\/arquivo\/uma-brecha-no-mundo\/#organizationLogo"}},{"@type":"Person","@id":"https:\/\/www.jornalja.com.br\/arquivo\/author\/daredacao\/#author","url":"https:\/\/www.jornalja.com.br\/arquivo\/author\/daredacao\/","name":"da Reda\u00e7\u00e3o","image":{"@type":"ImageObject","@id":"https:\/\/www.jornalja.com.br\/arquivo\/uma-brecha-no-mundo\/#authorImage","url":"https:\/\/secure.gravatar.com\/avatar\/469fd857d6605ad19919d27ed29d35a968a25f6e8fd9318356bbb7f57aae9c65?s=96&d=mm&r=g","width":96,"height":96,"caption":"da Reda\u00e7\u00e3o"}},{"@type":"WebPage","@id":"https:\/\/www.jornalja.com.br\/arquivo\/uma-brecha-no-mundo\/#webpage","url":"https:\/\/www.jornalja.com.br\/arquivo\/uma-brecha-no-mundo\/","name":"Uma brecha no mundo | Arquivo","inLanguage":"pt-BR","isPartOf":{"@id":"https:\/\/www.jornalja.com.br\/arquivo\/#website"},"breadcrumb":{"@id":"https:\/\/www.jornalja.com.br\/arquivo\/uma-brecha-no-mundo\/#breadcrumblist"},"author":{"@id":"https:\/\/www.jornalja.com.br\/arquivo\/author\/daredacao\/#author"},"creator":{"@id":"https:\/\/www.jornalja.com.br\/arquivo\/author\/daredacao\/#author"},"image":{"@type":"ImageObject","url":38013,"@id":"https:\/\/www.jornalja.com.br\/arquivo\/uma-brecha-no-mundo\/#mainImage"},"primaryImageOfPage":{"@id":"https:\/\/www.jornalja.com.br\/arquivo\/uma-brecha-no-mundo\/#mainImage"},"datePublished":"2016-08-20T17:16:29-03:00","dateModified":"2016-08-20T17:16:29-03:00"},{"@type":"WebSite","@id":"https:\/\/www.jornalja.com.br\/arquivo\/#website","url":"https:\/\/www.jornalja.com.br\/arquivo\/","name":"Arquivo","description":"Jornal J\u00c1 | Porto Alegre","inLanguage":"pt-BR","publisher":{"@id":"https:\/\/www.jornalja.com.br\/arquivo\/#organization"}}]},"og:locale":"pt_BR","og:site_name":"Arquivo | Jornal J\u00c1 | Porto Alegre","og:type":"article","og:title":"Uma brecha no mundo | Arquivo","og:url":"https:\/\/www.jornalja.com.br\/arquivo\/uma-brecha-no-mundo\/","og:image":"https:\/\/www.jornalja.com.br\/economics\/wp-content\/uploads\/sites\/11\/2026\/08\/ja-folhaderosto-facebook.jpg","og:image:secure_url":"https:\/\/www.jornalja.com.br\/economics\/wp-content\/uploads\/sites\/11\/2026\/08\/ja-folhaderosto-facebook.jpg","article:published_time":"2016-08-20T20:16:29+00:00","article:modified_time":"2016-08-20T20:16:29+00:00","twitter:card":"summary","twitter:title":"Uma brecha no mundo | Arquivo","twitter:image":"https:\/\/www.jornalja.com.br\/economics\/wp-content\/uploads\/sites\/11\/2026\/08\/ja-folhaderosto-facebook.jpg"},"aioseo_meta_data":{"post_id":"38012","title":null,"description":null,"keywords":null,"keyphrases":null,"primary_term":null,"canonical_url":null,"og_title":null,"og_description":null,"og_object_type":"default","og_image_type":"default","og_image_url":null,"og_image_width":null,"og_image_height":null,"og_image_custom_url":null,"og_image_custom_fields":null,"og_video":null,"og_custom_url":null,"og_article_section":null,"og_article_tags":null,"twitter_use_og":false,"twitter_card":"default","twitter_image_type":"default","twitter_image_url":null,"twitter_image_custom_url":null,"twitter_image_custom_fields":null,"twitter_title":null,"twitter_description":null,"schema":{"blockGraphs":[],"customGraphs":[],"default":{"data":{"Article":[],"Course":[],"Dataset":[],"FAQPage":[],"Movie":[],"Person":[],"Product":[],"ProductReview":[],"Car":[],"Recipe":[],"Service":[],"SoftwareApplication":[],"WebPage":[]},"graphName":"","isEnabled":true},"graphs":[],"defaultGraph":"","defaultPostTypeGraph":""},"schema_type":null,"schema_type_options":null,"pillar_content":false,"robots_default":true,"robots_noindex":false,"robots_noarchive":false,"robots_nosnippet":false,"robots_nofollow":false,"robots_noimageindex":false,"robots_noodp":false,"robots_notranslate":false,"robots_max_snippet":null,"robots_max_videopreview":null,"robots_max_imagepreview":"large","priority":null,"frequency":null,"location":null,"local_seo":null,"breadcrumb_settings":null,"limit_modified_date":false,"ai":null,"created":"2020-12-20 20:52:03","updated":"2025-07-19 16:09:33","seo_analyzer_scan_date":null,"focus_keyword":null,"additional_keywords":null,"truseo_locale":null},"jetpack_sharing_enabled":true,"jetpack-related-posts":[{"id":13240,"url":"https:\/\/www.jornalja.com.br\/arquivo\/plano-diretor-estamos-construindo-o-caos\/","url_meta":{"origin":38012,"position":0},"title":"Plano diretor: &quot;Estamos construindo o caos&quot;","author":"Patr\u00edcia Marini","date":"26 de maio de 2014","format":false,"excerpt":"Desabafo que arquiteta Eliana Castilhos, delegada da Regi\u00e3o de Planejamento 1, postou nas redes sociais \u00e9 um testemunho do ambiente que se criou no Conselho do Plano Diretor de Porto Alegre, onde a aprova\u00e7\u00e3o de grandes empreendimentos \u00e9 empurrada guela abaixo dos conselheiros. Ao CMDUA Como delegada da Regi\u00e3o de\u2026","rel":"","context":"Em &quot;Geral&quot;","block_context":{"text":"Geral","link":"https:\/\/www.jornalja.com.br\/arquivo\/category\/geral\/"},"img":{"alt_text":"","src":"","width":0,"height":0},"classes":[]},{"id":13101,"url":"https:\/\/www.jornalja.com.br\/arquivo\/morre-um-guerreiro-do-texto\/","url_meta":{"origin":38012,"position":1},"title":"Morre um guerreiro do texto","author":"Patr\u00edcia Marini","date":"14 de maio de 2014","format":false,"excerpt":"Por Ricardo Kotscho Reproduzido do blog do autor, 11\/5\/2014; t\u00edtulo original \u201cE l\u00e1 se foi o nosso Myltainho, guerreiro do texto\u201d. Mi\u00fado e franzino, meu amigo Myltainho era um valente e inconformado guerreiro na luta contra as injusti\u00e7as sociais, a hipocrisia, as maracutaias, o autoritarismo, a intoler\u00e2ncia, a viol\u00eancia, o\u2026","rel":"","context":"Em &quot;Geral&quot;","block_context":{"text":"Geral","link":"https:\/\/www.jornalja.com.br\/arquivo\/category\/geral\/"},"img":{"alt_text":"","src":"","width":0,"height":0},"classes":[]},{"id":13124,"url":"https:\/\/www.jornalja.com.br\/arquivo\/sangue-latino-no-iecine\/","url_meta":{"origin":38012,"position":2},"title":"Sangue latino no IECINE","author":"da Reda\u00e7\u00e3o","date":"18 de maio de 2014","format":false,"excerpt":"Francisco Ribeiro O Instituto Estadual de Cinema (IECINE) tem a frente, desde abril \u00faltimo, um novo diretor, o cineasta colombiano Juan Zapata, 36, que substitui Luiz Alberto Cassol. Radicado h\u00e1 dez anos em Porto Alegre, Zapata tem diante de si o desafio de conduzir at\u00e9 o final do ano um\u2026","rel":"","context":"Em &quot;Cultura-Geral&quot;","block_context":{"text":"Cultura-Geral","link":"https:\/\/www.jornalja.com.br\/arquivo\/category\/materiasecundaria\/"},"img":{"alt_text":"","src":"","width":0,"height":0},"classes":[]},{"id":13109,"url":"https:\/\/www.jornalja.com.br\/arquivo\/judiciario-reconhece-poluicao-eletromagnetica\/","url_meta":{"origin":38012,"position":3},"title":"Judici\u00e1rio reconhece polui\u00e7\u00e3o eletromagn\u00e9tica","author":"Patr\u00edcia Marini","date":"16 de maio de 2014","format":false,"excerpt":"A\u00e7\u00e3o de duas associa\u00e7\u00f5es de moradores foi acolhida pelo Tribunal de Justi\u00e7a de S\u00e3o Paulo que. em decis\u00e3o in\u00e9dita, determinou a redu\u00e7\u00e3o do campo eletromagn\u00e9tico gerado pelas linhas de transmiss\u00e3o de energia que cortam os bairros City Boa\u00e7ava e Alto de Pinheiros. \u00c9 a primeira vez que um tribunal do\u2026","rel":"","context":"Em &quot;X.Categorias velhas&quot;","block_context":{"text":"X.Categorias velhas","link":"https:\/\/www.jornalja.com.br\/arquivo\/category\/x-categorias-velhas\/"},"img":{"alt_text":"","src":"","width":0,"height":0},"classes":[]},{"id":5440,"url":"https:\/\/www.jornalja.com.br\/arquivo\/casarao-da-venancio-destino-permanece-incerto\/","url_meta":{"origin":38012,"position":4},"title":"Estado ainda n\u00e3o sabe o que fazer com casar\u00e3o abandonado h\u00e1 20 anos","author":"Elmar Bones","date":"6 de julho de 2009","format":false,"excerpt":"O casar\u00e3o amarelo, numa esquina nobre de Porto Alegre (Ven\u00e2ncio Aires com Jo\u00e3o Pessoa), j\u00e1 abrigou uma escola. H\u00e1 duas d\u00e9cadas, pelo menos, est\u00e1 abandonado, porque seu propriet\u00e1rio, o governo do Estado do Rio Grande do Sul, n\u00e3o consegue achar um destino para ele. Planos n\u00e3o faltaram. O governador Ol\u00edvio\u2026","rel":"","context":"Em &quot;X.Categorias velhas&quot;","block_context":{"text":"X.Categorias velhas","link":"https:\/\/www.jornalja.com.br\/arquivo\/category\/x-categorias-velhas\/"},"img":{"alt_text":"geraldo1","src":"https:\/\/i0.wp.com\/www.jornalja.com.br\/wp-content\/uploads\/2009\/07\/geraldo1.jpg?resize=350%2C200&ssl=1","width":350,"height":200},"classes":[]},{"id":13239,"url":"https:\/\/www.jornalja.com.br\/arquivo\/conselho-desdenha-do-plano-diretor\/","url_meta":{"origin":38012,"position":5},"title":"Porto Alegre: Conselho detona Plano Diretor","author":"Patr\u00edcia Marini","date":"25 de maio de 2014","format":false,"excerpt":"Den\u00fancia do arquiteto e \u00a0urbanista Ibir\u00e1 Santos Lucas. Ele diz que os conselheiros est\u00e3o votando com \"enorme irresponsabilidade\". \"Mudam regime com a maior naturalidade,,,regularizam absurdos de constru\u00e7\u00f5es irregulares... \"O CMDUA est\u00e1 flexibilizando a lei do plano diretor, de uma forma impactante na vida da cidade. Mudam regime com a maior\u2026","rel":"","context":"Em &quot;Geral&quot;","block_context":{"text":"Geral","link":"https:\/\/www.jornalja.com.br\/arquivo\/category\/geral\/"},"img":{"alt_text":"","src":"","width":0,"height":0},"classes":[]}],"jetpack_shortlink":"https:\/\/wp.me\/pbQjBd-9T6","jetpack_featured_media_url":"","_links":{"self":[{"href":"https:\/\/www.jornalja.com.br\/arquivo\/wp-json\/wp\/v2\/posts\/38012","targetHints":{"allow":["GET"]}}],"collection":[{"href":"https:\/\/www.jornalja.com.br\/arquivo\/wp-json\/wp\/v2\/posts"}],"about":[{"href":"https:\/\/www.jornalja.com.br\/arquivo\/wp-json\/wp\/v2\/types\/post"}],"author":[{"embeddable":true,"href":"https:\/\/www.jornalja.com.br\/arquivo\/wp-json\/wp\/v2\/users\/4"}],"replies":[{"embeddable":true,"href":"https:\/\/www.jornalja.com.br\/arquivo\/wp-json\/wp\/v2\/comments?post=38012"}],"version-history":[{"count":0,"href":"https:\/\/www.jornalja.com.br\/arquivo\/wp-json\/wp\/v2\/posts\/38012\/revisions"}],"wp:attachment":[{"href":"https:\/\/www.jornalja.com.br\/arquivo\/wp-json\/wp\/v2\/media?parent=38012"}],"wp:term":[{"taxonomy":"category","embeddable":true,"href":"https:\/\/www.jornalja.com.br\/arquivo\/wp-json\/wp\/v2\/categories?post=38012"},{"taxonomy":"post_tag","embeddable":true,"href":"https:\/\/www.jornalja.com.br\/arquivo\/wp-json\/wp\/v2\/tags?post=38012"}],"curies":[{"name":"wp","href":"https:\/\/api.w.org\/{rel}","templated":true}]}}