{"id":38097,"date":"2016-08-21T15:17:55","date_gmt":"2016-08-21T18:17:55","guid":{"rendered":"https:\/\/www.jornalja.com.br\/?p=38097"},"modified":"2016-08-21T15:17:55","modified_gmt":"2016-08-21T18:17:55","slug":"mensagem-da-presidenta-da-republica-dilma-rousseff-para-o-ato-publico-de-resistencia-constitucional","status":"publish","type":"post","link":"https:\/\/www.jornalja.com.br\/arquivo\/mensagem-da-presidenta-da-republica-dilma-rousseff-para-o-ato-publico-de-resistencia-constitucional\/","title":{"rendered":"Mensagem da Presidenta da Rep\u00fablica, Dilma Rousseff, para o Ato P\u00fablico de Resist\u00eancia Constitucional"},"content":{"rendered":"<p>Porto Alegre, 18 de agosto de 2016.<br \/>\nGostaria de manifestar meu apoio a este Ato P\u00fablico de Resist\u00eancia Constitucional, de inquestion\u00e1vel relev\u00e2ncia neste momento em que todos os democratas do Brasil se unem na defesa da plenitude democr\u00e1tica e do respeito \u00e0 Constitui\u00e7\u00e3o Federal.<br \/>\nEst\u00e1 em curso um golpe de Estado no Brasil. Um golpe parlamentar, que amea\u00e7a interromper de forma injusta e ilegal o mandato que me foi conferido pela popula\u00e7\u00e3o brasileira. Um golpe que fragiliza nossas institui\u00e7\u00f5es e amea\u00e7a a estabilidade e o futuro de nossa Na\u00e7\u00e3o.<br \/>\nReafirmo o que tenho defendido: o processo de impeachment a que estou sendo submetida n\u00e3o tem base jur\u00eddica. Foi aberto como uma vingan\u00e7a pessoal do ent\u00e3o Presidente da C\u00e2mara dos Deputados. Foi apoiado pelos que perderam nas urnas e pelos que pretendem interromper as investiga\u00e7\u00f5es sobre corrup\u00e7\u00e3o que podem atingi-los. Mobilizou muitos interesses, mas \u00e9 juridicamente inconsistente.<br \/>\nNos \u00faltimos meses, busquei provar, por todos os meios, a fragilidade das acusa\u00e7\u00f5es que me s\u00e3o atribu\u00eddas. Em todas as manifesta\u00e7\u00f5es feitas em minha defesa no Senado, assim como em per\u00edcia feita por t\u00e9cnicos daquela Casa e em manifesta\u00e7\u00e3o do Minist\u00e9rio P\u00fablico, restou demonstrado que o impeachment \u00e9 uma farsa, porque n\u00e3o h\u00e1 crime de responsabilidade que o justifique. \u00c9 uma trama insustent\u00e1vel porque n\u00e3o h\u00e1 provas de crime, pois n\u00e3o os cometi, nem tampouco de dolo em minhas a\u00e7\u00f5es.<br \/>\nComo n\u00e3o cometi crime de responsabilidade, minha destitui\u00e7\u00e3o n\u00e3o tem amparo constitucional e \u00e9 uma agress\u00e3o \u00e0 democracia representativa. Minha volta ao mandato conferido pelo voto ser\u00e1 um ato de restaura\u00e7\u00e3o da legalidade democr\u00e1tica.<br \/>\nMeu compromisso com a democracia \u00e9 incondicional. Restabelecida a normalidade democr\u00e1tica, com a retomada do mandato para o qual fui eleita, assumirei a miss\u00e3o de promover um pacto nacional que restaure direitos e promova a volta do crescimento e do emprego. Apoiarei a convoca\u00e7\u00e3o de um plebiscito para que o povo brasileiro decida sobre a realiza\u00e7\u00e3o de uma reforma pol\u00edtica e de elei\u00e7\u00f5es antecipadas, se este for o desejo da Na\u00e7\u00e3o.<br \/>\nQuem chegou ao poder pelo voto n\u00e3o pode ter medo do voto. Ao contr\u00e1rio, deve honrar a elei\u00e7\u00e3o como o direito mais sagrado da democracia representativa.<br \/>\nFui eleita para representar a Na\u00e7\u00e3o e defender nossa Constitui\u00e7\u00e3o. \u00c9 nesta condi\u00e7\u00e3o que convido todas as brasileiras e todos os brasileiros para que, juntos, lutemos por aquilo que nos une: a defesa do estado democr\u00e1tico de direito.<\/p>\n<p style=\"text-align: left\">A luta pela democracia \u00e9 permanente. Continuemos na luta, portanto.<\/p>\n<p style=\"text-align: left\"><strong><img loading=\"lazy\" decoding=\"async\" class=\" wp-image-38098 alignnone\" src=\"https:\/\/www.jornalja.com.br\/wp-content\/uploads\/2016\/08\/Dilmassina-300x105.jpg\" alt=\"Dilmassina\" width=\"207\" height=\"79\" \/><\/strong><\/p>\n<p style=\"text-align: left\"><strong>Dilma Rousseff<\/strong><br \/>\n<em>Presidenta eleita e leg\u00edtima do Brasil.<\/em><\/p>\n","protected":false},"excerpt":{"rendered":"<p>Porto Alegre, 18 de agosto de 2016. Gostaria de manifestar meu apoio a este Ato P\u00fablico de Resist\u00eancia Constitucional, de inquestion\u00e1vel relev\u00e2ncia neste momento em que todos os democratas do Brasil se unem na defesa da plenitude democr\u00e1tica e do respeito \u00e0 Constitui\u00e7\u00e3o Federal. Est\u00e1 em curso um golpe de Estado no Brasil. Um golpe [&hellip;]<\/p>\n","protected":false},"author":4,"featured_media":0,"comment_status":"open","ping_status":"closed","sticky":false,"template":"","format":"standard","meta":{"_jetpack_newsletter_access":"","_jetpack_dont_email_post_to_subs":false,"_jetpack_newsletter_tier_id":0,"_jetpack_memberships_contains_paywalled_content":false,"_jetpack_feature_clip_id":0,"_jetpack_memberships_contains_paid_content":false,"footnotes":"","jetpack_post_was_ever_published":false},"categories":[2013,2012],"tags":[],"class_list":["post-38097","post","type-post","status-publish","format-standard","hentry","category-cdd-mural","category-debates"],"aioseo_notices":[],"aioseo_head":"\n\t\t<!-- All in One SEO 5.0.1.1 - aioseo.com -->\n\t<meta name=\"robots\" content=\"max-image-preview:large\" \/>\n\t<meta name=\"author\" content=\"da Reda\u00e7\u00e3o\"\/>\n\t<link rel=\"canonical\" href=\"https:\/\/www.jornalja.com.br\/arquivo\/mensagem-da-presidenta-da-republica-dilma-rousseff-para-o-ato-publico-de-resistencia-constitucional\/\" \/>\n\t<meta name=\"generator\" content=\"All in One SEO (AIOSEO) 5.0.1.1\" \/>\n\t\t<meta property=\"og:locale\" content=\"pt_BR\" \/>\n\t\t<meta property=\"og:site_name\" content=\"Arquivo | Jornal J\u00c1 | Porto Alegre\" \/>\n\t\t<meta property=\"og:type\" content=\"article\" \/>\n\t\t<meta property=\"og:title\" content=\"Mensagem da Presidenta da Rep\u00fablica, Dilma Rousseff, para o Ato P\u00fablico de Resist\u00eancia Constitucional | Arquivo\" \/>\n\t\t<meta property=\"og:url\" content=\"https:\/\/www.jornalja.com.br\/arquivo\/mensagem-da-presidenta-da-republica-dilma-rousseff-para-o-ato-publico-de-resistencia-constitucional\/\" \/>\n\t\t<meta property=\"og:image\" content=\"https:\/\/www.jornalja.com.br\/wp-content\/uploads\/2016\/08\/Dilmassina-300x105.jpg\" \/>\n\t\t<meta property=\"og:image:secure_url\" content=\"https:\/\/www.jornalja.com.br\/wp-content\/uploads\/2016\/08\/Dilmassina-300x105.jpg\" \/>\n\t\t<meta property=\"article:published_time\" content=\"2016-08-21T18:17:55+00:00\" \/>\n\t\t<meta property=\"article:modified_time\" content=\"2016-08-21T18:17:55+00:00\" \/>\n\t\t<meta name=\"twitter:card\" content=\"summary\" \/>\n\t\t<meta name=\"twitter:title\" content=\"Mensagem da Presidenta da Rep\u00fablica, Dilma Rousseff, para o Ato P\u00fablico de Resist\u00eancia Constitucional | Arquivo\" \/>\n\t\t<meta name=\"twitter:image\" content=\"https:\/\/www.jornalja.com.br\/economics\/wp-content\/uploads\/sites\/11\/2026\/08\/ja-folhaderosto-facebook.jpg\" \/>\n\t\t<script type=\"application\/ld+json\" class=\"aioseo-schema\">\n\t\t\t{\"@context\":\"https:\\\/\\\/schema.org\",\"@graph\":[{\"@type\":\"BlogPosting\",\"@id\":\"https:\\\/\\\/www.jornalja.com.br\\\/arquivo\\\/mensagem-da-presidenta-da-republica-dilma-rousseff-para-o-ato-publico-de-resistencia-constitucional\\\/#blogposting\",\"name\":\"Mensagem da Presidenta da Rep\\u00fablica, Dilma Rousseff, para o Ato P\\u00fablico de Resist\\u00eancia Constitucional | Arquivo\",\"headline\":\"Mensagem da Presidenta da Rep\\u00fablica, Dilma Rousseff, para o Ato P\\u00fablico de Resist\\u00eancia Constitucional\",\"author\":{\"@id\":\"https:\\\/\\\/www.jornalja.com.br\\\/arquivo\\\/author\\\/daredacao\\\/#author\"},\"publisher\":{\"@id\":\"https:\\\/\\\/www.jornalja.com.br\\\/arquivo\\\/#organization\"},\"image\":{\"@type\":\"ImageObject\",\"url\":\"https:\\\/\\\/www.jornalja.com.br\\\/wp-content\\\/uploads\\\/2016\\\/08\\\/Dilmassina-300x105.jpg\",\"@id\":\"https:\\\/\\\/www.jornalja.com.br\\\/arquivo\\\/mensagem-da-presidenta-da-republica-dilma-rousseff-para-o-ato-publico-de-resistencia-constitucional\\\/#articleImage\"},\"datePublished\":\"2016-08-21T15:17:55-03:00\",\"dateModified\":\"2016-08-21T15:17:55-03:00\",\"inLanguage\":\"pt-BR\",\"mainEntityOfPage\":{\"@id\":\"https:\\\/\\\/www.jornalja.com.br\\\/arquivo\\\/mensagem-da-presidenta-da-republica-dilma-rousseff-para-o-ato-publico-de-resistencia-constitucional\\\/#webpage\"},\"isPartOf\":{\"@id\":\"https:\\\/\\\/www.jornalja.com.br\\\/arquivo\\\/mensagem-da-presidenta-da-republica-dilma-rousseff-para-o-ato-publico-de-resistencia-constitucional\\\/#webpage\"},\"articleSection\":\"CDD-MURAL, HOTSITE Comit\\u00ea pela Democracia\"},{\"@type\":\"BreadcrumbList\",\"@id\":\"https:\\\/\\\/www.jornalja.com.br\\\/arquivo\\\/mensagem-da-presidenta-da-republica-dilma-rousseff-para-o-ato-publico-de-resistencia-constitucional\\\/#breadcrumblist\",\"itemListElement\":[{\"@type\":\"ListItem\",\"@id\":\"https:\\\/\\\/www.jornalja.com.br\\\/arquivo#listItem\",\"position\":1,\"name\":\"Home\",\"item\":\"https:\\\/\\\/www.jornalja.com.br\\\/arquivo\",\"nextItem\":{\"@type\":\"ListItem\",\"@id\":\"https:\\\/\\\/www.jornalja.com.br\\\/arquivo\\\/category\\\/debates\\\/#listItem\",\"name\":\"HOTSITE Comit\\u00ea pela Democracia\"}},{\"@type\":\"ListItem\",\"@id\":\"https:\\\/\\\/www.jornalja.com.br\\\/arquivo\\\/category\\\/debates\\\/#listItem\",\"position\":2,\"name\":\"HOTSITE Comit\\u00ea pela Democracia\",\"item\":\"https:\\\/\\\/www.jornalja.com.br\\\/arquivo\\\/category\\\/debates\\\/\",\"nextItem\":{\"@type\":\"ListItem\",\"@id\":\"https:\\\/\\\/www.jornalja.com.br\\\/arquivo\\\/mensagem-da-presidenta-da-republica-dilma-rousseff-para-o-ato-publico-de-resistencia-constitucional\\\/#listItem\",\"name\":\"Mensagem da Presidenta da Rep\\u00fablica, Dilma Rousseff, para o Ato P\\u00fablico de Resist\\u00eancia Constitucional\"},\"previousItem\":{\"@type\":\"ListItem\",\"@id\":\"https:\\\/\\\/www.jornalja.com.br\\\/arquivo#listItem\",\"name\":\"Home\"}},{\"@type\":\"ListItem\",\"@id\":\"https:\\\/\\\/www.jornalja.com.br\\\/arquivo\\\/mensagem-da-presidenta-da-republica-dilma-rousseff-para-o-ato-publico-de-resistencia-constitucional\\\/#listItem\",\"position\":3,\"name\":\"Mensagem da Presidenta da Rep\\u00fablica, Dilma Rousseff, para o Ato P\\u00fablico de Resist\\u00eancia Constitucional\",\"previousItem\":{\"@type\":\"ListItem\",\"@id\":\"https:\\\/\\\/www.jornalja.com.br\\\/arquivo\\\/category\\\/debates\\\/#listItem\",\"name\":\"HOTSITE Comit\\u00ea pela Democracia\"}}]},{\"@type\":\"Organization\",\"@id\":\"https:\\\/\\\/www.jornalja.com.br\\\/arquivo\\\/#organization\",\"name\":\"Jornal J\\u00c1\",\"description\":\"Jornal J\\u00c1 | Porto Alegre\",\"url\":\"https:\\\/\\\/www.jornalja.com.br\\\/arquivo\\\/\",\"telephone\":\"+555133307272\",\"logo\":{\"@type\":\"ImageObject\",\"url\":\"https:\\\/\\\/www.jornalja.com.br\\\/wp-content\\\/uploads\\\/cards\\\/JAslogan.png\",\"@id\":\"https:\\\/\\\/www.jornalja.com.br\\\/arquivo\\\/mensagem-da-presidenta-da-republica-dilma-rousseff-para-o-ato-publico-de-resistencia-constitucional\\\/#organizationLogo\"},\"image\":{\"@id\":\"https:\\\/\\\/www.jornalja.com.br\\\/arquivo\\\/mensagem-da-presidenta-da-republica-dilma-rousseff-para-o-ato-publico-de-resistencia-constitucional\\\/#organizationLogo\"}},{\"@type\":\"Person\",\"@id\":\"https:\\\/\\\/www.jornalja.com.br\\\/arquivo\\\/author\\\/daredacao\\\/#author\",\"url\":\"https:\\\/\\\/www.jornalja.com.br\\\/arquivo\\\/author\\\/daredacao\\\/\",\"name\":\"da Reda\\u00e7\\u00e3o\",\"image\":{\"@type\":\"ImageObject\",\"@id\":\"https:\\\/\\\/www.jornalja.com.br\\\/arquivo\\\/mensagem-da-presidenta-da-republica-dilma-rousseff-para-o-ato-publico-de-resistencia-constitucional\\\/#authorImage\",\"url\":\"https:\\\/\\\/secure.gravatar.com\\\/avatar\\\/469fd857d6605ad19919d27ed29d35a968a25f6e8fd9318356bbb7f57aae9c65?s=96&d=mm&r=g\",\"width\":96,\"height\":96,\"caption\":\"da Reda\\u00e7\\u00e3o\"}},{\"@type\":\"WebPage\",\"@id\":\"https:\\\/\\\/www.jornalja.com.br\\\/arquivo\\\/mensagem-da-presidenta-da-republica-dilma-rousseff-para-o-ato-publico-de-resistencia-constitucional\\\/#webpage\",\"url\":\"https:\\\/\\\/www.jornalja.com.br\\\/arquivo\\\/mensagem-da-presidenta-da-republica-dilma-rousseff-para-o-ato-publico-de-resistencia-constitucional\\\/\",\"name\":\"Mensagem da Presidenta da Rep\\u00fablica, Dilma Rousseff, para o Ato P\\u00fablico de Resist\\u00eancia Constitucional | Arquivo\",\"inLanguage\":\"pt-BR\",\"isPartOf\":{\"@id\":\"https:\\\/\\\/www.jornalja.com.br\\\/arquivo\\\/#website\"},\"breadcrumb\":{\"@id\":\"https:\\\/\\\/www.jornalja.com.br\\\/arquivo\\\/mensagem-da-presidenta-da-republica-dilma-rousseff-para-o-ato-publico-de-resistencia-constitucional\\\/#breadcrumblist\"},\"author\":{\"@id\":\"https:\\\/\\\/www.jornalja.com.br\\\/arquivo\\\/author\\\/daredacao\\\/#author\"},\"creator\":{\"@id\":\"https:\\\/\\\/www.jornalja.com.br\\\/arquivo\\\/author\\\/daredacao\\\/#author\"},\"datePublished\":\"2016-08-21T15:17:55-03:00\",\"dateModified\":\"2016-08-21T15:17:55-03:00\"},{\"@type\":\"WebSite\",\"@id\":\"https:\\\/\\\/www.jornalja.com.br\\\/arquivo\\\/#website\",\"url\":\"https:\\\/\\\/www.jornalja.com.br\\\/arquivo\\\/\",\"name\":\"Arquivo\",\"description\":\"Jornal J\\u00c1 | Porto Alegre\",\"inLanguage\":\"pt-BR\",\"publisher\":{\"@id\":\"https:\\\/\\\/www.jornalja.com.br\\\/arquivo\\\/#organization\"}}]}\n\t\t<\/script>\n\t\t<!-- All in One SEO -->\n\n","aioseo_head_json":{"title":"Mensagem da Presidenta da Rep\u00fablica, Dilma Rousseff, para o Ato P\u00fablico de Resist\u00eancia Constitucional | Arquivo","description":"","canonical_url":"https:\/\/www.jornalja.com.br\/arquivo\/mensagem-da-presidenta-da-republica-dilma-rousseff-para-o-ato-publico-de-resistencia-constitucional\/","robots":"max-image-preview:large","keywords":"","webmasterTools":{"miscellaneous":""},"schema":{"@context":"https:\/\/schema.org","@graph":[{"@type":"BlogPosting","@id":"https:\/\/www.jornalja.com.br\/arquivo\/mensagem-da-presidenta-da-republica-dilma-rousseff-para-o-ato-publico-de-resistencia-constitucional\/#blogposting","name":"Mensagem da Presidenta da Rep\u00fablica, Dilma Rousseff, para o Ato P\u00fablico de Resist\u00eancia Constitucional | Arquivo","headline":"Mensagem da Presidenta da Rep\u00fablica, Dilma Rousseff, para o Ato P\u00fablico de Resist\u00eancia Constitucional","author":{"@id":"https:\/\/www.jornalja.com.br\/arquivo\/author\/daredacao\/#author"},"publisher":{"@id":"https:\/\/www.jornalja.com.br\/arquivo\/#organization"},"image":{"@type":"ImageObject","url":"https:\/\/www.jornalja.com.br\/wp-content\/uploads\/2016\/08\/Dilmassina-300x105.jpg","@id":"https:\/\/www.jornalja.com.br\/arquivo\/mensagem-da-presidenta-da-republica-dilma-rousseff-para-o-ato-publico-de-resistencia-constitucional\/#articleImage"},"datePublished":"2016-08-21T15:17:55-03:00","dateModified":"2016-08-21T15:17:55-03:00","inLanguage":"pt-BR","mainEntityOfPage":{"@id":"https:\/\/www.jornalja.com.br\/arquivo\/mensagem-da-presidenta-da-republica-dilma-rousseff-para-o-ato-publico-de-resistencia-constitucional\/#webpage"},"isPartOf":{"@id":"https:\/\/www.jornalja.com.br\/arquivo\/mensagem-da-presidenta-da-republica-dilma-rousseff-para-o-ato-publico-de-resistencia-constitucional\/#webpage"},"articleSection":"CDD-MURAL, HOTSITE Comit\u00ea pela Democracia"},{"@type":"BreadcrumbList","@id":"https:\/\/www.jornalja.com.br\/arquivo\/mensagem-da-presidenta-da-republica-dilma-rousseff-para-o-ato-publico-de-resistencia-constitucional\/#breadcrumblist","itemListElement":[{"@type":"ListItem","@id":"https:\/\/www.jornalja.com.br\/arquivo#listItem","position":1,"name":"Home","item":"https:\/\/www.jornalja.com.br\/arquivo","nextItem":{"@type":"ListItem","@id":"https:\/\/www.jornalja.com.br\/arquivo\/category\/debates\/#listItem","name":"HOTSITE Comit\u00ea pela Democracia"}},{"@type":"ListItem","@id":"https:\/\/www.jornalja.com.br\/arquivo\/category\/debates\/#listItem","position":2,"name":"HOTSITE Comit\u00ea pela Democracia","item":"https:\/\/www.jornalja.com.br\/arquivo\/category\/debates\/","nextItem":{"@type":"ListItem","@id":"https:\/\/www.jornalja.com.br\/arquivo\/mensagem-da-presidenta-da-republica-dilma-rousseff-para-o-ato-publico-de-resistencia-constitucional\/#listItem","name":"Mensagem da Presidenta da Rep\u00fablica, Dilma Rousseff, para o Ato P\u00fablico de Resist\u00eancia Constitucional"},"previousItem":{"@type":"ListItem","@id":"https:\/\/www.jornalja.com.br\/arquivo#listItem","name":"Home"}},{"@type":"ListItem","@id":"https:\/\/www.jornalja.com.br\/arquivo\/mensagem-da-presidenta-da-republica-dilma-rousseff-para-o-ato-publico-de-resistencia-constitucional\/#listItem","position":3,"name":"Mensagem da Presidenta da Rep\u00fablica, Dilma Rousseff, para o Ato P\u00fablico de Resist\u00eancia Constitucional","previousItem":{"@type":"ListItem","@id":"https:\/\/www.jornalja.com.br\/arquivo\/category\/debates\/#listItem","name":"HOTSITE Comit\u00ea pela Democracia"}}]},{"@type":"Organization","@id":"https:\/\/www.jornalja.com.br\/arquivo\/#organization","name":"Jornal J\u00c1","description":"Jornal J\u00c1 | Porto Alegre","url":"https:\/\/www.jornalja.com.br\/arquivo\/","telephone":"+555133307272","logo":{"@type":"ImageObject","url":"https:\/\/www.jornalja.com.br\/wp-content\/uploads\/cards\/JAslogan.png","@id":"https:\/\/www.jornalja.com.br\/arquivo\/mensagem-da-presidenta-da-republica-dilma-rousseff-para-o-ato-publico-de-resistencia-constitucional\/#organizationLogo"},"image":{"@id":"https:\/\/www.jornalja.com.br\/arquivo\/mensagem-da-presidenta-da-republica-dilma-rousseff-para-o-ato-publico-de-resistencia-constitucional\/#organizationLogo"}},{"@type":"Person","@id":"https:\/\/www.jornalja.com.br\/arquivo\/author\/daredacao\/#author","url":"https:\/\/www.jornalja.com.br\/arquivo\/author\/daredacao\/","name":"da Reda\u00e7\u00e3o","image":{"@type":"ImageObject","@id":"https:\/\/www.jornalja.com.br\/arquivo\/mensagem-da-presidenta-da-republica-dilma-rousseff-para-o-ato-publico-de-resistencia-constitucional\/#authorImage","url":"https:\/\/secure.gravatar.com\/avatar\/469fd857d6605ad19919d27ed29d35a968a25f6e8fd9318356bbb7f57aae9c65?s=96&d=mm&r=g","width":96,"height":96,"caption":"da Reda\u00e7\u00e3o"}},{"@type":"WebPage","@id":"https:\/\/www.jornalja.com.br\/arquivo\/mensagem-da-presidenta-da-republica-dilma-rousseff-para-o-ato-publico-de-resistencia-constitucional\/#webpage","url":"https:\/\/www.jornalja.com.br\/arquivo\/mensagem-da-presidenta-da-republica-dilma-rousseff-para-o-ato-publico-de-resistencia-constitucional\/","name":"Mensagem da Presidenta da Rep\u00fablica, Dilma Rousseff, para o Ato P\u00fablico de Resist\u00eancia Constitucional | Arquivo","inLanguage":"pt-BR","isPartOf":{"@id":"https:\/\/www.jornalja.com.br\/arquivo\/#website"},"breadcrumb":{"@id":"https:\/\/www.jornalja.com.br\/arquivo\/mensagem-da-presidenta-da-republica-dilma-rousseff-para-o-ato-publico-de-resistencia-constitucional\/#breadcrumblist"},"author":{"@id":"https:\/\/www.jornalja.com.br\/arquivo\/author\/daredacao\/#author"},"creator":{"@id":"https:\/\/www.jornalja.com.br\/arquivo\/author\/daredacao\/#author"},"datePublished":"2016-08-21T15:17:55-03:00","dateModified":"2016-08-21T15:17:55-03:00"},{"@type":"WebSite","@id":"https:\/\/www.jornalja.com.br\/arquivo\/#website","url":"https:\/\/www.jornalja.com.br\/arquivo\/","name":"Arquivo","description":"Jornal J\u00c1 | Porto Alegre","inLanguage":"pt-BR","publisher":{"@id":"https:\/\/www.jornalja.com.br\/arquivo\/#organization"}}]},"og:locale":"pt_BR","og:site_name":"Arquivo | Jornal J\u00c1 | Porto Alegre","og:type":"article","og:title":"Mensagem da Presidenta da Rep\u00fablica, Dilma Rousseff, para o Ato P\u00fablico de Resist\u00eancia Constitucional | Arquivo","og:url":"https:\/\/www.jornalja.com.br\/arquivo\/mensagem-da-presidenta-da-republica-dilma-rousseff-para-o-ato-publico-de-resistencia-constitucional\/","og:image":"https:\/\/www.jornalja.com.br\/wp-content\/uploads\/2016\/08\/Dilmassina-300x105.jpg","og:image:secure_url":"https:\/\/www.jornalja.com.br\/wp-content\/uploads\/2016\/08\/Dilmassina-300x105.jpg","article:published_time":"2016-08-21T18:17:55+00:00","article:modified_time":"2016-08-21T18:17:55+00:00","twitter:card":"summary","twitter:title":"Mensagem da Presidenta da Rep\u00fablica, Dilma Rousseff, para o Ato P\u00fablico de Resist\u00eancia Constitucional | Arquivo","twitter:image":"https:\/\/www.jornalja.com.br\/economics\/wp-content\/uploads\/sites\/11\/2026\/08\/ja-folhaderosto-facebook.jpg"},"aioseo_meta_data":{"post_id":"38097","title":null,"description":null,"keywords":null,"keyphrases":null,"primary_term":null,"canonical_url":null,"og_title":null,"og_description":null,"og_object_type":"default","og_image_type":"default","og_image_url":null,"og_image_width":null,"og_image_height":null,"og_image_custom_url":null,"og_image_custom_fields":null,"og_video":null,"og_custom_url":null,"og_article_section":null,"og_article_tags":null,"twitter_use_og":false,"twitter_card":"default","twitter_image_type":"default","twitter_image_url":null,"twitter_image_custom_url":null,"twitter_image_custom_fields":null,"twitter_title":null,"twitter_description":null,"schema":{"blockGraphs":[],"customGraphs":[],"default":{"data":{"Article":[],"Course":[],"Dataset":[],"FAQPage":[],"Movie":[],"Person":[],"Product":[],"ProductReview":[],"Car":[],"Recipe":[],"Service":[],"SoftwareApplication":[],"WebPage":[]},"graphName":"","isEnabled":true},"graphs":[],"defaultGraph":"","defaultPostTypeGraph":""},"schema_type":null,"schema_type_options":null,"pillar_content":false,"robots_default":true,"robots_noindex":false,"robots_noarchive":false,"robots_nosnippet":false,"robots_nofollow":false,"robots_noimageindex":false,"robots_noodp":false,"robots_notranslate":false,"robots_max_snippet":null,"robots_max_videopreview":null,"robots_max_imagepreview":"large","priority":null,"frequency":null,"location":null,"local_seo":null,"breadcrumb_settings":null,"limit_modified_date":false,"ai":null,"created":"2020-12-20 20:52:03","updated":"2025-07-19 16:13:54","seo_analyzer_scan_date":null,"focus_keyword":null,"additional_keywords":null,"truseo_locale":null},"jetpack_sharing_enabled":true,"jetpack-related-posts":[{"id":13240,"url":"https:\/\/www.jornalja.com.br\/arquivo\/plano-diretor-estamos-construindo-o-caos\/","url_meta":{"origin":38097,"position":0},"title":"Plano diretor: &quot;Estamos construindo o caos&quot;","author":"Patr\u00edcia Marini","date":"26 de maio de 2014","format":false,"excerpt":"Desabafo que arquiteta Eliana Castilhos, delegada da Regi\u00e3o de Planejamento 1, postou nas redes sociais \u00e9 um testemunho do ambiente que se criou no Conselho do Plano Diretor de Porto Alegre, onde a aprova\u00e7\u00e3o de grandes empreendimentos \u00e9 empurrada guela abaixo dos conselheiros. Ao CMDUA Como delegada da Regi\u00e3o de\u2026","rel":"","context":"Em &quot;Geral&quot;","block_context":{"text":"Geral","link":"https:\/\/www.jornalja.com.br\/arquivo\/category\/geral\/"},"img":{"alt_text":"","src":"","width":0,"height":0},"classes":[]},{"id":12960,"url":"https:\/\/www.jornalja.com.br\/arquivo\/populacao-culpa-empresas-pela-greve-dos-rodoviarios\/","url_meta":{"origin":38097,"position":1},"title":"Popula\u00e7\u00e3o culpa empresas pela greve","author":"Patr\u00edcia Marini","date":"14 de fevereiro de 2014","format":false,"excerpt":"Pesquisa divulgada na edi\u00e7\u00e3o do jornal Metro desta sexta-feira,14, comprova o velho ditado: \u00e9 poss\u00edvel enganar muitos por algum tempo, mas n\u00e3o \u00e9 poss\u00edvel enganar a todos o tempo inteiro. A principal revela\u00e7\u00e3o foi que 59,8% dos entrevistados apontaram as empresas como as principais respons\u00e1veis pela grave e 46% culparam\u2026","rel":"","context":"Em &quot;X.Categorias velhas&quot;","block_context":{"text":"X.Categorias velhas","link":"https:\/\/www.jornalja.com.br\/arquivo\/category\/x-categorias-velhas\/"},"img":{"alt_text":"","src":"","width":0,"height":0},"classes":[]},{"id":13109,"url":"https:\/\/www.jornalja.com.br\/arquivo\/judiciario-reconhece-poluicao-eletromagnetica\/","url_meta":{"origin":38097,"position":2},"title":"Judici\u00e1rio reconhece polui\u00e7\u00e3o eletromagn\u00e9tica","author":"Patr\u00edcia Marini","date":"16 de maio de 2014","format":false,"excerpt":"A\u00e7\u00e3o de duas associa\u00e7\u00f5es de moradores foi acolhida pelo Tribunal de Justi\u00e7a de S\u00e3o Paulo que. em decis\u00e3o in\u00e9dita, determinou a redu\u00e7\u00e3o do campo eletromagn\u00e9tico gerado pelas linhas de transmiss\u00e3o de energia que cortam os bairros City Boa\u00e7ava e Alto de Pinheiros. \u00c9 a primeira vez que um tribunal do\u2026","rel":"","context":"Em &quot;X.Categorias velhas&quot;","block_context":{"text":"X.Categorias velhas","link":"https:\/\/www.jornalja.com.br\/arquivo\/category\/x-categorias-velhas\/"},"img":{"alt_text":"","src":"","width":0,"height":0},"classes":[]},{"id":14241,"url":"https:\/\/www.jornalja.com.br\/arquivo\/o-guaiba-nas-imagens-poeticas-de-achutti\/","url_meta":{"origin":38097,"position":3},"title":"O Gua\u00edba nas imagens po\u00e9ticas de Achutti","author":"da Reda\u00e7\u00e3o","date":"18 de junho de 2014","format":false,"excerpt":"Em \u201cO Gua\u00edba por Achutti\u201d \u2013 obra financiada via Minist\u00e9rio da Cultura, produ\u00e7\u00e3o executiva de Pedro Longhi, e Fl\u00e1vio Wild como designer \u2013, o fot\u00f3grafo revela a beleza e as mazelas de um espa\u00e7o aqu\u00e1tico de \u00e1guas sempre renovadas, cheio de hist\u00f3rias e lendas como as das cidades que foram\u2026","rel":"","context":"Em &quot;Cultura-Geral&quot;","block_context":{"text":"Cultura-Geral","link":"https:\/\/www.jornalja.com.br\/arquivo\/category\/materiasecundaria\/"},"img":{"alt_text":"","src":"","width":0,"height":0},"classes":[]},{"id":13124,"url":"https:\/\/www.jornalja.com.br\/arquivo\/sangue-latino-no-iecine\/","url_meta":{"origin":38097,"position":4},"title":"Sangue latino no IECINE","author":"da Reda\u00e7\u00e3o","date":"18 de maio de 2014","format":false,"excerpt":"Francisco Ribeiro O Instituto Estadual de Cinema (IECINE) tem a frente, desde abril \u00faltimo, um novo diretor, o cineasta colombiano Juan Zapata, 36, que substitui Luiz Alberto Cassol. Radicado h\u00e1 dez anos em Porto Alegre, Zapata tem diante de si o desafio de conduzir at\u00e9 o final do ano um\u2026","rel":"","context":"Em &quot;Cultura-Geral&quot;","block_context":{"text":"Cultura-Geral","link":"https:\/\/www.jornalja.com.br\/arquivo\/category\/materiasecundaria\/"},"img":{"alt_text":"","src":"","width":0,"height":0},"classes":[]},{"id":13101,"url":"https:\/\/www.jornalja.com.br\/arquivo\/morre-um-guerreiro-do-texto\/","url_meta":{"origin":38097,"position":5},"title":"Morre um guerreiro do texto","author":"Patr\u00edcia Marini","date":"14 de maio de 2014","format":false,"excerpt":"Por Ricardo Kotscho Reproduzido do blog do autor, 11\/5\/2014; t\u00edtulo original \u201cE l\u00e1 se foi o nosso Myltainho, guerreiro do texto\u201d. Mi\u00fado e franzino, meu amigo Myltainho era um valente e inconformado guerreiro na luta contra as injusti\u00e7as sociais, a hipocrisia, as maracutaias, o autoritarismo, a intoler\u00e2ncia, a viol\u00eancia, o\u2026","rel":"","context":"Em &quot;Geral&quot;","block_context":{"text":"Geral","link":"https:\/\/www.jornalja.com.br\/arquivo\/category\/geral\/"},"img":{"alt_text":"","src":"","width":0,"height":0},"classes":[]}],"jetpack_shortlink":"https:\/\/wp.me\/pbQjBd-9Ut","jetpack_featured_media_url":"","_links":{"self":[{"href":"https:\/\/www.jornalja.com.br\/arquivo\/wp-json\/wp\/v2\/posts\/38097","targetHints":{"allow":["GET"]}}],"collection":[{"href":"https:\/\/www.jornalja.com.br\/arquivo\/wp-json\/wp\/v2\/posts"}],"about":[{"href":"https:\/\/www.jornalja.com.br\/arquivo\/wp-json\/wp\/v2\/types\/post"}],"author":[{"embeddable":true,"href":"https:\/\/www.jornalja.com.br\/arquivo\/wp-json\/wp\/v2\/users\/4"}],"replies":[{"embeddable":true,"href":"https:\/\/www.jornalja.com.br\/arquivo\/wp-json\/wp\/v2\/comments?post=38097"}],"version-history":[{"count":0,"href":"https:\/\/www.jornalja.com.br\/arquivo\/wp-json\/wp\/v2\/posts\/38097\/revisions"}],"wp:attachment":[{"href":"https:\/\/www.jornalja.com.br\/arquivo\/wp-json\/wp\/v2\/media?parent=38097"}],"wp:term":[{"taxonomy":"category","embeddable":true,"href":"https:\/\/www.jornalja.com.br\/arquivo\/wp-json\/wp\/v2\/categories?post=38097"},{"taxonomy":"post_tag","embeddable":true,"href":"https:\/\/www.jornalja.com.br\/arquivo\/wp-json\/wp\/v2\/tags?post=38097"}],"curies":[{"name":"wp","href":"https:\/\/api.w.org\/{rel}","templated":true}]}}