{"id":38170,"date":"2016-08-24T17:31:41","date_gmt":"2016-08-24T20:31:41","guid":{"rendered":"https:\/\/www.jornalja.com.br\/?p=38170"},"modified":"2016-08-24T17:31:41","modified_gmt":"2016-08-24T20:31:41","slug":"lava-jato-apos-omitir-se-o-supremo-se-assusta-vai-acordar","status":"publish","type":"post","link":"https:\/\/www.jornalja.com.br\/arquivo\/lava-jato-apos-omitir-se-o-supremo-se-assusta-vai-acordar\/","title":{"rendered":"Lava Jato: ap\u00f3s omitir-se, o Supremo se assusta. Vai acordar?"},"content":{"rendered":"<p><b>Marcelo Auler &#8211; Reporter<\/b><\/p>\n<div>Em sua coluna de ter\u00e7a-feira (23\/08) na Folha de S. Paulo, a farejadora M\u00f4nica B\u00e9rgamo \u2013 a quem devo parte do Pr\u00eamio Esso que recebi em 1992 quando est\u00e1vamos na Veja -, traz a p\u00fablico a indigna\u00e7\u00e3o do ministro Gilmar Mendes \u2013 logo ele \u2013 com o vazamento de informa\u00e7\u00f5es \u2013<a href=\"http:\/\/m.folha.uol.com.br\/colunas\/monicabergamo\/2016\/08\/1805944-vazamento-de-citacao-a-toffoli-em-delacao-abre-crise-entre-stf-e-mpf.shtml\"><u><span style=\"color: #0066cc\"> Vazamento de cita\u00e7\u00e3o a Toffoli em dela\u00e7\u00e3o abre crise entre STF e \u00a0MPF<\/span><\/u><\/a>. Referia-se ao prov\u00e1vel vazamento por procuradores da Rep\u00fablica de informa\u00e7\u00f5es reveladas por Veja em sua \u00faltima edi\u00e7\u00e3o. Foi uma tentativa direta de queimar o ministro Dias Toffoli como, ali\u00e1s, Lu\u00eds Nassif \u00a0comentou em oportuno artigo no \u00a0pr\u00f3prio s\u00e1bado (20\/08) \u2013 <a href=\"http:\/\/jornalggn.com.br\/noticia\/a-vinganca-torpe-da-lava-jato-contra-dias-toffoli\"><u><span style=\"color: #0066cc\">A vingan\u00e7a torpe da Lava Jato contra Dias Toffoli<\/span><\/u><\/a>. Tanto que viralizou.<\/div>\n<div><\/div>\n<div>No transcorrer do dia, Mendes voltou a se manifestar, ampliando suas cr\u00edticas \u00e0s 10 Medidas Contra a Corrup\u00e7\u00e3o, apresentadas pelo Minist\u00e9rio P\u00fablico Federal, com mais de dois milh\u00f5es de assinaturas coletadas em todo o pa\u00eds. Segundo o UOL, o ministro do Supremo Tribunal Federal, referindo-se aos procuradores da Lava Jato, sem cit\u00e1-los comentou que os \u201c<a href=\"http:\/\/noticias.uol.com.br\/ultimas-noticias\/agencia-estado\/2016\/08\/23\/o-cemiterio-esta-cheio-desses-herois-diz-gilmar-mendes.htm\"><u><span style=\"color: #0066cc\">cemit\u00e9rio est\u00e1 cheio desses her\u00f3is<\/span><\/u><\/a>\u201c.<\/div>\n<div><\/div>\n<div>Bateu firme na proposta de \u201cque prova il\u00edcita, obtida de boa f\u00e9, deve ser validada\u201d. Para ele, \u201ca priori, tem que ser muito criticada e se negar tr\u00e2nsito. Imagine, agora, um sujeito que \u00e9 torturado, ah, mas foi de boa f\u00e9\u201d.<\/div>\n<div><\/div>\n<div>Avan\u00e7ando, criticou os procuradores e foi citar seu velho arqui-inimigo, o ex-delegado federal Prot\u00f3genes Queiroz, da Opera\u00e7\u00e3o Satiagraha \u2013 deflagrada em 2008 -, expulso da Pol\u00edcia Federal por viola\u00e7\u00e3o de sigilo funcional.<\/div>\n<div><\/div>\n<div>\u201cIsso lembra o nosso delegado her\u00f3i, que fazia intercepta\u00e7\u00e3o telef\u00f4nica sob o argumento de que agia com bons prop\u00f3sitos. Ora, espera a\u00ed. A autoridade se distingue do criminoso porque n\u00e3o comete crime, sen\u00e3o \u00e9 criminoso tamb\u00e9m! A\u00ed vira o Estado de Direito da barb\u00e1rie (\u2026) Estado de Direito tem que ser Estado de Direito. N\u00e3o se combate crime com a pr\u00e1tica de crime. \u00c9 preciso modera\u00e7\u00e3o, que os procuradores calcem as sand\u00e1lias da humildade\u201d.<\/div>\n<div><\/div>\n<div>Acostumado a lidar com procuradores da Rep\u00fablica desde os anos 90, com muitos dos quais desenvolvi amizade, eu lamento que dentro do Minist\u00e9rio P\u00fablico Federal, que sempre assumiu o seu papel constitucional de fiscal da lei, tenha hoje um grupo \u2013 pequeno, \u00e9 verdade \u2013 que se destaque pela defesa de m\u00e9todos que ferem a Constitui\u00e7\u00e3o e o Estado de Direito, Pior ainda, o pr\u00f3prio juiz S\u00e9rgio Moro defendeu algo parecido na C\u00e2mara dos Deputados, mas naquela vez n\u00e3o se ouviu qualquer voz do STF critic\u00e1-lo.<\/div>\n<div><\/div>\n<div>Alerto para um coment\u00e1rio postado aqui no blog pelo leitor Ramirez Gonzaga, que certamente j\u00e1 \u00e9 o que muitos come\u00e7am a defender. Se acontecer, entendo que ser\u00e1 um retrocesso, mas plenamente justificado aos olhos de uma parcela da sociedade, pela a\u00e7\u00e3o deste pequeno grupo que age sob o sil\u00eancio da maioria. Diz o leitor Gonzaga:<\/div>\n<div><\/div>\n<div>\u201cCom todo respeito ao Minist\u00e9rio P\u00fablico, vejo que os poderes investigat\u00f3rios desse \u00f3rg\u00e3o deve ser revisto e seus membros devem se ocupar apenas com sua fun\u00e7\u00e3o acusat\u00f3ria. Esse neg\u00f3cio da Liga da Justi\u00e7a formada entre um juiz, procuradores e policiais federais se mostrou perniciosa ao Pa\u00eds\u201d.<\/div>\n<div><\/div>\n<div><strong>Sil\u00eancio sobre o grampo na cela \u2013<\/strong> N\u00e3o sei se a opini\u00e3o de Mendes \u00e9 compartilhada pelos outros dez ministros . Geralmente n\u00e3o \u00e9. Mas, ao que parece, o Supremo est\u00e1 despertando muito tarde para um problema que vem sendo apontado na Lava Jato h\u00e1 anos. Aqui neste blog, desde agosto de 2014. E n\u00e3o s\u00f3 pela quest\u00e3o dos vazamentos, mas tamb\u00e9m pelo uso de m\u00e9todos heterodoxos adotados nas investiga\u00e7\u00f5es que acabaram sendo validados, ainda que indiretamente, pelos tribunais superiores, inclusive o pr\u00f3prio STF.<\/div>\n<div><\/div>\n<div>Para citar um exemplo cl\u00e1ssico, basta refazer uma pergunta muitas vezes repetida aqui: O que foi feito pela Pol\u00edcia Federal \u2013 e pelo Minist\u00e9rio P\u00fablico Federal, que deve exercer o controle externo do DPF \u2013 da sindic\u00e2ncia sobre o grampo ilegal encontrado na cela da Alberto Youssef?<\/div>\n<div><\/div>\n<div>\n<div>O resultado desta sindic\u00e2ncia, lembre-se, foi prometida pelo corregedor do DPF, delegado Roberto Mario da Cunha Cordeiro, em of\u00edcio ao pr\u00f3prio juiz Moro, para o final de novembro de 2015 (veja ao lado), como noticiamos em novembro na reportagem <a href=\"http:\/\/www.marceloauler.com.br\/grampo-da-lava-jato-aproxima-se-a-hora-da-verdade\/\"><u><span style=\"color: #0066cc\">Grampo da Lava Jato: aproxima-se a hora da verdade<\/span><\/u><\/a>.<\/div>\n<div><\/div>\n<div>Passaram-se nove meses e ela n\u00e3o veio a p\u00fablico.E o pior, por todas as informa\u00e7\u00f5es que se tem, ela est\u00e1 conclu\u00edda e dever\u00e1 atingir pesos pesados da For\u00e7a Tarefa da Lava Jato. Mas n\u00e3o \u00e9 tornada p\u00fablica. Medo de serem obrigados a punir membros da For\u00e7a Tarefa?<\/div>\n<div><\/div>\n<div>Afinal, como o agente da Pol\u00edcia Federal Dalmey Werlang confessou, foi ele quem instalou o grampo a mando dos delegados Rosalvo Ferreira Franco, superintendente do DPF no Paran\u00e1, Igor Rom\u00e1rio de Paulo, coordenador regional da Delegacia de Combate ao Crime Organizado (DRCOR) e Marcio Anselmo Adriano, que comandava as investiga\u00e7\u00f5es na \u00e9poca.<\/div>\n<div><\/div>\n<div><strong>Sindic\u00e2ncia engavetada \u2013<\/strong> \u00c9 algo semelhante com o que aconteceu com a sindic\u00e2ncia para apurar o grampo mandado instalar no fum\u00f3dromo.<\/div>\n<div><\/div>\n<div>Desde agosto de 2015, na primeira reportagem nesse blog sobre a for\u00e7a tarefa de Curitiba \u2013 \u00a0<a href=\"http:\/\/www.marceloauler.com.br\/lava-jato-revolve-lamacal-na-pf-pr\/\"><u><span style=\"color: #0066cc\">Lava Jato revolve lama\u00e7al na PF-PR<\/span><\/u><\/a> \u2013 noticiamos que, atrav\u00e9s \u00a0do depoimento do Agente de Pol\u00edcia Federal (APF) Dalmey Werlang, que o grampo no fum\u00f3dromo partiu de uma ordem da delegadas Daniele Gossenheimer Rodrigues, chefe do N\u00facleo de Intelig\u00eancia Policial (NIP) da Superintend\u00eancia, coincidentemente, esposa do delegado Igor.<\/div>\n<div><\/div>\n<div>\u00a0A responsabilidade dela pela coloca\u00e7\u00e3o do grampo foi confirmada pela Sindic\u00e2ncia realizada, mas a corregedoria e a dire\u00e7\u00e3o-geral do DPF decidiram que ela e Werlang s\u00f3 responder\u00e3o a um Processo Administrativo Disciplinar (PAD), tal como informamos em <a href=\"http:\/\/www.marceloauler.com.br\/lava-jato-apos-omitir-se-o-supremo-se-assusta-vai-acordar\/\"><u><span style=\"color: #0066cc\">Para o DPF, grampo ilegal na Superintend\u00eancia do PR \u00e9 transgress\u00e3o disciplinar<\/span><\/u><\/a>, Esqueceram que o uso de grampo ambiental sem autoriza\u00e7\u00e3o judicial \u00e9 considerado crime?<\/div>\n<div><\/div>\n<div><a href=\"http:\/\/www.marceloauler.com.br\/lava-jato-apos-omitir-se-o-supremo-se-assusta-vai-acordar\/\"><em><u><span style=\"color: #0066cc\">Continue lendo&#8230;<\/span><\/u><\/em><\/a><\/div>\n<\/div>\n","protected":false},"excerpt":{"rendered":"<p>Marcelo Auler &#8211; Reporter Em sua coluna de ter\u00e7a-feira (23\/08) na Folha de S. Paulo, a farejadora M\u00f4nica B\u00e9rgamo \u2013 a quem devo parte do Pr\u00eamio Esso que recebi em 1992 quando est\u00e1vamos na Veja -, traz a p\u00fablico a indigna\u00e7\u00e3o do ministro Gilmar Mendes \u2013 logo ele \u2013 com o vazamento de informa\u00e7\u00f5es \u2013 [&hellip;]<\/p>\n","protected":false},"author":4,"featured_media":38171,"comment_status":"open","ping_status":"closed","sticky":false,"template":"","format":"standard","meta":{"_jetpack_newsletter_access":"","_jetpack_dont_email_post_to_subs":false,"_jetpack_newsletter_tier_id":0,"_jetpack_memberships_contains_paywalled_content":false,"_jetpack_feature_clip_id":0,"_jetpack_memberships_contains_paid_content":false,"footnotes":"","jetpack_post_was_ever_published":false},"categories":[2011,2012],"tags":[],"class_list":["post-38170","post","type-post","status-publish","format-standard","has-post-thumbnail","hentry","category-destaque","category-debates"],"aioseo_notices":[],"aioseo_head":"\n\t\t<!-- All in One SEO 5.0.1.1 - aioseo.com -->\n\t<meta name=\"robots\" content=\"max-image-preview:large\" \/>\n\t<meta name=\"author\" content=\"da Reda\u00e7\u00e3o\"\/>\n\t<link rel=\"canonical\" href=\"https:\/\/www.jornalja.com.br\/arquivo\/lava-jato-apos-omitir-se-o-supremo-se-assusta-vai-acordar\/\" \/>\n\t<meta name=\"generator\" content=\"All in One SEO (AIOSEO) 5.0.1.1\" \/>\n\t\t<meta property=\"og:locale\" content=\"pt_BR\" \/>\n\t\t<meta property=\"og:site_name\" content=\"Arquivo | Jornal J\u00c1 | Porto Alegre\" \/>\n\t\t<meta property=\"og:type\" content=\"article\" \/>\n\t\t<meta property=\"og:title\" content=\"Lava Jato: ap\u00f3s omitir-se, o Supremo se assusta. Vai acordar? | Arquivo\" \/>\n\t\t<meta property=\"og:url\" content=\"https:\/\/www.jornalja.com.br\/arquivo\/lava-jato-apos-omitir-se-o-supremo-se-assusta-vai-acordar\/\" \/>\n\t\t<meta property=\"og:image\" content=\"https:\/\/www.jornalja.com.br\/economics\/wp-content\/uploads\/sites\/11\/2026\/08\/ja-folhaderosto-facebook.jpg\" \/>\n\t\t<meta property=\"og:image:secure_url\" content=\"https:\/\/www.jornalja.com.br\/economics\/wp-content\/uploads\/sites\/11\/2026\/08\/ja-folhaderosto-facebook.jpg\" \/>\n\t\t<meta property=\"article:published_time\" content=\"2016-08-24T20:31:41+00:00\" \/>\n\t\t<meta property=\"article:modified_time\" content=\"2016-08-24T20:31:41+00:00\" \/>\n\t\t<meta name=\"twitter:card\" content=\"summary\" \/>\n\t\t<meta name=\"twitter:title\" content=\"Lava Jato: ap\u00f3s omitir-se, o Supremo se assusta. Vai acordar? | Arquivo\" \/>\n\t\t<meta name=\"twitter:image\" content=\"https:\/\/www.jornalja.com.br\/economics\/wp-content\/uploads\/sites\/11\/2026\/08\/ja-folhaderosto-facebook.jpg\" \/>\n\t\t<script type=\"application\/ld+json\" class=\"aioseo-schema\">\n\t\t\t{\"@context\":\"https:\\\/\\\/schema.org\",\"@graph\":[{\"@type\":\"BlogPosting\",\"@id\":\"https:\\\/\\\/www.jornalja.com.br\\\/arquivo\\\/lava-jato-apos-omitir-se-o-supremo-se-assusta-vai-acordar\\\/#blogposting\",\"name\":\"Lava Jato: ap\\u00f3s omitir-se, o Supremo se assusta. Vai acordar? | Arquivo\",\"headline\":\"Lava Jato: ap\\u00f3s omitir-se, o Supremo se assusta. Vai acordar?\",\"author\":{\"@id\":\"https:\\\/\\\/www.jornalja.com.br\\\/arquivo\\\/author\\\/daredacao\\\/#author\"},\"publisher\":{\"@id\":\"https:\\\/\\\/www.jornalja.com.br\\\/arquivo\\\/#organization\"},\"image\":{\"@type\":\"ImageObject\",\"url\":38171},\"datePublished\":\"2016-08-24T17:31:41-03:00\",\"dateModified\":\"2016-08-24T17:31:41-03:00\",\"inLanguage\":\"pt-BR\",\"mainEntityOfPage\":{\"@id\":\"https:\\\/\\\/www.jornalja.com.br\\\/arquivo\\\/lava-jato-apos-omitir-se-o-supremo-se-assusta-vai-acordar\\\/#webpage\"},\"isPartOf\":{\"@id\":\"https:\\\/\\\/www.jornalja.com.br\\\/arquivo\\\/lava-jato-apos-omitir-se-o-supremo-se-assusta-vai-acordar\\\/#webpage\"},\"articleSection\":\"CDD-artigo em destaque, HOTSITE Comit\\u00ea pela Democracia\"},{\"@type\":\"BreadcrumbList\",\"@id\":\"https:\\\/\\\/www.jornalja.com.br\\\/arquivo\\\/lava-jato-apos-omitir-se-o-supremo-se-assusta-vai-acordar\\\/#breadcrumblist\",\"itemListElement\":[{\"@type\":\"ListItem\",\"@id\":\"https:\\\/\\\/www.jornalja.com.br\\\/arquivo#listItem\",\"position\":1,\"name\":\"Home\",\"item\":\"https:\\\/\\\/www.jornalja.com.br\\\/arquivo\",\"nextItem\":{\"@type\":\"ListItem\",\"@id\":\"https:\\\/\\\/www.jornalja.com.br\\\/arquivo\\\/category\\\/destaque\\\/#listItem\",\"name\":\"CDD-artigo em destaque\"}},{\"@type\":\"ListItem\",\"@id\":\"https:\\\/\\\/www.jornalja.com.br\\\/arquivo\\\/category\\\/destaque\\\/#listItem\",\"position\":2,\"name\":\"CDD-artigo em destaque\",\"item\":\"https:\\\/\\\/www.jornalja.com.br\\\/arquivo\\\/category\\\/destaque\\\/\",\"nextItem\":{\"@type\":\"ListItem\",\"@id\":\"https:\\\/\\\/www.jornalja.com.br\\\/arquivo\\\/lava-jato-apos-omitir-se-o-supremo-se-assusta-vai-acordar\\\/#listItem\",\"name\":\"Lava Jato: ap\\u00f3s omitir-se, o Supremo se assusta. Vai acordar?\"},\"previousItem\":{\"@type\":\"ListItem\",\"@id\":\"https:\\\/\\\/www.jornalja.com.br\\\/arquivo#listItem\",\"name\":\"Home\"}},{\"@type\":\"ListItem\",\"@id\":\"https:\\\/\\\/www.jornalja.com.br\\\/arquivo\\\/lava-jato-apos-omitir-se-o-supremo-se-assusta-vai-acordar\\\/#listItem\",\"position\":3,\"name\":\"Lava Jato: ap\\u00f3s omitir-se, o Supremo se assusta. Vai acordar?\",\"previousItem\":{\"@type\":\"ListItem\",\"@id\":\"https:\\\/\\\/www.jornalja.com.br\\\/arquivo\\\/category\\\/destaque\\\/#listItem\",\"name\":\"CDD-artigo em destaque\"}}]},{\"@type\":\"Organization\",\"@id\":\"https:\\\/\\\/www.jornalja.com.br\\\/arquivo\\\/#organization\",\"name\":\"Jornal J\\u00c1\",\"description\":\"Jornal J\\u00c1 | Porto Alegre\",\"url\":\"https:\\\/\\\/www.jornalja.com.br\\\/arquivo\\\/\",\"telephone\":\"+555133307272\",\"logo\":{\"@type\":\"ImageObject\",\"url\":\"https:\\\/\\\/www.jornalja.com.br\\\/wp-content\\\/uploads\\\/cards\\\/JAslogan.png\",\"@id\":\"https:\\\/\\\/www.jornalja.com.br\\\/arquivo\\\/lava-jato-apos-omitir-se-o-supremo-se-assusta-vai-acordar\\\/#organizationLogo\"},\"image\":{\"@id\":\"https:\\\/\\\/www.jornalja.com.br\\\/arquivo\\\/lava-jato-apos-omitir-se-o-supremo-se-assusta-vai-acordar\\\/#organizationLogo\"}},{\"@type\":\"Person\",\"@id\":\"https:\\\/\\\/www.jornalja.com.br\\\/arquivo\\\/author\\\/daredacao\\\/#author\",\"url\":\"https:\\\/\\\/www.jornalja.com.br\\\/arquivo\\\/author\\\/daredacao\\\/\",\"name\":\"da Reda\\u00e7\\u00e3o\",\"image\":{\"@type\":\"ImageObject\",\"@id\":\"https:\\\/\\\/www.jornalja.com.br\\\/arquivo\\\/lava-jato-apos-omitir-se-o-supremo-se-assusta-vai-acordar\\\/#authorImage\",\"url\":\"https:\\\/\\\/secure.gravatar.com\\\/avatar\\\/469fd857d6605ad19919d27ed29d35a968a25f6e8fd9318356bbb7f57aae9c65?s=96&d=mm&r=g\",\"width\":96,\"height\":96,\"caption\":\"da Reda\\u00e7\\u00e3o\"}},{\"@type\":\"WebPage\",\"@id\":\"https:\\\/\\\/www.jornalja.com.br\\\/arquivo\\\/lava-jato-apos-omitir-se-o-supremo-se-assusta-vai-acordar\\\/#webpage\",\"url\":\"https:\\\/\\\/www.jornalja.com.br\\\/arquivo\\\/lava-jato-apos-omitir-se-o-supremo-se-assusta-vai-acordar\\\/\",\"name\":\"Lava Jato: ap\\u00f3s omitir-se, o Supremo se assusta. Vai acordar? | Arquivo\",\"inLanguage\":\"pt-BR\",\"isPartOf\":{\"@id\":\"https:\\\/\\\/www.jornalja.com.br\\\/arquivo\\\/#website\"},\"breadcrumb\":{\"@id\":\"https:\\\/\\\/www.jornalja.com.br\\\/arquivo\\\/lava-jato-apos-omitir-se-o-supremo-se-assusta-vai-acordar\\\/#breadcrumblist\"},\"author\":{\"@id\":\"https:\\\/\\\/www.jornalja.com.br\\\/arquivo\\\/author\\\/daredacao\\\/#author\"},\"creator\":{\"@id\":\"https:\\\/\\\/www.jornalja.com.br\\\/arquivo\\\/author\\\/daredacao\\\/#author\"},\"image\":{\"@type\":\"ImageObject\",\"url\":38171,\"@id\":\"https:\\\/\\\/www.jornalja.com.br\\\/arquivo\\\/lava-jato-apos-omitir-se-o-supremo-se-assusta-vai-acordar\\\/#mainImage\"},\"primaryImageOfPage\":{\"@id\":\"https:\\\/\\\/www.jornalja.com.br\\\/arquivo\\\/lava-jato-apos-omitir-se-o-supremo-se-assusta-vai-acordar\\\/#mainImage\"},\"datePublished\":\"2016-08-24T17:31:41-03:00\",\"dateModified\":\"2016-08-24T17:31:41-03:00\"},{\"@type\":\"WebSite\",\"@id\":\"https:\\\/\\\/www.jornalja.com.br\\\/arquivo\\\/#website\",\"url\":\"https:\\\/\\\/www.jornalja.com.br\\\/arquivo\\\/\",\"name\":\"Arquivo\",\"description\":\"Jornal J\\u00c1 | Porto Alegre\",\"inLanguage\":\"pt-BR\",\"publisher\":{\"@id\":\"https:\\\/\\\/www.jornalja.com.br\\\/arquivo\\\/#organization\"}}]}\n\t\t<\/script>\n\t\t<!-- All in One SEO -->\n\n","aioseo_head_json":{"title":"Lava Jato: ap\u00f3s omitir-se, o Supremo se assusta. Vai acordar? | Arquivo","description":"","canonical_url":"https:\/\/www.jornalja.com.br\/arquivo\/lava-jato-apos-omitir-se-o-supremo-se-assusta-vai-acordar\/","robots":"max-image-preview:large","keywords":"","webmasterTools":{"miscellaneous":""},"schema":{"@context":"https:\/\/schema.org","@graph":[{"@type":"BlogPosting","@id":"https:\/\/www.jornalja.com.br\/arquivo\/lava-jato-apos-omitir-se-o-supremo-se-assusta-vai-acordar\/#blogposting","name":"Lava Jato: ap\u00f3s omitir-se, o Supremo se assusta. Vai acordar? | Arquivo","headline":"Lava Jato: ap\u00f3s omitir-se, o Supremo se assusta. Vai acordar?","author":{"@id":"https:\/\/www.jornalja.com.br\/arquivo\/author\/daredacao\/#author"},"publisher":{"@id":"https:\/\/www.jornalja.com.br\/arquivo\/#organization"},"image":{"@type":"ImageObject","url":38171},"datePublished":"2016-08-24T17:31:41-03:00","dateModified":"2016-08-24T17:31:41-03:00","inLanguage":"pt-BR","mainEntityOfPage":{"@id":"https:\/\/www.jornalja.com.br\/arquivo\/lava-jato-apos-omitir-se-o-supremo-se-assusta-vai-acordar\/#webpage"},"isPartOf":{"@id":"https:\/\/www.jornalja.com.br\/arquivo\/lava-jato-apos-omitir-se-o-supremo-se-assusta-vai-acordar\/#webpage"},"articleSection":"CDD-artigo em destaque, HOTSITE Comit\u00ea pela Democracia"},{"@type":"BreadcrumbList","@id":"https:\/\/www.jornalja.com.br\/arquivo\/lava-jato-apos-omitir-se-o-supremo-se-assusta-vai-acordar\/#breadcrumblist","itemListElement":[{"@type":"ListItem","@id":"https:\/\/www.jornalja.com.br\/arquivo#listItem","position":1,"name":"Home","item":"https:\/\/www.jornalja.com.br\/arquivo","nextItem":{"@type":"ListItem","@id":"https:\/\/www.jornalja.com.br\/arquivo\/category\/destaque\/#listItem","name":"CDD-artigo em destaque"}},{"@type":"ListItem","@id":"https:\/\/www.jornalja.com.br\/arquivo\/category\/destaque\/#listItem","position":2,"name":"CDD-artigo em destaque","item":"https:\/\/www.jornalja.com.br\/arquivo\/category\/destaque\/","nextItem":{"@type":"ListItem","@id":"https:\/\/www.jornalja.com.br\/arquivo\/lava-jato-apos-omitir-se-o-supremo-se-assusta-vai-acordar\/#listItem","name":"Lava Jato: ap\u00f3s omitir-se, o Supremo se assusta. Vai acordar?"},"previousItem":{"@type":"ListItem","@id":"https:\/\/www.jornalja.com.br\/arquivo#listItem","name":"Home"}},{"@type":"ListItem","@id":"https:\/\/www.jornalja.com.br\/arquivo\/lava-jato-apos-omitir-se-o-supremo-se-assusta-vai-acordar\/#listItem","position":3,"name":"Lava Jato: ap\u00f3s omitir-se, o Supremo se assusta. Vai acordar?","previousItem":{"@type":"ListItem","@id":"https:\/\/www.jornalja.com.br\/arquivo\/category\/destaque\/#listItem","name":"CDD-artigo em destaque"}}]},{"@type":"Organization","@id":"https:\/\/www.jornalja.com.br\/arquivo\/#organization","name":"Jornal J\u00c1","description":"Jornal J\u00c1 | Porto Alegre","url":"https:\/\/www.jornalja.com.br\/arquivo\/","telephone":"+555133307272","logo":{"@type":"ImageObject","url":"https:\/\/www.jornalja.com.br\/wp-content\/uploads\/cards\/JAslogan.png","@id":"https:\/\/www.jornalja.com.br\/arquivo\/lava-jato-apos-omitir-se-o-supremo-se-assusta-vai-acordar\/#organizationLogo"},"image":{"@id":"https:\/\/www.jornalja.com.br\/arquivo\/lava-jato-apos-omitir-se-o-supremo-se-assusta-vai-acordar\/#organizationLogo"}},{"@type":"Person","@id":"https:\/\/www.jornalja.com.br\/arquivo\/author\/daredacao\/#author","url":"https:\/\/www.jornalja.com.br\/arquivo\/author\/daredacao\/","name":"da Reda\u00e7\u00e3o","image":{"@type":"ImageObject","@id":"https:\/\/www.jornalja.com.br\/arquivo\/lava-jato-apos-omitir-se-o-supremo-se-assusta-vai-acordar\/#authorImage","url":"https:\/\/secure.gravatar.com\/avatar\/469fd857d6605ad19919d27ed29d35a968a25f6e8fd9318356bbb7f57aae9c65?s=96&d=mm&r=g","width":96,"height":96,"caption":"da Reda\u00e7\u00e3o"}},{"@type":"WebPage","@id":"https:\/\/www.jornalja.com.br\/arquivo\/lava-jato-apos-omitir-se-o-supremo-se-assusta-vai-acordar\/#webpage","url":"https:\/\/www.jornalja.com.br\/arquivo\/lava-jato-apos-omitir-se-o-supremo-se-assusta-vai-acordar\/","name":"Lava Jato: ap\u00f3s omitir-se, o Supremo se assusta. Vai acordar? | Arquivo","inLanguage":"pt-BR","isPartOf":{"@id":"https:\/\/www.jornalja.com.br\/arquivo\/#website"},"breadcrumb":{"@id":"https:\/\/www.jornalja.com.br\/arquivo\/lava-jato-apos-omitir-se-o-supremo-se-assusta-vai-acordar\/#breadcrumblist"},"author":{"@id":"https:\/\/www.jornalja.com.br\/arquivo\/author\/daredacao\/#author"},"creator":{"@id":"https:\/\/www.jornalja.com.br\/arquivo\/author\/daredacao\/#author"},"image":{"@type":"ImageObject","url":38171,"@id":"https:\/\/www.jornalja.com.br\/arquivo\/lava-jato-apos-omitir-se-o-supremo-se-assusta-vai-acordar\/#mainImage"},"primaryImageOfPage":{"@id":"https:\/\/www.jornalja.com.br\/arquivo\/lava-jato-apos-omitir-se-o-supremo-se-assusta-vai-acordar\/#mainImage"},"datePublished":"2016-08-24T17:31:41-03:00","dateModified":"2016-08-24T17:31:41-03:00"},{"@type":"WebSite","@id":"https:\/\/www.jornalja.com.br\/arquivo\/#website","url":"https:\/\/www.jornalja.com.br\/arquivo\/","name":"Arquivo","description":"Jornal J\u00c1 | Porto Alegre","inLanguage":"pt-BR","publisher":{"@id":"https:\/\/www.jornalja.com.br\/arquivo\/#organization"}}]},"og:locale":"pt_BR","og:site_name":"Arquivo | Jornal J\u00c1 | Porto Alegre","og:type":"article","og:title":"Lava Jato: ap\u00f3s omitir-se, o Supremo se assusta. Vai acordar? | Arquivo","og:url":"https:\/\/www.jornalja.com.br\/arquivo\/lava-jato-apos-omitir-se-o-supremo-se-assusta-vai-acordar\/","og:image":"https:\/\/www.jornalja.com.br\/economics\/wp-content\/uploads\/sites\/11\/2026\/08\/ja-folhaderosto-facebook.jpg","og:image:secure_url":"https:\/\/www.jornalja.com.br\/economics\/wp-content\/uploads\/sites\/11\/2026\/08\/ja-folhaderosto-facebook.jpg","article:published_time":"2016-08-24T20:31:41+00:00","article:modified_time":"2016-08-24T20:31:41+00:00","twitter:card":"summary","twitter:title":"Lava Jato: ap\u00f3s omitir-se, o Supremo se assusta. Vai acordar? | Arquivo","twitter:image":"https:\/\/www.jornalja.com.br\/economics\/wp-content\/uploads\/sites\/11\/2026\/08\/ja-folhaderosto-facebook.jpg"},"aioseo_meta_data":{"post_id":"38170","title":null,"description":null,"keywords":null,"keyphrases":null,"primary_term":null,"canonical_url":null,"og_title":null,"og_description":null,"og_object_type":"default","og_image_type":"default","og_image_url":null,"og_image_width":null,"og_image_height":null,"og_image_custom_url":null,"og_image_custom_fields":null,"og_video":null,"og_custom_url":null,"og_article_section":null,"og_article_tags":null,"twitter_use_og":false,"twitter_card":"default","twitter_image_type":"default","twitter_image_url":null,"twitter_image_custom_url":null,"twitter_image_custom_fields":null,"twitter_title":null,"twitter_description":null,"schema":{"blockGraphs":[],"customGraphs":[],"default":{"data":{"Article":[],"Course":[],"Dataset":[],"FAQPage":[],"Movie":[],"Person":[],"Product":[],"ProductReview":[],"Car":[],"Recipe":[],"Service":[],"SoftwareApplication":[],"WebPage":[]},"graphName":"","isEnabled":true},"graphs":[],"defaultGraph":"","defaultPostTypeGraph":""},"schema_type":null,"schema_type_options":null,"pillar_content":false,"robots_default":true,"robots_noindex":false,"robots_noarchive":false,"robots_nosnippet":false,"robots_nofollow":false,"robots_noimageindex":false,"robots_noodp":false,"robots_notranslate":false,"robots_max_snippet":null,"robots_max_videopreview":null,"robots_max_imagepreview":"large","priority":null,"frequency":null,"location":null,"local_seo":null,"breadcrumb_settings":null,"limit_modified_date":false,"ai":null,"created":"2020-12-20 20:52:02","updated":"2025-07-19 16:15:24","seo_analyzer_scan_date":null,"focus_keyword":null,"additional_keywords":null,"truseo_locale":null},"jetpack_sharing_enabled":true,"jetpack-related-posts":[{"id":5440,"url":"https:\/\/www.jornalja.com.br\/arquivo\/casarao-da-venancio-destino-permanece-incerto\/","url_meta":{"origin":38170,"position":0},"title":"Estado ainda n\u00e3o sabe o que fazer com casar\u00e3o abandonado h\u00e1 20 anos","author":"Elmar Bones","date":"6 de julho de 2009","format":false,"excerpt":"O casar\u00e3o amarelo, numa esquina nobre de Porto Alegre (Ven\u00e2ncio Aires com Jo\u00e3o Pessoa), j\u00e1 abrigou uma escola. H\u00e1 duas d\u00e9cadas, pelo menos, est\u00e1 abandonado, porque seu propriet\u00e1rio, o governo do Estado do Rio Grande do Sul, n\u00e3o consegue achar um destino para ele. Planos n\u00e3o faltaram. O governador Ol\u00edvio\u2026","rel":"","context":"Em &quot;X.Categorias velhas&quot;","block_context":{"text":"X.Categorias velhas","link":"https:\/\/www.jornalja.com.br\/arquivo\/category\/x-categorias-velhas\/"},"img":{"alt_text":"geraldo1","src":"https:\/\/i0.wp.com\/www.jornalja.com.br\/wp-content\/uploads\/2009\/07\/geraldo1.jpg?resize=350%2C200&ssl=1","width":350,"height":200},"classes":[]},{"id":13240,"url":"https:\/\/www.jornalja.com.br\/arquivo\/plano-diretor-estamos-construindo-o-caos\/","url_meta":{"origin":38170,"position":1},"title":"Plano diretor: &quot;Estamos construindo o caos&quot;","author":"Patr\u00edcia Marini","date":"26 de maio de 2014","format":false,"excerpt":"Desabafo que arquiteta Eliana Castilhos, delegada da Regi\u00e3o de Planejamento 1, postou nas redes sociais \u00e9 um testemunho do ambiente que se criou no Conselho do Plano Diretor de Porto Alegre, onde a aprova\u00e7\u00e3o de grandes empreendimentos \u00e9 empurrada guela abaixo dos conselheiros. Ao CMDUA Como delegada da Regi\u00e3o de\u2026","rel":"","context":"Em &quot;Geral&quot;","block_context":{"text":"Geral","link":"https:\/\/www.jornalja.com.br\/arquivo\/category\/geral\/"},"img":{"alt_text":"","src":"","width":0,"height":0},"classes":[]}],"jetpack_shortlink":"https:\/\/wp.me\/pbQjBd-9VE","jetpack_featured_media_url":"","_links":{"self":[{"href":"https:\/\/www.jornalja.com.br\/arquivo\/wp-json\/wp\/v2\/posts\/38170","targetHints":{"allow":["GET"]}}],"collection":[{"href":"https:\/\/www.jornalja.com.br\/arquivo\/wp-json\/wp\/v2\/posts"}],"about":[{"href":"https:\/\/www.jornalja.com.br\/arquivo\/wp-json\/wp\/v2\/types\/post"}],"author":[{"embeddable":true,"href":"https:\/\/www.jornalja.com.br\/arquivo\/wp-json\/wp\/v2\/users\/4"}],"replies":[{"embeddable":true,"href":"https:\/\/www.jornalja.com.br\/arquivo\/wp-json\/wp\/v2\/comments?post=38170"}],"version-history":[{"count":0,"href":"https:\/\/www.jornalja.com.br\/arquivo\/wp-json\/wp\/v2\/posts\/38170\/revisions"}],"wp:attachment":[{"href":"https:\/\/www.jornalja.com.br\/arquivo\/wp-json\/wp\/v2\/media?parent=38170"}],"wp:term":[{"taxonomy":"category","embeddable":true,"href":"https:\/\/www.jornalja.com.br\/arquivo\/wp-json\/wp\/v2\/categories?post=38170"},{"taxonomy":"post_tag","embeddable":true,"href":"https:\/\/www.jornalja.com.br\/arquivo\/wp-json\/wp\/v2\/tags?post=38170"}],"curies":[{"name":"wp","href":"https:\/\/api.w.org\/{rel}","templated":true}]}}