{"id":38191,"date":"2016-08-24T21:17:04","date_gmt":"2016-08-25T00:17:04","guid":{"rendered":"https:\/\/www.jornalja.com.br\/?p=38191"},"modified":"2016-08-24T21:17:04","modified_gmt":"2016-08-25T00:17:04","slug":"documentarios-na-programacao-da-sala-redencao-em-setembro","status":"publish","type":"post","link":"https:\/\/www.jornalja.com.br\/arquivo\/documentarios-na-programacao-da-sala-redencao-em-setembro\/","title":{"rendered":"Document\u00e1rios na programa\u00e7\u00e3o da Sala Reden\u00e7\u00e3o em setembro"},"content":{"rendered":"<p><figure id=\"attachment_38193\" aria-describedby=\"caption-attachment-38193\" style=\"width: 346px\" class=\"wp-caption alignright\"><img loading=\"lazy\" decoding=\"async\" class=\" wp-image-38193\" src=\"https:\/\/www.jornalja.com.br\/wp-content\/uploads\/2016\/08\/ultimasconversas01-300x146.jpg\" alt=\"\u00daltimas Conversas, derradeiro longa de Eduardo Coutinho\" width=\"346\" height=\"174\" \/><figcaption id=\"caption-attachment-38193\" class=\"wp-caption-text\">\u00daltimas Conversas, derradeiro longa de Eduardo Coutinho<\/figcaption><\/figure><br \/>\nQuatro document\u00e1rios, de diferentes partes do mundo, realizados entre 2010 e 2015 no Cine Universit\u00e1rio de setembro, na Sala Reden\u00e7\u00e3o, com entrada franca.<br \/>\n<em>\u00daltimas Conversas<\/em> (2015) abre a programa\u00e7\u00e3o. Neste que foi seu \u00faltimo\u00a0longa, o diretor Eduardo Coutinho se debru\u00e7ou sobre o universo de jovens entre 16 e 18 anos do ensino m\u00e9dio de escolas p\u00fablicas do Rio de janeiro.<br \/>\nEm fun\u00e7\u00e3o da tr\u00e1gica morte do realizador, o filme acabou sendo finalizado por dois de seus grandes colaboradores: Jo\u00e3o Moreira Salles e Jordana Berg.<br \/>\nTamb\u00e9m presente na programa\u00e7\u00e3o, o m\u00e9dia-metragem <em>Jornada ao Oeste<\/em> (2014), dire\u00e7\u00e3o de Tsai Ming-liang, \u00e9 mais um cap\u00edtulo de uma s\u00e9rie que o diretor realiza desde 2012, apresentando a performance de um monge tailand\u00eas que caminha pelas ruas de cidades movimentadas.\u00a0<span style=\"font-weight: 300\">Neste filme a cidade escolhida e Marseille, na Fran\u00e7a. Uma <\/span><em style=\"font-weight: 300\">performance art<\/em><span style=\"font-weight: 300\"> sobre o encontro e o movimento de duas culturas com velocidades diferentes. Dois outros importantes document\u00e1rios est\u00e3o presentes na programa\u00e7\u00e3o. <\/span><br \/>\n<em style=\"font-weight: 300\">A caverna dos Sonhos esquecidos<\/em><span style=\"font-weight: 300\"> (2010) do realizador alem\u00e3o Werner Herzog, e <\/span><em style=\"font-weight: 300\">Nostalgia da Luz<\/em><span style=\"font-weight: 300\"> (2010) do diretor chileno Patr\u00edcio Guzm\u00e1n. O filme de Werzog nos brinda com a possibilidade de conhecer a caverna de Chauvet, descoberta em 1994 no sul da Fran\u00e7a, que esconde no seu interior um verdadeiro tesouro arqueol\u00f3gico quase intocado. Poucos pesquisadores t\u00eam permiss\u00e3o para visitar a caverna, algo que Herzog e sua equipe conseguiram. <\/span><br \/>\n<span style=\"font-weight: 300\">Imposs\u00edvel ficar indiferente \u00e0 beleza dos desenhos e formas geol\u00f3gicas de mundo \u00e0 parte e de um ambiente praticamente intoc\u00e1vel por milhares de anos. Uma pena n\u00e3o ser poss\u00edvel a vers\u00e3o em 3D que, nesse caso, se justifica pela sensa\u00e7\u00e3o dada ao espectador de participar ativamente da visita \u00e0 caverna. <\/span><em style=\"font-weight: 300\">Nostalgia da luz<\/em><span style=\"font-weight: 300\"> fecha a programa\u00e7\u00e3o. Neste filme, o realizador Patr\u00edcio Gusman, importante diretor de v\u00e1rios document\u00e1rios sobre a situa\u00e7\u00e3o pol\u00edtica do Chile (entre eles a trilogia <\/span><em style=\"font-weight: 300\">A Batalha do Chile<\/em><span style=\"font-weight: 300\">), vai at\u00e9 o deserto de Atacama para de l\u00e1 desenterrar mais uma parte da hist\u00f3ria escondida da ditadura de Pinochet.<\/span><br \/>\n&nbsp;<br \/>\n<strong>Em cartaz: Document\u00e1rios<\/strong><br \/>\n<strong>1 a 13 de setembro, na\u00a0<\/strong><strong>Sala Reden\u00e7\u00e3o \u2013 Cinema Universit\u00e1rio <\/strong><br \/>\n<strong>(Rua Eng. Luiz Englert, s\/n., Campus Central UFRGS)<\/strong><br \/>\n<strong>Entrada Franca<\/strong><br \/>\n<strong>\u00daltimas Conversas<\/strong> (Brasil, 2015, 87 min) Dir. Eduardo Coutinho<br \/>\n<strong>01 de setembro- quinta-feira &#8211; 16h<\/strong><br \/>\n<strong>06 de setembro- ter\u00e7a-feira &#8211; 19h<\/strong><br \/>\n<strong>08 de setembro- quinta-feira \u2013 16h<\/strong><br \/>\n<strong>13 de setembro- ter\u00e7a-feira &#8211; 19h<\/strong><br \/>\nEntrevistas com estudantes do ensino m\u00e9dio p\u00fablico do Rio de Janeiro, com perguntas sobre suas vidas e expectativas para o futuro.<br \/>\n&nbsp;<br \/>\n<strong>Jornada ao Oeste<\/strong> (Xi You, Fran\u00e7a\/Taiwan, 2014, 56 min) Dir.\u00a0Ming-liang Tsai<br \/>\n<strong>01 de setembro- quinta-feira \u2013 19h<\/strong><br \/>\n<strong>02 de setembro- sexta-feira \u2013 16h<\/strong><br \/>\n<strong>08 de setembro- quinta-feira \u2013 19h<\/strong><br \/>\n<strong>09 de setembro- sexta-feira \u2013 16h<\/strong><br \/>\nUm monge vestido de vermelho caminha lentamente pelas ruas e pra\u00e7as de uma cidade.<br \/>\n&nbsp;<br \/>\n<strong>Nostalgia da Luz<\/strong> (Nostalgia de la Luz, Fran\u00e7a\/Chile\/Alemanha\/Espanha\/Estados Unidos, 2010, 90 min) Dir. Patricio Guzm\u00e1n<br \/>\n<strong>02 de setembro- sexta-feira \u2013 19h<\/strong><br \/>\n<strong>05 de setembro- segunda-feira \u2013 16h<\/strong><br \/>\n<strong>09 de setembro- sexta-feira \u2013 19h<\/strong><br \/>\n<strong>12 de setembro- segunda-feira \u2013 16h<\/strong><br \/>\nNo deserto do Atacama, astr\u00f4nomos de todo mundo observam as estrelas enquanto mulheres procuram seus parentes, desaparecidos na ditadura chilena.<br \/>\n&nbsp;<br \/>\n<strong>A Caverna dos Sonhos Esquecidos<\/strong> (Cave of Forgotten Dreams, Canad\u00e1\/Estados Unidos\/Fran\u00e7a\/Alemanha\/Reino Unido, 2010, 90 min) Dir. Werner Herzog<br \/>\n<strong>05 de setembro- segunda-feira \u2013 19h<\/strong><br \/>\n<strong>06 de setembro- ter\u00e7a-feira \u2013 16h<\/strong><br \/>\n<strong>12 de setembro- segunda-feira \u2013 19h<\/strong><br \/>\n<strong>13 de setembro- ter\u00e7a-feira \u2013 16h<\/strong><br \/>\nFilmagens do interior da caverna Chauvet, no sul da Fran\u00e7a, onde, em 1994, foram encontrados centenas de desenhos rupestres, datados de cerca de trinta mil anos atr\u00e1s.<br \/>\n<strong>\u00a0 \u00a0 \u00a0 \u00a0 \u00a0 \u00a0 \u00a0 \u00a0 \u00a0 \u00a0 \u00a0 \u00a0 \u00a0 \u00a0 \u00a0 \u00a0<\/strong><br \/>\n<strong><em>A<\/em><\/strong><em>p\u00f3s a sess\u00e3o do dia 05 de Setembro, segunda-feira, \u00e0s 19h, debate com Luis Edegar, professor de Hist\u00f3ria da Arte do Instituto de Artes da UFRGS.<\/em><br \/>\n&nbsp;<br \/>\n&nbsp;<\/p>\n","protected":false},"excerpt":{"rendered":"<p>Quatro document\u00e1rios, de diferentes partes do mundo, realizados entre 2010 e 2015 no Cine Universit\u00e1rio de setembro, na Sala Reden\u00e7\u00e3o, com entrada franca. \u00daltimas Conversas (2015) abre a programa\u00e7\u00e3o. Neste que foi seu \u00faltimo\u00a0longa, o diretor Eduardo Coutinho se debru\u00e7ou sobre o universo de jovens entre 16 e 18 anos do ensino m\u00e9dio de escolas [&hellip;]<\/p>\n","protected":false},"author":4,"featured_media":38192,"comment_status":"open","ping_status":"closed","sticky":false,"template":"","format":"standard","meta":{"_jetpack_newsletter_access":"","_jetpack_dont_email_post_to_subs":false,"_jetpack_newsletter_tier_id":0,"_jetpack_memberships_contains_paywalled_content":false,"_jetpack_feature_clip_id":0,"_jetpack_memberships_contains_paid_content":false,"footnotes":"","jetpack_post_was_ever_published":false},"categories":[11],"tags":[],"class_list":["post-38191","post","type-post","status-publish","format-standard","has-post-thumbnail","hentry","category-materiasecundaria"],"aioseo_notices":[],"aioseo_head":"\n\t\t<!-- All in One SEO 5.0.1.1 - aioseo.com -->\n\t<meta name=\"robots\" content=\"max-image-preview:large\" \/>\n\t<meta name=\"author\" content=\"da Reda\u00e7\u00e3o\"\/>\n\t<link rel=\"canonical\" href=\"https:\/\/www.jornalja.com.br\/arquivo\/documentarios-na-programacao-da-sala-redencao-em-setembro\/\" \/>\n\t<meta name=\"generator\" content=\"All in One SEO (AIOSEO) 5.0.1.1\" \/>\n\t\t<meta property=\"og:locale\" content=\"pt_BR\" \/>\n\t\t<meta property=\"og:site_name\" content=\"Arquivo | Jornal J\u00c1 | Porto Alegre\" \/>\n\t\t<meta property=\"og:type\" content=\"article\" \/>\n\t\t<meta property=\"og:title\" content=\"Document\u00e1rios na programa\u00e7\u00e3o da Sala Reden\u00e7\u00e3o em setembro | Arquivo\" \/>\n\t\t<meta property=\"og:url\" content=\"https:\/\/www.jornalja.com.br\/arquivo\/documentarios-na-programacao-da-sala-redencao-em-setembro\/\" \/>\n\t\t<meta property=\"og:image\" content=\"https:\/\/www.jornalja.com.br\/wp-content\/uploads\/2016\/08\/ultimasconversas01-300x146.jpg\" \/>\n\t\t<meta property=\"og:image:secure_url\" content=\"https:\/\/www.jornalja.com.br\/wp-content\/uploads\/2016\/08\/ultimasconversas01-300x146.jpg\" \/>\n\t\t<meta property=\"article:published_time\" content=\"2016-08-25T00:17:04+00:00\" \/>\n\t\t<meta property=\"article:modified_time\" content=\"2016-08-25T00:17:04+00:00\" \/>\n\t\t<meta name=\"twitter:card\" content=\"summary\" \/>\n\t\t<meta name=\"twitter:title\" content=\"Document\u00e1rios na programa\u00e7\u00e3o da Sala Reden\u00e7\u00e3o em setembro | Arquivo\" \/>\n\t\t<meta name=\"twitter:image\" content=\"https:\/\/www.jornalja.com.br\/economics\/wp-content\/uploads\/sites\/11\/2026\/08\/ja-folhaderosto-facebook.jpg\" \/>\n\t\t<script type=\"application\/ld+json\" class=\"aioseo-schema\">\n\t\t\t{\"@context\":\"https:\\\/\\\/schema.org\",\"@graph\":[{\"@type\":\"BlogPosting\",\"@id\":\"https:\\\/\\\/www.jornalja.com.br\\\/arquivo\\\/documentarios-na-programacao-da-sala-redencao-em-setembro\\\/#blogposting\",\"name\":\"Document\\u00e1rios na programa\\u00e7\\u00e3o da Sala Reden\\u00e7\\u00e3o em setembro | Arquivo\",\"headline\":\"Document\\u00e1rios na programa\\u00e7\\u00e3o da Sala Reden\\u00e7\\u00e3o em setembro\",\"author\":{\"@id\":\"https:\\\/\\\/www.jornalja.com.br\\\/arquivo\\\/author\\\/daredacao\\\/#author\"},\"publisher\":{\"@id\":\"https:\\\/\\\/www.jornalja.com.br\\\/arquivo\\\/#organization\"},\"image\":{\"@type\":\"ImageObject\",\"url\":38192},\"datePublished\":\"2016-08-24T21:17:04-03:00\",\"dateModified\":\"2016-08-24T21:17:04-03:00\",\"inLanguage\":\"pt-BR\",\"mainEntityOfPage\":{\"@id\":\"https:\\\/\\\/www.jornalja.com.br\\\/arquivo\\\/documentarios-na-programacao-da-sala-redencao-em-setembro\\\/#webpage\"},\"isPartOf\":{\"@id\":\"https:\\\/\\\/www.jornalja.com.br\\\/arquivo\\\/documentarios-na-programacao-da-sala-redencao-em-setembro\\\/#webpage\"},\"articleSection\":\"Cultura-Geral\"},{\"@type\":\"BreadcrumbList\",\"@id\":\"https:\\\/\\\/www.jornalja.com.br\\\/arquivo\\\/documentarios-na-programacao-da-sala-redencao-em-setembro\\\/#breadcrumblist\",\"itemListElement\":[{\"@type\":\"ListItem\",\"@id\":\"https:\\\/\\\/www.jornalja.com.br\\\/arquivo#listItem\",\"position\":1,\"name\":\"Home\",\"item\":\"https:\\\/\\\/www.jornalja.com.br\\\/arquivo\",\"nextItem\":{\"@type\":\"ListItem\",\"@id\":\"https:\\\/\\\/www.jornalja.com.br\\\/arquivo\\\/category\\\/materiasecundaria\\\/#listItem\",\"name\":\"Cultura-Geral\"}},{\"@type\":\"ListItem\",\"@id\":\"https:\\\/\\\/www.jornalja.com.br\\\/arquivo\\\/category\\\/materiasecundaria\\\/#listItem\",\"position\":2,\"name\":\"Cultura-Geral\",\"item\":\"https:\\\/\\\/www.jornalja.com.br\\\/arquivo\\\/category\\\/materiasecundaria\\\/\",\"nextItem\":{\"@type\":\"ListItem\",\"@id\":\"https:\\\/\\\/www.jornalja.com.br\\\/arquivo\\\/documentarios-na-programacao-da-sala-redencao-em-setembro\\\/#listItem\",\"name\":\"Document\\u00e1rios na programa\\u00e7\\u00e3o da Sala Reden\\u00e7\\u00e3o em setembro\"},\"previousItem\":{\"@type\":\"ListItem\",\"@id\":\"https:\\\/\\\/www.jornalja.com.br\\\/arquivo#listItem\",\"name\":\"Home\"}},{\"@type\":\"ListItem\",\"@id\":\"https:\\\/\\\/www.jornalja.com.br\\\/arquivo\\\/documentarios-na-programacao-da-sala-redencao-em-setembro\\\/#listItem\",\"position\":3,\"name\":\"Document\\u00e1rios na programa\\u00e7\\u00e3o da Sala Reden\\u00e7\\u00e3o em setembro\",\"previousItem\":{\"@type\":\"ListItem\",\"@id\":\"https:\\\/\\\/www.jornalja.com.br\\\/arquivo\\\/category\\\/materiasecundaria\\\/#listItem\",\"name\":\"Cultura-Geral\"}}]},{\"@type\":\"Organization\",\"@id\":\"https:\\\/\\\/www.jornalja.com.br\\\/arquivo\\\/#organization\",\"name\":\"Jornal J\\u00c1\",\"description\":\"Jornal J\\u00c1 | Porto Alegre\",\"url\":\"https:\\\/\\\/www.jornalja.com.br\\\/arquivo\\\/\",\"telephone\":\"+555133307272\",\"logo\":{\"@type\":\"ImageObject\",\"url\":\"https:\\\/\\\/www.jornalja.com.br\\\/wp-content\\\/uploads\\\/cards\\\/JAslogan.png\",\"@id\":\"https:\\\/\\\/www.jornalja.com.br\\\/arquivo\\\/documentarios-na-programacao-da-sala-redencao-em-setembro\\\/#organizationLogo\"},\"image\":{\"@id\":\"https:\\\/\\\/www.jornalja.com.br\\\/arquivo\\\/documentarios-na-programacao-da-sala-redencao-em-setembro\\\/#organizationLogo\"}},{\"@type\":\"Person\",\"@id\":\"https:\\\/\\\/www.jornalja.com.br\\\/arquivo\\\/author\\\/daredacao\\\/#author\",\"url\":\"https:\\\/\\\/www.jornalja.com.br\\\/arquivo\\\/author\\\/daredacao\\\/\",\"name\":\"da Reda\\u00e7\\u00e3o\",\"image\":{\"@type\":\"ImageObject\",\"@id\":\"https:\\\/\\\/www.jornalja.com.br\\\/arquivo\\\/documentarios-na-programacao-da-sala-redencao-em-setembro\\\/#authorImage\",\"url\":\"https:\\\/\\\/secure.gravatar.com\\\/avatar\\\/469fd857d6605ad19919d27ed29d35a968a25f6e8fd9318356bbb7f57aae9c65?s=96&d=mm&r=g\",\"width\":96,\"height\":96,\"caption\":\"da Reda\\u00e7\\u00e3o\"}},{\"@type\":\"WebPage\",\"@id\":\"https:\\\/\\\/www.jornalja.com.br\\\/arquivo\\\/documentarios-na-programacao-da-sala-redencao-em-setembro\\\/#webpage\",\"url\":\"https:\\\/\\\/www.jornalja.com.br\\\/arquivo\\\/documentarios-na-programacao-da-sala-redencao-em-setembro\\\/\",\"name\":\"Document\\u00e1rios na programa\\u00e7\\u00e3o da Sala Reden\\u00e7\\u00e3o em setembro | Arquivo\",\"inLanguage\":\"pt-BR\",\"isPartOf\":{\"@id\":\"https:\\\/\\\/www.jornalja.com.br\\\/arquivo\\\/#website\"},\"breadcrumb\":{\"@id\":\"https:\\\/\\\/www.jornalja.com.br\\\/arquivo\\\/documentarios-na-programacao-da-sala-redencao-em-setembro\\\/#breadcrumblist\"},\"author\":{\"@id\":\"https:\\\/\\\/www.jornalja.com.br\\\/arquivo\\\/author\\\/daredacao\\\/#author\"},\"creator\":{\"@id\":\"https:\\\/\\\/www.jornalja.com.br\\\/arquivo\\\/author\\\/daredacao\\\/#author\"},\"image\":{\"@type\":\"ImageObject\",\"url\":38192,\"@id\":\"https:\\\/\\\/www.jornalja.com.br\\\/arquivo\\\/documentarios-na-programacao-da-sala-redencao-em-setembro\\\/#mainImage\"},\"primaryImageOfPage\":{\"@id\":\"https:\\\/\\\/www.jornalja.com.br\\\/arquivo\\\/documentarios-na-programacao-da-sala-redencao-em-setembro\\\/#mainImage\"},\"datePublished\":\"2016-08-24T21:17:04-03:00\",\"dateModified\":\"2016-08-24T21:17:04-03:00\"},{\"@type\":\"WebSite\",\"@id\":\"https:\\\/\\\/www.jornalja.com.br\\\/arquivo\\\/#website\",\"url\":\"https:\\\/\\\/www.jornalja.com.br\\\/arquivo\\\/\",\"name\":\"Arquivo\",\"description\":\"Jornal J\\u00c1 | Porto Alegre\",\"inLanguage\":\"pt-BR\",\"publisher\":{\"@id\":\"https:\\\/\\\/www.jornalja.com.br\\\/arquivo\\\/#organization\"}}]}\n\t\t<\/script>\n\t\t<!-- All in One SEO -->\n\n","aioseo_head_json":{"title":"Document\u00e1rios na programa\u00e7\u00e3o da Sala Reden\u00e7\u00e3o em setembro | Arquivo","description":"","canonical_url":"https:\/\/www.jornalja.com.br\/arquivo\/documentarios-na-programacao-da-sala-redencao-em-setembro\/","robots":"max-image-preview:large","keywords":"","webmasterTools":{"miscellaneous":""},"schema":{"@context":"https:\/\/schema.org","@graph":[{"@type":"BlogPosting","@id":"https:\/\/www.jornalja.com.br\/arquivo\/documentarios-na-programacao-da-sala-redencao-em-setembro\/#blogposting","name":"Document\u00e1rios na programa\u00e7\u00e3o da Sala Reden\u00e7\u00e3o em setembro | Arquivo","headline":"Document\u00e1rios na programa\u00e7\u00e3o da Sala Reden\u00e7\u00e3o em setembro","author":{"@id":"https:\/\/www.jornalja.com.br\/arquivo\/author\/daredacao\/#author"},"publisher":{"@id":"https:\/\/www.jornalja.com.br\/arquivo\/#organization"},"image":{"@type":"ImageObject","url":38192},"datePublished":"2016-08-24T21:17:04-03:00","dateModified":"2016-08-24T21:17:04-03:00","inLanguage":"pt-BR","mainEntityOfPage":{"@id":"https:\/\/www.jornalja.com.br\/arquivo\/documentarios-na-programacao-da-sala-redencao-em-setembro\/#webpage"},"isPartOf":{"@id":"https:\/\/www.jornalja.com.br\/arquivo\/documentarios-na-programacao-da-sala-redencao-em-setembro\/#webpage"},"articleSection":"Cultura-Geral"},{"@type":"BreadcrumbList","@id":"https:\/\/www.jornalja.com.br\/arquivo\/documentarios-na-programacao-da-sala-redencao-em-setembro\/#breadcrumblist","itemListElement":[{"@type":"ListItem","@id":"https:\/\/www.jornalja.com.br\/arquivo#listItem","position":1,"name":"Home","item":"https:\/\/www.jornalja.com.br\/arquivo","nextItem":{"@type":"ListItem","@id":"https:\/\/www.jornalja.com.br\/arquivo\/category\/materiasecundaria\/#listItem","name":"Cultura-Geral"}},{"@type":"ListItem","@id":"https:\/\/www.jornalja.com.br\/arquivo\/category\/materiasecundaria\/#listItem","position":2,"name":"Cultura-Geral","item":"https:\/\/www.jornalja.com.br\/arquivo\/category\/materiasecundaria\/","nextItem":{"@type":"ListItem","@id":"https:\/\/www.jornalja.com.br\/arquivo\/documentarios-na-programacao-da-sala-redencao-em-setembro\/#listItem","name":"Document\u00e1rios na programa\u00e7\u00e3o da Sala Reden\u00e7\u00e3o em setembro"},"previousItem":{"@type":"ListItem","@id":"https:\/\/www.jornalja.com.br\/arquivo#listItem","name":"Home"}},{"@type":"ListItem","@id":"https:\/\/www.jornalja.com.br\/arquivo\/documentarios-na-programacao-da-sala-redencao-em-setembro\/#listItem","position":3,"name":"Document\u00e1rios na programa\u00e7\u00e3o da Sala Reden\u00e7\u00e3o em setembro","previousItem":{"@type":"ListItem","@id":"https:\/\/www.jornalja.com.br\/arquivo\/category\/materiasecundaria\/#listItem","name":"Cultura-Geral"}}]},{"@type":"Organization","@id":"https:\/\/www.jornalja.com.br\/arquivo\/#organization","name":"Jornal J\u00c1","description":"Jornal J\u00c1 | Porto Alegre","url":"https:\/\/www.jornalja.com.br\/arquivo\/","telephone":"+555133307272","logo":{"@type":"ImageObject","url":"https:\/\/www.jornalja.com.br\/wp-content\/uploads\/cards\/JAslogan.png","@id":"https:\/\/www.jornalja.com.br\/arquivo\/documentarios-na-programacao-da-sala-redencao-em-setembro\/#organizationLogo"},"image":{"@id":"https:\/\/www.jornalja.com.br\/arquivo\/documentarios-na-programacao-da-sala-redencao-em-setembro\/#organizationLogo"}},{"@type":"Person","@id":"https:\/\/www.jornalja.com.br\/arquivo\/author\/daredacao\/#author","url":"https:\/\/www.jornalja.com.br\/arquivo\/author\/daredacao\/","name":"da Reda\u00e7\u00e3o","image":{"@type":"ImageObject","@id":"https:\/\/www.jornalja.com.br\/arquivo\/documentarios-na-programacao-da-sala-redencao-em-setembro\/#authorImage","url":"https:\/\/secure.gravatar.com\/avatar\/469fd857d6605ad19919d27ed29d35a968a25f6e8fd9318356bbb7f57aae9c65?s=96&d=mm&r=g","width":96,"height":96,"caption":"da Reda\u00e7\u00e3o"}},{"@type":"WebPage","@id":"https:\/\/www.jornalja.com.br\/arquivo\/documentarios-na-programacao-da-sala-redencao-em-setembro\/#webpage","url":"https:\/\/www.jornalja.com.br\/arquivo\/documentarios-na-programacao-da-sala-redencao-em-setembro\/","name":"Document\u00e1rios na programa\u00e7\u00e3o da Sala Reden\u00e7\u00e3o em setembro | Arquivo","inLanguage":"pt-BR","isPartOf":{"@id":"https:\/\/www.jornalja.com.br\/arquivo\/#website"},"breadcrumb":{"@id":"https:\/\/www.jornalja.com.br\/arquivo\/documentarios-na-programacao-da-sala-redencao-em-setembro\/#breadcrumblist"},"author":{"@id":"https:\/\/www.jornalja.com.br\/arquivo\/author\/daredacao\/#author"},"creator":{"@id":"https:\/\/www.jornalja.com.br\/arquivo\/author\/daredacao\/#author"},"image":{"@type":"ImageObject","url":38192,"@id":"https:\/\/www.jornalja.com.br\/arquivo\/documentarios-na-programacao-da-sala-redencao-em-setembro\/#mainImage"},"primaryImageOfPage":{"@id":"https:\/\/www.jornalja.com.br\/arquivo\/documentarios-na-programacao-da-sala-redencao-em-setembro\/#mainImage"},"datePublished":"2016-08-24T21:17:04-03:00","dateModified":"2016-08-24T21:17:04-03:00"},{"@type":"WebSite","@id":"https:\/\/www.jornalja.com.br\/arquivo\/#website","url":"https:\/\/www.jornalja.com.br\/arquivo\/","name":"Arquivo","description":"Jornal J\u00c1 | Porto Alegre","inLanguage":"pt-BR","publisher":{"@id":"https:\/\/www.jornalja.com.br\/arquivo\/#organization"}}]},"og:locale":"pt_BR","og:site_name":"Arquivo | Jornal J\u00c1 | Porto Alegre","og:type":"article","og:title":"Document\u00e1rios na programa\u00e7\u00e3o da Sala Reden\u00e7\u00e3o em setembro | Arquivo","og:url":"https:\/\/www.jornalja.com.br\/arquivo\/documentarios-na-programacao-da-sala-redencao-em-setembro\/","og:image":"https:\/\/www.jornalja.com.br\/wp-content\/uploads\/2016\/08\/ultimasconversas01-300x146.jpg","og:image:secure_url":"https:\/\/www.jornalja.com.br\/wp-content\/uploads\/2016\/08\/ultimasconversas01-300x146.jpg","article:published_time":"2016-08-25T00:17:04+00:00","article:modified_time":"2016-08-25T00:17:04+00:00","twitter:card":"summary","twitter:title":"Document\u00e1rios na programa\u00e7\u00e3o da Sala Reden\u00e7\u00e3o em setembro | Arquivo","twitter:image":"https:\/\/www.jornalja.com.br\/economics\/wp-content\/uploads\/sites\/11\/2026\/08\/ja-folhaderosto-facebook.jpg"},"aioseo_meta_data":{"post_id":"38191","title":null,"description":null,"keywords":null,"keyphrases":null,"primary_term":null,"canonical_url":null,"og_title":null,"og_description":null,"og_object_type":"default","og_image_type":"default","og_image_url":null,"og_image_width":null,"og_image_height":null,"og_image_custom_url":null,"og_image_custom_fields":null,"og_video":null,"og_custom_url":null,"og_article_section":null,"og_article_tags":null,"twitter_use_og":false,"twitter_card":"default","twitter_image_type":"default","twitter_image_url":null,"twitter_image_custom_url":null,"twitter_image_custom_fields":null,"twitter_title":null,"twitter_description":null,"schema":{"blockGraphs":[],"customGraphs":[],"default":{"data":{"Article":[],"Course":[],"Dataset":[],"FAQPage":[],"Movie":[],"Person":[],"Product":[],"ProductReview":[],"Car":[],"Recipe":[],"Service":[],"SoftwareApplication":[],"WebPage":[]},"graphName":"","isEnabled":true},"graphs":[],"defaultGraph":"","defaultPostTypeGraph":""},"schema_type":null,"schema_type_options":null,"pillar_content":false,"robots_default":true,"robots_noindex":false,"robots_noarchive":false,"robots_nosnippet":false,"robots_nofollow":false,"robots_noimageindex":false,"robots_noodp":false,"robots_notranslate":false,"robots_max_snippet":null,"robots_max_videopreview":null,"robots_max_imagepreview":"large","priority":null,"frequency":null,"location":null,"local_seo":null,"breadcrumb_settings":null,"limit_modified_date":false,"ai":null,"created":"2020-12-20 20:52:02","updated":"2025-07-19 16:15:24","seo_analyzer_scan_date":null,"focus_keyword":null,"additional_keywords":null,"truseo_locale":null},"jetpack_sharing_enabled":true,"jetpack-related-posts":[{"id":13124,"url":"https:\/\/www.jornalja.com.br\/arquivo\/sangue-latino-no-iecine\/","url_meta":{"origin":38191,"position":0},"title":"Sangue latino no IECINE","author":"da Reda\u00e7\u00e3o","date":"18 de maio de 2014","format":false,"excerpt":"Francisco Ribeiro O Instituto Estadual de Cinema (IECINE) tem a frente, desde abril \u00faltimo, um novo diretor, o cineasta colombiano Juan Zapata, 36, que substitui Luiz Alberto Cassol. Radicado h\u00e1 dez anos em Porto Alegre, Zapata tem diante de si o desafio de conduzir at\u00e9 o final do ano um\u2026","rel":"","context":"Em &quot;Cultura-Geral&quot;","block_context":{"text":"Cultura-Geral","link":"https:\/\/www.jornalja.com.br\/arquivo\/category\/materiasecundaria\/"},"img":{"alt_text":"","src":"","width":0,"height":0},"classes":[]},{"id":5440,"url":"https:\/\/www.jornalja.com.br\/arquivo\/casarao-da-venancio-destino-permanece-incerto\/","url_meta":{"origin":38191,"position":1},"title":"Estado ainda n\u00e3o sabe o que fazer com casar\u00e3o abandonado h\u00e1 20 anos","author":"Elmar Bones","date":"6 de julho de 2009","format":false,"excerpt":"O casar\u00e3o amarelo, numa esquina nobre de Porto Alegre (Ven\u00e2ncio Aires com Jo\u00e3o Pessoa), j\u00e1 abrigou uma escola. H\u00e1 duas d\u00e9cadas, pelo menos, est\u00e1 abandonado, porque seu propriet\u00e1rio, o governo do Estado do Rio Grande do Sul, n\u00e3o consegue achar um destino para ele. Planos n\u00e3o faltaram. O governador Ol\u00edvio\u2026","rel":"","context":"Em &quot;X.Categorias velhas&quot;","block_context":{"text":"X.Categorias velhas","link":"https:\/\/www.jornalja.com.br\/arquivo\/category\/x-categorias-velhas\/"},"img":{"alt_text":"geraldo1","src":"https:\/\/i0.wp.com\/www.jornalja.com.br\/wp-content\/uploads\/2009\/07\/geraldo1.jpg?resize=350%2C200&ssl=1","width":350,"height":200},"classes":[]},{"id":13240,"url":"https:\/\/www.jornalja.com.br\/arquivo\/plano-diretor-estamos-construindo-o-caos\/","url_meta":{"origin":38191,"position":2},"title":"Plano diretor: &quot;Estamos construindo o caos&quot;","author":"Patr\u00edcia Marini","date":"26 de maio de 2014","format":false,"excerpt":"Desabafo que arquiteta Eliana Castilhos, delegada da Regi\u00e3o de Planejamento 1, postou nas redes sociais \u00e9 um testemunho do ambiente que se criou no Conselho do Plano Diretor de Porto Alegre, onde a aprova\u00e7\u00e3o de grandes empreendimentos \u00e9 empurrada guela abaixo dos conselheiros. Ao CMDUA Como delegada da Regi\u00e3o de\u2026","rel":"","context":"Em &quot;Geral&quot;","block_context":{"text":"Geral","link":"https:\/\/www.jornalja.com.br\/arquivo\/category\/geral\/"},"img":{"alt_text":"","src":"","width":0,"height":0},"classes":[]},{"id":14241,"url":"https:\/\/www.jornalja.com.br\/arquivo\/o-guaiba-nas-imagens-poeticas-de-achutti\/","url_meta":{"origin":38191,"position":3},"title":"O Gua\u00edba nas imagens po\u00e9ticas de Achutti","author":"da Reda\u00e7\u00e3o","date":"18 de junho de 2014","format":false,"excerpt":"Em \u201cO Gua\u00edba por Achutti\u201d \u2013 obra financiada via Minist\u00e9rio da Cultura, produ\u00e7\u00e3o executiva de Pedro Longhi, e Fl\u00e1vio Wild como designer \u2013, o fot\u00f3grafo revela a beleza e as mazelas de um espa\u00e7o aqu\u00e1tico de \u00e1guas sempre renovadas, cheio de hist\u00f3rias e lendas como as das cidades que foram\u2026","rel":"","context":"Em &quot;Cultura-Geral&quot;","block_context":{"text":"Cultura-Geral","link":"https:\/\/www.jornalja.com.br\/arquivo\/category\/materiasecundaria\/"},"img":{"alt_text":"","src":"","width":0,"height":0},"classes":[]},{"id":13239,"url":"https:\/\/www.jornalja.com.br\/arquivo\/conselho-desdenha-do-plano-diretor\/","url_meta":{"origin":38191,"position":4},"title":"Porto Alegre: Conselho detona Plano Diretor","author":"Patr\u00edcia Marini","date":"25 de maio de 2014","format":false,"excerpt":"Den\u00fancia do arquiteto e \u00a0urbanista Ibir\u00e1 Santos Lucas. Ele diz que os conselheiros est\u00e3o votando com \"enorme irresponsabilidade\". \"Mudam regime com a maior naturalidade,,,regularizam absurdos de constru\u00e7\u00f5es irregulares... \"O CMDUA est\u00e1 flexibilizando a lei do plano diretor, de uma forma impactante na vida da cidade. Mudam regime com a maior\u2026","rel":"","context":"Em &quot;Geral&quot;","block_context":{"text":"Geral","link":"https:\/\/www.jornalja.com.br\/arquivo\/category\/geral\/"},"img":{"alt_text":"","src":"","width":0,"height":0},"classes":[]},{"id":13101,"url":"https:\/\/www.jornalja.com.br\/arquivo\/morre-um-guerreiro-do-texto\/","url_meta":{"origin":38191,"position":5},"title":"Morre um guerreiro do texto","author":"Patr\u00edcia Marini","date":"14 de maio de 2014","format":false,"excerpt":"Por Ricardo Kotscho Reproduzido do blog do autor, 11\/5\/2014; t\u00edtulo original \u201cE l\u00e1 se foi o nosso Myltainho, guerreiro do texto\u201d. Mi\u00fado e franzino, meu amigo Myltainho era um valente e inconformado guerreiro na luta contra as injusti\u00e7as sociais, a hipocrisia, as maracutaias, o autoritarismo, a intoler\u00e2ncia, a viol\u00eancia, o\u2026","rel":"","context":"Em &quot;Geral&quot;","block_context":{"text":"Geral","link":"https:\/\/www.jornalja.com.br\/arquivo\/category\/geral\/"},"img":{"alt_text":"","src":"","width":0,"height":0},"classes":[]}],"jetpack_shortlink":"https:\/\/wp.me\/pbQjBd-9VZ","jetpack_featured_media_url":"","_links":{"self":[{"href":"https:\/\/www.jornalja.com.br\/arquivo\/wp-json\/wp\/v2\/posts\/38191","targetHints":{"allow":["GET"]}}],"collection":[{"href":"https:\/\/www.jornalja.com.br\/arquivo\/wp-json\/wp\/v2\/posts"}],"about":[{"href":"https:\/\/www.jornalja.com.br\/arquivo\/wp-json\/wp\/v2\/types\/post"}],"author":[{"embeddable":true,"href":"https:\/\/www.jornalja.com.br\/arquivo\/wp-json\/wp\/v2\/users\/4"}],"replies":[{"embeddable":true,"href":"https:\/\/www.jornalja.com.br\/arquivo\/wp-json\/wp\/v2\/comments?post=38191"}],"version-history":[{"count":0,"href":"https:\/\/www.jornalja.com.br\/arquivo\/wp-json\/wp\/v2\/posts\/38191\/revisions"}],"wp:attachment":[{"href":"https:\/\/www.jornalja.com.br\/arquivo\/wp-json\/wp\/v2\/media?parent=38191"}],"wp:term":[{"taxonomy":"category","embeddable":true,"href":"https:\/\/www.jornalja.com.br\/arquivo\/wp-json\/wp\/v2\/categories?post=38191"},{"taxonomy":"post_tag","embeddable":true,"href":"https:\/\/www.jornalja.com.br\/arquivo\/wp-json\/wp\/v2\/tags?post=38191"}],"curies":[{"name":"wp","href":"https:\/\/api.w.org\/{rel}","templated":true}]}}