{"id":38673,"date":"2016-09-05T02:13:28","date_gmt":"2016-09-05T05:13:28","guid":{"rendered":"https:\/\/www.jornalja.com.br\/?p=38673"},"modified":"2016-09-05T02:13:28","modified_gmt":"2016-09-05T05:13:28","slug":"a-sessao-final-do-golpe-com-nome-de-impeachment-no-senado-epilogo-da-operacao-cafe-filho","status":"publish","type":"post","link":"https:\/\/www.jornalja.com.br\/arquivo\/a-sessao-final-do-golpe-com-nome-de-impeachment-no-senado-epilogo-da-operacao-cafe-filho\/","title":{"rendered":"A sess\u00e3o final do golpe com nome de impeachment no Senado \u2013 ep\u00edlogo da Opera\u00e7\u00e3o Caf\u00e9 Filho"},"content":{"rendered":"<p><strong><span class=\"assinatura\">Bruno\u00a0Lima Rocha<\/span><\/strong><br \/>\nNo final da manh\u00e3 e in\u00edcio da tarde de quarta feira, 31 de agosto de 2016, o Brasil assistiu pela televis\u00e3o aberta e por assinatura, a destitui\u00e7\u00e3o da presidente Dilma Rousseff, com pouco mais de um ano e meio decorridos de seu segundo mandato. A trai\u00e7\u00e3o teve como um dos piv\u00f4s o pr\u00f3prio vice, Michel Temer, eleito e reeleito junto \u00e0 Dilma, com a b\u00ean\u00e7\u00e3o de Lula e da dire\u00e7\u00e3o nacional do PT. Neste breve texto, trago algumas evid\u00eancias, categorias e debates os quais entendo como urgentemente necess\u00e1rios.<br \/>\n<span class=\"intertit\">Impeachment Consumado<\/span><br \/>\nPor 61 votos a favor e 20 contr\u00e1rios no Senado, o governo de Dilma Rousseff em seu segundo mandato foi encerrado. Assim, est\u00e1 consumada a dupla trai\u00e7\u00e3o. A primeira derruba um governo eleito; a segunda trai\u00e7\u00e3o \u00e9 o pre\u00e7o que a ex-esquerda paga por confiar em oligarcas. Os entreguistas viralatas comemoram.<br \/>\nNo momento da defesa da preserva\u00e7\u00e3o dos direitos pol\u00edticos de Dilma Rousseff, o senador Lindbergh Farias (PT-RJ) esteve milagrosamente certo na analogia. Os golpistas parlamentares de 1964 comemoram. Auro de Moura Andrade sorri no inferno. Ranieri Mazzilli o cumprimenta ao lado de Lincoln Gordon (embaixador dos EUA no Brasil) e Castello Branco (marechal escolhido por Washington para assumir o cargo de presidente no Brasil). E, como em 1964, o povo n\u00e3o foi convocado a resistir. Em 1964, porque o populismo sempre r\u00f3i a corda. Em 2016, porque o lulismo sequer consegue ou quer ser populista.<br \/>\nDiscursando a favor da cassa\u00e7\u00e3o dos direitos pol\u00edticos de Dilma, a senadora Ana Am\u00e9lia (PP-RS) deu o tom da distopia liberal conservadora: legalidade institucional para sangrar os direitos coletivos; esvaziar o exerc\u00edcio do Poder Executivo para que a maioria, apelando sempre para os intermedi\u00e1rios profissionais. No \u201csalve-se quem puder\u201d, os grupos de interesses \u201cprudentemente\u201d devem ir tentando alguma vantagem m\u00ednima atrav\u00e9s dos arranjos institucionais dos Estados p\u00f3s-coloniais.<br \/>\n<span class=\"intertit\">No \u00faltimo ato, em uma manobra com o aval de Renan Calheiros, Dilma fica habilitada e preserva seus direitos pol\u00edticos<\/span><br \/>\nEstamos diante de uma novidade. A cassa\u00e7\u00e3o de direitos n\u00e3o obteve maioria absoluta, tendo 42 votos favor\u00e1veis, 36 contr\u00e1rios e tr\u00eas absten\u00e7\u00f5es. Logo, n\u00e3o obteve a maioria absoluta de dois ter\u00e7os no Senado, sendo preservadas as possibilidades de exerc\u00edcio de fun\u00e7\u00f5es p\u00fablicas para a presidente deposta, mas n\u00e3o cassada. Logo, est\u00e1 instaurado um per\u00edodo de absoluta instabilidade pol\u00edtica no jogo eleitoral-burgu\u00eas brasileiro. Dilma Rousseff pode ser eleita para cargos p\u00fablicos &#8211; h\u00e1 quest\u00e3o de compreens\u00e3o e interpreta\u00e7\u00e3o jur\u00eddica &#8211; e pode estar no p\u00e1reo das disputas eleitorais abertas, al\u00e9m de poder operar como puxadora de votos em 2018. O lulismo perde, mas n\u00e3o perde tudo.<br \/>\nCom esta manobra, Michel Temer acaba de perder o governo de fato, ao menos em sua totalidade. Renan Calheiros tira do interino golpista a condi\u00e7\u00e3o de governar, deixando o vice-presidente usurpador entregue ao PSDB. Esta condi\u00e7\u00e3o de &#8220;governabilidade\u201d dura at\u00e9 o ponto em que os tucanos devorarem suas plumas visando \u00e0 elei\u00e7\u00e3o de 2018.<br \/>\n<span class=\"intertit\">N\u00e3o foi por falta de aviso: o ep\u00edlogo da Opera\u00e7\u00e3o Caf\u00e9 Filho e a melancolia de centro-esquerda<\/span><br \/>\nA presidente deposta Dilma Rousseff foi &#8220;tra\u00edda&#8221; por um oligarca, Michel Temer com origens no grupo pol\u00edtico de Adhemar de Barros, ex-governador de S\u00e3o Paulo e golpista em 1964. Considerando sua trajet\u00f3ria no nacionalismo varguista, Dilma deveria saber onde estava se metendo. Consumada a farsa da farsa, a vit\u00f3ria da Opera\u00e7\u00e3o Caf\u00e9 Filho.<br \/>\nDilma Rousseff se despede de vermelho; momento melanc\u00f3lico onde a ex-esquerda \u00e9 destitu\u00edda do Poder Executivo sem sequer arriscar uma plataforma de governo com o povo no protagonismo.<br \/>\nA alian\u00e7a de golpistas pela via parlamentar com suspeitos da Opera\u00e7\u00e3o Lava Jato veio atrav\u00e9s do rito e manto da &#8220;legalidade&#8221;, pela farsa jur\u00eddica e impeachment sem m\u00e9rito. O pior da tradi\u00e7\u00e3o do pa\u00eds dos bachar\u00e9is termina com as ilus\u00f5es &#8220;legalistas&#8221; da centro-esquerda, ou da ex-esquerda.<br \/>\nUma parte da an\u00e1lise da presidente destitu\u00edda est\u00e1 correta: existe uma dimens\u00e3o substantiva do Golpe, na agenda regressiva de direitos e um avan\u00e7o repressivo sob um v\u00e9u de &#8220;legalidade&#8221;.<br \/>\nNada veio por acaso, incluindo a baixa capacidade de resposta. Os lulistas e afins rasgaram o manual da pol\u00edtica e pactuaram com quem n\u00e3o presta sem fiar o pactuado com os oligarcas atrav\u00e9s de uma espada afiada pronta para ser desembainhada.<br \/>\nEnfim, se levaram um ditador positivista (Get\u00falio Vargas) ao suic\u00eddio em 1954, porque n\u00e3o destituiriam uma keynesiana de centro (Dilma Rousseff) para um cadafalso semelhante em 2016?! Apenas a criminosa ilus\u00e3o e inoc\u00eancia pol\u00edtica poderiam fazer crer o contr\u00e1rio.<br \/>\n<span class=\"intertit\">Aplicando uma categoriza\u00e7\u00e3o do momento vivido<\/span><br \/>\nCategorizando: trata-se de uma disputa intra-elites, quando uma elite dirigente est\u00e1 sendo destitu\u00edda do poder burgu\u00eas &#8211; embora juridicamente leg\u00edtimo &#8211; por um novo arranjo de posicionamento das elites pol\u00edticas majorit\u00e1rias e suas respectivas representa\u00e7\u00f5es de classe dominante. O povo est\u00e1 desorganizado desde 2013, quando a rebeli\u00e3o popular n\u00e3o resultou em um projeto de maioria apontando sa\u00eddas para al\u00e9m do jogo das urnas burguesas.<br \/>\nO governo que est\u00e1 sendo derrubado n\u00e3o \u00e9 de esquerda, sequer \u00e9 de centro-esquerda ou populista e tem no m\u00e1ximo, tra\u00e7os de nacionalismo aut\u00f4nomo. Com sua destitui\u00e7\u00e3o, o modelo liberal-perif\u00e9rico vai se aprofundar ap\u00f3s a posse definitiva dos interinos golpistas, reposicionando o Brasil no Sistema Internacional, aumentando o grau de subservi\u00eancia e encurtando as margens de manobra.<br \/>\nNo cen\u00e1rio dom\u00e9stico, a meta estrat\u00e9gica de quem est\u00e1 golpeando e virando a mesa &#8211; por aplicar um impeachment sem m\u00e9rito evidente &#8211; \u00e9 destravar a liberdade absoluta de capital, transnacional de prefer\u00eancia, associado, nacional, diminuindo tanto o papel do aparelho de Estado na organiza\u00e7\u00e3o do capitalismo interno como tamb\u00e9m nas perdas de regula\u00e7\u00e3o e prote\u00e7\u00e3o sociais, trabalhistas e nos direitos de 4a gera\u00e7\u00e3o.<br \/>\nConcluindo, consumado o golpe semi-parlamentarista, est\u00e1 aberto o caminho para uma ampla revis\u00e3o constitucional no sentido \u00e0 direita, aplicando uma agenda regressiva, de perda de condi\u00e7\u00f5es de vida, retomando a restaura\u00e7\u00e3o (neo)liberal da d\u00e9cada de &#8217;90 no s\u00e9culo &#8211; a que foi ainda mais perdida do que a de &#8217;80.<br \/>\nO debate estrat\u00e9gico que cabe fazer. Qual \u2018lugar a ser constru\u00eddo\u2019 as esquerdas v\u00e3o escolher? Qual o \u2018mal menor\u2019 a centro-esquerda escolhe?<br \/>\nDiante desta melanc\u00f3lica derrota pol\u00edtica e com a trai\u00e7\u00e3o da trai\u00e7\u00e3o, entendo que \u00e9 necess\u00e1rio entrar em temas de fundo, em debates de tipo estrat\u00e9gico. De forma direta, cabe perguntar. Qual utopia a centro esquerda latino-americana escolhe ou escolher\u00e1 a partir de agora? Vai seguir na aposta infundada no &#8220;aprimoramento das institui\u00e7\u00f5es&#8221; e esperar a cada 20 ou 25 anos um novo ciclo de virada de mesa por dentro do poder burgu\u00eas compartilhado e sob a influ\u00eancia direta e indireta do Imp\u00e9rio?<br \/>\nOu vai tentar ajudar criar um poder do povo organizado que, mesmo que convivendo em democracia indireta e representativa, vai estar de guarda alta e permanente para n\u00e3o deixar a mesa virar de forma t\u00e3o simples retirando direitos conquistados?<br \/>\nVale entender um pouco de estrat\u00e9gia para fundamentar a teoria e as escolhas pol\u00edticas: &#8220;O objetivo finalista subordina o m\u00e9todo segundo suas condicionalidades&#8221;, correto? Esse conceito operacional \u00e9 de Golbery do Couto e Silva. Seria bom aprender como a direita se move para poder contrapor estes movimentos. No novo ciclo de golpes &#8211; agora brancos &#8211; na Am\u00e9rica Latina, temos Venezuela, Honduras, Paraguai, tentativas na Bol\u00edvia e Equador e Brasil. E como fica a resist\u00eancia aos golpes?<br \/>\nAt\u00e9 quando os partidos eleitorais v\u00e3o operar estritamente contando com o aprimoramento das institui\u00e7\u00f5es p\u00f3s-coloniais ao inv\u00e9s de criar e ampliar institui\u00e7\u00f5es sociais decoloniais e populares?<\/p>\n","protected":false},"excerpt":{"rendered":"<p>Bruno\u00a0Lima Rocha No final da manh\u00e3 e in\u00edcio da tarde de quarta feira, 31 de agosto de 2016, o Brasil assistiu pela televis\u00e3o aberta e por assinatura, a destitui\u00e7\u00e3o da presidente Dilma Rousseff, com pouco mais de um ano e meio decorridos de seu segundo mandato. A trai\u00e7\u00e3o teve como um dos piv\u00f4s o pr\u00f3prio [&hellip;]<\/p>\n","protected":false},"author":4,"featured_media":38674,"comment_status":"open","ping_status":"closed","sticky":false,"template":"","format":"standard","meta":{"_jetpack_newsletter_access":"","_jetpack_dont_email_post_to_subs":false,"_jetpack_newsletter_tier_id":0,"_jetpack_memberships_contains_paywalled_content":false,"_jetpack_feature_clip_id":0,"_jetpack_memberships_contains_paid_content":false,"footnotes":"","jetpack_post_was_ever_published":false},"categories":[2011,2012],"tags":[],"class_list":["post-38673","post","type-post","status-publish","format-standard","has-post-thumbnail","hentry","category-destaque","category-debates"],"aioseo_notices":[],"aioseo_head":"\n\t\t<!-- All in One SEO 5.0.1.1 - aioseo.com -->\n\t<meta name=\"robots\" content=\"max-image-preview:large\" \/>\n\t<meta name=\"author\" content=\"da Reda\u00e7\u00e3o\"\/>\n\t<link rel=\"canonical\" href=\"https:\/\/www.jornalja.com.br\/arquivo\/a-sessao-final-do-golpe-com-nome-de-impeachment-no-senado-epilogo-da-operacao-cafe-filho\/\" \/>\n\t<meta name=\"generator\" content=\"All in One SEO (AIOSEO) 5.0.1.1\" \/>\n\t\t<meta property=\"og:locale\" content=\"pt_BR\" \/>\n\t\t<meta property=\"og:site_name\" content=\"Arquivo | Jornal J\u00c1 | Porto Alegre\" \/>\n\t\t<meta property=\"og:type\" content=\"article\" \/>\n\t\t<meta property=\"og:title\" content=\"A sess\u00e3o final do golpe com nome de impeachment no Senado \u2013 ep\u00edlogo da Opera\u00e7\u00e3o Caf\u00e9 Filho | Arquivo\" \/>\n\t\t<meta property=\"og:url\" content=\"https:\/\/www.jornalja.com.br\/arquivo\/a-sessao-final-do-golpe-com-nome-de-impeachment-no-senado-epilogo-da-operacao-cafe-filho\/\" \/>\n\t\t<meta property=\"og:image\" content=\"https:\/\/www.jornalja.com.br\/economics\/wp-content\/uploads\/sites\/11\/2026\/08\/ja-folhaderosto-facebook.jpg\" \/>\n\t\t<meta property=\"og:image:secure_url\" content=\"https:\/\/www.jornalja.com.br\/economics\/wp-content\/uploads\/sites\/11\/2026\/08\/ja-folhaderosto-facebook.jpg\" \/>\n\t\t<meta property=\"article:published_time\" content=\"2016-09-05T05:13:28+00:00\" \/>\n\t\t<meta property=\"article:modified_time\" content=\"2016-09-05T05:13:28+00:00\" \/>\n\t\t<meta name=\"twitter:card\" content=\"summary\" \/>\n\t\t<meta name=\"twitter:title\" content=\"A sess\u00e3o final do golpe com nome de impeachment no Senado \u2013 ep\u00edlogo da Opera\u00e7\u00e3o Caf\u00e9 Filho | Arquivo\" \/>\n\t\t<meta name=\"twitter:image\" content=\"https:\/\/www.jornalja.com.br\/economics\/wp-content\/uploads\/sites\/11\/2026\/08\/ja-folhaderosto-facebook.jpg\" \/>\n\t\t<script type=\"application\/ld+json\" class=\"aioseo-schema\">\n\t\t\t{\"@context\":\"https:\\\/\\\/schema.org\",\"@graph\":[{\"@type\":\"BlogPosting\",\"@id\":\"https:\\\/\\\/www.jornalja.com.br\\\/arquivo\\\/a-sessao-final-do-golpe-com-nome-de-impeachment-no-senado-epilogo-da-operacao-cafe-filho\\\/#blogposting\",\"name\":\"A sess\\u00e3o final do golpe com nome de impeachment no Senado \\u2013 ep\\u00edlogo da Opera\\u00e7\\u00e3o Caf\\u00e9 Filho | Arquivo\",\"headline\":\"A sess\\u00e3o final do golpe com nome de impeachment no Senado \\u2013 ep\\u00edlogo da Opera\\u00e7\\u00e3o Caf\\u00e9 Filho\",\"author\":{\"@id\":\"https:\\\/\\\/www.jornalja.com.br\\\/arquivo\\\/author\\\/daredacao\\\/#author\"},\"publisher\":{\"@id\":\"https:\\\/\\\/www.jornalja.com.br\\\/arquivo\\\/#organization\"},\"image\":{\"@type\":\"ImageObject\",\"url\":38674},\"datePublished\":\"2016-09-05T02:13:28-03:00\",\"dateModified\":\"2016-09-05T02:13:28-03:00\",\"inLanguage\":\"pt-BR\",\"mainEntityOfPage\":{\"@id\":\"https:\\\/\\\/www.jornalja.com.br\\\/arquivo\\\/a-sessao-final-do-golpe-com-nome-de-impeachment-no-senado-epilogo-da-operacao-cafe-filho\\\/#webpage\"},\"isPartOf\":{\"@id\":\"https:\\\/\\\/www.jornalja.com.br\\\/arquivo\\\/a-sessao-final-do-golpe-com-nome-de-impeachment-no-senado-epilogo-da-operacao-cafe-filho\\\/#webpage\"},\"articleSection\":\"CDD-artigo em destaque, HOTSITE Comit\\u00ea pela Democracia\"},{\"@type\":\"BreadcrumbList\",\"@id\":\"https:\\\/\\\/www.jornalja.com.br\\\/arquivo\\\/a-sessao-final-do-golpe-com-nome-de-impeachment-no-senado-epilogo-da-operacao-cafe-filho\\\/#breadcrumblist\",\"itemListElement\":[{\"@type\":\"ListItem\",\"@id\":\"https:\\\/\\\/www.jornalja.com.br\\\/arquivo#listItem\",\"position\":1,\"name\":\"Home\",\"item\":\"https:\\\/\\\/www.jornalja.com.br\\\/arquivo\",\"nextItem\":{\"@type\":\"ListItem\",\"@id\":\"https:\\\/\\\/www.jornalja.com.br\\\/arquivo\\\/category\\\/destaque\\\/#listItem\",\"name\":\"CDD-artigo em destaque\"}},{\"@type\":\"ListItem\",\"@id\":\"https:\\\/\\\/www.jornalja.com.br\\\/arquivo\\\/category\\\/destaque\\\/#listItem\",\"position\":2,\"name\":\"CDD-artigo em destaque\",\"item\":\"https:\\\/\\\/www.jornalja.com.br\\\/arquivo\\\/category\\\/destaque\\\/\",\"nextItem\":{\"@type\":\"ListItem\",\"@id\":\"https:\\\/\\\/www.jornalja.com.br\\\/arquivo\\\/a-sessao-final-do-golpe-com-nome-de-impeachment-no-senado-epilogo-da-operacao-cafe-filho\\\/#listItem\",\"name\":\"A sess\\u00e3o final do golpe com nome de impeachment no Senado \\u2013 ep\\u00edlogo da Opera\\u00e7\\u00e3o Caf\\u00e9 Filho\"},\"previousItem\":{\"@type\":\"ListItem\",\"@id\":\"https:\\\/\\\/www.jornalja.com.br\\\/arquivo#listItem\",\"name\":\"Home\"}},{\"@type\":\"ListItem\",\"@id\":\"https:\\\/\\\/www.jornalja.com.br\\\/arquivo\\\/a-sessao-final-do-golpe-com-nome-de-impeachment-no-senado-epilogo-da-operacao-cafe-filho\\\/#listItem\",\"position\":3,\"name\":\"A sess\\u00e3o final do golpe com nome de impeachment no Senado \\u2013 ep\\u00edlogo da Opera\\u00e7\\u00e3o Caf\\u00e9 Filho\",\"previousItem\":{\"@type\":\"ListItem\",\"@id\":\"https:\\\/\\\/www.jornalja.com.br\\\/arquivo\\\/category\\\/destaque\\\/#listItem\",\"name\":\"CDD-artigo em destaque\"}}]},{\"@type\":\"Organization\",\"@id\":\"https:\\\/\\\/www.jornalja.com.br\\\/arquivo\\\/#organization\",\"name\":\"Jornal J\\u00c1\",\"description\":\"Jornal J\\u00c1 | Porto Alegre\",\"url\":\"https:\\\/\\\/www.jornalja.com.br\\\/arquivo\\\/\",\"telephone\":\"+555133307272\",\"logo\":{\"@type\":\"ImageObject\",\"url\":\"https:\\\/\\\/www.jornalja.com.br\\\/wp-content\\\/uploads\\\/cards\\\/JAslogan.png\",\"@id\":\"https:\\\/\\\/www.jornalja.com.br\\\/arquivo\\\/a-sessao-final-do-golpe-com-nome-de-impeachment-no-senado-epilogo-da-operacao-cafe-filho\\\/#organizationLogo\"},\"image\":{\"@id\":\"https:\\\/\\\/www.jornalja.com.br\\\/arquivo\\\/a-sessao-final-do-golpe-com-nome-de-impeachment-no-senado-epilogo-da-operacao-cafe-filho\\\/#organizationLogo\"}},{\"@type\":\"Person\",\"@id\":\"https:\\\/\\\/www.jornalja.com.br\\\/arquivo\\\/author\\\/daredacao\\\/#author\",\"url\":\"https:\\\/\\\/www.jornalja.com.br\\\/arquivo\\\/author\\\/daredacao\\\/\",\"name\":\"da Reda\\u00e7\\u00e3o\",\"image\":{\"@type\":\"ImageObject\",\"@id\":\"https:\\\/\\\/www.jornalja.com.br\\\/arquivo\\\/a-sessao-final-do-golpe-com-nome-de-impeachment-no-senado-epilogo-da-operacao-cafe-filho\\\/#authorImage\",\"url\":\"https:\\\/\\\/secure.gravatar.com\\\/avatar\\\/469fd857d6605ad19919d27ed29d35a968a25f6e8fd9318356bbb7f57aae9c65?s=96&d=mm&r=g\",\"width\":96,\"height\":96,\"caption\":\"da Reda\\u00e7\\u00e3o\"}},{\"@type\":\"WebPage\",\"@id\":\"https:\\\/\\\/www.jornalja.com.br\\\/arquivo\\\/a-sessao-final-do-golpe-com-nome-de-impeachment-no-senado-epilogo-da-operacao-cafe-filho\\\/#webpage\",\"url\":\"https:\\\/\\\/www.jornalja.com.br\\\/arquivo\\\/a-sessao-final-do-golpe-com-nome-de-impeachment-no-senado-epilogo-da-operacao-cafe-filho\\\/\",\"name\":\"A sess\\u00e3o final do golpe com nome de impeachment no Senado \\u2013 ep\\u00edlogo da Opera\\u00e7\\u00e3o Caf\\u00e9 Filho | Arquivo\",\"inLanguage\":\"pt-BR\",\"isPartOf\":{\"@id\":\"https:\\\/\\\/www.jornalja.com.br\\\/arquivo\\\/#website\"},\"breadcrumb\":{\"@id\":\"https:\\\/\\\/www.jornalja.com.br\\\/arquivo\\\/a-sessao-final-do-golpe-com-nome-de-impeachment-no-senado-epilogo-da-operacao-cafe-filho\\\/#breadcrumblist\"},\"author\":{\"@id\":\"https:\\\/\\\/www.jornalja.com.br\\\/arquivo\\\/author\\\/daredacao\\\/#author\"},\"creator\":{\"@id\":\"https:\\\/\\\/www.jornalja.com.br\\\/arquivo\\\/author\\\/daredacao\\\/#author\"},\"image\":{\"@type\":\"ImageObject\",\"url\":38674,\"@id\":\"https:\\\/\\\/www.jornalja.com.br\\\/arquivo\\\/a-sessao-final-do-golpe-com-nome-de-impeachment-no-senado-epilogo-da-operacao-cafe-filho\\\/#mainImage\"},\"primaryImageOfPage\":{\"@id\":\"https:\\\/\\\/www.jornalja.com.br\\\/arquivo\\\/a-sessao-final-do-golpe-com-nome-de-impeachment-no-senado-epilogo-da-operacao-cafe-filho\\\/#mainImage\"},\"datePublished\":\"2016-09-05T02:13:28-03:00\",\"dateModified\":\"2016-09-05T02:13:28-03:00\"},{\"@type\":\"WebSite\",\"@id\":\"https:\\\/\\\/www.jornalja.com.br\\\/arquivo\\\/#website\",\"url\":\"https:\\\/\\\/www.jornalja.com.br\\\/arquivo\\\/\",\"name\":\"Arquivo\",\"description\":\"Jornal J\\u00c1 | Porto Alegre\",\"inLanguage\":\"pt-BR\",\"publisher\":{\"@id\":\"https:\\\/\\\/www.jornalja.com.br\\\/arquivo\\\/#organization\"}}]}\n\t\t<\/script>\n\t\t<!-- All in One SEO -->\n\n","aioseo_head_json":{"title":"A sess\u00e3o final do golpe com nome de impeachment no Senado \u2013 ep\u00edlogo da Opera\u00e7\u00e3o Caf\u00e9 Filho | Arquivo","description":"","canonical_url":"https:\/\/www.jornalja.com.br\/arquivo\/a-sessao-final-do-golpe-com-nome-de-impeachment-no-senado-epilogo-da-operacao-cafe-filho\/","robots":"max-image-preview:large","keywords":"","webmasterTools":{"miscellaneous":""},"schema":{"@context":"https:\/\/schema.org","@graph":[{"@type":"BlogPosting","@id":"https:\/\/www.jornalja.com.br\/arquivo\/a-sessao-final-do-golpe-com-nome-de-impeachment-no-senado-epilogo-da-operacao-cafe-filho\/#blogposting","name":"A sess\u00e3o final do golpe com nome de impeachment no Senado \u2013 ep\u00edlogo da Opera\u00e7\u00e3o Caf\u00e9 Filho | Arquivo","headline":"A sess\u00e3o final do golpe com nome de impeachment no Senado \u2013 ep\u00edlogo da Opera\u00e7\u00e3o Caf\u00e9 Filho","author":{"@id":"https:\/\/www.jornalja.com.br\/arquivo\/author\/daredacao\/#author"},"publisher":{"@id":"https:\/\/www.jornalja.com.br\/arquivo\/#organization"},"image":{"@type":"ImageObject","url":38674},"datePublished":"2016-09-05T02:13:28-03:00","dateModified":"2016-09-05T02:13:28-03:00","inLanguage":"pt-BR","mainEntityOfPage":{"@id":"https:\/\/www.jornalja.com.br\/arquivo\/a-sessao-final-do-golpe-com-nome-de-impeachment-no-senado-epilogo-da-operacao-cafe-filho\/#webpage"},"isPartOf":{"@id":"https:\/\/www.jornalja.com.br\/arquivo\/a-sessao-final-do-golpe-com-nome-de-impeachment-no-senado-epilogo-da-operacao-cafe-filho\/#webpage"},"articleSection":"CDD-artigo em destaque, HOTSITE Comit\u00ea pela Democracia"},{"@type":"BreadcrumbList","@id":"https:\/\/www.jornalja.com.br\/arquivo\/a-sessao-final-do-golpe-com-nome-de-impeachment-no-senado-epilogo-da-operacao-cafe-filho\/#breadcrumblist","itemListElement":[{"@type":"ListItem","@id":"https:\/\/www.jornalja.com.br\/arquivo#listItem","position":1,"name":"Home","item":"https:\/\/www.jornalja.com.br\/arquivo","nextItem":{"@type":"ListItem","@id":"https:\/\/www.jornalja.com.br\/arquivo\/category\/destaque\/#listItem","name":"CDD-artigo em destaque"}},{"@type":"ListItem","@id":"https:\/\/www.jornalja.com.br\/arquivo\/category\/destaque\/#listItem","position":2,"name":"CDD-artigo em destaque","item":"https:\/\/www.jornalja.com.br\/arquivo\/category\/destaque\/","nextItem":{"@type":"ListItem","@id":"https:\/\/www.jornalja.com.br\/arquivo\/a-sessao-final-do-golpe-com-nome-de-impeachment-no-senado-epilogo-da-operacao-cafe-filho\/#listItem","name":"A sess\u00e3o final do golpe com nome de impeachment no Senado \u2013 ep\u00edlogo da Opera\u00e7\u00e3o Caf\u00e9 Filho"},"previousItem":{"@type":"ListItem","@id":"https:\/\/www.jornalja.com.br\/arquivo#listItem","name":"Home"}},{"@type":"ListItem","@id":"https:\/\/www.jornalja.com.br\/arquivo\/a-sessao-final-do-golpe-com-nome-de-impeachment-no-senado-epilogo-da-operacao-cafe-filho\/#listItem","position":3,"name":"A sess\u00e3o final do golpe com nome de impeachment no Senado \u2013 ep\u00edlogo da Opera\u00e7\u00e3o Caf\u00e9 Filho","previousItem":{"@type":"ListItem","@id":"https:\/\/www.jornalja.com.br\/arquivo\/category\/destaque\/#listItem","name":"CDD-artigo em destaque"}}]},{"@type":"Organization","@id":"https:\/\/www.jornalja.com.br\/arquivo\/#organization","name":"Jornal J\u00c1","description":"Jornal J\u00c1 | Porto Alegre","url":"https:\/\/www.jornalja.com.br\/arquivo\/","telephone":"+555133307272","logo":{"@type":"ImageObject","url":"https:\/\/www.jornalja.com.br\/wp-content\/uploads\/cards\/JAslogan.png","@id":"https:\/\/www.jornalja.com.br\/arquivo\/a-sessao-final-do-golpe-com-nome-de-impeachment-no-senado-epilogo-da-operacao-cafe-filho\/#organizationLogo"},"image":{"@id":"https:\/\/www.jornalja.com.br\/arquivo\/a-sessao-final-do-golpe-com-nome-de-impeachment-no-senado-epilogo-da-operacao-cafe-filho\/#organizationLogo"}},{"@type":"Person","@id":"https:\/\/www.jornalja.com.br\/arquivo\/author\/daredacao\/#author","url":"https:\/\/www.jornalja.com.br\/arquivo\/author\/daredacao\/","name":"da Reda\u00e7\u00e3o","image":{"@type":"ImageObject","@id":"https:\/\/www.jornalja.com.br\/arquivo\/a-sessao-final-do-golpe-com-nome-de-impeachment-no-senado-epilogo-da-operacao-cafe-filho\/#authorImage","url":"https:\/\/secure.gravatar.com\/avatar\/469fd857d6605ad19919d27ed29d35a968a25f6e8fd9318356bbb7f57aae9c65?s=96&d=mm&r=g","width":96,"height":96,"caption":"da Reda\u00e7\u00e3o"}},{"@type":"WebPage","@id":"https:\/\/www.jornalja.com.br\/arquivo\/a-sessao-final-do-golpe-com-nome-de-impeachment-no-senado-epilogo-da-operacao-cafe-filho\/#webpage","url":"https:\/\/www.jornalja.com.br\/arquivo\/a-sessao-final-do-golpe-com-nome-de-impeachment-no-senado-epilogo-da-operacao-cafe-filho\/","name":"A sess\u00e3o final do golpe com nome de impeachment no Senado \u2013 ep\u00edlogo da Opera\u00e7\u00e3o Caf\u00e9 Filho | Arquivo","inLanguage":"pt-BR","isPartOf":{"@id":"https:\/\/www.jornalja.com.br\/arquivo\/#website"},"breadcrumb":{"@id":"https:\/\/www.jornalja.com.br\/arquivo\/a-sessao-final-do-golpe-com-nome-de-impeachment-no-senado-epilogo-da-operacao-cafe-filho\/#breadcrumblist"},"author":{"@id":"https:\/\/www.jornalja.com.br\/arquivo\/author\/daredacao\/#author"},"creator":{"@id":"https:\/\/www.jornalja.com.br\/arquivo\/author\/daredacao\/#author"},"image":{"@type":"ImageObject","url":38674,"@id":"https:\/\/www.jornalja.com.br\/arquivo\/a-sessao-final-do-golpe-com-nome-de-impeachment-no-senado-epilogo-da-operacao-cafe-filho\/#mainImage"},"primaryImageOfPage":{"@id":"https:\/\/www.jornalja.com.br\/arquivo\/a-sessao-final-do-golpe-com-nome-de-impeachment-no-senado-epilogo-da-operacao-cafe-filho\/#mainImage"},"datePublished":"2016-09-05T02:13:28-03:00","dateModified":"2016-09-05T02:13:28-03:00"},{"@type":"WebSite","@id":"https:\/\/www.jornalja.com.br\/arquivo\/#website","url":"https:\/\/www.jornalja.com.br\/arquivo\/","name":"Arquivo","description":"Jornal J\u00c1 | Porto Alegre","inLanguage":"pt-BR","publisher":{"@id":"https:\/\/www.jornalja.com.br\/arquivo\/#organization"}}]},"og:locale":"pt_BR","og:site_name":"Arquivo | Jornal J\u00c1 | Porto Alegre","og:type":"article","og:title":"A sess\u00e3o final do golpe com nome de impeachment no Senado \u2013 ep\u00edlogo da Opera\u00e7\u00e3o Caf\u00e9 Filho | Arquivo","og:url":"https:\/\/www.jornalja.com.br\/arquivo\/a-sessao-final-do-golpe-com-nome-de-impeachment-no-senado-epilogo-da-operacao-cafe-filho\/","og:image":"https:\/\/www.jornalja.com.br\/economics\/wp-content\/uploads\/sites\/11\/2026\/08\/ja-folhaderosto-facebook.jpg","og:image:secure_url":"https:\/\/www.jornalja.com.br\/economics\/wp-content\/uploads\/sites\/11\/2026\/08\/ja-folhaderosto-facebook.jpg","article:published_time":"2016-09-05T05:13:28+00:00","article:modified_time":"2016-09-05T05:13:28+00:00","twitter:card":"summary","twitter:title":"A sess\u00e3o final do golpe com nome de impeachment no Senado \u2013 ep\u00edlogo da Opera\u00e7\u00e3o Caf\u00e9 Filho | Arquivo","twitter:image":"https:\/\/www.jornalja.com.br\/economics\/wp-content\/uploads\/sites\/11\/2026\/08\/ja-folhaderosto-facebook.jpg"},"aioseo_meta_data":{"post_id":"38673","title":null,"description":null,"keywords":null,"keyphrases":null,"primary_term":null,"canonical_url":null,"og_title":null,"og_description":null,"og_object_type":"default","og_image_type":"default","og_image_url":null,"og_image_width":null,"og_image_height":null,"og_image_custom_url":null,"og_image_custom_fields":null,"og_video":null,"og_custom_url":null,"og_article_section":null,"og_article_tags":null,"twitter_use_og":false,"twitter_card":"default","twitter_image_type":"default","twitter_image_url":null,"twitter_image_custom_url":null,"twitter_image_custom_fields":null,"twitter_title":null,"twitter_description":null,"schema":{"blockGraphs":[],"customGraphs":[],"default":{"data":{"Article":[],"Course":[],"Dataset":[],"FAQPage":[],"Movie":[],"Person":[],"Product":[],"ProductReview":[],"Car":[],"Recipe":[],"Service":[],"SoftwareApplication":[],"WebPage":[]},"graphName":"","isEnabled":true},"graphs":[],"defaultGraph":"","defaultPostTypeGraph":""},"schema_type":null,"schema_type_options":null,"pillar_content":false,"robots_default":true,"robots_noindex":false,"robots_noarchive":false,"robots_nosnippet":false,"robots_nofollow":false,"robots_noimageindex":false,"robots_noodp":false,"robots_notranslate":false,"robots_max_snippet":null,"robots_max_videopreview":null,"robots_max_imagepreview":"large","priority":null,"frequency":null,"location":null,"local_seo":null,"breadcrumb_settings":null,"limit_modified_date":false,"ai":null,"created":"2020-12-20 20:50:55","updated":"2025-07-19 16:28:37","seo_analyzer_scan_date":null,"focus_keyword":null,"additional_keywords":null,"truseo_locale":null},"jetpack_sharing_enabled":true,"jetpack-related-posts":[{"id":13128,"url":"https:\/\/www.jornalja.com.br\/arquivo\/maconha-terra-diz-que-uso-medicinal-e-desculpa\/","url_meta":{"origin":38673,"position":0},"title":"Maconha: Terra diz que uso medicinal \u00e9 desculpa","author":"Patr\u00edcia Marini","date":"4 de junho de 2014","format":false,"excerpt":"A condi\u00e7\u00e3o de pol\u00edtico, em \u00e9poca de campanha de campanha eleitoral, tira for\u00e7a do discurso do m\u00e9dico Osmar Terra contra a legaliza\u00e7\u00e3o da maconha. A tese dele de que a libera\u00e7\u00e3o vai ampliar exponencialmente o consumo \u00e9 discutivel, o consumo \u00e9 corrente. Mas seus alertas quanto aos riscos tem que\u2026","rel":"","context":"Em &quot;X.Categorias velhas&quot;","block_context":{"text":"X.Categorias velhas","link":"https:\/\/www.jornalja.com.br\/arquivo\/category\/x-categorias-velhas\/"},"img":{"alt_text":"","src":"","width":0,"height":0},"classes":[]},{"id":13124,"url":"https:\/\/www.jornalja.com.br\/arquivo\/sangue-latino-no-iecine\/","url_meta":{"origin":38673,"position":1},"title":"Sangue latino no IECINE","author":"da Reda\u00e7\u00e3o","date":"18 de maio de 2014","format":false,"excerpt":"Francisco Ribeiro O Instituto Estadual de Cinema (IECINE) tem a frente, desde abril \u00faltimo, um novo diretor, o cineasta colombiano Juan Zapata, 36, que substitui Luiz Alberto Cassol. Radicado h\u00e1 dez anos em Porto Alegre, Zapata tem diante de si o desafio de conduzir at\u00e9 o final do ano um\u2026","rel":"","context":"Em &quot;Cultura-Geral&quot;","block_context":{"text":"Cultura-Geral","link":"https:\/\/www.jornalja.com.br\/arquivo\/category\/materiasecundaria\/"},"img":{"alt_text":"","src":"","width":0,"height":0},"classes":[]},{"id":12960,"url":"https:\/\/www.jornalja.com.br\/arquivo\/populacao-culpa-empresas-pela-greve-dos-rodoviarios\/","url_meta":{"origin":38673,"position":2},"title":"Popula\u00e7\u00e3o culpa empresas pela greve","author":"Patr\u00edcia Marini","date":"14 de fevereiro de 2014","format":false,"excerpt":"Pesquisa divulgada na edi\u00e7\u00e3o do jornal Metro desta sexta-feira,14, comprova o velho ditado: \u00e9 poss\u00edvel enganar muitos por algum tempo, mas n\u00e3o \u00e9 poss\u00edvel enganar a todos o tempo inteiro. A principal revela\u00e7\u00e3o foi que 59,8% dos entrevistados apontaram as empresas como as principais respons\u00e1veis pela grave e 46% culparam\u2026","rel":"","context":"Em &quot;X.Categorias velhas&quot;","block_context":{"text":"X.Categorias velhas","link":"https:\/\/www.jornalja.com.br\/arquivo\/category\/x-categorias-velhas\/"},"img":{"alt_text":"","src":"","width":0,"height":0},"classes":[]},{"id":5440,"url":"https:\/\/www.jornalja.com.br\/arquivo\/casarao-da-venancio-destino-permanece-incerto\/","url_meta":{"origin":38673,"position":3},"title":"Estado ainda n\u00e3o sabe o que fazer com casar\u00e3o abandonado h\u00e1 20 anos","author":"Elmar Bones","date":"6 de julho de 2009","format":false,"excerpt":"O casar\u00e3o amarelo, numa esquina nobre de Porto Alegre (Ven\u00e2ncio Aires com Jo\u00e3o Pessoa), j\u00e1 abrigou uma escola. H\u00e1 duas d\u00e9cadas, pelo menos, est\u00e1 abandonado, porque seu propriet\u00e1rio, o governo do Estado do Rio Grande do Sul, n\u00e3o consegue achar um destino para ele. Planos n\u00e3o faltaram. O governador Ol\u00edvio\u2026","rel":"","context":"Em &quot;X.Categorias velhas&quot;","block_context":{"text":"X.Categorias velhas","link":"https:\/\/www.jornalja.com.br\/arquivo\/category\/x-categorias-velhas\/"},"img":{"alt_text":"geraldo1","src":"https:\/\/i0.wp.com\/www.jornalja.com.br\/wp-content\/uploads\/2009\/07\/geraldo1.jpg?resize=350%2C200&ssl=1","width":350,"height":200},"classes":[]},{"id":13101,"url":"https:\/\/www.jornalja.com.br\/arquivo\/morre-um-guerreiro-do-texto\/","url_meta":{"origin":38673,"position":4},"title":"Morre um guerreiro do texto","author":"Patr\u00edcia Marini","date":"14 de maio de 2014","format":false,"excerpt":"Por Ricardo Kotscho Reproduzido do blog do autor, 11\/5\/2014; t\u00edtulo original \u201cE l\u00e1 se foi o nosso Myltainho, guerreiro do texto\u201d. Mi\u00fado e franzino, meu amigo Myltainho era um valente e inconformado guerreiro na luta contra as injusti\u00e7as sociais, a hipocrisia, as maracutaias, o autoritarismo, a intoler\u00e2ncia, a viol\u00eancia, o\u2026","rel":"","context":"Em &quot;Geral&quot;","block_context":{"text":"Geral","link":"https:\/\/www.jornalja.com.br\/arquivo\/category\/geral\/"},"img":{"alt_text":"","src":"","width":0,"height":0},"classes":[]}],"jetpack_shortlink":"https:\/\/wp.me\/pbQjBd-a3L","jetpack_featured_media_url":"","_links":{"self":[{"href":"https:\/\/www.jornalja.com.br\/arquivo\/wp-json\/wp\/v2\/posts\/38673","targetHints":{"allow":["GET"]}}],"collection":[{"href":"https:\/\/www.jornalja.com.br\/arquivo\/wp-json\/wp\/v2\/posts"}],"about":[{"href":"https:\/\/www.jornalja.com.br\/arquivo\/wp-json\/wp\/v2\/types\/post"}],"author":[{"embeddable":true,"href":"https:\/\/www.jornalja.com.br\/arquivo\/wp-json\/wp\/v2\/users\/4"}],"replies":[{"embeddable":true,"href":"https:\/\/www.jornalja.com.br\/arquivo\/wp-json\/wp\/v2\/comments?post=38673"}],"version-history":[{"count":0,"href":"https:\/\/www.jornalja.com.br\/arquivo\/wp-json\/wp\/v2\/posts\/38673\/revisions"}],"wp:attachment":[{"href":"https:\/\/www.jornalja.com.br\/arquivo\/wp-json\/wp\/v2\/media?parent=38673"}],"wp:term":[{"taxonomy":"category","embeddable":true,"href":"https:\/\/www.jornalja.com.br\/arquivo\/wp-json\/wp\/v2\/categories?post=38673"},{"taxonomy":"post_tag","embeddable":true,"href":"https:\/\/www.jornalja.com.br\/arquivo\/wp-json\/wp\/v2\/tags?post=38673"}],"curies":[{"name":"wp","href":"https:\/\/api.w.org\/{rel}","templated":true}]}}