{"id":38739,"date":"2016-09-06T11:59:39","date_gmt":"2016-09-06T14:59:39","guid":{"rendered":"https:\/\/www.jornalja.com.br\/?p=38739"},"modified":"2016-09-06T11:59:39","modified_gmt":"2016-09-06T14:59:39","slug":"legalidade-e-legitimidade","status":"publish","type":"post","link":"https:\/\/www.jornalja.com.br\/arquivo\/legalidade-e-legitimidade\/","title":{"rendered":"Legalidade e legitimidade"},"content":{"rendered":"<p>Gilmar Zampieri &#8211; Fil\u00f3sofo e Professor<br \/>\nPensa melhor quem melhor distingue. Quem generaliza e confunde, se engambela e gira em c\u00edrculo sem dire\u00e7\u00e3o. A distin\u00e7\u00e3o \u00e9 a festa do pensamento. Onde o senso comum v\u00ea como igual, o pensador precisa socorr\u00ea-lo e ajud\u00e1-lo a ver melhor. N\u00e3o \u00e9 pecado pensar. Pecado \u00e9 errar e fazer o mal por banalidade e por pregui\u00e7a de pensamento. Viver n\u00e3o \u00e9 preciso, distinguir \u00e9 preciso..!<br \/>\nPenso aqui na confus\u00e3o que incorremos constantemente ao identificar legal com leg\u00edtimo, legal com justo, legal com \u00e9tico. Os legalistas, positivistas e fundamentalistas talvez n\u00e3o aceitem, mas o que a lei diz, nem sempre \u00e9 o que deve ser feito.<br \/>\nO que d\u00e1 legitimidade a uma norma legal e positiva \u00e9 a conex\u00e3o que ela tem com uma norma moral. S\u00f3 o que uma comunidade hist\u00f3rica real considerar moral, pode ser leg\u00edtimo legalmente. A lei Maria da Penha, por exemplo, que protege a v\u00edtima da viol\u00eancia dom\u00e9stica e pune o violento, a meu ver, \u00e9 legal e leg\u00edtima porque n\u00e3o h\u00e1 como n\u00e3o considerar que n\u00e3o seja boa para toda a sociedade. O trabalho livre, n\u00e3o escravizado, com correspondente pagamento na forma de sal\u00e1rio e com todos os encargos sociais e todos os direitos conquistados pelo trabalhador, por exemplo, f\u00e9rias e d\u00e9cimo terceiro sal\u00e1rio, s\u00e3o legais e s\u00e3o leg\u00edtimos. Sem entrar no m\u00e9rito se o valor do sal\u00e1rio m\u00ednimo \u00e9 justo, pois a\u00ed talvez a discuss\u00e3o seja exatamente o contr\u00e1rio. \u00c9 bom que se diga, de passagem, que o bom, o justo e o leg\u00edtimo n\u00e3o s\u00e3o conceitos un\u00edvocos e sem ambig\u00fcidades e at\u00e9 imprecis\u00f5es. Talvez, por isso, os legalistas prefiram a letra fria da lei acreditando que o justo \u00e9 o que a lei determina e ponto.<br \/>\nSabemos, contudo, que nem sempre o legal \u00e9 justo e leg\u00edtimo. O caso de Ant\u00edgona \u00e9 paradigm\u00e1tico. Ant\u00edgona \u00e9 o nome de um livro de S\u00f3focles, o mesmo autor que escreveu \u00c9dipo Rei e \u00c9dipo em Colono. Ant\u00edgona \u00e9 uma personagem que d\u00e1 nome ao livro. Ela \u00e9 filha de \u00c9dipo com Jocasta. \u00c9dipo \u00e9 filho de Laio e Jocasta. \u00c9dipo mata o pai (Laio) e casa com a m\u00e3e (Jocasta) e tem quatro filhos com a pr\u00f3pria m\u00e3e. Uma das duas filhas \u00e9 Ant\u00edgona. Quando \u00c9dipo descobre que a trag\u00e9dia acontecida em Atenas foi por sua causa, por ter matado o pai e casado com a m\u00e3e, ele vaza os pr\u00f3prios olhos e as filhas (Ant\u00edgona e Ism\u00eania) o levam para fora da cidade. A m\u00e3e e esposa de \u00c9dipo, Jocasta, se suicida ao saber que ela tinha sido esposa do pr\u00f3prio filho e com ele tinha tido quatro filhos.<br \/>\nEm Tebas permanecem os dois irm\u00e3os de Ant\u00edgona (Et\u00e9ocles&lt;<a href=\"http:\/\/pt.wikipedia.org\/wiki\/Et%C3%A9ocles\">http:\/\/pt.wikipedia.org\/wiki\/Et%C3%A9ocles<\/a>&gt; e Polinice&lt;<a href=\"http:\/\/pt.wikipedia.org\/wiki\/Polinice\">http:\/\/pt.wikipedia.org\/wiki\/Polinice<\/a>&gt;). Depois da sa\u00edda de \u00c9dipo quem assume o reino de Tebas \u00e9 Creonte. Creonte envolto em guerras internas determina em um edito que todos os que lutarem contra seu reino e forem mortos, ser\u00e3o jogados \u00e0 beira do caminho aos abutres, sem sepultura.<br \/>\nOs dois irm\u00e3os de Ant\u00edgona eram de posi\u00e7\u00f5es pol\u00edticas diferentes. Um lutava ao lado do rei e outro contra. Numa batalha um mata o outro. Um recebe honrarias militares e funerais dignos. Outro \u00e9 jogado ao ar livre na beira da estrada. Ant\u00edgona n\u00e3o aceita o edito do rei e recolhe o corpo do irm\u00e3o jogado na lixeira na beira do caminho e lhe d\u00e1 sepultura com ritos f\u00fanebres condizentes. O rei Creonte descobre o feito de Ant\u00edgona e a chama para o pal\u00e1cio para lhe dar o castigo correspondente por ter transgredido o edito do rei. O castigo \u00e9 a morte. O filho de Creonte que era apaixonado por Ant\u00edgona tentou intervir e dissuadir o pai de executar a lei, mas foi em v\u00e3o. Ent\u00e3o se mata. A mulher de Creonte, vendo o filho morto, tamb\u00e9m se suicida. Trag\u00e9dia total.<br \/>\nNa defesa que Ant\u00edgona faz do ato de ter tirado o irm\u00e3o da sarjeta e lhe dado sepultura ela diz que o que fizera foi por obedi\u00eancia a uma lei superior a lei dos homens, isto \u00e9, ela fez o que fez por causa da lei divina, da tradi\u00e7\u00e3o, o que hoje chamamos voz da consci\u00eancia \u00e9tica. Por obedi\u00eancia a \u00e9tica, desobedece a lei jur\u00eddica. Ant\u00edgona n\u00e3o reconhece legitimidade na lei, no edito, do rei Creonte e em nome de outra lei, mostra a n\u00e3o legitima\u00e7\u00e3o da lei positiva. Nem sempre o legal \u00e9 moral. Nem sempre o legal \u00e9 leg\u00edtimo.<br \/>\nO impeachment \u00e9 legal, mas \u00e9 ileg\u00edtimo, injusto e imoral. Se, pelos menos, reconhecessem que vazar os pr\u00f3prios olhos seria uma atitude digna, mas n\u00e3o. Hip\u00f3critas e sepulcros caiados julgam sem serem julgados. Hoje, temos um novo governo e um poder legal, mas ileg\u00edtimo e imoral. O que d\u00e1 legitimidade a um governo democr\u00e1tico \u00e9 o voto popular. Golpe nenhum pode ser leg\u00edtimo. Pode ser legal, mas n\u00e3o \u00e9 leg\u00edtimo.<\/p>\n","protected":false},"excerpt":{"rendered":"<p>Gilmar Zampieri &#8211; Fil\u00f3sofo e Professor Pensa melhor quem melhor distingue. Quem generaliza e confunde, se engambela e gira em c\u00edrculo sem dire\u00e7\u00e3o. A distin\u00e7\u00e3o \u00e9 a festa do pensamento. Onde o senso comum v\u00ea como igual, o pensador precisa socorr\u00ea-lo e ajud\u00e1-lo a ver melhor. N\u00e3o \u00e9 pecado pensar. Pecado \u00e9 errar e fazer [&hellip;]<\/p>\n","protected":false},"author":4,"featured_media":38743,"comment_status":"open","ping_status":"closed","sticky":false,"template":"","format":"standard","meta":{"_jetpack_newsletter_access":"","_jetpack_dont_email_post_to_subs":false,"_jetpack_newsletter_tier_id":0,"_jetpack_memberships_contains_paywalled_content":false,"_jetpack_feature_clip_id":0,"_jetpack_memberships_contains_paid_content":false,"footnotes":"","jetpack_post_was_ever_published":false},"categories":[2011,2012],"tags":[],"class_list":["post-38739","post","type-post","status-publish","format-standard","has-post-thumbnail","hentry","category-destaque","category-debates"],"aioseo_notices":[],"aioseo_head":"\n\t\t<!-- All in One SEO 5.0.1.1 - aioseo.com -->\n\t<meta name=\"robots\" content=\"max-image-preview:large\" \/>\n\t<meta name=\"author\" content=\"da Reda\u00e7\u00e3o\"\/>\n\t<link rel=\"canonical\" href=\"https:\/\/www.jornalja.com.br\/arquivo\/legalidade-e-legitimidade\/\" \/>\n\t<meta name=\"generator\" content=\"All in One SEO (AIOSEO) 5.0.1.1\" \/>\n\t\t<meta property=\"og:locale\" content=\"pt_BR\" \/>\n\t\t<meta property=\"og:site_name\" content=\"Arquivo | Jornal J\u00c1 | Porto Alegre\" \/>\n\t\t<meta property=\"og:type\" content=\"article\" \/>\n\t\t<meta property=\"og:title\" content=\"Legalidade e legitimidade | Arquivo\" \/>\n\t\t<meta property=\"og:url\" content=\"https:\/\/www.jornalja.com.br\/arquivo\/legalidade-e-legitimidade\/\" \/>\n\t\t<meta property=\"og:image\" content=\"https:\/\/www.jornalja.com.br\/economics\/wp-content\/uploads\/sites\/11\/2026\/08\/ja-folhaderosto-facebook.jpg\" \/>\n\t\t<meta property=\"og:image:secure_url\" content=\"https:\/\/www.jornalja.com.br\/economics\/wp-content\/uploads\/sites\/11\/2026\/08\/ja-folhaderosto-facebook.jpg\" \/>\n\t\t<meta property=\"article:published_time\" content=\"2016-09-06T14:59:39+00:00\" \/>\n\t\t<meta property=\"article:modified_time\" content=\"2016-09-06T14:59:39+00:00\" \/>\n\t\t<meta name=\"twitter:card\" content=\"summary\" \/>\n\t\t<meta name=\"twitter:title\" content=\"Legalidade e legitimidade | Arquivo\" \/>\n\t\t<meta name=\"twitter:image\" content=\"https:\/\/www.jornalja.com.br\/economics\/wp-content\/uploads\/sites\/11\/2026\/08\/ja-folhaderosto-facebook.jpg\" \/>\n\t\t<script type=\"application\/ld+json\" class=\"aioseo-schema\">\n\t\t\t{\"@context\":\"https:\\\/\\\/schema.org\",\"@graph\":[{\"@type\":\"BlogPosting\",\"@id\":\"https:\\\/\\\/www.jornalja.com.br\\\/arquivo\\\/legalidade-e-legitimidade\\\/#blogposting\",\"name\":\"Legalidade e legitimidade | Arquivo\",\"headline\":\"Legalidade e legitimidade\",\"author\":{\"@id\":\"https:\\\/\\\/www.jornalja.com.br\\\/arquivo\\\/author\\\/daredacao\\\/#author\"},\"publisher\":{\"@id\":\"https:\\\/\\\/www.jornalja.com.br\\\/arquivo\\\/#organization\"},\"image\":{\"@type\":\"ImageObject\",\"url\":38743},\"datePublished\":\"2016-09-06T11:59:39-03:00\",\"dateModified\":\"2016-09-06T11:59:39-03:00\",\"inLanguage\":\"pt-BR\",\"mainEntityOfPage\":{\"@id\":\"https:\\\/\\\/www.jornalja.com.br\\\/arquivo\\\/legalidade-e-legitimidade\\\/#webpage\"},\"isPartOf\":{\"@id\":\"https:\\\/\\\/www.jornalja.com.br\\\/arquivo\\\/legalidade-e-legitimidade\\\/#webpage\"},\"articleSection\":\"CDD-artigo em destaque, HOTSITE Comit\\u00ea pela Democracia\"},{\"@type\":\"BreadcrumbList\",\"@id\":\"https:\\\/\\\/www.jornalja.com.br\\\/arquivo\\\/legalidade-e-legitimidade\\\/#breadcrumblist\",\"itemListElement\":[{\"@type\":\"ListItem\",\"@id\":\"https:\\\/\\\/www.jornalja.com.br\\\/arquivo#listItem\",\"position\":1,\"name\":\"Home\",\"item\":\"https:\\\/\\\/www.jornalja.com.br\\\/arquivo\",\"nextItem\":{\"@type\":\"ListItem\",\"@id\":\"https:\\\/\\\/www.jornalja.com.br\\\/arquivo\\\/category\\\/destaque\\\/#listItem\",\"name\":\"CDD-artigo em destaque\"}},{\"@type\":\"ListItem\",\"@id\":\"https:\\\/\\\/www.jornalja.com.br\\\/arquivo\\\/category\\\/destaque\\\/#listItem\",\"position\":2,\"name\":\"CDD-artigo em destaque\",\"item\":\"https:\\\/\\\/www.jornalja.com.br\\\/arquivo\\\/category\\\/destaque\\\/\",\"nextItem\":{\"@type\":\"ListItem\",\"@id\":\"https:\\\/\\\/www.jornalja.com.br\\\/arquivo\\\/legalidade-e-legitimidade\\\/#listItem\",\"name\":\"Legalidade e legitimidade\"},\"previousItem\":{\"@type\":\"ListItem\",\"@id\":\"https:\\\/\\\/www.jornalja.com.br\\\/arquivo#listItem\",\"name\":\"Home\"}},{\"@type\":\"ListItem\",\"@id\":\"https:\\\/\\\/www.jornalja.com.br\\\/arquivo\\\/legalidade-e-legitimidade\\\/#listItem\",\"position\":3,\"name\":\"Legalidade e legitimidade\",\"previousItem\":{\"@type\":\"ListItem\",\"@id\":\"https:\\\/\\\/www.jornalja.com.br\\\/arquivo\\\/category\\\/destaque\\\/#listItem\",\"name\":\"CDD-artigo em destaque\"}}]},{\"@type\":\"Organization\",\"@id\":\"https:\\\/\\\/www.jornalja.com.br\\\/arquivo\\\/#organization\",\"name\":\"Jornal J\\u00c1\",\"description\":\"Jornal J\\u00c1 | Porto Alegre\",\"url\":\"https:\\\/\\\/www.jornalja.com.br\\\/arquivo\\\/\",\"telephone\":\"+555133307272\",\"logo\":{\"@type\":\"ImageObject\",\"url\":\"https:\\\/\\\/www.jornalja.com.br\\\/wp-content\\\/uploads\\\/cards\\\/JAslogan.png\",\"@id\":\"https:\\\/\\\/www.jornalja.com.br\\\/arquivo\\\/legalidade-e-legitimidade\\\/#organizationLogo\"},\"image\":{\"@id\":\"https:\\\/\\\/www.jornalja.com.br\\\/arquivo\\\/legalidade-e-legitimidade\\\/#organizationLogo\"}},{\"@type\":\"Person\",\"@id\":\"https:\\\/\\\/www.jornalja.com.br\\\/arquivo\\\/author\\\/daredacao\\\/#author\",\"url\":\"https:\\\/\\\/www.jornalja.com.br\\\/arquivo\\\/author\\\/daredacao\\\/\",\"name\":\"da Reda\\u00e7\\u00e3o\",\"image\":{\"@type\":\"ImageObject\",\"@id\":\"https:\\\/\\\/www.jornalja.com.br\\\/arquivo\\\/legalidade-e-legitimidade\\\/#authorImage\",\"url\":\"https:\\\/\\\/secure.gravatar.com\\\/avatar\\\/469fd857d6605ad19919d27ed29d35a968a25f6e8fd9318356bbb7f57aae9c65?s=96&d=mm&r=g\",\"width\":96,\"height\":96,\"caption\":\"da Reda\\u00e7\\u00e3o\"}},{\"@type\":\"WebPage\",\"@id\":\"https:\\\/\\\/www.jornalja.com.br\\\/arquivo\\\/legalidade-e-legitimidade\\\/#webpage\",\"url\":\"https:\\\/\\\/www.jornalja.com.br\\\/arquivo\\\/legalidade-e-legitimidade\\\/\",\"name\":\"Legalidade e legitimidade | Arquivo\",\"inLanguage\":\"pt-BR\",\"isPartOf\":{\"@id\":\"https:\\\/\\\/www.jornalja.com.br\\\/arquivo\\\/#website\"},\"breadcrumb\":{\"@id\":\"https:\\\/\\\/www.jornalja.com.br\\\/arquivo\\\/legalidade-e-legitimidade\\\/#breadcrumblist\"},\"author\":{\"@id\":\"https:\\\/\\\/www.jornalja.com.br\\\/arquivo\\\/author\\\/daredacao\\\/#author\"},\"creator\":{\"@id\":\"https:\\\/\\\/www.jornalja.com.br\\\/arquivo\\\/author\\\/daredacao\\\/#author\"},\"image\":{\"@type\":\"ImageObject\",\"url\":38743,\"@id\":\"https:\\\/\\\/www.jornalja.com.br\\\/arquivo\\\/legalidade-e-legitimidade\\\/#mainImage\"},\"primaryImageOfPage\":{\"@id\":\"https:\\\/\\\/www.jornalja.com.br\\\/arquivo\\\/legalidade-e-legitimidade\\\/#mainImage\"},\"datePublished\":\"2016-09-06T11:59:39-03:00\",\"dateModified\":\"2016-09-06T11:59:39-03:00\"},{\"@type\":\"WebSite\",\"@id\":\"https:\\\/\\\/www.jornalja.com.br\\\/arquivo\\\/#website\",\"url\":\"https:\\\/\\\/www.jornalja.com.br\\\/arquivo\\\/\",\"name\":\"Arquivo\",\"description\":\"Jornal J\\u00c1 | Porto Alegre\",\"inLanguage\":\"pt-BR\",\"publisher\":{\"@id\":\"https:\\\/\\\/www.jornalja.com.br\\\/arquivo\\\/#organization\"}}]}\n\t\t<\/script>\n\t\t<!-- All in One SEO -->\n\n","aioseo_head_json":{"title":"Legalidade e legitimidade | Arquivo","description":"","canonical_url":"https:\/\/www.jornalja.com.br\/arquivo\/legalidade-e-legitimidade\/","robots":"max-image-preview:large","keywords":"","webmasterTools":{"miscellaneous":""},"schema":{"@context":"https:\/\/schema.org","@graph":[{"@type":"BlogPosting","@id":"https:\/\/www.jornalja.com.br\/arquivo\/legalidade-e-legitimidade\/#blogposting","name":"Legalidade e legitimidade | Arquivo","headline":"Legalidade e legitimidade","author":{"@id":"https:\/\/www.jornalja.com.br\/arquivo\/author\/daredacao\/#author"},"publisher":{"@id":"https:\/\/www.jornalja.com.br\/arquivo\/#organization"},"image":{"@type":"ImageObject","url":38743},"datePublished":"2016-09-06T11:59:39-03:00","dateModified":"2016-09-06T11:59:39-03:00","inLanguage":"pt-BR","mainEntityOfPage":{"@id":"https:\/\/www.jornalja.com.br\/arquivo\/legalidade-e-legitimidade\/#webpage"},"isPartOf":{"@id":"https:\/\/www.jornalja.com.br\/arquivo\/legalidade-e-legitimidade\/#webpage"},"articleSection":"CDD-artigo em destaque, HOTSITE Comit\u00ea pela Democracia"},{"@type":"BreadcrumbList","@id":"https:\/\/www.jornalja.com.br\/arquivo\/legalidade-e-legitimidade\/#breadcrumblist","itemListElement":[{"@type":"ListItem","@id":"https:\/\/www.jornalja.com.br\/arquivo#listItem","position":1,"name":"Home","item":"https:\/\/www.jornalja.com.br\/arquivo","nextItem":{"@type":"ListItem","@id":"https:\/\/www.jornalja.com.br\/arquivo\/category\/destaque\/#listItem","name":"CDD-artigo em destaque"}},{"@type":"ListItem","@id":"https:\/\/www.jornalja.com.br\/arquivo\/category\/destaque\/#listItem","position":2,"name":"CDD-artigo em destaque","item":"https:\/\/www.jornalja.com.br\/arquivo\/category\/destaque\/","nextItem":{"@type":"ListItem","@id":"https:\/\/www.jornalja.com.br\/arquivo\/legalidade-e-legitimidade\/#listItem","name":"Legalidade e legitimidade"},"previousItem":{"@type":"ListItem","@id":"https:\/\/www.jornalja.com.br\/arquivo#listItem","name":"Home"}},{"@type":"ListItem","@id":"https:\/\/www.jornalja.com.br\/arquivo\/legalidade-e-legitimidade\/#listItem","position":3,"name":"Legalidade e legitimidade","previousItem":{"@type":"ListItem","@id":"https:\/\/www.jornalja.com.br\/arquivo\/category\/destaque\/#listItem","name":"CDD-artigo em destaque"}}]},{"@type":"Organization","@id":"https:\/\/www.jornalja.com.br\/arquivo\/#organization","name":"Jornal J\u00c1","description":"Jornal J\u00c1 | Porto Alegre","url":"https:\/\/www.jornalja.com.br\/arquivo\/","telephone":"+555133307272","logo":{"@type":"ImageObject","url":"https:\/\/www.jornalja.com.br\/wp-content\/uploads\/cards\/JAslogan.png","@id":"https:\/\/www.jornalja.com.br\/arquivo\/legalidade-e-legitimidade\/#organizationLogo"},"image":{"@id":"https:\/\/www.jornalja.com.br\/arquivo\/legalidade-e-legitimidade\/#organizationLogo"}},{"@type":"Person","@id":"https:\/\/www.jornalja.com.br\/arquivo\/author\/daredacao\/#author","url":"https:\/\/www.jornalja.com.br\/arquivo\/author\/daredacao\/","name":"da Reda\u00e7\u00e3o","image":{"@type":"ImageObject","@id":"https:\/\/www.jornalja.com.br\/arquivo\/legalidade-e-legitimidade\/#authorImage","url":"https:\/\/secure.gravatar.com\/avatar\/469fd857d6605ad19919d27ed29d35a968a25f6e8fd9318356bbb7f57aae9c65?s=96&d=mm&r=g","width":96,"height":96,"caption":"da Reda\u00e7\u00e3o"}},{"@type":"WebPage","@id":"https:\/\/www.jornalja.com.br\/arquivo\/legalidade-e-legitimidade\/#webpage","url":"https:\/\/www.jornalja.com.br\/arquivo\/legalidade-e-legitimidade\/","name":"Legalidade e legitimidade | Arquivo","inLanguage":"pt-BR","isPartOf":{"@id":"https:\/\/www.jornalja.com.br\/arquivo\/#website"},"breadcrumb":{"@id":"https:\/\/www.jornalja.com.br\/arquivo\/legalidade-e-legitimidade\/#breadcrumblist"},"author":{"@id":"https:\/\/www.jornalja.com.br\/arquivo\/author\/daredacao\/#author"},"creator":{"@id":"https:\/\/www.jornalja.com.br\/arquivo\/author\/daredacao\/#author"},"image":{"@type":"ImageObject","url":38743,"@id":"https:\/\/www.jornalja.com.br\/arquivo\/legalidade-e-legitimidade\/#mainImage"},"primaryImageOfPage":{"@id":"https:\/\/www.jornalja.com.br\/arquivo\/legalidade-e-legitimidade\/#mainImage"},"datePublished":"2016-09-06T11:59:39-03:00","dateModified":"2016-09-06T11:59:39-03:00"},{"@type":"WebSite","@id":"https:\/\/www.jornalja.com.br\/arquivo\/#website","url":"https:\/\/www.jornalja.com.br\/arquivo\/","name":"Arquivo","description":"Jornal J\u00c1 | Porto Alegre","inLanguage":"pt-BR","publisher":{"@id":"https:\/\/www.jornalja.com.br\/arquivo\/#organization"}}]},"og:locale":"pt_BR","og:site_name":"Arquivo | Jornal J\u00c1 | Porto Alegre","og:type":"article","og:title":"Legalidade e legitimidade | Arquivo","og:url":"https:\/\/www.jornalja.com.br\/arquivo\/legalidade-e-legitimidade\/","og:image":"https:\/\/www.jornalja.com.br\/economics\/wp-content\/uploads\/sites\/11\/2026\/08\/ja-folhaderosto-facebook.jpg","og:image:secure_url":"https:\/\/www.jornalja.com.br\/economics\/wp-content\/uploads\/sites\/11\/2026\/08\/ja-folhaderosto-facebook.jpg","article:published_time":"2016-09-06T14:59:39+00:00","article:modified_time":"2016-09-06T14:59:39+00:00","twitter:card":"summary","twitter:title":"Legalidade e legitimidade | Arquivo","twitter:image":"https:\/\/www.jornalja.com.br\/economics\/wp-content\/uploads\/sites\/11\/2026\/08\/ja-folhaderosto-facebook.jpg"},"aioseo_meta_data":{"post_id":"38739","title":null,"description":null,"keywords":null,"keyphrases":null,"primary_term":null,"canonical_url":null,"og_title":null,"og_description":null,"og_object_type":"default","og_image_type":"default","og_image_url":null,"og_image_width":null,"og_image_height":null,"og_image_custom_url":null,"og_image_custom_fields":null,"og_video":null,"og_custom_url":null,"og_article_section":null,"og_article_tags":null,"twitter_use_og":false,"twitter_card":"default","twitter_image_type":"default","twitter_image_url":null,"twitter_image_custom_url":null,"twitter_image_custom_fields":null,"twitter_title":null,"twitter_description":null,"schema":{"blockGraphs":[],"customGraphs":[],"default":{"data":{"Article":[],"Course":[],"Dataset":[],"FAQPage":[],"Movie":[],"Person":[],"Product":[],"ProductReview":[],"Car":[],"Recipe":[],"Service":[],"SoftwareApplication":[],"WebPage":[]},"graphName":"","isEnabled":true},"graphs":[],"defaultGraph":"","defaultPostTypeGraph":""},"schema_type":null,"schema_type_options":null,"pillar_content":false,"robots_default":true,"robots_noindex":false,"robots_noarchive":false,"robots_nosnippet":false,"robots_nofollow":false,"robots_noimageindex":false,"robots_noodp":false,"robots_notranslate":false,"robots_max_snippet":null,"robots_max_videopreview":null,"robots_max_imagepreview":"large","priority":null,"frequency":null,"location":null,"local_seo":null,"breadcrumb_settings":null,"limit_modified_date":false,"ai":null,"created":"2020-12-20 20:50:55","updated":"2025-07-19 16:29:57","seo_analyzer_scan_date":null,"focus_keyword":null,"additional_keywords":null,"truseo_locale":null},"jetpack_sharing_enabled":true,"jetpack-related-posts":[{"id":13124,"url":"https:\/\/www.jornalja.com.br\/arquivo\/sangue-latino-no-iecine\/","url_meta":{"origin":38739,"position":0},"title":"Sangue latino no IECINE","author":"da Reda\u00e7\u00e3o","date":"18 de maio de 2014","format":false,"excerpt":"Francisco Ribeiro O Instituto Estadual de Cinema (IECINE) tem a frente, desde abril \u00faltimo, um novo diretor, o cineasta colombiano Juan Zapata, 36, que substitui Luiz Alberto Cassol. Radicado h\u00e1 dez anos em Porto Alegre, Zapata tem diante de si o desafio de conduzir at\u00e9 o final do ano um\u2026","rel":"","context":"Em &quot;Cultura-Geral&quot;","block_context":{"text":"Cultura-Geral","link":"https:\/\/www.jornalja.com.br\/arquivo\/category\/materiasecundaria\/"},"img":{"alt_text":"","src":"","width":0,"height":0},"classes":[]},{"id":13101,"url":"https:\/\/www.jornalja.com.br\/arquivo\/morre-um-guerreiro-do-texto\/","url_meta":{"origin":38739,"position":1},"title":"Morre um guerreiro do texto","author":"Patr\u00edcia Marini","date":"14 de maio de 2014","format":false,"excerpt":"Por Ricardo Kotscho Reproduzido do blog do autor, 11\/5\/2014; t\u00edtulo original \u201cE l\u00e1 se foi o nosso Myltainho, guerreiro do texto\u201d. Mi\u00fado e franzino, meu amigo Myltainho era um valente e inconformado guerreiro na luta contra as injusti\u00e7as sociais, a hipocrisia, as maracutaias, o autoritarismo, a intoler\u00e2ncia, a viol\u00eancia, o\u2026","rel":"","context":"Em &quot;Geral&quot;","block_context":{"text":"Geral","link":"https:\/\/www.jornalja.com.br\/arquivo\/category\/geral\/"},"img":{"alt_text":"","src":"","width":0,"height":0},"classes":[]},{"id":5440,"url":"https:\/\/www.jornalja.com.br\/arquivo\/casarao-da-venancio-destino-permanece-incerto\/","url_meta":{"origin":38739,"position":2},"title":"Estado ainda n\u00e3o sabe o que fazer com casar\u00e3o abandonado h\u00e1 20 anos","author":"Elmar Bones","date":"6 de julho de 2009","format":false,"excerpt":"O casar\u00e3o amarelo, numa esquina nobre de Porto Alegre (Ven\u00e2ncio Aires com Jo\u00e3o Pessoa), j\u00e1 abrigou uma escola. H\u00e1 duas d\u00e9cadas, pelo menos, est\u00e1 abandonado, porque seu propriet\u00e1rio, o governo do Estado do Rio Grande do Sul, n\u00e3o consegue achar um destino para ele. Planos n\u00e3o faltaram. O governador Ol\u00edvio\u2026","rel":"","context":"Em &quot;X.Categorias velhas&quot;","block_context":{"text":"X.Categorias velhas","link":"https:\/\/www.jornalja.com.br\/arquivo\/category\/x-categorias-velhas\/"},"img":{"alt_text":"geraldo1","src":"https:\/\/i0.wp.com\/www.jornalja.com.br\/wp-content\/uploads\/2009\/07\/geraldo1.jpg?resize=350%2C200&ssl=1","width":350,"height":200},"classes":[]},{"id":14241,"url":"https:\/\/www.jornalja.com.br\/arquivo\/o-guaiba-nas-imagens-poeticas-de-achutti\/","url_meta":{"origin":38739,"position":3},"title":"O Gua\u00edba nas imagens po\u00e9ticas de Achutti","author":"da Reda\u00e7\u00e3o","date":"18 de junho de 2014","format":false,"excerpt":"Em \u201cO Gua\u00edba por Achutti\u201d \u2013 obra financiada via Minist\u00e9rio da Cultura, produ\u00e7\u00e3o executiva de Pedro Longhi, e Fl\u00e1vio Wild como designer \u2013, o fot\u00f3grafo revela a beleza e as mazelas de um espa\u00e7o aqu\u00e1tico de \u00e1guas sempre renovadas, cheio de hist\u00f3rias e lendas como as das cidades que foram\u2026","rel":"","context":"Em &quot;Cultura-Geral&quot;","block_context":{"text":"Cultura-Geral","link":"https:\/\/www.jornalja.com.br\/arquivo\/category\/materiasecundaria\/"},"img":{"alt_text":"","src":"","width":0,"height":0},"classes":[]},{"id":13240,"url":"https:\/\/www.jornalja.com.br\/arquivo\/plano-diretor-estamos-construindo-o-caos\/","url_meta":{"origin":38739,"position":4},"title":"Plano diretor: &quot;Estamos construindo o caos&quot;","author":"Patr\u00edcia Marini","date":"26 de maio de 2014","format":false,"excerpt":"Desabafo que arquiteta Eliana Castilhos, delegada da Regi\u00e3o de Planejamento 1, postou nas redes sociais \u00e9 um testemunho do ambiente que se criou no Conselho do Plano Diretor de Porto Alegre, onde a aprova\u00e7\u00e3o de grandes empreendimentos \u00e9 empurrada guela abaixo dos conselheiros. Ao CMDUA Como delegada da Regi\u00e3o de\u2026","rel":"","context":"Em &quot;Geral&quot;","block_context":{"text":"Geral","link":"https:\/\/www.jornalja.com.br\/arquivo\/category\/geral\/"},"img":{"alt_text":"","src":"","width":0,"height":0},"classes":[]},{"id":13239,"url":"https:\/\/www.jornalja.com.br\/arquivo\/conselho-desdenha-do-plano-diretor\/","url_meta":{"origin":38739,"position":5},"title":"Porto Alegre: Conselho detona Plano Diretor","author":"Patr\u00edcia Marini","date":"25 de maio de 2014","format":false,"excerpt":"Den\u00fancia do arquiteto e \u00a0urbanista Ibir\u00e1 Santos Lucas. Ele diz que os conselheiros est\u00e3o votando com \"enorme irresponsabilidade\". \"Mudam regime com a maior naturalidade,,,regularizam absurdos de constru\u00e7\u00f5es irregulares... \"O CMDUA est\u00e1 flexibilizando a lei do plano diretor, de uma forma impactante na vida da cidade. Mudam regime com a maior\u2026","rel":"","context":"Em &quot;Geral&quot;","block_context":{"text":"Geral","link":"https:\/\/www.jornalja.com.br\/arquivo\/category\/geral\/"},"img":{"alt_text":"","src":"","width":0,"height":0},"classes":[]}],"jetpack_shortlink":"https:\/\/wp.me\/pbQjBd-a4P","jetpack_featured_media_url":"","_links":{"self":[{"href":"https:\/\/www.jornalja.com.br\/arquivo\/wp-json\/wp\/v2\/posts\/38739","targetHints":{"allow":["GET"]}}],"collection":[{"href":"https:\/\/www.jornalja.com.br\/arquivo\/wp-json\/wp\/v2\/posts"}],"about":[{"href":"https:\/\/www.jornalja.com.br\/arquivo\/wp-json\/wp\/v2\/types\/post"}],"author":[{"embeddable":true,"href":"https:\/\/www.jornalja.com.br\/arquivo\/wp-json\/wp\/v2\/users\/4"}],"replies":[{"embeddable":true,"href":"https:\/\/www.jornalja.com.br\/arquivo\/wp-json\/wp\/v2\/comments?post=38739"}],"version-history":[{"count":0,"href":"https:\/\/www.jornalja.com.br\/arquivo\/wp-json\/wp\/v2\/posts\/38739\/revisions"}],"wp:attachment":[{"href":"https:\/\/www.jornalja.com.br\/arquivo\/wp-json\/wp\/v2\/media?parent=38739"}],"wp:term":[{"taxonomy":"category","embeddable":true,"href":"https:\/\/www.jornalja.com.br\/arquivo\/wp-json\/wp\/v2\/categories?post=38739"},{"taxonomy":"post_tag","embeddable":true,"href":"https:\/\/www.jornalja.com.br\/arquivo\/wp-json\/wp\/v2\/tags?post=38739"}],"curies":[{"name":"wp","href":"https:\/\/api.w.org\/{rel}","templated":true}]}}