{"id":38781,"date":"2016-09-19T12:30:04","date_gmt":"2016-09-19T15:30:04","guid":{"rendered":"https:\/\/www.jornalja.com.br\/?p=38781"},"modified":"2016-09-19T12:30:04","modified_gmt":"2016-09-19T15:30:04","slug":"o-golpe-dos-canalhas","status":"publish","type":"post","link":"https:\/\/www.jornalja.com.br\/arquivo\/o-golpe-dos-canalhas\/","title":{"rendered":"O golpe dos canalhas"},"content":{"rendered":"<p>Jo\u00e3o Alberto Wohlfart \u2013 Fil\u00f3sofo e Professor universit\u00e1rio<br \/>\nConsumado o golpe de Estado contra a Presidente Dilma Rousseff, vai se desenhando aos nossos olhos o cen\u00e1rio que est\u00e1 por vir. Trata-se de um conservadorismo neoliberal levado \u00e0s \u00faltimas consequ\u00eancias. Est\u00e1 muito claro que se trata de uma grav\u00edssima ruptura constitucional, a dissolu\u00e7\u00e3o da Constitui\u00e7\u00e3o Federal, um atentado \u00e0 soberania popular e nacional e a implanta\u00e7\u00e3o de um projeto que o povo n\u00e3o escolheu nas urnas. As consequ\u00eancias do golpe concentra-se num projeto neoliberal ultraconservador cujos componentes elencamos na sequ\u00eancia.<br \/>\n&#8211; A podrid\u00e3o das institui\u00e7\u00f5es: As institui\u00e7\u00f5es foram criadas para cuidar da Democracia, da Constitui\u00e7\u00e3o e da Soberania popular. Sempre pensamos que fosse assim, mas erramos rotundamente ao embarcarmos na certeza de que elas deveriam ser as vanguardas da na\u00e7\u00e3o brasileira agora estra\u00e7alhada por um governo golpista e assaltante. O supremo tribunal federal, o congresso nacional, o executivo federal, o judici\u00e1rio, est\u00e3o habitados por uma casta sacerdotal de assaltantes da Democracia que entregam o pa\u00eds aos caprichos do grande capital e da financeiriza\u00e7\u00e3o. Nestes poderes e nestas institui\u00e7\u00f5es habita uma elite patriarcal machista que d\u00e1 o tom constitucional e jur\u00eddico para a eterniza\u00e7\u00e3o dos privil\u00e9gios econ\u00f4micos de uma pequena maioria.<br \/>\n&#8211; O fim da Democracia e da Constitui\u00e7\u00e3o: Os per\u00edodos democr\u00e1ticos da Hist\u00f3ria do Brasil s\u00e3o curtos e sempre interrompidos por golpes e ditaduras. Tivemos a gra\u00e7a de viver num per\u00edodo de 31 anos de fr\u00e1gil e jovem Democracia e de uma jovem Constitui\u00e7\u00e3o que foi brutalmente assassinada aos 28 anos de idade. A garantia da soberania popular, as pol\u00edticas p\u00fablicas, o projeto de na\u00e7\u00e3o escolhido livremente pelo povo atrav\u00e9s do voto direto, a Soberania Nacional, a preserva\u00e7\u00e3o dos recursos naturais, a inclus\u00e3o social das massas historicamente exclu\u00eddas foram quebradas pela chamada \u201cponte para o futuro\u201d e pelo governo usurpador. O golpe se confirma pela profunda ruptura entre os que assaltaram o poder e o povo que n\u00e3o votou neles.<br \/>\n&#8211; Uma sociedade patriarcalista e patrimonialista: Desde os prim\u00f3rdios de nossa Hist\u00f3ria nunca aconteceu uma ruptura social e pol\u00edtica profunda capaz de estabelecer uma transforma\u00e7\u00e3o estrutural radical no interior da sociedade. Esta elite sempre dominou e sempre mandou no pa\u00eds, sem abrir m\u00e3o de um mil\u00edmetro de seu poder e de seus privil\u00e9gios. Com as manifesta\u00e7\u00f5es de 2013, com a elei\u00e7\u00e3o do congresso mais conservador de nossa hist\u00f3ria e com o processo do fat\u00eddico golpe parlamentar esta elite ressuscitou com toda a for\u00e7a e est\u00e1 mostrando todas as suas garras. Ela sempre atuou de forma invis\u00edvel, numa sutil manipula\u00e7\u00e3o ideol\u00f3gica, mas agora a viol\u00eancia \u00e9 explicita e escancarada. O lucro sem medida, a grande propriedade privada e a acumula\u00e7\u00e3o patrimonialista s\u00e3o os grandes dogmas.<br \/>\n&#8211; A perda dos direitos sociais: Os sinais evidentes do governo golpista consistem em quebrar com os direitos sociais adquiridos ao longo da hist\u00f3ria com sangue e suor de tantas gera\u00e7\u00f5es e de her\u00f3is lutadores. Os direitos trabalhistas e previdenci\u00e1rios s\u00e3o alvos de assaltos e cortes, com o rebaixamento da popula\u00e7\u00e3o \u00e0 vulnerabilidade social. O desmantelamento do SUS \u00e9 um dos cap\u00edtulos desta pr\u00e1tica golpista. O congelamento dos gastos em sa\u00fade e educa\u00e7\u00e3o, conforme amplamente divulgado, \u00e9 a faceta mais cruel deste golpe marcado com o selo do assalto das conquistas sociais. Tudo sustentado por uma hipocrisia capitalista neoliberal para a qual os gastos sociais diminuem os lucros das empresas e do capital financeiro.<br \/>\n&#8211; A not\u00edcia padronizada: Os meios de comunica\u00e7\u00e3o social no Brasil est\u00e3o em m\u00e3os de quatro ou cinco fam\u00edlias bilion\u00e1rias. Elas manipulam e massificam a opini\u00e3o p\u00fablica como elas querem. S\u00e3o o bra\u00e7o direito do judici\u00e1rio para condenar seletivamente os cr\u00edticos do projeto neoliberal e proteger os corruptos de investiga\u00e7\u00e3o e condena\u00e7\u00e3o. Os meios de comunica\u00e7\u00e3o de massa imbecilizam a popula\u00e7\u00e3o e castram a capacidade de desenvolvimento de um pensamento cr\u00edtico e emancipador. A incid\u00eancia dos meios de comunica\u00e7\u00e3o no interior da estrutura social \u00e9 t\u00e3o intensa que a opini\u00e3o se restringe a algumas frases de efeito, especialmente dirigidas contra algumas pessoas que defendem princ\u00edpios democr\u00e1ticos.<br \/>\n&#8211; A pirataria das privatiza\u00e7\u00f5es: A pirataria privatista \u00e9 a raz\u00e3o principal de ser dos tucanos e da grande direita. Sabe-se que as privatiza\u00e7\u00f5es ser\u00e3o intensas e abrangentes. Querem entregar as riquezas naturais do pa\u00eds \u00e0s grandes multinacionais, tais como o Pr\u00e9-sal, a Petrobr\u00e1s, as terras, os rios, os recursos energ\u00e9ticos, as florestas, os aqu\u00edferos, os espa\u00e7os a\u00e9reos. Diante deste assalto, o povo brasileiro n\u00e3o ser\u00e1 mais dono de seu espa\u00e7o, de seu territ\u00f3rio, de suas riquezas, de seu patrim\u00f4nio espiritual e de sua intelig\u00eancia. O golpe na Presidente Dilma Rousseff n\u00e3o \u00e9 porque cometeu algum crime, mas porque zelou pela soberania nacional. O golpe foi protagonizado pela podrid\u00e3o da m\u00e1fia que habita os poderes do Estado, pelos maraj\u00e1s do judici\u00e1rio, por grandes empres\u00e1rios nacionais e internacionais, pelos meios de comunica\u00e7\u00e3o para protagonizar o espet\u00e1culo das privatiza\u00e7\u00f5es.<br \/>\n&#8211; A subservi\u00eancia internacional: Os governos Lula e Dilma proporcionaram para o Brasil uma soberania internacional e uma lideran\u00e7a global que nunca usufru\u00edmos nos 500 anos anteriores. Passamos de um pa\u00eds de fundo de quintal, obediente aos ditames do FMI e \u00e0s grandes multinacionais, a um pa\u00eds soberano e senhor dos seus destinos. As rela\u00e7\u00f5es bilaterais com a China, com a \u00cdndia, com a R\u00fassia, com a \u00c1frica, com o MERCOSUL, com as na\u00e7\u00f5es latino-americanas representam uma significativa sistem\u00e1tica de horizontaliza\u00e7\u00e3o das rela\u00e7\u00f5es internacionais lideradas pelo Brasil. Sabe-se da ruptura do governo golpista com este sistema e a volta da subservi\u00eancia aos Estados Unidos e ao grande capital \u00e9 o que nos espera. Depois da conquista hist\u00f3rica de supera\u00e7\u00e3o da condi\u00e7\u00e3o de col\u00f4nia e da inser\u00e7\u00e3o soberana do Brasil no cen\u00e1rio geopol\u00edtico internacional, nos transformamos em objeto de explora\u00e7\u00e3o do grande capital. Pela tend\u00eancia atual, seremos uma republiqueta de fundo de quintal.<br \/>\n&#8211; A precariza\u00e7\u00e3o do trabalho: Na agenda neoliberal ultraconservadora, os primeiros que pagam o pre\u00e7o s\u00e3o os trabalhadores. Acentua-se a antinomia entre trabalho e capital, onde os trabalhadores s\u00e3o explorados para sustentar a l\u00f3gica do capital. A especula\u00e7\u00e3o financeira como mecanismo de enriquecimento de alguns e de empobrecimento de uma grande maioria, vai ser a sorte dos trabalhadores explorados pela transforma\u00e7\u00e3o de seu trabalho em lucros dos magnatas do capital financeiro.<br \/>\n&#8211; A financeiriza\u00e7\u00e3o da economia: Com o governo usurpador e golpista, o Brasil ser\u00e1 epicentro da especula\u00e7\u00e3o financeira mundial. A tend\u00eancia \u00e9 a fragiliza\u00e7\u00e3o das estruturas econ\u00f4micas, a degrada\u00e7\u00e3o do sistema produtivo e a concentra\u00e7\u00e3o dos recursos nas grandes institui\u00e7\u00f5es financeiras e megaempresas capitalistas. Recursos b\u00e1sicos que deveriam circular na economia real s\u00e3o deslocados das necessidades b\u00e1sicas da popula\u00e7\u00e3o e entregues \u00e0 l\u00f3gica da especula\u00e7\u00e3o como o grande meio de concentra\u00e7\u00e3o de renda e explora\u00e7\u00e3o do povo. O resultado disto ser\u00e1 o aprofundamento da crise econ\u00f4mica, o desequil\u00edbrio social e ecol\u00f3gico.<br \/>\n&#8211; O imperialismo do capital: Est\u00e1 em cima de n\u00f3s o grande monstro do capital, cuja a\u00e7\u00e3o \u00e9 invis\u00edvel aos olhos do senso comum. Parece um deus absoluto e invis\u00edvel que invade todos os espa\u00e7os humanos e sociais e reduz tudo \u00e0 sua l\u00f3gica. Est\u00e1 pronto para roubar a for\u00e7a de trabalho e esvaziar o trabalhador transformado em objeto de explora\u00e7\u00e3o. Est\u00e1 pronto para roubar as nossas riquezas naturais, desintegrar os sistemas ecol\u00f3gicos brasileiros e dissolver tudo na l\u00f3gica capitalista. \u00c9 uma esp\u00e9cie de pandem\u00f4nio com ramifica\u00e7\u00f5es econ\u00f4micas, pol\u00edticas, ideol\u00f3gicas, jur\u00eddicas, e que tem no supremo tribunal federal, no congresso nacional, no poder central e no minist\u00e9rio p\u00fablico os seus bra\u00e7os pol\u00edticos e inst\u00e2ncias de legitima\u00e7\u00e3o.<br \/>\n&#8211; O fundamentalismo religioso: Hoje encontramos por a\u00ed fundamentalismos e conservadorismos dos mais reacion\u00e1rios e autorit\u00e1rios. \u00c9 a faceta ideol\u00f3gica da ditadura parlamentar midi\u00e1tica. Os arquitetos do golpe est\u00e3o revestidos da autoridade moral proporcionada pela b\u00edblia e pela pr\u00e1tica da religi\u00e3o, passando uma cortina de fuma\u00e7a por cima do cinismo e da hipocrisia. A escola sem partido e o criacionismo s\u00e3o elementos religiosos e ideol\u00f3gicos deste fundamentalismo difundido para legitimar a nova ditadura. Os fundamentalismos s\u00e3o apoiados pelos Estados Unidos numa nova era de domina\u00e7\u00e3o norte\/sul, com um doutrinamento m\u00edstico-religioso para encobrir a sistem\u00e1tica da domina\u00e7\u00e3o econ\u00f4mica.<br \/>\nEstes s\u00e3o alguns tra\u00e7os do golpe dos canalhas, dos assaltantes do poder e da Democracia. Esta \u00e9 a faceta do projeto cujos arquitetos t\u00eam \u00f3dio do povo e da Democracia. Para impedir absurdos desta natureza, somente com uma intensa e cont\u00ednua mobiliza\u00e7\u00e3o popular. A direita raivosa conseguiu aglutinar um conjunto de for\u00e7as que produziu o golpe e h\u00e1 um vasto campo para a imposi\u00e7\u00e3o de seu projeto cujos componentes b\u00e1sicos foram aqui citados.<\/p>\n","protected":false},"excerpt":{"rendered":"<p>Jo\u00e3o Alberto Wohlfart \u2013 Fil\u00f3sofo e Professor universit\u00e1rio Consumado o golpe de Estado contra a Presidente Dilma Rousseff, vai se desenhando aos nossos olhos o cen\u00e1rio que est\u00e1 por vir. Trata-se de um conservadorismo neoliberal levado \u00e0s \u00faltimas consequ\u00eancias. Est\u00e1 muito claro que se trata de uma grav\u00edssima ruptura constitucional, a dissolu\u00e7\u00e3o da Constitui\u00e7\u00e3o Federal, [&hellip;]<\/p>\n","protected":false},"author":4,"featured_media":38782,"comment_status":"open","ping_status":"closed","sticky":false,"template":"","format":"standard","meta":{"_jetpack_newsletter_access":"","_jetpack_dont_email_post_to_subs":false,"_jetpack_newsletter_tier_id":0,"_jetpack_memberships_contains_paywalled_content":false,"_jetpack_feature_clip_id":0,"_jetpack_memberships_contains_paid_content":false,"footnotes":"","jetpack_post_was_ever_published":false},"categories":[2011,2012],"tags":[],"class_list":["post-38781","post","type-post","status-publish","format-standard","has-post-thumbnail","hentry","category-destaque","category-debates"],"aioseo_notices":[],"aioseo_head":"\n\t\t<!-- All in One SEO 5.0.1.1 - aioseo.com -->\n\t<meta name=\"robots\" content=\"max-image-preview:large\" \/>\n\t<meta name=\"author\" content=\"da Reda\u00e7\u00e3o\"\/>\n\t<link rel=\"canonical\" href=\"https:\/\/www.jornalja.com.br\/arquivo\/o-golpe-dos-canalhas\/\" \/>\n\t<meta name=\"generator\" content=\"All in One SEO (AIOSEO) 5.0.1.1\" \/>\n\t\t<meta property=\"og:locale\" content=\"pt_BR\" \/>\n\t\t<meta property=\"og:site_name\" content=\"Arquivo | Jornal J\u00c1 | Porto Alegre\" \/>\n\t\t<meta property=\"og:type\" content=\"article\" \/>\n\t\t<meta property=\"og:title\" content=\"O golpe dos canalhas | Arquivo\" \/>\n\t\t<meta property=\"og:url\" content=\"https:\/\/www.jornalja.com.br\/arquivo\/o-golpe-dos-canalhas\/\" \/>\n\t\t<meta property=\"og:image\" content=\"https:\/\/www.jornalja.com.br\/economics\/wp-content\/uploads\/sites\/11\/2026\/08\/ja-folhaderosto-facebook.jpg\" \/>\n\t\t<meta property=\"og:image:secure_url\" content=\"https:\/\/www.jornalja.com.br\/economics\/wp-content\/uploads\/sites\/11\/2026\/08\/ja-folhaderosto-facebook.jpg\" \/>\n\t\t<meta property=\"article:published_time\" content=\"2016-09-19T15:30:04+00:00\" \/>\n\t\t<meta property=\"article:modified_time\" content=\"2016-09-19T15:30:04+00:00\" \/>\n\t\t<meta name=\"twitter:card\" content=\"summary\" \/>\n\t\t<meta name=\"twitter:title\" content=\"O golpe dos canalhas | Arquivo\" \/>\n\t\t<meta name=\"twitter:image\" content=\"https:\/\/www.jornalja.com.br\/economics\/wp-content\/uploads\/sites\/11\/2026\/08\/ja-folhaderosto-facebook.jpg\" \/>\n\t\t<script type=\"application\/ld+json\" class=\"aioseo-schema\">\n\t\t\t{\"@context\":\"https:\\\/\\\/schema.org\",\"@graph\":[{\"@type\":\"BlogPosting\",\"@id\":\"https:\\\/\\\/www.jornalja.com.br\\\/arquivo\\\/o-golpe-dos-canalhas\\\/#blogposting\",\"name\":\"O golpe dos canalhas | Arquivo\",\"headline\":\"O golpe dos canalhas\",\"author\":{\"@id\":\"https:\\\/\\\/www.jornalja.com.br\\\/arquivo\\\/author\\\/daredacao\\\/#author\"},\"publisher\":{\"@id\":\"https:\\\/\\\/www.jornalja.com.br\\\/arquivo\\\/#organization\"},\"image\":{\"@type\":\"ImageObject\",\"url\":38782},\"datePublished\":\"2016-09-19T12:30:04-03:00\",\"dateModified\":\"2016-09-19T12:30:04-03:00\",\"inLanguage\":\"pt-BR\",\"mainEntityOfPage\":{\"@id\":\"https:\\\/\\\/www.jornalja.com.br\\\/arquivo\\\/o-golpe-dos-canalhas\\\/#webpage\"},\"isPartOf\":{\"@id\":\"https:\\\/\\\/www.jornalja.com.br\\\/arquivo\\\/o-golpe-dos-canalhas\\\/#webpage\"},\"articleSection\":\"CDD-artigo em destaque, HOTSITE Comit\\u00ea pela Democracia\"},{\"@type\":\"BreadcrumbList\",\"@id\":\"https:\\\/\\\/www.jornalja.com.br\\\/arquivo\\\/o-golpe-dos-canalhas\\\/#breadcrumblist\",\"itemListElement\":[{\"@type\":\"ListItem\",\"@id\":\"https:\\\/\\\/www.jornalja.com.br\\\/arquivo#listItem\",\"position\":1,\"name\":\"Home\",\"item\":\"https:\\\/\\\/www.jornalja.com.br\\\/arquivo\",\"nextItem\":{\"@type\":\"ListItem\",\"@id\":\"https:\\\/\\\/www.jornalja.com.br\\\/arquivo\\\/category\\\/destaque\\\/#listItem\",\"name\":\"CDD-artigo em destaque\"}},{\"@type\":\"ListItem\",\"@id\":\"https:\\\/\\\/www.jornalja.com.br\\\/arquivo\\\/category\\\/destaque\\\/#listItem\",\"position\":2,\"name\":\"CDD-artigo em destaque\",\"item\":\"https:\\\/\\\/www.jornalja.com.br\\\/arquivo\\\/category\\\/destaque\\\/\",\"nextItem\":{\"@type\":\"ListItem\",\"@id\":\"https:\\\/\\\/www.jornalja.com.br\\\/arquivo\\\/o-golpe-dos-canalhas\\\/#listItem\",\"name\":\"O golpe dos canalhas\"},\"previousItem\":{\"@type\":\"ListItem\",\"@id\":\"https:\\\/\\\/www.jornalja.com.br\\\/arquivo#listItem\",\"name\":\"Home\"}},{\"@type\":\"ListItem\",\"@id\":\"https:\\\/\\\/www.jornalja.com.br\\\/arquivo\\\/o-golpe-dos-canalhas\\\/#listItem\",\"position\":3,\"name\":\"O golpe dos canalhas\",\"previousItem\":{\"@type\":\"ListItem\",\"@id\":\"https:\\\/\\\/www.jornalja.com.br\\\/arquivo\\\/category\\\/destaque\\\/#listItem\",\"name\":\"CDD-artigo em destaque\"}}]},{\"@type\":\"Organization\",\"@id\":\"https:\\\/\\\/www.jornalja.com.br\\\/arquivo\\\/#organization\",\"name\":\"Jornal J\\u00c1\",\"description\":\"Jornal J\\u00c1 | Porto Alegre\",\"url\":\"https:\\\/\\\/www.jornalja.com.br\\\/arquivo\\\/\",\"telephone\":\"+555133307272\",\"logo\":{\"@type\":\"ImageObject\",\"url\":\"https:\\\/\\\/www.jornalja.com.br\\\/wp-content\\\/uploads\\\/cards\\\/JAslogan.png\",\"@id\":\"https:\\\/\\\/www.jornalja.com.br\\\/arquivo\\\/o-golpe-dos-canalhas\\\/#organizationLogo\"},\"image\":{\"@id\":\"https:\\\/\\\/www.jornalja.com.br\\\/arquivo\\\/o-golpe-dos-canalhas\\\/#organizationLogo\"}},{\"@type\":\"Person\",\"@id\":\"https:\\\/\\\/www.jornalja.com.br\\\/arquivo\\\/author\\\/daredacao\\\/#author\",\"url\":\"https:\\\/\\\/www.jornalja.com.br\\\/arquivo\\\/author\\\/daredacao\\\/\",\"name\":\"da Reda\\u00e7\\u00e3o\",\"image\":{\"@type\":\"ImageObject\",\"@id\":\"https:\\\/\\\/www.jornalja.com.br\\\/arquivo\\\/o-golpe-dos-canalhas\\\/#authorImage\",\"url\":\"https:\\\/\\\/secure.gravatar.com\\\/avatar\\\/469fd857d6605ad19919d27ed29d35a968a25f6e8fd9318356bbb7f57aae9c65?s=96&d=mm&r=g\",\"width\":96,\"height\":96,\"caption\":\"da Reda\\u00e7\\u00e3o\"}},{\"@type\":\"WebPage\",\"@id\":\"https:\\\/\\\/www.jornalja.com.br\\\/arquivo\\\/o-golpe-dos-canalhas\\\/#webpage\",\"url\":\"https:\\\/\\\/www.jornalja.com.br\\\/arquivo\\\/o-golpe-dos-canalhas\\\/\",\"name\":\"O golpe dos canalhas | Arquivo\",\"inLanguage\":\"pt-BR\",\"isPartOf\":{\"@id\":\"https:\\\/\\\/www.jornalja.com.br\\\/arquivo\\\/#website\"},\"breadcrumb\":{\"@id\":\"https:\\\/\\\/www.jornalja.com.br\\\/arquivo\\\/o-golpe-dos-canalhas\\\/#breadcrumblist\"},\"author\":{\"@id\":\"https:\\\/\\\/www.jornalja.com.br\\\/arquivo\\\/author\\\/daredacao\\\/#author\"},\"creator\":{\"@id\":\"https:\\\/\\\/www.jornalja.com.br\\\/arquivo\\\/author\\\/daredacao\\\/#author\"},\"image\":{\"@type\":\"ImageObject\",\"url\":38782,\"@id\":\"https:\\\/\\\/www.jornalja.com.br\\\/arquivo\\\/o-golpe-dos-canalhas\\\/#mainImage\"},\"primaryImageOfPage\":{\"@id\":\"https:\\\/\\\/www.jornalja.com.br\\\/arquivo\\\/o-golpe-dos-canalhas\\\/#mainImage\"},\"datePublished\":\"2016-09-19T12:30:04-03:00\",\"dateModified\":\"2016-09-19T12:30:04-03:00\"},{\"@type\":\"WebSite\",\"@id\":\"https:\\\/\\\/www.jornalja.com.br\\\/arquivo\\\/#website\",\"url\":\"https:\\\/\\\/www.jornalja.com.br\\\/arquivo\\\/\",\"name\":\"Arquivo\",\"description\":\"Jornal J\\u00c1 | Porto Alegre\",\"inLanguage\":\"pt-BR\",\"publisher\":{\"@id\":\"https:\\\/\\\/www.jornalja.com.br\\\/arquivo\\\/#organization\"}}]}\n\t\t<\/script>\n\t\t<!-- All in One SEO -->\n\n","aioseo_head_json":{"title":"O golpe dos canalhas | Arquivo","description":"","canonical_url":"https:\/\/www.jornalja.com.br\/arquivo\/o-golpe-dos-canalhas\/","robots":"max-image-preview:large","keywords":"","webmasterTools":{"miscellaneous":""},"schema":{"@context":"https:\/\/schema.org","@graph":[{"@type":"BlogPosting","@id":"https:\/\/www.jornalja.com.br\/arquivo\/o-golpe-dos-canalhas\/#blogposting","name":"O golpe dos canalhas | Arquivo","headline":"O golpe dos canalhas","author":{"@id":"https:\/\/www.jornalja.com.br\/arquivo\/author\/daredacao\/#author"},"publisher":{"@id":"https:\/\/www.jornalja.com.br\/arquivo\/#organization"},"image":{"@type":"ImageObject","url":38782},"datePublished":"2016-09-19T12:30:04-03:00","dateModified":"2016-09-19T12:30:04-03:00","inLanguage":"pt-BR","mainEntityOfPage":{"@id":"https:\/\/www.jornalja.com.br\/arquivo\/o-golpe-dos-canalhas\/#webpage"},"isPartOf":{"@id":"https:\/\/www.jornalja.com.br\/arquivo\/o-golpe-dos-canalhas\/#webpage"},"articleSection":"CDD-artigo em destaque, HOTSITE Comit\u00ea pela Democracia"},{"@type":"BreadcrumbList","@id":"https:\/\/www.jornalja.com.br\/arquivo\/o-golpe-dos-canalhas\/#breadcrumblist","itemListElement":[{"@type":"ListItem","@id":"https:\/\/www.jornalja.com.br\/arquivo#listItem","position":1,"name":"Home","item":"https:\/\/www.jornalja.com.br\/arquivo","nextItem":{"@type":"ListItem","@id":"https:\/\/www.jornalja.com.br\/arquivo\/category\/destaque\/#listItem","name":"CDD-artigo em destaque"}},{"@type":"ListItem","@id":"https:\/\/www.jornalja.com.br\/arquivo\/category\/destaque\/#listItem","position":2,"name":"CDD-artigo em destaque","item":"https:\/\/www.jornalja.com.br\/arquivo\/category\/destaque\/","nextItem":{"@type":"ListItem","@id":"https:\/\/www.jornalja.com.br\/arquivo\/o-golpe-dos-canalhas\/#listItem","name":"O golpe dos canalhas"},"previousItem":{"@type":"ListItem","@id":"https:\/\/www.jornalja.com.br\/arquivo#listItem","name":"Home"}},{"@type":"ListItem","@id":"https:\/\/www.jornalja.com.br\/arquivo\/o-golpe-dos-canalhas\/#listItem","position":3,"name":"O golpe dos canalhas","previousItem":{"@type":"ListItem","@id":"https:\/\/www.jornalja.com.br\/arquivo\/category\/destaque\/#listItem","name":"CDD-artigo em destaque"}}]},{"@type":"Organization","@id":"https:\/\/www.jornalja.com.br\/arquivo\/#organization","name":"Jornal J\u00c1","description":"Jornal J\u00c1 | Porto Alegre","url":"https:\/\/www.jornalja.com.br\/arquivo\/","telephone":"+555133307272","logo":{"@type":"ImageObject","url":"https:\/\/www.jornalja.com.br\/wp-content\/uploads\/cards\/JAslogan.png","@id":"https:\/\/www.jornalja.com.br\/arquivo\/o-golpe-dos-canalhas\/#organizationLogo"},"image":{"@id":"https:\/\/www.jornalja.com.br\/arquivo\/o-golpe-dos-canalhas\/#organizationLogo"}},{"@type":"Person","@id":"https:\/\/www.jornalja.com.br\/arquivo\/author\/daredacao\/#author","url":"https:\/\/www.jornalja.com.br\/arquivo\/author\/daredacao\/","name":"da Reda\u00e7\u00e3o","image":{"@type":"ImageObject","@id":"https:\/\/www.jornalja.com.br\/arquivo\/o-golpe-dos-canalhas\/#authorImage","url":"https:\/\/secure.gravatar.com\/avatar\/469fd857d6605ad19919d27ed29d35a968a25f6e8fd9318356bbb7f57aae9c65?s=96&d=mm&r=g","width":96,"height":96,"caption":"da Reda\u00e7\u00e3o"}},{"@type":"WebPage","@id":"https:\/\/www.jornalja.com.br\/arquivo\/o-golpe-dos-canalhas\/#webpage","url":"https:\/\/www.jornalja.com.br\/arquivo\/o-golpe-dos-canalhas\/","name":"O golpe dos canalhas | Arquivo","inLanguage":"pt-BR","isPartOf":{"@id":"https:\/\/www.jornalja.com.br\/arquivo\/#website"},"breadcrumb":{"@id":"https:\/\/www.jornalja.com.br\/arquivo\/o-golpe-dos-canalhas\/#breadcrumblist"},"author":{"@id":"https:\/\/www.jornalja.com.br\/arquivo\/author\/daredacao\/#author"},"creator":{"@id":"https:\/\/www.jornalja.com.br\/arquivo\/author\/daredacao\/#author"},"image":{"@type":"ImageObject","url":38782,"@id":"https:\/\/www.jornalja.com.br\/arquivo\/o-golpe-dos-canalhas\/#mainImage"},"primaryImageOfPage":{"@id":"https:\/\/www.jornalja.com.br\/arquivo\/o-golpe-dos-canalhas\/#mainImage"},"datePublished":"2016-09-19T12:30:04-03:00","dateModified":"2016-09-19T12:30:04-03:00"},{"@type":"WebSite","@id":"https:\/\/www.jornalja.com.br\/arquivo\/#website","url":"https:\/\/www.jornalja.com.br\/arquivo\/","name":"Arquivo","description":"Jornal J\u00c1 | Porto Alegre","inLanguage":"pt-BR","publisher":{"@id":"https:\/\/www.jornalja.com.br\/arquivo\/#organization"}}]},"og:locale":"pt_BR","og:site_name":"Arquivo | Jornal J\u00c1 | Porto Alegre","og:type":"article","og:title":"O golpe dos canalhas | Arquivo","og:url":"https:\/\/www.jornalja.com.br\/arquivo\/o-golpe-dos-canalhas\/","og:image":"https:\/\/www.jornalja.com.br\/economics\/wp-content\/uploads\/sites\/11\/2026\/08\/ja-folhaderosto-facebook.jpg","og:image:secure_url":"https:\/\/www.jornalja.com.br\/economics\/wp-content\/uploads\/sites\/11\/2026\/08\/ja-folhaderosto-facebook.jpg","article:published_time":"2016-09-19T15:30:04+00:00","article:modified_time":"2016-09-19T15:30:04+00:00","twitter:card":"summary","twitter:title":"O golpe dos canalhas | Arquivo","twitter:image":"https:\/\/www.jornalja.com.br\/economics\/wp-content\/uploads\/sites\/11\/2026\/08\/ja-folhaderosto-facebook.jpg"},"aioseo_meta_data":{"post_id":"38781","title":null,"description":null,"keywords":null,"keyphrases":null,"primary_term":null,"canonical_url":null,"og_title":null,"og_description":null,"og_object_type":"default","og_image_type":"default","og_image_url":null,"og_image_width":null,"og_image_height":null,"og_image_custom_url":null,"og_image_custom_fields":null,"og_video":null,"og_custom_url":null,"og_article_section":null,"og_article_tags":null,"twitter_use_og":false,"twitter_card":"default","twitter_image_type":"default","twitter_image_url":null,"twitter_image_custom_url":null,"twitter_image_custom_fields":null,"twitter_title":null,"twitter_description":null,"schema":{"blockGraphs":[],"customGraphs":[],"default":{"data":{"Article":[],"Course":[],"Dataset":[],"FAQPage":[],"Movie":[],"Person":[],"Product":[],"ProductReview":[],"Car":[],"Recipe":[],"Service":[],"SoftwareApplication":[],"WebPage":[]},"graphName":"","isEnabled":true},"graphs":[],"defaultGraph":"","defaultPostTypeGraph":""},"schema_type":null,"schema_type_options":null,"pillar_content":false,"robots_default":true,"robots_noindex":false,"robots_noarchive":false,"robots_nosnippet":false,"robots_nofollow":false,"robots_noimageindex":false,"robots_noodp":false,"robots_notranslate":false,"robots_max_snippet":null,"robots_max_videopreview":null,"robots_max_imagepreview":"large","priority":null,"frequency":null,"location":null,"local_seo":null,"breadcrumb_settings":null,"limit_modified_date":false,"ai":null,"created":"2020-12-20 20:50:54","updated":"2025-07-19 16:59:52","seo_analyzer_scan_date":null,"focus_keyword":null,"additional_keywords":null,"truseo_locale":null},"jetpack_sharing_enabled":true,"jetpack-related-posts":[{"id":13240,"url":"https:\/\/www.jornalja.com.br\/arquivo\/plano-diretor-estamos-construindo-o-caos\/","url_meta":{"origin":38781,"position":0},"title":"Plano diretor: &quot;Estamos construindo o caos&quot;","author":"Patr\u00edcia Marini","date":"26 de maio de 2014","format":false,"excerpt":"Desabafo que arquiteta Eliana Castilhos, delegada da Regi\u00e3o de Planejamento 1, postou nas redes sociais \u00e9 um testemunho do ambiente que se criou no Conselho do Plano Diretor de Porto Alegre, onde a aprova\u00e7\u00e3o de grandes empreendimentos \u00e9 empurrada guela abaixo dos conselheiros. Ao CMDUA Como delegada da Regi\u00e3o de\u2026","rel":"","context":"Em &quot;Geral&quot;","block_context":{"text":"Geral","link":"https:\/\/www.jornalja.com.br\/arquivo\/category\/geral\/"},"img":{"alt_text":"","src":"","width":0,"height":0},"classes":[]},{"id":13109,"url":"https:\/\/www.jornalja.com.br\/arquivo\/judiciario-reconhece-poluicao-eletromagnetica\/","url_meta":{"origin":38781,"position":1},"title":"Judici\u00e1rio reconhece polui\u00e7\u00e3o eletromagn\u00e9tica","author":"Patr\u00edcia Marini","date":"16 de maio de 2014","format":false,"excerpt":"A\u00e7\u00e3o de duas associa\u00e7\u00f5es de moradores foi acolhida pelo Tribunal de Justi\u00e7a de S\u00e3o Paulo que. em decis\u00e3o in\u00e9dita, determinou a redu\u00e7\u00e3o do campo eletromagn\u00e9tico gerado pelas linhas de transmiss\u00e3o de energia que cortam os bairros City Boa\u00e7ava e Alto de Pinheiros. \u00c9 a primeira vez que um tribunal do\u2026","rel":"","context":"Em &quot;X.Categorias velhas&quot;","block_context":{"text":"X.Categorias velhas","link":"https:\/\/www.jornalja.com.br\/arquivo\/category\/x-categorias-velhas\/"},"img":{"alt_text":"","src":"","width":0,"height":0},"classes":[]},{"id":13124,"url":"https:\/\/www.jornalja.com.br\/arquivo\/sangue-latino-no-iecine\/","url_meta":{"origin":38781,"position":2},"title":"Sangue latino no IECINE","author":"da Reda\u00e7\u00e3o","date":"18 de maio de 2014","format":false,"excerpt":"Francisco Ribeiro O Instituto Estadual de Cinema (IECINE) tem a frente, desde abril \u00faltimo, um novo diretor, o cineasta colombiano Juan Zapata, 36, que substitui Luiz Alberto Cassol. Radicado h\u00e1 dez anos em Porto Alegre, Zapata tem diante de si o desafio de conduzir at\u00e9 o final do ano um\u2026","rel":"","context":"Em &quot;Cultura-Geral&quot;","block_context":{"text":"Cultura-Geral","link":"https:\/\/www.jornalja.com.br\/arquivo\/category\/materiasecundaria\/"},"img":{"alt_text":"","src":"","width":0,"height":0},"classes":[]},{"id":14241,"url":"https:\/\/www.jornalja.com.br\/arquivo\/o-guaiba-nas-imagens-poeticas-de-achutti\/","url_meta":{"origin":38781,"position":3},"title":"O Gua\u00edba nas imagens po\u00e9ticas de Achutti","author":"da Reda\u00e7\u00e3o","date":"18 de junho de 2014","format":false,"excerpt":"Em \u201cO Gua\u00edba por Achutti\u201d \u2013 obra financiada via Minist\u00e9rio da Cultura, produ\u00e7\u00e3o executiva de Pedro Longhi, e Fl\u00e1vio Wild como designer \u2013, o fot\u00f3grafo revela a beleza e as mazelas de um espa\u00e7o aqu\u00e1tico de \u00e1guas sempre renovadas, cheio de hist\u00f3rias e lendas como as das cidades que foram\u2026","rel":"","context":"Em &quot;Cultura-Geral&quot;","block_context":{"text":"Cultura-Geral","link":"https:\/\/www.jornalja.com.br\/arquivo\/category\/materiasecundaria\/"},"img":{"alt_text":"","src":"","width":0,"height":0},"classes":[]},{"id":12960,"url":"https:\/\/www.jornalja.com.br\/arquivo\/populacao-culpa-empresas-pela-greve-dos-rodoviarios\/","url_meta":{"origin":38781,"position":4},"title":"Popula\u00e7\u00e3o culpa empresas pela greve","author":"Patr\u00edcia Marini","date":"14 de fevereiro de 2014","format":false,"excerpt":"Pesquisa divulgada na edi\u00e7\u00e3o do jornal Metro desta sexta-feira,14, comprova o velho ditado: \u00e9 poss\u00edvel enganar muitos por algum tempo, mas n\u00e3o \u00e9 poss\u00edvel enganar a todos o tempo inteiro. A principal revela\u00e7\u00e3o foi que 59,8% dos entrevistados apontaram as empresas como as principais respons\u00e1veis pela grave e 46% culparam\u2026","rel":"","context":"Em &quot;X.Categorias velhas&quot;","block_context":{"text":"X.Categorias velhas","link":"https:\/\/www.jornalja.com.br\/arquivo\/category\/x-categorias-velhas\/"},"img":{"alt_text":"","src":"","width":0,"height":0},"classes":[]},{"id":13128,"url":"https:\/\/www.jornalja.com.br\/arquivo\/maconha-terra-diz-que-uso-medicinal-e-desculpa\/","url_meta":{"origin":38781,"position":5},"title":"Maconha: Terra diz que uso medicinal \u00e9 desculpa","author":"Patr\u00edcia Marini","date":"4 de junho de 2014","format":false,"excerpt":"A condi\u00e7\u00e3o de pol\u00edtico, em \u00e9poca de campanha de campanha eleitoral, tira for\u00e7a do discurso do m\u00e9dico Osmar Terra contra a legaliza\u00e7\u00e3o da maconha. A tese dele de que a libera\u00e7\u00e3o vai ampliar exponencialmente o consumo \u00e9 discutivel, o consumo \u00e9 corrente. Mas seus alertas quanto aos riscos tem que\u2026","rel":"","context":"Em &quot;X.Categorias velhas&quot;","block_context":{"text":"X.Categorias velhas","link":"https:\/\/www.jornalja.com.br\/arquivo\/category\/x-categorias-velhas\/"},"img":{"alt_text":"","src":"","width":0,"height":0},"classes":[]}],"jetpack_shortlink":"https:\/\/wp.me\/pbQjBd-a5v","jetpack_featured_media_url":"","_links":{"self":[{"href":"https:\/\/www.jornalja.com.br\/arquivo\/wp-json\/wp\/v2\/posts\/38781","targetHints":{"allow":["GET"]}}],"collection":[{"href":"https:\/\/www.jornalja.com.br\/arquivo\/wp-json\/wp\/v2\/posts"}],"about":[{"href":"https:\/\/www.jornalja.com.br\/arquivo\/wp-json\/wp\/v2\/types\/post"}],"author":[{"embeddable":true,"href":"https:\/\/www.jornalja.com.br\/arquivo\/wp-json\/wp\/v2\/users\/4"}],"replies":[{"embeddable":true,"href":"https:\/\/www.jornalja.com.br\/arquivo\/wp-json\/wp\/v2\/comments?post=38781"}],"version-history":[{"count":0,"href":"https:\/\/www.jornalja.com.br\/arquivo\/wp-json\/wp\/v2\/posts\/38781\/revisions"}],"wp:attachment":[{"href":"https:\/\/www.jornalja.com.br\/arquivo\/wp-json\/wp\/v2\/media?parent=38781"}],"wp:term":[{"taxonomy":"category","embeddable":true,"href":"https:\/\/www.jornalja.com.br\/arquivo\/wp-json\/wp\/v2\/categories?post=38781"},{"taxonomy":"post_tag","embeddable":true,"href":"https:\/\/www.jornalja.com.br\/arquivo\/wp-json\/wp\/v2\/tags?post=38781"}],"curies":[{"name":"wp","href":"https:\/\/api.w.org\/{rel}","templated":true}]}}