{"id":38833,"date":"2016-09-07T18:04:20","date_gmt":"2016-09-07T21:04:20","guid":{"rendered":"https:\/\/www.jornalja.com.br\/?p=38833"},"modified":"2016-09-07T18:04:20","modified_gmt":"2016-09-07T21:04:20","slug":"manifesto-frente-gaucha-escola-sem-mordaca","status":"publish","type":"post","link":"https:\/\/www.jornalja.com.br\/arquivo\/manifesto-frente-gaucha-escola-sem-mordaca\/","title":{"rendered":"Manifesto Frente Ga\u00facha Escola Sem Morda\u00e7a"},"content":{"rendered":"<p>A<em> Frente Ga\u00facha Escola sem Morda\u00e7a<\/em>, composta por entidades representativas de educadores e educadoras, estudantes, comunidade escolar, profissionais atuantes na cultura, na pesquisa, na comunica\u00e7\u00e3o, no direito, em a\u00e7\u00f5es comunit\u00e1rias e por movimentos sociais, constitui-se como um espa\u00e7o coletivo suprapartid\u00e1rio e plural, em defesa da democracia e da justi\u00e7a social, repudiando os projetos de lei Escola sem Partido, a terceiriza\u00e7\u00e3o e a privatiza\u00e7\u00e3o da Educa\u00e7\u00e3o P\u00fablica.<br \/>\nA <em>Frente<\/em> considera fundamental o processo de escolariza\u00e7\u00e3o da popula\u00e7\u00e3o brasileira, intensificado a partir da democratiza\u00e7\u00e3o do pa\u00eds, e posiciona-se em defesa das conquistas dos movimentos sociais inscritas na Constitui\u00e7\u00e3o Federal de 1988 e na legisla\u00e7\u00e3o subsequente, e que visam reparar um processo hist\u00f3rico socialmente excludente, bem como prevenir a viola\u00e7\u00e3o aos direitos humanos.<br \/>\nA <em>Frente<\/em> defende a manuten\u00e7\u00e3o e o respeito \u00e0 Constitui\u00e7\u00e3o Federal, que em seu Art. 5\u00ba garante a liberdade de express\u00e3o e no Art. 206 estabelece, dentre outros, os seguintes princ\u00edpios para a Educa\u00e7\u00e3o no pa\u00eds:<strong> I &#8211; igualdade de condi\u00e7\u00f5es para o acesso e perman\u00eancia na escola; II &#8211; liberdade de aprender, ensinar, pesquisar e divulgar o pensamento, a arte e o saber; III &#8211; pluralismo de ideias e de concep\u00e7\u00f5es pedag\u00f3gicas, e coexist\u00eancia de institui\u00e7\u00f5es p\u00fablicas e privadas de ensino<\/strong>. Defende-se tamb\u00e9m o cumprimento integral do Art. 53 do Estatuto da Crian\u00e7a e do Adolescente, que prev\u00ea que <strong>\u201ca crian\u00e7a e o adolescente t\u00eam direito \u00e0 educa\u00e7\u00e3o, visando ao pleno desenvolvimento de sua pessoa, preparo para o exerc\u00edcio da cidadania e qualifica\u00e7\u00e3o para o trabalho\u201d<\/strong>. Al\u00e9m disso, prop\u00f5e a consolida\u00e7\u00e3o de processos educacionais democr\u00e1ticos que incluem:<\/p>\n<ul>\n<li>a liberdade de express\u00e3o dos professores, dos servidores e dos estudantes no ambiente escolar e no espa\u00e7o p\u00fablico;<\/li>\n<li>o estudo de temas relacionados \u00e0s desigualdades socioecon\u00f4micas, \u00e0 sustentabilidade socioambiental e \u00e0s viola\u00e7\u00f5es dos direitos humanos, tais como as discrimina\u00e7\u00f5es e viol\u00eancias \u00e9tnico-raciais e de g\u00eanero;<\/li>\n<li>a implanta\u00e7\u00e3o e a amplia\u00e7\u00e3o de pol\u00edticas de a\u00e7\u00f5es afirmativas para a promo\u00e7\u00e3o da equidade \u00e9tnico-racial e de g\u00eanero nas institui\u00e7\u00f5es de ensino e na sociedade;<\/li>\n<li>o oferecimento de mat\u00e9rias cient\u00edficas associadas \u00e0 sa\u00fade sexual e reprodutiva, bem como \u00e0 evolu\u00e7\u00e3o biol\u00f3gica, de forma a promover o conhecimento necess\u00e1rio \u00e0 sustentabilidade socioambiental e \u00e0 transforma\u00e7\u00e3o de uma realidade desigual, injusta e excludente;<\/li>\n<li>uma escola p\u00fablica, gratuita e laica, bem equipada e com equipe profissional capaz de promover o desenvolvimento pleno dos educandos, aprendizagens, acesso ao patrim\u00f4nio cient\u00edfico-cultural e tecnol\u00f3gico, bem como o exerc\u00edcio pleno da cidadania;<\/li>\n<li>a constitui\u00e7\u00e3o de ambiente de respeito m\u00fatuo e de promo\u00e7\u00e3o de rela\u00e7\u00f5es interpessoais de confian\u00e7a visando a sa\u00fade nas institui\u00e7\u00f5es educacionais;<\/li>\n<li>a gest\u00e3o democr\u00e1tica das institui\u00e7\u00f5es de ensino por meio de elei\u00e7\u00e3o das equipes diretivas pelas comunidades de professores, servidores, estudantes e seus respons\u00e1veis.<\/li>\n<\/ul>\n<p>A <em>Frente Ga\u00facha Escola sem Morda\u00e7a<\/em> adere \u00e0 luta da Frente Nacional Escola sem Morda\u00e7a, que repudia e solicita o arquivamento de projetos de lei no Senado Federal e na C\u00e2mara dos Deputados, protocolados por defensores do Movimento Escola sem Partido:\u00a0 Projeto de Lei n\u00ba 7.180\/2014 (e demais projetos a ele apensados) e do\u00a0 Projeto de Lei do Senado n\u00ba 193\/2016; Projeto de Lei n\u00ba 1.411\/2015, que tipifica ass\u00e9dio ideol\u00f3gico. Na Assembleia Legislativa do Rio Grande do Sul, a<em> Frente Ga\u00facha Escola sem Morda\u00e7a<\/em> solicita o arquivamento do\u00a0 Projeto de Lei n\u00ba 190\/2015, que representa no Estado o programa Escola sem Partido; solicita tamb\u00e9m o arquivamento dos projetos municipais correlatos.<br \/>\nTais projetos de lei, inconstitucionais, buscam produzir uma escola sem reflex\u00e3o cr\u00edtica sobre a realidade, impedir a forma\u00e7\u00e3o para a cidadania e a liberdade de express\u00e3o no exerc\u00edcio profissional, incentivando a dela\u00e7\u00e3o an\u00f4nima de professores por estudantes e familiares e a coa\u00e7\u00e3o por meio de notifica\u00e7\u00f5es extrajudiciais, que amea\u00e7am os docentes com processos de perda do direito ao exerc\u00edcio profissional, perda patrimonial e pris\u00e3o. Esses projetos pretendem constituir uma \u00fanica forma de pensar, impedindo a pluralidade de ideias pr\u00f3pria \u00e0 educa\u00e7\u00e3o p\u00fablica.<br \/>\nEDUCA\u00c7\u00c3O PLURAL NA CONSTRU\u00c7\u00c3O DA DEMOCRACIA<br \/>\n&nbsp;<\/p>\n","protected":false},"excerpt":{"rendered":"<p>A Frente Ga\u00facha Escola sem Morda\u00e7a, composta por entidades representativas de educadores e educadoras, estudantes, comunidade escolar, profissionais atuantes na cultura, na pesquisa, na comunica\u00e7\u00e3o, no direito, em a\u00e7\u00f5es comunit\u00e1rias e por movimentos sociais, constitui-se como um espa\u00e7o coletivo suprapartid\u00e1rio e plural, em defesa da democracia e da justi\u00e7a social, repudiando os projetos de lei [&hellip;]<\/p>\n","protected":false},"author":4,"featured_media":0,"comment_status":"open","ping_status":"closed","sticky":false,"template":"","format":"standard","meta":{"_jetpack_newsletter_access":"","_jetpack_dont_email_post_to_subs":false,"_jetpack_newsletter_tier_id":0,"_jetpack_memberships_contains_paywalled_content":false,"_jetpack_feature_clip_id":0,"_jetpack_memberships_contains_paid_content":false,"footnotes":"","jetpack_post_was_ever_published":false},"categories":[2013,2012],"tags":[],"class_list":["post-38833","post","type-post","status-publish","format-standard","hentry","category-cdd-mural","category-debates"],"aioseo_notices":[],"aioseo_head":"\n\t\t<!-- All in One SEO 5.0.1.1 - aioseo.com -->\n\t<meta name=\"robots\" content=\"max-image-preview:large\" \/>\n\t<meta name=\"author\" content=\"da Reda\u00e7\u00e3o\"\/>\n\t<link rel=\"canonical\" href=\"https:\/\/www.jornalja.com.br\/arquivo\/manifesto-frente-gaucha-escola-sem-mordaca\/\" \/>\n\t<meta name=\"generator\" content=\"All in One SEO (AIOSEO) 5.0.1.1\" \/>\n\t\t<meta property=\"og:locale\" content=\"pt_BR\" \/>\n\t\t<meta property=\"og:site_name\" content=\"Arquivo | Jornal J\u00c1 | Porto Alegre\" \/>\n\t\t<meta property=\"og:type\" content=\"article\" \/>\n\t\t<meta property=\"og:title\" content=\"Manifesto Frente Ga\u00facha Escola Sem Morda\u00e7a | Arquivo\" \/>\n\t\t<meta property=\"og:url\" content=\"https:\/\/www.jornalja.com.br\/arquivo\/manifesto-frente-gaucha-escola-sem-mordaca\/\" \/>\n\t\t<meta property=\"og:image\" content=\"https:\/\/www.jornalja.com.br\/economics\/wp-content\/uploads\/sites\/11\/2026\/08\/ja-folhaderosto-facebook.jpg\" \/>\n\t\t<meta property=\"og:image:secure_url\" content=\"https:\/\/www.jornalja.com.br\/economics\/wp-content\/uploads\/sites\/11\/2026\/08\/ja-folhaderosto-facebook.jpg\" \/>\n\t\t<meta property=\"article:published_time\" content=\"2016-09-07T21:04:20+00:00\" \/>\n\t\t<meta property=\"article:modified_time\" content=\"2016-09-07T21:04:20+00:00\" \/>\n\t\t<meta name=\"twitter:card\" content=\"summary\" \/>\n\t\t<meta name=\"twitter:title\" content=\"Manifesto Frente Ga\u00facha Escola Sem Morda\u00e7a | Arquivo\" \/>\n\t\t<meta name=\"twitter:image\" content=\"https:\/\/www.jornalja.com.br\/economics\/wp-content\/uploads\/sites\/11\/2026\/08\/ja-folhaderosto-facebook.jpg\" \/>\n\t\t<script type=\"application\/ld+json\" class=\"aioseo-schema\">\n\t\t\t{\"@context\":\"https:\\\/\\\/schema.org\",\"@graph\":[{\"@type\":\"BlogPosting\",\"@id\":\"https:\\\/\\\/www.jornalja.com.br\\\/arquivo\\\/manifesto-frente-gaucha-escola-sem-mordaca\\\/#blogposting\",\"name\":\"Manifesto Frente Ga\\u00facha Escola Sem Morda\\u00e7a | Arquivo\",\"headline\":\"Manifesto Frente Ga\\u00facha Escola Sem Morda\\u00e7a\",\"author\":{\"@id\":\"https:\\\/\\\/www.jornalja.com.br\\\/arquivo\\\/author\\\/daredacao\\\/#author\"},\"publisher\":{\"@id\":\"https:\\\/\\\/www.jornalja.com.br\\\/arquivo\\\/#organization\"},\"image\":{\"@type\":\"ImageObject\",\"url\":\"https:\\\/\\\/www.jornalja.com.br\\\/wp-content\\\/uploads\\\/cards\\\/JAslogan.png\",\"@id\":\"https:\\\/\\\/www.jornalja.com.br\\\/arquivo\\\/#articleImage\"},\"datePublished\":\"2016-09-07T18:04:20-03:00\",\"dateModified\":\"2016-09-07T18:04:20-03:00\",\"inLanguage\":\"pt-BR\",\"mainEntityOfPage\":{\"@id\":\"https:\\\/\\\/www.jornalja.com.br\\\/arquivo\\\/manifesto-frente-gaucha-escola-sem-mordaca\\\/#webpage\"},\"isPartOf\":{\"@id\":\"https:\\\/\\\/www.jornalja.com.br\\\/arquivo\\\/manifesto-frente-gaucha-escola-sem-mordaca\\\/#webpage\"},\"articleSection\":\"CDD-MURAL, HOTSITE Comit\\u00ea pela Democracia\"},{\"@type\":\"BreadcrumbList\",\"@id\":\"https:\\\/\\\/www.jornalja.com.br\\\/arquivo\\\/manifesto-frente-gaucha-escola-sem-mordaca\\\/#breadcrumblist\",\"itemListElement\":[{\"@type\":\"ListItem\",\"@id\":\"https:\\\/\\\/www.jornalja.com.br\\\/arquivo#listItem\",\"position\":1,\"name\":\"Home\",\"item\":\"https:\\\/\\\/www.jornalja.com.br\\\/arquivo\",\"nextItem\":{\"@type\":\"ListItem\",\"@id\":\"https:\\\/\\\/www.jornalja.com.br\\\/arquivo\\\/category\\\/debates\\\/#listItem\",\"name\":\"HOTSITE Comit\\u00ea pela Democracia\"}},{\"@type\":\"ListItem\",\"@id\":\"https:\\\/\\\/www.jornalja.com.br\\\/arquivo\\\/category\\\/debates\\\/#listItem\",\"position\":2,\"name\":\"HOTSITE Comit\\u00ea pela Democracia\",\"item\":\"https:\\\/\\\/www.jornalja.com.br\\\/arquivo\\\/category\\\/debates\\\/\",\"nextItem\":{\"@type\":\"ListItem\",\"@id\":\"https:\\\/\\\/www.jornalja.com.br\\\/arquivo\\\/manifesto-frente-gaucha-escola-sem-mordaca\\\/#listItem\",\"name\":\"Manifesto Frente Ga\\u00facha Escola Sem Morda\\u00e7a\"},\"previousItem\":{\"@type\":\"ListItem\",\"@id\":\"https:\\\/\\\/www.jornalja.com.br\\\/arquivo#listItem\",\"name\":\"Home\"}},{\"@type\":\"ListItem\",\"@id\":\"https:\\\/\\\/www.jornalja.com.br\\\/arquivo\\\/manifesto-frente-gaucha-escola-sem-mordaca\\\/#listItem\",\"position\":3,\"name\":\"Manifesto Frente Ga\\u00facha Escola Sem Morda\\u00e7a\",\"previousItem\":{\"@type\":\"ListItem\",\"@id\":\"https:\\\/\\\/www.jornalja.com.br\\\/arquivo\\\/category\\\/debates\\\/#listItem\",\"name\":\"HOTSITE Comit\\u00ea pela Democracia\"}}]},{\"@type\":\"Organization\",\"@id\":\"https:\\\/\\\/www.jornalja.com.br\\\/arquivo\\\/#organization\",\"name\":\"Jornal J\\u00c1\",\"description\":\"Jornal J\\u00c1 | Porto Alegre\",\"url\":\"https:\\\/\\\/www.jornalja.com.br\\\/arquivo\\\/\",\"telephone\":\"+555133307272\",\"logo\":{\"@type\":\"ImageObject\",\"url\":\"https:\\\/\\\/www.jornalja.com.br\\\/wp-content\\\/uploads\\\/cards\\\/JAslogan.png\",\"@id\":\"https:\\\/\\\/www.jornalja.com.br\\\/arquivo\\\/manifesto-frente-gaucha-escola-sem-mordaca\\\/#organizationLogo\"},\"image\":{\"@id\":\"https:\\\/\\\/www.jornalja.com.br\\\/arquivo\\\/manifesto-frente-gaucha-escola-sem-mordaca\\\/#organizationLogo\"}},{\"@type\":\"Person\",\"@id\":\"https:\\\/\\\/www.jornalja.com.br\\\/arquivo\\\/author\\\/daredacao\\\/#author\",\"url\":\"https:\\\/\\\/www.jornalja.com.br\\\/arquivo\\\/author\\\/daredacao\\\/\",\"name\":\"da Reda\\u00e7\\u00e3o\",\"image\":{\"@type\":\"ImageObject\",\"@id\":\"https:\\\/\\\/www.jornalja.com.br\\\/arquivo\\\/manifesto-frente-gaucha-escola-sem-mordaca\\\/#authorImage\",\"url\":\"https:\\\/\\\/secure.gravatar.com\\\/avatar\\\/469fd857d6605ad19919d27ed29d35a968a25f6e8fd9318356bbb7f57aae9c65?s=96&d=mm&r=g\",\"width\":96,\"height\":96,\"caption\":\"da Reda\\u00e7\\u00e3o\"}},{\"@type\":\"WebPage\",\"@id\":\"https:\\\/\\\/www.jornalja.com.br\\\/arquivo\\\/manifesto-frente-gaucha-escola-sem-mordaca\\\/#webpage\",\"url\":\"https:\\\/\\\/www.jornalja.com.br\\\/arquivo\\\/manifesto-frente-gaucha-escola-sem-mordaca\\\/\",\"name\":\"Manifesto Frente Ga\\u00facha Escola Sem Morda\\u00e7a | Arquivo\",\"inLanguage\":\"pt-BR\",\"isPartOf\":{\"@id\":\"https:\\\/\\\/www.jornalja.com.br\\\/arquivo\\\/#website\"},\"breadcrumb\":{\"@id\":\"https:\\\/\\\/www.jornalja.com.br\\\/arquivo\\\/manifesto-frente-gaucha-escola-sem-mordaca\\\/#breadcrumblist\"},\"author\":{\"@id\":\"https:\\\/\\\/www.jornalja.com.br\\\/arquivo\\\/author\\\/daredacao\\\/#author\"},\"creator\":{\"@id\":\"https:\\\/\\\/www.jornalja.com.br\\\/arquivo\\\/author\\\/daredacao\\\/#author\"},\"datePublished\":\"2016-09-07T18:04:20-03:00\",\"dateModified\":\"2016-09-07T18:04:20-03:00\"},{\"@type\":\"WebSite\",\"@id\":\"https:\\\/\\\/www.jornalja.com.br\\\/arquivo\\\/#website\",\"url\":\"https:\\\/\\\/www.jornalja.com.br\\\/arquivo\\\/\",\"name\":\"Arquivo\",\"description\":\"Jornal J\\u00c1 | Porto Alegre\",\"inLanguage\":\"pt-BR\",\"publisher\":{\"@id\":\"https:\\\/\\\/www.jornalja.com.br\\\/arquivo\\\/#organization\"}}]}\n\t\t<\/script>\n\t\t<!-- All in One SEO -->\n\n","aioseo_head_json":{"title":"Manifesto Frente Ga\u00facha Escola Sem Morda\u00e7a | Arquivo","description":"","canonical_url":"https:\/\/www.jornalja.com.br\/arquivo\/manifesto-frente-gaucha-escola-sem-mordaca\/","robots":"max-image-preview:large","keywords":"","webmasterTools":{"miscellaneous":""},"schema":{"@context":"https:\/\/schema.org","@graph":[{"@type":"BlogPosting","@id":"https:\/\/www.jornalja.com.br\/arquivo\/manifesto-frente-gaucha-escola-sem-mordaca\/#blogposting","name":"Manifesto Frente Ga\u00facha Escola Sem Morda\u00e7a | Arquivo","headline":"Manifesto Frente Ga\u00facha Escola Sem Morda\u00e7a","author":{"@id":"https:\/\/www.jornalja.com.br\/arquivo\/author\/daredacao\/#author"},"publisher":{"@id":"https:\/\/www.jornalja.com.br\/arquivo\/#organization"},"image":{"@type":"ImageObject","url":"https:\/\/www.jornalja.com.br\/wp-content\/uploads\/cards\/JAslogan.png","@id":"https:\/\/www.jornalja.com.br\/arquivo\/#articleImage"},"datePublished":"2016-09-07T18:04:20-03:00","dateModified":"2016-09-07T18:04:20-03:00","inLanguage":"pt-BR","mainEntityOfPage":{"@id":"https:\/\/www.jornalja.com.br\/arquivo\/manifesto-frente-gaucha-escola-sem-mordaca\/#webpage"},"isPartOf":{"@id":"https:\/\/www.jornalja.com.br\/arquivo\/manifesto-frente-gaucha-escola-sem-mordaca\/#webpage"},"articleSection":"CDD-MURAL, HOTSITE Comit\u00ea pela Democracia"},{"@type":"BreadcrumbList","@id":"https:\/\/www.jornalja.com.br\/arquivo\/manifesto-frente-gaucha-escola-sem-mordaca\/#breadcrumblist","itemListElement":[{"@type":"ListItem","@id":"https:\/\/www.jornalja.com.br\/arquivo#listItem","position":1,"name":"Home","item":"https:\/\/www.jornalja.com.br\/arquivo","nextItem":{"@type":"ListItem","@id":"https:\/\/www.jornalja.com.br\/arquivo\/category\/debates\/#listItem","name":"HOTSITE Comit\u00ea pela Democracia"}},{"@type":"ListItem","@id":"https:\/\/www.jornalja.com.br\/arquivo\/category\/debates\/#listItem","position":2,"name":"HOTSITE Comit\u00ea pela Democracia","item":"https:\/\/www.jornalja.com.br\/arquivo\/category\/debates\/","nextItem":{"@type":"ListItem","@id":"https:\/\/www.jornalja.com.br\/arquivo\/manifesto-frente-gaucha-escola-sem-mordaca\/#listItem","name":"Manifesto Frente Ga\u00facha Escola Sem Morda\u00e7a"},"previousItem":{"@type":"ListItem","@id":"https:\/\/www.jornalja.com.br\/arquivo#listItem","name":"Home"}},{"@type":"ListItem","@id":"https:\/\/www.jornalja.com.br\/arquivo\/manifesto-frente-gaucha-escola-sem-mordaca\/#listItem","position":3,"name":"Manifesto Frente Ga\u00facha Escola Sem Morda\u00e7a","previousItem":{"@type":"ListItem","@id":"https:\/\/www.jornalja.com.br\/arquivo\/category\/debates\/#listItem","name":"HOTSITE Comit\u00ea pela Democracia"}}]},{"@type":"Organization","@id":"https:\/\/www.jornalja.com.br\/arquivo\/#organization","name":"Jornal J\u00c1","description":"Jornal J\u00c1 | Porto Alegre","url":"https:\/\/www.jornalja.com.br\/arquivo\/","telephone":"+555133307272","logo":{"@type":"ImageObject","url":"https:\/\/www.jornalja.com.br\/wp-content\/uploads\/cards\/JAslogan.png","@id":"https:\/\/www.jornalja.com.br\/arquivo\/manifesto-frente-gaucha-escola-sem-mordaca\/#organizationLogo"},"image":{"@id":"https:\/\/www.jornalja.com.br\/arquivo\/manifesto-frente-gaucha-escola-sem-mordaca\/#organizationLogo"}},{"@type":"Person","@id":"https:\/\/www.jornalja.com.br\/arquivo\/author\/daredacao\/#author","url":"https:\/\/www.jornalja.com.br\/arquivo\/author\/daredacao\/","name":"da Reda\u00e7\u00e3o","image":{"@type":"ImageObject","@id":"https:\/\/www.jornalja.com.br\/arquivo\/manifesto-frente-gaucha-escola-sem-mordaca\/#authorImage","url":"https:\/\/secure.gravatar.com\/avatar\/469fd857d6605ad19919d27ed29d35a968a25f6e8fd9318356bbb7f57aae9c65?s=96&d=mm&r=g","width":96,"height":96,"caption":"da Reda\u00e7\u00e3o"}},{"@type":"WebPage","@id":"https:\/\/www.jornalja.com.br\/arquivo\/manifesto-frente-gaucha-escola-sem-mordaca\/#webpage","url":"https:\/\/www.jornalja.com.br\/arquivo\/manifesto-frente-gaucha-escola-sem-mordaca\/","name":"Manifesto Frente Ga\u00facha Escola Sem Morda\u00e7a | Arquivo","inLanguage":"pt-BR","isPartOf":{"@id":"https:\/\/www.jornalja.com.br\/arquivo\/#website"},"breadcrumb":{"@id":"https:\/\/www.jornalja.com.br\/arquivo\/manifesto-frente-gaucha-escola-sem-mordaca\/#breadcrumblist"},"author":{"@id":"https:\/\/www.jornalja.com.br\/arquivo\/author\/daredacao\/#author"},"creator":{"@id":"https:\/\/www.jornalja.com.br\/arquivo\/author\/daredacao\/#author"},"datePublished":"2016-09-07T18:04:20-03:00","dateModified":"2016-09-07T18:04:20-03:00"},{"@type":"WebSite","@id":"https:\/\/www.jornalja.com.br\/arquivo\/#website","url":"https:\/\/www.jornalja.com.br\/arquivo\/","name":"Arquivo","description":"Jornal J\u00c1 | Porto Alegre","inLanguage":"pt-BR","publisher":{"@id":"https:\/\/www.jornalja.com.br\/arquivo\/#organization"}}]},"og:locale":"pt_BR","og:site_name":"Arquivo | Jornal J\u00c1 | Porto Alegre","og:type":"article","og:title":"Manifesto Frente Ga\u00facha Escola Sem Morda\u00e7a | Arquivo","og:url":"https:\/\/www.jornalja.com.br\/arquivo\/manifesto-frente-gaucha-escola-sem-mordaca\/","og:image":"https:\/\/www.jornalja.com.br\/economics\/wp-content\/uploads\/sites\/11\/2026\/08\/ja-folhaderosto-facebook.jpg","og:image:secure_url":"https:\/\/www.jornalja.com.br\/economics\/wp-content\/uploads\/sites\/11\/2026\/08\/ja-folhaderosto-facebook.jpg","article:published_time":"2016-09-07T21:04:20+00:00","article:modified_time":"2016-09-07T21:04:20+00:00","twitter:card":"summary","twitter:title":"Manifesto Frente Ga\u00facha Escola Sem Morda\u00e7a | Arquivo","twitter:image":"https:\/\/www.jornalja.com.br\/economics\/wp-content\/uploads\/sites\/11\/2026\/08\/ja-folhaderosto-facebook.jpg"},"aioseo_meta_data":{"post_id":"38833","title":null,"description":null,"keywords":null,"keyphrases":null,"primary_term":null,"canonical_url":null,"og_title":null,"og_description":null,"og_object_type":"default","og_image_type":"default","og_image_url":null,"og_image_width":null,"og_image_height":null,"og_image_custom_url":null,"og_image_custom_fields":null,"og_video":null,"og_custom_url":null,"og_article_section":null,"og_article_tags":null,"twitter_use_og":false,"twitter_card":"default","twitter_image_type":"default","twitter_image_url":null,"twitter_image_custom_url":null,"twitter_image_custom_fields":null,"twitter_title":null,"twitter_description":null,"schema":{"blockGraphs":[],"customGraphs":[],"default":{"data":{"Article":[],"Course":[],"Dataset":[],"FAQPage":[],"Movie":[],"Person":[],"Product":[],"ProductReview":[],"Car":[],"Recipe":[],"Service":[],"SoftwareApplication":[],"WebPage":[]},"graphName":"","isEnabled":true},"graphs":[],"defaultGraph":"","defaultPostTypeGraph":""},"schema_type":null,"schema_type_options":null,"pillar_content":false,"robots_default":true,"robots_noindex":false,"robots_noarchive":false,"robots_nosnippet":false,"robots_nofollow":false,"robots_noimageindex":false,"robots_noodp":false,"robots_notranslate":false,"robots_max_snippet":null,"robots_max_videopreview":null,"robots_max_imagepreview":"large","priority":null,"frequency":null,"location":null,"local_seo":null,"breadcrumb_settings":null,"limit_modified_date":false,"ai":null,"created":"2020-12-20 20:50:54","updated":"2025-07-19 16:31:17","seo_analyzer_scan_date":null,"focus_keyword":null,"additional_keywords":null,"truseo_locale":null},"jetpack_sharing_enabled":true,"jetpack-related-posts":[{"id":13124,"url":"https:\/\/www.jornalja.com.br\/arquivo\/sangue-latino-no-iecine\/","url_meta":{"origin":38833,"position":0},"title":"Sangue latino no IECINE","author":"da Reda\u00e7\u00e3o","date":"18 de maio de 2014","format":false,"excerpt":"Francisco Ribeiro O Instituto Estadual de Cinema (IECINE) tem a frente, desde abril \u00faltimo, um novo diretor, o cineasta colombiano Juan Zapata, 36, que substitui Luiz Alberto Cassol. Radicado h\u00e1 dez anos em Porto Alegre, Zapata tem diante de si o desafio de conduzir at\u00e9 o final do ano um\u2026","rel":"","context":"Em &quot;Cultura-Geral&quot;","block_context":{"text":"Cultura-Geral","link":"https:\/\/www.jornalja.com.br\/arquivo\/category\/materiasecundaria\/"},"img":{"alt_text":"","src":"","width":0,"height":0},"classes":[]},{"id":13240,"url":"https:\/\/www.jornalja.com.br\/arquivo\/plano-diretor-estamos-construindo-o-caos\/","url_meta":{"origin":38833,"position":1},"title":"Plano diretor: &quot;Estamos construindo o caos&quot;","author":"Patr\u00edcia Marini","date":"26 de maio de 2014","format":false,"excerpt":"Desabafo que arquiteta Eliana Castilhos, delegada da Regi\u00e3o de Planejamento 1, postou nas redes sociais \u00e9 um testemunho do ambiente que se criou no Conselho do Plano Diretor de Porto Alegre, onde a aprova\u00e7\u00e3o de grandes empreendimentos \u00e9 empurrada guela abaixo dos conselheiros. Ao CMDUA Como delegada da Regi\u00e3o de\u2026","rel":"","context":"Em &quot;Geral&quot;","block_context":{"text":"Geral","link":"https:\/\/www.jornalja.com.br\/arquivo\/category\/geral\/"},"img":{"alt_text":"","src":"","width":0,"height":0},"classes":[]},{"id":5440,"url":"https:\/\/www.jornalja.com.br\/arquivo\/casarao-da-venancio-destino-permanece-incerto\/","url_meta":{"origin":38833,"position":2},"title":"Estado ainda n\u00e3o sabe o que fazer com casar\u00e3o abandonado h\u00e1 20 anos","author":"Elmar Bones","date":"6 de julho de 2009","format":false,"excerpt":"O casar\u00e3o amarelo, numa esquina nobre de Porto Alegre (Ven\u00e2ncio Aires com Jo\u00e3o Pessoa), j\u00e1 abrigou uma escola. H\u00e1 duas d\u00e9cadas, pelo menos, est\u00e1 abandonado, porque seu propriet\u00e1rio, o governo do Estado do Rio Grande do Sul, n\u00e3o consegue achar um destino para ele. Planos n\u00e3o faltaram. O governador Ol\u00edvio\u2026","rel":"","context":"Em &quot;X.Categorias velhas&quot;","block_context":{"text":"X.Categorias velhas","link":"https:\/\/www.jornalja.com.br\/arquivo\/category\/x-categorias-velhas\/"},"img":{"alt_text":"geraldo1","src":"https:\/\/i0.wp.com\/www.jornalja.com.br\/wp-content\/uploads\/2009\/07\/geraldo1.jpg?resize=350%2C200&ssl=1","width":350,"height":200},"classes":[]},{"id":13109,"url":"https:\/\/www.jornalja.com.br\/arquivo\/judiciario-reconhece-poluicao-eletromagnetica\/","url_meta":{"origin":38833,"position":3},"title":"Judici\u00e1rio reconhece polui\u00e7\u00e3o eletromagn\u00e9tica","author":"Patr\u00edcia Marini","date":"16 de maio de 2014","format":false,"excerpt":"A\u00e7\u00e3o de duas associa\u00e7\u00f5es de moradores foi acolhida pelo Tribunal de Justi\u00e7a de S\u00e3o Paulo que. em decis\u00e3o in\u00e9dita, determinou a redu\u00e7\u00e3o do campo eletromagn\u00e9tico gerado pelas linhas de transmiss\u00e3o de energia que cortam os bairros City Boa\u00e7ava e Alto de Pinheiros. \u00c9 a primeira vez que um tribunal do\u2026","rel":"","context":"Em &quot;X.Categorias velhas&quot;","block_context":{"text":"X.Categorias velhas","link":"https:\/\/www.jornalja.com.br\/arquivo\/category\/x-categorias-velhas\/"},"img":{"alt_text":"","src":"","width":0,"height":0},"classes":[]},{"id":13239,"url":"https:\/\/www.jornalja.com.br\/arquivo\/conselho-desdenha-do-plano-diretor\/","url_meta":{"origin":38833,"position":4},"title":"Porto Alegre: Conselho detona Plano Diretor","author":"Patr\u00edcia Marini","date":"25 de maio de 2014","format":false,"excerpt":"Den\u00fancia do arquiteto e \u00a0urbanista Ibir\u00e1 Santos Lucas. Ele diz que os conselheiros est\u00e3o votando com \"enorme irresponsabilidade\". \"Mudam regime com a maior naturalidade,,,regularizam absurdos de constru\u00e7\u00f5es irregulares... \"O CMDUA est\u00e1 flexibilizando a lei do plano diretor, de uma forma impactante na vida da cidade. Mudam regime com a maior\u2026","rel":"","context":"Em &quot;Geral&quot;","block_context":{"text":"Geral","link":"https:\/\/www.jornalja.com.br\/arquivo\/category\/geral\/"},"img":{"alt_text":"","src":"","width":0,"height":0},"classes":[]},{"id":12960,"url":"https:\/\/www.jornalja.com.br\/arquivo\/populacao-culpa-empresas-pela-greve-dos-rodoviarios\/","url_meta":{"origin":38833,"position":5},"title":"Popula\u00e7\u00e3o culpa empresas pela greve","author":"Patr\u00edcia Marini","date":"14 de fevereiro de 2014","format":false,"excerpt":"Pesquisa divulgada na edi\u00e7\u00e3o do jornal Metro desta sexta-feira,14, comprova o velho ditado: \u00e9 poss\u00edvel enganar muitos por algum tempo, mas n\u00e3o \u00e9 poss\u00edvel enganar a todos o tempo inteiro. A principal revela\u00e7\u00e3o foi que 59,8% dos entrevistados apontaram as empresas como as principais respons\u00e1veis pela grave e 46% culparam\u2026","rel":"","context":"Em &quot;X.Categorias velhas&quot;","block_context":{"text":"X.Categorias velhas","link":"https:\/\/www.jornalja.com.br\/arquivo\/category\/x-categorias-velhas\/"},"img":{"alt_text":"","src":"","width":0,"height":0},"classes":[]}],"jetpack_shortlink":"https:\/\/wp.me\/pbQjBd-a6l","jetpack_featured_media_url":"","_links":{"self":[{"href":"https:\/\/www.jornalja.com.br\/arquivo\/wp-json\/wp\/v2\/posts\/38833","targetHints":{"allow":["GET"]}}],"collection":[{"href":"https:\/\/www.jornalja.com.br\/arquivo\/wp-json\/wp\/v2\/posts"}],"about":[{"href":"https:\/\/www.jornalja.com.br\/arquivo\/wp-json\/wp\/v2\/types\/post"}],"author":[{"embeddable":true,"href":"https:\/\/www.jornalja.com.br\/arquivo\/wp-json\/wp\/v2\/users\/4"}],"replies":[{"embeddable":true,"href":"https:\/\/www.jornalja.com.br\/arquivo\/wp-json\/wp\/v2\/comments?post=38833"}],"version-history":[{"count":0,"href":"https:\/\/www.jornalja.com.br\/arquivo\/wp-json\/wp\/v2\/posts\/38833\/revisions"}],"wp:attachment":[{"href":"https:\/\/www.jornalja.com.br\/arquivo\/wp-json\/wp\/v2\/media?parent=38833"}],"wp:term":[{"taxonomy":"category","embeddable":true,"href":"https:\/\/www.jornalja.com.br\/arquivo\/wp-json\/wp\/v2\/categories?post=38833"},{"taxonomy":"post_tag","embeddable":true,"href":"https:\/\/www.jornalja.com.br\/arquivo\/wp-json\/wp\/v2\/tags?post=38833"}],"curies":[{"name":"wp","href":"https:\/\/api.w.org\/{rel}","templated":true}]}}