{"id":39147,"date":"2016-09-13T17:24:21","date_gmt":"2016-09-13T20:24:21","guid":{"rendered":"https:\/\/www.jornalja.com.br\/?p=39147"},"modified":"2016-09-13T17:24:21","modified_gmt":"2016-09-13T20:24:21","slug":"evando-matte-contesta-criticas-de-issac-karabtchevsky-a-ospa","status":"publish","type":"post","link":"https:\/\/www.jornalja.com.br\/arquivo\/evando-matte-contesta-criticas-de-issac-karabtchevsky-a-ospa\/","title":{"rendered":"Evandro Matt\u00e9 contesta cr\u00edticas de Isaac Karabtchevsky \u00e0 Ospa"},"content":{"rendered":"<p><strong>Higino Barros<\/strong><br \/>\nLutando desde sua funda\u00e7\u00e3o, h\u00e1 66 anos, contra uma quase cr\u00f4nica falta de sede pr\u00f3pria, a Orquestra Sinf\u00f4nica de Porto Alegre, a mais antiga do Pa\u00eds, recebeu nesse \u00faltimo fim de semana, nas p\u00e1ginas do jornal Zero Hora, um m\u00edssil explosivo contra sua apregoada e reconhecida excel\u00eancia. Veio na forma de cr\u00edticas formuladas \u00e0 sua administra\u00e7\u00e3o, feitas por um dos mais ilustres homens de m\u00fasica de concerto do Pa\u00eds, o maestro paulista Isaac Karabtchevsky.<br \/>\n<figure id=\"attachment_39150\" aria-describedby=\"caption-attachment-39150\" style=\"width: 287px\" class=\"wp-caption alignleft\"><img loading=\"lazy\" decoding=\"async\" class=\" wp-image-39150\" src=\"https:\/\/www.jornalja.com.br\/wp-content\/uploads\/2016\/09\/isaac-300x199.jpg\" alt=\"Maestro Isaac Karabtchevsky \/ Foto Divulga\u00e7\u00e3o\" width=\"287\" height=\"195\" \/><figcaption id=\"caption-attachment-39150\" class=\"wp-caption-text\">Maestro Isaac Karabtchevsky \/ Foto Divulga\u00e7\u00e3o<\/figcaption><\/figure><br \/>\nO maestro esteve durante oito anos \u00e0 frente da dire\u00e7\u00e3o art\u00edstica da Ospa, cargo no qual, a bem da verdade, n\u00e3o deixou sua marca de forma expressiva, como fizeram outros regentes de fora do Estado, que o antecederam. Foi o caso do cearense Eleazar de Carvalho, que imprimiu, nos anos 1980 e 1990, seu pulso forte no comando da orquestra, impulsionando e aprimorando o n\u00edvel alto que a Ospa teve desde sua funda\u00e7\u00e3o.<br \/>\n<strong>Falta de renova\u00e7\u00e3o<\/strong><br \/>\nPois agora Karabtchevsky desancou a atual administra\u00e7\u00e3o, justamente quando veio reger um concerto da Orquestra Jovem da Ospa. Centrando suas cr\u00edticas na falta de renova\u00e7\u00e3o dos seus quadros e na falta da constru\u00e7\u00e3o da sede pr\u00f3pria, causando com isso enorme como\u00e7\u00e3o nos meios dessa, que \u00e9 uma verdadeira institui\u00e7\u00e3o cultural dos ga\u00fachos e que, ao contr\u00e1rio das cr\u00edticas sofridas, vai muito bem, obrigado. E que mesmo em \u00e9poca de crise se vira, mostra engenhosidade, t\u00e9cnica e o talento de sempre para trazer aos apreciadores de m\u00fasica de concerto, apresenta\u00e7\u00f5es que arrebatam seu p\u00fablico.<br \/>\nN\u00e3o se sabe bem que interesses estariam por tr\u00e1s das cr\u00edticas formuladas \u00e0 Ospa. Numa \u00e9poca em que os aparelhos, bens e institui\u00e7\u00f5es culturais est\u00e3o sob amea\u00e7a de extin\u00e7\u00e3o, j\u00e1 aparecem teorias conspirat\u00f3rias que trazem intranquilidade ao maior bem cultural vivo que o Rio Grande do Sul possui, a Orquestra Sinf\u00f4nica de Porto Alegre.<br \/>\n<strong>Nada mais sublime<\/strong><br \/>\nPorque n\u00e3o h\u00e1 nada mais sublime, empolgante ou completo culturalmente do que a exist\u00eancia de um grupo de m\u00fasicos de ponta, tocando ao mesmo tempo, ao vivo, obras criadas pelos maiores compositores que a humanidade j\u00e1 produziu.<br \/>\nA Ospa faz isso permanentemente, de forma acess\u00edvel, democr\u00e1tica, juntando tradi\u00e7\u00e3o e experi\u00eancia em seus quadros com renova\u00e7\u00e3o e juventude. Quem frequenta seus concertos, acompanha suas variadas apresenta\u00e7\u00f5es e conhece seu extenso calend\u00e1rio, sabe que as palavras de Karabchevsky s\u00e3o injustas, fora de prop\u00f3sito e causam imenso dano a todo o esfor\u00e7o que seus gestores, m\u00fasicos, colaboradores e apoiadores fazem para mant\u00ea-la entre as cinco melhores do Brasil.<br \/>\n<figure id=\"attachment_39151\" aria-describedby=\"caption-attachment-39151\" style=\"width: 300px\" class=\"wp-caption alignleft\"><img loading=\"lazy\" decoding=\"async\" class=\"size-medium wp-image-39151\" src=\"https:\/\/www.jornalja.com.br\/wp-content\/uploads\/2016\/09\/EvandroMatt\u00e9-diretor-art\u00edstico-Ospa-300x200.jpg\" alt=\"Evandro Matt\u00e9, atual diretor art\u00edstico da Ospa \/ Foto: Divulga\u00e7\u00e3o\" width=\"300\" height=\"200\" \/><figcaption id=\"caption-attachment-39151\" class=\"wp-caption-text\">Evandro Matt\u00e9, atual diretor art\u00edstico da Ospa \/ Foto: Divulga\u00e7\u00e3o<\/figcaption><\/figure><br \/>\n<strong>A resposta da OSPA<\/strong><br \/>\nManifesta\u00e7\u00e3o do diretor art\u00edstico da Ospa, maestro Evandro Matt\u00e9, sobre a entrevista de Isaac Karabtchevsky para o jornal Zero Hora.<br \/>\nMatt\u00e9 est\u00e1 h\u00e1 26 anos na Orquestra, onde ingressou aos 19 19 anos de idade.<br \/>\n<em>Prezados amigos,<\/em><br \/>\n<em>Venho, atrav\u00e9s desta, fazer uma importante defesa da institui\u00e7\u00e3o Funda\u00e7\u00e3o OSPA (Orquestra Sinf\u00f4nica de Porto Alegre) de afirma\u00e7\u00f5es inver\u00eddicas feitas pelo Maestro Isaac Karabtchevsky em entrevista ao jornalista F\u00e1bio Prickladnicki, na Zero Hora deste final de semana.<\/em><br \/>\n<em>Abaixo, apenas um dos par\u00e1grafos citados pelo referido Maestro na entrevista:<\/em><br \/>\n<em>\u201cOlha, foi uma das raz\u00f5es pelas quais eu sa\u00ed daqui. N\u00e3o s\u00f3 essa, como tamb\u00e9m a falta da reformula\u00e7\u00e3o da vida did\u00e1tica da Ospa. A Ospa precisava estar diretamente ligada a esse movimento que est\u00e1 sendo constru\u00eddo pelo Telmo (Jaconi, maestro) hoje com a Orquestra Jovem do RS. A Ospa teria todas as condi\u00e7\u00f5es de fazer esse trabalho. Nunca fez. Fez uma Orquestra Jovem, nem sei se existe (segundo a assessoria da Ospa, a Ospa Jovem realiza concertos regulares). Mas, enfim, nunca foi uma preocupa\u00e7\u00e3o fundamental. Foi uma s\u00e9rie de fatos sobrepostos que me fez tomar a decis\u00e3o de sair. Infelizmente, porque tive momentos de muita satisfa\u00e7\u00e3o musical\u201d.<\/em><br \/>\n<em>Inicialmente, gostaria de informar dados da atual gest\u00e3o da OSPA, que iniciou os trabalhos em janeiro de 2015, sob o comando do Secret\u00e1rio Victor Hugo e do Presidente Dr. Ivo Nesralla.<\/em><br \/>\n<em>Apesar da crise econ\u00f4mica que assola o RS e o Brasil, tivemos amplia\u00e7\u00e3o na programa\u00e7\u00e3o art\u00edstica em todos os segmentos da Funda\u00e7\u00e3o. Praticamente todos os concertos est\u00e3o lotados, obtivemos substancial aumento de p\u00fablico, cria\u00e7\u00e3o de novas s\u00e9ries (M\u00fasica no Museu, S\u00e9rie Ara\u00fajo Vianna, S\u00e9rie Serenata, Escola da Ospa na Comunidade) al\u00e9m das que j\u00e1 aconteciam na gest\u00e3o anterior, concurso de jovens compositores, apresenta\u00e7\u00e3o de uma \u00f3pera encenada depois de 14 anos, amplia\u00e7\u00e3o do n\u00famero de regentes e solistas convidados, diversifica\u00e7\u00e3o maior nos compositores apresentados, amplia\u00e7\u00e3o da presen\u00e7a da orquestra no Theatro S\u00e3o Pedro, amplia\u00e7\u00e3o do n\u00famero de concertos no interior, concurso de canto para cantores de nosso Estado atuarem junto a orquestra, entre outras a\u00e7\u00f5es.<\/em><br \/>\n<em>Em fun\u00e7\u00e3o de tudo que estamos implementando e dos resultados obtidos, n\u00e3o posso aceitar que um cidad\u00e3o fale palavras inver\u00eddicas sobre a OSPA sem conhecimento de causa e que isso fique sem retorno de parte da Funda\u00e7\u00e3o OSPA.<\/em><br \/>\n<em>O Maestro Isaac demonstra total desconhecimento da Funda\u00e7\u00e3o OSPA e do que est\u00e1 sendo realizado. Logo ele, que foi muito bem tratado quando esteve aqui &#8220;em todos os sentidos&#8221;, apesar de estar muito pouco presente e de ter deixado um legado muito pequeno para oito anos de gest\u00e3o. Ali\u00e1s, lembro de entrevista dele para importante canal nacional onde foi perguntado em que orquestras estava trabalhando e citou Orquestra da Fran\u00e7a (Pays de La Loire), Orquestra do Teatro Municipal do RJ e \u201cesqueceu\u201d que tinha um excelente emprego na OSPA. Ele era o Diretor Art\u00edstico da OSPA naquele momento.<\/em><br \/>\n<em>No par\u00e1grafo citado acima pelo Maestro, onde sugere que a OSPA deve se \u201cguiar\u201d pelo projeto Orquestra Jovem do RS, apresento os seguintes dados: o projeto citado atende 80 jovens e possui uma orquestra de cordas e percuss\u00e3o (informa\u00e7\u00e3o que ouvi em programa de entrevista de radio dos pr\u00f3prios coordenadores). A Escola da OSPA atende 200 jovens e possui 08 grupos estruturados: Ospa Jovem (Orquestra Sinf\u00f4nica), Camerata (Orquestra de Cordas), Banda Sinf\u00f4nica, Coro Jovem e grupos de c\u00e2mara est\u00e1veis (Quarteto de Cordas, Quinteto de Metais e Quinteto de Sopros). S\u00f3 estes dados j\u00e1 determinam o abismo que existe entre um projeto e outro.<\/em><br \/>\n<em>Recentemente um aluno oriundo da periferia de Porto Alegre (Weslei) foi destaque estadual (campanha institucional da RBS), destaque nacional no programa Fant\u00e1stico da Rede Globo e convidado para estudar no Conservat\u00f3rio de Genebra, um dos mais prestigiados do mundo. Onde ele est\u00e1 sendo formado? Escola da OSPA. Um percentual enorme de m\u00fasicos da OSPA e de outras orquestras do Estado s\u00e3o oriundos da Escola, inclusive eu. Temos ex-alunos espalhados pelo Brasil e exterior, inclusive professores em universidades americanas. A Escola ganhou recentemente o pr\u00eamio da FUNARTE de apoio a orquestras, em reconhecimento ao trabalho realizado.<\/em><br \/>\n<em>\u00c9 muito dif\u00edcil para mim, que dedico a vida \u00e0 OSPA (ingressei com 19 anos de idade e tenho 26 anos de orquestra) e para toda a equipe da Funda\u00e7\u00e3o, que lutamos diariamente para o crescimento da mesma, ler em mat\u00e9ria especial da ZH palavras de algu\u00e9m que n\u00e3o conhece o que est\u00e1 sendo feito na funda\u00e7\u00e3o.<\/em><br \/>\n<em>Fazer uma declara\u00e7\u00e3o inver\u00eddica de que n\u00e3o existe trabalho de forma\u00e7\u00e3o na Escola da OSPA \u00e9 vergonhoso. \u00c9 ofender todos os profissionais e educadores envolvidos com o projeto.<\/em><br \/>\n<em>\u00c9 preocupante este tipo de entrevista com declara\u00e7\u00f5es infundadas pela amplitude que uma mat\u00e9ria em espa\u00e7o e dia nobre de um ve\u00edculo de enorme circula\u00e7\u00e3o pode causar na imagem da Funda\u00e7\u00e3o junto ao Governo, aos patrocinadores e ao p\u00fablico da OSPA. As institui\u00e7\u00f5es culturais sobrevivem pelo resultado do seu trabalho e por sua imagem perante a sociedade.<\/em><br \/>\n<em>\u00c9 frustrante que uma pessoa que, com a rica hist\u00f3ria profissional do Maestro Isaac, coloque em questionamento a Funda\u00e7\u00e3o OSPA, prejudicando a mesma perante sua comunidade e seus apoiadores.<\/em><br \/>\n<em>N\u00e3o surpreende o fato dele desconhecer o trabalho da Escola da OSPA, a ponto de afirmar que nem sabia se a orquestra jovem da OSPA (a nossa OSPA JOVEM) estava funcionando. Foi justamente no per\u00edodo em que ele foi Diretor Art\u00edstico da OSPA, que a Escola foi fechada, no in\u00edcio de 2007. Nos 3 anos e meio que se seguiram, enquanto ele ainda ocupava estes cargos na OSPA, n\u00e3o me lembro de nenhuma declara\u00e7\u00e3o do Maestro em rela\u00e7\u00e3o a esta situa\u00e7\u00e3o. A Escola s\u00f3 viria a ser reaberta em 2013, depois do Maestro Isaac ter deixado seu cargo na OSPA, na gest\u00e3o do Maestro Tiago Flores.<\/em><br \/>\n<em>O que \u201cele&#8221; fez para mudar a situa\u00e7\u00e3o nos oito anos em que esteve a frente da Dire\u00e7\u00e3o Art\u00edstica da OSPA, apesar de sua amizade pessoal com a Governadora em quest\u00e3o? Provavelmente a resposta ser\u00e1 a realiza\u00e7\u00e3o de dois concursos para preenchimento de vagas. Muito pouco para oito anos. Mesmo estes concursos tiveram ampla e ativa participa\u00e7\u00e3o da Affospa (Associa\u00e7\u00e3o dos Funcion\u00e1rios da OSPA) no convencimento do Governo da necessidade de preencher as vagas e da nomea\u00e7\u00e3o dos mesmos.<\/em><br \/>\n<em>A OSPA \u00e9 a mais antiga orquestra do Brasil em atividades ininterruptas, com 66 anos de atividades. Enquanto a maioria das orquestras no Brasil est\u00e3o cancelando suas programa\u00e7\u00f5es este ano em fun\u00e7\u00e3o da crise, a OSPA ampliou (ser\u00e3o 66 espet\u00e1culos) com o apoio de patrocinadores e ajustes na gest\u00e3o, cumprindo sua fun\u00e7\u00e3o p\u00fablica de levar cultura \u00e0 sua comunidade.<\/em><br \/>\n<em>A OSPA \u00e9 adorada pelos ga\u00fachos e merece respeito por tudo que faz.<\/em><br \/>\n<em>Como m\u00fasico oriundo da orquestra desde 1990 e formado pela Escola da OSPA, minha fun\u00e7\u00e3o no cargo de Diretor Art\u00edstico \u00e9 de, junto com o Secret\u00e1rio Victor Hugo, o Presidente Dr. Ivo Nesralla, o Superintendente Araquem Idiart, a equipe administrativa e os m\u00fasicos, trabalhar para que a Funda\u00e7\u00e3o seja cada vez mais eficiente, que tenha pilares de sustentabilidade firmes no presente e para o futuro, que realize uma programa\u00e7\u00e3o de alto n\u00edvel e que cumpra seu papel social e cultural.<\/em><br \/>\n<em>Para tanto, estamos aguardando o mesmo espa\u00e7o que o ilustre Maestro obteve na ZH para o contradit\u00f3rio.<\/em><br \/>\n<em>Evandro Matt\u00e9<\/em><br \/>\n<em> Diretor Art\u00edstico \/ OSP<\/em>A<\/p>\n","protected":false},"excerpt":{"rendered":"<p>Higino Barros Lutando desde sua funda\u00e7\u00e3o, h\u00e1 66 anos, contra uma quase cr\u00f4nica falta de sede pr\u00f3pria, a Orquestra Sinf\u00f4nica de Porto Alegre, a mais antiga do Pa\u00eds, recebeu nesse \u00faltimo fim de semana, nas p\u00e1ginas do jornal Zero Hora, um m\u00edssil explosivo contra sua apregoada e reconhecida excel\u00eancia. Veio na forma de cr\u00edticas formuladas [&hellip;]<\/p>\n","protected":false},"author":4,"featured_media":39148,"comment_status":"open","ping_status":"closed","sticky":false,"template":"","format":"standard","meta":{"_jetpack_newsletter_access":"","_jetpack_dont_email_post_to_subs":false,"_jetpack_newsletter_tier_id":0,"_jetpack_memberships_contains_paywalled_content":false,"_jetpack_feature_clip_id":0,"_jetpack_memberships_contains_paid_content":false,"footnotes":"","jetpack_post_was_ever_published":false},"categories":[11],"tags":[],"class_list":["post-39147","post","type-post","status-publish","format-standard","has-post-thumbnail","hentry","category-materiasecundaria"],"aioseo_notices":[],"aioseo_head":"\n\t\t<!-- All in One SEO 5.0.1.1 - aioseo.com -->\n\t<meta name=\"robots\" content=\"max-image-preview:large\" \/>\n\t<meta name=\"author\" content=\"da Reda\u00e7\u00e3o\"\/>\n\t<link rel=\"canonical\" href=\"https:\/\/www.jornalja.com.br\/arquivo\/evando-matte-contesta-criticas-de-issac-karabtchevsky-a-ospa\/\" \/>\n\t<meta name=\"generator\" content=\"All in One SEO (AIOSEO) 5.0.1.1\" \/>\n\t\t<meta property=\"og:locale\" content=\"pt_BR\" \/>\n\t\t<meta property=\"og:site_name\" content=\"Arquivo | Jornal J\u00c1 | Porto Alegre\" \/>\n\t\t<meta property=\"og:type\" content=\"article\" \/>\n\t\t<meta property=\"og:title\" content=\"Evandro Matt\u00e9 contesta cr\u00edticas de Isaac Karabtchevsky \u00e0 Ospa | Arquivo\" \/>\n\t\t<meta property=\"og:url\" content=\"https:\/\/www.jornalja.com.br\/arquivo\/evando-matte-contesta-criticas-de-issac-karabtchevsky-a-ospa\/\" \/>\n\t\t<meta property=\"og:image\" content=\"https:\/\/www.jornalja.com.br\/wp-content\/uploads\/2016\/09\/isaac-300x199.jpg\" \/>\n\t\t<meta property=\"og:image:secure_url\" content=\"https:\/\/www.jornalja.com.br\/wp-content\/uploads\/2016\/09\/isaac-300x199.jpg\" \/>\n\t\t<meta property=\"article:published_time\" content=\"2016-09-13T20:24:21+00:00\" \/>\n\t\t<meta property=\"article:modified_time\" content=\"2016-09-13T20:24:21+00:00\" \/>\n\t\t<meta name=\"twitter:card\" content=\"summary\" \/>\n\t\t<meta name=\"twitter:title\" content=\"Evandro Matt\u00e9 contesta cr\u00edticas de Isaac Karabtchevsky \u00e0 Ospa | Arquivo\" \/>\n\t\t<meta name=\"twitter:image\" content=\"https:\/\/www.jornalja.com.br\/economics\/wp-content\/uploads\/sites\/11\/2026\/08\/ja-folhaderosto-facebook.jpg\" \/>\n\t\t<script type=\"application\/ld+json\" class=\"aioseo-schema\">\n\t\t\t{\"@context\":\"https:\\\/\\\/schema.org\",\"@graph\":[{\"@type\":\"BlogPosting\",\"@id\":\"https:\\\/\\\/www.jornalja.com.br\\\/arquivo\\\/evando-matte-contesta-criticas-de-issac-karabtchevsky-a-ospa\\\/#blogposting\",\"name\":\"Evandro Matt\\u00e9 contesta cr\\u00edticas de Isaac Karabtchevsky \\u00e0 Ospa | Arquivo\",\"headline\":\"Evandro Matt\\u00e9 contesta cr\\u00edticas de Isaac Karabtchevsky \\u00e0 Ospa\",\"author\":{\"@id\":\"https:\\\/\\\/www.jornalja.com.br\\\/arquivo\\\/author\\\/daredacao\\\/#author\"},\"publisher\":{\"@id\":\"https:\\\/\\\/www.jornalja.com.br\\\/arquivo\\\/#organization\"},\"image\":{\"@type\":\"ImageObject\",\"url\":39148},\"datePublished\":\"2016-09-13T17:24:21-03:00\",\"dateModified\":\"2016-09-13T17:24:21-03:00\",\"inLanguage\":\"pt-BR\",\"mainEntityOfPage\":{\"@id\":\"https:\\\/\\\/www.jornalja.com.br\\\/arquivo\\\/evando-matte-contesta-criticas-de-issac-karabtchevsky-a-ospa\\\/#webpage\"},\"isPartOf\":{\"@id\":\"https:\\\/\\\/www.jornalja.com.br\\\/arquivo\\\/evando-matte-contesta-criticas-de-issac-karabtchevsky-a-ospa\\\/#webpage\"},\"articleSection\":\"Cultura-Geral\"},{\"@type\":\"BreadcrumbList\",\"@id\":\"https:\\\/\\\/www.jornalja.com.br\\\/arquivo\\\/evando-matte-contesta-criticas-de-issac-karabtchevsky-a-ospa\\\/#breadcrumblist\",\"itemListElement\":[{\"@type\":\"ListItem\",\"@id\":\"https:\\\/\\\/www.jornalja.com.br\\\/arquivo#listItem\",\"position\":1,\"name\":\"Home\",\"item\":\"https:\\\/\\\/www.jornalja.com.br\\\/arquivo\",\"nextItem\":{\"@type\":\"ListItem\",\"@id\":\"https:\\\/\\\/www.jornalja.com.br\\\/arquivo\\\/category\\\/materiasecundaria\\\/#listItem\",\"name\":\"Cultura-Geral\"}},{\"@type\":\"ListItem\",\"@id\":\"https:\\\/\\\/www.jornalja.com.br\\\/arquivo\\\/category\\\/materiasecundaria\\\/#listItem\",\"position\":2,\"name\":\"Cultura-Geral\",\"item\":\"https:\\\/\\\/www.jornalja.com.br\\\/arquivo\\\/category\\\/materiasecundaria\\\/\",\"nextItem\":{\"@type\":\"ListItem\",\"@id\":\"https:\\\/\\\/www.jornalja.com.br\\\/arquivo\\\/evando-matte-contesta-criticas-de-issac-karabtchevsky-a-ospa\\\/#listItem\",\"name\":\"Evandro Matt\\u00e9 contesta cr\\u00edticas de Isaac Karabtchevsky \\u00e0 Ospa\"},\"previousItem\":{\"@type\":\"ListItem\",\"@id\":\"https:\\\/\\\/www.jornalja.com.br\\\/arquivo#listItem\",\"name\":\"Home\"}},{\"@type\":\"ListItem\",\"@id\":\"https:\\\/\\\/www.jornalja.com.br\\\/arquivo\\\/evando-matte-contesta-criticas-de-issac-karabtchevsky-a-ospa\\\/#listItem\",\"position\":3,\"name\":\"Evandro Matt\\u00e9 contesta cr\\u00edticas de Isaac Karabtchevsky \\u00e0 Ospa\",\"previousItem\":{\"@type\":\"ListItem\",\"@id\":\"https:\\\/\\\/www.jornalja.com.br\\\/arquivo\\\/category\\\/materiasecundaria\\\/#listItem\",\"name\":\"Cultura-Geral\"}}]},{\"@type\":\"Organization\",\"@id\":\"https:\\\/\\\/www.jornalja.com.br\\\/arquivo\\\/#organization\",\"name\":\"Jornal J\\u00c1\",\"description\":\"Jornal J\\u00c1 | Porto Alegre\",\"url\":\"https:\\\/\\\/www.jornalja.com.br\\\/arquivo\\\/\",\"telephone\":\"+555133307272\",\"logo\":{\"@type\":\"ImageObject\",\"url\":\"https:\\\/\\\/www.jornalja.com.br\\\/wp-content\\\/uploads\\\/cards\\\/JAslogan.png\",\"@id\":\"https:\\\/\\\/www.jornalja.com.br\\\/arquivo\\\/evando-matte-contesta-criticas-de-issac-karabtchevsky-a-ospa\\\/#organizationLogo\"},\"image\":{\"@id\":\"https:\\\/\\\/www.jornalja.com.br\\\/arquivo\\\/evando-matte-contesta-criticas-de-issac-karabtchevsky-a-ospa\\\/#organizationLogo\"}},{\"@type\":\"Person\",\"@id\":\"https:\\\/\\\/www.jornalja.com.br\\\/arquivo\\\/author\\\/daredacao\\\/#author\",\"url\":\"https:\\\/\\\/www.jornalja.com.br\\\/arquivo\\\/author\\\/daredacao\\\/\",\"name\":\"da Reda\\u00e7\\u00e3o\",\"image\":{\"@type\":\"ImageObject\",\"@id\":\"https:\\\/\\\/www.jornalja.com.br\\\/arquivo\\\/evando-matte-contesta-criticas-de-issac-karabtchevsky-a-ospa\\\/#authorImage\",\"url\":\"https:\\\/\\\/secure.gravatar.com\\\/avatar\\\/469fd857d6605ad19919d27ed29d35a968a25f6e8fd9318356bbb7f57aae9c65?s=96&d=mm&r=g\",\"width\":96,\"height\":96,\"caption\":\"da Reda\\u00e7\\u00e3o\"}},{\"@type\":\"WebPage\",\"@id\":\"https:\\\/\\\/www.jornalja.com.br\\\/arquivo\\\/evando-matte-contesta-criticas-de-issac-karabtchevsky-a-ospa\\\/#webpage\",\"url\":\"https:\\\/\\\/www.jornalja.com.br\\\/arquivo\\\/evando-matte-contesta-criticas-de-issac-karabtchevsky-a-ospa\\\/\",\"name\":\"Evandro Matt\\u00e9 contesta cr\\u00edticas de Isaac Karabtchevsky \\u00e0 Ospa | Arquivo\",\"inLanguage\":\"pt-BR\",\"isPartOf\":{\"@id\":\"https:\\\/\\\/www.jornalja.com.br\\\/arquivo\\\/#website\"},\"breadcrumb\":{\"@id\":\"https:\\\/\\\/www.jornalja.com.br\\\/arquivo\\\/evando-matte-contesta-criticas-de-issac-karabtchevsky-a-ospa\\\/#breadcrumblist\"},\"author\":{\"@id\":\"https:\\\/\\\/www.jornalja.com.br\\\/arquivo\\\/author\\\/daredacao\\\/#author\"},\"creator\":{\"@id\":\"https:\\\/\\\/www.jornalja.com.br\\\/arquivo\\\/author\\\/daredacao\\\/#author\"},\"image\":{\"@type\":\"ImageObject\",\"url\":39148,\"@id\":\"https:\\\/\\\/www.jornalja.com.br\\\/arquivo\\\/evando-matte-contesta-criticas-de-issac-karabtchevsky-a-ospa\\\/#mainImage\"},\"primaryImageOfPage\":{\"@id\":\"https:\\\/\\\/www.jornalja.com.br\\\/arquivo\\\/evando-matte-contesta-criticas-de-issac-karabtchevsky-a-ospa\\\/#mainImage\"},\"datePublished\":\"2016-09-13T17:24:21-03:00\",\"dateModified\":\"2016-09-13T17:24:21-03:00\"},{\"@type\":\"WebSite\",\"@id\":\"https:\\\/\\\/www.jornalja.com.br\\\/arquivo\\\/#website\",\"url\":\"https:\\\/\\\/www.jornalja.com.br\\\/arquivo\\\/\",\"name\":\"Arquivo\",\"description\":\"Jornal J\\u00c1 | Porto Alegre\",\"inLanguage\":\"pt-BR\",\"publisher\":{\"@id\":\"https:\\\/\\\/www.jornalja.com.br\\\/arquivo\\\/#organization\"}}]}\n\t\t<\/script>\n\t\t<!-- All in One SEO -->\n\n","aioseo_head_json":{"title":"Evandro Matt\u00e9 contesta cr\u00edticas de Isaac Karabtchevsky \u00e0 Ospa | Arquivo","description":"","canonical_url":"https:\/\/www.jornalja.com.br\/arquivo\/evando-matte-contesta-criticas-de-issac-karabtchevsky-a-ospa\/","robots":"max-image-preview:large","keywords":"","webmasterTools":{"miscellaneous":""},"schema":{"@context":"https:\/\/schema.org","@graph":[{"@type":"BlogPosting","@id":"https:\/\/www.jornalja.com.br\/arquivo\/evando-matte-contesta-criticas-de-issac-karabtchevsky-a-ospa\/#blogposting","name":"Evandro Matt\u00e9 contesta cr\u00edticas de Isaac Karabtchevsky \u00e0 Ospa | Arquivo","headline":"Evandro Matt\u00e9 contesta cr\u00edticas de Isaac Karabtchevsky \u00e0 Ospa","author":{"@id":"https:\/\/www.jornalja.com.br\/arquivo\/author\/daredacao\/#author"},"publisher":{"@id":"https:\/\/www.jornalja.com.br\/arquivo\/#organization"},"image":{"@type":"ImageObject","url":39148},"datePublished":"2016-09-13T17:24:21-03:00","dateModified":"2016-09-13T17:24:21-03:00","inLanguage":"pt-BR","mainEntityOfPage":{"@id":"https:\/\/www.jornalja.com.br\/arquivo\/evando-matte-contesta-criticas-de-issac-karabtchevsky-a-ospa\/#webpage"},"isPartOf":{"@id":"https:\/\/www.jornalja.com.br\/arquivo\/evando-matte-contesta-criticas-de-issac-karabtchevsky-a-ospa\/#webpage"},"articleSection":"Cultura-Geral"},{"@type":"BreadcrumbList","@id":"https:\/\/www.jornalja.com.br\/arquivo\/evando-matte-contesta-criticas-de-issac-karabtchevsky-a-ospa\/#breadcrumblist","itemListElement":[{"@type":"ListItem","@id":"https:\/\/www.jornalja.com.br\/arquivo#listItem","position":1,"name":"Home","item":"https:\/\/www.jornalja.com.br\/arquivo","nextItem":{"@type":"ListItem","@id":"https:\/\/www.jornalja.com.br\/arquivo\/category\/materiasecundaria\/#listItem","name":"Cultura-Geral"}},{"@type":"ListItem","@id":"https:\/\/www.jornalja.com.br\/arquivo\/category\/materiasecundaria\/#listItem","position":2,"name":"Cultura-Geral","item":"https:\/\/www.jornalja.com.br\/arquivo\/category\/materiasecundaria\/","nextItem":{"@type":"ListItem","@id":"https:\/\/www.jornalja.com.br\/arquivo\/evando-matte-contesta-criticas-de-issac-karabtchevsky-a-ospa\/#listItem","name":"Evandro Matt\u00e9 contesta cr\u00edticas de Isaac Karabtchevsky \u00e0 Ospa"},"previousItem":{"@type":"ListItem","@id":"https:\/\/www.jornalja.com.br\/arquivo#listItem","name":"Home"}},{"@type":"ListItem","@id":"https:\/\/www.jornalja.com.br\/arquivo\/evando-matte-contesta-criticas-de-issac-karabtchevsky-a-ospa\/#listItem","position":3,"name":"Evandro Matt\u00e9 contesta cr\u00edticas de Isaac Karabtchevsky \u00e0 Ospa","previousItem":{"@type":"ListItem","@id":"https:\/\/www.jornalja.com.br\/arquivo\/category\/materiasecundaria\/#listItem","name":"Cultura-Geral"}}]},{"@type":"Organization","@id":"https:\/\/www.jornalja.com.br\/arquivo\/#organization","name":"Jornal J\u00c1","description":"Jornal J\u00c1 | Porto Alegre","url":"https:\/\/www.jornalja.com.br\/arquivo\/","telephone":"+555133307272","logo":{"@type":"ImageObject","url":"https:\/\/www.jornalja.com.br\/wp-content\/uploads\/cards\/JAslogan.png","@id":"https:\/\/www.jornalja.com.br\/arquivo\/evando-matte-contesta-criticas-de-issac-karabtchevsky-a-ospa\/#organizationLogo"},"image":{"@id":"https:\/\/www.jornalja.com.br\/arquivo\/evando-matte-contesta-criticas-de-issac-karabtchevsky-a-ospa\/#organizationLogo"}},{"@type":"Person","@id":"https:\/\/www.jornalja.com.br\/arquivo\/author\/daredacao\/#author","url":"https:\/\/www.jornalja.com.br\/arquivo\/author\/daredacao\/","name":"da Reda\u00e7\u00e3o","image":{"@type":"ImageObject","@id":"https:\/\/www.jornalja.com.br\/arquivo\/evando-matte-contesta-criticas-de-issac-karabtchevsky-a-ospa\/#authorImage","url":"https:\/\/secure.gravatar.com\/avatar\/469fd857d6605ad19919d27ed29d35a968a25f6e8fd9318356bbb7f57aae9c65?s=96&d=mm&r=g","width":96,"height":96,"caption":"da Reda\u00e7\u00e3o"}},{"@type":"WebPage","@id":"https:\/\/www.jornalja.com.br\/arquivo\/evando-matte-contesta-criticas-de-issac-karabtchevsky-a-ospa\/#webpage","url":"https:\/\/www.jornalja.com.br\/arquivo\/evando-matte-contesta-criticas-de-issac-karabtchevsky-a-ospa\/","name":"Evandro Matt\u00e9 contesta cr\u00edticas de Isaac Karabtchevsky \u00e0 Ospa | Arquivo","inLanguage":"pt-BR","isPartOf":{"@id":"https:\/\/www.jornalja.com.br\/arquivo\/#website"},"breadcrumb":{"@id":"https:\/\/www.jornalja.com.br\/arquivo\/evando-matte-contesta-criticas-de-issac-karabtchevsky-a-ospa\/#breadcrumblist"},"author":{"@id":"https:\/\/www.jornalja.com.br\/arquivo\/author\/daredacao\/#author"},"creator":{"@id":"https:\/\/www.jornalja.com.br\/arquivo\/author\/daredacao\/#author"},"image":{"@type":"ImageObject","url":39148,"@id":"https:\/\/www.jornalja.com.br\/arquivo\/evando-matte-contesta-criticas-de-issac-karabtchevsky-a-ospa\/#mainImage"},"primaryImageOfPage":{"@id":"https:\/\/www.jornalja.com.br\/arquivo\/evando-matte-contesta-criticas-de-issac-karabtchevsky-a-ospa\/#mainImage"},"datePublished":"2016-09-13T17:24:21-03:00","dateModified":"2016-09-13T17:24:21-03:00"},{"@type":"WebSite","@id":"https:\/\/www.jornalja.com.br\/arquivo\/#website","url":"https:\/\/www.jornalja.com.br\/arquivo\/","name":"Arquivo","description":"Jornal J\u00c1 | Porto Alegre","inLanguage":"pt-BR","publisher":{"@id":"https:\/\/www.jornalja.com.br\/arquivo\/#organization"}}]},"og:locale":"pt_BR","og:site_name":"Arquivo | Jornal J\u00c1 | Porto Alegre","og:type":"article","og:title":"Evandro Matt\u00e9 contesta cr\u00edticas de Isaac Karabtchevsky \u00e0 Ospa | Arquivo","og:url":"https:\/\/www.jornalja.com.br\/arquivo\/evando-matte-contesta-criticas-de-issac-karabtchevsky-a-ospa\/","og:image":"https:\/\/www.jornalja.com.br\/wp-content\/uploads\/2016\/09\/isaac-300x199.jpg","og:image:secure_url":"https:\/\/www.jornalja.com.br\/wp-content\/uploads\/2016\/09\/isaac-300x199.jpg","article:published_time":"2016-09-13T20:24:21+00:00","article:modified_time":"2016-09-13T20:24:21+00:00","twitter:card":"summary","twitter:title":"Evandro Matt\u00e9 contesta cr\u00edticas de Isaac Karabtchevsky \u00e0 Ospa | Arquivo","twitter:image":"https:\/\/www.jornalja.com.br\/economics\/wp-content\/uploads\/sites\/11\/2026\/08\/ja-folhaderosto-facebook.jpg"},"aioseo_meta_data":{"post_id":"39147","title":null,"description":null,"keywords":null,"keyphrases":null,"primary_term":null,"canonical_url":null,"og_title":null,"og_description":null,"og_object_type":"default","og_image_type":"default","og_image_url":null,"og_image_width":null,"og_image_height":null,"og_image_custom_url":null,"og_image_custom_fields":null,"og_video":null,"og_custom_url":null,"og_article_section":null,"og_article_tags":null,"twitter_use_og":false,"twitter_card":"default","twitter_image_type":"default","twitter_image_url":null,"twitter_image_custom_url":null,"twitter_image_custom_fields":null,"twitter_title":null,"twitter_description":null,"schema":{"blockGraphs":[],"customGraphs":[],"default":{"data":{"Article":[],"Course":[],"Dataset":[],"FAQPage":[],"Movie":[],"Person":[],"Product":[],"ProductReview":[],"Car":[],"Recipe":[],"Service":[],"SoftwareApplication":[],"WebPage":[]},"graphName":"","isEnabled":true},"graphs":[],"defaultGraph":"","defaultPostTypeGraph":""},"schema_type":null,"schema_type_options":null,"pillar_content":false,"robots_default":true,"robots_noindex":false,"robots_noarchive":false,"robots_nosnippet":false,"robots_nofollow":false,"robots_noimageindex":false,"robots_noodp":false,"robots_notranslate":false,"robots_max_snippet":null,"robots_max_videopreview":null,"robots_max_imagepreview":"large","priority":null,"frequency":null,"location":null,"local_seo":null,"breadcrumb_settings":null,"limit_modified_date":false,"ai":null,"created":"2020-12-20 20:50:54","updated":"2025-07-19 16:43:12","seo_analyzer_scan_date":null,"focus_keyword":null,"additional_keywords":null,"truseo_locale":null},"jetpack_sharing_enabled":true,"jetpack-related-posts":[{"id":13240,"url":"https:\/\/www.jornalja.com.br\/arquivo\/plano-diretor-estamos-construindo-o-caos\/","url_meta":{"origin":39147,"position":0},"title":"Plano diretor: &quot;Estamos construindo o caos&quot;","author":"Patr\u00edcia Marini","date":"26 de maio de 2014","format":false,"excerpt":"Desabafo que arquiteta Eliana Castilhos, delegada da Regi\u00e3o de Planejamento 1, postou nas redes sociais \u00e9 um testemunho do ambiente que se criou no Conselho do Plano Diretor de Porto Alegre, onde a aprova\u00e7\u00e3o de grandes empreendimentos \u00e9 empurrada guela abaixo dos conselheiros. Ao CMDUA Como delegada da Regi\u00e3o de\u2026","rel":"","context":"Em &quot;Geral&quot;","block_context":{"text":"Geral","link":"https:\/\/www.jornalja.com.br\/arquivo\/category\/geral\/"},"img":{"alt_text":"","src":"","width":0,"height":0},"classes":[]},{"id":13109,"url":"https:\/\/www.jornalja.com.br\/arquivo\/judiciario-reconhece-poluicao-eletromagnetica\/","url_meta":{"origin":39147,"position":1},"title":"Judici\u00e1rio reconhece polui\u00e7\u00e3o eletromagn\u00e9tica","author":"Patr\u00edcia Marini","date":"16 de maio de 2014","format":false,"excerpt":"A\u00e7\u00e3o de duas associa\u00e7\u00f5es de moradores foi acolhida pelo Tribunal de Justi\u00e7a de S\u00e3o Paulo que. em decis\u00e3o in\u00e9dita, determinou a redu\u00e7\u00e3o do campo eletromagn\u00e9tico gerado pelas linhas de transmiss\u00e3o de energia que cortam os bairros City Boa\u00e7ava e Alto de Pinheiros. \u00c9 a primeira vez que um tribunal do\u2026","rel":"","context":"Em &quot;X.Categorias velhas&quot;","block_context":{"text":"X.Categorias velhas","link":"https:\/\/www.jornalja.com.br\/arquivo\/category\/x-categorias-velhas\/"},"img":{"alt_text":"","src":"","width":0,"height":0},"classes":[]},{"id":13101,"url":"https:\/\/www.jornalja.com.br\/arquivo\/morre-um-guerreiro-do-texto\/","url_meta":{"origin":39147,"position":2},"title":"Morre um guerreiro do texto","author":"Patr\u00edcia Marini","date":"14 de maio de 2014","format":false,"excerpt":"Por Ricardo Kotscho Reproduzido do blog do autor, 11\/5\/2014; t\u00edtulo original \u201cE l\u00e1 se foi o nosso Myltainho, guerreiro do texto\u201d. Mi\u00fado e franzino, meu amigo Myltainho era um valente e inconformado guerreiro na luta contra as injusti\u00e7as sociais, a hipocrisia, as maracutaias, o autoritarismo, a intoler\u00e2ncia, a viol\u00eancia, o\u2026","rel":"","context":"Em &quot;Geral&quot;","block_context":{"text":"Geral","link":"https:\/\/www.jornalja.com.br\/arquivo\/category\/geral\/"},"img":{"alt_text":"","src":"","width":0,"height":0},"classes":[]},{"id":13128,"url":"https:\/\/www.jornalja.com.br\/arquivo\/maconha-terra-diz-que-uso-medicinal-e-desculpa\/","url_meta":{"origin":39147,"position":3},"title":"Maconha: Terra diz que uso medicinal \u00e9 desculpa","author":"Patr\u00edcia Marini","date":"4 de junho de 2014","format":false,"excerpt":"A condi\u00e7\u00e3o de pol\u00edtico, em \u00e9poca de campanha de campanha eleitoral, tira for\u00e7a do discurso do m\u00e9dico Osmar Terra contra a legaliza\u00e7\u00e3o da maconha. A tese dele de que a libera\u00e7\u00e3o vai ampliar exponencialmente o consumo \u00e9 discutivel, o consumo \u00e9 corrente. Mas seus alertas quanto aos riscos tem que\u2026","rel":"","context":"Em &quot;X.Categorias velhas&quot;","block_context":{"text":"X.Categorias velhas","link":"https:\/\/www.jornalja.com.br\/arquivo\/category\/x-categorias-velhas\/"},"img":{"alt_text":"","src":"","width":0,"height":0},"classes":[]},{"id":13124,"url":"https:\/\/www.jornalja.com.br\/arquivo\/sangue-latino-no-iecine\/","url_meta":{"origin":39147,"position":4},"title":"Sangue latino no IECINE","author":"da Reda\u00e7\u00e3o","date":"18 de maio de 2014","format":false,"excerpt":"Francisco Ribeiro O Instituto Estadual de Cinema (IECINE) tem a frente, desde abril \u00faltimo, um novo diretor, o cineasta colombiano Juan Zapata, 36, que substitui Luiz Alberto Cassol. Radicado h\u00e1 dez anos em Porto Alegre, Zapata tem diante de si o desafio de conduzir at\u00e9 o final do ano um\u2026","rel":"","context":"Em &quot;Cultura-Geral&quot;","block_context":{"text":"Cultura-Geral","link":"https:\/\/www.jornalja.com.br\/arquivo\/category\/materiasecundaria\/"},"img":{"alt_text":"","src":"","width":0,"height":0},"classes":[]},{"id":1280,"url":"https:\/\/www.jornalja.com.br\/arquivo\/o-menino-que-se-tornou-brizola\/","url_meta":{"origin":39147,"position":5},"title":"O Menino que se Tornou Brizola","author":"da Reda\u00e7\u00e3o","date":"28 de julho de 2008","format":false,"excerpt":"Autor: Cleber Dioni A vida de Leonel Brizola, com \u00eanfase para os primeiros anos em Porto Alegre, at\u00e9 o ex\u00edlio no Uruguai e a volta, quinze anos depois. \u00a0\"...\u00c9ramos todos jovens e nos identific\u00e1vamos com aquela massa an\u00f4nima a percorrer as ruas de Porto Alegre, gritando 'Get\u00falio', 'Get\u00falio' e empunhando\u2026","rel":"","context":"Em &quot;Livros&quot;","block_context":{"text":"Livros","link":"https:\/\/www.jornalja.com.br\/arquivo\/category\/livros\/"},"img":{"alt_text":"","src":"https:\/\/i0.wp.com\/www.jornalja.com.br\/wp-content\/uploads\/2008\/07\/brizola.gif?resize=350%2C200&ssl=1","width":350,"height":200},"classes":[]}],"jetpack_shortlink":"https:\/\/wp.me\/pbQjBd-abp","jetpack_featured_media_url":"","_links":{"self":[{"href":"https:\/\/www.jornalja.com.br\/arquivo\/wp-json\/wp\/v2\/posts\/39147","targetHints":{"allow":["GET"]}}],"collection":[{"href":"https:\/\/www.jornalja.com.br\/arquivo\/wp-json\/wp\/v2\/posts"}],"about":[{"href":"https:\/\/www.jornalja.com.br\/arquivo\/wp-json\/wp\/v2\/types\/post"}],"author":[{"embeddable":true,"href":"https:\/\/www.jornalja.com.br\/arquivo\/wp-json\/wp\/v2\/users\/4"}],"replies":[{"embeddable":true,"href":"https:\/\/www.jornalja.com.br\/arquivo\/wp-json\/wp\/v2\/comments?post=39147"}],"version-history":[{"count":0,"href":"https:\/\/www.jornalja.com.br\/arquivo\/wp-json\/wp\/v2\/posts\/39147\/revisions"}],"wp:attachment":[{"href":"https:\/\/www.jornalja.com.br\/arquivo\/wp-json\/wp\/v2\/media?parent=39147"}],"wp:term":[{"taxonomy":"category","embeddable":true,"href":"https:\/\/www.jornalja.com.br\/arquivo\/wp-json\/wp\/v2\/categories?post=39147"},{"taxonomy":"post_tag","embeddable":true,"href":"https:\/\/www.jornalja.com.br\/arquivo\/wp-json\/wp\/v2\/tags?post=39147"}],"curies":[{"name":"wp","href":"https:\/\/api.w.org\/{rel}","templated":true}]}}