{"id":39224,"date":"2016-09-14T22:10:42","date_gmt":"2016-09-15T01:10:42","guid":{"rendered":"https:\/\/www.jornalja.com.br\/?p=39224"},"modified":"2016-09-14T22:10:42","modified_gmt":"2016-09-15T01:10:42","slug":"cpi-vai-investigar-isencao-de-imposto-para-festas-e-shows-milionarios","status":"publish","type":"post","link":"https:\/\/www.jornalja.com.br\/arquivo\/cpi-vai-investigar-isencao-de-imposto-para-festas-e-shows-milionarios\/","title":{"rendered":"CPI vai investigar isen\u00e7\u00e3o de imposto para festas e shows milion\u00e1rios"},"content":{"rendered":"<p>As not\u00edcias sobre shows de alto retorno comercial e at\u00e9 uma festa de casamento pagos com dinheiro de impostos, por ren\u00fancia fiscal via Lei Rouanet, levaram \u00e0 cria\u00e7\u00e3o de uma CPI (Comiss\u00e3o Parlamentar de Inqu\u00e9rito).<br \/>\nA CPI da Lei Rouanet elegeu nesta quarta-feira seu presidente,\u00a0o deputado Alberto Fraga (DEM-DF), um dos autores do pedido para criar a CPI. Fraga disse que conduzir\u00e1 o trabalho com isen\u00e7\u00e3o e &#8220;sem ca\u00e7a \u00e0s bruxas&#8221;.<br \/>\nCriada em 1991 para incentivar a produ\u00e7\u00e3o cultural, a lei acabou sendo usada tamb\u00e9m para\u00a0financiar projetos de artistas ou personalidades bem relacionadas nos meios governamentais e empresariais desde ent\u00e3o. Acabou concedendo incentivos para eventos de grande porte considerados lucrativos, que n\u00e3o se encaixariam nas normas de benefici\u00e1rios da Lei Rouanet.<br \/>\nTrata-se de dinheiro p\u00fablico, j\u00e1 que o patrocinador desconta do imposto de renda a pagar o que foi destinado ao projeto patrocinado. Mas a escolha do projeto \u00e9 da empresa &#8220;incentivadora&#8221;. Surgiu at\u00e9 a figura do &#8220;captador&#8221;, pessoa com tr\u00e2nsito nas empresas que muitas vezes n\u00e3o tem nenhum outro envolvimento com o projeto cultural.<br \/>\n\u201cN\u00e3o queremos fazer ca\u00e7a a bruxas e n\u00e3o me pe\u00e7am para participar de chicana. N\u00e3o vamos fazer pol\u00edtica usando a CPI\u201d, garantiu Fraga, ao ser eleito por unanimidade o presidente da CPI. \u201cN\u00e3o vamos prejudicar ningu\u00e9m, mas tamb\u00e9m n\u00e3o vamos encobrir falcatrua de ningu\u00e9m\u201d, afirmou.<br \/>\nOs 30 deputados que integram a comiss\u00e3o v\u00e3o se debru\u00e7ar sobre auditorias do Tribunal de Contas da Uni\u00e3o (TCU) e den\u00fancias veiculadas na imprensa que d\u00e3o conta da exist\u00eancia de uma s\u00e9rie de irregularidades na operacionaliza\u00e7\u00e3o da lei.<br \/>\n\u201cTemos que tirar desta CPI algo que venha beneficiar a sociedade, especialmente os artistas iniciantes. Foi por causa deles. Fere aos nossos ouvidos saber de artistas consagrados terem seus shows de R$ 4 a R$ 5 milh\u00f5es financiados, quando tem at\u00e9 jatinho, e os coitados que est\u00e3o iniciando carreira n\u00e3o conseguem financiamento para gravar uma m\u00fasica\u201d, disse. Fraga ainda lembrou de den\u00fancias como as de uso dos recursos da lei para custear uma festa de casamento \u201cluxuosa\u201d.<br \/>\nMais de 3 mil projetos por recebem o apoio a cada ano. Muitos mais s\u00e3o aprovados no Minist\u00e9rio na Cultura mas n\u00e3o t\u00eam acesso a apoiadores. E muitas empresas que poderiam apoiar, e com isso colher bom retorno de marketing, n\u00e3o o fazem porque isso significaria &#8220;abrir as planilhas&#8221;.<br \/>\nA CPI vem depois que a Pol\u00edcia Federal deflagrou a Opera\u00e7\u00e3o Boca Livre para apurar o desvio de recursos federais por meio da lei. A gota d&#8217;\u00e1gua foi a festa do casamento de Felipe Amorim e Caroline Monteiro, que durou um final de semana inteiro, em maio deste ano, no 300 Beach Club, de frente para o mar de Jurer\u00ea, em Florian\u00f3polis. Uma das atra\u00e7\u00f5es foi um show do cantor sertanejo Leo Rodriguez.<br \/>\nO noivo foi um dos presos. Felipe \u00e9 filho de Antonio Carlos Bellini, dono da Bellini Cultural, suspeito de ser cabe\u00e7a do esquema de fraudes na Lei Rouanet e alvo da opera\u00e7\u00e3o Boca Livre da PF.\u00a0Antonio Carlos e a sua mulher foram presos em S\u00e3o Paulo.<br \/>\nFelipe \u00e9 gerente de marketing do Grupo Bellini Cultural.\u00a0At\u00e9 agora foram expedidos 14 mandados de pris\u00e3o tempor\u00e1ria e 37 mandados de busca e apreens\u00e3o em S\u00e3o Paulo, Rio de Janeiro e no Distrito Federal.<br \/>\nFraga n\u00e3o marcou a pr\u00f3xima reuni\u00e3o da comiss\u00e3o. Na segunda-feira (19), ele quer conversar com o presidente da Casa, Rodrigo Maia (DEM-RJ), para acertar detalhes e marcar o dia da primeira sess\u00e3o de trabalho.<br \/>\n<em>(Com informa\u00e7\u00f5es da Ag\u00eancia Brasil)<\/em><br \/>\n&nbsp;<\/p>\n","protected":false},"excerpt":{"rendered":"<p>As not\u00edcias sobre shows de alto retorno comercial e at\u00e9 uma festa de casamento pagos com dinheiro de impostos, por ren\u00fancia fiscal via Lei Rouanet, levaram \u00e0 cria\u00e7\u00e3o de uma CPI (Comiss\u00e3o Parlamentar de Inqu\u00e9rito). A CPI da Lei Rouanet elegeu nesta quarta-feira seu presidente,\u00a0o deputado Alberto Fraga (DEM-DF), um dos autores do pedido para [&hellip;]<\/p>\n","protected":false},"author":4,"featured_media":39229,"comment_status":"open","ping_status":"closed","sticky":false,"template":"","format":"standard","meta":{"_jetpack_newsletter_access":"","_jetpack_dont_email_post_to_subs":false,"_jetpack_newsletter_tier_id":0,"_jetpack_memberships_contains_paywalled_content":false,"_jetpack_feature_clip_id":0,"_jetpack_memberships_contains_paid_content":false,"footnotes":"","jetpack_post_was_ever_published":false},"categories":[11],"tags":[],"class_list":["post-39224","post","type-post","status-publish","format-standard","has-post-thumbnail","hentry","category-materiasecundaria"],"aioseo_notices":[],"aioseo_head":"\n\t\t<!-- All in One SEO 5.0.1.1 - aioseo.com -->\n\t<meta name=\"robots\" content=\"max-image-preview:large\" \/>\n\t<meta name=\"author\" content=\"da Reda\u00e7\u00e3o\"\/>\n\t<link rel=\"canonical\" href=\"https:\/\/www.jornalja.com.br\/arquivo\/cpi-vai-investigar-isencao-de-imposto-para-festas-e-shows-milionarios\/\" \/>\n\t<meta name=\"generator\" content=\"All in One SEO (AIOSEO) 5.0.1.1\" \/>\n\t\t<meta property=\"og:locale\" content=\"pt_BR\" \/>\n\t\t<meta property=\"og:site_name\" content=\"Arquivo | Jornal J\u00c1 | Porto Alegre\" \/>\n\t\t<meta property=\"og:type\" content=\"article\" \/>\n\t\t<meta property=\"og:title\" content=\"CPI vai investigar isen\u00e7\u00e3o de imposto para festas e shows milion\u00e1rios | Arquivo\" \/>\n\t\t<meta property=\"og:url\" content=\"https:\/\/www.jornalja.com.br\/arquivo\/cpi-vai-investigar-isencao-de-imposto-para-festas-e-shows-milionarios\/\" \/>\n\t\t<meta property=\"og:image\" content=\"https:\/\/www.jornalja.com.br\/economics\/wp-content\/uploads\/sites\/11\/2026\/08\/ja-folhaderosto-facebook.jpg\" \/>\n\t\t<meta property=\"og:image:secure_url\" content=\"https:\/\/www.jornalja.com.br\/economics\/wp-content\/uploads\/sites\/11\/2026\/08\/ja-folhaderosto-facebook.jpg\" \/>\n\t\t<meta property=\"article:published_time\" content=\"2016-09-15T01:10:42+00:00\" \/>\n\t\t<meta property=\"article:modified_time\" content=\"2016-09-15T01:10:42+00:00\" \/>\n\t\t<meta name=\"twitter:card\" content=\"summary\" \/>\n\t\t<meta name=\"twitter:title\" content=\"CPI vai investigar isen\u00e7\u00e3o de imposto para festas e shows milion\u00e1rios | Arquivo\" \/>\n\t\t<meta name=\"twitter:image\" content=\"https:\/\/www.jornalja.com.br\/economics\/wp-content\/uploads\/sites\/11\/2026\/08\/ja-folhaderosto-facebook.jpg\" \/>\n\t\t<script type=\"application\/ld+json\" class=\"aioseo-schema\">\n\t\t\t{\"@context\":\"https:\\\/\\\/schema.org\",\"@graph\":[{\"@type\":\"BlogPosting\",\"@id\":\"https:\\\/\\\/www.jornalja.com.br\\\/arquivo\\\/cpi-vai-investigar-isencao-de-imposto-para-festas-e-shows-milionarios\\\/#blogposting\",\"name\":\"CPI vai investigar isen\\u00e7\\u00e3o de imposto para festas e shows milion\\u00e1rios | Arquivo\",\"headline\":\"CPI vai investigar isen\\u00e7\\u00e3o de imposto para festas e shows milion\\u00e1rios\",\"author\":{\"@id\":\"https:\\\/\\\/www.jornalja.com.br\\\/arquivo\\\/author\\\/daredacao\\\/#author\"},\"publisher\":{\"@id\":\"https:\\\/\\\/www.jornalja.com.br\\\/arquivo\\\/#organization\"},\"image\":{\"@type\":\"ImageObject\",\"url\":39229},\"datePublished\":\"2016-09-14T22:10:42-03:00\",\"dateModified\":\"2016-09-14T22:10:42-03:00\",\"inLanguage\":\"pt-BR\",\"mainEntityOfPage\":{\"@id\":\"https:\\\/\\\/www.jornalja.com.br\\\/arquivo\\\/cpi-vai-investigar-isencao-de-imposto-para-festas-e-shows-milionarios\\\/#webpage\"},\"isPartOf\":{\"@id\":\"https:\\\/\\\/www.jornalja.com.br\\\/arquivo\\\/cpi-vai-investigar-isencao-de-imposto-para-festas-e-shows-milionarios\\\/#webpage\"},\"articleSection\":\"Cultura-Geral\"},{\"@type\":\"BreadcrumbList\",\"@id\":\"https:\\\/\\\/www.jornalja.com.br\\\/arquivo\\\/cpi-vai-investigar-isencao-de-imposto-para-festas-e-shows-milionarios\\\/#breadcrumblist\",\"itemListElement\":[{\"@type\":\"ListItem\",\"@id\":\"https:\\\/\\\/www.jornalja.com.br\\\/arquivo#listItem\",\"position\":1,\"name\":\"Home\",\"item\":\"https:\\\/\\\/www.jornalja.com.br\\\/arquivo\",\"nextItem\":{\"@type\":\"ListItem\",\"@id\":\"https:\\\/\\\/www.jornalja.com.br\\\/arquivo\\\/category\\\/materiasecundaria\\\/#listItem\",\"name\":\"Cultura-Geral\"}},{\"@type\":\"ListItem\",\"@id\":\"https:\\\/\\\/www.jornalja.com.br\\\/arquivo\\\/category\\\/materiasecundaria\\\/#listItem\",\"position\":2,\"name\":\"Cultura-Geral\",\"item\":\"https:\\\/\\\/www.jornalja.com.br\\\/arquivo\\\/category\\\/materiasecundaria\\\/\",\"nextItem\":{\"@type\":\"ListItem\",\"@id\":\"https:\\\/\\\/www.jornalja.com.br\\\/arquivo\\\/cpi-vai-investigar-isencao-de-imposto-para-festas-e-shows-milionarios\\\/#listItem\",\"name\":\"CPI vai investigar isen\\u00e7\\u00e3o de imposto para festas e shows milion\\u00e1rios\"},\"previousItem\":{\"@type\":\"ListItem\",\"@id\":\"https:\\\/\\\/www.jornalja.com.br\\\/arquivo#listItem\",\"name\":\"Home\"}},{\"@type\":\"ListItem\",\"@id\":\"https:\\\/\\\/www.jornalja.com.br\\\/arquivo\\\/cpi-vai-investigar-isencao-de-imposto-para-festas-e-shows-milionarios\\\/#listItem\",\"position\":3,\"name\":\"CPI vai investigar isen\\u00e7\\u00e3o de imposto para festas e shows milion\\u00e1rios\",\"previousItem\":{\"@type\":\"ListItem\",\"@id\":\"https:\\\/\\\/www.jornalja.com.br\\\/arquivo\\\/category\\\/materiasecundaria\\\/#listItem\",\"name\":\"Cultura-Geral\"}}]},{\"@type\":\"Organization\",\"@id\":\"https:\\\/\\\/www.jornalja.com.br\\\/arquivo\\\/#organization\",\"name\":\"Jornal J\\u00c1\",\"description\":\"Jornal J\\u00c1 | Porto Alegre\",\"url\":\"https:\\\/\\\/www.jornalja.com.br\\\/arquivo\\\/\",\"telephone\":\"+555133307272\",\"logo\":{\"@type\":\"ImageObject\",\"url\":\"https:\\\/\\\/www.jornalja.com.br\\\/wp-content\\\/uploads\\\/cards\\\/JAslogan.png\",\"@id\":\"https:\\\/\\\/www.jornalja.com.br\\\/arquivo\\\/cpi-vai-investigar-isencao-de-imposto-para-festas-e-shows-milionarios\\\/#organizationLogo\"},\"image\":{\"@id\":\"https:\\\/\\\/www.jornalja.com.br\\\/arquivo\\\/cpi-vai-investigar-isencao-de-imposto-para-festas-e-shows-milionarios\\\/#organizationLogo\"}},{\"@type\":\"Person\",\"@id\":\"https:\\\/\\\/www.jornalja.com.br\\\/arquivo\\\/author\\\/daredacao\\\/#author\",\"url\":\"https:\\\/\\\/www.jornalja.com.br\\\/arquivo\\\/author\\\/daredacao\\\/\",\"name\":\"da Reda\\u00e7\\u00e3o\",\"image\":{\"@type\":\"ImageObject\",\"@id\":\"https:\\\/\\\/www.jornalja.com.br\\\/arquivo\\\/cpi-vai-investigar-isencao-de-imposto-para-festas-e-shows-milionarios\\\/#authorImage\",\"url\":\"https:\\\/\\\/secure.gravatar.com\\\/avatar\\\/469fd857d6605ad19919d27ed29d35a968a25f6e8fd9318356bbb7f57aae9c65?s=96&d=mm&r=g\",\"width\":96,\"height\":96,\"caption\":\"da Reda\\u00e7\\u00e3o\"}},{\"@type\":\"WebPage\",\"@id\":\"https:\\\/\\\/www.jornalja.com.br\\\/arquivo\\\/cpi-vai-investigar-isencao-de-imposto-para-festas-e-shows-milionarios\\\/#webpage\",\"url\":\"https:\\\/\\\/www.jornalja.com.br\\\/arquivo\\\/cpi-vai-investigar-isencao-de-imposto-para-festas-e-shows-milionarios\\\/\",\"name\":\"CPI vai investigar isen\\u00e7\\u00e3o de imposto para festas e shows milion\\u00e1rios | Arquivo\",\"inLanguage\":\"pt-BR\",\"isPartOf\":{\"@id\":\"https:\\\/\\\/www.jornalja.com.br\\\/arquivo\\\/#website\"},\"breadcrumb\":{\"@id\":\"https:\\\/\\\/www.jornalja.com.br\\\/arquivo\\\/cpi-vai-investigar-isencao-de-imposto-para-festas-e-shows-milionarios\\\/#breadcrumblist\"},\"author\":{\"@id\":\"https:\\\/\\\/www.jornalja.com.br\\\/arquivo\\\/author\\\/daredacao\\\/#author\"},\"creator\":{\"@id\":\"https:\\\/\\\/www.jornalja.com.br\\\/arquivo\\\/author\\\/daredacao\\\/#author\"},\"image\":{\"@type\":\"ImageObject\",\"url\":39229,\"@id\":\"https:\\\/\\\/www.jornalja.com.br\\\/arquivo\\\/cpi-vai-investigar-isencao-de-imposto-para-festas-e-shows-milionarios\\\/#mainImage\"},\"primaryImageOfPage\":{\"@id\":\"https:\\\/\\\/www.jornalja.com.br\\\/arquivo\\\/cpi-vai-investigar-isencao-de-imposto-para-festas-e-shows-milionarios\\\/#mainImage\"},\"datePublished\":\"2016-09-14T22:10:42-03:00\",\"dateModified\":\"2016-09-14T22:10:42-03:00\"},{\"@type\":\"WebSite\",\"@id\":\"https:\\\/\\\/www.jornalja.com.br\\\/arquivo\\\/#website\",\"url\":\"https:\\\/\\\/www.jornalja.com.br\\\/arquivo\\\/\",\"name\":\"Arquivo\",\"description\":\"Jornal J\\u00c1 | Porto Alegre\",\"inLanguage\":\"pt-BR\",\"publisher\":{\"@id\":\"https:\\\/\\\/www.jornalja.com.br\\\/arquivo\\\/#organization\"}}]}\n\t\t<\/script>\n\t\t<!-- All in One SEO -->\n\n","aioseo_head_json":{"title":"CPI vai investigar isen\u00e7\u00e3o de imposto para festas e shows milion\u00e1rios | Arquivo","description":"","canonical_url":"https:\/\/www.jornalja.com.br\/arquivo\/cpi-vai-investigar-isencao-de-imposto-para-festas-e-shows-milionarios\/","robots":"max-image-preview:large","keywords":"","webmasterTools":{"miscellaneous":""},"schema":{"@context":"https:\/\/schema.org","@graph":[{"@type":"BlogPosting","@id":"https:\/\/www.jornalja.com.br\/arquivo\/cpi-vai-investigar-isencao-de-imposto-para-festas-e-shows-milionarios\/#blogposting","name":"CPI vai investigar isen\u00e7\u00e3o de imposto para festas e shows milion\u00e1rios | Arquivo","headline":"CPI vai investigar isen\u00e7\u00e3o de imposto para festas e shows milion\u00e1rios","author":{"@id":"https:\/\/www.jornalja.com.br\/arquivo\/author\/daredacao\/#author"},"publisher":{"@id":"https:\/\/www.jornalja.com.br\/arquivo\/#organization"},"image":{"@type":"ImageObject","url":39229},"datePublished":"2016-09-14T22:10:42-03:00","dateModified":"2016-09-14T22:10:42-03:00","inLanguage":"pt-BR","mainEntityOfPage":{"@id":"https:\/\/www.jornalja.com.br\/arquivo\/cpi-vai-investigar-isencao-de-imposto-para-festas-e-shows-milionarios\/#webpage"},"isPartOf":{"@id":"https:\/\/www.jornalja.com.br\/arquivo\/cpi-vai-investigar-isencao-de-imposto-para-festas-e-shows-milionarios\/#webpage"},"articleSection":"Cultura-Geral"},{"@type":"BreadcrumbList","@id":"https:\/\/www.jornalja.com.br\/arquivo\/cpi-vai-investigar-isencao-de-imposto-para-festas-e-shows-milionarios\/#breadcrumblist","itemListElement":[{"@type":"ListItem","@id":"https:\/\/www.jornalja.com.br\/arquivo#listItem","position":1,"name":"Home","item":"https:\/\/www.jornalja.com.br\/arquivo","nextItem":{"@type":"ListItem","@id":"https:\/\/www.jornalja.com.br\/arquivo\/category\/materiasecundaria\/#listItem","name":"Cultura-Geral"}},{"@type":"ListItem","@id":"https:\/\/www.jornalja.com.br\/arquivo\/category\/materiasecundaria\/#listItem","position":2,"name":"Cultura-Geral","item":"https:\/\/www.jornalja.com.br\/arquivo\/category\/materiasecundaria\/","nextItem":{"@type":"ListItem","@id":"https:\/\/www.jornalja.com.br\/arquivo\/cpi-vai-investigar-isencao-de-imposto-para-festas-e-shows-milionarios\/#listItem","name":"CPI vai investigar isen\u00e7\u00e3o de imposto para festas e shows milion\u00e1rios"},"previousItem":{"@type":"ListItem","@id":"https:\/\/www.jornalja.com.br\/arquivo#listItem","name":"Home"}},{"@type":"ListItem","@id":"https:\/\/www.jornalja.com.br\/arquivo\/cpi-vai-investigar-isencao-de-imposto-para-festas-e-shows-milionarios\/#listItem","position":3,"name":"CPI vai investigar isen\u00e7\u00e3o de imposto para festas e shows milion\u00e1rios","previousItem":{"@type":"ListItem","@id":"https:\/\/www.jornalja.com.br\/arquivo\/category\/materiasecundaria\/#listItem","name":"Cultura-Geral"}}]},{"@type":"Organization","@id":"https:\/\/www.jornalja.com.br\/arquivo\/#organization","name":"Jornal J\u00c1","description":"Jornal J\u00c1 | Porto Alegre","url":"https:\/\/www.jornalja.com.br\/arquivo\/","telephone":"+555133307272","logo":{"@type":"ImageObject","url":"https:\/\/www.jornalja.com.br\/wp-content\/uploads\/cards\/JAslogan.png","@id":"https:\/\/www.jornalja.com.br\/arquivo\/cpi-vai-investigar-isencao-de-imposto-para-festas-e-shows-milionarios\/#organizationLogo"},"image":{"@id":"https:\/\/www.jornalja.com.br\/arquivo\/cpi-vai-investigar-isencao-de-imposto-para-festas-e-shows-milionarios\/#organizationLogo"}},{"@type":"Person","@id":"https:\/\/www.jornalja.com.br\/arquivo\/author\/daredacao\/#author","url":"https:\/\/www.jornalja.com.br\/arquivo\/author\/daredacao\/","name":"da Reda\u00e7\u00e3o","image":{"@type":"ImageObject","@id":"https:\/\/www.jornalja.com.br\/arquivo\/cpi-vai-investigar-isencao-de-imposto-para-festas-e-shows-milionarios\/#authorImage","url":"https:\/\/secure.gravatar.com\/avatar\/469fd857d6605ad19919d27ed29d35a968a25f6e8fd9318356bbb7f57aae9c65?s=96&d=mm&r=g","width":96,"height":96,"caption":"da Reda\u00e7\u00e3o"}},{"@type":"WebPage","@id":"https:\/\/www.jornalja.com.br\/arquivo\/cpi-vai-investigar-isencao-de-imposto-para-festas-e-shows-milionarios\/#webpage","url":"https:\/\/www.jornalja.com.br\/arquivo\/cpi-vai-investigar-isencao-de-imposto-para-festas-e-shows-milionarios\/","name":"CPI vai investigar isen\u00e7\u00e3o de imposto para festas e shows milion\u00e1rios | Arquivo","inLanguage":"pt-BR","isPartOf":{"@id":"https:\/\/www.jornalja.com.br\/arquivo\/#website"},"breadcrumb":{"@id":"https:\/\/www.jornalja.com.br\/arquivo\/cpi-vai-investigar-isencao-de-imposto-para-festas-e-shows-milionarios\/#breadcrumblist"},"author":{"@id":"https:\/\/www.jornalja.com.br\/arquivo\/author\/daredacao\/#author"},"creator":{"@id":"https:\/\/www.jornalja.com.br\/arquivo\/author\/daredacao\/#author"},"image":{"@type":"ImageObject","url":39229,"@id":"https:\/\/www.jornalja.com.br\/arquivo\/cpi-vai-investigar-isencao-de-imposto-para-festas-e-shows-milionarios\/#mainImage"},"primaryImageOfPage":{"@id":"https:\/\/www.jornalja.com.br\/arquivo\/cpi-vai-investigar-isencao-de-imposto-para-festas-e-shows-milionarios\/#mainImage"},"datePublished":"2016-09-14T22:10:42-03:00","dateModified":"2016-09-14T22:10:42-03:00"},{"@type":"WebSite","@id":"https:\/\/www.jornalja.com.br\/arquivo\/#website","url":"https:\/\/www.jornalja.com.br\/arquivo\/","name":"Arquivo","description":"Jornal J\u00c1 | Porto Alegre","inLanguage":"pt-BR","publisher":{"@id":"https:\/\/www.jornalja.com.br\/arquivo\/#organization"}}]},"og:locale":"pt_BR","og:site_name":"Arquivo | Jornal J\u00c1 | Porto Alegre","og:type":"article","og:title":"CPI vai investigar isen\u00e7\u00e3o de imposto para festas e shows milion\u00e1rios | Arquivo","og:url":"https:\/\/www.jornalja.com.br\/arquivo\/cpi-vai-investigar-isencao-de-imposto-para-festas-e-shows-milionarios\/","og:image":"https:\/\/www.jornalja.com.br\/economics\/wp-content\/uploads\/sites\/11\/2026\/08\/ja-folhaderosto-facebook.jpg","og:image:secure_url":"https:\/\/www.jornalja.com.br\/economics\/wp-content\/uploads\/sites\/11\/2026\/08\/ja-folhaderosto-facebook.jpg","article:published_time":"2016-09-15T01:10:42+00:00","article:modified_time":"2016-09-15T01:10:42+00:00","twitter:card":"summary","twitter:title":"CPI vai investigar isen\u00e7\u00e3o de imposto para festas e shows milion\u00e1rios | Arquivo","twitter:image":"https:\/\/www.jornalja.com.br\/economics\/wp-content\/uploads\/sites\/11\/2026\/08\/ja-folhaderosto-facebook.jpg"},"aioseo_meta_data":{"post_id":"39224","title":null,"description":null,"keywords":null,"keyphrases":null,"primary_term":null,"canonical_url":null,"og_title":null,"og_description":null,"og_object_type":"default","og_image_type":"default","og_image_url":null,"og_image_width":null,"og_image_height":null,"og_image_custom_url":null,"og_image_custom_fields":null,"og_video":null,"og_custom_url":null,"og_article_section":null,"og_article_tags":null,"twitter_use_og":false,"twitter_card":"default","twitter_image_type":"default","twitter_image_url":null,"twitter_image_custom_url":null,"twitter_image_custom_fields":null,"twitter_title":null,"twitter_description":null,"schema":{"blockGraphs":[],"customGraphs":[],"default":{"data":{"Article":[],"Course":[],"Dataset":[],"FAQPage":[],"Movie":[],"Person":[],"Product":[],"ProductReview":[],"Car":[],"Recipe":[],"Service":[],"SoftwareApplication":[],"WebPage":[]},"graphName":"","isEnabled":true},"graphs":[],"defaultGraph":"","defaultPostTypeGraph":""},"schema_type":null,"schema_type_options":null,"pillar_content":false,"robots_default":true,"robots_noindex":false,"robots_noarchive":false,"robots_nosnippet":false,"robots_nofollow":false,"robots_noimageindex":false,"robots_noodp":false,"robots_notranslate":false,"robots_max_snippet":null,"robots_max_videopreview":null,"robots_max_imagepreview":"large","priority":null,"frequency":null,"location":null,"local_seo":null,"breadcrumb_settings":null,"limit_modified_date":false,"ai":null,"created":"2020-12-20 20:50:37","updated":"2025-07-19 16:47:14","seo_analyzer_scan_date":null,"focus_keyword":null,"additional_keywords":null,"truseo_locale":null},"jetpack_sharing_enabled":true,"jetpack-related-posts":[{"id":13239,"url":"https:\/\/www.jornalja.com.br\/arquivo\/conselho-desdenha-do-plano-diretor\/","url_meta":{"origin":39224,"position":0},"title":"Porto Alegre: Conselho detona Plano Diretor","author":"Patr\u00edcia Marini","date":"25 de maio de 2014","format":false,"excerpt":"Den\u00fancia do arquiteto e \u00a0urbanista Ibir\u00e1 Santos Lucas. Ele diz que os conselheiros est\u00e3o votando com \"enorme irresponsabilidade\". \"Mudam regime com a maior naturalidade,,,regularizam absurdos de constru\u00e7\u00f5es irregulares... \"O CMDUA est\u00e1 flexibilizando a lei do plano diretor, de uma forma impactante na vida da cidade. Mudam regime com a maior\u2026","rel":"","context":"Em &quot;Geral&quot;","block_context":{"text":"Geral","link":"https:\/\/www.jornalja.com.br\/arquivo\/category\/geral\/"},"img":{"alt_text":"","src":"","width":0,"height":0},"classes":[]},{"id":13101,"url":"https:\/\/www.jornalja.com.br\/arquivo\/morre-um-guerreiro-do-texto\/","url_meta":{"origin":39224,"position":1},"title":"Morre um guerreiro do texto","author":"Patr\u00edcia Marini","date":"14 de maio de 2014","format":false,"excerpt":"Por Ricardo Kotscho Reproduzido do blog do autor, 11\/5\/2014; t\u00edtulo original \u201cE l\u00e1 se foi o nosso Myltainho, guerreiro do texto\u201d. Mi\u00fado e franzino, meu amigo Myltainho era um valente e inconformado guerreiro na luta contra as injusti\u00e7as sociais, a hipocrisia, as maracutaias, o autoritarismo, a intoler\u00e2ncia, a viol\u00eancia, o\u2026","rel":"","context":"Em &quot;Geral&quot;","block_context":{"text":"Geral","link":"https:\/\/www.jornalja.com.br\/arquivo\/category\/geral\/"},"img":{"alt_text":"","src":"","width":0,"height":0},"classes":[]},{"id":13124,"url":"https:\/\/www.jornalja.com.br\/arquivo\/sangue-latino-no-iecine\/","url_meta":{"origin":39224,"position":2},"title":"Sangue latino no IECINE","author":"da Reda\u00e7\u00e3o","date":"18 de maio de 2014","format":false,"excerpt":"Francisco Ribeiro O Instituto Estadual de Cinema (IECINE) tem a frente, desde abril \u00faltimo, um novo diretor, o cineasta colombiano Juan Zapata, 36, que substitui Luiz Alberto Cassol. Radicado h\u00e1 dez anos em Porto Alegre, Zapata tem diante de si o desafio de conduzir at\u00e9 o final do ano um\u2026","rel":"","context":"Em &quot;Cultura-Geral&quot;","block_context":{"text":"Cultura-Geral","link":"https:\/\/www.jornalja.com.br\/arquivo\/category\/materiasecundaria\/"},"img":{"alt_text":"","src":"","width":0,"height":0},"classes":[]},{"id":5440,"url":"https:\/\/www.jornalja.com.br\/arquivo\/casarao-da-venancio-destino-permanece-incerto\/","url_meta":{"origin":39224,"position":3},"title":"Estado ainda n\u00e3o sabe o que fazer com casar\u00e3o abandonado h\u00e1 20 anos","author":"Elmar Bones","date":"6 de julho de 2009","format":false,"excerpt":"O casar\u00e3o amarelo, numa esquina nobre de Porto Alegre (Ven\u00e2ncio Aires com Jo\u00e3o Pessoa), j\u00e1 abrigou uma escola. H\u00e1 duas d\u00e9cadas, pelo menos, est\u00e1 abandonado, porque seu propriet\u00e1rio, o governo do Estado do Rio Grande do Sul, n\u00e3o consegue achar um destino para ele. Planos n\u00e3o faltaram. O governador Ol\u00edvio\u2026","rel":"","context":"Em &quot;X.Categorias velhas&quot;","block_context":{"text":"X.Categorias velhas","link":"https:\/\/www.jornalja.com.br\/arquivo\/category\/x-categorias-velhas\/"},"img":{"alt_text":"geraldo1","src":"https:\/\/i0.wp.com\/www.jornalja.com.br\/wp-content\/uploads\/2009\/07\/geraldo1.jpg?resize=350%2C200&ssl=1","width":350,"height":200},"classes":[]},{"id":13240,"url":"https:\/\/www.jornalja.com.br\/arquivo\/plano-diretor-estamos-construindo-o-caos\/","url_meta":{"origin":39224,"position":4},"title":"Plano diretor: &quot;Estamos construindo o caos&quot;","author":"Patr\u00edcia Marini","date":"26 de maio de 2014","format":false,"excerpt":"Desabafo que arquiteta Eliana Castilhos, delegada da Regi\u00e3o de Planejamento 1, postou nas redes sociais \u00e9 um testemunho do ambiente que se criou no Conselho do Plano Diretor de Porto Alegre, onde a aprova\u00e7\u00e3o de grandes empreendimentos \u00e9 empurrada guela abaixo dos conselheiros. Ao CMDUA Como delegada da Regi\u00e3o de\u2026","rel":"","context":"Em &quot;Geral&quot;","block_context":{"text":"Geral","link":"https:\/\/www.jornalja.com.br\/arquivo\/category\/geral\/"},"img":{"alt_text":"","src":"","width":0,"height":0},"classes":[]}],"jetpack_shortlink":"https:\/\/wp.me\/pbQjBd-acE","jetpack_featured_media_url":"","_links":{"self":[{"href":"https:\/\/www.jornalja.com.br\/arquivo\/wp-json\/wp\/v2\/posts\/39224","targetHints":{"allow":["GET"]}}],"collection":[{"href":"https:\/\/www.jornalja.com.br\/arquivo\/wp-json\/wp\/v2\/posts"}],"about":[{"href":"https:\/\/www.jornalja.com.br\/arquivo\/wp-json\/wp\/v2\/types\/post"}],"author":[{"embeddable":true,"href":"https:\/\/www.jornalja.com.br\/arquivo\/wp-json\/wp\/v2\/users\/4"}],"replies":[{"embeddable":true,"href":"https:\/\/www.jornalja.com.br\/arquivo\/wp-json\/wp\/v2\/comments?post=39224"}],"version-history":[{"count":0,"href":"https:\/\/www.jornalja.com.br\/arquivo\/wp-json\/wp\/v2\/posts\/39224\/revisions"}],"wp:attachment":[{"href":"https:\/\/www.jornalja.com.br\/arquivo\/wp-json\/wp\/v2\/media?parent=39224"}],"wp:term":[{"taxonomy":"category","embeddable":true,"href":"https:\/\/www.jornalja.com.br\/arquivo\/wp-json\/wp\/v2\/categories?post=39224"},{"taxonomy":"post_tag","embeddable":true,"href":"https:\/\/www.jornalja.com.br\/arquivo\/wp-json\/wp\/v2\/tags?post=39224"}],"curies":[{"name":"wp","href":"https:\/\/api.w.org\/{rel}","templated":true}]}}