{"id":39259,"date":"2016-09-15T02:39:39","date_gmt":"2016-09-15T05:39:39","guid":{"rendered":"https:\/\/www.jornalja.com.br\/?p=39259"},"modified":"2016-09-15T02:39:39","modified_gmt":"2016-09-15T05:39:39","slug":"o-brasil-e-o-perigoso-jogo-da-historia","status":"publish","type":"post","link":"https:\/\/www.jornalja.com.br\/arquivo\/o-brasil-e-o-perigoso-jogo-da-historia\/","title":{"rendered":"Mauro Santayana: O Brasil e o perigoso jogo da Hist\u00f3ria"},"content":{"rendered":"<p><strong>MAURO SANTAYANA<\/strong><br \/>\nRBA &#8211; (Vers\u00e3o estendida, sem redu\u00e7\u00e3o para vers\u00e3o impressa) &#8211; Embora muita gente n\u00e3o o veja assim, o afastamento definitivo de Dilma Roussef da Presid\u00eancia da Rep\u00fablica, em vota\u00e7\u00e3o do Senado, por 61 a 20 votos,\u00a0\u00a0\u00a0\u00a0\u00a0 no\u00a0 final de agosto, \u00e9 apenas mais uma etapa de um processo e de um embate muito mais sofisticado e complexo, em que est\u00e1 em jogo o controle do pa\u00eds nos pr\u00f3ximos anos.<br \/>\nDesde que chegou ao poder, em 2003, o PT conseguiu a extraordin\u00e1ria proeza de fazer tudo errado, fazendo, ao mesmo tempo, paradoxalmente, quase tudo certo.<br \/>\nLivrou o pa\u00eds da depend\u00eancia externa, pagando a d\u00edvida com o FMI, e acumulando 370 bilh\u00f5es de d\u00f3lares em reservas internacionais, que transformaram nosso pa\u00eds, de uma na\u00e7\u00e3o que passava o penico quando por aqui chegavam miss\u00f5es do Fundo Monet\u00e1rio Internacional, no que \u00e9, hoje &#8211; procurem por\u00a0 mayor treasuries holders no Google &#8211; o quarto maior credor individual externo dos Estados Unidos.<br \/>\nE o fez, ao contr\u00e1rio do que dizem cr\u00edticos mendazes, sem aumentar a d\u00edvida p\u00fablica.<br \/>\nA Bruta, em 2002, era de 80% e hoje n\u00e3o chega a 70%.<br \/>\nA L\u00edquida era, em 2002, de aproximadamente 60% e hoje est\u00e1 por volta de 35%.<br \/>\nMas isso n\u00e3o veio ao caso.<br \/>\nAjudou a criar milh\u00f5es de empregos, fez milh\u00f5es de casas populares, criou o Pronatec, o Ci\u00eancias Sem Fronteiras e o FIES, fez dezenas de universidades e escolas t\u00e9cnicas federais e promoveu extraordin\u00e1rios avan\u00e7os sociais.<br \/>\nMas isso n\u00e3o veio ao caso.<br \/>\nVoltou a produzir e a construir, depois de d\u00e9cadas de estagna\u00e7\u00e3o e inatividade,\u00a0 navios, ferrovias &#8211; vide a\u00ed a Norte-Sul, que j\u00e1 chegou a An\u00e1polis &#8211; gigantescas usinas hidrel\u00e9tricas (Belo Monte \u00e9 a terceira maior do mundo) plataformas e refinarias de petr\u00f3leo, m\u00edsseis ar-ar e de satura\u00e7\u00e3o, tanques, belonaves, submarinos, rifles de assalto, multiplicou o valor do sal\u00e1rio m\u00ednimo e da renda per capita em d\u00f3lares.<br \/>\nMas isso n\u00e3o veio ao caso.<br \/>\nPorque o Partido dos Trabalhadores foi extraordinariamente incompetente em explicar, para a opini\u00e3o p\u00fablica, o que fez ou o que estava fazendo.<br \/>\nSe tinha um projeto para o pa\u00eds, e que medidas\u00a0 faziam, coordenadamente, na economia, nas rela\u00e7\u00f5es exteriores, na infraestrutura e na defesa, parte desse projeto.<br \/>\nEm vez de &#8220;bandeiras&#8221; nacionais, como a do fortalecimento do pa\u00eds no embate geopol\u00edtico com outras na\u00e7\u00f5es, que poderiam ter &#8220;amarrado&#8221; e explicado a cria\u00e7\u00e3o do BRICS, os investimentos da Petrobras no pr\u00e9-sal, a pol\u00edtica para a \u00c1frica e a Am\u00e9rica Latina do BNDES, o rearmamento das For\u00e7as Armadas, os investimentos em educa\u00e7\u00e3o e cultura, em um mesmo discurso, o PT limitou-se a investir em conceitos superficiais e taticamente fr\u00e1geis, como, indiretamente, o do mero\u00a0 crescimento econ\u00f4mico, fachada para as obras do PAC.<br \/>\nNa comunica\u00e7\u00e3o, o PT confiou mais na empatia do que na informa\u00e7\u00e3o.<br \/>\nMais na intui\u00e7\u00e3o, do que no planejamento.<br \/>\nChamou, para estabelecer sua linha de comunica\u00e7\u00e3o, &#8220;marqueteiros&#8221; sem nenhuma afinidade com as causas defendidas pelo partido, e sem maior motiva\u00e7\u00e3o do que a de acumular fortunas, que se dedicaram a produzir mensagens a\u00e7ucaradas, estabelecidas segundo uma estrat\u00e9gia eventual,\u00a0 superficial, voltadas n\u00e3o para um esfor\u00e7o permanente de fortalecimento institucional da legenda e de seu suposto projeto de na\u00e7\u00e3o, mas apenas para alcan\u00e7ar\u00a0 resultados eleitorais sazonais.<br \/>\nO Partido dos Trabalhadores teve mais de uma d\u00e9cada para explicar, didaticamente, \u00e0 popula\u00e7\u00e3o, as vantagens da Democracia, seus defeitos e qualidades, e sua rela\u00e7\u00e3o de custo-benef\u00edcio para os povos e as na\u00e7\u00f5es.<br \/>\nN\u00e3o o fez.<br \/>\nTeve o mesmo tempo para estabelecer, institucionalmente, uma linha de comunica\u00e7\u00e3o, que explicasse, primeiro, a que tinha vindo, e os avan\u00e7os e conquistas que estava obtendo para o pa\u00eds.<br \/>\nComo, por exemplo, a multiplica\u00e7\u00e3o do PIB em mais de quatro vezes, em d\u00f3lar, desde o governo FHC &#8211; tr\u00e1gicos oito anos em que, segundo o Banco Mundial, o PIB e a renda per capita em d\u00f3lares andaram para tr\u00e1s &#8211; que foram simplesmente ignorados.<br \/>\nPoderia ter divulgado, tamb\u00e9m, os 79 bilh\u00f5es de d\u00f3lares de Investimento Estrangeiro Direto dos \u00faltimos 12 meses, ou o aumento do superavit no com\u00e9rcio exterior, ou o fato de o real ter sido a moeda que mais se valorizou este ano no mundo, ou o crescimento da valoriza\u00e7\u00e3o do Bovespa desde o in\u00edcio de 2016, como exemplos de que o diabo n\u00e3o estava t\u00e3o feio quanto parecia.<br \/>\nMas tamb\u00e9m n\u00e3o o fez.<br \/>\nSequer em seu discurso de defesa ao Senado &#8211; que deveria ter sido usado tamb\u00e9m para fazer uma an\u00e1lise do legado do PT para o pa\u00eds &#8211; Dilma Roussef tocou nestes n\u00fameros, para negar a situa\u00e7\u00e3o de descalabro nacional imputada de forma permanente ao Partido dos Trabalhadores pela oposi\u00e7\u00e3o, os internautas de direita e parte da m\u00eddia mais manipuladora e venal.<br \/>\nO PT dividiu-se, tamb\u00e9m, quando n\u00e3o deveria, e n\u00e3o estabeleceu uma estrat\u00e9gia clara, de longo prazo, que pudesse manter em andamento o projeto &#8211; de certa forma intuitivo &#8211; que pretendia implementar para o pa\u00eds.<br \/>\nO partido e suas lideran\u00e7as foram reiteradamente advertidos de que ocorreria no Brasil o que aconteceu no Paraguai com Lugo &#8211; a presen\u00e7a aqui da mesma embaixadora norte-americana do golpe paraguaio era claramente indicativa disso.<br \/>\nDe nada adiantou.<br \/>\nDe que era preciso estabelecer uma defesa competente do governo e de seu projeto de pa\u00eds na internet &#8211; cujos principais portais foram desde 2013 praticamente abandonados \u00e0 direita e \u00e0 extrema-direita enquanto a esquerda, sem energia para se mobilizar, se recolhia ao mon\u00f3logo, \u00e0 vitimiza\u00e7\u00e3o e \u00e0 lamenta\u00e7\u00e3o vazia em grupos fechados e p\u00e1ginas do Facebook.<br \/>\nDe nada adiantou.<br \/>\nN\u00e3o se deu combate \u00e0s excresc\u00eancias que sobraram do governo Fernando Henrique, justamente no campo da corrup\u00e7\u00e3o, com a investiga\u00e7\u00e3o de uma infinidade de esc\u00e2ndalos anteriores, que poderia ter levado \u00e0 cadeia bandidos antigos como os envolvidos agora, por indica\u00e7\u00e3o tamb\u00e9m de outros partidos, nos problemas da Petrobras.<br \/>\nE erros t\u00e1ticos imperdo\u00e1veis &#8211; n\u00e3o \u00e9 poss\u00edvel que personagens como Dilma e Lindbergh continuem defendendo a Opera\u00e7\u00e3o Lava-Jato, de p\u00fablico, em pleno julgamento do impeachment, quando essa opera\u00e7\u00e3o parcial e seletiva foi justamente o principal fator na derrubada da Presidente da Rep\u00fablica.<br \/>\nSob o mote de um republicanismo &#8220;inclusivo&#8221;, mas cego, criou-se um vasto ofid\u00e1rio, mostrando, mais uma vez, que o inferno &#8211; o pr\u00f3prio, n\u00e3o o dos outros &#8211; pode estar cheio de boas inten\u00e7\u00f5es.<br \/>\nDesse processo, nasceram uma nova classe m\u00e9dia e uma plutocracia ego\u00edstas, conservadoras e &#8220;meritocr\u00e1ticas&#8221;, paridas no bojo da expans\u00e3o econ\u00f4mica e do &#8220;aperfei\u00e7oamento&#8221; administrativo, rapidamente entregues, devido \u00e0 incompet\u00eancia estrat\u00e9gica \u00e0 qual nos referimos antes, de m\u00e3o beijada, para ado\u00e7\u00e3o institucional pela direita.<br \/>\nAmpliaram-se a autonomia, o poder e as contrata\u00e7\u00f5es do Minist\u00e9rio P\u00fablico e da Pol\u00edcia Federal, medidas elogi\u00e1veis, que poderiam em princ\u00edpio funcionar muito bem em um pa\u00eds verdadeiramente democr\u00e1tico, mas que, no Brasil da desigualdade e da manipula\u00e7\u00e3o midi\u00e1tica, levaram \u00e0 cria\u00e7\u00e3o de uma nova casta &#8211; majoritariamente conservadora &#8211; de funcion\u00e1rios p\u00fablicos educados em universidades privadas &#8211; tamb\u00e9m ideologicamente alinhadas com a direita &#8211; com financiamento do FIES e em cursinhos para concurseiros, que n\u00e3o tem nenhuma vis\u00e3o real do que \u00e9 o pa\u00eds, a Rep\u00fablica ou a Hist\u00f3ria, e acham &#8211; ao lado de jovens ju\u00edzes &#8211; que devem mandar na Na\u00e7\u00e3o no lugar dos &#8220;pol\u00edticos&#8221; e do povo que os elege.<br \/>\nComo consequ\u00eancia disso, h\u00e1, hoje, uma batalha jur\u00eddica que est\u00e1 sendo travada, principalmente, no \u00e2mbito do Congresso Nacional, voltada para a aprova\u00e7\u00e3o de leis fascistas &#8211; disfar\u00e7adas, como sempre ocorre, historicamente, sob a bandeira da anti-corrup\u00e7\u00e3o, que, com a desculpa de combater a impunidade &#8211; em um pa\u00eds em que dezenas de milhares de presos, em alguns estados, a maioria deles, se encontra detido em condi\u00e7\u00f5es animalescas sem julgamento ou acesso a advogado &#8211; pretende alterar a legisla\u00e7\u00e3o e o c\u00f3digo penal para restringir o direito \u00e0 ampla defesa consubstanciado na Constitui\u00e7\u00e3o, no sentido de se permitir a admissibilidade de provas il\u00edcitas, de se restringir a possibilidade de se recorrer em liberdade, e de conspurcar os sagrados e civilizados princ\u00edpios de que o \u00f4nus da prova cabe a quem est\u00e1 acusando e de que todo ser humano ser\u00e1 considerado inocente at\u00e9 que seja efetiva e inequivocamente provada a sua culpa.<br \/>\nBatalha voltada, tamb\u00e9m, para expandir o poder corporativo dessa mesma plutocracia e seus muitos privil\u00e9gios.<br \/>\nEnquanto isso, aguerrida, organizada, fartamente financiada por fontes brasileiras e do exterior, a direita &#8211; &#8220;apol\u00edtica&#8221;, &#8220;apartidi\u00e1ria&#8221;, fascista, violenta, hip\u00f3crita &#8211; deu, desde o in\u00edcio do processo de derrubada do PT do governo, um &#8220;show&#8221; de mobiliza\u00e7\u00e3o.<br \/>\nColocou milh\u00f5es de pessoas nas ruas.<br \/>\nE estabeleceu seu dom\u00ednio sobre os espa\u00e7os de coment\u00e1rios dos grandes portais e redes sociais &#8211; a imensa maioria das not\u00edcias j\u00e1 eram, desde 2013 pelo menos,\u00a0 contra o governo do PT,\u00a0 em um verdadeiro massacre midi\u00e1tico promovido pelos grandes \u00f3rg\u00e3os de comunica\u00e7\u00e3o privados &#8211; estabelecendo uma esp\u00e9cie de discurso \u00fanico que, embora baseado em premissas e paradigmas absolumente falsos, se imp\u00f4s como sagrada verdade para boa parte da popula\u00e7\u00e3o.<br \/>\nEntre as principais li\u00e7\u00f5es dos \u00faltimos anos, vai ficar a de que a Hist\u00f3ria \u00e9 um perigoso jogo que n\u00e3o permite a presen\u00e7a de amadores.<br \/>\nEnganam-se aqueles que acham que o confronto exp\u00f5e apenas a direita e a esquerda, ou o PT e o PSDB &#8211; que agora se assenhoreou do PMDB e dos partidos do baixo clero.<br \/>\nMuito mais grave \u00e9 a guerra que se desenha &#8211; e que j\u00e1 come\u00e7ou, n\u00e3o se iludam &#8211; entre aqueles que atacam a pol\u00edtica, os &#8220;pol\u00edticos&#8221;, a democracia e o presidencialismo de coaliz\u00e3o &#8211; e aqueles que, por conveni\u00eancia ou idealismo, ser\u00e3o chamados a mobilizar-se para defend\u00ea-los daqui at\u00e9 2018 e al\u00e9m.<br \/>\nO futuro da Rep\u00fablica e da Na\u00e7\u00e3o ser\u00e1 definido por esse embate.<br \/>\nE \u00e9 o conjunto de erros e circunst\u00e2ncias que vivemos at\u00e9 agora, e o que faremos a partir de agora, que poder\u00e1 levar, ou n\u00e3o, para o Pal\u00e1cio do Planalto e o Parlamento, um governo fascista e autorit\u00e1rio em 2019.<br \/>\nOs opositores do PT\u00a0 tiveram com o processo de afastamento de Dilma, iniciado ainda em 2013, \u00e0 \u00e9poca da Copa do Mundo, uma vit\u00f3ria de Pirro.<br \/>\nA judicializa\u00e7\u00e3o da pol\u00edtica, a ascens\u00e3o da Antipol\u00edtica e de uma plutocracia que acredita, piamente, que n\u00e3o precisa de votos, nem de maior legitima\u00e7\u00e3o do que sua condi\u00e7\u00e3o de concursada para &#8220;consertar&#8221; o pa\u00eds e punir vereadores, prefeitos, deputados, senadores, governadores, Presidentes da Rep\u00fablica, em defesa de &#8220;homens de bem&#8221; que desfilam com as cores da bandeira e com uniformes negros de inspira\u00e7\u00e3o nazista,\u00a0 ajudar\u00e1 a sepultar, no lugar de aperfei\u00e7oar, o regime presidencialista anteriormente vigente, e introduzir\u00e1 um novo elemento, ileg\u00edtimo e esp\u00fario, no universo pol\u00edtico brasileiro, transformando-se em permanente amea\u00e7a para o funcionamento e a ess\u00eancia da Democracia.<br \/>\nInfelizmente, para o pa\u00eds e para a Rep\u00fablica, a perman\u00eancia de Dilma no poder tornou-se, devido \u00e0 irresponsabilidade da m\u00eddia e da oposi\u00e7\u00e3o &#8211; vide as pautas bomba do ano passado &#8211; ao sucesso da estrat\u00e9gia de fabrica\u00e7\u00e3o do consentimento levada a cabo pela direita e \u00e0 incompet\u00eancia pol\u00edtica do Partido dos Trabalhadores &#8211; de tal forma insustent\u00e1vel, que, se ela voltasse, caminhar\u00edamos para uma situa\u00e7\u00e3o de confronto em que o fascismo &#8211; como ocorreu em 1964, no Brasil, e, mais tarde, no Chile e na Argentina &#8211; ficaria &#8211; como j\u00e1 est\u00e1 ficando, de fato &#8211;\u00a0 com todas as armas, e a esquerda, com todas as v\u00edtimas.<br \/>\nNa\u00e7\u00f5es e pessoas precisam aprender que, \u00e0s vezes, \u00e9 preciso saber dar um passo para tr\u00e1s para depois tentar avan\u00e7ar de novo.<br \/>\n\u00c9 preciso resistir, mas com um projeto claro\u00a0 para o pa\u00eds.<br \/>\nA corajosa defesa do governo Dilma por parte de grandes lideran\u00e7as\u00a0 da agricultura e da ind\u00fastria brasileira, como os senadores K\u00e1tia Abreu, ex-Presidente da Confedera\u00e7\u00e3o Nacional da Agricultura, e Armando Monteiro, ex-Presidente da Confedera\u00e7\u00e3o Nacional da Ind\u00fastria, mostram que n\u00e3o \u00e9 imposs\u00edvel sonhar com uma alian\u00e7a que una empres\u00e1rios e trabalhadores nacionalistas em torno de um projeto vigoroso e coordenado de desenvolvimento, que possa promover o fortalecimento do pa\u00eds, do ponto de vista econ\u00f4mico, militar e\u00a0 geopol\u00edtico &#8211; \u00e9 preciso preservar e concluir os programas concebidos e iniciados nos \u00faltimos anos, como o dos ca\u00e7as Gripen NG BR, o do submarino at\u00f4mico nacional, o do cargueiro multiprop\u00f3sito KC-390, o dos tanques leves Guarani, o projeto de enriquecimento de ur\u00e2nio da Marinha &#8211; e evitar, ao mesmo tempo, a\u00a0\u00a0 abjeta entrega de nossas riquezas, como os principais po\u00e7os do pr\u00e9-sal, j\u00e1 descobertos, desenvolvidos e produzindo, aos\u00a0\u00a0 estrangeiros (at\u00e9 mesmo a estatais estrangeiras, como est\u00e3o defendendo, em absurda contradi\u00e7\u00e3o, parte de nossos privatistas de plant\u00e3o).<br \/>\nA costura de uma alian\u00e7a que evite a subordina\u00e7\u00e3o e o caos e a transforma\u00e7\u00e3o do\u00a0 pa\u00eds em uma na\u00e7\u00e3o fascista, na pr\u00e1tica, em pouco mais de dois anos, deveria ser, daqui pra frente, a primeira miss\u00e3o de todo cidad\u00e3o brasileiro &#8211; ou ao menos daqueles que tenham um m\u00ednimo de consci\u00eancia e de informa\u00e7\u00e3o &#8211; neste pa\u00eds assolado pelo \u00f3dio e pela mentira, a hipocrisia e a ignor\u00e2ncia.<br \/>\nA divis\u00e3o da Na\u00e7\u00e3o, a crescente radicaliza\u00e7\u00e3o e o isolamento antidemocr\u00e1tico das for\u00e7as de esquerda &#8211; que devem combater esse isolamento tamb\u00e9m internamente e rapidamente se organizar sob outras legendas e outras condi\u00e7\u00f5es &#8211; a fratura da sociedade nacional; a desqualifica\u00e7\u00e3o da pol\u00edtica e da democracia; s\u00f3 interessam \u00e0queles que pretendem consolidar seu dom\u00ednio sobre o nosso pa\u00eds, evitando que o Brasil fortale\u00e7a sua soberania e a sua sociedade, em todos os aspectos, e que venha a ocupar o lugar que lhe cabe no mundo, como quinta maior na\u00e7\u00e3o do planeta em popula\u00e7\u00e3o e territ\u00f3rio.<br \/>\n\u00c9 preciso costurar uma ampla alian\u00e7a nacional, que parta, primeiramente, do centro nacionalista &#8211; se n\u00e3o existir, \u00e9 preciso criar-se um &#8211; suprapartid\u00e1ria, politicamente includente, equilibrada e conciliat\u00f3ria, que una militares nacionalistas da reserva &#8211; e eles existem, vide o Almirante Othon, por exemplo &#8211; empres\u00e1rios como Armando Monteiro e K\u00e1tia Abreu, t\u00e9cnicos e engenheiros desenvolvimentistas, grandes empresas de capital majoritariamente nacional e os trabalhadores, come\u00e7ando pelos de grandes estatais como a Petrobras, em torno de um projeto que possa evitar a descaracteriza\u00e7\u00e3o e a destrui\u00e7\u00e3o da Democracia,\u00a0 o estupro das liberdades democr\u00e1ticas e dos direitos individuais, o\u00a0 pandem\u00f4nio pol\u00edtico e institucional e a &#8220;fascistiza\u00e7\u00e3o&#8221; do pa\u00eds, com a entrega de nossas riquezas e de nosso futuro aos ditames internacionais.<br \/>\nVamos faz\u00ea-lo?<\/p>\n","protected":false},"excerpt":{"rendered":"<p>MAURO SANTAYANA RBA &#8211; (Vers\u00e3o estendida, sem redu\u00e7\u00e3o para vers\u00e3o impressa) &#8211; Embora muita gente n\u00e3o o veja assim, o afastamento definitivo de Dilma Roussef da Presid\u00eancia da Rep\u00fablica, em vota\u00e7\u00e3o do Senado, por 61 a 20 votos,\u00a0\u00a0\u00a0\u00a0\u00a0 no\u00a0 final de agosto, \u00e9 apenas mais uma etapa de um processo e de um embate muito [&hellip;]<\/p>\n","protected":false},"author":4,"featured_media":39260,"comment_status":"open","ping_status":"closed","sticky":false,"template":"","format":"standard","meta":{"_jetpack_newsletter_access":"","_jetpack_dont_email_post_to_subs":false,"_jetpack_newsletter_tier_id":0,"_jetpack_memberships_contains_paywalled_content":false,"_jetpack_feature_clip_id":0,"_jetpack_memberships_contains_paid_content":false,"footnotes":"","jetpack_post_was_ever_published":false},"categories":[2011,2012],"tags":[],"class_list":["post-39259","post","type-post","status-publish","format-standard","has-post-thumbnail","hentry","category-destaque","category-debates"],"aioseo_notices":[],"aioseo_head":"\n\t\t<!-- All in One SEO 5.0.1.1 - aioseo.com -->\n\t<meta name=\"robots\" content=\"max-image-preview:large\" \/>\n\t<meta name=\"author\" content=\"da Reda\u00e7\u00e3o\"\/>\n\t<link rel=\"canonical\" href=\"https:\/\/www.jornalja.com.br\/arquivo\/o-brasil-e-o-perigoso-jogo-da-historia\/\" \/>\n\t<meta name=\"generator\" content=\"All in One SEO (AIOSEO) 5.0.1.1\" \/>\n\t\t<meta property=\"og:locale\" content=\"pt_BR\" \/>\n\t\t<meta property=\"og:site_name\" content=\"Arquivo | Jornal J\u00c1 | Porto Alegre\" \/>\n\t\t<meta property=\"og:type\" content=\"article\" \/>\n\t\t<meta property=\"og:title\" content=\"Mauro Santayana: O Brasil e o perigoso jogo da Hist\u00f3ria | Arquivo\" \/>\n\t\t<meta property=\"og:url\" content=\"https:\/\/www.jornalja.com.br\/arquivo\/o-brasil-e-o-perigoso-jogo-da-historia\/\" \/>\n\t\t<meta property=\"og:image\" content=\"https:\/\/www.jornalja.com.br\/economics\/wp-content\/uploads\/sites\/11\/2026\/08\/ja-folhaderosto-facebook.jpg\" \/>\n\t\t<meta property=\"og:image:secure_url\" content=\"https:\/\/www.jornalja.com.br\/economics\/wp-content\/uploads\/sites\/11\/2026\/08\/ja-folhaderosto-facebook.jpg\" \/>\n\t\t<meta property=\"article:published_time\" content=\"2016-09-15T05:39:39+00:00\" \/>\n\t\t<meta property=\"article:modified_time\" content=\"2016-09-15T05:39:39+00:00\" \/>\n\t\t<meta name=\"twitter:card\" content=\"summary\" \/>\n\t\t<meta name=\"twitter:title\" content=\"Mauro Santayana: O Brasil e o perigoso jogo da Hist\u00f3ria | Arquivo\" \/>\n\t\t<meta name=\"twitter:image\" content=\"https:\/\/www.jornalja.com.br\/economics\/wp-content\/uploads\/sites\/11\/2026\/08\/ja-folhaderosto-facebook.jpg\" \/>\n\t\t<script type=\"application\/ld+json\" class=\"aioseo-schema\">\n\t\t\t{\"@context\":\"https:\\\/\\\/schema.org\",\"@graph\":[{\"@type\":\"BlogPosting\",\"@id\":\"https:\\\/\\\/www.jornalja.com.br\\\/arquivo\\\/o-brasil-e-o-perigoso-jogo-da-historia\\\/#blogposting\",\"name\":\"Mauro Santayana: O Brasil e o perigoso jogo da Hist\\u00f3ria | Arquivo\",\"headline\":\"Mauro Santayana: O Brasil e o perigoso jogo da Hist\\u00f3ria\",\"author\":{\"@id\":\"https:\\\/\\\/www.jornalja.com.br\\\/arquivo\\\/author\\\/daredacao\\\/#author\"},\"publisher\":{\"@id\":\"https:\\\/\\\/www.jornalja.com.br\\\/arquivo\\\/#organization\"},\"image\":{\"@type\":\"ImageObject\",\"url\":39260},\"datePublished\":\"2016-09-15T02:39:39-03:00\",\"dateModified\":\"2016-09-15T02:39:39-03:00\",\"inLanguage\":\"pt-BR\",\"mainEntityOfPage\":{\"@id\":\"https:\\\/\\\/www.jornalja.com.br\\\/arquivo\\\/o-brasil-e-o-perigoso-jogo-da-historia\\\/#webpage\"},\"isPartOf\":{\"@id\":\"https:\\\/\\\/www.jornalja.com.br\\\/arquivo\\\/o-brasil-e-o-perigoso-jogo-da-historia\\\/#webpage\"},\"articleSection\":\"CDD-artigo em destaque, HOTSITE Comit\\u00ea pela Democracia\"},{\"@type\":\"BreadcrumbList\",\"@id\":\"https:\\\/\\\/www.jornalja.com.br\\\/arquivo\\\/o-brasil-e-o-perigoso-jogo-da-historia\\\/#breadcrumblist\",\"itemListElement\":[{\"@type\":\"ListItem\",\"@id\":\"https:\\\/\\\/www.jornalja.com.br\\\/arquivo#listItem\",\"position\":1,\"name\":\"Home\",\"item\":\"https:\\\/\\\/www.jornalja.com.br\\\/arquivo\",\"nextItem\":{\"@type\":\"ListItem\",\"@id\":\"https:\\\/\\\/www.jornalja.com.br\\\/arquivo\\\/category\\\/destaque\\\/#listItem\",\"name\":\"CDD-artigo em destaque\"}},{\"@type\":\"ListItem\",\"@id\":\"https:\\\/\\\/www.jornalja.com.br\\\/arquivo\\\/category\\\/destaque\\\/#listItem\",\"position\":2,\"name\":\"CDD-artigo em destaque\",\"item\":\"https:\\\/\\\/www.jornalja.com.br\\\/arquivo\\\/category\\\/destaque\\\/\",\"nextItem\":{\"@type\":\"ListItem\",\"@id\":\"https:\\\/\\\/www.jornalja.com.br\\\/arquivo\\\/o-brasil-e-o-perigoso-jogo-da-historia\\\/#listItem\",\"name\":\"Mauro Santayana: O Brasil e o perigoso jogo da Hist\\u00f3ria\"},\"previousItem\":{\"@type\":\"ListItem\",\"@id\":\"https:\\\/\\\/www.jornalja.com.br\\\/arquivo#listItem\",\"name\":\"Home\"}},{\"@type\":\"ListItem\",\"@id\":\"https:\\\/\\\/www.jornalja.com.br\\\/arquivo\\\/o-brasil-e-o-perigoso-jogo-da-historia\\\/#listItem\",\"position\":3,\"name\":\"Mauro Santayana: O Brasil e o perigoso jogo da Hist\\u00f3ria\",\"previousItem\":{\"@type\":\"ListItem\",\"@id\":\"https:\\\/\\\/www.jornalja.com.br\\\/arquivo\\\/category\\\/destaque\\\/#listItem\",\"name\":\"CDD-artigo em destaque\"}}]},{\"@type\":\"Organization\",\"@id\":\"https:\\\/\\\/www.jornalja.com.br\\\/arquivo\\\/#organization\",\"name\":\"Jornal J\\u00c1\",\"description\":\"Jornal J\\u00c1 | Porto Alegre\",\"url\":\"https:\\\/\\\/www.jornalja.com.br\\\/arquivo\\\/\",\"telephone\":\"+555133307272\",\"logo\":{\"@type\":\"ImageObject\",\"url\":\"https:\\\/\\\/www.jornalja.com.br\\\/wp-content\\\/uploads\\\/cards\\\/JAslogan.png\",\"@id\":\"https:\\\/\\\/www.jornalja.com.br\\\/arquivo\\\/o-brasil-e-o-perigoso-jogo-da-historia\\\/#organizationLogo\"},\"image\":{\"@id\":\"https:\\\/\\\/www.jornalja.com.br\\\/arquivo\\\/o-brasil-e-o-perigoso-jogo-da-historia\\\/#organizationLogo\"}},{\"@type\":\"Person\",\"@id\":\"https:\\\/\\\/www.jornalja.com.br\\\/arquivo\\\/author\\\/daredacao\\\/#author\",\"url\":\"https:\\\/\\\/www.jornalja.com.br\\\/arquivo\\\/author\\\/daredacao\\\/\",\"name\":\"da Reda\\u00e7\\u00e3o\",\"image\":{\"@type\":\"ImageObject\",\"@id\":\"https:\\\/\\\/www.jornalja.com.br\\\/arquivo\\\/o-brasil-e-o-perigoso-jogo-da-historia\\\/#authorImage\",\"url\":\"https:\\\/\\\/secure.gravatar.com\\\/avatar\\\/469fd857d6605ad19919d27ed29d35a968a25f6e8fd9318356bbb7f57aae9c65?s=96&d=mm&r=g\",\"width\":96,\"height\":96,\"caption\":\"da Reda\\u00e7\\u00e3o\"}},{\"@type\":\"WebPage\",\"@id\":\"https:\\\/\\\/www.jornalja.com.br\\\/arquivo\\\/o-brasil-e-o-perigoso-jogo-da-historia\\\/#webpage\",\"url\":\"https:\\\/\\\/www.jornalja.com.br\\\/arquivo\\\/o-brasil-e-o-perigoso-jogo-da-historia\\\/\",\"name\":\"Mauro Santayana: O Brasil e o perigoso jogo da Hist\\u00f3ria | Arquivo\",\"inLanguage\":\"pt-BR\",\"isPartOf\":{\"@id\":\"https:\\\/\\\/www.jornalja.com.br\\\/arquivo\\\/#website\"},\"breadcrumb\":{\"@id\":\"https:\\\/\\\/www.jornalja.com.br\\\/arquivo\\\/o-brasil-e-o-perigoso-jogo-da-historia\\\/#breadcrumblist\"},\"author\":{\"@id\":\"https:\\\/\\\/www.jornalja.com.br\\\/arquivo\\\/author\\\/daredacao\\\/#author\"},\"creator\":{\"@id\":\"https:\\\/\\\/www.jornalja.com.br\\\/arquivo\\\/author\\\/daredacao\\\/#author\"},\"image\":{\"@type\":\"ImageObject\",\"url\":39260,\"@id\":\"https:\\\/\\\/www.jornalja.com.br\\\/arquivo\\\/o-brasil-e-o-perigoso-jogo-da-historia\\\/#mainImage\"},\"primaryImageOfPage\":{\"@id\":\"https:\\\/\\\/www.jornalja.com.br\\\/arquivo\\\/o-brasil-e-o-perigoso-jogo-da-historia\\\/#mainImage\"},\"datePublished\":\"2016-09-15T02:39:39-03:00\",\"dateModified\":\"2016-09-15T02:39:39-03:00\"},{\"@type\":\"WebSite\",\"@id\":\"https:\\\/\\\/www.jornalja.com.br\\\/arquivo\\\/#website\",\"url\":\"https:\\\/\\\/www.jornalja.com.br\\\/arquivo\\\/\",\"name\":\"Arquivo\",\"description\":\"Jornal J\\u00c1 | Porto Alegre\",\"inLanguage\":\"pt-BR\",\"publisher\":{\"@id\":\"https:\\\/\\\/www.jornalja.com.br\\\/arquivo\\\/#organization\"}}]}\n\t\t<\/script>\n\t\t<!-- All in One SEO -->\n\n","aioseo_head_json":{"title":"Mauro Santayana: O Brasil e o perigoso jogo da Hist\u00f3ria | Arquivo","description":"","canonical_url":"https:\/\/www.jornalja.com.br\/arquivo\/o-brasil-e-o-perigoso-jogo-da-historia\/","robots":"max-image-preview:large","keywords":"","webmasterTools":{"miscellaneous":""},"schema":{"@context":"https:\/\/schema.org","@graph":[{"@type":"BlogPosting","@id":"https:\/\/www.jornalja.com.br\/arquivo\/o-brasil-e-o-perigoso-jogo-da-historia\/#blogposting","name":"Mauro Santayana: O Brasil e o perigoso jogo da Hist\u00f3ria | Arquivo","headline":"Mauro Santayana: O Brasil e o perigoso jogo da Hist\u00f3ria","author":{"@id":"https:\/\/www.jornalja.com.br\/arquivo\/author\/daredacao\/#author"},"publisher":{"@id":"https:\/\/www.jornalja.com.br\/arquivo\/#organization"},"image":{"@type":"ImageObject","url":39260},"datePublished":"2016-09-15T02:39:39-03:00","dateModified":"2016-09-15T02:39:39-03:00","inLanguage":"pt-BR","mainEntityOfPage":{"@id":"https:\/\/www.jornalja.com.br\/arquivo\/o-brasil-e-o-perigoso-jogo-da-historia\/#webpage"},"isPartOf":{"@id":"https:\/\/www.jornalja.com.br\/arquivo\/o-brasil-e-o-perigoso-jogo-da-historia\/#webpage"},"articleSection":"CDD-artigo em destaque, HOTSITE Comit\u00ea pela Democracia"},{"@type":"BreadcrumbList","@id":"https:\/\/www.jornalja.com.br\/arquivo\/o-brasil-e-o-perigoso-jogo-da-historia\/#breadcrumblist","itemListElement":[{"@type":"ListItem","@id":"https:\/\/www.jornalja.com.br\/arquivo#listItem","position":1,"name":"Home","item":"https:\/\/www.jornalja.com.br\/arquivo","nextItem":{"@type":"ListItem","@id":"https:\/\/www.jornalja.com.br\/arquivo\/category\/destaque\/#listItem","name":"CDD-artigo em destaque"}},{"@type":"ListItem","@id":"https:\/\/www.jornalja.com.br\/arquivo\/category\/destaque\/#listItem","position":2,"name":"CDD-artigo em destaque","item":"https:\/\/www.jornalja.com.br\/arquivo\/category\/destaque\/","nextItem":{"@type":"ListItem","@id":"https:\/\/www.jornalja.com.br\/arquivo\/o-brasil-e-o-perigoso-jogo-da-historia\/#listItem","name":"Mauro Santayana: O Brasil e o perigoso jogo da Hist\u00f3ria"},"previousItem":{"@type":"ListItem","@id":"https:\/\/www.jornalja.com.br\/arquivo#listItem","name":"Home"}},{"@type":"ListItem","@id":"https:\/\/www.jornalja.com.br\/arquivo\/o-brasil-e-o-perigoso-jogo-da-historia\/#listItem","position":3,"name":"Mauro Santayana: O Brasil e o perigoso jogo da Hist\u00f3ria","previousItem":{"@type":"ListItem","@id":"https:\/\/www.jornalja.com.br\/arquivo\/category\/destaque\/#listItem","name":"CDD-artigo em destaque"}}]},{"@type":"Organization","@id":"https:\/\/www.jornalja.com.br\/arquivo\/#organization","name":"Jornal J\u00c1","description":"Jornal J\u00c1 | Porto Alegre","url":"https:\/\/www.jornalja.com.br\/arquivo\/","telephone":"+555133307272","logo":{"@type":"ImageObject","url":"https:\/\/www.jornalja.com.br\/wp-content\/uploads\/cards\/JAslogan.png","@id":"https:\/\/www.jornalja.com.br\/arquivo\/o-brasil-e-o-perigoso-jogo-da-historia\/#organizationLogo"},"image":{"@id":"https:\/\/www.jornalja.com.br\/arquivo\/o-brasil-e-o-perigoso-jogo-da-historia\/#organizationLogo"}},{"@type":"Person","@id":"https:\/\/www.jornalja.com.br\/arquivo\/author\/daredacao\/#author","url":"https:\/\/www.jornalja.com.br\/arquivo\/author\/daredacao\/","name":"da Reda\u00e7\u00e3o","image":{"@type":"ImageObject","@id":"https:\/\/www.jornalja.com.br\/arquivo\/o-brasil-e-o-perigoso-jogo-da-historia\/#authorImage","url":"https:\/\/secure.gravatar.com\/avatar\/469fd857d6605ad19919d27ed29d35a968a25f6e8fd9318356bbb7f57aae9c65?s=96&d=mm&r=g","width":96,"height":96,"caption":"da Reda\u00e7\u00e3o"}},{"@type":"WebPage","@id":"https:\/\/www.jornalja.com.br\/arquivo\/o-brasil-e-o-perigoso-jogo-da-historia\/#webpage","url":"https:\/\/www.jornalja.com.br\/arquivo\/o-brasil-e-o-perigoso-jogo-da-historia\/","name":"Mauro Santayana: O Brasil e o perigoso jogo da Hist\u00f3ria | Arquivo","inLanguage":"pt-BR","isPartOf":{"@id":"https:\/\/www.jornalja.com.br\/arquivo\/#website"},"breadcrumb":{"@id":"https:\/\/www.jornalja.com.br\/arquivo\/o-brasil-e-o-perigoso-jogo-da-historia\/#breadcrumblist"},"author":{"@id":"https:\/\/www.jornalja.com.br\/arquivo\/author\/daredacao\/#author"},"creator":{"@id":"https:\/\/www.jornalja.com.br\/arquivo\/author\/daredacao\/#author"},"image":{"@type":"ImageObject","url":39260,"@id":"https:\/\/www.jornalja.com.br\/arquivo\/o-brasil-e-o-perigoso-jogo-da-historia\/#mainImage"},"primaryImageOfPage":{"@id":"https:\/\/www.jornalja.com.br\/arquivo\/o-brasil-e-o-perigoso-jogo-da-historia\/#mainImage"},"datePublished":"2016-09-15T02:39:39-03:00","dateModified":"2016-09-15T02:39:39-03:00"},{"@type":"WebSite","@id":"https:\/\/www.jornalja.com.br\/arquivo\/#website","url":"https:\/\/www.jornalja.com.br\/arquivo\/","name":"Arquivo","description":"Jornal J\u00c1 | Porto Alegre","inLanguage":"pt-BR","publisher":{"@id":"https:\/\/www.jornalja.com.br\/arquivo\/#organization"}}]},"og:locale":"pt_BR","og:site_name":"Arquivo | Jornal J\u00c1 | Porto Alegre","og:type":"article","og:title":"Mauro Santayana: O Brasil e o perigoso jogo da Hist\u00f3ria | Arquivo","og:url":"https:\/\/www.jornalja.com.br\/arquivo\/o-brasil-e-o-perigoso-jogo-da-historia\/","og:image":"https:\/\/www.jornalja.com.br\/economics\/wp-content\/uploads\/sites\/11\/2026\/08\/ja-folhaderosto-facebook.jpg","og:image:secure_url":"https:\/\/www.jornalja.com.br\/economics\/wp-content\/uploads\/sites\/11\/2026\/08\/ja-folhaderosto-facebook.jpg","article:published_time":"2016-09-15T05:39:39+00:00","article:modified_time":"2016-09-15T05:39:39+00:00","twitter:card":"summary","twitter:title":"Mauro Santayana: O Brasil e o perigoso jogo da Hist\u00f3ria | Arquivo","twitter:image":"https:\/\/www.jornalja.com.br\/economics\/wp-content\/uploads\/sites\/11\/2026\/08\/ja-folhaderosto-facebook.jpg"},"aioseo_meta_data":{"post_id":"39259","title":null,"description":null,"keywords":null,"keyphrases":null,"primary_term":null,"canonical_url":null,"og_title":null,"og_description":null,"og_object_type":"default","og_image_type":"default","og_image_url":null,"og_image_width":null,"og_image_height":null,"og_image_custom_url":null,"og_image_custom_fields":null,"og_video":null,"og_custom_url":null,"og_article_section":null,"og_article_tags":null,"twitter_use_og":false,"twitter_card":"default","twitter_image_type":"default","twitter_image_url":null,"twitter_image_custom_url":null,"twitter_image_custom_fields":null,"twitter_title":null,"twitter_description":null,"schema":{"blockGraphs":[],"customGraphs":[],"default":{"data":{"Article":[],"Course":[],"Dataset":[],"FAQPage":[],"Movie":[],"Person":[],"Product":[],"ProductReview":[],"Car":[],"Recipe":[],"Service":[],"SoftwareApplication":[],"WebPage":[]},"graphName":"","isEnabled":true},"graphs":[],"defaultGraph":"","defaultPostTypeGraph":""},"schema_type":null,"schema_type_options":null,"pillar_content":false,"robots_default":true,"robots_noindex":false,"robots_noarchive":false,"robots_nosnippet":false,"robots_nofollow":false,"robots_noimageindex":false,"robots_noodp":false,"robots_notranslate":false,"robots_max_snippet":null,"robots_max_videopreview":null,"robots_max_imagepreview":"large","priority":null,"frequency":null,"location":null,"local_seo":null,"breadcrumb_settings":null,"limit_modified_date":false,"ai":null,"created":"2020-12-20 20:50:37","updated":"2025-07-19 16:47:14","seo_analyzer_scan_date":null,"focus_keyword":null,"additional_keywords":null,"truseo_locale":null},"jetpack_sharing_enabled":true,"jetpack-related-posts":[{"id":13124,"url":"https:\/\/www.jornalja.com.br\/arquivo\/sangue-latino-no-iecine\/","url_meta":{"origin":39259,"position":0},"title":"Sangue latino no IECINE","author":"da Reda\u00e7\u00e3o","date":"18 de maio de 2014","format":false,"excerpt":"Francisco Ribeiro O Instituto Estadual de Cinema (IECINE) tem a frente, desde abril \u00faltimo, um novo diretor, o cineasta colombiano Juan Zapata, 36, que substitui Luiz Alberto Cassol. Radicado h\u00e1 dez anos em Porto Alegre, Zapata tem diante de si o desafio de conduzir at\u00e9 o final do ano um\u2026","rel":"","context":"Em &quot;Cultura-Geral&quot;","block_context":{"text":"Cultura-Geral","link":"https:\/\/www.jornalja.com.br\/arquivo\/category\/materiasecundaria\/"},"img":{"alt_text":"","src":"","width":0,"height":0},"classes":[]},{"id":14241,"url":"https:\/\/www.jornalja.com.br\/arquivo\/o-guaiba-nas-imagens-poeticas-de-achutti\/","url_meta":{"origin":39259,"position":1},"title":"O Gua\u00edba nas imagens po\u00e9ticas de Achutti","author":"da Reda\u00e7\u00e3o","date":"18 de junho de 2014","format":false,"excerpt":"Em \u201cO Gua\u00edba por Achutti\u201d \u2013 obra financiada via Minist\u00e9rio da Cultura, produ\u00e7\u00e3o executiva de Pedro Longhi, e Fl\u00e1vio Wild como designer \u2013, o fot\u00f3grafo revela a beleza e as mazelas de um espa\u00e7o aqu\u00e1tico de \u00e1guas sempre renovadas, cheio de hist\u00f3rias e lendas como as das cidades que foram\u2026","rel":"","context":"Em &quot;Cultura-Geral&quot;","block_context":{"text":"Cultura-Geral","link":"https:\/\/www.jornalja.com.br\/arquivo\/category\/materiasecundaria\/"},"img":{"alt_text":"","src":"","width":0,"height":0},"classes":[]},{"id":5440,"url":"https:\/\/www.jornalja.com.br\/arquivo\/casarao-da-venancio-destino-permanece-incerto\/","url_meta":{"origin":39259,"position":2},"title":"Estado ainda n\u00e3o sabe o que fazer com casar\u00e3o abandonado h\u00e1 20 anos","author":"Elmar Bones","date":"6 de julho de 2009","format":false,"excerpt":"O casar\u00e3o amarelo, numa esquina nobre de Porto Alegre (Ven\u00e2ncio Aires com Jo\u00e3o Pessoa), j\u00e1 abrigou uma escola. H\u00e1 duas d\u00e9cadas, pelo menos, est\u00e1 abandonado, porque seu propriet\u00e1rio, o governo do Estado do Rio Grande do Sul, n\u00e3o consegue achar um destino para ele. Planos n\u00e3o faltaram. O governador Ol\u00edvio\u2026","rel":"","context":"Em &quot;X.Categorias velhas&quot;","block_context":{"text":"X.Categorias velhas","link":"https:\/\/www.jornalja.com.br\/arquivo\/category\/x-categorias-velhas\/"},"img":{"alt_text":"geraldo1","src":"https:\/\/i0.wp.com\/www.jornalja.com.br\/wp-content\/uploads\/2009\/07\/geraldo1.jpg?resize=350%2C200&ssl=1","width":350,"height":200},"classes":[]},{"id":13109,"url":"https:\/\/www.jornalja.com.br\/arquivo\/judiciario-reconhece-poluicao-eletromagnetica\/","url_meta":{"origin":39259,"position":3},"title":"Judici\u00e1rio reconhece polui\u00e7\u00e3o eletromagn\u00e9tica","author":"Patr\u00edcia Marini","date":"16 de maio de 2014","format":false,"excerpt":"A\u00e7\u00e3o de duas associa\u00e7\u00f5es de moradores foi acolhida pelo Tribunal de Justi\u00e7a de S\u00e3o Paulo que. em decis\u00e3o in\u00e9dita, determinou a redu\u00e7\u00e3o do campo eletromagn\u00e9tico gerado pelas linhas de transmiss\u00e3o de energia que cortam os bairros City Boa\u00e7ava e Alto de Pinheiros. \u00c9 a primeira vez que um tribunal do\u2026","rel":"","context":"Em &quot;X.Categorias velhas&quot;","block_context":{"text":"X.Categorias velhas","link":"https:\/\/www.jornalja.com.br\/arquivo\/category\/x-categorias-velhas\/"},"img":{"alt_text":"","src":"","width":0,"height":0},"classes":[]},{"id":13240,"url":"https:\/\/www.jornalja.com.br\/arquivo\/plano-diretor-estamos-construindo-o-caos\/","url_meta":{"origin":39259,"position":4},"title":"Plano diretor: &quot;Estamos construindo o caos&quot;","author":"Patr\u00edcia Marini","date":"26 de maio de 2014","format":false,"excerpt":"Desabafo que arquiteta Eliana Castilhos, delegada da Regi\u00e3o de Planejamento 1, postou nas redes sociais \u00e9 um testemunho do ambiente que se criou no Conselho do Plano Diretor de Porto Alegre, onde a aprova\u00e7\u00e3o de grandes empreendimentos \u00e9 empurrada guela abaixo dos conselheiros. Ao CMDUA Como delegada da Regi\u00e3o de\u2026","rel":"","context":"Em &quot;Geral&quot;","block_context":{"text":"Geral","link":"https:\/\/www.jornalja.com.br\/arquivo\/category\/geral\/"},"img":{"alt_text":"","src":"","width":0,"height":0},"classes":[]},{"id":13128,"url":"https:\/\/www.jornalja.com.br\/arquivo\/maconha-terra-diz-que-uso-medicinal-e-desculpa\/","url_meta":{"origin":39259,"position":5},"title":"Maconha: Terra diz que uso medicinal \u00e9 desculpa","author":"Patr\u00edcia Marini","date":"4 de junho de 2014","format":false,"excerpt":"A condi\u00e7\u00e3o de pol\u00edtico, em \u00e9poca de campanha de campanha eleitoral, tira for\u00e7a do discurso do m\u00e9dico Osmar Terra contra a legaliza\u00e7\u00e3o da maconha. A tese dele de que a libera\u00e7\u00e3o vai ampliar exponencialmente o consumo \u00e9 discutivel, o consumo \u00e9 corrente. Mas seus alertas quanto aos riscos tem que\u2026","rel":"","context":"Em &quot;X.Categorias velhas&quot;","block_context":{"text":"X.Categorias velhas","link":"https:\/\/www.jornalja.com.br\/arquivo\/category\/x-categorias-velhas\/"},"img":{"alt_text":"","src":"","width":0,"height":0},"classes":[]}],"jetpack_shortlink":"https:\/\/wp.me\/pbQjBd-add","jetpack_featured_media_url":"","_links":{"self":[{"href":"https:\/\/www.jornalja.com.br\/arquivo\/wp-json\/wp\/v2\/posts\/39259","targetHints":{"allow":["GET"]}}],"collection":[{"href":"https:\/\/www.jornalja.com.br\/arquivo\/wp-json\/wp\/v2\/posts"}],"about":[{"href":"https:\/\/www.jornalja.com.br\/arquivo\/wp-json\/wp\/v2\/types\/post"}],"author":[{"embeddable":true,"href":"https:\/\/www.jornalja.com.br\/arquivo\/wp-json\/wp\/v2\/users\/4"}],"replies":[{"embeddable":true,"href":"https:\/\/www.jornalja.com.br\/arquivo\/wp-json\/wp\/v2\/comments?post=39259"}],"version-history":[{"count":0,"href":"https:\/\/www.jornalja.com.br\/arquivo\/wp-json\/wp\/v2\/posts\/39259\/revisions"}],"wp:attachment":[{"href":"https:\/\/www.jornalja.com.br\/arquivo\/wp-json\/wp\/v2\/media?parent=39259"}],"wp:term":[{"taxonomy":"category","embeddable":true,"href":"https:\/\/www.jornalja.com.br\/arquivo\/wp-json\/wp\/v2\/categories?post=39259"},{"taxonomy":"post_tag","embeddable":true,"href":"https:\/\/www.jornalja.com.br\/arquivo\/wp-json\/wp\/v2\/tags?post=39259"}],"curies":[{"name":"wp","href":"https:\/\/api.w.org\/{rel}","templated":true}]}}