{"id":39330,"date":"2016-09-15T19:28:16","date_gmt":"2016-09-15T22:28:16","guid":{"rendered":"https:\/\/www.jornalja.com.br\/?p=39330"},"modified":"2016-09-15T19:28:16","modified_gmt":"2016-09-15T22:28:16","slug":"o-dominio-do-rentismo-no-governo-temer","status":"publish","type":"post","link":"https:\/\/www.jornalja.com.br\/arquivo\/o-dominio-do-rentismo-no-governo-temer\/","title":{"rendered":"O dom\u00ednio do rentismo no governo Temer"},"content":{"rendered":"<p><strong>Ricardo Dathein<\/strong><br \/>\n<em>Professor da Faculdade de Economia da UFRGS<\/em><br \/>\nO governo Temer prop\u00f5e um Novo Regime Fiscal para o pa\u00eds, de longa dura\u00e7\u00e3o, baseado em uma avalia\u00e7\u00e3o de que existe um problema fiscal estrutural. Busca-se neste artigo evidenciar que a din\u00e2mica fiscal deve ser entendida a partir de outra concep\u00e7\u00e3o.<br \/>\nQual a causa de d\u00e9ficits p\u00fablicos? Uma ideia vulgar, usada pelos liberais, \u00e9 a de que esse d\u00e9ficit prov\u00e9m do comportamento populista, gastador, de governos em geral de esquerda. No entanto, normalmente o que provoca o crescimento do d\u00e9ficit p\u00fablico e da d\u00edvida p\u00fablica s\u00e3o crises econ\u00f4micas ou o baixo crescimento. Veja-se pelos gr\u00e1ficos a seguir que no per\u00edodo entre 2003 e 2014 houve uma substancial melhora nas contas p\u00fablicas. A piora atual come\u00e7ou em 2014, com a crise econ\u00f4mica. N\u00e3o h\u00e1, portanto, nenhum problema estrutural, mas sim conjuntural, c\u00edclico. O endividamento e o d\u00e9ficit p\u00fablico no Brasil em 2014 estavam em n\u00edveis muito confort\u00e1veis, comparativamente a outros pa\u00edses e ao hist\u00f3rico nacional.<br \/>\nNo per\u00edodo 2004-2014 houve um grande aumento de gastos p\u00fablicos, incluindo as pol\u00edticas sociais, e ao mesmo tempo ocorreu melhora das contas p\u00fablicas (e isso apesar de todo o desperd\u00edcio de recursos no governo Dilma 1 com subs\u00eddios e isen\u00e7\u00f5es fiscais para empresas, que resultou em fracasso). Esse desempenho fiscal resultou do aumento de receitas compat\u00edveis, por conta do maior crescimento econ\u00f4mico em um contexto internacional favor\u00e1vel. No per\u00edodo anterior a 2003 houve substancial aumento da d\u00edvida p\u00fablica, mesmo com um governo liberal. Isso deriva n\u00e3o de que o governo FHC fosse gastador, populista, mas de que a conjuntura internacional foi pior e porque esse governo adotava pol\u00edticas que produziam menos crescimento. Portanto, o que determina piora ou melhora das contas p\u00fablicas \u00e9 o desempenho da economia, dependentes do contexto internacional e de op\u00e7\u00f5es de pol\u00edticas.<br \/>\nH\u00e1 um mito, portanto, de que finan\u00e7as saud\u00e1veis dependem de agentes e governos respons\u00e1veis que usam teorias \u201cracionais\u201d. Uma quest\u00e3o que chama aten\u00e7\u00e3o \u00e9 de que justo nos governos liberais ou com o uso de pol\u00edticas liberais (como no governo Dilma 2) a situa\u00e7\u00e3o fiscal piora. Isso ocorre n\u00e3o porque agentes liberais sejam mais gastadores ou irrespons\u00e1veis. A explica\u00e7\u00e3o \u00e9 outra. A economia de mercado \u00e9 inerentemente inst\u00e1vel. Sem controle, ou gerida de forma liberal, essa caracter\u00edstica se imp\u00f5e plenamente. Essa din\u00e2mica provoca crises c\u00edclicas que tendem a ser mais profundas, justo pela ina\u00e7\u00e3o do Estado, ou pior, pela a\u00e7\u00e3o pr\u00f3-c\u00edclica, como na gest\u00e3o Levy. Essas crises produzem automaticamente (com a brusca queda de receitas) d\u00e9ficits crescentes, aumentando o endividamento. Ou ent\u00e3o os governos passam a atuar com pol\u00edticas antic\u00edclicas, tamb\u00e9m aumentando o d\u00e9ficit em um primeiro momento.<br \/>\n<img loading=\"lazy\" decoding=\"async\" class=\"alignnone size-full wp-image-39334\" src=\"https:\/\/www.jornalja.com.br\/wp-content\/uploads\/2016\/09\/1509-grafico1.jpg\" alt=\"1509-grafico1\" width=\"725\" height=\"519\" \/> <img loading=\"lazy\" decoding=\"async\" class=\"alignleft size-full wp-image-39335\" src=\"https:\/\/www.jornalja.com.br\/wp-content\/uploads\/2016\/09\/1509-grafico2.jpg\" alt=\"1509-grafico2\" width=\"725\" height=\"501\" \/><br \/>\nO argumento da crise estrutural \u00e9 oportunista, buscando priorizar interesses do mercado. Em tese, as medidas do governo provocar\u00e3o enormes super\u00e1vits fiscais a partir do momento em que a economia voltar a crescer, pois parte-se de uma situa\u00e7\u00e3o de \u201cfundo do po\u00e7o\u201d em termos de receita. Uma quest\u00e3o que se coloca \u00e9 o que ser\u00e1 feito com os recursos n\u00e3o gastos. Os gastos sociais n\u00e3o s\u00e3o prioridade. O governo tamb\u00e9m n\u00e3o se prop\u00f5e a aumentar investimentos, pois n\u00e3o h\u00e1 nenhum programa em vista nesse sentido. O que se prop\u00f5e \u00e9 que o setor privado assuma os investimentos a partir de concess\u00f5es. O governo tamb\u00e9m n\u00e3o prometeu cortes de impostos, mas essa seria uma alternativa futura.<br \/>\nComo o capital financeiro e os interesses rentistas disseminados em toda a economia comandam a <em>rationale<\/em> da gest\u00e3o federal, uma hip\u00f3tese \u00e9 de que as classes rentistas pretendem de apropriar desses recursos, via pagamento de juros sobre a d\u00edvida p\u00fablica. Mas para isso \u00e9 necess\u00e1rio que a d\u00edvida cres\u00e7a muito, e que a taxa de juros baixe pouco e lentamente. Na realidade, quanto piores as finan\u00e7as p\u00fablicas, melhor para o capital financeiro, para suas rendas e para seu controle pol\u00edtico.<br \/>\nNeste momento, por exemplo (assim como ocorreu no governo FHC, ver gr\u00e1fico 1), h\u00e1 fortes movimentos no sentido de provocar grandes aumentos de endividamento p\u00fablico, de forma que o maior estoque gere grandes pagamentos futuros de juros, mesmo que a taxa de juros diminua. Essa l\u00f3gica mostra a captura do Estado por parte do capital financeiro, o que tamb\u00e9m j\u00e1 ocorria nas gest\u00f5es petistas, assim como sucede em todo o mundo.<br \/>\nExiste, portanto, uma contradi\u00e7\u00e3o entre um discurso de austeridade e uma realidade e pr\u00e1tica opostas. A realidade se imp\u00f5em, e a pr\u00e1tica oposta deriva de um comportamento olig\u00e1rquico, antes que liberal. Nosso liberalismo \u00e9 um mito. Os interesses rentistas n\u00e3o passam de interesses olig\u00e1rquicos, com pretens\u00f5es nobili\u00e1rias, daqueles que buscam viver de rendas, \u00e0s custas do Estado, sem nada produzir.<br \/>\nNosso capitalismo olig\u00e1rquico busca, ao contr\u00e1rio do discurso e da teoria, eliminar o risco dos neg\u00f3cios. A teoria que coloca como institui\u00e7\u00f5es fundamentais para o desenvolvimento econ\u00f4mico as garantias dos contratos e os direitos de propriedade expressa essa concep\u00e7\u00e3o de capitalismo rentista, que exige a elimina\u00e7\u00e3o do risco para si, com sua assun\u00e7\u00e3o pelo Estado. Isso ocorre em sua plenitude para nosso capital financeiro, do qual os outros capitais s\u00e3o s\u00f3cios: o Estado garante a remunera\u00e7\u00e3o dos capitais ociosos. Ou ent\u00e3o aparece nas propostas de parcerias p\u00fablico-privadas e de privatiza\u00e7\u00f5es, nas quais o Estado (ou melhor, a sociedade) deve assumir os eventuais preju\u00edzos e os custos subsidiados de financiamento, enquanto o setor privado \u201cassume\u201d os lucros garantidos.<br \/>\nEssa concep\u00e7\u00e3o parte de uma vis\u00e3o radical de liberalismo, t\u00e3o presente entre os ga\u00fachos com seus f\u00f3runs liberais, de que o pa\u00eds se divide entre, de um lado, os indiv\u00edduos livres e, de outro, o Estado opressor. Portanto, esse Estado deve ser sempre combatido. Com isso justifica-se o saque. E a melhor forma de saque, com apar\u00eancia de neg\u00f3cios, \u00e9 o rentismo.<br \/>\nA partir disso tende-se a produzir um capitalismo cada vez mais avesso ao risco, cada vez mais dependente do Estado, cada vez mais necessitando de custos salariais baixos, cada vez menos inovador e produtivo. Em suma, trata-se do aprofundamento do subdesenvolvimento por parte de uma elite incapaz.<\/p>\n","protected":false},"excerpt":{"rendered":"<p>Ricardo Dathein Professor da Faculdade de Economia da UFRGS O governo Temer prop\u00f5e um Novo Regime Fiscal para o pa\u00eds, de longa dura\u00e7\u00e3o, baseado em uma avalia\u00e7\u00e3o de que existe um problema fiscal estrutural. Busca-se neste artigo evidenciar que a din\u00e2mica fiscal deve ser entendida a partir de outra concep\u00e7\u00e3o. Qual a causa de d\u00e9ficits [&hellip;]<\/p>\n","protected":false},"author":4,"featured_media":39337,"comment_status":"open","ping_status":"closed","sticky":false,"template":"","format":"standard","meta":{"_jetpack_newsletter_access":"","_jetpack_dont_email_post_to_subs":false,"_jetpack_newsletter_tier_id":0,"_jetpack_memberships_contains_paywalled_content":false,"_jetpack_feature_clip_id":0,"_jetpack_memberships_contains_paid_content":false,"footnotes":"","jetpack_post_was_ever_published":false},"categories":[2011,2012],"tags":[],"class_list":["post-39330","post","type-post","status-publish","format-standard","has-post-thumbnail","hentry","category-destaque","category-debates"],"aioseo_notices":[],"aioseo_head":"\n\t\t<!-- All in One SEO 5.0.1.1 - aioseo.com -->\n\t<meta name=\"robots\" content=\"max-image-preview:large\" \/>\n\t<meta name=\"author\" content=\"da Reda\u00e7\u00e3o\"\/>\n\t<link rel=\"canonical\" href=\"https:\/\/www.jornalja.com.br\/arquivo\/o-dominio-do-rentismo-no-governo-temer\/\" \/>\n\t<meta name=\"generator\" content=\"All in One SEO (AIOSEO) 5.0.1.1\" \/>\n\t\t<meta property=\"og:locale\" content=\"pt_BR\" \/>\n\t\t<meta property=\"og:site_name\" content=\"Arquivo | Jornal J\u00c1 | Porto Alegre\" \/>\n\t\t<meta property=\"og:type\" content=\"article\" \/>\n\t\t<meta property=\"og:title\" content=\"O dom\u00ednio do rentismo no governo Temer | Arquivo\" \/>\n\t\t<meta property=\"og:url\" content=\"https:\/\/www.jornalja.com.br\/arquivo\/o-dominio-do-rentismo-no-governo-temer\/\" \/>\n\t\t<meta property=\"og:image\" content=\"https:\/\/www.jornalja.com.br\/wp-content\/uploads\/2016\/09\/1509-grafico1.jpg\" \/>\n\t\t<meta property=\"og:image:secure_url\" content=\"https:\/\/www.jornalja.com.br\/wp-content\/uploads\/2016\/09\/1509-grafico1.jpg\" \/>\n\t\t<meta property=\"article:published_time\" content=\"2016-09-15T22:28:16+00:00\" \/>\n\t\t<meta property=\"article:modified_time\" content=\"2016-09-15T22:28:16+00:00\" \/>\n\t\t<meta name=\"twitter:card\" content=\"summary\" \/>\n\t\t<meta name=\"twitter:title\" content=\"O dom\u00ednio do rentismo no governo Temer | Arquivo\" \/>\n\t\t<meta name=\"twitter:image\" content=\"https:\/\/www.jornalja.com.br\/economics\/wp-content\/uploads\/sites\/11\/2026\/08\/ja-folhaderosto-facebook.jpg\" \/>\n\t\t<script type=\"application\/ld+json\" class=\"aioseo-schema\">\n\t\t\t{\"@context\":\"https:\\\/\\\/schema.org\",\"@graph\":[{\"@type\":\"BlogPosting\",\"@id\":\"https:\\\/\\\/www.jornalja.com.br\\\/arquivo\\\/o-dominio-do-rentismo-no-governo-temer\\\/#blogposting\",\"name\":\"O dom\\u00ednio do rentismo no governo Temer | Arquivo\",\"headline\":\"O dom\\u00ednio do rentismo no governo Temer\",\"author\":{\"@id\":\"https:\\\/\\\/www.jornalja.com.br\\\/arquivo\\\/author\\\/daredacao\\\/#author\"},\"publisher\":{\"@id\":\"https:\\\/\\\/www.jornalja.com.br\\\/arquivo\\\/#organization\"},\"image\":{\"@type\":\"ImageObject\",\"url\":39337},\"datePublished\":\"2016-09-15T19:28:16-03:00\",\"dateModified\":\"2016-09-15T19:28:16-03:00\",\"inLanguage\":\"pt-BR\",\"mainEntityOfPage\":{\"@id\":\"https:\\\/\\\/www.jornalja.com.br\\\/arquivo\\\/o-dominio-do-rentismo-no-governo-temer\\\/#webpage\"},\"isPartOf\":{\"@id\":\"https:\\\/\\\/www.jornalja.com.br\\\/arquivo\\\/o-dominio-do-rentismo-no-governo-temer\\\/#webpage\"},\"articleSection\":\"CDD-artigo em destaque, HOTSITE Comit\\u00ea pela Democracia\"},{\"@type\":\"BreadcrumbList\",\"@id\":\"https:\\\/\\\/www.jornalja.com.br\\\/arquivo\\\/o-dominio-do-rentismo-no-governo-temer\\\/#breadcrumblist\",\"itemListElement\":[{\"@type\":\"ListItem\",\"@id\":\"https:\\\/\\\/www.jornalja.com.br\\\/arquivo#listItem\",\"position\":1,\"name\":\"Home\",\"item\":\"https:\\\/\\\/www.jornalja.com.br\\\/arquivo\",\"nextItem\":{\"@type\":\"ListItem\",\"@id\":\"https:\\\/\\\/www.jornalja.com.br\\\/arquivo\\\/category\\\/destaque\\\/#listItem\",\"name\":\"CDD-artigo em destaque\"}},{\"@type\":\"ListItem\",\"@id\":\"https:\\\/\\\/www.jornalja.com.br\\\/arquivo\\\/category\\\/destaque\\\/#listItem\",\"position\":2,\"name\":\"CDD-artigo em destaque\",\"item\":\"https:\\\/\\\/www.jornalja.com.br\\\/arquivo\\\/category\\\/destaque\\\/\",\"nextItem\":{\"@type\":\"ListItem\",\"@id\":\"https:\\\/\\\/www.jornalja.com.br\\\/arquivo\\\/o-dominio-do-rentismo-no-governo-temer\\\/#listItem\",\"name\":\"O dom\\u00ednio do rentismo no governo Temer\"},\"previousItem\":{\"@type\":\"ListItem\",\"@id\":\"https:\\\/\\\/www.jornalja.com.br\\\/arquivo#listItem\",\"name\":\"Home\"}},{\"@type\":\"ListItem\",\"@id\":\"https:\\\/\\\/www.jornalja.com.br\\\/arquivo\\\/o-dominio-do-rentismo-no-governo-temer\\\/#listItem\",\"position\":3,\"name\":\"O dom\\u00ednio do rentismo no governo Temer\",\"previousItem\":{\"@type\":\"ListItem\",\"@id\":\"https:\\\/\\\/www.jornalja.com.br\\\/arquivo\\\/category\\\/destaque\\\/#listItem\",\"name\":\"CDD-artigo em destaque\"}}]},{\"@type\":\"Organization\",\"@id\":\"https:\\\/\\\/www.jornalja.com.br\\\/arquivo\\\/#organization\",\"name\":\"Jornal J\\u00c1\",\"description\":\"Jornal J\\u00c1 | Porto Alegre\",\"url\":\"https:\\\/\\\/www.jornalja.com.br\\\/arquivo\\\/\",\"telephone\":\"+555133307272\",\"logo\":{\"@type\":\"ImageObject\",\"url\":\"https:\\\/\\\/www.jornalja.com.br\\\/wp-content\\\/uploads\\\/cards\\\/JAslogan.png\",\"@id\":\"https:\\\/\\\/www.jornalja.com.br\\\/arquivo\\\/o-dominio-do-rentismo-no-governo-temer\\\/#organizationLogo\"},\"image\":{\"@id\":\"https:\\\/\\\/www.jornalja.com.br\\\/arquivo\\\/o-dominio-do-rentismo-no-governo-temer\\\/#organizationLogo\"}},{\"@type\":\"Person\",\"@id\":\"https:\\\/\\\/www.jornalja.com.br\\\/arquivo\\\/author\\\/daredacao\\\/#author\",\"url\":\"https:\\\/\\\/www.jornalja.com.br\\\/arquivo\\\/author\\\/daredacao\\\/\",\"name\":\"da Reda\\u00e7\\u00e3o\",\"image\":{\"@type\":\"ImageObject\",\"@id\":\"https:\\\/\\\/www.jornalja.com.br\\\/arquivo\\\/o-dominio-do-rentismo-no-governo-temer\\\/#authorImage\",\"url\":\"https:\\\/\\\/secure.gravatar.com\\\/avatar\\\/469fd857d6605ad19919d27ed29d35a968a25f6e8fd9318356bbb7f57aae9c65?s=96&d=mm&r=g\",\"width\":96,\"height\":96,\"caption\":\"da Reda\\u00e7\\u00e3o\"}},{\"@type\":\"WebPage\",\"@id\":\"https:\\\/\\\/www.jornalja.com.br\\\/arquivo\\\/o-dominio-do-rentismo-no-governo-temer\\\/#webpage\",\"url\":\"https:\\\/\\\/www.jornalja.com.br\\\/arquivo\\\/o-dominio-do-rentismo-no-governo-temer\\\/\",\"name\":\"O dom\\u00ednio do rentismo no governo Temer | Arquivo\",\"inLanguage\":\"pt-BR\",\"isPartOf\":{\"@id\":\"https:\\\/\\\/www.jornalja.com.br\\\/arquivo\\\/#website\"},\"breadcrumb\":{\"@id\":\"https:\\\/\\\/www.jornalja.com.br\\\/arquivo\\\/o-dominio-do-rentismo-no-governo-temer\\\/#breadcrumblist\"},\"author\":{\"@id\":\"https:\\\/\\\/www.jornalja.com.br\\\/arquivo\\\/author\\\/daredacao\\\/#author\"},\"creator\":{\"@id\":\"https:\\\/\\\/www.jornalja.com.br\\\/arquivo\\\/author\\\/daredacao\\\/#author\"},\"image\":{\"@type\":\"ImageObject\",\"url\":39337,\"@id\":\"https:\\\/\\\/www.jornalja.com.br\\\/arquivo\\\/o-dominio-do-rentismo-no-governo-temer\\\/#mainImage\"},\"primaryImageOfPage\":{\"@id\":\"https:\\\/\\\/www.jornalja.com.br\\\/arquivo\\\/o-dominio-do-rentismo-no-governo-temer\\\/#mainImage\"},\"datePublished\":\"2016-09-15T19:28:16-03:00\",\"dateModified\":\"2016-09-15T19:28:16-03:00\"},{\"@type\":\"WebSite\",\"@id\":\"https:\\\/\\\/www.jornalja.com.br\\\/arquivo\\\/#website\",\"url\":\"https:\\\/\\\/www.jornalja.com.br\\\/arquivo\\\/\",\"name\":\"Arquivo\",\"description\":\"Jornal J\\u00c1 | Porto Alegre\",\"inLanguage\":\"pt-BR\",\"publisher\":{\"@id\":\"https:\\\/\\\/www.jornalja.com.br\\\/arquivo\\\/#organization\"}}]}\n\t\t<\/script>\n\t\t<!-- All in One SEO -->\n\n","aioseo_head_json":{"title":"O dom\u00ednio do rentismo no governo Temer | Arquivo","description":"","canonical_url":"https:\/\/www.jornalja.com.br\/arquivo\/o-dominio-do-rentismo-no-governo-temer\/","robots":"max-image-preview:large","keywords":"","webmasterTools":{"miscellaneous":""},"schema":{"@context":"https:\/\/schema.org","@graph":[{"@type":"BlogPosting","@id":"https:\/\/www.jornalja.com.br\/arquivo\/o-dominio-do-rentismo-no-governo-temer\/#blogposting","name":"O dom\u00ednio do rentismo no governo Temer | Arquivo","headline":"O dom\u00ednio do rentismo no governo Temer","author":{"@id":"https:\/\/www.jornalja.com.br\/arquivo\/author\/daredacao\/#author"},"publisher":{"@id":"https:\/\/www.jornalja.com.br\/arquivo\/#organization"},"image":{"@type":"ImageObject","url":39337},"datePublished":"2016-09-15T19:28:16-03:00","dateModified":"2016-09-15T19:28:16-03:00","inLanguage":"pt-BR","mainEntityOfPage":{"@id":"https:\/\/www.jornalja.com.br\/arquivo\/o-dominio-do-rentismo-no-governo-temer\/#webpage"},"isPartOf":{"@id":"https:\/\/www.jornalja.com.br\/arquivo\/o-dominio-do-rentismo-no-governo-temer\/#webpage"},"articleSection":"CDD-artigo em destaque, HOTSITE Comit\u00ea pela Democracia"},{"@type":"BreadcrumbList","@id":"https:\/\/www.jornalja.com.br\/arquivo\/o-dominio-do-rentismo-no-governo-temer\/#breadcrumblist","itemListElement":[{"@type":"ListItem","@id":"https:\/\/www.jornalja.com.br\/arquivo#listItem","position":1,"name":"Home","item":"https:\/\/www.jornalja.com.br\/arquivo","nextItem":{"@type":"ListItem","@id":"https:\/\/www.jornalja.com.br\/arquivo\/category\/destaque\/#listItem","name":"CDD-artigo em destaque"}},{"@type":"ListItem","@id":"https:\/\/www.jornalja.com.br\/arquivo\/category\/destaque\/#listItem","position":2,"name":"CDD-artigo em destaque","item":"https:\/\/www.jornalja.com.br\/arquivo\/category\/destaque\/","nextItem":{"@type":"ListItem","@id":"https:\/\/www.jornalja.com.br\/arquivo\/o-dominio-do-rentismo-no-governo-temer\/#listItem","name":"O dom\u00ednio do rentismo no governo Temer"},"previousItem":{"@type":"ListItem","@id":"https:\/\/www.jornalja.com.br\/arquivo#listItem","name":"Home"}},{"@type":"ListItem","@id":"https:\/\/www.jornalja.com.br\/arquivo\/o-dominio-do-rentismo-no-governo-temer\/#listItem","position":3,"name":"O dom\u00ednio do rentismo no governo Temer","previousItem":{"@type":"ListItem","@id":"https:\/\/www.jornalja.com.br\/arquivo\/category\/destaque\/#listItem","name":"CDD-artigo em destaque"}}]},{"@type":"Organization","@id":"https:\/\/www.jornalja.com.br\/arquivo\/#organization","name":"Jornal J\u00c1","description":"Jornal J\u00c1 | Porto Alegre","url":"https:\/\/www.jornalja.com.br\/arquivo\/","telephone":"+555133307272","logo":{"@type":"ImageObject","url":"https:\/\/www.jornalja.com.br\/wp-content\/uploads\/cards\/JAslogan.png","@id":"https:\/\/www.jornalja.com.br\/arquivo\/o-dominio-do-rentismo-no-governo-temer\/#organizationLogo"},"image":{"@id":"https:\/\/www.jornalja.com.br\/arquivo\/o-dominio-do-rentismo-no-governo-temer\/#organizationLogo"}},{"@type":"Person","@id":"https:\/\/www.jornalja.com.br\/arquivo\/author\/daredacao\/#author","url":"https:\/\/www.jornalja.com.br\/arquivo\/author\/daredacao\/","name":"da Reda\u00e7\u00e3o","image":{"@type":"ImageObject","@id":"https:\/\/www.jornalja.com.br\/arquivo\/o-dominio-do-rentismo-no-governo-temer\/#authorImage","url":"https:\/\/secure.gravatar.com\/avatar\/469fd857d6605ad19919d27ed29d35a968a25f6e8fd9318356bbb7f57aae9c65?s=96&d=mm&r=g","width":96,"height":96,"caption":"da Reda\u00e7\u00e3o"}},{"@type":"WebPage","@id":"https:\/\/www.jornalja.com.br\/arquivo\/o-dominio-do-rentismo-no-governo-temer\/#webpage","url":"https:\/\/www.jornalja.com.br\/arquivo\/o-dominio-do-rentismo-no-governo-temer\/","name":"O dom\u00ednio do rentismo no governo Temer | Arquivo","inLanguage":"pt-BR","isPartOf":{"@id":"https:\/\/www.jornalja.com.br\/arquivo\/#website"},"breadcrumb":{"@id":"https:\/\/www.jornalja.com.br\/arquivo\/o-dominio-do-rentismo-no-governo-temer\/#breadcrumblist"},"author":{"@id":"https:\/\/www.jornalja.com.br\/arquivo\/author\/daredacao\/#author"},"creator":{"@id":"https:\/\/www.jornalja.com.br\/arquivo\/author\/daredacao\/#author"},"image":{"@type":"ImageObject","url":39337,"@id":"https:\/\/www.jornalja.com.br\/arquivo\/o-dominio-do-rentismo-no-governo-temer\/#mainImage"},"primaryImageOfPage":{"@id":"https:\/\/www.jornalja.com.br\/arquivo\/o-dominio-do-rentismo-no-governo-temer\/#mainImage"},"datePublished":"2016-09-15T19:28:16-03:00","dateModified":"2016-09-15T19:28:16-03:00"},{"@type":"WebSite","@id":"https:\/\/www.jornalja.com.br\/arquivo\/#website","url":"https:\/\/www.jornalja.com.br\/arquivo\/","name":"Arquivo","description":"Jornal J\u00c1 | Porto Alegre","inLanguage":"pt-BR","publisher":{"@id":"https:\/\/www.jornalja.com.br\/arquivo\/#organization"}}]},"og:locale":"pt_BR","og:site_name":"Arquivo | Jornal J\u00c1 | Porto Alegre","og:type":"article","og:title":"O dom\u00ednio do rentismo no governo Temer | Arquivo","og:url":"https:\/\/www.jornalja.com.br\/arquivo\/o-dominio-do-rentismo-no-governo-temer\/","og:image":"https:\/\/www.jornalja.com.br\/wp-content\/uploads\/2016\/09\/1509-grafico1.jpg","og:image:secure_url":"https:\/\/www.jornalja.com.br\/wp-content\/uploads\/2016\/09\/1509-grafico1.jpg","article:published_time":"2016-09-15T22:28:16+00:00","article:modified_time":"2016-09-15T22:28:16+00:00","twitter:card":"summary","twitter:title":"O dom\u00ednio do rentismo no governo Temer | Arquivo","twitter:image":"https:\/\/www.jornalja.com.br\/economics\/wp-content\/uploads\/sites\/11\/2026\/08\/ja-folhaderosto-facebook.jpg"},"aioseo_meta_data":{"post_id":"39330","title":null,"description":null,"keywords":null,"keyphrases":null,"primary_term":null,"canonical_url":null,"og_title":null,"og_description":null,"og_object_type":"default","og_image_type":"default","og_image_url":null,"og_image_width":null,"og_image_height":null,"og_image_custom_url":null,"og_image_custom_fields":null,"og_video":null,"og_custom_url":null,"og_article_section":null,"og_article_tags":null,"twitter_use_og":false,"twitter_card":"default","twitter_image_type":"default","twitter_image_url":null,"twitter_image_custom_url":null,"twitter_image_custom_fields":null,"twitter_title":null,"twitter_description":null,"schema":{"blockGraphs":[],"customGraphs":[],"default":{"data":{"Article":[],"Course":[],"Dataset":[],"FAQPage":[],"Movie":[],"Person":[],"Product":[],"ProductReview":[],"Car":[],"Recipe":[],"Service":[],"SoftwareApplication":[],"WebPage":[]},"graphName":"","isEnabled":true},"graphs":[],"defaultGraph":"","defaultPostTypeGraph":""},"schema_type":null,"schema_type_options":null,"pillar_content":false,"robots_default":true,"robots_noindex":false,"robots_noarchive":false,"robots_nosnippet":false,"robots_nofollow":false,"robots_noimageindex":false,"robots_noodp":false,"robots_notranslate":false,"robots_max_snippet":null,"robots_max_videopreview":null,"robots_max_imagepreview":"large","priority":null,"frequency":null,"location":null,"local_seo":null,"breadcrumb_settings":null,"limit_modified_date":false,"ai":null,"created":"2020-12-20 20:50:37","updated":"2025-07-19 16:54:52","seo_analyzer_scan_date":null,"focus_keyword":null,"additional_keywords":null,"truseo_locale":null},"jetpack_sharing_enabled":true,"jetpack-related-posts":[{"id":14241,"url":"https:\/\/www.jornalja.com.br\/arquivo\/o-guaiba-nas-imagens-poeticas-de-achutti\/","url_meta":{"origin":39330,"position":0},"title":"O Gua\u00edba nas imagens po\u00e9ticas de Achutti","author":"da Reda\u00e7\u00e3o","date":"18 de junho de 2014","format":false,"excerpt":"Em \u201cO Gua\u00edba por Achutti\u201d \u2013 obra financiada via Minist\u00e9rio da Cultura, produ\u00e7\u00e3o executiva de Pedro Longhi, e Fl\u00e1vio Wild como designer \u2013, o fot\u00f3grafo revela a beleza e as mazelas de um espa\u00e7o aqu\u00e1tico de \u00e1guas sempre renovadas, cheio de hist\u00f3rias e lendas como as das cidades que foram\u2026","rel":"","context":"Em &quot;Cultura-Geral&quot;","block_context":{"text":"Cultura-Geral","link":"https:\/\/www.jornalja.com.br\/arquivo\/category\/materiasecundaria\/"},"img":{"alt_text":"","src":"","width":0,"height":0},"classes":[]},{"id":13128,"url":"https:\/\/www.jornalja.com.br\/arquivo\/maconha-terra-diz-que-uso-medicinal-e-desculpa\/","url_meta":{"origin":39330,"position":1},"title":"Maconha: Terra diz que uso medicinal \u00e9 desculpa","author":"Patr\u00edcia Marini","date":"4 de junho de 2014","format":false,"excerpt":"A condi\u00e7\u00e3o de pol\u00edtico, em \u00e9poca de campanha de campanha eleitoral, tira for\u00e7a do discurso do m\u00e9dico Osmar Terra contra a legaliza\u00e7\u00e3o da maconha. A tese dele de que a libera\u00e7\u00e3o vai ampliar exponencialmente o consumo \u00e9 discutivel, o consumo \u00e9 corrente. Mas seus alertas quanto aos riscos tem que\u2026","rel":"","context":"Em &quot;X.Categorias velhas&quot;","block_context":{"text":"X.Categorias velhas","link":"https:\/\/www.jornalja.com.br\/arquivo\/category\/x-categorias-velhas\/"},"img":{"alt_text":"","src":"","width":0,"height":0},"classes":[]},{"id":13101,"url":"https:\/\/www.jornalja.com.br\/arquivo\/morre-um-guerreiro-do-texto\/","url_meta":{"origin":39330,"position":2},"title":"Morre um guerreiro do texto","author":"Patr\u00edcia Marini","date":"14 de maio de 2014","format":false,"excerpt":"Por Ricardo Kotscho Reproduzido do blog do autor, 11\/5\/2014; t\u00edtulo original \u201cE l\u00e1 se foi o nosso Myltainho, guerreiro do texto\u201d. Mi\u00fado e franzino, meu amigo Myltainho era um valente e inconformado guerreiro na luta contra as injusti\u00e7as sociais, a hipocrisia, as maracutaias, o autoritarismo, a intoler\u00e2ncia, a viol\u00eancia, o\u2026","rel":"","context":"Em &quot;Geral&quot;","block_context":{"text":"Geral","link":"https:\/\/www.jornalja.com.br\/arquivo\/category\/geral\/"},"img":{"alt_text":"","src":"","width":0,"height":0},"classes":[]},{"id":13109,"url":"https:\/\/www.jornalja.com.br\/arquivo\/judiciario-reconhece-poluicao-eletromagnetica\/","url_meta":{"origin":39330,"position":3},"title":"Judici\u00e1rio reconhece polui\u00e7\u00e3o eletromagn\u00e9tica","author":"Patr\u00edcia Marini","date":"16 de maio de 2014","format":false,"excerpt":"A\u00e7\u00e3o de duas associa\u00e7\u00f5es de moradores foi acolhida pelo Tribunal de Justi\u00e7a de S\u00e3o Paulo que. em decis\u00e3o in\u00e9dita, determinou a redu\u00e7\u00e3o do campo eletromagn\u00e9tico gerado pelas linhas de transmiss\u00e3o de energia que cortam os bairros City Boa\u00e7ava e Alto de Pinheiros. \u00c9 a primeira vez que um tribunal do\u2026","rel":"","context":"Em &quot;X.Categorias velhas&quot;","block_context":{"text":"X.Categorias velhas","link":"https:\/\/www.jornalja.com.br\/arquivo\/category\/x-categorias-velhas\/"},"img":{"alt_text":"","src":"","width":0,"height":0},"classes":[]},{"id":12960,"url":"https:\/\/www.jornalja.com.br\/arquivo\/populacao-culpa-empresas-pela-greve-dos-rodoviarios\/","url_meta":{"origin":39330,"position":4},"title":"Popula\u00e7\u00e3o culpa empresas pela greve","author":"Patr\u00edcia Marini","date":"14 de fevereiro de 2014","format":false,"excerpt":"Pesquisa divulgada na edi\u00e7\u00e3o do jornal Metro desta sexta-feira,14, comprova o velho ditado: \u00e9 poss\u00edvel enganar muitos por algum tempo, mas n\u00e3o \u00e9 poss\u00edvel enganar a todos o tempo inteiro. A principal revela\u00e7\u00e3o foi que 59,8% dos entrevistados apontaram as empresas como as principais respons\u00e1veis pela grave e 46% culparam\u2026","rel":"","context":"Em &quot;X.Categorias velhas&quot;","block_context":{"text":"X.Categorias velhas","link":"https:\/\/www.jornalja.com.br\/arquivo\/category\/x-categorias-velhas\/"},"img":{"alt_text":"","src":"","width":0,"height":0},"classes":[]},{"id":13124,"url":"https:\/\/www.jornalja.com.br\/arquivo\/sangue-latino-no-iecine\/","url_meta":{"origin":39330,"position":5},"title":"Sangue latino no IECINE","author":"da Reda\u00e7\u00e3o","date":"18 de maio de 2014","format":false,"excerpt":"Francisco Ribeiro O Instituto Estadual de Cinema (IECINE) tem a frente, desde abril \u00faltimo, um novo diretor, o cineasta colombiano Juan Zapata, 36, que substitui Luiz Alberto Cassol. Radicado h\u00e1 dez anos em Porto Alegre, Zapata tem diante de si o desafio de conduzir at\u00e9 o final do ano um\u2026","rel":"","context":"Em &quot;Cultura-Geral&quot;","block_context":{"text":"Cultura-Geral","link":"https:\/\/www.jornalja.com.br\/arquivo\/category\/materiasecundaria\/"},"img":{"alt_text":"","src":"","width":0,"height":0},"classes":[]}],"jetpack_shortlink":"https:\/\/wp.me\/pbQjBd-aem","jetpack_featured_media_url":"","_links":{"self":[{"href":"https:\/\/www.jornalja.com.br\/arquivo\/wp-json\/wp\/v2\/posts\/39330","targetHints":{"allow":["GET"]}}],"collection":[{"href":"https:\/\/www.jornalja.com.br\/arquivo\/wp-json\/wp\/v2\/posts"}],"about":[{"href":"https:\/\/www.jornalja.com.br\/arquivo\/wp-json\/wp\/v2\/types\/post"}],"author":[{"embeddable":true,"href":"https:\/\/www.jornalja.com.br\/arquivo\/wp-json\/wp\/v2\/users\/4"}],"replies":[{"embeddable":true,"href":"https:\/\/www.jornalja.com.br\/arquivo\/wp-json\/wp\/v2\/comments?post=39330"}],"version-history":[{"count":0,"href":"https:\/\/www.jornalja.com.br\/arquivo\/wp-json\/wp\/v2\/posts\/39330\/revisions"}],"wp:attachment":[{"href":"https:\/\/www.jornalja.com.br\/arquivo\/wp-json\/wp\/v2\/media?parent=39330"}],"wp:term":[{"taxonomy":"category","embeddable":true,"href":"https:\/\/www.jornalja.com.br\/arquivo\/wp-json\/wp\/v2\/categories?post=39330"},{"taxonomy":"post_tag","embeddable":true,"href":"https:\/\/www.jornalja.com.br\/arquivo\/wp-json\/wp\/v2\/tags?post=39330"}],"curies":[{"name":"wp","href":"https:\/\/api.w.org\/{rel}","templated":true}]}}