{"id":39338,"date":"2016-09-15T19:42:32","date_gmt":"2016-09-15T22:42:32","guid":{"rendered":"https:\/\/www.jornalja.com.br\/?p=39338"},"modified":"2016-09-15T19:42:32","modified_gmt":"2016-09-15T22:42:32","slug":"estratificacao-do-imposto-de-renda-por-faixas-de-salarios-minimos","status":"publish","type":"post","link":"https:\/\/www.jornalja.com.br\/arquivo\/estratificacao-do-imposto-de-renda-por-faixas-de-salarios-minimos\/","title":{"rendered":"Estratifica\u00e7\u00e3o do imposto de renda por faixas de sal\u00e1rios m\u00ednimos"},"content":{"rendered":"<p><strong>R\u00f3ber Iturriet Avila<\/strong><br \/>\n<em>Pesquisador em Economia da FEE<\/em><br \/>\n<strong>Jo\u00e3o Batista Santos Concei\u00e7\u00e3o<br \/>\n<\/strong><em>Bolsista FAPERGS\/FEE<\/em><br \/>\nDesde as primeiras sistematiza\u00e7\u00f5es mais acuradas sobre o funcionamento da economia, ainda no s\u00e9culo XVIII, preconiza-se que os tributos devem ser proporcionais \u00e0 renda dos indiv\u00edduos. Naquela mesma \u00e9poca, ministros de Estado que propunham tal configura\u00e7\u00e3o eram desalojados de seus postos por for\u00e7as refrat\u00e1rias a essa perspectiva, como ocorreu com Anne Robert Jacques Turgot.<br \/>\nNo Brasil Imp\u00e9rio, houve a primeira experi\u00eancia de um imposto sobre a renda dos brasileiros. As al\u00edquotas progressivas variavam entre 2% e 10% sobre os rendimentos dos servidores p\u00fablicos. Somente em 1922, ap\u00f3s amplos debates, a proposta de um real e definitivo imposto sobre a renda foi aprovada no Congresso Nacional, passando a vigorar em 1923 (BRASIL, 2016).<br \/>\nO imposto de renda brasileiro nasceu com al\u00edquotas progressivas relativamente baixas, uma m\u00ednima de 0,5% e uma m\u00e1xima de 8%. Como em outros pa\u00edses, houve um processo de amplia\u00e7\u00e3o da quantidade de al\u00edquotas e eleva\u00e7\u00e3o dessas \u00e0 medida que mais servi\u00e7os foram absorvidos pelos Estados nacionais e regionais. Em 1961, o ent\u00e3o Presidente J\u00e2nio Quadros modificou a al\u00edquota m\u00e1xima de 50% para 60% dos rendimentos. Um ano depois, j\u00e1 no governo de Jo\u00e3o Goulart, a al\u00edquota m\u00e1xima subiu para 65%, alcan\u00e7ando o maior percentual hist\u00f3rico. O tributo contava com 14 faixas de al\u00edquotas progressivas, as quais iniciavam em 3%.<br \/>\nNos governos militares ocorreu o primeiro aceno para a estagna\u00e7\u00e3o e, posteriormente, para a redu\u00e7\u00e3o da progressividade tribut\u00e1ria. Uma das medidas desses governos foi a diminui\u00e7\u00e3o da al\u00edquota m\u00e1xima do imposto de renda concernente \u00e0s pessoas f\u00edsicas para 55% e depois para 50% dos rendimentos. Outra atitude tomada foi a redu\u00e7\u00e3o de 14 para 12 faixas de rendas tributadas, n\u00famero que permaneceu durante a maior parte do regime militar.<br \/>\nA partir da \u00e9gide da liberaliza\u00e7\u00e3o financeira, na d\u00e9cada de 80, assentou-se a concep\u00e7\u00e3o de que a renda deveria ser tributada linearmente, ao passo que o capital deveria ser desonerado para atrair fluxos de investimentos. Tais transforma\u00e7\u00f5es fizeram os impostos sobre a renda e sobre o capital ca\u00edrem drasticamente.<br \/>\nA Constitui\u00e7\u00e3o de 1988 ampliou o <strong>Estado Social<\/strong>, mas as transforma\u00e7\u00f5es, do ponto de vista da arrecada\u00e7\u00e3o, foram regressivas. Uma das primeiras mudan\u00e7as foi a redu\u00e7\u00e3o de oito para duas faixas de imposto de renda. J\u00e1 a al\u00edquota m\u00e1xima saiu de 45% para 25%.<br \/>\nAntes de 1995, o Pa\u00eds tributava os dividendos de forma linear e exclusivamente na fonte, com uma al\u00edquota de 15%, independentemente do seu volume. Em 1996, com a aprova\u00e7\u00e3o da Lei n.\u00ba 9.249, a distribui\u00e7\u00e3o dos lucros e dos dividendos \u00e0s pessoas f\u00edsicas passaram a ser isentas.<br \/>\nA divulga\u00e7\u00e3o dos dados de imposto de renda ocorrida recentemente tornou fact\u00edvel a mensura\u00e7\u00e3o das disparidades geradas pelo tratamento diferenciado dos rendimentos. Na medida em que os dividendos s\u00e3o isentos de impostos, os segmentos de renda mais elevados da sociedade contribuem proporcionalmente menos ao er\u00e1rio. O gr\u00e1fico explicita que a base de rendimentos tribut\u00e1veis de 2013 passa a cair para os indiv\u00edduos que receberam mais do que tr\u00eas sal\u00e1rios m\u00ednimos. Inversamente, os rendimentos isentos passam a se elevar a partir dessa faixa. O pico de isen\u00e7\u00e3o de rendimentos em rela\u00e7\u00e3o \u00e0 renda \u00e9 para quem recebeu entre 240 e 320 sal\u00e1rios m\u00ednimos (R$ 162.720,00 e R$ 216.960,00). Ficaram imunes de impostos 68,81% das receitas desses indiv\u00edduos.<br \/>\nComo consequ\u00eancia, o imposto devido em rela\u00e7\u00e3o \u00e0 renda cresce at\u00e9 a faixa de quem recebe de 30 a 40 sal\u00e1rios m\u00ednimos e depois passa a recuar, conforme explicitado tamb\u00e9m no gr\u00e1fico. Os rendimentos isentos de 2013 alcan\u00e7aram R$ 636,39 bilh\u00f5es, sendo R$ 231,30 bilh\u00f5es referentes a lucros e dividendos distribu\u00eddos, enquanto o imposto devido total de todos os declarantes foi de R$ 115,24 bilh\u00f5es, ou seja, abaixo do valor dos rendimentos isentos. Cabe destacar que as isen\u00e7\u00f5es de dividendos beneficiaram 2,1 milh\u00f5es de pessoas, dentre elas as 20,9 mil mais ricas do Brasil (0,01%), que possuem patrim\u00f4nio m\u00e9dio de R$ 40 milh\u00f5es e que pagaram de imposto 1,56% de sua renda total.<br \/>\nChama aten\u00e7\u00e3o tamb\u00e9m, nas declara\u00e7\u00f5es de imposto de renda, o volume de subs\u00eddio existente em rela\u00e7\u00e3o aos gastos privados com sa\u00fade e educa\u00e7\u00e3o. No mesmo ano em an\u00e1lise, as despesas declaradas chegaram a R$ 69,35 bilh\u00f5es, 60,18% do imposto devido total, ponderando-se que a dedu\u00e7\u00e3o n\u00e3o \u00e9 integral. Adicionalmente, verifica-se que as al\u00edquotas de imposto brasileiras s\u00e3o relativamente menores, seja na compara\u00e7\u00e3o com os pa\u00edses desenvolvidos, seja com os demais pa\u00edses da Am\u00e9rica Latina, conforme exposto na <a href=\"http:\/\/carta.fee.tche.br\/article\/estrutura-tributaria-um-comparativo-internacional\/\" target=\"_blank\" rel=\"noopener noreferrer\"><strong>Carta de Conjuntura FEE<\/strong><\/a> de maio de 2015.<br \/>\nCom a estratifica\u00e7\u00e3o da contribui\u00e7\u00e3o de imposto de renda por faixas de sal\u00e1rio m\u00ednimo, fica expl\u00edcito que as altera\u00e7\u00f5es na legisla\u00e7\u00e3o tribut\u00e1ria auxiliam a consolidar um quadro de elevada concentra\u00e7\u00e3o de renda, com destaque para a isen\u00e7\u00e3o de impostos sobre os lucros e dividendos e para o subs\u00eddio que o Estado concede aos gastos privados em sa\u00fade e educa\u00e7\u00e3o \u00e0s fam\u00edlias mais ricas do Pa\u00eds.<br \/>\n<img loading=\"lazy\" decoding=\"async\" class=\"alignnone size-full wp-image-39339\" src=\"https:\/\/www.jornalja.com.br\/wp-content\/uploads\/2016\/09\/1509rober-graf1.jpg\" alt=\"1509rober-graf1\" width=\"725\" height=\"740\" \/><\/p>\n","protected":false},"excerpt":{"rendered":"<p>R\u00f3ber Iturriet Avila Pesquisador em Economia da FEE Jo\u00e3o Batista Santos Concei\u00e7\u00e3o Bolsista FAPERGS\/FEE Desde as primeiras sistematiza\u00e7\u00f5es mais acuradas sobre o funcionamento da economia, ainda no s\u00e9culo XVIII, preconiza-se que os tributos devem ser proporcionais \u00e0 renda dos indiv\u00edduos. Naquela mesma \u00e9poca, ministros de Estado que propunham tal configura\u00e7\u00e3o eram desalojados de seus postos [&hellip;]<\/p>\n","protected":false},"author":4,"featured_media":39340,"comment_status":"open","ping_status":"closed","sticky":false,"template":"","format":"standard","meta":{"_jetpack_newsletter_access":"","_jetpack_dont_email_post_to_subs":false,"_jetpack_newsletter_tier_id":0,"_jetpack_memberships_contains_paywalled_content":false,"_jetpack_feature_clip_id":0,"_jetpack_memberships_contains_paid_content":false,"footnotes":"","jetpack_post_was_ever_published":false},"categories":[2011,2012],"tags":[],"class_list":["post-39338","post","type-post","status-publish","format-standard","has-post-thumbnail","hentry","category-destaque","category-debates"],"aioseo_notices":[],"aioseo_head":"\n\t\t<!-- All in One SEO 5.0.1.1 - aioseo.com -->\n\t<meta name=\"robots\" content=\"max-image-preview:large\" \/>\n\t<meta name=\"author\" content=\"da Reda\u00e7\u00e3o\"\/>\n\t<link rel=\"canonical\" href=\"https:\/\/www.jornalja.com.br\/arquivo\/estratificacao-do-imposto-de-renda-por-faixas-de-salarios-minimos\/\" \/>\n\t<meta name=\"generator\" content=\"All in One SEO (AIOSEO) 5.0.1.1\" \/>\n\t\t<meta property=\"og:locale\" content=\"pt_BR\" \/>\n\t\t<meta property=\"og:site_name\" content=\"Arquivo | Jornal J\u00c1 | Porto Alegre\" \/>\n\t\t<meta property=\"og:type\" content=\"article\" \/>\n\t\t<meta property=\"og:title\" content=\"Estratifica\u00e7\u00e3o do imposto de renda por faixas de sal\u00e1rios m\u00ednimos | Arquivo\" \/>\n\t\t<meta property=\"og:url\" content=\"https:\/\/www.jornalja.com.br\/arquivo\/estratificacao-do-imposto-de-renda-por-faixas-de-salarios-minimos\/\" \/>\n\t\t<meta property=\"og:image\" content=\"https:\/\/www.jornalja.com.br\/wp-content\/uploads\/2016\/09\/1509rober-graf1.jpg\" \/>\n\t\t<meta property=\"og:image:secure_url\" content=\"https:\/\/www.jornalja.com.br\/wp-content\/uploads\/2016\/09\/1509rober-graf1.jpg\" \/>\n\t\t<meta property=\"article:published_time\" content=\"2016-09-15T22:42:32+00:00\" \/>\n\t\t<meta property=\"article:modified_time\" content=\"2016-09-15T22:42:32+00:00\" \/>\n\t\t<meta name=\"twitter:card\" content=\"summary\" \/>\n\t\t<meta name=\"twitter:title\" content=\"Estratifica\u00e7\u00e3o do imposto de renda por faixas de sal\u00e1rios m\u00ednimos | Arquivo\" \/>\n\t\t<meta name=\"twitter:image\" content=\"https:\/\/www.jornalja.com.br\/economics\/wp-content\/uploads\/sites\/11\/2026\/08\/ja-folhaderosto-facebook.jpg\" \/>\n\t\t<script type=\"application\/ld+json\" class=\"aioseo-schema\">\n\t\t\t{\"@context\":\"https:\\\/\\\/schema.org\",\"@graph\":[{\"@type\":\"BlogPosting\",\"@id\":\"https:\\\/\\\/www.jornalja.com.br\\\/arquivo\\\/estratificacao-do-imposto-de-renda-por-faixas-de-salarios-minimos\\\/#blogposting\",\"name\":\"Estratifica\\u00e7\\u00e3o do imposto de renda por faixas de sal\\u00e1rios m\\u00ednimos | Arquivo\",\"headline\":\"Estratifica\\u00e7\\u00e3o do imposto de renda por faixas de sal\\u00e1rios m\\u00ednimos\",\"author\":{\"@id\":\"https:\\\/\\\/www.jornalja.com.br\\\/arquivo\\\/author\\\/daredacao\\\/#author\"},\"publisher\":{\"@id\":\"https:\\\/\\\/www.jornalja.com.br\\\/arquivo\\\/#organization\"},\"image\":{\"@type\":\"ImageObject\",\"url\":39340},\"datePublished\":\"2016-09-15T19:42:32-03:00\",\"dateModified\":\"2016-09-15T19:42:32-03:00\",\"inLanguage\":\"pt-BR\",\"mainEntityOfPage\":{\"@id\":\"https:\\\/\\\/www.jornalja.com.br\\\/arquivo\\\/estratificacao-do-imposto-de-renda-por-faixas-de-salarios-minimos\\\/#webpage\"},\"isPartOf\":{\"@id\":\"https:\\\/\\\/www.jornalja.com.br\\\/arquivo\\\/estratificacao-do-imposto-de-renda-por-faixas-de-salarios-minimos\\\/#webpage\"},\"articleSection\":\"CDD-artigo em destaque, HOTSITE Comit\\u00ea pela Democracia\"},{\"@type\":\"BreadcrumbList\",\"@id\":\"https:\\\/\\\/www.jornalja.com.br\\\/arquivo\\\/estratificacao-do-imposto-de-renda-por-faixas-de-salarios-minimos\\\/#breadcrumblist\",\"itemListElement\":[{\"@type\":\"ListItem\",\"@id\":\"https:\\\/\\\/www.jornalja.com.br\\\/arquivo#listItem\",\"position\":1,\"name\":\"Home\",\"item\":\"https:\\\/\\\/www.jornalja.com.br\\\/arquivo\",\"nextItem\":{\"@type\":\"ListItem\",\"@id\":\"https:\\\/\\\/www.jornalja.com.br\\\/arquivo\\\/category\\\/destaque\\\/#listItem\",\"name\":\"CDD-artigo em destaque\"}},{\"@type\":\"ListItem\",\"@id\":\"https:\\\/\\\/www.jornalja.com.br\\\/arquivo\\\/category\\\/destaque\\\/#listItem\",\"position\":2,\"name\":\"CDD-artigo em destaque\",\"item\":\"https:\\\/\\\/www.jornalja.com.br\\\/arquivo\\\/category\\\/destaque\\\/\",\"nextItem\":{\"@type\":\"ListItem\",\"@id\":\"https:\\\/\\\/www.jornalja.com.br\\\/arquivo\\\/estratificacao-do-imposto-de-renda-por-faixas-de-salarios-minimos\\\/#listItem\",\"name\":\"Estratifica\\u00e7\\u00e3o do imposto de renda por faixas de sal\\u00e1rios m\\u00ednimos\"},\"previousItem\":{\"@type\":\"ListItem\",\"@id\":\"https:\\\/\\\/www.jornalja.com.br\\\/arquivo#listItem\",\"name\":\"Home\"}},{\"@type\":\"ListItem\",\"@id\":\"https:\\\/\\\/www.jornalja.com.br\\\/arquivo\\\/estratificacao-do-imposto-de-renda-por-faixas-de-salarios-minimos\\\/#listItem\",\"position\":3,\"name\":\"Estratifica\\u00e7\\u00e3o do imposto de renda por faixas de sal\\u00e1rios m\\u00ednimos\",\"previousItem\":{\"@type\":\"ListItem\",\"@id\":\"https:\\\/\\\/www.jornalja.com.br\\\/arquivo\\\/category\\\/destaque\\\/#listItem\",\"name\":\"CDD-artigo em destaque\"}}]},{\"@type\":\"Organization\",\"@id\":\"https:\\\/\\\/www.jornalja.com.br\\\/arquivo\\\/#organization\",\"name\":\"Jornal J\\u00c1\",\"description\":\"Jornal J\\u00c1 | Porto Alegre\",\"url\":\"https:\\\/\\\/www.jornalja.com.br\\\/arquivo\\\/\",\"telephone\":\"+555133307272\",\"logo\":{\"@type\":\"ImageObject\",\"url\":\"https:\\\/\\\/www.jornalja.com.br\\\/wp-content\\\/uploads\\\/cards\\\/JAslogan.png\",\"@id\":\"https:\\\/\\\/www.jornalja.com.br\\\/arquivo\\\/estratificacao-do-imposto-de-renda-por-faixas-de-salarios-minimos\\\/#organizationLogo\"},\"image\":{\"@id\":\"https:\\\/\\\/www.jornalja.com.br\\\/arquivo\\\/estratificacao-do-imposto-de-renda-por-faixas-de-salarios-minimos\\\/#organizationLogo\"}},{\"@type\":\"Person\",\"@id\":\"https:\\\/\\\/www.jornalja.com.br\\\/arquivo\\\/author\\\/daredacao\\\/#author\",\"url\":\"https:\\\/\\\/www.jornalja.com.br\\\/arquivo\\\/author\\\/daredacao\\\/\",\"name\":\"da Reda\\u00e7\\u00e3o\",\"image\":{\"@type\":\"ImageObject\",\"@id\":\"https:\\\/\\\/www.jornalja.com.br\\\/arquivo\\\/estratificacao-do-imposto-de-renda-por-faixas-de-salarios-minimos\\\/#authorImage\",\"url\":\"https:\\\/\\\/secure.gravatar.com\\\/avatar\\\/469fd857d6605ad19919d27ed29d35a968a25f6e8fd9318356bbb7f57aae9c65?s=96&d=mm&r=g\",\"width\":96,\"height\":96,\"caption\":\"da Reda\\u00e7\\u00e3o\"}},{\"@type\":\"WebPage\",\"@id\":\"https:\\\/\\\/www.jornalja.com.br\\\/arquivo\\\/estratificacao-do-imposto-de-renda-por-faixas-de-salarios-minimos\\\/#webpage\",\"url\":\"https:\\\/\\\/www.jornalja.com.br\\\/arquivo\\\/estratificacao-do-imposto-de-renda-por-faixas-de-salarios-minimos\\\/\",\"name\":\"Estratifica\\u00e7\\u00e3o do imposto de renda por faixas de sal\\u00e1rios m\\u00ednimos | Arquivo\",\"inLanguage\":\"pt-BR\",\"isPartOf\":{\"@id\":\"https:\\\/\\\/www.jornalja.com.br\\\/arquivo\\\/#website\"},\"breadcrumb\":{\"@id\":\"https:\\\/\\\/www.jornalja.com.br\\\/arquivo\\\/estratificacao-do-imposto-de-renda-por-faixas-de-salarios-minimos\\\/#breadcrumblist\"},\"author\":{\"@id\":\"https:\\\/\\\/www.jornalja.com.br\\\/arquivo\\\/author\\\/daredacao\\\/#author\"},\"creator\":{\"@id\":\"https:\\\/\\\/www.jornalja.com.br\\\/arquivo\\\/author\\\/daredacao\\\/#author\"},\"image\":{\"@type\":\"ImageObject\",\"url\":39340,\"@id\":\"https:\\\/\\\/www.jornalja.com.br\\\/arquivo\\\/estratificacao-do-imposto-de-renda-por-faixas-de-salarios-minimos\\\/#mainImage\"},\"primaryImageOfPage\":{\"@id\":\"https:\\\/\\\/www.jornalja.com.br\\\/arquivo\\\/estratificacao-do-imposto-de-renda-por-faixas-de-salarios-minimos\\\/#mainImage\"},\"datePublished\":\"2016-09-15T19:42:32-03:00\",\"dateModified\":\"2016-09-15T19:42:32-03:00\"},{\"@type\":\"WebSite\",\"@id\":\"https:\\\/\\\/www.jornalja.com.br\\\/arquivo\\\/#website\",\"url\":\"https:\\\/\\\/www.jornalja.com.br\\\/arquivo\\\/\",\"name\":\"Arquivo\",\"description\":\"Jornal J\\u00c1 | Porto Alegre\",\"inLanguage\":\"pt-BR\",\"publisher\":{\"@id\":\"https:\\\/\\\/www.jornalja.com.br\\\/arquivo\\\/#organization\"}}]}\n\t\t<\/script>\n\t\t<!-- All in One SEO -->\n\n","aioseo_head_json":{"title":"Estratifica\u00e7\u00e3o do imposto de renda por faixas de sal\u00e1rios m\u00ednimos | Arquivo","description":"","canonical_url":"https:\/\/www.jornalja.com.br\/arquivo\/estratificacao-do-imposto-de-renda-por-faixas-de-salarios-minimos\/","robots":"max-image-preview:large","keywords":"","webmasterTools":{"miscellaneous":""},"schema":{"@context":"https:\/\/schema.org","@graph":[{"@type":"BlogPosting","@id":"https:\/\/www.jornalja.com.br\/arquivo\/estratificacao-do-imposto-de-renda-por-faixas-de-salarios-minimos\/#blogposting","name":"Estratifica\u00e7\u00e3o do imposto de renda por faixas de sal\u00e1rios m\u00ednimos | Arquivo","headline":"Estratifica\u00e7\u00e3o do imposto de renda por faixas de sal\u00e1rios m\u00ednimos","author":{"@id":"https:\/\/www.jornalja.com.br\/arquivo\/author\/daredacao\/#author"},"publisher":{"@id":"https:\/\/www.jornalja.com.br\/arquivo\/#organization"},"image":{"@type":"ImageObject","url":39340},"datePublished":"2016-09-15T19:42:32-03:00","dateModified":"2016-09-15T19:42:32-03:00","inLanguage":"pt-BR","mainEntityOfPage":{"@id":"https:\/\/www.jornalja.com.br\/arquivo\/estratificacao-do-imposto-de-renda-por-faixas-de-salarios-minimos\/#webpage"},"isPartOf":{"@id":"https:\/\/www.jornalja.com.br\/arquivo\/estratificacao-do-imposto-de-renda-por-faixas-de-salarios-minimos\/#webpage"},"articleSection":"CDD-artigo em destaque, HOTSITE Comit\u00ea pela Democracia"},{"@type":"BreadcrumbList","@id":"https:\/\/www.jornalja.com.br\/arquivo\/estratificacao-do-imposto-de-renda-por-faixas-de-salarios-minimos\/#breadcrumblist","itemListElement":[{"@type":"ListItem","@id":"https:\/\/www.jornalja.com.br\/arquivo#listItem","position":1,"name":"Home","item":"https:\/\/www.jornalja.com.br\/arquivo","nextItem":{"@type":"ListItem","@id":"https:\/\/www.jornalja.com.br\/arquivo\/category\/destaque\/#listItem","name":"CDD-artigo em destaque"}},{"@type":"ListItem","@id":"https:\/\/www.jornalja.com.br\/arquivo\/category\/destaque\/#listItem","position":2,"name":"CDD-artigo em destaque","item":"https:\/\/www.jornalja.com.br\/arquivo\/category\/destaque\/","nextItem":{"@type":"ListItem","@id":"https:\/\/www.jornalja.com.br\/arquivo\/estratificacao-do-imposto-de-renda-por-faixas-de-salarios-minimos\/#listItem","name":"Estratifica\u00e7\u00e3o do imposto de renda por faixas de sal\u00e1rios m\u00ednimos"},"previousItem":{"@type":"ListItem","@id":"https:\/\/www.jornalja.com.br\/arquivo#listItem","name":"Home"}},{"@type":"ListItem","@id":"https:\/\/www.jornalja.com.br\/arquivo\/estratificacao-do-imposto-de-renda-por-faixas-de-salarios-minimos\/#listItem","position":3,"name":"Estratifica\u00e7\u00e3o do imposto de renda por faixas de sal\u00e1rios m\u00ednimos","previousItem":{"@type":"ListItem","@id":"https:\/\/www.jornalja.com.br\/arquivo\/category\/destaque\/#listItem","name":"CDD-artigo em destaque"}}]},{"@type":"Organization","@id":"https:\/\/www.jornalja.com.br\/arquivo\/#organization","name":"Jornal J\u00c1","description":"Jornal J\u00c1 | Porto Alegre","url":"https:\/\/www.jornalja.com.br\/arquivo\/","telephone":"+555133307272","logo":{"@type":"ImageObject","url":"https:\/\/www.jornalja.com.br\/wp-content\/uploads\/cards\/JAslogan.png","@id":"https:\/\/www.jornalja.com.br\/arquivo\/estratificacao-do-imposto-de-renda-por-faixas-de-salarios-minimos\/#organizationLogo"},"image":{"@id":"https:\/\/www.jornalja.com.br\/arquivo\/estratificacao-do-imposto-de-renda-por-faixas-de-salarios-minimos\/#organizationLogo"}},{"@type":"Person","@id":"https:\/\/www.jornalja.com.br\/arquivo\/author\/daredacao\/#author","url":"https:\/\/www.jornalja.com.br\/arquivo\/author\/daredacao\/","name":"da Reda\u00e7\u00e3o","image":{"@type":"ImageObject","@id":"https:\/\/www.jornalja.com.br\/arquivo\/estratificacao-do-imposto-de-renda-por-faixas-de-salarios-minimos\/#authorImage","url":"https:\/\/secure.gravatar.com\/avatar\/469fd857d6605ad19919d27ed29d35a968a25f6e8fd9318356bbb7f57aae9c65?s=96&d=mm&r=g","width":96,"height":96,"caption":"da Reda\u00e7\u00e3o"}},{"@type":"WebPage","@id":"https:\/\/www.jornalja.com.br\/arquivo\/estratificacao-do-imposto-de-renda-por-faixas-de-salarios-minimos\/#webpage","url":"https:\/\/www.jornalja.com.br\/arquivo\/estratificacao-do-imposto-de-renda-por-faixas-de-salarios-minimos\/","name":"Estratifica\u00e7\u00e3o do imposto de renda por faixas de sal\u00e1rios m\u00ednimos | Arquivo","inLanguage":"pt-BR","isPartOf":{"@id":"https:\/\/www.jornalja.com.br\/arquivo\/#website"},"breadcrumb":{"@id":"https:\/\/www.jornalja.com.br\/arquivo\/estratificacao-do-imposto-de-renda-por-faixas-de-salarios-minimos\/#breadcrumblist"},"author":{"@id":"https:\/\/www.jornalja.com.br\/arquivo\/author\/daredacao\/#author"},"creator":{"@id":"https:\/\/www.jornalja.com.br\/arquivo\/author\/daredacao\/#author"},"image":{"@type":"ImageObject","url":39340,"@id":"https:\/\/www.jornalja.com.br\/arquivo\/estratificacao-do-imposto-de-renda-por-faixas-de-salarios-minimos\/#mainImage"},"primaryImageOfPage":{"@id":"https:\/\/www.jornalja.com.br\/arquivo\/estratificacao-do-imposto-de-renda-por-faixas-de-salarios-minimos\/#mainImage"},"datePublished":"2016-09-15T19:42:32-03:00","dateModified":"2016-09-15T19:42:32-03:00"},{"@type":"WebSite","@id":"https:\/\/www.jornalja.com.br\/arquivo\/#website","url":"https:\/\/www.jornalja.com.br\/arquivo\/","name":"Arquivo","description":"Jornal J\u00c1 | Porto Alegre","inLanguage":"pt-BR","publisher":{"@id":"https:\/\/www.jornalja.com.br\/arquivo\/#organization"}}]},"og:locale":"pt_BR","og:site_name":"Arquivo | Jornal J\u00c1 | Porto Alegre","og:type":"article","og:title":"Estratifica\u00e7\u00e3o do imposto de renda por faixas de sal\u00e1rios m\u00ednimos | Arquivo","og:url":"https:\/\/www.jornalja.com.br\/arquivo\/estratificacao-do-imposto-de-renda-por-faixas-de-salarios-minimos\/","og:image":"https:\/\/www.jornalja.com.br\/wp-content\/uploads\/2016\/09\/1509rober-graf1.jpg","og:image:secure_url":"https:\/\/www.jornalja.com.br\/wp-content\/uploads\/2016\/09\/1509rober-graf1.jpg","article:published_time":"2016-09-15T22:42:32+00:00","article:modified_time":"2016-09-15T22:42:32+00:00","twitter:card":"summary","twitter:title":"Estratifica\u00e7\u00e3o do imposto de renda por faixas de sal\u00e1rios m\u00ednimos | Arquivo","twitter:image":"https:\/\/www.jornalja.com.br\/economics\/wp-content\/uploads\/sites\/11\/2026\/08\/ja-folhaderosto-facebook.jpg"},"aioseo_meta_data":{"post_id":"39338","title":null,"description":null,"keywords":null,"keyphrases":null,"primary_term":null,"canonical_url":null,"og_title":null,"og_description":null,"og_object_type":"default","og_image_type":"default","og_image_url":null,"og_image_width":null,"og_image_height":null,"og_image_custom_url":null,"og_image_custom_fields":null,"og_video":null,"og_custom_url":null,"og_article_section":null,"og_article_tags":null,"twitter_use_og":false,"twitter_card":"default","twitter_image_type":"default","twitter_image_url":null,"twitter_image_custom_url":null,"twitter_image_custom_fields":null,"twitter_title":null,"twitter_description":null,"schema":{"blockGraphs":[],"customGraphs":[],"default":{"data":{"Article":[],"Course":[],"Dataset":[],"FAQPage":[],"Movie":[],"Person":[],"Product":[],"ProductReview":[],"Car":[],"Recipe":[],"Service":[],"SoftwareApplication":[],"WebPage":[]},"graphName":"","isEnabled":true},"graphs":[],"defaultGraph":"","defaultPostTypeGraph":""},"schema_type":null,"schema_type_options":null,"pillar_content":false,"robots_default":true,"robots_noindex":false,"robots_noarchive":false,"robots_nosnippet":false,"robots_nofollow":false,"robots_noimageindex":false,"robots_noodp":false,"robots_notranslate":false,"robots_max_snippet":null,"robots_max_videopreview":null,"robots_max_imagepreview":"large","priority":null,"frequency":null,"location":null,"local_seo":null,"breadcrumb_settings":null,"limit_modified_date":false,"ai":null,"created":"2020-12-20 20:50:37","updated":"2025-07-19 16:54:52","seo_analyzer_scan_date":null,"focus_keyword":null,"additional_keywords":null,"truseo_locale":null},"jetpack_sharing_enabled":true,"jetpack-related-posts":[{"id":13101,"url":"https:\/\/www.jornalja.com.br\/arquivo\/morre-um-guerreiro-do-texto\/","url_meta":{"origin":39338,"position":0},"title":"Morre um guerreiro do texto","author":"Patr\u00edcia Marini","date":"14 de maio de 2014","format":false,"excerpt":"Por Ricardo Kotscho Reproduzido do blog do autor, 11\/5\/2014; t\u00edtulo original \u201cE l\u00e1 se foi o nosso Myltainho, guerreiro do texto\u201d. Mi\u00fado e franzino, meu amigo Myltainho era um valente e inconformado guerreiro na luta contra as injusti\u00e7as sociais, a hipocrisia, as maracutaias, o autoritarismo, a intoler\u00e2ncia, a viol\u00eancia, o\u2026","rel":"","context":"Em &quot;Geral&quot;","block_context":{"text":"Geral","link":"https:\/\/www.jornalja.com.br\/arquivo\/category\/geral\/"},"img":{"alt_text":"","src":"","width":0,"height":0},"classes":[]},{"id":13109,"url":"https:\/\/www.jornalja.com.br\/arquivo\/judiciario-reconhece-poluicao-eletromagnetica\/","url_meta":{"origin":39338,"position":1},"title":"Judici\u00e1rio reconhece polui\u00e7\u00e3o eletromagn\u00e9tica","author":"Patr\u00edcia Marini","date":"16 de maio de 2014","format":false,"excerpt":"A\u00e7\u00e3o de duas associa\u00e7\u00f5es de moradores foi acolhida pelo Tribunal de Justi\u00e7a de S\u00e3o Paulo que. em decis\u00e3o in\u00e9dita, determinou a redu\u00e7\u00e3o do campo eletromagn\u00e9tico gerado pelas linhas de transmiss\u00e3o de energia que cortam os bairros City Boa\u00e7ava e Alto de Pinheiros. \u00c9 a primeira vez que um tribunal do\u2026","rel":"","context":"Em &quot;X.Categorias velhas&quot;","block_context":{"text":"X.Categorias velhas","link":"https:\/\/www.jornalja.com.br\/arquivo\/category\/x-categorias-velhas\/"},"img":{"alt_text":"","src":"","width":0,"height":0},"classes":[]},{"id":13239,"url":"https:\/\/www.jornalja.com.br\/arquivo\/conselho-desdenha-do-plano-diretor\/","url_meta":{"origin":39338,"position":2},"title":"Porto Alegre: Conselho detona Plano Diretor","author":"Patr\u00edcia Marini","date":"25 de maio de 2014","format":false,"excerpt":"Den\u00fancia do arquiteto e \u00a0urbanista Ibir\u00e1 Santos Lucas. Ele diz que os conselheiros est\u00e3o votando com \"enorme irresponsabilidade\". \"Mudam regime com a maior naturalidade,,,regularizam absurdos de constru\u00e7\u00f5es irregulares... \"O CMDUA est\u00e1 flexibilizando a lei do plano diretor, de uma forma impactante na vida da cidade. Mudam regime com a maior\u2026","rel":"","context":"Em &quot;Geral&quot;","block_context":{"text":"Geral","link":"https:\/\/www.jornalja.com.br\/arquivo\/category\/geral\/"},"img":{"alt_text":"","src":"","width":0,"height":0},"classes":[]},{"id":14241,"url":"https:\/\/www.jornalja.com.br\/arquivo\/o-guaiba-nas-imagens-poeticas-de-achutti\/","url_meta":{"origin":39338,"position":3},"title":"O Gua\u00edba nas imagens po\u00e9ticas de Achutti","author":"da Reda\u00e7\u00e3o","date":"18 de junho de 2014","format":false,"excerpt":"Em \u201cO Gua\u00edba por Achutti\u201d \u2013 obra financiada via Minist\u00e9rio da Cultura, produ\u00e7\u00e3o executiva de Pedro Longhi, e Fl\u00e1vio Wild como designer \u2013, o fot\u00f3grafo revela a beleza e as mazelas de um espa\u00e7o aqu\u00e1tico de \u00e1guas sempre renovadas, cheio de hist\u00f3rias e lendas como as das cidades que foram\u2026","rel":"","context":"Em &quot;Cultura-Geral&quot;","block_context":{"text":"Cultura-Geral","link":"https:\/\/www.jornalja.com.br\/arquivo\/category\/materiasecundaria\/"},"img":{"alt_text":"","src":"","width":0,"height":0},"classes":[]},{"id":13240,"url":"https:\/\/www.jornalja.com.br\/arquivo\/plano-diretor-estamos-construindo-o-caos\/","url_meta":{"origin":39338,"position":4},"title":"Plano diretor: &quot;Estamos construindo o caos&quot;","author":"Patr\u00edcia Marini","date":"26 de maio de 2014","format":false,"excerpt":"Desabafo que arquiteta Eliana Castilhos, delegada da Regi\u00e3o de Planejamento 1, postou nas redes sociais \u00e9 um testemunho do ambiente que se criou no Conselho do Plano Diretor de Porto Alegre, onde a aprova\u00e7\u00e3o de grandes empreendimentos \u00e9 empurrada guela abaixo dos conselheiros. Ao CMDUA Como delegada da Regi\u00e3o de\u2026","rel":"","context":"Em &quot;Geral&quot;","block_context":{"text":"Geral","link":"https:\/\/www.jornalja.com.br\/arquivo\/category\/geral\/"},"img":{"alt_text":"","src":"","width":0,"height":0},"classes":[]},{"id":1280,"url":"https:\/\/www.jornalja.com.br\/arquivo\/o-menino-que-se-tornou-brizola\/","url_meta":{"origin":39338,"position":5},"title":"O Menino que se Tornou Brizola","author":"da Reda\u00e7\u00e3o","date":"28 de julho de 2008","format":false,"excerpt":"Autor: Cleber Dioni A vida de Leonel Brizola, com \u00eanfase para os primeiros anos em Porto Alegre, at\u00e9 o ex\u00edlio no Uruguai e a volta, quinze anos depois. \u00a0\"...\u00c9ramos todos jovens e nos identific\u00e1vamos com aquela massa an\u00f4nima a percorrer as ruas de Porto Alegre, gritando 'Get\u00falio', 'Get\u00falio' e empunhando\u2026","rel":"","context":"Em &quot;Livros&quot;","block_context":{"text":"Livros","link":"https:\/\/www.jornalja.com.br\/arquivo\/category\/livros\/"},"img":{"alt_text":"","src":"https:\/\/i0.wp.com\/www.jornalja.com.br\/wp-content\/uploads\/2008\/07\/brizola.gif?resize=350%2C200&ssl=1","width":350,"height":200},"classes":[]}],"jetpack_shortlink":"https:\/\/wp.me\/pbQjBd-aeu","jetpack_featured_media_url":"","_links":{"self":[{"href":"https:\/\/www.jornalja.com.br\/arquivo\/wp-json\/wp\/v2\/posts\/39338","targetHints":{"allow":["GET"]}}],"collection":[{"href":"https:\/\/www.jornalja.com.br\/arquivo\/wp-json\/wp\/v2\/posts"}],"about":[{"href":"https:\/\/www.jornalja.com.br\/arquivo\/wp-json\/wp\/v2\/types\/post"}],"author":[{"embeddable":true,"href":"https:\/\/www.jornalja.com.br\/arquivo\/wp-json\/wp\/v2\/users\/4"}],"replies":[{"embeddable":true,"href":"https:\/\/www.jornalja.com.br\/arquivo\/wp-json\/wp\/v2\/comments?post=39338"}],"version-history":[{"count":0,"href":"https:\/\/www.jornalja.com.br\/arquivo\/wp-json\/wp\/v2\/posts\/39338\/revisions"}],"wp:attachment":[{"href":"https:\/\/www.jornalja.com.br\/arquivo\/wp-json\/wp\/v2\/media?parent=39338"}],"wp:term":[{"taxonomy":"category","embeddable":true,"href":"https:\/\/www.jornalja.com.br\/arquivo\/wp-json\/wp\/v2\/categories?post=39338"},{"taxonomy":"post_tag","embeddable":true,"href":"https:\/\/www.jornalja.com.br\/arquivo\/wp-json\/wp\/v2\/tags?post=39338"}],"curies":[{"name":"wp","href":"https:\/\/api.w.org\/{rel}","templated":true}]}}