{"id":39757,"date":"2016-09-24T14:10:27","date_gmt":"2016-09-24T17:10:27","guid":{"rendered":"https:\/\/www.jornalja.com.br\/?p=39757"},"modified":"2016-09-24T14:10:27","modified_gmt":"2016-09-24T17:10:27","slug":"domingo-no-parque-com-fotos-da-exposicao-porto-alegre-natural","status":"publish","type":"post","link":"https:\/\/www.jornalja.com.br\/arquivo\/domingo-no-parque-com-fotos-da-exposicao-porto-alegre-natural\/","title":{"rendered":"Domingo no parque com fotos da exposi\u00e7\u00e3o Porto Alegre Natural"},"content":{"rendered":"<p>O engenheiro agr\u00f4nomo, bot\u00e2nico e fot\u00f3grafo da natureza\u00a0Celso Copstein Waldemar exp\u00f5e na Reden\u00e7\u00e3o, s\u00f3 neste domingo, 25, fotos que apresenta como o olhar de um servidor municipal sobre a cidade.<br \/>\nCopstein, que j\u00e1 foi administrador do parque, \u00e9 servidor da Secretaria de Meio Ambiente. Nascido em Porto Alegre, quer compartilhar com os frequentadores do parque registros fotogr\u00e1ficos que vem fazendo j\u00e1 h\u00e1 alguns anos.<br \/>\n<figure id=\"attachment_39762\" aria-describedby=\"caption-attachment-39762\" style=\"width: 305px\" class=\"wp-caption alignleft\"><img loading=\"lazy\" decoding=\"async\" class=\" wp-image-39762\" src=\"https:\/\/www.jornalja.com.br\/wp-content\/uploads\/2016\/09\/ipe-roxo-celso-copstein-225x300.jpg\" alt=\"O espet\u00e1culo dos ip\u00eas roxos na primavera \/ Foto Celso Copstein\" width=\"305\" height=\"403\" \/><figcaption id=\"caption-attachment-39762\" class=\"wp-caption-text\">O espet\u00e1culo dos ip\u00eas roxos na primavera \/ Foto Celso Copstein<\/figcaption><\/figure><br \/>\n&#8220;Nossa cidade possui muitas facetas&#8221;, destaca &#8212; metr\u00f3pole banhada pelo Lago Gua\u00edba e pelo Delta do Rio Jacu\u00ed, tem 72 km de orla, associada e uma rica topografia formada por\u00a0seus 42 morros gran\u00edticos, entremeados por uma densa malha urbana que cobre aproximadamente 2\/3 de sua \u00e1rea. O territ\u00f3rio remanescente possui uma linda paisagem, mescla de um rico panorama agr\u00edcola ladeado por cerros cobertos por uma peculiar mata atl\u00e2ntica e por campos nativos de fei\u00e7\u00f5es subtropicais.<br \/>\nNa complexidade vi\u00e1ria de suas ruas e avenidas surgem 628 pra\u00e7as, 8 parques urbanos e 5 unidades de conserva\u00e7\u00e3o, al\u00e9m de mais de 1 milh\u00e3o de \u00e1rvores, o que faz da cidade uma das cidades mais arborizadas do Brasil.<br \/>\n<figure id=\"attachment_39758\" aria-describedby=\"caption-attachment-39758\" style=\"width: 210px\" class=\"wp-caption alignright\"><img loading=\"lazy\" decoding=\"async\" class=\" wp-image-39758\" src=\"https:\/\/www.jornalja.com.br\/wp-content\/uploads\/2016\/09\/i-lateralIMG_1490-225x300.jpg\" alt=\"Outro \u00e2ngulo \/ Foto Celso Copstein\" width=\"210\" height=\"276\" \/><figcaption id=\"caption-attachment-39758\" class=\"wp-caption-text\">Outro \u00e2ngulo \/ Foto Celso Copstein<\/figcaption><\/figure><br \/>\nA mostra representa um mosaico de temas e de t\u00e9cnicas fotogr\u00e1ficas, na tentativa de abranger a\u00a0multiplicidade dos cen\u00e1rios.&#8221;Ef\u00eamera e singular, pretende compartilhar com o p\u00fablico, o olhar registrado por um servidor p\u00fablico da SMAM&#8221;.<br \/>\n&nbsp;<br \/>\n&nbsp;<br \/>\n&nbsp;<br \/>\n&nbsp;<br \/>\n<figure id=\"attachment_39759\" aria-describedby=\"caption-attachment-39759\" style=\"width: 300px\" class=\"wp-caption alignnone\"><img loading=\"lazy\" decoding=\"async\" class=\"size-medium wp-image-39759\" src=\"https:\/\/www.jornalja.com.br\/wp-content\/uploads\/2016\/09\/filipin-release-reden\u00e7\u00e3o-dupla-IMG_7325-300x246.jpg\" alt=\"No parque \/ Foto Celso Copstein\" width=\"300\" height=\"246\" \/><figcaption id=\"caption-attachment-39759\" class=\"wp-caption-text\">No parque \/ Foto Celso Copstein<\/figcaption><\/figure><br \/>\n<figure id=\"attachment_39763\" aria-describedby=\"caption-attachment-39763\" style=\"width: 514px\" class=\"wp-caption aligncenter\"><img loading=\"lazy\" decoding=\"async\" class=\" wp-image-39763\" src=\"https:\/\/www.jornalja.com.br\/wp-content\/uploads\/2016\/09\/por-do-sol-gas\u00f4metro-celso-copstein-229x300.jpg\" alt=\"O lend\u00e1rio p\u00f4r-do-sol e a chamin\u00e9 do Gas\u00f4metro \/ Foto Celso Copstein\" width=\"514\" height=\"665\" \/><figcaption id=\"caption-attachment-39763\" class=\"wp-caption-text\">O lend\u00e1rio p\u00f4r-do-sol e a chamin\u00e9 do Gas\u00f4metro \/ Foto Celso Copstein<\/figcaption><\/figure><\/p>\n","protected":false},"excerpt":{"rendered":"<p>O engenheiro agr\u00f4nomo, bot\u00e2nico e fot\u00f3grafo da natureza\u00a0Celso Copstein Waldemar exp\u00f5e na Reden\u00e7\u00e3o, s\u00f3 neste domingo, 25, fotos que apresenta como o olhar de um servidor municipal sobre a cidade. Copstein, que j\u00e1 foi administrador do parque, \u00e9 servidor da Secretaria de Meio Ambiente. Nascido em Porto Alegre, quer compartilhar com os frequentadores do parque [&hellip;]<\/p>\n","protected":false},"author":4,"featured_media":39760,"comment_status":"open","ping_status":"closed","sticky":false,"template":"","format":"standard","meta":{"_jetpack_newsletter_access":"","_jetpack_dont_email_post_to_subs":false,"_jetpack_newsletter_tier_id":0,"_jetpack_memberships_contains_paywalled_content":false,"_jetpack_feature_clip_id":0,"_jetpack_memberships_contains_paid_content":false,"footnotes":"","jetpack_post_was_ever_published":false},"categories":[2016],"tags":[],"class_list":["post-39757","post","type-post","status-publish","format-standard","has-post-thumbnail","hentry","category-materia-vencida"],"aioseo_notices":[],"aioseo_head":"\n\t\t<!-- All in One SEO 5.0.1.1 - aioseo.com -->\n\t<meta name=\"robots\" content=\"max-image-preview:large\" \/>\n\t<meta name=\"author\" content=\"da Reda\u00e7\u00e3o\"\/>\n\t<link rel=\"canonical\" href=\"https:\/\/www.jornalja.com.br\/arquivo\/domingo-no-parque-com-fotos-da-exposicao-porto-alegre-natural\/\" \/>\n\t<meta name=\"generator\" content=\"All in One SEO (AIOSEO) 5.0.1.1\" \/>\n\t\t<meta property=\"og:locale\" content=\"pt_BR\" \/>\n\t\t<meta property=\"og:site_name\" content=\"Arquivo | Jornal J\u00c1 | Porto Alegre\" \/>\n\t\t<meta property=\"og:type\" content=\"article\" \/>\n\t\t<meta property=\"og:title\" content=\"Domingo no parque com fotos da exposi\u00e7\u00e3o Porto Alegre Natural | Arquivo\" \/>\n\t\t<meta property=\"og:url\" content=\"https:\/\/www.jornalja.com.br\/arquivo\/domingo-no-parque-com-fotos-da-exposicao-porto-alegre-natural\/\" \/>\n\t\t<meta property=\"og:image\" content=\"https:\/\/www.jornalja.com.br\/wp-content\/uploads\/2016\/09\/ipe-roxo-celso-copstein-225x300.jpg\" \/>\n\t\t<meta property=\"og:image:secure_url\" content=\"https:\/\/www.jornalja.com.br\/wp-content\/uploads\/2016\/09\/ipe-roxo-celso-copstein-225x300.jpg\" \/>\n\t\t<meta property=\"article:published_time\" content=\"2016-09-24T17:10:27+00:00\" \/>\n\t\t<meta property=\"article:modified_time\" content=\"2016-09-24T17:10:27+00:00\" \/>\n\t\t<meta name=\"twitter:card\" content=\"summary\" \/>\n\t\t<meta name=\"twitter:title\" content=\"Domingo no parque com fotos da exposi\u00e7\u00e3o Porto Alegre Natural | Arquivo\" \/>\n\t\t<meta name=\"twitter:image\" content=\"https:\/\/www.jornalja.com.br\/economics\/wp-content\/uploads\/sites\/11\/2026\/08\/ja-folhaderosto-facebook.jpg\" \/>\n\t\t<script type=\"application\/ld+json\" class=\"aioseo-schema\">\n\t\t\t{\"@context\":\"https:\\\/\\\/schema.org\",\"@graph\":[{\"@type\":\"BlogPosting\",\"@id\":\"https:\\\/\\\/www.jornalja.com.br\\\/arquivo\\\/domingo-no-parque-com-fotos-da-exposicao-porto-alegre-natural\\\/#blogposting\",\"name\":\"Domingo no parque com fotos da exposi\\u00e7\\u00e3o Porto Alegre Natural | Arquivo\",\"headline\":\"Domingo no parque com fotos da exposi\\u00e7\\u00e3o Porto Alegre Natural\",\"author\":{\"@id\":\"https:\\\/\\\/www.jornalja.com.br\\\/arquivo\\\/author\\\/daredacao\\\/#author\"},\"publisher\":{\"@id\":\"https:\\\/\\\/www.jornalja.com.br\\\/arquivo\\\/#organization\"},\"image\":{\"@type\":\"ImageObject\",\"url\":39760},\"datePublished\":\"2016-09-24T14:10:27-03:00\",\"dateModified\":\"2016-09-24T14:10:27-03:00\",\"inLanguage\":\"pt-BR\",\"mainEntityOfPage\":{\"@id\":\"https:\\\/\\\/www.jornalja.com.br\\\/arquivo\\\/domingo-no-parque-com-fotos-da-exposicao-porto-alegre-natural\\\/#webpage\"},\"isPartOf\":{\"@id\":\"https:\\\/\\\/www.jornalja.com.br\\\/arquivo\\\/domingo-no-parque-com-fotos-da-exposicao-porto-alegre-natural\\\/#webpage\"},\"articleSection\":\"Mat\\u00e9ria vencida\"},{\"@type\":\"BreadcrumbList\",\"@id\":\"https:\\\/\\\/www.jornalja.com.br\\\/arquivo\\\/domingo-no-parque-com-fotos-da-exposicao-porto-alegre-natural\\\/#breadcrumblist\",\"itemListElement\":[{\"@type\":\"ListItem\",\"@id\":\"https:\\\/\\\/www.jornalja.com.br\\\/arquivo#listItem\",\"position\":1,\"name\":\"Home\",\"item\":\"https:\\\/\\\/www.jornalja.com.br\\\/arquivo\",\"nextItem\":{\"@type\":\"ListItem\",\"@id\":\"https:\\\/\\\/www.jornalja.com.br\\\/arquivo\\\/category\\\/materia-vencida\\\/#listItem\",\"name\":\"Mat\\u00e9ria vencida\"}},{\"@type\":\"ListItem\",\"@id\":\"https:\\\/\\\/www.jornalja.com.br\\\/arquivo\\\/category\\\/materia-vencida\\\/#listItem\",\"position\":2,\"name\":\"Mat\\u00e9ria vencida\",\"item\":\"https:\\\/\\\/www.jornalja.com.br\\\/arquivo\\\/category\\\/materia-vencida\\\/\",\"nextItem\":{\"@type\":\"ListItem\",\"@id\":\"https:\\\/\\\/www.jornalja.com.br\\\/arquivo\\\/domingo-no-parque-com-fotos-da-exposicao-porto-alegre-natural\\\/#listItem\",\"name\":\"Domingo no parque com fotos da exposi\\u00e7\\u00e3o Porto Alegre Natural\"},\"previousItem\":{\"@type\":\"ListItem\",\"@id\":\"https:\\\/\\\/www.jornalja.com.br\\\/arquivo#listItem\",\"name\":\"Home\"}},{\"@type\":\"ListItem\",\"@id\":\"https:\\\/\\\/www.jornalja.com.br\\\/arquivo\\\/domingo-no-parque-com-fotos-da-exposicao-porto-alegre-natural\\\/#listItem\",\"position\":3,\"name\":\"Domingo no parque com fotos da exposi\\u00e7\\u00e3o Porto Alegre Natural\",\"previousItem\":{\"@type\":\"ListItem\",\"@id\":\"https:\\\/\\\/www.jornalja.com.br\\\/arquivo\\\/category\\\/materia-vencida\\\/#listItem\",\"name\":\"Mat\\u00e9ria vencida\"}}]},{\"@type\":\"Organization\",\"@id\":\"https:\\\/\\\/www.jornalja.com.br\\\/arquivo\\\/#organization\",\"name\":\"Jornal J\\u00c1\",\"description\":\"Jornal J\\u00c1 | Porto Alegre\",\"url\":\"https:\\\/\\\/www.jornalja.com.br\\\/arquivo\\\/\",\"telephone\":\"+555133307272\",\"logo\":{\"@type\":\"ImageObject\",\"url\":\"https:\\\/\\\/www.jornalja.com.br\\\/wp-content\\\/uploads\\\/cards\\\/JAslogan.png\",\"@id\":\"https:\\\/\\\/www.jornalja.com.br\\\/arquivo\\\/domingo-no-parque-com-fotos-da-exposicao-porto-alegre-natural\\\/#organizationLogo\"},\"image\":{\"@id\":\"https:\\\/\\\/www.jornalja.com.br\\\/arquivo\\\/domingo-no-parque-com-fotos-da-exposicao-porto-alegre-natural\\\/#organizationLogo\"}},{\"@type\":\"Person\",\"@id\":\"https:\\\/\\\/www.jornalja.com.br\\\/arquivo\\\/author\\\/daredacao\\\/#author\",\"url\":\"https:\\\/\\\/www.jornalja.com.br\\\/arquivo\\\/author\\\/daredacao\\\/\",\"name\":\"da Reda\\u00e7\\u00e3o\",\"image\":{\"@type\":\"ImageObject\",\"@id\":\"https:\\\/\\\/www.jornalja.com.br\\\/arquivo\\\/domingo-no-parque-com-fotos-da-exposicao-porto-alegre-natural\\\/#authorImage\",\"url\":\"https:\\\/\\\/secure.gravatar.com\\\/avatar\\\/469fd857d6605ad19919d27ed29d35a968a25f6e8fd9318356bbb7f57aae9c65?s=96&d=mm&r=g\",\"width\":96,\"height\":96,\"caption\":\"da Reda\\u00e7\\u00e3o\"}},{\"@type\":\"WebPage\",\"@id\":\"https:\\\/\\\/www.jornalja.com.br\\\/arquivo\\\/domingo-no-parque-com-fotos-da-exposicao-porto-alegre-natural\\\/#webpage\",\"url\":\"https:\\\/\\\/www.jornalja.com.br\\\/arquivo\\\/domingo-no-parque-com-fotos-da-exposicao-porto-alegre-natural\\\/\",\"name\":\"Domingo no parque com fotos da exposi\\u00e7\\u00e3o Porto Alegre Natural | Arquivo\",\"inLanguage\":\"pt-BR\",\"isPartOf\":{\"@id\":\"https:\\\/\\\/www.jornalja.com.br\\\/arquivo\\\/#website\"},\"breadcrumb\":{\"@id\":\"https:\\\/\\\/www.jornalja.com.br\\\/arquivo\\\/domingo-no-parque-com-fotos-da-exposicao-porto-alegre-natural\\\/#breadcrumblist\"},\"author\":{\"@id\":\"https:\\\/\\\/www.jornalja.com.br\\\/arquivo\\\/author\\\/daredacao\\\/#author\"},\"creator\":{\"@id\":\"https:\\\/\\\/www.jornalja.com.br\\\/arquivo\\\/author\\\/daredacao\\\/#author\"},\"image\":{\"@type\":\"ImageObject\",\"url\":39760,\"@id\":\"https:\\\/\\\/www.jornalja.com.br\\\/arquivo\\\/domingo-no-parque-com-fotos-da-exposicao-porto-alegre-natural\\\/#mainImage\"},\"primaryImageOfPage\":{\"@id\":\"https:\\\/\\\/www.jornalja.com.br\\\/arquivo\\\/domingo-no-parque-com-fotos-da-exposicao-porto-alegre-natural\\\/#mainImage\"},\"datePublished\":\"2016-09-24T14:10:27-03:00\",\"dateModified\":\"2016-09-24T14:10:27-03:00\"},{\"@type\":\"WebSite\",\"@id\":\"https:\\\/\\\/www.jornalja.com.br\\\/arquivo\\\/#website\",\"url\":\"https:\\\/\\\/www.jornalja.com.br\\\/arquivo\\\/\",\"name\":\"Arquivo\",\"description\":\"Jornal J\\u00c1 | Porto Alegre\",\"inLanguage\":\"pt-BR\",\"publisher\":{\"@id\":\"https:\\\/\\\/www.jornalja.com.br\\\/arquivo\\\/#organization\"}}]}\n\t\t<\/script>\n\t\t<!-- All in One SEO -->\n\n","aioseo_head_json":{"title":"Domingo no parque com fotos da exposi\u00e7\u00e3o Porto Alegre Natural | Arquivo","description":"","canonical_url":"https:\/\/www.jornalja.com.br\/arquivo\/domingo-no-parque-com-fotos-da-exposicao-porto-alegre-natural\/","robots":"max-image-preview:large","keywords":"","webmasterTools":{"miscellaneous":""},"schema":{"@context":"https:\/\/schema.org","@graph":[{"@type":"BlogPosting","@id":"https:\/\/www.jornalja.com.br\/arquivo\/domingo-no-parque-com-fotos-da-exposicao-porto-alegre-natural\/#blogposting","name":"Domingo no parque com fotos da exposi\u00e7\u00e3o Porto Alegre Natural | Arquivo","headline":"Domingo no parque com fotos da exposi\u00e7\u00e3o Porto Alegre Natural","author":{"@id":"https:\/\/www.jornalja.com.br\/arquivo\/author\/daredacao\/#author"},"publisher":{"@id":"https:\/\/www.jornalja.com.br\/arquivo\/#organization"},"image":{"@type":"ImageObject","url":39760},"datePublished":"2016-09-24T14:10:27-03:00","dateModified":"2016-09-24T14:10:27-03:00","inLanguage":"pt-BR","mainEntityOfPage":{"@id":"https:\/\/www.jornalja.com.br\/arquivo\/domingo-no-parque-com-fotos-da-exposicao-porto-alegre-natural\/#webpage"},"isPartOf":{"@id":"https:\/\/www.jornalja.com.br\/arquivo\/domingo-no-parque-com-fotos-da-exposicao-porto-alegre-natural\/#webpage"},"articleSection":"Mat\u00e9ria vencida"},{"@type":"BreadcrumbList","@id":"https:\/\/www.jornalja.com.br\/arquivo\/domingo-no-parque-com-fotos-da-exposicao-porto-alegre-natural\/#breadcrumblist","itemListElement":[{"@type":"ListItem","@id":"https:\/\/www.jornalja.com.br\/arquivo#listItem","position":1,"name":"Home","item":"https:\/\/www.jornalja.com.br\/arquivo","nextItem":{"@type":"ListItem","@id":"https:\/\/www.jornalja.com.br\/arquivo\/category\/materia-vencida\/#listItem","name":"Mat\u00e9ria vencida"}},{"@type":"ListItem","@id":"https:\/\/www.jornalja.com.br\/arquivo\/category\/materia-vencida\/#listItem","position":2,"name":"Mat\u00e9ria vencida","item":"https:\/\/www.jornalja.com.br\/arquivo\/category\/materia-vencida\/","nextItem":{"@type":"ListItem","@id":"https:\/\/www.jornalja.com.br\/arquivo\/domingo-no-parque-com-fotos-da-exposicao-porto-alegre-natural\/#listItem","name":"Domingo no parque com fotos da exposi\u00e7\u00e3o Porto Alegre Natural"},"previousItem":{"@type":"ListItem","@id":"https:\/\/www.jornalja.com.br\/arquivo#listItem","name":"Home"}},{"@type":"ListItem","@id":"https:\/\/www.jornalja.com.br\/arquivo\/domingo-no-parque-com-fotos-da-exposicao-porto-alegre-natural\/#listItem","position":3,"name":"Domingo no parque com fotos da exposi\u00e7\u00e3o Porto Alegre Natural","previousItem":{"@type":"ListItem","@id":"https:\/\/www.jornalja.com.br\/arquivo\/category\/materia-vencida\/#listItem","name":"Mat\u00e9ria vencida"}}]},{"@type":"Organization","@id":"https:\/\/www.jornalja.com.br\/arquivo\/#organization","name":"Jornal J\u00c1","description":"Jornal J\u00c1 | Porto Alegre","url":"https:\/\/www.jornalja.com.br\/arquivo\/","telephone":"+555133307272","logo":{"@type":"ImageObject","url":"https:\/\/www.jornalja.com.br\/wp-content\/uploads\/cards\/JAslogan.png","@id":"https:\/\/www.jornalja.com.br\/arquivo\/domingo-no-parque-com-fotos-da-exposicao-porto-alegre-natural\/#organizationLogo"},"image":{"@id":"https:\/\/www.jornalja.com.br\/arquivo\/domingo-no-parque-com-fotos-da-exposicao-porto-alegre-natural\/#organizationLogo"}},{"@type":"Person","@id":"https:\/\/www.jornalja.com.br\/arquivo\/author\/daredacao\/#author","url":"https:\/\/www.jornalja.com.br\/arquivo\/author\/daredacao\/","name":"da Reda\u00e7\u00e3o","image":{"@type":"ImageObject","@id":"https:\/\/www.jornalja.com.br\/arquivo\/domingo-no-parque-com-fotos-da-exposicao-porto-alegre-natural\/#authorImage","url":"https:\/\/secure.gravatar.com\/avatar\/469fd857d6605ad19919d27ed29d35a968a25f6e8fd9318356bbb7f57aae9c65?s=96&d=mm&r=g","width":96,"height":96,"caption":"da Reda\u00e7\u00e3o"}},{"@type":"WebPage","@id":"https:\/\/www.jornalja.com.br\/arquivo\/domingo-no-parque-com-fotos-da-exposicao-porto-alegre-natural\/#webpage","url":"https:\/\/www.jornalja.com.br\/arquivo\/domingo-no-parque-com-fotos-da-exposicao-porto-alegre-natural\/","name":"Domingo no parque com fotos da exposi\u00e7\u00e3o Porto Alegre Natural | Arquivo","inLanguage":"pt-BR","isPartOf":{"@id":"https:\/\/www.jornalja.com.br\/arquivo\/#website"},"breadcrumb":{"@id":"https:\/\/www.jornalja.com.br\/arquivo\/domingo-no-parque-com-fotos-da-exposicao-porto-alegre-natural\/#breadcrumblist"},"author":{"@id":"https:\/\/www.jornalja.com.br\/arquivo\/author\/daredacao\/#author"},"creator":{"@id":"https:\/\/www.jornalja.com.br\/arquivo\/author\/daredacao\/#author"},"image":{"@type":"ImageObject","url":39760,"@id":"https:\/\/www.jornalja.com.br\/arquivo\/domingo-no-parque-com-fotos-da-exposicao-porto-alegre-natural\/#mainImage"},"primaryImageOfPage":{"@id":"https:\/\/www.jornalja.com.br\/arquivo\/domingo-no-parque-com-fotos-da-exposicao-porto-alegre-natural\/#mainImage"},"datePublished":"2016-09-24T14:10:27-03:00","dateModified":"2016-09-24T14:10:27-03:00"},{"@type":"WebSite","@id":"https:\/\/www.jornalja.com.br\/arquivo\/#website","url":"https:\/\/www.jornalja.com.br\/arquivo\/","name":"Arquivo","description":"Jornal J\u00c1 | Porto Alegre","inLanguage":"pt-BR","publisher":{"@id":"https:\/\/www.jornalja.com.br\/arquivo\/#organization"}}]},"og:locale":"pt_BR","og:site_name":"Arquivo | Jornal J\u00c1 | Porto Alegre","og:type":"article","og:title":"Domingo no parque com fotos da exposi\u00e7\u00e3o Porto Alegre Natural | Arquivo","og:url":"https:\/\/www.jornalja.com.br\/arquivo\/domingo-no-parque-com-fotos-da-exposicao-porto-alegre-natural\/","og:image":"https:\/\/www.jornalja.com.br\/wp-content\/uploads\/2016\/09\/ipe-roxo-celso-copstein-225x300.jpg","og:image:secure_url":"https:\/\/www.jornalja.com.br\/wp-content\/uploads\/2016\/09\/ipe-roxo-celso-copstein-225x300.jpg","article:published_time":"2016-09-24T17:10:27+00:00","article:modified_time":"2016-09-24T17:10:27+00:00","twitter:card":"summary","twitter:title":"Domingo no parque com fotos da exposi\u00e7\u00e3o Porto Alegre Natural | Arquivo","twitter:image":"https:\/\/www.jornalja.com.br\/economics\/wp-content\/uploads\/sites\/11\/2026\/08\/ja-folhaderosto-facebook.jpg"},"aioseo_meta_data":{"post_id":"39757","title":null,"description":null,"keywords":null,"keyphrases":null,"primary_term":null,"canonical_url":null,"og_title":null,"og_description":null,"og_object_type":"default","og_image_type":"default","og_image_url":null,"og_image_width":null,"og_image_height":null,"og_image_custom_url":null,"og_image_custom_fields":null,"og_video":null,"og_custom_url":null,"og_article_section":null,"og_article_tags":null,"twitter_use_og":false,"twitter_card":"default","twitter_image_type":"default","twitter_image_url":null,"twitter_image_custom_url":null,"twitter_image_custom_fields":null,"twitter_title":null,"twitter_description":null,"schema":{"blockGraphs":[],"customGraphs":[],"default":{"data":{"Article":[],"Course":[],"Dataset":[],"FAQPage":[],"Movie":[],"Person":[],"Product":[],"ProductReview":[],"Car":[],"Recipe":[],"Service":[],"SoftwareApplication":[],"WebPage":[]},"graphName":"","isEnabled":true},"graphs":[],"defaultGraph":"","defaultPostTypeGraph":""},"schema_type":null,"schema_type_options":null,"pillar_content":false,"robots_default":true,"robots_noindex":false,"robots_noarchive":false,"robots_nosnippet":false,"robots_nofollow":false,"robots_noimageindex":false,"robots_noodp":false,"robots_notranslate":false,"robots_max_snippet":null,"robots_max_videopreview":null,"robots_max_imagepreview":"large","priority":null,"frequency":null,"location":null,"local_seo":null,"breadcrumb_settings":null,"limit_modified_date":false,"ai":null,"created":"2020-12-20 20:50:37","updated":"2025-07-19 17:02:33","seo_analyzer_scan_date":null,"focus_keyword":null,"additional_keywords":null,"truseo_locale":null},"jetpack_sharing_enabled":true,"jetpack-related-posts":[{"id":14241,"url":"https:\/\/www.jornalja.com.br\/arquivo\/o-guaiba-nas-imagens-poeticas-de-achutti\/","url_meta":{"origin":39757,"position":0},"title":"O Gua\u00edba nas imagens po\u00e9ticas de Achutti","author":"da Reda\u00e7\u00e3o","date":"18 de junho de 2014","format":false,"excerpt":"Em \u201cO Gua\u00edba por Achutti\u201d \u2013 obra financiada via Minist\u00e9rio da Cultura, produ\u00e7\u00e3o executiva de Pedro Longhi, e Fl\u00e1vio Wild como designer \u2013, o fot\u00f3grafo revela a beleza e as mazelas de um espa\u00e7o aqu\u00e1tico de \u00e1guas sempre renovadas, cheio de hist\u00f3rias e lendas como as das cidades que foram\u2026","rel":"","context":"Em &quot;Cultura-Geral&quot;","block_context":{"text":"Cultura-Geral","link":"https:\/\/www.jornalja.com.br\/arquivo\/category\/materiasecundaria\/"},"img":{"alt_text":"","src":"","width":0,"height":0},"classes":[]},{"id":13124,"url":"https:\/\/www.jornalja.com.br\/arquivo\/sangue-latino-no-iecine\/","url_meta":{"origin":39757,"position":1},"title":"Sangue latino no IECINE","author":"da Reda\u00e7\u00e3o","date":"18 de maio de 2014","format":false,"excerpt":"Francisco Ribeiro O Instituto Estadual de Cinema (IECINE) tem a frente, desde abril \u00faltimo, um novo diretor, o cineasta colombiano Juan Zapata, 36, que substitui Luiz Alberto Cassol. Radicado h\u00e1 dez anos em Porto Alegre, Zapata tem diante de si o desafio de conduzir at\u00e9 o final do ano um\u2026","rel":"","context":"Em &quot;Cultura-Geral&quot;","block_context":{"text":"Cultura-Geral","link":"https:\/\/www.jornalja.com.br\/arquivo\/category\/materiasecundaria\/"},"img":{"alt_text":"","src":"","width":0,"height":0},"classes":[]},{"id":1280,"url":"https:\/\/www.jornalja.com.br\/arquivo\/o-menino-que-se-tornou-brizola\/","url_meta":{"origin":39757,"position":2},"title":"O Menino que se Tornou Brizola","author":"da Reda\u00e7\u00e3o","date":"28 de julho de 2008","format":false,"excerpt":"Autor: Cleber Dioni A vida de Leonel Brizola, com \u00eanfase para os primeiros anos em Porto Alegre, at\u00e9 o ex\u00edlio no Uruguai e a volta, quinze anos depois. \u00a0\"...\u00c9ramos todos jovens e nos identific\u00e1vamos com aquela massa an\u00f4nima a percorrer as ruas de Porto Alegre, gritando 'Get\u00falio', 'Get\u00falio' e empunhando\u2026","rel":"","context":"Em &quot;Livros&quot;","block_context":{"text":"Livros","link":"https:\/\/www.jornalja.com.br\/arquivo\/category\/livros\/"},"img":{"alt_text":"","src":"https:\/\/i0.wp.com\/www.jornalja.com.br\/wp-content\/uploads\/2008\/07\/brizola.gif?resize=350%2C200&ssl=1","width":350,"height":200},"classes":[]},{"id":13240,"url":"https:\/\/www.jornalja.com.br\/arquivo\/plano-diretor-estamos-construindo-o-caos\/","url_meta":{"origin":39757,"position":3},"title":"Plano diretor: &quot;Estamos construindo o caos&quot;","author":"Patr\u00edcia Marini","date":"26 de maio de 2014","format":false,"excerpt":"Desabafo que arquiteta Eliana Castilhos, delegada da Regi\u00e3o de Planejamento 1, postou nas redes sociais \u00e9 um testemunho do ambiente que se criou no Conselho do Plano Diretor de Porto Alegre, onde a aprova\u00e7\u00e3o de grandes empreendimentos \u00e9 empurrada guela abaixo dos conselheiros. Ao CMDUA Como delegada da Regi\u00e3o de\u2026","rel":"","context":"Em &quot;Geral&quot;","block_context":{"text":"Geral","link":"https:\/\/www.jornalja.com.br\/arquivo\/category\/geral\/"},"img":{"alt_text":"","src":"","width":0,"height":0},"classes":[]},{"id":13239,"url":"https:\/\/www.jornalja.com.br\/arquivo\/conselho-desdenha-do-plano-diretor\/","url_meta":{"origin":39757,"position":4},"title":"Porto Alegre: Conselho detona Plano Diretor","author":"Patr\u00edcia Marini","date":"25 de maio de 2014","format":false,"excerpt":"Den\u00fancia do arquiteto e \u00a0urbanista Ibir\u00e1 Santos Lucas. Ele diz que os conselheiros est\u00e3o votando com \"enorme irresponsabilidade\". \"Mudam regime com a maior naturalidade,,,regularizam absurdos de constru\u00e7\u00f5es irregulares... \"O CMDUA est\u00e1 flexibilizando a lei do plano diretor, de uma forma impactante na vida da cidade. Mudam regime com a maior\u2026","rel":"","context":"Em &quot;Geral&quot;","block_context":{"text":"Geral","link":"https:\/\/www.jornalja.com.br\/arquivo\/category\/geral\/"},"img":{"alt_text":"","src":"","width":0,"height":0},"classes":[]},{"id":5440,"url":"https:\/\/www.jornalja.com.br\/arquivo\/casarao-da-venancio-destino-permanece-incerto\/","url_meta":{"origin":39757,"position":5},"title":"Estado ainda n\u00e3o sabe o que fazer com casar\u00e3o abandonado h\u00e1 20 anos","author":"Elmar Bones","date":"6 de julho de 2009","format":false,"excerpt":"O casar\u00e3o amarelo, numa esquina nobre de Porto Alegre (Ven\u00e2ncio Aires com Jo\u00e3o Pessoa), j\u00e1 abrigou uma escola. H\u00e1 duas d\u00e9cadas, pelo menos, est\u00e1 abandonado, porque seu propriet\u00e1rio, o governo do Estado do Rio Grande do Sul, n\u00e3o consegue achar um destino para ele. Planos n\u00e3o faltaram. O governador Ol\u00edvio\u2026","rel":"","context":"Em &quot;X.Categorias velhas&quot;","block_context":{"text":"X.Categorias velhas","link":"https:\/\/www.jornalja.com.br\/arquivo\/category\/x-categorias-velhas\/"},"img":{"alt_text":"geraldo1","src":"https:\/\/i0.wp.com\/www.jornalja.com.br\/wp-content\/uploads\/2009\/07\/geraldo1.jpg?resize=350%2C200&ssl=1","width":350,"height":200},"classes":[]}],"jetpack_shortlink":"https:\/\/wp.me\/pbQjBd-alf","jetpack_featured_media_url":"","_links":{"self":[{"href":"https:\/\/www.jornalja.com.br\/arquivo\/wp-json\/wp\/v2\/posts\/39757","targetHints":{"allow":["GET"]}}],"collection":[{"href":"https:\/\/www.jornalja.com.br\/arquivo\/wp-json\/wp\/v2\/posts"}],"about":[{"href":"https:\/\/www.jornalja.com.br\/arquivo\/wp-json\/wp\/v2\/types\/post"}],"author":[{"embeddable":true,"href":"https:\/\/www.jornalja.com.br\/arquivo\/wp-json\/wp\/v2\/users\/4"}],"replies":[{"embeddable":true,"href":"https:\/\/www.jornalja.com.br\/arquivo\/wp-json\/wp\/v2\/comments?post=39757"}],"version-history":[{"count":0,"href":"https:\/\/www.jornalja.com.br\/arquivo\/wp-json\/wp\/v2\/posts\/39757\/revisions"}],"wp:attachment":[{"href":"https:\/\/www.jornalja.com.br\/arquivo\/wp-json\/wp\/v2\/media?parent=39757"}],"wp:term":[{"taxonomy":"category","embeddable":true,"href":"https:\/\/www.jornalja.com.br\/arquivo\/wp-json\/wp\/v2\/categories?post=39757"},{"taxonomy":"post_tag","embeddable":true,"href":"https:\/\/www.jornalja.com.br\/arquivo\/wp-json\/wp\/v2\/tags?post=39757"}],"curies":[{"name":"wp","href":"https:\/\/api.w.org\/{rel}","templated":true}]}}